{"id":68194,"date":"2025-09-13T00:58:39","date_gmt":"2025-09-13T03:58:39","guid":{"rendered":"https:\/\/ubirataonline.com.br\/quilos-mortais-veja-como-esta-seana-que-chegou-aos-300-kg-com-22-anos\/"},"modified":"2025-09-13T00:58:39","modified_gmt":"2025-09-13T03:58:39","slug":"quilos-mortais-veja-como-esta-seana-que-chegou-aos-300-kg-com-22-anos","status":"publish","type":"post","link":"https:\/\/ubirataonline.com.br\/en\/quilos-mortais-veja-como-esta-seana-que-chegou-aos-300-kg-com-22-anos\/","title":{"rendered":"&#8220;Quilos Mortais&#8221;: veja como est\u00e1 Seana, que chegou aos 300 kg com 22 anos"},"content":{"rendered":"<p><\/p>\n<div data-single-content=\"true\">\n<p class=\"my-5 break-words group-[.isActiveSource]:text-xl\"><strong class=\"group-[.isActiveSource]:text-xl group-[.isActiveSource]:font-bold\">Seana Collins atingiu os 300 quilos quando tinha apenas 22 anos<\/strong>, chegando em uma situa\u00e7\u00e3o quase irrevers\u00edvel de sa\u00fade quando decidiu procurar <strong class=\"group-[.isActiveSource]:text-xl group-[.isActiveSource]:font-bold\">ajuda do Dr. Now, m\u00e9dico do reality show de emagrecimento &#8220;Quilos Mortais&#8221;<\/strong>.<\/p>\n<p class=\"my-5 break-words group-[.isActiveSource]:text-xl\">O acompanhamento do <a href=\"https:\/\/www.cnnbrasil.com.br\/entretenimento\/quilos-mortais-como-esta-j-t-que-pesava-404-kg-e-tinha-linfedema-grave\/\" target=\"_blank\" rel=\"noopener noreferrer\" class=\"text-red-600 underline hover:text-red-500 font-medium break-words group-[.isActiveSource]:text-xl\">programa <\/a>fez com que ela precisasse encarar traumas familiares do passado para salvar sua vida, relembrando abusos f\u00edsicos e psicol\u00f3gicos sofridos pelo pai, que era viciado em drogas, o que fez com que ela desenvolvesse <a href=\"https:\/\/www.cnnbrasil.com.br\/entretenimento\/quilos-mortais-veja-como-estao-os-irmaos-que-pesavam-647-quilos\/\" target=\"_blank\" rel=\"noopener noreferrer\" class=\"text-red-600 underline hover:text-red-500 font-medium break-words group-[.isActiveSource]:text-xl\">transtornos alimentares<\/a>.<\/p>\n<p class=\"my-5 break-words group-[.isActiveSource]:text-xl\">Quando tinha 16 anos, Seana abandonou a escola, enfrentou um relacionamento abusivo e precisou recorrer a ajuda de um amigo \u2014 que se tornou seu cuidador, j\u00e1 que ela n\u00e3o conseguia fazer tarefas b\u00e1sicas devido ao sobrepeso.<\/p>\n<p class=\"my-5 break-words group-[.isActiveSource]:text-xl\">Apesar de ter passado pela consulta com Dr. Now e ter recebido uma dieta para seguir, ela disse ter perdido os papeis de receitas e, quando se pesou dois meses depois, no retorno, havia diminu\u00eddo apenas 0,5 quilo.<\/p>\n<p class=\"my-5 break-words group-[.isActiveSource]:text-xl\">Algum tempo depois, foi poss\u00edvel ver que ela perdeu cerca de 26 quilos, o que foi o suficiente para que ela ficasse apta para passar pela cirurgia bari\u00e1trica.<\/p>\n<p class=\"my-5 break-words group-[.isActiveSource]:text-xl\">Entretanto, com a interrup\u00e7\u00e3o do programa por conta da pandemia de covid-19, Seana n\u00e3o conseguiu passar pelo procedimento, voltou aos seus h\u00e1bitos e a ganhar peso. Um ano e meio depois, ela foi ao consult\u00f3rio e descobriu que estava com 330 quilos.<\/p>\n<p class=\"my-5 break-words group-[.isActiveSource]:text-xl\">Ap\u00f3s sua participa\u00e7\u00e3o em &#8220;Quilos Mortais&#8221;, Seana se manteve discreta nas redes sociais, sem ser poss\u00edvel saber se ela manteve sua jornada de perda de peso.<\/p>\n<p class=\"my-5 break-words group-[.isActiveSource]:text-xl\">Sua \u00faltima publica\u00e7\u00e3o no Facebook foi em agosto de 2025, quando trocou sua imagens de perfil. A conta s\u00f3 tem duas fotos de seu rosto com efeitos.<\/p>\n<p><span class=\"iframe-embed block space-y-6\"\/>\n<\/div>\n<p><a href=\"https:\/\/www.cnnbrasil.com.br\/entretenimento\/quilos-mortais-veja-como-esta-seana-que-chegou-aos-300-kg-com-22-anos\/\">Source link <\/a><\/p>\n","protected":false},"excerpt":{"rendered":"<p>Seana Collins atingiu os 300 quilos quando tinha apenas 22 anos, chegando em uma situa\u00e7\u00e3o quase irrevers\u00edvel de sa\u00fade quando decidiu procurar ajuda do Dr. Now, m\u00e9dico do reality show de emagrecimento &#8220;Quilos Mortais&#8221;. O acompanhamento do programa fez com que ela precisasse encarar traumas familiares do passado para salvar sua vida, relembrando abusos f\u00edsicos [&hellip;]<\/p>\n","protected":false},"author":1,"featured_media":68195,"comment_status":"","ping_status":"","sticky":false,"template":"","format":"standard","meta":{"googlesitekit_rrm_CAow2JLhCw:productID":"","_gspb_post_css":"","maa_idioma":"","maa_pais":"","footnotes":""},"categories":[4],"tags":[],"class_list":["post-68194","post","type-post","status-publish","format-standard","has-post-thumbnail","hentry","category-brasil"],"blocksy_meta":[],"yoast_head":"<!-- This site is optimized with the Yoast SEO Premium plugin v27.6 (Yoast SEO v27.6) - https:\/\/yoast.com\/product\/yoast-seo-premium-wordpress\/ -->\n<title>&quot;Quilos Mortais&quot;: veja como est\u00e1 Seana, que chegou aos 300 kg com 22 anos - Ubirat\u00e3 Online Not\u00edcias - A realidade ao seu alcance!<\/title>\n<meta name=\"description\" content=\"Seana Collins atingiu os 300 quilos quando tinha apenas 22 anos, chegando em uma situa\u00e7\u00e3o quase irrevers\u00edvel de sa\u00fade quando decidiu procurar ajuda do Dr.\" \/>\n<meta name=\"robots\" content=\"index, follow, max-snippet:-1, max-image-preview:large, max-video-preview:-1\" \/>\n<link rel=\"canonical\" href=\"https:\/\/ubirataonline.com.br\/en\/quilos-mortais-veja-como-esta-seana-que-chegou-aos-300-kg-com-22-anos\/\" \/>\n<meta property=\"og:locale\" content=\"en_US\" \/>\n<meta property=\"og:type\" content=\"article\" \/>\n<meta property=\"og:title\" content=\"&quot;Quilos Mortais&quot;: veja como est\u00e1 Seana, que chegou aos 300 kg com 22 anos\" \/>\n<meta property=\"og:description\" content=\"Seana Collins atingiu os 300 quilos quando tinha apenas 22 anos, chegando em uma situa\u00e7\u00e3o quase irrevers\u00edvel de sa\u00fade quando decidiu procurar ajuda do Dr.\" \/>\n<meta property=\"og:url\" content=\"https:\/\/ubirataonline.com.br\/en\/quilos-mortais-veja-como-esta-seana-que-chegou-aos-300-kg-com-22-anos\/\" \/>\n<meta property=\"og:site_name\" content=\"Ubirat\u00e3 Online Not\u00edcias - A realidade ao seu alcance!\" \/>\n<meta property=\"article:publisher\" content=\"https:\/\/www.facebook.com\/portalubirataonline\" \/>\n<meta property=\"article:author\" content=\"https:\/\/www.facebook.com\/portalubirataonline\" \/>\n<meta property=\"article:published_time\" content=\"2025-09-13T03:58:39+00:00\" \/>\n<meta property=\"og:image\" content=\"https:\/\/ubirataonline.com.br\/wp-content\/uploads\/2026\/05\/logo2026.webp\" \/>\n\t<meta property=\"og:image:width\" content=\"1531\" \/>\n\t<meta property=\"og:image:height\" content=\"418\" \/>\n\t<meta property=\"og:image:type\" content=\"image\/webp\" \/>\n<meta name=\"author\" content=\"REDA\u00c7\u00c3O: UBIRAT\u00c3 ONLINE - F\u00c1BIO AUGUSTO CELESTINO\" \/>\n<meta name=\"twitter:card\" content=\"summary_large_image\" \/>\n<meta name=\"twitter:creator\" content=\"@x.com\/ubirataonline\" \/>\n<meta name=\"twitter:site\" content=\"@ubirataonline\" \/>\n<meta name=\"twitter:label1\" content=\"Written by\" \/>\n\t<meta name=\"twitter:data1\" content=\"REDA\u00c7\u00c3O: UBIRAT\u00c3 ONLINE - F\u00c1BIO AUGUSTO CELESTINO\" \/>\n\t<meta name=\"twitter:label2\" content=\"Est. reading time\" \/>\n\t<meta name=\"twitter:data2\" content=\"1 minute\" \/>\n<script type=\"application\/ld+json\" class=\"yoast-schema-graph\">{\"@context\":\"https:\\\/\\\/schema.org\",\"@graph\":[{\"@type\":\"NewsArticle\",\"@id\":\"https:\\\/\\\/ubirataonline.com.br\\\/quilos-mortais-veja-como-esta-seana-que-chegou-aos-300-kg-com-22-anos\\\/#article\",\"isPartOf\":{\"@id\":\"https:\\\/\\\/ubirataonline.com.br\\\/quilos-mortais-veja-como-esta-seana-que-chegou-aos-300-kg-com-22-anos\\\/\"},\"author\":{\"name\":\"REDA\u00c7\u00c3O: UBIRAT\u00c3 ONLINE - F\u00c1BIO AUGUSTO CELESTINO\",\"@id\":\"https:\\\/\\\/ubirataonline.com.br\\\/#\\\/schema\\\/person\\\/372f87bbd3fdd79b8556b84c98d0bc1c\"},\"headline\":\"&#8220;Quilos Mortais&#8221;: veja como est\u00e1 Seana, que chegou aos 300 kg com 22 anos\",\"datePublished\":\"2025-09-13T03:58:39+00:00\",\"mainEntityOfPage\":{\"@id\":\"https:\\\/\\\/ubirataonline.com.br\\\/quilos-mortais-veja-como-esta-seana-que-chegou-aos-300-kg-com-22-anos\\\/\"},\"wordCount\":297,\"publisher\":{\"@id\":\"https:\\\/\\\/ubirataonline.com.br\\\/#organization\"},\"image\":{\"@id\":\"https:\\\/\\\/ubirataonline.com.br\\\/quilos-mortais-veja-como-esta-seana-que-chegou-aos-300-kg-com-22-anos\\\/#primaryimage\"},\"thumbnailUrl\":\"https:\\\/\\\/ubirataonline.com.br\\\/wp-content\\\/uploads\\\/2025\\\/09\\\/seana-quilos-mortais-2.jpg\",\"articleSection\":[\"Brasil\"],\"inLanguage\":\"en-US\",\"copyrightYear\":\"2025\",\"copyrightHolder\":{\"@id\":\"https:\\\/\\\/ubirataonline.com.br\\\/en\\\/#organization\"}},{\"@type\":\"WebPage\",\"@id\":\"https:\\\/\\\/ubirataonline.com.br\\\/quilos-mortais-veja-como-esta-seana-que-chegou-aos-300-kg-com-22-anos\\\/\",\"url\":\"https:\\\/\\\/ubirataonline.com.br\\\/quilos-mortais-veja-como-esta-seana-que-chegou-aos-300-kg-com-22-anos\\\/\",\"name\":\"\\\"Quilos Mortais\\\": veja como est\u00e1 Seana, que chegou aos 300 kg com 22 anos - Ubirat\u00e3 Online Not\u00edcias - A realidade ao seu alcance!\",\"isPartOf\":{\"@id\":\"https:\\\/\\\/ubirataonline.com.br\\\/#website\"},\"primaryImageOfPage\":{\"@id\":\"https:\\\/\\\/ubirataonline.com.br\\\/quilos-mortais-veja-como-esta-seana-que-chegou-aos-300-kg-com-22-anos\\\/#primaryimage\"},\"image\":{\"@id\":\"https:\\\/\\\/ubirataonline.com.br\\\/quilos-mortais-veja-como-esta-seana-que-chegou-aos-300-kg-com-22-anos\\\/#primaryimage\"},\"thumbnailUrl\":\"https:\\\/\\\/ubirataonline.com.br\\\/wp-content\\\/uploads\\\/2025\\\/09\\\/seana-quilos-mortais-2.jpg\",\"datePublished\":\"2025-09-13T03:58:39+00:00\",\"description\":\"Seana Collins atingiu os 300 quilos quando tinha apenas 22 anos, chegando em uma situa\u00e7\u00e3o quase irrevers\u00edvel de sa\u00fade quando decidiu procurar ajuda do Dr.\",\"breadcrumb\":{\"@id\":\"https:\\\/\\\/ubirataonline.com.br\\\/quilos-mortais-veja-como-esta-seana-que-chegou-aos-300-kg-com-22-anos\\\/#breadcrumb\"},\"inLanguage\":\"en-US\",\"potentialAction\":[{\"@type\":\"ReadAction\",\"target\":[\"https:\\\/\\\/ubirataonline.com.br\\\/quilos-mortais-veja-como-esta-seana-que-chegou-aos-300-kg-com-22-anos\\\/\"]}]},{\"@type\":\"ImageObject\",\"inLanguage\":\"en-US\",\"@id\":\"https:\\\/\\\/ubirataonline.com.br\\\/quilos-mortais-veja-como-esta-seana-que-chegou-aos-300-kg-com-22-anos\\\/#primaryimage\",\"url\":\"https:\\\/\\\/ubirataonline.com.br\\\/wp-content\\\/uploads\\\/2025\\\/09\\\/seana-quilos-mortais-2.jpg\",\"contentUrl\":\"https:\\\/\\\/ubirataonline.com.br\\\/wp-content\\\/uploads\\\/2025\\\/09\\\/seana-quilos-mortais-2.jpg\",\"width\":960,\"height\":540},{\"@type\":\"BreadcrumbList\",\"@id\":\"https:\\\/\\\/ubirataonline.com.br\\\/quilos-mortais-veja-como-esta-seana-que-chegou-aos-300-kg-com-22-anos\\\/#breadcrumb\",\"itemListElement\":[{\"@type\":\"ListItem\",\"position\":1,\"name\":\"In\u00edcio\",\"item\":\"https:\\\/\\\/ubirataonline.com.br\\\/\"},{\"@type\":\"ListItem\",\"position\":2,\"name\":\"&#8220;Quilos Mortais&#8221;: veja como est\u00e1 Seana, que chegou aos 300 kg com 22 anos\"}]},{\"@type\":\"WebSite\",\"@id\":\"https:\\\/\\\/ubirataonline.com.br\\\/#website\",\"url\":\"https:\\\/\\\/ubirataonline.com.br\\\/\",\"name\":\"Ubirat\u00e3 Online Not\u00edcias\",\"description\":\"Not\u00edcias de Ubirat\u00e3, regi\u00e3o, Brasil e mundo, com informa\u00e7\u00e3o atualizada e compromisso com o leitor.\",\"publisher\":{\"@id\":\"https:\\\/\\\/ubirataonline.com.br\\\/#organization\"},\"alternateName\":\"Ubirat\u00e3 Online\",\"potentialAction\":[{\"@type\":\"SearchAction\",\"target\":{\"@type\":\"EntryPoint\",\"urlTemplate\":\"https:\\\/\\\/ubirataonline.com.br\\\/?s={search_term_string}\"},\"query-input\":{\"@type\":\"PropertyValueSpecification\",\"valueRequired\":true,\"valueName\":\"search_term_string\"}}],\"inLanguage\":\"en-US\"},{\"@type\":[\"Organization\",\"Place\"],\"@id\":\"https:\\\/\\\/ubirataonline.com.br\\\/#organization\",\"name\":\"Ubirat\u00e3 Online Not\u00edcias\",\"alternateName\":\"Ubirat\u00e3 Online\",\"url\":\"https:\\\/\\\/ubirataonline.com.br\\\/\",\"logo\":{\"@id\":\"https:\\\/\\\/ubirataonline.com.br\\\/quilos-mortais-veja-como-esta-seana-que-chegou-aos-300-kg-com-22-anos\\\/#local-main-organization-logo\"},\"image\":{\"@id\":\"https:\\\/\\\/ubirataonline.com.br\\\/quilos-mortais-veja-como-esta-seana-que-chegou-aos-300-kg-com-22-anos\\\/#local-main-organization-logo\"},\"sameAs\":[\"https:\\\/\\\/www.facebook.com\\\/portalubirataonline\",\"https:\\\/\\\/x.com\\\/ubirataonline\",\"https:\\\/\\\/mastodon.social\\\/@ubirataonline\",\"https:\\\/\\\/www.facebook.com\\\/groups\\\/311144672285604\",\"https:\\\/\\\/www.facebook.com\\\/UBTAOnline\",\"https:\\\/\\\/www.instagram.com\\\/portalubirataonline\\\/\",\"https:\\\/\\\/twitter.com\\\/ubirataonline\"],\"description\":\"Somos um portal de not\u00edcias independente, criado em 5 de janeiro de 2009, com o objetivo de informar, conectar e valorizar a nossa comunidade de Ubirat\u00e3 e toda aregi\u00e3o. Com conte\u00fado atualizado, confi\u00e1vel e relevante, o Ubirat\u00e3 Online \u00e9 o seu espa\u00e7o para ficar por dentro dos principais acontecimentos locais, regionais, Brasil, Mundo e de interesse geral. Nosso compromisso \u00e9 com a verdade, a transpar\u00eancia e o respeito ao leitor.\",\"legalName\":\"UBIRATA ONLINE NOT\u00cdCIAS\",\"foundingDate\":\"2009-01-05\",\"numberOfEmployees\":{\"@type\":\"QuantitativeValue\",\"minValue\":\"1\",\"maxValue\":\"10\"},\"publishingPrinciples\":\"https:\\\/\\\/ubirataonline.com.br\\\/faq\\\/\",\"address\":{\"@id\":\"https:\\\/\\\/ubirataonline.com.br\\\/quilos-mortais-veja-como-esta-seana-que-chegou-aos-300-kg-com-22-anos\\\/#local-main-place-address\"},\"geo\":{\"@type\":\"GeoCoordinates\",\"latitude\":\"-24.5361401\",\"longitude\":\"-52.9921776\"},\"telephone\":[\"+5544998308235\"],\"contactPoint\":{\"@type\":\"ContactPoint\",\"email\":\"contato@ubirataonline.com.br\"},\"openingHoursSpecification\":{\"@type\":\"OpeningHoursSpecification\",\"dayOfWeek\":[\"Monday\",\"Tuesday\",\"Wednesday\",\"Thursday\",\"Friday\",\"Saturday\",\"Sunday\"],\"opens\":\"00:00\",\"closes\":\"23:59\"},\"email\":\"contato@ubirataonline.com.br\",\"vatID\":\"47.621.418\\\/0001-80\"},{\"@type\":\"Person\",\"@id\":\"https:\\\/\\\/ubirataonline.com.br\\\/#\\\/schema\\\/person\\\/372f87bbd3fdd79b8556b84c98d0bc1c\",\"name\":\"REDA\u00c7\u00c3O: UBIRAT\u00c3 ONLINE - F\u00c1BIO AUGUSTO CELESTINO\",\"pronouns\":\"Ele\",\"description\":\"Desde 2003 trabalhando com not\u00edcias.\",\"sameAs\":[\"http:\\\/\\\/ubirataoline.com.br\",\"https:\\\/\\\/www.facebook.com\\\/portalubirataonline\",\"https:\\\/\\\/www.instagram.com\\\/ubirataonline_oficial\",\"https:\\\/\\\/x.com\\\/x.com\\\/ubirataonline\"],\"honorificPrefix\":\"Mr.\",\"honorificSuffix\":\"MD\",\"birthDate\":\"1980-06-16\",\"gender\":\"masculino\",\"award\":[\"V\u00e1rios pr\u00eamios de melhor portal da cidade\"],\"jobTitle\":\"Diretor\",\"url\":\"https:\\\/\\\/ubirataonline.com.br\\\/en\\\/author\\\/ubirataonline\\\/\"},{\"@type\":\"PostalAddress\",\"@id\":\"https:\\\/\\\/ubirataonline.com.br\\\/quilos-mortais-veja-como-esta-seana-que-chegou-aos-300-kg-com-22-anos\\\/#local-main-place-address\",\"streetAddress\":\"Rua dos Coqueiros, 104 - Bairro Boa Vista, Rua dos Coqueiros, 104 Bairro Boa Vista\",\"addressLocality\":\"UBIRATA\",\"postalCode\":\"85440-000\",\"addressRegion\":\"PR\",\"addressCountry\":\"BR\"},{\"@type\":\"ImageObject\",\"inLanguage\":\"en-US\",\"@id\":\"https:\\\/\\\/ubirataonline.com.br\\\/quilos-mortais-veja-como-esta-seana-que-chegou-aos-300-kg-com-22-anos\\\/#local-main-organization-logo\",\"url\":\"https:\\\/\\\/ubirataonline.com.br\\\/wp-content\\\/uploads\\\/2026\\\/06\\\/logoubirataonline-1.webp\",\"contentUrl\":\"https:\\\/\\\/ubirataonline.com.br\\\/wp-content\\\/uploads\\\/2026\\\/06\\\/logoubirataonline-1.webp\",\"width\":500,\"height\":500,\"caption\":\"Ubirat\u00e3 Online Not\u00edcias\"}]}<\/script>\n<meta name=\"geo.placename\" content=\"UBIRATA\" \/>\n<meta name=\"geo.position\" content=\"-24.5361401;-52.9921776\" \/>\n<meta name=\"geo.region\" content=\"Brazil\" \/>\n<!-- \/ Yoast SEO Premium plugin. -->","yoast_head_json":{"title":"\"Quilos Mortais\": veja como est\u00e1 Seana, que chegou aos 300 kg com 22 anos - Ubirat\u00e3 Online Not\u00edcias - A realidade ao seu alcance!","description":"Seana Collins atingiu os 300 quilos quando tinha apenas 22 anos, chegando em uma situa\u00e7\u00e3o quase irrevers\u00edvel de sa\u00fade quando decidiu procurar ajuda do Dr.","robots":{"index":"index","follow":"follow","max-snippet":"max-snippet:-1","max-image-preview":"max-image-preview:large","max-video-preview":"max-video-preview:-1"},"canonical":"https:\/\/ubirataonline.com.br\/en\/quilos-mortais-veja-como-esta-seana-que-chegou-aos-300-kg-com-22-anos\/","og_locale":"en_US","og_type":"article","og_title":"\"Quilos Mortais\": veja como est\u00e1 Seana, que chegou aos 300 kg com 22 anos","og_description":"Seana Collins atingiu os 300 quilos quando tinha apenas 22 anos, chegando em uma situa\u00e7\u00e3o quase irrevers\u00edvel de sa\u00fade quando decidiu procurar ajuda do Dr.","og_url":"https:\/\/ubirataonline.com.br\/en\/quilos-mortais-veja-como-esta-seana-que-chegou-aos-300-kg-com-22-anos\/","og_site_name":"Ubirat\u00e3 Online Not\u00edcias - A realidade ao seu alcance!","article_publisher":"https:\/\/www.facebook.com\/portalubirataonline","article_author":"https:\/\/www.facebook.com\/portalubirataonline","article_published_time":"2025-09-13T03:58:39+00:00","og_image":[{"width":1531,"height":418,"url":"https:\/\/ubirataonline.com.br\/wp-content\/uploads\/2026\/05\/logo2026.webp","type":"image\/webp"}],"author":"REDA\u00c7\u00c3O: UBIRAT\u00c3 ONLINE - F\u00c1BIO AUGUSTO CELESTINO","twitter_card":"summary_large_image","twitter_creator":"@x.com\/ubirataonline","twitter_site":"@ubirataonline","twitter_misc":{"Written by":"REDA\u00c7\u00c3O: UBIRAT\u00c3 ONLINE - F\u00c1BIO AUGUSTO CELESTINO","Est. reading time":"1 minute"},"schema":{"@context":"https:\/\/schema.org","@graph":[{"@type":"NewsArticle","@id":"https:\/\/ubirataonline.com.br\/quilos-mortais-veja-como-esta-seana-que-chegou-aos-300-kg-com-22-anos\/#article","isPartOf":{"@id":"https:\/\/ubirataonline.com.br\/quilos-mortais-veja-como-esta-seana-que-chegou-aos-300-kg-com-22-anos\/"},"author":{"name":"REDA\u00c7\u00c3O: UBIRAT\u00c3 ONLINE - F\u00c1BIO AUGUSTO CELESTINO","@id":"https:\/\/ubirataonline.com.br\/#\/schema\/person\/372f87bbd3fdd79b8556b84c98d0bc1c"},"headline":"&#8220;Quilos Mortais&#8221;: veja como est\u00e1 Seana, que chegou aos 300 kg com 22 anos","datePublished":"2025-09-13T03:58:39+00:00","mainEntityOfPage":{"@id":"https:\/\/ubirataonline.com.br\/quilos-mortais-veja-como-esta-seana-que-chegou-aos-300-kg-com-22-anos\/"},"wordCount":297,"publisher":{"@id":"https:\/\/ubirataonline.com.br\/#organization"},"image":{"@id":"https:\/\/ubirataonline.com.br\/quilos-mortais-veja-como-esta-seana-que-chegou-aos-300-kg-com-22-anos\/#primaryimage"},"thumbnailUrl":"https:\/\/ubirataonline.com.br\/wp-content\/uploads\/2025\/09\/seana-quilos-mortais-2.jpg","articleSection":["Brasil"],"inLanguage":"en-US","copyrightYear":"2025","copyrightHolder":{"@id":"https:\/\/ubirataonline.com.br\/en\/#organization"}},{"@type":"WebPage","@id":"https:\/\/ubirataonline.com.br\/quilos-mortais-veja-como-esta-seana-que-chegou-aos-300-kg-com-22-anos\/","url":"https:\/\/ubirataonline.com.br\/quilos-mortais-veja-como-esta-seana-que-chegou-aos-300-kg-com-22-anos\/","name":"\"Quilos Mortais\": veja como est\u00e1 Seana, que chegou aos 300 kg com 22 anos - Ubirat\u00e3 Online Not\u00edcias - A realidade ao seu alcance!","isPartOf":{"@id":"https:\/\/ubirataonline.com.br\/#website"},"primaryImageOfPage":{"@id":"https:\/\/ubirataonline.com.br\/quilos-mortais-veja-como-esta-seana-que-chegou-aos-300-kg-com-22-anos\/#primaryimage"},"image":{"@id":"https:\/\/ubirataonline.com.br\/quilos-mortais-veja-como-esta-seana-que-chegou-aos-300-kg-com-22-anos\/#primaryimage"},"thumbnailUrl":"https:\/\/ubirataonline.com.br\/wp-content\/uploads\/2025\/09\/seana-quilos-mortais-2.jpg","datePublished":"2025-09-13T03:58:39+00:00","description":"Seana Collins atingiu os 300 quilos quando tinha apenas 22 anos, chegando em uma situa\u00e7\u00e3o quase irrevers\u00edvel de sa\u00fade quando decidiu procurar ajuda do Dr.","breadcrumb":{"@id":"https:\/\/ubirataonline.com.br\/quilos-mortais-veja-como-esta-seana-que-chegou-aos-300-kg-com-22-anos\/#breadcrumb"},"inLanguage":"en-US","potentialAction":[{"@type":"ReadAction","target":["https:\/\/ubirataonline.com.br\/quilos-mortais-veja-como-esta-seana-que-chegou-aos-300-kg-com-22-anos\/"]}]},{"@type":"ImageObject","inLanguage":"en-US","@id":"https:\/\/ubirataonline.com.br\/quilos-mortais-veja-como-esta-seana-que-chegou-aos-300-kg-com-22-anos\/#primaryimage","url":"https:\/\/ubirataonline.com.br\/wp-content\/uploads\/2025\/09\/seana-quilos-mortais-2.jpg","contentUrl":"https:\/\/ubirataonline.com.br\/wp-content\/uploads\/2025\/09\/seana-quilos-mortais-2.jpg","width":960,"height":540},{"@type":"BreadcrumbList","@id":"https:\/\/ubirataonline.com.br\/quilos-mortais-veja-como-esta-seana-que-chegou-aos-300-kg-com-22-anos\/#breadcrumb","itemListElement":[{"@type":"ListItem","position":1,"name":"In\u00edcio","item":"https:\/\/ubirataonline.com.br\/"},{"@type":"ListItem","position":2,"name":"&#8220;Quilos Mortais&#8221;: veja como est\u00e1 Seana, que chegou aos 300 kg com 22 anos"}]},{"@type":"WebSite","@id":"https:\/\/ubirataonline.com.br\/#website","url":"https:\/\/ubirataonline.com.br\/","name":"Ubirat\u00e3 Online Not\u00edcias","description":"Not\u00edcias de Ubirat\u00e3, regi\u00e3o, Brasil e mundo, com informa\u00e7\u00e3o atualizada e compromisso com o leitor.","publisher":{"@id":"https:\/\/ubirataonline.com.br\/#organization"},"alternateName":"Ubirat\u00e3 Online","potentialAction":[{"@type":"SearchAction","target":{"@type":"EntryPoint","urlTemplate":"https:\/\/ubirataonline.com.br\/?s={search_term_string}"},"query-input":{"@type":"PropertyValueSpecification","valueRequired":true,"valueName":"search_term_string"}}],"inLanguage":"en-US"},{"@type":["Organization","Place"],"@id":"https:\/\/ubirataonline.com.br\/#organization","name":"Ubirat\u00e3 Online Not\u00edcias","alternateName":"Ubirat\u00e3 Online","url":"https:\/\/ubirataonline.com.br\/","logo":{"@id":"https:\/\/ubirataonline.com.br\/quilos-mortais-veja-como-esta-seana-que-chegou-aos-300-kg-com-22-anos\/#local-main-organization-logo"},"image":{"@id":"https:\/\/ubirataonline.com.br\/quilos-mortais-veja-como-esta-seana-que-chegou-aos-300-kg-com-22-anos\/#local-main-organization-logo"},"sameAs":["https:\/\/www.facebook.com\/portalubirataonline","https:\/\/x.com\/ubirataonline","https:\/\/mastodon.social\/@ubirataonline","https:\/\/www.facebook.com\/groups\/311144672285604","https:\/\/www.facebook.com\/UBTAOnline","https:\/\/www.instagram.com\/portalubirataonline\/","https:\/\/twitter.com\/ubirataonline"],"description":"Somos um portal de not\u00edcias independente, criado em 5 de janeiro de 2009, com o objetivo de informar, conectar e valorizar a nossa comunidade de Ubirat\u00e3 e toda aregi\u00e3o. Com conte\u00fado atualizado, confi\u00e1vel e relevante, o Ubirat\u00e3 Online \u00e9 o seu espa\u00e7o para ficar por dentro dos principais acontecimentos locais, regionais, Brasil, Mundo e de interesse geral. Nosso compromisso \u00e9 com a verdade, a transpar\u00eancia e o respeito ao leitor.","legalName":"UBIRATA ONLINE NOT\u00cdCIAS","foundingDate":"2009-01-05","numberOfEmployees":{"@type":"QuantitativeValue","minValue":"1","maxValue":"10"},"publishingPrinciples":"https:\/\/ubirataonline.com.br\/faq\/","address":{"@id":"https:\/\/ubirataonline.com.br\/quilos-mortais-veja-como-esta-seana-que-chegou-aos-300-kg-com-22-anos\/#local-main-place-address"},"geo":{"@type":"GeoCoordinates","latitude":"-24.5361401","longitude":"-52.9921776"},"telephone":["+5544998308235"],"contactPoint":{"@type":"ContactPoint","email":"contato@ubirataonline.com.br"},"openingHoursSpecification":{"@type":"OpeningHoursSpecification","dayOfWeek":["Monday","Tuesday","Wednesday","Thursday","Friday","Saturday","Sunday"],"opens":"00:00","closes":"23:59"},"email":"contato@ubirataonline.com.br","vatID":"47.621.418\/0001-80"},{"@type":"Person","@id":"https:\/\/ubirataonline.com.br\/#\/schema\/person\/372f87bbd3fdd79b8556b84c98d0bc1c","name":"REDA\u00c7\u00c3O: UBIRAT\u00c3 ONLINE - F\u00c1BIO AUGUSTO CELESTINO","pronouns":"Ele","description":"Desde 2003 trabalhando com not\u00edcias.","sameAs":["http:\/\/ubirataoline.com.br","https:\/\/www.facebook.com\/portalubirataonline","https:\/\/www.instagram.com\/ubirataonline_oficial","https:\/\/x.com\/x.com\/ubirataonline"],"honorificPrefix":"Mr.","honorificSuffix":"MD","birthDate":"1980-06-16","gender":"masculino","award":["V\u00e1rios pr\u00eamios de melhor portal da cidade"],"jobTitle":"Diretor","url":"https:\/\/ubirataonline.com.br\/en\/author\/ubirataonline\/"},{"@type":"PostalAddress","@id":"https:\/\/ubirataonline.com.br\/quilos-mortais-veja-como-esta-seana-que-chegou-aos-300-kg-com-22-anos\/#local-main-place-address","streetAddress":"Rua dos Coqueiros, 104 - Bairro Boa Vista, Rua dos Coqueiros, 104 Bairro Boa Vista","addressLocality":"UBIRATA","postalCode":"85440-000","addressRegion":"PR","addressCountry":"BR"},{"@type":"ImageObject","inLanguage":"en-US","@id":"https:\/\/ubirataonline.com.br\/quilos-mortais-veja-como-esta-seana-que-chegou-aos-300-kg-com-22-anos\/#local-main-organization-logo","url":"https:\/\/ubirataonline.com.br\/wp-content\/uploads\/2026\/06\/logoubirataonline-1.webp","contentUrl":"https:\/\/ubirataonline.com.br\/wp-content\/uploads\/2026\/06\/logoubirataonline-1.webp","width":500,"height":500,"caption":"Ubirat\u00e3 Online Not\u00edcias"}]},"geo.placename":"UBIRATA","geo.position":{"lat":"-24.5361401","long":"-52.9921776"},"geo.region":"Brazil"},"_links":{"self":[{"href":"https:\/\/ubirataonline.com.br\/en\/wp-json\/wp\/v2\/posts\/68194","targetHints":{"allow":["GET"]}}],"collection":[{"href":"https:\/\/ubirataonline.com.br\/en\/wp-json\/wp\/v2\/posts"}],"about":[{"href":"https:\/\/ubirataonline.com.br\/en\/wp-json\/wp\/v2\/types\/post"}],"author":[{"embeddable":true,"href":"https:\/\/ubirataonline.com.br\/en\/wp-json\/wp\/v2\/users\/1"}],"replies":[{"embeddable":true,"href":"https:\/\/ubirataonline.com.br\/en\/wp-json\/wp\/v2\/comments?post=68194"}],"version-history":[{"count":0,"href":"https:\/\/ubirataonline.com.br\/en\/wp-json\/wp\/v2\/posts\/68194\/revisions"}],"wp:featuredmedia":[{"embeddable":true,"href":"https:\/\/ubirataonline.com.br\/en\/wp-json\/wp\/v2\/media\/68195"}],"wp:attachment":[{"href":"https:\/\/ubirataonline.com.br\/en\/wp-json\/wp\/v2\/media?parent=68194"}],"wp:term":[{"taxonomy":"category","embeddable":true,"href":"https:\/\/ubirataonline.com.br\/en\/wp-json\/wp\/v2\/categories?post=68194"},{"taxonomy":"post_tag","embeddable":true,"href":"https:\/\/ubirataonline.com.br\/en\/wp-json\/wp\/v2\/tags?post=68194"}],"curies":[{"name":"wp","href":"https:\/\/api.w.org\/{rel}","templated":true}]}}