{"id":68255,"date":"2025-09-13T16:26:29","date_gmt":"2025-09-13T19:26:29","guid":{"rendered":"https:\/\/ubirataonline.com.br\/cafonice-e-viagem-no-tempo-no-the-town\/"},"modified":"2025-09-13T16:26:29","modified_gmt":"2025-09-13T19:26:29","slug":"cafonice-e-viagem-no-tempo-no-the-town","status":"publish","type":"post","link":"https:\/\/ubirataonline.com.br\/en\/cafonice-e-viagem-no-tempo-no-the-town\/","title":{"rendered":"Cafonice e viagem no tempo no The Town"},"content":{"rendered":"<p><\/p>\n<div id=\"post-content\">\n<p>Estrelas e gal\u00e1xias preenchem o tel\u00e3o do Skyline, palco principal do festival The Town, na noite desta sexta-feira (12). Silhuetas se formam enquanto esferas coloridas viajam pelo espa\u00e7o. A m\u00fasica \u00e9pica para, fa\u00edscas explodem e cinco homens aparecem no palco enquanto gritos se espalham pela plateia.<\/p>\n<p>\u201cLarger Than Life\u201d, um dos grandes hits da banda que tem v\u00e1rios deles, o Backstreet Boys, \u00e9 a primeira m\u00fasica a ser tocada no que foi o show mais nost\u00e1lgico visto nesta edi\u00e7\u00e3o do festival no Aut\u00f3dromo de Interlagos, em S\u00e3o Paulo.<\/p>\n<p>A apresenta\u00e7\u00e3o seguiu toda a cartilha de show de uma boy band raiz. Gritos de \u201clindo\u201d, passos de dan\u00e7a de d\u00e9cadas atr\u00e1s, vocais harmonizados, incont\u00e1veis agudos, dedinhos estalando no ritmo das m\u00fasicas e presentes jogados no palco dominaram a noite. Teve at\u00e9 um momento de entrega de disco de ouro para o grupo no palco. Por quase duas horas, tudo cheirou a anos 1990.<\/p>\n<p>A boy band mais antiga em atividade come\u00e7ou sua apresenta\u00e7\u00e3o para um p\u00fablico que claramente a acompanhou em seu momento de auge, perto da virada do mil\u00eanio. Hits eram identificados nos primeiros acordes e respondidos com berros saudosos, de quem associava aquelas can\u00e7\u00f5es a mem\u00f3rias.<\/p>\n<p>Foi assim com faixas como \u201cIt\u2019s Gotta Be You\u201d, \u201cI\u2019ll Be the One\u201d e \u201cI Want it That Way\u201d. Todas elas fazem parte do \u201cMillennium\u201d, \u00e1lbum de 1999 que o grupo atualmente celebra em uma resid\u00eancia em Las Vegas, na casa de shows The Sphere \u2013uma arena de quase 360\u00b0 revestida por uma enorme tela de LED.<\/p>\n<p>Quando foi lan\u00e7ado, o \u00e1lbum que ganhou uma vers\u00e3o remasterizada neste ano fez um sucesso descomunal. Aqueles hits, junto aos dos discos anteriores, o hom\u00f4nimo e o \u201cBackstreet\u2019s Back\u201d, de 1996 e 1997, respectivamente, definiram alguns padr\u00f5es no curso da m\u00fasica pop.<\/p>\n<p>A banda criou um legado est\u00e9tico, vocal e de produ\u00e7\u00e3o que desemboca diretamente em boy bands mais recentes, como One Direction e Jonas Brothers, que tentaram atualizar a f\u00f3rmula criada pelo quinteto -\u00e0s vezes at\u00e9 recorrendo \u00e0s mesmas canetas que contribu\u00edram para o repert\u00f3rio do grupo.<\/p>\n<p>Embora pare\u00e7a, o show n\u00e3o \u00e9 um retorno ou uma apresenta\u00e7\u00e3o pontual, como as que t\u00eam pipocado desde que o mundo saiu nost\u00e1lgico da pandemia de Covid-19. A verdade \u00e9 que, apesar da trajet\u00f3ria err\u00e1tica, os Backstreet Boys nunca foram embora \u2013eles passaram 32 anos mergulhados nessas can\u00e7\u00f5es.<\/p>\n<p>A banda nasceu em 1993, quando o empres\u00e1rio Lou Pearlman, que mais tarde tamb\u00e9m produziria o \u2018N Sync, abriu um chamado convocando pessoas para formar uma banda que uniria o som do Boyz II Men ao visual do New Kids on the Block. Os jovens A.J. McLean, Howie Dorough, Brian Littrell, Nick Carter e Kevin Richardson foram escolhidos para a miss\u00e3o.<\/p>\n<p>Entre carreiras solo, um per\u00edodo de seis anos sem Kevin, processos por fraude contra Pearlman e altos e baixos, o grupo continuou lan\u00e7ando \u00e1lbuns e m\u00fasicas com efeito bem distante do que experimentou em seu auge. Mas, no geral, se manteve unido e desviou de pol\u00eamicas que costumam rondar bandas de grande sucesso.<\/p>\n<p>O grupo esteve no Brasil com certa frequ\u00eancia ao longo desses anos, inclusive em escolhas curiosas. Em 2020, por exemplo, decidiu fazer tr\u00eas shows por aqui -um no Rio, outro em S\u00e3o Paulo e o terceiro na cidade mineira de Uberl\u00e2ndia, que n\u00e3o \u00e9 exatamente um destino tradicional de bandas estrangeiros.<\/p>\n<p>Dessa vez chega aqui em fase mais regular, assumidamente pautada na nostalgia de suas m\u00fasicas. Apesar do ar de decad\u00eancia inevit\u00e1vel que h\u00e1 em grupo que at\u00e9 tentou, mas nunca conseguiu atualizar de verdade seu repert\u00f3rio, eles aparecem dignos no palco.<\/p>\n<p>Hoje com seus 40 e 50 anos, os integrantes souberam encontrar algum meio termo entre aqueles jovens que povoaram os sonhos de meninas e meninos adolescentes e quem eles se tornaram. Os Backstreet Boys de agora vivem de nostalgia, \u00e9 certo, mas chegam a brincar com isso. A.J., por exemplo, comentou que restou pouco cabelo para ele, e Brian agradeceu ao p\u00fablico por manter o emprego deles.<\/p>\n<p>Apesar da apresenta\u00e7\u00e3o guiada pelo \u00e1lbum mais famoso, o grupo tamb\u00e9m passou por hits de outros trabalhos, caso de \u201cAs Long as You Love Me\u201d, \u201cShape of My Heart\u201d, \u201cThe Call\u201d,\u201dGet Down (You\u2019re the One For Me\u201d)\u201d e \u201cEverybody (Backstreet\u2019s Back)\u201d, que teve seu come\u00e7o misturado com um trecho de \u201cSeven Nation Army\u201d dos White Stripes e fechou a apresenta\u00e7\u00e3o.<\/p>\n<p>Tamb\u00e9m dedicou parte do repert\u00f3rio a faixas que eles chamaram de lado B, como \u201cBack to Your Heart\u201d, \u201cSpanish Eyes\u201d, \u201cNo One Else Comes Close\u201d e \u201cThe Perfect Fan\u201d. Apesar do esfor\u00e7o para contemplar todas as m\u00fasicas do \u201cMillennium\u201d, o momento abaixou a energia na apresenta\u00e7\u00e3o por algum tempo.<\/p>\n<p>Para os que cresceram nos anos 90 e 2000, foi uma apresenta\u00e7\u00e3o com cara de dias mais simples. Um tempo sem internet e com a busca por m\u00fasicas em esta\u00e7\u00f5es de r\u00e1dio, encartes de CDs, clipes da MTV e revistas adolescentes com p\u00f4steres dos gal\u00e3s da vez.<\/p>\n<p>\u00c9 um pop descarado e assumidamente cafona, sem a preocupa\u00e7\u00e3o de ser conceitual em nenhuma medida. Este \u00e9 um dos trunfos dos Backstreet Boys de agora. O p\u00fablico abra\u00e7ou isso no espa\u00e7o-tempo criado nesta noite, realizando o desejo que a banda canta num de seus maiores sucessos, a melosa \u201cQuit Playing Games (With My Heart)\u201d -o de querer voltar no tempo por mais imposs\u00edvel que isso pare\u00e7a.<\/p>\n<section class=\"virals\">\n<article class=\"cardnews cardnews--post cardnews--has-thumbnail cardnews--editorial-noticias\"> <a href=\"https:\/\/www.tribunapr.com.br\/noticias\/curitiba-regiao\/curitibana-ganha-na-lotofacil-da-independencia-em-bolao-da-propria-loterica\/?utm_source=noticias-virais-rodape&amp;utm_medium=internal-tribuna&amp;utm_campaign=tribuna\" class=\"cardnews__postlink\"> <\/p>\n<div class=\"cardnews__image\" is-api-thumb=\"\"><img decoding=\"async\" src=\"https:\/\/www.tribunapr.com.br\/wp-content\/uploads\/2025\/09\/08183613\/Apresentacao-de-TCC-vintage-retro-com-blur-vermelho-e-roxo-2025-09-08T183517.087-370x210.jpg\" loading=\"lazy\" alt=\"Curitibana ganha uma boa grana em bol\u00e3o da pr\u00f3pria lot\u00e9rica\"\/><\/div>\n<div class=\"cardnews__content cardhome__content\">\n<div class=\"cardnews__content-wrapper\">\n<p> <span style=\"\"> Loteria p\u00e9-quente <\/span> <\/p>\n<p>Curitibana ganha uma boa grana em bol\u00e3o da pr\u00f3pria lot\u00e9rica<\/p>\n<\/p><\/div>\n<\/p><\/div>\n<p> <\/a> <\/article>\n<article class=\"cardnews cardnews--post cardnews--has-thumbnail cardnews--editorial-noticias\"> <a href=\"https:\/\/www.tribunapr.com.br\/noticias\/curitiba-regiao\/brt-leste-oeste-conheca-detalhes-do-projeto-de-curitiba\/?utm_source=noticias-virais-rodape&amp;utm_medium=internal-tribuna&amp;utm_campaign=tribuna\" class=\"cardnews__postlink\"> <\/p>\n<div class=\"cardnews__image\" is-api-thumb=\"\"><img decoding=\"async\" src=\"https:\/\/www.tribunapr.com.br\/wp-content\/uploads\/2025\/09\/10103453\/brt-divulgacao-370x210.jpg\" loading=\"lazy\" alt=\"Novo BRT Leste-Oeste vai mudar a mobilidade em Curitiba\"\/><\/div>\n<div class=\"cardnews__content cardhome__content\">\n<div class=\"cardnews__content-wrapper\">\n<p> <span style=\"\"> Obras <\/span> <\/p>\n<p>Novo BRT Leste-Oeste vai mudar a mobilidade em Curitiba<\/p>\n<\/p><\/div>\n<\/p><\/div>\n<p> <\/a> <\/article>\n<article class=\"cardnews cardnews--post cardnews--has-thumbnail cardnews--editorial-noticias\"> <a href=\"https:\/\/www.tribunapr.com.br\/noticias\/curitiba-regiao\/leao-do-zoo-de-curitiba-faz-ressonancia-mobiliza-equipe\/?utm_source=noticias-virais-rodape&amp;utm_medium=internal-tribuna&amp;utm_campaign=tribuna\" class=\"cardnews__postlink\"> <\/p>\n<div class=\"cardnews__image\" is-api-thumb=\"\"><img decoding=\"async\" src=\"https:\/\/www.tribunapr.com.br\/wp-content\/uploads\/2025\/09\/09185112\/Apresentacao-de-TCC-vintage-retro-com-blur-vermelho-e-roxo-2025-09-09T185014.018-370x210.jpg\" loading=\"lazy\" alt=\"Le\u00e3o do Zoo de Curitiba mobiliza equipe gigante para...\"\/><\/div>\n<div class=\"cardnews__content cardhome__content\">\n<div class=\"cardnews__content-wrapper\">\n<p> <span style=\"\"> Check-up <\/span> <\/p>\n<p>Le\u00e3o do Zoo de Curitiba mobiliza equipe gigante para&#8230;<\/p>\n<\/p><\/div>\n<\/p><\/div>\n<p> <\/a> <\/article>\n<\/section>\n<section class=\"whatsapp-groups\">\n<div class=\"whatsapp-groups__image\"> <img decoding=\"async\" src=\"https:\/\/www.tribunapr.com.br\/resources\/images\/blocks\/whatsapp-groups\/logo-whatsapp.png\" alt=\"Grupos de WhatsApp da Tribuna\" loading=\"lazy\"\/> <\/div>\n<div class=\"whatsapp-groups__body\">\n<p> Receba Not\u00edcias no seu WhatsApp! <\/p>\n<p> Receba as not\u00edcias do seu bairro e do seu time pelo WhatsApp. <\/p>\n<p> <a href=\"https:\/\/www.tribunapr.com.br\/grupos-de-whatsapp-da-tribuna\/\" target=\"_blank\" class=\"whatsapp-groups__button\"> Participe dos Grupos da Tribuna <\/a> <\/div>\n<\/section><\/div>\n<p><a href=\"https:\/\/www.tribunapr.com.br\/mais-pop\/backstreet-boys-no-the-town-abraca-cafonice-e-viaja-para-tempos-mais-simples\/\">Source link <\/a><\/p>","protected":false},"excerpt":{"rendered":"<p>Estrelas e gal\u00e1xias preenchem o tel\u00e3o do Skyline, palco principal do festival The Town, na noite desta sexta-feira (12). Silhuetas se formam enquanto esferas coloridas viajam pelo espa\u00e7o. A m\u00fasica \u00e9pica para, fa\u00edscas explodem e cinco homens aparecem no palco enquanto gritos se espalham pela plateia. \u201cLarger Than Life\u201d, um dos grandes hits da banda [&hellip;]<\/p>\n","protected":false},"author":1,"featured_media":68256,"comment_status":"","ping_status":"","sticky":false,"template":"","format":"standard","meta":{"googlesitekit_rrm_CAow2JLhCw:productID":"","_gspb_post_css":"","maa_idioma":"","maa_pais":"","footnotes":""},"categories":[1],"tags":[],"class_list":["post-68255","post","type-post","status-publish","format-standard","has-post-thumbnail","hentry","category-ubirata"],"blocksy_meta":[],"yoast_head":"<!-- This site is optimized with the Yoast SEO Premium plugin v27.6 (Yoast SEO v27.6) - https:\/\/yoast.com\/product\/yoast-seo-premium-wordpress\/ -->\n<title>Cafonice e viagem no tempo no The Town - Ubirat\u00e3 Online Not\u00edcias - A realidade ao seu alcance!<\/title>\n<meta name=\"description\" content=\"Estrelas e gal\u00e1xias preenchem o tel\u00e3o do Skyline, palco principal do festival The Town, na noite desta sexta-feira (12). Silhuetas se formam enquanto\" \/>\n<meta name=\"robots\" content=\"index, follow, max-snippet:-1, max-image-preview:large, max-video-preview:-1\" \/>\n<link rel=\"canonical\" href=\"https:\/\/ubirataonline.com.br\/en\/cafonice-e-viagem-no-tempo-no-the-town\/\" \/>\n<meta property=\"og:locale\" content=\"en_US\" \/>\n<meta property=\"og:type\" content=\"article\" \/>\n<meta property=\"og:title\" content=\"Cafonice e viagem no tempo no The Town\" \/>\n<meta property=\"og:description\" content=\"Estrelas e gal\u00e1xias preenchem o tel\u00e3o do Skyline, palco principal do festival The Town, na noite desta sexta-feira (12). Silhuetas se formam enquanto\" \/>\n<meta property=\"og:url\" content=\"https:\/\/ubirataonline.com.br\/en\/cafonice-e-viagem-no-tempo-no-the-town\/\" \/>\n<meta property=\"og:site_name\" content=\"Ubirat\u00e3 Online Not\u00edcias - A realidade ao seu alcance!\" \/>\n<meta property=\"article:publisher\" content=\"https:\/\/www.facebook.com\/portalubirataonline\" \/>\n<meta property=\"article:author\" content=\"https:\/\/www.facebook.com\/portalubirataonline\" \/>\n<meta property=\"article:published_time\" content=\"2025-09-13T19:26:29+00:00\" \/>\n<meta property=\"og:image\" content=\"https:\/\/www.tribunapr.com.br\/wp-content\/uploads\/2025\/09\/08183613\/Apresentacao-de-TCC-vintage-retro-com-blur-vermelho-e-roxo-2025-09-08T183517.087-370x210.jpg\" \/>\n<meta name=\"author\" content=\"REDA\u00c7\u00c3O: UBIRAT\u00c3 ONLINE - F\u00c1BIO AUGUSTO CELESTINO\" \/>\n<meta name=\"twitter:card\" content=\"summary_large_image\" \/>\n<meta name=\"twitter:creator\" content=\"@x.com\/ubirataonline\" \/>\n<meta name=\"twitter:site\" content=\"@ubirataonline\" \/>\n<meta name=\"twitter:label1\" content=\"Written by\" \/>\n\t<meta name=\"twitter:data1\" content=\"REDA\u00c7\u00c3O: UBIRAT\u00c3 ONLINE - F\u00c1BIO AUGUSTO CELESTINO\" \/>\n\t<meta name=\"twitter:label2\" content=\"Est. reading time\" \/>\n\t<meta name=\"twitter:data2\" content=\"5 minutes\" \/>\n<script type=\"application\/ld+json\" class=\"yoast-schema-graph\">{\"@context\":\"https:\\\/\\\/schema.org\",\"@graph\":[{\"@type\":\"NewsArticle\",\"@id\":\"https:\\\/\\\/ubirataonline.com.br\\\/cafonice-e-viagem-no-tempo-no-the-town\\\/#article\",\"isPartOf\":{\"@id\":\"https:\\\/\\\/ubirataonline.com.br\\\/cafonice-e-viagem-no-tempo-no-the-town\\\/\"},\"author\":{\"name\":\"REDA\u00c7\u00c3O: UBIRAT\u00c3 ONLINE - F\u00c1BIO AUGUSTO CELESTINO\",\"@id\":\"https:\\\/\\\/ubirataonline.com.br\\\/#\\\/schema\\\/person\\\/372f87bbd3fdd79b8556b84c98d0bc1c\"},\"headline\":\"Cafonice e viagem no tempo no The Town\",\"datePublished\":\"2025-09-13T19:26:29+00:00\",\"mainEntityOfPage\":{\"@id\":\"https:\\\/\\\/ubirataonline.com.br\\\/cafonice-e-viagem-no-tempo-no-the-town\\\/\"},\"wordCount\":1026,\"publisher\":{\"@id\":\"https:\\\/\\\/ubirataonline.com.br\\\/#organization\"},\"image\":{\"@id\":\"https:\\\/\\\/ubirataonline.com.br\\\/cafonice-e-viagem-no-tempo-no-the-town\\\/#primaryimage\"},\"thumbnailUrl\":\"https:\\\/\\\/ubirataonline.com.br\\\/wp-content\\\/uploads\\\/2025\\\/09\\\/backstreet-boys.jpg\",\"articleSection\":[\"Ubirat\u00e3\"],\"inLanguage\":\"en-US\",\"copyrightYear\":\"2025\",\"copyrightHolder\":{\"@id\":\"https:\\\/\\\/ubirataonline.com.br\\\/en\\\/#organization\"}},{\"@type\":\"WebPage\",\"@id\":\"https:\\\/\\\/ubirataonline.com.br\\\/cafonice-e-viagem-no-tempo-no-the-town\\\/\",\"url\":\"https:\\\/\\\/ubirataonline.com.br\\\/cafonice-e-viagem-no-tempo-no-the-town\\\/\",\"name\":\"Cafonice e viagem no tempo no The Town - Ubirat\u00e3 Online Not\u00edcias - A realidade ao seu alcance!\",\"isPartOf\":{\"@id\":\"https:\\\/\\\/ubirataonline.com.br\\\/#website\"},\"primaryImageOfPage\":{\"@id\":\"https:\\\/\\\/ubirataonline.com.br\\\/cafonice-e-viagem-no-tempo-no-the-town\\\/#primaryimage\"},\"image\":{\"@id\":\"https:\\\/\\\/ubirataonline.com.br\\\/cafonice-e-viagem-no-tempo-no-the-town\\\/#primaryimage\"},\"thumbnailUrl\":\"https:\\\/\\\/ubirataonline.com.br\\\/wp-content\\\/uploads\\\/2025\\\/09\\\/backstreet-boys.jpg\",\"datePublished\":\"2025-09-13T19:26:29+00:00\",\"description\":\"Estrelas e gal\u00e1xias preenchem o tel\u00e3o do Skyline, palco principal do festival The Town, na noite desta sexta-feira (12). Silhuetas se formam enquanto\",\"breadcrumb\":{\"@id\":\"https:\\\/\\\/ubirataonline.com.br\\\/cafonice-e-viagem-no-tempo-no-the-town\\\/#breadcrumb\"},\"inLanguage\":\"en-US\",\"potentialAction\":[{\"@type\":\"ReadAction\",\"target\":[\"https:\\\/\\\/ubirataonline.com.br\\\/cafonice-e-viagem-no-tempo-no-the-town\\\/\"]}]},{\"@type\":\"ImageObject\",\"inLanguage\":\"en-US\",\"@id\":\"https:\\\/\\\/ubirataonline.com.br\\\/cafonice-e-viagem-no-tempo-no-the-town\\\/#primaryimage\",\"url\":\"https:\\\/\\\/ubirataonline.com.br\\\/wp-content\\\/uploads\\\/2025\\\/09\\\/backstreet-boys.jpg\",\"contentUrl\":\"https:\\\/\\\/ubirataonline.com.br\\\/wp-content\\\/uploads\\\/2025\\\/09\\\/backstreet-boys.jpg\",\"width\":1200,\"height\":800},{\"@type\":\"BreadcrumbList\",\"@id\":\"https:\\\/\\\/ubirataonline.com.br\\\/cafonice-e-viagem-no-tempo-no-the-town\\\/#breadcrumb\",\"itemListElement\":[{\"@type\":\"ListItem\",\"position\":1,\"name\":\"In\u00edcio\",\"item\":\"https:\\\/\\\/ubirataonline.com.br\\\/\"},{\"@type\":\"ListItem\",\"position\":2,\"name\":\"Cafonice e viagem no tempo no The Town\"}]},{\"@type\":\"WebSite\",\"@id\":\"https:\\\/\\\/ubirataonline.com.br\\\/#website\",\"url\":\"https:\\\/\\\/ubirataonline.com.br\\\/\",\"name\":\"Ubirat\u00e3 Online Not\u00edcias\",\"description\":\"Not\u00edcias de Ubirat\u00e3, regi\u00e3o, Brasil e mundo, com informa\u00e7\u00e3o atualizada e compromisso com o leitor.\",\"publisher\":{\"@id\":\"https:\\\/\\\/ubirataonline.com.br\\\/#organization\"},\"alternateName\":\"Ubirat\u00e3 Online\",\"potentialAction\":[{\"@type\":\"SearchAction\",\"target\":{\"@type\":\"EntryPoint\",\"urlTemplate\":\"https:\\\/\\\/ubirataonline.com.br\\\/?s={search_term_string}\"},\"query-input\":{\"@type\":\"PropertyValueSpecification\",\"valueRequired\":true,\"valueName\":\"search_term_string\"}}],\"inLanguage\":\"en-US\"},{\"@type\":[\"Organization\",\"Place\"],\"@id\":\"https:\\\/\\\/ubirataonline.com.br\\\/#organization\",\"name\":\"Ubirat\u00e3 Online Not\u00edcias\",\"alternateName\":\"Ubirat\u00e3 Online\",\"url\":\"https:\\\/\\\/ubirataonline.com.br\\\/\",\"logo\":{\"@id\":\"https:\\\/\\\/ubirataonline.com.br\\\/cafonice-e-viagem-no-tempo-no-the-town\\\/#local-main-organization-logo\"},\"image\":{\"@id\":\"https:\\\/\\\/ubirataonline.com.br\\\/cafonice-e-viagem-no-tempo-no-the-town\\\/#local-main-organization-logo\"},\"sameAs\":[\"https:\\\/\\\/www.facebook.com\\\/portalubirataonline\",\"https:\\\/\\\/x.com\\\/ubirataonline\",\"https:\\\/\\\/mastodon.social\\\/@ubirataonline\",\"https:\\\/\\\/www.facebook.com\\\/groups\\\/311144672285604\",\"https:\\\/\\\/www.facebook.com\\\/UBTAOnline\",\"https:\\\/\\\/www.instagram.com\\\/portalubirataonline\\\/\",\"https:\\\/\\\/twitter.com\\\/ubirataonline\"],\"description\":\"Somos um portal de not\u00edcias independente, criado em 5 de janeiro de 2009, com o objetivo de informar, conectar e valorizar a nossa comunidade de Ubirat\u00e3 e toda aregi\u00e3o. Com conte\u00fado atualizado, confi\u00e1vel e relevante, o Ubirat\u00e3 Online \u00e9 o seu espa\u00e7o para ficar por dentro dos principais acontecimentos locais, regionais, Brasil, Mundo e de interesse geral. Nosso compromisso \u00e9 com a verdade, a transpar\u00eancia e o respeito ao leitor.\",\"legalName\":\"UBIRATA ONLINE NOT\u00cdCIAS\",\"foundingDate\":\"2009-01-05\",\"numberOfEmployees\":{\"@type\":\"QuantitativeValue\",\"minValue\":\"1\",\"maxValue\":\"10\"},\"publishingPrinciples\":\"https:\\\/\\\/ubirataonline.com.br\\\/faq\\\/\",\"address\":{\"@id\":\"https:\\\/\\\/ubirataonline.com.br\\\/cafonice-e-viagem-no-tempo-no-the-town\\\/#local-main-place-address\"},\"geo\":{\"@type\":\"GeoCoordinates\",\"latitude\":\"-24.5361401\",\"longitude\":\"-52.9921776\"},\"telephone\":[\"+5544998308235\"],\"contactPoint\":{\"@type\":\"ContactPoint\",\"email\":\"contato@ubirataonline.com.br\"},\"openingHoursSpecification\":{\"@type\":\"OpeningHoursSpecification\",\"dayOfWeek\":[\"Monday\",\"Tuesday\",\"Wednesday\",\"Thursday\",\"Friday\",\"Saturday\",\"Sunday\"],\"opens\":\"00:00\",\"closes\":\"23:59\"},\"email\":\"contato@ubirataonline.com.br\",\"vatID\":\"47.621.418\\\/0001-80\"},{\"@type\":\"Person\",\"@id\":\"https:\\\/\\\/ubirataonline.com.br\\\/#\\\/schema\\\/person\\\/372f87bbd3fdd79b8556b84c98d0bc1c\",\"name\":\"REDA\u00c7\u00c3O: UBIRAT\u00c3 ONLINE - F\u00c1BIO AUGUSTO CELESTINO\",\"pronouns\":\"Ele\",\"description\":\"Desde 2003 trabalhando com not\u00edcias.\",\"sameAs\":[\"http:\\\/\\\/ubirataoline.com.br\",\"https:\\\/\\\/www.facebook.com\\\/portalubirataonline\",\"https:\\\/\\\/www.instagram.com\\\/ubirataonline_oficial\",\"https:\\\/\\\/x.com\\\/x.com\\\/ubirataonline\"],\"honorificPrefix\":\"Mr.\",\"honorificSuffix\":\"MD\",\"birthDate\":\"1980-06-16\",\"gender\":\"masculino\",\"award\":[\"V\u00e1rios pr\u00eamios de melhor portal da cidade\"],\"jobTitle\":\"Diretor\",\"url\":\"https:\\\/\\\/ubirataonline.com.br\\\/en\\\/author\\\/ubirataonline\\\/\"},{\"@type\":\"PostalAddress\",\"@id\":\"https:\\\/\\\/ubirataonline.com.br\\\/cafonice-e-viagem-no-tempo-no-the-town\\\/#local-main-place-address\",\"streetAddress\":\"Rua dos Coqueiros, 104 - Bairro Boa Vista, Rua dos Coqueiros, 104 Bairro Boa Vista\",\"addressLocality\":\"UBIRATA\",\"postalCode\":\"85440-000\",\"addressRegion\":\"PR\",\"addressCountry\":\"BR\"},{\"@type\":\"ImageObject\",\"inLanguage\":\"en-US\",\"@id\":\"https:\\\/\\\/ubirataonline.com.br\\\/cafonice-e-viagem-no-tempo-no-the-town\\\/#local-main-organization-logo\",\"url\":\"https:\\\/\\\/ubirataonline.com.br\\\/wp-content\\\/uploads\\\/2026\\\/06\\\/logoubirataonline-1.webp\",\"contentUrl\":\"https:\\\/\\\/ubirataonline.com.br\\\/wp-content\\\/uploads\\\/2026\\\/06\\\/logoubirataonline-1.webp\",\"width\":500,\"height\":500,\"caption\":\"Ubirat\u00e3 Online Not\u00edcias\"}]}<\/script>\n<meta name=\"geo.placename\" content=\"UBIRATA\" \/>\n<meta name=\"geo.position\" content=\"-24.5361401;-52.9921776\" \/>\n<meta name=\"geo.region\" content=\"Brazil\" \/>\n<!-- \/ Yoast SEO Premium plugin. -->","yoast_head_json":{"title":"Cafonice e viagem no tempo no The Town - Ubirat\u00e3 Online Not\u00edcias - A realidade ao seu alcance!","description":"Estrelas e gal\u00e1xias preenchem o tel\u00e3o do Skyline, palco principal do festival The Town, na noite desta sexta-feira (12). Silhuetas se formam enquanto","robots":{"index":"index","follow":"follow","max-snippet":"max-snippet:-1","max-image-preview":"max-image-preview:large","max-video-preview":"max-video-preview:-1"},"canonical":"https:\/\/ubirataonline.com.br\/en\/cafonice-e-viagem-no-tempo-no-the-town\/","og_locale":"en_US","og_type":"article","og_title":"Cafonice e viagem no tempo no The Town","og_description":"Estrelas e gal\u00e1xias preenchem o tel\u00e3o do Skyline, palco principal do festival The Town, na noite desta sexta-feira (12). Silhuetas se formam enquanto","og_url":"https:\/\/ubirataonline.com.br\/en\/cafonice-e-viagem-no-tempo-no-the-town\/","og_site_name":"Ubirat\u00e3 Online Not\u00edcias - A realidade ao seu alcance!","article_publisher":"https:\/\/www.facebook.com\/portalubirataonline","article_author":"https:\/\/www.facebook.com\/portalubirataonline","article_published_time":"2025-09-13T19:26:29+00:00","og_image":[{"url":"https:\/\/www.tribunapr.com.br\/wp-content\/uploads\/2025\/09\/08183613\/Apresentacao-de-TCC-vintage-retro-com-blur-vermelho-e-roxo-2025-09-08T183517.087-370x210.jpg","type":"","width":"","height":""}],"author":"REDA\u00c7\u00c3O: UBIRAT\u00c3 ONLINE - F\u00c1BIO AUGUSTO CELESTINO","twitter_card":"summary_large_image","twitter_creator":"@x.com\/ubirataonline","twitter_site":"@ubirataonline","twitter_misc":{"Written by":"REDA\u00c7\u00c3O: UBIRAT\u00c3 ONLINE - F\u00c1BIO AUGUSTO CELESTINO","Est. reading time":"5 minutes"},"schema":{"@context":"https:\/\/schema.org","@graph":[{"@type":"NewsArticle","@id":"https:\/\/ubirataonline.com.br\/cafonice-e-viagem-no-tempo-no-the-town\/#article","isPartOf":{"@id":"https:\/\/ubirataonline.com.br\/cafonice-e-viagem-no-tempo-no-the-town\/"},"author":{"name":"REDA\u00c7\u00c3O: UBIRAT\u00c3 ONLINE - F\u00c1BIO AUGUSTO CELESTINO","@id":"https:\/\/ubirataonline.com.br\/#\/schema\/person\/372f87bbd3fdd79b8556b84c98d0bc1c"},"headline":"Cafonice e viagem no tempo no The Town","datePublished":"2025-09-13T19:26:29+00:00","mainEntityOfPage":{"@id":"https:\/\/ubirataonline.com.br\/cafonice-e-viagem-no-tempo-no-the-town\/"},"wordCount":1026,"publisher":{"@id":"https:\/\/ubirataonline.com.br\/#organization"},"image":{"@id":"https:\/\/ubirataonline.com.br\/cafonice-e-viagem-no-tempo-no-the-town\/#primaryimage"},"thumbnailUrl":"https:\/\/ubirataonline.com.br\/wp-content\/uploads\/2025\/09\/backstreet-boys.jpg","articleSection":["Ubirat\u00e3"],"inLanguage":"en-US","copyrightYear":"2025","copyrightHolder":{"@id":"https:\/\/ubirataonline.com.br\/en\/#organization"}},{"@type":"WebPage","@id":"https:\/\/ubirataonline.com.br\/cafonice-e-viagem-no-tempo-no-the-town\/","url":"https:\/\/ubirataonline.com.br\/cafonice-e-viagem-no-tempo-no-the-town\/","name":"Cafonice e viagem no tempo no The Town - Ubirat\u00e3 Online Not\u00edcias - A realidade ao seu alcance!","isPartOf":{"@id":"https:\/\/ubirataonline.com.br\/#website"},"primaryImageOfPage":{"@id":"https:\/\/ubirataonline.com.br\/cafonice-e-viagem-no-tempo-no-the-town\/#primaryimage"},"image":{"@id":"https:\/\/ubirataonline.com.br\/cafonice-e-viagem-no-tempo-no-the-town\/#primaryimage"},"thumbnailUrl":"https:\/\/ubirataonline.com.br\/wp-content\/uploads\/2025\/09\/backstreet-boys.jpg","datePublished":"2025-09-13T19:26:29+00:00","description":"Estrelas e gal\u00e1xias preenchem o tel\u00e3o do Skyline, palco principal do festival The Town, na noite desta sexta-feira (12). Silhuetas se formam enquanto","breadcrumb":{"@id":"https:\/\/ubirataonline.com.br\/cafonice-e-viagem-no-tempo-no-the-town\/#breadcrumb"},"inLanguage":"en-US","potentialAction":[{"@type":"ReadAction","target":["https:\/\/ubirataonline.com.br\/cafonice-e-viagem-no-tempo-no-the-town\/"]}]},{"@type":"ImageObject","inLanguage":"en-US","@id":"https:\/\/ubirataonline.com.br\/cafonice-e-viagem-no-tempo-no-the-town\/#primaryimage","url":"https:\/\/ubirataonline.com.br\/wp-content\/uploads\/2025\/09\/backstreet-boys.jpg","contentUrl":"https:\/\/ubirataonline.com.br\/wp-content\/uploads\/2025\/09\/backstreet-boys.jpg","width":1200,"height":800},{"@type":"BreadcrumbList","@id":"https:\/\/ubirataonline.com.br\/cafonice-e-viagem-no-tempo-no-the-town\/#breadcrumb","itemListElement":[{"@type":"ListItem","position":1,"name":"In\u00edcio","item":"https:\/\/ubirataonline.com.br\/"},{"@type":"ListItem","position":2,"name":"Cafonice e viagem no tempo no The Town"}]},{"@type":"WebSite","@id":"https:\/\/ubirataonline.com.br\/#website","url":"https:\/\/ubirataonline.com.br\/","name":"Ubirat\u00e3 Online Not\u00edcias","description":"Not\u00edcias de Ubirat\u00e3, regi\u00e3o, Brasil e mundo, com informa\u00e7\u00e3o atualizada e compromisso com o leitor.","publisher":{"@id":"https:\/\/ubirataonline.com.br\/#organization"},"alternateName":"Ubirat\u00e3 Online","potentialAction":[{"@type":"SearchAction","target":{"@type":"EntryPoint","urlTemplate":"https:\/\/ubirataonline.com.br\/?s={search_term_string}"},"query-input":{"@type":"PropertyValueSpecification","valueRequired":true,"valueName":"search_term_string"}}],"inLanguage":"en-US"},{"@type":["Organization","Place"],"@id":"https:\/\/ubirataonline.com.br\/#organization","name":"Ubirat\u00e3 Online Not\u00edcias","alternateName":"Ubirat\u00e3 Online","url":"https:\/\/ubirataonline.com.br\/","logo":{"@id":"https:\/\/ubirataonline.com.br\/cafonice-e-viagem-no-tempo-no-the-town\/#local-main-organization-logo"},"image":{"@id":"https:\/\/ubirataonline.com.br\/cafonice-e-viagem-no-tempo-no-the-town\/#local-main-organization-logo"},"sameAs":["https:\/\/www.facebook.com\/portalubirataonline","https:\/\/x.com\/ubirataonline","https:\/\/mastodon.social\/@ubirataonline","https:\/\/www.facebook.com\/groups\/311144672285604","https:\/\/www.facebook.com\/UBTAOnline","https:\/\/www.instagram.com\/portalubirataonline\/","https:\/\/twitter.com\/ubirataonline"],"description":"Somos um portal de not\u00edcias independente, criado em 5 de janeiro de 2009, com o objetivo de informar, conectar e valorizar a nossa comunidade de Ubirat\u00e3 e toda aregi\u00e3o. Com conte\u00fado atualizado, confi\u00e1vel e relevante, o Ubirat\u00e3 Online \u00e9 o seu espa\u00e7o para ficar por dentro dos principais acontecimentos locais, regionais, Brasil, Mundo e de interesse geral. Nosso compromisso \u00e9 com a verdade, a transpar\u00eancia e o respeito ao leitor.","legalName":"UBIRATA ONLINE NOT\u00cdCIAS","foundingDate":"2009-01-05","numberOfEmployees":{"@type":"QuantitativeValue","minValue":"1","maxValue":"10"},"publishingPrinciples":"https:\/\/ubirataonline.com.br\/faq\/","address":{"@id":"https:\/\/ubirataonline.com.br\/cafonice-e-viagem-no-tempo-no-the-town\/#local-main-place-address"},"geo":{"@type":"GeoCoordinates","latitude":"-24.5361401","longitude":"-52.9921776"},"telephone":["+5544998308235"],"contactPoint":{"@type":"ContactPoint","email":"contato@ubirataonline.com.br"},"openingHoursSpecification":{"@type":"OpeningHoursSpecification","dayOfWeek":["Monday","Tuesday","Wednesday","Thursday","Friday","Saturday","Sunday"],"opens":"00:00","closes":"23:59"},"email":"contato@ubirataonline.com.br","vatID":"47.621.418\/0001-80"},{"@type":"Person","@id":"https:\/\/ubirataonline.com.br\/#\/schema\/person\/372f87bbd3fdd79b8556b84c98d0bc1c","name":"REDA\u00c7\u00c3O: UBIRAT\u00c3 ONLINE - F\u00c1BIO AUGUSTO CELESTINO","pronouns":"Ele","description":"Desde 2003 trabalhando com not\u00edcias.","sameAs":["http:\/\/ubirataoline.com.br","https:\/\/www.facebook.com\/portalubirataonline","https:\/\/www.instagram.com\/ubirataonline_oficial","https:\/\/x.com\/x.com\/ubirataonline"],"honorificPrefix":"Mr.","honorificSuffix":"MD","birthDate":"1980-06-16","gender":"masculino","award":["V\u00e1rios pr\u00eamios de melhor portal da cidade"],"jobTitle":"Diretor","url":"https:\/\/ubirataonline.com.br\/en\/author\/ubirataonline\/"},{"@type":"PostalAddress","@id":"https:\/\/ubirataonline.com.br\/cafonice-e-viagem-no-tempo-no-the-town\/#local-main-place-address","streetAddress":"Rua dos Coqueiros, 104 - Bairro Boa Vista, Rua dos Coqueiros, 104 Bairro Boa Vista","addressLocality":"UBIRATA","postalCode":"85440-000","addressRegion":"PR","addressCountry":"BR"},{"@type":"ImageObject","inLanguage":"en-US","@id":"https:\/\/ubirataonline.com.br\/cafonice-e-viagem-no-tempo-no-the-town\/#local-main-organization-logo","url":"https:\/\/ubirataonline.com.br\/wp-content\/uploads\/2026\/06\/logoubirataonline-1.webp","contentUrl":"https:\/\/ubirataonline.com.br\/wp-content\/uploads\/2026\/06\/logoubirataonline-1.webp","width":500,"height":500,"caption":"Ubirat\u00e3 Online Not\u00edcias"}]},"geo.placename":"UBIRATA","geo.position":{"lat":"-24.5361401","long":"-52.9921776"},"geo.region":"Brazil"},"_links":{"self":[{"href":"https:\/\/ubirataonline.com.br\/en\/wp-json\/wp\/v2\/posts\/68255","targetHints":{"allow":["GET"]}}],"collection":[{"href":"https:\/\/ubirataonline.com.br\/en\/wp-json\/wp\/v2\/posts"}],"about":[{"href":"https:\/\/ubirataonline.com.br\/en\/wp-json\/wp\/v2\/types\/post"}],"author":[{"embeddable":true,"href":"https:\/\/ubirataonline.com.br\/en\/wp-json\/wp\/v2\/users\/1"}],"replies":[{"embeddable":true,"href":"https:\/\/ubirataonline.com.br\/en\/wp-json\/wp\/v2\/comments?post=68255"}],"version-history":[{"count":0,"href":"https:\/\/ubirataonline.com.br\/en\/wp-json\/wp\/v2\/posts\/68255\/revisions"}],"wp:featuredmedia":[{"embeddable":true,"href":"https:\/\/ubirataonline.com.br\/en\/wp-json\/wp\/v2\/media\/68256"}],"wp:attachment":[{"href":"https:\/\/ubirataonline.com.br\/en\/wp-json\/wp\/v2\/media?parent=68255"}],"wp:term":[{"taxonomy":"category","embeddable":true,"href":"https:\/\/ubirataonline.com.br\/en\/wp-json\/wp\/v2\/categories?post=68255"},{"taxonomy":"post_tag","embeddable":true,"href":"https:\/\/ubirataonline.com.br\/en\/wp-json\/wp\/v2\/tags?post=68255"}],"curies":[{"name":"wp","href":"https:\/\/api.w.org\/{rel}","templated":true}]}}