{"id":68258,"date":"2025-09-13T17:18:27","date_gmt":"2025-09-13T20:18:27","guid":{"rendered":"https:\/\/ubirataonline.com.br\/tenorio-jr-e-encontrado-e-identificado-apos-quase-50-anos-13-09-2025-ilustrada\/"},"modified":"2025-09-13T17:18:27","modified_gmt":"2025-09-13T20:18:27","slug":"tenorio-jr-e-encontrado-e-identificado-apos-quase-50-anos-13-09-2025-ilustrada","status":"publish","type":"post","link":"https:\/\/ubirataonline.com.br\/en\/tenorio-jr-e-encontrado-e-identificado-apos-quase-50-anos-13-09-2025-ilustrada\/","title":{"rendered":"Ten\u00f3rio Jr. \u00e9 encontrado e identificado ap\u00f3s quase 50 anos &#8211; 13\/09\/2025 &#8211; Ilustrada"},"content":{"rendered":"<p><\/p>\n<div data-news-content-text=\"\" data-disable-copy=\"\" data-continue-reading=\"\" data-continue-reading-hide-others=\".js-continue-reading-hidden\" data-age-rating=\"\" itemprop=\"articleBody\">\n<p>Um mist\u00e9rio de quase 50 anos que assombrava a <a href=\"https:\/\/www1.folha.uol.com.br\/folha-topicos\/musica\/\">m\u00fasica<\/a> popular brasileira teve desfecho na \u00faltima sexta-feira (12), quando a Justi\u00e7a argentina informou \u00e0 embaixada do Brasil em <a href=\"https:\/\/www1.folha.uol.com.br\/folha-topicos\/buenos-aires\/\">Buenos Aires<\/a> que havia, por fim, identificado o corpo do pianista Francisco Ten\u00f3rio Cerqueira J\u00fanior, o <a href=\"https:\/\/www1.folha.uol.com.br\/fsp\/ilustrad\/fq070602.htm\" rel=\"\" target=\"\">Ten\u00f3rio Jr.<\/a>.<\/p>\n<p>Ele acompanhava <a href=\"https:\/\/www1.folha.uol.com.br\/ilustrada\/2025\/07\/vinicius-de-moraes-seria-cancelado-hoje-o-lado-machista-do-poeta-que-foi-expulso-do-itamaraty.shtml\" rel=\"\" target=\"\">Vinicius de Moraes<\/a> numa turn\u00ea pelo Uruguai e pela <a href=\"https:\/\/www1.folha.uol.com.br\/folha-topicos\/argentina\/\" rel=\"\" target=\"\">Argentina <\/a>com o baixista Azeitona, o baterista Mutinho e Toquinho no viol\u00e3o, poucos dias antes do golpe militar de 1976.<\/p>\n<p>Na madrugada de 18 de mar\u00e7o de 1976, ap\u00f3s um show na renomada casa de espet\u00e1culos Gran Rex, na avenida Corrientes, Tenorinho, como era chamado carinhosamente por Vinicius, teria deixado um bilhete para <a href=\"https:\/\/www1.folha.uol.com.br\/ilustrada\/2025\/09\/a-musica-nunca-mudou-a-historia-de-um-pais-de-nada-afirma-cantor-toquinho.shtml\" rel=\"\" target=\"\">Toquinho<\/a>, com quem dividia um quarto no Hotel Normandie, no centro de Buenos Aires, dizendo que sairia para comprar cigarros e um lanche. Nunca mais voltou, e<a href=\"https:\/\/www1.folha.uol.com.br\/poder\/2025\/04\/levantamento-mapeia-perfil-de-vitimas-da-ditadura-militar-no-brasil.shtml\" rel=\"\" target=\"\"> seu corpo jamais foi encontrado<\/a>.<\/p>\n<p>O corpo que agora se atribui ao m\u00fasico foi identificado por meio de impress\u00f5es digitais. As de Ten\u00f3rio Jr. estavam em dois \u00f3rg\u00e3os diferentes dedicados a buscas de pessoas desaparecidas durante a ditadura. Um cotejamento das informa\u00e7\u00f5es feito apenas recentemente permitiu a identifica\u00e7\u00e3o do pianista.<\/p>\n<p>Agora, a investiga\u00e7\u00e3o ser\u00e1 encaminhada \u00e0 renomada Equipe Argentino de Antropolog\u00eda Forense, criada para identificar restos mortais dos mais de 20 mil desaparecidos da ditadura argentina, mas que se especializou posteriormente em trabalhos de identifica\u00e7\u00e3o reconhecidos em v\u00e1rios pa\u00edses do mundo. O objetivo agora \u00e9 definir como o m\u00fasico foi assassinado.<\/p>\n<p>Os restos de Ten\u00f3rio Jr. foram encontrados na interse\u00e7\u00e3o entre a avenida General Belgrano e a Panamericana, na prov\u00edncia de Buenos Aires. Segundo a Justi\u00e7a, a morte teria ocorrido em 20 de mar\u00e7o de 1976, ou seja, apenas dois dias depois de seu sequestro.<\/p>\n<p>&#8220;\u00c9 uma descoberta para a hist\u00f3ria de uma fam\u00edlia, da m\u00fasica brasileira e das ditaduras: a argentina, que cometeu o crime, e a brasileira, que o encobriu. Cinquenta anos depois, Ten\u00f3rio revive&#8221;, diz <a href=\"https:\/\/www1.folha.uol.com.br\/colunas\/ruycastro\/\" rel=\"\" target=\"\">Ruy Castro<\/a>, colunista da <strong>Folha<\/strong>.<\/p>\n<p>&#8220;\u00c9 uma not\u00edcia surpreendente, quando j\u00e1 n\u00e3o t\u00ednhamos esperan\u00e7a de saber mais nada. De certo modo, d\u00e1 um fechamento a essa hist\u00f3ria t\u00e3o triste&#8221;, diz Marta Rodr\u00edguez Santamar\u00eda, que foi a oitava e pen\u00faltima mulher de <a href=\"https:\/\/www1.folha.uol.com.br\/ilustrada\/2021\/05\/vinicius-de-moraes-ganha-acervo-digital-com-milhares-de-documentos-a-mostra.shtml\" rel=\"\" target=\"\">Vinicius de Moraes <\/a>e, na \u00e9poca do desaparecimento do m\u00fasico, ajudou-o a percorrer embaixadas, delegacias e a entrar em contato com ju\u00edzes.<\/p>\n<p>&#8220;Triste pensar hoje que, em todas aquelas semanas em que Vinicius passou na Argentina buscando ajuda para encontrar o amigo, ele j\u00e1 estava morto&#8221;, diz Santamar\u00eda.<\/p>\n<p>V\u00e1rias especula\u00e7\u00f5es rondaram o caso todos esses anos. A mais aceita era a de que o m\u00fasico teria sido confundido com algum &#8220;subversivo&#8221; por sua apar\u00eancia \u2014naquela \u00e9poca, ter cabelos compridos, como boa parte dos artistas tinha, era sinal de desobedi\u00eancia em rela\u00e7\u00e3o ao sistema.<\/p>\n<p>O golpe militar na Argentina ocorreu em 24 de mar\u00e7o, mas j\u00e1 nas semanas anteriores havia repress\u00e3o militar e busca por opositores. Ten\u00f3rio pode ter sido confundido com um l\u00edder montonero, guerrilha que resistiria ao regime, que estaria circulando na zona. Segundo essa hip\u00f3tese, ele teria sido levado a uma delegacia na rua Lavalle. Ali, apesar de identificar-se como brasileiro e sem saber falar espanhol corretamente, teria sido espancado e morto.<\/p>\n<p>Outras hip\u00f3teses circularam na \u00e9poca. Uma delas dizia que, em vez de buscar cigarros e algo de comer, Ten\u00f3rio estivesse buscando <a href=\"https:\/\/www1.folha.uol.com.br\/cotidiano\/2025\/09\/governo-identifica-tres-drogas-pela-primeira-vez-no-brasil.shtml\" rel=\"\" target=\"\">drogas<\/a>. N\u00e3o muda a crueldade do crime, mas era comum, segundo o historiador Uki Go\u00f1i, que naquele tempo houvesse &#8220;batidas&#8221; na regi\u00e3o central da cidade, onde tradicionalmente se vendiam drogas.<\/p>\n<p>Uma terceira vers\u00e3o considerava que Ten\u00f3rio estaria na companhia da amante, e que a necessidade de encobrir esse &#8220;affair&#8221; teria complicado as investiga\u00e7\u00f5es.<\/p>\n<p>Embora a morte encerre um ciclo, muitas perguntas permanecem. Por que o m\u00fasico foi espancado at\u00e9 a morte, se n\u00e3o era uma figura relacionada \u00e0 milit\u00e2ncia pol\u00edtica ou a pessoa que a pol\u00edcia buscava? O caso ser\u00e1 reaberto para entender o que ocorreu na delegacia da rua Lavalle? Quem ordenou sua morte? Como se comportaram os diplomatas brasileiros ante o desaparecimento? Na \u00e9poca, o Brasil j\u00e1 vivia seus anos de chumbo e colaborava com os vizinhos na busca por subversivos.<\/p>\n<p>Nascido em 4 de julho de 1941, em Laranjeiras, no Rio de Janeiro, Ten\u00f3rio Jr. cresceu entre o est\u00edmulo art\u00edstico e o rigor acad\u00eamico. Filho de Alcinda Louren\u00e7o Cerqueira e do delegado Francisco Ten\u00f3rio Cerqueira, foi aluno de <a href=\"https:\/\/www1.folha.uol.com.br\/fsp\/ilustrad\/fq0808200623.htm\" rel=\"\" target=\"\">Moacir Santos<\/a> e integrante do grupo instrumental Os Cobras, composto por ele, Jos\u00e9 Carlos, o Zezinho, Paulo Moura, Meirelles, Raul de Souza, Hamilton e Milton Banana.<\/p>\n<p>Pianista talentoso, ele se destacou pelo improviso nos g\u00eaneros sambajazz e <a href=\"https:\/\/www1.folha.uol.com.br\/webstories\/cultura\/2020\/11\/a-historia-da-bossa-nova\/\" rel=\"\" target=\"\">bossajazz<\/a> na d\u00e9cada de 1960, quando a m\u00fasica instrumental brasileira era muito popular. Come\u00e7ou as jams sessions do Little Club aos 21 anos, em Copacabana, no beco das Garrafas, formado por quatro clubes \u2014Little Club, Bottle&#8217;s, Baccar\u00e1 e Ma Griffe\u2014, onde todos os grandes nomes da bossa tocavam. Participou de festivais internacionais, aos 22 anos, como o <a href=\"https:\/\/www1.folha.uol.com.br\/folha-topicos\/jazz\/\">Jazz<\/a> (La Costa), em Mar del Plata, cidade costeira argentina na prov\u00edncia de Buenos Aires.<\/p>\n<p>Aos 23 anos, gravou a convite dos diretores da gravadora RGE, Jos\u00e9 Scatena e Benil Santos, o LP &#8220;Embalo&#8221;, lan\u00e7ado em 1964. Foram 11 m\u00fasicas gravadas com Paulo Moura, Raul de Souza, Zezinho Alves, Milton Banana e Rubens Bassini, entre fevereiro e mar\u00e7o de 1964, e posteriormente lan\u00e7adas em 2004 num CD.<\/p>\n<p>Foi no Bottle&#8217;s que Ten\u00f3rio conheceu o argentino saxofonista Hector Costita, que convidou para participar do Embalo. &#8220;Na \u00e9poca foi um projeto vanguardista. Muito para frente. Vendo o estilo que ele fazia e a ideia do disco, ele era uma pessoa muito \u00e0 frente de sua \u00e9poca&#8221;, diz Hector, que acrescenta ter ouvido outra vers\u00e3o sobre o desaparecimento do pianista \u2014segundo a qual ele teria fugido com uma argentina, propriet\u00e1ria de terras, criadora de cavalos, que o teria levado para o pampa argentino.<\/p>\n<p>Para o estudioso da m\u00fasica e colunista da <b>Folha <\/b>Ruy Castro, em depoimento dado em 2023, &#8220;Ten\u00f3rio Jr. era o melhor pianista de seu tempo, genial e moderno&#8221;. Esteve acompanhado de diversos m\u00fasicos de renome e tocou com Edu Lobo, Nana Caymmi \u2014que afirmava que Ten\u00f3rio foi um dos maiores pianista do pa\u00eds\u2014, Chico Buarque, Gal Costa, Nelson Angelo, Milton Nascimento, Egberto Gismonti, Johnny Alf e Joyce Moreno.<\/p>\n<p>Toquinho e Vinicius foram os \u00faltimos a estar no palco com ele. Joyce Moreno chegou a substituir Toquinho no viol\u00e3o nos shows com Vinicius, nas turn\u00eas para a regi\u00e3o do rio da Plata. A compositora, cantora e instrumentista Joyce Moreno conheceu Ten\u00f3rio entre os anos 1972 e 1974, quando ele tocava com os mineiros L\u00f4 Borges, Milton Nascimento e Beto Guedes.<\/p>\n<p>&#8220;Eu adorava tocar com ele. Teve uma turn\u00ea que fizemos que Ten\u00f3rio foi para a Argentina j\u00e1 com o Vinicius. Eu substitu\u00ed Toquinho. Formei um trio \u2014eu no viol\u00e3o, Maur\u00edcio Maestro no baixo e Rubinho Moreira na bateria. Fizemos shows nos cassinos de Punta del Este. Quando vamos para Montevid\u00e9u e Buenos Aires, chega Edu Lobo. Em 1975, Edu introduziu Ten\u00f3rio, j\u00e1 que ele queria um pianista. Foi neste momento que Vinicius se afei\u00e7oou ao Ten\u00f3rio e o convidou para participar de seus shows.&#8221;<\/p>\n<p>A reportagem tamb\u00e9m ouviu o baterista Tutty Moreno. &#8220;Ten\u00f3rio aparentava ser manso, mas tinha um humor muito \u00e1cido e personalidade forte.&#8221;<\/p>\n<p>Joyce Moreno afirma que o pianista era uma pessoa brilhante, inteligente e rigoroso. &#8220;Ele tinha uma fam\u00edlia grande, mas sei de hist\u00f3rias que ele recusou v\u00e1rias vezes trabalhos que n\u00e3o gostava. Ele era rigoroso musicalmente e passou por um certo sufoco financeiro por estas quest\u00f5es.&#8221;<\/p>\n<p>Frederico Mendon\u00e7a de Oliveira, conhecido como Fredera, escreveu um livro intitulado &#8220;O Crime contra Ten\u00f3rio&#8221;, da editora Atenas Editorial). Foi um dos \u00faltimos a v\u00ea-lo no Brasil. Os dois conviveram muito de 1974 at\u00e9 1976. A cantora \u00c1urea Martins conta que, antes de Ten\u00f3rio viajar para a turn\u00ea, haviam combinado de produzirem algo juntos ap\u00f3s seu retorno, o que derruba a tese de Hector Costita.<\/p>\n<p>Ten\u00f3rio sempre ambicionou ter um trabalho solo, mas, para Ruy Castro, sua carreira havia sido atropelada pela pr\u00f3pria bossa nova. &#8220;Seu auge foi um pouco anterior e, quando ele compunha a banda de Vinicius, j\u00e1 era uma fase menos estelar de sua vida&#8221;.<\/p>\n<p>O m\u00fasico enfrentava uma situa\u00e7\u00e3o financeira complicada. Sua mulher, Elisa Cerqueira, no Rio de Janeiro, o esperava gr\u00e1vida do quinto filho do casal.<\/p>\n<p>Em 17 de mar\u00e7o de 1976, no Teatro Gran Rex, Vinicius e Toquinho encerravam uma temporada de casas cheias. A cr\u00edtica foi dura com o espet\u00e1culo, mas uma nota portenha registrou a epifania: a revela\u00e7\u00e3o da noite foi o pianista Ten\u00f3rio, &#8220;a mais aut\u00eantica express\u00e3o da m\u00fasica contempor\u00e2nea brasileira&#8221;. Horas depois, j\u00e1 na madrugada de 18 de mar\u00e7o, Ten\u00f3rio saiu do Normandie, na rua Rodr\u00edguez Pe\u00f1a, a poucos metros da avenida Corrientes, para nunca mais aparecer.<\/p>\n<p>O dono de um quiosque na regi\u00e3o relatou, mais tarde, que o viu comprar tabaco e ser abordado por um Ford Falcon na esquina. Esse vendedor de rua, por\u00e9m, nunca mais foi encontrado para registrar o que tinha visto.<\/p>\n<p>Na \u00e9poca, Vinicius n\u00e3o estava hospedado no Normandie. Ele dividia um apartamento com a namorada, Marta, pr\u00f3ximo dali. Foi ela quem atendeu ao telefonema de Toquinho, que, desesperado, dizia que Ten\u00f3rio n\u00e3o tinha passado a noite no hotel. Vinicius foi acordado por Marta e, de sobressalto, come\u00e7ou uma saga quase que solit\u00e1ria numa cidade j\u00e1 assombrada pela imin\u00eancia do golpe de Estado e pelo fato de que a repress\u00e3o j\u00e1 havia come\u00e7ado \u2014grupos de tarefa vinculados \u00e0 Triple , esquadr\u00e3o da morte criado no governo de Isabel Per\u00f3n, circulavam nas ruas.<\/p>\n<p>Em seu depoimento, Ruy Castro deu sua vers\u00e3o. &#8220;Pelo que eu imagino o que deve ter acontecido na realidade naquela noite, \u00e9 o seguinte: ele pode realmente ter sa\u00eddo para comprar fumo. Pode ter sido confundido com algum terrorista ou procurado pela pol\u00edcia e foi levado. No que foi levado, n\u00e3o sei por qu\u00ea, come\u00e7aram a bater nele, a\u00ed tem um ponto escuro. Se n\u00e3o era o cara que eles estavam procurando, por que bateram tanto? O fato \u00e9 que bateram tanto, que j\u00e1 n\u00e3o dava mais para devolver do jeito que estava e o eliminaram.&#8221;<\/p>\n<p>Um filme do espanhol Fernando Trueba, que esteve em cartaz no Brasil e ganhou reconhecimento internacional, reconstr\u00f3i, por meio de relatos de gente que conheceu o m\u00fasico, sua import\u00e2ncia na cultura brasileira. Mas n\u00e3o avan\u00e7a em rela\u00e7\u00e3o ao mist\u00e9rio da morte do pianista, agora revelada.<\/p>\n<p>&#8220;Ten\u00f3rio n\u00e3o era politizado&#8221;, diz Ruy. Na \u00e9poca em que gravou &#8220;Embalo&#8221;, era um estudante universit\u00e1rio. Podia ter uma certa consci\u00eancia pol\u00edtica como tantos estudantes, mas era um alienado como muitos da bossa. Roberto Menescal conta que, em 1\u00ba de abril de 1964, foram gravar o disco da Wanda S\u00e1 na zona norte. Na volta, passaram pela UNE em chamas e acharam que &#8220;algu\u00e9m tinha dormido fumando&#8221;. N\u00e3o sabiam que tinha havido um golpe.<\/p>\n<p>Ruy tamb\u00e9m ajuda a situar o lugar de Ten\u00f3rio na linha do tempo est\u00e9tica. Por volta de 1962, a bossa &#8220;sai do cool da costa oeste, de Jo\u00e3o Gilberto e Tom Jobim, e ganha uma vertente mais jazz\u00edstica de Nova York \u2014mais vibrante, menos sofisticada, menos cool&#8221;, com vozes como Leny Andrade e Pery Ribeiro &#8220;botando para fora&#8221; e uma instrumental mais en\u00e9rgica.<\/p>\n<p>O Tamba Trio exemplifica a sofistica\u00e7\u00e3o e a complexidade. \u00c9 nesse ponto de muta\u00e7\u00e3o que o piano de Ten\u00f3rio ataque r\u00edtmico, m\u00e3o esquerda &#8220;bater\u00edstica&#8221;, harmonia adiantada faria uma ponte entre boate e palco de concerto, entre arranjo e improvisa\u00e7\u00e3o.<\/p>\n<p>A ditadura, por\u00e9m, interrompeu essa curva. Fica a lacuna que Ruy Castro resume, sem rodeios: &#8220;A m\u00fasica brasileira poderia ter sido outra se Ten\u00f3rio n\u00e3o houvesse desaparecido&#8221;.<\/p>\n<p>O Hotel Normandie perdeu o glamour de antes. Em 2011, fixou uma placa em homenagem ao pianista na porta. No entanto, durante a pandemia, quando fechou as portas, a placa caiu e quebrou. Restaram apenas as marcas na pedra.<\/p>\n<p>Em dezembro de 2023, depois de Ruy Castro denunciar o sumi\u00e7o, a embaixada do Brasil em Buenos Aires reproduziu e instalou uma placa id\u00eantica, ajustada \u00e0 reforma. Hoje, quem passa pela Rodr\u00edguez Pe\u00f1a encontra a mem\u00f3ria viva no lugar onde Ten\u00f3rio foi visto pela \u00faltima vez. Com a identifica\u00e7\u00e3o dos restos, essa pedra deixa de ser s\u00f3 s\u00edmbolo e vira o marco de um ciclo que, enfim, encontra em fecho.<\/p>\n<p>Do ponto de vista institucional, a trajet\u00f3ria foi lenta. At\u00e9 1997, o Estado argentino n\u00e3o reconhecia formalmente sua responsabilidade. Em 2006, uma decis\u00e3o no Brasil indenizou a fam\u00edlia.<\/p>\n<p>A descoberta de agora n\u00e3o \u00e9 apenas um ato humanit\u00e1rio. \u00c9 a prova que pode reordenar pe\u00e7as e levar a uma investiga\u00e7\u00e3o sobre os mandantes do crime cometido pela repress\u00e3o argentina.<\/p>\n<p>No fim das contas, h\u00e1 tamb\u00e9m um ajuste de contas com a cultura. O que se perdeu n\u00e3o foi apenas um homem. Foi um movimento. Ten\u00f3rio trabalhava um piano que empurrava a linguagem da m\u00fasica brasileira para um territ\u00f3rio de modernidade popular \u2014dan\u00e7\u00e1vel e exigente. Ao interromper essa curva, a repress\u00e3o expropriou uma possibilidade hist\u00f3rica.<\/p>\n<\/p><\/div>\n<p><a href=\"https:\/\/www1.folha.uol.com.br\/ilustrada\/2025\/09\/tenorio-jr-e-encontrado-e-identificado-na-argentina-quase-50-anos-apos-morte.shtml\">Source link <\/a><\/p>","protected":false},"excerpt":{"rendered":"<p>Um mist\u00e9rio de quase 50 anos que assombrava a m\u00fasica popular brasileira teve desfecho na \u00faltima sexta-feira (12), quando a Justi\u00e7a argentina informou \u00e0 embaixada do Brasil em Buenos Aires que havia, por fim, identificado o corpo do pianista Francisco Ten\u00f3rio Cerqueira J\u00fanior, o Ten\u00f3rio Jr.. Ele acompanhava Vinicius de Moraes numa turn\u00ea pelo Uruguai [&hellip;]<\/p>\n","protected":false},"author":1,"featured_media":68259,"comment_status":"","ping_status":"","sticky":false,"template":"","format":"standard","meta":{"googlesitekit_rrm_CAow2JLhCw:productID":"","_gspb_post_css":"","maa_idioma":"","maa_pais":"","footnotes":""},"categories":[4],"tags":[],"class_list":["post-68258","post","type-post","status-publish","format-standard","has-post-thumbnail","hentry","category-brasil"],"blocksy_meta":[],"yoast_head":"<!-- This site is optimized with the Yoast SEO Premium plugin v27.6 (Yoast SEO v27.6) - https:\/\/yoast.com\/product\/yoast-seo-premium-wordpress\/ -->\n<title>Ten\u00f3rio Jr. \u00e9 encontrado e identificado ap\u00f3s quase 50 anos - 13\/09\/2025 - Ilustrada - Ubirat\u00e3 Online Not\u00edcias - A realidade ao seu alcance!<\/title>\n<meta name=\"description\" content=\"Um mist\u00e9rio de quase 50 anos que assombrava a m\u00fasica popular brasileira teve desfecho na \u00faltima sexta-feira (12), quando a Justi\u00e7a argentina informou \u00e0\" \/>\n<meta name=\"robots\" content=\"index, follow, max-snippet:-1, max-image-preview:large, max-video-preview:-1\" \/>\n<link rel=\"canonical\" href=\"https:\/\/ubirataonline.com.br\/en\/tenorio-jr-e-encontrado-e-identificado-apos-quase-50-anos-13-09-2025-ilustrada\/\" \/>\n<meta property=\"og:locale\" content=\"en_US\" \/>\n<meta property=\"og:type\" content=\"article\" \/>\n<meta property=\"og:title\" content=\"Ten\u00f3rio Jr. \u00e9 encontrado e identificado ap\u00f3s quase 50 anos - 13\/09\/2025 - Ilustrada\" \/>\n<meta property=\"og:description\" content=\"Um mist\u00e9rio de quase 50 anos que assombrava a m\u00fasica popular brasileira teve desfecho na \u00faltima sexta-feira (12), quando a Justi\u00e7a argentina informou \u00e0\" \/>\n<meta property=\"og:url\" content=\"https:\/\/ubirataonline.com.br\/en\/tenorio-jr-e-encontrado-e-identificado-apos-quase-50-anos-13-09-2025-ilustrada\/\" \/>\n<meta property=\"og:site_name\" content=\"Ubirat\u00e3 Online Not\u00edcias - A realidade ao seu alcance!\" \/>\n<meta property=\"article:publisher\" content=\"https:\/\/www.facebook.com\/portalubirataonline\" \/>\n<meta property=\"article:author\" content=\"https:\/\/www.facebook.com\/portalubirataonline\" \/>\n<meta property=\"article:published_time\" content=\"2025-09-13T20:18:27+00:00\" \/>\n<meta property=\"og:image\" content=\"https:\/\/ubirataonline.com.br\/wp-content\/uploads\/2026\/05\/logo2026.webp\" \/>\n\t<meta property=\"og:image:width\" content=\"1531\" \/>\n\t<meta property=\"og:image:height\" content=\"418\" \/>\n\t<meta property=\"og:image:type\" content=\"image\/webp\" \/>\n<meta name=\"author\" content=\"REDA\u00c7\u00c3O: UBIRAT\u00c3 ONLINE - F\u00c1BIO AUGUSTO CELESTINO\" \/>\n<meta name=\"twitter:card\" content=\"summary_large_image\" \/>\n<meta name=\"twitter:creator\" content=\"@x.com\/ubirataonline\" \/>\n<meta name=\"twitter:site\" content=\"@ubirataonline\" \/>\n<meta name=\"twitter:label1\" content=\"Written by\" \/>\n\t<meta name=\"twitter:data1\" content=\"REDA\u00c7\u00c3O: UBIRAT\u00c3 ONLINE - F\u00c1BIO AUGUSTO CELESTINO\" \/>\n\t<meta name=\"twitter:label2\" content=\"Est. reading time\" \/>\n\t<meta name=\"twitter:data2\" content=\"11 minutes\" \/>\n<script type=\"application\/ld+json\" class=\"yoast-schema-graph\">{\"@context\":\"https:\\\/\\\/schema.org\",\"@graph\":[{\"@type\":\"NewsArticle\",\"@id\":\"https:\\\/\\\/ubirataonline.com.br\\\/tenorio-jr-e-encontrado-e-identificado-apos-quase-50-anos-13-09-2025-ilustrada\\\/#article\",\"isPartOf\":{\"@id\":\"https:\\\/\\\/ubirataonline.com.br\\\/tenorio-jr-e-encontrado-e-identificado-apos-quase-50-anos-13-09-2025-ilustrada\\\/\"},\"author\":{\"name\":\"REDA\u00c7\u00c3O: UBIRAT\u00c3 ONLINE - F\u00c1BIO AUGUSTO CELESTINO\",\"@id\":\"https:\\\/\\\/ubirataonline.com.br\\\/#\\\/schema\\\/person\\\/372f87bbd3fdd79b8556b84c98d0bc1c\"},\"headline\":\"Ten\u00f3rio Jr. \u00e9 encontrado e identificado ap\u00f3s quase 50 anos &#8211; 13\\\/09\\\/2025 &#8211; Ilustrada\",\"datePublished\":\"2025-09-13T20:18:27+00:00\",\"mainEntityOfPage\":{\"@id\":\"https:\\\/\\\/ubirataonline.com.br\\\/tenorio-jr-e-encontrado-e-identificado-apos-quase-50-anos-13-09-2025-ilustrada\\\/\"},\"wordCount\":2313,\"publisher\":{\"@id\":\"https:\\\/\\\/ubirataonline.com.br\\\/#organization\"},\"image\":{\"@id\":\"https:\\\/\\\/ubirataonline.com.br\\\/tenorio-jr-e-encontrado-e-identificado-apos-quase-50-anos-13-09-2025-ilustrada\\\/#primaryimage\"},\"thumbnailUrl\":\"https:\\\/\\\/ubirataonline.com.br\\\/wp-content\\\/uploads\\\/2025\\\/09\\\/165748337462cb306ee1b80_1657483374_3x2_xl.jpg\",\"articleSection\":[\"Brasil\"],\"inLanguage\":\"en-US\",\"copyrightYear\":\"2025\",\"copyrightHolder\":{\"@id\":\"https:\\\/\\\/ubirataonline.com.br\\\/en\\\/#organization\"}},{\"@type\":\"WebPage\",\"@id\":\"https:\\\/\\\/ubirataonline.com.br\\\/tenorio-jr-e-encontrado-e-identificado-apos-quase-50-anos-13-09-2025-ilustrada\\\/\",\"url\":\"https:\\\/\\\/ubirataonline.com.br\\\/tenorio-jr-e-encontrado-e-identificado-apos-quase-50-anos-13-09-2025-ilustrada\\\/\",\"name\":\"Ten\u00f3rio Jr. \u00e9 encontrado e identificado ap\u00f3s quase 50 anos - 13\\\/09\\\/2025 - Ilustrada - Ubirat\u00e3 Online Not\u00edcias - A realidade ao seu alcance!\",\"isPartOf\":{\"@id\":\"https:\\\/\\\/ubirataonline.com.br\\\/#website\"},\"primaryImageOfPage\":{\"@id\":\"https:\\\/\\\/ubirataonline.com.br\\\/tenorio-jr-e-encontrado-e-identificado-apos-quase-50-anos-13-09-2025-ilustrada\\\/#primaryimage\"},\"image\":{\"@id\":\"https:\\\/\\\/ubirataonline.com.br\\\/tenorio-jr-e-encontrado-e-identificado-apos-quase-50-anos-13-09-2025-ilustrada\\\/#primaryimage\"},\"thumbnailUrl\":\"https:\\\/\\\/ubirataonline.com.br\\\/wp-content\\\/uploads\\\/2025\\\/09\\\/165748337462cb306ee1b80_1657483374_3x2_xl.jpg\",\"datePublished\":\"2025-09-13T20:18:27+00:00\",\"description\":\"Um mist\u00e9rio de quase 50 anos que assombrava a m\u00fasica popular brasileira teve desfecho na \u00faltima sexta-feira (12), quando a Justi\u00e7a argentina informou \u00e0\",\"breadcrumb\":{\"@id\":\"https:\\\/\\\/ubirataonline.com.br\\\/tenorio-jr-e-encontrado-e-identificado-apos-quase-50-anos-13-09-2025-ilustrada\\\/#breadcrumb\"},\"inLanguage\":\"en-US\",\"potentialAction\":[{\"@type\":\"ReadAction\",\"target\":[\"https:\\\/\\\/ubirataonline.com.br\\\/tenorio-jr-e-encontrado-e-identificado-apos-quase-50-anos-13-09-2025-ilustrada\\\/\"]}]},{\"@type\":\"ImageObject\",\"inLanguage\":\"en-US\",\"@id\":\"https:\\\/\\\/ubirataonline.com.br\\\/tenorio-jr-e-encontrado-e-identificado-apos-quase-50-anos-13-09-2025-ilustrada\\\/#primaryimage\",\"url\":\"https:\\\/\\\/ubirataonline.com.br\\\/wp-content\\\/uploads\\\/2025\\\/09\\\/165748337462cb306ee1b80_1657483374_3x2_xl.jpg\",\"contentUrl\":\"https:\\\/\\\/ubirataonline.com.br\\\/wp-content\\\/uploads\\\/2025\\\/09\\\/165748337462cb306ee1b80_1657483374_3x2_xl.jpg\",\"width\":1200,\"height\":800},{\"@type\":\"BreadcrumbList\",\"@id\":\"https:\\\/\\\/ubirataonline.com.br\\\/tenorio-jr-e-encontrado-e-identificado-apos-quase-50-anos-13-09-2025-ilustrada\\\/#breadcrumb\",\"itemListElement\":[{\"@type\":\"ListItem\",\"position\":1,\"name\":\"In\u00edcio\",\"item\":\"https:\\\/\\\/ubirataonline.com.br\\\/\"},{\"@type\":\"ListItem\",\"position\":2,\"name\":\"Ten\u00f3rio Jr. \u00e9 encontrado e identificado ap\u00f3s quase 50 anos &#8211; 13\\\/09\\\/2025 &#8211; Ilustrada\"}]},{\"@type\":\"WebSite\",\"@id\":\"https:\\\/\\\/ubirataonline.com.br\\\/#website\",\"url\":\"https:\\\/\\\/ubirataonline.com.br\\\/\",\"name\":\"Ubirat\u00e3 Online Not\u00edcias\",\"description\":\"Not\u00edcias de Ubirat\u00e3, regi\u00e3o, Brasil e mundo, com informa\u00e7\u00e3o atualizada e compromisso com o leitor.\",\"publisher\":{\"@id\":\"https:\\\/\\\/ubirataonline.com.br\\\/#organization\"},\"alternateName\":\"Ubirat\u00e3 Online\",\"potentialAction\":[{\"@type\":\"SearchAction\",\"target\":{\"@type\":\"EntryPoint\",\"urlTemplate\":\"https:\\\/\\\/ubirataonline.com.br\\\/?s={search_term_string}\"},\"query-input\":{\"@type\":\"PropertyValueSpecification\",\"valueRequired\":true,\"valueName\":\"search_term_string\"}}],\"inLanguage\":\"en-US\"},{\"@type\":[\"Organization\",\"Place\"],\"@id\":\"https:\\\/\\\/ubirataonline.com.br\\\/#organization\",\"name\":\"Ubirat\u00e3 Online Not\u00edcias\",\"alternateName\":\"Ubirat\u00e3 Online\",\"url\":\"https:\\\/\\\/ubirataonline.com.br\\\/\",\"logo\":{\"@id\":\"https:\\\/\\\/ubirataonline.com.br\\\/tenorio-jr-e-encontrado-e-identificado-apos-quase-50-anos-13-09-2025-ilustrada\\\/#local-main-organization-logo\"},\"image\":{\"@id\":\"https:\\\/\\\/ubirataonline.com.br\\\/tenorio-jr-e-encontrado-e-identificado-apos-quase-50-anos-13-09-2025-ilustrada\\\/#local-main-organization-logo\"},\"sameAs\":[\"https:\\\/\\\/www.facebook.com\\\/portalubirataonline\",\"https:\\\/\\\/x.com\\\/ubirataonline\",\"https:\\\/\\\/mastodon.social\\\/@ubirataonline\",\"https:\\\/\\\/www.facebook.com\\\/groups\\\/311144672285604\",\"https:\\\/\\\/www.facebook.com\\\/UBTAOnline\",\"https:\\\/\\\/www.instagram.com\\\/portalubirataonline\\\/\",\"https:\\\/\\\/twitter.com\\\/ubirataonline\"],\"description\":\"Somos um portal de not\u00edcias independente, criado em 5 de janeiro de 2009, com o objetivo de informar, conectar e valorizar a nossa comunidade de Ubirat\u00e3 e toda aregi\u00e3o. Com conte\u00fado atualizado, confi\u00e1vel e relevante, o Ubirat\u00e3 Online \u00e9 o seu espa\u00e7o para ficar por dentro dos principais acontecimentos locais, regionais, Brasil, Mundo e de interesse geral. Nosso compromisso \u00e9 com a verdade, a transpar\u00eancia e o respeito ao leitor.\",\"legalName\":\"UBIRATA ONLINE NOT\u00cdCIAS\",\"foundingDate\":\"2009-01-05\",\"numberOfEmployees\":{\"@type\":\"QuantitativeValue\",\"minValue\":\"1\",\"maxValue\":\"10\"},\"publishingPrinciples\":\"https:\\\/\\\/ubirataonline.com.br\\\/faq\\\/\",\"address\":{\"@id\":\"https:\\\/\\\/ubirataonline.com.br\\\/tenorio-jr-e-encontrado-e-identificado-apos-quase-50-anos-13-09-2025-ilustrada\\\/#local-main-place-address\"},\"geo\":{\"@type\":\"GeoCoordinates\",\"latitude\":\"-24.5361401\",\"longitude\":\"-52.9921776\"},\"telephone\":[\"+5544998308235\"],\"contactPoint\":{\"@type\":\"ContactPoint\",\"email\":\"contato@ubirataonline.com.br\"},\"openingHoursSpecification\":{\"@type\":\"OpeningHoursSpecification\",\"dayOfWeek\":[\"Monday\",\"Tuesday\",\"Wednesday\",\"Thursday\",\"Friday\",\"Saturday\",\"Sunday\"],\"opens\":\"00:00\",\"closes\":\"23:59\"},\"email\":\"contato@ubirataonline.com.br\",\"vatID\":\"47.621.418\\\/0001-80\"},{\"@type\":\"Person\",\"@id\":\"https:\\\/\\\/ubirataonline.com.br\\\/#\\\/schema\\\/person\\\/372f87bbd3fdd79b8556b84c98d0bc1c\",\"name\":\"REDA\u00c7\u00c3O: UBIRAT\u00c3 ONLINE - F\u00c1BIO AUGUSTO CELESTINO\",\"pronouns\":\"Ele\",\"description\":\"Desde 2003 trabalhando com not\u00edcias.\",\"sameAs\":[\"http:\\\/\\\/ubirataoline.com.br\",\"https:\\\/\\\/www.facebook.com\\\/portalubirataonline\",\"https:\\\/\\\/www.instagram.com\\\/ubirataonline_oficial\",\"https:\\\/\\\/x.com\\\/x.com\\\/ubirataonline\"],\"honorificPrefix\":\"Mr.\",\"honorificSuffix\":\"MD\",\"birthDate\":\"1980-06-16\",\"gender\":\"masculino\",\"award\":[\"V\u00e1rios pr\u00eamios de melhor portal da cidade\"],\"jobTitle\":\"Diretor\",\"url\":\"https:\\\/\\\/ubirataonline.com.br\\\/en\\\/author\\\/ubirataonline\\\/\"},{\"@type\":\"PostalAddress\",\"@id\":\"https:\\\/\\\/ubirataonline.com.br\\\/tenorio-jr-e-encontrado-e-identificado-apos-quase-50-anos-13-09-2025-ilustrada\\\/#local-main-place-address\",\"streetAddress\":\"Rua dos Coqueiros, 104 - Bairro Boa Vista, Rua dos Coqueiros, 104 Bairro Boa Vista\",\"addressLocality\":\"UBIRATA\",\"postalCode\":\"85440-000\",\"addressRegion\":\"PR\",\"addressCountry\":\"BR\"},{\"@type\":\"ImageObject\",\"inLanguage\":\"en-US\",\"@id\":\"https:\\\/\\\/ubirataonline.com.br\\\/tenorio-jr-e-encontrado-e-identificado-apos-quase-50-anos-13-09-2025-ilustrada\\\/#local-main-organization-logo\",\"url\":\"https:\\\/\\\/ubirataonline.com.br\\\/wp-content\\\/uploads\\\/2026\\\/06\\\/logoubirataonline-1.webp\",\"contentUrl\":\"https:\\\/\\\/ubirataonline.com.br\\\/wp-content\\\/uploads\\\/2026\\\/06\\\/logoubirataonline-1.webp\",\"width\":500,\"height\":500,\"caption\":\"Ubirat\u00e3 Online Not\u00edcias\"}]}<\/script>\n<meta name=\"geo.placename\" content=\"UBIRATA\" \/>\n<meta name=\"geo.position\" content=\"-24.5361401;-52.9921776\" \/>\n<meta name=\"geo.region\" content=\"Brazil\" \/>\n<!-- \/ Yoast SEO Premium plugin. -->","yoast_head_json":{"title":"Ten\u00f3rio Jr. \u00e9 encontrado e identificado ap\u00f3s quase 50 anos - 13\/09\/2025 - Ilustrada - Ubirat\u00e3 Online Not\u00edcias - A realidade ao seu alcance!","description":"Um mist\u00e9rio de quase 50 anos que assombrava a m\u00fasica popular brasileira teve desfecho na \u00faltima sexta-feira (12), quando a Justi\u00e7a argentina informou \u00e0","robots":{"index":"index","follow":"follow","max-snippet":"max-snippet:-1","max-image-preview":"max-image-preview:large","max-video-preview":"max-video-preview:-1"},"canonical":"https:\/\/ubirataonline.com.br\/en\/tenorio-jr-e-encontrado-e-identificado-apos-quase-50-anos-13-09-2025-ilustrada\/","og_locale":"en_US","og_type":"article","og_title":"Ten\u00f3rio Jr. \u00e9 encontrado e identificado ap\u00f3s quase 50 anos - 13\/09\/2025 - Ilustrada","og_description":"Um mist\u00e9rio de quase 50 anos que assombrava a m\u00fasica popular brasileira teve desfecho na \u00faltima sexta-feira (12), quando a Justi\u00e7a argentina informou \u00e0","og_url":"https:\/\/ubirataonline.com.br\/en\/tenorio-jr-e-encontrado-e-identificado-apos-quase-50-anos-13-09-2025-ilustrada\/","og_site_name":"Ubirat\u00e3 Online Not\u00edcias - A realidade ao seu alcance!","article_publisher":"https:\/\/www.facebook.com\/portalubirataonline","article_author":"https:\/\/www.facebook.com\/portalubirataonline","article_published_time":"2025-09-13T20:18:27+00:00","og_image":[{"width":1531,"height":418,"url":"https:\/\/ubirataonline.com.br\/wp-content\/uploads\/2026\/05\/logo2026.webp","type":"image\/webp"}],"author":"REDA\u00c7\u00c3O: UBIRAT\u00c3 ONLINE - F\u00c1BIO AUGUSTO CELESTINO","twitter_card":"summary_large_image","twitter_creator":"@x.com\/ubirataonline","twitter_site":"@ubirataonline","twitter_misc":{"Written by":"REDA\u00c7\u00c3O: UBIRAT\u00c3 ONLINE - F\u00c1BIO AUGUSTO CELESTINO","Est. reading time":"11 minutes"},"schema":{"@context":"https:\/\/schema.org","@graph":[{"@type":"NewsArticle","@id":"https:\/\/ubirataonline.com.br\/tenorio-jr-e-encontrado-e-identificado-apos-quase-50-anos-13-09-2025-ilustrada\/#article","isPartOf":{"@id":"https:\/\/ubirataonline.com.br\/tenorio-jr-e-encontrado-e-identificado-apos-quase-50-anos-13-09-2025-ilustrada\/"},"author":{"name":"REDA\u00c7\u00c3O: UBIRAT\u00c3 ONLINE - F\u00c1BIO AUGUSTO CELESTINO","@id":"https:\/\/ubirataonline.com.br\/#\/schema\/person\/372f87bbd3fdd79b8556b84c98d0bc1c"},"headline":"Ten\u00f3rio Jr. \u00e9 encontrado e identificado ap\u00f3s quase 50 anos &#8211; 13\/09\/2025 &#8211; Ilustrada","datePublished":"2025-09-13T20:18:27+00:00","mainEntityOfPage":{"@id":"https:\/\/ubirataonline.com.br\/tenorio-jr-e-encontrado-e-identificado-apos-quase-50-anos-13-09-2025-ilustrada\/"},"wordCount":2313,"publisher":{"@id":"https:\/\/ubirataonline.com.br\/#organization"},"image":{"@id":"https:\/\/ubirataonline.com.br\/tenorio-jr-e-encontrado-e-identificado-apos-quase-50-anos-13-09-2025-ilustrada\/#primaryimage"},"thumbnailUrl":"https:\/\/ubirataonline.com.br\/wp-content\/uploads\/2025\/09\/165748337462cb306ee1b80_1657483374_3x2_xl.jpg","articleSection":["Brasil"],"inLanguage":"en-US","copyrightYear":"2025","copyrightHolder":{"@id":"https:\/\/ubirataonline.com.br\/en\/#organization"}},{"@type":"WebPage","@id":"https:\/\/ubirataonline.com.br\/tenorio-jr-e-encontrado-e-identificado-apos-quase-50-anos-13-09-2025-ilustrada\/","url":"https:\/\/ubirataonline.com.br\/tenorio-jr-e-encontrado-e-identificado-apos-quase-50-anos-13-09-2025-ilustrada\/","name":"Ten\u00f3rio Jr. \u00e9 encontrado e identificado ap\u00f3s quase 50 anos - 13\/09\/2025 - Ilustrada - Ubirat\u00e3 Online Not\u00edcias - A realidade ao seu alcance!","isPartOf":{"@id":"https:\/\/ubirataonline.com.br\/#website"},"primaryImageOfPage":{"@id":"https:\/\/ubirataonline.com.br\/tenorio-jr-e-encontrado-e-identificado-apos-quase-50-anos-13-09-2025-ilustrada\/#primaryimage"},"image":{"@id":"https:\/\/ubirataonline.com.br\/tenorio-jr-e-encontrado-e-identificado-apos-quase-50-anos-13-09-2025-ilustrada\/#primaryimage"},"thumbnailUrl":"https:\/\/ubirataonline.com.br\/wp-content\/uploads\/2025\/09\/165748337462cb306ee1b80_1657483374_3x2_xl.jpg","datePublished":"2025-09-13T20:18:27+00:00","description":"Um mist\u00e9rio de quase 50 anos que assombrava a m\u00fasica popular brasileira teve desfecho na \u00faltima sexta-feira (12), quando a Justi\u00e7a argentina informou \u00e0","breadcrumb":{"@id":"https:\/\/ubirataonline.com.br\/tenorio-jr-e-encontrado-e-identificado-apos-quase-50-anos-13-09-2025-ilustrada\/#breadcrumb"},"inLanguage":"en-US","potentialAction":[{"@type":"ReadAction","target":["https:\/\/ubirataonline.com.br\/tenorio-jr-e-encontrado-e-identificado-apos-quase-50-anos-13-09-2025-ilustrada\/"]}]},{"@type":"ImageObject","inLanguage":"en-US","@id":"https:\/\/ubirataonline.com.br\/tenorio-jr-e-encontrado-e-identificado-apos-quase-50-anos-13-09-2025-ilustrada\/#primaryimage","url":"https:\/\/ubirataonline.com.br\/wp-content\/uploads\/2025\/09\/165748337462cb306ee1b80_1657483374_3x2_xl.jpg","contentUrl":"https:\/\/ubirataonline.com.br\/wp-content\/uploads\/2025\/09\/165748337462cb306ee1b80_1657483374_3x2_xl.jpg","width":1200,"height":800},{"@type":"BreadcrumbList","@id":"https:\/\/ubirataonline.com.br\/tenorio-jr-e-encontrado-e-identificado-apos-quase-50-anos-13-09-2025-ilustrada\/#breadcrumb","itemListElement":[{"@type":"ListItem","position":1,"name":"In\u00edcio","item":"https:\/\/ubirataonline.com.br\/"},{"@type":"ListItem","position":2,"name":"Ten\u00f3rio Jr. \u00e9 encontrado e identificado ap\u00f3s quase 50 anos &#8211; 13\/09\/2025 &#8211; Ilustrada"}]},{"@type":"WebSite","@id":"https:\/\/ubirataonline.com.br\/#website","url":"https:\/\/ubirataonline.com.br\/","name":"Ubirat\u00e3 Online Not\u00edcias","description":"Not\u00edcias de Ubirat\u00e3, regi\u00e3o, Brasil e mundo, com informa\u00e7\u00e3o atualizada e compromisso com o leitor.","publisher":{"@id":"https:\/\/ubirataonline.com.br\/#organization"},"alternateName":"Ubirat\u00e3 Online","potentialAction":[{"@type":"SearchAction","target":{"@type":"EntryPoint","urlTemplate":"https:\/\/ubirataonline.com.br\/?s={search_term_string}"},"query-input":{"@type":"PropertyValueSpecification","valueRequired":true,"valueName":"search_term_string"}}],"inLanguage":"en-US"},{"@type":["Organization","Place"],"@id":"https:\/\/ubirataonline.com.br\/#organization","name":"Ubirat\u00e3 Online Not\u00edcias","alternateName":"Ubirat\u00e3 Online","url":"https:\/\/ubirataonline.com.br\/","logo":{"@id":"https:\/\/ubirataonline.com.br\/tenorio-jr-e-encontrado-e-identificado-apos-quase-50-anos-13-09-2025-ilustrada\/#local-main-organization-logo"},"image":{"@id":"https:\/\/ubirataonline.com.br\/tenorio-jr-e-encontrado-e-identificado-apos-quase-50-anos-13-09-2025-ilustrada\/#local-main-organization-logo"},"sameAs":["https:\/\/www.facebook.com\/portalubirataonline","https:\/\/x.com\/ubirataonline","https:\/\/mastodon.social\/@ubirataonline","https:\/\/www.facebook.com\/groups\/311144672285604","https:\/\/www.facebook.com\/UBTAOnline","https:\/\/www.instagram.com\/portalubirataonline\/","https:\/\/twitter.com\/ubirataonline"],"description":"Somos um portal de not\u00edcias independente, criado em 5 de janeiro de 2009, com o objetivo de informar, conectar e valorizar a nossa comunidade de Ubirat\u00e3 e toda aregi\u00e3o. Com conte\u00fado atualizado, confi\u00e1vel e relevante, o Ubirat\u00e3 Online \u00e9 o seu espa\u00e7o para ficar por dentro dos principais acontecimentos locais, regionais, Brasil, Mundo e de interesse geral. Nosso compromisso \u00e9 com a verdade, a transpar\u00eancia e o respeito ao leitor.","legalName":"UBIRATA ONLINE NOT\u00cdCIAS","foundingDate":"2009-01-05","numberOfEmployees":{"@type":"QuantitativeValue","minValue":"1","maxValue":"10"},"publishingPrinciples":"https:\/\/ubirataonline.com.br\/faq\/","address":{"@id":"https:\/\/ubirataonline.com.br\/tenorio-jr-e-encontrado-e-identificado-apos-quase-50-anos-13-09-2025-ilustrada\/#local-main-place-address"},"geo":{"@type":"GeoCoordinates","latitude":"-24.5361401","longitude":"-52.9921776"},"telephone":["+5544998308235"],"contactPoint":{"@type":"ContactPoint","email":"contato@ubirataonline.com.br"},"openingHoursSpecification":{"@type":"OpeningHoursSpecification","dayOfWeek":["Monday","Tuesday","Wednesday","Thursday","Friday","Saturday","Sunday"],"opens":"00:00","closes":"23:59"},"email":"contato@ubirataonline.com.br","vatID":"47.621.418\/0001-80"},{"@type":"Person","@id":"https:\/\/ubirataonline.com.br\/#\/schema\/person\/372f87bbd3fdd79b8556b84c98d0bc1c","name":"REDA\u00c7\u00c3O: UBIRAT\u00c3 ONLINE - F\u00c1BIO AUGUSTO CELESTINO","pronouns":"Ele","description":"Desde 2003 trabalhando com not\u00edcias.","sameAs":["http:\/\/ubirataoline.com.br","https:\/\/www.facebook.com\/portalubirataonline","https:\/\/www.instagram.com\/ubirataonline_oficial","https:\/\/x.com\/x.com\/ubirataonline"],"honorificPrefix":"Mr.","honorificSuffix":"MD","birthDate":"1980-06-16","gender":"masculino","award":["V\u00e1rios pr\u00eamios de melhor portal da cidade"],"jobTitle":"Diretor","url":"https:\/\/ubirataonline.com.br\/en\/author\/ubirataonline\/"},{"@type":"PostalAddress","@id":"https:\/\/ubirataonline.com.br\/tenorio-jr-e-encontrado-e-identificado-apos-quase-50-anos-13-09-2025-ilustrada\/#local-main-place-address","streetAddress":"Rua dos Coqueiros, 104 - Bairro Boa Vista, Rua dos Coqueiros, 104 Bairro Boa Vista","addressLocality":"UBIRATA","postalCode":"85440-000","addressRegion":"PR","addressCountry":"BR"},{"@type":"ImageObject","inLanguage":"en-US","@id":"https:\/\/ubirataonline.com.br\/tenorio-jr-e-encontrado-e-identificado-apos-quase-50-anos-13-09-2025-ilustrada\/#local-main-organization-logo","url":"https:\/\/ubirataonline.com.br\/wp-content\/uploads\/2026\/06\/logoubirataonline-1.webp","contentUrl":"https:\/\/ubirataonline.com.br\/wp-content\/uploads\/2026\/06\/logoubirataonline-1.webp","width":500,"height":500,"caption":"Ubirat\u00e3 Online Not\u00edcias"}]},"geo.placename":"UBIRATA","geo.position":{"lat":"-24.5361401","long":"-52.9921776"},"geo.region":"Brazil"},"_links":{"self":[{"href":"https:\/\/ubirataonline.com.br\/en\/wp-json\/wp\/v2\/posts\/68258","targetHints":{"allow":["GET"]}}],"collection":[{"href":"https:\/\/ubirataonline.com.br\/en\/wp-json\/wp\/v2\/posts"}],"about":[{"href":"https:\/\/ubirataonline.com.br\/en\/wp-json\/wp\/v2\/types\/post"}],"author":[{"embeddable":true,"href":"https:\/\/ubirataonline.com.br\/en\/wp-json\/wp\/v2\/users\/1"}],"replies":[{"embeddable":true,"href":"https:\/\/ubirataonline.com.br\/en\/wp-json\/wp\/v2\/comments?post=68258"}],"version-history":[{"count":0,"href":"https:\/\/ubirataonline.com.br\/en\/wp-json\/wp\/v2\/posts\/68258\/revisions"}],"wp:featuredmedia":[{"embeddable":true,"href":"https:\/\/ubirataonline.com.br\/en\/wp-json\/wp\/v2\/media\/68259"}],"wp:attachment":[{"href":"https:\/\/ubirataonline.com.br\/en\/wp-json\/wp\/v2\/media?parent=68258"}],"wp:term":[{"taxonomy":"category","embeddable":true,"href":"https:\/\/ubirataonline.com.br\/en\/wp-json\/wp\/v2\/categories?post=68258"},{"taxonomy":"post_tag","embeddable":true,"href":"https:\/\/ubirataonline.com.br\/en\/wp-json\/wp\/v2\/tags?post=68258"}],"curies":[{"name":"wp","href":"https:\/\/api.w.org\/{rel}","templated":true}]}}