{"id":68264,"date":"2025-09-13T19:20:20","date_gmt":"2025-09-13T22:20:20","guid":{"rendered":"https:\/\/ubirataonline.com.br\/dana-white-urged-to-cut-kelvin-gastelum-after-yet-another-farcical-weight-miss-at-noche-ufc\/"},"modified":"2025-09-13T19:20:20","modified_gmt":"2025-09-13T22:20:20","slug":"dana-white-urged-to-cut-kelvin-gastelum-after-yet-another-farcical-weight-miss-at-noche-ufc","status":"publish","type":"post","link":"https:\/\/ubirataonline.com.br\/en\/dana-white-urged-to-cut-kelvin-gastelum-after-yet-another-farcical-weight-miss-at-noche-ufc\/","title":{"rendered":"Dana White urged to cut Kelvin Gastelum after yet another farcical weight miss at Noche UFC"},"content":{"rendered":"<p><\/p>\n<div id=\"post-249686\">\n<p><strong>Kelvin Gastelum\u2019s UFC career may hang in the balance after a fifth weight miss, this time at a career-highest.<\/strong><\/p>\n<p>The former <a href=\"http:\/\/bloodyelbow.com\/tag\/middleweight\">middleweight<\/a> title contender was five pounds over the extended 186lb limit, marking far and away the highest weigh-in of his career for <a href=\"http:\/\/bloodyelbow.com\/tag\/noche-ufc\">Noche UFC<\/a> this morning. He has a history of misses, with this being his fifth under the UFC banner.<\/p>\n<figure class=\"wp-block-grvmedia-grv-video GRVMultiVideo\"\/>\n<p>However, he has never been over the middleweight limit, much less deep into light-heavyweight territory. And <a href=\"http:\/\/bloodyelbow.com\/tag\/dana-white\">Dana White<\/a>, across the country in Las Vegas, appears to have a decision to make regarding his future.<\/p>\n<h2 class=\"wp-block-heading\">Kelvin Gastelum weighs in at a career highest for Noche UFC<\/h2>\n<p>After making media and commission officials wait almost the entire two-hour window, <a href=\"http:\/\/bloodyelbow.com\/tag\/kelvin-gastelum\">Kelvin Gastelum<\/a> finally arrived on the scales just before cut-off time in Texas this morning. The Hall of Famer, who is due to face Dustin Stoltzfus, didn\u2019t even strip down for the curtain as he confidently stepped up.<\/p>\n<p>Gastelum posed with arms flexed for the entirety of the manual weighing in process, which resulted in him being announced at 191lb. This marks his first miss at 186lb, but is his fifth under the UFC banner after initially starting out at welterweight.<\/p>\n<p>He missed once a year from 2014 to 2016 before eventually being forced up a division, where he became a world title contender. But after losing to Israel Adesanya and realizing the size of top middleweights, he moved back down to welterweight in pursuit of gold.<\/p>\n<p>Last year, that plan was foiled again as Gastelum showed up over the limit for a showdown with Daniel Rodriguez. He ended up moving back up in weight again, and made middleweight for his fight with Joe Pyfer at UFC 316.<\/p>\n<p>He has been fined 35 per cent of his purse for tomorrow night\u2019s fight, which appears to be going ahaed.<\/p>\n<h2 class=\"wp-block-heading\">Fans call on Dana White to cut Kelvin Gastelum<\/h2>\n<p>Now, UFC fans believe that Gastelum\u2019s condition has gone beyond a joke and want him out of the promotion. Countless tweets have gone to the UFC\u2019s accounts demanding he be cut, with Dana White now facing a big decision about a fan favorite.<\/p>\n<p>Just last month, they got rid of Bryan Battle for another weight miss, and it is unclear what will happen with Gastelum. It is unlikely that the fight will go ahead tomorrow night, given the drastic miss on the scales.<\/p>\n<p>Prior to today\u2019s weigh-ins, fans had been mocking Gastelum for his physique in pre-fight photographs from the promotion.<\/p>\n<\/p><\/div>\n<p><script>grvLoadAnalytics = () => {(function(d,s,i){var f=d.getElementsByTagName(s)[0],j=d.createElement(s);j.async=true;j.src=\"https:\/\/www.googletagmanager.com\/gtag\/js?id=\"+i;f.parentNode.insertBefore(j,f);})(document,'script','G-EPJQTWT5QD');(function(d,s,i){if(!\/callback=in\/.test(window.location.search)){var e=d.createElement(s);var n=d.getElementsByTagName(s)[0];e.type=\"text\/javascript\";e.async=true;e.src=\"https:\/\/static.chartbeat.com\/js\/chartbeat.js\";n.parentNode.insertBefore(e,n);}})(document,\"script\",\"G-EPJQTWT5QD\");(function(){let s=document.createElement(\"script\");s.async=true;s.dataset.domain=\"bloodyelbow.com\/9kjeYZ\";s.src=\"https:\/\/api.publytics.net\/js\/script.manual.ping.min.js\";document.getElementsByTagName(\"head\")[0].appendChild(s);})();if(!\/callback=in\/.test(window.location.search)){setTimeout(function(){!function(f,b,e,v,n,t,s){if(f.fbq)return;n=f.fbq=function(){n.callMethod?n.callMethod.apply(n,arguments):n.queue.push(arguments)};if(!f._fbq)f._fbq=n;n.push=n;n.loaded=!0;n.version='2.0';n.queue=[];t=b.createElement(e);t.async=!0;t.src=v;s=b.getElementsByTagName(e)[0];s.parentNode.insertBefore(t,s)}(window,document,'script','https:\/\/connect.facebook.net\/en_US\/fbevents.js');fbq('init','340005628426713');fbq('track','PageView');fbq('track','ViewContent',{content_name:'Dana White urged to cut Kelvin Gastelum after yet another farcical weight miss at Noche UFC',content_category:'UFC',content_ids:[249686,\"dustin-stoltzfus\",\"kelvin-gastelum\",\"middleweight\",\"noche-ufc\"],content_type:'post',});},3000);}}<\/script><br \/>\n<br \/><a href=\"https:\/\/bloodyelbow.com\/2025\/09\/12\/dana-white-urged-to-cut-kelvin-gastelum-after-yet-another-farcical-weight-miss-at-noche-ufc\/\">Source link <\/a><\/p>\n","protected":false},"excerpt":{"rendered":"<p>Kelvin Gastelum\u2019s UFC career may hang in the balance after a fifth weight miss, this time at a career-highest. The former middleweight title contender was five pounds over the extended 186lb limit, marking far and away the highest weigh-in of his career for Noche UFC this morning. He has a history of misses, with this [&hellip;]<\/p>\n","protected":false},"author":1,"featured_media":68265,"comment_status":"","ping_status":"","sticky":false,"template":"","format":"standard","meta":{"googlesitekit_rrm_CAow2JLhCw:productID":"","_gspb_post_css":"","maa_idioma":"","maa_pais":"","footnotes":""},"categories":[4],"tags":[],"class_list":["post-68264","post","type-post","status-publish","format-standard","has-post-thumbnail","hentry","category-brasil"],"blocksy_meta":[],"yoast_head":"<!-- This site is optimized with the Yoast SEO Premium plugin v27.6 (Yoast SEO v27.6) - https:\/\/yoast.com\/product\/yoast-seo-premium-wordpress\/ -->\n<title>Dana White urged to cut Kelvin Gastelum after yet another farcical weight miss at Noche UFC - Ubirat\u00e3 Online Not\u00edcias - A realidade ao seu alcance!<\/title>\n<meta name=\"description\" content=\"Kelvin Gastelum\u2019s UFC career may hang in the balance after a fifth weight miss, this time at a career-highest.The former middleweight title contender was\" \/>\n<meta name=\"robots\" content=\"index, follow, max-snippet:-1, max-image-preview:large, max-video-preview:-1\" \/>\n<link rel=\"canonical\" href=\"https:\/\/ubirataonline.com.br\/en\/dana-white-urged-to-cut-kelvin-gastelum-after-yet-another-farcical-weight-miss-at-noche-ufc\/\" \/>\n<meta property=\"og:locale\" content=\"en_US\" \/>\n<meta property=\"og:type\" content=\"article\" \/>\n<meta property=\"og:title\" content=\"Dana White urged to cut Kelvin Gastelum after yet another farcical weight miss at Noche UFC\" \/>\n<meta property=\"og:description\" content=\"Kelvin Gastelum\u2019s UFC career may hang in the balance after a fifth weight miss, this time at a career-highest.The former middleweight title contender was\" \/>\n<meta property=\"og:url\" content=\"https:\/\/ubirataonline.com.br\/en\/dana-white-urged-to-cut-kelvin-gastelum-after-yet-another-farcical-weight-miss-at-noche-ufc\/\" \/>\n<meta property=\"og:site_name\" content=\"Ubirat\u00e3 Online Not\u00edcias - A realidade ao seu alcance!\" \/>\n<meta property=\"article:publisher\" content=\"https:\/\/www.facebook.com\/portalubirataonline\" \/>\n<meta property=\"article:author\" content=\"https:\/\/www.facebook.com\/portalubirataonline\" \/>\n<meta property=\"article:published_time\" content=\"2025-09-13T22:20:20+00:00\" \/>\n<meta property=\"og:image\" content=\"https:\/\/ubirataonline.com.br\/wp-content\/uploads\/2026\/05\/logo2026.webp\" \/>\n\t<meta property=\"og:image:width\" content=\"1531\" \/>\n\t<meta property=\"og:image:height\" content=\"418\" \/>\n\t<meta property=\"og:image:type\" content=\"image\/webp\" \/>\n<meta name=\"author\" content=\"REDA\u00c7\u00c3O: UBIRAT\u00c3 ONLINE - F\u00c1BIO AUGUSTO CELESTINO\" \/>\n<meta name=\"twitter:card\" content=\"summary_large_image\" \/>\n<meta name=\"twitter:creator\" content=\"@x.com\/ubirataonline\" \/>\n<meta name=\"twitter:site\" content=\"@ubirataonline\" \/>\n<meta name=\"twitter:label1\" content=\"Written by\" \/>\n\t<meta name=\"twitter:data1\" content=\"REDA\u00c7\u00c3O: UBIRAT\u00c3 ONLINE - F\u00c1BIO AUGUSTO CELESTINO\" \/>\n\t<meta name=\"twitter:label2\" content=\"Est. reading time\" \/>\n\t<meta name=\"twitter:data2\" content=\"2 minutes\" \/>\n<script type=\"application\/ld+json\" class=\"yoast-schema-graph\">{\"@context\":\"https:\\\/\\\/schema.org\",\"@graph\":[{\"@type\":\"NewsArticle\",\"@id\":\"https:\\\/\\\/ubirataonline.com.br\\\/dana-white-urged-to-cut-kelvin-gastelum-after-yet-another-farcical-weight-miss-at-noche-ufc\\\/#article\",\"isPartOf\":{\"@id\":\"https:\\\/\\\/ubirataonline.com.br\\\/dana-white-urged-to-cut-kelvin-gastelum-after-yet-another-farcical-weight-miss-at-noche-ufc\\\/\"},\"author\":{\"name\":\"REDA\u00c7\u00c3O: UBIRAT\u00c3 ONLINE - F\u00c1BIO AUGUSTO CELESTINO\",\"@id\":\"https:\\\/\\\/ubirataonline.com.br\\\/#\\\/schema\\\/person\\\/372f87bbd3fdd79b8556b84c98d0bc1c\"},\"headline\":\"Dana White urged to cut Kelvin Gastelum after yet another farcical weight miss at Noche UFC\",\"datePublished\":\"2025-09-13T22:20:20+00:00\",\"mainEntityOfPage\":{\"@id\":\"https:\\\/\\\/ubirataonline.com.br\\\/dana-white-urged-to-cut-kelvin-gastelum-after-yet-another-farcical-weight-miss-at-noche-ufc\\\/\"},\"wordCount\":437,\"publisher\":{\"@id\":\"https:\\\/\\\/ubirataonline.com.br\\\/#organization\"},\"image\":{\"@id\":\"https:\\\/\\\/ubirataonline.com.br\\\/dana-white-urged-to-cut-kelvin-gastelum-after-yet-another-farcical-weight-miss-at-noche-ufc\\\/#primaryimage\"},\"thumbnailUrl\":\"https:\\\/\\\/ubirataonline.com.br\\\/wp-content\\\/uploads\\\/2025\\\/09\\\/GettyImages-2235047810-scaled.jpg\",\"articleSection\":[\"Brasil\"],\"inLanguage\":\"en-US\",\"copyrightYear\":\"2025\",\"copyrightHolder\":{\"@id\":\"https:\\\/\\\/ubirataonline.com.br\\\/en\\\/#organization\"}},{\"@type\":\"WebPage\",\"@id\":\"https:\\\/\\\/ubirataonline.com.br\\\/dana-white-urged-to-cut-kelvin-gastelum-after-yet-another-farcical-weight-miss-at-noche-ufc\\\/\",\"url\":\"https:\\\/\\\/ubirataonline.com.br\\\/dana-white-urged-to-cut-kelvin-gastelum-after-yet-another-farcical-weight-miss-at-noche-ufc\\\/\",\"name\":\"Dana White urged to cut Kelvin Gastelum after yet another farcical weight miss at Noche UFC - Ubirat\u00e3 Online Not\u00edcias - A realidade ao seu alcance!\",\"isPartOf\":{\"@id\":\"https:\\\/\\\/ubirataonline.com.br\\\/#website\"},\"primaryImageOfPage\":{\"@id\":\"https:\\\/\\\/ubirataonline.com.br\\\/dana-white-urged-to-cut-kelvin-gastelum-after-yet-another-farcical-weight-miss-at-noche-ufc\\\/#primaryimage\"},\"image\":{\"@id\":\"https:\\\/\\\/ubirataonline.com.br\\\/dana-white-urged-to-cut-kelvin-gastelum-after-yet-another-farcical-weight-miss-at-noche-ufc\\\/#primaryimage\"},\"thumbnailUrl\":\"https:\\\/\\\/ubirataonline.com.br\\\/wp-content\\\/uploads\\\/2025\\\/09\\\/GettyImages-2235047810-scaled.jpg\",\"datePublished\":\"2025-09-13T22:20:20+00:00\",\"description\":\"Kelvin Gastelum\u2019s UFC career may hang in the balance after a fifth weight miss, this time at a career-highest.The former middleweight title contender was\",\"breadcrumb\":{\"@id\":\"https:\\\/\\\/ubirataonline.com.br\\\/dana-white-urged-to-cut-kelvin-gastelum-after-yet-another-farcical-weight-miss-at-noche-ufc\\\/#breadcrumb\"},\"inLanguage\":\"en-US\",\"potentialAction\":[{\"@type\":\"ReadAction\",\"target\":[\"https:\\\/\\\/ubirataonline.com.br\\\/dana-white-urged-to-cut-kelvin-gastelum-after-yet-another-farcical-weight-miss-at-noche-ufc\\\/\"]}]},{\"@type\":\"ImageObject\",\"inLanguage\":\"en-US\",\"@id\":\"https:\\\/\\\/ubirataonline.com.br\\\/dana-white-urged-to-cut-kelvin-gastelum-after-yet-another-farcical-weight-miss-at-noche-ufc\\\/#primaryimage\",\"url\":\"https:\\\/\\\/ubirataonline.com.br\\\/wp-content\\\/uploads\\\/2025\\\/09\\\/GettyImages-2235047810-scaled.jpg\",\"contentUrl\":\"https:\\\/\\\/ubirataonline.com.br\\\/wp-content\\\/uploads\\\/2025\\\/09\\\/GettyImages-2235047810-scaled.jpg\",\"width\":1920,\"height\":1280},{\"@type\":\"BreadcrumbList\",\"@id\":\"https:\\\/\\\/ubirataonline.com.br\\\/dana-white-urged-to-cut-kelvin-gastelum-after-yet-another-farcical-weight-miss-at-noche-ufc\\\/#breadcrumb\",\"itemListElement\":[{\"@type\":\"ListItem\",\"position\":1,\"name\":\"In\u00edcio\",\"item\":\"https:\\\/\\\/ubirataonline.com.br\\\/\"},{\"@type\":\"ListItem\",\"position\":2,\"name\":\"Dana White urged to cut Kelvin Gastelum after yet another farcical weight miss at Noche UFC\"}]},{\"@type\":\"WebSite\",\"@id\":\"https:\\\/\\\/ubirataonline.com.br\\\/#website\",\"url\":\"https:\\\/\\\/ubirataonline.com.br\\\/\",\"name\":\"Ubirat\u00e3 Online Not\u00edcias\",\"description\":\"Not\u00edcias de Ubirat\u00e3, regi\u00e3o, Brasil e mundo, com informa\u00e7\u00e3o atualizada e compromisso com o leitor.\",\"publisher\":{\"@id\":\"https:\\\/\\\/ubirataonline.com.br\\\/#organization\"},\"alternateName\":\"Ubirat\u00e3 Online\",\"potentialAction\":[{\"@type\":\"SearchAction\",\"target\":{\"@type\":\"EntryPoint\",\"urlTemplate\":\"https:\\\/\\\/ubirataonline.com.br\\\/?s={search_term_string}\"},\"query-input\":{\"@type\":\"PropertyValueSpecification\",\"valueRequired\":true,\"valueName\":\"search_term_string\"}}],\"inLanguage\":\"en-US\"},{\"@type\":[\"Organization\",\"Place\"],\"@id\":\"https:\\\/\\\/ubirataonline.com.br\\\/#organization\",\"name\":\"Ubirat\u00e3 Online Not\u00edcias\",\"alternateName\":\"Ubirat\u00e3 Online\",\"url\":\"https:\\\/\\\/ubirataonline.com.br\\\/\",\"logo\":{\"@id\":\"https:\\\/\\\/ubirataonline.com.br\\\/dana-white-urged-to-cut-kelvin-gastelum-after-yet-another-farcical-weight-miss-at-noche-ufc\\\/#local-main-organization-logo\"},\"image\":{\"@id\":\"https:\\\/\\\/ubirataonline.com.br\\\/dana-white-urged-to-cut-kelvin-gastelum-after-yet-another-farcical-weight-miss-at-noche-ufc\\\/#local-main-organization-logo\"},\"sameAs\":[\"https:\\\/\\\/www.facebook.com\\\/portalubirataonline\",\"https:\\\/\\\/x.com\\\/ubirataonline\",\"https:\\\/\\\/mastodon.social\\\/@ubirataonline\",\"https:\\\/\\\/www.facebook.com\\\/groups\\\/311144672285604\",\"https:\\\/\\\/www.facebook.com\\\/UBTAOnline\",\"https:\\\/\\\/www.instagram.com\\\/portalubirataonline\\\/\",\"https:\\\/\\\/twitter.com\\\/ubirataonline\"],\"description\":\"Somos um portal de not\u00edcias independente, criado em 5 de janeiro de 2009, com o objetivo de informar, conectar e valorizar a nossa comunidade de Ubirat\u00e3 e toda aregi\u00e3o. Com conte\u00fado atualizado, confi\u00e1vel e relevante, o Ubirat\u00e3 Online \u00e9 o seu espa\u00e7o para ficar por dentro dos principais acontecimentos locais, regionais, Brasil, Mundo e de interesse geral. Nosso compromisso \u00e9 com a verdade, a transpar\u00eancia e o respeito ao leitor.\",\"legalName\":\"UBIRATA ONLINE NOT\u00cdCIAS\",\"foundingDate\":\"2009-01-05\",\"numberOfEmployees\":{\"@type\":\"QuantitativeValue\",\"minValue\":\"1\",\"maxValue\":\"10\"},\"publishingPrinciples\":\"https:\\\/\\\/ubirataonline.com.br\\\/faq\\\/\",\"address\":{\"@id\":\"https:\\\/\\\/ubirataonline.com.br\\\/dana-white-urged-to-cut-kelvin-gastelum-after-yet-another-farcical-weight-miss-at-noche-ufc\\\/#local-main-place-address\"},\"geo\":{\"@type\":\"GeoCoordinates\",\"latitude\":\"-24.5361401\",\"longitude\":\"-52.9921776\"},\"telephone\":[\"+5544998308235\"],\"contactPoint\":{\"@type\":\"ContactPoint\",\"email\":\"contato@ubirataonline.com.br\"},\"openingHoursSpecification\":{\"@type\":\"OpeningHoursSpecification\",\"dayOfWeek\":[\"Monday\",\"Tuesday\",\"Wednesday\",\"Thursday\",\"Friday\",\"Saturday\",\"Sunday\"],\"opens\":\"00:00\",\"closes\":\"23:59\"},\"email\":\"contato@ubirataonline.com.br\",\"vatID\":\"47.621.418\\\/0001-80\"},{\"@type\":\"Person\",\"@id\":\"https:\\\/\\\/ubirataonline.com.br\\\/#\\\/schema\\\/person\\\/372f87bbd3fdd79b8556b84c98d0bc1c\",\"name\":\"REDA\u00c7\u00c3O: UBIRAT\u00c3 ONLINE - F\u00c1BIO AUGUSTO CELESTINO\",\"pronouns\":\"Ele\",\"description\":\"Desde 2003 trabalhando com not\u00edcias.\",\"sameAs\":[\"http:\\\/\\\/ubirataoline.com.br\",\"https:\\\/\\\/www.facebook.com\\\/portalubirataonline\",\"https:\\\/\\\/www.instagram.com\\\/ubirataonline_oficial\",\"https:\\\/\\\/x.com\\\/x.com\\\/ubirataonline\"],\"honorificPrefix\":\"Mr.\",\"honorificSuffix\":\"MD\",\"birthDate\":\"1980-06-16\",\"gender\":\"masculino\",\"award\":[\"V\u00e1rios pr\u00eamios de melhor portal da cidade\"],\"jobTitle\":\"Diretor\",\"url\":\"https:\\\/\\\/ubirataonline.com.br\\\/en\\\/author\\\/ubirataonline\\\/\"},{\"@type\":\"PostalAddress\",\"@id\":\"https:\\\/\\\/ubirataonline.com.br\\\/dana-white-urged-to-cut-kelvin-gastelum-after-yet-another-farcical-weight-miss-at-noche-ufc\\\/#local-main-place-address\",\"streetAddress\":\"Rua dos Coqueiros, 104 - Bairro Boa Vista, Rua dos Coqueiros, 104 Bairro Boa Vista\",\"addressLocality\":\"UBIRATA\",\"postalCode\":\"85440-000\",\"addressRegion\":\"PR\",\"addressCountry\":\"BR\"},{\"@type\":\"ImageObject\",\"inLanguage\":\"en-US\",\"@id\":\"https:\\\/\\\/ubirataonline.com.br\\\/dana-white-urged-to-cut-kelvin-gastelum-after-yet-another-farcical-weight-miss-at-noche-ufc\\\/#local-main-organization-logo\",\"url\":\"https:\\\/\\\/ubirataonline.com.br\\\/wp-content\\\/uploads\\\/2026\\\/06\\\/logoubirataonline-1.webp\",\"contentUrl\":\"https:\\\/\\\/ubirataonline.com.br\\\/wp-content\\\/uploads\\\/2026\\\/06\\\/logoubirataonline-1.webp\",\"width\":500,\"height\":500,\"caption\":\"Ubirat\u00e3 Online Not\u00edcias\"}]}<\/script>\n<meta name=\"geo.placename\" content=\"UBIRATA\" \/>\n<meta name=\"geo.position\" content=\"-24.5361401;-52.9921776\" \/>\n<meta name=\"geo.region\" content=\"Brazil\" \/>\n<!-- \/ Yoast SEO Premium plugin. -->","yoast_head_json":{"title":"Dana White urged to cut Kelvin Gastelum after yet another farcical weight miss at Noche UFC - Ubirat\u00e3 Online Not\u00edcias - A realidade ao seu alcance!","description":"Kelvin Gastelum\u2019s UFC career may hang in the balance after a fifth weight miss, this time at a career-highest.The former middleweight title contender was","robots":{"index":"index","follow":"follow","max-snippet":"max-snippet:-1","max-image-preview":"max-image-preview:large","max-video-preview":"max-video-preview:-1"},"canonical":"https:\/\/ubirataonline.com.br\/en\/dana-white-urged-to-cut-kelvin-gastelum-after-yet-another-farcical-weight-miss-at-noche-ufc\/","og_locale":"en_US","og_type":"article","og_title":"Dana White urged to cut Kelvin Gastelum after yet another farcical weight miss at Noche UFC","og_description":"Kelvin Gastelum\u2019s UFC career may hang in the balance after a fifth weight miss, this time at a career-highest.The former middleweight title contender was","og_url":"https:\/\/ubirataonline.com.br\/en\/dana-white-urged-to-cut-kelvin-gastelum-after-yet-another-farcical-weight-miss-at-noche-ufc\/","og_site_name":"Ubirat\u00e3 Online Not\u00edcias - A realidade ao seu alcance!","article_publisher":"https:\/\/www.facebook.com\/portalubirataonline","article_author":"https:\/\/www.facebook.com\/portalubirataonline","article_published_time":"2025-09-13T22:20:20+00:00","og_image":[{"width":1531,"height":418,"url":"https:\/\/ubirataonline.com.br\/wp-content\/uploads\/2026\/05\/logo2026.webp","type":"image\/webp"}],"author":"REDA\u00c7\u00c3O: UBIRAT\u00c3 ONLINE - F\u00c1BIO AUGUSTO CELESTINO","twitter_card":"summary_large_image","twitter_creator":"@x.com\/ubirataonline","twitter_site":"@ubirataonline","twitter_misc":{"Written by":"REDA\u00c7\u00c3O: UBIRAT\u00c3 ONLINE - F\u00c1BIO AUGUSTO CELESTINO","Est. reading time":"2 minutes"},"schema":{"@context":"https:\/\/schema.org","@graph":[{"@type":"NewsArticle","@id":"https:\/\/ubirataonline.com.br\/dana-white-urged-to-cut-kelvin-gastelum-after-yet-another-farcical-weight-miss-at-noche-ufc\/#article","isPartOf":{"@id":"https:\/\/ubirataonline.com.br\/dana-white-urged-to-cut-kelvin-gastelum-after-yet-another-farcical-weight-miss-at-noche-ufc\/"},"author":{"name":"REDA\u00c7\u00c3O: UBIRAT\u00c3 ONLINE - F\u00c1BIO AUGUSTO CELESTINO","@id":"https:\/\/ubirataonline.com.br\/#\/schema\/person\/372f87bbd3fdd79b8556b84c98d0bc1c"},"headline":"Dana White urged to cut Kelvin Gastelum after yet another farcical weight miss at Noche UFC","datePublished":"2025-09-13T22:20:20+00:00","mainEntityOfPage":{"@id":"https:\/\/ubirataonline.com.br\/dana-white-urged-to-cut-kelvin-gastelum-after-yet-another-farcical-weight-miss-at-noche-ufc\/"},"wordCount":437,"publisher":{"@id":"https:\/\/ubirataonline.com.br\/#organization"},"image":{"@id":"https:\/\/ubirataonline.com.br\/dana-white-urged-to-cut-kelvin-gastelum-after-yet-another-farcical-weight-miss-at-noche-ufc\/#primaryimage"},"thumbnailUrl":"https:\/\/ubirataonline.com.br\/wp-content\/uploads\/2025\/09\/GettyImages-2235047810-scaled.jpg","articleSection":["Brasil"],"inLanguage":"en-US","copyrightYear":"2025","copyrightHolder":{"@id":"https:\/\/ubirataonline.com.br\/en\/#organization"}},{"@type":"WebPage","@id":"https:\/\/ubirataonline.com.br\/dana-white-urged-to-cut-kelvin-gastelum-after-yet-another-farcical-weight-miss-at-noche-ufc\/","url":"https:\/\/ubirataonline.com.br\/dana-white-urged-to-cut-kelvin-gastelum-after-yet-another-farcical-weight-miss-at-noche-ufc\/","name":"Dana White urged to cut Kelvin Gastelum after yet another farcical weight miss at Noche UFC - Ubirat\u00e3 Online Not\u00edcias - A realidade ao seu alcance!","isPartOf":{"@id":"https:\/\/ubirataonline.com.br\/#website"},"primaryImageOfPage":{"@id":"https:\/\/ubirataonline.com.br\/dana-white-urged-to-cut-kelvin-gastelum-after-yet-another-farcical-weight-miss-at-noche-ufc\/#primaryimage"},"image":{"@id":"https:\/\/ubirataonline.com.br\/dana-white-urged-to-cut-kelvin-gastelum-after-yet-another-farcical-weight-miss-at-noche-ufc\/#primaryimage"},"thumbnailUrl":"https:\/\/ubirataonline.com.br\/wp-content\/uploads\/2025\/09\/GettyImages-2235047810-scaled.jpg","datePublished":"2025-09-13T22:20:20+00:00","description":"Kelvin Gastelum\u2019s UFC career may hang in the balance after a fifth weight miss, this time at a career-highest.The former middleweight title contender was","breadcrumb":{"@id":"https:\/\/ubirataonline.com.br\/dana-white-urged-to-cut-kelvin-gastelum-after-yet-another-farcical-weight-miss-at-noche-ufc\/#breadcrumb"},"inLanguage":"en-US","potentialAction":[{"@type":"ReadAction","target":["https:\/\/ubirataonline.com.br\/dana-white-urged-to-cut-kelvin-gastelum-after-yet-another-farcical-weight-miss-at-noche-ufc\/"]}]},{"@type":"ImageObject","inLanguage":"en-US","@id":"https:\/\/ubirataonline.com.br\/dana-white-urged-to-cut-kelvin-gastelum-after-yet-another-farcical-weight-miss-at-noche-ufc\/#primaryimage","url":"https:\/\/ubirataonline.com.br\/wp-content\/uploads\/2025\/09\/GettyImages-2235047810-scaled.jpg","contentUrl":"https:\/\/ubirataonline.com.br\/wp-content\/uploads\/2025\/09\/GettyImages-2235047810-scaled.jpg","width":1920,"height":1280},{"@type":"BreadcrumbList","@id":"https:\/\/ubirataonline.com.br\/dana-white-urged-to-cut-kelvin-gastelum-after-yet-another-farcical-weight-miss-at-noche-ufc\/#breadcrumb","itemListElement":[{"@type":"ListItem","position":1,"name":"In\u00edcio","item":"https:\/\/ubirataonline.com.br\/"},{"@type":"ListItem","position":2,"name":"Dana White urged to cut Kelvin Gastelum after yet another farcical weight miss at Noche UFC"}]},{"@type":"WebSite","@id":"https:\/\/ubirataonline.com.br\/#website","url":"https:\/\/ubirataonline.com.br\/","name":"Ubirat\u00e3 Online Not\u00edcias","description":"Not\u00edcias de Ubirat\u00e3, regi\u00e3o, Brasil e mundo, com informa\u00e7\u00e3o atualizada e compromisso com o leitor.","publisher":{"@id":"https:\/\/ubirataonline.com.br\/#organization"},"alternateName":"Ubirat\u00e3 Online","potentialAction":[{"@type":"SearchAction","target":{"@type":"EntryPoint","urlTemplate":"https:\/\/ubirataonline.com.br\/?s={search_term_string}"},"query-input":{"@type":"PropertyValueSpecification","valueRequired":true,"valueName":"search_term_string"}}],"inLanguage":"en-US"},{"@type":["Organization","Place"],"@id":"https:\/\/ubirataonline.com.br\/#organization","name":"Ubirat\u00e3 Online Not\u00edcias","alternateName":"Ubirat\u00e3 Online","url":"https:\/\/ubirataonline.com.br\/","logo":{"@id":"https:\/\/ubirataonline.com.br\/dana-white-urged-to-cut-kelvin-gastelum-after-yet-another-farcical-weight-miss-at-noche-ufc\/#local-main-organization-logo"},"image":{"@id":"https:\/\/ubirataonline.com.br\/dana-white-urged-to-cut-kelvin-gastelum-after-yet-another-farcical-weight-miss-at-noche-ufc\/#local-main-organization-logo"},"sameAs":["https:\/\/www.facebook.com\/portalubirataonline","https:\/\/x.com\/ubirataonline","https:\/\/mastodon.social\/@ubirataonline","https:\/\/www.facebook.com\/groups\/311144672285604","https:\/\/www.facebook.com\/UBTAOnline","https:\/\/www.instagram.com\/portalubirataonline\/","https:\/\/twitter.com\/ubirataonline"],"description":"Somos um portal de not\u00edcias independente, criado em 5 de janeiro de 2009, com o objetivo de informar, conectar e valorizar a nossa comunidade de Ubirat\u00e3 e toda aregi\u00e3o. Com conte\u00fado atualizado, confi\u00e1vel e relevante, o Ubirat\u00e3 Online \u00e9 o seu espa\u00e7o para ficar por dentro dos principais acontecimentos locais, regionais, Brasil, Mundo e de interesse geral. Nosso compromisso \u00e9 com a verdade, a transpar\u00eancia e o respeito ao leitor.","legalName":"UBIRATA ONLINE NOT\u00cdCIAS","foundingDate":"2009-01-05","numberOfEmployees":{"@type":"QuantitativeValue","minValue":"1","maxValue":"10"},"publishingPrinciples":"https:\/\/ubirataonline.com.br\/faq\/","address":{"@id":"https:\/\/ubirataonline.com.br\/dana-white-urged-to-cut-kelvin-gastelum-after-yet-another-farcical-weight-miss-at-noche-ufc\/#local-main-place-address"},"geo":{"@type":"GeoCoordinates","latitude":"-24.5361401","longitude":"-52.9921776"},"telephone":["+5544998308235"],"contactPoint":{"@type":"ContactPoint","email":"contato@ubirataonline.com.br"},"openingHoursSpecification":{"@type":"OpeningHoursSpecification","dayOfWeek":["Monday","Tuesday","Wednesday","Thursday","Friday","Saturday","Sunday"],"opens":"00:00","closes":"23:59"},"email":"contato@ubirataonline.com.br","vatID":"47.621.418\/0001-80"},{"@type":"Person","@id":"https:\/\/ubirataonline.com.br\/#\/schema\/person\/372f87bbd3fdd79b8556b84c98d0bc1c","name":"REDA\u00c7\u00c3O: UBIRAT\u00c3 ONLINE - F\u00c1BIO AUGUSTO CELESTINO","pronouns":"Ele","description":"Desde 2003 trabalhando com not\u00edcias.","sameAs":["http:\/\/ubirataoline.com.br","https:\/\/www.facebook.com\/portalubirataonline","https:\/\/www.instagram.com\/ubirataonline_oficial","https:\/\/x.com\/x.com\/ubirataonline"],"honorificPrefix":"Mr.","honorificSuffix":"MD","birthDate":"1980-06-16","gender":"masculino","award":["V\u00e1rios pr\u00eamios de melhor portal da cidade"],"jobTitle":"Diretor","url":"https:\/\/ubirataonline.com.br\/en\/author\/ubirataonline\/"},{"@type":"PostalAddress","@id":"https:\/\/ubirataonline.com.br\/dana-white-urged-to-cut-kelvin-gastelum-after-yet-another-farcical-weight-miss-at-noche-ufc\/#local-main-place-address","streetAddress":"Rua dos Coqueiros, 104 - Bairro Boa Vista, Rua dos Coqueiros, 104 Bairro Boa Vista","addressLocality":"UBIRATA","postalCode":"85440-000","addressRegion":"PR","addressCountry":"BR"},{"@type":"ImageObject","inLanguage":"en-US","@id":"https:\/\/ubirataonline.com.br\/dana-white-urged-to-cut-kelvin-gastelum-after-yet-another-farcical-weight-miss-at-noche-ufc\/#local-main-organization-logo","url":"https:\/\/ubirataonline.com.br\/wp-content\/uploads\/2026\/06\/logoubirataonline-1.webp","contentUrl":"https:\/\/ubirataonline.com.br\/wp-content\/uploads\/2026\/06\/logoubirataonline-1.webp","width":500,"height":500,"caption":"Ubirat\u00e3 Online Not\u00edcias"}]},"geo.placename":"UBIRATA","geo.position":{"lat":"-24.5361401","long":"-52.9921776"},"geo.region":"Brazil"},"_links":{"self":[{"href":"https:\/\/ubirataonline.com.br\/en\/wp-json\/wp\/v2\/posts\/68264","targetHints":{"allow":["GET"]}}],"collection":[{"href":"https:\/\/ubirataonline.com.br\/en\/wp-json\/wp\/v2\/posts"}],"about":[{"href":"https:\/\/ubirataonline.com.br\/en\/wp-json\/wp\/v2\/types\/post"}],"author":[{"embeddable":true,"href":"https:\/\/ubirataonline.com.br\/en\/wp-json\/wp\/v2\/users\/1"}],"replies":[{"embeddable":true,"href":"https:\/\/ubirataonline.com.br\/en\/wp-json\/wp\/v2\/comments?post=68264"}],"version-history":[{"count":0,"href":"https:\/\/ubirataonline.com.br\/en\/wp-json\/wp\/v2\/posts\/68264\/revisions"}],"wp:featuredmedia":[{"embeddable":true,"href":"https:\/\/ubirataonline.com.br\/en\/wp-json\/wp\/v2\/media\/68265"}],"wp:attachment":[{"href":"https:\/\/ubirataonline.com.br\/en\/wp-json\/wp\/v2\/media?parent=68264"}],"wp:term":[{"taxonomy":"category","embeddable":true,"href":"https:\/\/ubirataonline.com.br\/en\/wp-json\/wp\/v2\/categories?post=68264"},{"taxonomy":"post_tag","embeddable":true,"href":"https:\/\/ubirataonline.com.br\/en\/wp-json\/wp\/v2\/tags?post=68264"}],"curies":[{"name":"wp","href":"https:\/\/api.w.org\/{rel}","templated":true}]}}