{"id":68270,"date":"2025-09-13T20:23:08","date_gmt":"2025-09-13T23:23:08","guid":{"rendered":"https:\/\/ubirataonline.com.br\/nicolas-larcamon-externa-las-metas-a-corto-plazo-de-cruz-azul\/"},"modified":"2025-09-13T20:23:08","modified_gmt":"2025-09-13T23:23:08","slug":"nicolas-larcamon-externa-las-metas-a-corto-plazo-de-cruz-azul","status":"publish","type":"post","link":"https:\/\/ubirataonline.com.br\/en\/nicolas-larcamon-externa-las-metas-a-corto-plazo-de-cruz-azul\/","title":{"rendered":"Nicol\u00e1s Larcam\u00f3n externa las metas a corto plazo de Cruz Azul"},"content":{"rendered":"<p><\/p>\n<div q:key=\"QW_4\"><!--qv q:key=QW_2--><!--qv q:id=6f q:key=vcaa:\n\n<p>Luego de una Leagues Cup, <a href=\"https:\/\/www.si.com\/es-us\/futbol\/equipo\/cruz-azul\">Cruz Azul<\/a> ha corregido el camino. El cuadro de la capital del pa&iacute;s est&aacute; tercero en la general dentro de la<a href=\"https:\/\/www.si.com\/es-us\/futbol\/liga-mx\"> Liga MX<\/a>, cuenta con los mismos puntos que el Am&eacute;rica y est&aacute; s&oacute;lo una unidad por debajo de los Rayados de Monterrey.<\/p>\n\n--><!--qv q:id=6g q:key=lY4S:mL_1--><\/p>\n<p id=\"inline-text-0\" class=\"mt-[18px] md:mt-0 mb-[18px] [&amp;_a]:text-primary my-f-1.5\" q:key=\"0\" q:id=\"6h\">Luego de una Leagues Cup, <a href=\"https:\/\/www.si.com\/es-us\/futbol\/equipo\/cruz-azul\">Cruz Azul<\/a> ha corregido el camino. El cuadro de la capital del pa\u00eds est\u00e1 tercero en la general dentro de la<a href=\"https:\/\/www.si.com\/es-us\/futbol\/liga-mx\"> Liga MX<\/a>, cuenta con los mismos puntos que el Am\u00e9rica y est\u00e1 s\u00f3lo una unidad por debajo de los Rayados de Monterrey.<\/p>\n<p><!--\/qv--><!--\/qv--><!--\/qv--><!--qv q:key=QW_2--><!--qv q:id=6i q:key=vcaa:\n\n<p>Siendo el caso, la meta de los de La Noria es la de seguir con la buena inercia en el torneo local. El t&eacute;cnico del equipo, Nicol&aacute;s Larcam&oacute;n asegura que el equipo no va a frenar hasta que est&eacute;n en la cima de la tabla general y para ello, vencer a Pachuca este s&aacute;bado ser&aacute; vital.<\/p>\n\n--><!--qv q:id=6j q:key=lY4S:mL_1--><\/p>\n<p id=\"inline-text-1\" class=\"my-[18px] [&amp;_a]:text-primary my-f-1.5\" q:key=\"0\" q:id=\"6k\">Siendo el caso, la meta de los de La Noria es la de seguir con la buena inercia en el torneo local. El t\u00e9cnico del equipo, Nicol\u00e1s Larcam\u00f3n asegura que el equipo no va a frenar hasta que est\u00e9n en la cima de la tabla general y para ello, vencer a Pachuca este s\u00e1bado ser\u00e1 vital.<\/p>\n<p><!--\/qv--><!--\/qv--><!--\/qv--><!--qv q:key=QW_2--><!--qv q:id=6l q:key=vcaa:https:\/\/twitter.com\/UnivDeportes\/status\/1966225520590549230--><!--qv q:id=6m q:key=YFn6:mL_1--><\/p>\n<figure on:qvisible=\"q-BNJ-qfUC.js#_hW[0]\" q:key=\"HU_0\" q:id=\"6n\">\n<blockquote class=\"twitter-tweet\">\n<p lang=\"es\" dir=\"ltr\">Nicol\u00e1s Larcam\u00f3n asegura que Cruz Azul buscar\u00e1 los primeros puestos del Apertura 2025 y as\u00ed clasificar directo. Cerrar de local ayuda en la liguilla. <a href=\"https:\/\/t.co\/1xK1mbJH4C\">pic.twitter.com\/1xK1mbJH4C<\/a><\/p>\n<p>\u2014 Universal Deportes (@UnivDeportes) <a href=\"https:\/\/twitter.com\/UnivDeportes\/status\/1966225520590549230?ref_src=twsrc%5Etfw\">September 11, 2025<\/a><\/p><\/blockquote>\n<\/figure>\n<p><!--\/qv--><!--\/qv--><!--\/qv--><!--qv q:key=QW_2--><!--qv q:id=6o q:key=vcaa:Lo que tiene que ver en cuanto es relevante, siempre es importante, porque ser&iacute;a sin&oacute;nimo de seguir ganando puntos, siendo de los mejores equipos de la fase regular, una expectativa que queremos alcanzar. Sabemos que ser&aacute; m&aacute;s importante de cara a las fases decisivas del torneo, en la Liguilla. Lo relevante que son los puestos m&aacute;s altos, lograr la mejor clasificaci&oacute;n supone mejores condiciones. Ambicionamos sobre todo seguir evolucionando en el rendimiento y lograr estar en los cuatro m&aacute;s altos siempre ser&aacute; un anhelo para nosotros.--><!--qv q:id=6p q:key=0J2M:mL_1--><\/p>\n<blockquote class=\"border-lightGrey my-f-1.5\" q:key=\"qi_3\">\n<p>Lo que tiene que ver en cuanto es relevante, siempre es importante, porque ser\u00eda sin\u00f3nimo de seguir ganando puntos, siendo de los mejores equipos de la fase regular, una expectativa que queremos alcanzar. Sabemos que ser\u00e1 m\u00e1s importante de cara a las fases decisivas del torneo, en la Liguilla. Lo relevante que son los puestos m\u00e1s altos, lograr la mejor clasificaci\u00f3n supone mejores condiciones. Ambicionamos sobre todo seguir evolucionando en el rendimiento y lograr estar en los cuatro m\u00e1s altos siempre ser\u00e1 un anhelo para nosotros.<\/p>\n<p><cite class=\"font-bold text-sm md:text-base block text-grey text-center\" q:key=\"qi_2\"><!--t=6q-->Nicol\u00e1s Larcam\u00f3n<!----><\/cite><\/p><\/blockquote>\n<p><!--\/qv--><!--\/qv--><!--\/qv--><!--qv q:key=QW_2--><!--qv q:id=6r q:key=vcaa:https:\/\/images2.minutemediacdn.com\/image\/upload\/c_crop,w_1024,h_576,x_0,y_0\/images\/GettyImages\/mmsport\/sports_illustrated_ftbol\/01k4z1y7jmgkdswfmfqc--><!--qv q:id=6s q:key=VjqC:mL_1--><!--qv q:id=6t q:key=deAA:7d_2--><!--qv q:s q:sref=6t q:key=--><!--qv q:id=6u q:key=deAA:7d_1--><!--qv q:s q:sref=6u q:key=--><!--qv q:id=6v q:key=cHU9:7d_0--><!--qv q:id=6w q:key=deAA:e2_0--><!--qv q:id=6x q:key=B0c2:SZ_1--><\/p>\n<figure q:key=\"9m_2\"><!--qv q:s q:sref=6x q:key=--><!--qv q:s q:sref=6w q:key=--><\/p>\n<div class=\"overflow-hidden bg-lightGrey undefined\" on:qvisible=\"q-CJbzGadw.js#_hW[0]\" q:id=\"6y\"><picture><source srcset=\"https:\/\/images2.minutemediacdn.com\/image\/upload\/c_crop,x_0,y_0,w_1024,h_576\/c_fill,w_360,ar_16:9,f_auto,q_auto,g_auto\/images%2FGettyImages%2Fmmsport%2Fsports_illustrated_ftbol%2F01k4z1y7jmgkdswfmfqc.jpg 1x, &#10;    https:\/\/images2.minutemediacdn.com\/image\/upload\/c_crop,x_0,y_0,w_1024,h_576\/c_fill,w_720,ar_16:9,f_auto,q_auto,g_auto\/images%2FGettyImages%2Fmmsport%2Fsports_illustrated_ftbol%2F01k4z1y7jmgkdswfmfqc.jpg 2x, &#10;    https:\/\/images2.minutemediacdn.com\/image\/upload\/c_crop,x_0,y_0,w_1024,h_576\/c_fill,w_1080,ar_16:9,f_auto,q_auto,g_auto\/images%2FGettyImages%2Fmmsport%2Fsports_illustrated_ftbol%2F01k4z1y7jmgkdswfmfqc.jpg 3x\" media=\"(max-width: 719px)\"><source srcset=\"https:\/\/images2.minutemediacdn.com\/image\/upload\/c_crop,x_0,y_0,w_1024,h_576\/c_fill,w_720,ar_16:9,f_auto,q_auto,g_auto\/images%2FGettyImages%2Fmmsport%2Fsports_illustrated_ftbol%2F01k4z1y7jmgkdswfmfqc.jpg 1x,&#10;    https:\/\/images2.minutemediacdn.com\/image\/upload\/c_crop,x_0,y_0,w_1024,h_576\/c_fill,w_1440,ar_16:9,f_auto,q_auto,g_auto\/images%2FGettyImages%2Fmmsport%2Fsports_illustrated_ftbol%2F01k4z1y7jmgkdswfmfqc.jpg 2x, &#10;    https:\/\/images2.minutemediacdn.com\/image\/upload\/c_crop,x_0,y_0,w_1024,h_576\/c_fill,w_1440,ar_16:9,f_auto,q_auto,g_auto\/images%2FGettyImages%2Fmmsport%2Fsports_illustrated_ftbol%2F01k4z1y7jmgkdswfmfqc.jpg 3x\" media=\"(max-width: 1079px)\"><source srcset=\"https:\/\/images2.minutemediacdn.com\/image\/upload\/c_crop,x_0,y_0,w_1024,h_576\/c_fill,w_720,ar_16:9,f_auto,q_auto,g_auto\/images%2FGettyImages%2Fmmsport%2Fsports_illustrated_ftbol%2F01k4z1y7jmgkdswfmfqc.jpg 1x,&#10;    https:\/\/images2.minutemediacdn.com\/image\/upload\/c_crop,x_0,y_0,w_1024,h_576\/c_fill,w_1440,ar_16:9,f_auto,q_auto,g_auto\/images%2FGettyImages%2Fmmsport%2Fsports_illustrated_ftbol%2F01k4z1y7jmgkdswfmfqc.jpg 2x,&#10;    https:\/\/images2.minutemediacdn.com\/image\/upload\/c_crop,x_0,y_0,w_1024,h_576\/c_fill,w_1440,ar_16:9,f_auto,q_auto,g_auto\/images%2FGettyImages%2Fmmsport%2Fsports_illustrated_ftbol%2F01k4z1y7jmgkdswfmfqc.jpg 3x\" media=\"(min-width: 1080px)\"><img loading=\"lazy\" decoding=\"async\" src=\"https:\/\/images2.minutemediacdn.com\/image\/upload\/c_crop,x_0,y_0,w_1024,h_576\/c_fill,w_16,ar_16:9,f_auto,q_auto,g_auto\/images\/GettyImages\/mmsport\/sports_illustrated_ftbol\/01k4z1y7jmgkdswfmfqc.jpg\" alt=\"FBL-MEX-GUADALAJARA-CRUZ AZUL\" title=\"FBL-MEX-GUADALAJARA-CRUZ AZUL\" width=\"1024\" height=\"576\" class=\"undefined w-full w-full blur-[5px]\" q:id=\"6z\"\/><\/source><\/source><\/source><\/picture><\/div>\n<p><!--\/qv--><!--\/qv--><\/p>\n<p><figcaption q:id=\"70\">FBL-MEX-GUADALAJARA-CRUZ AZUL | ULISES RUIZ\/GettyImages<\/figcaption><\/p>\n<\/figure>\n<p><!--\/qv--><!--\/qv--><!--\/qv--><!--\/qv--><!--\/qv--><!--\/qv--><!--\/qv--><!--\/qv--><!--\/qv--><!--\/qv--><!--qv q:key=QW_2--><!--qv q:id=71 q:key=vcaa:\n\n<p>Si bien entiende que el equipo sigue en etapa de construcci&oacute;n, no oculta que la meta y el deseo es tomar el liderato de la Liga MX.<\/p>\n\n--><!--qv q:id=72 q:key=lY4S:mL_1--><\/p>\n<p id=\"inline-text-5\" class=\"my-[18px] [&amp;_a]:text-primary my-f-1.5\" q:key=\"0\" q:id=\"73\">Si bien entiende que el equipo sigue en etapa de construcci\u00f3n, no oculta que la meta y el deseo es tomar el liderato de la Liga MX.<\/p>\n<p><!--\/qv--><!--\/qv--><!--\/qv--><!--qv q:key=QW_2--><!--qv q:id=74 q:key=vcaa:Hemos tenido un rendimiento que nos apertura a tener un diagn&oacute;stico con algunos puntos importantes en ese margen de mejora. La pelota parada en contra ha sido una complejidad, es una fase que atacamos. No concibo la mejora y el entrenamiento solamente poniendo el foco en lo que se debe mejorar, tambi&eacute;n lo pongo en seguir ratificando lo que se hace bien. Vamos en ese balance. Es un partido muy importante para nosotros, se vienen dos local&iacute;as, queremos ganar un sexto partido consecutivo para despu&eacute;s jugar como local, y seguir construyendo lo que se quiere construir.--><!--qv q:id=75 q:key=0J2M:mL_1--><\/p>\n<blockquote class=\"border-lightGrey my-f-1.5\" q:key=\"qi_3\">\n<p>Hemos tenido un rendimiento que nos apertura a tener un diagn\u00f3stico con algunos puntos importantes en ese margen de mejora. La pelota parada en contra ha sido una complejidad, es una fase que atacamos. No concibo la mejora y el entrenamiento solamente poniendo el foco en lo que se debe mejorar, tambi\u00e9n lo pongo en seguir ratificando lo que se hace bien. Vamos en ese balance. Es un partido muy importante para nosotros, se vienen dos local\u00edas, queremos ganar un sexto partido consecutivo para despu\u00e9s jugar como local, y seguir construyendo lo que se quiere construir.<\/p>\n<p><cite class=\"font-bold text-sm md:text-base block text-grey text-center\" q:key=\"qi_2\"><!--t=76-->Nicol\u00e1s Larcam\u00f3n<!----><\/cite><\/p><\/blockquote>\n<p><!--\/qv--><!--\/qv--><!--\/qv--><!--qv q:key=QW_2--><!--qv q:id=77 q:key=vcaa:7--><!--qv q:id=78 q:key=fOK1:mL_1--><\/p>\n<hr class=\"w-full border-0 my-4 bg-lightGrey h-1\" q:key=\"Xt_0\"\/><!--\/qv--><!--\/qv--><!--\/qv--><!--qv q:key=QW_2--><!--qv q:id=79 q:key=vcaa:\n\n<h3>M&aacute;s noticias sobre la Liga MX<\/h3>\n\n--><!--qv q:id=7a q:key=lY4S:mL_1--><\/p>\n<h3 id=\"inline-text-8\" class=\"my-[18px] [&amp;_a]:text-primary my-f-1.5\" q:key=\"0\" q:id=\"7b\">M\u00e1s noticias sobre la Liga MX<\/h3>\n<p><!--\/qv--><!--\/qv--><!--\/qv--><!--qv q:key=QW_2--><!--qv q:id=7c q:key=vcaa:https:\/\/content-enrichment-service.mmsport.minutesvc.com\/oembed?url=https:\/\/content-enrichment-service.mmsport.minutesvc.com\/properties\/sports_illustrated_ftbol\/embeds\/01jxmjh5d3h1dmv--><!--qv q:id=7d q:key=jBas:mL_1--><\/p>\n<figure on-document:load=\"q-Dl02MHIZ.js#s_LZBLIxdhCWU[0 1]\" q:key=\"S2_1\" q:id=\"7e\"\/><!--\/qv--><!--\/qv--><!--\/qv--><\/div>\n<p><script async src=\"\/\/platform.twitter.com\/widgets.js\" charset=\"utf-8\"><\/script><br \/>\n<br \/><a href=\"https:\/\/www.si.com\/es-us\/futbol\/nicolas-larcamon-externa-las-metas-a-corto-plazo-de-cruz-azul\">Source link <\/a><\/p>\n","protected":false},"excerpt":{"rendered":"<p>Luego de una Leagues Cup, Cruz Azul ha corregido el camino. El cuadro de la capital del pa\u00eds est\u00e1 tercero en la general dentro de la Liga MX, cuenta con los mismos puntos que el Am\u00e9rica y est\u00e1 s\u00f3lo una unidad por debajo de los Rayados de Monterrey. Siendo el caso, la meta de los [&hellip;]<\/p>\n","protected":false},"author":1,"featured_media":68271,"comment_status":"","ping_status":"","sticky":false,"template":"","format":"standard","meta":{"googlesitekit_rrm_CAow2JLhCw:productID":"","_gspb_post_css":"","maa_idioma":"","maa_pais":"","footnotes":""},"categories":[4],"tags":[],"class_list":["post-68270","post","type-post","status-publish","format-standard","has-post-thumbnail","hentry","category-brasil"],"blocksy_meta":[],"yoast_head":"<!-- This site is optimized with the Yoast SEO Premium plugin v27.6 (Yoast SEO v27.6) - https:\/\/yoast.com\/product\/yoast-seo-premium-wordpress\/ -->\n<title>Nicol\u00e1s Larcam\u00f3n externa las metas a corto plazo de Cruz Azul - Ubirat\u00e3 Online Not\u00edcias - A realidade ao seu alcance!<\/title>\n<meta name=\"description\" content=\"Luego de una Leagues Cup, Cruz Azul ha corregido el camino. El cuadro de la capital del pa\u00eds est\u00e1 tercero en la general dentro de la Liga MX, cuenta con\" \/>\n<meta name=\"robots\" content=\"index, follow, max-snippet:-1, max-image-preview:large, max-video-preview:-1\" \/>\n<link rel=\"canonical\" href=\"https:\/\/ubirataonline.com.br\/en\/nicolas-larcamon-externa-las-metas-a-corto-plazo-de-cruz-azul\/\" \/>\n<meta property=\"og:locale\" content=\"en_US\" \/>\n<meta property=\"og:type\" content=\"article\" \/>\n<meta property=\"og:title\" content=\"Nicol\u00e1s Larcam\u00f3n externa las metas a corto plazo de Cruz Azul\" \/>\n<meta property=\"og:description\" content=\"Luego de una Leagues Cup, Cruz Azul ha corregido el camino. El cuadro de la capital del pa\u00eds est\u00e1 tercero en la general dentro de la Liga MX, cuenta con\" \/>\n<meta property=\"og:url\" content=\"https:\/\/ubirataonline.com.br\/en\/nicolas-larcamon-externa-las-metas-a-corto-plazo-de-cruz-azul\/\" \/>\n<meta property=\"og:site_name\" content=\"Ubirat\u00e3 Online Not\u00edcias - A realidade ao seu alcance!\" \/>\n<meta property=\"article:publisher\" content=\"https:\/\/www.facebook.com\/portalubirataonline\" \/>\n<meta property=\"article:author\" content=\"https:\/\/www.facebook.com\/portalubirataonline\" \/>\n<meta property=\"article:published_time\" content=\"2025-09-13T23:23:08+00:00\" \/>\n<meta property=\"og:image\" content=\"https:\/\/images2.minutemediacdn.com\/image\/upload\/c_crop,x_0,y_0,w_1024,h_576\/c_fill,w_16,ar_16:9,f_auto,q_auto,g_auto\/images\/GettyImages\/mmsport\/sports_illustrated_ftbol\/01k4z1y7jmgkdswfmfqc.jpg\" \/>\n<meta name=\"author\" content=\"REDA\u00c7\u00c3O: UBIRAT\u00c3 ONLINE - F\u00c1BIO AUGUSTO CELESTINO\" \/>\n<meta name=\"twitter:card\" content=\"summary_large_image\" \/>\n<meta name=\"twitter:creator\" content=\"@x.com\/ubirataonline\" \/>\n<meta name=\"twitter:site\" content=\"@ubirataonline\" \/>\n<meta name=\"twitter:label1\" content=\"Written by\" \/>\n\t<meta name=\"twitter:data1\" content=\"REDA\u00c7\u00c3O: UBIRAT\u00c3 ONLINE - F\u00c1BIO AUGUSTO CELESTINO\" \/>\n\t<meta name=\"twitter:label2\" content=\"Est. reading time\" \/>\n\t<meta name=\"twitter:data2\" content=\"2 minutes\" \/>\n<script type=\"application\/ld+json\" class=\"yoast-schema-graph\">{\"@context\":\"https:\\\/\\\/schema.org\",\"@graph\":[{\"@type\":\"NewsArticle\",\"@id\":\"https:\\\/\\\/ubirataonline.com.br\\\/nicolas-larcamon-externa-las-metas-a-corto-plazo-de-cruz-azul\\\/#article\",\"isPartOf\":{\"@id\":\"https:\\\/\\\/ubirataonline.com.br\\\/nicolas-larcamon-externa-las-metas-a-corto-plazo-de-cruz-azul\\\/\"},\"author\":{\"name\":\"REDA\u00c7\u00c3O: UBIRAT\u00c3 ONLINE - F\u00c1BIO AUGUSTO CELESTINO\",\"@id\":\"https:\\\/\\\/ubirataonline.com.br\\\/#\\\/schema\\\/person\\\/372f87bbd3fdd79b8556b84c98d0bc1c\"},\"headline\":\"Nicol\u00e1s Larcam\u00f3n externa las metas a corto plazo de Cruz Azul\",\"datePublished\":\"2025-09-13T23:23:08+00:00\",\"mainEntityOfPage\":{\"@id\":\"https:\\\/\\\/ubirataonline.com.br\\\/nicolas-larcamon-externa-las-metas-a-corto-plazo-de-cruz-azul\\\/\"},\"wordCount\":402,\"publisher\":{\"@id\":\"https:\\\/\\\/ubirataonline.com.br\\\/#organization\"},\"image\":{\"@id\":\"https:\\\/\\\/ubirataonline.com.br\\\/nicolas-larcamon-externa-las-metas-a-corto-plazo-de-cruz-azul\\\/#primaryimage\"},\"thumbnailUrl\":\"https:\\\/\\\/ubirataonline.com.br\\\/wp-content\\\/uploads\\\/2025\\\/09\\\/01k4z256vydvryax94qk.jpg\",\"articleSection\":[\"Brasil\"],\"inLanguage\":\"en-US\",\"copyrightYear\":\"2025\",\"copyrightHolder\":{\"@id\":\"https:\\\/\\\/ubirataonline.com.br\\\/en\\\/#organization\"}},{\"@type\":\"WebPage\",\"@id\":\"https:\\\/\\\/ubirataonline.com.br\\\/nicolas-larcamon-externa-las-metas-a-corto-plazo-de-cruz-azul\\\/\",\"url\":\"https:\\\/\\\/ubirataonline.com.br\\\/nicolas-larcamon-externa-las-metas-a-corto-plazo-de-cruz-azul\\\/\",\"name\":\"Nicol\u00e1s Larcam\u00f3n externa las metas a corto plazo de Cruz Azul - Ubirat\u00e3 Online Not\u00edcias - A realidade ao seu alcance!\",\"isPartOf\":{\"@id\":\"https:\\\/\\\/ubirataonline.com.br\\\/#website\"},\"primaryImageOfPage\":{\"@id\":\"https:\\\/\\\/ubirataonline.com.br\\\/nicolas-larcamon-externa-las-metas-a-corto-plazo-de-cruz-azul\\\/#primaryimage\"},\"image\":{\"@id\":\"https:\\\/\\\/ubirataonline.com.br\\\/nicolas-larcamon-externa-las-metas-a-corto-plazo-de-cruz-azul\\\/#primaryimage\"},\"thumbnailUrl\":\"https:\\\/\\\/ubirataonline.com.br\\\/wp-content\\\/uploads\\\/2025\\\/09\\\/01k4z256vydvryax94qk.jpg\",\"datePublished\":\"2025-09-13T23:23:08+00:00\",\"description\":\"Luego de una Leagues Cup, Cruz Azul ha corregido el camino. El cuadro de la capital del pa\u00eds est\u00e1 tercero en la general dentro de la Liga MX, cuenta con\",\"breadcrumb\":{\"@id\":\"https:\\\/\\\/ubirataonline.com.br\\\/nicolas-larcamon-externa-las-metas-a-corto-plazo-de-cruz-azul\\\/#breadcrumb\"},\"inLanguage\":\"en-US\",\"potentialAction\":[{\"@type\":\"ReadAction\",\"target\":[\"https:\\\/\\\/ubirataonline.com.br\\\/nicolas-larcamon-externa-las-metas-a-corto-plazo-de-cruz-azul\\\/\"]}]},{\"@type\":\"ImageObject\",\"inLanguage\":\"en-US\",\"@id\":\"https:\\\/\\\/ubirataonline.com.br\\\/nicolas-larcamon-externa-las-metas-a-corto-plazo-de-cruz-azul\\\/#primaryimage\",\"url\":\"https:\\\/\\\/ubirataonline.com.br\\\/wp-content\\\/uploads\\\/2025\\\/09\\\/01k4z256vydvryax94qk.jpg\",\"contentUrl\":\"https:\\\/\\\/ubirataonline.com.br\\\/wp-content\\\/uploads\\\/2025\\\/09\\\/01k4z256vydvryax94qk.jpg\"},{\"@type\":\"BreadcrumbList\",\"@id\":\"https:\\\/\\\/ubirataonline.com.br\\\/nicolas-larcamon-externa-las-metas-a-corto-plazo-de-cruz-azul\\\/#breadcrumb\",\"itemListElement\":[{\"@type\":\"ListItem\",\"position\":1,\"name\":\"In\u00edcio\",\"item\":\"https:\\\/\\\/ubirataonline.com.br\\\/\"},{\"@type\":\"ListItem\",\"position\":2,\"name\":\"Nicol\u00e1s Larcam\u00f3n externa las metas a corto plazo de Cruz Azul\"}]},{\"@type\":\"WebSite\",\"@id\":\"https:\\\/\\\/ubirataonline.com.br\\\/#website\",\"url\":\"https:\\\/\\\/ubirataonline.com.br\\\/\",\"name\":\"Ubirat\u00e3 Online Not\u00edcias\",\"description\":\"Not\u00edcias de Ubirat\u00e3, regi\u00e3o, Brasil e mundo, com informa\u00e7\u00e3o atualizada e compromisso com o leitor.\",\"publisher\":{\"@id\":\"https:\\\/\\\/ubirataonline.com.br\\\/#organization\"},\"alternateName\":\"Ubirat\u00e3 Online\",\"potentialAction\":[{\"@type\":\"SearchAction\",\"target\":{\"@type\":\"EntryPoint\",\"urlTemplate\":\"https:\\\/\\\/ubirataonline.com.br\\\/?s={search_term_string}\"},\"query-input\":{\"@type\":\"PropertyValueSpecification\",\"valueRequired\":true,\"valueName\":\"search_term_string\"}}],\"inLanguage\":\"en-US\"},{\"@type\":[\"Organization\",\"Place\"],\"@id\":\"https:\\\/\\\/ubirataonline.com.br\\\/#organization\",\"name\":\"Ubirat\u00e3 Online Not\u00edcias\",\"alternateName\":\"Ubirat\u00e3 Online\",\"url\":\"https:\\\/\\\/ubirataonline.com.br\\\/\",\"logo\":{\"@id\":\"https:\\\/\\\/ubirataonline.com.br\\\/nicolas-larcamon-externa-las-metas-a-corto-plazo-de-cruz-azul\\\/#local-main-organization-logo\"},\"image\":{\"@id\":\"https:\\\/\\\/ubirataonline.com.br\\\/nicolas-larcamon-externa-las-metas-a-corto-plazo-de-cruz-azul\\\/#local-main-organization-logo\"},\"sameAs\":[\"https:\\\/\\\/www.facebook.com\\\/portalubirataonline\",\"https:\\\/\\\/x.com\\\/ubirataonline\",\"https:\\\/\\\/mastodon.social\\\/@ubirataonline\",\"https:\\\/\\\/www.facebook.com\\\/groups\\\/311144672285604\",\"https:\\\/\\\/www.facebook.com\\\/UBTAOnline\",\"https:\\\/\\\/www.instagram.com\\\/portalubirataonline\\\/\",\"https:\\\/\\\/twitter.com\\\/ubirataonline\"],\"description\":\"Somos um portal de not\u00edcias independente, criado em 5 de janeiro de 2009, com o objetivo de informar, conectar e valorizar a nossa comunidade de Ubirat\u00e3 e toda aregi\u00e3o. Com conte\u00fado atualizado, confi\u00e1vel e relevante, o Ubirat\u00e3 Online \u00e9 o seu espa\u00e7o para ficar por dentro dos principais acontecimentos locais, regionais, Brasil, Mundo e de interesse geral. Nosso compromisso \u00e9 com a verdade, a transpar\u00eancia e o respeito ao leitor.\",\"legalName\":\"UBIRATA ONLINE NOT\u00cdCIAS\",\"foundingDate\":\"2009-01-05\",\"numberOfEmployees\":{\"@type\":\"QuantitativeValue\",\"minValue\":\"1\",\"maxValue\":\"10\"},\"publishingPrinciples\":\"https:\\\/\\\/ubirataonline.com.br\\\/faq\\\/\",\"address\":{\"@id\":\"https:\\\/\\\/ubirataonline.com.br\\\/nicolas-larcamon-externa-las-metas-a-corto-plazo-de-cruz-azul\\\/#local-main-place-address\"},\"geo\":{\"@type\":\"GeoCoordinates\",\"latitude\":\"-24.5361401\",\"longitude\":\"-52.9921776\"},\"telephone\":[\"+5544998308235\"],\"contactPoint\":{\"@type\":\"ContactPoint\",\"email\":\"contato@ubirataonline.com.br\"},\"openingHoursSpecification\":{\"@type\":\"OpeningHoursSpecification\",\"dayOfWeek\":[\"Monday\",\"Tuesday\",\"Wednesday\",\"Thursday\",\"Friday\",\"Saturday\",\"Sunday\"],\"opens\":\"00:00\",\"closes\":\"23:59\"},\"email\":\"contato@ubirataonline.com.br\",\"vatID\":\"47.621.418\\\/0001-80\"},{\"@type\":\"Person\",\"@id\":\"https:\\\/\\\/ubirataonline.com.br\\\/#\\\/schema\\\/person\\\/372f87bbd3fdd79b8556b84c98d0bc1c\",\"name\":\"REDA\u00c7\u00c3O: UBIRAT\u00c3 ONLINE - F\u00c1BIO AUGUSTO CELESTINO\",\"pronouns\":\"Ele\",\"description\":\"Desde 2003 trabalhando com not\u00edcias.\",\"sameAs\":[\"http:\\\/\\\/ubirataoline.com.br\",\"https:\\\/\\\/www.facebook.com\\\/portalubirataonline\",\"https:\\\/\\\/www.instagram.com\\\/ubirataonline_oficial\",\"https:\\\/\\\/x.com\\\/x.com\\\/ubirataonline\"],\"honorificPrefix\":\"Mr.\",\"honorificSuffix\":\"MD\",\"birthDate\":\"1980-06-16\",\"gender\":\"masculino\",\"award\":[\"V\u00e1rios pr\u00eamios de melhor portal da cidade\"],\"jobTitle\":\"Diretor\",\"url\":\"https:\\\/\\\/ubirataonline.com.br\\\/en\\\/author\\\/ubirataonline\\\/\"},{\"@type\":\"PostalAddress\",\"@id\":\"https:\\\/\\\/ubirataonline.com.br\\\/nicolas-larcamon-externa-las-metas-a-corto-plazo-de-cruz-azul\\\/#local-main-place-address\",\"streetAddress\":\"Rua dos Coqueiros, 104 - Bairro Boa Vista, Rua dos Coqueiros, 104 Bairro Boa Vista\",\"addressLocality\":\"UBIRATA\",\"postalCode\":\"85440-000\",\"addressRegion\":\"PR\",\"addressCountry\":\"BR\"},{\"@type\":\"ImageObject\",\"inLanguage\":\"en-US\",\"@id\":\"https:\\\/\\\/ubirataonline.com.br\\\/nicolas-larcamon-externa-las-metas-a-corto-plazo-de-cruz-azul\\\/#local-main-organization-logo\",\"url\":\"https:\\\/\\\/ubirataonline.com.br\\\/wp-content\\\/uploads\\\/2026\\\/06\\\/logoubirataonline-1.webp\",\"contentUrl\":\"https:\\\/\\\/ubirataonline.com.br\\\/wp-content\\\/uploads\\\/2026\\\/06\\\/logoubirataonline-1.webp\",\"width\":500,\"height\":500,\"caption\":\"Ubirat\u00e3 Online Not\u00edcias\"}]}<\/script>\n<meta name=\"geo.placename\" content=\"UBIRATA\" \/>\n<meta name=\"geo.position\" content=\"-24.5361401;-52.9921776\" \/>\n<meta name=\"geo.region\" content=\"Brazil\" \/>\n<!-- \/ Yoast SEO Premium plugin. -->","yoast_head_json":{"title":"Nicol\u00e1s Larcam\u00f3n externa las metas a corto plazo de Cruz Azul - Ubirat\u00e3 Online Not\u00edcias - A realidade ao seu alcance!","description":"Luego de una Leagues Cup, Cruz Azul ha corregido el camino. El cuadro de la capital del pa\u00eds est\u00e1 tercero en la general dentro de la Liga MX, cuenta con","robots":{"index":"index","follow":"follow","max-snippet":"max-snippet:-1","max-image-preview":"max-image-preview:large","max-video-preview":"max-video-preview:-1"},"canonical":"https:\/\/ubirataonline.com.br\/en\/nicolas-larcamon-externa-las-metas-a-corto-plazo-de-cruz-azul\/","og_locale":"en_US","og_type":"article","og_title":"Nicol\u00e1s Larcam\u00f3n externa las metas a corto plazo de Cruz Azul","og_description":"Luego de una Leagues Cup, Cruz Azul ha corregido el camino. El cuadro de la capital del pa\u00eds est\u00e1 tercero en la general dentro de la Liga MX, cuenta con","og_url":"https:\/\/ubirataonline.com.br\/en\/nicolas-larcamon-externa-las-metas-a-corto-plazo-de-cruz-azul\/","og_site_name":"Ubirat\u00e3 Online Not\u00edcias - A realidade ao seu alcance!","article_publisher":"https:\/\/www.facebook.com\/portalubirataonline","article_author":"https:\/\/www.facebook.com\/portalubirataonline","article_published_time":"2025-09-13T23:23:08+00:00","og_image":[{"url":"https:\/\/images2.minutemediacdn.com\/image\/upload\/c_crop,x_0,y_0,w_1024,h_576\/c_fill,w_16,ar_16:9,f_auto,q_auto,g_auto\/images\/GettyImages\/mmsport\/sports_illustrated_ftbol\/01k4z1y7jmgkdswfmfqc.jpg","type":"","width":"","height":""}],"author":"REDA\u00c7\u00c3O: UBIRAT\u00c3 ONLINE - F\u00c1BIO AUGUSTO CELESTINO","twitter_card":"summary_large_image","twitter_creator":"@x.com\/ubirataonline","twitter_site":"@ubirataonline","twitter_misc":{"Written by":"REDA\u00c7\u00c3O: UBIRAT\u00c3 ONLINE - F\u00c1BIO AUGUSTO CELESTINO","Est. reading time":"2 minutes"},"schema":{"@context":"https:\/\/schema.org","@graph":[{"@type":"NewsArticle","@id":"https:\/\/ubirataonline.com.br\/nicolas-larcamon-externa-las-metas-a-corto-plazo-de-cruz-azul\/#article","isPartOf":{"@id":"https:\/\/ubirataonline.com.br\/nicolas-larcamon-externa-las-metas-a-corto-plazo-de-cruz-azul\/"},"author":{"name":"REDA\u00c7\u00c3O: UBIRAT\u00c3 ONLINE - F\u00c1BIO AUGUSTO CELESTINO","@id":"https:\/\/ubirataonline.com.br\/#\/schema\/person\/372f87bbd3fdd79b8556b84c98d0bc1c"},"headline":"Nicol\u00e1s Larcam\u00f3n externa las metas a corto plazo de Cruz Azul","datePublished":"2025-09-13T23:23:08+00:00","mainEntityOfPage":{"@id":"https:\/\/ubirataonline.com.br\/nicolas-larcamon-externa-las-metas-a-corto-plazo-de-cruz-azul\/"},"wordCount":402,"publisher":{"@id":"https:\/\/ubirataonline.com.br\/#organization"},"image":{"@id":"https:\/\/ubirataonline.com.br\/nicolas-larcamon-externa-las-metas-a-corto-plazo-de-cruz-azul\/#primaryimage"},"thumbnailUrl":"https:\/\/ubirataonline.com.br\/wp-content\/uploads\/2025\/09\/01k4z256vydvryax94qk.jpg","articleSection":["Brasil"],"inLanguage":"en-US","copyrightYear":"2025","copyrightHolder":{"@id":"https:\/\/ubirataonline.com.br\/en\/#organization"}},{"@type":"WebPage","@id":"https:\/\/ubirataonline.com.br\/nicolas-larcamon-externa-las-metas-a-corto-plazo-de-cruz-azul\/","url":"https:\/\/ubirataonline.com.br\/nicolas-larcamon-externa-las-metas-a-corto-plazo-de-cruz-azul\/","name":"Nicol\u00e1s Larcam\u00f3n externa las metas a corto plazo de Cruz Azul - Ubirat\u00e3 Online Not\u00edcias - A realidade ao seu alcance!","isPartOf":{"@id":"https:\/\/ubirataonline.com.br\/#website"},"primaryImageOfPage":{"@id":"https:\/\/ubirataonline.com.br\/nicolas-larcamon-externa-las-metas-a-corto-plazo-de-cruz-azul\/#primaryimage"},"image":{"@id":"https:\/\/ubirataonline.com.br\/nicolas-larcamon-externa-las-metas-a-corto-plazo-de-cruz-azul\/#primaryimage"},"thumbnailUrl":"https:\/\/ubirataonline.com.br\/wp-content\/uploads\/2025\/09\/01k4z256vydvryax94qk.jpg","datePublished":"2025-09-13T23:23:08+00:00","description":"Luego de una Leagues Cup, Cruz Azul ha corregido el camino. El cuadro de la capital del pa\u00eds est\u00e1 tercero en la general dentro de la Liga MX, cuenta con","breadcrumb":{"@id":"https:\/\/ubirataonline.com.br\/nicolas-larcamon-externa-las-metas-a-corto-plazo-de-cruz-azul\/#breadcrumb"},"inLanguage":"en-US","potentialAction":[{"@type":"ReadAction","target":["https:\/\/ubirataonline.com.br\/nicolas-larcamon-externa-las-metas-a-corto-plazo-de-cruz-azul\/"]}]},{"@type":"ImageObject","inLanguage":"en-US","@id":"https:\/\/ubirataonline.com.br\/nicolas-larcamon-externa-las-metas-a-corto-plazo-de-cruz-azul\/#primaryimage","url":"https:\/\/ubirataonline.com.br\/wp-content\/uploads\/2025\/09\/01k4z256vydvryax94qk.jpg","contentUrl":"https:\/\/ubirataonline.com.br\/wp-content\/uploads\/2025\/09\/01k4z256vydvryax94qk.jpg"},{"@type":"BreadcrumbList","@id":"https:\/\/ubirataonline.com.br\/nicolas-larcamon-externa-las-metas-a-corto-plazo-de-cruz-azul\/#breadcrumb","itemListElement":[{"@type":"ListItem","position":1,"name":"In\u00edcio","item":"https:\/\/ubirataonline.com.br\/"},{"@type":"ListItem","position":2,"name":"Nicol\u00e1s Larcam\u00f3n externa las metas a corto plazo de Cruz Azul"}]},{"@type":"WebSite","@id":"https:\/\/ubirataonline.com.br\/#website","url":"https:\/\/ubirataonline.com.br\/","name":"Ubirat\u00e3 Online Not\u00edcias","description":"Not\u00edcias de Ubirat\u00e3, regi\u00e3o, Brasil e mundo, com informa\u00e7\u00e3o atualizada e compromisso com o leitor.","publisher":{"@id":"https:\/\/ubirataonline.com.br\/#organization"},"alternateName":"Ubirat\u00e3 Online","potentialAction":[{"@type":"SearchAction","target":{"@type":"EntryPoint","urlTemplate":"https:\/\/ubirataonline.com.br\/?s={search_term_string}"},"query-input":{"@type":"PropertyValueSpecification","valueRequired":true,"valueName":"search_term_string"}}],"inLanguage":"en-US"},{"@type":["Organization","Place"],"@id":"https:\/\/ubirataonline.com.br\/#organization","name":"Ubirat\u00e3 Online Not\u00edcias","alternateName":"Ubirat\u00e3 Online","url":"https:\/\/ubirataonline.com.br\/","logo":{"@id":"https:\/\/ubirataonline.com.br\/nicolas-larcamon-externa-las-metas-a-corto-plazo-de-cruz-azul\/#local-main-organization-logo"},"image":{"@id":"https:\/\/ubirataonline.com.br\/nicolas-larcamon-externa-las-metas-a-corto-plazo-de-cruz-azul\/#local-main-organization-logo"},"sameAs":["https:\/\/www.facebook.com\/portalubirataonline","https:\/\/x.com\/ubirataonline","https:\/\/mastodon.social\/@ubirataonline","https:\/\/www.facebook.com\/groups\/311144672285604","https:\/\/www.facebook.com\/UBTAOnline","https:\/\/www.instagram.com\/portalubirataonline\/","https:\/\/twitter.com\/ubirataonline"],"description":"Somos um portal de not\u00edcias independente, criado em 5 de janeiro de 2009, com o objetivo de informar, conectar e valorizar a nossa comunidade de Ubirat\u00e3 e toda aregi\u00e3o. Com conte\u00fado atualizado, confi\u00e1vel e relevante, o Ubirat\u00e3 Online \u00e9 o seu espa\u00e7o para ficar por dentro dos principais acontecimentos locais, regionais, Brasil, Mundo e de interesse geral. Nosso compromisso \u00e9 com a verdade, a transpar\u00eancia e o respeito ao leitor.","legalName":"UBIRATA ONLINE NOT\u00cdCIAS","foundingDate":"2009-01-05","numberOfEmployees":{"@type":"QuantitativeValue","minValue":"1","maxValue":"10"},"publishingPrinciples":"https:\/\/ubirataonline.com.br\/faq\/","address":{"@id":"https:\/\/ubirataonline.com.br\/nicolas-larcamon-externa-las-metas-a-corto-plazo-de-cruz-azul\/#local-main-place-address"},"geo":{"@type":"GeoCoordinates","latitude":"-24.5361401","longitude":"-52.9921776"},"telephone":["+5544998308235"],"contactPoint":{"@type":"ContactPoint","email":"contato@ubirataonline.com.br"},"openingHoursSpecification":{"@type":"OpeningHoursSpecification","dayOfWeek":["Monday","Tuesday","Wednesday","Thursday","Friday","Saturday","Sunday"],"opens":"00:00","closes":"23:59"},"email":"contato@ubirataonline.com.br","vatID":"47.621.418\/0001-80"},{"@type":"Person","@id":"https:\/\/ubirataonline.com.br\/#\/schema\/person\/372f87bbd3fdd79b8556b84c98d0bc1c","name":"REDA\u00c7\u00c3O: UBIRAT\u00c3 ONLINE - F\u00c1BIO AUGUSTO CELESTINO","pronouns":"Ele","description":"Desde 2003 trabalhando com not\u00edcias.","sameAs":["http:\/\/ubirataoline.com.br","https:\/\/www.facebook.com\/portalubirataonline","https:\/\/www.instagram.com\/ubirataonline_oficial","https:\/\/x.com\/x.com\/ubirataonline"],"honorificPrefix":"Mr.","honorificSuffix":"MD","birthDate":"1980-06-16","gender":"masculino","award":["V\u00e1rios pr\u00eamios de melhor portal da cidade"],"jobTitle":"Diretor","url":"https:\/\/ubirataonline.com.br\/en\/author\/ubirataonline\/"},{"@type":"PostalAddress","@id":"https:\/\/ubirataonline.com.br\/nicolas-larcamon-externa-las-metas-a-corto-plazo-de-cruz-azul\/#local-main-place-address","streetAddress":"Rua dos Coqueiros, 104 - Bairro Boa Vista, Rua dos Coqueiros, 104 Bairro Boa Vista","addressLocality":"UBIRATA","postalCode":"85440-000","addressRegion":"PR","addressCountry":"BR"},{"@type":"ImageObject","inLanguage":"en-US","@id":"https:\/\/ubirataonline.com.br\/nicolas-larcamon-externa-las-metas-a-corto-plazo-de-cruz-azul\/#local-main-organization-logo","url":"https:\/\/ubirataonline.com.br\/wp-content\/uploads\/2026\/06\/logoubirataonline-1.webp","contentUrl":"https:\/\/ubirataonline.com.br\/wp-content\/uploads\/2026\/06\/logoubirataonline-1.webp","width":500,"height":500,"caption":"Ubirat\u00e3 Online Not\u00edcias"}]},"geo.placename":"UBIRATA","geo.position":{"lat":"-24.5361401","long":"-52.9921776"},"geo.region":"Brazil"},"_links":{"self":[{"href":"https:\/\/ubirataonline.com.br\/en\/wp-json\/wp\/v2\/posts\/68270","targetHints":{"allow":["GET"]}}],"collection":[{"href":"https:\/\/ubirataonline.com.br\/en\/wp-json\/wp\/v2\/posts"}],"about":[{"href":"https:\/\/ubirataonline.com.br\/en\/wp-json\/wp\/v2\/types\/post"}],"author":[{"embeddable":true,"href":"https:\/\/ubirataonline.com.br\/en\/wp-json\/wp\/v2\/users\/1"}],"replies":[{"embeddable":true,"href":"https:\/\/ubirataonline.com.br\/en\/wp-json\/wp\/v2\/comments?post=68270"}],"version-history":[{"count":0,"href":"https:\/\/ubirataonline.com.br\/en\/wp-json\/wp\/v2\/posts\/68270\/revisions"}],"wp:featuredmedia":[{"embeddable":true,"href":"https:\/\/ubirataonline.com.br\/en\/wp-json\/wp\/v2\/media\/68271"}],"wp:attachment":[{"href":"https:\/\/ubirataonline.com.br\/en\/wp-json\/wp\/v2\/media?parent=68270"}],"wp:term":[{"taxonomy":"category","embeddable":true,"href":"https:\/\/ubirataonline.com.br\/en\/wp-json\/wp\/v2\/categories?post=68270"},{"taxonomy":"post_tag","embeddable":true,"href":"https:\/\/ubirataonline.com.br\/en\/wp-json\/wp\/v2\/tags?post=68270"}],"curies":[{"name":"wp","href":"https:\/\/api.w.org\/{rel}","templated":true}]}}