{"id":70129,"date":"2025-10-03T16:58:22","date_gmt":"2025-10-03T19:58:22","guid":{"rendered":"https:\/\/ubirataonline.com.br\/enem-2025-cartilha-da-redacao-esta-disponivel-instituto-nacional-de-estudos-e-pesquisas-educacionais-anisio-teixeira\/"},"modified":"2025-10-03T16:58:22","modified_gmt":"2025-10-03T19:58:22","slug":"enem-2025-cartilha-da-redacao-esta-disponivel-instituto-nacional-de-estudos-e-pesquisas-educacionais-anisio-teixeira","status":"publish","type":"post","link":"https:\/\/ubirataonline.com.br\/en\/enem-2025-cartilha-da-redacao-esta-disponivel-instituto-nacional-de-estudos-e-pesquisas-educacionais-anisio-teixeira\/","title":{"rendered":"Enem 2025: cartilha da reda\u00e7\u00e3o est\u00e1 dispon\u00edvel \u2014 Instituto Nacional de Estudos e Pesquisas Educacionais An\u00edsio Teixeira"},"content":{"rendered":"<p><\/p>\n<div property=\"rnews:articleBody\">\n<p class=\"p1\">Os estudantes que se preparam para o Exame Nacional do Ensino M\u00e9dio (Enem) 2025 j\u00e1 podem consultar a nova edi\u00e7\u00e3o da cartilha \u201cA Reda\u00e7\u00e3o do Enem 2025 \u2013 Cartilha do Participante\u201d. O material est\u00e1 dispon\u00edvel no portal do Instituto Nacional de Estudos e Pesquisas Educacionais An\u00edsio Teixeira (Inep) e traz informa\u00e7\u00f5es sobre a Matriz de Refer\u00eancia da prova, al\u00e9m de apresentar amostras comentadas de reda\u00e7\u00f5es que receberam nota alta no Enem 2024.<\/p>\n<p class=\"p1\"><b>Reda\u00e7\u00e3o \u2013<\/b> Os participantes precisar\u00e3o escrever um texto dissertativo-argumentativo, com at\u00e9 30 linhas, a partir da situa\u00e7\u00e3o-problema proposta, dos textos motivadores e dos conhecimentos constru\u00eddos ao longo de sua forma\u00e7\u00e3o.<\/p>\n<p class=\"p1\">Cada reda\u00e7\u00e3o ser\u00e1 corrigida por dois avaliadores e cada um deles atribuir\u00e1 uma nota de 0 a 200 pontos em cada uma das cinco compet\u00eancias. A soma desses pontos vai compor a nota total de cada avaliador, que pode chegar a 1000 pontos. A nota final do participante ser\u00e1 a m\u00e9dia aritm\u00e9tica entre as notas totais atribu\u00eddas pelos dois avaliadores.<\/p>\n<p class=\"p1\">Entre os crit\u00e9rios que conferem nota zero, est\u00e3o fuga ao tema, texto com at\u00e9 sete linhas, trecho deliberadamente desconectado do tema, desobedi\u00eancia \u00e0 estrutura dissertativo-argumentativa e desrespeito \u00e0 seriedade do exame.<\/p>\n<p class=\"p1\"><b>Compet\u00eancias \u2013<\/b> Ao elaborar a reda\u00e7\u00e3o, os participantes devem ficar atentos \u00e0s compet\u00eancias que ser\u00e3o exigidas no texto. Ser\u00e1 avaliado o dom\u00ednio da modalidade escrita formal da l\u00edngua portuguesa; a organiza\u00e7\u00e3o das informa\u00e7\u00f5es, dos fatos e argumentos em defesa de um ponto de vista; o conhecimento dos mecanismos lingu\u00edsticos necess\u00e1rios para a constru\u00e7\u00e3o da argumenta\u00e7\u00e3o; e a proposta de interven\u00e7\u00e3o para o problema abordado.<\/p>\n<p class=\"p1\"><b>Enem \u2013<\/b> Ao longo de mais de duas d\u00e9cadas de exist\u00eancia, o Enem tornou-se a principal porta de entrada para a educa\u00e7\u00e3o superior no Brasil, por meio do Sistema de Sele\u00e7\u00e3o Unificada (Sisu), do Programa Universidade para Todos (Prouni) e do Fundo de Financiamento Estudantil (Fies).<\/p>\n<p class=\"p1\">Institui\u00e7\u00f5es de ensino p\u00fablicas e privadas tamb\u00e9m utilizam o Enem para selecionar estudantes, como crit\u00e9rio \u00fanico ou complementar aos processos seletivos. Os resultados individuais do Enem podem ainda ser aproveitados nos processos seletivos de institui\u00e7\u00f5es portuguesas que possuem conv\u00eanio com o Inep para aceitar as notas do exame. Os acordos garantem acesso facilitado \u00e0s notas dos estudantes brasileiros interessados em cursar a educa\u00e7\u00e3o superior em Portugal.<\/p>\n<p class=\"p1\"><a class=\"external-link\" href=\"https:\/\/download.inep.gov.br\/publicacoes\/institucionais\/avaliacoes_e_exames_da_educacao_basica\/a_redacao_no_enem_2025_cartilha_do_participante.pdf\" target=\"_blank\" title=\"\" data-tippreview-enabled=\"false\" data-tippreview-image=\"\" data-tippreview-title=\"\">Confira \u201cA Reda\u00e7\u00e3o do Enem 2025 \u2013 Cartilha do Participante\u201d<\/a><br \/><a class=\"external-link\" href=\"https:\/\/enem.inep.gov.br\/participante\/#!\/\" target=\"_blank\" title=\"\" data-tippreview-enabled=\"false\" data-tippreview-image=\"\" data-tippreview-title=\"\">Acesse a P\u00e1gina do Participante<br \/><\/a><a class=\"external-link\" href=\"https:\/\/www.in.gov.br\/en\/web\/dou\/-\/edital-n-52-de-23-de-maio-de-2025-631610576\" target=\"_blank\" title=\"\" data-tippreview-enabled=\"false\" data-tippreview-image=\"\" data-tippreview-title=\"\">Acesse o edital do Enem 2025<br \/><\/a><a class=\"external-link\" href=\"https:\/\/www.gov.br\/inep\/pt-br\/areas-de-atuacao\/avaliacao-e-exames-educacionais\/enem\/orientacoes\" target=\"_blank\" title=\"\" data-tippreview-enabled=\"false\" data-tippreview-image=\"\" data-tippreview-title=\"\">Acesse a p\u00e1gina de orienta\u00e7\u00f5es do Enem<\/a><br \/><a class=\"external-link\" href=\"https:\/\/www.gov.br\/inep\/pt-br\/acesso-a-informacao\/perguntas-frequentes\/exame-nacional-do-ensino-medio-enem\" target=\"_blank\" title=\"\" data-tippreview-enabled=\"false\" data-tippreview-image=\"\" data-tippreview-title=\"\">Acesse a p\u00e1gina de perguntas frequentes do Enem<\/a><br \/><a class=\"external-link\" href=\"https:\/\/www.gov.br\/inep\/pt-br\/areas-de-atuacao\/avaliacao-e-exames-educacionais\/enem\" target=\"_blank\" title=\"\" data-tippreview-enabled=\"false\" data-tippreview-image=\"\" data-tippreview-title=\"\">Saiba mais sobre o Enem<\/a><\/p>\n<p class=\"p1\"><a href=\"https:\/\/nam10.safelinks.protection.outlook.com\/?url=https%3A%2F%2Fwww.gov.br%2Finep%2Fpt-br%2Fareas-de-atuacao%2Favaliacao-e-exames-educacionais%2Fenem&amp;data=05%7C02%7Cclydson.sousa%40inep.gov.br%7C48456b0210c84587e65508de0279b87d%7C26f73897c8ac4b1e978fea4c077434bf%7C0%7C0%7C638950919065373728%7CUnknown%7CTWFpbGZsb3d8eyJFbXB0eU1hcGkiOnRydWUsIlYiOiIwLjAuMDAwMCIsIlAiOiJXaW4zMiIsIkFOIjoiTWFpbCIsIldUIjoyfQ%3D%3D%7C0%7C%7C%7C&amp;sdata=h%2FvppRgplsGDjde4Xu1032e%2FdIkC4fdhMa0Onm7ZNLw%3D&amp;reserved=0\"><br \/><\/a><i>Assessoria de Comunica\u00e7\u00e3o Social do Inep<\/i><\/p>\n<\/div>\n<p><script type=\"text\">\n    (function() {\n        var po = document.createElement('script');\n        po.async = true;\n        po.src = document.location.protocol + '\/\/connect.facebook.net\/pt_BR\/all.js#xfbml=1';\n        var head = document.getElementsByTagName('head')[0];\n        head.appendChild(po);\n    }());\n    <\/script><br \/>\n<br \/><a href=\"https:\/\/www.gov.br\/inep\/pt-br\/centrais-de-conteudo\/noticias\/enem\/enem-2025-cartilha-da-redacao-esta-disponivel\">Source link <\/a><\/p>\n","protected":false},"excerpt":{"rendered":"<p>Os estudantes que se preparam para o Exame Nacional do Ensino M\u00e9dio (Enem) 2025 j\u00e1 podem consultar a nova edi\u00e7\u00e3o da cartilha \u201cA Reda\u00e7\u00e3o do Enem 2025 \u2013 Cartilha do Participante\u201d. O material est\u00e1 dispon\u00edvel no portal do Instituto Nacional de Estudos e Pesquisas Educacionais An\u00edsio Teixeira (Inep) e traz informa\u00e7\u00f5es sobre a Matriz de [&hellip;]<\/p>\n","protected":false},"author":1,"featured_media":70130,"comment_status":"","ping_status":"","sticky":false,"template":"","format":"standard","meta":{"googlesitekit_rrm_CAow2JLhCw:productID":"","_gspb_post_css":"","maa_idioma":"","maa_pais":"","footnotes":""},"categories":[4],"tags":[],"class_list":["post-70129","post","type-post","status-publish","format-standard","has-post-thumbnail","hentry","category-brasil"],"blocksy_meta":[],"yoast_head":"<!-- This site is optimized with the Yoast SEO Premium plugin v27.6 (Yoast SEO v27.6) - https:\/\/yoast.com\/product\/yoast-seo-premium-wordpress\/ -->\n<title>Enem 2025: cartilha da reda\u00e7\u00e3o est\u00e1 dispon\u00edvel \u2014 Instituto Nacional de Estudos e Pesquisas Educacionais An\u00edsio Teixeira - Ubirat\u00e3 Online Not\u00edcias - A realidade ao seu alcance!<\/title>\n<meta name=\"description\" content=\"Os estudantes que se preparam para o Exame Nacional do Ensino M\u00e9dio (Enem) 2025 j\u00e1 podem consultar a nova edi\u00e7\u00e3o da cartilha \u201cA Reda\u00e7\u00e3o do Enem 2025 \u2013\" \/>\n<meta name=\"robots\" content=\"index, follow, max-snippet:-1, max-image-preview:large, max-video-preview:-1\" \/>\n<link rel=\"canonical\" href=\"https:\/\/ubirataonline.com.br\/en\/enem-2025-cartilha-da-redacao-esta-disponivel-instituto-nacional-de-estudos-e-pesquisas-educacionais-anisio-teixeira\/\" \/>\n<meta property=\"og:locale\" content=\"en_US\" \/>\n<meta property=\"og:type\" content=\"article\" \/>\n<meta property=\"og:title\" content=\"Enem 2025: cartilha da reda\u00e7\u00e3o est\u00e1 dispon\u00edvel \u2014 Instituto Nacional de Estudos e Pesquisas Educacionais An\u00edsio Teixeira\" \/>\n<meta property=\"og:description\" content=\"Os estudantes que se preparam para o Exame Nacional do Ensino M\u00e9dio (Enem) 2025 j\u00e1 podem consultar a nova edi\u00e7\u00e3o da cartilha \u201cA Reda\u00e7\u00e3o do Enem 2025 \u2013\" \/>\n<meta property=\"og:url\" content=\"https:\/\/ubirataonline.com.br\/en\/enem-2025-cartilha-da-redacao-esta-disponivel-instituto-nacional-de-estudos-e-pesquisas-educacionais-anisio-teixeira\/\" \/>\n<meta property=\"og:site_name\" content=\"Ubirat\u00e3 Online Not\u00edcias - A realidade ao seu alcance!\" \/>\n<meta property=\"article:publisher\" content=\"https:\/\/www.facebook.com\/portalubirataonline\" \/>\n<meta property=\"article:author\" content=\"https:\/\/www.facebook.com\/portalubirataonline\" \/>\n<meta property=\"article:published_time\" content=\"2025-10-03T19:58:22+00:00\" \/>\n<meta property=\"og:image\" content=\"https:\/\/ubirataonline.com.br\/wp-content\/uploads\/2026\/05\/logo2026.webp\" \/>\n\t<meta property=\"og:image:width\" content=\"1531\" \/>\n\t<meta property=\"og:image:height\" content=\"418\" \/>\n\t<meta property=\"og:image:type\" content=\"image\/webp\" \/>\n<meta name=\"author\" content=\"REDA\u00c7\u00c3O: UBIRAT\u00c3 ONLINE - F\u00c1BIO AUGUSTO CELESTINO\" \/>\n<meta name=\"twitter:card\" content=\"summary_large_image\" \/>\n<meta name=\"twitter:creator\" content=\"@x.com\/ubirataonline\" \/>\n<meta name=\"twitter:site\" content=\"@ubirataonline\" \/>\n<meta name=\"twitter:label1\" content=\"Written by\" \/>\n\t<meta name=\"twitter:data1\" content=\"REDA\u00c7\u00c3O: UBIRAT\u00c3 ONLINE - F\u00c1BIO AUGUSTO CELESTINO\" \/>\n\t<meta name=\"twitter:label2\" content=\"Est. reading time\" \/>\n\t<meta name=\"twitter:data2\" content=\"2 minutes\" \/>\n<script type=\"application\/ld+json\" class=\"yoast-schema-graph\">{\"@context\":\"https:\\\/\\\/schema.org\",\"@graph\":[{\"@type\":\"NewsArticle\",\"@id\":\"https:\\\/\\\/ubirataonline.com.br\\\/enem-2025-cartilha-da-redacao-esta-disponivel-instituto-nacional-de-estudos-e-pesquisas-educacionais-anisio-teixeira\\\/#article\",\"isPartOf\":{\"@id\":\"https:\\\/\\\/ubirataonline.com.br\\\/enem-2025-cartilha-da-redacao-esta-disponivel-instituto-nacional-de-estudos-e-pesquisas-educacionais-anisio-teixeira\\\/\"},\"author\":{\"name\":\"REDA\u00c7\u00c3O: UBIRAT\u00c3 ONLINE - F\u00c1BIO AUGUSTO CELESTINO\",\"@id\":\"https:\\\/\\\/ubirataonline.com.br\\\/#\\\/schema\\\/person\\\/372f87bbd3fdd79b8556b84c98d0bc1c\"},\"headline\":\"Enem 2025: cartilha da reda\u00e7\u00e3o est\u00e1 dispon\u00edvel \u2014 Instituto Nacional de Estudos e Pesquisas Educacionais An\u00edsio Teixeira\",\"datePublished\":\"2025-10-03T19:58:22+00:00\",\"mainEntityOfPage\":{\"@id\":\"https:\\\/\\\/ubirataonline.com.br\\\/enem-2025-cartilha-da-redacao-esta-disponivel-instituto-nacional-de-estudos-e-pesquisas-educacionais-anisio-teixeira\\\/\"},\"wordCount\":472,\"publisher\":{\"@id\":\"https:\\\/\\\/ubirataonline.com.br\\\/#organization\"},\"image\":{\"@id\":\"https:\\\/\\\/ubirataonline.com.br\\\/enem-2025-cartilha-da-redacao-esta-disponivel-instituto-nacional-de-estudos-e-pesquisas-educacionais-anisio-teixeira\\\/#primaryimage\"},\"thumbnailUrl\":\"https:\\\/\\\/ubirataonline.com.br\\\/wp-content\\\/uploads\\\/2025\\\/10\\\/730cccc3-250c-488e-9237-6983477f615c.png\",\"articleSection\":[\"Brasil\"],\"inLanguage\":\"en-US\",\"copyrightYear\":\"2025\",\"copyrightHolder\":{\"@id\":\"https:\\\/\\\/ubirataonline.com.br\\\/en\\\/#organization\"}},{\"@type\":\"WebPage\",\"@id\":\"https:\\\/\\\/ubirataonline.com.br\\\/enem-2025-cartilha-da-redacao-esta-disponivel-instituto-nacional-de-estudos-e-pesquisas-educacionais-anisio-teixeira\\\/\",\"url\":\"https:\\\/\\\/ubirataonline.com.br\\\/enem-2025-cartilha-da-redacao-esta-disponivel-instituto-nacional-de-estudos-e-pesquisas-educacionais-anisio-teixeira\\\/\",\"name\":\"Enem 2025: cartilha da reda\u00e7\u00e3o est\u00e1 dispon\u00edvel \u2014 Instituto Nacional de Estudos e Pesquisas Educacionais An\u00edsio Teixeira - Ubirat\u00e3 Online Not\u00edcias - A realidade ao seu alcance!\",\"isPartOf\":{\"@id\":\"https:\\\/\\\/ubirataonline.com.br\\\/#website\"},\"primaryImageOfPage\":{\"@id\":\"https:\\\/\\\/ubirataonline.com.br\\\/enem-2025-cartilha-da-redacao-esta-disponivel-instituto-nacional-de-estudos-e-pesquisas-educacionais-anisio-teixeira\\\/#primaryimage\"},\"image\":{\"@id\":\"https:\\\/\\\/ubirataonline.com.br\\\/enem-2025-cartilha-da-redacao-esta-disponivel-instituto-nacional-de-estudos-e-pesquisas-educacionais-anisio-teixeira\\\/#primaryimage\"},\"thumbnailUrl\":\"https:\\\/\\\/ubirataonline.com.br\\\/wp-content\\\/uploads\\\/2025\\\/10\\\/730cccc3-250c-488e-9237-6983477f615c.png\",\"datePublished\":\"2025-10-03T19:58:22+00:00\",\"description\":\"Os estudantes que se preparam para o Exame Nacional do Ensino M\u00e9dio (Enem) 2025 j\u00e1 podem consultar a nova edi\u00e7\u00e3o da cartilha \u201cA Reda\u00e7\u00e3o do Enem 2025 \u2013\",\"breadcrumb\":{\"@id\":\"https:\\\/\\\/ubirataonline.com.br\\\/enem-2025-cartilha-da-redacao-esta-disponivel-instituto-nacional-de-estudos-e-pesquisas-educacionais-anisio-teixeira\\\/#breadcrumb\"},\"inLanguage\":\"en-US\",\"potentialAction\":[{\"@type\":\"ReadAction\",\"target\":[\"https:\\\/\\\/ubirataonline.com.br\\\/enem-2025-cartilha-da-redacao-esta-disponivel-instituto-nacional-de-estudos-e-pesquisas-educacionais-anisio-teixeira\\\/\"]}]},{\"@type\":\"ImageObject\",\"inLanguage\":\"en-US\",\"@id\":\"https:\\\/\\\/ubirataonline.com.br\\\/enem-2025-cartilha-da-redacao-esta-disponivel-instituto-nacional-de-estudos-e-pesquisas-educacionais-anisio-teixeira\\\/#primaryimage\",\"url\":\"https:\\\/\\\/ubirataonline.com.br\\\/wp-content\\\/uploads\\\/2025\\\/10\\\/730cccc3-250c-488e-9237-6983477f615c.png\",\"contentUrl\":\"https:\\\/\\\/ubirataonline.com.br\\\/wp-content\\\/uploads\\\/2025\\\/10\\\/730cccc3-250c-488e-9237-6983477f615c.png\",\"width\":768,\"height\":200},{\"@type\":\"BreadcrumbList\",\"@id\":\"https:\\\/\\\/ubirataonline.com.br\\\/enem-2025-cartilha-da-redacao-esta-disponivel-instituto-nacional-de-estudos-e-pesquisas-educacionais-anisio-teixeira\\\/#breadcrumb\",\"itemListElement\":[{\"@type\":\"ListItem\",\"position\":1,\"name\":\"In\u00edcio\",\"item\":\"https:\\\/\\\/ubirataonline.com.br\\\/\"},{\"@type\":\"ListItem\",\"position\":2,\"name\":\"Enem 2025: cartilha da reda\u00e7\u00e3o est\u00e1 dispon\u00edvel \u2014 Instituto Nacional de Estudos e Pesquisas Educacionais An\u00edsio Teixeira\"}]},{\"@type\":\"WebSite\",\"@id\":\"https:\\\/\\\/ubirataonline.com.br\\\/#website\",\"url\":\"https:\\\/\\\/ubirataonline.com.br\\\/\",\"name\":\"Ubirat\u00e3 Online Not\u00edcias\",\"description\":\"Not\u00edcias de Ubirat\u00e3, regi\u00e3o, Brasil e mundo, com informa\u00e7\u00e3o atualizada e compromisso com o leitor.\",\"publisher\":{\"@id\":\"https:\\\/\\\/ubirataonline.com.br\\\/#organization\"},\"alternateName\":\"Ubirat\u00e3 Online\",\"potentialAction\":[{\"@type\":\"SearchAction\",\"target\":{\"@type\":\"EntryPoint\",\"urlTemplate\":\"https:\\\/\\\/ubirataonline.com.br\\\/?s={search_term_string}\"},\"query-input\":{\"@type\":\"PropertyValueSpecification\",\"valueRequired\":true,\"valueName\":\"search_term_string\"}}],\"inLanguage\":\"en-US\"},{\"@type\":[\"Organization\",\"Place\"],\"@id\":\"https:\\\/\\\/ubirataonline.com.br\\\/#organization\",\"name\":\"Ubirat\u00e3 Online Not\u00edcias\",\"alternateName\":\"Ubirat\u00e3 Online\",\"url\":\"https:\\\/\\\/ubirataonline.com.br\\\/\",\"logo\":{\"@id\":\"https:\\\/\\\/ubirataonline.com.br\\\/enem-2025-cartilha-da-redacao-esta-disponivel-instituto-nacional-de-estudos-e-pesquisas-educacionais-anisio-teixeira\\\/#local-main-organization-logo\"},\"image\":{\"@id\":\"https:\\\/\\\/ubirataonline.com.br\\\/enem-2025-cartilha-da-redacao-esta-disponivel-instituto-nacional-de-estudos-e-pesquisas-educacionais-anisio-teixeira\\\/#local-main-organization-logo\"},\"sameAs\":[\"https:\\\/\\\/www.facebook.com\\\/portalubirataonline\",\"https:\\\/\\\/x.com\\\/ubirataonline\",\"https:\\\/\\\/mastodon.social\\\/@ubirataonline\",\"https:\\\/\\\/www.facebook.com\\\/groups\\\/311144672285604\",\"https:\\\/\\\/www.facebook.com\\\/UBTAOnline\",\"https:\\\/\\\/www.instagram.com\\\/portalubirataonline\\\/\",\"https:\\\/\\\/twitter.com\\\/ubirataonline\"],\"description\":\"Somos um portal de not\u00edcias independente, criado em 5 de janeiro de 2009, com o objetivo de informar, conectar e valorizar a nossa comunidade de Ubirat\u00e3 e toda aregi\u00e3o. Com conte\u00fado atualizado, confi\u00e1vel e relevante, o Ubirat\u00e3 Online \u00e9 o seu espa\u00e7o para ficar por dentro dos principais acontecimentos locais, regionais, Brasil, Mundo e de interesse geral. Nosso compromisso \u00e9 com a verdade, a transpar\u00eancia e o respeito ao leitor.\",\"legalName\":\"UBIRATA ONLINE NOT\u00cdCIAS\",\"foundingDate\":\"2009-01-05\",\"numberOfEmployees\":{\"@type\":\"QuantitativeValue\",\"minValue\":\"1\",\"maxValue\":\"10\"},\"publishingPrinciples\":\"https:\\\/\\\/ubirataonline.com.br\\\/faq\\\/\",\"address\":{\"@id\":\"https:\\\/\\\/ubirataonline.com.br\\\/enem-2025-cartilha-da-redacao-esta-disponivel-instituto-nacional-de-estudos-e-pesquisas-educacionais-anisio-teixeira\\\/#local-main-place-address\"},\"geo\":{\"@type\":\"GeoCoordinates\",\"latitude\":\"-24.5361401\",\"longitude\":\"-52.9921776\"},\"telephone\":[\"+5544998308235\"],\"contactPoint\":{\"@type\":\"ContactPoint\",\"email\":\"contato@ubirataonline.com.br\"},\"openingHoursSpecification\":{\"@type\":\"OpeningHoursSpecification\",\"dayOfWeek\":[\"Monday\",\"Tuesday\",\"Wednesday\",\"Thursday\",\"Friday\",\"Saturday\",\"Sunday\"],\"opens\":\"00:00\",\"closes\":\"23:59\"},\"email\":\"contato@ubirataonline.com.br\",\"vatID\":\"47.621.418\\\/0001-80\"},{\"@type\":\"Person\",\"@id\":\"https:\\\/\\\/ubirataonline.com.br\\\/#\\\/schema\\\/person\\\/372f87bbd3fdd79b8556b84c98d0bc1c\",\"name\":\"REDA\u00c7\u00c3O: UBIRAT\u00c3 ONLINE - F\u00c1BIO AUGUSTO CELESTINO\",\"pronouns\":\"Ele\",\"description\":\"Desde 2003 trabalhando com not\u00edcias.\",\"sameAs\":[\"http:\\\/\\\/ubirataoline.com.br\",\"https:\\\/\\\/www.facebook.com\\\/portalubirataonline\",\"https:\\\/\\\/www.instagram.com\\\/ubirataonline_oficial\",\"https:\\\/\\\/x.com\\\/x.com\\\/ubirataonline\"],\"honorificPrefix\":\"Mr.\",\"honorificSuffix\":\"MD\",\"birthDate\":\"1980-06-16\",\"gender\":\"masculino\",\"award\":[\"V\u00e1rios pr\u00eamios de melhor portal da cidade\"],\"jobTitle\":\"Diretor\",\"url\":\"https:\\\/\\\/ubirataonline.com.br\\\/en\\\/author\\\/ubirataonline\\\/\"},{\"@type\":\"PostalAddress\",\"@id\":\"https:\\\/\\\/ubirataonline.com.br\\\/enem-2025-cartilha-da-redacao-esta-disponivel-instituto-nacional-de-estudos-e-pesquisas-educacionais-anisio-teixeira\\\/#local-main-place-address\",\"streetAddress\":\"Rua dos Coqueiros, 104 - Bairro Boa Vista, Rua dos Coqueiros, 104 Bairro Boa Vista\",\"addressLocality\":\"UBIRATA\",\"postalCode\":\"85440-000\",\"addressRegion\":\"PR\",\"addressCountry\":\"BR\"},{\"@type\":\"ImageObject\",\"inLanguage\":\"en-US\",\"@id\":\"https:\\\/\\\/ubirataonline.com.br\\\/enem-2025-cartilha-da-redacao-esta-disponivel-instituto-nacional-de-estudos-e-pesquisas-educacionais-anisio-teixeira\\\/#local-main-organization-logo\",\"url\":\"https:\\\/\\\/ubirataonline.com.br\\\/wp-content\\\/uploads\\\/2026\\\/06\\\/logoubirataonline-1.webp\",\"contentUrl\":\"https:\\\/\\\/ubirataonline.com.br\\\/wp-content\\\/uploads\\\/2026\\\/06\\\/logoubirataonline-1.webp\",\"width\":500,\"height\":500,\"caption\":\"Ubirat\u00e3 Online Not\u00edcias\"}]}<\/script>\n<meta name=\"geo.placename\" content=\"UBIRATA\" \/>\n<meta name=\"geo.position\" content=\"-24.5361401;-52.9921776\" \/>\n<meta name=\"geo.region\" content=\"Brazil\" \/>\n<!-- \/ Yoast SEO Premium plugin. -->","yoast_head_json":{"title":"Enem 2025: cartilha da reda\u00e7\u00e3o est\u00e1 dispon\u00edvel \u2014 Instituto Nacional de Estudos e Pesquisas Educacionais An\u00edsio Teixeira - Ubirat\u00e3 Online Not\u00edcias - A realidade ao seu alcance!","description":"Os estudantes que se preparam para o Exame Nacional do Ensino M\u00e9dio (Enem) 2025 j\u00e1 podem consultar a nova edi\u00e7\u00e3o da cartilha \u201cA Reda\u00e7\u00e3o do Enem 2025 \u2013","robots":{"index":"index","follow":"follow","max-snippet":"max-snippet:-1","max-image-preview":"max-image-preview:large","max-video-preview":"max-video-preview:-1"},"canonical":"https:\/\/ubirataonline.com.br\/en\/enem-2025-cartilha-da-redacao-esta-disponivel-instituto-nacional-de-estudos-e-pesquisas-educacionais-anisio-teixeira\/","og_locale":"en_US","og_type":"article","og_title":"Enem 2025: cartilha da reda\u00e7\u00e3o est\u00e1 dispon\u00edvel \u2014 Instituto Nacional de Estudos e Pesquisas Educacionais An\u00edsio Teixeira","og_description":"Os estudantes que se preparam para o Exame Nacional do Ensino M\u00e9dio (Enem) 2025 j\u00e1 podem consultar a nova edi\u00e7\u00e3o da cartilha \u201cA Reda\u00e7\u00e3o do Enem 2025 \u2013","og_url":"https:\/\/ubirataonline.com.br\/en\/enem-2025-cartilha-da-redacao-esta-disponivel-instituto-nacional-de-estudos-e-pesquisas-educacionais-anisio-teixeira\/","og_site_name":"Ubirat\u00e3 Online Not\u00edcias - A realidade ao seu alcance!","article_publisher":"https:\/\/www.facebook.com\/portalubirataonline","article_author":"https:\/\/www.facebook.com\/portalubirataonline","article_published_time":"2025-10-03T19:58:22+00:00","og_image":[{"width":1531,"height":418,"url":"https:\/\/ubirataonline.com.br\/wp-content\/uploads\/2026\/05\/logo2026.webp","type":"image\/webp"}],"author":"REDA\u00c7\u00c3O: UBIRAT\u00c3 ONLINE - F\u00c1BIO AUGUSTO CELESTINO","twitter_card":"summary_large_image","twitter_creator":"@x.com\/ubirataonline","twitter_site":"@ubirataonline","twitter_misc":{"Written by":"REDA\u00c7\u00c3O: UBIRAT\u00c3 ONLINE - F\u00c1BIO AUGUSTO CELESTINO","Est. reading time":"2 minutes"},"schema":{"@context":"https:\/\/schema.org","@graph":[{"@type":"NewsArticle","@id":"https:\/\/ubirataonline.com.br\/enem-2025-cartilha-da-redacao-esta-disponivel-instituto-nacional-de-estudos-e-pesquisas-educacionais-anisio-teixeira\/#article","isPartOf":{"@id":"https:\/\/ubirataonline.com.br\/enem-2025-cartilha-da-redacao-esta-disponivel-instituto-nacional-de-estudos-e-pesquisas-educacionais-anisio-teixeira\/"},"author":{"name":"REDA\u00c7\u00c3O: UBIRAT\u00c3 ONLINE - F\u00c1BIO AUGUSTO CELESTINO","@id":"https:\/\/ubirataonline.com.br\/#\/schema\/person\/372f87bbd3fdd79b8556b84c98d0bc1c"},"headline":"Enem 2025: cartilha da reda\u00e7\u00e3o est\u00e1 dispon\u00edvel \u2014 Instituto Nacional de Estudos e Pesquisas Educacionais An\u00edsio Teixeira","datePublished":"2025-10-03T19:58:22+00:00","mainEntityOfPage":{"@id":"https:\/\/ubirataonline.com.br\/enem-2025-cartilha-da-redacao-esta-disponivel-instituto-nacional-de-estudos-e-pesquisas-educacionais-anisio-teixeira\/"},"wordCount":472,"publisher":{"@id":"https:\/\/ubirataonline.com.br\/#organization"},"image":{"@id":"https:\/\/ubirataonline.com.br\/enem-2025-cartilha-da-redacao-esta-disponivel-instituto-nacional-de-estudos-e-pesquisas-educacionais-anisio-teixeira\/#primaryimage"},"thumbnailUrl":"https:\/\/ubirataonline.com.br\/wp-content\/uploads\/2025\/10\/730cccc3-250c-488e-9237-6983477f615c.png","articleSection":["Brasil"],"inLanguage":"en-US","copyrightYear":"2025","copyrightHolder":{"@id":"https:\/\/ubirataonline.com.br\/en\/#organization"}},{"@type":"WebPage","@id":"https:\/\/ubirataonline.com.br\/enem-2025-cartilha-da-redacao-esta-disponivel-instituto-nacional-de-estudos-e-pesquisas-educacionais-anisio-teixeira\/","url":"https:\/\/ubirataonline.com.br\/enem-2025-cartilha-da-redacao-esta-disponivel-instituto-nacional-de-estudos-e-pesquisas-educacionais-anisio-teixeira\/","name":"Enem 2025: cartilha da reda\u00e7\u00e3o est\u00e1 dispon\u00edvel \u2014 Instituto Nacional de Estudos e Pesquisas Educacionais An\u00edsio Teixeira - Ubirat\u00e3 Online Not\u00edcias - A realidade ao seu alcance!","isPartOf":{"@id":"https:\/\/ubirataonline.com.br\/#website"},"primaryImageOfPage":{"@id":"https:\/\/ubirataonline.com.br\/enem-2025-cartilha-da-redacao-esta-disponivel-instituto-nacional-de-estudos-e-pesquisas-educacionais-anisio-teixeira\/#primaryimage"},"image":{"@id":"https:\/\/ubirataonline.com.br\/enem-2025-cartilha-da-redacao-esta-disponivel-instituto-nacional-de-estudos-e-pesquisas-educacionais-anisio-teixeira\/#primaryimage"},"thumbnailUrl":"https:\/\/ubirataonline.com.br\/wp-content\/uploads\/2025\/10\/730cccc3-250c-488e-9237-6983477f615c.png","datePublished":"2025-10-03T19:58:22+00:00","description":"Os estudantes que se preparam para o Exame Nacional do Ensino M\u00e9dio (Enem) 2025 j\u00e1 podem consultar a nova edi\u00e7\u00e3o da cartilha \u201cA Reda\u00e7\u00e3o do Enem 2025 \u2013","breadcrumb":{"@id":"https:\/\/ubirataonline.com.br\/enem-2025-cartilha-da-redacao-esta-disponivel-instituto-nacional-de-estudos-e-pesquisas-educacionais-anisio-teixeira\/#breadcrumb"},"inLanguage":"en-US","potentialAction":[{"@type":"ReadAction","target":["https:\/\/ubirataonline.com.br\/enem-2025-cartilha-da-redacao-esta-disponivel-instituto-nacional-de-estudos-e-pesquisas-educacionais-anisio-teixeira\/"]}]},{"@type":"ImageObject","inLanguage":"en-US","@id":"https:\/\/ubirataonline.com.br\/enem-2025-cartilha-da-redacao-esta-disponivel-instituto-nacional-de-estudos-e-pesquisas-educacionais-anisio-teixeira\/#primaryimage","url":"https:\/\/ubirataonline.com.br\/wp-content\/uploads\/2025\/10\/730cccc3-250c-488e-9237-6983477f615c.png","contentUrl":"https:\/\/ubirataonline.com.br\/wp-content\/uploads\/2025\/10\/730cccc3-250c-488e-9237-6983477f615c.png","width":768,"height":200},{"@type":"BreadcrumbList","@id":"https:\/\/ubirataonline.com.br\/enem-2025-cartilha-da-redacao-esta-disponivel-instituto-nacional-de-estudos-e-pesquisas-educacionais-anisio-teixeira\/#breadcrumb","itemListElement":[{"@type":"ListItem","position":1,"name":"In\u00edcio","item":"https:\/\/ubirataonline.com.br\/"},{"@type":"ListItem","position":2,"name":"Enem 2025: cartilha da reda\u00e7\u00e3o est\u00e1 dispon\u00edvel \u2014 Instituto Nacional de Estudos e Pesquisas Educacionais An\u00edsio Teixeira"}]},{"@type":"WebSite","@id":"https:\/\/ubirataonline.com.br\/#website","url":"https:\/\/ubirataonline.com.br\/","name":"Ubirat\u00e3 Online Not\u00edcias","description":"Not\u00edcias de Ubirat\u00e3, regi\u00e3o, Brasil e mundo, com informa\u00e7\u00e3o atualizada e compromisso com o leitor.","publisher":{"@id":"https:\/\/ubirataonline.com.br\/#organization"},"alternateName":"Ubirat\u00e3 Online","potentialAction":[{"@type":"SearchAction","target":{"@type":"EntryPoint","urlTemplate":"https:\/\/ubirataonline.com.br\/?s={search_term_string}"},"query-input":{"@type":"PropertyValueSpecification","valueRequired":true,"valueName":"search_term_string"}}],"inLanguage":"en-US"},{"@type":["Organization","Place"],"@id":"https:\/\/ubirataonline.com.br\/#organization","name":"Ubirat\u00e3 Online Not\u00edcias","alternateName":"Ubirat\u00e3 Online","url":"https:\/\/ubirataonline.com.br\/","logo":{"@id":"https:\/\/ubirataonline.com.br\/enem-2025-cartilha-da-redacao-esta-disponivel-instituto-nacional-de-estudos-e-pesquisas-educacionais-anisio-teixeira\/#local-main-organization-logo"},"image":{"@id":"https:\/\/ubirataonline.com.br\/enem-2025-cartilha-da-redacao-esta-disponivel-instituto-nacional-de-estudos-e-pesquisas-educacionais-anisio-teixeira\/#local-main-organization-logo"},"sameAs":["https:\/\/www.facebook.com\/portalubirataonline","https:\/\/x.com\/ubirataonline","https:\/\/mastodon.social\/@ubirataonline","https:\/\/www.facebook.com\/groups\/311144672285604","https:\/\/www.facebook.com\/UBTAOnline","https:\/\/www.instagram.com\/portalubirataonline\/","https:\/\/twitter.com\/ubirataonline"],"description":"Somos um portal de not\u00edcias independente, criado em 5 de janeiro de 2009, com o objetivo de informar, conectar e valorizar a nossa comunidade de Ubirat\u00e3 e toda aregi\u00e3o. Com conte\u00fado atualizado, confi\u00e1vel e relevante, o Ubirat\u00e3 Online \u00e9 o seu espa\u00e7o para ficar por dentro dos principais acontecimentos locais, regionais, Brasil, Mundo e de interesse geral. Nosso compromisso \u00e9 com a verdade, a transpar\u00eancia e o respeito ao leitor.","legalName":"UBIRATA ONLINE NOT\u00cdCIAS","foundingDate":"2009-01-05","numberOfEmployees":{"@type":"QuantitativeValue","minValue":"1","maxValue":"10"},"publishingPrinciples":"https:\/\/ubirataonline.com.br\/faq\/","address":{"@id":"https:\/\/ubirataonline.com.br\/enem-2025-cartilha-da-redacao-esta-disponivel-instituto-nacional-de-estudos-e-pesquisas-educacionais-anisio-teixeira\/#local-main-place-address"},"geo":{"@type":"GeoCoordinates","latitude":"-24.5361401","longitude":"-52.9921776"},"telephone":["+5544998308235"],"contactPoint":{"@type":"ContactPoint","email":"contato@ubirataonline.com.br"},"openingHoursSpecification":{"@type":"OpeningHoursSpecification","dayOfWeek":["Monday","Tuesday","Wednesday","Thursday","Friday","Saturday","Sunday"],"opens":"00:00","closes":"23:59"},"email":"contato@ubirataonline.com.br","vatID":"47.621.418\/0001-80"},{"@type":"Person","@id":"https:\/\/ubirataonline.com.br\/#\/schema\/person\/372f87bbd3fdd79b8556b84c98d0bc1c","name":"REDA\u00c7\u00c3O: UBIRAT\u00c3 ONLINE - F\u00c1BIO AUGUSTO CELESTINO","pronouns":"Ele","description":"Desde 2003 trabalhando com not\u00edcias.","sameAs":["http:\/\/ubirataoline.com.br","https:\/\/www.facebook.com\/portalubirataonline","https:\/\/www.instagram.com\/ubirataonline_oficial","https:\/\/x.com\/x.com\/ubirataonline"],"honorificPrefix":"Mr.","honorificSuffix":"MD","birthDate":"1980-06-16","gender":"masculino","award":["V\u00e1rios pr\u00eamios de melhor portal da cidade"],"jobTitle":"Diretor","url":"https:\/\/ubirataonline.com.br\/en\/author\/ubirataonline\/"},{"@type":"PostalAddress","@id":"https:\/\/ubirataonline.com.br\/enem-2025-cartilha-da-redacao-esta-disponivel-instituto-nacional-de-estudos-e-pesquisas-educacionais-anisio-teixeira\/#local-main-place-address","streetAddress":"Rua dos Coqueiros, 104 - Bairro Boa Vista, Rua dos Coqueiros, 104 Bairro Boa Vista","addressLocality":"UBIRATA","postalCode":"85440-000","addressRegion":"PR","addressCountry":"BR"},{"@type":"ImageObject","inLanguage":"en-US","@id":"https:\/\/ubirataonline.com.br\/enem-2025-cartilha-da-redacao-esta-disponivel-instituto-nacional-de-estudos-e-pesquisas-educacionais-anisio-teixeira\/#local-main-organization-logo","url":"https:\/\/ubirataonline.com.br\/wp-content\/uploads\/2026\/06\/logoubirataonline-1.webp","contentUrl":"https:\/\/ubirataonline.com.br\/wp-content\/uploads\/2026\/06\/logoubirataonline-1.webp","width":500,"height":500,"caption":"Ubirat\u00e3 Online Not\u00edcias"}]},"geo.placename":"UBIRATA","geo.position":{"lat":"-24.5361401","long":"-52.9921776"},"geo.region":"Brazil"},"_links":{"self":[{"href":"https:\/\/ubirataonline.com.br\/en\/wp-json\/wp\/v2\/posts\/70129","targetHints":{"allow":["GET"]}}],"collection":[{"href":"https:\/\/ubirataonline.com.br\/en\/wp-json\/wp\/v2\/posts"}],"about":[{"href":"https:\/\/ubirataonline.com.br\/en\/wp-json\/wp\/v2\/types\/post"}],"author":[{"embeddable":true,"href":"https:\/\/ubirataonline.com.br\/en\/wp-json\/wp\/v2\/users\/1"}],"replies":[{"embeddable":true,"href":"https:\/\/ubirataonline.com.br\/en\/wp-json\/wp\/v2\/comments?post=70129"}],"version-history":[{"count":0,"href":"https:\/\/ubirataonline.com.br\/en\/wp-json\/wp\/v2\/posts\/70129\/revisions"}],"wp:featuredmedia":[{"embeddable":true,"href":"https:\/\/ubirataonline.com.br\/en\/wp-json\/wp\/v2\/media\/70130"}],"wp:attachment":[{"href":"https:\/\/ubirataonline.com.br\/en\/wp-json\/wp\/v2\/media?parent=70129"}],"wp:term":[{"taxonomy":"category","embeddable":true,"href":"https:\/\/ubirataonline.com.br\/en\/wp-json\/wp\/v2\/categories?post=70129"},{"taxonomy":"post_tag","embeddable":true,"href":"https:\/\/ubirataonline.com.br\/en\/wp-json\/wp\/v2\/tags?post=70129"}],"curies":[{"name":"wp","href":"https:\/\/api.w.org\/{rel}","templated":true}]}}