{"id":70138,"date":"2025-10-03T19:00:48","date_gmt":"2025-10-03T22:00:48","guid":{"rendered":"https:\/\/ubirataonline.com.br\/terra-nostra-mariana-bebe-e-deixa-escapar-verdade-sobre-filho-de-giuliana\/"},"modified":"2025-10-03T19:00:48","modified_gmt":"2025-10-03T22:00:48","slug":"terra-nostra-mariana-bebe-e-deixa-escapar-verdade-sobre-filho-de-giuliana","status":"publish","type":"post","link":"https:\/\/ubirataonline.com.br\/en\/terra-nostra-mariana-bebe-e-deixa-escapar-verdade-sobre-filho-de-giuliana\/","title":{"rendered":"Terra Nostra: Mariana bebe e deixa escapar verdade sobre filho de Giuliana"},"content":{"rendered":"<p><\/p>\n<div>\n<div class=\"thumbnail mb-3\" id=\"post-thumbnail\" style=\"min-height: 531px; position: relative;\">\n                        <img width=\"944\" height=\"531\" src=\"https:\/\/img.nsctotal.com.br\/wp-content\/uploads\/2025\/10\/Mariana-deixa-escapar-verdade-sobre-filho-de-Giuliana-em-Terra-Nostra-944x531.jpg\" class=\"attachment-custom-large size-custom-large article-featured-image\" alt=\"Mariana deixa escapar verdade sobre filho de Giuliana em Terra Nostra\" fetchpriority=\"high\" decoding=\"async\" srcset=\"https:\/\/img.nsctotal.com.br\/wp-content\/uploads\/2025\/10\/Mariana-deixa-escapar-verdade-sobre-filho-de-Giuliana-em-Terra-Nostra-944x531.jpg 944w, https:\/\/img.nsctotal.com.br\/wp-content\/uploads\/2025\/10\/Mariana-deixa-escapar-verdade-sobre-filho-de-Giuliana-em-Terra-Nostra-720x405.jpg 720w, https:\/\/img.nsctotal.com.br\/wp-content\/uploads\/2025\/10\/Mariana-deixa-escapar-verdade-sobre-filho-de-Giuliana-em-Terra-Nostra-200x112.jpg 200w, https:\/\/img.nsctotal.com.br\/wp-content\/uploads\/2025\/10\/Mariana-deixa-escapar-verdade-sobre-filho-de-Giuliana-em-Terra-Nostra.jpg 1200w\" sizes=\"(max-width: 944px) 100vw, 944px\"\/><br \/>\n                        <button type=\"button\" class=\"zoom-button\" data-img=\"https:\/\/img.nsctotal.com.br\/wp-content\/uploads\/2025\/10\/Mariana-deixa-escapar-verdade-sobre-filho-de-Giuliana-em-Terra-Nostra-944x531.jpg\" data-caption=\"Mariana deixa escapar verdade sobre filho de Giuliana em Terra Nostra (Foto: Reprodu\u00e7\u00e3o, Globoplay)\" aria-label=\"Ampliar imagem: Mariana deixa escapar verdade sobre filho de Giuliana em Terra Nostra (Foto: Reprodu\u00e7\u00e3o, Globoplay)\"\/><\/p>\n<p>Mariana deixa escapar verdade sobre filho de Giuliana em Terra Nostra (Foto: Reprodu\u00e7\u00e3o, Globoplay)<\/p>\n<\/p><\/div>\n<\/p><\/div>\n<div id=\"post-content\">\n<p>Giuliana (Ana Paula Ar\u00f3sio) vai ser convencida por Janete (\u00c2ngela Vieira) e Francesco (Raul Cortez) que n\u00e3o deve procurar seu filho na Santa Casa.<\/p>\n<div class=\"nsc-content-ads\">\n<p>Continua depois da publicidade<\/p>\n<\/div>\n<p>E a culpa vai tomar conta de Mariana (Tania Bondezan), que acabar\u00e1 bebendo e deixando escapar as coisas na cara de Giuliana, que vai desconfiar de que ela est\u00e1 escondendo algo.<\/p>\n<h2 class=\"wp-block-heading\" id=\"h-compare-o-elenco-de-terra-nostra-em-1999-e-agora\">Compare o elenco de Terra Nostra em 1999 e agora<\/h2>\n<div class=\"nc-gallery-slider\"><span class=\"count-sliders\" data-counter=\"1\">1<\/span><\/p>\n<p><button class=\"block-gallery-nav-prev\">Voltar<\/button><button class=\"block-gallery-nav-next\">Avan\u00e7ar<\/button><\/p>\n<div class=\"nc-block-gallery\" style=\"overflow:hidden; direction:ltr; cursor:-webkit-grab;\">\n<figure class=\"nc-block-gallery-item\">\n<div class=\"nc-block-image\"><img loading=\"lazy\" decoding=\"async\" width=\"1200\" height=\"675\" data-id=\"7631643\" alt=\"compare o elenco de terra nostra\" class=\"wp-image-7631643\" srcset=\"https:\/\/img.nsctotal.com.br\/wp-content\/uploads\/2025\/09\/compare-o-elenco-de-terra-nostra.jpg 1200w, https:\/\/img.nsctotal.com.br\/wp-content\/uploads\/2025\/09\/compare-o-elenco-de-terra-nostra-944x531.jpg 944w, https:\/\/img.nsctotal.com.br\/wp-content\/uploads\/2025\/09\/compare-o-elenco-de-terra-nostra-720x405.jpg 720w, https:\/\/img.nsctotal.com.br\/wp-content\/uploads\/2025\/09\/compare-o-elenco-de-terra-nostra-200x112.jpg 200w\" data-lazy-sizes=\"(max-width: 1200px) 100vw, 1200px\" src=\"https:\/\/img.nsctotal.com.br\/wp-content\/uploads\/2025\/09\/compare-o-elenco-de-terra-nostra.jpg\"\/><img loading=\"lazy\" decoding=\"async\" width=\"1200\" height=\"675\" data-id=\"7631643\" src=\"https:\/\/img.nsctotal.com.br\/wp-content\/uploads\/2025\/09\/compare-o-elenco-de-terra-nostra.jpg\" alt=\"compare o elenco de terra nostra\" class=\"wp-image-7631643\" srcset=\"https:\/\/img.nsctotal.com.br\/wp-content\/uploads\/2025\/09\/compare-o-elenco-de-terra-nostra.jpg 1200w, https:\/\/img.nsctotal.com.br\/wp-content\/uploads\/2025\/09\/compare-o-elenco-de-terra-nostra-944x531.jpg 944w, https:\/\/img.nsctotal.com.br\/wp-content\/uploads\/2025\/09\/compare-o-elenco-de-terra-nostra-720x405.jpg 720w, https:\/\/img.nsctotal.com.br\/wp-content\/uploads\/2025\/09\/compare-o-elenco-de-terra-nostra-200x112.jpg 200w\" sizes=\"auto, (max-width: 1200px) 100vw, 1200px\"\/><button type=\"button\" class=\"zoom-button\" data-img=\"https:\/\/img.nsctotal.com.br\/wp-content\/uploads\/2025\/09\/compare-o-elenco-de-terra-nostra.jpg\" data-caption=\"compare o elenco de terra nostra\" aria-label=\"Ampliar imagem: compare o elenco de terra nostra\"\/><\/div>\n<div class=\"nc-block-image-caption\">\n<p>Ant\u00f4nio Fagundes (Fotos: Divulga\u00e7\u00e3o, Globo | Reprodu\u00e7\u00e3o, Redes Sociais)<\/p>\n<\/div>\n<\/figure>\n<figure class=\"nc-block-gallery-item\">\n<div class=\"nc-block-image\"><img loading=\"lazy\" decoding=\"async\" width=\"1200\" height=\"675\" data-id=\"7631633\" alt=\"compare o elenco de terra nostra\" class=\"wp-image-7631633\" srcset=\"https:\/\/img.nsctotal.com.br\/wp-content\/uploads\/2025\/09\/compare-o-elenco-de-terra-nostra-2.jpg 1200w, https:\/\/img.nsctotal.com.br\/wp-content\/uploads\/2025\/09\/compare-o-elenco-de-terra-nostra-2-944x531.jpg 944w, https:\/\/img.nsctotal.com.br\/wp-content\/uploads\/2025\/09\/compare-o-elenco-de-terra-nostra-2-720x405.jpg 720w, https:\/\/img.nsctotal.com.br\/wp-content\/uploads\/2025\/09\/compare-o-elenco-de-terra-nostra-2-200x112.jpg 200w\" data-lazy-sizes=\"(max-width: 1200px) 100vw, 1200px\" src=\"https:\/\/img.nsctotal.com.br\/wp-content\/uploads\/2025\/09\/compare-o-elenco-de-terra-nostra-2.jpg\"\/><img loading=\"lazy\" decoding=\"async\" width=\"1200\" height=\"675\" data-id=\"7631633\" src=\"https:\/\/img.nsctotal.com.br\/wp-content\/uploads\/2025\/09\/compare-o-elenco-de-terra-nostra-2.jpg\" alt=\"compare o elenco de terra nostra\" class=\"wp-image-7631633\" srcset=\"https:\/\/img.nsctotal.com.br\/wp-content\/uploads\/2025\/09\/compare-o-elenco-de-terra-nostra-2.jpg 1200w, https:\/\/img.nsctotal.com.br\/wp-content\/uploads\/2025\/09\/compare-o-elenco-de-terra-nostra-2-944x531.jpg 944w, https:\/\/img.nsctotal.com.br\/wp-content\/uploads\/2025\/09\/compare-o-elenco-de-terra-nostra-2-720x405.jpg 720w, https:\/\/img.nsctotal.com.br\/wp-content\/uploads\/2025\/09\/compare-o-elenco-de-terra-nostra-2-200x112.jpg 200w\" sizes=\"auto, (max-width: 1200px) 100vw, 1200px\"\/><button type=\"button\" class=\"zoom-button\" data-img=\"https:\/\/img.nsctotal.com.br\/wp-content\/uploads\/2025\/09\/compare-o-elenco-de-terra-nostra-2.jpg\" data-caption=\"compare o elenco de terra nostra\" aria-label=\"Ampliar imagem: compare o elenco de terra nostra\"\/><\/div>\n<div class=\"nc-block-image-caption\">\n<p>Thiago Lacerda (Fotos: Divulga\u00e7\u00e3o, Globo | Reprodu\u00e7\u00e3o, Redes Sociais)<\/p>\n<\/div>\n<\/figure>\n<figure class=\"nc-block-gallery-item\">\n<div class=\"nc-block-image\"><img loading=\"lazy\" decoding=\"async\" width=\"1200\" height=\"675\" data-id=\"7631634\" alt=\"compare o elenco de terra nostra\" class=\"wp-image-7631634\" srcset=\"https:\/\/img.nsctotal.com.br\/wp-content\/uploads\/2025\/09\/compare-o-elenco-de-terra-nostra-3.jpg 1200w, https:\/\/img.nsctotal.com.br\/wp-content\/uploads\/2025\/09\/compare-o-elenco-de-terra-nostra-3-944x531.jpg 944w, https:\/\/img.nsctotal.com.br\/wp-content\/uploads\/2025\/09\/compare-o-elenco-de-terra-nostra-3-720x405.jpg 720w, https:\/\/img.nsctotal.com.br\/wp-content\/uploads\/2025\/09\/compare-o-elenco-de-terra-nostra-3-200x112.jpg 200w\" data-lazy-sizes=\"(max-width: 1200px) 100vw, 1200px\" src=\"https:\/\/img.nsctotal.com.br\/wp-content\/uploads\/2025\/09\/compare-o-elenco-de-terra-nostra-3.jpg\"\/><img loading=\"lazy\" decoding=\"async\" width=\"1200\" height=\"675\" data-id=\"7631634\" src=\"https:\/\/img.nsctotal.com.br\/wp-content\/uploads\/2025\/09\/compare-o-elenco-de-terra-nostra-3.jpg\" alt=\"compare o elenco de terra nostra\" class=\"wp-image-7631634\" srcset=\"https:\/\/img.nsctotal.com.br\/wp-content\/uploads\/2025\/09\/compare-o-elenco-de-terra-nostra-3.jpg 1200w, https:\/\/img.nsctotal.com.br\/wp-content\/uploads\/2025\/09\/compare-o-elenco-de-terra-nostra-3-944x531.jpg 944w, https:\/\/img.nsctotal.com.br\/wp-content\/uploads\/2025\/09\/compare-o-elenco-de-terra-nostra-3-720x405.jpg 720w, https:\/\/img.nsctotal.com.br\/wp-content\/uploads\/2025\/09\/compare-o-elenco-de-terra-nostra-3-200x112.jpg 200w\" sizes=\"auto, (max-width: 1200px) 100vw, 1200px\"\/><button type=\"button\" class=\"zoom-button\" data-img=\"https:\/\/img.nsctotal.com.br\/wp-content\/uploads\/2025\/09\/compare-o-elenco-de-terra-nostra-3.jpg\" data-caption=\"compare o elenco de terra nostra\" aria-label=\"Ampliar imagem: compare o elenco de terra nostra\"\/><\/div>\n<div class=\"nc-block-image-caption\">\n<p>Ana Paula Ar\u00f3sio (Fotos: Divulga\u00e7\u00e3o, Globo | Reprodu\u00e7\u00e3o, Redes Sociais)<\/p>\n<\/div>\n<\/figure>\n<figure class=\"nc-block-gallery-item\">\n<div class=\"nc-block-image\"><img loading=\"lazy\" decoding=\"async\" width=\"1200\" height=\"675\" data-id=\"7631635\" alt=\"\" class=\"wp-image-7631635\" srcset=\"https:\/\/img.nsctotal.com.br\/wp-content\/uploads\/2025\/09\/compare-o-elenco-de-terra-nostra-4.jpg 1200w, https:\/\/img.nsctotal.com.br\/wp-content\/uploads\/2025\/09\/compare-o-elenco-de-terra-nostra-4-944x531.jpg 944w, https:\/\/img.nsctotal.com.br\/wp-content\/uploads\/2025\/09\/compare-o-elenco-de-terra-nostra-4-720x405.jpg 720w, https:\/\/img.nsctotal.com.br\/wp-content\/uploads\/2025\/09\/compare-o-elenco-de-terra-nostra-4-200x112.jpg 200w\" data-lazy-sizes=\"(max-width: 1200px) 100vw, 1200px\" src=\"https:\/\/img.nsctotal.com.br\/wp-content\/uploads\/2025\/09\/compare-o-elenco-de-terra-nostra-4.jpg\"\/><img loading=\"lazy\" decoding=\"async\" width=\"1200\" height=\"675\" data-id=\"7631635\" src=\"https:\/\/img.nsctotal.com.br\/wp-content\/uploads\/2025\/09\/compare-o-elenco-de-terra-nostra-4.jpg\" alt=\"\" class=\"wp-image-7631635\" srcset=\"https:\/\/img.nsctotal.com.br\/wp-content\/uploads\/2025\/09\/compare-o-elenco-de-terra-nostra-4.jpg 1200w, https:\/\/img.nsctotal.com.br\/wp-content\/uploads\/2025\/09\/compare-o-elenco-de-terra-nostra-4-944x531.jpg 944w, https:\/\/img.nsctotal.com.br\/wp-content\/uploads\/2025\/09\/compare-o-elenco-de-terra-nostra-4-720x405.jpg 720w, https:\/\/img.nsctotal.com.br\/wp-content\/uploads\/2025\/09\/compare-o-elenco-de-terra-nostra-4-200x112.jpg 200w\" sizes=\"auto, (max-width: 1200px) 100vw, 1200px\"\/><button type=\"button\" class=\"zoom-button\" data-img=\"https:\/\/img.nsctotal.com.br\/wp-content\/uploads\/2025\/09\/compare-o-elenco-de-terra-nostra-4.jpg\" data-caption=\"Imagem da Galeria\" aria-label=\"Ampliar imagem: Imagem da Galeria\"\/><\/div>\n<div class=\"nc-block-image-caption\">\n<p>Maria Fernanda C\u00e2ndido (Fotos: Divulga\u00e7\u00e3o, Globo | Reprodu\u00e7\u00e3o, Redes Sociais)<\/p>\n<\/div>\n<\/figure>\n<figure class=\"nc-block-gallery-item\">\n<div class=\"nc-block-image\"><img loading=\"lazy\" decoding=\"async\" width=\"1200\" height=\"675\" data-id=\"7631637\" alt=\"\" class=\"wp-image-7631637\" srcset=\"https:\/\/img.nsctotal.com.br\/wp-content\/uploads\/2025\/09\/compare-o-elenco-de-terra-nostra-6.jpg 1200w, https:\/\/img.nsctotal.com.br\/wp-content\/uploads\/2025\/09\/compare-o-elenco-de-terra-nostra-6-944x531.jpg 944w, https:\/\/img.nsctotal.com.br\/wp-content\/uploads\/2025\/09\/compare-o-elenco-de-terra-nostra-6-720x405.jpg 720w, https:\/\/img.nsctotal.com.br\/wp-content\/uploads\/2025\/09\/compare-o-elenco-de-terra-nostra-6-200x112.jpg 200w\" data-lazy-sizes=\"(max-width: 1200px) 100vw, 1200px\" src=\"https:\/\/img.nsctotal.com.br\/wp-content\/uploads\/2025\/09\/compare-o-elenco-de-terra-nostra-6.jpg\"\/><img loading=\"lazy\" decoding=\"async\" width=\"1200\" height=\"675\" data-id=\"7631637\" src=\"https:\/\/img.nsctotal.com.br\/wp-content\/uploads\/2025\/09\/compare-o-elenco-de-terra-nostra-6.jpg\" alt=\"\" class=\"wp-image-7631637\" srcset=\"https:\/\/img.nsctotal.com.br\/wp-content\/uploads\/2025\/09\/compare-o-elenco-de-terra-nostra-6.jpg 1200w, https:\/\/img.nsctotal.com.br\/wp-content\/uploads\/2025\/09\/compare-o-elenco-de-terra-nostra-6-944x531.jpg 944w, https:\/\/img.nsctotal.com.br\/wp-content\/uploads\/2025\/09\/compare-o-elenco-de-terra-nostra-6-720x405.jpg 720w, https:\/\/img.nsctotal.com.br\/wp-content\/uploads\/2025\/09\/compare-o-elenco-de-terra-nostra-6-200x112.jpg 200w\" sizes=\"auto, (max-width: 1200px) 100vw, 1200px\"\/><button type=\"button\" class=\"zoom-button\" data-img=\"https:\/\/img.nsctotal.com.br\/wp-content\/uploads\/2025\/09\/compare-o-elenco-de-terra-nostra-6.jpg\" data-caption=\"Imagem da Galeria\" aria-label=\"Ampliar imagem: Imagem da Galeria\"\/><\/div>\n<div class=\"nc-block-image-caption\">\n<p>Carolina Kasting (Fotos: Divulga\u00e7\u00e3o, Globo | Reprodu\u00e7\u00e3o, Redes Sociais)<\/p>\n<\/div>\n<\/figure>\n<figure class=\"nc-block-gallery-item\">\n<div class=\"nc-block-image\"><img loading=\"lazy\" decoding=\"async\" width=\"1200\" height=\"675\" data-id=\"7631640\" alt=\"compare o elenco de terra nostra\" class=\"wp-image-7631640\" srcset=\"https:\/\/img.nsctotal.com.br\/wp-content\/uploads\/2025\/09\/compare-o-elenco-de-terra-nostra-9.jpg 1200w, https:\/\/img.nsctotal.com.br\/wp-content\/uploads\/2025\/09\/compare-o-elenco-de-terra-nostra-9-944x531.jpg 944w, https:\/\/img.nsctotal.com.br\/wp-content\/uploads\/2025\/09\/compare-o-elenco-de-terra-nostra-9-720x405.jpg 720w, https:\/\/img.nsctotal.com.br\/wp-content\/uploads\/2025\/09\/compare-o-elenco-de-terra-nostra-9-200x112.jpg 200w\" data-lazy-sizes=\"(max-width: 1200px) 100vw, 1200px\" src=\"https:\/\/img.nsctotal.com.br\/wp-content\/uploads\/2025\/09\/compare-o-elenco-de-terra-nostra-9.jpg\"\/><img loading=\"lazy\" decoding=\"async\" width=\"1200\" height=\"675\" data-id=\"7631640\" src=\"https:\/\/img.nsctotal.com.br\/wp-content\/uploads\/2025\/09\/compare-o-elenco-de-terra-nostra-9.jpg\" alt=\"compare o elenco de terra nostra\" class=\"wp-image-7631640\" srcset=\"https:\/\/img.nsctotal.com.br\/wp-content\/uploads\/2025\/09\/compare-o-elenco-de-terra-nostra-9.jpg 1200w, https:\/\/img.nsctotal.com.br\/wp-content\/uploads\/2025\/09\/compare-o-elenco-de-terra-nostra-9-944x531.jpg 944w, https:\/\/img.nsctotal.com.br\/wp-content\/uploads\/2025\/09\/compare-o-elenco-de-terra-nostra-9-720x405.jpg 720w, https:\/\/img.nsctotal.com.br\/wp-content\/uploads\/2025\/09\/compare-o-elenco-de-terra-nostra-9-200x112.jpg 200w\" sizes=\"auto, (max-width: 1200px) 100vw, 1200px\"\/><button type=\"button\" class=\"zoom-button\" data-img=\"https:\/\/img.nsctotal.com.br\/wp-content\/uploads\/2025\/09\/compare-o-elenco-de-terra-nostra-9.jpg\" data-caption=\"compare o elenco de terra nostra\" aria-label=\"Ampliar imagem: compare o elenco de terra nostra\"\/><\/div>\n<div class=\"nc-block-image-caption\">\n<p>Ant\u00f4nio Calloni (Fotos: Divulga\u00e7\u00e3o, Globo | Reprodu\u00e7\u00e3o, Redes Sociais)<\/p>\n<\/div>\n<\/figure>\n<figure class=\"nc-block-gallery-item\">\n<div class=\"nc-block-image\"><img loading=\"lazy\" decoding=\"async\" width=\"1200\" height=\"675\" data-id=\"7631625\" alt=\"\" class=\"wp-image-7631625\" srcset=\"https:\/\/img.nsctotal.com.br\/wp-content\/uploads\/2025\/09\/compare-o-elenco-de-terra-nostra-12.jpg 1200w, https:\/\/img.nsctotal.com.br\/wp-content\/uploads\/2025\/09\/compare-o-elenco-de-terra-nostra-12-944x531.jpg 944w, https:\/\/img.nsctotal.com.br\/wp-content\/uploads\/2025\/09\/compare-o-elenco-de-terra-nostra-12-720x405.jpg 720w, https:\/\/img.nsctotal.com.br\/wp-content\/uploads\/2025\/09\/compare-o-elenco-de-terra-nostra-12-200x112.jpg 200w\" data-lazy-sizes=\"(max-width: 1200px) 100vw, 1200px\" src=\"https:\/\/img.nsctotal.com.br\/wp-content\/uploads\/2025\/09\/compare-o-elenco-de-terra-nostra-12.jpg\"\/><img loading=\"lazy\" decoding=\"async\" width=\"1200\" height=\"675\" data-id=\"7631625\" src=\"https:\/\/img.nsctotal.com.br\/wp-content\/uploads\/2025\/09\/compare-o-elenco-de-terra-nostra-12.jpg\" alt=\"\" class=\"wp-image-7631625\" srcset=\"https:\/\/img.nsctotal.com.br\/wp-content\/uploads\/2025\/09\/compare-o-elenco-de-terra-nostra-12.jpg 1200w, https:\/\/img.nsctotal.com.br\/wp-content\/uploads\/2025\/09\/compare-o-elenco-de-terra-nostra-12-944x531.jpg 944w, https:\/\/img.nsctotal.com.br\/wp-content\/uploads\/2025\/09\/compare-o-elenco-de-terra-nostra-12-720x405.jpg 720w, https:\/\/img.nsctotal.com.br\/wp-content\/uploads\/2025\/09\/compare-o-elenco-de-terra-nostra-12-200x112.jpg 200w\" sizes=\"auto, (max-width: 1200px) 100vw, 1200px\"\/><button type=\"button\" class=\"zoom-button\" data-img=\"https:\/\/img.nsctotal.com.br\/wp-content\/uploads\/2025\/09\/compare-o-elenco-de-terra-nostra-12.jpg\" data-caption=\"Imagem da Galeria\" aria-label=\"Ampliar imagem: Imagem da Galeria\"\/><\/div>\n<div class=\"nc-block-image-caption\">\n<p>Paloma Duarte (Fotos: Divulga\u00e7\u00e3o, Globo | Reprodu\u00e7\u00e3o, Redes Sociais)<\/p>\n<\/div>\n<\/figure>\n<figure class=\"nc-block-gallery-item\">\n<div class=\"nc-block-image\"><img loading=\"lazy\" decoding=\"async\" width=\"1200\" height=\"675\" data-id=\"7631638\" alt=\"compare o elenco de terra nostra\" class=\"wp-image-7631638\" srcset=\"https:\/\/img.nsctotal.com.br\/wp-content\/uploads\/2025\/09\/compare-o-elenco-de-terra-nostra-7.jpg 1200w, https:\/\/img.nsctotal.com.br\/wp-content\/uploads\/2025\/09\/compare-o-elenco-de-terra-nostra-7-944x531.jpg 944w, https:\/\/img.nsctotal.com.br\/wp-content\/uploads\/2025\/09\/compare-o-elenco-de-terra-nostra-7-720x405.jpg 720w, https:\/\/img.nsctotal.com.br\/wp-content\/uploads\/2025\/09\/compare-o-elenco-de-terra-nostra-7-200x112.jpg 200w\" data-lazy-sizes=\"(max-width: 1200px) 100vw, 1200px\" src=\"https:\/\/img.nsctotal.com.br\/wp-content\/uploads\/2025\/09\/compare-o-elenco-de-terra-nostra-7.jpg\"\/><img loading=\"lazy\" decoding=\"async\" width=\"1200\" height=\"675\" data-id=\"7631638\" src=\"https:\/\/img.nsctotal.com.br\/wp-content\/uploads\/2025\/09\/compare-o-elenco-de-terra-nostra-7.jpg\" alt=\"compare o elenco de terra nostra\" class=\"wp-image-7631638\" srcset=\"https:\/\/img.nsctotal.com.br\/wp-content\/uploads\/2025\/09\/compare-o-elenco-de-terra-nostra-7.jpg 1200w, https:\/\/img.nsctotal.com.br\/wp-content\/uploads\/2025\/09\/compare-o-elenco-de-terra-nostra-7-944x531.jpg 944w, https:\/\/img.nsctotal.com.br\/wp-content\/uploads\/2025\/09\/compare-o-elenco-de-terra-nostra-7-720x405.jpg 720w, https:\/\/img.nsctotal.com.br\/wp-content\/uploads\/2025\/09\/compare-o-elenco-de-terra-nostra-7-200x112.jpg 200w\" sizes=\"auto, (max-width: 1200px) 100vw, 1200px\"\/><button type=\"button\" class=\"zoom-button\" data-img=\"https:\/\/img.nsctotal.com.br\/wp-content\/uploads\/2025\/09\/compare-o-elenco-de-terra-nostra-7.jpg\" data-caption=\"compare o elenco de terra nostra\" aria-label=\"Ampliar imagem: compare o elenco de terra nostra\"\/><\/div>\n<div class=\"nc-block-image-caption\">\n<p>D\u00e9bora Duarte (Fotos: Divulga\u00e7\u00e3o, Globo | Reprodu\u00e7\u00e3o, Redes Sociais)<\/p>\n<\/div>\n<\/figure>\n<figure class=\"nc-block-gallery-item\">\n<div class=\"nc-block-image\"><img loading=\"lazy\" decoding=\"async\" width=\"1200\" height=\"675\" data-id=\"7631642\" alt=\"\" class=\"wp-image-7631642\" srcset=\"https:\/\/img.nsctotal.com.br\/wp-content\/uploads\/2025\/09\/compare-o-elenco-de-terra-nostra-10.jpg 1200w, https:\/\/img.nsctotal.com.br\/wp-content\/uploads\/2025\/09\/compare-o-elenco-de-terra-nostra-10-944x531.jpg 944w, https:\/\/img.nsctotal.com.br\/wp-content\/uploads\/2025\/09\/compare-o-elenco-de-terra-nostra-10-720x405.jpg 720w, https:\/\/img.nsctotal.com.br\/wp-content\/uploads\/2025\/09\/compare-o-elenco-de-terra-nostra-10-200x112.jpg 200w\" data-lazy-sizes=\"(max-width: 1200px) 100vw, 1200px\" src=\"https:\/\/img.nsctotal.com.br\/wp-content\/uploads\/2025\/09\/compare-o-elenco-de-terra-nostra-10.jpg\"\/><img loading=\"lazy\" decoding=\"async\" width=\"1200\" height=\"675\" data-id=\"7631642\" src=\"https:\/\/img.nsctotal.com.br\/wp-content\/uploads\/2025\/09\/compare-o-elenco-de-terra-nostra-10.jpg\" alt=\"\" class=\"wp-image-7631642\" srcset=\"https:\/\/img.nsctotal.com.br\/wp-content\/uploads\/2025\/09\/compare-o-elenco-de-terra-nostra-10.jpg 1200w, https:\/\/img.nsctotal.com.br\/wp-content\/uploads\/2025\/09\/compare-o-elenco-de-terra-nostra-10-944x531.jpg 944w, https:\/\/img.nsctotal.com.br\/wp-content\/uploads\/2025\/09\/compare-o-elenco-de-terra-nostra-10-720x405.jpg 720w, https:\/\/img.nsctotal.com.br\/wp-content\/uploads\/2025\/09\/compare-o-elenco-de-terra-nostra-10-200x112.jpg 200w\" sizes=\"auto, (max-width: 1200px) 100vw, 1200px\"\/><button type=\"button\" class=\"zoom-button\" data-img=\"https:\/\/img.nsctotal.com.br\/wp-content\/uploads\/2025\/09\/compare-o-elenco-de-terra-nostra-10.jpg\" data-caption=\"Imagem da Galeria\" aria-label=\"Ampliar imagem: Imagem da Galeria\"\/><\/div>\n<div class=\"nc-block-image-caption\">\n<p>Lu Grimaldi (Fotos: Divulga\u00e7\u00e3o, Globo | Reprodu\u00e7\u00e3o, Redes Sociais)<\/p>\n<\/div>\n<\/figure>\n<figure class=\"nc-block-gallery-item\">\n<div class=\"nc-block-image\"><img loading=\"lazy\" decoding=\"async\" width=\"1200\" height=\"675\" data-id=\"7631639\" alt=\"compare o elenco de terra nostra\" class=\"wp-image-7631639\" srcset=\"https:\/\/img.nsctotal.com.br\/wp-content\/uploads\/2025\/09\/compare-o-elenco-de-terra-nostra-8.jpg 1200w, https:\/\/img.nsctotal.com.br\/wp-content\/uploads\/2025\/09\/compare-o-elenco-de-terra-nostra-8-944x531.jpg 944w, https:\/\/img.nsctotal.com.br\/wp-content\/uploads\/2025\/09\/compare-o-elenco-de-terra-nostra-8-720x405.jpg 720w, https:\/\/img.nsctotal.com.br\/wp-content\/uploads\/2025\/09\/compare-o-elenco-de-terra-nostra-8-200x112.jpg 200w\" data-lazy-sizes=\"(max-width: 1200px) 100vw, 1200px\" src=\"https:\/\/img.nsctotal.com.br\/wp-content\/uploads\/2025\/09\/compare-o-elenco-de-terra-nostra-8.jpg\"\/><img loading=\"lazy\" decoding=\"async\" width=\"1200\" height=\"675\" data-id=\"7631639\" src=\"https:\/\/img.nsctotal.com.br\/wp-content\/uploads\/2025\/09\/compare-o-elenco-de-terra-nostra-8.jpg\" alt=\"compare o elenco de terra nostra\" class=\"wp-image-7631639\" srcset=\"https:\/\/img.nsctotal.com.br\/wp-content\/uploads\/2025\/09\/compare-o-elenco-de-terra-nostra-8.jpg 1200w, https:\/\/img.nsctotal.com.br\/wp-content\/uploads\/2025\/09\/compare-o-elenco-de-terra-nostra-8-944x531.jpg 944w, https:\/\/img.nsctotal.com.br\/wp-content\/uploads\/2025\/09\/compare-o-elenco-de-terra-nostra-8-720x405.jpg 720w, https:\/\/img.nsctotal.com.br\/wp-content\/uploads\/2025\/09\/compare-o-elenco-de-terra-nostra-8-200x112.jpg 200w\" sizes=\"auto, (max-width: 1200px) 100vw, 1200px\"\/><button type=\"button\" class=\"zoom-button\" data-img=\"https:\/\/img.nsctotal.com.br\/wp-content\/uploads\/2025\/09\/compare-o-elenco-de-terra-nostra-8.jpg\" data-caption=\"compare o elenco de terra nostra\" aria-label=\"Ampliar imagem: compare o elenco de terra nostra\"\/><\/div>\n<div class=\"nc-block-image-caption\">\n<p>Cl\u00e1udia Raia (Fotos: Divulga\u00e7\u00e3o, Globo | Reprodu\u00e7\u00e3o, Redes Sociais)<\/p>\n<\/div>\n<\/figure>\n<figure class=\"nc-block-gallery-item\">\n<div class=\"nc-block-image\"><img loading=\"lazy\" decoding=\"async\" width=\"1200\" height=\"675\" data-id=\"7631636\" alt=\"\" class=\"wp-image-7631636\" srcset=\"https:\/\/img.nsctotal.com.br\/wp-content\/uploads\/2025\/09\/compare-o-elenco-de-terra-nostra-5.jpg 1200w, https:\/\/img.nsctotal.com.br\/wp-content\/uploads\/2025\/09\/compare-o-elenco-de-terra-nostra-5-944x531.jpg 944w, https:\/\/img.nsctotal.com.br\/wp-content\/uploads\/2025\/09\/compare-o-elenco-de-terra-nostra-5-720x405.jpg 720w, https:\/\/img.nsctotal.com.br\/wp-content\/uploads\/2025\/09\/compare-o-elenco-de-terra-nostra-5-200x112.jpg 200w\" data-lazy-sizes=\"(max-width: 1200px) 100vw, 1200px\" src=\"https:\/\/img.nsctotal.com.br\/wp-content\/uploads\/2025\/09\/compare-o-elenco-de-terra-nostra-5.jpg\"\/><img loading=\"lazy\" decoding=\"async\" width=\"1200\" height=\"675\" data-id=\"7631636\" src=\"https:\/\/img.nsctotal.com.br\/wp-content\/uploads\/2025\/09\/compare-o-elenco-de-terra-nostra-5.jpg\" alt=\"\" class=\"wp-image-7631636\" srcset=\"https:\/\/img.nsctotal.com.br\/wp-content\/uploads\/2025\/09\/compare-o-elenco-de-terra-nostra-5.jpg 1200w, https:\/\/img.nsctotal.com.br\/wp-content\/uploads\/2025\/09\/compare-o-elenco-de-terra-nostra-5-944x531.jpg 944w, https:\/\/img.nsctotal.com.br\/wp-content\/uploads\/2025\/09\/compare-o-elenco-de-terra-nostra-5-720x405.jpg 720w, https:\/\/img.nsctotal.com.br\/wp-content\/uploads\/2025\/09\/compare-o-elenco-de-terra-nostra-5-200x112.jpg 200w\" sizes=\"auto, (max-width: 1200px) 100vw, 1200px\"\/><button type=\"button\" class=\"zoom-button\" data-img=\"https:\/\/img.nsctotal.com.br\/wp-content\/uploads\/2025\/09\/compare-o-elenco-de-terra-nostra-5.jpg\" data-caption=\"Imagem da Galeria\" aria-label=\"Ampliar imagem: Imagem da Galeria\"\/><\/div>\n<div class=\"nc-block-image-caption\">\n<p>Marcello Antony (Fotos: Divulga\u00e7\u00e3o, Globo | Reprodu\u00e7\u00e3o, Redes Sociais)<\/p>\n<\/div>\n<\/figure>\n<figure class=\"nc-block-gallery-item\">\n<div class=\"nc-block-image\"><img loading=\"lazy\" decoding=\"async\" width=\"1200\" height=\"675\" data-id=\"7631632\" alt=\"\" class=\"wp-image-7631632\" srcset=\"https:\/\/img.nsctotal.com.br\/wp-content\/uploads\/2025\/09\/compare-o-elenco-de-terra-nostra-18.jpg 1200w, https:\/\/img.nsctotal.com.br\/wp-content\/uploads\/2025\/09\/compare-o-elenco-de-terra-nostra-18-944x531.jpg 944w, https:\/\/img.nsctotal.com.br\/wp-content\/uploads\/2025\/09\/compare-o-elenco-de-terra-nostra-18-720x405.jpg 720w, https:\/\/img.nsctotal.com.br\/wp-content\/uploads\/2025\/09\/compare-o-elenco-de-terra-nostra-18-200x112.jpg 200w\" data-lazy-sizes=\"(max-width: 1200px) 100vw, 1200px\" src=\"https:\/\/img.nsctotal.com.br\/wp-content\/uploads\/2025\/09\/compare-o-elenco-de-terra-nostra-18.jpg\"\/><img loading=\"lazy\" decoding=\"async\" width=\"1200\" height=\"675\" data-id=\"7631632\" src=\"https:\/\/img.nsctotal.com.br\/wp-content\/uploads\/2025\/09\/compare-o-elenco-de-terra-nostra-18.jpg\" alt=\"\" class=\"wp-image-7631632\" srcset=\"https:\/\/img.nsctotal.com.br\/wp-content\/uploads\/2025\/09\/compare-o-elenco-de-terra-nostra-18.jpg 1200w, https:\/\/img.nsctotal.com.br\/wp-content\/uploads\/2025\/09\/compare-o-elenco-de-terra-nostra-18-944x531.jpg 944w, https:\/\/img.nsctotal.com.br\/wp-content\/uploads\/2025\/09\/compare-o-elenco-de-terra-nostra-18-720x405.jpg 720w, https:\/\/img.nsctotal.com.br\/wp-content\/uploads\/2025\/09\/compare-o-elenco-de-terra-nostra-18-200x112.jpg 200w\" sizes=\"auto, (max-width: 1200px) 100vw, 1200px\"\/><button type=\"button\" class=\"zoom-button\" data-img=\"https:\/\/img.nsctotal.com.br\/wp-content\/uploads\/2025\/09\/compare-o-elenco-de-terra-nostra-18.jpg\" data-caption=\"Imagem da Galeria\" aria-label=\"Ampliar imagem: Imagem da Galeria\"\/><\/div>\n<div class=\"nc-block-image-caption\">\n<p>Adriana Lessa (Fotos: Divulga\u00e7\u00e3o, Globo | Reprodu\u00e7\u00e3o, Redes Sociais)<\/p>\n<\/div>\n<\/figure>\n<figure class=\"nc-block-gallery-item\">\n<div class=\"nc-block-image\"><img loading=\"lazy\" decoding=\"async\" width=\"1200\" height=\"675\" data-id=\"7631624\" alt=\"compare o elenco de terra nostra\" class=\"wp-image-7631624\" srcset=\"https:\/\/img.nsctotal.com.br\/wp-content\/uploads\/2025\/09\/compare-o-elenco-de-terra-nostra-11.jpg 1200w, https:\/\/img.nsctotal.com.br\/wp-content\/uploads\/2025\/09\/compare-o-elenco-de-terra-nostra-11-944x531.jpg 944w, https:\/\/img.nsctotal.com.br\/wp-content\/uploads\/2025\/09\/compare-o-elenco-de-terra-nostra-11-720x405.jpg 720w, https:\/\/img.nsctotal.com.br\/wp-content\/uploads\/2025\/09\/compare-o-elenco-de-terra-nostra-11-200x112.jpg 200w\" data-lazy-sizes=\"(max-width: 1200px) 100vw, 1200px\" src=\"https:\/\/img.nsctotal.com.br\/wp-content\/uploads\/2025\/09\/compare-o-elenco-de-terra-nostra-11.jpg\"\/><img loading=\"lazy\" decoding=\"async\" width=\"1200\" height=\"675\" data-id=\"7631624\" src=\"https:\/\/img.nsctotal.com.br\/wp-content\/uploads\/2025\/09\/compare-o-elenco-de-terra-nostra-11.jpg\" alt=\"compare o elenco de terra nostra\" class=\"wp-image-7631624\" srcset=\"https:\/\/img.nsctotal.com.br\/wp-content\/uploads\/2025\/09\/compare-o-elenco-de-terra-nostra-11.jpg 1200w, https:\/\/img.nsctotal.com.br\/wp-content\/uploads\/2025\/09\/compare-o-elenco-de-terra-nostra-11-944x531.jpg 944w, https:\/\/img.nsctotal.com.br\/wp-content\/uploads\/2025\/09\/compare-o-elenco-de-terra-nostra-11-720x405.jpg 720w, https:\/\/img.nsctotal.com.br\/wp-content\/uploads\/2025\/09\/compare-o-elenco-de-terra-nostra-11-200x112.jpg 200w\" sizes=\"auto, (max-width: 1200px) 100vw, 1200px\"\/><button type=\"button\" class=\"zoom-button\" data-img=\"https:\/\/img.nsctotal.com.br\/wp-content\/uploads\/2025\/09\/compare-o-elenco-de-terra-nostra-11.jpg\" data-caption=\"compare o elenco de terra nostra\" aria-label=\"Ampliar imagem: compare o elenco de terra nostra\"\/><\/div>\n<div class=\"nc-block-image-caption\">\n<p>\u00c2ngela Vieira (Fotos: Divulga\u00e7\u00e3o, Globo | Reprodu\u00e7\u00e3o, Redes Sociais)<\/p>\n<\/div>\n<\/figure>\n<figure class=\"nc-block-gallery-item\">\n<div class=\"nc-block-image\"><img loading=\"lazy\" decoding=\"async\" width=\"1200\" height=\"675\" data-id=\"7631626\" alt=\"\" class=\"wp-image-7631626\" srcset=\"https:\/\/img.nsctotal.com.br\/wp-content\/uploads\/2025\/09\/compare-o-elenco-de-terra-nostra-13.jpg 1200w, https:\/\/img.nsctotal.com.br\/wp-content\/uploads\/2025\/09\/compare-o-elenco-de-terra-nostra-13-944x531.jpg 944w, https:\/\/img.nsctotal.com.br\/wp-content\/uploads\/2025\/09\/compare-o-elenco-de-terra-nostra-13-720x405.jpg 720w, https:\/\/img.nsctotal.com.br\/wp-content\/uploads\/2025\/09\/compare-o-elenco-de-terra-nostra-13-200x112.jpg 200w\" data-lazy-sizes=\"(max-width: 1200px) 100vw, 1200px\" src=\"https:\/\/img.nsctotal.com.br\/wp-content\/uploads\/2025\/09\/compare-o-elenco-de-terra-nostra-13.jpg\"\/><img loading=\"lazy\" decoding=\"async\" width=\"1200\" height=\"675\" data-id=\"7631626\" src=\"https:\/\/img.nsctotal.com.br\/wp-content\/uploads\/2025\/09\/compare-o-elenco-de-terra-nostra-13.jpg\" alt=\"\" class=\"wp-image-7631626\" srcset=\"https:\/\/img.nsctotal.com.br\/wp-content\/uploads\/2025\/09\/compare-o-elenco-de-terra-nostra-13.jpg 1200w, https:\/\/img.nsctotal.com.br\/wp-content\/uploads\/2025\/09\/compare-o-elenco-de-terra-nostra-13-944x531.jpg 944w, https:\/\/img.nsctotal.com.br\/wp-content\/uploads\/2025\/09\/compare-o-elenco-de-terra-nostra-13-720x405.jpg 720w, https:\/\/img.nsctotal.com.br\/wp-content\/uploads\/2025\/09\/compare-o-elenco-de-terra-nostra-13-200x112.jpg 200w\" sizes=\"auto, (max-width: 1200px) 100vw, 1200px\"\/><button type=\"button\" class=\"zoom-button\" data-img=\"https:\/\/img.nsctotal.com.br\/wp-content\/uploads\/2025\/09\/compare-o-elenco-de-terra-nostra-13.jpg\" data-caption=\"Imagem da Galeria\" aria-label=\"Ampliar imagem: Imagem da Galeria\"\/><\/div>\n<div class=\"nc-block-image-caption\">\n<p>Gabriel Braga Nunes (Fotos: Divulga\u00e7\u00e3o, Globo | Reprodu\u00e7\u00e3o, Redes Sociais)<\/p>\n<\/div>\n<\/figure>\n<figure class=\"nc-block-gallery-item\">\n<div class=\"nc-block-image\"><img loading=\"lazy\" decoding=\"async\" width=\"1200\" height=\"675\" data-id=\"7631627\" alt=\"\" class=\"wp-image-7631627\" srcset=\"https:\/\/img.nsctotal.com.br\/wp-content\/uploads\/2025\/09\/compare-o-elenco-de-terra-nostra-14.jpg 1200w, https:\/\/img.nsctotal.com.br\/wp-content\/uploads\/2025\/09\/compare-o-elenco-de-terra-nostra-14-944x531.jpg 944w, https:\/\/img.nsctotal.com.br\/wp-content\/uploads\/2025\/09\/compare-o-elenco-de-terra-nostra-14-720x405.jpg 720w, https:\/\/img.nsctotal.com.br\/wp-content\/uploads\/2025\/09\/compare-o-elenco-de-terra-nostra-14-200x112.jpg 200w\" data-lazy-sizes=\"(max-width: 1200px) 100vw, 1200px\" src=\"https:\/\/img.nsctotal.com.br\/wp-content\/uploads\/2025\/09\/compare-o-elenco-de-terra-nostra-14.jpg\"\/><img loading=\"lazy\" decoding=\"async\" width=\"1200\" height=\"675\" data-id=\"7631627\" src=\"https:\/\/img.nsctotal.com.br\/wp-content\/uploads\/2025\/09\/compare-o-elenco-de-terra-nostra-14.jpg\" alt=\"\" class=\"wp-image-7631627\" srcset=\"https:\/\/img.nsctotal.com.br\/wp-content\/uploads\/2025\/09\/compare-o-elenco-de-terra-nostra-14.jpg 1200w, https:\/\/img.nsctotal.com.br\/wp-content\/uploads\/2025\/09\/compare-o-elenco-de-terra-nostra-14-944x531.jpg 944w, https:\/\/img.nsctotal.com.br\/wp-content\/uploads\/2025\/09\/compare-o-elenco-de-terra-nostra-14-720x405.jpg 720w, https:\/\/img.nsctotal.com.br\/wp-content\/uploads\/2025\/09\/compare-o-elenco-de-terra-nostra-14-200x112.jpg 200w\" sizes=\"auto, (max-width: 1200px) 100vw, 1200px\"\/><button type=\"button\" class=\"zoom-button\" data-img=\"https:\/\/img.nsctotal.com.br\/wp-content\/uploads\/2025\/09\/compare-o-elenco-de-terra-nostra-14.jpg\" data-caption=\"Imagem da Galeria\" aria-label=\"Ampliar imagem: Imagem da Galeria\"\/><\/div>\n<div class=\"nc-block-image-caption\">\n<p>Jackson Antunes (Fotos: Divulga\u00e7\u00e3o, Globo | Reprodu\u00e7\u00e3o, Redes Sociais)<\/p>\n<\/div>\n<\/figure>\n<figure class=\"nc-block-gallery-item\">\n<div class=\"nc-block-image\"><img loading=\"lazy\" decoding=\"async\" width=\"1200\" height=\"675\" data-id=\"7631629\" alt=\"compare o elenco de terra nostra\" class=\"wp-image-7631629\" srcset=\"https:\/\/img.nsctotal.com.br\/wp-content\/uploads\/2025\/09\/compare-o-elenco-de-terra-nostra-16.jpg 1200w, https:\/\/img.nsctotal.com.br\/wp-content\/uploads\/2025\/09\/compare-o-elenco-de-terra-nostra-16-944x531.jpg 944w, https:\/\/img.nsctotal.com.br\/wp-content\/uploads\/2025\/09\/compare-o-elenco-de-terra-nostra-16-720x405.jpg 720w, https:\/\/img.nsctotal.com.br\/wp-content\/uploads\/2025\/09\/compare-o-elenco-de-terra-nostra-16-200x112.jpg 200w\" data-lazy-sizes=\"(max-width: 1200px) 100vw, 1200px\" src=\"https:\/\/img.nsctotal.com.br\/wp-content\/uploads\/2025\/09\/compare-o-elenco-de-terra-nostra-16.jpg\"\/><img loading=\"lazy\" decoding=\"async\" width=\"1200\" height=\"675\" data-id=\"7631629\" src=\"https:\/\/img.nsctotal.com.br\/wp-content\/uploads\/2025\/09\/compare-o-elenco-de-terra-nostra-16.jpg\" alt=\"compare o elenco de terra nostra\" class=\"wp-image-7631629\" srcset=\"https:\/\/img.nsctotal.com.br\/wp-content\/uploads\/2025\/09\/compare-o-elenco-de-terra-nostra-16.jpg 1200w, https:\/\/img.nsctotal.com.br\/wp-content\/uploads\/2025\/09\/compare-o-elenco-de-terra-nostra-16-944x531.jpg 944w, https:\/\/img.nsctotal.com.br\/wp-content\/uploads\/2025\/09\/compare-o-elenco-de-terra-nostra-16-720x405.jpg 720w, https:\/\/img.nsctotal.com.br\/wp-content\/uploads\/2025\/09\/compare-o-elenco-de-terra-nostra-16-200x112.jpg 200w\" sizes=\"auto, (max-width: 1200px) 100vw, 1200px\"\/><button type=\"button\" class=\"zoom-button\" data-img=\"https:\/\/img.nsctotal.com.br\/wp-content\/uploads\/2025\/09\/compare-o-elenco-de-terra-nostra-16.jpg\" data-caption=\"compare o elenco de terra nostra\" aria-label=\"Ampliar imagem: compare o elenco de terra nostra\"\/><\/div>\n<div class=\"nc-block-image-caption\">\n<p>Odilon Wagner (Fotos: Divulga\u00e7\u00e3o, Globo | Reprodu\u00e7\u00e3o, Redes Sociais)<\/p>\n<\/div>\n<\/figure>\n<figure class=\"nc-block-gallery-item\">\n<div class=\"nc-block-image\"><img loading=\"lazy\" decoding=\"async\" width=\"1200\" height=\"675\" data-id=\"7631628\" alt=\"\" class=\"wp-image-7631628\" srcset=\"https:\/\/img.nsctotal.com.br\/wp-content\/uploads\/2025\/09\/compare-o-elenco-de-terra-nostra-15.jpg 1200w, https:\/\/img.nsctotal.com.br\/wp-content\/uploads\/2025\/09\/compare-o-elenco-de-terra-nostra-15-944x531.jpg 944w, https:\/\/img.nsctotal.com.br\/wp-content\/uploads\/2025\/09\/compare-o-elenco-de-terra-nostra-15-720x405.jpg 720w, https:\/\/img.nsctotal.com.br\/wp-content\/uploads\/2025\/09\/compare-o-elenco-de-terra-nostra-15-200x112.jpg 200w\" data-lazy-sizes=\"(max-width: 1200px) 100vw, 1200px\" src=\"https:\/\/img.nsctotal.com.br\/wp-content\/uploads\/2025\/09\/compare-o-elenco-de-terra-nostra-15.jpg\"\/><img loading=\"lazy\" decoding=\"async\" width=\"1200\" height=\"675\" data-id=\"7631628\" src=\"https:\/\/img.nsctotal.com.br\/wp-content\/uploads\/2025\/09\/compare-o-elenco-de-terra-nostra-15.jpg\" alt=\"\" class=\"wp-image-7631628\" srcset=\"https:\/\/img.nsctotal.com.br\/wp-content\/uploads\/2025\/09\/compare-o-elenco-de-terra-nostra-15.jpg 1200w, https:\/\/img.nsctotal.com.br\/wp-content\/uploads\/2025\/09\/compare-o-elenco-de-terra-nostra-15-944x531.jpg 944w, https:\/\/img.nsctotal.com.br\/wp-content\/uploads\/2025\/09\/compare-o-elenco-de-terra-nostra-15-720x405.jpg 720w, https:\/\/img.nsctotal.com.br\/wp-content\/uploads\/2025\/09\/compare-o-elenco-de-terra-nostra-15-200x112.jpg 200w\" sizes=\"auto, (max-width: 1200px) 100vw, 1200px\"\/><button type=\"button\" class=\"zoom-button\" data-img=\"https:\/\/img.nsctotal.com.br\/wp-content\/uploads\/2025\/09\/compare-o-elenco-de-terra-nostra-15.jpg\" data-caption=\"Imagem da Galeria\" aria-label=\"Ampliar imagem: Imagem da Galeria\"\/><\/div>\n<div class=\"nc-block-image-caption\">\n<p>Andr\u00e9 Luiz Miranda (Fotos: Divulga\u00e7\u00e3o, Globo | Reprodu\u00e7\u00e3o, Redes Sociais)<\/p>\n<\/div>\n<\/figure>\n<figure class=\"nc-block-gallery-item\">\n<div class=\"nc-block-image\"><img loading=\"lazy\" decoding=\"async\" width=\"1200\" height=\"675\" data-id=\"7631631\" alt=\"compare o elenco de terra nostra\" class=\"wp-image-7631631\" srcset=\"https:\/\/img.nsctotal.com.br\/wp-content\/uploads\/2025\/09\/compare-o-elenco-de-terra-nostra-17.jpg 1200w, https:\/\/img.nsctotal.com.br\/wp-content\/uploads\/2025\/09\/compare-o-elenco-de-terra-nostra-17-944x531.jpg 944w, https:\/\/img.nsctotal.com.br\/wp-content\/uploads\/2025\/09\/compare-o-elenco-de-terra-nostra-17-720x405.jpg 720w, https:\/\/img.nsctotal.com.br\/wp-content\/uploads\/2025\/09\/compare-o-elenco-de-terra-nostra-17-200x112.jpg 200w\" data-lazy-sizes=\"(max-width: 1200px) 100vw, 1200px\" src=\"https:\/\/img.nsctotal.com.br\/wp-content\/uploads\/2025\/09\/compare-o-elenco-de-terra-nostra-17.jpg\"\/><img loading=\"lazy\" decoding=\"async\" width=\"1200\" height=\"675\" data-id=\"7631631\" src=\"https:\/\/img.nsctotal.com.br\/wp-content\/uploads\/2025\/09\/compare-o-elenco-de-terra-nostra-17.jpg\" alt=\"compare o elenco de terra nostra\" class=\"wp-image-7631631\" srcset=\"https:\/\/img.nsctotal.com.br\/wp-content\/uploads\/2025\/09\/compare-o-elenco-de-terra-nostra-17.jpg 1200w, https:\/\/img.nsctotal.com.br\/wp-content\/uploads\/2025\/09\/compare-o-elenco-de-terra-nostra-17-944x531.jpg 944w, https:\/\/img.nsctotal.com.br\/wp-content\/uploads\/2025\/09\/compare-o-elenco-de-terra-nostra-17-720x405.jpg 720w, https:\/\/img.nsctotal.com.br\/wp-content\/uploads\/2025\/09\/compare-o-elenco-de-terra-nostra-17-200x112.jpg 200w\" sizes=\"auto, (max-width: 1200px) 100vw, 1200px\"\/><button type=\"button\" class=\"zoom-button\" data-img=\"https:\/\/img.nsctotal.com.br\/wp-content\/uploads\/2025\/09\/compare-o-elenco-de-terra-nostra-17.jpg\" data-caption=\"compare o elenco de terra nostra\" aria-label=\"Ampliar imagem: compare o elenco de terra nostra\"\/><\/div>\n<div class=\"nc-block-image-caption\">\n<p>D\u00e9bora Olivieri (Fotos: Divulga\u00e7\u00e3o, Globo | Reprodu\u00e7\u00e3o, Redes Sociais)<\/p>\n<\/div>\n<\/figure>\n<\/div>\n<\/div>\n<h2 class=\"wp-block-heading\" id=\"h-resumo-do-capitulo-de-sabado-4-de-outubro-de-2025-de-terra-nostra\">Resumo do cap\u00edtulo de s\u00e1bado (4 de outubro de 2025) de Terra Nostra<\/h2>\n<p>Antes que Giuliana saia, Janete e Francesco conseguem convenc\u00ea-la de que a ida \u00e0 Santa Casa poderia manchar o nome da fam\u00edlia. Ang\u00e9lica est\u00e1 cada vez mais atrevida e chega a arriscar palavras em italiano. Paola sofre em sil\u00eancio.<\/p>\n<div class=\"nsc-content-ads\">\n<p>Continua depois da publicidade<\/p>\n<\/div>\n<p>Gumercindo n\u00e3o consegue tirar a italiana da cabe\u00e7a e Matteo percebe. Mariana vive consumida pela culpa. Altino tenta conter os impulsos vingativos de Anacleto.<\/p>\n<p>Marco Ant\u00f4nio pressiona Dami\u00e3o: precisa saber se o beb\u00ea nasceu vivo. Janete chega a tempo de impedir uma confiss\u00e3o. Durante o jantar, Bartolo e Leonora dividem a mesa com a fam\u00edlia de Gumercindo. Bartolo insiste em plantar uvas, mas o ambiente pesa.<\/p>\n<p>Enquanto isso, Mariana, embriagada, fala sozinha sobre o ocorrido. Giuliana ouve parte do que ela diz e a confronta, desconfiada.<\/p>\n<div class=\"nsc-content-ads\">\n<p>Continua depois da publicidade<\/p>\n<\/div>\n<p><strong><a href=\"https:\/\/www.nsctotal.com.br\/noticias\/vote-quem-voce-acha-que-vai-matar-odete-roitman-em-vale-tudo\" target=\"_blank\" rel=\"noreferrer noopener\">VOTE: Quem voc\u00ea acha que vai matar Odete Roitman em Vale Tudo?<\/a><\/strong><\/p>\n<\/p><\/div>\n<p><a href=\"https:\/\/www.nsctotal.com.br\/noticias\/terra-nostra-mariana-bebe-e-deixa-escapar-verdade-sobre-filho-de-giuliana\">Source link <\/a><\/p>","protected":false},"excerpt":{"rendered":"<p>Mariana deixa escapar verdade sobre filho de Giuliana em Terra Nostra (Foto: Reprodu\u00e7\u00e3o, Globoplay) Giuliana (Ana Paula Ar\u00f3sio) vai ser convencida por Janete (\u00c2ngela Vieira) e Francesco (Raul Cortez) que n\u00e3o deve procurar seu filho na Santa Casa. Continua depois da publicidade E a culpa vai tomar conta de Mariana (Tania Bondezan), que acabar\u00e1 bebendo [&hellip;]<\/p>\n","protected":false},"author":1,"featured_media":70139,"comment_status":"","ping_status":"","sticky":false,"template":"","format":"standard","meta":{"googlesitekit_rrm_CAow2JLhCw:productID":"","_gspb_post_css":"","maa_idioma":"","maa_pais":"","footnotes":""},"categories":[4],"tags":[],"class_list":["post-70138","post","type-post","status-publish","format-standard","has-post-thumbnail","hentry","category-brasil"],"blocksy_meta":[],"yoast_head":"<!-- This site is optimized with the Yoast SEO Premium plugin v27.6 (Yoast SEO v27.6) - https:\/\/yoast.com\/product\/yoast-seo-premium-wordpress\/ -->\n<title>Terra Nostra: Mariana bebe e deixa escapar verdade sobre filho de Giuliana - Ubirat\u00e3 Online Not\u00edcias - A realidade ao seu alcance!<\/title>\n<meta name=\"description\" content=\"Mariana deixa escapar verdade sobre filho de Giuliana em Terra Nostra (Foto: Reprodu\u00e7\u00e3o, Globoplay) Giuliana (Ana Paula Ar\u00f3sio) vai ser convencida por\" \/>\n<meta name=\"robots\" content=\"index, follow, max-snippet:-1, max-image-preview:large, max-video-preview:-1\" \/>\n<link rel=\"canonical\" href=\"https:\/\/ubirataonline.com.br\/en\/terra-nostra-mariana-bebe-e-deixa-escapar-verdade-sobre-filho-de-giuliana\/\" \/>\n<meta property=\"og:locale\" content=\"en_US\" \/>\n<meta property=\"og:type\" content=\"article\" \/>\n<meta property=\"og:title\" content=\"Terra Nostra: Mariana bebe e deixa escapar verdade sobre filho de Giuliana\" \/>\n<meta property=\"og:description\" content=\"Mariana deixa escapar verdade sobre filho de Giuliana em Terra Nostra (Foto: Reprodu\u00e7\u00e3o, Globoplay) Giuliana (Ana Paula Ar\u00f3sio) vai ser convencida por\" \/>\n<meta property=\"og:url\" content=\"https:\/\/ubirataonline.com.br\/en\/terra-nostra-mariana-bebe-e-deixa-escapar-verdade-sobre-filho-de-giuliana\/\" \/>\n<meta property=\"og:site_name\" content=\"Ubirat\u00e3 Online Not\u00edcias - A realidade ao seu alcance!\" \/>\n<meta property=\"article:publisher\" content=\"https:\/\/www.facebook.com\/portalubirataonline\" \/>\n<meta property=\"article:author\" content=\"https:\/\/www.facebook.com\/portalubirataonline\" \/>\n<meta property=\"article:published_time\" content=\"2025-10-03T22:00:48+00:00\" \/>\n<meta property=\"og:image\" content=\"https:\/\/img.nsctotal.com.br\/wp-content\/uploads\/2025\/10\/Mariana-deixa-escapar-verdade-sobre-filho-de-Giuliana-em-Terra-Nostra-944x531.jpg\" \/>\n<meta name=\"author\" content=\"REDA\u00c7\u00c3O: UBIRAT\u00c3 ONLINE - F\u00c1BIO AUGUSTO CELESTINO\" \/>\n<meta name=\"twitter:card\" content=\"summary_large_image\" \/>\n<meta name=\"twitter:creator\" content=\"@x.com\/ubirataonline\" \/>\n<meta name=\"twitter:site\" content=\"@ubirataonline\" \/>\n<meta name=\"twitter:label1\" content=\"Written by\" \/>\n\t<meta name=\"twitter:data1\" content=\"REDA\u00c7\u00c3O: UBIRAT\u00c3 ONLINE - F\u00c1BIO AUGUSTO CELESTINO\" \/>\n\t<meta name=\"twitter:label2\" content=\"Est. reading time\" \/>\n\t<meta name=\"twitter:data2\" content=\"2 minutes\" \/>\n<script type=\"application\/ld+json\" class=\"yoast-schema-graph\">{\"@context\":\"https:\\\/\\\/schema.org\",\"@graph\":[{\"@type\":\"NewsArticle\",\"@id\":\"https:\\\/\\\/ubirataonline.com.br\\\/terra-nostra-mariana-bebe-e-deixa-escapar-verdade-sobre-filho-de-giuliana\\\/#article\",\"isPartOf\":{\"@id\":\"https:\\\/\\\/ubirataonline.com.br\\\/terra-nostra-mariana-bebe-e-deixa-escapar-verdade-sobre-filho-de-giuliana\\\/\"},\"author\":{\"name\":\"REDA\u00c7\u00c3O: UBIRAT\u00c3 ONLINE - F\u00c1BIO AUGUSTO CELESTINO\",\"@id\":\"https:\\\/\\\/ubirataonline.com.br\\\/#\\\/schema\\\/person\\\/372f87bbd3fdd79b8556b84c98d0bc1c\"},\"headline\":\"Terra Nostra: Mariana bebe e deixa escapar verdade sobre filho de Giuliana\",\"datePublished\":\"2025-10-03T22:00:48+00:00\",\"mainEntityOfPage\":{\"@id\":\"https:\\\/\\\/ubirataonline.com.br\\\/terra-nostra-mariana-bebe-e-deixa-escapar-verdade-sobre-filho-de-giuliana\\\/\"},\"wordCount\":460,\"publisher\":{\"@id\":\"https:\\\/\\\/ubirataonline.com.br\\\/#organization\"},\"image\":{\"@id\":\"https:\\\/\\\/ubirataonline.com.br\\\/terra-nostra-mariana-bebe-e-deixa-escapar-verdade-sobre-filho-de-giuliana\\\/#primaryimage\"},\"thumbnailUrl\":\"https:\\\/\\\/ubirataonline.com.br\\\/wp-content\\\/uploads\\\/2025\\\/10\\\/Mariana-deixa-escapar-verdade-sobre-filho-de-Giuliana-em-Terra-Nostra.jpg\",\"articleSection\":[\"Brasil\"],\"inLanguage\":\"en-US\",\"copyrightYear\":\"2025\",\"copyrightHolder\":{\"@id\":\"https:\\\/\\\/ubirataonline.com.br\\\/en\\\/#organization\"}},{\"@type\":\"WebPage\",\"@id\":\"https:\\\/\\\/ubirataonline.com.br\\\/terra-nostra-mariana-bebe-e-deixa-escapar-verdade-sobre-filho-de-giuliana\\\/\",\"url\":\"https:\\\/\\\/ubirataonline.com.br\\\/terra-nostra-mariana-bebe-e-deixa-escapar-verdade-sobre-filho-de-giuliana\\\/\",\"name\":\"Terra Nostra: Mariana bebe e deixa escapar verdade sobre filho de Giuliana - Ubirat\u00e3 Online Not\u00edcias - A realidade ao seu alcance!\",\"isPartOf\":{\"@id\":\"https:\\\/\\\/ubirataonline.com.br\\\/#website\"},\"primaryImageOfPage\":{\"@id\":\"https:\\\/\\\/ubirataonline.com.br\\\/terra-nostra-mariana-bebe-e-deixa-escapar-verdade-sobre-filho-de-giuliana\\\/#primaryimage\"},\"image\":{\"@id\":\"https:\\\/\\\/ubirataonline.com.br\\\/terra-nostra-mariana-bebe-e-deixa-escapar-verdade-sobre-filho-de-giuliana\\\/#primaryimage\"},\"thumbnailUrl\":\"https:\\\/\\\/ubirataonline.com.br\\\/wp-content\\\/uploads\\\/2025\\\/10\\\/Mariana-deixa-escapar-verdade-sobre-filho-de-Giuliana-em-Terra-Nostra.jpg\",\"datePublished\":\"2025-10-03T22:00:48+00:00\",\"description\":\"Mariana deixa escapar verdade sobre filho de Giuliana em Terra Nostra (Foto: Reprodu\u00e7\u00e3o, Globoplay) Giuliana (Ana Paula Ar\u00f3sio) vai ser convencida por\",\"breadcrumb\":{\"@id\":\"https:\\\/\\\/ubirataonline.com.br\\\/terra-nostra-mariana-bebe-e-deixa-escapar-verdade-sobre-filho-de-giuliana\\\/#breadcrumb\"},\"inLanguage\":\"en-US\",\"potentialAction\":[{\"@type\":\"ReadAction\",\"target\":[\"https:\\\/\\\/ubirataonline.com.br\\\/terra-nostra-mariana-bebe-e-deixa-escapar-verdade-sobre-filho-de-giuliana\\\/\"]}]},{\"@type\":\"ImageObject\",\"inLanguage\":\"en-US\",\"@id\":\"https:\\\/\\\/ubirataonline.com.br\\\/terra-nostra-mariana-bebe-e-deixa-escapar-verdade-sobre-filho-de-giuliana\\\/#primaryimage\",\"url\":\"https:\\\/\\\/ubirataonline.com.br\\\/wp-content\\\/uploads\\\/2025\\\/10\\\/Mariana-deixa-escapar-verdade-sobre-filho-de-Giuliana-em-Terra-Nostra.jpg\",\"contentUrl\":\"https:\\\/\\\/ubirataonline.com.br\\\/wp-content\\\/uploads\\\/2025\\\/10\\\/Mariana-deixa-escapar-verdade-sobre-filho-de-Giuliana-em-Terra-Nostra.jpg\",\"width\":1200,\"height\":675},{\"@type\":\"BreadcrumbList\",\"@id\":\"https:\\\/\\\/ubirataonline.com.br\\\/terra-nostra-mariana-bebe-e-deixa-escapar-verdade-sobre-filho-de-giuliana\\\/#breadcrumb\",\"itemListElement\":[{\"@type\":\"ListItem\",\"position\":1,\"name\":\"In\u00edcio\",\"item\":\"https:\\\/\\\/ubirataonline.com.br\\\/\"},{\"@type\":\"ListItem\",\"position\":2,\"name\":\"Terra Nostra: Mariana bebe e deixa escapar verdade sobre filho de Giuliana\"}]},{\"@type\":\"WebSite\",\"@id\":\"https:\\\/\\\/ubirataonline.com.br\\\/#website\",\"url\":\"https:\\\/\\\/ubirataonline.com.br\\\/\",\"name\":\"Ubirat\u00e3 Online Not\u00edcias\",\"description\":\"Not\u00edcias de Ubirat\u00e3, regi\u00e3o, Brasil e mundo, com informa\u00e7\u00e3o atualizada e compromisso com o leitor.\",\"publisher\":{\"@id\":\"https:\\\/\\\/ubirataonline.com.br\\\/#organization\"},\"alternateName\":\"Ubirat\u00e3 Online\",\"potentialAction\":[{\"@type\":\"SearchAction\",\"target\":{\"@type\":\"EntryPoint\",\"urlTemplate\":\"https:\\\/\\\/ubirataonline.com.br\\\/?s={search_term_string}\"},\"query-input\":{\"@type\":\"PropertyValueSpecification\",\"valueRequired\":true,\"valueName\":\"search_term_string\"}}],\"inLanguage\":\"en-US\"},{\"@type\":[\"Organization\",\"Place\"],\"@id\":\"https:\\\/\\\/ubirataonline.com.br\\\/#organization\",\"name\":\"Ubirat\u00e3 Online Not\u00edcias\",\"alternateName\":\"Ubirat\u00e3 Online\",\"url\":\"https:\\\/\\\/ubirataonline.com.br\\\/\",\"logo\":{\"@id\":\"https:\\\/\\\/ubirataonline.com.br\\\/terra-nostra-mariana-bebe-e-deixa-escapar-verdade-sobre-filho-de-giuliana\\\/#local-main-organization-logo\"},\"image\":{\"@id\":\"https:\\\/\\\/ubirataonline.com.br\\\/terra-nostra-mariana-bebe-e-deixa-escapar-verdade-sobre-filho-de-giuliana\\\/#local-main-organization-logo\"},\"sameAs\":[\"https:\\\/\\\/www.facebook.com\\\/portalubirataonline\",\"https:\\\/\\\/x.com\\\/ubirataonline\",\"https:\\\/\\\/mastodon.social\\\/@ubirataonline\",\"https:\\\/\\\/www.facebook.com\\\/groups\\\/311144672285604\",\"https:\\\/\\\/www.facebook.com\\\/UBTAOnline\",\"https:\\\/\\\/www.instagram.com\\\/portalubirataonline\\\/\",\"https:\\\/\\\/twitter.com\\\/ubirataonline\"],\"description\":\"Somos um portal de not\u00edcias independente, criado em 5 de janeiro de 2009, com o objetivo de informar, conectar e valorizar a nossa comunidade de Ubirat\u00e3 e toda aregi\u00e3o. Com conte\u00fado atualizado, confi\u00e1vel e relevante, o Ubirat\u00e3 Online \u00e9 o seu espa\u00e7o para ficar por dentro dos principais acontecimentos locais, regionais, Brasil, Mundo e de interesse geral. Nosso compromisso \u00e9 com a verdade, a transpar\u00eancia e o respeito ao leitor.\",\"legalName\":\"UBIRATA ONLINE NOT\u00cdCIAS\",\"foundingDate\":\"2009-01-05\",\"numberOfEmployees\":{\"@type\":\"QuantitativeValue\",\"minValue\":\"1\",\"maxValue\":\"10\"},\"publishingPrinciples\":\"https:\\\/\\\/ubirataonline.com.br\\\/faq\\\/\",\"address\":{\"@id\":\"https:\\\/\\\/ubirataonline.com.br\\\/terra-nostra-mariana-bebe-e-deixa-escapar-verdade-sobre-filho-de-giuliana\\\/#local-main-place-address\"},\"geo\":{\"@type\":\"GeoCoordinates\",\"latitude\":\"-24.5361401\",\"longitude\":\"-52.9921776\"},\"telephone\":[\"+5544998308235\"],\"contactPoint\":{\"@type\":\"ContactPoint\",\"email\":\"contato@ubirataonline.com.br\"},\"openingHoursSpecification\":{\"@type\":\"OpeningHoursSpecification\",\"dayOfWeek\":[\"Monday\",\"Tuesday\",\"Wednesday\",\"Thursday\",\"Friday\",\"Saturday\",\"Sunday\"],\"opens\":\"00:00\",\"closes\":\"23:59\"},\"email\":\"contato@ubirataonline.com.br\",\"vatID\":\"47.621.418\\\/0001-80\"},{\"@type\":\"Person\",\"@id\":\"https:\\\/\\\/ubirataonline.com.br\\\/#\\\/schema\\\/person\\\/372f87bbd3fdd79b8556b84c98d0bc1c\",\"name\":\"REDA\u00c7\u00c3O: UBIRAT\u00c3 ONLINE - F\u00c1BIO AUGUSTO CELESTINO\",\"pronouns\":\"Ele\",\"description\":\"Desde 2003 trabalhando com not\u00edcias.\",\"sameAs\":[\"http:\\\/\\\/ubirataoline.com.br\",\"https:\\\/\\\/www.facebook.com\\\/portalubirataonline\",\"https:\\\/\\\/www.instagram.com\\\/ubirataonline_oficial\",\"https:\\\/\\\/x.com\\\/x.com\\\/ubirataonline\"],\"honorificPrefix\":\"Mr.\",\"honorificSuffix\":\"MD\",\"birthDate\":\"1980-06-16\",\"gender\":\"masculino\",\"award\":[\"V\u00e1rios pr\u00eamios de melhor portal da cidade\"],\"jobTitle\":\"Diretor\",\"url\":\"https:\\\/\\\/ubirataonline.com.br\\\/en\\\/author\\\/ubirataonline\\\/\"},{\"@type\":\"PostalAddress\",\"@id\":\"https:\\\/\\\/ubirataonline.com.br\\\/terra-nostra-mariana-bebe-e-deixa-escapar-verdade-sobre-filho-de-giuliana\\\/#local-main-place-address\",\"streetAddress\":\"Rua dos Coqueiros, 104 - Bairro Boa Vista, Rua dos Coqueiros, 104 Bairro Boa Vista\",\"addressLocality\":\"UBIRATA\",\"postalCode\":\"85440-000\",\"addressRegion\":\"PR\",\"addressCountry\":\"BR\"},{\"@type\":\"ImageObject\",\"inLanguage\":\"en-US\",\"@id\":\"https:\\\/\\\/ubirataonline.com.br\\\/terra-nostra-mariana-bebe-e-deixa-escapar-verdade-sobre-filho-de-giuliana\\\/#local-main-organization-logo\",\"url\":\"https:\\\/\\\/ubirataonline.com.br\\\/wp-content\\\/uploads\\\/2026\\\/06\\\/logoubirataonline-1.webp\",\"contentUrl\":\"https:\\\/\\\/ubirataonline.com.br\\\/wp-content\\\/uploads\\\/2026\\\/06\\\/logoubirataonline-1.webp\",\"width\":500,\"height\":500,\"caption\":\"Ubirat\u00e3 Online Not\u00edcias\"}]}<\/script>\n<meta name=\"geo.placename\" content=\"UBIRATA\" \/>\n<meta name=\"geo.position\" content=\"-24.5361401;-52.9921776\" \/>\n<meta name=\"geo.region\" content=\"Brazil\" \/>\n<!-- \/ Yoast SEO Premium plugin. -->","yoast_head_json":{"title":"Terra Nostra: Mariana bebe e deixa escapar verdade sobre filho de Giuliana - Ubirat\u00e3 Online Not\u00edcias - A realidade ao seu alcance!","description":"Mariana deixa escapar verdade sobre filho de Giuliana em Terra Nostra (Foto: Reprodu\u00e7\u00e3o, Globoplay) Giuliana (Ana Paula Ar\u00f3sio) vai ser convencida por","robots":{"index":"index","follow":"follow","max-snippet":"max-snippet:-1","max-image-preview":"max-image-preview:large","max-video-preview":"max-video-preview:-1"},"canonical":"https:\/\/ubirataonline.com.br\/en\/terra-nostra-mariana-bebe-e-deixa-escapar-verdade-sobre-filho-de-giuliana\/","og_locale":"en_US","og_type":"article","og_title":"Terra Nostra: Mariana bebe e deixa escapar verdade sobre filho de Giuliana","og_description":"Mariana deixa escapar verdade sobre filho de Giuliana em Terra Nostra (Foto: Reprodu\u00e7\u00e3o, Globoplay) Giuliana (Ana Paula Ar\u00f3sio) vai ser convencida por","og_url":"https:\/\/ubirataonline.com.br\/en\/terra-nostra-mariana-bebe-e-deixa-escapar-verdade-sobre-filho-de-giuliana\/","og_site_name":"Ubirat\u00e3 Online Not\u00edcias - A realidade ao seu alcance!","article_publisher":"https:\/\/www.facebook.com\/portalubirataonline","article_author":"https:\/\/www.facebook.com\/portalubirataonline","article_published_time":"2025-10-03T22:00:48+00:00","og_image":[{"url":"https:\/\/img.nsctotal.com.br\/wp-content\/uploads\/2025\/10\/Mariana-deixa-escapar-verdade-sobre-filho-de-Giuliana-em-Terra-Nostra-944x531.jpg","type":"","width":"","height":""}],"author":"REDA\u00c7\u00c3O: UBIRAT\u00c3 ONLINE - F\u00c1BIO AUGUSTO CELESTINO","twitter_card":"summary_large_image","twitter_creator":"@x.com\/ubirataonline","twitter_site":"@ubirataonline","twitter_misc":{"Written by":"REDA\u00c7\u00c3O: UBIRAT\u00c3 ONLINE - F\u00c1BIO AUGUSTO CELESTINO","Est. reading time":"2 minutes"},"schema":{"@context":"https:\/\/schema.org","@graph":[{"@type":"NewsArticle","@id":"https:\/\/ubirataonline.com.br\/terra-nostra-mariana-bebe-e-deixa-escapar-verdade-sobre-filho-de-giuliana\/#article","isPartOf":{"@id":"https:\/\/ubirataonline.com.br\/terra-nostra-mariana-bebe-e-deixa-escapar-verdade-sobre-filho-de-giuliana\/"},"author":{"name":"REDA\u00c7\u00c3O: UBIRAT\u00c3 ONLINE - F\u00c1BIO AUGUSTO CELESTINO","@id":"https:\/\/ubirataonline.com.br\/#\/schema\/person\/372f87bbd3fdd79b8556b84c98d0bc1c"},"headline":"Terra Nostra: Mariana bebe e deixa escapar verdade sobre filho de Giuliana","datePublished":"2025-10-03T22:00:48+00:00","mainEntityOfPage":{"@id":"https:\/\/ubirataonline.com.br\/terra-nostra-mariana-bebe-e-deixa-escapar-verdade-sobre-filho-de-giuliana\/"},"wordCount":460,"publisher":{"@id":"https:\/\/ubirataonline.com.br\/#organization"},"image":{"@id":"https:\/\/ubirataonline.com.br\/terra-nostra-mariana-bebe-e-deixa-escapar-verdade-sobre-filho-de-giuliana\/#primaryimage"},"thumbnailUrl":"https:\/\/ubirataonline.com.br\/wp-content\/uploads\/2025\/10\/Mariana-deixa-escapar-verdade-sobre-filho-de-Giuliana-em-Terra-Nostra.jpg","articleSection":["Brasil"],"inLanguage":"en-US","copyrightYear":"2025","copyrightHolder":{"@id":"https:\/\/ubirataonline.com.br\/en\/#organization"}},{"@type":"WebPage","@id":"https:\/\/ubirataonline.com.br\/terra-nostra-mariana-bebe-e-deixa-escapar-verdade-sobre-filho-de-giuliana\/","url":"https:\/\/ubirataonline.com.br\/terra-nostra-mariana-bebe-e-deixa-escapar-verdade-sobre-filho-de-giuliana\/","name":"Terra Nostra: Mariana bebe e deixa escapar verdade sobre filho de Giuliana - Ubirat\u00e3 Online Not\u00edcias - A realidade ao seu alcance!","isPartOf":{"@id":"https:\/\/ubirataonline.com.br\/#website"},"primaryImageOfPage":{"@id":"https:\/\/ubirataonline.com.br\/terra-nostra-mariana-bebe-e-deixa-escapar-verdade-sobre-filho-de-giuliana\/#primaryimage"},"image":{"@id":"https:\/\/ubirataonline.com.br\/terra-nostra-mariana-bebe-e-deixa-escapar-verdade-sobre-filho-de-giuliana\/#primaryimage"},"thumbnailUrl":"https:\/\/ubirataonline.com.br\/wp-content\/uploads\/2025\/10\/Mariana-deixa-escapar-verdade-sobre-filho-de-Giuliana-em-Terra-Nostra.jpg","datePublished":"2025-10-03T22:00:48+00:00","description":"Mariana deixa escapar verdade sobre filho de Giuliana em Terra Nostra (Foto: Reprodu\u00e7\u00e3o, Globoplay) Giuliana (Ana Paula Ar\u00f3sio) vai ser convencida por","breadcrumb":{"@id":"https:\/\/ubirataonline.com.br\/terra-nostra-mariana-bebe-e-deixa-escapar-verdade-sobre-filho-de-giuliana\/#breadcrumb"},"inLanguage":"en-US","potentialAction":[{"@type":"ReadAction","target":["https:\/\/ubirataonline.com.br\/terra-nostra-mariana-bebe-e-deixa-escapar-verdade-sobre-filho-de-giuliana\/"]}]},{"@type":"ImageObject","inLanguage":"en-US","@id":"https:\/\/ubirataonline.com.br\/terra-nostra-mariana-bebe-e-deixa-escapar-verdade-sobre-filho-de-giuliana\/#primaryimage","url":"https:\/\/ubirataonline.com.br\/wp-content\/uploads\/2025\/10\/Mariana-deixa-escapar-verdade-sobre-filho-de-Giuliana-em-Terra-Nostra.jpg","contentUrl":"https:\/\/ubirataonline.com.br\/wp-content\/uploads\/2025\/10\/Mariana-deixa-escapar-verdade-sobre-filho-de-Giuliana-em-Terra-Nostra.jpg","width":1200,"height":675},{"@type":"BreadcrumbList","@id":"https:\/\/ubirataonline.com.br\/terra-nostra-mariana-bebe-e-deixa-escapar-verdade-sobre-filho-de-giuliana\/#breadcrumb","itemListElement":[{"@type":"ListItem","position":1,"name":"In\u00edcio","item":"https:\/\/ubirataonline.com.br\/"},{"@type":"ListItem","position":2,"name":"Terra Nostra: Mariana bebe e deixa escapar verdade sobre filho de Giuliana"}]},{"@type":"WebSite","@id":"https:\/\/ubirataonline.com.br\/#website","url":"https:\/\/ubirataonline.com.br\/","name":"Ubirat\u00e3 Online Not\u00edcias","description":"Not\u00edcias de Ubirat\u00e3, regi\u00e3o, Brasil e mundo, com informa\u00e7\u00e3o atualizada e compromisso com o leitor.","publisher":{"@id":"https:\/\/ubirataonline.com.br\/#organization"},"alternateName":"Ubirat\u00e3 Online","potentialAction":[{"@type":"SearchAction","target":{"@type":"EntryPoint","urlTemplate":"https:\/\/ubirataonline.com.br\/?s={search_term_string}"},"query-input":{"@type":"PropertyValueSpecification","valueRequired":true,"valueName":"search_term_string"}}],"inLanguage":"en-US"},{"@type":["Organization","Place"],"@id":"https:\/\/ubirataonline.com.br\/#organization","name":"Ubirat\u00e3 Online Not\u00edcias","alternateName":"Ubirat\u00e3 Online","url":"https:\/\/ubirataonline.com.br\/","logo":{"@id":"https:\/\/ubirataonline.com.br\/terra-nostra-mariana-bebe-e-deixa-escapar-verdade-sobre-filho-de-giuliana\/#local-main-organization-logo"},"image":{"@id":"https:\/\/ubirataonline.com.br\/terra-nostra-mariana-bebe-e-deixa-escapar-verdade-sobre-filho-de-giuliana\/#local-main-organization-logo"},"sameAs":["https:\/\/www.facebook.com\/portalubirataonline","https:\/\/x.com\/ubirataonline","https:\/\/mastodon.social\/@ubirataonline","https:\/\/www.facebook.com\/groups\/311144672285604","https:\/\/www.facebook.com\/UBTAOnline","https:\/\/www.instagram.com\/portalubirataonline\/","https:\/\/twitter.com\/ubirataonline"],"description":"Somos um portal de not\u00edcias independente, criado em 5 de janeiro de 2009, com o objetivo de informar, conectar e valorizar a nossa comunidade de Ubirat\u00e3 e toda aregi\u00e3o. Com conte\u00fado atualizado, confi\u00e1vel e relevante, o Ubirat\u00e3 Online \u00e9 o seu espa\u00e7o para ficar por dentro dos principais acontecimentos locais, regionais, Brasil, Mundo e de interesse geral. Nosso compromisso \u00e9 com a verdade, a transpar\u00eancia e o respeito ao leitor.","legalName":"UBIRATA ONLINE NOT\u00cdCIAS","foundingDate":"2009-01-05","numberOfEmployees":{"@type":"QuantitativeValue","minValue":"1","maxValue":"10"},"publishingPrinciples":"https:\/\/ubirataonline.com.br\/faq\/","address":{"@id":"https:\/\/ubirataonline.com.br\/terra-nostra-mariana-bebe-e-deixa-escapar-verdade-sobre-filho-de-giuliana\/#local-main-place-address"},"geo":{"@type":"GeoCoordinates","latitude":"-24.5361401","longitude":"-52.9921776"},"telephone":["+5544998308235"],"contactPoint":{"@type":"ContactPoint","email":"contato@ubirataonline.com.br"},"openingHoursSpecification":{"@type":"OpeningHoursSpecification","dayOfWeek":["Monday","Tuesday","Wednesday","Thursday","Friday","Saturday","Sunday"],"opens":"00:00","closes":"23:59"},"email":"contato@ubirataonline.com.br","vatID":"47.621.418\/0001-80"},{"@type":"Person","@id":"https:\/\/ubirataonline.com.br\/#\/schema\/person\/372f87bbd3fdd79b8556b84c98d0bc1c","name":"REDA\u00c7\u00c3O: UBIRAT\u00c3 ONLINE - F\u00c1BIO AUGUSTO CELESTINO","pronouns":"Ele","description":"Desde 2003 trabalhando com not\u00edcias.","sameAs":["http:\/\/ubirataoline.com.br","https:\/\/www.facebook.com\/portalubirataonline","https:\/\/www.instagram.com\/ubirataonline_oficial","https:\/\/x.com\/x.com\/ubirataonline"],"honorificPrefix":"Mr.","honorificSuffix":"MD","birthDate":"1980-06-16","gender":"masculino","award":["V\u00e1rios pr\u00eamios de melhor portal da cidade"],"jobTitle":"Diretor","url":"https:\/\/ubirataonline.com.br\/en\/author\/ubirataonline\/"},{"@type":"PostalAddress","@id":"https:\/\/ubirataonline.com.br\/terra-nostra-mariana-bebe-e-deixa-escapar-verdade-sobre-filho-de-giuliana\/#local-main-place-address","streetAddress":"Rua dos Coqueiros, 104 - Bairro Boa Vista, Rua dos Coqueiros, 104 Bairro Boa Vista","addressLocality":"UBIRATA","postalCode":"85440-000","addressRegion":"PR","addressCountry":"BR"},{"@type":"ImageObject","inLanguage":"en-US","@id":"https:\/\/ubirataonline.com.br\/terra-nostra-mariana-bebe-e-deixa-escapar-verdade-sobre-filho-de-giuliana\/#local-main-organization-logo","url":"https:\/\/ubirataonline.com.br\/wp-content\/uploads\/2026\/06\/logoubirataonline-1.webp","contentUrl":"https:\/\/ubirataonline.com.br\/wp-content\/uploads\/2026\/06\/logoubirataonline-1.webp","width":500,"height":500,"caption":"Ubirat\u00e3 Online Not\u00edcias"}]},"geo.placename":"UBIRATA","geo.position":{"lat":"-24.5361401","long":"-52.9921776"},"geo.region":"Brazil"},"_links":{"self":[{"href":"https:\/\/ubirataonline.com.br\/en\/wp-json\/wp\/v2\/posts\/70138","targetHints":{"allow":["GET"]}}],"collection":[{"href":"https:\/\/ubirataonline.com.br\/en\/wp-json\/wp\/v2\/posts"}],"about":[{"href":"https:\/\/ubirataonline.com.br\/en\/wp-json\/wp\/v2\/types\/post"}],"author":[{"embeddable":true,"href":"https:\/\/ubirataonline.com.br\/en\/wp-json\/wp\/v2\/users\/1"}],"replies":[{"embeddable":true,"href":"https:\/\/ubirataonline.com.br\/en\/wp-json\/wp\/v2\/comments?post=70138"}],"version-history":[{"count":0,"href":"https:\/\/ubirataonline.com.br\/en\/wp-json\/wp\/v2\/posts\/70138\/revisions"}],"wp:featuredmedia":[{"embeddable":true,"href":"https:\/\/ubirataonline.com.br\/en\/wp-json\/wp\/v2\/media\/70139"}],"wp:attachment":[{"href":"https:\/\/ubirataonline.com.br\/en\/wp-json\/wp\/v2\/media?parent=70138"}],"wp:term":[{"taxonomy":"category","embeddable":true,"href":"https:\/\/ubirataonline.com.br\/en\/wp-json\/wp\/v2\/categories?post=70138"},{"taxonomy":"post_tag","embeddable":true,"href":"https:\/\/ubirataonline.com.br\/en\/wp-json\/wp\/v2\/tags?post=70138"}],"curies":[{"name":"wp","href":"https:\/\/api.w.org\/{rel}","templated":true}]}}