{"id":70148,"date":"2025-10-03T22:04:01","date_gmt":"2025-10-04T01:04:01","guid":{"rendered":"https:\/\/ubirataonline.com.br\/os-principais-suspeitos-de-matar-odete-roitman-e-os-motivos-para-o-crime\/"},"modified":"2025-10-03T22:04:01","modified_gmt":"2025-10-04T01:04:01","slug":"os-principais-suspeitos-de-matar-odete-roitman-e-os-motivos-para-o-crime","status":"publish","type":"post","link":"https:\/\/ubirataonline.com.br\/en\/os-principais-suspeitos-de-matar-odete-roitman-e-os-motivos-para-o-crime\/","title":{"rendered":"Os principais suspeitos de matar Odete Roitman \u2013 e os motivos para o crime"},"content":{"rendered":"<p><\/p>\n<div id=\"\">\n<p>Depois de ser desmascarada para a toda fam\u00edlia pela morte falsa do filho Leonardo, <strong>Odete Roitman<\/strong> (Debora Bloch) vai morrer na pr\u00f3xima segunda-feira, 6, quando ser\u00e1 encontrada sem vida em seu quarto de hotel. Na vers\u00e3o original de <em><strong>Vale Tudo<\/strong><\/em>, exibida em 1988, a bilion\u00e1ria \u00e9 assassinada por Leila, na \u00e9poca interpretada por C\u00e1ssia Kis, que a matou por engano, pensando ser Maria de F\u00e1tima (Gloria Pires), amante de Marco Aur\u00e9lio (Reginaldo Faria). Segundo a autora do remake, Manuela Dias, a personagem Leila, agora vivida por Carolina Dieckmmann, n\u00e3o ser\u00e1 a assassina, o que abre o leque para uma s\u00e9rie de novas possibilidades. Para manter o suspense at\u00e9 o \u00faltimo cap\u00edtulo, v\u00e1rios finais est\u00e3o sendo gravados, e nem mesmo os pr\u00f3prios atores sabem qual ser\u00e1 escolhido.<\/p>\n<p>Confira a seguir, os suspeitos de matar Odete Roitman os motivos que eles teriam para cometer o crime:<\/p>\n<h3>Heleninha Roitman<\/h3>\n<figure id=\"attachment_5920877\" class=\"wp-caption aligncenter\">\n    <img loading=\"lazy\" decoding=\"async\" alt=\"Heleninha Roitman reencontra irm\u00e3o Leonardo ap\u00f3s 10 anos acreditando que ele havia morrido\" class=\"size-full wp-image-5920877\" src=\"https:\/\/veja.abril.com.br\/wp-content\/uploads\/2025\/10\/assets-fotos-1235-heleninha-reencontra-leonardo-e-abala-a-familia-com-revelacao-surpreendente-90f68c4cbfe0.avif?quality=70&amp;w=1024&amp;crop=1\" border=\"0\" title=\"Heleninha Roitman\" width=\"984\" height=\"554\" data-restrict=\"false\" data-portal-copyright=\"TV Globo\" data-image-caption=\"Heleninha Roitman reencontra irm\u00e3o Leonardo ap\u00f3s 10 anos acreditando que ele havia morrido\" data-image-title=\"\" data-image-source=\"Reprodu\u00e7\u00e3o\"\/><figcaption class=\"noreadme-audima wp-caption-text\"> Heleninha Roitman reencontra irm\u00e3o Leonardo ap\u00f3s 10 anos acreditando que ele havia morrido <span>(TV Globo\/Reprodu\u00e7\u00e3o)<\/span><\/figcaption><\/figure>\n<p>Renegada pela m\u00e3e, que sempre preferiu o respons\u00e1vel Leonardo, g\u00eameo de Heleninha, e Afonso (Humberto Carr\u00e3o), a artista pl\u00e1stica descobriu nesta semana que Odete n\u00e3o apenas forjou a morte de seu irm\u00e3o, como mentiu sobre a responsabilidade do acidente que suspostamente o matou. Durante v\u00e1rios anos, a herdeira acreditou estar dirigindo o carro na hora do acidente, mas era Odete quem estava ao volante na verdade, e a vil\u00e3 preferiu culpar a filha.<\/p>\n<p>Com a descoberta de que o irm\u00e3o est\u00e1 vivo e de que a m\u00e3e permitiu que ela se culpasse pelo acidente por tantos anos \u2014 o que aumentava seu v\u00edcio em \u00e1lcool, inclusive, Heleninha vai alimentar uma raiva visceral da bilion\u00e1ria, fazendo dela uma das principais suspeitas da morte da vil\u00e3. Suas digitais, inclusive, ser\u00e3o encontrada na arma do crime, aumentando ainda mais as suspeitas sobre ela.<\/p>\n<h3>Celina<\/h3>\n<figure id=\"attachment_5863665\" class=\"wp-caption aligncenter\">\n    <img loading=\"lazy\" decoding=\"async\" class=\"size-full wp-image-5863665\" src=\"https:\/\/veja.abril.com.br\/wp-content\/uploads\/2025\/08\/Vale-Tudo-Celina.jpg?quality=70&amp;strip=info&amp;w=1024&amp;crop=1\" border=\"0\" alt=\"Malu Galli como Celina em 'Vale Tudo' -\" title=\"Vale-Tudo-Celina\" width=\"1024\" height=\"576\" data-restrict=\"false\" data-portal-copyright=\"https:\/\/veja.abril.com.br\/\" data-image-caption=\"Malu Galli como Celina em 'Vale Tudo' -\" data-image-title=\"\" data-image-source=\"Divulga\u00e7\u00e3o\"\/><figcaption class=\"noreadme-audima wp-caption-text\"> Malu Galli como Celina em \u2018Vale Tudo\u2019 \u2013 <span>(\/\/Divulga\u00e7\u00e3o)<\/span><\/figcaption><\/figure>\n<div class=\"ads post-ads noreadme-audima\">\n    <span class=\"title\">Continua ap\u00f3s a publicidade<\/span><\/p>\n<\/div>\n<p>Humilhada por Odete durante a vida toda, Celina (Malu Galli) tem uma lista grande de motivos para assassinar a vil\u00e3. O tratamento nada cordial recebido por ela, a chantagem para vender a Paladar e a arma\u00e7\u00e3o para separ\u00e1-la de Esteban (Caco Ciocler) s\u00e3o apenas algumas das maldades que Odete submeteu a irm\u00e3. Al\u00e9m disso, a rica\u00e7a tamb\u00e9m se sentiu extremamente tra\u00edda ao descobrir que a irm\u00e3 falsificou a morte do sobrinho e a deixou respons\u00e1vel para lidar com todo o caos familiar sozinha, enquanto Odete se aventurava em in\u00fameras viagens.<\/p>\n<p>Outro fator ainda deve fortalecer as suspeitas sobre Celina: assim como as de Heleninha, as digitais da irm\u00e3 de Odete tamb\u00e9m ser\u00e3o encontradas na arma do crime. A pol\u00edcia encontrar\u00e1 um rev\u00f3lver no quarto e vai encaminhar o armamento para a per\u00edcia, que identificar\u00e1 as marcas de dedo.<\/p>\n<h3>Maria de F\u00e1tima<\/h3>\n<figure id=\"attachment_5921848\" class=\"wp-caption aligncenter\">\n    <img loading=\"lazy\" decoding=\"async\" alt=\"Maria de F\u00e1tima (Bella Campos) e Odete Roitman (Debora Bloch)\" class=\"size-full wp-image-5921848\" src=\"https:\/\/veja.abril.com.br\/wp-content\/uploads\/2025\/10\/odete-roitman-propoe-pacto-a-maria-de-fatima-2-.jpg?quality=70&amp;strip=info&amp;w=1024&amp;crop=1\" border=\"0\" title=\"Maria de F\u00e1tima (Bella Campos) e Odete Roitman (Debora Bloch)\" width=\"1024\" height=\"671\" data-restrict=\"false\" data-portal-copyright=\"TV Globo\" data-image-caption=\"Maria de F\u00e1tima (Bella Campos) e Odete Roitman (Debora Bloch)\" data-image-title=\"\" data-image-source=\"Reprodu\u00e7\u00e3o\"\/><figcaption class=\"noreadme-audima wp-caption-text\"> Maria de F\u00e1tima (Bella Campos) e Odete Roitman (Debora Bloch) <span>(TV Globo\/Reprodu\u00e7\u00e3o)<\/span><\/figcaption><\/figure>\n<p>Interesseira e golpista, Maria de F\u00e1tima (Bella Campos) passou a novela inteira em busca de ascens\u00e3o social. Gr\u00e1vida de C\u00e9sar (Cau\u00e3 Reymond) e rejeitada por ele, ela chantageou Odete durante a reta final da trama, depois de descobrir que a rica\u00e7a forjou a morte do pr\u00f3prio filho. Esta semana, no entanto, a dona da TCA matou Ana Clara e foi desmascarada para toda a fam\u00edlia como autora da falsa morte do filho, o que deixou F\u00e1tima sem a poupuda mesada que ganhava da para manter o segredo da bilion\u00e1ria.<\/p>\n<div class=\"ads post-ads noreadme-audima\">\n    <span class=\"title\">Continua ap\u00f3s a publicidade<\/span><\/p>\n<\/div>\n<p>Agora, F\u00e1tima convive, diariamente, com o medo de ser a pr\u00f3xima v\u00edtima de Odete. Nos cap\u00edtulos dessa semana, a influenciadora procurou C\u00e9sar e Olavo (Ricardo Teodoro) e at\u00e9 a m\u00e3e, Raquel (Ta\u00eds Araujo), em busca de ajuda, mostrando-se extremamente amedrontada com a capacidade letal da rica\u00e7a. Ela tamb\u00e9m cair\u00e1 em uma armadilha feita por Odete, o que vai intensificar ainda mais o seu temor. Neste contexto, a influenciadora digital poderia assinar a vil\u00e3 para evitar a pr\u00f3pria morte diante do temor crescente.<\/p>\n<h3>C\u00e9sar Ribeiro<\/h3>\n<figure id=\"attachment_5871898\" class=\"wp-caption aligncenter\">\n    <img loading=\"lazy\" decoding=\"async\" class=\"size-full wp-image-5871898\" src=\"https:\/\/veja.abril.com.br\/wp-content\/uploads\/2025\/08\/Captura-de-tela-2025-08-13-194452.jpg?quality=70&amp;strip=info&amp;w=1024&amp;crop=1\" border=\"0\" alt=\"Odete e C\u00e9sar em 'Vale Tudo'\" title=\"Odete e C\u00e9sar em \u2018Vale Tudo\u2019\" width=\"784\" height=\"448\" data-restrict=\"false\" data-portal-copyright=\"Reprodu\u00e7\u00e3o\" data-image-caption=\"Odete e C\u00e9sar em 'Vale Tudo'\" data-image-title=\"\" data-image-source=\"TV Globo\"\/><figcaption class=\"noreadme-audima wp-caption-text\"> Odete e C\u00e9sar em \u2018Vale Tudo\u2019 <span>(Reprodu\u00e7\u00e3o\/TV Globo)<\/span><\/figcaption><\/figure>\n<p>Outro que tamb\u00e9m est\u00e1 aterrorizado com os atentados e assassinatos de Odete \u00e9 o seu marido, C\u00e9sar. Por mais de uma m\u00eas, o golpista se mostrou aterrorizado em ficar sozinho com a vil\u00e3 e chegou a declarar temer fazer algo de errado e acabar baleado pela esposa. Al\u00e9m disso, C\u00e9sar acredita que, caso Odete morra, 50% da empresa ficaria para ele. A morte da rica\u00e7a, portanto, livraria o modelo do medo de ser assassinado por ela, e ainda daria a ele muito dinheiro e poder \u2014 \u00f3timos motivos para um crime.<\/p>\n<h3>Marco Aur\u00e9lio<\/h3>\n<figure id=\"attachment_5905467\" class=\"wp-caption aligncenter\">\n    <img loading=\"lazy\" decoding=\"async\" class=\"size-full wp-image-5905467\" src=\"https:\/\/veja.abril.com.br\/wp-content\/uploads\/2025\/09\/alexandre-nero-carolina-dieckmmann-vt-casamento-div-globo_fixed_large.webp?quality=70&amp;w=1024&amp;crop=1\" border=\"0\" alt=\"Marco Aur\u00e9lio (Alexandre Nero) e Leila (Carolina Dieckmmann) se casam em 'Vale Tudo'\" title=\"Casamento de Marco Aur\u00e9lio e Leila\" width=\"990\" height=\"619\" data-restrict=\"false\" data-portal-copyright=\"TV Globo\" data-image-caption=\"Marco Aur\u00e9lio (Alexandre Nero) e Leila (Carolina Dieckmmann) se casam em 'Vale Tudo'\" data-image-title=\"\" data-image-source=\"Reprodu\u00e7\u00e3o\"\/><figcaption class=\"noreadme-audima wp-caption-text\"> Marco Aur\u00e9lio (Alexandre Nero) e Leila (Carolina Dieckmmann) se casam em \u2018Vale Tudo\u2019 <span>(TV Globo\/Reprodu\u00e7\u00e3o)<\/span><\/figcaption><\/figure>\n<div class=\"ads post-ads noreadme-audima\">\n    <span class=\"title\">Continua ap\u00f3s a publicidade<\/span><\/p>\n<\/div>\n<p>Marco Aur\u00e9lio (Alexandre Nero) j\u00e1 tentou matar Odete Roitmann uma vez e nada impede que ele tente novamente e seja bem-sucedido em sua miss\u00e3o. Nas \u00faltimas semanas, a dona da TCA e o ex-genro tentaram insistentemente matar um ao outro, criando um clima de tens\u00e3o e paranoia irrevers\u00edvel entre eles. Al\u00e9m do iminente medo da morte, Marco Aur\u00e9lio tamb\u00e9m teme que a rica\u00e7a acabe com os seus esquemas de desvio de dinheiro na TCA, enviando o corrupto para a cadeia. Para fugir da morte ou da pris\u00e3o, o ganancioso vice-presidente da empresa claramente seria capaz de matar.<\/p>\n<h3>Outros suspeitos<\/h3>\n<p>Apesar da lista principal incluir cinco nomes, outros suspeitos podem surgiu no meio do caminho. Afonso, por exemplo, cortar\u00e1 as rela\u00e7\u00f5es com a m\u00e3e,e ficar\u00e1 extremamente irritado depois de descobrir que Odete foi capaz de esconder o irm\u00e3o mesmo diante da possibilidade dele ter uma medula compat\u00edvel com a sua e poder salvar sua vida. Leila tamb\u00e9m n\u00e3o est\u00e1 totalmente descartada: apesar da autora ter afirmado que o final ser\u00e1 diferente, nada garante que tudo n\u00e3o passe de uma pegadinha e ela resolva reciclar o final original para surpreender o p\u00fablico. O mordomo Eug\u00eanio (Luis Salem) e Freitas (Luis Lobianco) tamb\u00e9m correm pelas beiradas entre os suspeitos, j\u00e1 que o primeiro costuma ser constantemente humilhado na mans\u00e3o e poderia cometer o crime com a ajuda do namorado.<\/p>\n<h3>Acompanhe not\u00edcias e dicas culturais nos blogs a seguir:<\/h3>\n<ul>\n<li><a href=\"https:\/\/veja.abril.com.br\/coluna\/tela-plana\" target=\"_blank\" rel=\"noopener\">Tela Plana<\/a> para novidades da TV e do streaming<\/li>\n<li><a href=\"https:\/\/veja.abril.com.br\/coluna\/o-som-e-a-furia\/\" target=\"_blank\" rel=\"noopener\">O Som e a F\u00faria<\/a> sobre artistas e lan\u00e7amentos musicais<br \/><a href=\"https:\/\/veja.abril.com.br\/coluna\/em-cartaz\/\" target=\"_blank\" rel=\"noopener\"\/><\/li>\n<li><a href=\"https:\/\/veja.abril.com.br\/coluna\/em-cartaz\/\" target=\"_blank\" rel=\"noopener\">Em Cartaz<\/a> traz dicas de filmes no cinema e no streaming<\/li>\n<li><a href=\"https:\/\/veja.abril.com.br\/noticias-sobre\/livro\" target=\"_blank\" rel=\"noopener\">Livros<\/a> para not\u00edcias sobre literatura e mercado editorial<\/li>\n<\/ul>\n<p>\u00a0<\/p>\n<p>\u00a0<\/p>\n<p>\u00a0<\/p>\n<\/p><\/div>\n<p><a href=\"https:\/\/veja.abril.com.br\/coluna\/tela-plana\/os-principais-suspeitos-de-matar-odete-roitman-e-os-motivos-para-o-crime\/\">Source link <\/a><\/p>","protected":false},"excerpt":{"rendered":"<p>Depois de ser desmascarada para a toda fam\u00edlia pela morte falsa do filho Leonardo, Odete Roitman (Debora Bloch) vai morrer na pr\u00f3xima segunda-feira, 6, quando ser\u00e1 encontrada sem vida em seu quarto de hotel. Na vers\u00e3o original de Vale Tudo, exibida em 1988, a bilion\u00e1ria \u00e9 assassinada por Leila, na \u00e9poca interpretada por C\u00e1ssia Kis, [&hellip;]<\/p>\n","protected":false},"author":1,"featured_media":70149,"comment_status":"","ping_status":"","sticky":false,"template":"","format":"standard","meta":{"googlesitekit_rrm_CAow2JLhCw:productID":"","_gspb_post_css":"","maa_idioma":"","maa_pais":"","footnotes":""},"categories":[4],"tags":[],"class_list":["post-70148","post","type-post","status-publish","format-standard","has-post-thumbnail","hentry","category-brasil"],"blocksy_meta":[],"yoast_head":"<!-- This site is optimized with the Yoast SEO Premium plugin v27.6 (Yoast SEO v27.6) - https:\/\/yoast.com\/product\/yoast-seo-premium-wordpress\/ -->\n<title>Os principais suspeitos de matar Odete Roitman \u2013 e os motivos para o crime - Ubirat\u00e3 Online Not\u00edcias - A realidade ao seu alcance!<\/title>\n<meta name=\"description\" content=\"Depois de ser desmascarada para a toda fam\u00edlia pela morte falsa do filho Leonardo, Odete Roitman (Debora Bloch) vai morrer na pr\u00f3xima segunda-feira, 6,\" \/>\n<meta name=\"robots\" content=\"index, follow, max-snippet:-1, max-image-preview:large, max-video-preview:-1\" \/>\n<link rel=\"canonical\" href=\"https:\/\/ubirataonline.com.br\/en\/os-principais-suspeitos-de-matar-odete-roitman-e-os-motivos-para-o-crime\/\" \/>\n<meta property=\"og:locale\" content=\"en_US\" \/>\n<meta property=\"og:type\" content=\"article\" \/>\n<meta property=\"og:title\" content=\"Os principais suspeitos de matar Odete Roitman \u2013 e os motivos para o crime\" \/>\n<meta property=\"og:description\" content=\"Depois de ser desmascarada para a toda fam\u00edlia pela morte falsa do filho Leonardo, Odete Roitman (Debora Bloch) vai morrer na pr\u00f3xima segunda-feira, 6,\" \/>\n<meta property=\"og:url\" content=\"https:\/\/ubirataonline.com.br\/en\/os-principais-suspeitos-de-matar-odete-roitman-e-os-motivos-para-o-crime\/\" \/>\n<meta property=\"og:site_name\" content=\"Ubirat\u00e3 Online Not\u00edcias - A realidade ao seu alcance!\" \/>\n<meta property=\"article:publisher\" content=\"https:\/\/www.facebook.com\/portalubirataonline\" \/>\n<meta property=\"article:author\" content=\"https:\/\/www.facebook.com\/portalubirataonline\" \/>\n<meta property=\"article:published_time\" content=\"2025-10-04T01:04:01+00:00\" \/>\n<meta property=\"og:image\" content=\"https:\/\/ubirataonline.com.br\/wp-content\/uploads\/2026\/05\/logo2026.webp\" \/>\n\t<meta property=\"og:image:width\" content=\"1531\" \/>\n\t<meta property=\"og:image:height\" content=\"418\" \/>\n\t<meta property=\"og:image:type\" content=\"image\/webp\" \/>\n<meta name=\"author\" content=\"REDA\u00c7\u00c3O: UBIRAT\u00c3 ONLINE - F\u00c1BIO AUGUSTO CELESTINO\" \/>\n<meta name=\"twitter:card\" content=\"summary_large_image\" \/>\n<meta name=\"twitter:creator\" content=\"@x.com\/ubirataonline\" \/>\n<meta name=\"twitter:site\" content=\"@ubirataonline\" \/>\n<meta name=\"twitter:label1\" content=\"Written by\" \/>\n\t<meta name=\"twitter:data1\" content=\"REDA\u00c7\u00c3O: UBIRAT\u00c3 ONLINE - F\u00c1BIO AUGUSTO CELESTINO\" \/>\n\t<meta name=\"twitter:label2\" content=\"Est. reading time\" \/>\n\t<meta name=\"twitter:data2\" content=\"6 minutes\" \/>\n<script type=\"application\/ld+json\" class=\"yoast-schema-graph\">{\"@context\":\"https:\\\/\\\/schema.org\",\"@graph\":[{\"@type\":\"NewsArticle\",\"@id\":\"https:\\\/\\\/ubirataonline.com.br\\\/os-principais-suspeitos-de-matar-odete-roitman-e-os-motivos-para-o-crime\\\/#article\",\"isPartOf\":{\"@id\":\"https:\\\/\\\/ubirataonline.com.br\\\/os-principais-suspeitos-de-matar-odete-roitman-e-os-motivos-para-o-crime\\\/\"},\"author\":{\"name\":\"REDA\u00c7\u00c3O: UBIRAT\u00c3 ONLINE - F\u00c1BIO AUGUSTO CELESTINO\",\"@id\":\"https:\\\/\\\/ubirataonline.com.br\\\/#\\\/schema\\\/person\\\/372f87bbd3fdd79b8556b84c98d0bc1c\"},\"headline\":\"Os principais suspeitos de matar Odete Roitman \u2013 e os motivos para o crime\",\"datePublished\":\"2025-10-04T01:04:01+00:00\",\"mainEntityOfPage\":{\"@id\":\"https:\\\/\\\/ubirataonline.com.br\\\/os-principais-suspeitos-de-matar-odete-roitman-e-os-motivos-para-o-crime\\\/\"},\"wordCount\":1154,\"publisher\":{\"@id\":\"https:\\\/\\\/ubirataonline.com.br\\\/#organization\"},\"image\":{\"@id\":\"https:\\\/\\\/ubirataonline.com.br\\\/os-principais-suspeitos-de-matar-odete-roitman-e-os-motivos-para-o-crime\\\/#primaryimage\"},\"thumbnailUrl\":\"https:\\\/\\\/ubirataonline.com.br\\\/wp-content\\\/uploads\\\/2025\\\/10\\\/Odete-Roitman-Debora-Bloch-na-novela-Vale-Tudo-Foto-Globo-Fabio-Rocha.webp.png\",\"articleSection\":[\"Brasil\"],\"inLanguage\":\"en-US\",\"copyrightYear\":\"2025\",\"copyrightHolder\":{\"@id\":\"https:\\\/\\\/ubirataonline.com.br\\\/en\\\/#organization\"}},{\"@type\":\"WebPage\",\"@id\":\"https:\\\/\\\/ubirataonline.com.br\\\/os-principais-suspeitos-de-matar-odete-roitman-e-os-motivos-para-o-crime\\\/\",\"url\":\"https:\\\/\\\/ubirataonline.com.br\\\/os-principais-suspeitos-de-matar-odete-roitman-e-os-motivos-para-o-crime\\\/\",\"name\":\"Os principais suspeitos de matar Odete Roitman \u2013 e os motivos para o crime - Ubirat\u00e3 Online Not\u00edcias - A realidade ao seu alcance!\",\"isPartOf\":{\"@id\":\"https:\\\/\\\/ubirataonline.com.br\\\/#website\"},\"primaryImageOfPage\":{\"@id\":\"https:\\\/\\\/ubirataonline.com.br\\\/os-principais-suspeitos-de-matar-odete-roitman-e-os-motivos-para-o-crime\\\/#primaryimage\"},\"image\":{\"@id\":\"https:\\\/\\\/ubirataonline.com.br\\\/os-principais-suspeitos-de-matar-odete-roitman-e-os-motivos-para-o-crime\\\/#primaryimage\"},\"thumbnailUrl\":\"https:\\\/\\\/ubirataonline.com.br\\\/wp-content\\\/uploads\\\/2025\\\/10\\\/Odete-Roitman-Debora-Bloch-na-novela-Vale-Tudo-Foto-Globo-Fabio-Rocha.webp.png\",\"datePublished\":\"2025-10-04T01:04:01+00:00\",\"description\":\"Depois de ser desmascarada para a toda fam\u00edlia pela morte falsa do filho Leonardo, Odete Roitman (Debora Bloch) vai morrer na pr\u00f3xima segunda-feira, 6,\",\"breadcrumb\":{\"@id\":\"https:\\\/\\\/ubirataonline.com.br\\\/os-principais-suspeitos-de-matar-odete-roitman-e-os-motivos-para-o-crime\\\/#breadcrumb\"},\"inLanguage\":\"en-US\",\"potentialAction\":[{\"@type\":\"ReadAction\",\"target\":[\"https:\\\/\\\/ubirataonline.com.br\\\/os-principais-suspeitos-de-matar-odete-roitman-e-os-motivos-para-o-crime\\\/\"]}]},{\"@type\":\"ImageObject\",\"inLanguage\":\"en-US\",\"@id\":\"https:\\\/\\\/ubirataonline.com.br\\\/os-principais-suspeitos-de-matar-odete-roitman-e-os-motivos-para-o-crime\\\/#primaryimage\",\"url\":\"https:\\\/\\\/ubirataonline.com.br\\\/wp-content\\\/uploads\\\/2025\\\/10\\\/Odete-Roitman-Debora-Bloch-na-novela-Vale-Tudo-Foto-Globo-Fabio-Rocha.webp.png\",\"contentUrl\":\"https:\\\/\\\/ubirataonline.com.br\\\/wp-content\\\/uploads\\\/2025\\\/10\\\/Odete-Roitman-Debora-Bloch-na-novela-Vale-Tudo-Foto-Globo-Fabio-Rocha.webp.png\",\"width\":1080,\"height\":565},{\"@type\":\"BreadcrumbList\",\"@id\":\"https:\\\/\\\/ubirataonline.com.br\\\/os-principais-suspeitos-de-matar-odete-roitman-e-os-motivos-para-o-crime\\\/#breadcrumb\",\"itemListElement\":[{\"@type\":\"ListItem\",\"position\":1,\"name\":\"In\u00edcio\",\"item\":\"https:\\\/\\\/ubirataonline.com.br\\\/\"},{\"@type\":\"ListItem\",\"position\":2,\"name\":\"Os principais suspeitos de matar Odete Roitman \u2013 e os motivos para o crime\"}]},{\"@type\":\"WebSite\",\"@id\":\"https:\\\/\\\/ubirataonline.com.br\\\/#website\",\"url\":\"https:\\\/\\\/ubirataonline.com.br\\\/\",\"name\":\"Ubirat\u00e3 Online Not\u00edcias\",\"description\":\"Not\u00edcias de Ubirat\u00e3, regi\u00e3o, Brasil e mundo, com informa\u00e7\u00e3o atualizada e compromisso com o leitor.\",\"publisher\":{\"@id\":\"https:\\\/\\\/ubirataonline.com.br\\\/#organization\"},\"alternateName\":\"Ubirat\u00e3 Online\",\"potentialAction\":[{\"@type\":\"SearchAction\",\"target\":{\"@type\":\"EntryPoint\",\"urlTemplate\":\"https:\\\/\\\/ubirataonline.com.br\\\/?s={search_term_string}\"},\"query-input\":{\"@type\":\"PropertyValueSpecification\",\"valueRequired\":true,\"valueName\":\"search_term_string\"}}],\"inLanguage\":\"en-US\"},{\"@type\":[\"Organization\",\"Place\"],\"@id\":\"https:\\\/\\\/ubirataonline.com.br\\\/#organization\",\"name\":\"Ubirat\u00e3 Online Not\u00edcias\",\"alternateName\":\"Ubirat\u00e3 Online\",\"url\":\"https:\\\/\\\/ubirataonline.com.br\\\/\",\"logo\":{\"@id\":\"https:\\\/\\\/ubirataonline.com.br\\\/os-principais-suspeitos-de-matar-odete-roitman-e-os-motivos-para-o-crime\\\/#local-main-organization-logo\"},\"image\":{\"@id\":\"https:\\\/\\\/ubirataonline.com.br\\\/os-principais-suspeitos-de-matar-odete-roitman-e-os-motivos-para-o-crime\\\/#local-main-organization-logo\"},\"sameAs\":[\"https:\\\/\\\/www.facebook.com\\\/portalubirataonline\",\"https:\\\/\\\/x.com\\\/ubirataonline\",\"https:\\\/\\\/mastodon.social\\\/@ubirataonline\",\"https:\\\/\\\/www.facebook.com\\\/groups\\\/311144672285604\",\"https:\\\/\\\/www.facebook.com\\\/UBTAOnline\",\"https:\\\/\\\/www.instagram.com\\\/portalubirataonline\\\/\",\"https:\\\/\\\/twitter.com\\\/ubirataonline\"],\"description\":\"Somos um portal de not\u00edcias independente, criado em 5 de janeiro de 2009, com o objetivo de informar, conectar e valorizar a nossa comunidade de Ubirat\u00e3 e toda aregi\u00e3o. Com conte\u00fado atualizado, confi\u00e1vel e relevante, o Ubirat\u00e3 Online \u00e9 o seu espa\u00e7o para ficar por dentro dos principais acontecimentos locais, regionais, Brasil, Mundo e de interesse geral. Nosso compromisso \u00e9 com a verdade, a transpar\u00eancia e o respeito ao leitor.\",\"legalName\":\"UBIRATA ONLINE NOT\u00cdCIAS\",\"foundingDate\":\"2009-01-05\",\"numberOfEmployees\":{\"@type\":\"QuantitativeValue\",\"minValue\":\"1\",\"maxValue\":\"10\"},\"publishingPrinciples\":\"https:\\\/\\\/ubirataonline.com.br\\\/faq\\\/\",\"address\":{\"@id\":\"https:\\\/\\\/ubirataonline.com.br\\\/os-principais-suspeitos-de-matar-odete-roitman-e-os-motivos-para-o-crime\\\/#local-main-place-address\"},\"geo\":{\"@type\":\"GeoCoordinates\",\"latitude\":\"-24.5361401\",\"longitude\":\"-52.9921776\"},\"telephone\":[\"+5544998308235\"],\"contactPoint\":{\"@type\":\"ContactPoint\",\"email\":\"contato@ubirataonline.com.br\"},\"openingHoursSpecification\":{\"@type\":\"OpeningHoursSpecification\",\"dayOfWeek\":[\"Monday\",\"Tuesday\",\"Wednesday\",\"Thursday\",\"Friday\",\"Saturday\",\"Sunday\"],\"opens\":\"00:00\",\"closes\":\"23:59\"},\"email\":\"contato@ubirataonline.com.br\",\"vatID\":\"47.621.418\\\/0001-80\"},{\"@type\":\"Person\",\"@id\":\"https:\\\/\\\/ubirataonline.com.br\\\/#\\\/schema\\\/person\\\/372f87bbd3fdd79b8556b84c98d0bc1c\",\"name\":\"REDA\u00c7\u00c3O: UBIRAT\u00c3 ONLINE - F\u00c1BIO AUGUSTO CELESTINO\",\"pronouns\":\"Ele\",\"description\":\"Desde 2003 trabalhando com not\u00edcias.\",\"sameAs\":[\"http:\\\/\\\/ubirataoline.com.br\",\"https:\\\/\\\/www.facebook.com\\\/portalubirataonline\",\"https:\\\/\\\/www.instagram.com\\\/ubirataonline_oficial\",\"https:\\\/\\\/x.com\\\/x.com\\\/ubirataonline\"],\"honorificPrefix\":\"Mr.\",\"honorificSuffix\":\"MD\",\"birthDate\":\"1980-06-16\",\"gender\":\"masculino\",\"award\":[\"V\u00e1rios pr\u00eamios de melhor portal da cidade\"],\"jobTitle\":\"Diretor\",\"url\":\"https:\\\/\\\/ubirataonline.com.br\\\/en\\\/author\\\/ubirataonline\\\/\"},{\"@type\":\"PostalAddress\",\"@id\":\"https:\\\/\\\/ubirataonline.com.br\\\/os-principais-suspeitos-de-matar-odete-roitman-e-os-motivos-para-o-crime\\\/#local-main-place-address\",\"streetAddress\":\"Rua dos Coqueiros, 104 - Bairro Boa Vista, Rua dos Coqueiros, 104 Bairro Boa Vista\",\"addressLocality\":\"UBIRATA\",\"postalCode\":\"85440-000\",\"addressRegion\":\"PR\",\"addressCountry\":\"BR\"},{\"@type\":\"ImageObject\",\"inLanguage\":\"en-US\",\"@id\":\"https:\\\/\\\/ubirataonline.com.br\\\/os-principais-suspeitos-de-matar-odete-roitman-e-os-motivos-para-o-crime\\\/#local-main-organization-logo\",\"url\":\"https:\\\/\\\/ubirataonline.com.br\\\/wp-content\\\/uploads\\\/2026\\\/06\\\/logoubirataonline-1.webp\",\"contentUrl\":\"https:\\\/\\\/ubirataonline.com.br\\\/wp-content\\\/uploads\\\/2026\\\/06\\\/logoubirataonline-1.webp\",\"width\":500,\"height\":500,\"caption\":\"Ubirat\u00e3 Online Not\u00edcias\"}]}<\/script>\n<meta name=\"geo.placename\" content=\"UBIRATA\" \/>\n<meta name=\"geo.position\" content=\"-24.5361401;-52.9921776\" \/>\n<meta name=\"geo.region\" content=\"Brazil\" \/>\n<!-- \/ Yoast SEO Premium plugin. -->","yoast_head_json":{"title":"Os principais suspeitos de matar Odete Roitman \u2013 e os motivos para o crime - Ubirat\u00e3 Online Not\u00edcias - A realidade ao seu alcance!","description":"Depois de ser desmascarada para a toda fam\u00edlia pela morte falsa do filho Leonardo, Odete Roitman (Debora Bloch) vai morrer na pr\u00f3xima segunda-feira, 6,","robots":{"index":"index","follow":"follow","max-snippet":"max-snippet:-1","max-image-preview":"max-image-preview:large","max-video-preview":"max-video-preview:-1"},"canonical":"https:\/\/ubirataonline.com.br\/en\/os-principais-suspeitos-de-matar-odete-roitman-e-os-motivos-para-o-crime\/","og_locale":"en_US","og_type":"article","og_title":"Os principais suspeitos de matar Odete Roitman \u2013 e os motivos para o crime","og_description":"Depois de ser desmascarada para a toda fam\u00edlia pela morte falsa do filho Leonardo, Odete Roitman (Debora Bloch) vai morrer na pr\u00f3xima segunda-feira, 6,","og_url":"https:\/\/ubirataonline.com.br\/en\/os-principais-suspeitos-de-matar-odete-roitman-e-os-motivos-para-o-crime\/","og_site_name":"Ubirat\u00e3 Online Not\u00edcias - A realidade ao seu alcance!","article_publisher":"https:\/\/www.facebook.com\/portalubirataonline","article_author":"https:\/\/www.facebook.com\/portalubirataonline","article_published_time":"2025-10-04T01:04:01+00:00","og_image":[{"width":1531,"height":418,"url":"https:\/\/ubirataonline.com.br\/wp-content\/uploads\/2026\/05\/logo2026.webp","type":"image\/webp"}],"author":"REDA\u00c7\u00c3O: UBIRAT\u00c3 ONLINE - F\u00c1BIO AUGUSTO CELESTINO","twitter_card":"summary_large_image","twitter_creator":"@x.com\/ubirataonline","twitter_site":"@ubirataonline","twitter_misc":{"Written by":"REDA\u00c7\u00c3O: UBIRAT\u00c3 ONLINE - F\u00c1BIO AUGUSTO CELESTINO","Est. reading time":"6 minutes"},"schema":{"@context":"https:\/\/schema.org","@graph":[{"@type":"NewsArticle","@id":"https:\/\/ubirataonline.com.br\/os-principais-suspeitos-de-matar-odete-roitman-e-os-motivos-para-o-crime\/#article","isPartOf":{"@id":"https:\/\/ubirataonline.com.br\/os-principais-suspeitos-de-matar-odete-roitman-e-os-motivos-para-o-crime\/"},"author":{"name":"REDA\u00c7\u00c3O: UBIRAT\u00c3 ONLINE - F\u00c1BIO AUGUSTO CELESTINO","@id":"https:\/\/ubirataonline.com.br\/#\/schema\/person\/372f87bbd3fdd79b8556b84c98d0bc1c"},"headline":"Os principais suspeitos de matar Odete Roitman \u2013 e os motivos para o crime","datePublished":"2025-10-04T01:04:01+00:00","mainEntityOfPage":{"@id":"https:\/\/ubirataonline.com.br\/os-principais-suspeitos-de-matar-odete-roitman-e-os-motivos-para-o-crime\/"},"wordCount":1154,"publisher":{"@id":"https:\/\/ubirataonline.com.br\/#organization"},"image":{"@id":"https:\/\/ubirataonline.com.br\/os-principais-suspeitos-de-matar-odete-roitman-e-os-motivos-para-o-crime\/#primaryimage"},"thumbnailUrl":"https:\/\/ubirataonline.com.br\/wp-content\/uploads\/2025\/10\/Odete-Roitman-Debora-Bloch-na-novela-Vale-Tudo-Foto-Globo-Fabio-Rocha.webp.png","articleSection":["Brasil"],"inLanguage":"en-US","copyrightYear":"2025","copyrightHolder":{"@id":"https:\/\/ubirataonline.com.br\/en\/#organization"}},{"@type":"WebPage","@id":"https:\/\/ubirataonline.com.br\/os-principais-suspeitos-de-matar-odete-roitman-e-os-motivos-para-o-crime\/","url":"https:\/\/ubirataonline.com.br\/os-principais-suspeitos-de-matar-odete-roitman-e-os-motivos-para-o-crime\/","name":"Os principais suspeitos de matar Odete Roitman \u2013 e os motivos para o crime - Ubirat\u00e3 Online Not\u00edcias - A realidade ao seu alcance!","isPartOf":{"@id":"https:\/\/ubirataonline.com.br\/#website"},"primaryImageOfPage":{"@id":"https:\/\/ubirataonline.com.br\/os-principais-suspeitos-de-matar-odete-roitman-e-os-motivos-para-o-crime\/#primaryimage"},"image":{"@id":"https:\/\/ubirataonline.com.br\/os-principais-suspeitos-de-matar-odete-roitman-e-os-motivos-para-o-crime\/#primaryimage"},"thumbnailUrl":"https:\/\/ubirataonline.com.br\/wp-content\/uploads\/2025\/10\/Odete-Roitman-Debora-Bloch-na-novela-Vale-Tudo-Foto-Globo-Fabio-Rocha.webp.png","datePublished":"2025-10-04T01:04:01+00:00","description":"Depois de ser desmascarada para a toda fam\u00edlia pela morte falsa do filho Leonardo, Odete Roitman (Debora Bloch) vai morrer na pr\u00f3xima segunda-feira, 6,","breadcrumb":{"@id":"https:\/\/ubirataonline.com.br\/os-principais-suspeitos-de-matar-odete-roitman-e-os-motivos-para-o-crime\/#breadcrumb"},"inLanguage":"en-US","potentialAction":[{"@type":"ReadAction","target":["https:\/\/ubirataonline.com.br\/os-principais-suspeitos-de-matar-odete-roitman-e-os-motivos-para-o-crime\/"]}]},{"@type":"ImageObject","inLanguage":"en-US","@id":"https:\/\/ubirataonline.com.br\/os-principais-suspeitos-de-matar-odete-roitman-e-os-motivos-para-o-crime\/#primaryimage","url":"https:\/\/ubirataonline.com.br\/wp-content\/uploads\/2025\/10\/Odete-Roitman-Debora-Bloch-na-novela-Vale-Tudo-Foto-Globo-Fabio-Rocha.webp.png","contentUrl":"https:\/\/ubirataonline.com.br\/wp-content\/uploads\/2025\/10\/Odete-Roitman-Debora-Bloch-na-novela-Vale-Tudo-Foto-Globo-Fabio-Rocha.webp.png","width":1080,"height":565},{"@type":"BreadcrumbList","@id":"https:\/\/ubirataonline.com.br\/os-principais-suspeitos-de-matar-odete-roitman-e-os-motivos-para-o-crime\/#breadcrumb","itemListElement":[{"@type":"ListItem","position":1,"name":"In\u00edcio","item":"https:\/\/ubirataonline.com.br\/"},{"@type":"ListItem","position":2,"name":"Os principais suspeitos de matar Odete Roitman \u2013 e os motivos para o crime"}]},{"@type":"WebSite","@id":"https:\/\/ubirataonline.com.br\/#website","url":"https:\/\/ubirataonline.com.br\/","name":"Ubirat\u00e3 Online Not\u00edcias","description":"Not\u00edcias de Ubirat\u00e3, regi\u00e3o, Brasil e mundo, com informa\u00e7\u00e3o atualizada e compromisso com o leitor.","publisher":{"@id":"https:\/\/ubirataonline.com.br\/#organization"},"alternateName":"Ubirat\u00e3 Online","potentialAction":[{"@type":"SearchAction","target":{"@type":"EntryPoint","urlTemplate":"https:\/\/ubirataonline.com.br\/?s={search_term_string}"},"query-input":{"@type":"PropertyValueSpecification","valueRequired":true,"valueName":"search_term_string"}}],"inLanguage":"en-US"},{"@type":["Organization","Place"],"@id":"https:\/\/ubirataonline.com.br\/#organization","name":"Ubirat\u00e3 Online Not\u00edcias","alternateName":"Ubirat\u00e3 Online","url":"https:\/\/ubirataonline.com.br\/","logo":{"@id":"https:\/\/ubirataonline.com.br\/os-principais-suspeitos-de-matar-odete-roitman-e-os-motivos-para-o-crime\/#local-main-organization-logo"},"image":{"@id":"https:\/\/ubirataonline.com.br\/os-principais-suspeitos-de-matar-odete-roitman-e-os-motivos-para-o-crime\/#local-main-organization-logo"},"sameAs":["https:\/\/www.facebook.com\/portalubirataonline","https:\/\/x.com\/ubirataonline","https:\/\/mastodon.social\/@ubirataonline","https:\/\/www.facebook.com\/groups\/311144672285604","https:\/\/www.facebook.com\/UBTAOnline","https:\/\/www.instagram.com\/portalubirataonline\/","https:\/\/twitter.com\/ubirataonline"],"description":"Somos um portal de not\u00edcias independente, criado em 5 de janeiro de 2009, com o objetivo de informar, conectar e valorizar a nossa comunidade de Ubirat\u00e3 e toda aregi\u00e3o. Com conte\u00fado atualizado, confi\u00e1vel e relevante, o Ubirat\u00e3 Online \u00e9 o seu espa\u00e7o para ficar por dentro dos principais acontecimentos locais, regionais, Brasil, Mundo e de interesse geral. Nosso compromisso \u00e9 com a verdade, a transpar\u00eancia e o respeito ao leitor.","legalName":"UBIRATA ONLINE NOT\u00cdCIAS","foundingDate":"2009-01-05","numberOfEmployees":{"@type":"QuantitativeValue","minValue":"1","maxValue":"10"},"publishingPrinciples":"https:\/\/ubirataonline.com.br\/faq\/","address":{"@id":"https:\/\/ubirataonline.com.br\/os-principais-suspeitos-de-matar-odete-roitman-e-os-motivos-para-o-crime\/#local-main-place-address"},"geo":{"@type":"GeoCoordinates","latitude":"-24.5361401","longitude":"-52.9921776"},"telephone":["+5544998308235"],"contactPoint":{"@type":"ContactPoint","email":"contato@ubirataonline.com.br"},"openingHoursSpecification":{"@type":"OpeningHoursSpecification","dayOfWeek":["Monday","Tuesday","Wednesday","Thursday","Friday","Saturday","Sunday"],"opens":"00:00","closes":"23:59"},"email":"contato@ubirataonline.com.br","vatID":"47.621.418\/0001-80"},{"@type":"Person","@id":"https:\/\/ubirataonline.com.br\/#\/schema\/person\/372f87bbd3fdd79b8556b84c98d0bc1c","name":"REDA\u00c7\u00c3O: UBIRAT\u00c3 ONLINE - F\u00c1BIO AUGUSTO CELESTINO","pronouns":"Ele","description":"Desde 2003 trabalhando com not\u00edcias.","sameAs":["http:\/\/ubirataoline.com.br","https:\/\/www.facebook.com\/portalubirataonline","https:\/\/www.instagram.com\/ubirataonline_oficial","https:\/\/x.com\/x.com\/ubirataonline"],"honorificPrefix":"Mr.","honorificSuffix":"MD","birthDate":"1980-06-16","gender":"masculino","award":["V\u00e1rios pr\u00eamios de melhor portal da cidade"],"jobTitle":"Diretor","url":"https:\/\/ubirataonline.com.br\/en\/author\/ubirataonline\/"},{"@type":"PostalAddress","@id":"https:\/\/ubirataonline.com.br\/os-principais-suspeitos-de-matar-odete-roitman-e-os-motivos-para-o-crime\/#local-main-place-address","streetAddress":"Rua dos Coqueiros, 104 - Bairro Boa Vista, Rua dos Coqueiros, 104 Bairro Boa Vista","addressLocality":"UBIRATA","postalCode":"85440-000","addressRegion":"PR","addressCountry":"BR"},{"@type":"ImageObject","inLanguage":"en-US","@id":"https:\/\/ubirataonline.com.br\/os-principais-suspeitos-de-matar-odete-roitman-e-os-motivos-para-o-crime\/#local-main-organization-logo","url":"https:\/\/ubirataonline.com.br\/wp-content\/uploads\/2026\/06\/logoubirataonline-1.webp","contentUrl":"https:\/\/ubirataonline.com.br\/wp-content\/uploads\/2026\/06\/logoubirataonline-1.webp","width":500,"height":500,"caption":"Ubirat\u00e3 Online Not\u00edcias"}]},"geo.placename":"UBIRATA","geo.position":{"lat":"-24.5361401","long":"-52.9921776"},"geo.region":"Brazil"},"_links":{"self":[{"href":"https:\/\/ubirataonline.com.br\/en\/wp-json\/wp\/v2\/posts\/70148","targetHints":{"allow":["GET"]}}],"collection":[{"href":"https:\/\/ubirataonline.com.br\/en\/wp-json\/wp\/v2\/posts"}],"about":[{"href":"https:\/\/ubirataonline.com.br\/en\/wp-json\/wp\/v2\/types\/post"}],"author":[{"embeddable":true,"href":"https:\/\/ubirataonline.com.br\/en\/wp-json\/wp\/v2\/users\/1"}],"replies":[{"embeddable":true,"href":"https:\/\/ubirataonline.com.br\/en\/wp-json\/wp\/v2\/comments?post=70148"}],"version-history":[{"count":0,"href":"https:\/\/ubirataonline.com.br\/en\/wp-json\/wp\/v2\/posts\/70148\/revisions"}],"wp:featuredmedia":[{"embeddable":true,"href":"https:\/\/ubirataonline.com.br\/en\/wp-json\/wp\/v2\/media\/70149"}],"wp:attachment":[{"href":"https:\/\/ubirataonline.com.br\/en\/wp-json\/wp\/v2\/media?parent=70148"}],"wp:term":[{"taxonomy":"category","embeddable":true,"href":"https:\/\/ubirataonline.com.br\/en\/wp-json\/wp\/v2\/categories?post=70148"},{"taxonomy":"post_tag","embeddable":true,"href":"https:\/\/ubirataonline.com.br\/en\/wp-json\/wp\/v2\/tags?post=70148"}],"curies":[{"name":"wp","href":"https:\/\/api.w.org\/{rel}","templated":true}]}}