{"id":70406,"date":"2025-10-06T14:32:59","date_gmt":"2025-10-06T17:32:59","guid":{"rendered":"https:\/\/ubirataonline.com.br\/nucleo-de-londrina-do-gaeco-denuncia-por-associacao-criminosa-dez-pessoas-investigadas-na-operacao-fenix-deflagrada-no-mes-de-agosto\/"},"modified":"2025-10-06T14:32:59","modified_gmt":"2025-10-06T17:32:59","slug":"nucleo-de-londrina-do-gaeco-denuncia-por-associacao-criminosa-dez-pessoas-investigadas-na-operacao-fenix-deflagrada-no-mes-de-agosto","status":"publish","type":"post","link":"https:\/\/ubirataonline.com.br\/en\/nucleo-de-londrina-do-gaeco-denuncia-por-associacao-criminosa-dez-pessoas-investigadas-na-operacao-fenix-deflagrada-no-mes-de-agosto\/","title":{"rendered":"N\u00facleo de Londrina do Gaeco denuncia por associa\u00e7\u00e3o criminosa dez pessoas investigadas na Opera\u00e7\u00e3o F\u00eanix, deflagrada no m\u00eas de agosto"},"content":{"rendered":"<p><\/p>\n<div>\n<p>O Minist\u00e9rio P\u00fablico do Paran\u00e1, por meio do N\u00facleo de Londrina do Grupo de Atua\u00e7\u00e3o Especial de Combate ao Crime Organizado (Gaeco), denunciou por associa\u00e7\u00e3o criminosa dez pessoas investigadas na Opera\u00e7\u00e3o F\u00eanix, deflagrada em agosto de 2025 e voltada \u00e0 apura\u00e7\u00e3o sobre crimes de organiza\u00e7\u00e3o criminosa. A den\u00fancia foi oferecida na \u00faltima sexta-feira, 3 de outubro.<\/p>\n<p class=\"text-align-center\"><a href=\"https:\/\/apps.mppr.mp.br\/audios\/play\/96ef6df751790806115c9847386ce24f\" target=\"_blank\"><strong>\u00c1udio do promotor de Justi\u00e7a Leandro Antunes Meirelles Machado<\/strong><\/a><\/p>\n<p>O oferecimento da den\u00fancia decorre do compartilhamento de provas obtidas na Opera\u00e7\u00e3o BLV, lan\u00e7ada em 2023 e coordenada pela Ag\u00eancia Local de Intelig\u00eancia do 18\u00ba Batalh\u00e3o da Pol\u00edcia Militar do Paran\u00e1. Na ocasi\u00e3o, foram identificados diversos integrantes da organiza\u00e7\u00e3o criminosa, que tinha a regi\u00e3o de Londrina como base.<\/p>\n<p>A an\u00e1lise de informa\u00e7\u00f5es do celular de um integrante de alto escal\u00e3o de uma fac\u00e7\u00e3o criminosa, apreendido durante a opera\u00e7\u00e3o, revelou a participa\u00e7\u00e3o de outras dez pessoas na fac\u00e7\u00e3o, que atuavam em Londrina e na Regi\u00e3o Metropolitana. Com base nessas informa\u00e7\u00f5es, foi deflagrada em agosto deste ano a Opera\u00e7\u00e3o F\u00eanix, com o cumprimento de mandados de busca e apreens\u00e3o e de pris\u00e3o tempor\u00e1ria.<\/p>\n<p><em>Informa\u00e7\u00f5es para a imprensa:<br \/>Assessoria de Comunica\u00e7\u00e3o<br \/><a href=\"https:\/\/mppr.mp.br\/cdn-cgi\/l\/email-protection\" class=\"__cf_email__\" data-cfemail=\"6f0c00021a01060c0e0c0e002f021f1f1d41021f410d1d\">[email\u00a0protected]<\/a><br \/>(41) 3250-4264<\/em><\/p>\n<\/div>\n<p><a href=\"https:\/\/mppr.mp.br\/Noticia\/Nucleo-de-Londrina-do-Gaeco-denuncia-por-associacao-criminosa-dez-pessoas-investigadas-na\">Source link <\/a><\/p>\n","protected":false},"excerpt":{"rendered":"<p>O Minist\u00e9rio P\u00fablico do Paran\u00e1, por meio do N\u00facleo de Londrina do Grupo de Atua\u00e7\u00e3o Especial de Combate ao Crime Organizado (Gaeco), denunciou por associa\u00e7\u00e3o criminosa dez pessoas investigadas na Opera\u00e7\u00e3o F\u00eanix, deflagrada em agosto de 2025 e voltada \u00e0 apura\u00e7\u00e3o sobre crimes de organiza\u00e7\u00e3o criminosa. A den\u00fancia foi oferecida na \u00faltima sexta-feira, 3 de [&hellip;]<\/p>\n","protected":false},"author":1,"featured_media":68532,"comment_status":"","ping_status":"","sticky":false,"template":"","format":"standard","meta":{"googlesitekit_rrm_CAow2JLhCw:productID":"","_gspb_post_css":"","maa_idioma":"","maa_pais":"","footnotes":""},"categories":[1],"tags":[],"class_list":["post-70406","post","type-post","status-publish","format-standard","has-post-thumbnail","hentry","category-ubirata"],"blocksy_meta":[],"yoast_head":"<!-- This site is optimized with the Yoast SEO Premium plugin v27.6 (Yoast SEO v27.6) - https:\/\/yoast.com\/product\/yoast-seo-premium-wordpress\/ -->\n<title>N\u00facleo de Londrina do Gaeco denuncia por associa\u00e7\u00e3o criminosa dez pessoas investigadas na Opera\u00e7\u00e3o F\u00eanix, deflagrada no m\u00eas de agosto - Ubirat\u00e3 Online Not\u00edcias - A realidade ao seu alcance!<\/title>\n<meta name=\"description\" content=\"O Minist\u00e9rio P\u00fablico do Paran\u00e1, por meio do N\u00facleo de Londrina do Grupo de Atua\u00e7\u00e3o Especial de Combate ao Crime Organizado (Gaeco), denunciou por\" \/>\n<meta name=\"robots\" content=\"index, follow, max-snippet:-1, max-image-preview:large, max-video-preview:-1\" \/>\n<link rel=\"canonical\" href=\"https:\/\/ubirataonline.com.br\/en\/nucleo-de-londrina-do-gaeco-denuncia-por-associacao-criminosa-dez-pessoas-investigadas-na-operacao-fenix-deflagrada-no-mes-de-agosto\/\" \/>\n<meta property=\"og:locale\" content=\"en_US\" \/>\n<meta property=\"og:type\" content=\"article\" \/>\n<meta property=\"og:title\" content=\"N\u00facleo de Londrina do Gaeco denuncia por associa\u00e7\u00e3o criminosa dez pessoas investigadas na Opera\u00e7\u00e3o F\u00eanix, deflagrada no m\u00eas de agosto\" \/>\n<meta property=\"og:description\" content=\"O Minist\u00e9rio P\u00fablico do Paran\u00e1, por meio do N\u00facleo de Londrina do Grupo de Atua\u00e7\u00e3o Especial de Combate ao Crime Organizado (Gaeco), denunciou por\" \/>\n<meta property=\"og:url\" content=\"https:\/\/ubirataonline.com.br\/en\/nucleo-de-londrina-do-gaeco-denuncia-por-associacao-criminosa-dez-pessoas-investigadas-na-operacao-fenix-deflagrada-no-mes-de-agosto\/\" \/>\n<meta property=\"og:site_name\" content=\"Ubirat\u00e3 Online Not\u00edcias - A realidade ao seu alcance!\" \/>\n<meta property=\"article:publisher\" content=\"https:\/\/www.facebook.com\/portalubirataonline\" \/>\n<meta property=\"article:author\" content=\"https:\/\/www.facebook.com\/portalubirataonline\" \/>\n<meta property=\"article:published_time\" content=\"2025-10-06T17:32:59+00:00\" \/>\n<meta property=\"og:image\" content=\"https:\/\/ubirataonline.com.br\/wp-content\/uploads\/2026\/05\/logo2026.webp\" \/>\n\t<meta property=\"og:image:width\" content=\"1531\" \/>\n\t<meta property=\"og:image:height\" content=\"418\" \/>\n\t<meta property=\"og:image:type\" content=\"image\/webp\" \/>\n<meta name=\"author\" content=\"REDA\u00c7\u00c3O: UBIRAT\u00c3 ONLINE - F\u00c1BIO AUGUSTO CELESTINO\" \/>\n<meta name=\"twitter:card\" content=\"summary_large_image\" \/>\n<meta name=\"twitter:creator\" content=\"@x.com\/ubirataonline\" \/>\n<meta name=\"twitter:site\" content=\"@ubirataonline\" \/>\n<meta name=\"twitter:label1\" content=\"Written by\" \/>\n\t<meta name=\"twitter:data1\" content=\"REDA\u00c7\u00c3O: UBIRAT\u00c3 ONLINE - F\u00c1BIO AUGUSTO CELESTINO\" \/>\n\t<meta name=\"twitter:label2\" content=\"Est. reading time\" \/>\n\t<meta name=\"twitter:data2\" content=\"1 minute\" \/>\n<script type=\"application\/ld+json\" class=\"yoast-schema-graph\">{\"@context\":\"https:\\\/\\\/schema.org\",\"@graph\":[{\"@type\":\"NewsArticle\",\"@id\":\"https:\\\/\\\/ubirataonline.com.br\\\/nucleo-de-londrina-do-gaeco-denuncia-por-associacao-criminosa-dez-pessoas-investigadas-na-operacao-fenix-deflagrada-no-mes-de-agosto\\\/#article\",\"isPartOf\":{\"@id\":\"https:\\\/\\\/ubirataonline.com.br\\\/nucleo-de-londrina-do-gaeco-denuncia-por-associacao-criminosa-dez-pessoas-investigadas-na-operacao-fenix-deflagrada-no-mes-de-agosto\\\/\"},\"author\":{\"name\":\"REDA\u00c7\u00c3O: UBIRAT\u00c3 ONLINE - F\u00c1BIO AUGUSTO CELESTINO\",\"@id\":\"https:\\\/\\\/ubirataonline.com.br\\\/#\\\/schema\\\/person\\\/372f87bbd3fdd79b8556b84c98d0bc1c\"},\"headline\":\"N\u00facleo de Londrina do Gaeco denuncia por associa\u00e7\u00e3o criminosa dez pessoas investigadas na Opera\u00e7\u00e3o F\u00eanix, deflagrada no m\u00eas de agosto\",\"datePublished\":\"2025-10-06T17:32:59+00:00\",\"mainEntityOfPage\":{\"@id\":\"https:\\\/\\\/ubirataonline.com.br\\\/nucleo-de-londrina-do-gaeco-denuncia-por-associacao-criminosa-dez-pessoas-investigadas-na-operacao-fenix-deflagrada-no-mes-de-agosto\\\/\"},\"wordCount\":245,\"publisher\":{\"@id\":\"https:\\\/\\\/ubirataonline.com.br\\\/#organization\"},\"image\":{\"@id\":\"https:\\\/\\\/ubirataonline.com.br\\\/nucleo-de-londrina-do-gaeco-denuncia-por-associacao-criminosa-dez-pessoas-investigadas-na-operacao-fenix-deflagrada-no-mes-de-agosto\\\/#primaryimage\"},\"thumbnailUrl\":\"https:\\\/\\\/ubirataonline.com.br\\\/wp-content\\\/uploads\\\/2025\\\/09\\\/imagemsocial.png\",\"articleSection\":[\"Ubirat\u00e3\"],\"inLanguage\":\"en-US\",\"copyrightYear\":\"2025\",\"copyrightHolder\":{\"@id\":\"https:\\\/\\\/ubirataonline.com.br\\\/en\\\/#organization\"}},{\"@type\":\"WebPage\",\"@id\":\"https:\\\/\\\/ubirataonline.com.br\\\/nucleo-de-londrina-do-gaeco-denuncia-por-associacao-criminosa-dez-pessoas-investigadas-na-operacao-fenix-deflagrada-no-mes-de-agosto\\\/\",\"url\":\"https:\\\/\\\/ubirataonline.com.br\\\/nucleo-de-londrina-do-gaeco-denuncia-por-associacao-criminosa-dez-pessoas-investigadas-na-operacao-fenix-deflagrada-no-mes-de-agosto\\\/\",\"name\":\"N\u00facleo de Londrina do Gaeco denuncia por associa\u00e7\u00e3o criminosa dez pessoas investigadas na Opera\u00e7\u00e3o F\u00eanix, deflagrada no m\u00eas de agosto - Ubirat\u00e3 Online Not\u00edcias - A realidade ao seu alcance!\",\"isPartOf\":{\"@id\":\"https:\\\/\\\/ubirataonline.com.br\\\/#website\"},\"primaryImageOfPage\":{\"@id\":\"https:\\\/\\\/ubirataonline.com.br\\\/nucleo-de-londrina-do-gaeco-denuncia-por-associacao-criminosa-dez-pessoas-investigadas-na-operacao-fenix-deflagrada-no-mes-de-agosto\\\/#primaryimage\"},\"image\":{\"@id\":\"https:\\\/\\\/ubirataonline.com.br\\\/nucleo-de-londrina-do-gaeco-denuncia-por-associacao-criminosa-dez-pessoas-investigadas-na-operacao-fenix-deflagrada-no-mes-de-agosto\\\/#primaryimage\"},\"thumbnailUrl\":\"https:\\\/\\\/ubirataonline.com.br\\\/wp-content\\\/uploads\\\/2025\\\/09\\\/imagemsocial.png\",\"datePublished\":\"2025-10-06T17:32:59+00:00\",\"description\":\"O Minist\u00e9rio P\u00fablico do Paran\u00e1, por meio do N\u00facleo de Londrina do Grupo de Atua\u00e7\u00e3o Especial de Combate ao Crime Organizado (Gaeco), denunciou por\",\"breadcrumb\":{\"@id\":\"https:\\\/\\\/ubirataonline.com.br\\\/nucleo-de-londrina-do-gaeco-denuncia-por-associacao-criminosa-dez-pessoas-investigadas-na-operacao-fenix-deflagrada-no-mes-de-agosto\\\/#breadcrumb\"},\"inLanguage\":\"en-US\",\"potentialAction\":[{\"@type\":\"ReadAction\",\"target\":[\"https:\\\/\\\/ubirataonline.com.br\\\/nucleo-de-londrina-do-gaeco-denuncia-por-associacao-criminosa-dez-pessoas-investigadas-na-operacao-fenix-deflagrada-no-mes-de-agosto\\\/\"]}]},{\"@type\":\"ImageObject\",\"inLanguage\":\"en-US\",\"@id\":\"https:\\\/\\\/ubirataonline.com.br\\\/nucleo-de-londrina-do-gaeco-denuncia-por-associacao-criminosa-dez-pessoas-investigadas-na-operacao-fenix-deflagrada-no-mes-de-agosto\\\/#primaryimage\",\"url\":\"https:\\\/\\\/ubirataonline.com.br\\\/wp-content\\\/uploads\\\/2025\\\/09\\\/imagemsocial.png\",\"contentUrl\":\"https:\\\/\\\/ubirataonline.com.br\\\/wp-content\\\/uploads\\\/2025\\\/09\\\/imagemsocial.png\",\"width\":240,\"height\":240},{\"@type\":\"BreadcrumbList\",\"@id\":\"https:\\\/\\\/ubirataonline.com.br\\\/nucleo-de-londrina-do-gaeco-denuncia-por-associacao-criminosa-dez-pessoas-investigadas-na-operacao-fenix-deflagrada-no-mes-de-agosto\\\/#breadcrumb\",\"itemListElement\":[{\"@type\":\"ListItem\",\"position\":1,\"name\":\"In\u00edcio\",\"item\":\"https:\\\/\\\/ubirataonline.com.br\\\/\"},{\"@type\":\"ListItem\",\"position\":2,\"name\":\"N\u00facleo de Londrina do Gaeco denuncia por associa\u00e7\u00e3o criminosa dez pessoas investigadas na Opera\u00e7\u00e3o F\u00eanix, deflagrada no m\u00eas de agosto\"}]},{\"@type\":\"WebSite\",\"@id\":\"https:\\\/\\\/ubirataonline.com.br\\\/#website\",\"url\":\"https:\\\/\\\/ubirataonline.com.br\\\/\",\"name\":\"Ubirat\u00e3 Online Not\u00edcias\",\"description\":\"Not\u00edcias de Ubirat\u00e3, regi\u00e3o, Brasil e mundo, com informa\u00e7\u00e3o atualizada e compromisso com o leitor.\",\"publisher\":{\"@id\":\"https:\\\/\\\/ubirataonline.com.br\\\/#organization\"},\"alternateName\":\"Ubirat\u00e3 Online\",\"potentialAction\":[{\"@type\":\"SearchAction\",\"target\":{\"@type\":\"EntryPoint\",\"urlTemplate\":\"https:\\\/\\\/ubirataonline.com.br\\\/?s={search_term_string}\"},\"query-input\":{\"@type\":\"PropertyValueSpecification\",\"valueRequired\":true,\"valueName\":\"search_term_string\"}}],\"inLanguage\":\"en-US\"},{\"@type\":[\"Organization\",\"Place\"],\"@id\":\"https:\\\/\\\/ubirataonline.com.br\\\/#organization\",\"name\":\"Ubirat\u00e3 Online Not\u00edcias\",\"alternateName\":\"Ubirat\u00e3 Online\",\"url\":\"https:\\\/\\\/ubirataonline.com.br\\\/\",\"logo\":{\"@id\":\"https:\\\/\\\/ubirataonline.com.br\\\/nucleo-de-londrina-do-gaeco-denuncia-por-associacao-criminosa-dez-pessoas-investigadas-na-operacao-fenix-deflagrada-no-mes-de-agosto\\\/#local-main-organization-logo\"},\"image\":{\"@id\":\"https:\\\/\\\/ubirataonline.com.br\\\/nucleo-de-londrina-do-gaeco-denuncia-por-associacao-criminosa-dez-pessoas-investigadas-na-operacao-fenix-deflagrada-no-mes-de-agosto\\\/#local-main-organization-logo\"},\"sameAs\":[\"https:\\\/\\\/www.facebook.com\\\/portalubirataonline\",\"https:\\\/\\\/x.com\\\/ubirataonline\",\"https:\\\/\\\/mastodon.social\\\/@ubirataonline\",\"https:\\\/\\\/www.facebook.com\\\/groups\\\/311144672285604\",\"https:\\\/\\\/www.facebook.com\\\/UBTAOnline\",\"https:\\\/\\\/www.instagram.com\\\/portalubirataonline\\\/\",\"https:\\\/\\\/twitter.com\\\/ubirataonline\"],\"description\":\"Somos um portal de not\u00edcias independente, criado em 5 de janeiro de 2009, com o objetivo de informar, conectar e valorizar a nossa comunidade de Ubirat\u00e3 e toda aregi\u00e3o. Com conte\u00fado atualizado, confi\u00e1vel e relevante, o Ubirat\u00e3 Online \u00e9 o seu espa\u00e7o para ficar por dentro dos principais acontecimentos locais, regionais, Brasil, Mundo e de interesse geral. Nosso compromisso \u00e9 com a verdade, a transpar\u00eancia e o respeito ao leitor.\",\"legalName\":\"UBIRATA ONLINE NOT\u00cdCIAS\",\"foundingDate\":\"2009-01-05\",\"numberOfEmployees\":{\"@type\":\"QuantitativeValue\",\"minValue\":\"1\",\"maxValue\":\"10\"},\"publishingPrinciples\":\"https:\\\/\\\/ubirataonline.com.br\\\/faq\\\/\",\"address\":{\"@id\":\"https:\\\/\\\/ubirataonline.com.br\\\/nucleo-de-londrina-do-gaeco-denuncia-por-associacao-criminosa-dez-pessoas-investigadas-na-operacao-fenix-deflagrada-no-mes-de-agosto\\\/#local-main-place-address\"},\"geo\":{\"@type\":\"GeoCoordinates\",\"latitude\":\"-24.5361401\",\"longitude\":\"-52.9921776\"},\"telephone\":[\"+5544998308235\"],\"contactPoint\":{\"@type\":\"ContactPoint\",\"email\":\"contato@ubirataonline.com.br\"},\"openingHoursSpecification\":{\"@type\":\"OpeningHoursSpecification\",\"dayOfWeek\":[\"Monday\",\"Tuesday\",\"Wednesday\",\"Thursday\",\"Friday\",\"Saturday\",\"Sunday\"],\"opens\":\"00:00\",\"closes\":\"23:59\"},\"email\":\"contato@ubirataonline.com.br\",\"vatID\":\"47.621.418\\\/0001-80\"},{\"@type\":\"Person\",\"@id\":\"https:\\\/\\\/ubirataonline.com.br\\\/#\\\/schema\\\/person\\\/372f87bbd3fdd79b8556b84c98d0bc1c\",\"name\":\"REDA\u00c7\u00c3O: UBIRAT\u00c3 ONLINE - F\u00c1BIO AUGUSTO CELESTINO\",\"pronouns\":\"Ele\",\"description\":\"Desde 2003 trabalhando com not\u00edcias.\",\"sameAs\":[\"http:\\\/\\\/ubirataoline.com.br\",\"https:\\\/\\\/www.facebook.com\\\/portalubirataonline\",\"https:\\\/\\\/www.instagram.com\\\/ubirataonline_oficial\",\"https:\\\/\\\/x.com\\\/x.com\\\/ubirataonline\"],\"honorificPrefix\":\"Mr.\",\"honorificSuffix\":\"MD\",\"birthDate\":\"1980-06-16\",\"gender\":\"masculino\",\"award\":[\"V\u00e1rios pr\u00eamios de melhor portal da cidade\"],\"jobTitle\":\"Diretor\",\"url\":\"https:\\\/\\\/ubirataonline.com.br\\\/en\\\/author\\\/ubirataonline\\\/\"},{\"@type\":\"PostalAddress\",\"@id\":\"https:\\\/\\\/ubirataonline.com.br\\\/nucleo-de-londrina-do-gaeco-denuncia-por-associacao-criminosa-dez-pessoas-investigadas-na-operacao-fenix-deflagrada-no-mes-de-agosto\\\/#local-main-place-address\",\"streetAddress\":\"Rua dos Coqueiros, 104 - Bairro Boa Vista, Rua dos Coqueiros, 104 Bairro Boa Vista\",\"addressLocality\":\"UBIRATA\",\"postalCode\":\"85440-000\",\"addressRegion\":\"PR\",\"addressCountry\":\"BR\"},{\"@type\":\"ImageObject\",\"inLanguage\":\"en-US\",\"@id\":\"https:\\\/\\\/ubirataonline.com.br\\\/nucleo-de-londrina-do-gaeco-denuncia-por-associacao-criminosa-dez-pessoas-investigadas-na-operacao-fenix-deflagrada-no-mes-de-agosto\\\/#local-main-organization-logo\",\"url\":\"https:\\\/\\\/ubirataonline.com.br\\\/wp-content\\\/uploads\\\/2026\\\/06\\\/logoubirataonline-1.webp\",\"contentUrl\":\"https:\\\/\\\/ubirataonline.com.br\\\/wp-content\\\/uploads\\\/2026\\\/06\\\/logoubirataonline-1.webp\",\"width\":500,\"height\":500,\"caption\":\"Ubirat\u00e3 Online Not\u00edcias\"}]}<\/script>\n<meta name=\"geo.placename\" content=\"UBIRATA\" \/>\n<meta name=\"geo.position\" content=\"-24.5361401;-52.9921776\" \/>\n<meta name=\"geo.region\" content=\"Brazil\" \/>\n<!-- \/ Yoast SEO Premium plugin. -->","yoast_head_json":{"title":"N\u00facleo de Londrina do Gaeco denuncia por associa\u00e7\u00e3o criminosa dez pessoas investigadas na Opera\u00e7\u00e3o F\u00eanix, deflagrada no m\u00eas de agosto - Ubirat\u00e3 Online Not\u00edcias - A realidade ao seu alcance!","description":"O Minist\u00e9rio P\u00fablico do Paran\u00e1, por meio do N\u00facleo de Londrina do Grupo de Atua\u00e7\u00e3o Especial de Combate ao Crime Organizado (Gaeco), denunciou por","robots":{"index":"index","follow":"follow","max-snippet":"max-snippet:-1","max-image-preview":"max-image-preview:large","max-video-preview":"max-video-preview:-1"},"canonical":"https:\/\/ubirataonline.com.br\/en\/nucleo-de-londrina-do-gaeco-denuncia-por-associacao-criminosa-dez-pessoas-investigadas-na-operacao-fenix-deflagrada-no-mes-de-agosto\/","og_locale":"en_US","og_type":"article","og_title":"N\u00facleo de Londrina do Gaeco denuncia por associa\u00e7\u00e3o criminosa dez pessoas investigadas na Opera\u00e7\u00e3o F\u00eanix, deflagrada no m\u00eas de agosto","og_description":"O Minist\u00e9rio P\u00fablico do Paran\u00e1, por meio do N\u00facleo de Londrina do Grupo de Atua\u00e7\u00e3o Especial de Combate ao Crime Organizado (Gaeco), denunciou por","og_url":"https:\/\/ubirataonline.com.br\/en\/nucleo-de-londrina-do-gaeco-denuncia-por-associacao-criminosa-dez-pessoas-investigadas-na-operacao-fenix-deflagrada-no-mes-de-agosto\/","og_site_name":"Ubirat\u00e3 Online Not\u00edcias - A realidade ao seu alcance!","article_publisher":"https:\/\/www.facebook.com\/portalubirataonline","article_author":"https:\/\/www.facebook.com\/portalubirataonline","article_published_time":"2025-10-06T17:32:59+00:00","og_image":[{"width":1531,"height":418,"url":"https:\/\/ubirataonline.com.br\/wp-content\/uploads\/2026\/05\/logo2026.webp","type":"image\/webp"}],"author":"REDA\u00c7\u00c3O: UBIRAT\u00c3 ONLINE - F\u00c1BIO AUGUSTO CELESTINO","twitter_card":"summary_large_image","twitter_creator":"@x.com\/ubirataonline","twitter_site":"@ubirataonline","twitter_misc":{"Written by":"REDA\u00c7\u00c3O: UBIRAT\u00c3 ONLINE - F\u00c1BIO AUGUSTO CELESTINO","Est. reading time":"1 minute"},"schema":{"@context":"https:\/\/schema.org","@graph":[{"@type":"NewsArticle","@id":"https:\/\/ubirataonline.com.br\/nucleo-de-londrina-do-gaeco-denuncia-por-associacao-criminosa-dez-pessoas-investigadas-na-operacao-fenix-deflagrada-no-mes-de-agosto\/#article","isPartOf":{"@id":"https:\/\/ubirataonline.com.br\/nucleo-de-londrina-do-gaeco-denuncia-por-associacao-criminosa-dez-pessoas-investigadas-na-operacao-fenix-deflagrada-no-mes-de-agosto\/"},"author":{"name":"REDA\u00c7\u00c3O: UBIRAT\u00c3 ONLINE - F\u00c1BIO AUGUSTO CELESTINO","@id":"https:\/\/ubirataonline.com.br\/#\/schema\/person\/372f87bbd3fdd79b8556b84c98d0bc1c"},"headline":"N\u00facleo de Londrina do Gaeco denuncia por associa\u00e7\u00e3o criminosa dez pessoas investigadas na Opera\u00e7\u00e3o F\u00eanix, deflagrada no m\u00eas de agosto","datePublished":"2025-10-06T17:32:59+00:00","mainEntityOfPage":{"@id":"https:\/\/ubirataonline.com.br\/nucleo-de-londrina-do-gaeco-denuncia-por-associacao-criminosa-dez-pessoas-investigadas-na-operacao-fenix-deflagrada-no-mes-de-agosto\/"},"wordCount":245,"publisher":{"@id":"https:\/\/ubirataonline.com.br\/#organization"},"image":{"@id":"https:\/\/ubirataonline.com.br\/nucleo-de-londrina-do-gaeco-denuncia-por-associacao-criminosa-dez-pessoas-investigadas-na-operacao-fenix-deflagrada-no-mes-de-agosto\/#primaryimage"},"thumbnailUrl":"https:\/\/ubirataonline.com.br\/wp-content\/uploads\/2025\/09\/imagemsocial.png","articleSection":["Ubirat\u00e3"],"inLanguage":"en-US","copyrightYear":"2025","copyrightHolder":{"@id":"https:\/\/ubirataonline.com.br\/en\/#organization"}},{"@type":"WebPage","@id":"https:\/\/ubirataonline.com.br\/nucleo-de-londrina-do-gaeco-denuncia-por-associacao-criminosa-dez-pessoas-investigadas-na-operacao-fenix-deflagrada-no-mes-de-agosto\/","url":"https:\/\/ubirataonline.com.br\/nucleo-de-londrina-do-gaeco-denuncia-por-associacao-criminosa-dez-pessoas-investigadas-na-operacao-fenix-deflagrada-no-mes-de-agosto\/","name":"N\u00facleo de Londrina do Gaeco denuncia por associa\u00e7\u00e3o criminosa dez pessoas investigadas na Opera\u00e7\u00e3o F\u00eanix, deflagrada no m\u00eas de agosto - Ubirat\u00e3 Online Not\u00edcias - A realidade ao seu alcance!","isPartOf":{"@id":"https:\/\/ubirataonline.com.br\/#website"},"primaryImageOfPage":{"@id":"https:\/\/ubirataonline.com.br\/nucleo-de-londrina-do-gaeco-denuncia-por-associacao-criminosa-dez-pessoas-investigadas-na-operacao-fenix-deflagrada-no-mes-de-agosto\/#primaryimage"},"image":{"@id":"https:\/\/ubirataonline.com.br\/nucleo-de-londrina-do-gaeco-denuncia-por-associacao-criminosa-dez-pessoas-investigadas-na-operacao-fenix-deflagrada-no-mes-de-agosto\/#primaryimage"},"thumbnailUrl":"https:\/\/ubirataonline.com.br\/wp-content\/uploads\/2025\/09\/imagemsocial.png","datePublished":"2025-10-06T17:32:59+00:00","description":"O Minist\u00e9rio P\u00fablico do Paran\u00e1, por meio do N\u00facleo de Londrina do Grupo de Atua\u00e7\u00e3o Especial de Combate ao Crime Organizado (Gaeco), denunciou por","breadcrumb":{"@id":"https:\/\/ubirataonline.com.br\/nucleo-de-londrina-do-gaeco-denuncia-por-associacao-criminosa-dez-pessoas-investigadas-na-operacao-fenix-deflagrada-no-mes-de-agosto\/#breadcrumb"},"inLanguage":"en-US","potentialAction":[{"@type":"ReadAction","target":["https:\/\/ubirataonline.com.br\/nucleo-de-londrina-do-gaeco-denuncia-por-associacao-criminosa-dez-pessoas-investigadas-na-operacao-fenix-deflagrada-no-mes-de-agosto\/"]}]},{"@type":"ImageObject","inLanguage":"en-US","@id":"https:\/\/ubirataonline.com.br\/nucleo-de-londrina-do-gaeco-denuncia-por-associacao-criminosa-dez-pessoas-investigadas-na-operacao-fenix-deflagrada-no-mes-de-agosto\/#primaryimage","url":"https:\/\/ubirataonline.com.br\/wp-content\/uploads\/2025\/09\/imagemsocial.png","contentUrl":"https:\/\/ubirataonline.com.br\/wp-content\/uploads\/2025\/09\/imagemsocial.png","width":240,"height":240},{"@type":"BreadcrumbList","@id":"https:\/\/ubirataonline.com.br\/nucleo-de-londrina-do-gaeco-denuncia-por-associacao-criminosa-dez-pessoas-investigadas-na-operacao-fenix-deflagrada-no-mes-de-agosto\/#breadcrumb","itemListElement":[{"@type":"ListItem","position":1,"name":"In\u00edcio","item":"https:\/\/ubirataonline.com.br\/"},{"@type":"ListItem","position":2,"name":"N\u00facleo de Londrina do Gaeco denuncia por associa\u00e7\u00e3o criminosa dez pessoas investigadas na Opera\u00e7\u00e3o F\u00eanix, deflagrada no m\u00eas de agosto"}]},{"@type":"WebSite","@id":"https:\/\/ubirataonline.com.br\/#website","url":"https:\/\/ubirataonline.com.br\/","name":"Ubirat\u00e3 Online Not\u00edcias","description":"Not\u00edcias de Ubirat\u00e3, regi\u00e3o, Brasil e mundo, com informa\u00e7\u00e3o atualizada e compromisso com o leitor.","publisher":{"@id":"https:\/\/ubirataonline.com.br\/#organization"},"alternateName":"Ubirat\u00e3 Online","potentialAction":[{"@type":"SearchAction","target":{"@type":"EntryPoint","urlTemplate":"https:\/\/ubirataonline.com.br\/?s={search_term_string}"},"query-input":{"@type":"PropertyValueSpecification","valueRequired":true,"valueName":"search_term_string"}}],"inLanguage":"en-US"},{"@type":["Organization","Place"],"@id":"https:\/\/ubirataonline.com.br\/#organization","name":"Ubirat\u00e3 Online Not\u00edcias","alternateName":"Ubirat\u00e3 Online","url":"https:\/\/ubirataonline.com.br\/","logo":{"@id":"https:\/\/ubirataonline.com.br\/nucleo-de-londrina-do-gaeco-denuncia-por-associacao-criminosa-dez-pessoas-investigadas-na-operacao-fenix-deflagrada-no-mes-de-agosto\/#local-main-organization-logo"},"image":{"@id":"https:\/\/ubirataonline.com.br\/nucleo-de-londrina-do-gaeco-denuncia-por-associacao-criminosa-dez-pessoas-investigadas-na-operacao-fenix-deflagrada-no-mes-de-agosto\/#local-main-organization-logo"},"sameAs":["https:\/\/www.facebook.com\/portalubirataonline","https:\/\/x.com\/ubirataonline","https:\/\/mastodon.social\/@ubirataonline","https:\/\/www.facebook.com\/groups\/311144672285604","https:\/\/www.facebook.com\/UBTAOnline","https:\/\/www.instagram.com\/portalubirataonline\/","https:\/\/twitter.com\/ubirataonline"],"description":"Somos um portal de not\u00edcias independente, criado em 5 de janeiro de 2009, com o objetivo de informar, conectar e valorizar a nossa comunidade de Ubirat\u00e3 e toda aregi\u00e3o. Com conte\u00fado atualizado, confi\u00e1vel e relevante, o Ubirat\u00e3 Online \u00e9 o seu espa\u00e7o para ficar por dentro dos principais acontecimentos locais, regionais, Brasil, Mundo e de interesse geral. Nosso compromisso \u00e9 com a verdade, a transpar\u00eancia e o respeito ao leitor.","legalName":"UBIRATA ONLINE NOT\u00cdCIAS","foundingDate":"2009-01-05","numberOfEmployees":{"@type":"QuantitativeValue","minValue":"1","maxValue":"10"},"publishingPrinciples":"https:\/\/ubirataonline.com.br\/faq\/","address":{"@id":"https:\/\/ubirataonline.com.br\/nucleo-de-londrina-do-gaeco-denuncia-por-associacao-criminosa-dez-pessoas-investigadas-na-operacao-fenix-deflagrada-no-mes-de-agosto\/#local-main-place-address"},"geo":{"@type":"GeoCoordinates","latitude":"-24.5361401","longitude":"-52.9921776"},"telephone":["+5544998308235"],"contactPoint":{"@type":"ContactPoint","email":"contato@ubirataonline.com.br"},"openingHoursSpecification":{"@type":"OpeningHoursSpecification","dayOfWeek":["Monday","Tuesday","Wednesday","Thursday","Friday","Saturday","Sunday"],"opens":"00:00","closes":"23:59"},"email":"contato@ubirataonline.com.br","vatID":"47.621.418\/0001-80"},{"@type":"Person","@id":"https:\/\/ubirataonline.com.br\/#\/schema\/person\/372f87bbd3fdd79b8556b84c98d0bc1c","name":"REDA\u00c7\u00c3O: UBIRAT\u00c3 ONLINE - F\u00c1BIO AUGUSTO CELESTINO","pronouns":"Ele","description":"Desde 2003 trabalhando com not\u00edcias.","sameAs":["http:\/\/ubirataoline.com.br","https:\/\/www.facebook.com\/portalubirataonline","https:\/\/www.instagram.com\/ubirataonline_oficial","https:\/\/x.com\/x.com\/ubirataonline"],"honorificPrefix":"Mr.","honorificSuffix":"MD","birthDate":"1980-06-16","gender":"masculino","award":["V\u00e1rios pr\u00eamios de melhor portal da cidade"],"jobTitle":"Diretor","url":"https:\/\/ubirataonline.com.br\/en\/author\/ubirataonline\/"},{"@type":"PostalAddress","@id":"https:\/\/ubirataonline.com.br\/nucleo-de-londrina-do-gaeco-denuncia-por-associacao-criminosa-dez-pessoas-investigadas-na-operacao-fenix-deflagrada-no-mes-de-agosto\/#local-main-place-address","streetAddress":"Rua dos Coqueiros, 104 - Bairro Boa Vista, Rua dos Coqueiros, 104 Bairro Boa Vista","addressLocality":"UBIRATA","postalCode":"85440-000","addressRegion":"PR","addressCountry":"BR"},{"@type":"ImageObject","inLanguage":"en-US","@id":"https:\/\/ubirataonline.com.br\/nucleo-de-londrina-do-gaeco-denuncia-por-associacao-criminosa-dez-pessoas-investigadas-na-operacao-fenix-deflagrada-no-mes-de-agosto\/#local-main-organization-logo","url":"https:\/\/ubirataonline.com.br\/wp-content\/uploads\/2026\/06\/logoubirataonline-1.webp","contentUrl":"https:\/\/ubirataonline.com.br\/wp-content\/uploads\/2026\/06\/logoubirataonline-1.webp","width":500,"height":500,"caption":"Ubirat\u00e3 Online Not\u00edcias"}]},"geo.placename":"UBIRATA","geo.position":{"lat":"-24.5361401","long":"-52.9921776"},"geo.region":"Brazil"},"_links":{"self":[{"href":"https:\/\/ubirataonline.com.br\/en\/wp-json\/wp\/v2\/posts\/70406","targetHints":{"allow":["GET"]}}],"collection":[{"href":"https:\/\/ubirataonline.com.br\/en\/wp-json\/wp\/v2\/posts"}],"about":[{"href":"https:\/\/ubirataonline.com.br\/en\/wp-json\/wp\/v2\/types\/post"}],"author":[{"embeddable":true,"href":"https:\/\/ubirataonline.com.br\/en\/wp-json\/wp\/v2\/users\/1"}],"replies":[{"embeddable":true,"href":"https:\/\/ubirataonline.com.br\/en\/wp-json\/wp\/v2\/comments?post=70406"}],"version-history":[{"count":0,"href":"https:\/\/ubirataonline.com.br\/en\/wp-json\/wp\/v2\/posts\/70406\/revisions"}],"wp:featuredmedia":[{"embeddable":true,"href":"https:\/\/ubirataonline.com.br\/en\/wp-json\/wp\/v2\/media\/68532"}],"wp:attachment":[{"href":"https:\/\/ubirataonline.com.br\/en\/wp-json\/wp\/v2\/media?parent=70406"}],"wp:term":[{"taxonomy":"category","embeddable":true,"href":"https:\/\/ubirataonline.com.br\/en\/wp-json\/wp\/v2\/categories?post=70406"},{"taxonomy":"post_tag","embeddable":true,"href":"https:\/\/ubirataonline.com.br\/en\/wp-json\/wp\/v2\/tags?post=70406"}],"curies":[{"name":"wp","href":"https:\/\/api.w.org\/{rel}","templated":true}]}}