{"id":70682,"date":"2025-10-09T07:17:26","date_gmt":"2025-10-09T10:17:26","guid":{"rendered":"https:\/\/ubirataonline.com.br\/eberhart-la-volonta-di-lufthansa-e-salire-al-90-di-ita-entro-giugno\/"},"modified":"2025-10-09T07:17:26","modified_gmt":"2025-10-09T10:17:26","slug":"eberhart-la-volonta-di-lufthansa-e-salire-al-90-di-ita-entro-giugno","status":"publish","type":"post","link":"https:\/\/ubirataonline.com.br\/en\/eberhart-la-volonta-di-lufthansa-e-salire-al-90-di-ita-entro-giugno\/","title":{"rendered":"Eberhart: \u00abLa volont\u00e0 di Lufthansa \u00e8 salire al 90% di Ita entro giugno\u00bb"},"content":{"rendered":"<p><\/p>\n<div>\n<p><button class=\"aembed-audio\" type=\"button\" id=\"audioReadingButton\"><span class=\"icon icon-listen-small icon--status\"\/>Ascolta la versione audio dell&#8217;articolo<\/button><\/p>\n<p class=\"atext\">Lufthansa \u00e8 sempre pi\u00f9 vicina ad esercitare l\u2019opzione di aumentare la sua quota in Ita Airways di un ulteriore 49% da esercitare entro giugno 2026. \u00abC\u2019\u00e8 la volont\u00e0 di esercitare questa opzione entro giugno\u00bb, ha detto l\u2019amministratore delegato e direttore generale di Ita Airways Joerg Eberhart, decisione che dovr\u00e0, comunque, ottenere il via libera da parte del board del gruppo tedesco che attualmente controlla una quota di minoranza del 41%. Per questa seconda opzione non si passer\u00e0 da un aumento di capitale: secondo quanto prevede il contratto, al Mef verranno versati 325 milioni di euro e garantito il mantenimento di una quota del 10%. \u00abSolo a quel punto Ita potr\u00e0 avvantaggiarsi completamente dell\u2019integrazione accedendo ai contratti di Lufthansa con i fornitori\u00bb opportunit\u00e0 che al momento le \u00e8 esclusa.<\/p>\n<p><h2 id=\"U61142283385GJz\">I numeri<\/h2>\n<\/p>\n<p class=\"atext\">L\u2019ad Eberhart e il presidente Sandro Pappalardo hanno parlato nel corso di una conferenza stampa al TTG di Rimini, la fiera annuale sul turismo, dove sono stati illustrati i dati dei primi nove mesi di Ita Airways: 12,6 milioni di passeggeri trasportati, in linea con lo scorso anno, di cui 2 milioni sui collegamenti di lungo raggio, con un load factor medio dell\u201983,4% (+2,5 % rispetto allo scorso anno), ricavi passeggeri a 2,17 miliardi di euro (+4% rispetto al 2024). \u00abI risultati raggiunti finora sono soddisfacenti, e il fatto che 12,6 milioni di passeggeri abbiano scelto ITA Airways per i loro viaggi conferma la fiducia dei nostri clienti e la solidit\u00e0 della nostra strategia\u00bb ha commentato l\u2019ad. \u00abLa nostra compagnia \u00e8 parte integrante del turismo e del Made in Italy, valori che portiamo in tutto il mondo con eccellenza, innovazione e attenzione al cliente\u00bb, ha dichiarato il presidente Pappalardo.<\/p>\n<p><h2 id=\"U61543310011Ihx\">La carenza di capacit\u00e0<\/h2>\n<\/p>\n<p class=\"atext\">In una stagione estiva avvantaggiata da una tariffa media pi\u00f9 alta rispetto allo scorso anno, il vettore ha dovuto fare fronte alla carenza di capacit\u00e0 con 20 aerei parcheggiati su una flotta di 100 velivoli, a causa dei problemi ai motori P&amp;W degli A220, A320ne e A321neo (con il produttore dei motori si sta trattando per le compensazioni), una criticit\u00e0 che ha inciso sul feederaggio dei voli a lungo raggio. Possibili accordi, come ad esempio con Air Dolomiti, potrebbero sostenere il traffico verso Fiumicino.<\/p>\n<p class=\"atext\">Il buon andamento della stagione e l\u2019aumento dei ricavi compenseranno la carenza di capacit\u00e0 che non dovrebbe incidere sui risultati di fine anno, prevedendo un risultato \u00abvicino al pareggio e in linea con il budget\u00bb, ha anticpato Eberhart.<\/p>\n<aside class=\"acor acor--mkt\">\n<div class=\"row row--dotted\">\n<div class=\"col-md-6\"><a class=\"aprev aprev--acor aprev--acor-small aprev--shline\" href=\"https:\/\/www.ilsole24ore.com\/sez\/motori\/auto\/cercassicurazioni\"><\/p>\n<figure class=\"aprev-img\"><img decoding=\"async\" class=\"img-fluid\" src=\"https:\/\/www.ilsole24ore.com\/static\/images\/placeholders\/art\/258x258.png\" alt=\"Scopri di pi\u00f9\"\/><\/figure>\n<p><\/a><\/div>\n<div class=\"col-md-6\"><a class=\"aprev aprev--acor aprev--acor-small aprev--shline\" href=\"https:\/\/abbonamenti.ilsole24ore.com\/exco\/addToCart?sku=Z.SP_AXXAY8&amp;tipoAbbonamento=annuale&amp;tipoConsegna=noConsegna&amp;utm_medium=posizioni_marketing\"><\/p>\n<figure class=\"aprev-img\"><img decoding=\"async\" class=\"img-fluid\" src=\"https:\/\/www.ilsole24ore.com\/static\/images\/placeholders\/art\/258x258.png\" alt=\"Scopri di pi\u00f9\"\/><\/figure>\n<p><\/a><\/div>\n<\/div>\n<\/aside>\n<p><h2 id=\"U67828223881Ndx\">Gli investimenti<\/h2>\n<\/p>\n<p class=\"atext\">Per l\u2019aumento della flotta \u00e8 stato stanziato un miliardo di euro con un nuovo aereo previsto ogni anno a partire dal 2026 fino al 2030 quando Ita Airways potr\u00e0 contare su cinque nuovi velivoli tra l\u2019A330 e l\u2019A350, ma i ritardi di Airbus potrebbero fare slittare le consegne.<\/p>\n<\/div>\n<p><a href=\"https:\/\/www.ilsole24ore.com\/art\/eberhart-la-volonta-lufthansa-e-salire-90percento-ita-entro-giugno-AHpHh23C\">Source link <\/a><\/p>","protected":false},"excerpt":{"rendered":"<p>Ascolta la versione audio dell&#8217;articolo Lufthansa \u00e8 sempre pi\u00f9 vicina ad esercitare l\u2019opzione di aumentare la sua quota in Ita Airways di un ulteriore 49% da esercitare entro giugno 2026. \u00abC\u2019\u00e8 la volont\u00e0 di esercitare questa opzione entro giugno\u00bb, ha detto l\u2019amministratore delegato e direttore generale di Ita Airways Joerg Eberhart, decisione che dovr\u00e0, comunque, [&hellip;]<\/p>\n","protected":false},"author":1,"featured_media":70683,"comment_status":"","ping_status":"","sticky":false,"template":"","format":"standard","meta":{"googlesitekit_rrm_CAow2JLhCw:productID":"","_gspb_post_css":"","maa_idioma":"","maa_pais":"","footnotes":""},"categories":[4],"tags":[],"class_list":["post-70682","post","type-post","status-publish","format-standard","has-post-thumbnail","hentry","category-brasil"],"blocksy_meta":[],"yoast_head":"<!-- This site is optimized with the Yoast SEO Premium plugin v27.6 (Yoast SEO v27.6) - https:\/\/yoast.com\/product\/yoast-seo-premium-wordpress\/ -->\n<title>Eberhart: \u00abLa volont\u00e0 di Lufthansa \u00e8 salire al 90% di Ita entro giugno\u00bb - Ubirat\u00e3 Online Not\u00edcias - A realidade ao seu alcance!<\/title>\n<meta name=\"description\" content=\"Ascolta la versione audio dell&#039;articoloLufthansa \u00e8 sempre pi\u00f9 vicina ad esercitare l\u2019opzione di aumentare la sua quota in Ita Airways di un ulteriore 49%\" \/>\n<meta name=\"robots\" content=\"index, follow, max-snippet:-1, max-image-preview:large, max-video-preview:-1\" \/>\n<link rel=\"canonical\" href=\"https:\/\/ubirataonline.com.br\/en\/eberhart-la-volonta-di-lufthansa-e-salire-al-90-di-ita-entro-giugno\/\" \/>\n<meta property=\"og:locale\" content=\"en_US\" \/>\n<meta property=\"og:type\" content=\"article\" \/>\n<meta property=\"og:title\" content=\"Eberhart: \u00abLa volont\u00e0 di Lufthansa \u00e8 salire al 90% di Ita entro giugno\u00bb\" \/>\n<meta property=\"og:description\" content=\"Ascolta la versione audio dell&#039;articoloLufthansa \u00e8 sempre pi\u00f9 vicina ad esercitare l\u2019opzione di aumentare la sua quota in Ita Airways di un ulteriore 49%\" \/>\n<meta property=\"og:url\" content=\"https:\/\/ubirataonline.com.br\/en\/eberhart-la-volonta-di-lufthansa-e-salire-al-90-di-ita-entro-giugno\/\" \/>\n<meta property=\"og:site_name\" content=\"Ubirat\u00e3 Online Not\u00edcias - A realidade ao seu alcance!\" \/>\n<meta property=\"article:publisher\" content=\"https:\/\/www.facebook.com\/portalubirataonline\" \/>\n<meta property=\"article:author\" content=\"https:\/\/www.facebook.com\/portalubirataonline\" \/>\n<meta property=\"article:published_time\" content=\"2025-10-09T10:17:26+00:00\" \/>\n<meta property=\"og:image\" content=\"https:\/\/www.ilsole24ore.com\/static\/images\/placeholders\/art\/258x258.png\" \/>\n<meta name=\"author\" content=\"REDA\u00c7\u00c3O: UBIRAT\u00c3 ONLINE - F\u00c1BIO AUGUSTO CELESTINO\" \/>\n<meta name=\"twitter:card\" content=\"summary_large_image\" \/>\n<meta name=\"twitter:creator\" content=\"@x.com\/ubirataonline\" \/>\n<meta name=\"twitter:site\" content=\"@ubirataonline\" \/>\n<meta name=\"twitter:label1\" content=\"Written by\" \/>\n\t<meta name=\"twitter:data1\" content=\"REDA\u00c7\u00c3O: UBIRAT\u00c3 ONLINE - F\u00c1BIO AUGUSTO CELESTINO\" \/>\n\t<meta name=\"twitter:label2\" content=\"Est. reading time\" \/>\n\t<meta name=\"twitter:data2\" content=\"2 minutes\" \/>\n<script type=\"application\/ld+json\" class=\"yoast-schema-graph\">{\"@context\":\"https:\\\/\\\/schema.org\",\"@graph\":[{\"@type\":\"NewsArticle\",\"@id\":\"https:\\\/\\\/ubirataonline.com.br\\\/eberhart-la-volonta-di-lufthansa-e-salire-al-90-di-ita-entro-giugno\\\/#article\",\"isPartOf\":{\"@id\":\"https:\\\/\\\/ubirataonline.com.br\\\/eberhart-la-volonta-di-lufthansa-e-salire-al-90-di-ita-entro-giugno\\\/\"},\"author\":{\"name\":\"REDA\u00c7\u00c3O: UBIRAT\u00c3 ONLINE - F\u00c1BIO AUGUSTO CELESTINO\",\"@id\":\"https:\\\/\\\/ubirataonline.com.br\\\/#\\\/schema\\\/person\\\/372f87bbd3fdd79b8556b84c98d0bc1c\"},\"headline\":\"Eberhart: \u00abLa volont\u00e0 di Lufthansa \u00e8 salire al 90% di Ita entro giugno\u00bb\",\"datePublished\":\"2025-10-09T10:17:26+00:00\",\"mainEntityOfPage\":{\"@id\":\"https:\\\/\\\/ubirataonline.com.br\\\/eberhart-la-volonta-di-lufthansa-e-salire-al-90-di-ita-entro-giugno\\\/\"},\"wordCount\":466,\"publisher\":{\"@id\":\"https:\\\/\\\/ubirataonline.com.br\\\/#organization\"},\"image\":{\"@id\":\"https:\\\/\\\/ubirataonline.com.br\\\/eberhart-la-volonta-di-lufthansa-e-salire-al-90-di-ita-entro-giugno\\\/#primaryimage\"},\"thumbnailUrl\":\"https:\\\/\\\/ubirataonline.com.br\\\/wp-content\\\/uploads\\\/2025\\\/10\\\/Ita_TTG-U05441600017ETD-1440x752@IlSole24Ore-Web.jpg\",\"articleSection\":[\"Brasil\"],\"inLanguage\":\"en-US\",\"copyrightYear\":\"2025\",\"copyrightHolder\":{\"@id\":\"https:\\\/\\\/ubirataonline.com.br\\\/en\\\/#organization\"}},{\"@type\":\"WebPage\",\"@id\":\"https:\\\/\\\/ubirataonline.com.br\\\/eberhart-la-volonta-di-lufthansa-e-salire-al-90-di-ita-entro-giugno\\\/\",\"url\":\"https:\\\/\\\/ubirataonline.com.br\\\/eberhart-la-volonta-di-lufthansa-e-salire-al-90-di-ita-entro-giugno\\\/\",\"name\":\"Eberhart: \u00abLa volont\u00e0 di Lufthansa \u00e8 salire al 90% di Ita entro giugno\u00bb - Ubirat\u00e3 Online Not\u00edcias - A realidade ao seu alcance!\",\"isPartOf\":{\"@id\":\"https:\\\/\\\/ubirataonline.com.br\\\/#website\"},\"primaryImageOfPage\":{\"@id\":\"https:\\\/\\\/ubirataonline.com.br\\\/eberhart-la-volonta-di-lufthansa-e-salire-al-90-di-ita-entro-giugno\\\/#primaryimage\"},\"image\":{\"@id\":\"https:\\\/\\\/ubirataonline.com.br\\\/eberhart-la-volonta-di-lufthansa-e-salire-al-90-di-ita-entro-giugno\\\/#primaryimage\"},\"thumbnailUrl\":\"https:\\\/\\\/ubirataonline.com.br\\\/wp-content\\\/uploads\\\/2025\\\/10\\\/Ita_TTG-U05441600017ETD-1440x752@IlSole24Ore-Web.jpg\",\"datePublished\":\"2025-10-09T10:17:26+00:00\",\"description\":\"Ascolta la versione audio dell'articoloLufthansa \u00e8 sempre pi\u00f9 vicina ad esercitare l\u2019opzione di aumentare la sua quota in Ita Airways di un ulteriore 49%\",\"breadcrumb\":{\"@id\":\"https:\\\/\\\/ubirataonline.com.br\\\/eberhart-la-volonta-di-lufthansa-e-salire-al-90-di-ita-entro-giugno\\\/#breadcrumb\"},\"inLanguage\":\"en-US\",\"potentialAction\":[{\"@type\":\"ReadAction\",\"target\":[\"https:\\\/\\\/ubirataonline.com.br\\\/eberhart-la-volonta-di-lufthansa-e-salire-al-90-di-ita-entro-giugno\\\/\"]}]},{\"@type\":\"ImageObject\",\"inLanguage\":\"en-US\",\"@id\":\"https:\\\/\\\/ubirataonline.com.br\\\/eberhart-la-volonta-di-lufthansa-e-salire-al-90-di-ita-entro-giugno\\\/#primaryimage\",\"url\":\"https:\\\/\\\/ubirataonline.com.br\\\/wp-content\\\/uploads\\\/2025\\\/10\\\/Ita_TTG-U05441600017ETD-1440x752@IlSole24Ore-Web.jpg\",\"contentUrl\":\"https:\\\/\\\/ubirataonline.com.br\\\/wp-content\\\/uploads\\\/2025\\\/10\\\/Ita_TTG-U05441600017ETD-1440x752@IlSole24Ore-Web.jpg\",\"width\":971,\"height\":507},{\"@type\":\"BreadcrumbList\",\"@id\":\"https:\\\/\\\/ubirataonline.com.br\\\/eberhart-la-volonta-di-lufthansa-e-salire-al-90-di-ita-entro-giugno\\\/#breadcrumb\",\"itemListElement\":[{\"@type\":\"ListItem\",\"position\":1,\"name\":\"In\u00edcio\",\"item\":\"https:\\\/\\\/ubirataonline.com.br\\\/\"},{\"@type\":\"ListItem\",\"position\":2,\"name\":\"Eberhart: \u00abLa volont\u00e0 di Lufthansa \u00e8 salire al 90% di Ita entro giugno\u00bb\"}]},{\"@type\":\"WebSite\",\"@id\":\"https:\\\/\\\/ubirataonline.com.br\\\/#website\",\"url\":\"https:\\\/\\\/ubirataonline.com.br\\\/\",\"name\":\"Ubirat\u00e3 Online Not\u00edcias\",\"description\":\"Not\u00edcias de Ubirat\u00e3, regi\u00e3o, Brasil e mundo, com informa\u00e7\u00e3o atualizada e compromisso com o leitor.\",\"publisher\":{\"@id\":\"https:\\\/\\\/ubirataonline.com.br\\\/#organization\"},\"alternateName\":\"Ubirat\u00e3 Online\",\"potentialAction\":[{\"@type\":\"SearchAction\",\"target\":{\"@type\":\"EntryPoint\",\"urlTemplate\":\"https:\\\/\\\/ubirataonline.com.br\\\/?s={search_term_string}\"},\"query-input\":{\"@type\":\"PropertyValueSpecification\",\"valueRequired\":true,\"valueName\":\"search_term_string\"}}],\"inLanguage\":\"en-US\"},{\"@type\":[\"Organization\",\"Place\"],\"@id\":\"https:\\\/\\\/ubirataonline.com.br\\\/#organization\",\"name\":\"Ubirat\u00e3 Online Not\u00edcias\",\"alternateName\":\"Ubirat\u00e3 Online\",\"url\":\"https:\\\/\\\/ubirataonline.com.br\\\/\",\"logo\":{\"@id\":\"https:\\\/\\\/ubirataonline.com.br\\\/eberhart-la-volonta-di-lufthansa-e-salire-al-90-di-ita-entro-giugno\\\/#local-main-organization-logo\"},\"image\":{\"@id\":\"https:\\\/\\\/ubirataonline.com.br\\\/eberhart-la-volonta-di-lufthansa-e-salire-al-90-di-ita-entro-giugno\\\/#local-main-organization-logo\"},\"sameAs\":[\"https:\\\/\\\/www.facebook.com\\\/portalubirataonline\",\"https:\\\/\\\/x.com\\\/ubirataonline\",\"https:\\\/\\\/mastodon.social\\\/@ubirataonline\",\"https:\\\/\\\/www.facebook.com\\\/groups\\\/311144672285604\",\"https:\\\/\\\/www.facebook.com\\\/UBTAOnline\",\"https:\\\/\\\/www.instagram.com\\\/portalubirataonline\\\/\",\"https:\\\/\\\/twitter.com\\\/ubirataonline\"],\"description\":\"Somos um portal de not\u00edcias independente, criado em 5 de janeiro de 2009, com o objetivo de informar, conectar e valorizar a nossa comunidade de Ubirat\u00e3 e toda aregi\u00e3o. Com conte\u00fado atualizado, confi\u00e1vel e relevante, o Ubirat\u00e3 Online \u00e9 o seu espa\u00e7o para ficar por dentro dos principais acontecimentos locais, regionais, Brasil, Mundo e de interesse geral. Nosso compromisso \u00e9 com a verdade, a transpar\u00eancia e o respeito ao leitor.\",\"legalName\":\"UBIRATA ONLINE NOT\u00cdCIAS\",\"foundingDate\":\"2009-01-05\",\"numberOfEmployees\":{\"@type\":\"QuantitativeValue\",\"minValue\":\"1\",\"maxValue\":\"10\"},\"publishingPrinciples\":\"https:\\\/\\\/ubirataonline.com.br\\\/faq\\\/\",\"address\":{\"@id\":\"https:\\\/\\\/ubirataonline.com.br\\\/eberhart-la-volonta-di-lufthansa-e-salire-al-90-di-ita-entro-giugno\\\/#local-main-place-address\"},\"geo\":{\"@type\":\"GeoCoordinates\",\"latitude\":\"-24.5361401\",\"longitude\":\"-52.9921776\"},\"telephone\":[\"+5544998308235\"],\"contactPoint\":{\"@type\":\"ContactPoint\",\"email\":\"contato@ubirataonline.com.br\"},\"openingHoursSpecification\":{\"@type\":\"OpeningHoursSpecification\",\"dayOfWeek\":[\"Monday\",\"Tuesday\",\"Wednesday\",\"Thursday\",\"Friday\",\"Saturday\",\"Sunday\"],\"opens\":\"00:00\",\"closes\":\"23:59\"},\"email\":\"contato@ubirataonline.com.br\",\"vatID\":\"47.621.418\\\/0001-80\"},{\"@type\":\"Person\",\"@id\":\"https:\\\/\\\/ubirataonline.com.br\\\/#\\\/schema\\\/person\\\/372f87bbd3fdd79b8556b84c98d0bc1c\",\"name\":\"REDA\u00c7\u00c3O: UBIRAT\u00c3 ONLINE - F\u00c1BIO AUGUSTO CELESTINO\",\"pronouns\":\"Ele\",\"description\":\"Desde 2003 trabalhando com not\u00edcias.\",\"sameAs\":[\"http:\\\/\\\/ubirataoline.com.br\",\"https:\\\/\\\/www.facebook.com\\\/portalubirataonline\",\"https:\\\/\\\/www.instagram.com\\\/ubirataonline_oficial\",\"https:\\\/\\\/x.com\\\/x.com\\\/ubirataonline\"],\"honorificPrefix\":\"Mr.\",\"honorificSuffix\":\"MD\",\"birthDate\":\"1980-06-16\",\"gender\":\"masculino\",\"award\":[\"V\u00e1rios pr\u00eamios de melhor portal da cidade\"],\"jobTitle\":\"Diretor\",\"url\":\"https:\\\/\\\/ubirataonline.com.br\\\/en\\\/author\\\/ubirataonline\\\/\"},{\"@type\":\"PostalAddress\",\"@id\":\"https:\\\/\\\/ubirataonline.com.br\\\/eberhart-la-volonta-di-lufthansa-e-salire-al-90-di-ita-entro-giugno\\\/#local-main-place-address\",\"streetAddress\":\"Rua dos Coqueiros, 104 - Bairro Boa Vista, Rua dos Coqueiros, 104 Bairro Boa Vista\",\"addressLocality\":\"UBIRATA\",\"postalCode\":\"85440-000\",\"addressRegion\":\"PR\",\"addressCountry\":\"BR\"},{\"@type\":\"ImageObject\",\"inLanguage\":\"en-US\",\"@id\":\"https:\\\/\\\/ubirataonline.com.br\\\/eberhart-la-volonta-di-lufthansa-e-salire-al-90-di-ita-entro-giugno\\\/#local-main-organization-logo\",\"url\":\"https:\\\/\\\/ubirataonline.com.br\\\/wp-content\\\/uploads\\\/2026\\\/06\\\/logoubirataonline-1.webp\",\"contentUrl\":\"https:\\\/\\\/ubirataonline.com.br\\\/wp-content\\\/uploads\\\/2026\\\/06\\\/logoubirataonline-1.webp\",\"width\":500,\"height\":500,\"caption\":\"Ubirat\u00e3 Online Not\u00edcias\"}]}<\/script>\n<meta name=\"geo.placename\" content=\"UBIRATA\" \/>\n<meta name=\"geo.position\" content=\"-24.5361401;-52.9921776\" \/>\n<meta name=\"geo.region\" content=\"Brazil\" \/>\n<!-- \/ Yoast SEO Premium plugin. -->","yoast_head_json":{"title":"Eberhart: \u00abLa volont\u00e0 di Lufthansa \u00e8 salire al 90% di Ita entro giugno\u00bb - Ubirat\u00e3 Online Not\u00edcias - A realidade ao seu alcance!","description":"Ascolta la versione audio dell'articoloLufthansa \u00e8 sempre pi\u00f9 vicina ad esercitare l\u2019opzione di aumentare la sua quota in Ita Airways di un ulteriore 49%","robots":{"index":"index","follow":"follow","max-snippet":"max-snippet:-1","max-image-preview":"max-image-preview:large","max-video-preview":"max-video-preview:-1"},"canonical":"https:\/\/ubirataonline.com.br\/en\/eberhart-la-volonta-di-lufthansa-e-salire-al-90-di-ita-entro-giugno\/","og_locale":"en_US","og_type":"article","og_title":"Eberhart: \u00abLa volont\u00e0 di Lufthansa \u00e8 salire al 90% di Ita entro giugno\u00bb","og_description":"Ascolta la versione audio dell'articoloLufthansa \u00e8 sempre pi\u00f9 vicina ad esercitare l\u2019opzione di aumentare la sua quota in Ita Airways di un ulteriore 49%","og_url":"https:\/\/ubirataonline.com.br\/en\/eberhart-la-volonta-di-lufthansa-e-salire-al-90-di-ita-entro-giugno\/","og_site_name":"Ubirat\u00e3 Online Not\u00edcias - A realidade ao seu alcance!","article_publisher":"https:\/\/www.facebook.com\/portalubirataonline","article_author":"https:\/\/www.facebook.com\/portalubirataonline","article_published_time":"2025-10-09T10:17:26+00:00","og_image":[{"url":"https:\/\/www.ilsole24ore.com\/static\/images\/placeholders\/art\/258x258.png","type":"","width":"","height":""}],"author":"REDA\u00c7\u00c3O: UBIRAT\u00c3 ONLINE - F\u00c1BIO AUGUSTO CELESTINO","twitter_card":"summary_large_image","twitter_creator":"@x.com\/ubirataonline","twitter_site":"@ubirataonline","twitter_misc":{"Written by":"REDA\u00c7\u00c3O: UBIRAT\u00c3 ONLINE - F\u00c1BIO AUGUSTO CELESTINO","Est. reading time":"2 minutes"},"schema":{"@context":"https:\/\/schema.org","@graph":[{"@type":"NewsArticle","@id":"https:\/\/ubirataonline.com.br\/eberhart-la-volonta-di-lufthansa-e-salire-al-90-di-ita-entro-giugno\/#article","isPartOf":{"@id":"https:\/\/ubirataonline.com.br\/eberhart-la-volonta-di-lufthansa-e-salire-al-90-di-ita-entro-giugno\/"},"author":{"name":"REDA\u00c7\u00c3O: UBIRAT\u00c3 ONLINE - F\u00c1BIO AUGUSTO CELESTINO","@id":"https:\/\/ubirataonline.com.br\/#\/schema\/person\/372f87bbd3fdd79b8556b84c98d0bc1c"},"headline":"Eberhart: \u00abLa volont\u00e0 di Lufthansa \u00e8 salire al 90% di Ita entro giugno\u00bb","datePublished":"2025-10-09T10:17:26+00:00","mainEntityOfPage":{"@id":"https:\/\/ubirataonline.com.br\/eberhart-la-volonta-di-lufthansa-e-salire-al-90-di-ita-entro-giugno\/"},"wordCount":466,"publisher":{"@id":"https:\/\/ubirataonline.com.br\/#organization"},"image":{"@id":"https:\/\/ubirataonline.com.br\/eberhart-la-volonta-di-lufthansa-e-salire-al-90-di-ita-entro-giugno\/#primaryimage"},"thumbnailUrl":"https:\/\/ubirataonline.com.br\/wp-content\/uploads\/2025\/10\/Ita_TTG-U05441600017ETD-1440x752@IlSole24Ore-Web.jpg","articleSection":["Brasil"],"inLanguage":"en-US","copyrightYear":"2025","copyrightHolder":{"@id":"https:\/\/ubirataonline.com.br\/en\/#organization"}},{"@type":"WebPage","@id":"https:\/\/ubirataonline.com.br\/eberhart-la-volonta-di-lufthansa-e-salire-al-90-di-ita-entro-giugno\/","url":"https:\/\/ubirataonline.com.br\/eberhart-la-volonta-di-lufthansa-e-salire-al-90-di-ita-entro-giugno\/","name":"Eberhart: \u00abLa volont\u00e0 di Lufthansa \u00e8 salire al 90% di Ita entro giugno\u00bb - Ubirat\u00e3 Online Not\u00edcias - A realidade ao seu alcance!","isPartOf":{"@id":"https:\/\/ubirataonline.com.br\/#website"},"primaryImageOfPage":{"@id":"https:\/\/ubirataonline.com.br\/eberhart-la-volonta-di-lufthansa-e-salire-al-90-di-ita-entro-giugno\/#primaryimage"},"image":{"@id":"https:\/\/ubirataonline.com.br\/eberhart-la-volonta-di-lufthansa-e-salire-al-90-di-ita-entro-giugno\/#primaryimage"},"thumbnailUrl":"https:\/\/ubirataonline.com.br\/wp-content\/uploads\/2025\/10\/Ita_TTG-U05441600017ETD-1440x752@IlSole24Ore-Web.jpg","datePublished":"2025-10-09T10:17:26+00:00","description":"Ascolta la versione audio dell'articoloLufthansa \u00e8 sempre pi\u00f9 vicina ad esercitare l\u2019opzione di aumentare la sua quota in Ita Airways di un ulteriore 49%","breadcrumb":{"@id":"https:\/\/ubirataonline.com.br\/eberhart-la-volonta-di-lufthansa-e-salire-al-90-di-ita-entro-giugno\/#breadcrumb"},"inLanguage":"en-US","potentialAction":[{"@type":"ReadAction","target":["https:\/\/ubirataonline.com.br\/eberhart-la-volonta-di-lufthansa-e-salire-al-90-di-ita-entro-giugno\/"]}]},{"@type":"ImageObject","inLanguage":"en-US","@id":"https:\/\/ubirataonline.com.br\/eberhart-la-volonta-di-lufthansa-e-salire-al-90-di-ita-entro-giugno\/#primaryimage","url":"https:\/\/ubirataonline.com.br\/wp-content\/uploads\/2025\/10\/Ita_TTG-U05441600017ETD-1440x752@IlSole24Ore-Web.jpg","contentUrl":"https:\/\/ubirataonline.com.br\/wp-content\/uploads\/2025\/10\/Ita_TTG-U05441600017ETD-1440x752@IlSole24Ore-Web.jpg","width":971,"height":507},{"@type":"BreadcrumbList","@id":"https:\/\/ubirataonline.com.br\/eberhart-la-volonta-di-lufthansa-e-salire-al-90-di-ita-entro-giugno\/#breadcrumb","itemListElement":[{"@type":"ListItem","position":1,"name":"In\u00edcio","item":"https:\/\/ubirataonline.com.br\/"},{"@type":"ListItem","position":2,"name":"Eberhart: \u00abLa volont\u00e0 di Lufthansa \u00e8 salire al 90% di Ita entro giugno\u00bb"}]},{"@type":"WebSite","@id":"https:\/\/ubirataonline.com.br\/#website","url":"https:\/\/ubirataonline.com.br\/","name":"Ubirat\u00e3 Online Not\u00edcias","description":"Not\u00edcias de Ubirat\u00e3, regi\u00e3o, Brasil e mundo, com informa\u00e7\u00e3o atualizada e compromisso com o leitor.","publisher":{"@id":"https:\/\/ubirataonline.com.br\/#organization"},"alternateName":"Ubirat\u00e3 Online","potentialAction":[{"@type":"SearchAction","target":{"@type":"EntryPoint","urlTemplate":"https:\/\/ubirataonline.com.br\/?s={search_term_string}"},"query-input":{"@type":"PropertyValueSpecification","valueRequired":true,"valueName":"search_term_string"}}],"inLanguage":"en-US"},{"@type":["Organization","Place"],"@id":"https:\/\/ubirataonline.com.br\/#organization","name":"Ubirat\u00e3 Online Not\u00edcias","alternateName":"Ubirat\u00e3 Online","url":"https:\/\/ubirataonline.com.br\/","logo":{"@id":"https:\/\/ubirataonline.com.br\/eberhart-la-volonta-di-lufthansa-e-salire-al-90-di-ita-entro-giugno\/#local-main-organization-logo"},"image":{"@id":"https:\/\/ubirataonline.com.br\/eberhart-la-volonta-di-lufthansa-e-salire-al-90-di-ita-entro-giugno\/#local-main-organization-logo"},"sameAs":["https:\/\/www.facebook.com\/portalubirataonline","https:\/\/x.com\/ubirataonline","https:\/\/mastodon.social\/@ubirataonline","https:\/\/www.facebook.com\/groups\/311144672285604","https:\/\/www.facebook.com\/UBTAOnline","https:\/\/www.instagram.com\/portalubirataonline\/","https:\/\/twitter.com\/ubirataonline"],"description":"Somos um portal de not\u00edcias independente, criado em 5 de janeiro de 2009, com o objetivo de informar, conectar e valorizar a nossa comunidade de Ubirat\u00e3 e toda aregi\u00e3o. Com conte\u00fado atualizado, confi\u00e1vel e relevante, o Ubirat\u00e3 Online \u00e9 o seu espa\u00e7o para ficar por dentro dos principais acontecimentos locais, regionais, Brasil, Mundo e de interesse geral. Nosso compromisso \u00e9 com a verdade, a transpar\u00eancia e o respeito ao leitor.","legalName":"UBIRATA ONLINE NOT\u00cdCIAS","foundingDate":"2009-01-05","numberOfEmployees":{"@type":"QuantitativeValue","minValue":"1","maxValue":"10"},"publishingPrinciples":"https:\/\/ubirataonline.com.br\/faq\/","address":{"@id":"https:\/\/ubirataonline.com.br\/eberhart-la-volonta-di-lufthansa-e-salire-al-90-di-ita-entro-giugno\/#local-main-place-address"},"geo":{"@type":"GeoCoordinates","latitude":"-24.5361401","longitude":"-52.9921776"},"telephone":["+5544998308235"],"contactPoint":{"@type":"ContactPoint","email":"contato@ubirataonline.com.br"},"openingHoursSpecification":{"@type":"OpeningHoursSpecification","dayOfWeek":["Monday","Tuesday","Wednesday","Thursday","Friday","Saturday","Sunday"],"opens":"00:00","closes":"23:59"},"email":"contato@ubirataonline.com.br","vatID":"47.621.418\/0001-80"},{"@type":"Person","@id":"https:\/\/ubirataonline.com.br\/#\/schema\/person\/372f87bbd3fdd79b8556b84c98d0bc1c","name":"REDA\u00c7\u00c3O: UBIRAT\u00c3 ONLINE - F\u00c1BIO AUGUSTO CELESTINO","pronouns":"Ele","description":"Desde 2003 trabalhando com not\u00edcias.","sameAs":["http:\/\/ubirataoline.com.br","https:\/\/www.facebook.com\/portalubirataonline","https:\/\/www.instagram.com\/ubirataonline_oficial","https:\/\/x.com\/x.com\/ubirataonline"],"honorificPrefix":"Mr.","honorificSuffix":"MD","birthDate":"1980-06-16","gender":"masculino","award":["V\u00e1rios pr\u00eamios de melhor portal da cidade"],"jobTitle":"Diretor","url":"https:\/\/ubirataonline.com.br\/en\/author\/ubirataonline\/"},{"@type":"PostalAddress","@id":"https:\/\/ubirataonline.com.br\/eberhart-la-volonta-di-lufthansa-e-salire-al-90-di-ita-entro-giugno\/#local-main-place-address","streetAddress":"Rua dos Coqueiros, 104 - Bairro Boa Vista, Rua dos Coqueiros, 104 Bairro Boa Vista","addressLocality":"UBIRATA","postalCode":"85440-000","addressRegion":"PR","addressCountry":"BR"},{"@type":"ImageObject","inLanguage":"en-US","@id":"https:\/\/ubirataonline.com.br\/eberhart-la-volonta-di-lufthansa-e-salire-al-90-di-ita-entro-giugno\/#local-main-organization-logo","url":"https:\/\/ubirataonline.com.br\/wp-content\/uploads\/2026\/06\/logoubirataonline-1.webp","contentUrl":"https:\/\/ubirataonline.com.br\/wp-content\/uploads\/2026\/06\/logoubirataonline-1.webp","width":500,"height":500,"caption":"Ubirat\u00e3 Online Not\u00edcias"}]},"geo.placename":"UBIRATA","geo.position":{"lat":"-24.5361401","long":"-52.9921776"},"geo.region":"Brazil"},"_links":{"self":[{"href":"https:\/\/ubirataonline.com.br\/en\/wp-json\/wp\/v2\/posts\/70682","targetHints":{"allow":["GET"]}}],"collection":[{"href":"https:\/\/ubirataonline.com.br\/en\/wp-json\/wp\/v2\/posts"}],"about":[{"href":"https:\/\/ubirataonline.com.br\/en\/wp-json\/wp\/v2\/types\/post"}],"author":[{"embeddable":true,"href":"https:\/\/ubirataonline.com.br\/en\/wp-json\/wp\/v2\/users\/1"}],"replies":[{"embeddable":true,"href":"https:\/\/ubirataonline.com.br\/en\/wp-json\/wp\/v2\/comments?post=70682"}],"version-history":[{"count":0,"href":"https:\/\/ubirataonline.com.br\/en\/wp-json\/wp\/v2\/posts\/70682\/revisions"}],"wp:featuredmedia":[{"embeddable":true,"href":"https:\/\/ubirataonline.com.br\/en\/wp-json\/wp\/v2\/media\/70683"}],"wp:attachment":[{"href":"https:\/\/ubirataonline.com.br\/en\/wp-json\/wp\/v2\/media?parent=70682"}],"wp:term":[{"taxonomy":"category","embeddable":true,"href":"https:\/\/ubirataonline.com.br\/en\/wp-json\/wp\/v2\/categories?post=70682"},{"taxonomy":"post_tag","embeddable":true,"href":"https:\/\/ubirataonline.com.br\/en\/wp-json\/wp\/v2\/tags?post=70682"}],"curies":[{"name":"wp","href":"https:\/\/api.w.org\/{rel}","templated":true}]}}