{"id":70696,"date":"2025-10-09T10:21:31","date_gmt":"2025-10-09T13:21:31","guid":{"rendered":"https:\/\/ubirataonline.com.br\/ipca-sobe-048-em-setembro-abaixo-do-esperado-energia-eletrica-e-vila-de-novo\/"},"modified":"2025-10-09T10:21:31","modified_gmt":"2025-10-09T13:21:31","slug":"ipca-sobe-048-em-setembro-abaixo-do-esperado-energia-eletrica-e-vila-de-novo","status":"publish","type":"post","link":"https:\/\/ubirataonline.com.br\/en\/ipca-sobe-048-em-setembro-abaixo-do-esperado-energia-eletrica-e-vila-de-novo\/","title":{"rendered":"IPCA sobe 0,48% em setembro, abaixo do esperado; energia el\u00e9trica \u00e9 \u201cvil\u00e3\u201d de novo"},"content":{"rendered":"<p><\/p>\n<div id=\"\">\n<p>O \u00cdndice Nacional de Pre\u00e7os ao Consumidor Amplo (IPCA) subiu 0,48% em setembro, ante defla\u00e7\u00e3o de 0,11% em agosto, informou o Instituto Brasileiro de Geografia e Estat\u00edstica (IBGE) nesta quinta-feira (9). No acumulado de 12 meses at\u00e9 setembro, o IPCA teve alta de 5,17%.<\/p>\n<p>Os n\u00fameros vieram um pouco abaixo do esperado por analistas, que projetavam alta de 0,52% em setembro, e 5,22% no acumulado de 12 meses.<\/p>\n<p>A principal press\u00e3o veio da energia el\u00e9trica residencial, que avan\u00e7ou 10,31% no m\u00eas e respondeu sozinha por 0,41 ponto percentual do IPCA. A alta refletiu o fim do B\u00f4nus de Itaipu, que reduziu as faturas em agosto, e a manuten\u00e7\u00e3o da bandeira tarif\u00e1ria vermelha patamar 2, que adiciona R$ 7,87 a cada 100 kWh consumidos.<\/p>\n<div class=\"cta-middle\">\n<div class=\"im-cta\">\n<div class=\"max-w-2xl mx-auto space-y-4 px-6 xl:px-0 my-10\">\n<section class=\"border-8 border-blue-50 rounded-lg pb-6\">\n<div>\n\t\t\t\t\t\t<img decoding=\"async\" class=\"w-full h-full object-cover\" src=\"https:\/\/www.infomoney.com.br\/wp-content\/uploads\/2025\/07\/CTA-automatico-PRF.png?fit=900%2C300&amp;quality=70&amp;strip=all\" alt=\"\"\/>\n\t\t\t\t\t<\/div>\n<\/section><\/div>\n<\/p><\/div>\n<\/div>\n<p>Com isso, o grupo Habita\u00e7\u00e3o registrou alta de 2,97% em setembro, maior varia\u00e7\u00e3o entre os nove grupos analisados, e impacto de 0,45 ponto percentual no \u00edndice geral. Foi o maior avan\u00e7o para o grupo em meses de setembro desde 1995.<\/p>\n<p>No ano, a energia el\u00e9trica acumula alta de 16,42%, com impacto de 0,63 p.p. no IPCA. Em 12 meses, a alta \u00e9 de 10,64%.<\/p>\n<p>Entre os demais grupos, Despesas pessoais subiu 0,51%, puxado por pacotes tur\u00edsticos (2,87%) e itens de lazer como cinema e teatro (2,75%). Transportes teve varia\u00e7\u00e3o de 0,01%, com leve recupera\u00e7\u00e3o dos combust\u00edveis (0,87%) ap\u00f3s queda no m\u00eas anterior. Destacam-se as altas do etanol (2,25%) e da gasolina (0,75%).<\/p>\n<div data-ds-component=\"ad\" data-ad-type=\"Video\" class=\"max-w-2xl rounded bg-wl-neutral-50 text-xs leading-4 pb-8 text-center  text-wl-neutral-500 mx-auto mb-6 px-6 xl:px-0\">\n<p class=\"py-2\">Continua depois da publicidade<\/p>\n<\/p><\/div>\n<h2 class=\"wp-block-heading\" id=\"h-principais-quedas\">Principais quedas<\/h2>\n<p>Por outro lado, Alimenta\u00e7\u00e3o e bebidas caiu 0,26%, quarta queda seguida, com destaque para os recuos nos pre\u00e7os de tomate (-11,52%), cebola (-10,16%), alho (-8,70%) e arroz (-2,14%). A alimenta\u00e7\u00e3o fora do domic\u00edlio tamb\u00e9m desacelerou, passando de 0,50% em agosto para 0,11% em setembro.<\/p>\n<p>Outros grupos com defla\u00e7\u00e3o foram Comunica\u00e7\u00e3o (-0,17%) e Artigos de resid\u00eancia (-0,40%). Vestu\u00e1rio (0,63%) e Sa\u00fade e cuidados pessoais (0,17%) tiveram altas moderadas.<\/p>\n<p>O \u00edndice de difus\u00e3o, que mede o percentual de subitens com varia\u00e7\u00e3o positiva, caiu de 57% para 52%. Segundo o IBGE, excluindo o efeito da energia el\u00e9trica, a infla\u00e7\u00e3o do m\u00eas teria sido de apenas 0,08%.<\/p>\n<div data-ds-component=\"ad\" data-ad-type=\"RETANGULO_BF\" class=\"max-w-2xl [&amp;_iframe]:mx-auto z-0 bg-wl-neutral-50 text-xs leading-4 py-4 px-14 text-center text-wl-neutral-500 mx-auto mb-6 xl:px-0 justify-center min-h-[320px]\">\n<p class=\"py-2\">Continua depois da publicidade<\/p>\n<\/p><\/div>\n<h2 class=\"wp-block-heading\" id=\"h-servicos\">Servi\u00e7os<\/h2>\n<p>Entre os servi\u00e7os, o IPCA desacelerou de 0,39% em agosto para 0,13% em setembro, enquanto os pre\u00e7os monitorados pelo governo subiram 1,87%, impulsionados pela energia e pela gasolina.<\/p>\n<h2 class=\"wp-block-heading\" id=\"h-capitais\">Capitais<\/h2>\n<p>No recorte regional, S\u00e3o Lu\u00eds registrou a maior varia\u00e7\u00e3o (1,02%), com forte alta da energia el\u00e9trica (27,30%). Salvador teve o menor \u00edndice (0,17%), puxado pelas quedas no tomate e no seguro de ve\u00edculos.<\/p>\n<h2 class=\"wp-block-heading\" id=\"h-inpc\">INPC<\/h2>\n<p>J\u00e1 o INPC, que mede a infla\u00e7\u00e3o para fam\u00edlias com renda mais baixa, subiu 0,52% em setembro, com acumulado de 5,10% em 12 meses. O maior impacto veio dos produtos n\u00e3o aliment\u00edcios, que subiram 0,80%.<\/p>\n<div data-ds-component=\"ad\" data-ad-type=\"RETANGULO_BF\" class=\"max-w-2xl [&amp;_iframe]:mx-auto z-0 bg-wl-neutral-50 text-xs leading-4 py-4 px-14 text-center text-wl-neutral-500 mx-auto mb-6 xl:px-0 justify-center min-h-[320px]\">\n<p class=\"py-2\">Continua depois da publicidade<\/p>\n<\/p><\/div>\n<p><em>(com Ag\u00eancia de Not\u00edcias IBGE)<\/em><\/p>\n<\/p><\/div>\n<p><a href=\"https:\/\/www.infomoney.com.br\/economia\/ipca-sobe-048-em-setembro-abaixo-do-esperado\/\">Source link <\/a><\/p>\n","protected":false},"excerpt":{"rendered":"<p>O \u00cdndice Nacional de Pre\u00e7os ao Consumidor Amplo (IPCA) subiu 0,48% em setembro, ante defla\u00e7\u00e3o de 0,11% em agosto, informou o Instituto Brasileiro de Geografia e Estat\u00edstica (IBGE) nesta quinta-feira (9). No acumulado de 12 meses at\u00e9 setembro, o IPCA teve alta de 5,17%. Os n\u00fameros vieram um pouco abaixo do esperado por analistas, que [&hellip;]<\/p>\n","protected":false},"author":1,"featured_media":70697,"comment_status":"","ping_status":"","sticky":false,"template":"","format":"standard","meta":{"googlesitekit_rrm_CAow2JLhCw:productID":"","_gspb_post_css":"","maa_idioma":"","maa_pais":"","footnotes":""},"categories":[4],"tags":[],"class_list":["post-70696","post","type-post","status-publish","format-standard","has-post-thumbnail","hentry","category-brasil"],"blocksy_meta":[],"yoast_head":"<!-- This site is optimized with the Yoast SEO Premium plugin v27.6 (Yoast SEO v27.6) - https:\/\/yoast.com\/product\/yoast-seo-premium-wordpress\/ -->\n<title>IPCA sobe 0,48% em setembro, abaixo do esperado; energia el\u00e9trica \u00e9 \u201cvil\u00e3\u201d de novo - Ubirat\u00e3 Online Not\u00edcias - A realidade ao seu alcance!<\/title>\n<meta name=\"description\" content=\"O \u00cdndice Nacional de Pre\u00e7os ao Consumidor Amplo (IPCA) subiu 0,48% em setembro, ante defla\u00e7\u00e3o de 0,11% em agosto, informou o Instituto Brasileiro de\" \/>\n<meta name=\"robots\" content=\"index, follow, max-snippet:-1, max-image-preview:large, max-video-preview:-1\" \/>\n<link rel=\"canonical\" href=\"https:\/\/ubirataonline.com.br\/en\/ipca-sobe-048-em-setembro-abaixo-do-esperado-energia-eletrica-e-vila-de-novo\/\" \/>\n<meta property=\"og:locale\" content=\"en_US\" \/>\n<meta property=\"og:type\" content=\"article\" \/>\n<meta property=\"og:title\" content=\"IPCA sobe 0,48% em setembro, abaixo do esperado; energia el\u00e9trica \u00e9 \u201cvil\u00e3\u201d de novo\" \/>\n<meta property=\"og:description\" content=\"O \u00cdndice Nacional de Pre\u00e7os ao Consumidor Amplo (IPCA) subiu 0,48% em setembro, ante defla\u00e7\u00e3o de 0,11% em agosto, informou o Instituto Brasileiro de\" \/>\n<meta property=\"og:url\" content=\"https:\/\/ubirataonline.com.br\/en\/ipca-sobe-048-em-setembro-abaixo-do-esperado-energia-eletrica-e-vila-de-novo\/\" \/>\n<meta property=\"og:site_name\" content=\"Ubirat\u00e3 Online Not\u00edcias - A realidade ao seu alcance!\" \/>\n<meta property=\"article:publisher\" content=\"https:\/\/www.facebook.com\/portalubirataonline\" \/>\n<meta property=\"article:author\" content=\"https:\/\/www.facebook.com\/portalubirataonline\" \/>\n<meta property=\"article:published_time\" content=\"2025-10-09T13:21:31+00:00\" \/>\n<meta property=\"og:image\" content=\"https:\/\/www.infomoney.com.br\/wp-content\/uploads\/2025\/07\/CTA-automatico-PRF.png?fit=900%2C300&amp;quality=70&amp;strip=all\" \/>\n<meta name=\"author\" content=\"REDA\u00c7\u00c3O: UBIRAT\u00c3 ONLINE - F\u00c1BIO AUGUSTO CELESTINO\" \/>\n<meta name=\"twitter:card\" content=\"summary_large_image\" \/>\n<meta name=\"twitter:creator\" content=\"@x.com\/ubirataonline\" \/>\n<meta name=\"twitter:site\" content=\"@ubirataonline\" \/>\n<meta name=\"twitter:label1\" content=\"Written by\" \/>\n\t<meta name=\"twitter:data1\" content=\"REDA\u00c7\u00c3O: UBIRAT\u00c3 ONLINE - F\u00c1BIO AUGUSTO CELESTINO\" \/>\n\t<meta name=\"twitter:label2\" content=\"Est. reading time\" \/>\n\t<meta name=\"twitter:data2\" content=\"2 minutes\" \/>\n<script type=\"application\/ld+json\" class=\"yoast-schema-graph\">{\"@context\":\"https:\\\/\\\/schema.org\",\"@graph\":[{\"@type\":\"NewsArticle\",\"@id\":\"https:\\\/\\\/ubirataonline.com.br\\\/ipca-sobe-048-em-setembro-abaixo-do-esperado-energia-eletrica-e-vila-de-novo\\\/#article\",\"isPartOf\":{\"@id\":\"https:\\\/\\\/ubirataonline.com.br\\\/ipca-sobe-048-em-setembro-abaixo-do-esperado-energia-eletrica-e-vila-de-novo\\\/\"},\"author\":{\"name\":\"REDA\u00c7\u00c3O: UBIRAT\u00c3 ONLINE - F\u00c1BIO AUGUSTO CELESTINO\",\"@id\":\"https:\\\/\\\/ubirataonline.com.br\\\/#\\\/schema\\\/person\\\/372f87bbd3fdd79b8556b84c98d0bc1c\"},\"headline\":\"IPCA sobe 0,48% em setembro, abaixo do esperado; energia el\u00e9trica \u00e9 \u201cvil\u00e3\u201d de novo\",\"datePublished\":\"2025-10-09T13:21:31+00:00\",\"mainEntityOfPage\":{\"@id\":\"https:\\\/\\\/ubirataonline.com.br\\\/ipca-sobe-048-em-setembro-abaixo-do-esperado-energia-eletrica-e-vila-de-novo\\\/\"},\"wordCount\":476,\"publisher\":{\"@id\":\"https:\\\/\\\/ubirataonline.com.br\\\/#organization\"},\"image\":{\"@id\":\"https:\\\/\\\/ubirataonline.com.br\\\/ipca-sobe-048-em-setembro-abaixo-do-esperado-energia-eletrica-e-vila-de-novo\\\/#primaryimage\"},\"thumbnailUrl\":\"https:\\\/\\\/ubirataonline.com.br\\\/wp-content\\\/uploads\\\/2025\\\/10\\\/2025-08-14T210304Z_1_LYNXMPEL7D0X2_RTROPTP_4_BRAZIL.jpg\",\"articleSection\":[\"Brasil\"],\"inLanguage\":\"en-US\",\"copyrightYear\":\"2025\",\"copyrightHolder\":{\"@id\":\"https:\\\/\\\/ubirataonline.com.br\\\/en\\\/#organization\"}},{\"@type\":\"WebPage\",\"@id\":\"https:\\\/\\\/ubirataonline.com.br\\\/ipca-sobe-048-em-setembro-abaixo-do-esperado-energia-eletrica-e-vila-de-novo\\\/\",\"url\":\"https:\\\/\\\/ubirataonline.com.br\\\/ipca-sobe-048-em-setembro-abaixo-do-esperado-energia-eletrica-e-vila-de-novo\\\/\",\"name\":\"IPCA sobe 0,48% em setembro, abaixo do esperado; energia el\u00e9trica \u00e9 \u201cvil\u00e3\u201d de novo - Ubirat\u00e3 Online Not\u00edcias - A realidade ao seu alcance!\",\"isPartOf\":{\"@id\":\"https:\\\/\\\/ubirataonline.com.br\\\/#website\"},\"primaryImageOfPage\":{\"@id\":\"https:\\\/\\\/ubirataonline.com.br\\\/ipca-sobe-048-em-setembro-abaixo-do-esperado-energia-eletrica-e-vila-de-novo\\\/#primaryimage\"},\"image\":{\"@id\":\"https:\\\/\\\/ubirataonline.com.br\\\/ipca-sobe-048-em-setembro-abaixo-do-esperado-energia-eletrica-e-vila-de-novo\\\/#primaryimage\"},\"thumbnailUrl\":\"https:\\\/\\\/ubirataonline.com.br\\\/wp-content\\\/uploads\\\/2025\\\/10\\\/2025-08-14T210304Z_1_LYNXMPEL7D0X2_RTROPTP_4_BRAZIL.jpg\",\"datePublished\":\"2025-10-09T13:21:31+00:00\",\"description\":\"O \u00cdndice Nacional de Pre\u00e7os ao Consumidor Amplo (IPCA) subiu 0,48% em setembro, ante defla\u00e7\u00e3o de 0,11% em agosto, informou o Instituto Brasileiro de\",\"breadcrumb\":{\"@id\":\"https:\\\/\\\/ubirataonline.com.br\\\/ipca-sobe-048-em-setembro-abaixo-do-esperado-energia-eletrica-e-vila-de-novo\\\/#breadcrumb\"},\"inLanguage\":\"en-US\",\"potentialAction\":[{\"@type\":\"ReadAction\",\"target\":[\"https:\\\/\\\/ubirataonline.com.br\\\/ipca-sobe-048-em-setembro-abaixo-do-esperado-energia-eletrica-e-vila-de-novo\\\/\"]}]},{\"@type\":\"ImageObject\",\"inLanguage\":\"en-US\",\"@id\":\"https:\\\/\\\/ubirataonline.com.br\\\/ipca-sobe-048-em-setembro-abaixo-do-esperado-energia-eletrica-e-vila-de-novo\\\/#primaryimage\",\"url\":\"https:\\\/\\\/ubirataonline.com.br\\\/wp-content\\\/uploads\\\/2025\\\/10\\\/2025-08-14T210304Z_1_LYNXMPEL7D0X2_RTROPTP_4_BRAZIL.jpg\",\"contentUrl\":\"https:\\\/\\\/ubirataonline.com.br\\\/wp-content\\\/uploads\\\/2025\\\/10\\\/2025-08-14T210304Z_1_LYNXMPEL7D0X2_RTROPTP_4_BRAZIL.jpg\",\"width\":875,\"height\":586},{\"@type\":\"BreadcrumbList\",\"@id\":\"https:\\\/\\\/ubirataonline.com.br\\\/ipca-sobe-048-em-setembro-abaixo-do-esperado-energia-eletrica-e-vila-de-novo\\\/#breadcrumb\",\"itemListElement\":[{\"@type\":\"ListItem\",\"position\":1,\"name\":\"In\u00edcio\",\"item\":\"https:\\\/\\\/ubirataonline.com.br\\\/\"},{\"@type\":\"ListItem\",\"position\":2,\"name\":\"IPCA sobe 0,48% em setembro, abaixo do esperado; energia el\u00e9trica \u00e9 \u201cvil\u00e3\u201d de novo\"}]},{\"@type\":\"WebSite\",\"@id\":\"https:\\\/\\\/ubirataonline.com.br\\\/#website\",\"url\":\"https:\\\/\\\/ubirataonline.com.br\\\/\",\"name\":\"Ubirat\u00e3 Online Not\u00edcias\",\"description\":\"Not\u00edcias de Ubirat\u00e3, regi\u00e3o, Brasil e mundo, com informa\u00e7\u00e3o atualizada e compromisso com o leitor.\",\"publisher\":{\"@id\":\"https:\\\/\\\/ubirataonline.com.br\\\/#organization\"},\"alternateName\":\"Ubirat\u00e3 Online\",\"potentialAction\":[{\"@type\":\"SearchAction\",\"target\":{\"@type\":\"EntryPoint\",\"urlTemplate\":\"https:\\\/\\\/ubirataonline.com.br\\\/?s={search_term_string}\"},\"query-input\":{\"@type\":\"PropertyValueSpecification\",\"valueRequired\":true,\"valueName\":\"search_term_string\"}}],\"inLanguage\":\"en-US\"},{\"@type\":[\"Organization\",\"Place\"],\"@id\":\"https:\\\/\\\/ubirataonline.com.br\\\/#organization\",\"name\":\"Ubirat\u00e3 Online Not\u00edcias\",\"alternateName\":\"Ubirat\u00e3 Online\",\"url\":\"https:\\\/\\\/ubirataonline.com.br\\\/\",\"logo\":{\"@id\":\"https:\\\/\\\/ubirataonline.com.br\\\/ipca-sobe-048-em-setembro-abaixo-do-esperado-energia-eletrica-e-vila-de-novo\\\/#local-main-organization-logo\"},\"image\":{\"@id\":\"https:\\\/\\\/ubirataonline.com.br\\\/ipca-sobe-048-em-setembro-abaixo-do-esperado-energia-eletrica-e-vila-de-novo\\\/#local-main-organization-logo\"},\"sameAs\":[\"https:\\\/\\\/www.facebook.com\\\/portalubirataonline\",\"https:\\\/\\\/x.com\\\/ubirataonline\",\"https:\\\/\\\/mastodon.social\\\/@ubirataonline\",\"https:\\\/\\\/www.facebook.com\\\/groups\\\/311144672285604\",\"https:\\\/\\\/www.facebook.com\\\/UBTAOnline\",\"https:\\\/\\\/www.instagram.com\\\/portalubirataonline\\\/\",\"https:\\\/\\\/twitter.com\\\/ubirataonline\"],\"description\":\"Somos um portal de not\u00edcias independente, criado em 5 de janeiro de 2009, com o objetivo de informar, conectar e valorizar a nossa comunidade de Ubirat\u00e3 e toda aregi\u00e3o. Com conte\u00fado atualizado, confi\u00e1vel e relevante, o Ubirat\u00e3 Online \u00e9 o seu espa\u00e7o para ficar por dentro dos principais acontecimentos locais, regionais, Brasil, Mundo e de interesse geral. Nosso compromisso \u00e9 com a verdade, a transpar\u00eancia e o respeito ao leitor.\",\"legalName\":\"UBIRATA ONLINE NOT\u00cdCIAS\",\"foundingDate\":\"2009-01-05\",\"numberOfEmployees\":{\"@type\":\"QuantitativeValue\",\"minValue\":\"1\",\"maxValue\":\"10\"},\"publishingPrinciples\":\"https:\\\/\\\/ubirataonline.com.br\\\/faq\\\/\",\"address\":{\"@id\":\"https:\\\/\\\/ubirataonline.com.br\\\/ipca-sobe-048-em-setembro-abaixo-do-esperado-energia-eletrica-e-vila-de-novo\\\/#local-main-place-address\"},\"geo\":{\"@type\":\"GeoCoordinates\",\"latitude\":\"-24.5361401\",\"longitude\":\"-52.9921776\"},\"telephone\":[\"+5544998308235\"],\"contactPoint\":{\"@type\":\"ContactPoint\",\"email\":\"contato@ubirataonline.com.br\"},\"openingHoursSpecification\":{\"@type\":\"OpeningHoursSpecification\",\"dayOfWeek\":[\"Monday\",\"Tuesday\",\"Wednesday\",\"Thursday\",\"Friday\",\"Saturday\",\"Sunday\"],\"opens\":\"00:00\",\"closes\":\"23:59\"},\"email\":\"contato@ubirataonline.com.br\",\"vatID\":\"47.621.418\\\/0001-80\"},{\"@type\":\"Person\",\"@id\":\"https:\\\/\\\/ubirataonline.com.br\\\/#\\\/schema\\\/person\\\/372f87bbd3fdd79b8556b84c98d0bc1c\",\"name\":\"REDA\u00c7\u00c3O: UBIRAT\u00c3 ONLINE - F\u00c1BIO AUGUSTO CELESTINO\",\"pronouns\":\"Ele\",\"description\":\"Desde 2003 trabalhando com not\u00edcias.\",\"sameAs\":[\"http:\\\/\\\/ubirataoline.com.br\",\"https:\\\/\\\/www.facebook.com\\\/portalubirataonline\",\"https:\\\/\\\/www.instagram.com\\\/ubirataonline_oficial\",\"https:\\\/\\\/x.com\\\/x.com\\\/ubirataonline\"],\"honorificPrefix\":\"Mr.\",\"honorificSuffix\":\"MD\",\"birthDate\":\"1980-06-16\",\"gender\":\"masculino\",\"award\":[\"V\u00e1rios pr\u00eamios de melhor portal da cidade\"],\"jobTitle\":\"Diretor\",\"url\":\"https:\\\/\\\/ubirataonline.com.br\\\/en\\\/author\\\/ubirataonline\\\/\"},{\"@type\":\"PostalAddress\",\"@id\":\"https:\\\/\\\/ubirataonline.com.br\\\/ipca-sobe-048-em-setembro-abaixo-do-esperado-energia-eletrica-e-vila-de-novo\\\/#local-main-place-address\",\"streetAddress\":\"Rua dos Coqueiros, 104 - Bairro Boa Vista, Rua dos Coqueiros, 104 Bairro Boa Vista\",\"addressLocality\":\"UBIRATA\",\"postalCode\":\"85440-000\",\"addressRegion\":\"PR\",\"addressCountry\":\"BR\"},{\"@type\":\"ImageObject\",\"inLanguage\":\"en-US\",\"@id\":\"https:\\\/\\\/ubirataonline.com.br\\\/ipca-sobe-048-em-setembro-abaixo-do-esperado-energia-eletrica-e-vila-de-novo\\\/#local-main-organization-logo\",\"url\":\"https:\\\/\\\/ubirataonline.com.br\\\/wp-content\\\/uploads\\\/2026\\\/06\\\/logoubirataonline-1.webp\",\"contentUrl\":\"https:\\\/\\\/ubirataonline.com.br\\\/wp-content\\\/uploads\\\/2026\\\/06\\\/logoubirataonline-1.webp\",\"width\":500,\"height\":500,\"caption\":\"Ubirat\u00e3 Online Not\u00edcias\"}]}<\/script>\n<meta name=\"geo.placename\" content=\"UBIRATA\" \/>\n<meta name=\"geo.position\" content=\"-24.5361401;-52.9921776\" \/>\n<meta name=\"geo.region\" content=\"Brazil\" \/>\n<!-- \/ Yoast SEO Premium plugin. -->","yoast_head_json":{"title":"IPCA sobe 0,48% em setembro, abaixo do esperado; energia el\u00e9trica \u00e9 \u201cvil\u00e3\u201d de novo - Ubirat\u00e3 Online Not\u00edcias - A realidade ao seu alcance!","description":"O \u00cdndice Nacional de Pre\u00e7os ao Consumidor Amplo (IPCA) subiu 0,48% em setembro, ante defla\u00e7\u00e3o de 0,11% em agosto, informou o Instituto Brasileiro de","robots":{"index":"index","follow":"follow","max-snippet":"max-snippet:-1","max-image-preview":"max-image-preview:large","max-video-preview":"max-video-preview:-1"},"canonical":"https:\/\/ubirataonline.com.br\/en\/ipca-sobe-048-em-setembro-abaixo-do-esperado-energia-eletrica-e-vila-de-novo\/","og_locale":"en_US","og_type":"article","og_title":"IPCA sobe 0,48% em setembro, abaixo do esperado; energia el\u00e9trica \u00e9 \u201cvil\u00e3\u201d de novo","og_description":"O \u00cdndice Nacional de Pre\u00e7os ao Consumidor Amplo (IPCA) subiu 0,48% em setembro, ante defla\u00e7\u00e3o de 0,11% em agosto, informou o Instituto Brasileiro de","og_url":"https:\/\/ubirataonline.com.br\/en\/ipca-sobe-048-em-setembro-abaixo-do-esperado-energia-eletrica-e-vila-de-novo\/","og_site_name":"Ubirat\u00e3 Online Not\u00edcias - A realidade ao seu alcance!","article_publisher":"https:\/\/www.facebook.com\/portalubirataonline","article_author":"https:\/\/www.facebook.com\/portalubirataonline","article_published_time":"2025-10-09T13:21:31+00:00","og_image":[{"url":"https:\/\/www.infomoney.com.br\/wp-content\/uploads\/2025\/07\/CTA-automatico-PRF.png?fit=900%2C300&amp;quality=70&amp;strip=all","type":"","width":"","height":""}],"author":"REDA\u00c7\u00c3O: UBIRAT\u00c3 ONLINE - F\u00c1BIO AUGUSTO CELESTINO","twitter_card":"summary_large_image","twitter_creator":"@x.com\/ubirataonline","twitter_site":"@ubirataonline","twitter_misc":{"Written by":"REDA\u00c7\u00c3O: UBIRAT\u00c3 ONLINE - F\u00c1BIO AUGUSTO CELESTINO","Est. reading time":"2 minutes"},"schema":{"@context":"https:\/\/schema.org","@graph":[{"@type":"NewsArticle","@id":"https:\/\/ubirataonline.com.br\/ipca-sobe-048-em-setembro-abaixo-do-esperado-energia-eletrica-e-vila-de-novo\/#article","isPartOf":{"@id":"https:\/\/ubirataonline.com.br\/ipca-sobe-048-em-setembro-abaixo-do-esperado-energia-eletrica-e-vila-de-novo\/"},"author":{"name":"REDA\u00c7\u00c3O: UBIRAT\u00c3 ONLINE - F\u00c1BIO AUGUSTO CELESTINO","@id":"https:\/\/ubirataonline.com.br\/#\/schema\/person\/372f87bbd3fdd79b8556b84c98d0bc1c"},"headline":"IPCA sobe 0,48% em setembro, abaixo do esperado; energia el\u00e9trica \u00e9 \u201cvil\u00e3\u201d de novo","datePublished":"2025-10-09T13:21:31+00:00","mainEntityOfPage":{"@id":"https:\/\/ubirataonline.com.br\/ipca-sobe-048-em-setembro-abaixo-do-esperado-energia-eletrica-e-vila-de-novo\/"},"wordCount":476,"publisher":{"@id":"https:\/\/ubirataonline.com.br\/#organization"},"image":{"@id":"https:\/\/ubirataonline.com.br\/ipca-sobe-048-em-setembro-abaixo-do-esperado-energia-eletrica-e-vila-de-novo\/#primaryimage"},"thumbnailUrl":"https:\/\/ubirataonline.com.br\/wp-content\/uploads\/2025\/10\/2025-08-14T210304Z_1_LYNXMPEL7D0X2_RTROPTP_4_BRAZIL.jpg","articleSection":["Brasil"],"inLanguage":"en-US","copyrightYear":"2025","copyrightHolder":{"@id":"https:\/\/ubirataonline.com.br\/en\/#organization"}},{"@type":"WebPage","@id":"https:\/\/ubirataonline.com.br\/ipca-sobe-048-em-setembro-abaixo-do-esperado-energia-eletrica-e-vila-de-novo\/","url":"https:\/\/ubirataonline.com.br\/ipca-sobe-048-em-setembro-abaixo-do-esperado-energia-eletrica-e-vila-de-novo\/","name":"IPCA sobe 0,48% em setembro, abaixo do esperado; energia el\u00e9trica \u00e9 \u201cvil\u00e3\u201d de novo - Ubirat\u00e3 Online Not\u00edcias - A realidade ao seu alcance!","isPartOf":{"@id":"https:\/\/ubirataonline.com.br\/#website"},"primaryImageOfPage":{"@id":"https:\/\/ubirataonline.com.br\/ipca-sobe-048-em-setembro-abaixo-do-esperado-energia-eletrica-e-vila-de-novo\/#primaryimage"},"image":{"@id":"https:\/\/ubirataonline.com.br\/ipca-sobe-048-em-setembro-abaixo-do-esperado-energia-eletrica-e-vila-de-novo\/#primaryimage"},"thumbnailUrl":"https:\/\/ubirataonline.com.br\/wp-content\/uploads\/2025\/10\/2025-08-14T210304Z_1_LYNXMPEL7D0X2_RTROPTP_4_BRAZIL.jpg","datePublished":"2025-10-09T13:21:31+00:00","description":"O \u00cdndice Nacional de Pre\u00e7os ao Consumidor Amplo (IPCA) subiu 0,48% em setembro, ante defla\u00e7\u00e3o de 0,11% em agosto, informou o Instituto Brasileiro de","breadcrumb":{"@id":"https:\/\/ubirataonline.com.br\/ipca-sobe-048-em-setembro-abaixo-do-esperado-energia-eletrica-e-vila-de-novo\/#breadcrumb"},"inLanguage":"en-US","potentialAction":[{"@type":"ReadAction","target":["https:\/\/ubirataonline.com.br\/ipca-sobe-048-em-setembro-abaixo-do-esperado-energia-eletrica-e-vila-de-novo\/"]}]},{"@type":"ImageObject","inLanguage":"en-US","@id":"https:\/\/ubirataonline.com.br\/ipca-sobe-048-em-setembro-abaixo-do-esperado-energia-eletrica-e-vila-de-novo\/#primaryimage","url":"https:\/\/ubirataonline.com.br\/wp-content\/uploads\/2025\/10\/2025-08-14T210304Z_1_LYNXMPEL7D0X2_RTROPTP_4_BRAZIL.jpg","contentUrl":"https:\/\/ubirataonline.com.br\/wp-content\/uploads\/2025\/10\/2025-08-14T210304Z_1_LYNXMPEL7D0X2_RTROPTP_4_BRAZIL.jpg","width":875,"height":586},{"@type":"BreadcrumbList","@id":"https:\/\/ubirataonline.com.br\/ipca-sobe-048-em-setembro-abaixo-do-esperado-energia-eletrica-e-vila-de-novo\/#breadcrumb","itemListElement":[{"@type":"ListItem","position":1,"name":"In\u00edcio","item":"https:\/\/ubirataonline.com.br\/"},{"@type":"ListItem","position":2,"name":"IPCA sobe 0,48% em setembro, abaixo do esperado; energia el\u00e9trica \u00e9 \u201cvil\u00e3\u201d de novo"}]},{"@type":"WebSite","@id":"https:\/\/ubirataonline.com.br\/#website","url":"https:\/\/ubirataonline.com.br\/","name":"Ubirat\u00e3 Online Not\u00edcias","description":"Not\u00edcias de Ubirat\u00e3, regi\u00e3o, Brasil e mundo, com informa\u00e7\u00e3o atualizada e compromisso com o leitor.","publisher":{"@id":"https:\/\/ubirataonline.com.br\/#organization"},"alternateName":"Ubirat\u00e3 Online","potentialAction":[{"@type":"SearchAction","target":{"@type":"EntryPoint","urlTemplate":"https:\/\/ubirataonline.com.br\/?s={search_term_string}"},"query-input":{"@type":"PropertyValueSpecification","valueRequired":true,"valueName":"search_term_string"}}],"inLanguage":"en-US"},{"@type":["Organization","Place"],"@id":"https:\/\/ubirataonline.com.br\/#organization","name":"Ubirat\u00e3 Online Not\u00edcias","alternateName":"Ubirat\u00e3 Online","url":"https:\/\/ubirataonline.com.br\/","logo":{"@id":"https:\/\/ubirataonline.com.br\/ipca-sobe-048-em-setembro-abaixo-do-esperado-energia-eletrica-e-vila-de-novo\/#local-main-organization-logo"},"image":{"@id":"https:\/\/ubirataonline.com.br\/ipca-sobe-048-em-setembro-abaixo-do-esperado-energia-eletrica-e-vila-de-novo\/#local-main-organization-logo"},"sameAs":["https:\/\/www.facebook.com\/portalubirataonline","https:\/\/x.com\/ubirataonline","https:\/\/mastodon.social\/@ubirataonline","https:\/\/www.facebook.com\/groups\/311144672285604","https:\/\/www.facebook.com\/UBTAOnline","https:\/\/www.instagram.com\/portalubirataonline\/","https:\/\/twitter.com\/ubirataonline"],"description":"Somos um portal de not\u00edcias independente, criado em 5 de janeiro de 2009, com o objetivo de informar, conectar e valorizar a nossa comunidade de Ubirat\u00e3 e toda aregi\u00e3o. Com conte\u00fado atualizado, confi\u00e1vel e relevante, o Ubirat\u00e3 Online \u00e9 o seu espa\u00e7o para ficar por dentro dos principais acontecimentos locais, regionais, Brasil, Mundo e de interesse geral. Nosso compromisso \u00e9 com a verdade, a transpar\u00eancia e o respeito ao leitor.","legalName":"UBIRATA ONLINE NOT\u00cdCIAS","foundingDate":"2009-01-05","numberOfEmployees":{"@type":"QuantitativeValue","minValue":"1","maxValue":"10"},"publishingPrinciples":"https:\/\/ubirataonline.com.br\/faq\/","address":{"@id":"https:\/\/ubirataonline.com.br\/ipca-sobe-048-em-setembro-abaixo-do-esperado-energia-eletrica-e-vila-de-novo\/#local-main-place-address"},"geo":{"@type":"GeoCoordinates","latitude":"-24.5361401","longitude":"-52.9921776"},"telephone":["+5544998308235"],"contactPoint":{"@type":"ContactPoint","email":"contato@ubirataonline.com.br"},"openingHoursSpecification":{"@type":"OpeningHoursSpecification","dayOfWeek":["Monday","Tuesday","Wednesday","Thursday","Friday","Saturday","Sunday"],"opens":"00:00","closes":"23:59"},"email":"contato@ubirataonline.com.br","vatID":"47.621.418\/0001-80"},{"@type":"Person","@id":"https:\/\/ubirataonline.com.br\/#\/schema\/person\/372f87bbd3fdd79b8556b84c98d0bc1c","name":"REDA\u00c7\u00c3O: UBIRAT\u00c3 ONLINE - F\u00c1BIO AUGUSTO CELESTINO","pronouns":"Ele","description":"Desde 2003 trabalhando com not\u00edcias.","sameAs":["http:\/\/ubirataoline.com.br","https:\/\/www.facebook.com\/portalubirataonline","https:\/\/www.instagram.com\/ubirataonline_oficial","https:\/\/x.com\/x.com\/ubirataonline"],"honorificPrefix":"Mr.","honorificSuffix":"MD","birthDate":"1980-06-16","gender":"masculino","award":["V\u00e1rios pr\u00eamios de melhor portal da cidade"],"jobTitle":"Diretor","url":"https:\/\/ubirataonline.com.br\/en\/author\/ubirataonline\/"},{"@type":"PostalAddress","@id":"https:\/\/ubirataonline.com.br\/ipca-sobe-048-em-setembro-abaixo-do-esperado-energia-eletrica-e-vila-de-novo\/#local-main-place-address","streetAddress":"Rua dos Coqueiros, 104 - Bairro Boa Vista, Rua dos Coqueiros, 104 Bairro Boa Vista","addressLocality":"UBIRATA","postalCode":"85440-000","addressRegion":"PR","addressCountry":"BR"},{"@type":"ImageObject","inLanguage":"en-US","@id":"https:\/\/ubirataonline.com.br\/ipca-sobe-048-em-setembro-abaixo-do-esperado-energia-eletrica-e-vila-de-novo\/#local-main-organization-logo","url":"https:\/\/ubirataonline.com.br\/wp-content\/uploads\/2026\/06\/logoubirataonline-1.webp","contentUrl":"https:\/\/ubirataonline.com.br\/wp-content\/uploads\/2026\/06\/logoubirataonline-1.webp","width":500,"height":500,"caption":"Ubirat\u00e3 Online Not\u00edcias"}]},"geo.placename":"UBIRATA","geo.position":{"lat":"-24.5361401","long":"-52.9921776"},"geo.region":"Brazil"},"_links":{"self":[{"href":"https:\/\/ubirataonline.com.br\/en\/wp-json\/wp\/v2\/posts\/70696","targetHints":{"allow":["GET"]}}],"collection":[{"href":"https:\/\/ubirataonline.com.br\/en\/wp-json\/wp\/v2\/posts"}],"about":[{"href":"https:\/\/ubirataonline.com.br\/en\/wp-json\/wp\/v2\/types\/post"}],"author":[{"embeddable":true,"href":"https:\/\/ubirataonline.com.br\/en\/wp-json\/wp\/v2\/users\/1"}],"replies":[{"embeddable":true,"href":"https:\/\/ubirataonline.com.br\/en\/wp-json\/wp\/v2\/comments?post=70696"}],"version-history":[{"count":0,"href":"https:\/\/ubirataonline.com.br\/en\/wp-json\/wp\/v2\/posts\/70696\/revisions"}],"wp:featuredmedia":[{"embeddable":true,"href":"https:\/\/ubirataonline.com.br\/en\/wp-json\/wp\/v2\/media\/70697"}],"wp:attachment":[{"href":"https:\/\/ubirataonline.com.br\/en\/wp-json\/wp\/v2\/media?parent=70696"}],"wp:term":[{"taxonomy":"category","embeddable":true,"href":"https:\/\/ubirataonline.com.br\/en\/wp-json\/wp\/v2\/categories?post=70696"},{"taxonomy":"post_tag","embeddable":true,"href":"https:\/\/ubirataonline.com.br\/en\/wp-json\/wp\/v2\/tags?post=70696"}],"curies":[{"name":"wp","href":"https:\/\/api.w.org\/{rel}","templated":true}]}}