{"id":70699,"date":"2025-10-09T11:22:25","date_gmt":"2025-10-09T14:22:25","guid":{"rendered":"https:\/\/ubirataonline.com.br\/ciclone-no-feriado-do-dia-das-criancas-deixa-pais-em-alerta\/"},"modified":"2025-10-09T11:22:25","modified_gmt":"2025-10-09T14:22:25","slug":"ciclone-no-feriado-do-dia-das-criancas-deixa-pais-em-alerta","status":"publish","type":"post","link":"https:\/\/ubirataonline.com.br\/en\/ciclone-no-feriado-do-dia-das-criancas-deixa-pais-em-alerta\/","title":{"rendered":"Ciclone no feriado do Dia das Crian\u00e7as deixa pa\u00eds em alerta"},"content":{"rendered":"<p><\/p>\n<div data-post-url=\"\/tempo\/ciclone-no-feriado-do-dia-das-criancas-deixa-pais-em-alerta\/\" data-post-title=\"Forma\u00e7\u00e3o de ciclone deve atingir o Brasil no Dia das Crian\u00e7as; veja as \u00e1reas sob alerta\">\n<div id=\"attachment_2679354\" data-src=\"https:\/\/static.ndmais.com.br\/2025\/10\/formacao-de-um-ciclone-no-feriado-do-dia-das-criancas-deve-trazer-tempestades-para-o-pais.jpg\" class=\"wp-caption alignnone\"><img class=\"content-first-image wp-image-2679354 size-full\" loading=\"eager\" decoding=\"sync\" fetchpriority=\"high\" src=\"https:\/\/static.ndmais.com.br\/2025\/10\/formacao-de-um-ciclone-no-feriado-do-dia-das-criancas-deve-trazer-tempestades-para-o-pais.jpg\" alt=\"Ciclone no feriado do Dia das Crian\u00e7as deve trazer temporais no Sul e centro-Oeste do pa\u00eds\" width=\"1200\" height=\"700\" srcset=\"https:\/\/static.ndmais.com.br\/2025\/10\/formacao-de-um-ciclone-no-feriado-do-dia-das-criancas-deve-trazer-tempestades-para-o-pais.jpg 1200w, https:\/\/static.ndmais.com.br\/2025\/10\/formacao-de-um-ciclone-no-feriado-do-dia-das-criancas-deve-trazer-tempestades-para-o-pais-800x467.jpg 800w, https:\/\/static.ndmais.com.br\/2025\/10\/formacao-de-um-ciclone-no-feriado-do-dia-das-criancas-deve-trazer-tempestades-para-o-pais-768x448.jpg 768w, https:\/\/static.ndmais.com.br\/2025\/10\/formacao-de-um-ciclone-no-feriado-do-dia-das-criancas-deve-trazer-tempestades-para-o-pais-320x187.jpg 320w\" sizes=\"(max-width: 1200px) 100vw, 1200px\"\/><span class=\"wp-caption-text\">Forma\u00e7\u00e3o de um ciclone no feriado do Dia das Crian\u00e7as deve trazer tempestades para o pa\u00eds<span class=\"post-img-credit\">Foto: Gabriel Zaparolli\/Bramon (Brazilian Meteor Observation Network e Storm)<\/span><\/span><\/div>\n<p>A regi\u00e3o centro-sul do Brasil est\u00e1 em alerta por conta da forma\u00e7\u00e3o de um ciclone no feriado de Dia das Crian\u00e7as e de Nossa Senhora Aparecida, no pr\u00f3ximo domingo (12).<\/p>\n<p>O fen\u00f4meno, impulsionado por um rio atmosf\u00e9rico, tem potencial para provocar <a href=\"https:\/\/ndmais.com.br\/tempo\/os-estados-mais-afetados-pela-frente-fria\/\">tempestades severas<\/a> em toda a Regi\u00e3o Sul e parte do Centro-Oeste.<\/p>\n<p>De acordo com o Meteored, a \u00e1rea entre a costa do Uruguai e o extremo sul do Brasil \u00e9 conhecida por ser uma zona de forma\u00e7\u00e3o de ciclones extratropicais, devido \u00e0 combina\u00e7\u00e3o de ventos intensos em altitude e calor \u00famido na superf\u00edcie. Essa configura\u00e7\u00e3o atmosf\u00e9rica favorece quedas de press\u00e3o que impulsionam a forma\u00e7\u00e3o do sistema.<\/p>\n<p><a class=\"cta-whatsapp d-flex justify-content-between align-items-center w-100\" target=\"_blank\" rel=\"nofollow noopner\" href=\"https:\/\/ndmais.com.br\/grupondmais\"> <span class=\"cta-whatsapp-message d-flex justify-content-start align-items-center\"> <i class=\"cta-whatsapp-icon bi bi-whatsapp d-block\"\/> <span class=\"cta-whatsapp-text d-inline-block\">Receba no WhatsApp as principais not\u00edcias <\/span> <\/span> <span class=\"cta-whatsapp-btn btn\">Entre no grupo<\/span><\/a><\/p>\n<p>O chamado jato de baixos n\u00edveis (JBN), corrente de vento que transporta calor e umidade da Amaz\u00f4nia para o sul do continente, atua como um verdadeiro \u201crio atmosf\u00e9rico\u201d, intensificando a energia do ciclone. \u00c0 medida que o sistema se aprofunda, ele atrai ainda mais umidade, potencializando as tempestades.<\/p>\n<div id=\"attachment_2679353\" data-src=\"https:\/\/static.ndmais.com.br\/2025\/10\/sul-e-centro-oeste-deve-registrar-fortes-rajadas-de-vento-tempestades-e-queda-de-granizo.jpg\" class=\"wp-caption alignnone\"><img class=\"wp-image-2679353 size-full\" loading=\"lazy\" decoding=\"async\" src=\"https:\/\/static.ndmais.com.br\/2025\/10\/sul-e-centro-oeste-deve-registrar-fortes-rajadas-de-vento-tempestades-e-queda-de-granizo.jpg\" alt=\"Fen\u00f4meno deve trazer temporais com queda de granizo e ventos intensos\" width=\"1200\" height=\"700\" srcset=\"https:\/\/static.ndmais.com.br\/2025\/10\/sul-e-centro-oeste-deve-registrar-fortes-rajadas-de-vento-tempestades-e-queda-de-granizo.jpg 1200w, https:\/\/static.ndmais.com.br\/2025\/10\/sul-e-centro-oeste-deve-registrar-fortes-rajadas-de-vento-tempestades-e-queda-de-granizo-800x467.jpg 800w, https:\/\/static.ndmais.com.br\/2025\/10\/sul-e-centro-oeste-deve-registrar-fortes-rajadas-de-vento-tempestades-e-queda-de-granizo-768x448.jpg 768w, https:\/\/static.ndmais.com.br\/2025\/10\/sul-e-centro-oeste-deve-registrar-fortes-rajadas-de-vento-tempestades-e-queda-de-granizo-320x187.jpg 320w\" sizes=\"auto, (max-width: 1200px) 100vw, 1200px\"\/><span class=\"wp-caption-text\">Sul e Centro-Oeste deve registrar fortes rajadas de vento, tempestades e queda de granizo<span class=\"post-img-credit\">Foto: Divulga\u00e7\u00e3o\/Julito Ribas<\/span><\/span><\/div>\n<h2>Ciclone no feriado Dia das Crian\u00e7as traz alerta para tempestades<\/h2>\n<p>Com o avan\u00e7o do ciclone no feriado do Dia das Crian\u00e7as, as tempestades devem atingir todo o Sul do pa\u00eds e partes do Centro-Oeste, incluindo Mato Grosso do Sul e Mato Grosso. As instabilidades come\u00e7am ainda na madrugada de domingo (12) na fronteira oeste do Rio Grande do Sul e se deslocam rapidamente para o leste ao longo do dia.<\/p>\n<p>At\u00e9 o final da manh\u00e3, a chuva deve alcan\u00e7ar o centro-norte ga\u00facho e o oeste de Santa Catarina e Paran\u00e1. O modelo meteorol\u00f3gico ECMWF, da <a href=\"https:\/\/www.tempo.com\/noticias\/previsao\/formacao-de-intenso-ciclone-e-previsto-para-o-feriado-de-nossa-senhora-aparecida-veja-as-areas-em-alerta-de-tempestades.html\" target=\"_blank\" rel=\"noopener\">Meteored<\/a>, indica que as \u00e1reas mais afetadas ser\u00e3o a metade oeste do Rio Grande do Sul (Campanha, Oeste, Centro e Norte).<\/p>\n<div id=\"attachment_2679355\" data-src=\"https:\/\/static.ndmais.com.br\/2025\/10\/formacao-de-um-novo-ciclone-deve-atingir-o-centro-sul-do-brasil-no-domingo-12.jpg\" class=\"wp-caption alignnone\"><img class=\"wp-image-2679355 size-full\" loading=\"lazy\" decoding=\"async\" src=\"https:\/\/static.ndmais.com.br\/2025\/10\/formacao-de-um-novo-ciclone-deve-atingir-o-centro-sul-do-brasil-no-domingo-12.jpg\" alt=\"Ciclone deve atingir o RS, SC, PR e MS\" width=\"1200\" height=\"700\" srcset=\"https:\/\/static.ndmais.com.br\/2025\/10\/formacao-de-um-novo-ciclone-deve-atingir-o-centro-sul-do-brasil-no-domingo-12.jpg 1200w, https:\/\/static.ndmais.com.br\/2025\/10\/formacao-de-um-novo-ciclone-deve-atingir-o-centro-sul-do-brasil-no-domingo-12-800x467.jpg 800w, https:\/\/static.ndmais.com.br\/2025\/10\/formacao-de-um-novo-ciclone-deve-atingir-o-centro-sul-do-brasil-no-domingo-12-768x448.jpg 768w, https:\/\/static.ndmais.com.br\/2025\/10\/formacao-de-um-novo-ciclone-deve-atingir-o-centro-sul-do-brasil-no-domingo-12-320x187.jpg 320w\" sizes=\"auto, (max-width: 1200px) 100vw, 1200px\"\/><span class=\"wp-caption-text\">Forma\u00e7\u00e3o de um novo ciclone deve atingir o Centro-Sul do Brasil no domingo (12)<span class=\"post-img-credit\">Foto: Divulga\u00e7\u00e3o\/Meteored<\/span><\/span><\/div>\n<p>Al\u00e9m disso, o Centro-Oeste de Santa Catarina e Paran\u00e1, al\u00e9m do Sudoeste e Baixo Pantanal do Mato Grosso do Sul tamb\u00e9m est\u00e3o sob risco para o fen\u00f4meno. Nessas regi\u00f5es, h\u00e1 alto potencial para granizo, rajadas intensas de vento, chuva volumosa e raios frequentes.<\/p>\n<p>A presen\u00e7a de granizo indica intensa movimenta\u00e7\u00e3o vertical na atmosfera, com nuvens altamente desenvolvidas e risco elevado de danos. A popula\u00e7\u00e3o pode enfrentar interrup\u00e7\u00f5es de energia, destelhamentos, queda de \u00e1rvores e alagamentos repentinos, al\u00e9m de mar agitado no litoral ga\u00facho.<\/p>\n<p>As autoridades recomendam que os moradores evitem permanecer ao ar livre durante as tempestades e sigam rigorosamente as orienta\u00e7\u00f5es da Defesa Civil de cada estado.<\/p>\n<\/p><\/div>\n<p><a href=\"https:\/\/ndmais.com.br\/tempo\/ciclone-no-feriado-do-dia-das-criancas-deixa-pais-em-alerta\/\">Source link <\/a><\/p>","protected":false},"excerpt":{"rendered":"<p>Forma\u00e7\u00e3o de um ciclone no feriado do Dia das Crian\u00e7as deve trazer tempestades para o pa\u00edsFoto: Gabriel Zaparolli\/Bramon (Brazilian Meteor Observation Network e Storm) A regi\u00e3o centro-sul do Brasil est\u00e1 em alerta por conta da forma\u00e7\u00e3o de um ciclone no feriado de Dia das Crian\u00e7as e de Nossa Senhora Aparecida, no pr\u00f3ximo domingo (12). O [&hellip;]<\/p>\n","protected":false},"author":1,"featured_media":70700,"comment_status":"","ping_status":"","sticky":false,"template":"","format":"standard","meta":{"googlesitekit_rrm_CAow2JLhCw:productID":"","_gspb_post_css":"","maa_idioma":"","maa_pais":"","footnotes":""},"categories":[4],"tags":[],"class_list":["post-70699","post","type-post","status-publish","format-standard","has-post-thumbnail","hentry","category-brasil"],"blocksy_meta":[],"yoast_head":"<!-- This site is optimized with the Yoast SEO Premium plugin v27.6 (Yoast SEO v27.6) - https:\/\/yoast.com\/product\/yoast-seo-premium-wordpress\/ -->\n<title>Ciclone no feriado do Dia das Crian\u00e7as deixa pa\u00eds em alerta - Ubirat\u00e3 Online Not\u00edcias - A realidade ao seu alcance!<\/title>\n<meta name=\"description\" content=\"Forma\u00e7\u00e3o de um ciclone no feriado do Dia das Crian\u00e7as deve trazer tempestades para o pa\u00edsFoto: Gabriel Zaparolli\/Bramon (Brazilian Meteor Observation\" \/>\n<meta name=\"robots\" content=\"index, follow, max-snippet:-1, max-image-preview:large, max-video-preview:-1\" \/>\n<link rel=\"canonical\" href=\"https:\/\/ubirataonline.com.br\/en\/ciclone-no-feriado-do-dia-das-criancas-deixa-pais-em-alerta\/\" \/>\n<meta property=\"og:locale\" content=\"en_US\" \/>\n<meta property=\"og:type\" content=\"article\" \/>\n<meta property=\"og:title\" content=\"Ciclone no feriado do Dia das Crian\u00e7as deixa pa\u00eds em alerta\" \/>\n<meta property=\"og:description\" content=\"Forma\u00e7\u00e3o de um ciclone no feriado do Dia das Crian\u00e7as deve trazer tempestades para o pa\u00edsFoto: Gabriel Zaparolli\/Bramon (Brazilian Meteor Observation\" \/>\n<meta property=\"og:url\" content=\"https:\/\/ubirataonline.com.br\/en\/ciclone-no-feriado-do-dia-das-criancas-deixa-pais-em-alerta\/\" \/>\n<meta property=\"og:site_name\" content=\"Ubirat\u00e3 Online Not\u00edcias - A realidade ao seu alcance!\" \/>\n<meta property=\"article:publisher\" content=\"https:\/\/www.facebook.com\/portalubirataonline\" \/>\n<meta property=\"article:author\" content=\"https:\/\/www.facebook.com\/portalubirataonline\" \/>\n<meta property=\"article:published_time\" content=\"2025-10-09T14:22:25+00:00\" \/>\n<meta property=\"og:image\" content=\"https:\/\/ubirataonline.com.br\/wp-content\/uploads\/2026\/05\/logo2026.webp\" \/>\n\t<meta property=\"og:image:width\" content=\"1531\" \/>\n\t<meta property=\"og:image:height\" content=\"418\" \/>\n\t<meta property=\"og:image:type\" content=\"image\/webp\" \/>\n<meta name=\"author\" content=\"REDA\u00c7\u00c3O: UBIRAT\u00c3 ONLINE - F\u00c1BIO AUGUSTO CELESTINO\" \/>\n<meta name=\"twitter:card\" content=\"summary_large_image\" \/>\n<meta name=\"twitter:creator\" content=\"@x.com\/ubirataonline\" \/>\n<meta name=\"twitter:site\" content=\"@ubirataonline\" \/>\n<meta name=\"twitter:label1\" content=\"Written by\" \/>\n\t<meta name=\"twitter:data1\" content=\"REDA\u00c7\u00c3O: UBIRAT\u00c3 ONLINE - F\u00c1BIO AUGUSTO CELESTINO\" \/>\n\t<meta name=\"twitter:label2\" content=\"Est. reading time\" \/>\n\t<meta name=\"twitter:data2\" content=\"2 minutes\" \/>\n<script type=\"application\/ld+json\" class=\"yoast-schema-graph\">{\"@context\":\"https:\\\/\\\/schema.org\",\"@graph\":[{\"@type\":\"NewsArticle\",\"@id\":\"https:\\\/\\\/ubirataonline.com.br\\\/ciclone-no-feriado-do-dia-das-criancas-deixa-pais-em-alerta\\\/#article\",\"isPartOf\":{\"@id\":\"https:\\\/\\\/ubirataonline.com.br\\\/ciclone-no-feriado-do-dia-das-criancas-deixa-pais-em-alerta\\\/\"},\"author\":{\"name\":\"REDA\u00c7\u00c3O: UBIRAT\u00c3 ONLINE - F\u00c1BIO AUGUSTO CELESTINO\",\"@id\":\"https:\\\/\\\/ubirataonline.com.br\\\/#\\\/schema\\\/person\\\/372f87bbd3fdd79b8556b84c98d0bc1c\"},\"headline\":\"Ciclone no feriado do Dia das Crian\u00e7as deixa pa\u00eds em alerta\",\"datePublished\":\"2025-10-09T14:22:25+00:00\",\"mainEntityOfPage\":{\"@id\":\"https:\\\/\\\/ubirataonline.com.br\\\/ciclone-no-feriado-do-dia-das-criancas-deixa-pais-em-alerta\\\/\"},\"wordCount\":502,\"publisher\":{\"@id\":\"https:\\\/\\\/ubirataonline.com.br\\\/#organization\"},\"image\":{\"@id\":\"https:\\\/\\\/ubirataonline.com.br\\\/ciclone-no-feriado-do-dia-das-criancas-deixa-pais-em-alerta\\\/#primaryimage\"},\"thumbnailUrl\":\"https:\\\/\\\/ubirataonline.com.br\\\/wp-content\\\/uploads\\\/2025\\\/10\\\/formacao-de-um-ciclone-no-feriado-do-dia-das-criancas-deve-trazer-tempestades-para-o-pais-1200x675.j.jpeg\",\"articleSection\":[\"Brasil\"],\"inLanguage\":\"en-US\",\"copyrightYear\":\"2025\",\"copyrightHolder\":{\"@id\":\"https:\\\/\\\/ubirataonline.com.br\\\/en\\\/#organization\"}},{\"@type\":\"WebPage\",\"@id\":\"https:\\\/\\\/ubirataonline.com.br\\\/ciclone-no-feriado-do-dia-das-criancas-deixa-pais-em-alerta\\\/\",\"url\":\"https:\\\/\\\/ubirataonline.com.br\\\/ciclone-no-feriado-do-dia-das-criancas-deixa-pais-em-alerta\\\/\",\"name\":\"Ciclone no feriado do Dia das Crian\u00e7as deixa pa\u00eds em alerta - Ubirat\u00e3 Online Not\u00edcias - A realidade ao seu alcance!\",\"isPartOf\":{\"@id\":\"https:\\\/\\\/ubirataonline.com.br\\\/#website\"},\"primaryImageOfPage\":{\"@id\":\"https:\\\/\\\/ubirataonline.com.br\\\/ciclone-no-feriado-do-dia-das-criancas-deixa-pais-em-alerta\\\/#primaryimage\"},\"image\":{\"@id\":\"https:\\\/\\\/ubirataonline.com.br\\\/ciclone-no-feriado-do-dia-das-criancas-deixa-pais-em-alerta\\\/#primaryimage\"},\"thumbnailUrl\":\"https:\\\/\\\/ubirataonline.com.br\\\/wp-content\\\/uploads\\\/2025\\\/10\\\/formacao-de-um-ciclone-no-feriado-do-dia-das-criancas-deve-trazer-tempestades-para-o-pais-1200x675.j.jpeg\",\"datePublished\":\"2025-10-09T14:22:25+00:00\",\"description\":\"Forma\u00e7\u00e3o de um ciclone no feriado do Dia das Crian\u00e7as deve trazer tempestades para o pa\u00edsFoto: Gabriel Zaparolli\\\/Bramon (Brazilian Meteor Observation\",\"breadcrumb\":{\"@id\":\"https:\\\/\\\/ubirataonline.com.br\\\/ciclone-no-feriado-do-dia-das-criancas-deixa-pais-em-alerta\\\/#breadcrumb\"},\"inLanguage\":\"en-US\",\"potentialAction\":[{\"@type\":\"ReadAction\",\"target\":[\"https:\\\/\\\/ubirataonline.com.br\\\/ciclone-no-feriado-do-dia-das-criancas-deixa-pais-em-alerta\\\/\"]}]},{\"@type\":\"ImageObject\",\"inLanguage\":\"en-US\",\"@id\":\"https:\\\/\\\/ubirataonline.com.br\\\/ciclone-no-feriado-do-dia-das-criancas-deixa-pais-em-alerta\\\/#primaryimage\",\"url\":\"https:\\\/\\\/ubirataonline.com.br\\\/wp-content\\\/uploads\\\/2025\\\/10\\\/formacao-de-um-ciclone-no-feriado-do-dia-das-criancas-deve-trazer-tempestades-para-o-pais-1200x675.j.jpeg\",\"contentUrl\":\"https:\\\/\\\/ubirataonline.com.br\\\/wp-content\\\/uploads\\\/2025\\\/10\\\/formacao-de-um-ciclone-no-feriado-do-dia-das-criancas-deve-trazer-tempestades-para-o-pais-1200x675.j.jpeg\",\"width\":1200,\"height\":675},{\"@type\":\"BreadcrumbList\",\"@id\":\"https:\\\/\\\/ubirataonline.com.br\\\/ciclone-no-feriado-do-dia-das-criancas-deixa-pais-em-alerta\\\/#breadcrumb\",\"itemListElement\":[{\"@type\":\"ListItem\",\"position\":1,\"name\":\"In\u00edcio\",\"item\":\"https:\\\/\\\/ubirataonline.com.br\\\/\"},{\"@type\":\"ListItem\",\"position\":2,\"name\":\"Ciclone no feriado do Dia das Crian\u00e7as deixa pa\u00eds em alerta\"}]},{\"@type\":\"WebSite\",\"@id\":\"https:\\\/\\\/ubirataonline.com.br\\\/#website\",\"url\":\"https:\\\/\\\/ubirataonline.com.br\\\/\",\"name\":\"Ubirat\u00e3 Online Not\u00edcias\",\"description\":\"Not\u00edcias de Ubirat\u00e3, regi\u00e3o, Brasil e mundo, com informa\u00e7\u00e3o atualizada e compromisso com o leitor.\",\"publisher\":{\"@id\":\"https:\\\/\\\/ubirataonline.com.br\\\/#organization\"},\"alternateName\":\"Ubirat\u00e3 Online\",\"potentialAction\":[{\"@type\":\"SearchAction\",\"target\":{\"@type\":\"EntryPoint\",\"urlTemplate\":\"https:\\\/\\\/ubirataonline.com.br\\\/?s={search_term_string}\"},\"query-input\":{\"@type\":\"PropertyValueSpecification\",\"valueRequired\":true,\"valueName\":\"search_term_string\"}}],\"inLanguage\":\"en-US\"},{\"@type\":[\"Organization\",\"Place\"],\"@id\":\"https:\\\/\\\/ubirataonline.com.br\\\/#organization\",\"name\":\"Ubirat\u00e3 Online Not\u00edcias\",\"alternateName\":\"Ubirat\u00e3 Online\",\"url\":\"https:\\\/\\\/ubirataonline.com.br\\\/\",\"logo\":{\"@id\":\"https:\\\/\\\/ubirataonline.com.br\\\/ciclone-no-feriado-do-dia-das-criancas-deixa-pais-em-alerta\\\/#local-main-organization-logo\"},\"image\":{\"@id\":\"https:\\\/\\\/ubirataonline.com.br\\\/ciclone-no-feriado-do-dia-das-criancas-deixa-pais-em-alerta\\\/#local-main-organization-logo\"},\"sameAs\":[\"https:\\\/\\\/www.facebook.com\\\/portalubirataonline\",\"https:\\\/\\\/x.com\\\/ubirataonline\",\"https:\\\/\\\/mastodon.social\\\/@ubirataonline\",\"https:\\\/\\\/www.facebook.com\\\/groups\\\/311144672285604\",\"https:\\\/\\\/www.facebook.com\\\/UBTAOnline\",\"https:\\\/\\\/www.instagram.com\\\/portalubirataonline\\\/\",\"https:\\\/\\\/twitter.com\\\/ubirataonline\"],\"description\":\"Somos um portal de not\u00edcias independente, criado em 5 de janeiro de 2009, com o objetivo de informar, conectar e valorizar a nossa comunidade de Ubirat\u00e3 e toda aregi\u00e3o. Com conte\u00fado atualizado, confi\u00e1vel e relevante, o Ubirat\u00e3 Online \u00e9 o seu espa\u00e7o para ficar por dentro dos principais acontecimentos locais, regionais, Brasil, Mundo e de interesse geral. Nosso compromisso \u00e9 com a verdade, a transpar\u00eancia e o respeito ao leitor.\",\"legalName\":\"UBIRATA ONLINE NOT\u00cdCIAS\",\"foundingDate\":\"2009-01-05\",\"numberOfEmployees\":{\"@type\":\"QuantitativeValue\",\"minValue\":\"1\",\"maxValue\":\"10\"},\"publishingPrinciples\":\"https:\\\/\\\/ubirataonline.com.br\\\/faq\\\/\",\"address\":{\"@id\":\"https:\\\/\\\/ubirataonline.com.br\\\/ciclone-no-feriado-do-dia-das-criancas-deixa-pais-em-alerta\\\/#local-main-place-address\"},\"geo\":{\"@type\":\"GeoCoordinates\",\"latitude\":\"-24.5361401\",\"longitude\":\"-52.9921776\"},\"telephone\":[\"+5544998308235\"],\"contactPoint\":{\"@type\":\"ContactPoint\",\"email\":\"contato@ubirataonline.com.br\"},\"openingHoursSpecification\":{\"@type\":\"OpeningHoursSpecification\",\"dayOfWeek\":[\"Monday\",\"Tuesday\",\"Wednesday\",\"Thursday\",\"Friday\",\"Saturday\",\"Sunday\"],\"opens\":\"00:00\",\"closes\":\"23:59\"},\"email\":\"contato@ubirataonline.com.br\",\"vatID\":\"47.621.418\\\/0001-80\"},{\"@type\":\"Person\",\"@id\":\"https:\\\/\\\/ubirataonline.com.br\\\/#\\\/schema\\\/person\\\/372f87bbd3fdd79b8556b84c98d0bc1c\",\"name\":\"REDA\u00c7\u00c3O: UBIRAT\u00c3 ONLINE - F\u00c1BIO AUGUSTO CELESTINO\",\"pronouns\":\"Ele\",\"description\":\"Desde 2003 trabalhando com not\u00edcias.\",\"sameAs\":[\"http:\\\/\\\/ubirataoline.com.br\",\"https:\\\/\\\/www.facebook.com\\\/portalubirataonline\",\"https:\\\/\\\/www.instagram.com\\\/ubirataonline_oficial\",\"https:\\\/\\\/x.com\\\/x.com\\\/ubirataonline\"],\"honorificPrefix\":\"Mr.\",\"honorificSuffix\":\"MD\",\"birthDate\":\"1980-06-16\",\"gender\":\"masculino\",\"award\":[\"V\u00e1rios pr\u00eamios de melhor portal da cidade\"],\"jobTitle\":\"Diretor\",\"url\":\"https:\\\/\\\/ubirataonline.com.br\\\/en\\\/author\\\/ubirataonline\\\/\"},{\"@type\":\"PostalAddress\",\"@id\":\"https:\\\/\\\/ubirataonline.com.br\\\/ciclone-no-feriado-do-dia-das-criancas-deixa-pais-em-alerta\\\/#local-main-place-address\",\"streetAddress\":\"Rua dos Coqueiros, 104 - Bairro Boa Vista, Rua dos Coqueiros, 104 Bairro Boa Vista\",\"addressLocality\":\"UBIRATA\",\"postalCode\":\"85440-000\",\"addressRegion\":\"PR\",\"addressCountry\":\"BR\"},{\"@type\":\"ImageObject\",\"inLanguage\":\"en-US\",\"@id\":\"https:\\\/\\\/ubirataonline.com.br\\\/ciclone-no-feriado-do-dia-das-criancas-deixa-pais-em-alerta\\\/#local-main-organization-logo\",\"url\":\"https:\\\/\\\/ubirataonline.com.br\\\/wp-content\\\/uploads\\\/2026\\\/06\\\/logoubirataonline-1.webp\",\"contentUrl\":\"https:\\\/\\\/ubirataonline.com.br\\\/wp-content\\\/uploads\\\/2026\\\/06\\\/logoubirataonline-1.webp\",\"width\":500,\"height\":500,\"caption\":\"Ubirat\u00e3 Online Not\u00edcias\"}]}<\/script>\n<meta name=\"geo.placename\" content=\"UBIRATA\" \/>\n<meta name=\"geo.position\" content=\"-24.5361401;-52.9921776\" \/>\n<meta name=\"geo.region\" content=\"Brazil\" \/>\n<!-- \/ Yoast SEO Premium plugin. -->","yoast_head_json":{"title":"Ciclone no feriado do Dia das Crian\u00e7as deixa pa\u00eds em alerta - Ubirat\u00e3 Online Not\u00edcias - A realidade ao seu alcance!","description":"Forma\u00e7\u00e3o de um ciclone no feriado do Dia das Crian\u00e7as deve trazer tempestades para o pa\u00edsFoto: Gabriel Zaparolli\/Bramon (Brazilian Meteor Observation","robots":{"index":"index","follow":"follow","max-snippet":"max-snippet:-1","max-image-preview":"max-image-preview:large","max-video-preview":"max-video-preview:-1"},"canonical":"https:\/\/ubirataonline.com.br\/en\/ciclone-no-feriado-do-dia-das-criancas-deixa-pais-em-alerta\/","og_locale":"en_US","og_type":"article","og_title":"Ciclone no feriado do Dia das Crian\u00e7as deixa pa\u00eds em alerta","og_description":"Forma\u00e7\u00e3o de um ciclone no feriado do Dia das Crian\u00e7as deve trazer tempestades para o pa\u00edsFoto: Gabriel Zaparolli\/Bramon (Brazilian Meteor Observation","og_url":"https:\/\/ubirataonline.com.br\/en\/ciclone-no-feriado-do-dia-das-criancas-deixa-pais-em-alerta\/","og_site_name":"Ubirat\u00e3 Online Not\u00edcias - A realidade ao seu alcance!","article_publisher":"https:\/\/www.facebook.com\/portalubirataonline","article_author":"https:\/\/www.facebook.com\/portalubirataonline","article_published_time":"2025-10-09T14:22:25+00:00","og_image":[{"width":1531,"height":418,"url":"https:\/\/ubirataonline.com.br\/wp-content\/uploads\/2026\/05\/logo2026.webp","type":"image\/webp"}],"author":"REDA\u00c7\u00c3O: UBIRAT\u00c3 ONLINE - F\u00c1BIO AUGUSTO CELESTINO","twitter_card":"summary_large_image","twitter_creator":"@x.com\/ubirataonline","twitter_site":"@ubirataonline","twitter_misc":{"Written by":"REDA\u00c7\u00c3O: UBIRAT\u00c3 ONLINE - F\u00c1BIO AUGUSTO CELESTINO","Est. reading time":"2 minutes"},"schema":{"@context":"https:\/\/schema.org","@graph":[{"@type":"NewsArticle","@id":"https:\/\/ubirataonline.com.br\/ciclone-no-feriado-do-dia-das-criancas-deixa-pais-em-alerta\/#article","isPartOf":{"@id":"https:\/\/ubirataonline.com.br\/ciclone-no-feriado-do-dia-das-criancas-deixa-pais-em-alerta\/"},"author":{"name":"REDA\u00c7\u00c3O: UBIRAT\u00c3 ONLINE - F\u00c1BIO AUGUSTO CELESTINO","@id":"https:\/\/ubirataonline.com.br\/#\/schema\/person\/372f87bbd3fdd79b8556b84c98d0bc1c"},"headline":"Ciclone no feriado do Dia das Crian\u00e7as deixa pa\u00eds em alerta","datePublished":"2025-10-09T14:22:25+00:00","mainEntityOfPage":{"@id":"https:\/\/ubirataonline.com.br\/ciclone-no-feriado-do-dia-das-criancas-deixa-pais-em-alerta\/"},"wordCount":502,"publisher":{"@id":"https:\/\/ubirataonline.com.br\/#organization"},"image":{"@id":"https:\/\/ubirataonline.com.br\/ciclone-no-feriado-do-dia-das-criancas-deixa-pais-em-alerta\/#primaryimage"},"thumbnailUrl":"https:\/\/ubirataonline.com.br\/wp-content\/uploads\/2025\/10\/formacao-de-um-ciclone-no-feriado-do-dia-das-criancas-deve-trazer-tempestades-para-o-pais-1200x675.j.jpeg","articleSection":["Brasil"],"inLanguage":"en-US","copyrightYear":"2025","copyrightHolder":{"@id":"https:\/\/ubirataonline.com.br\/en\/#organization"}},{"@type":"WebPage","@id":"https:\/\/ubirataonline.com.br\/ciclone-no-feriado-do-dia-das-criancas-deixa-pais-em-alerta\/","url":"https:\/\/ubirataonline.com.br\/ciclone-no-feriado-do-dia-das-criancas-deixa-pais-em-alerta\/","name":"Ciclone no feriado do Dia das Crian\u00e7as deixa pa\u00eds em alerta - Ubirat\u00e3 Online Not\u00edcias - A realidade ao seu alcance!","isPartOf":{"@id":"https:\/\/ubirataonline.com.br\/#website"},"primaryImageOfPage":{"@id":"https:\/\/ubirataonline.com.br\/ciclone-no-feriado-do-dia-das-criancas-deixa-pais-em-alerta\/#primaryimage"},"image":{"@id":"https:\/\/ubirataonline.com.br\/ciclone-no-feriado-do-dia-das-criancas-deixa-pais-em-alerta\/#primaryimage"},"thumbnailUrl":"https:\/\/ubirataonline.com.br\/wp-content\/uploads\/2025\/10\/formacao-de-um-ciclone-no-feriado-do-dia-das-criancas-deve-trazer-tempestades-para-o-pais-1200x675.j.jpeg","datePublished":"2025-10-09T14:22:25+00:00","description":"Forma\u00e7\u00e3o de um ciclone no feriado do Dia das Crian\u00e7as deve trazer tempestades para o pa\u00edsFoto: Gabriel Zaparolli\/Bramon (Brazilian Meteor Observation","breadcrumb":{"@id":"https:\/\/ubirataonline.com.br\/ciclone-no-feriado-do-dia-das-criancas-deixa-pais-em-alerta\/#breadcrumb"},"inLanguage":"en-US","potentialAction":[{"@type":"ReadAction","target":["https:\/\/ubirataonline.com.br\/ciclone-no-feriado-do-dia-das-criancas-deixa-pais-em-alerta\/"]}]},{"@type":"ImageObject","inLanguage":"en-US","@id":"https:\/\/ubirataonline.com.br\/ciclone-no-feriado-do-dia-das-criancas-deixa-pais-em-alerta\/#primaryimage","url":"https:\/\/ubirataonline.com.br\/wp-content\/uploads\/2025\/10\/formacao-de-um-ciclone-no-feriado-do-dia-das-criancas-deve-trazer-tempestades-para-o-pais-1200x675.j.jpeg","contentUrl":"https:\/\/ubirataonline.com.br\/wp-content\/uploads\/2025\/10\/formacao-de-um-ciclone-no-feriado-do-dia-das-criancas-deve-trazer-tempestades-para-o-pais-1200x675.j.jpeg","width":1200,"height":675},{"@type":"BreadcrumbList","@id":"https:\/\/ubirataonline.com.br\/ciclone-no-feriado-do-dia-das-criancas-deixa-pais-em-alerta\/#breadcrumb","itemListElement":[{"@type":"ListItem","position":1,"name":"In\u00edcio","item":"https:\/\/ubirataonline.com.br\/"},{"@type":"ListItem","position":2,"name":"Ciclone no feriado do Dia das Crian\u00e7as deixa pa\u00eds em alerta"}]},{"@type":"WebSite","@id":"https:\/\/ubirataonline.com.br\/#website","url":"https:\/\/ubirataonline.com.br\/","name":"Ubirat\u00e3 Online Not\u00edcias","description":"Not\u00edcias de Ubirat\u00e3, regi\u00e3o, Brasil e mundo, com informa\u00e7\u00e3o atualizada e compromisso com o leitor.","publisher":{"@id":"https:\/\/ubirataonline.com.br\/#organization"},"alternateName":"Ubirat\u00e3 Online","potentialAction":[{"@type":"SearchAction","target":{"@type":"EntryPoint","urlTemplate":"https:\/\/ubirataonline.com.br\/?s={search_term_string}"},"query-input":{"@type":"PropertyValueSpecification","valueRequired":true,"valueName":"search_term_string"}}],"inLanguage":"en-US"},{"@type":["Organization","Place"],"@id":"https:\/\/ubirataonline.com.br\/#organization","name":"Ubirat\u00e3 Online Not\u00edcias","alternateName":"Ubirat\u00e3 Online","url":"https:\/\/ubirataonline.com.br\/","logo":{"@id":"https:\/\/ubirataonline.com.br\/ciclone-no-feriado-do-dia-das-criancas-deixa-pais-em-alerta\/#local-main-organization-logo"},"image":{"@id":"https:\/\/ubirataonline.com.br\/ciclone-no-feriado-do-dia-das-criancas-deixa-pais-em-alerta\/#local-main-organization-logo"},"sameAs":["https:\/\/www.facebook.com\/portalubirataonline","https:\/\/x.com\/ubirataonline","https:\/\/mastodon.social\/@ubirataonline","https:\/\/www.facebook.com\/groups\/311144672285604","https:\/\/www.facebook.com\/UBTAOnline","https:\/\/www.instagram.com\/portalubirataonline\/","https:\/\/twitter.com\/ubirataonline"],"description":"Somos um portal de not\u00edcias independente, criado em 5 de janeiro de 2009, com o objetivo de informar, conectar e valorizar a nossa comunidade de Ubirat\u00e3 e toda aregi\u00e3o. Com conte\u00fado atualizado, confi\u00e1vel e relevante, o Ubirat\u00e3 Online \u00e9 o seu espa\u00e7o para ficar por dentro dos principais acontecimentos locais, regionais, Brasil, Mundo e de interesse geral. Nosso compromisso \u00e9 com a verdade, a transpar\u00eancia e o respeito ao leitor.","legalName":"UBIRATA ONLINE NOT\u00cdCIAS","foundingDate":"2009-01-05","numberOfEmployees":{"@type":"QuantitativeValue","minValue":"1","maxValue":"10"},"publishingPrinciples":"https:\/\/ubirataonline.com.br\/faq\/","address":{"@id":"https:\/\/ubirataonline.com.br\/ciclone-no-feriado-do-dia-das-criancas-deixa-pais-em-alerta\/#local-main-place-address"},"geo":{"@type":"GeoCoordinates","latitude":"-24.5361401","longitude":"-52.9921776"},"telephone":["+5544998308235"],"contactPoint":{"@type":"ContactPoint","email":"contato@ubirataonline.com.br"},"openingHoursSpecification":{"@type":"OpeningHoursSpecification","dayOfWeek":["Monday","Tuesday","Wednesday","Thursday","Friday","Saturday","Sunday"],"opens":"00:00","closes":"23:59"},"email":"contato@ubirataonline.com.br","vatID":"47.621.418\/0001-80"},{"@type":"Person","@id":"https:\/\/ubirataonline.com.br\/#\/schema\/person\/372f87bbd3fdd79b8556b84c98d0bc1c","name":"REDA\u00c7\u00c3O: UBIRAT\u00c3 ONLINE - F\u00c1BIO AUGUSTO CELESTINO","pronouns":"Ele","description":"Desde 2003 trabalhando com not\u00edcias.","sameAs":["http:\/\/ubirataoline.com.br","https:\/\/www.facebook.com\/portalubirataonline","https:\/\/www.instagram.com\/ubirataonline_oficial","https:\/\/x.com\/x.com\/ubirataonline"],"honorificPrefix":"Mr.","honorificSuffix":"MD","birthDate":"1980-06-16","gender":"masculino","award":["V\u00e1rios pr\u00eamios de melhor portal da cidade"],"jobTitle":"Diretor","url":"https:\/\/ubirataonline.com.br\/en\/author\/ubirataonline\/"},{"@type":"PostalAddress","@id":"https:\/\/ubirataonline.com.br\/ciclone-no-feriado-do-dia-das-criancas-deixa-pais-em-alerta\/#local-main-place-address","streetAddress":"Rua dos Coqueiros, 104 - Bairro Boa Vista, Rua dos Coqueiros, 104 Bairro Boa Vista","addressLocality":"UBIRATA","postalCode":"85440-000","addressRegion":"PR","addressCountry":"BR"},{"@type":"ImageObject","inLanguage":"en-US","@id":"https:\/\/ubirataonline.com.br\/ciclone-no-feriado-do-dia-das-criancas-deixa-pais-em-alerta\/#local-main-organization-logo","url":"https:\/\/ubirataonline.com.br\/wp-content\/uploads\/2026\/06\/logoubirataonline-1.webp","contentUrl":"https:\/\/ubirataonline.com.br\/wp-content\/uploads\/2026\/06\/logoubirataonline-1.webp","width":500,"height":500,"caption":"Ubirat\u00e3 Online Not\u00edcias"}]},"geo.placename":"UBIRATA","geo.position":{"lat":"-24.5361401","long":"-52.9921776"},"geo.region":"Brazil"},"_links":{"self":[{"href":"https:\/\/ubirataonline.com.br\/en\/wp-json\/wp\/v2\/posts\/70699","targetHints":{"allow":["GET"]}}],"collection":[{"href":"https:\/\/ubirataonline.com.br\/en\/wp-json\/wp\/v2\/posts"}],"about":[{"href":"https:\/\/ubirataonline.com.br\/en\/wp-json\/wp\/v2\/types\/post"}],"author":[{"embeddable":true,"href":"https:\/\/ubirataonline.com.br\/en\/wp-json\/wp\/v2\/users\/1"}],"replies":[{"embeddable":true,"href":"https:\/\/ubirataonline.com.br\/en\/wp-json\/wp\/v2\/comments?post=70699"}],"version-history":[{"count":0,"href":"https:\/\/ubirataonline.com.br\/en\/wp-json\/wp\/v2\/posts\/70699\/revisions"}],"wp:featuredmedia":[{"embeddable":true,"href":"https:\/\/ubirataonline.com.br\/en\/wp-json\/wp\/v2\/media\/70700"}],"wp:attachment":[{"href":"https:\/\/ubirataonline.com.br\/en\/wp-json\/wp\/v2\/media?parent=70699"}],"wp:term":[{"taxonomy":"category","embeddable":true,"href":"https:\/\/ubirataonline.com.br\/en\/wp-json\/wp\/v2\/categories?post=70699"},{"taxonomy":"post_tag","embeddable":true,"href":"https:\/\/ubirataonline.com.br\/en\/wp-json\/wp\/v2\/tags?post=70699"}],"curies":[{"name":"wp","href":"https:\/\/api.w.org\/{rel}","templated":true}]}}