{"id":70703,"date":"2025-10-09T11:46:23","date_gmt":"2025-10-09T14:46:23","guid":{"rendered":"https:\/\/ubirataonline.com.br\/9-12-series-starring-jeremy-strong-greenlighted-by-paramount\/"},"modified":"2025-10-09T11:46:23","modified_gmt":"2025-10-09T14:46:23","slug":"9-12-series-starring-jeremy-strong-greenlighted-by-paramount","status":"publish","type":"post","link":"https:\/\/ubirataonline.com.br\/en\/9-12-series-starring-jeremy-strong-greenlighted-by-paramount\/","title":{"rendered":"\u20189\/12\u2019 Series Starring Jeremy Strong Greenlighted By Paramount+"},"content":{"rendered":"<p><\/p>\n<div>\n<p class=\"paragraph larva \/\/ lrv-u-margin-lr-auto\">\n\t<strong>EXCLUSIVE<\/strong>: <em><a href=\"https:\/\/deadline.com\/tag\/9-12\/\" id=\"auto-tag_9-12\" data-tag=\"9-12\">9\/12<\/a>,<\/em> a six-episode limited series starring and executive produced by Emmy and Tony winner <a href=\"https:\/\/deadline.com\/tag\/jeremy-strong\/\" id=\"auto-tag_jeremy-strong\" data-tag=\"jeremy-strong\">Jeremy Strong<\/a> (<em>Succession<\/em>, <em>Springsteen: Deliver Me from Nowhere<\/em>), has been given an official green light by <a href=\"https:\/\/deadline.com\/tag\/paramount-2\/\" id=\"auto-tag_paramount-2\" data-tag=\"paramount-2\">Paramount+<\/a>. The project, about ailing 9\/11 first responders\u2019 David vs. Goliath legal fight for compensation, is one of the first two series ordered by the streamer\u2019s new regime led by Chair of DTC Cindy Holland and Head of Originals Jane Wiseman who called it \u201cthe kind of ambitious, resonant narratives Paramount+ will champion.\u201d <\/p>\n<p class=\"paragraph larva \/\/ lrv-u-margin-lr-auto\">\n\t<em>9\/12<\/em> joins legal thriller <em>Discretion<\/em>, starring Nicole Kidman and Elle Fanning, which<a href=\"https:\/\/deadline.com\/2025\/10\/discretion-paramount-plus-nicole-kidman-elle-fanning-chandler-baker-1236568187\/\"> just landed a straight-to-series pickup<\/a>. Of the two, <em>9\/12<\/em>, written, directed and executive produced by Tobias Lindholm (<em>The Investigation<\/em>) and written and executive produced by Frank Pugliese (<em>House of Cards<\/em>), is in far more advanced stages. Filming on the series, produced by Paramount TV Studios and Sister, had actually targeted an August start but was caught up in the prolonged regulatory approval of the $8 billion Skydance-Paramount Global merger. It will now begin in summer of 2026 for a 2027 launch on Paramount+.<\/p>\n<p class=\"paragraph larva \/\/ lrv-u-margin-lr-auto\">\n\t<em>9\/12<\/em> marks the streamer\u2019s first original production from the revived Paramount Television Studios overseen by chair Dana Goldberg and President Matt Thunell. It dramatizes a landmark case that reshaped the fight for accountability: a relentless legal war that stretched nearly a decade to secure almost $1 billion in compensation for first responders who fell gravely ill in the wake of 9\/11. <\/p>\n<p class=\"paragraph larva \/\/ lrv-u-margin-lr-auto\">\n\tStrong stars as renowned class action lawyer Jason Smith \u2014 a composite fictional character inspired by real-life people \u2014 who risked everything to take on entrenched institutions, exposing the politics, greed, corruption and betrayal that compounded tragedy set against the emergency workers\u2019 remarkable unity and bravery as The World Trade Center was collapsing.<\/p>\n<p class=\"paragraph larva \/\/ lrv-u-margin-lr-auto\">\n\t<em>9\/12 <\/em>\u201casks what happens when those who risked everything are abandoned by the very institutions meant to protect them,\u201d Lindholm said. \u201cThe series is a testament to human strength and perseverance in the face of unthinkable adversity \u2014 the very tension that compelled me to tell this story.\u201d<\/p>\n<p class=\"paragraph larva \/\/ lrv-u-margin-lr-auto\">\n\tIn a lengthy, thoughtful statement, which you can read in full below, Strong reflected on how first responders rose to the occasion on 9\/11 and the weeks after and were failed by the system in the years that followed.<\/p>\n<p class=\"paragraph larva \/\/ lrv-u-margin-lr-auto\">\n\t\u201c<em>9\/12<\/em> is a story about justice, about the restitution of human dignity and about the real-life heroes of this country who we must never forget,\u201d Strong said, calling Lindholm \u201cone of the world\u2019s greatest writer\/directors and has the depth, restraint, integrity, clarity and power to honor this story.\u201d<\/p>\n<div class=\"post-content-image \/\/\">\n<figure class=\"o-figure   size-large alignnone lrv-u-max-width-100p\" style=\"width:100%; max-width:1024px;\">\n<div class=\"c-lazy-image\">\n<div class=\"lrv-a-crop-16x9\" style=\"padding-bottom:calc((577\/1024)*100%);\">\n<p>\t\t\t\t\t\t<img loading=\"lazy\" decoding=\"async\" class=\"c-lazy-image__img lrv-u-background-color-grey-lightest lrv-u-width-100p lrv-u-display-block lrv-u-height-auto\" src=\"https:\/\/deadline.com\/wp-content\/themes\/pmc-deadline-2019\/assets\/public\/lazyload-fallback.jpg\" data-lazy-src=\"https:\/\/deadline.com\/wp-content\/uploads\/2025\/10\/Tobias-Lindholm-and-Frank-Pugliese.jpg?w=300\" alt=\"Tobias Lindholm and Frank Pugliese\" data-lazy-srcset=\"https:\/\/deadline.com\/wp-content\/uploads\/2025\/10\/Tobias-Lindholm-and-Frank-Pugliese.jpg 1500w, https:\/\/deadline.com\/wp-content\/uploads\/2025\/10\/Tobias-Lindholm-and-Frank-Pugliese.jpg?resize=150,85 150w, https:\/\/deadline.com\/wp-content\/uploads\/2025\/10\/Tobias-Lindholm-and-Frank-Pugliese.jpg?resize=300,169 300w, https:\/\/deadline.com\/wp-content\/uploads\/2025\/10\/Tobias-Lindholm-and-Frank-Pugliese.jpg?resize=1024,577 1024w, https:\/\/deadline.com\/wp-content\/uploads\/2025\/10\/Tobias-Lindholm-and-Frank-Pugliese.jpg?resize=178,100 178w, https:\/\/deadline.com\/wp-content\/uploads\/2025\/10\/Tobias-Lindholm-and-Frank-Pugliese.jpg?resize=125,70 125w, https:\/\/deadline.com\/wp-content\/uploads\/2025\/10\/Tobias-Lindholm-and-Frank-Pugliese.jpg?resize=600,338 600w, https:\/\/deadline.com\/wp-content\/uploads\/2025\/10\/Tobias-Lindholm-and-Frank-Pugliese.jpg?resize=660,370 660w, https:\/\/deadline.com\/wp-content\/uploads\/2025\/10\/Tobias-Lindholm-and-Frank-Pugliese.jpg?resize=1280,721 1280w, https:\/\/deadline.com\/wp-content\/uploads\/2025\/10\/Tobias-Lindholm-and-Frank-Pugliese.jpg?resize=1000,563 1000w, https:\/\/deadline.com\/wp-content\/uploads\/2025\/10\/Tobias-Lindholm-and-Frank-Pugliese.jpg?resize=910,511 910w, https:\/\/deadline.com\/wp-content\/uploads\/2025\/10\/Tobias-Lindholm-and-Frank-Pugliese.jpg?resize=681,383 681w, https:\/\/deadline.com\/wp-content\/uploads\/2025\/10\/Tobias-Lindholm-and-Frank-Pugliese.jpg?resize=450,253 450w, https:\/\/deadline.com\/wp-content\/uploads\/2025\/10\/Tobias-Lindholm-and-Frank-Pugliese.jpg?resize=250,140 250w, https:\/\/deadline.com\/wp-content\/uploads\/2025\/10\/Tobias-Lindholm-and-Frank-Pugliese.jpg?resize=296,166 296w, https:\/\/deadline.com\/wp-content\/uploads\/2025\/10\/Tobias-Lindholm-and-Frank-Pugliese.jpg?resize=248,139 248w, https:\/\/deadline.com\/wp-content\/uploads\/2025\/10\/Tobias-Lindholm-and-Frank-Pugliese.jpg?resize=200,112 200w, https:\/\/deadline.com\/wp-content\/uploads\/2025\/10\/Tobias-Lindholm-and-Frank-Pugliese.jpg?resize=270,152 270w, https:\/\/deadline.com\/wp-content\/uploads\/2025\/10\/Tobias-Lindholm-and-Frank-Pugliese.jpg?resize=60,34 60w, https:\/\/deadline.com\/wp-content\/uploads\/2025\/10\/Tobias-Lindholm-and-Frank-Pugliese.jpg?resize=352,198 352w, https:\/\/deadline.com\/wp-content\/uploads\/2025\/10\/Tobias-Lindholm-and-Frank-Pugliese.jpg?resize=110,62 110w, https:\/\/deadline.com\/wp-content\/uploads\/2025\/10\/Tobias-Lindholm-and-Frank-Pugliese.jpg?resize=285,161 285w, https:\/\/deadline.com\/wp-content\/uploads\/2025\/10\/Tobias-Lindholm-and-Frank-Pugliese.jpg?resize=320,180 320w, https:\/\/deadline.com\/wp-content\/uploads\/2025\/10\/Tobias-Lindholm-and-Frank-Pugliese.jpg?resize=640,361 640w, https:\/\/deadline.com\/wp-content\/uploads\/2025\/10\/Tobias-Lindholm-and-Frank-Pugliese.jpg?resize=800,451 800w\" data-lazy-sizes=\"(min-width: 87.5rem) 1000px, (min-width: 78.75rem) 681px, (min-width: 48rem) 450px, (max-width: 48rem) 250px\" height=\"577\" width=\"1024\"\/><\/p><\/div>\n<\/p><\/div><figcaption class=\"c-figcaption  lrv-u-font-size-12 lrv-u-padding-tb-025\">\n<p>\t\t\t\t\t<span class=\"lrv-u-font-size-16 lrv-u-font-size-14@mobile-max lrv-a-font-body-m u-font-style-italic lrv-u-font-weight-bold lrv-u-font-family-primary u-line-height-20 u-letter-spacing-0 u-line-height-18@mobile-max\">Tobias Lindholm and Frank Pugliese<\/span><\/p>\n<p>\t\t\t\t\t\t\t\t\t<cite class=\"lrv-u-text-transform-uppercase lrv-u-color-grey lrv-u-font-size-10 lrv-a-font-basic-xxs lrv-u-margin-l-025\">Michael Buckner for Deadline\/Getty<\/cite><\/p>\n<\/figcaption><\/figure>\n<\/div>\n<p class=\"paragraph larva \/\/ lrv-u-margin-lr-auto\">\n\t<em>9\/12<\/em> was originally <a href=\"https:\/\/deadline.com\/2021\/11\/jeremy-strong-9-11-responders-drama-tobias-lindholm-sister-1234870386\/\">set up at Sister in 2021<\/a> as<em> The Best Of Us<\/em> before moving to Skydance Television following Holland\u2019s <a href=\"https:\/\/deadline.com\/2024\/10\/cindy-holland-david-ellison-skydance-paramount-sister-us-office-shutdown-1236157350\/\">departure as Global CEO of Sister<\/a> to become a senior adviser to Skydance CEO David Ellison on the streaming aspects of the Paramount Global deal.<\/p>\n<p class=\"paragraph larva \/\/ lrv-u-margin-lr-auto\">\n\tAfter getting fast-tracked, <em>9\/12<\/em> sailed through development and by the spring, it was prepping for production, becoming Skydance\u2019s first and only production budgeted against the Skydance-Paramount deal. With the FCC review taking far longer than anticipated, new spending on<em> 9\/12<\/em> <a href=\"https:\/\/deadline.com\/2025\/05\/skydance-jeremy-strong-9-12-series-paramount-merger-approval-1236384669\/\">was paused in early May<\/a>, and the project was <a href=\"https:\/\/deadline.com\/2025\/05\/skydances-912-series-jeremy-strong-delayed-paramount-merger-1236412490\/\">put on hold altogether<\/a> a couple of weeks later.<\/p>\n<p class=\"paragraph larva \/\/ lrv-u-margin-lr-auto\">\n\tAs Deadline <a href=\"https:\/\/deadline.com\/2025\/05\/skydance-jeremy-strong-9-12-series-paramount-merger-approval-1236384669\/\">reported at the time<\/a>, Skydance remained committed to the series. Following the August completion of Skydance\u2019s Paramount acquisition, <em>9\/12<\/em> got back on track at Paramount TV Studios, the new streaming-focused studio, which absorbed Skydance Television and Showtime\/MTV Entertainment Studios. <a href=\"https:\/\/deadline.com\/2025\/08\/912-series-jeremy-strong-paramount-tv-studios-paramount-plus-1236486013\/\">Called a special project for everyone involved<\/a> and a priority for the studio by Goldberg, <em>9\/12<\/em> took awhile to get a formal green as the schedule had to be adjusted to fit Strong\u2019s existing commitments, including his starring role in Peter Morgan\u2019s new Netflix series <em>The Boys From Brazil<\/em>.<\/p>\n<p class=\"paragraph larva \/\/ lrv-u-margin-lr-auto\">\n\tThunell, who was also involved in <em>9\/12<\/em> in his former role as Skydance TV President, was previously at Netflix where the shows he worked on there included <em>House of Cards<\/em> with Pugliese as a writer, producer and co-showrunner.<\/p>\n<p class=\"paragraph larva \/\/ lrv-u-margin-lr-auto\">\n\t\u201cTobias has created a heroic underdog story that we know Jeremy will brilliantly bring to life,\u201d Thunell said. \u201cI\u2019m thrilled to be reunited with Frank and we are equally proud to partner with Sister on this timeless story as our first limited series for our Paramount+.\u201d<\/p>\n<p class=\"paragraph larva \/\/ lrv-u-margin-lr-auto\">\n\tAt Paramount+, <em>9\/12<\/em> is being overseen by Wiseman who previously shepherded the series\u2019 development as Head of US Television for Sister. <\/p>\n<p class=\"paragraph larva \/\/ lrv-u-margin-lr-auto\">\n\t\u201cThis project reminds us why storytelling matters,\u201d she said. \u201cWorking with visionaries like Tobias, Frank, and Jeremy has set the tone for the kind of ambitious, resonant narratives Paramount+ will champion.\u201d<\/p>\n<p class=\"paragraph larva \/\/ lrv-u-margin-lr-auto\">\n\tStrong is coming off an Oscar nomination for <em>The Apprentice<\/em>. Here is his <em>9\/12 <\/em>statement<em>,<\/em> which seems to be referencing the series\u2019 original title, <em>The Best of Us<\/em>:<\/p>\n<blockquote class=\"pullquote pullquote-deadline larva \/\/ paper u-border-color-grey-medium-light lrv-u-background-color-white\">\n<p>The great American historian David Halberstam once wrote about September 11th, 2001, \u2018On a day when the worst of mankind showed itself, the best of mankind answered.\u2019 <\/p>\n<p>9\/12 is about the best of us \u2014 our first responders whose official response time on 9\/11 was five seconds. It is about a moment of unity and togetherness in this divided country, when, amidst the wreckage, we rebuilt and rose again from the rubble. But it is also about the ways our institutions failed to respond to those heroes\u2014whom we pledged we would never forget \u2014 in their moment of greatest need. <\/p>\n<p>9\/12 is a story about justice, about the restitution of human dignity and about the real-life heroes of this country who we must never forget. Tobias Lindholm is one of the world\u2019s greatest writer\/directors and has the depth, restraint, integrity, clarity and power to honor this story.<\/p>\n<\/blockquote>\n<\/div>\n<p><a href=\"https:\/\/deadline.com\/2025\/10\/9-12-series-jeremy-strong-paramount-plus-1236569969\/\">Source link <\/a><\/p>","protected":false},"excerpt":{"rendered":"<p>EXCLUSIVE: 9\/12, a six-episode limited series starring and executive produced by Emmy and Tony winner Jeremy Strong (Succession, Springsteen: Deliver Me from Nowhere), has been given an official green light by Paramount+. The project, about ailing 9\/11 first responders\u2019 David vs. Goliath legal fight for compensation, is one of the first two series ordered by [&hellip;]<\/p>\n","protected":false},"author":1,"featured_media":70704,"comment_status":"","ping_status":"","sticky":false,"template":"","format":"standard","meta":{"googlesitekit_rrm_CAow2JLhCw:productID":"","_gspb_post_css":"","maa_idioma":"","maa_pais":"","footnotes":""},"categories":[1],"tags":[],"class_list":["post-70703","post","type-post","status-publish","format-standard","has-post-thumbnail","hentry","category-ubirata"],"blocksy_meta":[],"yoast_head":"<!-- This site is optimized with the Yoast SEO Premium plugin v27.6 (Yoast SEO v27.6) - https:\/\/yoast.com\/product\/yoast-seo-premium-wordpress\/ -->\n<title>\u20189\/12\u2019 Series Starring Jeremy Strong Greenlighted By Paramount+ - Ubirat\u00e3 Online Not\u00edcias - A realidade ao seu alcance!<\/title>\n<meta name=\"description\" content=\"EXCLUSIVE: 9\/12, a six-episode limited series starring and executive produced by Emmy and Tony winner Jeremy Strong (Succession, Springsteen: Deliver Me\" \/>\n<meta name=\"robots\" content=\"index, follow, max-snippet:-1, max-image-preview:large, max-video-preview:-1\" \/>\n<link rel=\"canonical\" href=\"https:\/\/ubirataonline.com.br\/en\/9-12-series-starring-jeremy-strong-greenlighted-by-paramount\/\" \/>\n<meta property=\"og:locale\" content=\"en_US\" \/>\n<meta property=\"og:type\" content=\"article\" \/>\n<meta property=\"og:title\" content=\"\u20189\/12\u2019 Series Starring Jeremy Strong Greenlighted By Paramount+\" \/>\n<meta property=\"og:description\" content=\"EXCLUSIVE: 9\/12, a six-episode limited series starring and executive produced by Emmy and Tony winner Jeremy Strong (Succession, Springsteen: Deliver Me\" \/>\n<meta property=\"og:url\" content=\"https:\/\/ubirataonline.com.br\/en\/9-12-series-starring-jeremy-strong-greenlighted-by-paramount\/\" \/>\n<meta property=\"og:site_name\" content=\"Ubirat\u00e3 Online Not\u00edcias - A realidade ao seu alcance!\" \/>\n<meta property=\"article:publisher\" content=\"https:\/\/www.facebook.com\/portalubirataonline\" \/>\n<meta property=\"article:author\" content=\"https:\/\/www.facebook.com\/portalubirataonline\" \/>\n<meta property=\"article:published_time\" content=\"2025-10-09T14:46:23+00:00\" \/>\n<meta property=\"og:image\" content=\"https:\/\/deadline.com\/wp-content\/themes\/pmc-deadline-2019\/assets\/public\/lazyload-fallback.jpg\" \/>\n<meta name=\"author\" content=\"REDA\u00c7\u00c3O: UBIRAT\u00c3 ONLINE - F\u00c1BIO AUGUSTO CELESTINO\" \/>\n<meta name=\"twitter:card\" content=\"summary_large_image\" \/>\n<meta name=\"twitter:creator\" content=\"@x.com\/ubirataonline\" \/>\n<meta name=\"twitter:site\" content=\"@ubirataonline\" \/>\n<meta name=\"twitter:label1\" content=\"Written by\" \/>\n\t<meta name=\"twitter:data1\" content=\"REDA\u00c7\u00c3O: UBIRAT\u00c3 ONLINE - F\u00c1BIO AUGUSTO CELESTINO\" \/>\n\t<meta name=\"twitter:label2\" content=\"Est. reading time\" \/>\n\t<meta name=\"twitter:data2\" content=\"5 minutes\" \/>\n<script type=\"application\/ld+json\" class=\"yoast-schema-graph\">{\"@context\":\"https:\\\/\\\/schema.org\",\"@graph\":[{\"@type\":\"NewsArticle\",\"@id\":\"https:\\\/\\\/ubirataonline.com.br\\\/9-12-series-starring-jeremy-strong-greenlighted-by-paramount\\\/#article\",\"isPartOf\":{\"@id\":\"https:\\\/\\\/ubirataonline.com.br\\\/9-12-series-starring-jeremy-strong-greenlighted-by-paramount\\\/\"},\"author\":{\"name\":\"REDA\u00c7\u00c3O: UBIRAT\u00c3 ONLINE - F\u00c1BIO AUGUSTO CELESTINO\",\"@id\":\"https:\\\/\\\/ubirataonline.com.br\\\/#\\\/schema\\\/person\\\/372f87bbd3fdd79b8556b84c98d0bc1c\"},\"headline\":\"\u20189\\\/12\u2019 Series Starring Jeremy Strong Greenlighted By Paramount+\",\"datePublished\":\"2025-10-09T14:46:23+00:00\",\"mainEntityOfPage\":{\"@id\":\"https:\\\/\\\/ubirataonline.com.br\\\/9-12-series-starring-jeremy-strong-greenlighted-by-paramount\\\/\"},\"wordCount\":935,\"publisher\":{\"@id\":\"https:\\\/\\\/ubirataonline.com.br\\\/#organization\"},\"image\":{\"@id\":\"https:\\\/\\\/ubirataonline.com.br\\\/9-12-series-starring-jeremy-strong-greenlighted-by-paramount\\\/#primaryimage\"},\"thumbnailUrl\":\"https:\\\/\\\/ubirataonline.com.br\\\/wp-content\\\/uploads\\\/2025\\\/10\\\/Jeremy-Strong-_f57b85.jpg\",\"articleSection\":[\"Ubirat\u00e3\"],\"inLanguage\":\"en-US\",\"copyrightYear\":\"2025\",\"copyrightHolder\":{\"@id\":\"https:\\\/\\\/ubirataonline.com.br\\\/en\\\/#organization\"}},{\"@type\":\"WebPage\",\"@id\":\"https:\\\/\\\/ubirataonline.com.br\\\/9-12-series-starring-jeremy-strong-greenlighted-by-paramount\\\/\",\"url\":\"https:\\\/\\\/ubirataonline.com.br\\\/9-12-series-starring-jeremy-strong-greenlighted-by-paramount\\\/\",\"name\":\"\u20189\\\/12\u2019 Series Starring Jeremy Strong Greenlighted By Paramount+ - Ubirat\u00e3 Online Not\u00edcias - A realidade ao seu alcance!\",\"isPartOf\":{\"@id\":\"https:\\\/\\\/ubirataonline.com.br\\\/#website\"},\"primaryImageOfPage\":{\"@id\":\"https:\\\/\\\/ubirataonline.com.br\\\/9-12-series-starring-jeremy-strong-greenlighted-by-paramount\\\/#primaryimage\"},\"image\":{\"@id\":\"https:\\\/\\\/ubirataonline.com.br\\\/9-12-series-starring-jeremy-strong-greenlighted-by-paramount\\\/#primaryimage\"},\"thumbnailUrl\":\"https:\\\/\\\/ubirataonline.com.br\\\/wp-content\\\/uploads\\\/2025\\\/10\\\/Jeremy-Strong-_f57b85.jpg\",\"datePublished\":\"2025-10-09T14:46:23+00:00\",\"description\":\"EXCLUSIVE: 9\\\/12, a six-episode limited series starring and executive produced by Emmy and Tony winner Jeremy Strong (Succession, Springsteen: Deliver Me\",\"breadcrumb\":{\"@id\":\"https:\\\/\\\/ubirataonline.com.br\\\/9-12-series-starring-jeremy-strong-greenlighted-by-paramount\\\/#breadcrumb\"},\"inLanguage\":\"en-US\",\"potentialAction\":[{\"@type\":\"ReadAction\",\"target\":[\"https:\\\/\\\/ubirataonline.com.br\\\/9-12-series-starring-jeremy-strong-greenlighted-by-paramount\\\/\"]}]},{\"@type\":\"ImageObject\",\"inLanguage\":\"en-US\",\"@id\":\"https:\\\/\\\/ubirataonline.com.br\\\/9-12-series-starring-jeremy-strong-greenlighted-by-paramount\\\/#primaryimage\",\"url\":\"https:\\\/\\\/ubirataonline.com.br\\\/wp-content\\\/uploads\\\/2025\\\/10\\\/Jeremy-Strong-_f57b85.jpg\",\"contentUrl\":\"https:\\\/\\\/ubirataonline.com.br\\\/wp-content\\\/uploads\\\/2025\\\/10\\\/Jeremy-Strong-_f57b85.jpg\",\"width\":1024,\"height\":576},{\"@type\":\"BreadcrumbList\",\"@id\":\"https:\\\/\\\/ubirataonline.com.br\\\/9-12-series-starring-jeremy-strong-greenlighted-by-paramount\\\/#breadcrumb\",\"itemListElement\":[{\"@type\":\"ListItem\",\"position\":1,\"name\":\"In\u00edcio\",\"item\":\"https:\\\/\\\/ubirataonline.com.br\\\/\"},{\"@type\":\"ListItem\",\"position\":2,\"name\":\"\u20189\\\/12\u2019 Series Starring Jeremy Strong Greenlighted By Paramount+\"}]},{\"@type\":\"WebSite\",\"@id\":\"https:\\\/\\\/ubirataonline.com.br\\\/#website\",\"url\":\"https:\\\/\\\/ubirataonline.com.br\\\/\",\"name\":\"Ubirat\u00e3 Online Not\u00edcias\",\"description\":\"Not\u00edcias de Ubirat\u00e3, regi\u00e3o, Brasil e mundo, com informa\u00e7\u00e3o atualizada e compromisso com o leitor.\",\"publisher\":{\"@id\":\"https:\\\/\\\/ubirataonline.com.br\\\/#organization\"},\"alternateName\":\"Ubirat\u00e3 Online\",\"potentialAction\":[{\"@type\":\"SearchAction\",\"target\":{\"@type\":\"EntryPoint\",\"urlTemplate\":\"https:\\\/\\\/ubirataonline.com.br\\\/?s={search_term_string}\"},\"query-input\":{\"@type\":\"PropertyValueSpecification\",\"valueRequired\":true,\"valueName\":\"search_term_string\"}}],\"inLanguage\":\"en-US\"},{\"@type\":[\"Organization\",\"Place\"],\"@id\":\"https:\\\/\\\/ubirataonline.com.br\\\/#organization\",\"name\":\"Ubirat\u00e3 Online Not\u00edcias\",\"alternateName\":\"Ubirat\u00e3 Online\",\"url\":\"https:\\\/\\\/ubirataonline.com.br\\\/\",\"logo\":{\"@id\":\"https:\\\/\\\/ubirataonline.com.br\\\/9-12-series-starring-jeremy-strong-greenlighted-by-paramount\\\/#local-main-organization-logo\"},\"image\":{\"@id\":\"https:\\\/\\\/ubirataonline.com.br\\\/9-12-series-starring-jeremy-strong-greenlighted-by-paramount\\\/#local-main-organization-logo\"},\"sameAs\":[\"https:\\\/\\\/www.facebook.com\\\/portalubirataonline\",\"https:\\\/\\\/x.com\\\/ubirataonline\",\"https:\\\/\\\/mastodon.social\\\/@ubirataonline\",\"https:\\\/\\\/www.facebook.com\\\/groups\\\/311144672285604\",\"https:\\\/\\\/www.facebook.com\\\/UBTAOnline\",\"https:\\\/\\\/www.instagram.com\\\/portalubirataonline\\\/\",\"https:\\\/\\\/twitter.com\\\/ubirataonline\"],\"description\":\"Somos um portal de not\u00edcias independente, criado em 5 de janeiro de 2009, com o objetivo de informar, conectar e valorizar a nossa comunidade de Ubirat\u00e3 e toda aregi\u00e3o. Com conte\u00fado atualizado, confi\u00e1vel e relevante, o Ubirat\u00e3 Online \u00e9 o seu espa\u00e7o para ficar por dentro dos principais acontecimentos locais, regionais, Brasil, Mundo e de interesse geral. Nosso compromisso \u00e9 com a verdade, a transpar\u00eancia e o respeito ao leitor.\",\"legalName\":\"UBIRATA ONLINE NOT\u00cdCIAS\",\"foundingDate\":\"2009-01-05\",\"numberOfEmployees\":{\"@type\":\"QuantitativeValue\",\"minValue\":\"1\",\"maxValue\":\"10\"},\"publishingPrinciples\":\"https:\\\/\\\/ubirataonline.com.br\\\/faq\\\/\",\"address\":{\"@id\":\"https:\\\/\\\/ubirataonline.com.br\\\/9-12-series-starring-jeremy-strong-greenlighted-by-paramount\\\/#local-main-place-address\"},\"geo\":{\"@type\":\"GeoCoordinates\",\"latitude\":\"-24.5361401\",\"longitude\":\"-52.9921776\"},\"telephone\":[\"+5544998308235\"],\"contactPoint\":{\"@type\":\"ContactPoint\",\"email\":\"contato@ubirataonline.com.br\"},\"openingHoursSpecification\":{\"@type\":\"OpeningHoursSpecification\",\"dayOfWeek\":[\"Monday\",\"Tuesday\",\"Wednesday\",\"Thursday\",\"Friday\",\"Saturday\",\"Sunday\"],\"opens\":\"00:00\",\"closes\":\"23:59\"},\"email\":\"contato@ubirataonline.com.br\",\"vatID\":\"47.621.418\\\/0001-80\"},{\"@type\":\"Person\",\"@id\":\"https:\\\/\\\/ubirataonline.com.br\\\/#\\\/schema\\\/person\\\/372f87bbd3fdd79b8556b84c98d0bc1c\",\"name\":\"REDA\u00c7\u00c3O: UBIRAT\u00c3 ONLINE - F\u00c1BIO AUGUSTO CELESTINO\",\"pronouns\":\"Ele\",\"description\":\"Desde 2003 trabalhando com not\u00edcias.\",\"sameAs\":[\"http:\\\/\\\/ubirataoline.com.br\",\"https:\\\/\\\/www.facebook.com\\\/portalubirataonline\",\"https:\\\/\\\/www.instagram.com\\\/ubirataonline_oficial\",\"https:\\\/\\\/x.com\\\/x.com\\\/ubirataonline\"],\"honorificPrefix\":\"Mr.\",\"honorificSuffix\":\"MD\",\"birthDate\":\"1980-06-16\",\"gender\":\"masculino\",\"award\":[\"V\u00e1rios pr\u00eamios de melhor portal da cidade\"],\"jobTitle\":\"Diretor\",\"url\":\"https:\\\/\\\/ubirataonline.com.br\\\/en\\\/author\\\/ubirataonline\\\/\"},{\"@type\":\"PostalAddress\",\"@id\":\"https:\\\/\\\/ubirataonline.com.br\\\/9-12-series-starring-jeremy-strong-greenlighted-by-paramount\\\/#local-main-place-address\",\"streetAddress\":\"Rua dos Coqueiros, 104 - Bairro Boa Vista, Rua dos Coqueiros, 104 Bairro Boa Vista\",\"addressLocality\":\"UBIRATA\",\"postalCode\":\"85440-000\",\"addressRegion\":\"PR\",\"addressCountry\":\"BR\"},{\"@type\":\"ImageObject\",\"inLanguage\":\"en-US\",\"@id\":\"https:\\\/\\\/ubirataonline.com.br\\\/9-12-series-starring-jeremy-strong-greenlighted-by-paramount\\\/#local-main-organization-logo\",\"url\":\"https:\\\/\\\/ubirataonline.com.br\\\/wp-content\\\/uploads\\\/2026\\\/06\\\/logoubirataonline-1.webp\",\"contentUrl\":\"https:\\\/\\\/ubirataonline.com.br\\\/wp-content\\\/uploads\\\/2026\\\/06\\\/logoubirataonline-1.webp\",\"width\":500,\"height\":500,\"caption\":\"Ubirat\u00e3 Online Not\u00edcias\"}]}<\/script>\n<meta name=\"geo.placename\" content=\"UBIRATA\" \/>\n<meta name=\"geo.position\" content=\"-24.5361401;-52.9921776\" \/>\n<meta name=\"geo.region\" content=\"Brazil\" \/>\n<!-- \/ Yoast SEO Premium plugin. -->","yoast_head_json":{"title":"\u20189\/12\u2019 Series Starring Jeremy Strong Greenlighted By Paramount+ - Ubirat\u00e3 Online Not\u00edcias - A realidade ao seu alcance!","description":"EXCLUSIVE: 9\/12, a six-episode limited series starring and executive produced by Emmy and Tony winner Jeremy Strong (Succession, Springsteen: Deliver Me","robots":{"index":"index","follow":"follow","max-snippet":"max-snippet:-1","max-image-preview":"max-image-preview:large","max-video-preview":"max-video-preview:-1"},"canonical":"https:\/\/ubirataonline.com.br\/en\/9-12-series-starring-jeremy-strong-greenlighted-by-paramount\/","og_locale":"en_US","og_type":"article","og_title":"\u20189\/12\u2019 Series Starring Jeremy Strong Greenlighted By Paramount+","og_description":"EXCLUSIVE: 9\/12, a six-episode limited series starring and executive produced by Emmy and Tony winner Jeremy Strong (Succession, Springsteen: Deliver Me","og_url":"https:\/\/ubirataonline.com.br\/en\/9-12-series-starring-jeremy-strong-greenlighted-by-paramount\/","og_site_name":"Ubirat\u00e3 Online Not\u00edcias - A realidade ao seu alcance!","article_publisher":"https:\/\/www.facebook.com\/portalubirataonline","article_author":"https:\/\/www.facebook.com\/portalubirataonline","article_published_time":"2025-10-09T14:46:23+00:00","og_image":[{"url":"https:\/\/deadline.com\/wp-content\/themes\/pmc-deadline-2019\/assets\/public\/lazyload-fallback.jpg","type":"","width":"","height":""}],"author":"REDA\u00c7\u00c3O: UBIRAT\u00c3 ONLINE - F\u00c1BIO AUGUSTO CELESTINO","twitter_card":"summary_large_image","twitter_creator":"@x.com\/ubirataonline","twitter_site":"@ubirataonline","twitter_misc":{"Written by":"REDA\u00c7\u00c3O: UBIRAT\u00c3 ONLINE - F\u00c1BIO AUGUSTO CELESTINO","Est. reading time":"5 minutes"},"schema":{"@context":"https:\/\/schema.org","@graph":[{"@type":"NewsArticle","@id":"https:\/\/ubirataonline.com.br\/9-12-series-starring-jeremy-strong-greenlighted-by-paramount\/#article","isPartOf":{"@id":"https:\/\/ubirataonline.com.br\/9-12-series-starring-jeremy-strong-greenlighted-by-paramount\/"},"author":{"name":"REDA\u00c7\u00c3O: UBIRAT\u00c3 ONLINE - F\u00c1BIO AUGUSTO CELESTINO","@id":"https:\/\/ubirataonline.com.br\/#\/schema\/person\/372f87bbd3fdd79b8556b84c98d0bc1c"},"headline":"\u20189\/12\u2019 Series Starring Jeremy Strong Greenlighted By Paramount+","datePublished":"2025-10-09T14:46:23+00:00","mainEntityOfPage":{"@id":"https:\/\/ubirataonline.com.br\/9-12-series-starring-jeremy-strong-greenlighted-by-paramount\/"},"wordCount":935,"publisher":{"@id":"https:\/\/ubirataonline.com.br\/#organization"},"image":{"@id":"https:\/\/ubirataonline.com.br\/9-12-series-starring-jeremy-strong-greenlighted-by-paramount\/#primaryimage"},"thumbnailUrl":"https:\/\/ubirataonline.com.br\/wp-content\/uploads\/2025\/10\/Jeremy-Strong-_f57b85.jpg","articleSection":["Ubirat\u00e3"],"inLanguage":"en-US","copyrightYear":"2025","copyrightHolder":{"@id":"https:\/\/ubirataonline.com.br\/en\/#organization"}},{"@type":"WebPage","@id":"https:\/\/ubirataonline.com.br\/9-12-series-starring-jeremy-strong-greenlighted-by-paramount\/","url":"https:\/\/ubirataonline.com.br\/9-12-series-starring-jeremy-strong-greenlighted-by-paramount\/","name":"\u20189\/12\u2019 Series Starring Jeremy Strong Greenlighted By Paramount+ - Ubirat\u00e3 Online Not\u00edcias - A realidade ao seu alcance!","isPartOf":{"@id":"https:\/\/ubirataonline.com.br\/#website"},"primaryImageOfPage":{"@id":"https:\/\/ubirataonline.com.br\/9-12-series-starring-jeremy-strong-greenlighted-by-paramount\/#primaryimage"},"image":{"@id":"https:\/\/ubirataonline.com.br\/9-12-series-starring-jeremy-strong-greenlighted-by-paramount\/#primaryimage"},"thumbnailUrl":"https:\/\/ubirataonline.com.br\/wp-content\/uploads\/2025\/10\/Jeremy-Strong-_f57b85.jpg","datePublished":"2025-10-09T14:46:23+00:00","description":"EXCLUSIVE: 9\/12, a six-episode limited series starring and executive produced by Emmy and Tony winner Jeremy Strong (Succession, Springsteen: Deliver Me","breadcrumb":{"@id":"https:\/\/ubirataonline.com.br\/9-12-series-starring-jeremy-strong-greenlighted-by-paramount\/#breadcrumb"},"inLanguage":"en-US","potentialAction":[{"@type":"ReadAction","target":["https:\/\/ubirataonline.com.br\/9-12-series-starring-jeremy-strong-greenlighted-by-paramount\/"]}]},{"@type":"ImageObject","inLanguage":"en-US","@id":"https:\/\/ubirataonline.com.br\/9-12-series-starring-jeremy-strong-greenlighted-by-paramount\/#primaryimage","url":"https:\/\/ubirataonline.com.br\/wp-content\/uploads\/2025\/10\/Jeremy-Strong-_f57b85.jpg","contentUrl":"https:\/\/ubirataonline.com.br\/wp-content\/uploads\/2025\/10\/Jeremy-Strong-_f57b85.jpg","width":1024,"height":576},{"@type":"BreadcrumbList","@id":"https:\/\/ubirataonline.com.br\/9-12-series-starring-jeremy-strong-greenlighted-by-paramount\/#breadcrumb","itemListElement":[{"@type":"ListItem","position":1,"name":"In\u00edcio","item":"https:\/\/ubirataonline.com.br\/"},{"@type":"ListItem","position":2,"name":"\u20189\/12\u2019 Series Starring Jeremy Strong Greenlighted By Paramount+"}]},{"@type":"WebSite","@id":"https:\/\/ubirataonline.com.br\/#website","url":"https:\/\/ubirataonline.com.br\/","name":"Ubirat\u00e3 Online Not\u00edcias","description":"Not\u00edcias de Ubirat\u00e3, regi\u00e3o, Brasil e mundo, com informa\u00e7\u00e3o atualizada e compromisso com o leitor.","publisher":{"@id":"https:\/\/ubirataonline.com.br\/#organization"},"alternateName":"Ubirat\u00e3 Online","potentialAction":[{"@type":"SearchAction","target":{"@type":"EntryPoint","urlTemplate":"https:\/\/ubirataonline.com.br\/?s={search_term_string}"},"query-input":{"@type":"PropertyValueSpecification","valueRequired":true,"valueName":"search_term_string"}}],"inLanguage":"en-US"},{"@type":["Organization","Place"],"@id":"https:\/\/ubirataonline.com.br\/#organization","name":"Ubirat\u00e3 Online Not\u00edcias","alternateName":"Ubirat\u00e3 Online","url":"https:\/\/ubirataonline.com.br\/","logo":{"@id":"https:\/\/ubirataonline.com.br\/9-12-series-starring-jeremy-strong-greenlighted-by-paramount\/#local-main-organization-logo"},"image":{"@id":"https:\/\/ubirataonline.com.br\/9-12-series-starring-jeremy-strong-greenlighted-by-paramount\/#local-main-organization-logo"},"sameAs":["https:\/\/www.facebook.com\/portalubirataonline","https:\/\/x.com\/ubirataonline","https:\/\/mastodon.social\/@ubirataonline","https:\/\/www.facebook.com\/groups\/311144672285604","https:\/\/www.facebook.com\/UBTAOnline","https:\/\/www.instagram.com\/portalubirataonline\/","https:\/\/twitter.com\/ubirataonline"],"description":"Somos um portal de not\u00edcias independente, criado em 5 de janeiro de 2009, com o objetivo de informar, conectar e valorizar a nossa comunidade de Ubirat\u00e3 e toda aregi\u00e3o. Com conte\u00fado atualizado, confi\u00e1vel e relevante, o Ubirat\u00e3 Online \u00e9 o seu espa\u00e7o para ficar por dentro dos principais acontecimentos locais, regionais, Brasil, Mundo e de interesse geral. Nosso compromisso \u00e9 com a verdade, a transpar\u00eancia e o respeito ao leitor.","legalName":"UBIRATA ONLINE NOT\u00cdCIAS","foundingDate":"2009-01-05","numberOfEmployees":{"@type":"QuantitativeValue","minValue":"1","maxValue":"10"},"publishingPrinciples":"https:\/\/ubirataonline.com.br\/faq\/","address":{"@id":"https:\/\/ubirataonline.com.br\/9-12-series-starring-jeremy-strong-greenlighted-by-paramount\/#local-main-place-address"},"geo":{"@type":"GeoCoordinates","latitude":"-24.5361401","longitude":"-52.9921776"},"telephone":["+5544998308235"],"contactPoint":{"@type":"ContactPoint","email":"contato@ubirataonline.com.br"},"openingHoursSpecification":{"@type":"OpeningHoursSpecification","dayOfWeek":["Monday","Tuesday","Wednesday","Thursday","Friday","Saturday","Sunday"],"opens":"00:00","closes":"23:59"},"email":"contato@ubirataonline.com.br","vatID":"47.621.418\/0001-80"},{"@type":"Person","@id":"https:\/\/ubirataonline.com.br\/#\/schema\/person\/372f87bbd3fdd79b8556b84c98d0bc1c","name":"REDA\u00c7\u00c3O: UBIRAT\u00c3 ONLINE - F\u00c1BIO AUGUSTO CELESTINO","pronouns":"Ele","description":"Desde 2003 trabalhando com not\u00edcias.","sameAs":["http:\/\/ubirataoline.com.br","https:\/\/www.facebook.com\/portalubirataonline","https:\/\/www.instagram.com\/ubirataonline_oficial","https:\/\/x.com\/x.com\/ubirataonline"],"honorificPrefix":"Mr.","honorificSuffix":"MD","birthDate":"1980-06-16","gender":"masculino","award":["V\u00e1rios pr\u00eamios de melhor portal da cidade"],"jobTitle":"Diretor","url":"https:\/\/ubirataonline.com.br\/en\/author\/ubirataonline\/"},{"@type":"PostalAddress","@id":"https:\/\/ubirataonline.com.br\/9-12-series-starring-jeremy-strong-greenlighted-by-paramount\/#local-main-place-address","streetAddress":"Rua dos Coqueiros, 104 - Bairro Boa Vista, Rua dos Coqueiros, 104 Bairro Boa Vista","addressLocality":"UBIRATA","postalCode":"85440-000","addressRegion":"PR","addressCountry":"BR"},{"@type":"ImageObject","inLanguage":"en-US","@id":"https:\/\/ubirataonline.com.br\/9-12-series-starring-jeremy-strong-greenlighted-by-paramount\/#local-main-organization-logo","url":"https:\/\/ubirataonline.com.br\/wp-content\/uploads\/2026\/06\/logoubirataonline-1.webp","contentUrl":"https:\/\/ubirataonline.com.br\/wp-content\/uploads\/2026\/06\/logoubirataonline-1.webp","width":500,"height":500,"caption":"Ubirat\u00e3 Online Not\u00edcias"}]},"geo.placename":"UBIRATA","geo.position":{"lat":"-24.5361401","long":"-52.9921776"},"geo.region":"Brazil"},"_links":{"self":[{"href":"https:\/\/ubirataonline.com.br\/en\/wp-json\/wp\/v2\/posts\/70703","targetHints":{"allow":["GET"]}}],"collection":[{"href":"https:\/\/ubirataonline.com.br\/en\/wp-json\/wp\/v2\/posts"}],"about":[{"href":"https:\/\/ubirataonline.com.br\/en\/wp-json\/wp\/v2\/types\/post"}],"author":[{"embeddable":true,"href":"https:\/\/ubirataonline.com.br\/en\/wp-json\/wp\/v2\/users\/1"}],"replies":[{"embeddable":true,"href":"https:\/\/ubirataonline.com.br\/en\/wp-json\/wp\/v2\/comments?post=70703"}],"version-history":[{"count":0,"href":"https:\/\/ubirataonline.com.br\/en\/wp-json\/wp\/v2\/posts\/70703\/revisions"}],"wp:featuredmedia":[{"embeddable":true,"href":"https:\/\/ubirataonline.com.br\/en\/wp-json\/wp\/v2\/media\/70704"}],"wp:attachment":[{"href":"https:\/\/ubirataonline.com.br\/en\/wp-json\/wp\/v2\/media?parent=70703"}],"wp:term":[{"taxonomy":"category","embeddable":true,"href":"https:\/\/ubirataonline.com.br\/en\/wp-json\/wp\/v2\/categories?post=70703"},{"taxonomy":"post_tag","embeddable":true,"href":"https:\/\/ubirataonline.com.br\/en\/wp-json\/wp\/v2\/tags?post=70703"}],"curies":[{"name":"wp","href":"https:\/\/api.w.org\/{rel}","templated":true}]}}