{"id":70706,"date":"2025-10-09T12:23:26","date_gmt":"2025-10-09T15:23:26","guid":{"rendered":"https:\/\/ubirataonline.com.br\/enel-sp-inicia-regularizacao-de-energia-no-jardim-jequiti-abc-do-abc\/"},"modified":"2025-10-09T12:23:26","modified_gmt":"2025-10-09T15:23:26","slug":"enel-sp-inicia-regularizacao-de-energia-no-jardim-jequiti-abc-do-abc","status":"publish","type":"post","link":"https:\/\/ubirataonline.com.br\/en\/enel-sp-inicia-regularizacao-de-energia-no-jardim-jequiti-abc-do-abc\/","title":{"rendered":"Enel SP inicia regulariza\u00e7\u00e3o de energia no Jardim Jequiti ABC do ABC"},"content":{"rendered":"<p><\/p>\n<div>\n<p>A <a href=\"https:\/\/www.enel.com.br\/pt-saopaulo.html\" target=\"_blank\" rel=\"noopener\">Enel Distribui\u00e7\u00e3o S\u00e3o Paulo<\/a> deu in\u00edcio \u00e0s obras de regulariza\u00e7\u00e3o da rede el\u00e9trica na comunidade Vila Jaragu\u00e1, tamb\u00e9m conhecida como <strong>Jardim Jequiti<\/strong>, na Zona Norte da capital paulista. O projeto tem como objetivo levar <strong>energia el\u00e9trica regular, segura<\/strong> e de <strong>qualidade<\/strong> para cerca de 3.500 fam\u00edlias que at\u00e9 ent\u00e3o utilizavam liga\u00e7\u00f5es irregulares.<\/p>\n<p>A iniciativa prev\u00ea a <strong>instala\u00e7\u00e3o <\/strong>de 284 postes e 25,5 mil metros de <strong>cabos el\u00e9tricos<\/strong>, o equivalente a 8,2 quil\u00f4metros de rede nova, proporcionando maior confiabilidade ao <strong><a href=\"https:\/\/abcdoabc.com.br\/queda-de-energia-abastecimento-agua-sao-mateus\">fornecimento de energia<\/a> <\/strong>na regi\u00e3o. O cronograma total de <strong>execu\u00e7\u00e3o <\/strong>\u00e9 de 180 dias, sendo os primeiros 60 dedicados \u00e0 infraestrutura e os 120 seguintes \u00e0 conex\u00e3o dos clientes, com instala\u00e7\u00e3o de medidores e ramais individuais.<\/p>\n<h3 class=\"wp-block-heading\">Leia mais: <a href=\"https:\/\/abcdoabc.com.br\/abastecimento-maua-retomado-falta-energia\/\">Abastecimento em Mau\u00e1 \u00e9 retomado gradualmente ap\u00f3s falta de energia<\/a><\/h3>\n<p>O <strong>projeto <\/strong>foi autorizado ap\u00f3s an\u00e1lise t\u00e9cnica da Secretaria Municipal de Habita\u00e7\u00e3o (<strong>Sehab<\/strong>) e demais \u00f3rg\u00e3os p\u00fablicos competentes, que aprovaram a <strong>regulariza\u00e7\u00e3o <\/strong>da \u00e1rea \u2013 antes classificada como de <strong>prote\u00e7\u00e3o ambiental<\/strong>. As obras come\u00e7aram pela Rua Jo\u00e3o Flor\u00eancio Pereira e pela Avenida Jequiti, principais vias de acesso do bairro.<\/p>\n<figure class=\"wp-block-image size-large\"><img fetchpriority=\"high\" decoding=\"async\" width=\"860\" height=\"570\" src=\"https:\/\/cdn-imgs.s3.sa-east-1.amazonaws.com\/wp-content\/uploads\/2025\/10\/energia-jardim-jequiti-2-860x570.jpg\" alt=\"Enel SP inicia regulariza\u00e7\u00e3o de energia no Jardim Jequiti\" class=\"wp-image-1091695\" srcset=\"https:\/\/cdn-imgs.s3.sa-east-1.amazonaws.com\/wp-content\/uploads\/2025\/10\/energia-jardim-jequiti-2-860x570.jpg 860w, https:\/\/cdn-imgs.s3.sa-east-1.amazonaws.com\/wp-content\/uploads\/2025\/10\/energia-jardim-jequiti-2-150x100.jpg 150w\" sizes=\"(max-width: 860px) 100vw, 860px\"\/><figcaption class=\"wp-element-caption\">T\u00e9cnicos da Enel instalam postes e rede el\u00e9trica\/Divulga\u00e7\u00e3o<\/figcaption><\/figure>\n<p>Como parte das<strong> a\u00e7\u00f5es sociais<\/strong> e de <strong>sustentabilidade<\/strong> que acompanham o projeto, a Enel promover\u00e1 atividades educativas e de conscientiza\u00e7\u00e3o junto \u00e0 comunidade. Est\u00e3o previstas palestras sobre o uso eficiente da <strong>energia el\u00e9trica<\/strong>,<strong> troca gratuita de l\u00e2mpadas<\/strong> convencionais por modelos de <strong>LED<\/strong> e cadastro de fam\u00edlias no <strong>programa Tarifa Social<\/strong>, que garante descontos na conta de luz para clientes de baixa renda.<\/p>\n<p>A primeira <strong>palestra <\/strong>ocorrer\u00e1 em 11 de outubro, com o tema \u201c<strong><em>Consumo Consciente<\/em><\/strong>\u201d, voltada aos moradores j\u00e1 conectados \u00e0 nova rede da Enel. Durante o <strong>evento<\/strong>, os participantes poder\u00e3o trocar suas l\u00e2mpadas antigas por vers\u00f5es de LED sem custo, contribuindo para o uso mais eficiente e sustent\u00e1vel da energia.<\/p>\n<p>\t\t\t\t\t\t <!-- content --><\/p>\n<p>\t\t\t\t\t\t <!-- video se tiver --><\/p>\n<p>\t\t\t\t\t<!-- \n\n<div style=\"display:none\"> --><\/p>\n<p>\t\t\t\t\t\t<!-- slider se tiver --><\/p>\n<p> <\/p>\n<p>\t\t\t\t\t<!-- <\/div>\n\n --><\/p>\n<div class=\"columns tags m-0 is-mobile has-text-left clear_both\">\n<div class=\"column is-12-mobile\">\n<ul class=\"m-0 p-0\">\n<li class=\"mr-4 is-size-7\">Data: 09\/10\/2025 08:10<\/li>\n<li class=\"mr-4 is-size-7\">\n\t\t\t\t\t\t\t\t\t\tAlterado:09\/10\/2025 08:10\n\t\t\t\t\t\t\t\t\t<\/li>\n<li class=\"mr-4 is-size-7\"> Autor: Reda\u00e7\u00e3o <\/li>\n<li class=\"mr-4 is-size-7\">Fonte: Enel SP<\/li>\n<\/ul><\/div>\n<\/p><\/div>\n<p><!-- fim tags --><\/p>\n<div class=\"columns mb-0\">\n<div class=\"column is-12-desktop\">\n<div class=\"bloco_recomendados  p-4\">\n<div class=\"columns mb-0\">\n<div class=\"column is-1 has-text-centered\">\n<p>\t\t\t\t\t\t\t<img width=\"32\" height=\"32\" src=\"https:\/\/abcdoabc.com.br\/wp-content\/themes\/abcdoabc\/imgs\/sair-e-curtir\/good-feedback.png\" loading=\"lazy\" data-count-lazy=\"8\" fetchpriority=\"high\" decoding=\"async\" alt=\"RECOMENDADOS\"\/><\/p><\/div>\n<\/p><\/div>\n<\/p><\/div>\n<p><!-- bloco recomendados -->\n\t\t\t<\/div>\n<p><!-- column is 8 -->\n\t\t<\/div>\n<p><!-- columns --> <\/p><\/div>\n<p><a href=\"https:\/\/abcdoabc.com.br\/enel-sp-regularizacao-energia-jardim-jequiti\/\">Source link <\/a><\/p>","protected":false},"excerpt":{"rendered":"<p>A Enel Distribui\u00e7\u00e3o S\u00e3o Paulo deu in\u00edcio \u00e0s obras de regulariza\u00e7\u00e3o da rede el\u00e9trica na comunidade Vila Jaragu\u00e1, tamb\u00e9m conhecida como Jardim Jequiti, na Zona Norte da capital paulista. O projeto tem como objetivo levar energia el\u00e9trica regular, segura e de qualidade para cerca de 3.500 fam\u00edlias que at\u00e9 ent\u00e3o utilizavam liga\u00e7\u00f5es irregulares. A iniciativa [&hellip;]<\/p>\n","protected":false},"author":1,"featured_media":70707,"comment_status":"","ping_status":"","sticky":false,"template":"","format":"standard","meta":{"googlesitekit_rrm_CAow2JLhCw:productID":"","_gspb_post_css":"","maa_idioma":"","maa_pais":"","footnotes":""},"categories":[4],"tags":[],"class_list":["post-70706","post","type-post","status-publish","format-standard","has-post-thumbnail","hentry","category-brasil"],"blocksy_meta":[],"yoast_head":"<!-- This site is optimized with the Yoast SEO Premium plugin v27.6 (Yoast SEO v27.6) - https:\/\/yoast.com\/product\/yoast-seo-premium-wordpress\/ -->\n<title>Enel SP inicia regulariza\u00e7\u00e3o de energia no Jardim Jequiti ABC do ABC - Ubirat\u00e3 Online Not\u00edcias - A realidade ao seu alcance!<\/title>\n<meta name=\"description\" content=\"A Enel Distribui\u00e7\u00e3o S\u00e3o Paulo deu in\u00edcio \u00e0s obras de regulariza\u00e7\u00e3o da rede el\u00e9trica na comunidade Vila Jaragu\u00e1, tamb\u00e9m conhecida como Jardim Jequiti, na\" \/>\n<meta name=\"robots\" content=\"index, follow, max-snippet:-1, max-image-preview:large, max-video-preview:-1\" \/>\n<link rel=\"canonical\" href=\"https:\/\/ubirataonline.com.br\/en\/enel-sp-inicia-regularizacao-de-energia-no-jardim-jequiti-abc-do-abc\/\" \/>\n<meta property=\"og:locale\" content=\"en_US\" \/>\n<meta property=\"og:type\" content=\"article\" \/>\n<meta property=\"og:title\" content=\"Enel SP inicia regulariza\u00e7\u00e3o de energia no Jardim Jequiti ABC do ABC\" \/>\n<meta property=\"og:description\" content=\"A Enel Distribui\u00e7\u00e3o S\u00e3o Paulo deu in\u00edcio \u00e0s obras de regulariza\u00e7\u00e3o da rede el\u00e9trica na comunidade Vila Jaragu\u00e1, tamb\u00e9m conhecida como Jardim Jequiti, na\" \/>\n<meta property=\"og:url\" content=\"https:\/\/ubirataonline.com.br\/en\/enel-sp-inicia-regularizacao-de-energia-no-jardim-jequiti-abc-do-abc\/\" \/>\n<meta property=\"og:site_name\" content=\"Ubirat\u00e3 Online Not\u00edcias - A realidade ao seu alcance!\" \/>\n<meta property=\"article:publisher\" content=\"https:\/\/www.facebook.com\/portalubirataonline\" \/>\n<meta property=\"article:author\" content=\"https:\/\/www.facebook.com\/portalubirataonline\" \/>\n<meta property=\"article:published_time\" content=\"2025-10-09T15:23:26+00:00\" \/>\n<meta property=\"og:image\" content=\"https:\/\/ubirataonline.com.br\/wp-content\/uploads\/2026\/05\/logo2026.webp\" \/>\n\t<meta property=\"og:image:width\" content=\"1531\" \/>\n\t<meta property=\"og:image:height\" content=\"418\" \/>\n\t<meta property=\"og:image:type\" content=\"image\/webp\" \/>\n<meta name=\"author\" content=\"REDA\u00c7\u00c3O: UBIRAT\u00c3 ONLINE - F\u00c1BIO AUGUSTO CELESTINO\" \/>\n<meta name=\"twitter:card\" content=\"summary_large_image\" \/>\n<meta name=\"twitter:creator\" content=\"@x.com\/ubirataonline\" \/>\n<meta name=\"twitter:site\" content=\"@ubirataonline\" \/>\n<meta name=\"twitter:label1\" content=\"Written by\" \/>\n\t<meta name=\"twitter:data1\" content=\"REDA\u00c7\u00c3O: UBIRAT\u00c3 ONLINE - F\u00c1BIO AUGUSTO CELESTINO\" \/>\n\t<meta name=\"twitter:label2\" content=\"Est. reading time\" \/>\n\t<meta name=\"twitter:data2\" content=\"2 minutes\" \/>\n<script type=\"application\/ld+json\" class=\"yoast-schema-graph\">{\"@context\":\"https:\\\/\\\/schema.org\",\"@graph\":[{\"@type\":\"NewsArticle\",\"@id\":\"https:\\\/\\\/ubirataonline.com.br\\\/enel-sp-inicia-regularizacao-de-energia-no-jardim-jequiti-abc-do-abc\\\/#article\",\"isPartOf\":{\"@id\":\"https:\\\/\\\/ubirataonline.com.br\\\/enel-sp-inicia-regularizacao-de-energia-no-jardim-jequiti-abc-do-abc\\\/\"},\"author\":{\"name\":\"REDA\u00c7\u00c3O: UBIRAT\u00c3 ONLINE - F\u00c1BIO AUGUSTO CELESTINO\",\"@id\":\"https:\\\/\\\/ubirataonline.com.br\\\/#\\\/schema\\\/person\\\/372f87bbd3fdd79b8556b84c98d0bc1c\"},\"headline\":\"Enel SP inicia regulariza\u00e7\u00e3o de energia no Jardim Jequiti ABC do ABC\",\"datePublished\":\"2025-10-09T15:23:26+00:00\",\"mainEntityOfPage\":{\"@id\":\"https:\\\/\\\/ubirataonline.com.br\\\/enel-sp-inicia-regularizacao-de-energia-no-jardim-jequiti-abc-do-abc\\\/\"},\"wordCount\":347,\"publisher\":{\"@id\":\"https:\\\/\\\/ubirataonline.com.br\\\/#organization\"},\"image\":{\"@id\":\"https:\\\/\\\/ubirataonline.com.br\\\/enel-sp-inicia-regularizacao-de-energia-no-jardim-jequiti-abc-do-abc\\\/#primaryimage\"},\"thumbnailUrl\":\"https:\\\/\\\/ubirataonline.com.br\\\/wp-content\\\/uploads\\\/2025\\\/10\\\/energia-jardim-jequiti-2-860x570.jpg\",\"articleSection\":[\"Brasil\"],\"inLanguage\":\"en-US\",\"copyrightYear\":\"2025\",\"copyrightHolder\":{\"@id\":\"https:\\\/\\\/ubirataonline.com.br\\\/en\\\/#organization\"}},{\"@type\":\"WebPage\",\"@id\":\"https:\\\/\\\/ubirataonline.com.br\\\/enel-sp-inicia-regularizacao-de-energia-no-jardim-jequiti-abc-do-abc\\\/\",\"url\":\"https:\\\/\\\/ubirataonline.com.br\\\/enel-sp-inicia-regularizacao-de-energia-no-jardim-jequiti-abc-do-abc\\\/\",\"name\":\"Enel SP inicia regulariza\u00e7\u00e3o de energia no Jardim Jequiti ABC do ABC - Ubirat\u00e3 Online Not\u00edcias - A realidade ao seu alcance!\",\"isPartOf\":{\"@id\":\"https:\\\/\\\/ubirataonline.com.br\\\/#website\"},\"primaryImageOfPage\":{\"@id\":\"https:\\\/\\\/ubirataonline.com.br\\\/enel-sp-inicia-regularizacao-de-energia-no-jardim-jequiti-abc-do-abc\\\/#primaryimage\"},\"image\":{\"@id\":\"https:\\\/\\\/ubirataonline.com.br\\\/enel-sp-inicia-regularizacao-de-energia-no-jardim-jequiti-abc-do-abc\\\/#primaryimage\"},\"thumbnailUrl\":\"https:\\\/\\\/ubirataonline.com.br\\\/wp-content\\\/uploads\\\/2025\\\/10\\\/energia-jardim-jequiti-2-860x570.jpg\",\"datePublished\":\"2025-10-09T15:23:26+00:00\",\"description\":\"A Enel Distribui\u00e7\u00e3o S\u00e3o Paulo deu in\u00edcio \u00e0s obras de regulariza\u00e7\u00e3o da rede el\u00e9trica na comunidade Vila Jaragu\u00e1, tamb\u00e9m conhecida como Jardim Jequiti, na\",\"breadcrumb\":{\"@id\":\"https:\\\/\\\/ubirataonline.com.br\\\/enel-sp-inicia-regularizacao-de-energia-no-jardim-jequiti-abc-do-abc\\\/#breadcrumb\"},\"inLanguage\":\"en-US\",\"potentialAction\":[{\"@type\":\"ReadAction\",\"target\":[\"https:\\\/\\\/ubirataonline.com.br\\\/enel-sp-inicia-regularizacao-de-energia-no-jardim-jequiti-abc-do-abc\\\/\"]}]},{\"@type\":\"ImageObject\",\"inLanguage\":\"en-US\",\"@id\":\"https:\\\/\\\/ubirataonline.com.br\\\/enel-sp-inicia-regularizacao-de-energia-no-jardim-jequiti-abc-do-abc\\\/#primaryimage\",\"url\":\"https:\\\/\\\/ubirataonline.com.br\\\/wp-content\\\/uploads\\\/2025\\\/10\\\/energia-jardim-jequiti-2-860x570.jpg\",\"contentUrl\":\"https:\\\/\\\/ubirataonline.com.br\\\/wp-content\\\/uploads\\\/2025\\\/10\\\/energia-jardim-jequiti-2-860x570.jpg\",\"width\":860,\"height\":570},{\"@type\":\"BreadcrumbList\",\"@id\":\"https:\\\/\\\/ubirataonline.com.br\\\/enel-sp-inicia-regularizacao-de-energia-no-jardim-jequiti-abc-do-abc\\\/#breadcrumb\",\"itemListElement\":[{\"@type\":\"ListItem\",\"position\":1,\"name\":\"In\u00edcio\",\"item\":\"https:\\\/\\\/ubirataonline.com.br\\\/\"},{\"@type\":\"ListItem\",\"position\":2,\"name\":\"Enel SP inicia regulariza\u00e7\u00e3o de energia no Jardim Jequiti ABC do ABC\"}]},{\"@type\":\"WebSite\",\"@id\":\"https:\\\/\\\/ubirataonline.com.br\\\/#website\",\"url\":\"https:\\\/\\\/ubirataonline.com.br\\\/\",\"name\":\"Ubirat\u00e3 Online Not\u00edcias\",\"description\":\"Not\u00edcias de Ubirat\u00e3, regi\u00e3o, Brasil e mundo, com informa\u00e7\u00e3o atualizada e compromisso com o leitor.\",\"publisher\":{\"@id\":\"https:\\\/\\\/ubirataonline.com.br\\\/#organization\"},\"alternateName\":\"Ubirat\u00e3 Online\",\"potentialAction\":[{\"@type\":\"SearchAction\",\"target\":{\"@type\":\"EntryPoint\",\"urlTemplate\":\"https:\\\/\\\/ubirataonline.com.br\\\/?s={search_term_string}\"},\"query-input\":{\"@type\":\"PropertyValueSpecification\",\"valueRequired\":true,\"valueName\":\"search_term_string\"}}],\"inLanguage\":\"en-US\"},{\"@type\":[\"Organization\",\"Place\"],\"@id\":\"https:\\\/\\\/ubirataonline.com.br\\\/#organization\",\"name\":\"Ubirat\u00e3 Online Not\u00edcias\",\"alternateName\":\"Ubirat\u00e3 Online\",\"url\":\"https:\\\/\\\/ubirataonline.com.br\\\/\",\"logo\":{\"@id\":\"https:\\\/\\\/ubirataonline.com.br\\\/enel-sp-inicia-regularizacao-de-energia-no-jardim-jequiti-abc-do-abc\\\/#local-main-organization-logo\"},\"image\":{\"@id\":\"https:\\\/\\\/ubirataonline.com.br\\\/enel-sp-inicia-regularizacao-de-energia-no-jardim-jequiti-abc-do-abc\\\/#local-main-organization-logo\"},\"sameAs\":[\"https:\\\/\\\/www.facebook.com\\\/portalubirataonline\",\"https:\\\/\\\/x.com\\\/ubirataonline\",\"https:\\\/\\\/mastodon.social\\\/@ubirataonline\",\"https:\\\/\\\/www.facebook.com\\\/groups\\\/311144672285604\",\"https:\\\/\\\/www.facebook.com\\\/UBTAOnline\",\"https:\\\/\\\/www.instagram.com\\\/portalubirataonline\\\/\",\"https:\\\/\\\/twitter.com\\\/ubirataonline\"],\"description\":\"Somos um portal de not\u00edcias independente, criado em 5 de janeiro de 2009, com o objetivo de informar, conectar e valorizar a nossa comunidade de Ubirat\u00e3 e toda aregi\u00e3o. Com conte\u00fado atualizado, confi\u00e1vel e relevante, o Ubirat\u00e3 Online \u00e9 o seu espa\u00e7o para ficar por dentro dos principais acontecimentos locais, regionais, Brasil, Mundo e de interesse geral. Nosso compromisso \u00e9 com a verdade, a transpar\u00eancia e o respeito ao leitor.\",\"legalName\":\"UBIRATA ONLINE NOT\u00cdCIAS\",\"foundingDate\":\"2009-01-05\",\"numberOfEmployees\":{\"@type\":\"QuantitativeValue\",\"minValue\":\"1\",\"maxValue\":\"10\"},\"publishingPrinciples\":\"https:\\\/\\\/ubirataonline.com.br\\\/faq\\\/\",\"address\":{\"@id\":\"https:\\\/\\\/ubirataonline.com.br\\\/enel-sp-inicia-regularizacao-de-energia-no-jardim-jequiti-abc-do-abc\\\/#local-main-place-address\"},\"geo\":{\"@type\":\"GeoCoordinates\",\"latitude\":\"-24.5361401\",\"longitude\":\"-52.9921776\"},\"telephone\":[\"+5544998308235\"],\"contactPoint\":{\"@type\":\"ContactPoint\",\"email\":\"contato@ubirataonline.com.br\"},\"openingHoursSpecification\":{\"@type\":\"OpeningHoursSpecification\",\"dayOfWeek\":[\"Monday\",\"Tuesday\",\"Wednesday\",\"Thursday\",\"Friday\",\"Saturday\",\"Sunday\"],\"opens\":\"00:00\",\"closes\":\"23:59\"},\"email\":\"contato@ubirataonline.com.br\",\"vatID\":\"47.621.418\\\/0001-80\"},{\"@type\":\"Person\",\"@id\":\"https:\\\/\\\/ubirataonline.com.br\\\/#\\\/schema\\\/person\\\/372f87bbd3fdd79b8556b84c98d0bc1c\",\"name\":\"REDA\u00c7\u00c3O: UBIRAT\u00c3 ONLINE - F\u00c1BIO AUGUSTO CELESTINO\",\"pronouns\":\"Ele\",\"description\":\"Desde 2003 trabalhando com not\u00edcias.\",\"sameAs\":[\"http:\\\/\\\/ubirataoline.com.br\",\"https:\\\/\\\/www.facebook.com\\\/portalubirataonline\",\"https:\\\/\\\/www.instagram.com\\\/ubirataonline_oficial\",\"https:\\\/\\\/x.com\\\/x.com\\\/ubirataonline\"],\"honorificPrefix\":\"Mr.\",\"honorificSuffix\":\"MD\",\"birthDate\":\"1980-06-16\",\"gender\":\"masculino\",\"award\":[\"V\u00e1rios pr\u00eamios de melhor portal da cidade\"],\"jobTitle\":\"Diretor\",\"url\":\"https:\\\/\\\/ubirataonline.com.br\\\/en\\\/author\\\/ubirataonline\\\/\"},{\"@type\":\"PostalAddress\",\"@id\":\"https:\\\/\\\/ubirataonline.com.br\\\/enel-sp-inicia-regularizacao-de-energia-no-jardim-jequiti-abc-do-abc\\\/#local-main-place-address\",\"streetAddress\":\"Rua dos Coqueiros, 104 - Bairro Boa Vista, Rua dos Coqueiros, 104 Bairro Boa Vista\",\"addressLocality\":\"UBIRATA\",\"postalCode\":\"85440-000\",\"addressRegion\":\"PR\",\"addressCountry\":\"BR\"},{\"@type\":\"ImageObject\",\"inLanguage\":\"en-US\",\"@id\":\"https:\\\/\\\/ubirataonline.com.br\\\/enel-sp-inicia-regularizacao-de-energia-no-jardim-jequiti-abc-do-abc\\\/#local-main-organization-logo\",\"url\":\"https:\\\/\\\/ubirataonline.com.br\\\/wp-content\\\/uploads\\\/2026\\\/06\\\/logoubirataonline-1.webp\",\"contentUrl\":\"https:\\\/\\\/ubirataonline.com.br\\\/wp-content\\\/uploads\\\/2026\\\/06\\\/logoubirataonline-1.webp\",\"width\":500,\"height\":500,\"caption\":\"Ubirat\u00e3 Online Not\u00edcias\"}]}<\/script>\n<meta name=\"geo.placename\" content=\"UBIRATA\" \/>\n<meta name=\"geo.position\" content=\"-24.5361401;-52.9921776\" \/>\n<meta name=\"geo.region\" content=\"Brazil\" \/>\n<!-- \/ Yoast SEO Premium plugin. -->","yoast_head_json":{"title":"Enel SP inicia regulariza\u00e7\u00e3o de energia no Jardim Jequiti ABC do ABC - Ubirat\u00e3 Online Not\u00edcias - A realidade ao seu alcance!","description":"A Enel Distribui\u00e7\u00e3o S\u00e3o Paulo deu in\u00edcio \u00e0s obras de regulariza\u00e7\u00e3o da rede el\u00e9trica na comunidade Vila Jaragu\u00e1, tamb\u00e9m conhecida como Jardim Jequiti, na","robots":{"index":"index","follow":"follow","max-snippet":"max-snippet:-1","max-image-preview":"max-image-preview:large","max-video-preview":"max-video-preview:-1"},"canonical":"https:\/\/ubirataonline.com.br\/en\/enel-sp-inicia-regularizacao-de-energia-no-jardim-jequiti-abc-do-abc\/","og_locale":"en_US","og_type":"article","og_title":"Enel SP inicia regulariza\u00e7\u00e3o de energia no Jardim Jequiti ABC do ABC","og_description":"A Enel Distribui\u00e7\u00e3o S\u00e3o Paulo deu in\u00edcio \u00e0s obras de regulariza\u00e7\u00e3o da rede el\u00e9trica na comunidade Vila Jaragu\u00e1, tamb\u00e9m conhecida como Jardim Jequiti, na","og_url":"https:\/\/ubirataonline.com.br\/en\/enel-sp-inicia-regularizacao-de-energia-no-jardim-jequiti-abc-do-abc\/","og_site_name":"Ubirat\u00e3 Online Not\u00edcias - A realidade ao seu alcance!","article_publisher":"https:\/\/www.facebook.com\/portalubirataonline","article_author":"https:\/\/www.facebook.com\/portalubirataonline","article_published_time":"2025-10-09T15:23:26+00:00","og_image":[{"width":1531,"height":418,"url":"https:\/\/ubirataonline.com.br\/wp-content\/uploads\/2026\/05\/logo2026.webp","type":"image\/webp"}],"author":"REDA\u00c7\u00c3O: UBIRAT\u00c3 ONLINE - F\u00c1BIO AUGUSTO CELESTINO","twitter_card":"summary_large_image","twitter_creator":"@x.com\/ubirataonline","twitter_site":"@ubirataonline","twitter_misc":{"Written by":"REDA\u00c7\u00c3O: UBIRAT\u00c3 ONLINE - F\u00c1BIO AUGUSTO CELESTINO","Est. reading time":"2 minutes"},"schema":{"@context":"https:\/\/schema.org","@graph":[{"@type":"NewsArticle","@id":"https:\/\/ubirataonline.com.br\/enel-sp-inicia-regularizacao-de-energia-no-jardim-jequiti-abc-do-abc\/#article","isPartOf":{"@id":"https:\/\/ubirataonline.com.br\/enel-sp-inicia-regularizacao-de-energia-no-jardim-jequiti-abc-do-abc\/"},"author":{"name":"REDA\u00c7\u00c3O: UBIRAT\u00c3 ONLINE - F\u00c1BIO AUGUSTO CELESTINO","@id":"https:\/\/ubirataonline.com.br\/#\/schema\/person\/372f87bbd3fdd79b8556b84c98d0bc1c"},"headline":"Enel SP inicia regulariza\u00e7\u00e3o de energia no Jardim Jequiti ABC do ABC","datePublished":"2025-10-09T15:23:26+00:00","mainEntityOfPage":{"@id":"https:\/\/ubirataonline.com.br\/enel-sp-inicia-regularizacao-de-energia-no-jardim-jequiti-abc-do-abc\/"},"wordCount":347,"publisher":{"@id":"https:\/\/ubirataonline.com.br\/#organization"},"image":{"@id":"https:\/\/ubirataonline.com.br\/enel-sp-inicia-regularizacao-de-energia-no-jardim-jequiti-abc-do-abc\/#primaryimage"},"thumbnailUrl":"https:\/\/ubirataonline.com.br\/wp-content\/uploads\/2025\/10\/energia-jardim-jequiti-2-860x570.jpg","articleSection":["Brasil"],"inLanguage":"en-US","copyrightYear":"2025","copyrightHolder":{"@id":"https:\/\/ubirataonline.com.br\/en\/#organization"}},{"@type":"WebPage","@id":"https:\/\/ubirataonline.com.br\/enel-sp-inicia-regularizacao-de-energia-no-jardim-jequiti-abc-do-abc\/","url":"https:\/\/ubirataonline.com.br\/enel-sp-inicia-regularizacao-de-energia-no-jardim-jequiti-abc-do-abc\/","name":"Enel SP inicia regulariza\u00e7\u00e3o de energia no Jardim Jequiti ABC do ABC - Ubirat\u00e3 Online Not\u00edcias - A realidade ao seu alcance!","isPartOf":{"@id":"https:\/\/ubirataonline.com.br\/#website"},"primaryImageOfPage":{"@id":"https:\/\/ubirataonline.com.br\/enel-sp-inicia-regularizacao-de-energia-no-jardim-jequiti-abc-do-abc\/#primaryimage"},"image":{"@id":"https:\/\/ubirataonline.com.br\/enel-sp-inicia-regularizacao-de-energia-no-jardim-jequiti-abc-do-abc\/#primaryimage"},"thumbnailUrl":"https:\/\/ubirataonline.com.br\/wp-content\/uploads\/2025\/10\/energia-jardim-jequiti-2-860x570.jpg","datePublished":"2025-10-09T15:23:26+00:00","description":"A Enel Distribui\u00e7\u00e3o S\u00e3o Paulo deu in\u00edcio \u00e0s obras de regulariza\u00e7\u00e3o da rede el\u00e9trica na comunidade Vila Jaragu\u00e1, tamb\u00e9m conhecida como Jardim Jequiti, na","breadcrumb":{"@id":"https:\/\/ubirataonline.com.br\/enel-sp-inicia-regularizacao-de-energia-no-jardim-jequiti-abc-do-abc\/#breadcrumb"},"inLanguage":"en-US","potentialAction":[{"@type":"ReadAction","target":["https:\/\/ubirataonline.com.br\/enel-sp-inicia-regularizacao-de-energia-no-jardim-jequiti-abc-do-abc\/"]}]},{"@type":"ImageObject","inLanguage":"en-US","@id":"https:\/\/ubirataonline.com.br\/enel-sp-inicia-regularizacao-de-energia-no-jardim-jequiti-abc-do-abc\/#primaryimage","url":"https:\/\/ubirataonline.com.br\/wp-content\/uploads\/2025\/10\/energia-jardim-jequiti-2-860x570.jpg","contentUrl":"https:\/\/ubirataonline.com.br\/wp-content\/uploads\/2025\/10\/energia-jardim-jequiti-2-860x570.jpg","width":860,"height":570},{"@type":"BreadcrumbList","@id":"https:\/\/ubirataonline.com.br\/enel-sp-inicia-regularizacao-de-energia-no-jardim-jequiti-abc-do-abc\/#breadcrumb","itemListElement":[{"@type":"ListItem","position":1,"name":"In\u00edcio","item":"https:\/\/ubirataonline.com.br\/"},{"@type":"ListItem","position":2,"name":"Enel SP inicia regulariza\u00e7\u00e3o de energia no Jardim Jequiti ABC do ABC"}]},{"@type":"WebSite","@id":"https:\/\/ubirataonline.com.br\/#website","url":"https:\/\/ubirataonline.com.br\/","name":"Ubirat\u00e3 Online Not\u00edcias","description":"Not\u00edcias de Ubirat\u00e3, regi\u00e3o, Brasil e mundo, com informa\u00e7\u00e3o atualizada e compromisso com o leitor.","publisher":{"@id":"https:\/\/ubirataonline.com.br\/#organization"},"alternateName":"Ubirat\u00e3 Online","potentialAction":[{"@type":"SearchAction","target":{"@type":"EntryPoint","urlTemplate":"https:\/\/ubirataonline.com.br\/?s={search_term_string}"},"query-input":{"@type":"PropertyValueSpecification","valueRequired":true,"valueName":"search_term_string"}}],"inLanguage":"en-US"},{"@type":["Organization","Place"],"@id":"https:\/\/ubirataonline.com.br\/#organization","name":"Ubirat\u00e3 Online Not\u00edcias","alternateName":"Ubirat\u00e3 Online","url":"https:\/\/ubirataonline.com.br\/","logo":{"@id":"https:\/\/ubirataonline.com.br\/enel-sp-inicia-regularizacao-de-energia-no-jardim-jequiti-abc-do-abc\/#local-main-organization-logo"},"image":{"@id":"https:\/\/ubirataonline.com.br\/enel-sp-inicia-regularizacao-de-energia-no-jardim-jequiti-abc-do-abc\/#local-main-organization-logo"},"sameAs":["https:\/\/www.facebook.com\/portalubirataonline","https:\/\/x.com\/ubirataonline","https:\/\/mastodon.social\/@ubirataonline","https:\/\/www.facebook.com\/groups\/311144672285604","https:\/\/www.facebook.com\/UBTAOnline","https:\/\/www.instagram.com\/portalubirataonline\/","https:\/\/twitter.com\/ubirataonline"],"description":"Somos um portal de not\u00edcias independente, criado em 5 de janeiro de 2009, com o objetivo de informar, conectar e valorizar a nossa comunidade de Ubirat\u00e3 e toda aregi\u00e3o. Com conte\u00fado atualizado, confi\u00e1vel e relevante, o Ubirat\u00e3 Online \u00e9 o seu espa\u00e7o para ficar por dentro dos principais acontecimentos locais, regionais, Brasil, Mundo e de interesse geral. Nosso compromisso \u00e9 com a verdade, a transpar\u00eancia e o respeito ao leitor.","legalName":"UBIRATA ONLINE NOT\u00cdCIAS","foundingDate":"2009-01-05","numberOfEmployees":{"@type":"QuantitativeValue","minValue":"1","maxValue":"10"},"publishingPrinciples":"https:\/\/ubirataonline.com.br\/faq\/","address":{"@id":"https:\/\/ubirataonline.com.br\/enel-sp-inicia-regularizacao-de-energia-no-jardim-jequiti-abc-do-abc\/#local-main-place-address"},"geo":{"@type":"GeoCoordinates","latitude":"-24.5361401","longitude":"-52.9921776"},"telephone":["+5544998308235"],"contactPoint":{"@type":"ContactPoint","email":"contato@ubirataonline.com.br"},"openingHoursSpecification":{"@type":"OpeningHoursSpecification","dayOfWeek":["Monday","Tuesday","Wednesday","Thursday","Friday","Saturday","Sunday"],"opens":"00:00","closes":"23:59"},"email":"contato@ubirataonline.com.br","vatID":"47.621.418\/0001-80"},{"@type":"Person","@id":"https:\/\/ubirataonline.com.br\/#\/schema\/person\/372f87bbd3fdd79b8556b84c98d0bc1c","name":"REDA\u00c7\u00c3O: UBIRAT\u00c3 ONLINE - F\u00c1BIO AUGUSTO CELESTINO","pronouns":"Ele","description":"Desde 2003 trabalhando com not\u00edcias.","sameAs":["http:\/\/ubirataoline.com.br","https:\/\/www.facebook.com\/portalubirataonline","https:\/\/www.instagram.com\/ubirataonline_oficial","https:\/\/x.com\/x.com\/ubirataonline"],"honorificPrefix":"Mr.","honorificSuffix":"MD","birthDate":"1980-06-16","gender":"masculino","award":["V\u00e1rios pr\u00eamios de melhor portal da cidade"],"jobTitle":"Diretor","url":"https:\/\/ubirataonline.com.br\/en\/author\/ubirataonline\/"},{"@type":"PostalAddress","@id":"https:\/\/ubirataonline.com.br\/enel-sp-inicia-regularizacao-de-energia-no-jardim-jequiti-abc-do-abc\/#local-main-place-address","streetAddress":"Rua dos Coqueiros, 104 - Bairro Boa Vista, Rua dos Coqueiros, 104 Bairro Boa Vista","addressLocality":"UBIRATA","postalCode":"85440-000","addressRegion":"PR","addressCountry":"BR"},{"@type":"ImageObject","inLanguage":"en-US","@id":"https:\/\/ubirataonline.com.br\/enel-sp-inicia-regularizacao-de-energia-no-jardim-jequiti-abc-do-abc\/#local-main-organization-logo","url":"https:\/\/ubirataonline.com.br\/wp-content\/uploads\/2026\/06\/logoubirataonline-1.webp","contentUrl":"https:\/\/ubirataonline.com.br\/wp-content\/uploads\/2026\/06\/logoubirataonline-1.webp","width":500,"height":500,"caption":"Ubirat\u00e3 Online Not\u00edcias"}]},"geo.placename":"UBIRATA","geo.position":{"lat":"-24.5361401","long":"-52.9921776"},"geo.region":"Brazil"},"_links":{"self":[{"href":"https:\/\/ubirataonline.com.br\/en\/wp-json\/wp\/v2\/posts\/70706","targetHints":{"allow":["GET"]}}],"collection":[{"href":"https:\/\/ubirataonline.com.br\/en\/wp-json\/wp\/v2\/posts"}],"about":[{"href":"https:\/\/ubirataonline.com.br\/en\/wp-json\/wp\/v2\/types\/post"}],"author":[{"embeddable":true,"href":"https:\/\/ubirataonline.com.br\/en\/wp-json\/wp\/v2\/users\/1"}],"replies":[{"embeddable":true,"href":"https:\/\/ubirataonline.com.br\/en\/wp-json\/wp\/v2\/comments?post=70706"}],"version-history":[{"count":0,"href":"https:\/\/ubirataonline.com.br\/en\/wp-json\/wp\/v2\/posts\/70706\/revisions"}],"wp:featuredmedia":[{"embeddable":true,"href":"https:\/\/ubirataonline.com.br\/en\/wp-json\/wp\/v2\/media\/70707"}],"wp:attachment":[{"href":"https:\/\/ubirataonline.com.br\/en\/wp-json\/wp\/v2\/media?parent=70706"}],"wp:term":[{"taxonomy":"category","embeddable":true,"href":"https:\/\/ubirataonline.com.br\/en\/wp-json\/wp\/v2\/categories?post=70706"},{"taxonomy":"post_tag","embeddable":true,"href":"https:\/\/ubirataonline.com.br\/en\/wp-json\/wp\/v2\/tags?post=70706"}],"curies":[{"name":"wp","href":"https:\/\/api.w.org\/{rel}","templated":true}]}}