{"id":70720,"date":"2025-10-09T15:27:53","date_gmt":"2025-10-09T18:27:53","guid":{"rendered":"https:\/\/ubirataonline.com.br\/parque-aguas-claras-traz-diversao-e-ingressos-gratis-para-curitiba\/"},"modified":"2025-10-09T15:27:53","modified_gmt":"2025-10-09T18:27:53","slug":"parque-aguas-claras-traz-diversao-e-ingressos-gratis-para-curitiba","status":"publish","type":"post","link":"https:\/\/ubirataonline.com.br\/en\/parque-aguas-claras-traz-diversao-e-ingressos-gratis-para-curitiba\/","title":{"rendered":"Parque \u00c1guas Claras traz divers\u00e3o e ingressos gr\u00e1tis para Curitiba"},"content":{"rendered":"<p><\/p>\n<div id=\"post-content\">\n<p>Um \u201cpedacinho\u201d do litoral paranaense vai invadir <strong>Curitiba<\/strong> neste <strong>Dia das Crian\u00e7as<\/strong>. O <strong>Parque \u00c1guas Claras<\/strong>, de<strong> Matinhos<\/strong>, est\u00e1 subindo a Serra para trazer alegria e divers\u00e3o aos curitibinhas com o evento \u201c\u00c1guas Claras em Curitiba\u201d, uma experi\u00eancia gratuita especialmente criada para a data. <\/p>\n<p>A programa\u00e7\u00e3o acontece no dia 12 de outubro, das 10h \u00e0s 16h, na Live Curitiba, e promete transformar o feriado em um dia inesquec\u00edvel para a piazada e seus pais.<\/p>\n<p>\u201cQueremos levar um pouquinho da energia do nosso parque para quem est\u00e1 em Curitiba. Ser\u00e1 um dia para se divertir, se conectar e sentir o clima de f\u00e9rias que o \u00c1guas Claras representa\u201d, explica Athayde Neto, CEO do Parque \u00c1guas Claras.<\/p>\n<p><strong>+ Veja mais:<\/strong> <a href=\"https:\/\/www.tribunapr.com.br\/blogs\/cacador-de-boteco\/novo-bar-em-curitiba-celebra-a-capivara-e-a-cultura-de-boteco-na-itupava\/\" target=\"_blank\" rel=\"noreferrer noopener\">Novo bar em Curitiba celebra a capivara e a cultura de boteco na Itupava<\/a><\/p>\n<p>Al\u00e9m de celebrar o Dia das Crian\u00e7as, o evento marca tamb\u00e9m o pr\u00e9-lan\u00e7amento do Ver\u00e3o 2026 do Parque \u00c1guas Claras, com sorteios, comidas, brinquedos, m\u00fasica e experi\u00eancias que traduzem o esp\u00edrito do litoral. E olha s\u00f3 que legal: o presente n\u00e3o \u00e9 s\u00f3 para as crian\u00e7as! Todas as fam\u00edlias que participarem do evento ganhar\u00e3o quatro ingressos para conhecer o parque \u00c1guas Claras (v\u00e1lido por um ano).<\/p>\n<p>As vagas s\u00e3o limitadas e o acesso ser\u00e1 mediante preenchimento do formul\u00e1rio de inscri\u00e7\u00e3o dispon\u00edvel no site oficial do Parque \u00c1guas Claras. Ent\u00e3o, se liga! \u00c9 uma oportunidade de curtir um gostinho de ver\u00e3o antecipado aqui mesmo na capital. <\/p>\n<p>&gt;&gt;&gt; <a href=\"https:\/\/materiais.beachclubaguasclaras.com.br\/pre-lancamento-verao-2026\" target=\"_blank\" rel=\"noreferrer noopener\">Clique aqui para acessar o formul\u00e1rio!<\/a><\/p>\n<section class=\"virals\">\n<article class=\"cardnews cardnews--post cardnews--has-thumbnail cardnews--editorial-noticias\"> <a href=\"https:\/\/www.tribunapr.com.br\/noticias\/curitiba-regiao\/parana-tem-ilha-com-vista-privilegiada-a-venda-por-r-25-milhoes\/?utm_source=noticias-virais-rodape&amp;utm_medium=internal-tribuna&amp;utm_campaign=tribuna\" class=\"cardnews__postlink\"> <\/p>\n<div class=\"cardnews__image\" is-api-thumb=\"\"><img decoding=\"async\" src=\"https:\/\/www.tribunapr.com.br\/wp-content\/uploads\/2025\/09\/29093227\/ilha-no-parana-a-venda-370x210.jpg\" loading=\"lazy\" alt=\"Ilha paradis\u00edaca no Paran\u00e1 \u00e0 venda por \" bagatela=\"\" milion=\"\"\/><\/div>\n<div class=\"cardnews__content cardhome__content\">\n<div class=\"cardnews__content-wrapper\">\n<p> <span style=\"\"> Que tal?? <\/span> <\/p>\n<p>Ilha paradis\u00edaca no Paran\u00e1 \u00e0 venda por &#8220;bagatela&#8221; milion\u00e1ria<\/p>\n<\/p><\/div>\n<\/p><\/div>\n<p> <\/a> <\/article>\n<article class=\"cardnews cardnews--post cardnews--has-thumbnail cardnews--editorial-noticias\"> <a href=\"https:\/\/www.tribunapr.com.br\/noticias\/curitiba-regiao\/jovem-volta-buscar-rosario-encontra-casa-arrombada-curitiba\/?utm_source=noticias-virais-rodape&amp;utm_medium=internal-tribuna&amp;utm_campaign=tribuna\" class=\"cardnews__postlink\"> <\/p>\n<div class=\"cardnews__image\" is-api-thumb=\"\"><img decoding=\"async\" src=\"https:\/\/www.tribunapr.com.br\/wp-content\/uploads\/2025\/09\/26184952\/WhatsApp-Image-2025-09-26-at-18.22.36-370x210.jpeg\" loading=\"lazy\" alt=\"Voc\u00ea n\u00e3o vai acreditar o que aconteceu com este jovem em Curitiba!\"\/><\/div>\n<div class=\"cardnews__content cardhome__content\">\n<div class=\"cardnews__content-wrapper\">\n<p> <span style=\"\"> Viagem frustrada! <\/span> <\/p>\n<p>Voc\u00ea n\u00e3o vai acreditar o que aconteceu com este jovem em Curitiba!<\/p>\n<\/p><\/div>\n<\/p><\/div>\n<p> <\/a> <\/article>\n<article class=\"cardnews cardnews--post cardnews--has-thumbnail cardnews--editorial-noticias\"> <a href=\"https:\/\/www.tribunapr.com.br\/noticias\/curitiba-regiao\/startup-de-curitiba-dobra-de-tamanho-em-3-anos-e-fatura-r-100-milhoes\/?utm_source=noticias-virais-rodape&amp;utm_medium=internal-tribuna&amp;utm_campaign=tribuna\" class=\"cardnews__postlink\"> <\/p>\n<div class=\"cardnews__image\" is-api-thumb=\"\"><img decoding=\"async\" src=\"https:\/\/www.tribunapr.com.br\/wp-content\/uploads\/2025\/09\/26153951\/watch-370x210.jpg\" loading=\"lazy\" alt=\"Startup de Curitiba dobra de tamanho e fatura R$ 100 milh\u00f5es\"\/><\/div>\n<div class=\"cardnews__content cardhome__content\">\n<div class=\"cardnews__content-wrapper\">\n<p> <span style=\"\"> O que fazem?? <\/span> <\/p>\n<p>Startup de Curitiba dobra de tamanho e fatura R$ 100 milh\u00f5es<\/p>\n<\/p><\/div>\n<\/p><\/div>\n<p> <\/a> <\/article>\n<\/section>\n<section class=\"whatsapp-groups\">\n<div class=\"whatsapp-groups__image\"> <img decoding=\"async\" src=\"https:\/\/www.tribunapr.com.br\/resources\/images\/blocks\/whatsapp-groups\/logo-whatsapp.png\" alt=\"Grupos de WhatsApp da Tribuna\" loading=\"lazy\"\/> <\/div>\n<div class=\"whatsapp-groups__body\">\n<p> Receba Not\u00edcias no seu WhatsApp! <\/p>\n<p> Receba as not\u00edcias do seu bairro e do seu time pelo WhatsApp. <\/p>\n<p> <a href=\"https:\/\/www.tribunapr.com.br\/grupos-de-whatsapp-da-tribuna\/\" target=\"_blank\" class=\"whatsapp-groups__button\"> Participe dos Grupos da Tribuna <\/a> <\/div>\n<\/section><\/div>\n<p><a href=\"https:\/\/www.tribunapr.com.br\/viva\/parque-aguas-claras-traz-diversao-e-ingressos-gratis-para-curitiba\/\">Source link <\/a><\/p>","protected":false},"excerpt":{"rendered":"<p>Um \u201cpedacinho\u201d do litoral paranaense vai invadir Curitiba neste Dia das Crian\u00e7as. O Parque \u00c1guas Claras, de Matinhos, est\u00e1 subindo a Serra para trazer alegria e divers\u00e3o aos curitibinhas com o evento \u201c\u00c1guas Claras em Curitiba\u201d, uma experi\u00eancia gratuita especialmente criada para a data. A programa\u00e7\u00e3o acontece no dia 12 de outubro, das 10h \u00e0s [&hellip;]<\/p>\n","protected":false},"author":1,"featured_media":70721,"comment_status":"","ping_status":"","sticky":false,"template":"","format":"standard","meta":{"googlesitekit_rrm_CAow2JLhCw:productID":"","_gspb_post_css":"","maa_idioma":"","maa_pais":"","footnotes":""},"categories":[1],"tags":[],"class_list":["post-70720","post","type-post","status-publish","format-standard","has-post-thumbnail","hentry","category-ubirata"],"blocksy_meta":[],"yoast_head":"<!-- This site is optimized with the Yoast SEO Premium plugin v27.6 (Yoast SEO v27.6) - https:\/\/yoast.com\/product\/yoast-seo-premium-wordpress\/ -->\n<title>Parque \u00c1guas Claras traz divers\u00e3o e ingressos gr\u00e1tis para Curitiba - Ubirat\u00e3 Online Not\u00edcias - A realidade ao seu alcance!<\/title>\n<meta name=\"description\" content=\"Um \u201cpedacinho\u201d do litoral paranaense vai invadir Curitiba neste Dia das Crian\u00e7as. O Parque \u00c1guas Claras, de Matinhos, est\u00e1 subindo a Serra para trazer\" \/>\n<meta name=\"robots\" content=\"index, follow, max-snippet:-1, max-image-preview:large, max-video-preview:-1\" \/>\n<link rel=\"canonical\" href=\"https:\/\/ubirataonline.com.br\/en\/parque-aguas-claras-traz-diversao-e-ingressos-gratis-para-curitiba\/\" \/>\n<meta property=\"og:locale\" content=\"en_US\" \/>\n<meta property=\"og:type\" content=\"article\" \/>\n<meta property=\"og:title\" content=\"Parque \u00c1guas Claras traz divers\u00e3o e ingressos gr\u00e1tis para Curitiba\" \/>\n<meta property=\"og:description\" content=\"Um \u201cpedacinho\u201d do litoral paranaense vai invadir Curitiba neste Dia das Crian\u00e7as. O Parque \u00c1guas Claras, de Matinhos, est\u00e1 subindo a Serra para trazer\" \/>\n<meta property=\"og:url\" content=\"https:\/\/ubirataonline.com.br\/en\/parque-aguas-claras-traz-diversao-e-ingressos-gratis-para-curitiba\/\" \/>\n<meta property=\"og:site_name\" content=\"Ubirat\u00e3 Online Not\u00edcias - A realidade ao seu alcance!\" \/>\n<meta property=\"article:publisher\" content=\"https:\/\/www.facebook.com\/portalubirataonline\" \/>\n<meta property=\"article:author\" content=\"https:\/\/www.facebook.com\/portalubirataonline\" \/>\n<meta property=\"article:published_time\" content=\"2025-10-09T18:27:53+00:00\" \/>\n<meta property=\"og:image\" content=\"https:\/\/www.tribunapr.com.br\/wp-content\/uploads\/2025\/09\/29093227\/ilha-no-parana-a-venda-370x210.jpg\" \/>\n<meta name=\"author\" content=\"REDA\u00c7\u00c3O: UBIRAT\u00c3 ONLINE - F\u00c1BIO AUGUSTO CELESTINO\" \/>\n<meta name=\"twitter:card\" content=\"summary_large_image\" \/>\n<meta name=\"twitter:creator\" content=\"@x.com\/ubirataonline\" \/>\n<meta name=\"twitter:site\" content=\"@ubirataonline\" \/>\n<meta name=\"twitter:label1\" content=\"Written by\" \/>\n\t<meta name=\"twitter:data1\" content=\"REDA\u00c7\u00c3O: UBIRAT\u00c3 ONLINE - F\u00c1BIO AUGUSTO CELESTINO\" \/>\n\t<meta name=\"twitter:label2\" content=\"Est. reading time\" \/>\n\t<meta name=\"twitter:data2\" content=\"2 minutes\" \/>\n<script type=\"application\/ld+json\" class=\"yoast-schema-graph\">{\"@context\":\"https:\\\/\\\/schema.org\",\"@graph\":[{\"@type\":\"NewsArticle\",\"@id\":\"https:\\\/\\\/ubirataonline.com.br\\\/parque-aguas-claras-traz-diversao-e-ingressos-gratis-para-curitiba\\\/#article\",\"isPartOf\":{\"@id\":\"https:\\\/\\\/ubirataonline.com.br\\\/parque-aguas-claras-traz-diversao-e-ingressos-gratis-para-curitiba\\\/\"},\"author\":{\"name\":\"REDA\u00c7\u00c3O: UBIRAT\u00c3 ONLINE - F\u00c1BIO AUGUSTO CELESTINO\",\"@id\":\"https:\\\/\\\/ubirataonline.com.br\\\/#\\\/schema\\\/person\\\/372f87bbd3fdd79b8556b84c98d0bc1c\"},\"headline\":\"Parque \u00c1guas Claras traz divers\u00e3o e ingressos gr\u00e1tis para Curitiba\",\"datePublished\":\"2025-10-09T18:27:53+00:00\",\"mainEntityOfPage\":{\"@id\":\"https:\\\/\\\/ubirataonline.com.br\\\/parque-aguas-claras-traz-diversao-e-ingressos-gratis-para-curitiba\\\/\"},\"wordCount\":347,\"publisher\":{\"@id\":\"https:\\\/\\\/ubirataonline.com.br\\\/#organization\"},\"image\":{\"@id\":\"https:\\\/\\\/ubirataonline.com.br\\\/parque-aguas-claras-traz-diversao-e-ingressos-gratis-para-curitiba\\\/#primaryimage\"},\"thumbnailUrl\":\"https:\\\/\\\/ubirataonline.com.br\\\/wp-content\\\/uploads\\\/2025\\\/10\\\/aguasclaras.jpg\",\"articleSection\":[\"Ubirat\u00e3\"],\"inLanguage\":\"en-US\",\"copyrightYear\":\"2025\",\"copyrightHolder\":{\"@id\":\"https:\\\/\\\/ubirataonline.com.br\\\/en\\\/#organization\"}},{\"@type\":\"WebPage\",\"@id\":\"https:\\\/\\\/ubirataonline.com.br\\\/parque-aguas-claras-traz-diversao-e-ingressos-gratis-para-curitiba\\\/\",\"url\":\"https:\\\/\\\/ubirataonline.com.br\\\/parque-aguas-claras-traz-diversao-e-ingressos-gratis-para-curitiba\\\/\",\"name\":\"Parque \u00c1guas Claras traz divers\u00e3o e ingressos gr\u00e1tis para Curitiba - Ubirat\u00e3 Online Not\u00edcias - A realidade ao seu alcance!\",\"isPartOf\":{\"@id\":\"https:\\\/\\\/ubirataonline.com.br\\\/#website\"},\"primaryImageOfPage\":{\"@id\":\"https:\\\/\\\/ubirataonline.com.br\\\/parque-aguas-claras-traz-diversao-e-ingressos-gratis-para-curitiba\\\/#primaryimage\"},\"image\":{\"@id\":\"https:\\\/\\\/ubirataonline.com.br\\\/parque-aguas-claras-traz-diversao-e-ingressos-gratis-para-curitiba\\\/#primaryimage\"},\"thumbnailUrl\":\"https:\\\/\\\/ubirataonline.com.br\\\/wp-content\\\/uploads\\\/2025\\\/10\\\/aguasclaras.jpg\",\"datePublished\":\"2025-10-09T18:27:53+00:00\",\"description\":\"Um \u201cpedacinho\u201d do litoral paranaense vai invadir Curitiba neste Dia das Crian\u00e7as. O Parque \u00c1guas Claras, de Matinhos, est\u00e1 subindo a Serra para trazer\",\"breadcrumb\":{\"@id\":\"https:\\\/\\\/ubirataonline.com.br\\\/parque-aguas-claras-traz-diversao-e-ingressos-gratis-para-curitiba\\\/#breadcrumb\"},\"inLanguage\":\"en-US\",\"potentialAction\":[{\"@type\":\"ReadAction\",\"target\":[\"https:\\\/\\\/ubirataonline.com.br\\\/parque-aguas-claras-traz-diversao-e-ingressos-gratis-para-curitiba\\\/\"]}]},{\"@type\":\"ImageObject\",\"inLanguage\":\"en-US\",\"@id\":\"https:\\\/\\\/ubirataonline.com.br\\\/parque-aguas-claras-traz-diversao-e-ingressos-gratis-para-curitiba\\\/#primaryimage\",\"url\":\"https:\\\/\\\/ubirataonline.com.br\\\/wp-content\\\/uploads\\\/2025\\\/10\\\/aguasclaras.jpg\",\"contentUrl\":\"https:\\\/\\\/ubirataonline.com.br\\\/wp-content\\\/uploads\\\/2025\\\/10\\\/aguasclaras.jpg\",\"width\":1200,\"height\":878},{\"@type\":\"BreadcrumbList\",\"@id\":\"https:\\\/\\\/ubirataonline.com.br\\\/parque-aguas-claras-traz-diversao-e-ingressos-gratis-para-curitiba\\\/#breadcrumb\",\"itemListElement\":[{\"@type\":\"ListItem\",\"position\":1,\"name\":\"In\u00edcio\",\"item\":\"https:\\\/\\\/ubirataonline.com.br\\\/\"},{\"@type\":\"ListItem\",\"position\":2,\"name\":\"Parque \u00c1guas Claras traz divers\u00e3o e ingressos gr\u00e1tis para Curitiba\"}]},{\"@type\":\"WebSite\",\"@id\":\"https:\\\/\\\/ubirataonline.com.br\\\/#website\",\"url\":\"https:\\\/\\\/ubirataonline.com.br\\\/\",\"name\":\"Ubirat\u00e3 Online Not\u00edcias\",\"description\":\"Not\u00edcias de Ubirat\u00e3, regi\u00e3o, Brasil e mundo, com informa\u00e7\u00e3o atualizada e compromisso com o leitor.\",\"publisher\":{\"@id\":\"https:\\\/\\\/ubirataonline.com.br\\\/#organization\"},\"alternateName\":\"Ubirat\u00e3 Online\",\"potentialAction\":[{\"@type\":\"SearchAction\",\"target\":{\"@type\":\"EntryPoint\",\"urlTemplate\":\"https:\\\/\\\/ubirataonline.com.br\\\/?s={search_term_string}\"},\"query-input\":{\"@type\":\"PropertyValueSpecification\",\"valueRequired\":true,\"valueName\":\"search_term_string\"}}],\"inLanguage\":\"en-US\"},{\"@type\":[\"Organization\",\"Place\"],\"@id\":\"https:\\\/\\\/ubirataonline.com.br\\\/#organization\",\"name\":\"Ubirat\u00e3 Online Not\u00edcias\",\"alternateName\":\"Ubirat\u00e3 Online\",\"url\":\"https:\\\/\\\/ubirataonline.com.br\\\/\",\"logo\":{\"@id\":\"https:\\\/\\\/ubirataonline.com.br\\\/parque-aguas-claras-traz-diversao-e-ingressos-gratis-para-curitiba\\\/#local-main-organization-logo\"},\"image\":{\"@id\":\"https:\\\/\\\/ubirataonline.com.br\\\/parque-aguas-claras-traz-diversao-e-ingressos-gratis-para-curitiba\\\/#local-main-organization-logo\"},\"sameAs\":[\"https:\\\/\\\/www.facebook.com\\\/portalubirataonline\",\"https:\\\/\\\/x.com\\\/ubirataonline\",\"https:\\\/\\\/mastodon.social\\\/@ubirataonline\",\"https:\\\/\\\/www.facebook.com\\\/groups\\\/311144672285604\",\"https:\\\/\\\/www.facebook.com\\\/UBTAOnline\",\"https:\\\/\\\/www.instagram.com\\\/portalubirataonline\\\/\",\"https:\\\/\\\/twitter.com\\\/ubirataonline\"],\"description\":\"Somos um portal de not\u00edcias independente, criado em 5 de janeiro de 2009, com o objetivo de informar, conectar e valorizar a nossa comunidade de Ubirat\u00e3 e toda aregi\u00e3o. Com conte\u00fado atualizado, confi\u00e1vel e relevante, o Ubirat\u00e3 Online \u00e9 o seu espa\u00e7o para ficar por dentro dos principais acontecimentos locais, regionais, Brasil, Mundo e de interesse geral. Nosso compromisso \u00e9 com a verdade, a transpar\u00eancia e o respeito ao leitor.\",\"legalName\":\"UBIRATA ONLINE NOT\u00cdCIAS\",\"foundingDate\":\"2009-01-05\",\"numberOfEmployees\":{\"@type\":\"QuantitativeValue\",\"minValue\":\"1\",\"maxValue\":\"10\"},\"publishingPrinciples\":\"https:\\\/\\\/ubirataonline.com.br\\\/faq\\\/\",\"address\":{\"@id\":\"https:\\\/\\\/ubirataonline.com.br\\\/parque-aguas-claras-traz-diversao-e-ingressos-gratis-para-curitiba\\\/#local-main-place-address\"},\"geo\":{\"@type\":\"GeoCoordinates\",\"latitude\":\"-24.5361401\",\"longitude\":\"-52.9921776\"},\"telephone\":[\"+5544998308235\"],\"contactPoint\":{\"@type\":\"ContactPoint\",\"email\":\"contato@ubirataonline.com.br\"},\"openingHoursSpecification\":{\"@type\":\"OpeningHoursSpecification\",\"dayOfWeek\":[\"Monday\",\"Tuesday\",\"Wednesday\",\"Thursday\",\"Friday\",\"Saturday\",\"Sunday\"],\"opens\":\"00:00\",\"closes\":\"23:59\"},\"email\":\"contato@ubirataonline.com.br\",\"vatID\":\"47.621.418\\\/0001-80\"},{\"@type\":\"Person\",\"@id\":\"https:\\\/\\\/ubirataonline.com.br\\\/#\\\/schema\\\/person\\\/372f87bbd3fdd79b8556b84c98d0bc1c\",\"name\":\"REDA\u00c7\u00c3O: UBIRAT\u00c3 ONLINE - F\u00c1BIO AUGUSTO CELESTINO\",\"pronouns\":\"Ele\",\"description\":\"Desde 2003 trabalhando com not\u00edcias.\",\"sameAs\":[\"http:\\\/\\\/ubirataoline.com.br\",\"https:\\\/\\\/www.facebook.com\\\/portalubirataonline\",\"https:\\\/\\\/www.instagram.com\\\/ubirataonline_oficial\",\"https:\\\/\\\/x.com\\\/x.com\\\/ubirataonline\"],\"honorificPrefix\":\"Mr.\",\"honorificSuffix\":\"MD\",\"birthDate\":\"1980-06-16\",\"gender\":\"masculino\",\"award\":[\"V\u00e1rios pr\u00eamios de melhor portal da cidade\"],\"jobTitle\":\"Diretor\",\"url\":\"https:\\\/\\\/ubirataonline.com.br\\\/en\\\/author\\\/ubirataonline\\\/\"},{\"@type\":\"PostalAddress\",\"@id\":\"https:\\\/\\\/ubirataonline.com.br\\\/parque-aguas-claras-traz-diversao-e-ingressos-gratis-para-curitiba\\\/#local-main-place-address\",\"streetAddress\":\"Rua dos Coqueiros, 104 - Bairro Boa Vista, Rua dos Coqueiros, 104 Bairro Boa Vista\",\"addressLocality\":\"UBIRATA\",\"postalCode\":\"85440-000\",\"addressRegion\":\"PR\",\"addressCountry\":\"BR\"},{\"@type\":\"ImageObject\",\"inLanguage\":\"en-US\",\"@id\":\"https:\\\/\\\/ubirataonline.com.br\\\/parque-aguas-claras-traz-diversao-e-ingressos-gratis-para-curitiba\\\/#local-main-organization-logo\",\"url\":\"https:\\\/\\\/ubirataonline.com.br\\\/wp-content\\\/uploads\\\/2026\\\/06\\\/logoubirataonline-1.webp\",\"contentUrl\":\"https:\\\/\\\/ubirataonline.com.br\\\/wp-content\\\/uploads\\\/2026\\\/06\\\/logoubirataonline-1.webp\",\"width\":500,\"height\":500,\"caption\":\"Ubirat\u00e3 Online Not\u00edcias\"}]}<\/script>\n<meta name=\"geo.placename\" content=\"UBIRATA\" \/>\n<meta name=\"geo.position\" content=\"-24.5361401;-52.9921776\" \/>\n<meta name=\"geo.region\" content=\"Brazil\" \/>\n<!-- \/ Yoast SEO Premium plugin. -->","yoast_head_json":{"title":"Parque \u00c1guas Claras traz divers\u00e3o e ingressos gr\u00e1tis para Curitiba - Ubirat\u00e3 Online Not\u00edcias - A realidade ao seu alcance!","description":"Um \u201cpedacinho\u201d do litoral paranaense vai invadir Curitiba neste Dia das Crian\u00e7as. O Parque \u00c1guas Claras, de Matinhos, est\u00e1 subindo a Serra para trazer","robots":{"index":"index","follow":"follow","max-snippet":"max-snippet:-1","max-image-preview":"max-image-preview:large","max-video-preview":"max-video-preview:-1"},"canonical":"https:\/\/ubirataonline.com.br\/en\/parque-aguas-claras-traz-diversao-e-ingressos-gratis-para-curitiba\/","og_locale":"en_US","og_type":"article","og_title":"Parque \u00c1guas Claras traz divers\u00e3o e ingressos gr\u00e1tis para Curitiba","og_description":"Um \u201cpedacinho\u201d do litoral paranaense vai invadir Curitiba neste Dia das Crian\u00e7as. O Parque \u00c1guas Claras, de Matinhos, est\u00e1 subindo a Serra para trazer","og_url":"https:\/\/ubirataonline.com.br\/en\/parque-aguas-claras-traz-diversao-e-ingressos-gratis-para-curitiba\/","og_site_name":"Ubirat\u00e3 Online Not\u00edcias - A realidade ao seu alcance!","article_publisher":"https:\/\/www.facebook.com\/portalubirataonline","article_author":"https:\/\/www.facebook.com\/portalubirataonline","article_published_time":"2025-10-09T18:27:53+00:00","og_image":[{"url":"https:\/\/www.tribunapr.com.br\/wp-content\/uploads\/2025\/09\/29093227\/ilha-no-parana-a-venda-370x210.jpg","type":"","width":"","height":""}],"author":"REDA\u00c7\u00c3O: UBIRAT\u00c3 ONLINE - F\u00c1BIO AUGUSTO CELESTINO","twitter_card":"summary_large_image","twitter_creator":"@x.com\/ubirataonline","twitter_site":"@ubirataonline","twitter_misc":{"Written by":"REDA\u00c7\u00c3O: UBIRAT\u00c3 ONLINE - F\u00c1BIO AUGUSTO CELESTINO","Est. reading time":"2 minutes"},"schema":{"@context":"https:\/\/schema.org","@graph":[{"@type":"NewsArticle","@id":"https:\/\/ubirataonline.com.br\/parque-aguas-claras-traz-diversao-e-ingressos-gratis-para-curitiba\/#article","isPartOf":{"@id":"https:\/\/ubirataonline.com.br\/parque-aguas-claras-traz-diversao-e-ingressos-gratis-para-curitiba\/"},"author":{"name":"REDA\u00c7\u00c3O: UBIRAT\u00c3 ONLINE - F\u00c1BIO AUGUSTO CELESTINO","@id":"https:\/\/ubirataonline.com.br\/#\/schema\/person\/372f87bbd3fdd79b8556b84c98d0bc1c"},"headline":"Parque \u00c1guas Claras traz divers\u00e3o e ingressos gr\u00e1tis para Curitiba","datePublished":"2025-10-09T18:27:53+00:00","mainEntityOfPage":{"@id":"https:\/\/ubirataonline.com.br\/parque-aguas-claras-traz-diversao-e-ingressos-gratis-para-curitiba\/"},"wordCount":347,"publisher":{"@id":"https:\/\/ubirataonline.com.br\/#organization"},"image":{"@id":"https:\/\/ubirataonline.com.br\/parque-aguas-claras-traz-diversao-e-ingressos-gratis-para-curitiba\/#primaryimage"},"thumbnailUrl":"https:\/\/ubirataonline.com.br\/wp-content\/uploads\/2025\/10\/aguasclaras.jpg","articleSection":["Ubirat\u00e3"],"inLanguage":"en-US","copyrightYear":"2025","copyrightHolder":{"@id":"https:\/\/ubirataonline.com.br\/en\/#organization"}},{"@type":"WebPage","@id":"https:\/\/ubirataonline.com.br\/parque-aguas-claras-traz-diversao-e-ingressos-gratis-para-curitiba\/","url":"https:\/\/ubirataonline.com.br\/parque-aguas-claras-traz-diversao-e-ingressos-gratis-para-curitiba\/","name":"Parque \u00c1guas Claras traz divers\u00e3o e ingressos gr\u00e1tis para Curitiba - Ubirat\u00e3 Online Not\u00edcias - A realidade ao seu alcance!","isPartOf":{"@id":"https:\/\/ubirataonline.com.br\/#website"},"primaryImageOfPage":{"@id":"https:\/\/ubirataonline.com.br\/parque-aguas-claras-traz-diversao-e-ingressos-gratis-para-curitiba\/#primaryimage"},"image":{"@id":"https:\/\/ubirataonline.com.br\/parque-aguas-claras-traz-diversao-e-ingressos-gratis-para-curitiba\/#primaryimage"},"thumbnailUrl":"https:\/\/ubirataonline.com.br\/wp-content\/uploads\/2025\/10\/aguasclaras.jpg","datePublished":"2025-10-09T18:27:53+00:00","description":"Um \u201cpedacinho\u201d do litoral paranaense vai invadir Curitiba neste Dia das Crian\u00e7as. O Parque \u00c1guas Claras, de Matinhos, est\u00e1 subindo a Serra para trazer","breadcrumb":{"@id":"https:\/\/ubirataonline.com.br\/parque-aguas-claras-traz-diversao-e-ingressos-gratis-para-curitiba\/#breadcrumb"},"inLanguage":"en-US","potentialAction":[{"@type":"ReadAction","target":["https:\/\/ubirataonline.com.br\/parque-aguas-claras-traz-diversao-e-ingressos-gratis-para-curitiba\/"]}]},{"@type":"ImageObject","inLanguage":"en-US","@id":"https:\/\/ubirataonline.com.br\/parque-aguas-claras-traz-diversao-e-ingressos-gratis-para-curitiba\/#primaryimage","url":"https:\/\/ubirataonline.com.br\/wp-content\/uploads\/2025\/10\/aguasclaras.jpg","contentUrl":"https:\/\/ubirataonline.com.br\/wp-content\/uploads\/2025\/10\/aguasclaras.jpg","width":1200,"height":878},{"@type":"BreadcrumbList","@id":"https:\/\/ubirataonline.com.br\/parque-aguas-claras-traz-diversao-e-ingressos-gratis-para-curitiba\/#breadcrumb","itemListElement":[{"@type":"ListItem","position":1,"name":"In\u00edcio","item":"https:\/\/ubirataonline.com.br\/"},{"@type":"ListItem","position":2,"name":"Parque \u00c1guas Claras traz divers\u00e3o e ingressos gr\u00e1tis para Curitiba"}]},{"@type":"WebSite","@id":"https:\/\/ubirataonline.com.br\/#website","url":"https:\/\/ubirataonline.com.br\/","name":"Ubirat\u00e3 Online Not\u00edcias","description":"Not\u00edcias de Ubirat\u00e3, regi\u00e3o, Brasil e mundo, com informa\u00e7\u00e3o atualizada e compromisso com o leitor.","publisher":{"@id":"https:\/\/ubirataonline.com.br\/#organization"},"alternateName":"Ubirat\u00e3 Online","potentialAction":[{"@type":"SearchAction","target":{"@type":"EntryPoint","urlTemplate":"https:\/\/ubirataonline.com.br\/?s={search_term_string}"},"query-input":{"@type":"PropertyValueSpecification","valueRequired":true,"valueName":"search_term_string"}}],"inLanguage":"en-US"},{"@type":["Organization","Place"],"@id":"https:\/\/ubirataonline.com.br\/#organization","name":"Ubirat\u00e3 Online Not\u00edcias","alternateName":"Ubirat\u00e3 Online","url":"https:\/\/ubirataonline.com.br\/","logo":{"@id":"https:\/\/ubirataonline.com.br\/parque-aguas-claras-traz-diversao-e-ingressos-gratis-para-curitiba\/#local-main-organization-logo"},"image":{"@id":"https:\/\/ubirataonline.com.br\/parque-aguas-claras-traz-diversao-e-ingressos-gratis-para-curitiba\/#local-main-organization-logo"},"sameAs":["https:\/\/www.facebook.com\/portalubirataonline","https:\/\/x.com\/ubirataonline","https:\/\/mastodon.social\/@ubirataonline","https:\/\/www.facebook.com\/groups\/311144672285604","https:\/\/www.facebook.com\/UBTAOnline","https:\/\/www.instagram.com\/portalubirataonline\/","https:\/\/twitter.com\/ubirataonline"],"description":"Somos um portal de not\u00edcias independente, criado em 5 de janeiro de 2009, com o objetivo de informar, conectar e valorizar a nossa comunidade de Ubirat\u00e3 e toda aregi\u00e3o. Com conte\u00fado atualizado, confi\u00e1vel e relevante, o Ubirat\u00e3 Online \u00e9 o seu espa\u00e7o para ficar por dentro dos principais acontecimentos locais, regionais, Brasil, Mundo e de interesse geral. Nosso compromisso \u00e9 com a verdade, a transpar\u00eancia e o respeito ao leitor.","legalName":"UBIRATA ONLINE NOT\u00cdCIAS","foundingDate":"2009-01-05","numberOfEmployees":{"@type":"QuantitativeValue","minValue":"1","maxValue":"10"},"publishingPrinciples":"https:\/\/ubirataonline.com.br\/faq\/","address":{"@id":"https:\/\/ubirataonline.com.br\/parque-aguas-claras-traz-diversao-e-ingressos-gratis-para-curitiba\/#local-main-place-address"},"geo":{"@type":"GeoCoordinates","latitude":"-24.5361401","longitude":"-52.9921776"},"telephone":["+5544998308235"],"contactPoint":{"@type":"ContactPoint","email":"contato@ubirataonline.com.br"},"openingHoursSpecification":{"@type":"OpeningHoursSpecification","dayOfWeek":["Monday","Tuesday","Wednesday","Thursday","Friday","Saturday","Sunday"],"opens":"00:00","closes":"23:59"},"email":"contato@ubirataonline.com.br","vatID":"47.621.418\/0001-80"},{"@type":"Person","@id":"https:\/\/ubirataonline.com.br\/#\/schema\/person\/372f87bbd3fdd79b8556b84c98d0bc1c","name":"REDA\u00c7\u00c3O: UBIRAT\u00c3 ONLINE - F\u00c1BIO AUGUSTO CELESTINO","pronouns":"Ele","description":"Desde 2003 trabalhando com not\u00edcias.","sameAs":["http:\/\/ubirataoline.com.br","https:\/\/www.facebook.com\/portalubirataonline","https:\/\/www.instagram.com\/ubirataonline_oficial","https:\/\/x.com\/x.com\/ubirataonline"],"honorificPrefix":"Mr.","honorificSuffix":"MD","birthDate":"1980-06-16","gender":"masculino","award":["V\u00e1rios pr\u00eamios de melhor portal da cidade"],"jobTitle":"Diretor","url":"https:\/\/ubirataonline.com.br\/en\/author\/ubirataonline\/"},{"@type":"PostalAddress","@id":"https:\/\/ubirataonline.com.br\/parque-aguas-claras-traz-diversao-e-ingressos-gratis-para-curitiba\/#local-main-place-address","streetAddress":"Rua dos Coqueiros, 104 - Bairro Boa Vista, Rua dos Coqueiros, 104 Bairro Boa Vista","addressLocality":"UBIRATA","postalCode":"85440-000","addressRegion":"PR","addressCountry":"BR"},{"@type":"ImageObject","inLanguage":"en-US","@id":"https:\/\/ubirataonline.com.br\/parque-aguas-claras-traz-diversao-e-ingressos-gratis-para-curitiba\/#local-main-organization-logo","url":"https:\/\/ubirataonline.com.br\/wp-content\/uploads\/2026\/06\/logoubirataonline-1.webp","contentUrl":"https:\/\/ubirataonline.com.br\/wp-content\/uploads\/2026\/06\/logoubirataonline-1.webp","width":500,"height":500,"caption":"Ubirat\u00e3 Online Not\u00edcias"}]},"geo.placename":"UBIRATA","geo.position":{"lat":"-24.5361401","long":"-52.9921776"},"geo.region":"Brazil"},"_links":{"self":[{"href":"https:\/\/ubirataonline.com.br\/en\/wp-json\/wp\/v2\/posts\/70720","targetHints":{"allow":["GET"]}}],"collection":[{"href":"https:\/\/ubirataonline.com.br\/en\/wp-json\/wp\/v2\/posts"}],"about":[{"href":"https:\/\/ubirataonline.com.br\/en\/wp-json\/wp\/v2\/types\/post"}],"author":[{"embeddable":true,"href":"https:\/\/ubirataonline.com.br\/en\/wp-json\/wp\/v2\/users\/1"}],"replies":[{"embeddable":true,"href":"https:\/\/ubirataonline.com.br\/en\/wp-json\/wp\/v2\/comments?post=70720"}],"version-history":[{"count":0,"href":"https:\/\/ubirataonline.com.br\/en\/wp-json\/wp\/v2\/posts\/70720\/revisions"}],"wp:featuredmedia":[{"embeddable":true,"href":"https:\/\/ubirataonline.com.br\/en\/wp-json\/wp\/v2\/media\/70721"}],"wp:attachment":[{"href":"https:\/\/ubirataonline.com.br\/en\/wp-json\/wp\/v2\/media?parent=70720"}],"wp:term":[{"taxonomy":"category","embeddable":true,"href":"https:\/\/ubirataonline.com.br\/en\/wp-json\/wp\/v2\/categories?post=70720"},{"taxonomy":"post_tag","embeddable":true,"href":"https:\/\/ubirataonline.com.br\/en\/wp-json\/wp\/v2\/tags?post=70720"}],"curies":[{"name":"wp","href":"https:\/\/api.w.org\/{rel}","templated":true}]}}