{"id":72154,"date":"2025-10-23T04:10:22","date_gmt":"2025-10-23T07:10:22","guid":{"rendered":"https:\/\/ubirataonline.com.br\/parana-confirma-mais-duas-mortes-por-intoxicacao-por-metanol\/"},"modified":"2025-10-23T04:10:22","modified_gmt":"2025-10-23T07:10:22","slug":"parana-confirma-mais-duas-mortes-por-intoxicacao-por-metanol","status":"publish","type":"post","link":"https:\/\/ubirataonline.com.br\/en\/parana-confirma-mais-duas-mortes-por-intoxicacao-por-metanol\/","title":{"rendered":"Paran\u00e1 confirma mais duas mortes por intoxica\u00e7\u00e3o por metanol"},"content":{"rendered":"<p><\/p>\n<div id=\"post-content\">\n<p>A Secretaria de Estado da Sa\u00fade (Sesa) confirmou, nesta quarta-feira (22\/10), mais <strong>duas mortes <\/strong>por <strong>intoxica\u00e7\u00e3o por metanol<\/strong> ap\u00f3s o consumo de bebida alco\u00f3lica no Paran\u00e1. Uma das mortes \u00e9 de uma paciente que permanecia internada desde 11 de outubro. J\u00e1 o segundo \u00f3bito \u00e9 de um novo caso, diagnosticado na ter\u00e7a-feira (21\/10) e que evoluiu para morte.<\/p>\n<p>De acordo com a pasta, as duas v\u00edtimas morreram nesta quarta-feira (22\/10). A primeira \u00e9 uma mulher de 41 anos, residente em Curitiba, que estava internada em estado grave desde o dia 11 de outubro. Ela possu\u00eda doen\u00e7as cr\u00f4nicas e outras comorbidades.<\/p>\n<p>O segundo caso \u00e9 de um homem de 43 anos, morador de Almirante Tamandar\u00e9, na Regi\u00e3o Metropolitana de Curitiba (RMC). Ele deu entrada em um servi\u00e7o de sa\u00fade da capital na segunda-feira (20\/10) como caso suspeito. O exame laboratorial, divulgado nesta ter\u00e7a-feira (21\/10), confirmou a intoxica\u00e7\u00e3o por metanol.<\/p>\n<p>Nesta quarta, a Sesa tamb\u00e9m recebeu a notifica\u00e7\u00e3o de<strong> dois novos casos suspeitos<\/strong>: um em Curitiba, de um homem de 55 anos que est\u00e1 internado, e outro em S\u00e3o Miguel do Igua\u00e7u, de um homem de 54 anos, tamb\u00e9m hospitalizado. Houve ainda o descarte\u00a0de um caso suspeito em Curitiba, de uma mulher de 49 anos. A Secretaria j\u00e1 orientou a coleta de amostra dos novos suspeitos e aguarda o diagn\u00f3stico laboratorial.<\/p>\n<p>Ao todo, o Paran\u00e1 j\u00e1 registrou 25 notifica\u00e7\u00f5es. S\u00e3o seis casos confirmados: Curitiba (4), Almirante Tamandar\u00e9 (1) e Foz do Igua\u00e7u (1). Destes, tr\u00eas resultaram em morte: Foz do Igua\u00e7u \u2013 homem de 55 anos, Curitiba \u2013 mulher, 41 anos e Almirante Tamandar\u00e9 \u2013 homem de 43 anos.<\/p>\n<p>At\u00e9 agora, a Sesa descartou 15 casos e quatro seguem em investiga\u00e7\u00e3o: duas mortes de homens residentes em Foz do Igua\u00e7u, de 47 e 57 anos; um homem de 55 anos de Curitiba e um homem de 54 anos de S\u00e3o Miguel do Igua\u00e7u.<\/p>\n<h2 class=\"wp-block-heading\" id=\"h-paciente-de-primeiro-caso-confirmado-recebeu-alta\">Paciente de primeiro caso confirmado recebeu alta<\/h2>\n<p>O primeiro caso registrado no Paran\u00e1, um homem de 60 anos que estava internado em Curitiba desde o dia 1\u00ba de outubro, teve alta hospitalar nesta quarta-feira (22\/10). Portanto, o Paran\u00e1 n\u00e3o possui mais pacientes de casos confirmados internados no momento.<\/p>\n<p>\u00c9 importante ficar atento aos sintomas de intoxica\u00e7\u00e3o por metanol. A subst\u00e2ncia n\u00e3o pode ser identificada pelo cheiro ou sabor, pois n\u00e3o altera a bebida. Os sinais costumam surgir entre 6h a 72h ap\u00f3s a ingest\u00e3o e podem ser confundidos com uma ressaca: dor abdominal, vis\u00e3o turva, confus\u00e3o mental e n\u00e1usea.<\/p>\n<p><strong>Sintomas iniciais:<\/strong> dor de cabe\u00e7a, n\u00e1useas, v\u00f4mitos, sonol\u00eancia, falta de coordena\u00e7\u00e3o, tontura e confus\u00e3o mental.<\/p>\n<p><strong>Sintomas graves:<\/strong> dor abdominal intensa, altera\u00e7\u00f5es visuais (vis\u00e3o emba\u00e7ada, pontos escuros, sensibilidade \u00e0 luz ou cegueira s\u00fabita), dificuldade para respirar, convuls\u00f5es e coma.<\/p>\n<h3 class=\"wp-block-heading\" id=\"h-servico-de-saude\">Servi\u00e7o de sa\u00fade<\/h3>\n<p>A Sesa orienta que, em casos de sintomas, os pacientes devem procurar um servi\u00e7o de sa\u00fade imediatamente. Todos os casos suspeitos de intoxica\u00e7\u00e3o por metanol devem ser reportados e discutidos com um dos quatro Centros de Informa\u00e7\u00e3o e Assist\u00eancia Toxicol\u00f3gica do Paran\u00e1, que orientar\u00e3o sobre a conduta cl\u00ednica e notificar imediatamente a Sesa por meio da Rede CIATox do Paran\u00e1.<\/p>\n<p>CIATox Curitiba: 0800 041 0148<\/p>\n<p>CIATox Londrina: (43) 3371-2244<\/p>\n<p>CIATox Maring\u00e1: (44) 3011-9127<\/p>\n<p>CIATox Cascavel: (45) 3321-5261<\/p>\n<section class=\"virals\">\n<article class=\"cardnews cardnews--post cardnews--has-thumbnail cardnews--editorial-noticias\"> <a href=\"https:\/\/www.tribunapr.com.br\/noticias\/curitiba-regiao\/de-aluna-a-professora-aulas-com-leminski-inspiraram-curitibana-na-escolha-da-profissao\/?utm_source=noticias-virais-rodape&amp;utm_medium=internal-tribuna&amp;utm_campaign=tribuna\" class=\"cardnews__postlink\"> <\/p>\n<div class=\"cardnews__image\" is-api-thumb=\"\"><img decoding=\"async\" src=\"https:\/\/www.tribunapr.com.br\/wp-content\/uploads\/2025\/10\/14193223\/Apresentacao-de-TCC-vintage-retro-com-blur-vermelho-e-roxo-2025-10-14T193053.837-370x210.jpg\" loading=\"lazy\" alt=\"De aluna a professora: li\u00e7\u00f5es de Leminski mudaram sua vida\"\/><\/div>\n<div class=\"cardnews__content cardhome__content\">\n<div class=\"cardnews__content-wrapper\">\n<p> <span style=\"\"> Dia dos Professores <\/span> <\/p>\n<p>De aluna a professora: li\u00e7\u00f5es de Leminski mudaram sua vida<\/p>\n<\/p><\/div>\n<\/p><\/div>\n<p> <\/a> <\/article>\n<article class=\"cardnews cardnews--post cardnews--has-thumbnail cardnews--editorial-noticias\"> <a href=\"https:\/\/www.tribunapr.com.br\/noticias\/curitiba-regiao\/rodovia-da-uva-edital-de-duplicacao-tem-novos-viadutos-mais-novidades\/?utm_source=noticias-virais-rodape&amp;utm_medium=internal-tribuna&amp;utm_campaign=tribuna\" class=\"cardnews__postlink\"> <\/p>\n<div class=\"cardnews__image\" is-api-thumb=\"\"><img decoding=\"async\" src=\"https:\/\/www.tribunapr.com.br\/wp-content\/uploads\/2025\/10\/15111842\/whatsapp_image_2025-10-15_at_09.59.19-370x210.jpg\" loading=\"lazy\" alt=\"Rodovia da Uva vai mudar de cara: veja as novidades da duplica\u00e7\u00e3o\"\/><\/div>\n<div class=\"cardnews__content cardhome__content\">\n<div class=\"cardnews__content-wrapper\">\n<p> <span style=\"\"> #AgoraVai <\/span> <\/p>\n<p>Rodovia da Uva vai mudar de cara: veja as novidades da duplica\u00e7\u00e3o<\/p>\n<\/p><\/div>\n<\/p><\/div>\n<p> <\/a> <\/article>\n<article class=\"cardnews cardnews--post cardnews--has-thumbnail cardnews--editorial-noticias\"> <a href=\"https:\/\/www.tribunapr.com.br\/blogs\/rango-barateza\/o-lugar-em-curitiba-onde-o-pao-com-linguica-e-levado-a-serio\/?utm_source=noticias-virais-rodape&amp;utm_medium=internal-tribuna&amp;utm_campaign=tribuna\" class=\"cardnews__postlink\"> <\/p>\n<div class=\"cardnews__image\" is-api-thumb=\"\"><img decoding=\"async\" src=\"https:\/\/www.tribunapr.com.br\/wp-content\/uploads\/2025\/10\/10163300\/rango-370x210.png\" loading=\"lazy\" alt=\"O segredo do p\u00e3o com lingui\u00e7a que virou paix\u00e3o curitibana\"\/><\/div>\n<div class=\"cardnews__content cardhome__content\">\n<div class=\"cardnews__content-wrapper\">\n<p> <span style=\"\"> Hummmm <\/span> <\/p>\n<p>O segredo do p\u00e3o com lingui\u00e7a que virou paix\u00e3o curitibana<\/p>\n<\/p><\/div>\n<\/p><\/div>\n<p> <\/a> <\/article>\n<\/section>\n<section class=\"whatsapp-groups\">\n<div class=\"whatsapp-groups__image\"> <img decoding=\"async\" src=\"https:\/\/www.tribunapr.com.br\/resources\/images\/blocks\/whatsapp-groups\/logo-whatsapp.png\" alt=\"Grupos de WhatsApp da Tribuna\" loading=\"lazy\"\/> <\/div>\n<div class=\"whatsapp-groups__body\">\n<p> Receba Not\u00edcias no seu WhatsApp! <\/p>\n<p> Receba as not\u00edcias do seu bairro e do seu time pelo WhatsApp. <\/p>\n<p> <a href=\"https:\/\/www.tribunapr.com.br\/grupos-de-whatsapp-da-tribuna\/\" target=\"_blank\" class=\"whatsapp-groups__button\"> Participe dos Grupos da Tribuna <\/a> <\/div>\n<\/section><\/div>\n<p><a href=\"https:\/\/www.tribunapr.com.br\/noticias\/curitiba-regiao\/parana-confirma-mais-duas-mortes-por-consumo-de-bebida-com-metanol\/\">Source link <\/a><\/p>","protected":false},"excerpt":{"rendered":"<p>A Secretaria de Estado da Sa\u00fade (Sesa) confirmou, nesta quarta-feira (22\/10), mais duas mortes por intoxica\u00e7\u00e3o por metanol ap\u00f3s o consumo de bebida alco\u00f3lica no Paran\u00e1. Uma das mortes \u00e9 de uma paciente que permanecia internada desde 11 de outubro. J\u00e1 o segundo \u00f3bito \u00e9 de um novo caso, diagnosticado na ter\u00e7a-feira (21\/10) e que [&hellip;]<\/p>\n","protected":false},"author":1,"featured_media":70147,"comment_status":"","ping_status":"","sticky":false,"template":"","format":"standard","meta":{"googlesitekit_rrm_CAow2JLhCw:productID":"","_gspb_post_css":"","maa_idioma":"","maa_pais":"","footnotes":""},"categories":[1],"tags":[4049,2927,4050,2926,4051,243,90,3211],"class_list":["post-72154","post","type-post","status-publish","format-standard","has-post-thumbnail","hentry","category-ubirata","tag-confirma","tag-duas","tag-intoxicacao","tag-mais","tag-metanol","tag-mortes","tag-parana","tag-por"],"blocksy_meta":[],"yoast_head":"<!-- This site is optimized with the Yoast SEO Premium plugin v27.6 (Yoast SEO v27.6) - https:\/\/yoast.com\/product\/yoast-seo-premium-wordpress\/ -->\n<title>Paran\u00e1 confirma mais duas mortes por intoxica\u00e7\u00e3o por metanol - Ubirat\u00e3 Online Not\u00edcias - A realidade ao seu alcance!<\/title>\n<meta name=\"description\" content=\"A Secretaria de Estado da Sa\u00fade (Sesa) confirmou, nesta quarta-feira (22\/10), mais duas mortes por intoxica\u00e7\u00e3o por metanol ap\u00f3s o consumo de bebida\" \/>\n<meta name=\"robots\" content=\"index, follow, max-snippet:-1, max-image-preview:large, max-video-preview:-1\" \/>\n<link rel=\"canonical\" href=\"https:\/\/ubirataonline.com.br\/en\/parana-confirma-mais-duas-mortes-por-intoxicacao-por-metanol\/\" \/>\n<meta property=\"og:locale\" content=\"en_US\" \/>\n<meta property=\"og:type\" content=\"article\" \/>\n<meta property=\"og:title\" content=\"Paran\u00e1 confirma mais duas mortes por intoxica\u00e7\u00e3o por metanol\" \/>\n<meta property=\"og:description\" content=\"A Secretaria de Estado da Sa\u00fade (Sesa) confirmou, nesta quarta-feira (22\/10), mais duas mortes por intoxica\u00e7\u00e3o por metanol ap\u00f3s o consumo de bebida\" \/>\n<meta property=\"og:url\" content=\"https:\/\/ubirataonline.com.br\/en\/parana-confirma-mais-duas-mortes-por-intoxicacao-por-metanol\/\" \/>\n<meta property=\"og:site_name\" content=\"Ubirat\u00e3 Online Not\u00edcias - A realidade ao seu alcance!\" \/>\n<meta property=\"article:publisher\" content=\"https:\/\/www.facebook.com\/portalubirataonline\" \/>\n<meta property=\"article:author\" content=\"https:\/\/www.facebook.com\/portalubirataonline\" \/>\n<meta property=\"article:published_time\" content=\"2025-10-23T07:10:22+00:00\" \/>\n<meta property=\"og:image\" content=\"https:\/\/www.tribunapr.com.br\/wp-content\/uploads\/2025\/10\/14193223\/Apresentacao-de-TCC-vintage-retro-com-blur-vermelho-e-roxo-2025-10-14T193053.837-370x210.jpg\" \/>\n<meta name=\"author\" content=\"REDA\u00c7\u00c3O: UBIRAT\u00c3 ONLINE - F\u00c1BIO AUGUSTO CELESTINO\" \/>\n<meta name=\"twitter:card\" content=\"summary_large_image\" \/>\n<meta name=\"twitter:creator\" content=\"@x.com\/ubirataonline\" \/>\n<meta name=\"twitter:site\" content=\"@ubirataonline\" \/>\n<meta name=\"twitter:label1\" content=\"Written by\" \/>\n\t<meta name=\"twitter:data1\" content=\"REDA\u00c7\u00c3O: UBIRAT\u00c3 ONLINE - F\u00c1BIO AUGUSTO CELESTINO\" \/>\n\t<meta name=\"twitter:label2\" content=\"Est. reading time\" \/>\n\t<meta name=\"twitter:data2\" content=\"3 minutes\" \/>\n<script type=\"application\/ld+json\" class=\"yoast-schema-graph\">{\"@context\":\"https:\\\/\\\/schema.org\",\"@graph\":[{\"@type\":\"NewsArticle\",\"@id\":\"https:\\\/\\\/ubirataonline.com.br\\\/parana-confirma-mais-duas-mortes-por-intoxicacao-por-metanol\\\/#article\",\"isPartOf\":{\"@id\":\"https:\\\/\\\/ubirataonline.com.br\\\/parana-confirma-mais-duas-mortes-por-intoxicacao-por-metanol\\\/\"},\"author\":{\"name\":\"REDA\u00c7\u00c3O: UBIRAT\u00c3 ONLINE - F\u00c1BIO AUGUSTO CELESTINO\",\"@id\":\"https:\\\/\\\/ubirataonline.com.br\\\/#\\\/schema\\\/person\\\/372f87bbd3fdd79b8556b84c98d0bc1c\"},\"headline\":\"Paran\u00e1 confirma mais duas mortes por intoxica\u00e7\u00e3o por metanol\",\"datePublished\":\"2025-10-23T07:10:22+00:00\",\"mainEntityOfPage\":{\"@id\":\"https:\\\/\\\/ubirataonline.com.br\\\/parana-confirma-mais-duas-mortes-por-intoxicacao-por-metanol\\\/\"},\"wordCount\":625,\"publisher\":{\"@id\":\"https:\\\/\\\/ubirataonline.com.br\\\/#organization\"},\"image\":{\"@id\":\"https:\\\/\\\/ubirataonline.com.br\\\/parana-confirma-mais-duas-mortes-por-intoxicacao-por-metanol\\\/#primaryimage\"},\"thumbnailUrl\":\"https:\\\/\\\/ubirataonline.com.br\\\/wp-content\\\/uploads\\\/2025\\\/10\\\/bebida-alcoolica.jpg\",\"keywords\":[\"confirma\",\"duas\",\"intoxica\u00e7\u00e3o\",\"mais\",\"metanol\",\"mortes\",\"paran\u00e1\",\"por\"],\"articleSection\":[\"Ubirat\u00e3\"],\"inLanguage\":\"en-US\",\"copyrightYear\":\"2025\",\"copyrightHolder\":{\"@id\":\"https:\\\/\\\/ubirataonline.com.br\\\/en\\\/#organization\"}},{\"@type\":\"WebPage\",\"@id\":\"https:\\\/\\\/ubirataonline.com.br\\\/parana-confirma-mais-duas-mortes-por-intoxicacao-por-metanol\\\/\",\"url\":\"https:\\\/\\\/ubirataonline.com.br\\\/parana-confirma-mais-duas-mortes-por-intoxicacao-por-metanol\\\/\",\"name\":\"Paran\u00e1 confirma mais duas mortes por intoxica\u00e7\u00e3o por metanol - Ubirat\u00e3 Online Not\u00edcias - A realidade ao seu alcance!\",\"isPartOf\":{\"@id\":\"https:\\\/\\\/ubirataonline.com.br\\\/#website\"},\"primaryImageOfPage\":{\"@id\":\"https:\\\/\\\/ubirataonline.com.br\\\/parana-confirma-mais-duas-mortes-por-intoxicacao-por-metanol\\\/#primaryimage\"},\"image\":{\"@id\":\"https:\\\/\\\/ubirataonline.com.br\\\/parana-confirma-mais-duas-mortes-por-intoxicacao-por-metanol\\\/#primaryimage\"},\"thumbnailUrl\":\"https:\\\/\\\/ubirataonline.com.br\\\/wp-content\\\/uploads\\\/2025\\\/10\\\/bebida-alcoolica.jpg\",\"datePublished\":\"2025-10-23T07:10:22+00:00\",\"description\":\"A Secretaria de Estado da Sa\u00fade (Sesa) confirmou, nesta quarta-feira (22\\\/10), mais duas mortes por intoxica\u00e7\u00e3o por metanol ap\u00f3s o consumo de bebida\",\"breadcrumb\":{\"@id\":\"https:\\\/\\\/ubirataonline.com.br\\\/parana-confirma-mais-duas-mortes-por-intoxicacao-por-metanol\\\/#breadcrumb\"},\"inLanguage\":\"en-US\",\"potentialAction\":[{\"@type\":\"ReadAction\",\"target\":[\"https:\\\/\\\/ubirataonline.com.br\\\/parana-confirma-mais-duas-mortes-por-intoxicacao-por-metanol\\\/\"]}]},{\"@type\":\"ImageObject\",\"inLanguage\":\"en-US\",\"@id\":\"https:\\\/\\\/ubirataonline.com.br\\\/parana-confirma-mais-duas-mortes-por-intoxicacao-por-metanol\\\/#primaryimage\",\"url\":\"https:\\\/\\\/ubirataonline.com.br\\\/wp-content\\\/uploads\\\/2025\\\/10\\\/bebida-alcoolica.jpg\",\"contentUrl\":\"https:\\\/\\\/ubirataonline.com.br\\\/wp-content\\\/uploads\\\/2025\\\/10\\\/bebida-alcoolica.jpg\",\"width\":1200,\"height\":801},{\"@type\":\"BreadcrumbList\",\"@id\":\"https:\\\/\\\/ubirataonline.com.br\\\/parana-confirma-mais-duas-mortes-por-intoxicacao-por-metanol\\\/#breadcrumb\",\"itemListElement\":[{\"@type\":\"ListItem\",\"position\":1,\"name\":\"In\u00edcio\",\"item\":\"https:\\\/\\\/ubirataonline.com.br\\\/\"},{\"@type\":\"ListItem\",\"position\":2,\"name\":\"Paran\u00e1 confirma mais duas mortes por intoxica\u00e7\u00e3o por metanol\"}]},{\"@type\":\"WebSite\",\"@id\":\"https:\\\/\\\/ubirataonline.com.br\\\/#website\",\"url\":\"https:\\\/\\\/ubirataonline.com.br\\\/\",\"name\":\"Ubirat\u00e3 Online Not\u00edcias\",\"description\":\"Not\u00edcias de Ubirat\u00e3, regi\u00e3o, Brasil e mundo, com informa\u00e7\u00e3o atualizada e compromisso com o leitor.\",\"publisher\":{\"@id\":\"https:\\\/\\\/ubirataonline.com.br\\\/#organization\"},\"alternateName\":\"Ubirat\u00e3 Online\",\"potentialAction\":[{\"@type\":\"SearchAction\",\"target\":{\"@type\":\"EntryPoint\",\"urlTemplate\":\"https:\\\/\\\/ubirataonline.com.br\\\/?s={search_term_string}\"},\"query-input\":{\"@type\":\"PropertyValueSpecification\",\"valueRequired\":true,\"valueName\":\"search_term_string\"}}],\"inLanguage\":\"en-US\"},{\"@type\":[\"Organization\",\"Place\"],\"@id\":\"https:\\\/\\\/ubirataonline.com.br\\\/#organization\",\"name\":\"Ubirat\u00e3 Online Not\u00edcias\",\"alternateName\":\"Ubirat\u00e3 Online\",\"url\":\"https:\\\/\\\/ubirataonline.com.br\\\/\",\"logo\":{\"@id\":\"https:\\\/\\\/ubirataonline.com.br\\\/parana-confirma-mais-duas-mortes-por-intoxicacao-por-metanol\\\/#local-main-organization-logo\"},\"image\":{\"@id\":\"https:\\\/\\\/ubirataonline.com.br\\\/parana-confirma-mais-duas-mortes-por-intoxicacao-por-metanol\\\/#local-main-organization-logo\"},\"sameAs\":[\"https:\\\/\\\/www.facebook.com\\\/portalubirataonline\",\"https:\\\/\\\/x.com\\\/ubirataonline\",\"https:\\\/\\\/mastodon.social\\\/@ubirataonline\",\"https:\\\/\\\/www.facebook.com\\\/groups\\\/311144672285604\",\"https:\\\/\\\/www.facebook.com\\\/UBTAOnline\",\"https:\\\/\\\/www.instagram.com\\\/portalubirataonline\\\/\",\"https:\\\/\\\/twitter.com\\\/ubirataonline\"],\"description\":\"Somos um portal de not\u00edcias independente, criado em 5 de janeiro de 2009, com o objetivo de informar, conectar e valorizar a nossa comunidade de Ubirat\u00e3 e toda aregi\u00e3o. Com conte\u00fado atualizado, confi\u00e1vel e relevante, o Ubirat\u00e3 Online \u00e9 o seu espa\u00e7o para ficar por dentro dos principais acontecimentos locais, regionais, Brasil, Mundo e de interesse geral. Nosso compromisso \u00e9 com a verdade, a transpar\u00eancia e o respeito ao leitor.\",\"legalName\":\"UBIRATA ONLINE NOT\u00cdCIAS\",\"foundingDate\":\"2009-01-05\",\"numberOfEmployees\":{\"@type\":\"QuantitativeValue\",\"minValue\":\"1\",\"maxValue\":\"10\"},\"publishingPrinciples\":\"https:\\\/\\\/ubirataonline.com.br\\\/faq\\\/\",\"address\":{\"@id\":\"https:\\\/\\\/ubirataonline.com.br\\\/parana-confirma-mais-duas-mortes-por-intoxicacao-por-metanol\\\/#local-main-place-address\"},\"geo\":{\"@type\":\"GeoCoordinates\",\"latitude\":\"-24.5361401\",\"longitude\":\"-52.9921776\"},\"telephone\":[\"+5544998308235\"],\"contactPoint\":{\"@type\":\"ContactPoint\",\"email\":\"contato@ubirataonline.com.br\"},\"openingHoursSpecification\":{\"@type\":\"OpeningHoursSpecification\",\"dayOfWeek\":[\"Monday\",\"Tuesday\",\"Wednesday\",\"Thursday\",\"Friday\",\"Saturday\",\"Sunday\"],\"opens\":\"00:00\",\"closes\":\"23:59\"},\"email\":\"contato@ubirataonline.com.br\",\"vatID\":\"47.621.418\\\/0001-80\"},{\"@type\":\"Person\",\"@id\":\"https:\\\/\\\/ubirataonline.com.br\\\/#\\\/schema\\\/person\\\/372f87bbd3fdd79b8556b84c98d0bc1c\",\"name\":\"REDA\u00c7\u00c3O: UBIRAT\u00c3 ONLINE - F\u00c1BIO AUGUSTO CELESTINO\",\"pronouns\":\"Ele\",\"description\":\"Desde 2003 trabalhando com not\u00edcias.\",\"sameAs\":[\"http:\\\/\\\/ubirataoline.com.br\",\"https:\\\/\\\/www.facebook.com\\\/portalubirataonline\",\"https:\\\/\\\/www.instagram.com\\\/ubirataonline_oficial\",\"https:\\\/\\\/x.com\\\/x.com\\\/ubirataonline\"],\"honorificPrefix\":\"Mr.\",\"honorificSuffix\":\"MD\",\"birthDate\":\"1980-06-16\",\"gender\":\"masculino\",\"award\":[\"V\u00e1rios pr\u00eamios de melhor portal da cidade\"],\"jobTitle\":\"Diretor\",\"url\":\"https:\\\/\\\/ubirataonline.com.br\\\/en\\\/author\\\/ubirataonline\\\/\"},{\"@type\":\"PostalAddress\",\"@id\":\"https:\\\/\\\/ubirataonline.com.br\\\/parana-confirma-mais-duas-mortes-por-intoxicacao-por-metanol\\\/#local-main-place-address\",\"streetAddress\":\"Rua dos Coqueiros, 104 - Bairro Boa Vista, Rua dos Coqueiros, 104 Bairro Boa Vista\",\"addressLocality\":\"UBIRATA\",\"postalCode\":\"85440-000\",\"addressRegion\":\"PR\",\"addressCountry\":\"BR\"},{\"@type\":\"ImageObject\",\"inLanguage\":\"en-US\",\"@id\":\"https:\\\/\\\/ubirataonline.com.br\\\/parana-confirma-mais-duas-mortes-por-intoxicacao-por-metanol\\\/#local-main-organization-logo\",\"url\":\"https:\\\/\\\/ubirataonline.com.br\\\/wp-content\\\/uploads\\\/2026\\\/06\\\/logoubirataonline-1.webp\",\"contentUrl\":\"https:\\\/\\\/ubirataonline.com.br\\\/wp-content\\\/uploads\\\/2026\\\/06\\\/logoubirataonline-1.webp\",\"width\":500,\"height\":500,\"caption\":\"Ubirat\u00e3 Online Not\u00edcias\"}]}<\/script>\n<meta name=\"geo.placename\" content=\"UBIRATA\" \/>\n<meta name=\"geo.position\" content=\"-24.5361401;-52.9921776\" \/>\n<meta name=\"geo.region\" content=\"Brazil\" \/>\n<!-- \/ Yoast SEO Premium plugin. -->","yoast_head_json":{"title":"Paran\u00e1 confirma mais duas mortes por intoxica\u00e7\u00e3o por metanol - Ubirat\u00e3 Online Not\u00edcias - A realidade ao seu alcance!","description":"A Secretaria de Estado da Sa\u00fade (Sesa) confirmou, nesta quarta-feira (22\/10), mais duas mortes por intoxica\u00e7\u00e3o por metanol ap\u00f3s o consumo de bebida","robots":{"index":"index","follow":"follow","max-snippet":"max-snippet:-1","max-image-preview":"max-image-preview:large","max-video-preview":"max-video-preview:-1"},"canonical":"https:\/\/ubirataonline.com.br\/en\/parana-confirma-mais-duas-mortes-por-intoxicacao-por-metanol\/","og_locale":"en_US","og_type":"article","og_title":"Paran\u00e1 confirma mais duas mortes por intoxica\u00e7\u00e3o por metanol","og_description":"A Secretaria de Estado da Sa\u00fade (Sesa) confirmou, nesta quarta-feira (22\/10), mais duas mortes por intoxica\u00e7\u00e3o por metanol ap\u00f3s o consumo de bebida","og_url":"https:\/\/ubirataonline.com.br\/en\/parana-confirma-mais-duas-mortes-por-intoxicacao-por-metanol\/","og_site_name":"Ubirat\u00e3 Online Not\u00edcias - A realidade ao seu alcance!","article_publisher":"https:\/\/www.facebook.com\/portalubirataonline","article_author":"https:\/\/www.facebook.com\/portalubirataonline","article_published_time":"2025-10-23T07:10:22+00:00","og_image":[{"url":"https:\/\/www.tribunapr.com.br\/wp-content\/uploads\/2025\/10\/14193223\/Apresentacao-de-TCC-vintage-retro-com-blur-vermelho-e-roxo-2025-10-14T193053.837-370x210.jpg","type":"","width":"","height":""}],"author":"REDA\u00c7\u00c3O: UBIRAT\u00c3 ONLINE - F\u00c1BIO AUGUSTO CELESTINO","twitter_card":"summary_large_image","twitter_creator":"@x.com\/ubirataonline","twitter_site":"@ubirataonline","twitter_misc":{"Written by":"REDA\u00c7\u00c3O: UBIRAT\u00c3 ONLINE - F\u00c1BIO AUGUSTO CELESTINO","Est. reading time":"3 minutes"},"schema":{"@context":"https:\/\/schema.org","@graph":[{"@type":"NewsArticle","@id":"https:\/\/ubirataonline.com.br\/parana-confirma-mais-duas-mortes-por-intoxicacao-por-metanol\/#article","isPartOf":{"@id":"https:\/\/ubirataonline.com.br\/parana-confirma-mais-duas-mortes-por-intoxicacao-por-metanol\/"},"author":{"name":"REDA\u00c7\u00c3O: UBIRAT\u00c3 ONLINE - F\u00c1BIO AUGUSTO CELESTINO","@id":"https:\/\/ubirataonline.com.br\/#\/schema\/person\/372f87bbd3fdd79b8556b84c98d0bc1c"},"headline":"Paran\u00e1 confirma mais duas mortes por intoxica\u00e7\u00e3o por metanol","datePublished":"2025-10-23T07:10:22+00:00","mainEntityOfPage":{"@id":"https:\/\/ubirataonline.com.br\/parana-confirma-mais-duas-mortes-por-intoxicacao-por-metanol\/"},"wordCount":625,"publisher":{"@id":"https:\/\/ubirataonline.com.br\/#organization"},"image":{"@id":"https:\/\/ubirataonline.com.br\/parana-confirma-mais-duas-mortes-por-intoxicacao-por-metanol\/#primaryimage"},"thumbnailUrl":"https:\/\/ubirataonline.com.br\/wp-content\/uploads\/2025\/10\/bebida-alcoolica.jpg","keywords":["confirma","duas","intoxica\u00e7\u00e3o","mais","metanol","mortes","paran\u00e1","por"],"articleSection":["Ubirat\u00e3"],"inLanguage":"en-US","copyrightYear":"2025","copyrightHolder":{"@id":"https:\/\/ubirataonline.com.br\/en\/#organization"}},{"@type":"WebPage","@id":"https:\/\/ubirataonline.com.br\/parana-confirma-mais-duas-mortes-por-intoxicacao-por-metanol\/","url":"https:\/\/ubirataonline.com.br\/parana-confirma-mais-duas-mortes-por-intoxicacao-por-metanol\/","name":"Paran\u00e1 confirma mais duas mortes por intoxica\u00e7\u00e3o por metanol - Ubirat\u00e3 Online Not\u00edcias - A realidade ao seu alcance!","isPartOf":{"@id":"https:\/\/ubirataonline.com.br\/#website"},"primaryImageOfPage":{"@id":"https:\/\/ubirataonline.com.br\/parana-confirma-mais-duas-mortes-por-intoxicacao-por-metanol\/#primaryimage"},"image":{"@id":"https:\/\/ubirataonline.com.br\/parana-confirma-mais-duas-mortes-por-intoxicacao-por-metanol\/#primaryimage"},"thumbnailUrl":"https:\/\/ubirataonline.com.br\/wp-content\/uploads\/2025\/10\/bebida-alcoolica.jpg","datePublished":"2025-10-23T07:10:22+00:00","description":"A Secretaria de Estado da Sa\u00fade (Sesa) confirmou, nesta quarta-feira (22\/10), mais duas mortes por intoxica\u00e7\u00e3o por metanol ap\u00f3s o consumo de bebida","breadcrumb":{"@id":"https:\/\/ubirataonline.com.br\/parana-confirma-mais-duas-mortes-por-intoxicacao-por-metanol\/#breadcrumb"},"inLanguage":"en-US","potentialAction":[{"@type":"ReadAction","target":["https:\/\/ubirataonline.com.br\/parana-confirma-mais-duas-mortes-por-intoxicacao-por-metanol\/"]}]},{"@type":"ImageObject","inLanguage":"en-US","@id":"https:\/\/ubirataonline.com.br\/parana-confirma-mais-duas-mortes-por-intoxicacao-por-metanol\/#primaryimage","url":"https:\/\/ubirataonline.com.br\/wp-content\/uploads\/2025\/10\/bebida-alcoolica.jpg","contentUrl":"https:\/\/ubirataonline.com.br\/wp-content\/uploads\/2025\/10\/bebida-alcoolica.jpg","width":1200,"height":801},{"@type":"BreadcrumbList","@id":"https:\/\/ubirataonline.com.br\/parana-confirma-mais-duas-mortes-por-intoxicacao-por-metanol\/#breadcrumb","itemListElement":[{"@type":"ListItem","position":1,"name":"In\u00edcio","item":"https:\/\/ubirataonline.com.br\/"},{"@type":"ListItem","position":2,"name":"Paran\u00e1 confirma mais duas mortes por intoxica\u00e7\u00e3o por metanol"}]},{"@type":"WebSite","@id":"https:\/\/ubirataonline.com.br\/#website","url":"https:\/\/ubirataonline.com.br\/","name":"Ubirat\u00e3 Online Not\u00edcias","description":"Not\u00edcias de Ubirat\u00e3, regi\u00e3o, Brasil e mundo, com informa\u00e7\u00e3o atualizada e compromisso com o leitor.","publisher":{"@id":"https:\/\/ubirataonline.com.br\/#organization"},"alternateName":"Ubirat\u00e3 Online","potentialAction":[{"@type":"SearchAction","target":{"@type":"EntryPoint","urlTemplate":"https:\/\/ubirataonline.com.br\/?s={search_term_string}"},"query-input":{"@type":"PropertyValueSpecification","valueRequired":true,"valueName":"search_term_string"}}],"inLanguage":"en-US"},{"@type":["Organization","Place"],"@id":"https:\/\/ubirataonline.com.br\/#organization","name":"Ubirat\u00e3 Online Not\u00edcias","alternateName":"Ubirat\u00e3 Online","url":"https:\/\/ubirataonline.com.br\/","logo":{"@id":"https:\/\/ubirataonline.com.br\/parana-confirma-mais-duas-mortes-por-intoxicacao-por-metanol\/#local-main-organization-logo"},"image":{"@id":"https:\/\/ubirataonline.com.br\/parana-confirma-mais-duas-mortes-por-intoxicacao-por-metanol\/#local-main-organization-logo"},"sameAs":["https:\/\/www.facebook.com\/portalubirataonline","https:\/\/x.com\/ubirataonline","https:\/\/mastodon.social\/@ubirataonline","https:\/\/www.facebook.com\/groups\/311144672285604","https:\/\/www.facebook.com\/UBTAOnline","https:\/\/www.instagram.com\/portalubirataonline\/","https:\/\/twitter.com\/ubirataonline"],"description":"Somos um portal de not\u00edcias independente, criado em 5 de janeiro de 2009, com o objetivo de informar, conectar e valorizar a nossa comunidade de Ubirat\u00e3 e toda aregi\u00e3o. Com conte\u00fado atualizado, confi\u00e1vel e relevante, o Ubirat\u00e3 Online \u00e9 o seu espa\u00e7o para ficar por dentro dos principais acontecimentos locais, regionais, Brasil, Mundo e de interesse geral. Nosso compromisso \u00e9 com a verdade, a transpar\u00eancia e o respeito ao leitor.","legalName":"UBIRATA ONLINE NOT\u00cdCIAS","foundingDate":"2009-01-05","numberOfEmployees":{"@type":"QuantitativeValue","minValue":"1","maxValue":"10"},"publishingPrinciples":"https:\/\/ubirataonline.com.br\/faq\/","address":{"@id":"https:\/\/ubirataonline.com.br\/parana-confirma-mais-duas-mortes-por-intoxicacao-por-metanol\/#local-main-place-address"},"geo":{"@type":"GeoCoordinates","latitude":"-24.5361401","longitude":"-52.9921776"},"telephone":["+5544998308235"],"contactPoint":{"@type":"ContactPoint","email":"contato@ubirataonline.com.br"},"openingHoursSpecification":{"@type":"OpeningHoursSpecification","dayOfWeek":["Monday","Tuesday","Wednesday","Thursday","Friday","Saturday","Sunday"],"opens":"00:00","closes":"23:59"},"email":"contato@ubirataonline.com.br","vatID":"47.621.418\/0001-80"},{"@type":"Person","@id":"https:\/\/ubirataonline.com.br\/#\/schema\/person\/372f87bbd3fdd79b8556b84c98d0bc1c","name":"REDA\u00c7\u00c3O: UBIRAT\u00c3 ONLINE - F\u00c1BIO AUGUSTO CELESTINO","pronouns":"Ele","description":"Desde 2003 trabalhando com not\u00edcias.","sameAs":["http:\/\/ubirataoline.com.br","https:\/\/www.facebook.com\/portalubirataonline","https:\/\/www.instagram.com\/ubirataonline_oficial","https:\/\/x.com\/x.com\/ubirataonline"],"honorificPrefix":"Mr.","honorificSuffix":"MD","birthDate":"1980-06-16","gender":"masculino","award":["V\u00e1rios pr\u00eamios de melhor portal da cidade"],"jobTitle":"Diretor","url":"https:\/\/ubirataonline.com.br\/en\/author\/ubirataonline\/"},{"@type":"PostalAddress","@id":"https:\/\/ubirataonline.com.br\/parana-confirma-mais-duas-mortes-por-intoxicacao-por-metanol\/#local-main-place-address","streetAddress":"Rua dos Coqueiros, 104 - Bairro Boa Vista, Rua dos Coqueiros, 104 Bairro Boa Vista","addressLocality":"UBIRATA","postalCode":"85440-000","addressRegion":"PR","addressCountry":"BR"},{"@type":"ImageObject","inLanguage":"en-US","@id":"https:\/\/ubirataonline.com.br\/parana-confirma-mais-duas-mortes-por-intoxicacao-por-metanol\/#local-main-organization-logo","url":"https:\/\/ubirataonline.com.br\/wp-content\/uploads\/2026\/06\/logoubirataonline-1.webp","contentUrl":"https:\/\/ubirataonline.com.br\/wp-content\/uploads\/2026\/06\/logoubirataonline-1.webp","width":500,"height":500,"caption":"Ubirat\u00e3 Online Not\u00edcias"}]},"geo.placename":"UBIRATA","geo.position":{"lat":"-24.5361401","long":"-52.9921776"},"geo.region":"Brazil"},"_links":{"self":[{"href":"https:\/\/ubirataonline.com.br\/en\/wp-json\/wp\/v2\/posts\/72154","targetHints":{"allow":["GET"]}}],"collection":[{"href":"https:\/\/ubirataonline.com.br\/en\/wp-json\/wp\/v2\/posts"}],"about":[{"href":"https:\/\/ubirataonline.com.br\/en\/wp-json\/wp\/v2\/types\/post"}],"author":[{"embeddable":true,"href":"https:\/\/ubirataonline.com.br\/en\/wp-json\/wp\/v2\/users\/1"}],"replies":[{"embeddable":true,"href":"https:\/\/ubirataonline.com.br\/en\/wp-json\/wp\/v2\/comments?post=72154"}],"version-history":[{"count":0,"href":"https:\/\/ubirataonline.com.br\/en\/wp-json\/wp\/v2\/posts\/72154\/revisions"}],"wp:featuredmedia":[{"embeddable":true,"href":"https:\/\/ubirataonline.com.br\/en\/wp-json\/wp\/v2\/media\/70147"}],"wp:attachment":[{"href":"https:\/\/ubirataonline.com.br\/en\/wp-json\/wp\/v2\/media?parent=72154"}],"wp:term":[{"taxonomy":"category","embeddable":true,"href":"https:\/\/ubirataonline.com.br\/en\/wp-json\/wp\/v2\/categories?post=72154"},{"taxonomy":"post_tag","embeddable":true,"href":"https:\/\/ubirataonline.com.br\/en\/wp-json\/wp\/v2\/tags?post=72154"}],"curies":[{"name":"wp","href":"https:\/\/api.w.org\/{rel}","templated":true}]}}