{"id":72157,"date":"2025-10-23T06:11:55","date_gmt":"2025-10-23T09:11:55","guid":{"rendered":"https:\/\/ubirataonline.com.br\/como-arrascaeta-vai-alem-da-bola-no-flamengo-de-filipe-luis-e-vira-exemplo-ate-no-vestiario-nao-reclama-de-nada\/"},"modified":"2025-10-23T06:11:55","modified_gmt":"2025-10-23T09:11:55","slug":"como-arrascaeta-vai-alem-da-bola-no-flamengo-de-filipe-luis-e-vira-exemplo-ate-no-vestiario-nao-reclama-de-nada","status":"publish","type":"post","link":"https:\/\/ubirataonline.com.br\/en\/como-arrascaeta-vai-alem-da-bola-no-flamengo-de-filipe-luis-e-vira-exemplo-ate-no-vestiario-nao-reclama-de-nada\/","title":{"rendered":"Como Arrascaeta vai al\u00e9m da bola no Flamengo de Filipe Lu\u00eds e vira exemplo at\u00e9 no vesti\u00e1rio: &#8216;N\u00e3o reclama de nada&#8217;"},"content":{"rendered":"<p><\/p>\n<div>\n<p>Artilheiro do <a href=\"https:\/\/www.espn.com.br\/futebol\/liga\/_\/nome\/bra.1\/brasileiro\"><strong>Brasileir\u00e3o<\/strong><\/a>, recorde de gols na temporada e um dos protagonistas na campanha do <a href=\"https:\/\/www.espn.com.br\/futebol\/time\/_\/id\/819\/flamengo\"><strong>Flamengo<\/strong><\/a> na <a href=\"https:\/\/www.espn.com.br\/futebol\/liga\/_\/nome\/conmebol.libertadores\/libertadores\"><strong>CONMEBOL Libertadores<\/strong><\/a>. S\u00e3o com essas credenciais que <a href=\"https:\/\/www.espn.com.br\/futebol\/jogador\/_\/id\/179767\/giorgian-de-arrascaeta\"><strong>Arrascaeta<\/strong><\/a> entrar\u00e1 em campo nesta quarta-feira (22), a partir das 21h30, para enfrentar o <a href=\"https:\/\/www.espn.com.br\/futebol\/time\/_\/id\/15\/racing-club\"><strong>Racing<\/strong><\/a> pela partida de ida da semifinal do torneio continental.<\/p>\n<p>Se sob o olhar do torcedor a categoria do capit\u00e3o rubro-negro j\u00e1 encanta, nos bastidores \u00e9 seu perfil que ganha cada vez mais a aten\u00e7\u00e3o e a rever\u00eancia de de quem caminha ao seu lado. Ao menos, \u00e9 o que conta <strong>L\u00e9o Ortiz<\/strong>.<\/p>\n<aside class=\"inline float-r inline-track\">\n<h2 class=\"img-title\">ESPN no Disney+<\/h2>\n<p><img decoding=\"async\" data-lazyload=\"true\" src=\"https:\/\/a.espncdn.com\/photo\/2025\/0814\/r1531767_1296x729_16-9.jpg\" class=\"round imageLoaded lazyloaded\" alt=\"Assista \u00e0 ESPN no Disney+\" width=\"100%\" height=\"100%\"\/><\/p>\n<hr\/>\n<p>Esportes da ESPN, filmes e s\u00e9ries  em um s\u00f3 lugar. Encontre tudo que voc\u00ea gosta no DisneyPlus.<br \/><\/aside>\n<p>Em entrevista exclusiva ao <strong>ESPN.com.br<\/strong>, o zagueiro rubro-negro fez quest\u00e3o de exaltar a contribui\u00e7\u00e3o do camisa 10 no vesti\u00e1rio. Mais do que isso, sua evolu\u00e7\u00e3o como &#8216;l\u00edder silencioso&#8217; da equipe em 2025.<\/p>\n<p>&#8220;Ele \u00e9 muito m\u00e1gico, fora da curva n\u00e3o s\u00f3 dentro do campo, mas fora tamb\u00e9m, muito gente boa. N\u00e3o reclama de nada, apesar do tamanho que ele tem. \u00c9 um cara que nos motiva tamb\u00e9m por tudo que ele j\u00e1 ganhou dentro do clube. \u00c9 muito bom estar pr\u00f3ximo dele, n\u00e3o \u00e9 um cara que fala muito, mas sempre que tem uma conversa ele agrega muito&#8221;, revelou.<\/p>\n<p>Titular em 45 dos 51 jogos que disputou pelo Flamengo na temporada, Arrascaeta vive seu ano mais artilheiro sob as cores rubro-negras. At\u00e9 ent\u00e3o, s\u00e3o 20 gols marcados, superando at\u00e9 mesmo os 18 anotados em 2019, quando faturou o t\u00edtulo brasileiro e ajudou a dar fim ao tabu de 38 anos sem levar a Libertadores.<\/p>\n<aside class=\"inline inline-photo full\">\n<figure><picture><source data-srcset=\"https:\/\/a1.espncdn.com\/combiner\/i?img=%2Fphoto%2F2025%2F1019%2Fr1562359_1296x729_16%2D9.jpg&amp;w=570&amp;format=jpg, https:\/\/a1.espncdn.com\/combiner\/i?img=%2Fphoto%2F2025%2F1019%2Fr1562359_1296x729_16%2D9.jpg&amp;w=1140&amp;cquality=40&amp;format=jpg 2x\" media=\"(min-width: 376px)\"><source data-srcset=\"https:\/\/a1.espncdn.com\/combiner\/i?img=%2Fphoto%2F2025%2F1019%2Fr1562359_1296x729_16%2D9.jpg&amp;w=375, https:\/\/a1.espncdn.com\/combiner\/i?img=%2Fphoto%2F2025%2F1019%2Fr1562359_1296x729_16%2D9.jpg&amp;w=750&amp;cquality=40&amp;format=jpg 2x\" media=\"(max-width: 375px)\"><img class=\"lazyload lazyload\" data-image-container=\".inline-photo\" height=\"320\" width=\"570\"\/><\/source><\/source><\/picture><figcaption class=\"photoCaption\">L\u00e9o Ortiz e Arrascaeta em a\u00e7\u00e3o na temporada de 2025 no Flamengo\u00a0<cite>Getty Images<\/cite><\/figcaption><\/figure>\n<\/aside>\n<p>Com 15 assist\u00eancias, o uruguaio chegou a 35 participa\u00e7\u00f5es em gols na \u00faltima partida, quando abriu o caminho para a vit\u00f3ria sobre o <a href=\"https:\/\/www.espn.com.br\/futebol\/time\/_\/id\/2029\/palmeiras\"><strong>Palmeiras<\/strong><\/a>, pelo Brasileir\u00e3o. N\u00fameros que n\u00e3o surgem por acaso, como defende Ortiz.<\/p>\n<p>&#8220;Acho que o momento de 2019 j\u00e1 foi um grande ano, mas neste ano ele est\u00e1 tendo um protagonismo maior ainda e isso s\u00f3 \u00e9 bom para o Flamengo que vai precisar nesses momentos de decis\u00e3o&#8221;, analisou o zagueiro.<\/p>\n<p>Titular absoluto com Filipe Lu\u00eds, Ortiz deve ser desfalque no confronto desta quarta-feira (22) contra o Racing ap\u00f3s um choque com Vitor Roque no \u00faltimo domingo (19). Apesar de os exames n\u00e3o detectarem fraturas ou danos mais graves, o defensor j\u00e1 iniciou os tratamentos para se recuperar de uma les\u00e3o no ligamento do tornozelo direito.<\/p>\n<h2>Pr\u00f3ximos jogos do Flamengo:<\/h2>\n<\/div>\n<p><a href=\"https:\/\/www.espn.com.br\/futebol\/libertadores\/artigo\/_\/id\/15812798\/arrascaeta-vai-alem-da-bola-flamengo-exemplo-vestiario\">Source link <\/a><\/p>","protected":false},"excerpt":{"rendered":"<p>Artilheiro do Brasileir\u00e3o, recorde de gols na temporada e um dos protagonistas na campanha do Flamengo na CONMEBOL Libertadores. S\u00e3o com essas credenciais que Arrascaeta entrar\u00e1 em campo nesta quarta-feira (22), a partir das 21h30, para enfrentar o Racing pela partida de ida da semifinal do torneio continental. Se sob o olhar do torcedor a [&hellip;]<\/p>\n","protected":false},"author":1,"featured_media":72158,"comment_status":"","ping_status":"","sticky":false,"template":"","format":"standard","meta":{"googlesitekit_rrm_CAow2JLhCw:productID":"","_gspb_post_css":"","maa_idioma":"","maa_pais":"","footnotes":""},"categories":[4],"tags":[4057,3661,3452,4058,3564,4062,4059,2688,4060,4065,3255,4064,3346,4063,4061],"class_list":["post-72157","post","type-post","status-publish","format-standard","has-post-thumbnail","hentry","category-brasil","tag-alem","tag-arrascaeta","tag-ate","tag-bola","tag-como","tag-exemplo","tag-filipe","tag-flamengo","tag-luis","tag-nada","tag-nao","tag-reclama","tag-vai","tag-vestiario","tag-vira"],"blocksy_meta":[],"yoast_head":"<!-- This site is optimized with the Yoast SEO Premium plugin v27.6 (Yoast SEO v27.6) - https:\/\/yoast.com\/product\/yoast-seo-premium-wordpress\/ -->\n<title>Como Arrascaeta vai al\u00e9m da bola no Flamengo de Filipe Lu\u00eds e vira exemplo at\u00e9 no vesti\u00e1rio: &#039;N\u00e3o reclama de nada&#039; - Ubirat\u00e3 Online Not\u00edcias - A realidade ao seu alcance!<\/title>\n<meta name=\"description\" content=\"Artilheiro do Brasileir\u00e3o, recorde de gols na temporada e um dos protagonistas na campanha do Flamengo na CONMEBOL Libertadores. S\u00e3o com essas credenciais\" \/>\n<meta name=\"robots\" content=\"index, follow, max-snippet:-1, max-image-preview:large, max-video-preview:-1\" \/>\n<link rel=\"canonical\" href=\"https:\/\/ubirataonline.com.br\/en\/como-arrascaeta-vai-alem-da-bola-no-flamengo-de-filipe-luis-e-vira-exemplo-ate-no-vestiario-nao-reclama-de-nada\/\" \/>\n<meta property=\"og:locale\" content=\"en_US\" \/>\n<meta property=\"og:type\" content=\"article\" \/>\n<meta property=\"og:title\" content=\"Como Arrascaeta vai al\u00e9m da bola no Flamengo de Filipe Lu\u00eds e vira exemplo at\u00e9 no vesti\u00e1rio: &#039;N\u00e3o reclama de nada&#039;\" \/>\n<meta property=\"og:description\" content=\"Artilheiro do Brasileir\u00e3o, recorde de gols na temporada e um dos protagonistas na campanha do Flamengo na CONMEBOL Libertadores. S\u00e3o com essas credenciais\" \/>\n<meta property=\"og:url\" content=\"https:\/\/ubirataonline.com.br\/en\/como-arrascaeta-vai-alem-da-bola-no-flamengo-de-filipe-luis-e-vira-exemplo-ate-no-vestiario-nao-reclama-de-nada\/\" \/>\n<meta property=\"og:site_name\" content=\"Ubirat\u00e3 Online Not\u00edcias - A realidade ao seu alcance!\" \/>\n<meta property=\"article:publisher\" content=\"https:\/\/www.facebook.com\/portalubirataonline\" \/>\n<meta property=\"article:author\" content=\"https:\/\/www.facebook.com\/portalubirataonline\" \/>\n<meta property=\"article:published_time\" content=\"2025-10-23T09:11:55+00:00\" \/>\n<meta property=\"og:image\" content=\"https:\/\/a.espncdn.com\/photo\/2025\/0814\/r1531767_1296x729_16-9.jpg\" \/>\n<meta name=\"author\" content=\"REDA\u00c7\u00c3O: UBIRAT\u00c3 ONLINE - F\u00c1BIO AUGUSTO CELESTINO\" \/>\n<meta name=\"twitter:card\" content=\"summary_large_image\" \/>\n<meta name=\"twitter:creator\" content=\"@x.com\/ubirataonline\" \/>\n<meta name=\"twitter:site\" content=\"@ubirataonline\" \/>\n<meta name=\"twitter:label1\" content=\"Written by\" \/>\n\t<meta name=\"twitter:data1\" content=\"REDA\u00c7\u00c3O: UBIRAT\u00c3 ONLINE - F\u00c1BIO AUGUSTO CELESTINO\" \/>\n\t<meta name=\"twitter:label2\" content=\"Est. reading time\" \/>\n\t<meta name=\"twitter:data2\" content=\"2 minutes\" \/>\n<script type=\"application\/ld+json\" class=\"yoast-schema-graph\">{\"@context\":\"https:\\\/\\\/schema.org\",\"@graph\":[{\"@type\":\"NewsArticle\",\"@id\":\"https:\\\/\\\/ubirataonline.com.br\\\/como-arrascaeta-vai-alem-da-bola-no-flamengo-de-filipe-luis-e-vira-exemplo-ate-no-vestiario-nao-reclama-de-nada\\\/#article\",\"isPartOf\":{\"@id\":\"https:\\\/\\\/ubirataonline.com.br\\\/como-arrascaeta-vai-alem-da-bola-no-flamengo-de-filipe-luis-e-vira-exemplo-ate-no-vestiario-nao-reclama-de-nada\\\/\"},\"author\":{\"name\":\"REDA\u00c7\u00c3O: UBIRAT\u00c3 ONLINE - F\u00c1BIO AUGUSTO CELESTINO\",\"@id\":\"https:\\\/\\\/ubirataonline.com.br\\\/#\\\/schema\\\/person\\\/372f87bbd3fdd79b8556b84c98d0bc1c\"},\"headline\":\"Como Arrascaeta vai al\u00e9m da bola no Flamengo de Filipe Lu\u00eds e vira exemplo at\u00e9 no vesti\u00e1rio: &#8216;N\u00e3o reclama de nada&#8217;\",\"datePublished\":\"2025-10-23T09:11:55+00:00\",\"mainEntityOfPage\":{\"@id\":\"https:\\\/\\\/ubirataonline.com.br\\\/como-arrascaeta-vai-alem-da-bola-no-flamengo-de-filipe-luis-e-vira-exemplo-ate-no-vestiario-nao-reclama-de-nada\\\/\"},\"wordCount\":455,\"publisher\":{\"@id\":\"https:\\\/\\\/ubirataonline.com.br\\\/#organization\"},\"image\":{\"@id\":\"https:\\\/\\\/ubirataonline.com.br\\\/como-arrascaeta-vai-alem-da-bola-no-flamengo-de-filipe-luis-e-vira-exemplo-ate-no-vestiario-nao-reclama-de-nada\\\/#primaryimage\"},\"thumbnailUrl\":\"https:\\\/\\\/ubirataonline.com.br\\\/wp-content\\\/uploads\\\/2025\\\/10\\\/1761210718_i.jpeg\",\"keywords\":[\"al\u00e9m\",\"Arrascaeta\",\"at\u00e9\",\"bola\",\"como\",\"exemplo\",\"Filipe\",\"Flamengo\",\"Lu\u00eds\",\"nada\",\"n\u00e3o\",\"reclama\",\"vai\",\"vesti\u00e1rio\",\"vira\"],\"articleSection\":[\"Brasil\"],\"inLanguage\":\"en-US\",\"copyrightYear\":\"2025\",\"copyrightHolder\":{\"@id\":\"https:\\\/\\\/ubirataonline.com.br\\\/en\\\/#organization\"}},{\"@type\":\"WebPage\",\"@id\":\"https:\\\/\\\/ubirataonline.com.br\\\/como-arrascaeta-vai-alem-da-bola-no-flamengo-de-filipe-luis-e-vira-exemplo-ate-no-vestiario-nao-reclama-de-nada\\\/\",\"url\":\"https:\\\/\\\/ubirataonline.com.br\\\/como-arrascaeta-vai-alem-da-bola-no-flamengo-de-filipe-luis-e-vira-exemplo-ate-no-vestiario-nao-reclama-de-nada\\\/\",\"name\":\"Como Arrascaeta vai al\u00e9m da bola no Flamengo de Filipe Lu\u00eds e vira exemplo at\u00e9 no vesti\u00e1rio: 'N\u00e3o reclama de nada' - Ubirat\u00e3 Online Not\u00edcias - A realidade ao seu alcance!\",\"isPartOf\":{\"@id\":\"https:\\\/\\\/ubirataonline.com.br\\\/#website\"},\"primaryImageOfPage\":{\"@id\":\"https:\\\/\\\/ubirataonline.com.br\\\/como-arrascaeta-vai-alem-da-bola-no-flamengo-de-filipe-luis-e-vira-exemplo-ate-no-vestiario-nao-reclama-de-nada\\\/#primaryimage\"},\"image\":{\"@id\":\"https:\\\/\\\/ubirataonline.com.br\\\/como-arrascaeta-vai-alem-da-bola-no-flamengo-de-filipe-luis-e-vira-exemplo-ate-no-vestiario-nao-reclama-de-nada\\\/#primaryimage\"},\"thumbnailUrl\":\"https:\\\/\\\/ubirataonline.com.br\\\/wp-content\\\/uploads\\\/2025\\\/10\\\/1761210718_i.jpeg\",\"datePublished\":\"2025-10-23T09:11:55+00:00\",\"description\":\"Artilheiro do Brasileir\u00e3o, recorde de gols na temporada e um dos protagonistas na campanha do Flamengo na CONMEBOL Libertadores. S\u00e3o com essas credenciais\",\"breadcrumb\":{\"@id\":\"https:\\\/\\\/ubirataonline.com.br\\\/como-arrascaeta-vai-alem-da-bola-no-flamengo-de-filipe-luis-e-vira-exemplo-ate-no-vestiario-nao-reclama-de-nada\\\/#breadcrumb\"},\"inLanguage\":\"en-US\",\"potentialAction\":[{\"@type\":\"ReadAction\",\"target\":[\"https:\\\/\\\/ubirataonline.com.br\\\/como-arrascaeta-vai-alem-da-bola-no-flamengo-de-filipe-luis-e-vira-exemplo-ate-no-vestiario-nao-reclama-de-nada\\\/\"]}]},{\"@type\":\"ImageObject\",\"inLanguage\":\"en-US\",\"@id\":\"https:\\\/\\\/ubirataonline.com.br\\\/como-arrascaeta-vai-alem-da-bola-no-flamengo-de-filipe-luis-e-vira-exemplo-ate-no-vestiario-nao-reclama-de-nada\\\/#primaryimage\",\"url\":\"https:\\\/\\\/ubirataonline.com.br\\\/wp-content\\\/uploads\\\/2025\\\/10\\\/1761210718_i.jpeg\",\"contentUrl\":\"https:\\\/\\\/ubirataonline.com.br\\\/wp-content\\\/uploads\\\/2025\\\/10\\\/1761210718_i.jpeg\",\"width\":1296,\"height\":729},{\"@type\":\"BreadcrumbList\",\"@id\":\"https:\\\/\\\/ubirataonline.com.br\\\/como-arrascaeta-vai-alem-da-bola-no-flamengo-de-filipe-luis-e-vira-exemplo-ate-no-vestiario-nao-reclama-de-nada\\\/#breadcrumb\",\"itemListElement\":[{\"@type\":\"ListItem\",\"position\":1,\"name\":\"In\u00edcio\",\"item\":\"https:\\\/\\\/ubirataonline.com.br\\\/\"},{\"@type\":\"ListItem\",\"position\":2,\"name\":\"Como Arrascaeta vai al\u00e9m da bola no Flamengo de Filipe Lu\u00eds e vira exemplo at\u00e9 no vesti\u00e1rio: &#8216;N\u00e3o reclama de nada&#8217;\"}]},{\"@type\":\"WebSite\",\"@id\":\"https:\\\/\\\/ubirataonline.com.br\\\/#website\",\"url\":\"https:\\\/\\\/ubirataonline.com.br\\\/\",\"name\":\"Ubirat\u00e3 Online Not\u00edcias\",\"description\":\"Not\u00edcias de Ubirat\u00e3, regi\u00e3o, Brasil e mundo, com informa\u00e7\u00e3o atualizada e compromisso com o leitor.\",\"publisher\":{\"@id\":\"https:\\\/\\\/ubirataonline.com.br\\\/#organization\"},\"alternateName\":\"Ubirat\u00e3 Online\",\"potentialAction\":[{\"@type\":\"SearchAction\",\"target\":{\"@type\":\"EntryPoint\",\"urlTemplate\":\"https:\\\/\\\/ubirataonline.com.br\\\/?s={search_term_string}\"},\"query-input\":{\"@type\":\"PropertyValueSpecification\",\"valueRequired\":true,\"valueName\":\"search_term_string\"}}],\"inLanguage\":\"en-US\"},{\"@type\":[\"Organization\",\"Place\"],\"@id\":\"https:\\\/\\\/ubirataonline.com.br\\\/#organization\",\"name\":\"Ubirat\u00e3 Online Not\u00edcias\",\"alternateName\":\"Ubirat\u00e3 Online\",\"url\":\"https:\\\/\\\/ubirataonline.com.br\\\/\",\"logo\":{\"@id\":\"https:\\\/\\\/ubirataonline.com.br\\\/como-arrascaeta-vai-alem-da-bola-no-flamengo-de-filipe-luis-e-vira-exemplo-ate-no-vestiario-nao-reclama-de-nada\\\/#local-main-organization-logo\"},\"image\":{\"@id\":\"https:\\\/\\\/ubirataonline.com.br\\\/como-arrascaeta-vai-alem-da-bola-no-flamengo-de-filipe-luis-e-vira-exemplo-ate-no-vestiario-nao-reclama-de-nada\\\/#local-main-organization-logo\"},\"sameAs\":[\"https:\\\/\\\/www.facebook.com\\\/portalubirataonline\",\"https:\\\/\\\/x.com\\\/ubirataonline\",\"https:\\\/\\\/mastodon.social\\\/@ubirataonline\",\"https:\\\/\\\/www.facebook.com\\\/groups\\\/311144672285604\",\"https:\\\/\\\/www.facebook.com\\\/UBTAOnline\",\"https:\\\/\\\/www.instagram.com\\\/portalubirataonline\\\/\",\"https:\\\/\\\/twitter.com\\\/ubirataonline\"],\"description\":\"Somos um portal de not\u00edcias independente, criado em 5 de janeiro de 2009, com o objetivo de informar, conectar e valorizar a nossa comunidade de Ubirat\u00e3 e toda aregi\u00e3o. Com conte\u00fado atualizado, confi\u00e1vel e relevante, o Ubirat\u00e3 Online \u00e9 o seu espa\u00e7o para ficar por dentro dos principais acontecimentos locais, regionais, Brasil, Mundo e de interesse geral. Nosso compromisso \u00e9 com a verdade, a transpar\u00eancia e o respeito ao leitor.\",\"legalName\":\"UBIRATA ONLINE NOT\u00cdCIAS\",\"foundingDate\":\"2009-01-05\",\"numberOfEmployees\":{\"@type\":\"QuantitativeValue\",\"minValue\":\"1\",\"maxValue\":\"10\"},\"publishingPrinciples\":\"https:\\\/\\\/ubirataonline.com.br\\\/faq\\\/\",\"address\":{\"@id\":\"https:\\\/\\\/ubirataonline.com.br\\\/como-arrascaeta-vai-alem-da-bola-no-flamengo-de-filipe-luis-e-vira-exemplo-ate-no-vestiario-nao-reclama-de-nada\\\/#local-main-place-address\"},\"geo\":{\"@type\":\"GeoCoordinates\",\"latitude\":\"-24.5361401\",\"longitude\":\"-52.9921776\"},\"telephone\":[\"+5544998308235\"],\"contactPoint\":{\"@type\":\"ContactPoint\",\"email\":\"contato@ubirataonline.com.br\"},\"openingHoursSpecification\":{\"@type\":\"OpeningHoursSpecification\",\"dayOfWeek\":[\"Monday\",\"Tuesday\",\"Wednesday\",\"Thursday\",\"Friday\",\"Saturday\",\"Sunday\"],\"opens\":\"00:00\",\"closes\":\"23:59\"},\"email\":\"contato@ubirataonline.com.br\",\"vatID\":\"47.621.418\\\/0001-80\"},{\"@type\":\"Person\",\"@id\":\"https:\\\/\\\/ubirataonline.com.br\\\/#\\\/schema\\\/person\\\/372f87bbd3fdd79b8556b84c98d0bc1c\",\"name\":\"REDA\u00c7\u00c3O: UBIRAT\u00c3 ONLINE - F\u00c1BIO AUGUSTO CELESTINO\",\"pronouns\":\"Ele\",\"description\":\"Desde 2003 trabalhando com not\u00edcias.\",\"sameAs\":[\"http:\\\/\\\/ubirataoline.com.br\",\"https:\\\/\\\/www.facebook.com\\\/portalubirataonline\",\"https:\\\/\\\/www.instagram.com\\\/ubirataonline_oficial\",\"https:\\\/\\\/x.com\\\/x.com\\\/ubirataonline\"],\"honorificPrefix\":\"Mr.\",\"honorificSuffix\":\"MD\",\"birthDate\":\"1980-06-16\",\"gender\":\"masculino\",\"award\":[\"V\u00e1rios pr\u00eamios de melhor portal da cidade\"],\"jobTitle\":\"Diretor\",\"url\":\"https:\\\/\\\/ubirataonline.com.br\\\/en\\\/author\\\/ubirataonline\\\/\"},{\"@type\":\"PostalAddress\",\"@id\":\"https:\\\/\\\/ubirataonline.com.br\\\/como-arrascaeta-vai-alem-da-bola-no-flamengo-de-filipe-luis-e-vira-exemplo-ate-no-vestiario-nao-reclama-de-nada\\\/#local-main-place-address\",\"streetAddress\":\"Rua dos Coqueiros, 104 - Bairro Boa Vista, Rua dos Coqueiros, 104 Bairro Boa Vista\",\"addressLocality\":\"UBIRATA\",\"postalCode\":\"85440-000\",\"addressRegion\":\"PR\",\"addressCountry\":\"BR\"},{\"@type\":\"ImageObject\",\"inLanguage\":\"en-US\",\"@id\":\"https:\\\/\\\/ubirataonline.com.br\\\/como-arrascaeta-vai-alem-da-bola-no-flamengo-de-filipe-luis-e-vira-exemplo-ate-no-vestiario-nao-reclama-de-nada\\\/#local-main-organization-logo\",\"url\":\"https:\\\/\\\/ubirataonline.com.br\\\/wp-content\\\/uploads\\\/2026\\\/06\\\/logoubirataonline-1.webp\",\"contentUrl\":\"https:\\\/\\\/ubirataonline.com.br\\\/wp-content\\\/uploads\\\/2026\\\/06\\\/logoubirataonline-1.webp\",\"width\":500,\"height\":500,\"caption\":\"Ubirat\u00e3 Online Not\u00edcias\"}]}<\/script>\n<meta name=\"geo.placename\" content=\"UBIRATA\" \/>\n<meta name=\"geo.position\" content=\"-24.5361401;-52.9921776\" \/>\n<meta name=\"geo.region\" content=\"Brazil\" \/>\n<!-- \/ Yoast SEO Premium plugin. -->","yoast_head_json":{"title":"Como Arrascaeta vai al\u00e9m da bola no Flamengo de Filipe Lu\u00eds e vira exemplo at\u00e9 no vesti\u00e1rio: 'N\u00e3o reclama de nada' - Ubirat\u00e3 Online Not\u00edcias - A realidade ao seu alcance!","description":"Artilheiro do Brasileir\u00e3o, recorde de gols na temporada e um dos protagonistas na campanha do Flamengo na CONMEBOL Libertadores. S\u00e3o com essas credenciais","robots":{"index":"index","follow":"follow","max-snippet":"max-snippet:-1","max-image-preview":"max-image-preview:large","max-video-preview":"max-video-preview:-1"},"canonical":"https:\/\/ubirataonline.com.br\/en\/como-arrascaeta-vai-alem-da-bola-no-flamengo-de-filipe-luis-e-vira-exemplo-ate-no-vestiario-nao-reclama-de-nada\/","og_locale":"en_US","og_type":"article","og_title":"Como Arrascaeta vai al\u00e9m da bola no Flamengo de Filipe Lu\u00eds e vira exemplo at\u00e9 no vesti\u00e1rio: 'N\u00e3o reclama de nada'","og_description":"Artilheiro do Brasileir\u00e3o, recorde de gols na temporada e um dos protagonistas na campanha do Flamengo na CONMEBOL Libertadores. S\u00e3o com essas credenciais","og_url":"https:\/\/ubirataonline.com.br\/en\/como-arrascaeta-vai-alem-da-bola-no-flamengo-de-filipe-luis-e-vira-exemplo-ate-no-vestiario-nao-reclama-de-nada\/","og_site_name":"Ubirat\u00e3 Online Not\u00edcias - A realidade ao seu alcance!","article_publisher":"https:\/\/www.facebook.com\/portalubirataonline","article_author":"https:\/\/www.facebook.com\/portalubirataonline","article_published_time":"2025-10-23T09:11:55+00:00","og_image":[{"url":"https:\/\/a.espncdn.com\/photo\/2025\/0814\/r1531767_1296x729_16-9.jpg","type":"","width":"","height":""}],"author":"REDA\u00c7\u00c3O: UBIRAT\u00c3 ONLINE - F\u00c1BIO AUGUSTO CELESTINO","twitter_card":"summary_large_image","twitter_creator":"@x.com\/ubirataonline","twitter_site":"@ubirataonline","twitter_misc":{"Written by":"REDA\u00c7\u00c3O: UBIRAT\u00c3 ONLINE - F\u00c1BIO AUGUSTO CELESTINO","Est. reading time":"2 minutes"},"schema":{"@context":"https:\/\/schema.org","@graph":[{"@type":"NewsArticle","@id":"https:\/\/ubirataonline.com.br\/como-arrascaeta-vai-alem-da-bola-no-flamengo-de-filipe-luis-e-vira-exemplo-ate-no-vestiario-nao-reclama-de-nada\/#article","isPartOf":{"@id":"https:\/\/ubirataonline.com.br\/como-arrascaeta-vai-alem-da-bola-no-flamengo-de-filipe-luis-e-vira-exemplo-ate-no-vestiario-nao-reclama-de-nada\/"},"author":{"name":"REDA\u00c7\u00c3O: UBIRAT\u00c3 ONLINE - F\u00c1BIO AUGUSTO CELESTINO","@id":"https:\/\/ubirataonline.com.br\/#\/schema\/person\/372f87bbd3fdd79b8556b84c98d0bc1c"},"headline":"Como Arrascaeta vai al\u00e9m da bola no Flamengo de Filipe Lu\u00eds e vira exemplo at\u00e9 no vesti\u00e1rio: &#8216;N\u00e3o reclama de nada&#8217;","datePublished":"2025-10-23T09:11:55+00:00","mainEntityOfPage":{"@id":"https:\/\/ubirataonline.com.br\/como-arrascaeta-vai-alem-da-bola-no-flamengo-de-filipe-luis-e-vira-exemplo-ate-no-vestiario-nao-reclama-de-nada\/"},"wordCount":455,"publisher":{"@id":"https:\/\/ubirataonline.com.br\/#organization"},"image":{"@id":"https:\/\/ubirataonline.com.br\/como-arrascaeta-vai-alem-da-bola-no-flamengo-de-filipe-luis-e-vira-exemplo-ate-no-vestiario-nao-reclama-de-nada\/#primaryimage"},"thumbnailUrl":"https:\/\/ubirataonline.com.br\/wp-content\/uploads\/2025\/10\/1761210718_i.jpeg","keywords":["al\u00e9m","Arrascaeta","at\u00e9","bola","como","exemplo","Filipe","Flamengo","Lu\u00eds","nada","n\u00e3o","reclama","vai","vesti\u00e1rio","vira"],"articleSection":["Brasil"],"inLanguage":"en-US","copyrightYear":"2025","copyrightHolder":{"@id":"https:\/\/ubirataonline.com.br\/en\/#organization"}},{"@type":"WebPage","@id":"https:\/\/ubirataonline.com.br\/como-arrascaeta-vai-alem-da-bola-no-flamengo-de-filipe-luis-e-vira-exemplo-ate-no-vestiario-nao-reclama-de-nada\/","url":"https:\/\/ubirataonline.com.br\/como-arrascaeta-vai-alem-da-bola-no-flamengo-de-filipe-luis-e-vira-exemplo-ate-no-vestiario-nao-reclama-de-nada\/","name":"Como Arrascaeta vai al\u00e9m da bola no Flamengo de Filipe Lu\u00eds e vira exemplo at\u00e9 no vesti\u00e1rio: 'N\u00e3o reclama de nada' - Ubirat\u00e3 Online Not\u00edcias - A realidade ao seu alcance!","isPartOf":{"@id":"https:\/\/ubirataonline.com.br\/#website"},"primaryImageOfPage":{"@id":"https:\/\/ubirataonline.com.br\/como-arrascaeta-vai-alem-da-bola-no-flamengo-de-filipe-luis-e-vira-exemplo-ate-no-vestiario-nao-reclama-de-nada\/#primaryimage"},"image":{"@id":"https:\/\/ubirataonline.com.br\/como-arrascaeta-vai-alem-da-bola-no-flamengo-de-filipe-luis-e-vira-exemplo-ate-no-vestiario-nao-reclama-de-nada\/#primaryimage"},"thumbnailUrl":"https:\/\/ubirataonline.com.br\/wp-content\/uploads\/2025\/10\/1761210718_i.jpeg","datePublished":"2025-10-23T09:11:55+00:00","description":"Artilheiro do Brasileir\u00e3o, recorde de gols na temporada e um dos protagonistas na campanha do Flamengo na CONMEBOL Libertadores. S\u00e3o com essas credenciais","breadcrumb":{"@id":"https:\/\/ubirataonline.com.br\/como-arrascaeta-vai-alem-da-bola-no-flamengo-de-filipe-luis-e-vira-exemplo-ate-no-vestiario-nao-reclama-de-nada\/#breadcrumb"},"inLanguage":"en-US","potentialAction":[{"@type":"ReadAction","target":["https:\/\/ubirataonline.com.br\/como-arrascaeta-vai-alem-da-bola-no-flamengo-de-filipe-luis-e-vira-exemplo-ate-no-vestiario-nao-reclama-de-nada\/"]}]},{"@type":"ImageObject","inLanguage":"en-US","@id":"https:\/\/ubirataonline.com.br\/como-arrascaeta-vai-alem-da-bola-no-flamengo-de-filipe-luis-e-vira-exemplo-ate-no-vestiario-nao-reclama-de-nada\/#primaryimage","url":"https:\/\/ubirataonline.com.br\/wp-content\/uploads\/2025\/10\/1761210718_i.jpeg","contentUrl":"https:\/\/ubirataonline.com.br\/wp-content\/uploads\/2025\/10\/1761210718_i.jpeg","width":1296,"height":729},{"@type":"BreadcrumbList","@id":"https:\/\/ubirataonline.com.br\/como-arrascaeta-vai-alem-da-bola-no-flamengo-de-filipe-luis-e-vira-exemplo-ate-no-vestiario-nao-reclama-de-nada\/#breadcrumb","itemListElement":[{"@type":"ListItem","position":1,"name":"In\u00edcio","item":"https:\/\/ubirataonline.com.br\/"},{"@type":"ListItem","position":2,"name":"Como Arrascaeta vai al\u00e9m da bola no Flamengo de Filipe Lu\u00eds e vira exemplo at\u00e9 no vesti\u00e1rio: &#8216;N\u00e3o reclama de nada&#8217;"}]},{"@type":"WebSite","@id":"https:\/\/ubirataonline.com.br\/#website","url":"https:\/\/ubirataonline.com.br\/","name":"Ubirat\u00e3 Online Not\u00edcias","description":"Not\u00edcias de Ubirat\u00e3, regi\u00e3o, Brasil e mundo, com informa\u00e7\u00e3o atualizada e compromisso com o leitor.","publisher":{"@id":"https:\/\/ubirataonline.com.br\/#organization"},"alternateName":"Ubirat\u00e3 Online","potentialAction":[{"@type":"SearchAction","target":{"@type":"EntryPoint","urlTemplate":"https:\/\/ubirataonline.com.br\/?s={search_term_string}"},"query-input":{"@type":"PropertyValueSpecification","valueRequired":true,"valueName":"search_term_string"}}],"inLanguage":"en-US"},{"@type":["Organization","Place"],"@id":"https:\/\/ubirataonline.com.br\/#organization","name":"Ubirat\u00e3 Online Not\u00edcias","alternateName":"Ubirat\u00e3 Online","url":"https:\/\/ubirataonline.com.br\/","logo":{"@id":"https:\/\/ubirataonline.com.br\/como-arrascaeta-vai-alem-da-bola-no-flamengo-de-filipe-luis-e-vira-exemplo-ate-no-vestiario-nao-reclama-de-nada\/#local-main-organization-logo"},"image":{"@id":"https:\/\/ubirataonline.com.br\/como-arrascaeta-vai-alem-da-bola-no-flamengo-de-filipe-luis-e-vira-exemplo-ate-no-vestiario-nao-reclama-de-nada\/#local-main-organization-logo"},"sameAs":["https:\/\/www.facebook.com\/portalubirataonline","https:\/\/x.com\/ubirataonline","https:\/\/mastodon.social\/@ubirataonline","https:\/\/www.facebook.com\/groups\/311144672285604","https:\/\/www.facebook.com\/UBTAOnline","https:\/\/www.instagram.com\/portalubirataonline\/","https:\/\/twitter.com\/ubirataonline"],"description":"Somos um portal de not\u00edcias independente, criado em 5 de janeiro de 2009, com o objetivo de informar, conectar e valorizar a nossa comunidade de Ubirat\u00e3 e toda aregi\u00e3o. Com conte\u00fado atualizado, confi\u00e1vel e relevante, o Ubirat\u00e3 Online \u00e9 o seu espa\u00e7o para ficar por dentro dos principais acontecimentos locais, regionais, Brasil, Mundo e de interesse geral. Nosso compromisso \u00e9 com a verdade, a transpar\u00eancia e o respeito ao leitor.","legalName":"UBIRATA ONLINE NOT\u00cdCIAS","foundingDate":"2009-01-05","numberOfEmployees":{"@type":"QuantitativeValue","minValue":"1","maxValue":"10"},"publishingPrinciples":"https:\/\/ubirataonline.com.br\/faq\/","address":{"@id":"https:\/\/ubirataonline.com.br\/como-arrascaeta-vai-alem-da-bola-no-flamengo-de-filipe-luis-e-vira-exemplo-ate-no-vestiario-nao-reclama-de-nada\/#local-main-place-address"},"geo":{"@type":"GeoCoordinates","latitude":"-24.5361401","longitude":"-52.9921776"},"telephone":["+5544998308235"],"contactPoint":{"@type":"ContactPoint","email":"contato@ubirataonline.com.br"},"openingHoursSpecification":{"@type":"OpeningHoursSpecification","dayOfWeek":["Monday","Tuesday","Wednesday","Thursday","Friday","Saturday","Sunday"],"opens":"00:00","closes":"23:59"},"email":"contato@ubirataonline.com.br","vatID":"47.621.418\/0001-80"},{"@type":"Person","@id":"https:\/\/ubirataonline.com.br\/#\/schema\/person\/372f87bbd3fdd79b8556b84c98d0bc1c","name":"REDA\u00c7\u00c3O: UBIRAT\u00c3 ONLINE - F\u00c1BIO AUGUSTO CELESTINO","pronouns":"Ele","description":"Desde 2003 trabalhando com not\u00edcias.","sameAs":["http:\/\/ubirataoline.com.br","https:\/\/www.facebook.com\/portalubirataonline","https:\/\/www.instagram.com\/ubirataonline_oficial","https:\/\/x.com\/x.com\/ubirataonline"],"honorificPrefix":"Mr.","honorificSuffix":"MD","birthDate":"1980-06-16","gender":"masculino","award":["V\u00e1rios pr\u00eamios de melhor portal da cidade"],"jobTitle":"Diretor","url":"https:\/\/ubirataonline.com.br\/en\/author\/ubirataonline\/"},{"@type":"PostalAddress","@id":"https:\/\/ubirataonline.com.br\/como-arrascaeta-vai-alem-da-bola-no-flamengo-de-filipe-luis-e-vira-exemplo-ate-no-vestiario-nao-reclama-de-nada\/#local-main-place-address","streetAddress":"Rua dos Coqueiros, 104 - Bairro Boa Vista, Rua dos Coqueiros, 104 Bairro Boa Vista","addressLocality":"UBIRATA","postalCode":"85440-000","addressRegion":"PR","addressCountry":"BR"},{"@type":"ImageObject","inLanguage":"en-US","@id":"https:\/\/ubirataonline.com.br\/como-arrascaeta-vai-alem-da-bola-no-flamengo-de-filipe-luis-e-vira-exemplo-ate-no-vestiario-nao-reclama-de-nada\/#local-main-organization-logo","url":"https:\/\/ubirataonline.com.br\/wp-content\/uploads\/2026\/06\/logoubirataonline-1.webp","contentUrl":"https:\/\/ubirataonline.com.br\/wp-content\/uploads\/2026\/06\/logoubirataonline-1.webp","width":500,"height":500,"caption":"Ubirat\u00e3 Online Not\u00edcias"}]},"geo.placename":"UBIRATA","geo.position":{"lat":"-24.5361401","long":"-52.9921776"},"geo.region":"Brazil"},"_links":{"self":[{"href":"https:\/\/ubirataonline.com.br\/en\/wp-json\/wp\/v2\/posts\/72157","targetHints":{"allow":["GET"]}}],"collection":[{"href":"https:\/\/ubirataonline.com.br\/en\/wp-json\/wp\/v2\/posts"}],"about":[{"href":"https:\/\/ubirataonline.com.br\/en\/wp-json\/wp\/v2\/types\/post"}],"author":[{"embeddable":true,"href":"https:\/\/ubirataonline.com.br\/en\/wp-json\/wp\/v2\/users\/1"}],"replies":[{"embeddable":true,"href":"https:\/\/ubirataonline.com.br\/en\/wp-json\/wp\/v2\/comments?post=72157"}],"version-history":[{"count":0,"href":"https:\/\/ubirataonline.com.br\/en\/wp-json\/wp\/v2\/posts\/72157\/revisions"}],"wp:featuredmedia":[{"embeddable":true,"href":"https:\/\/ubirataonline.com.br\/en\/wp-json\/wp\/v2\/media\/72158"}],"wp:attachment":[{"href":"https:\/\/ubirataonline.com.br\/en\/wp-json\/wp\/v2\/media?parent=72157"}],"wp:term":[{"taxonomy":"category","embeddable":true,"href":"https:\/\/ubirataonline.com.br\/en\/wp-json\/wp\/v2\/categories?post=72157"},{"taxonomy":"post_tag","embeddable":true,"href":"https:\/\/ubirataonline.com.br\/en\/wp-json\/wp\/v2\/tags?post=72157"}],"curies":[{"name":"wp","href":"https:\/\/api.w.org\/{rel}","templated":true}]}}