{"id":72159,"date":"2025-10-23T07:13:28","date_gmt":"2025-10-23T10:13:28","guid":{"rendered":"https:\/\/ubirataonline.com.br\/le-cordon-bleu-se-pronuncia-sobre-polemica-no-masterchef-confeitaria\/"},"modified":"2025-10-23T07:13:28","modified_gmt":"2025-10-23T10:13:28","slug":"le-cordon-bleu-se-pronuncia-sobre-polemica-no-masterchef-confeitaria","status":"publish","type":"post","link":"https:\/\/ubirataonline.com.br\/en\/le-cordon-bleu-se-pronuncia-sobre-polemica-no-masterchef-confeitaria\/","title":{"rendered":"Le Cordon Bleu se pronuncia sobre pol\u00eamica no &#8220;MasterChef Confeitaria&#8221;"},"content":{"rendered":"<p><\/p>\n<div data-single-content=\"true\">\n<p class=\"my-5 break-words group-[.isActiveSource]:text-xl\">A escola de confeitaria <strong class=\"group-[.isActiveSource]:text-xl group-[.isActiveSource]:font-bold\">Le Cordon Bleu<\/strong> teve seu nome envolvido em uma pol\u00eamica gerada no s\u00e9timo epis\u00f3dio do &#8220;MasterChef Confeitaria&#8221;, exibido na noite de ter\u00e7a-feira (21).<\/p>\n<p class=\"my-5 break-words group-[.isActiveSource]:text-xl\">As acusa\u00e7\u00f5es dos internautas \u00e9 que o v\u00ednculo da escola com a participante <strong class=\"group-[.isActiveSource]:text-xl group-[.isActiveSource]:font-bold\">Marina Queiroz<\/strong>, que supostamente foi diretora da escola, teria sido mantida no programa por favoritismo dos jurados.<\/p>\n<p class=\"my-5 break-words group-[.isActiveSource]:text-xl\">Os f\u00e3s do reality questionaram a produ\u00e7\u00e3o ap\u00f3s a \u00faltima elimina\u00e7\u00e3o, em que a escolhida para a perman\u00eancia foi Marina Queiroz, mesmo ap\u00f3s uma discuss\u00e3o com a chefe <a href=\"https:\/\/www.cnnbrasil.com.br\/lifestyle\/cnn-nosso-mundo-lugar-de-mulher-e-onde-ela-quiser-diz-helena-rizzo\/\" target=\"_blank\" rel=\"noopener noreferrer\" class=\"text-red-600 underline hover:text-red-500 font-medium break-words group-[.isActiveSource]:text-xl\">Helena Rizzo<\/a> sobre a qualidade dos pratos. O eliminado do epis\u00f3dio foi <strong class=\"group-[.isActiveSource]:text-xl group-[.isActiveSource]:font-bold\">Johnlee Francis Justino<\/strong>.<\/p>\n<p class=\"my-5 break-words group-[.isActiveSource]:text-xl\">Com isso, come\u00e7aram a especular que Marina teria algum tipo de prefer\u00eancia no programa por j\u00e1 ter sido vinculada \u00e0 escola francesa, e eles escolheram se posicionar contra essa pr\u00e1tica.<\/p>\n<p class=\"my-5 break-words group-[.isActiveSource]:text-xl\">Em nota, o Le Cordon Bleu esclarece sobre a participa\u00e7\u00e3o da ex-colaboradora no programa. &#8220;A participante n\u00e3o integra o quadro de colaboradores do Le Cordon Bleu desde 2023. \u00c0 \u00e9poca, sua atua\u00e7\u00e3o esteve vinculada \u00e0s \u00e1reas acad\u00eamica e de servi\u00e7os estudantis, n\u00e3o exercendo fun\u00e7\u00f5es docentes na institui\u00e7\u00e3o. Ressaltamos que o Le Cordon Bleu n\u00e3o possui qualquer participa\u00e7\u00e3o ou responsabilidade sobre o processo seletivo, a produ\u00e7\u00e3o ou a condu\u00e7\u00e3o do programa MasterChef Confeitaria&#8221;, colocou a escola.<\/p>\n<p class=\"my-5 break-words group-[.isActiveSource]:text-xl\">Conclui dizendo: &#8220;O uso de uniformes, ins\u00edgnias ou refer\u00eancias visuais \u00e0 marca Le Cordon Bleu em contextos alheios \u00e0s atividades oficiais n\u00e3o reflete v\u00ednculo profissional atual com a institui\u00e7\u00e3o.&#8221;<\/p>\n<p class=\"my-5 break-words group-[.isActiveSource]:text-xl\">O p\u00fablico <a href=\"https:\/\/www.cnnbrasil.com.br\/entretenimento\/masterchef-confeitaria-publico-reclama-de-quem-saiu-e-aponta-protegida\/\" target=\"_blank\" rel=\"noopener noreferrer\" class=\"text-red-600 underline hover:text-red-500 font-medium break-words group-[.isActiveSource]:text-xl\">segue insatisfeito com a nota<\/a>, e a elimina\u00e7\u00e3o do epis\u00f3dio, dizendo que a pol\u00eamica ofuscou o foco da competi\u00e7\u00e3o e levantou d\u00favidas sobre a credibilidade do reality.<\/p>\n<h2 class=\"text-2xl my-5 font-bold break-words\">Confira o post de esclarecimento:<\/h2>\n<p><span class=\"iframe-embed block space-y-6\"\/><br \/>\n<span class=\"iframe-embed block space-y-6\"\/><\/p>\n<p class=\"my-5 break-words group-[.isActiveSource]:text-xl\">\u00a0<\/p>\n<\/div>\n<p><a href=\"https:\/\/www.cnnbrasil.com.br\/entretenimento\/le-cordon-bleu-se-pronuncia-sobre-polemica-no-masterchef-confeitaria\/\">Source link <\/a><\/p>\n","protected":false},"excerpt":{"rendered":"<p>A escola de confeitaria Le Cordon Bleu teve seu nome envolvido em uma pol\u00eamica gerada no s\u00e9timo epis\u00f3dio do &#8220;MasterChef Confeitaria&#8221;, exibido na noite de ter\u00e7a-feira (21). As acusa\u00e7\u00f5es dos internautas \u00e9 que o v\u00ednculo da escola com a participante Marina Queiroz, que supostamente foi diretora da escola, teria sido mantida no programa por favoritismo [&hellip;]<\/p>\n","protected":false},"author":1,"featured_media":72160,"comment_status":"","ping_status":"","sticky":false,"template":"","format":"standard","meta":{"googlesitekit_rrm_CAow2JLhCw:productID":"","_gspb_post_css":"","maa_idioma":"","maa_pais":"","footnotes":""},"categories":[4],"tags":[4067,3853,4066,3852,4069,4068,3203],"class_list":["post-72159","post","type-post","status-publish","format-standard","has-post-thumbnail","hentry","category-brasil","tag-bleu","tag-confeitaria","tag-cordon","tag-masterchef","tag-polemica","tag-pronuncia","tag-sobre"],"blocksy_meta":[],"yoast_head":"<!-- This site is optimized with the Yoast SEO Premium plugin v27.6 (Yoast SEO v27.6) - https:\/\/yoast.com\/product\/yoast-seo-premium-wordpress\/ -->\n<title>Le Cordon Bleu se pronuncia sobre pol\u00eamica no &quot;MasterChef Confeitaria&quot; - Ubirat\u00e3 Online Not\u00edcias - A realidade ao seu alcance!<\/title>\n<meta name=\"description\" content=\"A escola de confeitaria Le Cordon Bleu teve seu nome envolvido em uma pol\u00eamica gerada no s\u00e9timo epis\u00f3dio do &quot;MasterChef Confeitaria&quot;, exibido na noite de\" \/>\n<meta name=\"robots\" content=\"index, follow, max-snippet:-1, max-image-preview:large, max-video-preview:-1\" \/>\n<link rel=\"canonical\" href=\"https:\/\/ubirataonline.com.br\/en\/le-cordon-bleu-se-pronuncia-sobre-polemica-no-masterchef-confeitaria\/\" \/>\n<meta property=\"og:locale\" content=\"en_US\" \/>\n<meta property=\"og:type\" content=\"article\" \/>\n<meta property=\"og:title\" content=\"Le Cordon Bleu se pronuncia sobre pol\u00eamica no &quot;MasterChef Confeitaria&quot;\" \/>\n<meta property=\"og:description\" content=\"A escola de confeitaria Le Cordon Bleu teve seu nome envolvido em uma pol\u00eamica gerada no s\u00e9timo epis\u00f3dio do &quot;MasterChef Confeitaria&quot;, exibido na noite de\" \/>\n<meta property=\"og:url\" content=\"https:\/\/ubirataonline.com.br\/en\/le-cordon-bleu-se-pronuncia-sobre-polemica-no-masterchef-confeitaria\/\" \/>\n<meta property=\"og:site_name\" content=\"Ubirat\u00e3 Online Not\u00edcias - A realidade ao seu alcance!\" \/>\n<meta property=\"article:publisher\" content=\"https:\/\/www.facebook.com\/portalubirataonline\" \/>\n<meta property=\"article:author\" content=\"https:\/\/www.facebook.com\/portalubirataonline\" \/>\n<meta property=\"article:published_time\" content=\"2025-10-23T10:13:28+00:00\" \/>\n<meta property=\"og:image\" content=\"https:\/\/ubirataonline.com.br\/wp-content\/uploads\/2026\/05\/logo2026.webp\" \/>\n\t<meta property=\"og:image:width\" content=\"1531\" \/>\n\t<meta property=\"og:image:height\" content=\"418\" \/>\n\t<meta property=\"og:image:type\" content=\"image\/webp\" \/>\n<meta name=\"author\" content=\"REDA\u00c7\u00c3O: UBIRAT\u00c3 ONLINE - F\u00c1BIO AUGUSTO CELESTINO\" \/>\n<meta name=\"twitter:card\" content=\"summary_large_image\" \/>\n<meta name=\"twitter:creator\" content=\"@x.com\/ubirataonline\" \/>\n<meta name=\"twitter:site\" content=\"@ubirataonline\" \/>\n<meta name=\"twitter:label1\" content=\"Written by\" \/>\n\t<meta name=\"twitter:data1\" content=\"REDA\u00c7\u00c3O: UBIRAT\u00c3 ONLINE - F\u00c1BIO AUGUSTO CELESTINO\" \/>\n\t<meta name=\"twitter:label2\" content=\"Est. reading time\" \/>\n\t<meta name=\"twitter:data2\" content=\"2 minutes\" \/>\n<script type=\"application\/ld+json\" class=\"yoast-schema-graph\">{\"@context\":\"https:\\\/\\\/schema.org\",\"@graph\":[{\"@type\":\"NewsArticle\",\"@id\":\"https:\\\/\\\/ubirataonline.com.br\\\/le-cordon-bleu-se-pronuncia-sobre-polemica-no-masterchef-confeitaria\\\/#article\",\"isPartOf\":{\"@id\":\"https:\\\/\\\/ubirataonline.com.br\\\/le-cordon-bleu-se-pronuncia-sobre-polemica-no-masterchef-confeitaria\\\/\"},\"author\":{\"name\":\"REDA\u00c7\u00c3O: UBIRAT\u00c3 ONLINE - F\u00c1BIO AUGUSTO CELESTINO\",\"@id\":\"https:\\\/\\\/ubirataonline.com.br\\\/#\\\/schema\\\/person\\\/372f87bbd3fdd79b8556b84c98d0bc1c\"},\"headline\":\"Le Cordon Bleu se pronuncia sobre pol\u00eamica no &#8220;MasterChef Confeitaria&#8221;\",\"datePublished\":\"2025-10-23T10:13:28+00:00\",\"mainEntityOfPage\":{\"@id\":\"https:\\\/\\\/ubirataonline.com.br\\\/le-cordon-bleu-se-pronuncia-sobre-polemica-no-masterchef-confeitaria\\\/\"},\"wordCount\":315,\"publisher\":{\"@id\":\"https:\\\/\\\/ubirataonline.com.br\\\/#organization\"},\"image\":{\"@id\":\"https:\\\/\\\/ubirataonline.com.br\\\/le-cordon-bleu-se-pronuncia-sobre-polemica-no-masterchef-confeitaria\\\/#primaryimage\"},\"thumbnailUrl\":\"https:\\\/\\\/ubirataonline.com.br\\\/wp-content\\\/uploads\\\/2025\\\/10\\\/SaveClip.App_565048846_18531497830013995_6230699129623790674_n.jpg\",\"keywords\":[\"Bleu\",\"Confeitaria\",\"Cordon\",\"MasterChef\",\"pol\u00eamica\",\"pronuncia\",\"sobre\"],\"articleSection\":[\"Brasil\"],\"inLanguage\":\"en-US\",\"copyrightYear\":\"2025\",\"copyrightHolder\":{\"@id\":\"https:\\\/\\\/ubirataonline.com.br\\\/en\\\/#organization\"}},{\"@type\":\"WebPage\",\"@id\":\"https:\\\/\\\/ubirataonline.com.br\\\/le-cordon-bleu-se-pronuncia-sobre-polemica-no-masterchef-confeitaria\\\/\",\"url\":\"https:\\\/\\\/ubirataonline.com.br\\\/le-cordon-bleu-se-pronuncia-sobre-polemica-no-masterchef-confeitaria\\\/\",\"name\":\"Le Cordon Bleu se pronuncia sobre pol\u00eamica no \\\"MasterChef Confeitaria\\\" - Ubirat\u00e3 Online Not\u00edcias - A realidade ao seu alcance!\",\"isPartOf\":{\"@id\":\"https:\\\/\\\/ubirataonline.com.br\\\/#website\"},\"primaryImageOfPage\":{\"@id\":\"https:\\\/\\\/ubirataonline.com.br\\\/le-cordon-bleu-se-pronuncia-sobre-polemica-no-masterchef-confeitaria\\\/#primaryimage\"},\"image\":{\"@id\":\"https:\\\/\\\/ubirataonline.com.br\\\/le-cordon-bleu-se-pronuncia-sobre-polemica-no-masterchef-confeitaria\\\/#primaryimage\"},\"thumbnailUrl\":\"https:\\\/\\\/ubirataonline.com.br\\\/wp-content\\\/uploads\\\/2025\\\/10\\\/SaveClip.App_565048846_18531497830013995_6230699129623790674_n.jpg\",\"datePublished\":\"2025-10-23T10:13:28+00:00\",\"description\":\"A escola de confeitaria Le Cordon Bleu teve seu nome envolvido em uma pol\u00eamica gerada no s\u00e9timo epis\u00f3dio do \\\"MasterChef Confeitaria\\\", exibido na noite de\",\"breadcrumb\":{\"@id\":\"https:\\\/\\\/ubirataonline.com.br\\\/le-cordon-bleu-se-pronuncia-sobre-polemica-no-masterchef-confeitaria\\\/#breadcrumb\"},\"inLanguage\":\"en-US\",\"potentialAction\":[{\"@type\":\"ReadAction\",\"target\":[\"https:\\\/\\\/ubirataonline.com.br\\\/le-cordon-bleu-se-pronuncia-sobre-polemica-no-masterchef-confeitaria\\\/\"]}]},{\"@type\":\"ImageObject\",\"inLanguage\":\"en-US\",\"@id\":\"https:\\\/\\\/ubirataonline.com.br\\\/le-cordon-bleu-se-pronuncia-sobre-polemica-no-masterchef-confeitaria\\\/#primaryimage\",\"url\":\"https:\\\/\\\/ubirataonline.com.br\\\/wp-content\\\/uploads\\\/2025\\\/10\\\/SaveClip.App_565048846_18531497830013995_6230699129623790674_n.jpg\",\"contentUrl\":\"https:\\\/\\\/ubirataonline.com.br\\\/wp-content\\\/uploads\\\/2025\\\/10\\\/SaveClip.App_565048846_18531497830013995_6230699129623790674_n.jpg\",\"width\":1024,\"height\":576},{\"@type\":\"BreadcrumbList\",\"@id\":\"https:\\\/\\\/ubirataonline.com.br\\\/le-cordon-bleu-se-pronuncia-sobre-polemica-no-masterchef-confeitaria\\\/#breadcrumb\",\"itemListElement\":[{\"@type\":\"ListItem\",\"position\":1,\"name\":\"In\u00edcio\",\"item\":\"https:\\\/\\\/ubirataonline.com.br\\\/\"},{\"@type\":\"ListItem\",\"position\":2,\"name\":\"Le Cordon Bleu se pronuncia sobre pol\u00eamica no &#8220;MasterChef Confeitaria&#8221;\"}]},{\"@type\":\"WebSite\",\"@id\":\"https:\\\/\\\/ubirataonline.com.br\\\/#website\",\"url\":\"https:\\\/\\\/ubirataonline.com.br\\\/\",\"name\":\"Ubirat\u00e3 Online Not\u00edcias\",\"description\":\"Not\u00edcias de Ubirat\u00e3, regi\u00e3o, Brasil e mundo, com informa\u00e7\u00e3o atualizada e compromisso com o leitor.\",\"publisher\":{\"@id\":\"https:\\\/\\\/ubirataonline.com.br\\\/#organization\"},\"alternateName\":\"Ubirat\u00e3 Online\",\"potentialAction\":[{\"@type\":\"SearchAction\",\"target\":{\"@type\":\"EntryPoint\",\"urlTemplate\":\"https:\\\/\\\/ubirataonline.com.br\\\/?s={search_term_string}\"},\"query-input\":{\"@type\":\"PropertyValueSpecification\",\"valueRequired\":true,\"valueName\":\"search_term_string\"}}],\"inLanguage\":\"en-US\"},{\"@type\":[\"Organization\",\"Place\"],\"@id\":\"https:\\\/\\\/ubirataonline.com.br\\\/#organization\",\"name\":\"Ubirat\u00e3 Online Not\u00edcias\",\"alternateName\":\"Ubirat\u00e3 Online\",\"url\":\"https:\\\/\\\/ubirataonline.com.br\\\/\",\"logo\":{\"@id\":\"https:\\\/\\\/ubirataonline.com.br\\\/le-cordon-bleu-se-pronuncia-sobre-polemica-no-masterchef-confeitaria\\\/#local-main-organization-logo\"},\"image\":{\"@id\":\"https:\\\/\\\/ubirataonline.com.br\\\/le-cordon-bleu-se-pronuncia-sobre-polemica-no-masterchef-confeitaria\\\/#local-main-organization-logo\"},\"sameAs\":[\"https:\\\/\\\/www.facebook.com\\\/portalubirataonline\",\"https:\\\/\\\/x.com\\\/ubirataonline\",\"https:\\\/\\\/mastodon.social\\\/@ubirataonline\",\"https:\\\/\\\/www.facebook.com\\\/groups\\\/311144672285604\",\"https:\\\/\\\/www.facebook.com\\\/UBTAOnline\",\"https:\\\/\\\/www.instagram.com\\\/portalubirataonline\\\/\",\"https:\\\/\\\/twitter.com\\\/ubirataonline\"],\"description\":\"Somos um portal de not\u00edcias independente, criado em 5 de janeiro de 2009, com o objetivo de informar, conectar e valorizar a nossa comunidade de Ubirat\u00e3 e toda aregi\u00e3o. Com conte\u00fado atualizado, confi\u00e1vel e relevante, o Ubirat\u00e3 Online \u00e9 o seu espa\u00e7o para ficar por dentro dos principais acontecimentos locais, regionais, Brasil, Mundo e de interesse geral. Nosso compromisso \u00e9 com a verdade, a transpar\u00eancia e o respeito ao leitor.\",\"legalName\":\"UBIRATA ONLINE NOT\u00cdCIAS\",\"foundingDate\":\"2009-01-05\",\"numberOfEmployees\":{\"@type\":\"QuantitativeValue\",\"minValue\":\"1\",\"maxValue\":\"10\"},\"publishingPrinciples\":\"https:\\\/\\\/ubirataonline.com.br\\\/faq\\\/\",\"address\":{\"@id\":\"https:\\\/\\\/ubirataonline.com.br\\\/le-cordon-bleu-se-pronuncia-sobre-polemica-no-masterchef-confeitaria\\\/#local-main-place-address\"},\"geo\":{\"@type\":\"GeoCoordinates\",\"latitude\":\"-24.5361401\",\"longitude\":\"-52.9921776\"},\"telephone\":[\"+5544998308235\"],\"contactPoint\":{\"@type\":\"ContactPoint\",\"email\":\"contato@ubirataonline.com.br\"},\"openingHoursSpecification\":{\"@type\":\"OpeningHoursSpecification\",\"dayOfWeek\":[\"Monday\",\"Tuesday\",\"Wednesday\",\"Thursday\",\"Friday\",\"Saturday\",\"Sunday\"],\"opens\":\"00:00\",\"closes\":\"23:59\"},\"email\":\"contato@ubirataonline.com.br\",\"vatID\":\"47.621.418\\\/0001-80\"},{\"@type\":\"Person\",\"@id\":\"https:\\\/\\\/ubirataonline.com.br\\\/#\\\/schema\\\/person\\\/372f87bbd3fdd79b8556b84c98d0bc1c\",\"name\":\"REDA\u00c7\u00c3O: UBIRAT\u00c3 ONLINE - F\u00c1BIO AUGUSTO CELESTINO\",\"pronouns\":\"Ele\",\"description\":\"Desde 2003 trabalhando com not\u00edcias.\",\"sameAs\":[\"http:\\\/\\\/ubirataoline.com.br\",\"https:\\\/\\\/www.facebook.com\\\/portalubirataonline\",\"https:\\\/\\\/www.instagram.com\\\/ubirataonline_oficial\",\"https:\\\/\\\/x.com\\\/x.com\\\/ubirataonline\"],\"honorificPrefix\":\"Mr.\",\"honorificSuffix\":\"MD\",\"birthDate\":\"1980-06-16\",\"gender\":\"masculino\",\"award\":[\"V\u00e1rios pr\u00eamios de melhor portal da cidade\"],\"jobTitle\":\"Diretor\",\"url\":\"https:\\\/\\\/ubirataonline.com.br\\\/en\\\/author\\\/ubirataonline\\\/\"},{\"@type\":\"PostalAddress\",\"@id\":\"https:\\\/\\\/ubirataonline.com.br\\\/le-cordon-bleu-se-pronuncia-sobre-polemica-no-masterchef-confeitaria\\\/#local-main-place-address\",\"streetAddress\":\"Rua dos Coqueiros, 104 - Bairro Boa Vista, Rua dos Coqueiros, 104 Bairro Boa Vista\",\"addressLocality\":\"UBIRATA\",\"postalCode\":\"85440-000\",\"addressRegion\":\"PR\",\"addressCountry\":\"BR\"},{\"@type\":\"ImageObject\",\"inLanguage\":\"en-US\",\"@id\":\"https:\\\/\\\/ubirataonline.com.br\\\/le-cordon-bleu-se-pronuncia-sobre-polemica-no-masterchef-confeitaria\\\/#local-main-organization-logo\",\"url\":\"https:\\\/\\\/ubirataonline.com.br\\\/wp-content\\\/uploads\\\/2026\\\/06\\\/logoubirataonline-1.webp\",\"contentUrl\":\"https:\\\/\\\/ubirataonline.com.br\\\/wp-content\\\/uploads\\\/2026\\\/06\\\/logoubirataonline-1.webp\",\"width\":500,\"height\":500,\"caption\":\"Ubirat\u00e3 Online Not\u00edcias\"}]}<\/script>\n<meta name=\"geo.placename\" content=\"UBIRATA\" \/>\n<meta name=\"geo.position\" content=\"-24.5361401;-52.9921776\" \/>\n<meta name=\"geo.region\" content=\"Brazil\" \/>\n<!-- \/ Yoast SEO Premium plugin. -->","yoast_head_json":{"title":"Le Cordon Bleu se pronuncia sobre pol\u00eamica no \"MasterChef Confeitaria\" - Ubirat\u00e3 Online Not\u00edcias - A realidade ao seu alcance!","description":"A escola de confeitaria Le Cordon Bleu teve seu nome envolvido em uma pol\u00eamica gerada no s\u00e9timo epis\u00f3dio do \"MasterChef Confeitaria\", exibido na noite de","robots":{"index":"index","follow":"follow","max-snippet":"max-snippet:-1","max-image-preview":"max-image-preview:large","max-video-preview":"max-video-preview:-1"},"canonical":"https:\/\/ubirataonline.com.br\/en\/le-cordon-bleu-se-pronuncia-sobre-polemica-no-masterchef-confeitaria\/","og_locale":"en_US","og_type":"article","og_title":"Le Cordon Bleu se pronuncia sobre pol\u00eamica no \"MasterChef Confeitaria\"","og_description":"A escola de confeitaria Le Cordon Bleu teve seu nome envolvido em uma pol\u00eamica gerada no s\u00e9timo epis\u00f3dio do \"MasterChef Confeitaria\", exibido na noite de","og_url":"https:\/\/ubirataonline.com.br\/en\/le-cordon-bleu-se-pronuncia-sobre-polemica-no-masterchef-confeitaria\/","og_site_name":"Ubirat\u00e3 Online Not\u00edcias - A realidade ao seu alcance!","article_publisher":"https:\/\/www.facebook.com\/portalubirataonline","article_author":"https:\/\/www.facebook.com\/portalubirataonline","article_published_time":"2025-10-23T10:13:28+00:00","og_image":[{"width":1531,"height":418,"url":"https:\/\/ubirataonline.com.br\/wp-content\/uploads\/2026\/05\/logo2026.webp","type":"image\/webp"}],"author":"REDA\u00c7\u00c3O: UBIRAT\u00c3 ONLINE - F\u00c1BIO AUGUSTO CELESTINO","twitter_card":"summary_large_image","twitter_creator":"@x.com\/ubirataonline","twitter_site":"@ubirataonline","twitter_misc":{"Written by":"REDA\u00c7\u00c3O: UBIRAT\u00c3 ONLINE - F\u00c1BIO AUGUSTO CELESTINO","Est. reading time":"2 minutes"},"schema":{"@context":"https:\/\/schema.org","@graph":[{"@type":"NewsArticle","@id":"https:\/\/ubirataonline.com.br\/le-cordon-bleu-se-pronuncia-sobre-polemica-no-masterchef-confeitaria\/#article","isPartOf":{"@id":"https:\/\/ubirataonline.com.br\/le-cordon-bleu-se-pronuncia-sobre-polemica-no-masterchef-confeitaria\/"},"author":{"name":"REDA\u00c7\u00c3O: UBIRAT\u00c3 ONLINE - F\u00c1BIO AUGUSTO CELESTINO","@id":"https:\/\/ubirataonline.com.br\/#\/schema\/person\/372f87bbd3fdd79b8556b84c98d0bc1c"},"headline":"Le Cordon Bleu se pronuncia sobre pol\u00eamica no &#8220;MasterChef Confeitaria&#8221;","datePublished":"2025-10-23T10:13:28+00:00","mainEntityOfPage":{"@id":"https:\/\/ubirataonline.com.br\/le-cordon-bleu-se-pronuncia-sobre-polemica-no-masterchef-confeitaria\/"},"wordCount":315,"publisher":{"@id":"https:\/\/ubirataonline.com.br\/#organization"},"image":{"@id":"https:\/\/ubirataonline.com.br\/le-cordon-bleu-se-pronuncia-sobre-polemica-no-masterchef-confeitaria\/#primaryimage"},"thumbnailUrl":"https:\/\/ubirataonline.com.br\/wp-content\/uploads\/2025\/10\/SaveClip.App_565048846_18531497830013995_6230699129623790674_n.jpg","keywords":["Bleu","Confeitaria","Cordon","MasterChef","pol\u00eamica","pronuncia","sobre"],"articleSection":["Brasil"],"inLanguage":"en-US","copyrightYear":"2025","copyrightHolder":{"@id":"https:\/\/ubirataonline.com.br\/en\/#organization"}},{"@type":"WebPage","@id":"https:\/\/ubirataonline.com.br\/le-cordon-bleu-se-pronuncia-sobre-polemica-no-masterchef-confeitaria\/","url":"https:\/\/ubirataonline.com.br\/le-cordon-bleu-se-pronuncia-sobre-polemica-no-masterchef-confeitaria\/","name":"Le Cordon Bleu se pronuncia sobre pol\u00eamica no \"MasterChef Confeitaria\" - Ubirat\u00e3 Online Not\u00edcias - A realidade ao seu alcance!","isPartOf":{"@id":"https:\/\/ubirataonline.com.br\/#website"},"primaryImageOfPage":{"@id":"https:\/\/ubirataonline.com.br\/le-cordon-bleu-se-pronuncia-sobre-polemica-no-masterchef-confeitaria\/#primaryimage"},"image":{"@id":"https:\/\/ubirataonline.com.br\/le-cordon-bleu-se-pronuncia-sobre-polemica-no-masterchef-confeitaria\/#primaryimage"},"thumbnailUrl":"https:\/\/ubirataonline.com.br\/wp-content\/uploads\/2025\/10\/SaveClip.App_565048846_18531497830013995_6230699129623790674_n.jpg","datePublished":"2025-10-23T10:13:28+00:00","description":"A escola de confeitaria Le Cordon Bleu teve seu nome envolvido em uma pol\u00eamica gerada no s\u00e9timo epis\u00f3dio do \"MasterChef Confeitaria\", exibido na noite de","breadcrumb":{"@id":"https:\/\/ubirataonline.com.br\/le-cordon-bleu-se-pronuncia-sobre-polemica-no-masterchef-confeitaria\/#breadcrumb"},"inLanguage":"en-US","potentialAction":[{"@type":"ReadAction","target":["https:\/\/ubirataonline.com.br\/le-cordon-bleu-se-pronuncia-sobre-polemica-no-masterchef-confeitaria\/"]}]},{"@type":"ImageObject","inLanguage":"en-US","@id":"https:\/\/ubirataonline.com.br\/le-cordon-bleu-se-pronuncia-sobre-polemica-no-masterchef-confeitaria\/#primaryimage","url":"https:\/\/ubirataonline.com.br\/wp-content\/uploads\/2025\/10\/SaveClip.App_565048846_18531497830013995_6230699129623790674_n.jpg","contentUrl":"https:\/\/ubirataonline.com.br\/wp-content\/uploads\/2025\/10\/SaveClip.App_565048846_18531497830013995_6230699129623790674_n.jpg","width":1024,"height":576},{"@type":"BreadcrumbList","@id":"https:\/\/ubirataonline.com.br\/le-cordon-bleu-se-pronuncia-sobre-polemica-no-masterchef-confeitaria\/#breadcrumb","itemListElement":[{"@type":"ListItem","position":1,"name":"In\u00edcio","item":"https:\/\/ubirataonline.com.br\/"},{"@type":"ListItem","position":2,"name":"Le Cordon Bleu se pronuncia sobre pol\u00eamica no &#8220;MasterChef Confeitaria&#8221;"}]},{"@type":"WebSite","@id":"https:\/\/ubirataonline.com.br\/#website","url":"https:\/\/ubirataonline.com.br\/","name":"Ubirat\u00e3 Online Not\u00edcias","description":"Not\u00edcias de Ubirat\u00e3, regi\u00e3o, Brasil e mundo, com informa\u00e7\u00e3o atualizada e compromisso com o leitor.","publisher":{"@id":"https:\/\/ubirataonline.com.br\/#organization"},"alternateName":"Ubirat\u00e3 Online","potentialAction":[{"@type":"SearchAction","target":{"@type":"EntryPoint","urlTemplate":"https:\/\/ubirataonline.com.br\/?s={search_term_string}"},"query-input":{"@type":"PropertyValueSpecification","valueRequired":true,"valueName":"search_term_string"}}],"inLanguage":"en-US"},{"@type":["Organization","Place"],"@id":"https:\/\/ubirataonline.com.br\/#organization","name":"Ubirat\u00e3 Online Not\u00edcias","alternateName":"Ubirat\u00e3 Online","url":"https:\/\/ubirataonline.com.br\/","logo":{"@id":"https:\/\/ubirataonline.com.br\/le-cordon-bleu-se-pronuncia-sobre-polemica-no-masterchef-confeitaria\/#local-main-organization-logo"},"image":{"@id":"https:\/\/ubirataonline.com.br\/le-cordon-bleu-se-pronuncia-sobre-polemica-no-masterchef-confeitaria\/#local-main-organization-logo"},"sameAs":["https:\/\/www.facebook.com\/portalubirataonline","https:\/\/x.com\/ubirataonline","https:\/\/mastodon.social\/@ubirataonline","https:\/\/www.facebook.com\/groups\/311144672285604","https:\/\/www.facebook.com\/UBTAOnline","https:\/\/www.instagram.com\/portalubirataonline\/","https:\/\/twitter.com\/ubirataonline"],"description":"Somos um portal de not\u00edcias independente, criado em 5 de janeiro de 2009, com o objetivo de informar, conectar e valorizar a nossa comunidade de Ubirat\u00e3 e toda aregi\u00e3o. Com conte\u00fado atualizado, confi\u00e1vel e relevante, o Ubirat\u00e3 Online \u00e9 o seu espa\u00e7o para ficar por dentro dos principais acontecimentos locais, regionais, Brasil, Mundo e de interesse geral. Nosso compromisso \u00e9 com a verdade, a transpar\u00eancia e o respeito ao leitor.","legalName":"UBIRATA ONLINE NOT\u00cdCIAS","foundingDate":"2009-01-05","numberOfEmployees":{"@type":"QuantitativeValue","minValue":"1","maxValue":"10"},"publishingPrinciples":"https:\/\/ubirataonline.com.br\/faq\/","address":{"@id":"https:\/\/ubirataonline.com.br\/le-cordon-bleu-se-pronuncia-sobre-polemica-no-masterchef-confeitaria\/#local-main-place-address"},"geo":{"@type":"GeoCoordinates","latitude":"-24.5361401","longitude":"-52.9921776"},"telephone":["+5544998308235"],"contactPoint":{"@type":"ContactPoint","email":"contato@ubirataonline.com.br"},"openingHoursSpecification":{"@type":"OpeningHoursSpecification","dayOfWeek":["Monday","Tuesday","Wednesday","Thursday","Friday","Saturday","Sunday"],"opens":"00:00","closes":"23:59"},"email":"contato@ubirataonline.com.br","vatID":"47.621.418\/0001-80"},{"@type":"Person","@id":"https:\/\/ubirataonline.com.br\/#\/schema\/person\/372f87bbd3fdd79b8556b84c98d0bc1c","name":"REDA\u00c7\u00c3O: UBIRAT\u00c3 ONLINE - F\u00c1BIO AUGUSTO CELESTINO","pronouns":"Ele","description":"Desde 2003 trabalhando com not\u00edcias.","sameAs":["http:\/\/ubirataoline.com.br","https:\/\/www.facebook.com\/portalubirataonline","https:\/\/www.instagram.com\/ubirataonline_oficial","https:\/\/x.com\/x.com\/ubirataonline"],"honorificPrefix":"Mr.","honorificSuffix":"MD","birthDate":"1980-06-16","gender":"masculino","award":["V\u00e1rios pr\u00eamios de melhor portal da cidade"],"jobTitle":"Diretor","url":"https:\/\/ubirataonline.com.br\/en\/author\/ubirataonline\/"},{"@type":"PostalAddress","@id":"https:\/\/ubirataonline.com.br\/le-cordon-bleu-se-pronuncia-sobre-polemica-no-masterchef-confeitaria\/#local-main-place-address","streetAddress":"Rua dos Coqueiros, 104 - Bairro Boa Vista, Rua dos Coqueiros, 104 Bairro Boa Vista","addressLocality":"UBIRATA","postalCode":"85440-000","addressRegion":"PR","addressCountry":"BR"},{"@type":"ImageObject","inLanguage":"en-US","@id":"https:\/\/ubirataonline.com.br\/le-cordon-bleu-se-pronuncia-sobre-polemica-no-masterchef-confeitaria\/#local-main-organization-logo","url":"https:\/\/ubirataonline.com.br\/wp-content\/uploads\/2026\/06\/logoubirataonline-1.webp","contentUrl":"https:\/\/ubirataonline.com.br\/wp-content\/uploads\/2026\/06\/logoubirataonline-1.webp","width":500,"height":500,"caption":"Ubirat\u00e3 Online Not\u00edcias"}]},"geo.placename":"UBIRATA","geo.position":{"lat":"-24.5361401","long":"-52.9921776"},"geo.region":"Brazil"},"_links":{"self":[{"href":"https:\/\/ubirataonline.com.br\/en\/wp-json\/wp\/v2\/posts\/72159","targetHints":{"allow":["GET"]}}],"collection":[{"href":"https:\/\/ubirataonline.com.br\/en\/wp-json\/wp\/v2\/posts"}],"about":[{"href":"https:\/\/ubirataonline.com.br\/en\/wp-json\/wp\/v2\/types\/post"}],"author":[{"embeddable":true,"href":"https:\/\/ubirataonline.com.br\/en\/wp-json\/wp\/v2\/users\/1"}],"replies":[{"embeddable":true,"href":"https:\/\/ubirataonline.com.br\/en\/wp-json\/wp\/v2\/comments?post=72159"}],"version-history":[{"count":0,"href":"https:\/\/ubirataonline.com.br\/en\/wp-json\/wp\/v2\/posts\/72159\/revisions"}],"wp:featuredmedia":[{"embeddable":true,"href":"https:\/\/ubirataonline.com.br\/en\/wp-json\/wp\/v2\/media\/72160"}],"wp:attachment":[{"href":"https:\/\/ubirataonline.com.br\/en\/wp-json\/wp\/v2\/media?parent=72159"}],"wp:term":[{"taxonomy":"category","embeddable":true,"href":"https:\/\/ubirataonline.com.br\/en\/wp-json\/wp\/v2\/categories?post=72159"},{"taxonomy":"post_tag","embeddable":true,"href":"https:\/\/ubirataonline.com.br\/en\/wp-json\/wp\/v2\/tags?post=72159"}],"curies":[{"name":"wp","href":"https:\/\/api.w.org\/{rel}","templated":true}]}}