{"id":72161,"date":"2025-10-23T07:29:23","date_gmt":"2025-10-23T10:29:23","guid":{"rendered":"https:\/\/ubirataonline.com.br\/who-is-sanae-takaichi-japans-first-female-prime-minister-npr\/"},"modified":"2025-10-23T07:29:23","modified_gmt":"2025-10-23T10:29:23","slug":"who-is-sanae-takaichi-japans-first-female-prime-minister-npr","status":"publish","type":"post","link":"https:\/\/ubirataonline.com.br\/en\/who-is-sanae-takaichi-japans-first-female-prime-minister-npr\/","title":{"rendered":"Who is Sanae Takaichi, Japan&#8217;s first female prime minister? : NPR"},"content":{"rendered":"<p><\/p>\n<div id=\"storytext\">\n<div id=\"resg-s1-94362\" class=\"bucketwrap image large\">\n<div class=\"imagewrap has-source-dimensions\" data-crop-type=\"\" style=\"&#10;        --source-width: 5500;&#10;        --source-height: 3656;&#10;    \">\n        <picture><source srcset=\"https:\/\/npr.brightspotcdn.com\/dims3\/default\/strip\/false\/crop\/5500x3656+0+0\/resize\/400\/quality\/85\/format\/webp\/?url=http%3A%2F%2Fnpr-brightspot.s3.amazonaws.com%2Fc7%2F76%2F1bff6a3347f1868a0bb53389277f%2Fgettyimages-2238694829.jpg 400w,&#10;https:\/\/npr.brightspotcdn.com\/dims3\/default\/strip\/false\/crop\/5500x3656+0+0\/resize\/600\/quality\/85\/format\/webp\/?url=http%3A%2F%2Fnpr-brightspot.s3.amazonaws.com%2Fc7%2F76%2F1bff6a3347f1868a0bb53389277f%2Fgettyimages-2238694829.jpg 600w,&#10;https:\/\/npr.brightspotcdn.com\/dims3\/default\/strip\/false\/crop\/5500x3656+0+0\/resize\/800\/quality\/85\/format\/webp\/?url=http%3A%2F%2Fnpr-brightspot.s3.amazonaws.com%2Fc7%2F76%2F1bff6a3347f1868a0bb53389277f%2Fgettyimages-2238694829.jpg 800w,&#10;https:\/\/npr.brightspotcdn.com\/dims3\/default\/strip\/false\/crop\/5500x3656+0+0\/resize\/900\/quality\/85\/format\/webp\/?url=http%3A%2F%2Fnpr-brightspot.s3.amazonaws.com%2Fc7%2F76%2F1bff6a3347f1868a0bb53389277f%2Fgettyimages-2238694829.jpg 900w,&#10;https:\/\/npr.brightspotcdn.com\/dims3\/default\/strip\/false\/crop\/5500x3656+0+0\/resize\/1200\/quality\/85\/format\/webp\/?url=http%3A%2F%2Fnpr-brightspot.s3.amazonaws.com%2Fc7%2F76%2F1bff6a3347f1868a0bb53389277f%2Fgettyimages-2238694829.jpg 1200w,&#10;https:\/\/npr.brightspotcdn.com\/dims3\/default\/strip\/false\/crop\/5500x3656+0+0\/resize\/1600\/quality\/85\/format\/webp\/?url=http%3A%2F%2Fnpr-brightspot.s3.amazonaws.com%2Fc7%2F76%2F1bff6a3347f1868a0bb53389277f%2Fgettyimages-2238694829.jpg 1600w,&#10;https:\/\/npr.brightspotcdn.com\/dims3\/default\/strip\/false\/crop\/5500x3656+0+0\/resize\/1800\/quality\/85\/format\/webp\/?url=http%3A%2F%2Fnpr-brightspot.s3.amazonaws.com%2Fc7%2F76%2F1bff6a3347f1868a0bb53389277f%2Fgettyimages-2238694829.jpg 1800w\" data-template=\"https:\/\/npr.brightspotcdn.com\/dims3\/default\/strip\/false\/crop\/5500x3656+0+0\/resize\/{width}\/quality\/{quality}\/format\/{format}\/?url=http%3A%2F%2Fnpr-brightspot.s3.amazonaws.com%2Fc7%2F76%2F1bff6a3347f1868a0bb53389277f%2Fgettyimages-2238694829.jpg\" sizes=\"(min-width: 1025px) 650px, calc(100vw - 30px)\" class=\"img\" type=\"image\/webp\"\/><source srcset=\"https:\/\/npr.brightspotcdn.com\/dims3\/default\/strip\/false\/crop\/5500x3656+0+0\/resize\/400\/quality\/85\/format\/jpeg\/?url=http%3A%2F%2Fnpr-brightspot.s3.amazonaws.com%2Fc7%2F76%2F1bff6a3347f1868a0bb53389277f%2Fgettyimages-2238694829.jpg 400w,&#10;https:\/\/npr.brightspotcdn.com\/dims3\/default\/strip\/false\/crop\/5500x3656+0+0\/resize\/600\/quality\/85\/format\/jpeg\/?url=http%3A%2F%2Fnpr-brightspot.s3.amazonaws.com%2Fc7%2F76%2F1bff6a3347f1868a0bb53389277f%2Fgettyimages-2238694829.jpg 600w,&#10;https:\/\/npr.brightspotcdn.com\/dims3\/default\/strip\/false\/crop\/5500x3656+0+0\/resize\/800\/quality\/85\/format\/jpeg\/?url=http%3A%2F%2Fnpr-brightspot.s3.amazonaws.com%2Fc7%2F76%2F1bff6a3347f1868a0bb53389277f%2Fgettyimages-2238694829.jpg 800w,&#10;https:\/\/npr.brightspotcdn.com\/dims3\/default\/strip\/false\/crop\/5500x3656+0+0\/resize\/900\/quality\/85\/format\/jpeg\/?url=http%3A%2F%2Fnpr-brightspot.s3.amazonaws.com%2Fc7%2F76%2F1bff6a3347f1868a0bb53389277f%2Fgettyimages-2238694829.jpg 900w,&#10;https:\/\/npr.brightspotcdn.com\/dims3\/default\/strip\/false\/crop\/5500x3656+0+0\/resize\/1200\/quality\/85\/format\/jpeg\/?url=http%3A%2F%2Fnpr-brightspot.s3.amazonaws.com%2Fc7%2F76%2F1bff6a3347f1868a0bb53389277f%2Fgettyimages-2238694829.jpg 1200w,&#10;https:\/\/npr.brightspotcdn.com\/dims3\/default\/strip\/false\/crop\/5500x3656+0+0\/resize\/1600\/quality\/85\/format\/jpeg\/?url=http%3A%2F%2Fnpr-brightspot.s3.amazonaws.com%2Fc7%2F76%2F1bff6a3347f1868a0bb53389277f%2Fgettyimages-2238694829.jpg 1600w,&#10;https:\/\/npr.brightspotcdn.com\/dims3\/default\/strip\/false\/crop\/5500x3656+0+0\/resize\/1800\/quality\/85\/format\/jpeg\/?url=http%3A%2F%2Fnpr-brightspot.s3.amazonaws.com%2Fc7%2F76%2F1bff6a3347f1868a0bb53389277f%2Fgettyimages-2238694829.jpg 1800w\" data-template=\"https:\/\/npr.brightspotcdn.com\/dims3\/default\/strip\/false\/crop\/5500x3656+0+0\/resize\/{width}\/quality\/{quality}\/format\/{format}\/?url=http%3A%2F%2Fnpr-brightspot.s3.amazonaws.com%2Fc7%2F76%2F1bff6a3347f1868a0bb53389277f%2Fgettyimages-2238694829.jpg\" sizes=\"(min-width: 1025px) 650px, calc(100vw - 30px)\" class=\"img\" type=\"image\/jpeg\"\/><img decoding=\"async\" src=\"https:\/\/npr.brightspotcdn.com\/dims3\/default\/strip\/false\/crop\/5500x3656+0+0\/resize\/1100\/quality\/50\/format\/jpeg\/?url=http%3A%2F%2Fnpr-brightspot.s3.amazonaws.com%2Fc7%2F76%2F1bff6a3347f1868a0bb53389277f%2Fgettyimages-2238694829.jpg\" data-template=\"https:\/\/npr.brightspotcdn.com\/dims3\/default\/strip\/false\/crop\/5500x3656+0+0\/resize\/{width}\/quality\/{quality}\/format\/{format}\/?url=http%3A%2F%2Fnpr-brightspot.s3.amazonaws.com%2Fc7%2F76%2F1bff6a3347f1868a0bb53389277f%2Fgettyimages-2238694829.jpg\" class=\"img\" alt=\"Japan's new prime minister, Sanae Takaichi, pictured after winning her party's leadership election in early October.\" fetchpriority=\"high\"\/>\n        <\/picture>\n<\/div>\n<div class=\"credit-caption\">\n<div class=\"caption-wrap\">\n<div class=\"caption\" aria-label=\"Image caption\">\n<p>\n                Japan&#8217;s new prime minister, Sanae Takaichi has worked in politics since 1993 and spent many years in the late Shinzo Abe&#8217;s administration.<br \/>\n                <b class=\"credit\" aria-label=\"Image credit\"><\/p>\n<p>                    Kim Kyung-Hoon\/Pool\/Getty Images<\/p>\n<p>                <\/b><br \/>\n                <b class=\"hide-caption\"><b>hide caption<\/b><\/b>\n            <\/p>\n<\/p><\/div>\n<p>            <b class=\"toggle-caption\"><b>toggle caption<\/b><\/b>\n    <\/div>\n<p>    <span class=\"credit\" aria-label=\"Image credit\"><\/p>\n<p>        Kim Kyung-Hoon\/Pool\/Getty Images<\/p>\n<p>    <\/span>\n<\/div>\n<\/p><\/div>\n<p>Japan&#8217;s <a href=\"https:\/\/www.npr.org\/2025\/10\/21\/nx-s1-5581178\/japan-sanae-takaichi-female-prime-minister\" target=\"_blank\">first-ever female prime minister<\/a>, Sanae Takaichi, is a conservative with a traditional view of gender roles and a penchant for heavy metal music.<\/p>\n<p>Japan&#8217;s parliament elected Takaichi on Tuesday, several weeks after she was <a href=\"https:\/\/www.npr.org\/2025\/10\/04\/g-s1-92073\/japans-sanae-takaichi-likely-to-become-first-female-pm\" target=\"_blank\">chosen to lead<\/a> the conservative Liberal Democratic Party (LDP), which has spent much of the last seven decades in power. The LDP is seen as shifting further to the right: It was only able to elect Takaichi by forming an alliance with a right-wing populist party, after losing its longtime coalition partner earlier this month.<\/p>\n<p>Takaichi, 64, is &#8220;one of the most conservative people in Japan&#8217;s conservative LDP,&#8221; explains Jeffrey Hall, a lecturer at Kanda University of International Studies in Japan.<\/p>\n<aside id=\"ad-backstage-wrap\" class=\"ad-wrap backstage\" aria-label=\"advertisement\">\n<\/aside>\n<div id=\"resnx-s1-5581255-100\" class=\"bucketwrap internallink insettwocolumn inset2col \">\n<div class=\"bucket img\">\n                  <a class=\"imagewrap\" id=\"featuredStackSquareImagenx-s1-5581178\" href=\"https:\/\/www.npr.org\/2025\/10\/21\/nx-s1-5581178\/japan-sanae-takaichi-female-prime-minister\" data-metrics-ga4=\"{&quot;category&quot;:&quot;recirculation&quot;,&quot;action&quot;:&quot;story_recirculation_click&quot;,&quot;clickType&quot;:&quot;inset box&quot;,&quot;clickUrl&quot;:&quot;https:\\\/\\\/www.npr.org\\\/2025\\\/10\\\/21\\\/nx-s1-5581178\\\/japan-sanae-takaichi-female-prime-minister&quot;}\"><picture><source srcset=\"https:\/\/npr.brightspotcdn.com\/dims3\/default\/strip\/false\/crop\/3333x3333+682+0\/resize\/100\/quality\/85\/format\/jpeg\/?url=http%3A%2F%2Fnpr-brightspot.s3.amazonaws.com%2Fce%2F04%2F838121b34e18ad4c4c70587722a5%2Fap25294194743576.jpg\" data-original=\"https:\/\/npr.brightspotcdn.com\/dims3\/default\/strip\/false\/crop\/3333x3333+682+0\/resize\/100\/quality\/100\/format\/jpeg\/?url=http%3A%2F%2Fnpr-brightspot.s3.amazonaws.com%2Fce%2F04%2F838121b34e18ad4c4c70587722a5%2Fap25294194743576.jpg\" data-template=\"https:\/\/npr.brightspotcdn.com\/dims3\/default\/strip\/false\/crop\/3333x3333+682+0\/resize\/{width}\/quality\/{quality}\/format\/{format}\/?url=http%3A%2F%2Fnpr-brightspot.s3.amazonaws.com%2Fce%2F04%2F838121b34e18ad4c4c70587722a5%2Fap25294194743576.jpg\" data-format=\"webp\" class=\"img lazyOnLoad\" type=\"image\/webp\"\/><source srcset=\"https:\/\/npr.brightspotcdn.com\/dims3\/default\/strip\/false\/crop\/3333x3333+682+0\/resize\/100\/quality\/85\/format\/jpeg\/?url=http%3A%2F%2Fnpr-brightspot.s3.amazonaws.com%2Fce%2F04%2F838121b34e18ad4c4c70587722a5%2Fap25294194743576.jpg\" data-original=\"https:\/\/npr.brightspotcdn.com\/dims3\/default\/strip\/false\/crop\/3333x3333+682+0\/resize\/100\/quality\/100\/format\/jpeg\/?url=http%3A%2F%2Fnpr-brightspot.s3.amazonaws.com%2Fce%2F04%2F838121b34e18ad4c4c70587722a5%2Fap25294194743576.jpg\" data-template=\"https:\/\/npr.brightspotcdn.com\/dims3\/default\/strip\/false\/crop\/3333x3333+682+0\/resize\/{width}\/quality\/{quality}\/format\/{format}\/?url=http%3A%2F%2Fnpr-brightspot.s3.amazonaws.com%2Fce%2F04%2F838121b34e18ad4c4c70587722a5%2Fap25294194743576.jpg\" data-format=\"jpeg\" class=\"img lazyOnLoad\" type=\"image\/jpeg\"\/><img decoding=\"async\" src=\"https:\/\/npr.brightspotcdn.com\/dims3\/default\/strip\/false\/crop\/3333x3333+682+0\/resize\/100\/quality\/100\/format\/jpeg\/?url=http%3A%2F%2Fnpr-brightspot.s3.amazonaws.com%2Fce%2F04%2F838121b34e18ad4c4c70587722a5%2Fap25294194743576.jpg\" data-template=\"https:\/\/npr.brightspotcdn.com\/dims3\/default\/strip\/false\/crop\/3333x3333+682+0\/resize\/{width}\/quality\/{quality}\/format\/{format}\/?url=http%3A%2F%2Fnpr-brightspot.s3.amazonaws.com%2Fce%2F04%2F838121b34e18ad4c4c70587722a5%2Fap25294194743576.jpg\" data-format=\"jpeg\" class=\"img lazyOnLoad\" alt=\"Lawmakers applaud as Sanae Takaichi, standing, was elected as Japan's new prime minister during the extraordinary session of the lower house, in Tokyo, Oct. 21, 2025.\" loading=\"lazy\"\/><\/picture><\/a>         <\/p>\n<p><!-- END CLASS=\"BUCKETBLOCK\" -->\n      <\/div>\n<p><!-- END CLASS=\"BUCKET IMG\" -->\n   <\/div>\n<p><!-- END ID=\"RESNX-S1-5581255-100\" CLASS=\"BUCKETWRAP INTERNALLINK INSETTWOCOLUMN INSET2COL \" --><\/p>\n<p>She has advocated for tougher immigration restrictions and embraced hawkish policies on China. She has drawn comparisons to the late British Prime Minister Margaret Thatcher, for whom she has frequently expressed her admiration and often wears blue suits in tribute.<\/p>\n<p>But she also played drums in a band in college, cites Deep Purple and Iron Maiden as some of her favorite bands, once <a href=\"https:\/\/www.ndtv.com\/world-news\/sanae-takaichi-x-japan-rusty-nail-watch-old-video-of-japans-next-pm-belting-out-rock-anthem-on-tv-is-viral-9397098\" target=\"_blank\">belted a rock anthem<\/a> on national TV and appears to maintain a strong affinity <a href=\"https:\/\/www.facebook.com\/japandailydotjp\/posts\/vintage-photo-of-japans-first-female-prime-minister-becomes-a-hot-topic-in-japan\/1278565797646405\/\" target=\"_blank\">for motorcycles<\/a> and <a href=\"https:\/\/www.caranddriver.com\/news\/a68857437\/japan-new-prime-minister-owns-toyota-supra-turbo\/\" target=\"_blank\">cars<\/a>.<\/p>\n<p>&#8220;Those are part of the character that is promoted by her, that [she is] more than just the strong Iron Lady, but also somebody who can have some fun,&#8221; Hall says.<\/p>\n<p>Here&#8217;s what else to know about Japan&#8217;s new leader.<\/p>\n<div id=\"resg-s1-94363\" class=\"bucketwrap image large\">\n<div class=\"imagewrap has-source-dimensions\" data-crop-type=\"\" style=\"&#10;        --source-width: 5000;&#10;        --source-height: 3278;&#10;    \">\n        <picture><source srcset=\"https:\/\/npr.brightspotcdn.com\/dims3\/default\/strip\/false\/crop\/5000x3278+0+0\/resize\/400\/quality\/85\/format\/webp\/?url=http%3A%2F%2Fnpr-brightspot.s3.amazonaws.com%2F59%2F19%2F414b6c52487faaf5060a8b622fb4%2Fap25294457926028.jpg 400w,&#10;https:\/\/npr.brightspotcdn.com\/dims3\/default\/strip\/false\/crop\/5000x3278+0+0\/resize\/600\/quality\/85\/format\/webp\/?url=http%3A%2F%2Fnpr-brightspot.s3.amazonaws.com%2F59%2F19%2F414b6c52487faaf5060a8b622fb4%2Fap25294457926028.jpg 600w,&#10;https:\/\/npr.brightspotcdn.com\/dims3\/default\/strip\/false\/crop\/5000x3278+0+0\/resize\/800\/quality\/85\/format\/webp\/?url=http%3A%2F%2Fnpr-brightspot.s3.amazonaws.com%2F59%2F19%2F414b6c52487faaf5060a8b622fb4%2Fap25294457926028.jpg 800w,&#10;https:\/\/npr.brightspotcdn.com\/dims3\/default\/strip\/false\/crop\/5000x3278+0+0\/resize\/900\/quality\/85\/format\/webp\/?url=http%3A%2F%2Fnpr-brightspot.s3.amazonaws.com%2F59%2F19%2F414b6c52487faaf5060a8b622fb4%2Fap25294457926028.jpg 900w,&#10;https:\/\/npr.brightspotcdn.com\/dims3\/default\/strip\/false\/crop\/5000x3278+0+0\/resize\/1200\/quality\/85\/format\/webp\/?url=http%3A%2F%2Fnpr-brightspot.s3.amazonaws.com%2F59%2F19%2F414b6c52487faaf5060a8b622fb4%2Fap25294457926028.jpg 1200w,&#10;https:\/\/npr.brightspotcdn.com\/dims3\/default\/strip\/false\/crop\/5000x3278+0+0\/resize\/1600\/quality\/85\/format\/webp\/?url=http%3A%2F%2Fnpr-brightspot.s3.amazonaws.com%2F59%2F19%2F414b6c52487faaf5060a8b622fb4%2Fap25294457926028.jpg 1600w,&#10;https:\/\/npr.brightspotcdn.com\/dims3\/default\/strip\/false\/crop\/5000x3278+0+0\/resize\/1800\/quality\/85\/format\/webp\/?url=http%3A%2F%2Fnpr-brightspot.s3.amazonaws.com%2F59%2F19%2F414b6c52487faaf5060a8b622fb4%2Fap25294457926028.jpg 1800w\" data-template=\"https:\/\/npr.brightspotcdn.com\/dims3\/default\/strip\/false\/crop\/5000x3278+0+0\/resize\/{width}\/quality\/{quality}\/format\/{format}\/?url=http%3A%2F%2Fnpr-brightspot.s3.amazonaws.com%2F59%2F19%2F414b6c52487faaf5060a8b622fb4%2Fap25294457926028.jpg\" sizes=\"(min-width: 1025px) 650px, calc(100vw - 30px)\" class=\"img\" type=\"image\/webp\"\/><source srcset=\"https:\/\/npr.brightspotcdn.com\/dims3\/default\/strip\/false\/crop\/5000x3278+0+0\/resize\/400\/quality\/85\/format\/jpeg\/?url=http%3A%2F%2Fnpr-brightspot.s3.amazonaws.com%2F59%2F19%2F414b6c52487faaf5060a8b622fb4%2Fap25294457926028.jpg 400w,&#10;https:\/\/npr.brightspotcdn.com\/dims3\/default\/strip\/false\/crop\/5000x3278+0+0\/resize\/600\/quality\/85\/format\/jpeg\/?url=http%3A%2F%2Fnpr-brightspot.s3.amazonaws.com%2F59%2F19%2F414b6c52487faaf5060a8b622fb4%2Fap25294457926028.jpg 600w,&#10;https:\/\/npr.brightspotcdn.com\/dims3\/default\/strip\/false\/crop\/5000x3278+0+0\/resize\/800\/quality\/85\/format\/jpeg\/?url=http%3A%2F%2Fnpr-brightspot.s3.amazonaws.com%2F59%2F19%2F414b6c52487faaf5060a8b622fb4%2Fap25294457926028.jpg 800w,&#10;https:\/\/npr.brightspotcdn.com\/dims3\/default\/strip\/false\/crop\/5000x3278+0+0\/resize\/900\/quality\/85\/format\/jpeg\/?url=http%3A%2F%2Fnpr-brightspot.s3.amazonaws.com%2F59%2F19%2F414b6c52487faaf5060a8b622fb4%2Fap25294457926028.jpg 900w,&#10;https:\/\/npr.brightspotcdn.com\/dims3\/default\/strip\/false\/crop\/5000x3278+0+0\/resize\/1200\/quality\/85\/format\/jpeg\/?url=http%3A%2F%2Fnpr-brightspot.s3.amazonaws.com%2F59%2F19%2F414b6c52487faaf5060a8b622fb4%2Fap25294457926028.jpg 1200w,&#10;https:\/\/npr.brightspotcdn.com\/dims3\/default\/strip\/false\/crop\/5000x3278+0+0\/resize\/1600\/quality\/85\/format\/jpeg\/?url=http%3A%2F%2Fnpr-brightspot.s3.amazonaws.com%2F59%2F19%2F414b6c52487faaf5060a8b622fb4%2Fap25294457926028.jpg 1600w,&#10;https:\/\/npr.brightspotcdn.com\/dims3\/default\/strip\/false\/crop\/5000x3278+0+0\/resize\/1800\/quality\/85\/format\/jpeg\/?url=http%3A%2F%2Fnpr-brightspot.s3.amazonaws.com%2F59%2F19%2F414b6c52487faaf5060a8b622fb4%2Fap25294457926028.jpg 1800w\" data-template=\"https:\/\/npr.brightspotcdn.com\/dims3\/default\/strip\/false\/crop\/5000x3278+0+0\/resize\/{width}\/quality\/{quality}\/format\/{format}\/?url=http%3A%2F%2Fnpr-brightspot.s3.amazonaws.com%2F59%2F19%2F414b6c52487faaf5060a8b622fb4%2Fap25294457926028.jpg\" sizes=\"(min-width: 1025px) 650px, calc(100vw - 30px)\" class=\"img\" type=\"image\/jpeg\"\/><img decoding=\"async\" src=\"https:\/\/npr.brightspotcdn.com\/dims3\/default\/strip\/false\/crop\/5000x3278+0+0\/resize\/1100\/quality\/50\/format\/jpeg\/?url=http%3A%2F%2Fnpr-brightspot.s3.amazonaws.com%2F59%2F19%2F414b6c52487faaf5060a8b622fb4%2Fap25294457926028.jpg\" data-template=\"https:\/\/npr.brightspotcdn.com\/dims3\/default\/strip\/false\/crop\/5000x3278+0+0\/resize\/{width}\/quality\/{quality}\/format\/{format}\/?url=http%3A%2F%2Fnpr-brightspot.s3.amazonaws.com%2F59%2F19%2F414b6c52487faaf5060a8b622fb4%2Fap25294457926028.jpg\" class=\"img\" alt=\"Sanae Takaichi bows as she was elected Japan's new prime minister during a parliament session in Tokyo, Japan on Tuesday.\" loading=\"lazy\"\/>\n        <\/picture>\n<\/div>\n<div class=\"credit-caption\">\n<div class=\"caption-wrap\">\n<div class=\"caption\" aria-label=\"Image caption\">\n<p>\n                Sanae Takaichi bows as she was elected Japan&#8217;s new prime minister during a parliament session in Tokyo on Tuesday.<br \/>\n                <b class=\"credit\" aria-label=\"Image credit\"><\/p>\n<p>                    Eugene Hoshiko\/AP<\/p>\n<p>                <\/b><br \/>\n                <b class=\"hide-caption\"><b>hide caption<\/b><\/b>\n            <\/p>\n<\/p><\/div>\n<p>            <b class=\"toggle-caption\"><b>toggle caption<\/b><\/b>\n    <\/div>\n<p>    <span class=\"credit\" aria-label=\"Image credit\"><\/p>\n<p>        Eugene Hoshiko\/AP<\/p>\n<p>    <\/span>\n<\/div>\n<\/p><\/div>\n<h3 class=\"edTag\">1. She isn&#8217;t from a political family<\/h3>\n<p>Takaichi was born and raised in the central Japanese prefecture of Nara. Her dad worked for an automotive firm, while her mom worked for the local police department.<\/p>\n<p>&#8220;Unlike most or many of the politicians in her party who became prime ministers, she came from rather modest means,&#8221; Hall says. &#8220;But she did study very hard when she was young, and she passed the entrance exams for some very elite private universities in Japan.&#8221;<\/p>\n<aside id=\"ad-secondary-wrap\" class=\"ad-wrap secondary\" aria-label=\"advertisement\">\n<\/aside>\n<p>But he said Takaichi&#8217;s parents refused to pay for her tuition to an elite university, preferring that she attend a two-year college to save money and live closer to home. She ended up attending Kobe University, a prestigious national university, paying her own way through part-time jobs and making the six-hour round-trip commute from her parents&#8217; house.<\/p>\n<p>In 1987, Takaichi moved to the U.S. to work as a congressional fellow in the office of <a href=\"https:\/\/www.facebook.com\/jaredpolis\/posts\/congratulations-to-sanae-takaichi-on-becoming-prime-minister-of-our-close-ally-j\/1373637277668320\/\" target=\"_blank\">Rep. Pat Schroeder<\/a>, a Democrat from Colorado \u2014 despite her own conservative leanings, Hall notes. After returning to Japan, she was able to market herself as an expert in international politics and secure a job as a television presenter.<\/p>\n<p>&#8220;And from there, she segued away from being a TV personality into a politician, which is a common path in Japan,&#8221; Hall says. &#8220;If you&#8217;re famous on TV, you have a pretty good chance of winning elections.&#8221;<\/p>\n<h3 class=\"edTag\">2. She&#8217;s spent decades in politics\u00a0<\/h3>\n<p>Takaichi was first elected to parliament in 1993, representing her hometown of Nara as an independent.<\/p>\n<p>She joined the LDP three years later and went on to serve in a number of key government positions, including minister of economic security.<\/p>\n<p>Notably, she served as the minister of international communications \u2014 which is responsible for telecommunications policy and broadcast media regulations \u2014 under the late Prime Minister Shinzo Abe, from 2014 to 2017 and again from 2019 to 2020.<\/p>\n<div id=\"resnx-s1-5581255-101\" class=\"bucketwrap internallink insettwocolumn inset2col \">\n<div class=\"bucket img\">\n                  <a class=\"imagewrap\" id=\"featuredStackSquareImage1110538891\" href=\"https:\/\/www.npr.org\/2022\/07\/08\/1110538891\/shinzo-abe-former-prime-minister-japan-killed\" data-metrics-ga4=\"{&quot;category&quot;:&quot;recirculation&quot;,&quot;action&quot;:&quot;story_recirculation_click&quot;,&quot;clickType&quot;:&quot;inset box&quot;,&quot;clickUrl&quot;:&quot;https:\\\/\\\/www.npr.org\\\/2022\\\/07\\\/08\\\/1110538891\\\/shinzo-abe-former-prime-minister-japan-killed&quot;}\"><picture><source srcset=\"https:\/\/media.npr.org\/assets\/img\/2022\/07\/08\/gettyimages-1128616097_sq-8843ce54f197db7dcdb9af3c406e71c743fd8587.jpg?s=100&amp;c=85&amp;f=jpeg\" data-original=\"https:\/\/media.npr.org\/assets\/img\/2022\/07\/08\/gettyimages-1128616097_sq-8843ce54f197db7dcdb9af3c406e71c743fd8587.jpg?s=100&amp;c=100&amp;f=jpeg\" data-template=\"https:\/\/media.npr.org\/assets\/img\/2022\/07\/08\/gettyimages-1128616097_sq-8843ce54f197db7dcdb9af3c406e71c743fd8587.jpg?s={width}&amp;c={quality}&amp;f={format}\" data-format=\"webp\" class=\"img lazyOnLoad\" type=\"image\/webp\"\/><source srcset=\"https:\/\/media.npr.org\/assets\/img\/2022\/07\/08\/gettyimages-1128616097_sq-8843ce54f197db7dcdb9af3c406e71c743fd8587.jpg?s=100&amp;c=85&amp;f=jpeg\" data-original=\"https:\/\/media.npr.org\/assets\/img\/2022\/07\/08\/gettyimages-1128616097_sq-8843ce54f197db7dcdb9af3c406e71c743fd8587.jpg?s=100&amp;c=100&amp;f=jpeg\" data-template=\"https:\/\/media.npr.org\/assets\/img\/2022\/07\/08\/gettyimages-1128616097_sq-8843ce54f197db7dcdb9af3c406e71c743fd8587.jpg?s={width}&amp;c={quality}&amp;f={format}\" data-format=\"jpeg\" class=\"img lazyOnLoad\" type=\"image\/jpeg\"\/><img decoding=\"async\" src=\"https:\/\/media.npr.org\/assets\/img\/2022\/07\/08\/gettyimages-1128616097_sq-8843ce54f197db7dcdb9af3c406e71c743fd8587.jpg?s=100&amp;c=100&amp;f=jpeg\" data-template=\"https:\/\/media.npr.org\/assets\/img\/2022\/07\/08\/gettyimages-1128616097_sq-8843ce54f197db7dcdb9af3c406e71c743fd8587.jpg?s={width}&amp;c={quality}&amp;f={format}\" data-format=\"jpeg\" class=\"img lazyOnLoad\" alt=\"Shinzo Abe, killed at 67, leaves a storied legacy as Japan's longest-serving premier\" loading=\"lazy\"\/><\/picture><\/a>         <\/p>\n<p><!-- END CLASS=\"BUCKETBLOCK\" -->\n      <\/div>\n<p><!-- END CLASS=\"BUCKET IMG\" -->\n   <\/div>\n<p><!-- END ID=\"RESNX-S1-5581255-101\" CLASS=\"BUCKETWRAP INTERNALLINK INSETTWOCOLUMN INSET2COL \" --><\/p>\n<p>&#8220;She served in that, I think, longer than any other politician has ever served, because the Abe administration was a very long administration and he valued her competency,&#8221; Hall says.<\/p>\n<p>Abe was Japan&#8217;s longest-serving prime minister, holding office from 2006 to 2007 and 2012 to 2020, before his <a href=\"https:\/\/www.npr.org\/2022\/07\/08\/1110538891\/shinzo-abe-former-prime-minister-japan-killed\" target=\"_blank\">assassination in 2022<\/a>. He was known for his efforts to revitalize Japan&#8217;s economy \u2014 nicknamed &#8220;Abenomics&#8221; \u2014 and rebuild its role on the global stage.<\/p>\n<p>Takaichi &#8220;definitely depicts herself as the successor to Abe&#8217;s conservative legacy,&#8221; Hall says, noting that she did get his endorsement in the party&#8217;s 2021 leadership election.<\/p>\n<aside id=\"ad-third-wrap\" class=\"ad-wrap third\" aria-label=\"advertisement\">\n<\/aside>\n<p>&#8220;I&#8217;m not sure how close friends they were, but they definitely were on the same page ideologically when it came to issues like China and the revisionist view of World War II that many of the ultra-conservatives in Japan have,&#8221; he said.<\/p>\n<div id=\"resg-s1-94368\" class=\"bucketwrap image large\">\n<div class=\"imagewrap has-source-dimensions\" data-crop-type=\"\" style=\"&#10;        --source-width: 3204;&#10;        --source-height: 2500;&#10;    \">\n        <picture><source srcset=\"https:\/\/npr.brightspotcdn.com\/dims3\/default\/strip\/false\/crop\/3204x2500+0+0\/resize\/400\/quality\/85\/format\/webp\/?url=http%3A%2F%2Fnpr-brightspot.s3.amazonaws.com%2Fe7%2F4f%2Fca65463243ac9a4b74f50b346862%2Fgettyimages-158708349.jpg 400w,&#10;https:\/\/npr.brightspotcdn.com\/dims3\/default\/strip\/false\/crop\/3204x2500+0+0\/resize\/600\/quality\/85\/format\/webp\/?url=http%3A%2F%2Fnpr-brightspot.s3.amazonaws.com%2Fe7%2F4f%2Fca65463243ac9a4b74f50b346862%2Fgettyimages-158708349.jpg 600w,&#10;https:\/\/npr.brightspotcdn.com\/dims3\/default\/strip\/false\/crop\/3204x2500+0+0\/resize\/800\/quality\/85\/format\/webp\/?url=http%3A%2F%2Fnpr-brightspot.s3.amazonaws.com%2Fe7%2F4f%2Fca65463243ac9a4b74f50b346862%2Fgettyimages-158708349.jpg 800w,&#10;https:\/\/npr.brightspotcdn.com\/dims3\/default\/strip\/false\/crop\/3204x2500+0+0\/resize\/900\/quality\/85\/format\/webp\/?url=http%3A%2F%2Fnpr-brightspot.s3.amazonaws.com%2Fe7%2F4f%2Fca65463243ac9a4b74f50b346862%2Fgettyimages-158708349.jpg 900w,&#10;https:\/\/npr.brightspotcdn.com\/dims3\/default\/strip\/false\/crop\/3204x2500+0+0\/resize\/1200\/quality\/85\/format\/webp\/?url=http%3A%2F%2Fnpr-brightspot.s3.amazonaws.com%2Fe7%2F4f%2Fca65463243ac9a4b74f50b346862%2Fgettyimages-158708349.jpg 1200w,&#10;https:\/\/npr.brightspotcdn.com\/dims3\/default\/strip\/false\/crop\/3204x2500+0+0\/resize\/1600\/quality\/85\/format\/webp\/?url=http%3A%2F%2Fnpr-brightspot.s3.amazonaws.com%2Fe7%2F4f%2Fca65463243ac9a4b74f50b346862%2Fgettyimages-158708349.jpg 1600w,&#10;https:\/\/npr.brightspotcdn.com\/dims3\/default\/strip\/false\/crop\/3204x2500+0+0\/resize\/1800\/quality\/85\/format\/webp\/?url=http%3A%2F%2Fnpr-brightspot.s3.amazonaws.com%2Fe7%2F4f%2Fca65463243ac9a4b74f50b346862%2Fgettyimages-158708349.jpg 1800w\" data-template=\"https:\/\/npr.brightspotcdn.com\/dims3\/default\/strip\/false\/crop\/3204x2500+0+0\/resize\/{width}\/quality\/{quality}\/format\/{format}\/?url=http%3A%2F%2Fnpr-brightspot.s3.amazonaws.com%2Fe7%2F4f%2Fca65463243ac9a4b74f50b346862%2Fgettyimages-158708349.jpg\" sizes=\"(min-width: 1025px) 650px, calc(100vw - 30px)\" class=\"img\" type=\"image\/webp\"\/><source srcset=\"https:\/\/npr.brightspotcdn.com\/dims3\/default\/strip\/false\/crop\/3204x2500+0+0\/resize\/400\/quality\/85\/format\/jpeg\/?url=http%3A%2F%2Fnpr-brightspot.s3.amazonaws.com%2Fe7%2F4f%2Fca65463243ac9a4b74f50b346862%2Fgettyimages-158708349.jpg 400w,&#10;https:\/\/npr.brightspotcdn.com\/dims3\/default\/strip\/false\/crop\/3204x2500+0+0\/resize\/600\/quality\/85\/format\/jpeg\/?url=http%3A%2F%2Fnpr-brightspot.s3.amazonaws.com%2Fe7%2F4f%2Fca65463243ac9a4b74f50b346862%2Fgettyimages-158708349.jpg 600w,&#10;https:\/\/npr.brightspotcdn.com\/dims3\/default\/strip\/false\/crop\/3204x2500+0+0\/resize\/800\/quality\/85\/format\/jpeg\/?url=http%3A%2F%2Fnpr-brightspot.s3.amazonaws.com%2Fe7%2F4f%2Fca65463243ac9a4b74f50b346862%2Fgettyimages-158708349.jpg 800w,&#10;https:\/\/npr.brightspotcdn.com\/dims3\/default\/strip\/false\/crop\/3204x2500+0+0\/resize\/900\/quality\/85\/format\/jpeg\/?url=http%3A%2F%2Fnpr-brightspot.s3.amazonaws.com%2Fe7%2F4f%2Fca65463243ac9a4b74f50b346862%2Fgettyimages-158708349.jpg 900w,&#10;https:\/\/npr.brightspotcdn.com\/dims3\/default\/strip\/false\/crop\/3204x2500+0+0\/resize\/1200\/quality\/85\/format\/jpeg\/?url=http%3A%2F%2Fnpr-brightspot.s3.amazonaws.com%2Fe7%2F4f%2Fca65463243ac9a4b74f50b346862%2Fgettyimages-158708349.jpg 1200w,&#10;https:\/\/npr.brightspotcdn.com\/dims3\/default\/strip\/false\/crop\/3204x2500+0+0\/resize\/1600\/quality\/85\/format\/jpeg\/?url=http%3A%2F%2Fnpr-brightspot.s3.amazonaws.com%2Fe7%2F4f%2Fca65463243ac9a4b74f50b346862%2Fgettyimages-158708349.jpg 1600w,&#10;https:\/\/npr.brightspotcdn.com\/dims3\/default\/strip\/false\/crop\/3204x2500+0+0\/resize\/1800\/quality\/85\/format\/jpeg\/?url=http%3A%2F%2Fnpr-brightspot.s3.amazonaws.com%2Fe7%2F4f%2Fca65463243ac9a4b74f50b346862%2Fgettyimages-158708349.jpg 1800w\" data-template=\"https:\/\/npr.brightspotcdn.com\/dims3\/default\/strip\/false\/crop\/3204x2500+0+0\/resize\/{width}\/quality\/{quality}\/format\/{format}\/?url=http%3A%2F%2Fnpr-brightspot.s3.amazonaws.com%2Fe7%2F4f%2Fca65463243ac9a4b74f50b346862%2Fgettyimages-158708349.jpg\" sizes=\"(min-width: 1025px) 650px, calc(100vw - 30px)\" class=\"img\" type=\"image\/jpeg\"\/><img decoding=\"async\" src=\"https:\/\/npr.brightspotcdn.com\/dims3\/default\/strip\/false\/crop\/3204x2500+0+0\/resize\/1100\/quality\/50\/format\/jpeg\/?url=http%3A%2F%2Fnpr-brightspot.s3.amazonaws.com%2Fe7%2F4f%2Fca65463243ac9a4b74f50b346862%2Fgettyimages-158708349.jpg\" data-template=\"https:\/\/npr.brightspotcdn.com\/dims3\/default\/strip\/false\/crop\/3204x2500+0+0\/resize\/{width}\/quality\/{quality}\/format\/{format}\/?url=http%3A%2F%2Fnpr-brightspot.s3.amazonaws.com%2Fe7%2F4f%2Fca65463243ac9a4b74f50b346862%2Fgettyimages-158708349.jpg\" class=\"img\" alt=\"Takaichi looks on as incoming Prime Minister Shinzo Abe speaks to the media in Tokyo in December 2012. \" loading=\"lazy\"\/>\n        <\/picture>\n<\/div>\n<div class=\"credit-caption\">\n<div class=\"caption-wrap\">\n<div class=\"caption\" aria-label=\"Image caption\">\n<p>\n                Takaichi looks on as incoming Prime Minister Shinzo Abe speaks to the media in Tokyo in 2012.<br \/>\n                <b class=\"credit\" aria-label=\"Image credit\"><\/p>\n<p>                    Yoshikazu Tsuno\/AFP via Getty Images<\/p>\n<p>                <\/b><br \/>\n                <b class=\"hide-caption\"><b>hide caption<\/b><\/b>\n            <\/p>\n<\/p><\/div>\n<p>            <b class=\"toggle-caption\"><b>toggle caption<\/b><\/b>\n    <\/div>\n<p>    <span class=\"credit\" aria-label=\"Image credit\"><\/p>\n<p>        Yoshikazu Tsuno\/AFP via Getty Images<\/p>\n<p>    <\/span>\n<\/div>\n<\/p><\/div>\n<h3 class=\"edTag\">3. Her views have caused controversy<\/h3>\n<p>Takaichi subscribes to modern monetary theory, &#8220;which says that you can engage in deficit spending on important things like defense and other parts of the budget,&#8221; Hall says.<\/p>\n<p>While she is not as traditionally fiscally conservative as others in her party, he says, she is extremely conservative on social issues. For instance, she wants to create programs to promote having children and doesn&#8217;t think women should be allowed to keep their maiden names after marriage (even though she has used hers in professional and public life).<\/p>\n<div id=\"resnx-s1-5581255-102\" class=\"bucketwrap internallink insettwocolumn inset2col \">\n<div class=\"bucket img\">\n                  <a class=\"imagewrap\" id=\"featuredStackSquareImageg-s1-92073\" href=\"https:\/\/www.npr.org\/2025\/10\/04\/g-s1-92073\/japans-sanae-takaichi-likely-to-become-first-female-pm\" data-metrics-ga4=\"{&quot;category&quot;:&quot;recirculation&quot;,&quot;action&quot;:&quot;story_recirculation_click&quot;,&quot;clickType&quot;:&quot;inset box&quot;,&quot;clickUrl&quot;:&quot;https:\\\/\\\/www.npr.org\\\/2025\\\/10\\\/04\\\/g-s1-92073\\\/japans-sanae-takaichi-likely-to-become-first-female-pm&quot;}\"><picture><source srcset=\"https:\/\/npr.brightspotcdn.com\/dims3\/default\/strip\/false\/crop\/5318x5318+1341+0\/resize\/100\/quality\/85\/format\/jpeg\/?url=http%3A%2F%2Fnpr-brightspot.s3.amazonaws.com%2F67%2Fa6%2F11af923e47358c628fc95e8205fc%2Fap25277244116644.jpg\" data-original=\"https:\/\/npr.brightspotcdn.com\/dims3\/default\/strip\/false\/crop\/5318x5318+1341+0\/resize\/100\/quality\/100\/format\/jpeg\/?url=http%3A%2F%2Fnpr-brightspot.s3.amazonaws.com%2F67%2Fa6%2F11af923e47358c628fc95e8205fc%2Fap25277244116644.jpg\" data-template=\"https:\/\/npr.brightspotcdn.com\/dims3\/default\/strip\/false\/crop\/5318x5318+1341+0\/resize\/{width}\/quality\/{quality}\/format\/{format}\/?url=http%3A%2F%2Fnpr-brightspot.s3.amazonaws.com%2F67%2Fa6%2F11af923e47358c628fc95e8205fc%2Fap25277244116644.jpg\" data-format=\"webp\" class=\"img lazyOnLoad\" type=\"image\/webp\"\/><source srcset=\"https:\/\/npr.brightspotcdn.com\/dims3\/default\/strip\/false\/crop\/5318x5318+1341+0\/resize\/100\/quality\/85\/format\/jpeg\/?url=http%3A%2F%2Fnpr-brightspot.s3.amazonaws.com%2F67%2Fa6%2F11af923e47358c628fc95e8205fc%2Fap25277244116644.jpg\" data-original=\"https:\/\/npr.brightspotcdn.com\/dims3\/default\/strip\/false\/crop\/5318x5318+1341+0\/resize\/100\/quality\/100\/format\/jpeg\/?url=http%3A%2F%2Fnpr-brightspot.s3.amazonaws.com%2F67%2Fa6%2F11af923e47358c628fc95e8205fc%2Fap25277244116644.jpg\" data-template=\"https:\/\/npr.brightspotcdn.com\/dims3\/default\/strip\/false\/crop\/5318x5318+1341+0\/resize\/{width}\/quality\/{quality}\/format\/{format}\/?url=http%3A%2F%2Fnpr-brightspot.s3.amazonaws.com%2F67%2Fa6%2F11af923e47358c628fc95e8205fc%2Fap25277244116644.jpg\" data-format=\"jpeg\" class=\"img lazyOnLoad\" type=\"image\/jpeg\"\/><img decoding=\"async\" src=\"https:\/\/npr.brightspotcdn.com\/dims3\/default\/strip\/false\/crop\/5318x5318+1341+0\/resize\/100\/quality\/100\/format\/jpeg\/?url=http%3A%2F%2Fnpr-brightspot.s3.amazonaws.com%2F67%2Fa6%2F11af923e47358c628fc95e8205fc%2Fap25277244116644.jpg\" data-template=\"https:\/\/npr.brightspotcdn.com\/dims3\/default\/strip\/false\/crop\/5318x5318+1341+0\/resize\/{width}\/quality\/{quality}\/format\/{format}\/?url=http%3A%2F%2Fnpr-brightspot.s3.amazonaws.com%2F67%2Fa6%2F11af923e47358c628fc95e8205fc%2Fap25277244116644.jpg\" data-format=\"jpeg\" class=\"img lazyOnLoad\" alt=\"Newly-elected leader of Japan's Liberal Democratic Party (LDP) Sanae Takaichi celebrates after winning the LDP leadership election in Tokyo, Japan, on Saturday.\" loading=\"lazy\"\/><\/picture><\/a>         <\/p>\n<p><!-- END CLASS=\"BUCKETBLOCK\" -->\n      <\/div>\n<p><!-- END CLASS=\"BUCKET IMG\" -->\n   <\/div>\n<p><!-- END ID=\"RESNX-S1-5581255-102\" CLASS=\"BUCKETWRAP INTERNALLINK INSETTWOCOLUMN INSET2COL \" --><\/p>\n<p>She also has what Hall describes as hardline views on Japan&#8217;s WWII history. In remarks over the years, she has downplayed Japan&#8217;s aggression during the war and criticized the<a href=\"https:\/\/www.pbs.org\/wgbh\/americanexperience\/features\/macarthur-tokyo-war-crimes-trials\/\" target=\"_blank\"> war crimes trials<\/a> that the Allies held afterward to convict Japan&#8217;s wartime leaders.<\/p>\n<p>Takaichi has been known to regularly visit the controversial Yasukuni Shrine, though she has recently refrained from doing so to avoid political and diplomatic backlash. Yasukuni is a controversial Shinto shrine that honors the spirits of Japan&#8217;s war dead, including some convicted war criminals from World War II.<\/p>\n<p>Takaichi has also courted controversy with her disdain for immigrants and even tourists, a <a href=\"https:\/\/www.jittiusa.org\/jittijournal-1\/tourism-in-japan%3A-a-look-at-the-numbers-from-2024-and-the-outlook-for-2025\" target=\"_blank\">rapidly growing industry<\/a> in Japan. While campaigning, she cited unconfirmed reports of tourists <a href=\"https:\/\/www.the-independent.com\/asia\/japan\/sanae-takaichi-public-statements-hardline-conservative-b2849104.html\" target=\"_blank\">kicking sacred deer in Nara Park<\/a>, part of a larger criticism of tourism that many saw as xenophobic.<\/p>\n<p>&#8220;It also ties into a general dislike of foreign people and also immigrants who live in the country,&#8221; Hall says.<\/p>\n<p>She has advocated for an <a href=\"https:\/\/www.asahi.com\/ajw\/articles\/16081927\" target=\"_blank\">anti-espionage law<\/a>, suggesting that Chinese residents of Japan could be potential spies for China&#8217;s government. During her campaign, she <a href=\"https:\/\/www.theguardian.com\/world\/2025\/oct\/04\/sanae-takaichi-the-new-leader-of-japans-liberal-democratic-party-who-cites-thatcher-as-an-influence\" target=\"_blank\">called for restrictions<\/a> on non-Japanese people buying property in Japan and a crackdown on illegal immigration.<\/p>\n<aside id=\"ad-overflow-3-wrap\" class=\"ad-wrap overflow-3\" aria-label=\"advertisement\">\n<\/aside>\n<p>&#8220;People who are very anti-immigration are sort of smiling on her becoming prime minister, expecting that she will do something about it,&#8221; Hall says, adding he thinks that is unlikely because of pressure from Japanese businesses who rely on immigration in the face of <a href=\"https:\/\/www.reuters.com\/sustainability\/sustainable-finance-reporting\/japan-firms-face-serious-labour-crunch-aging-population-survey-shows-2025-01-15\/\" target=\"_blank\">significant labor shortages<\/a>.<\/p>\n<h3 class=\"edTag\">4. She&#8217;s not necessarily a feminist\u00a0<\/h3>\n<p>Takaichi holds a notable place in the history books as the first female prime minister of a country where women only held <a href=\"https:\/\/data.unwomen.org\/country\/japan\" target=\"_blank\">about 10% of seats<\/a> in parliament as of 2024.<\/p>\n<p>Japan, the world&#8217;s fourth largest economy, ranked 118th out of 148 countries in terms of gender equality \u2014 the lowest of any Group of Seven nation \u2014 according to the World Economic Forum (WEF)&#8217;s 2025 <a href=\"https:\/\/reports.weforum.org\/docs\/WEF_GGGR_2025.pdf\" target=\"_blank\">Global Gender Gap Report<\/a>.<\/p>\n<p>However, Takaichi appears unlikely to prioritize issues of gender equality. She has long advocated for traditional gender roles, opposes same-sex marriage and supports male-only succession to the Japanese throne.<\/p>\n<p><!-- END ID=\"RESNX-S1-5581255-103\" CLASS=\"BUCKETWRAP INTERNALLINK INSETTWOCOLUMN INSET2COL \" --><\/p>\n<p>&#8220;This is not going to be a period when women&#8217;s equality or other gender issues are aggressively advanced,&#8221; Hall says. &#8220;But there is, I guess, some benefit to having a woman as the leader of your country, to show \u2026 young women that in the future they could become prime minister, too.&#8221;<\/p>\n<p>Takaichi has spoken about women&#8217;s rights, specifically <a href=\"https:\/\/www.bbc.com\/news\/articles\/c751z23n3n7o\" target=\"_blank\">advocating for the expansion<\/a> of hospital services for women&#8217;s health and opening up about her own <a href=\"https:\/\/www.nbcnews.com\/world\/asia\/sanae-takaichi-becomes-japans-first-female-prime-minister-rcna238601\" target=\"_blank\">struggles with menopause<\/a> symptoms.<\/p>\n<p>Takaichi has also spoken about her struggles to conceive; She has no biological children, but is a stepmother to three kids \u2014 and grandmother to four \u2014 from her husband&#8217;s previous marriage. (She is married to former member of parliament and fellow LDP member <a href=\"https:\/\/www.scmp.com\/news\/asia\/east-asia\/article\/3329831\/sanae-takaichis-husband-vows-stealth-support-japans-first-female-pm\" target=\"_blank\">Taku Yamamoto<\/a>, who legally took her last name, a relative rarity in Japan.)<\/p>\n<p>Takaichi had promised on the campaign trail to increase the number of women in her cabinet to &#8220;<a href=\"https:\/\/www.nytimes.com\/2025\/10\/19\/world\/asia\/japan-women-prime-minister.html\" target=\"_blank\">Nordic levels<\/a>,&#8221; or <a href=\"https:\/\/w3.unece.org\/PXWeb\/en\/Table?IndicatorCode=19\" target=\"_blank\">closer to 50%<\/a>. But in the hours after taking office, she <a href=\"https:\/\/www.npr.org\/2025\/10\/21\/nx-s1-5580620\/japans-parliament-elects-first-female-prime-minister\" target=\"_blank\">appointed only two<\/a>.<\/p>\n<div id=\"resg-s1-94364\" class=\"bucketwrap image large\">\n<div class=\"imagewrap has-source-dimensions\" data-crop-type=\"\" style=\"&#10;        --source-width: 4500;&#10;        --source-height: 3000;&#10;    \">\n        <picture><source srcset=\"https:\/\/npr.brightspotcdn.com\/dims3\/default\/strip\/false\/crop\/4500x3000+0+0\/resize\/400\/quality\/85\/format\/webp\/?url=http%3A%2F%2Fnpr-brightspot.s3.amazonaws.com%2Fea%2Fda%2Fe13f63584f138d7942573aad2685%2Fap25294549955757.jpg 400w,&#10;https:\/\/npr.brightspotcdn.com\/dims3\/default\/strip\/false\/crop\/4500x3000+0+0\/resize\/600\/quality\/85\/format\/webp\/?url=http%3A%2F%2Fnpr-brightspot.s3.amazonaws.com%2Fea%2Fda%2Fe13f63584f138d7942573aad2685%2Fap25294549955757.jpg 600w,&#10;https:\/\/npr.brightspotcdn.com\/dims3\/default\/strip\/false\/crop\/4500x3000+0+0\/resize\/800\/quality\/85\/format\/webp\/?url=http%3A%2F%2Fnpr-brightspot.s3.amazonaws.com%2Fea%2Fda%2Fe13f63584f138d7942573aad2685%2Fap25294549955757.jpg 800w,&#10;https:\/\/npr.brightspotcdn.com\/dims3\/default\/strip\/false\/crop\/4500x3000+0+0\/resize\/900\/quality\/85\/format\/webp\/?url=http%3A%2F%2Fnpr-brightspot.s3.amazonaws.com%2Fea%2Fda%2Fe13f63584f138d7942573aad2685%2Fap25294549955757.jpg 900w,&#10;https:\/\/npr.brightspotcdn.com\/dims3\/default\/strip\/false\/crop\/4500x3000+0+0\/resize\/1200\/quality\/85\/format\/webp\/?url=http%3A%2F%2Fnpr-brightspot.s3.amazonaws.com%2Fea%2Fda%2Fe13f63584f138d7942573aad2685%2Fap25294549955757.jpg 1200w,&#10;https:\/\/npr.brightspotcdn.com\/dims3\/default\/strip\/false\/crop\/4500x3000+0+0\/resize\/1600\/quality\/85\/format\/webp\/?url=http%3A%2F%2Fnpr-brightspot.s3.amazonaws.com%2Fea%2Fda%2Fe13f63584f138d7942573aad2685%2Fap25294549955757.jpg 1600w,&#10;https:\/\/npr.brightspotcdn.com\/dims3\/default\/strip\/false\/crop\/4500x3000+0+0\/resize\/1800\/quality\/85\/format\/webp\/?url=http%3A%2F%2Fnpr-brightspot.s3.amazonaws.com%2Fea%2Fda%2Fe13f63584f138d7942573aad2685%2Fap25294549955757.jpg 1800w\" data-template=\"https:\/\/npr.brightspotcdn.com\/dims3\/default\/strip\/false\/crop\/4500x3000+0+0\/resize\/{width}\/quality\/{quality}\/format\/{format}\/?url=http%3A%2F%2Fnpr-brightspot.s3.amazonaws.com%2Fea%2Fda%2Fe13f63584f138d7942573aad2685%2Fap25294549955757.jpg\" sizes=\"(min-width: 1025px) 650px, calc(100vw - 30px)\" class=\"img\" type=\"image\/webp\"\/><source srcset=\"https:\/\/npr.brightspotcdn.com\/dims3\/default\/strip\/false\/crop\/4500x3000+0+0\/resize\/400\/quality\/85\/format\/jpeg\/?url=http%3A%2F%2Fnpr-brightspot.s3.amazonaws.com%2Fea%2Fda%2Fe13f63584f138d7942573aad2685%2Fap25294549955757.jpg 400w,&#10;https:\/\/npr.brightspotcdn.com\/dims3\/default\/strip\/false\/crop\/4500x3000+0+0\/resize\/600\/quality\/85\/format\/jpeg\/?url=http%3A%2F%2Fnpr-brightspot.s3.amazonaws.com%2Fea%2Fda%2Fe13f63584f138d7942573aad2685%2Fap25294549955757.jpg 600w,&#10;https:\/\/npr.brightspotcdn.com\/dims3\/default\/strip\/false\/crop\/4500x3000+0+0\/resize\/800\/quality\/85\/format\/jpeg\/?url=http%3A%2F%2Fnpr-brightspot.s3.amazonaws.com%2Fea%2Fda%2Fe13f63584f138d7942573aad2685%2Fap25294549955757.jpg 800w,&#10;https:\/\/npr.brightspotcdn.com\/dims3\/default\/strip\/false\/crop\/4500x3000+0+0\/resize\/900\/quality\/85\/format\/jpeg\/?url=http%3A%2F%2Fnpr-brightspot.s3.amazonaws.com%2Fea%2Fda%2Fe13f63584f138d7942573aad2685%2Fap25294549955757.jpg 900w,&#10;https:\/\/npr.brightspotcdn.com\/dims3\/default\/strip\/false\/crop\/4500x3000+0+0\/resize\/1200\/quality\/85\/format\/jpeg\/?url=http%3A%2F%2Fnpr-brightspot.s3.amazonaws.com%2Fea%2Fda%2Fe13f63584f138d7942573aad2685%2Fap25294549955757.jpg 1200w,&#10;https:\/\/npr.brightspotcdn.com\/dims3\/default\/strip\/false\/crop\/4500x3000+0+0\/resize\/1600\/quality\/85\/format\/jpeg\/?url=http%3A%2F%2Fnpr-brightspot.s3.amazonaws.com%2Fea%2Fda%2Fe13f63584f138d7942573aad2685%2Fap25294549955757.jpg 1600w,&#10;https:\/\/npr.brightspotcdn.com\/dims3\/default\/strip\/false\/crop\/4500x3000+0+0\/resize\/1800\/quality\/85\/format\/jpeg\/?url=http%3A%2F%2Fnpr-brightspot.s3.amazonaws.com%2Fea%2Fda%2Fe13f63584f138d7942573aad2685%2Fap25294549955757.jpg 1800w\" data-template=\"https:\/\/npr.brightspotcdn.com\/dims3\/default\/strip\/false\/crop\/4500x3000+0+0\/resize\/{width}\/quality\/{quality}\/format\/{format}\/?url=http%3A%2F%2Fnpr-brightspot.s3.amazonaws.com%2Fea%2Fda%2Fe13f63584f138d7942573aad2685%2Fap25294549955757.jpg\" sizes=\"(min-width: 1025px) 650px, calc(100vw - 30px)\" class=\"img\" type=\"image\/jpeg\"\/><img decoding=\"async\" src=\"https:\/\/npr.brightspotcdn.com\/dims3\/default\/strip\/false\/crop\/4500x3000+0+0\/resize\/1100\/quality\/50\/format\/jpeg\/?url=http%3A%2F%2Fnpr-brightspot.s3.amazonaws.com%2Fea%2Fda%2Fe13f63584f138d7942573aad2685%2Fap25294549955757.jpg\" data-template=\"https:\/\/npr.brightspotcdn.com\/dims3\/default\/strip\/false\/crop\/4500x3000+0+0\/resize\/{width}\/quality\/{quality}\/format\/{format}\/?url=http%3A%2F%2Fnpr-brightspot.s3.amazonaws.com%2Fea%2Fda%2Fe13f63584f138d7942573aad2685%2Fap25294549955757.jpg\" class=\"img\" alt=\"Japan's Prime Minister Sanae Takaichi poses with her new cabinet members at the prime minister's office in Tokyo on Tuesday.  \" loading=\"lazy\"\/>\n        <\/picture>\n<\/div>\n<div class=\"credit-caption\">\n<div class=\"caption-wrap\">\n<div class=\"caption\" aria-label=\"Image caption\">\n<p>\n                Japan&#8217;s Prime Minister Sanae Takaichi poses with her new cabinet members at the prime minister&#8217;s office in Tokyo on Tuesday. She appointed two female cabinet members, despite her campaign promises to elevate their representation to &#8220;Nordic levels.&#8221;<br \/>\n                <b class=\"credit\" aria-label=\"Image credit\"><\/p>\n<p>                    Kiyoshi Ota\/Pool Bloomberg<\/p>\n<p>                <\/b><br \/>\n                <b class=\"hide-caption\"><b>hide caption<\/b><\/b>\n            <\/p>\n<\/p><\/div>\n<p>            <b class=\"toggle-caption\"><b>toggle caption<\/b><\/b>\n    <\/div>\n<p>    <span class=\"credit\" aria-label=\"Image credit\"><\/p>\n<p>        Kiyoshi Ota\/Pool Bloomberg<\/p>\n<p>    <\/span>\n<\/div>\n<\/p><\/div>\n<p>Hall says Takaichi has had to be more conservative than her male colleagues in order to take the helm of the party. While she and her role model Margaret Thatcher differ in their approaches to fiscal policy, he says both are conservative, hawkish and &#8220;do not want to be seen as weak.&#8221;<\/p>\n<aside id=\"ad-overflow-4-wrap\" class=\"ad-wrap overflow-4\" aria-label=\"advertisement\">\n<\/aside>\n<p>&#8220;She maybe, in a way, has modeled her rise on Margaret Thatcher by being this very strong figure, despite coming [up] in a party of very conservative men who generally do not promote women to the highest positions,&#8221; he adds.<\/p>\n<h3 class=\"edTag\">5. She appears friendly toward Trump<\/h3>\n<p>Takaichi has indicated a friendliness toward President Trump, who called her &#8220;a highly respected person of great wisdom and strength&#8221; in a <a href=\"https:\/\/x.com\/takaichi_sanae\/status\/1975385537071751465\" target=\"_blank\">social media post<\/a> earlier this month congratulating her on her rise to party leadership and her expected ascension to prime minister.<\/p>\n<p>She responded with a post of her own, writing in both English and Japanese that she is &#8220;truly hoping to work together with President Trump to make our alliance even stronger &amp; more prosperous, and to advance a Free and Open Indo-Pacific.&#8221;<\/p>\n<div id=\"resnx-s1-5581255-104\" class=\"bucketwrap internallink insettwocolumn inset2col \">\n<div class=\"bucket img\">\n                  <a class=\"imagewrap\" id=\"featuredStackSquareImagenx-s1-5476800\" href=\"https:\/\/www.npr.org\/2025\/07\/22\/nx-s1-5476800\/trump-trade-deal-japan\" data-metrics-ga4=\"{&quot;category&quot;:&quot;recirculation&quot;,&quot;action&quot;:&quot;story_recirculation_click&quot;,&quot;clickType&quot;:&quot;inset box&quot;,&quot;clickUrl&quot;:&quot;https:\\\/\\\/www.npr.org\\\/2025\\\/07\\\/22\\\/nx-s1-5476800\\\/trump-trade-deal-japan&quot;}\"><picture><source srcset=\"https:\/\/npr.brightspotcdn.com\/dims3\/default\/strip\/false\/crop\/5416x5416+1461+0\/resize\/100\/quality\/85\/format\/jpeg\/?url=http%3A%2F%2Fnpr-brightspot.s3.amazonaws.com%2F0b%2F7d%2F9c94527a4ae9a06196f9d6d05c6e%2Fgettyimages-2198228882.jpg\" data-original=\"https:\/\/npr.brightspotcdn.com\/dims3\/default\/strip\/false\/crop\/5416x5416+1461+0\/resize\/100\/quality\/100\/format\/jpeg\/?url=http%3A%2F%2Fnpr-brightspot.s3.amazonaws.com%2F0b%2F7d%2F9c94527a4ae9a06196f9d6d05c6e%2Fgettyimages-2198228882.jpg\" data-template=\"https:\/\/npr.brightspotcdn.com\/dims3\/default\/strip\/false\/crop\/5416x5416+1461+0\/resize\/{width}\/quality\/{quality}\/format\/{format}\/?url=http%3A%2F%2Fnpr-brightspot.s3.amazonaws.com%2F0b%2F7d%2F9c94527a4ae9a06196f9d6d05c6e%2Fgettyimages-2198228882.jpg\" data-format=\"webp\" class=\"img lazyOnLoad\" type=\"image\/webp\"\/><source srcset=\"https:\/\/npr.brightspotcdn.com\/dims3\/default\/strip\/false\/crop\/5416x5416+1461+0\/resize\/100\/quality\/85\/format\/jpeg\/?url=http%3A%2F%2Fnpr-brightspot.s3.amazonaws.com%2F0b%2F7d%2F9c94527a4ae9a06196f9d6d05c6e%2Fgettyimages-2198228882.jpg\" data-original=\"https:\/\/npr.brightspotcdn.com\/dims3\/default\/strip\/false\/crop\/5416x5416+1461+0\/resize\/100\/quality\/100\/format\/jpeg\/?url=http%3A%2F%2Fnpr-brightspot.s3.amazonaws.com%2F0b%2F7d%2F9c94527a4ae9a06196f9d6d05c6e%2Fgettyimages-2198228882.jpg\" data-template=\"https:\/\/npr.brightspotcdn.com\/dims3\/default\/strip\/false\/crop\/5416x5416+1461+0\/resize\/{width}\/quality\/{quality}\/format\/{format}\/?url=http%3A%2F%2Fnpr-brightspot.s3.amazonaws.com%2F0b%2F7d%2F9c94527a4ae9a06196f9d6d05c6e%2Fgettyimages-2198228882.jpg\" data-format=\"jpeg\" class=\"img lazyOnLoad\" type=\"image\/jpeg\"\/><img decoding=\"async\" src=\"https:\/\/npr.brightspotcdn.com\/dims3\/default\/strip\/false\/crop\/5416x5416+1461+0\/resize\/100\/quality\/100\/format\/jpeg\/?url=http%3A%2F%2Fnpr-brightspot.s3.amazonaws.com%2F0b%2F7d%2F9c94527a4ae9a06196f9d6d05c6e%2Fgettyimages-2198228882.jpg\" data-template=\"https:\/\/npr.brightspotcdn.com\/dims3\/default\/strip\/false\/crop\/5416x5416+1461+0\/resize\/{width}\/quality\/{quality}\/format\/{format}\/?url=http%3A%2F%2Fnpr-brightspot.s3.amazonaws.com%2F0b%2F7d%2F9c94527a4ae9a06196f9d6d05c6e%2Fgettyimages-2198228882.jpg\" data-format=\"jpeg\" class=\"img lazyOnLoad\" alt=\"President Trump and Japanese Prime Minister Shigeru Ishiba hold a joint press conference at the White House on Feb. 7 in Washington, D.C.\" loading=\"lazy\"\/><\/picture><\/a>         <\/p>\n<p><!-- END CLASS=\"BUCKETBLOCK\" -->\n      <\/div>\n<p><!-- END CLASS=\"BUCKET IMG\" -->\n   <\/div>\n<p><!-- END ID=\"RESNX-S1-5581255-104\" CLASS=\"BUCKETWRAP INTERNALLINK INSETTWOCOLUMN INSET2COL \" --><\/p>\n<p>Hall says Trump likely has a good first impression of Takaichi already, because of her reputation as an &#8220;anti-immigration, hard-line conservative who is a respecter of his late friend Shinzo Abe.&#8221;<\/p>\n<p>Abe was one of the first foreign leaders to cultivate a relationship with Trump during his first term. The <a href=\"https:\/\/thediplomat.com\/2024\/11\/was-the-abe-trump-bromance-a-real-thing\/\" target=\"_blank\">two became friends<\/a> as they bonded over wagyu beef burgers, sumo wrestling and golf.<\/p>\n<p>Trump is expected to meet Takaichi on a visit to Japan later this month. Hall predicts she will follow the same playbook as her predecessors:<\/p>\n<p>&#8220;You be as nice as possible to the president, you show him the maximum respect, you do not have public disagreements with him,&#8221; he says. &#8220;And when you do disagree over policy, you do it in a very subtle way that doesn&#8217;t seem like you&#8217;re telling the president he&#8217;s wrong.&#8221;<\/p>\n<\/div>\n<p><a href=\"https:\/\/www.npr.org\/2025\/10\/21\/nx-s1-5581255\/sanae-takaichi-japan-prime-minister\">Source link <\/a><\/p>\n","protected":false},"excerpt":{"rendered":"<p>Japan&#8217;s new prime minister, Sanae Takaichi has worked in politics since 1993 and spent many years in the late Shinzo Abe&#8217;s administration. Kim Kyung-Hoon\/Pool\/Getty Images hide caption toggle caption Kim Kyung-Hoon\/Pool\/Getty Images Japan&#8217;s first-ever female prime minister, Sanae Takaichi, is a conservative with a traditional view of gender roles and a penchant for heavy metal [&hellip;]<\/p>\n","protected":false},"author":1,"featured_media":72162,"comment_status":"","ping_status":"","sticky":false,"template":"","format":"standard","meta":{"googlesitekit_rrm_CAow2JLhCw:productID":"","_gspb_post_css":"","maa_idioma":"","maa_pais":"","footnotes":""},"categories":[1],"tags":[4073,4072,4075,4076,4074,4070,4071],"class_list":["post-72161","post","type-post","status-publish","format-standard","has-post-thumbnail","hentry","category-ubirata","tag-female","tag-japans","tag-minister","tag-npr","tag-prime","tag-sanae","tag-takaichi"],"blocksy_meta":[],"yoast_head":"<!-- This site is optimized with the Yoast SEO Premium plugin v27.6 (Yoast SEO v27.6) - https:\/\/yoast.com\/product\/yoast-seo-premium-wordpress\/ -->\n<title>Who is Sanae Takaichi, Japan&#039;s first female prime minister? : NPR - Ubirat\u00e3 Online Not\u00edcias - A realidade ao seu alcance!<\/title>\n<meta name=\"description\" content=\"Japan&#039;s new prime minister, Sanae Takaichi has worked in politics since 1993 and spent many years in the late Shinzo Abe&#039;s administration. Kim\" \/>\n<meta name=\"robots\" content=\"index, follow, max-snippet:-1, max-image-preview:large, max-video-preview:-1\" \/>\n<link rel=\"canonical\" href=\"https:\/\/ubirataonline.com.br\/en\/who-is-sanae-takaichi-japans-first-female-prime-minister-npr\/\" \/>\n<meta property=\"og:locale\" content=\"en_US\" \/>\n<meta property=\"og:type\" content=\"article\" \/>\n<meta property=\"og:title\" content=\"Who is Sanae Takaichi, Japan&#039;s first female prime minister? : NPR\" \/>\n<meta property=\"og:description\" content=\"Japan&#039;s new prime minister, Sanae Takaichi has worked in politics since 1993 and spent many years in the late Shinzo Abe&#039;s administration. Kim\" \/>\n<meta property=\"og:url\" content=\"https:\/\/ubirataonline.com.br\/en\/who-is-sanae-takaichi-japans-first-female-prime-minister-npr\/\" \/>\n<meta property=\"og:site_name\" content=\"Ubirat\u00e3 Online Not\u00edcias - A realidade ao seu alcance!\" \/>\n<meta property=\"article:publisher\" content=\"https:\/\/www.facebook.com\/portalubirataonline\" \/>\n<meta property=\"article:author\" content=\"https:\/\/www.facebook.com\/portalubirataonline\" \/>\n<meta property=\"article:published_time\" content=\"2025-10-23T10:29:23+00:00\" \/>\n<meta property=\"og:image\" content=\"https:\/\/npr.brightspotcdn.com\/dims3\/default\/strip\/false\/crop\/5500x3656+0+0\/resize\/1100\/quality\/50\/format\/jpeg\/?url=http%3A%2F%2Fnpr-brightspot.s3.amazonaws.com%2Fc7%2F76%2F1bff6a3347f1868a0bb53389277f%2Fgettyimages-2238694829.jpg\" \/>\n<meta name=\"author\" content=\"REDA\u00c7\u00c3O: UBIRAT\u00c3 ONLINE - F\u00c1BIO AUGUSTO CELESTINO\" \/>\n<meta name=\"twitter:card\" content=\"summary_large_image\" \/>\n<meta name=\"twitter:creator\" content=\"@x.com\/ubirataonline\" \/>\n<meta name=\"twitter:site\" content=\"@ubirataonline\" \/>\n<meta name=\"twitter:label1\" content=\"Written by\" \/>\n\t<meta name=\"twitter:data1\" content=\"REDA\u00c7\u00c3O: UBIRAT\u00c3 ONLINE - F\u00c1BIO AUGUSTO CELESTINO\" \/>\n\t<meta name=\"twitter:label2\" content=\"Est. reading time\" \/>\n\t<meta name=\"twitter:data2\" content=\"9 minutes\" \/>\n<script type=\"application\/ld+json\" class=\"yoast-schema-graph\">{\"@context\":\"https:\\\/\\\/schema.org\",\"@graph\":[{\"@type\":\"NewsArticle\",\"@id\":\"https:\\\/\\\/ubirataonline.com.br\\\/who-is-sanae-takaichi-japans-first-female-prime-minister-npr\\\/#article\",\"isPartOf\":{\"@id\":\"https:\\\/\\\/ubirataonline.com.br\\\/who-is-sanae-takaichi-japans-first-female-prime-minister-npr\\\/\"},\"author\":{\"name\":\"REDA\u00c7\u00c3O: UBIRAT\u00c3 ONLINE - F\u00c1BIO AUGUSTO CELESTINO\",\"@id\":\"https:\\\/\\\/ubirataonline.com.br\\\/#\\\/schema\\\/person\\\/372f87bbd3fdd79b8556b84c98d0bc1c\"},\"headline\":\"Who is Sanae Takaichi, Japan&#8217;s first female prime minister? : NPR\",\"datePublished\":\"2025-10-23T10:29:23+00:00\",\"mainEntityOfPage\":{\"@id\":\"https:\\\/\\\/ubirataonline.com.br\\\/who-is-sanae-takaichi-japans-first-female-prime-minister-npr\\\/\"},\"wordCount\":1785,\"publisher\":{\"@id\":\"https:\\\/\\\/ubirataonline.com.br\\\/#organization\"},\"image\":{\"@id\":\"https:\\\/\\\/ubirataonline.com.br\\\/who-is-sanae-takaichi-japans-first-female-prime-minister-npr\\\/#primaryimage\"},\"thumbnailUrl\":\"https:\\\/\\\/ubirataonline.com.br\\\/wp-content\\\/uploads\\\/2025\\\/10\\\/urlhttp3A2F2Fnpr-brightspot.s3.amazonaws.com2Fc72F762F1bff6a3347f1868a0bb53389277f2Fgettyim.jpeg\",\"keywords\":[\"female\",\"Japans\",\"minister\",\"NPR\",\"prime\",\"Sanae\",\"Takaichi\"],\"articleSection\":[\"Ubirat\u00e3\"],\"inLanguage\":\"en-US\",\"copyrightYear\":\"2025\",\"copyrightHolder\":{\"@id\":\"https:\\\/\\\/ubirataonline.com.br\\\/en\\\/#organization\"}},{\"@type\":\"WebPage\",\"@id\":\"https:\\\/\\\/ubirataonline.com.br\\\/who-is-sanae-takaichi-japans-first-female-prime-minister-npr\\\/\",\"url\":\"https:\\\/\\\/ubirataonline.com.br\\\/who-is-sanae-takaichi-japans-first-female-prime-minister-npr\\\/\",\"name\":\"Who is Sanae Takaichi, Japan's first female prime minister? : NPR - Ubirat\u00e3 Online Not\u00edcias - A realidade ao seu alcance!\",\"isPartOf\":{\"@id\":\"https:\\\/\\\/ubirataonline.com.br\\\/#website\"},\"primaryImageOfPage\":{\"@id\":\"https:\\\/\\\/ubirataonline.com.br\\\/who-is-sanae-takaichi-japans-first-female-prime-minister-npr\\\/#primaryimage\"},\"image\":{\"@id\":\"https:\\\/\\\/ubirataonline.com.br\\\/who-is-sanae-takaichi-japans-first-female-prime-minister-npr\\\/#primaryimage\"},\"thumbnailUrl\":\"https:\\\/\\\/ubirataonline.com.br\\\/wp-content\\\/uploads\\\/2025\\\/10\\\/urlhttp3A2F2Fnpr-brightspot.s3.amazonaws.com2Fc72F762F1bff6a3347f1868a0bb53389277f2Fgettyim.jpeg\",\"datePublished\":\"2025-10-23T10:29:23+00:00\",\"description\":\"Japan's new prime minister, Sanae Takaichi has worked in politics since 1993 and spent many years in the late Shinzo Abe's administration. Kim\",\"breadcrumb\":{\"@id\":\"https:\\\/\\\/ubirataonline.com.br\\\/who-is-sanae-takaichi-japans-first-female-prime-minister-npr\\\/#breadcrumb\"},\"inLanguage\":\"en-US\",\"potentialAction\":[{\"@type\":\"ReadAction\",\"target\":[\"https:\\\/\\\/ubirataonline.com.br\\\/who-is-sanae-takaichi-japans-first-female-prime-minister-npr\\\/\"]}]},{\"@type\":\"ImageObject\",\"inLanguage\":\"en-US\",\"@id\":\"https:\\\/\\\/ubirataonline.com.br\\\/who-is-sanae-takaichi-japans-first-female-prime-minister-npr\\\/#primaryimage\",\"url\":\"https:\\\/\\\/ubirataonline.com.br\\\/wp-content\\\/uploads\\\/2025\\\/10\\\/urlhttp3A2F2Fnpr-brightspot.s3.amazonaws.com2Fc72F762F1bff6a3347f1868a0bb53389277f2Fgettyim.jpeg\",\"contentUrl\":\"https:\\\/\\\/ubirataonline.com.br\\\/wp-content\\\/uploads\\\/2025\\\/10\\\/urlhttp3A2F2Fnpr-brightspot.s3.amazonaws.com2Fc72F762F1bff6a3347f1868a0bb53389277f2Fgettyim.jpeg\",\"width\":1400,\"height\":788},{\"@type\":\"BreadcrumbList\",\"@id\":\"https:\\\/\\\/ubirataonline.com.br\\\/who-is-sanae-takaichi-japans-first-female-prime-minister-npr\\\/#breadcrumb\",\"itemListElement\":[{\"@type\":\"ListItem\",\"position\":1,\"name\":\"In\u00edcio\",\"item\":\"https:\\\/\\\/ubirataonline.com.br\\\/\"},{\"@type\":\"ListItem\",\"position\":2,\"name\":\"Who is Sanae Takaichi, Japan&#8217;s first female prime minister? : NPR\"}]},{\"@type\":\"WebSite\",\"@id\":\"https:\\\/\\\/ubirataonline.com.br\\\/#website\",\"url\":\"https:\\\/\\\/ubirataonline.com.br\\\/\",\"name\":\"Ubirat\u00e3 Online Not\u00edcias\",\"description\":\"Not\u00edcias de Ubirat\u00e3, regi\u00e3o, Brasil e mundo, com informa\u00e7\u00e3o atualizada e compromisso com o leitor.\",\"publisher\":{\"@id\":\"https:\\\/\\\/ubirataonline.com.br\\\/#organization\"},\"alternateName\":\"Ubirat\u00e3 Online\",\"potentialAction\":[{\"@type\":\"SearchAction\",\"target\":{\"@type\":\"EntryPoint\",\"urlTemplate\":\"https:\\\/\\\/ubirataonline.com.br\\\/?s={search_term_string}\"},\"query-input\":{\"@type\":\"PropertyValueSpecification\",\"valueRequired\":true,\"valueName\":\"search_term_string\"}}],\"inLanguage\":\"en-US\"},{\"@type\":[\"Organization\",\"Place\"],\"@id\":\"https:\\\/\\\/ubirataonline.com.br\\\/#organization\",\"name\":\"Ubirat\u00e3 Online Not\u00edcias\",\"alternateName\":\"Ubirat\u00e3 Online\",\"url\":\"https:\\\/\\\/ubirataonline.com.br\\\/\",\"logo\":{\"@id\":\"https:\\\/\\\/ubirataonline.com.br\\\/who-is-sanae-takaichi-japans-first-female-prime-minister-npr\\\/#local-main-organization-logo\"},\"image\":{\"@id\":\"https:\\\/\\\/ubirataonline.com.br\\\/who-is-sanae-takaichi-japans-first-female-prime-minister-npr\\\/#local-main-organization-logo\"},\"sameAs\":[\"https:\\\/\\\/www.facebook.com\\\/portalubirataonline\",\"https:\\\/\\\/x.com\\\/ubirataonline\",\"https:\\\/\\\/mastodon.social\\\/@ubirataonline\",\"https:\\\/\\\/www.facebook.com\\\/groups\\\/311144672285604\",\"https:\\\/\\\/www.facebook.com\\\/UBTAOnline\",\"https:\\\/\\\/www.instagram.com\\\/portalubirataonline\\\/\",\"https:\\\/\\\/twitter.com\\\/ubirataonline\"],\"description\":\"Somos um portal de not\u00edcias independente, criado em 5 de janeiro de 2009, com o objetivo de informar, conectar e valorizar a nossa comunidade de Ubirat\u00e3 e toda aregi\u00e3o. Com conte\u00fado atualizado, confi\u00e1vel e relevante, o Ubirat\u00e3 Online \u00e9 o seu espa\u00e7o para ficar por dentro dos principais acontecimentos locais, regionais, Brasil, Mundo e de interesse geral. Nosso compromisso \u00e9 com a verdade, a transpar\u00eancia e o respeito ao leitor.\",\"legalName\":\"UBIRATA ONLINE NOT\u00cdCIAS\",\"foundingDate\":\"2009-01-05\",\"numberOfEmployees\":{\"@type\":\"QuantitativeValue\",\"minValue\":\"1\",\"maxValue\":\"10\"},\"publishingPrinciples\":\"https:\\\/\\\/ubirataonline.com.br\\\/faq\\\/\",\"address\":{\"@id\":\"https:\\\/\\\/ubirataonline.com.br\\\/who-is-sanae-takaichi-japans-first-female-prime-minister-npr\\\/#local-main-place-address\"},\"geo\":{\"@type\":\"GeoCoordinates\",\"latitude\":\"-24.5361401\",\"longitude\":\"-52.9921776\"},\"telephone\":[\"+5544998308235\"],\"contactPoint\":{\"@type\":\"ContactPoint\",\"email\":\"contato@ubirataonline.com.br\"},\"openingHoursSpecification\":{\"@type\":\"OpeningHoursSpecification\",\"dayOfWeek\":[\"Monday\",\"Tuesday\",\"Wednesday\",\"Thursday\",\"Friday\",\"Saturday\",\"Sunday\"],\"opens\":\"00:00\",\"closes\":\"23:59\"},\"email\":\"contato@ubirataonline.com.br\",\"vatID\":\"47.621.418\\\/0001-80\"},{\"@type\":\"Person\",\"@id\":\"https:\\\/\\\/ubirataonline.com.br\\\/#\\\/schema\\\/person\\\/372f87bbd3fdd79b8556b84c98d0bc1c\",\"name\":\"REDA\u00c7\u00c3O: UBIRAT\u00c3 ONLINE - F\u00c1BIO AUGUSTO CELESTINO\",\"pronouns\":\"Ele\",\"description\":\"Desde 2003 trabalhando com not\u00edcias.\",\"sameAs\":[\"http:\\\/\\\/ubirataoline.com.br\",\"https:\\\/\\\/www.facebook.com\\\/portalubirataonline\",\"https:\\\/\\\/www.instagram.com\\\/ubirataonline_oficial\",\"https:\\\/\\\/x.com\\\/x.com\\\/ubirataonline\"],\"honorificPrefix\":\"Mr.\",\"honorificSuffix\":\"MD\",\"birthDate\":\"1980-06-16\",\"gender\":\"masculino\",\"award\":[\"V\u00e1rios pr\u00eamios de melhor portal da cidade\"],\"jobTitle\":\"Diretor\",\"url\":\"https:\\\/\\\/ubirataonline.com.br\\\/en\\\/author\\\/ubirataonline\\\/\"},{\"@type\":\"PostalAddress\",\"@id\":\"https:\\\/\\\/ubirataonline.com.br\\\/who-is-sanae-takaichi-japans-first-female-prime-minister-npr\\\/#local-main-place-address\",\"streetAddress\":\"Rua dos Coqueiros, 104 - Bairro Boa Vista, Rua dos Coqueiros, 104 Bairro Boa Vista\",\"addressLocality\":\"UBIRATA\",\"postalCode\":\"85440-000\",\"addressRegion\":\"PR\",\"addressCountry\":\"BR\"},{\"@type\":\"ImageObject\",\"inLanguage\":\"en-US\",\"@id\":\"https:\\\/\\\/ubirataonline.com.br\\\/who-is-sanae-takaichi-japans-first-female-prime-minister-npr\\\/#local-main-organization-logo\",\"url\":\"https:\\\/\\\/ubirataonline.com.br\\\/wp-content\\\/uploads\\\/2026\\\/06\\\/logoubirataonline-1.webp\",\"contentUrl\":\"https:\\\/\\\/ubirataonline.com.br\\\/wp-content\\\/uploads\\\/2026\\\/06\\\/logoubirataonline-1.webp\",\"width\":500,\"height\":500,\"caption\":\"Ubirat\u00e3 Online Not\u00edcias\"}]}<\/script>\n<meta name=\"geo.placename\" content=\"UBIRATA\" \/>\n<meta name=\"geo.position\" content=\"-24.5361401;-52.9921776\" \/>\n<meta name=\"geo.region\" content=\"Brazil\" \/>\n<!-- \/ Yoast SEO Premium plugin. -->","yoast_head_json":{"title":"Who is Sanae Takaichi, Japan's first female prime minister? : NPR - Ubirat\u00e3 Online Not\u00edcias - A realidade ao seu alcance!","description":"Japan's new prime minister, Sanae Takaichi has worked in politics since 1993 and spent many years in the late Shinzo Abe's administration. Kim","robots":{"index":"index","follow":"follow","max-snippet":"max-snippet:-1","max-image-preview":"max-image-preview:large","max-video-preview":"max-video-preview:-1"},"canonical":"https:\/\/ubirataonline.com.br\/en\/who-is-sanae-takaichi-japans-first-female-prime-minister-npr\/","og_locale":"en_US","og_type":"article","og_title":"Who is Sanae Takaichi, Japan's first female prime minister? : NPR","og_description":"Japan's new prime minister, Sanae Takaichi has worked in politics since 1993 and spent many years in the late Shinzo Abe's administration. Kim","og_url":"https:\/\/ubirataonline.com.br\/en\/who-is-sanae-takaichi-japans-first-female-prime-minister-npr\/","og_site_name":"Ubirat\u00e3 Online Not\u00edcias - A realidade ao seu alcance!","article_publisher":"https:\/\/www.facebook.com\/portalubirataonline","article_author":"https:\/\/www.facebook.com\/portalubirataonline","article_published_time":"2025-10-23T10:29:23+00:00","og_image":[{"url":"https:\/\/npr.brightspotcdn.com\/dims3\/default\/strip\/false\/crop\/5500x3656+0+0\/resize\/1100\/quality\/50\/format\/jpeg\/?url=http%3A%2F%2Fnpr-brightspot.s3.amazonaws.com%2Fc7%2F76%2F1bff6a3347f1868a0bb53389277f%2Fgettyimages-2238694829.jpg","type":"","width":"","height":""}],"author":"REDA\u00c7\u00c3O: UBIRAT\u00c3 ONLINE - F\u00c1BIO AUGUSTO CELESTINO","twitter_card":"summary_large_image","twitter_creator":"@x.com\/ubirataonline","twitter_site":"@ubirataonline","twitter_misc":{"Written by":"REDA\u00c7\u00c3O: UBIRAT\u00c3 ONLINE - F\u00c1BIO AUGUSTO CELESTINO","Est. reading time":"9 minutes"},"schema":{"@context":"https:\/\/schema.org","@graph":[{"@type":"NewsArticle","@id":"https:\/\/ubirataonline.com.br\/who-is-sanae-takaichi-japans-first-female-prime-minister-npr\/#article","isPartOf":{"@id":"https:\/\/ubirataonline.com.br\/who-is-sanae-takaichi-japans-first-female-prime-minister-npr\/"},"author":{"name":"REDA\u00c7\u00c3O: UBIRAT\u00c3 ONLINE - F\u00c1BIO AUGUSTO CELESTINO","@id":"https:\/\/ubirataonline.com.br\/#\/schema\/person\/372f87bbd3fdd79b8556b84c98d0bc1c"},"headline":"Who is Sanae Takaichi, Japan&#8217;s first female prime minister? : NPR","datePublished":"2025-10-23T10:29:23+00:00","mainEntityOfPage":{"@id":"https:\/\/ubirataonline.com.br\/who-is-sanae-takaichi-japans-first-female-prime-minister-npr\/"},"wordCount":1785,"publisher":{"@id":"https:\/\/ubirataonline.com.br\/#organization"},"image":{"@id":"https:\/\/ubirataonline.com.br\/who-is-sanae-takaichi-japans-first-female-prime-minister-npr\/#primaryimage"},"thumbnailUrl":"https:\/\/ubirataonline.com.br\/wp-content\/uploads\/2025\/10\/urlhttp3A2F2Fnpr-brightspot.s3.amazonaws.com2Fc72F762F1bff6a3347f1868a0bb53389277f2Fgettyim.jpeg","keywords":["female","Japans","minister","NPR","prime","Sanae","Takaichi"],"articleSection":["Ubirat\u00e3"],"inLanguage":"en-US","copyrightYear":"2025","copyrightHolder":{"@id":"https:\/\/ubirataonline.com.br\/en\/#organization"}},{"@type":"WebPage","@id":"https:\/\/ubirataonline.com.br\/who-is-sanae-takaichi-japans-first-female-prime-minister-npr\/","url":"https:\/\/ubirataonline.com.br\/who-is-sanae-takaichi-japans-first-female-prime-minister-npr\/","name":"Who is Sanae Takaichi, Japan's first female prime minister? : NPR - Ubirat\u00e3 Online Not\u00edcias - A realidade ao seu alcance!","isPartOf":{"@id":"https:\/\/ubirataonline.com.br\/#website"},"primaryImageOfPage":{"@id":"https:\/\/ubirataonline.com.br\/who-is-sanae-takaichi-japans-first-female-prime-minister-npr\/#primaryimage"},"image":{"@id":"https:\/\/ubirataonline.com.br\/who-is-sanae-takaichi-japans-first-female-prime-minister-npr\/#primaryimage"},"thumbnailUrl":"https:\/\/ubirataonline.com.br\/wp-content\/uploads\/2025\/10\/urlhttp3A2F2Fnpr-brightspot.s3.amazonaws.com2Fc72F762F1bff6a3347f1868a0bb53389277f2Fgettyim.jpeg","datePublished":"2025-10-23T10:29:23+00:00","description":"Japan's new prime minister, Sanae Takaichi has worked in politics since 1993 and spent many years in the late Shinzo Abe's administration. Kim","breadcrumb":{"@id":"https:\/\/ubirataonline.com.br\/who-is-sanae-takaichi-japans-first-female-prime-minister-npr\/#breadcrumb"},"inLanguage":"en-US","potentialAction":[{"@type":"ReadAction","target":["https:\/\/ubirataonline.com.br\/who-is-sanae-takaichi-japans-first-female-prime-minister-npr\/"]}]},{"@type":"ImageObject","inLanguage":"en-US","@id":"https:\/\/ubirataonline.com.br\/who-is-sanae-takaichi-japans-first-female-prime-minister-npr\/#primaryimage","url":"https:\/\/ubirataonline.com.br\/wp-content\/uploads\/2025\/10\/urlhttp3A2F2Fnpr-brightspot.s3.amazonaws.com2Fc72F762F1bff6a3347f1868a0bb53389277f2Fgettyim.jpeg","contentUrl":"https:\/\/ubirataonline.com.br\/wp-content\/uploads\/2025\/10\/urlhttp3A2F2Fnpr-brightspot.s3.amazonaws.com2Fc72F762F1bff6a3347f1868a0bb53389277f2Fgettyim.jpeg","width":1400,"height":788},{"@type":"BreadcrumbList","@id":"https:\/\/ubirataonline.com.br\/who-is-sanae-takaichi-japans-first-female-prime-minister-npr\/#breadcrumb","itemListElement":[{"@type":"ListItem","position":1,"name":"In\u00edcio","item":"https:\/\/ubirataonline.com.br\/"},{"@type":"ListItem","position":2,"name":"Who is Sanae Takaichi, Japan&#8217;s first female prime minister? : NPR"}]},{"@type":"WebSite","@id":"https:\/\/ubirataonline.com.br\/#website","url":"https:\/\/ubirataonline.com.br\/","name":"Ubirat\u00e3 Online Not\u00edcias","description":"Not\u00edcias de Ubirat\u00e3, regi\u00e3o, Brasil e mundo, com informa\u00e7\u00e3o atualizada e compromisso com o leitor.","publisher":{"@id":"https:\/\/ubirataonline.com.br\/#organization"},"alternateName":"Ubirat\u00e3 Online","potentialAction":[{"@type":"SearchAction","target":{"@type":"EntryPoint","urlTemplate":"https:\/\/ubirataonline.com.br\/?s={search_term_string}"},"query-input":{"@type":"PropertyValueSpecification","valueRequired":true,"valueName":"search_term_string"}}],"inLanguage":"en-US"},{"@type":["Organization","Place"],"@id":"https:\/\/ubirataonline.com.br\/#organization","name":"Ubirat\u00e3 Online Not\u00edcias","alternateName":"Ubirat\u00e3 Online","url":"https:\/\/ubirataonline.com.br\/","logo":{"@id":"https:\/\/ubirataonline.com.br\/who-is-sanae-takaichi-japans-first-female-prime-minister-npr\/#local-main-organization-logo"},"image":{"@id":"https:\/\/ubirataonline.com.br\/who-is-sanae-takaichi-japans-first-female-prime-minister-npr\/#local-main-organization-logo"},"sameAs":["https:\/\/www.facebook.com\/portalubirataonline","https:\/\/x.com\/ubirataonline","https:\/\/mastodon.social\/@ubirataonline","https:\/\/www.facebook.com\/groups\/311144672285604","https:\/\/www.facebook.com\/UBTAOnline","https:\/\/www.instagram.com\/portalubirataonline\/","https:\/\/twitter.com\/ubirataonline"],"description":"Somos um portal de not\u00edcias independente, criado em 5 de janeiro de 2009, com o objetivo de informar, conectar e valorizar a nossa comunidade de Ubirat\u00e3 e toda aregi\u00e3o. Com conte\u00fado atualizado, confi\u00e1vel e relevante, o Ubirat\u00e3 Online \u00e9 o seu espa\u00e7o para ficar por dentro dos principais acontecimentos locais, regionais, Brasil, Mundo e de interesse geral. Nosso compromisso \u00e9 com a verdade, a transpar\u00eancia e o respeito ao leitor.","legalName":"UBIRATA ONLINE NOT\u00cdCIAS","foundingDate":"2009-01-05","numberOfEmployees":{"@type":"QuantitativeValue","minValue":"1","maxValue":"10"},"publishingPrinciples":"https:\/\/ubirataonline.com.br\/faq\/","address":{"@id":"https:\/\/ubirataonline.com.br\/who-is-sanae-takaichi-japans-first-female-prime-minister-npr\/#local-main-place-address"},"geo":{"@type":"GeoCoordinates","latitude":"-24.5361401","longitude":"-52.9921776"},"telephone":["+5544998308235"],"contactPoint":{"@type":"ContactPoint","email":"contato@ubirataonline.com.br"},"openingHoursSpecification":{"@type":"OpeningHoursSpecification","dayOfWeek":["Monday","Tuesday","Wednesday","Thursday","Friday","Saturday","Sunday"],"opens":"00:00","closes":"23:59"},"email":"contato@ubirataonline.com.br","vatID":"47.621.418\/0001-80"},{"@type":"Person","@id":"https:\/\/ubirataonline.com.br\/#\/schema\/person\/372f87bbd3fdd79b8556b84c98d0bc1c","name":"REDA\u00c7\u00c3O: UBIRAT\u00c3 ONLINE - F\u00c1BIO AUGUSTO CELESTINO","pronouns":"Ele","description":"Desde 2003 trabalhando com not\u00edcias.","sameAs":["http:\/\/ubirataoline.com.br","https:\/\/www.facebook.com\/portalubirataonline","https:\/\/www.instagram.com\/ubirataonline_oficial","https:\/\/x.com\/x.com\/ubirataonline"],"honorificPrefix":"Mr.","honorificSuffix":"MD","birthDate":"1980-06-16","gender":"masculino","award":["V\u00e1rios pr\u00eamios de melhor portal da cidade"],"jobTitle":"Diretor","url":"https:\/\/ubirataonline.com.br\/en\/author\/ubirataonline\/"},{"@type":"PostalAddress","@id":"https:\/\/ubirataonline.com.br\/who-is-sanae-takaichi-japans-first-female-prime-minister-npr\/#local-main-place-address","streetAddress":"Rua dos Coqueiros, 104 - Bairro Boa Vista, Rua dos Coqueiros, 104 Bairro Boa Vista","addressLocality":"UBIRATA","postalCode":"85440-000","addressRegion":"PR","addressCountry":"BR"},{"@type":"ImageObject","inLanguage":"en-US","@id":"https:\/\/ubirataonline.com.br\/who-is-sanae-takaichi-japans-first-female-prime-minister-npr\/#local-main-organization-logo","url":"https:\/\/ubirataonline.com.br\/wp-content\/uploads\/2026\/06\/logoubirataonline-1.webp","contentUrl":"https:\/\/ubirataonline.com.br\/wp-content\/uploads\/2026\/06\/logoubirataonline-1.webp","width":500,"height":500,"caption":"Ubirat\u00e3 Online Not\u00edcias"}]},"geo.placename":"UBIRATA","geo.position":{"lat":"-24.5361401","long":"-52.9921776"},"geo.region":"Brazil"},"_links":{"self":[{"href":"https:\/\/ubirataonline.com.br\/en\/wp-json\/wp\/v2\/posts\/72161","targetHints":{"allow":["GET"]}}],"collection":[{"href":"https:\/\/ubirataonline.com.br\/en\/wp-json\/wp\/v2\/posts"}],"about":[{"href":"https:\/\/ubirataonline.com.br\/en\/wp-json\/wp\/v2\/types\/post"}],"author":[{"embeddable":true,"href":"https:\/\/ubirataonline.com.br\/en\/wp-json\/wp\/v2\/users\/1"}],"replies":[{"embeddable":true,"href":"https:\/\/ubirataonline.com.br\/en\/wp-json\/wp\/v2\/comments?post=72161"}],"version-history":[{"count":0,"href":"https:\/\/ubirataonline.com.br\/en\/wp-json\/wp\/v2\/posts\/72161\/revisions"}],"wp:featuredmedia":[{"embeddable":true,"href":"https:\/\/ubirataonline.com.br\/en\/wp-json\/wp\/v2\/media\/72162"}],"wp:attachment":[{"href":"https:\/\/ubirataonline.com.br\/en\/wp-json\/wp\/v2\/media?parent=72161"}],"wp:term":[{"taxonomy":"category","embeddable":true,"href":"https:\/\/ubirataonline.com.br\/en\/wp-json\/wp\/v2\/categories?post=72161"},{"taxonomy":"post_tag","embeddable":true,"href":"https:\/\/ubirataonline.com.br\/en\/wp-json\/wp\/v2\/tags?post=72161"}],"curies":[{"name":"wp","href":"https:\/\/api.w.org\/{rel}","templated":true}]}}