{"id":72179,"date":"2025-10-23T12:20:23","date_gmt":"2025-10-23T15:20:23","guid":{"rendered":"https:\/\/ubirataonline.com.br\/ponte-no-parana-que-liga-brasil-ao-paraguai-deve-abrir-em-dezembro\/"},"modified":"2025-10-23T12:20:23","modified_gmt":"2025-10-23T15:20:23","slug":"ponte-no-parana-que-liga-brasil-ao-paraguai-deve-abrir-em-dezembro","status":"publish","type":"post","link":"https:\/\/ubirataonline.com.br\/en\/ponte-no-parana-que-liga-brasil-ao-paraguai-deve-abrir-em-dezembro\/","title":{"rendered":"Ponte no Paran\u00e1 que liga Brasil ao Paraguai deve abrir em dezembro"},"content":{"rendered":"<p><\/p>\n<div id=\"post-content\">\n<p>As obras da\u00a0<strong>Perimetral Leste de Foz do Igua\u00e7u<\/strong>\u00a0chegaram a 85% de execu\u00e7\u00e3o e entraram na <strong>fase final de conclus\u00e3<\/strong>o. O <strong>governo do Paran\u00e1<\/strong> trabalha para entregar oficialmente a estrutura rodovi\u00e1ria at\u00e9 o <strong>dia 10 de dezembro<\/strong>, abrindo caminho para a, enfim, <strong>inaugura\u00e7\u00e3o da Ponte da Integra\u00e7\u00e3o<\/strong>, a segunda liga\u00e7\u00e3o entre Brasil e Paraguai.<\/p>\n<p>No momento, especula-se que um evento para inaugurar a ponte \u2014\u00a0<a href=\"https:\/\/www.gazetadopovo.com.br\/parana\/ponte-da-integracao-completa-dois-anos-sem-receber-trafego-veiculos\/\" target=\"_blank\" rel=\"noreferrer noopener\">conclu\u00edda desde o ano de 2022<\/a>\u00a0\u2014 que deve reunir os presidentes <strong>Luiz In\u00e1cio Lula da Silva (PT) e Santiago Pe\u00f1a<\/strong> at\u00e9 o dia 15 do mesmo m\u00eas. A nova liga\u00e7\u00e3o internacional, constru\u00edda sobre o <strong>Rio Paran\u00e1<\/strong>, entre Foz do Igua\u00e7u (Brasil) e Presidente Franco (Paraguai), \u00e9 considerada uma das maiores obras de infraestrutura dos \u00faltimos anos na regi\u00e3o de fronteira.<\/p>\n<p>A meta \u00e9 desafogar o tr\u00e1fego da\u00a0Ponte Internacional da Amizade, que concentra quase todo o fluxo de caminh\u00f5es entre os dois pa\u00edses, al\u00e9m de impulsionar a log\u00edstica e o desenvolvimento econ\u00f4mico regional. De acordo com o cronograma definido pela Comiss\u00e3o Mista Paraguaio-Brasileira, respons\u00e1vel pelos ajustes finais, o funcionamento da nova ponte ser\u00e1 gradual.<\/p>\n<p>No in\u00edcio, apenas caminh\u00f5es \u201cem lastro\u201d \u2014 sem carga \u2014 poder\u00e3o cruzar a estrutura nos dois sentidos, em hor\u00e1rio controlado, das 7h \u00e0s 19h. Cada pa\u00eds far\u00e1 seu controle aduaneiro em territ\u00f3rio pr\u00f3prio.<\/p>\n<h2 class=\"wp-block-heading\" id=\"h-e-a-liberacao-total\">E a libera\u00e7\u00e3o total?<\/h2>\n<p>As instala\u00e7\u00f5es brasileiras, incluindo postos aduaneiros, \u00e1reas de fiscaliza\u00e7\u00e3o e infraestrutura de apoio, s\u00e3o prometidas com conclus\u00e3o at\u00e9 m\u00eas que vem. O calend\u00e1rio de libera\u00e7\u00e3o da Ponte da Integra\u00e7\u00e3o \u2014 que sofreu\u00a0<strong>sucessivos adiamentos<\/strong>\u00a0\u2014 agora indica que a partir de janeiro de 2026 o tr\u00e2nsito ser\u00e1, gradativamente, ampliado para \u00f4nibus de turismo e, posteriormente, para outros tipos de ve\u00edculos.<\/p>\n<p>O secret\u00e1rio de Infraestrutura e Log\u00edstica do Paran\u00e1, Sandro Alex, afirma que o governo estadual cumpre as etapas finais com a responsabilidade de quem conduz um projeto de impacto nacional. \u201cEstamos caminhando para a vistoria final do governador\u00a0Ratinho Junior\u00a0(PSD) e a entrega das chaves da obra ao governo federal. Nosso compromisso \u00e9 deixar tudo pronto, para que os \u00f3rg\u00e3os federais possam iniciar imediatamente a\u00a0<strong>opera\u00e7\u00e3o da aduana e dos controles fronteiri\u00e7os<\/strong>\u201d, destacou.<\/p>\n<p><strong>+ Leia mais: <\/strong><a href=\"https:\/\/www.tribunapr.com.br\/noticias\/curitiba-regiao\/verao-maior-2026-parana-tera-circuito-cultural-gratuito-no-litoral-e-noroeste\/\" target=\"_blank\" rel=\"noreferrer noopener\">Ver\u00e3o Maior 2026: Paran\u00e1 ter\u00e1 circuito cultural gratuito no Litoral e Noroeste\u00a0<\/a><\/p>\n<p>Segundo ele, os \u00f3rg\u00e3os federais \u2014 como Receita Federal, Pol\u00edcia Federal, Pol\u00edcia Rodovi\u00e1ria Federal, Minist\u00e9rio da Agricultura e Batalh\u00e3o de Fronteira \u2014 iniciaram o processo de instala\u00e7\u00e3o de equipamentos e estrutura operacional nas novas depend\u00eancias. \u201cA partir do momento em que o governador fizer a entrega oficial, a \u00e1rea estar\u00e1 apta a funcionar. A ponte s\u00f3 n\u00e3o pode ser aberta antes porque a compet\u00eancia \u00e9 exclusiva da Uni\u00e3o. Mas, da parte do Estado, tudo estar\u00e1 pronto\u201d, refor\u00e7ou o secret\u00e1rio.<\/p>\n<p>A execu\u00e7\u00e3o da Perimetral Leste e da Ponte da Integra\u00e7\u00e3o \u00e9 um projeto antigo e teve financiamento da\u00a0Itaipu Binacional. As modifica\u00e7\u00f5es no projeto, que aumentaram o volume de obras e, consequentemente, os custos, ficou a cargo do estado.<\/p>\n<p>\u201cAp\u00f3s a sa\u00edda de Silva e Luna (atual prefeito de Foz do Igua\u00e7u) da dire\u00e7\u00e3o da empresa, n\u00e3o houve novos repasses de recursos por parte da atual administra\u00e7\u00e3o de Itaipu, e o governo estadual precisou complementar investimentos para concluir as etapas restantes\u201d, explicou o secret\u00e1rio estadual.<\/p>\n<h2 class=\"wp-block-heading\" id=\"h-e-como-esta-a-infraestrutura-do-lado-paraguaio\">E como est\u00e1 a infraestrutura do lado paraguaio?<\/h2>\n<p>No lado paraguaio da fronteira, o desafio \u00e9 a conclus\u00e3o de uma\u00a0<strong>ponte sobre o Rio Monday<\/strong>, que corta a cidade de Presidente Franco e \u00e9 indispens\u00e1vel para que o fluxo de ve\u00edculos que a cidade vai receber n\u00e3o tumultue as vias urbanas. Essa ponte, por\u00e9m, s\u00f3 ficar\u00e1 pronta em meados de 2026. At\u00e9 l\u00e1 os caminh\u00f5es, \u00f4nibus e vans ter\u00e3o de utilizar um desvio para transpor a zona urbana.<\/p>\n<p>Essas modifica\u00e7\u00f5es decorreram por exig\u00eancia de \u00f3rg\u00e3os federais e envolveram adequa\u00e7\u00f5es de\u00a0<em>layout<\/em>\u00a0nas \u00e1reas alfandeg\u00e1rias, novos acessos vi\u00e1rios e sistemas de seguran\u00e7a integrados. As mudan\u00e7as, embora tenham estendido o prazo inicial de conclus\u00e3o, eram necess\u00e1rias para que o complexo fronteiri\u00e7o atendesse plenamente \u00e0s exig\u00eancias t\u00e9cnicas e legais.<\/p>\n<p><strong>A Perimetral Leste tem papel decisivo na reconfigura\u00e7\u00e3o da mobilidade e da economia da fronteira trinacional.<\/strong>\u00a0A via de 15 quil\u00f4metros liga diretamente a\u00a0BR-277\u00a0\u00e0 nova ponte, criando um corredor log\u00edstico exclusivo para o transporte de cargas pesadas, que hoje atravessa a \u00e1rea urbana de Foz do Igua\u00e7u e congestiona o entorno da Ponte da Amizade.<\/p>\n<p>Com a conclus\u00e3o das obras relacionadas \u00e0 Ponte da Integra\u00e7\u00e3o, caminh\u00f5es que seguem do Paraguai para o Porto de Paranagu\u00e1, ou vice-versa, ter\u00e3o um novo caminho, considerado agora mais r\u00e1pido e seguro. O projeto inclui trevos, passarelas, sinaliza\u00e7\u00e3o moderna e pavimenta\u00e7\u00e3o refor\u00e7ada, preparada para o intenso fluxo de ve\u00edculos de grande porte.<\/p>\n<p><strong>+ Leia mais:<\/strong> <a href=\"https:\/\/www.tribunapr.com.br\/noticias\/brasil\/cacador-de-tesouros-encontra-iphone-de-paranaense-enterrado-em-bal-camboriu\/\" target=\"_blank\" rel=\"noreferrer noopener\">Ca\u00e7ador de tesouros encontra iphone de paranaense enterrado em Bal. Cambori\u00fa<\/a><\/p>\n<p>Na 21\u00aa Reuni\u00e3o da Comiss\u00e3o Mista Paraguaio-Brasileira para Constru\u00e7\u00e3o da Ponte da Integra\u00e7\u00e3o, realizada recentemente, foi confirmada a inten\u00e7\u00e3o de reunir os presidentes Lula e Pe\u00f1a para a cerim\u00f4nia de inaugura\u00e7\u00e3o. Uma nova reuni\u00e3o, marcada para 18 de novembro, discutir\u00e1 os protocolos de seguran\u00e7a, controle e opera\u00e7\u00e3o conjunta entre os dois pa\u00edses.<\/p>\n<p>Sandro Alex refor\u00e7a que o Paran\u00e1 concluir\u00e1 sua parte dentro do prazo. \u201cNosso foco \u00e9 entregar uma obra com padr\u00e3o t\u00e9cnico e estrutural de excel\u00eancia. A partir de dezembro, a ponte poder\u00e1 ser oficialmente inaugurada, marcando uma nova fase na integra\u00e7\u00e3o Brasil\u2013Paraguai e na hist\u00f3ria da infraestrutura paranaense.\u201d<\/p>\n<p>Com a entrega da Perimetral Leste e a abertura da Ponte da Integra\u00e7\u00e3o,<strong>\u00a0Foz do Igua\u00e7u entra em uma nova etapa de desenvolvimento<\/strong>. A cidade, tradicionalmente conhecida pelo turismo, ganha um papel central no com\u00e9rcio internacional e na log\u00edstica sul-americana \u2014 um marco hist\u00f3rico que consolida o papel da regi\u00e3o oeste paranaense como elo vital entre o Brasil e seus vizinhos do Mercosul.<\/p>\n<section class=\"virals\">\n<article class=\"cardnews cardnews--post cardnews--has-thumbnail cardnews--editorial-noticias\"> <a href=\"https:\/\/www.tribunapr.com.br\/noticias\/curitiba-regiao\/de-aluna-a-professora-aulas-com-leminski-inspiraram-curitibana-na-escolha-da-profissao\/?utm_source=noticias-virais-rodape&amp;utm_medium=internal-tribuna&amp;utm_campaign=tribuna\" class=\"cardnews__postlink\"> <\/p>\n<div class=\"cardnews__image\" is-api-thumb=\"\"><img decoding=\"async\" src=\"https:\/\/www.tribunapr.com.br\/wp-content\/uploads\/2025\/10\/14193223\/Apresentacao-de-TCC-vintage-retro-com-blur-vermelho-e-roxo-2025-10-14T193053.837-370x210.jpg\" loading=\"lazy\" alt=\"De aluna a professora: li\u00e7\u00f5es de Leminski mudaram sua vida\"\/><\/div>\n<div class=\"cardnews__content cardhome__content\">\n<div class=\"cardnews__content-wrapper\">\n<p> <span style=\"\"> Dia dos Professores <\/span> <\/p>\n<p>De aluna a professora: li\u00e7\u00f5es de Leminski mudaram sua vida<\/p>\n<\/p><\/div>\n<\/p><\/div>\n<p> <\/a> <\/article>\n<article class=\"cardnews cardnews--post cardnews--has-thumbnail cardnews--editorial-noticias\"> <a href=\"https:\/\/www.tribunapr.com.br\/noticias\/curitiba-regiao\/rodovia-da-uva-edital-de-duplicacao-tem-novos-viadutos-mais-novidades\/?utm_source=noticias-virais-rodape&amp;utm_medium=internal-tribuna&amp;utm_campaign=tribuna\" class=\"cardnews__postlink\"> <\/p>\n<div class=\"cardnews__image\" is-api-thumb=\"\"><img decoding=\"async\" src=\"https:\/\/www.tribunapr.com.br\/wp-content\/uploads\/2025\/10\/15111842\/whatsapp_image_2025-10-15_at_09.59.19-370x210.jpg\" loading=\"lazy\" alt=\"Rodovia da Uva vai mudar de cara: veja as novidades da duplica\u00e7\u00e3o\"\/><\/div>\n<div class=\"cardnews__content cardhome__content\">\n<div class=\"cardnews__content-wrapper\">\n<p> <span style=\"\"> #AgoraVai <\/span> <\/p>\n<p>Rodovia da Uva vai mudar de cara: veja as novidades da duplica\u00e7\u00e3o<\/p>\n<\/p><\/div>\n<\/p><\/div>\n<p> <\/a> <\/article>\n<article class=\"cardnews cardnews--post cardnews--has-thumbnail cardnews--editorial-noticias\"> <a href=\"https:\/\/www.tribunapr.com.br\/blogs\/rango-barateza\/o-lugar-em-curitiba-onde-o-pao-com-linguica-e-levado-a-serio\/?utm_source=noticias-virais-rodape&amp;utm_medium=internal-tribuna&amp;utm_campaign=tribuna\" class=\"cardnews__postlink\"> <\/p>\n<div class=\"cardnews__image\" is-api-thumb=\"\"><img decoding=\"async\" src=\"https:\/\/www.tribunapr.com.br\/wp-content\/uploads\/2025\/10\/10163300\/rango-370x210.png\" loading=\"lazy\" alt=\"O segredo do p\u00e3o com lingui\u00e7a que virou paix\u00e3o curitibana\"\/><\/div>\n<div class=\"cardnews__content cardhome__content\">\n<div class=\"cardnews__content-wrapper\">\n<p> <span style=\"\"> Hummmm <\/span> <\/p>\n<p>O segredo do p\u00e3o com lingui\u00e7a que virou paix\u00e3o curitibana<\/p>\n<\/p><\/div>\n<\/p><\/div>\n<p> <\/a> <\/article>\n<\/section>\n<section class=\"whatsapp-groups\">\n<div class=\"whatsapp-groups__image\"> <img decoding=\"async\" src=\"https:\/\/www.tribunapr.com.br\/resources\/images\/blocks\/whatsapp-groups\/logo-whatsapp.png\" alt=\"Grupos de WhatsApp da Tribuna\" loading=\"lazy\"\/> <\/div>\n<div class=\"whatsapp-groups__body\">\n<p> Receba Not\u00edcias no seu WhatsApp! <\/p>\n<p> Receba as not\u00edcias do seu bairro e do seu time pelo WhatsApp. <\/p>\n<p> <a href=\"https:\/\/www.tribunapr.com.br\/grupos-de-whatsapp-da-tribuna\/\" target=\"_blank\" class=\"whatsapp-groups__button\"> Participe dos Grupos da Tribuna <\/a> <\/div>\n<\/section><\/div>\n<p><a href=\"https:\/\/www.tribunapr.com.br\/noticias\/parana\/ponte-no-parana-que-liga-brasil-ao-paraguai-deve-abrir-em-dezembro\/\">Source link <\/a><\/p>","protected":false},"excerpt":{"rendered":"<p>As obras da\u00a0Perimetral Leste de Foz do Igua\u00e7u\u00a0chegaram a 85% de execu\u00e7\u00e3o e entraram na fase final de conclus\u00e3o. O governo do Paran\u00e1 trabalha para entregar oficialmente a estrutura rodovi\u00e1ria at\u00e9 o dia 10 de dezembro, abrindo caminho para a, enfim, inaugura\u00e7\u00e3o da Ponte da Integra\u00e7\u00e3o, a segunda liga\u00e7\u00e3o entre Brasil e Paraguai. No momento, [&hellip;]<\/p>\n","protected":false},"author":1,"featured_media":72180,"comment_status":"","ping_status":"","sticky":false,"template":"","format":"standard","meta":{"googlesitekit_rrm_CAow2JLhCw:productID":"","_gspb_post_css":"","maa_idioma":"","maa_pais":"","footnotes":""},"categories":[1],"tags":[4113,272,3177,4114,4111,4112,90,4110],"class_list":["post-72179","post","type-post","status-publish","format-standard","has-post-thumbnail","hentry","category-ubirata","tag-abrir","tag-brasil","tag-deve","tag-dezembro","tag-liga","tag-paraguai","tag-parana","tag-ponte"],"blocksy_meta":[],"yoast_head":"<!-- This site is optimized with the Yoast SEO Premium plugin v27.6 (Yoast SEO v27.6) - https:\/\/yoast.com\/product\/yoast-seo-premium-wordpress\/ -->\n<title>Ponte no Paran\u00e1 que liga Brasil ao Paraguai deve abrir em dezembro - Ubirat\u00e3 Online Not\u00edcias - A realidade ao seu alcance!<\/title>\n<meta name=\"description\" content=\"As obras da\u00a0Perimetral Leste de Foz do Igua\u00e7u\u00a0chegaram a 85% de execu\u00e7\u00e3o e entraram na fase final de conclus\u00e3o. O governo do Paran\u00e1 trabalha para entregar\" \/>\n<meta name=\"robots\" content=\"index, follow, max-snippet:-1, max-image-preview:large, max-video-preview:-1\" \/>\n<link rel=\"canonical\" href=\"https:\/\/ubirataonline.com.br\/en\/ponte-no-parana-que-liga-brasil-ao-paraguai-deve-abrir-em-dezembro\/\" \/>\n<meta property=\"og:locale\" content=\"en_US\" \/>\n<meta property=\"og:type\" content=\"article\" \/>\n<meta property=\"og:title\" content=\"Ponte no Paran\u00e1 que liga Brasil ao Paraguai deve abrir em dezembro\" \/>\n<meta property=\"og:description\" content=\"As obras da\u00a0Perimetral Leste de Foz do Igua\u00e7u\u00a0chegaram a 85% de execu\u00e7\u00e3o e entraram na fase final de conclus\u00e3o. O governo do Paran\u00e1 trabalha para entregar\" \/>\n<meta property=\"og:url\" content=\"https:\/\/ubirataonline.com.br\/en\/ponte-no-parana-que-liga-brasil-ao-paraguai-deve-abrir-em-dezembro\/\" \/>\n<meta property=\"og:site_name\" content=\"Ubirat\u00e3 Online Not\u00edcias - A realidade ao seu alcance!\" \/>\n<meta property=\"article:publisher\" content=\"https:\/\/www.facebook.com\/portalubirataonline\" \/>\n<meta property=\"article:author\" content=\"https:\/\/www.facebook.com\/portalubirataonline\" \/>\n<meta property=\"article:published_time\" content=\"2025-10-23T15:20:23+00:00\" \/>\n<meta property=\"og:image\" content=\"https:\/\/www.tribunapr.com.br\/wp-content\/uploads\/2025\/10\/14193223\/Apresentacao-de-TCC-vintage-retro-com-blur-vermelho-e-roxo-2025-10-14T193053.837-370x210.jpg\" \/>\n<meta name=\"author\" content=\"REDA\u00c7\u00c3O: UBIRAT\u00c3 ONLINE - F\u00c1BIO AUGUSTO CELESTINO\" \/>\n<meta name=\"twitter:card\" content=\"summary_large_image\" \/>\n<meta name=\"twitter:creator\" content=\"@x.com\/ubirataonline\" \/>\n<meta name=\"twitter:site\" content=\"@ubirataonline\" \/>\n<meta name=\"twitter:label1\" content=\"Written by\" \/>\n\t<meta name=\"twitter:data1\" content=\"REDA\u00c7\u00c3O: UBIRAT\u00c3 ONLINE - F\u00c1BIO AUGUSTO CELESTINO\" \/>\n\t<meta name=\"twitter:label2\" content=\"Est. reading time\" \/>\n\t<meta name=\"twitter:data2\" content=\"6 minutes\" \/>\n<script type=\"application\/ld+json\" class=\"yoast-schema-graph\">{\"@context\":\"https:\\\/\\\/schema.org\",\"@graph\":[{\"@type\":\"NewsArticle\",\"@id\":\"https:\\\/\\\/ubirataonline.com.br\\\/ponte-no-parana-que-liga-brasil-ao-paraguai-deve-abrir-em-dezembro\\\/#article\",\"isPartOf\":{\"@id\":\"https:\\\/\\\/ubirataonline.com.br\\\/ponte-no-parana-que-liga-brasil-ao-paraguai-deve-abrir-em-dezembro\\\/\"},\"author\":{\"name\":\"REDA\u00c7\u00c3O: UBIRAT\u00c3 ONLINE - F\u00c1BIO AUGUSTO CELESTINO\",\"@id\":\"https:\\\/\\\/ubirataonline.com.br\\\/#\\\/schema\\\/person\\\/372f87bbd3fdd79b8556b84c98d0bc1c\"},\"headline\":\"Ponte no Paran\u00e1 que liga Brasil ao Paraguai deve abrir em dezembro\",\"datePublished\":\"2025-10-23T15:20:23+00:00\",\"mainEntityOfPage\":{\"@id\":\"https:\\\/\\\/ubirataonline.com.br\\\/ponte-no-parana-que-liga-brasil-ao-paraguai-deve-abrir-em-dezembro\\\/\"},\"wordCount\":1121,\"publisher\":{\"@id\":\"https:\\\/\\\/ubirataonline.com.br\\\/#organization\"},\"image\":{\"@id\":\"https:\\\/\\\/ubirataonline.com.br\\\/ponte-no-parana-que-liga-brasil-ao-paraguai-deve-abrir-em-dezembro\\\/#primaryimage\"},\"thumbnailUrl\":\"https:\\\/\\\/ubirataonline.com.br\\\/wp-content\\\/uploads\\\/2025\\\/10\\\/integracao-albarti.jpg\",\"keywords\":[\"abrir\",\"Brasil\",\"deve\",\"dezembro\",\"liga\",\"Paraguai\",\"paran\u00e1\",\"Ponte\"],\"articleSection\":[\"Ubirat\u00e3\"],\"inLanguage\":\"en-US\",\"copyrightYear\":\"2025\",\"copyrightHolder\":{\"@id\":\"https:\\\/\\\/ubirataonline.com.br\\\/en\\\/#organization\"}},{\"@type\":\"WebPage\",\"@id\":\"https:\\\/\\\/ubirataonline.com.br\\\/ponte-no-parana-que-liga-brasil-ao-paraguai-deve-abrir-em-dezembro\\\/\",\"url\":\"https:\\\/\\\/ubirataonline.com.br\\\/ponte-no-parana-que-liga-brasil-ao-paraguai-deve-abrir-em-dezembro\\\/\",\"name\":\"Ponte no Paran\u00e1 que liga Brasil ao Paraguai deve abrir em dezembro - Ubirat\u00e3 Online Not\u00edcias - A realidade ao seu alcance!\",\"isPartOf\":{\"@id\":\"https:\\\/\\\/ubirataonline.com.br\\\/#website\"},\"primaryImageOfPage\":{\"@id\":\"https:\\\/\\\/ubirataonline.com.br\\\/ponte-no-parana-que-liga-brasil-ao-paraguai-deve-abrir-em-dezembro\\\/#primaryimage\"},\"image\":{\"@id\":\"https:\\\/\\\/ubirataonline.com.br\\\/ponte-no-parana-que-liga-brasil-ao-paraguai-deve-abrir-em-dezembro\\\/#primaryimage\"},\"thumbnailUrl\":\"https:\\\/\\\/ubirataonline.com.br\\\/wp-content\\\/uploads\\\/2025\\\/10\\\/integracao-albarti.jpg\",\"datePublished\":\"2025-10-23T15:20:23+00:00\",\"description\":\"As obras da\u00a0Perimetral Leste de Foz do Igua\u00e7u\u00a0chegaram a 85% de execu\u00e7\u00e3o e entraram na fase final de conclus\u00e3o. O governo do Paran\u00e1 trabalha para entregar\",\"breadcrumb\":{\"@id\":\"https:\\\/\\\/ubirataonline.com.br\\\/ponte-no-parana-que-liga-brasil-ao-paraguai-deve-abrir-em-dezembro\\\/#breadcrumb\"},\"inLanguage\":\"en-US\",\"potentialAction\":[{\"@type\":\"ReadAction\",\"target\":[\"https:\\\/\\\/ubirataonline.com.br\\\/ponte-no-parana-que-liga-brasil-ao-paraguai-deve-abrir-em-dezembro\\\/\"]}]},{\"@type\":\"ImageObject\",\"inLanguage\":\"en-US\",\"@id\":\"https:\\\/\\\/ubirataonline.com.br\\\/ponte-no-parana-que-liga-brasil-ao-paraguai-deve-abrir-em-dezembro\\\/#primaryimage\",\"url\":\"https:\\\/\\\/ubirataonline.com.br\\\/wp-content\\\/uploads\\\/2025\\\/10\\\/integracao-albarti.jpg\",\"contentUrl\":\"https:\\\/\\\/ubirataonline.com.br\\\/wp-content\\\/uploads\\\/2025\\\/10\\\/integracao-albarti.jpg\",\"width\":1200,\"height\":800},{\"@type\":\"BreadcrumbList\",\"@id\":\"https:\\\/\\\/ubirataonline.com.br\\\/ponte-no-parana-que-liga-brasil-ao-paraguai-deve-abrir-em-dezembro\\\/#breadcrumb\",\"itemListElement\":[{\"@type\":\"ListItem\",\"position\":1,\"name\":\"In\u00edcio\",\"item\":\"https:\\\/\\\/ubirataonline.com.br\\\/\"},{\"@type\":\"ListItem\",\"position\":2,\"name\":\"Ponte no Paran\u00e1 que liga Brasil ao Paraguai deve abrir em dezembro\"}]},{\"@type\":\"WebSite\",\"@id\":\"https:\\\/\\\/ubirataonline.com.br\\\/#website\",\"url\":\"https:\\\/\\\/ubirataonline.com.br\\\/\",\"name\":\"Ubirat\u00e3 Online Not\u00edcias\",\"description\":\"Not\u00edcias de Ubirat\u00e3, regi\u00e3o, Brasil e mundo, com informa\u00e7\u00e3o atualizada e compromisso com o leitor.\",\"publisher\":{\"@id\":\"https:\\\/\\\/ubirataonline.com.br\\\/#organization\"},\"alternateName\":\"Ubirat\u00e3 Online\",\"potentialAction\":[{\"@type\":\"SearchAction\",\"target\":{\"@type\":\"EntryPoint\",\"urlTemplate\":\"https:\\\/\\\/ubirataonline.com.br\\\/?s={search_term_string}\"},\"query-input\":{\"@type\":\"PropertyValueSpecification\",\"valueRequired\":true,\"valueName\":\"search_term_string\"}}],\"inLanguage\":\"en-US\"},{\"@type\":[\"Organization\",\"Place\"],\"@id\":\"https:\\\/\\\/ubirataonline.com.br\\\/#organization\",\"name\":\"Ubirat\u00e3 Online Not\u00edcias\",\"alternateName\":\"Ubirat\u00e3 Online\",\"url\":\"https:\\\/\\\/ubirataonline.com.br\\\/\",\"logo\":{\"@id\":\"https:\\\/\\\/ubirataonline.com.br\\\/ponte-no-parana-que-liga-brasil-ao-paraguai-deve-abrir-em-dezembro\\\/#local-main-organization-logo\"},\"image\":{\"@id\":\"https:\\\/\\\/ubirataonline.com.br\\\/ponte-no-parana-que-liga-brasil-ao-paraguai-deve-abrir-em-dezembro\\\/#local-main-organization-logo\"},\"sameAs\":[\"https:\\\/\\\/www.facebook.com\\\/portalubirataonline\",\"https:\\\/\\\/x.com\\\/ubirataonline\",\"https:\\\/\\\/mastodon.social\\\/@ubirataonline\",\"https:\\\/\\\/www.facebook.com\\\/groups\\\/311144672285604\",\"https:\\\/\\\/www.facebook.com\\\/UBTAOnline\",\"https:\\\/\\\/www.instagram.com\\\/portalubirataonline\\\/\",\"https:\\\/\\\/twitter.com\\\/ubirataonline\"],\"description\":\"Somos um portal de not\u00edcias independente, criado em 5 de janeiro de 2009, com o objetivo de informar, conectar e valorizar a nossa comunidade de Ubirat\u00e3 e toda aregi\u00e3o. Com conte\u00fado atualizado, confi\u00e1vel e relevante, o Ubirat\u00e3 Online \u00e9 o seu espa\u00e7o para ficar por dentro dos principais acontecimentos locais, regionais, Brasil, Mundo e de interesse geral. Nosso compromisso \u00e9 com a verdade, a transpar\u00eancia e o respeito ao leitor.\",\"legalName\":\"UBIRATA ONLINE NOT\u00cdCIAS\",\"foundingDate\":\"2009-01-05\",\"numberOfEmployees\":{\"@type\":\"QuantitativeValue\",\"minValue\":\"1\",\"maxValue\":\"10\"},\"publishingPrinciples\":\"https:\\\/\\\/ubirataonline.com.br\\\/faq\\\/\",\"address\":{\"@id\":\"https:\\\/\\\/ubirataonline.com.br\\\/ponte-no-parana-que-liga-brasil-ao-paraguai-deve-abrir-em-dezembro\\\/#local-main-place-address\"},\"geo\":{\"@type\":\"GeoCoordinates\",\"latitude\":\"-24.5361401\",\"longitude\":\"-52.9921776\"},\"telephone\":[\"+5544998308235\"],\"contactPoint\":{\"@type\":\"ContactPoint\",\"email\":\"contato@ubirataonline.com.br\"},\"openingHoursSpecification\":{\"@type\":\"OpeningHoursSpecification\",\"dayOfWeek\":[\"Monday\",\"Tuesday\",\"Wednesday\",\"Thursday\",\"Friday\",\"Saturday\",\"Sunday\"],\"opens\":\"00:00\",\"closes\":\"23:59\"},\"email\":\"contato@ubirataonline.com.br\",\"vatID\":\"47.621.418\\\/0001-80\"},{\"@type\":\"Person\",\"@id\":\"https:\\\/\\\/ubirataonline.com.br\\\/#\\\/schema\\\/person\\\/372f87bbd3fdd79b8556b84c98d0bc1c\",\"name\":\"REDA\u00c7\u00c3O: UBIRAT\u00c3 ONLINE - F\u00c1BIO AUGUSTO CELESTINO\",\"pronouns\":\"Ele\",\"description\":\"Desde 2003 trabalhando com not\u00edcias.\",\"sameAs\":[\"http:\\\/\\\/ubirataoline.com.br\",\"https:\\\/\\\/www.facebook.com\\\/portalubirataonline\",\"https:\\\/\\\/www.instagram.com\\\/ubirataonline_oficial\",\"https:\\\/\\\/x.com\\\/x.com\\\/ubirataonline\"],\"honorificPrefix\":\"Mr.\",\"honorificSuffix\":\"MD\",\"birthDate\":\"1980-06-16\",\"gender\":\"masculino\",\"award\":[\"V\u00e1rios pr\u00eamios de melhor portal da cidade\"],\"jobTitle\":\"Diretor\",\"url\":\"https:\\\/\\\/ubirataonline.com.br\\\/en\\\/author\\\/ubirataonline\\\/\"},{\"@type\":\"PostalAddress\",\"@id\":\"https:\\\/\\\/ubirataonline.com.br\\\/ponte-no-parana-que-liga-brasil-ao-paraguai-deve-abrir-em-dezembro\\\/#local-main-place-address\",\"streetAddress\":\"Rua dos Coqueiros, 104 - Bairro Boa Vista, Rua dos Coqueiros, 104 Bairro Boa Vista\",\"addressLocality\":\"UBIRATA\",\"postalCode\":\"85440-000\",\"addressRegion\":\"PR\",\"addressCountry\":\"BR\"},{\"@type\":\"ImageObject\",\"inLanguage\":\"en-US\",\"@id\":\"https:\\\/\\\/ubirataonline.com.br\\\/ponte-no-parana-que-liga-brasil-ao-paraguai-deve-abrir-em-dezembro\\\/#local-main-organization-logo\",\"url\":\"https:\\\/\\\/ubirataonline.com.br\\\/wp-content\\\/uploads\\\/2026\\\/06\\\/logoubirataonline-1.webp\",\"contentUrl\":\"https:\\\/\\\/ubirataonline.com.br\\\/wp-content\\\/uploads\\\/2026\\\/06\\\/logoubirataonline-1.webp\",\"width\":500,\"height\":500,\"caption\":\"Ubirat\u00e3 Online Not\u00edcias\"}]}<\/script>\n<meta name=\"geo.placename\" content=\"UBIRATA\" \/>\n<meta name=\"geo.position\" content=\"-24.5361401;-52.9921776\" \/>\n<meta name=\"geo.region\" content=\"Brazil\" \/>\n<!-- \/ Yoast SEO Premium plugin. -->","yoast_head_json":{"title":"Ponte no Paran\u00e1 que liga Brasil ao Paraguai deve abrir em dezembro - Ubirat\u00e3 Online Not\u00edcias - A realidade ao seu alcance!","description":"As obras da\u00a0Perimetral Leste de Foz do Igua\u00e7u\u00a0chegaram a 85% de execu\u00e7\u00e3o e entraram na fase final de conclus\u00e3o. O governo do Paran\u00e1 trabalha para entregar","robots":{"index":"index","follow":"follow","max-snippet":"max-snippet:-1","max-image-preview":"max-image-preview:large","max-video-preview":"max-video-preview:-1"},"canonical":"https:\/\/ubirataonline.com.br\/en\/ponte-no-parana-que-liga-brasil-ao-paraguai-deve-abrir-em-dezembro\/","og_locale":"en_US","og_type":"article","og_title":"Ponte no Paran\u00e1 que liga Brasil ao Paraguai deve abrir em dezembro","og_description":"As obras da\u00a0Perimetral Leste de Foz do Igua\u00e7u\u00a0chegaram a 85% de execu\u00e7\u00e3o e entraram na fase final de conclus\u00e3o. O governo do Paran\u00e1 trabalha para entregar","og_url":"https:\/\/ubirataonline.com.br\/en\/ponte-no-parana-que-liga-brasil-ao-paraguai-deve-abrir-em-dezembro\/","og_site_name":"Ubirat\u00e3 Online Not\u00edcias - A realidade ao seu alcance!","article_publisher":"https:\/\/www.facebook.com\/portalubirataonline","article_author":"https:\/\/www.facebook.com\/portalubirataonline","article_published_time":"2025-10-23T15:20:23+00:00","og_image":[{"url":"https:\/\/www.tribunapr.com.br\/wp-content\/uploads\/2025\/10\/14193223\/Apresentacao-de-TCC-vintage-retro-com-blur-vermelho-e-roxo-2025-10-14T193053.837-370x210.jpg","type":"","width":"","height":""}],"author":"REDA\u00c7\u00c3O: UBIRAT\u00c3 ONLINE - F\u00c1BIO AUGUSTO CELESTINO","twitter_card":"summary_large_image","twitter_creator":"@x.com\/ubirataonline","twitter_site":"@ubirataonline","twitter_misc":{"Written by":"REDA\u00c7\u00c3O: UBIRAT\u00c3 ONLINE - F\u00c1BIO AUGUSTO CELESTINO","Est. reading time":"6 minutes"},"schema":{"@context":"https:\/\/schema.org","@graph":[{"@type":"NewsArticle","@id":"https:\/\/ubirataonline.com.br\/ponte-no-parana-que-liga-brasil-ao-paraguai-deve-abrir-em-dezembro\/#article","isPartOf":{"@id":"https:\/\/ubirataonline.com.br\/ponte-no-parana-que-liga-brasil-ao-paraguai-deve-abrir-em-dezembro\/"},"author":{"name":"REDA\u00c7\u00c3O: UBIRAT\u00c3 ONLINE - F\u00c1BIO AUGUSTO CELESTINO","@id":"https:\/\/ubirataonline.com.br\/#\/schema\/person\/372f87bbd3fdd79b8556b84c98d0bc1c"},"headline":"Ponte no Paran\u00e1 que liga Brasil ao Paraguai deve abrir em dezembro","datePublished":"2025-10-23T15:20:23+00:00","mainEntityOfPage":{"@id":"https:\/\/ubirataonline.com.br\/ponte-no-parana-que-liga-brasil-ao-paraguai-deve-abrir-em-dezembro\/"},"wordCount":1121,"publisher":{"@id":"https:\/\/ubirataonline.com.br\/#organization"},"image":{"@id":"https:\/\/ubirataonline.com.br\/ponte-no-parana-que-liga-brasil-ao-paraguai-deve-abrir-em-dezembro\/#primaryimage"},"thumbnailUrl":"https:\/\/ubirataonline.com.br\/wp-content\/uploads\/2025\/10\/integracao-albarti.jpg","keywords":["abrir","Brasil","deve","dezembro","liga","Paraguai","paran\u00e1","Ponte"],"articleSection":["Ubirat\u00e3"],"inLanguage":"en-US","copyrightYear":"2025","copyrightHolder":{"@id":"https:\/\/ubirataonline.com.br\/en\/#organization"}},{"@type":"WebPage","@id":"https:\/\/ubirataonline.com.br\/ponte-no-parana-que-liga-brasil-ao-paraguai-deve-abrir-em-dezembro\/","url":"https:\/\/ubirataonline.com.br\/ponte-no-parana-que-liga-brasil-ao-paraguai-deve-abrir-em-dezembro\/","name":"Ponte no Paran\u00e1 que liga Brasil ao Paraguai deve abrir em dezembro - Ubirat\u00e3 Online Not\u00edcias - A realidade ao seu alcance!","isPartOf":{"@id":"https:\/\/ubirataonline.com.br\/#website"},"primaryImageOfPage":{"@id":"https:\/\/ubirataonline.com.br\/ponte-no-parana-que-liga-brasil-ao-paraguai-deve-abrir-em-dezembro\/#primaryimage"},"image":{"@id":"https:\/\/ubirataonline.com.br\/ponte-no-parana-que-liga-brasil-ao-paraguai-deve-abrir-em-dezembro\/#primaryimage"},"thumbnailUrl":"https:\/\/ubirataonline.com.br\/wp-content\/uploads\/2025\/10\/integracao-albarti.jpg","datePublished":"2025-10-23T15:20:23+00:00","description":"As obras da\u00a0Perimetral Leste de Foz do Igua\u00e7u\u00a0chegaram a 85% de execu\u00e7\u00e3o e entraram na fase final de conclus\u00e3o. O governo do Paran\u00e1 trabalha para entregar","breadcrumb":{"@id":"https:\/\/ubirataonline.com.br\/ponte-no-parana-que-liga-brasil-ao-paraguai-deve-abrir-em-dezembro\/#breadcrumb"},"inLanguage":"en-US","potentialAction":[{"@type":"ReadAction","target":["https:\/\/ubirataonline.com.br\/ponte-no-parana-que-liga-brasil-ao-paraguai-deve-abrir-em-dezembro\/"]}]},{"@type":"ImageObject","inLanguage":"en-US","@id":"https:\/\/ubirataonline.com.br\/ponte-no-parana-que-liga-brasil-ao-paraguai-deve-abrir-em-dezembro\/#primaryimage","url":"https:\/\/ubirataonline.com.br\/wp-content\/uploads\/2025\/10\/integracao-albarti.jpg","contentUrl":"https:\/\/ubirataonline.com.br\/wp-content\/uploads\/2025\/10\/integracao-albarti.jpg","width":1200,"height":800},{"@type":"BreadcrumbList","@id":"https:\/\/ubirataonline.com.br\/ponte-no-parana-que-liga-brasil-ao-paraguai-deve-abrir-em-dezembro\/#breadcrumb","itemListElement":[{"@type":"ListItem","position":1,"name":"In\u00edcio","item":"https:\/\/ubirataonline.com.br\/"},{"@type":"ListItem","position":2,"name":"Ponte no Paran\u00e1 que liga Brasil ao Paraguai deve abrir em dezembro"}]},{"@type":"WebSite","@id":"https:\/\/ubirataonline.com.br\/#website","url":"https:\/\/ubirataonline.com.br\/","name":"Ubirat\u00e3 Online Not\u00edcias","description":"Not\u00edcias de Ubirat\u00e3, regi\u00e3o, Brasil e mundo, com informa\u00e7\u00e3o atualizada e compromisso com o leitor.","publisher":{"@id":"https:\/\/ubirataonline.com.br\/#organization"},"alternateName":"Ubirat\u00e3 Online","potentialAction":[{"@type":"SearchAction","target":{"@type":"EntryPoint","urlTemplate":"https:\/\/ubirataonline.com.br\/?s={search_term_string}"},"query-input":{"@type":"PropertyValueSpecification","valueRequired":true,"valueName":"search_term_string"}}],"inLanguage":"en-US"},{"@type":["Organization","Place"],"@id":"https:\/\/ubirataonline.com.br\/#organization","name":"Ubirat\u00e3 Online Not\u00edcias","alternateName":"Ubirat\u00e3 Online","url":"https:\/\/ubirataonline.com.br\/","logo":{"@id":"https:\/\/ubirataonline.com.br\/ponte-no-parana-que-liga-brasil-ao-paraguai-deve-abrir-em-dezembro\/#local-main-organization-logo"},"image":{"@id":"https:\/\/ubirataonline.com.br\/ponte-no-parana-que-liga-brasil-ao-paraguai-deve-abrir-em-dezembro\/#local-main-organization-logo"},"sameAs":["https:\/\/www.facebook.com\/portalubirataonline","https:\/\/x.com\/ubirataonline","https:\/\/mastodon.social\/@ubirataonline","https:\/\/www.facebook.com\/groups\/311144672285604","https:\/\/www.facebook.com\/UBTAOnline","https:\/\/www.instagram.com\/portalubirataonline\/","https:\/\/twitter.com\/ubirataonline"],"description":"Somos um portal de not\u00edcias independente, criado em 5 de janeiro de 2009, com o objetivo de informar, conectar e valorizar a nossa comunidade de Ubirat\u00e3 e toda aregi\u00e3o. Com conte\u00fado atualizado, confi\u00e1vel e relevante, o Ubirat\u00e3 Online \u00e9 o seu espa\u00e7o para ficar por dentro dos principais acontecimentos locais, regionais, Brasil, Mundo e de interesse geral. Nosso compromisso \u00e9 com a verdade, a transpar\u00eancia e o respeito ao leitor.","legalName":"UBIRATA ONLINE NOT\u00cdCIAS","foundingDate":"2009-01-05","numberOfEmployees":{"@type":"QuantitativeValue","minValue":"1","maxValue":"10"},"publishingPrinciples":"https:\/\/ubirataonline.com.br\/faq\/","address":{"@id":"https:\/\/ubirataonline.com.br\/ponte-no-parana-que-liga-brasil-ao-paraguai-deve-abrir-em-dezembro\/#local-main-place-address"},"geo":{"@type":"GeoCoordinates","latitude":"-24.5361401","longitude":"-52.9921776"},"telephone":["+5544998308235"],"contactPoint":{"@type":"ContactPoint","email":"contato@ubirataonline.com.br"},"openingHoursSpecification":{"@type":"OpeningHoursSpecification","dayOfWeek":["Monday","Tuesday","Wednesday","Thursday","Friday","Saturday","Sunday"],"opens":"00:00","closes":"23:59"},"email":"contato@ubirataonline.com.br","vatID":"47.621.418\/0001-80"},{"@type":"Person","@id":"https:\/\/ubirataonline.com.br\/#\/schema\/person\/372f87bbd3fdd79b8556b84c98d0bc1c","name":"REDA\u00c7\u00c3O: UBIRAT\u00c3 ONLINE - F\u00c1BIO AUGUSTO CELESTINO","pronouns":"Ele","description":"Desde 2003 trabalhando com not\u00edcias.","sameAs":["http:\/\/ubirataoline.com.br","https:\/\/www.facebook.com\/portalubirataonline","https:\/\/www.instagram.com\/ubirataonline_oficial","https:\/\/x.com\/x.com\/ubirataonline"],"honorificPrefix":"Mr.","honorificSuffix":"MD","birthDate":"1980-06-16","gender":"masculino","award":["V\u00e1rios pr\u00eamios de melhor portal da cidade"],"jobTitle":"Diretor","url":"https:\/\/ubirataonline.com.br\/en\/author\/ubirataonline\/"},{"@type":"PostalAddress","@id":"https:\/\/ubirataonline.com.br\/ponte-no-parana-que-liga-brasil-ao-paraguai-deve-abrir-em-dezembro\/#local-main-place-address","streetAddress":"Rua dos Coqueiros, 104 - Bairro Boa Vista, Rua dos Coqueiros, 104 Bairro Boa Vista","addressLocality":"UBIRATA","postalCode":"85440-000","addressRegion":"PR","addressCountry":"BR"},{"@type":"ImageObject","inLanguage":"en-US","@id":"https:\/\/ubirataonline.com.br\/ponte-no-parana-que-liga-brasil-ao-paraguai-deve-abrir-em-dezembro\/#local-main-organization-logo","url":"https:\/\/ubirataonline.com.br\/wp-content\/uploads\/2026\/06\/logoubirataonline-1.webp","contentUrl":"https:\/\/ubirataonline.com.br\/wp-content\/uploads\/2026\/06\/logoubirataonline-1.webp","width":500,"height":500,"caption":"Ubirat\u00e3 Online Not\u00edcias"}]},"geo.placename":"UBIRATA","geo.position":{"lat":"-24.5361401","long":"-52.9921776"},"geo.region":"Brazil"},"_links":{"self":[{"href":"https:\/\/ubirataonline.com.br\/en\/wp-json\/wp\/v2\/posts\/72179","targetHints":{"allow":["GET"]}}],"collection":[{"href":"https:\/\/ubirataonline.com.br\/en\/wp-json\/wp\/v2\/posts"}],"about":[{"href":"https:\/\/ubirataonline.com.br\/en\/wp-json\/wp\/v2\/types\/post"}],"author":[{"embeddable":true,"href":"https:\/\/ubirataonline.com.br\/en\/wp-json\/wp\/v2\/users\/1"}],"replies":[{"embeddable":true,"href":"https:\/\/ubirataonline.com.br\/en\/wp-json\/wp\/v2\/comments?post=72179"}],"version-history":[{"count":0,"href":"https:\/\/ubirataonline.com.br\/en\/wp-json\/wp\/v2\/posts\/72179\/revisions"}],"wp:featuredmedia":[{"embeddable":true,"href":"https:\/\/ubirataonline.com.br\/en\/wp-json\/wp\/v2\/media\/72180"}],"wp:attachment":[{"href":"https:\/\/ubirataonline.com.br\/en\/wp-json\/wp\/v2\/media?parent=72179"}],"wp:term":[{"taxonomy":"category","embeddable":true,"href":"https:\/\/ubirataonline.com.br\/en\/wp-json\/wp\/v2\/categories?post=72179"},{"taxonomy":"post_tag","embeddable":true,"href":"https:\/\/ubirataonline.com.br\/en\/wp-json\/wp\/v2\/tags?post=72179"}],"curies":[{"name":"wp","href":"https:\/\/api.w.org\/{rel}","templated":true}]}}