{"id":72836,"date":"2025-10-30T12:17:21","date_gmt":"2025-10-30T15:17:21","guid":{"rendered":"https:\/\/ubirataonline.com.br\/lindbergh-pede-abertura-de-inquerito-contra-governador-do-rio\/"},"modified":"2025-10-30T12:17:21","modified_gmt":"2025-10-30T15:17:21","slug":"lindbergh-pede-abertura-de-inquerito-contra-governador-do-rio","status":"publish","type":"post","link":"https:\/\/ubirataonline.com.br\/en\/lindbergh-pede-abertura-de-inquerito-contra-governador-do-rio\/","title":{"rendered":"Lindbergh pede abertura de inqu\u00e9rito contra governador do Rio"},"content":{"rendered":"<p><\/p>\n<div data-single-content=\"true\">\n<p class=\"my-5 break-words group-[.isActiveSource]:text-xl\">O deputado federal e l\u00edder do PT na C\u00e2mara solicitou abertura de inqu\u00e9rito no STF (Supremo Tribunal Federal) e afastamento cautelar do governador do Rio de Janeiro, Cl\u00e1udio Castro (PL-RJ), nesta quarta-feira (29).<\/p>\n<p class=\"my-5 break-words group-[.isActiveSource]:text-xl\">O pedido ocorreu ap\u00f3s a megaopera\u00e7\u00e3o <strong class=\"group-[.isActiveSource]:text-xl group-[.isActiveSource]:font-bold group-[.isActiveSource]:text-xl group-[.isActiveSource]:font-bold\"><a class=\"text-red-600 underline hover:text-red-500 font-medium break-words group-[.isActiveSource]:text-xl\" href=\"https:\/\/www.cnnbrasil.com.br\/nacional\/sudeste\/rj\/rj-megaoperacao-com-mais-de-2-mil-policiais-toma-alemao-e-penha\/\" target=\"_self\" rel=\"\">conjunta das pol\u00edcias Civil e Militar do Rio de Janeiro<\/a><\/strong>, realizada na ter\u00e7a-feira (28), nos complexos do Alem\u00e3o e da Penha, na Zona Norte da capital fluminense. A a\u00e7\u00e3o resultou em 119 mortes.<\/p>\n<p class=\"my-5 break-words group-[.isActiveSource]:text-xl\">\u00a0<\/p>\n<p class=\"my-5 break-words group-[.isActiveSource]:text-xl\">No pedido, o deputado pede a abertura de inqu\u00e9rito criminal para apurar os crimes de &#8220;homic\u00eddio doloso, (dolo eventual), corrup\u00e7\u00e3o passiva, prevarica\u00e7\u00e3o, abuso de autoridade, improbidade administrativa e crime de responsabilidade&#8221;.<\/p>\n<p class=\"my-5 break-words group-[.isActiveSource]:text-xl\"><strong class=\"group-[.isActiveSource]:text-xl group-[.isActiveSource]:font-bold\">Opera\u00e7\u00e3o Conten\u00e7\u00e3o\u00a0<\/strong><\/p>\n<p class=\"my-5 break-words group-[.isActiveSource]:text-xl my-5 break-words group-[.isActiveSource]:text-xl\">A Defensoria P\u00fablica do Rio de Janeiro informou, na manh\u00e3 desta quarta-feira (29), que\u00a0<strong class=\"group-[.isActiveSource]:text-xl group-[.isActiveSource]:font-bold group-[.isActiveSource]:text-xl group-[.isActiveSource]:font-bold\">j\u00e1 passa de 130 o n\u00famero de mortos ap\u00f3s uma megaopera\u00e7\u00e3o<\/strong> das for\u00e7as de seguran\u00e7a do Rio de Janeiro nos complexos da Penha e do Alem\u00e3o. O governo do Estado contabiliza 119 mortes.<\/p>\n<p class=\"my-5 break-words group-[.isActiveSource]:text-xl my-5 break-words group-[.isActiveSource]:text-xl\">A a\u00e7\u00e3o, que mobilizou cerca de 2.500 agentes das for\u00e7as estaduais de seguran\u00e7a, foi resultado de mais de um ano de investiga\u00e7\u00e3o conduzida pela DRE (Delegacia de Repress\u00e3o a Entorpecentes).<\/p>\n<p class=\"my-5 break-words group-[.isActiveSource]:text-xl my-5 break-words group-[.isActiveSource]:text-xl\">Segundo a Secretaria de Seguran\u00e7a P\u00fablica (SESP) e o Governo do Estado, o objetivo principal era combater a expans\u00e3o territorial do Comando Vermelho (CV) e cumprir\u00a0<strong class=\"group-[.isActiveSource]:text-xl group-[.isActiveSource]:font-bold group-[.isActiveSource]:text-xl group-[.isActiveSource]:font-bold\">100 mandados de pris\u00e3o<\/strong>\u00a0contra integrantes e lideran\u00e7as criminosas do CV.<\/p>\n<p class=\"my-5 break-words group-[.isActiveSource]:text-xl\"><strong class=\"group-[.isActiveSource]:text-xl group-[.isActiveSource]:font-bold\">Opera\u00e7\u00e3o Cadeia de Carbono\u00a0<\/strong><\/p>\n<p class=\"my-5 break-words group-[.isActiveSource]:text-xl\">Na representa\u00e7\u00e3o, Lindbergh ainda menciona tamb\u00e9m a Opera\u00e7\u00e3o Cadeia de Carbono, deflagrada pela Receita Federal contra irregularidades na importa\u00e7\u00e3o e comercializa\u00e7\u00e3o de <strong class=\"group-[.isActiveSource]:text-xl group-[.isActiveSource]:font-bold group-[.isActiveSource]:text-xl group-[.isActiveSource]:font-bold\">combust\u00edveis.<\/strong><\/p>\n<p class=\"my-5 break-words group-[.isActiveSource]:text-xl\">Na representa\u00e7\u00e3o, o deputado acusa o governo fluminense de proteger &#8220;criminosos ligados \u00e0 Refit&#8221;, refinaria fechada pela a\u00e7\u00e3o fiscal.\u00a0Pede-se ainda, a quebra dos sigilos fiscal, banc\u00e1rio e telef\u00f4nico do governador e dos administradores da refinaria.<\/p>\n<p class=\"my-5 break-words group-[.isActiveSource]:text-xl\">&#8220;Em vez de apoiar a atua\u00e7\u00e3o da Ag\u00eancia Nacional do Petr\u00f3leo (ANP) e da Pol\u00edcia Federal, o governo fluminense, por meio da Procuradoria-Geral do Estado (PGE-RJ), ajuizou a\u00e7\u00e3o para reabrir a Refit, interditada em desdobramento da Opera\u00e7\u00e3o Carbono Oculto&#8221;, afirmou o deputado em nota.<\/p>\n<p class=\"my-5 break-words group-[.isActiveSource]:text-xl\">Deflagrada em setembro deste ano, a a\u00e7\u00e3o levou ao fechamento da Refit em Manguinhos, zona norte do Rio de Janeiro.<\/p>\n<p class=\"my-5 break-words group-[.isActiveSource]:text-xl my-5 break-words group-[.isActiveSource]:text-xl\" data-start=\"1807\" data-end=\"2129\">Segundo Haddad, o caso envolveu \u201ca maior apreens\u00e3o de carga da hist\u00f3ria da Receita Federal\u201d, com 200 milh\u00f5es de litros de combust\u00edveis apreendidos.<\/p>\n<p class=\"my-5 break-words group-[.isActiveSource]:text-xl my-5 break-words group-[.isActiveSource]:text-xl\" data-start=\"2326\" data-end=\"2560\">Nesta quarta-feira (29), o presidente do STJ (Superior Tribunal de Justi\u00e7a), ministro Herman Benjamin, anulou a decis\u00e3o do TJRJ (Tribunal de Justi\u00e7a do Rio de Janeiro) que havia autorizado, na segunda-feira (27), o retorno das atividades da refinaria.<\/p>\n<p class=\"my-5 break-words group-[.isActiveSource]:text-xl\"><a class=\"text-red-600 underline hover:text-red-500 font-medium break-words group-[.isActiveSource]:text-xl\" href=\"https:\/\/www.cnnbrasil.com.br\/economia\/negocios\/anp-interdita-refinaria-refit-apos-operacao-contra-fraudes-em-combustiveis\/\" target=\"_self\" rel=\"\">A suspens\u00e3o das opera\u00e7\u00f5es da Refit, determinada em setembro,<\/a> segue v\u00e1lida enquanto prosseguem as investiga\u00e7\u00f5es no \u00e2mbito da Opera\u00e7\u00e3o Cadeia de Carbono.<\/p>\n<p class=\"my-5 break-words group-[.isActiveSource]:text-xl\">A CNN procurou Cl\u00e1udio Castro para comentar o assunto, mas ainda recebeu retorno.<\/p>\n<\/div>\n<p><a href=\"https:\/\/www.cnnbrasil.com.br\/politica\/lindbergh-pede-abertura-de-inquerito-contra-governador-do-rio\/\">Source link <\/a><\/p>\n","protected":false},"excerpt":{"rendered":"<p>O deputado federal e l\u00edder do PT na C\u00e2mara solicitou abertura de inqu\u00e9rito no STF (Supremo Tribunal Federal) e afastamento cautelar do governador do Rio de Janeiro, Cl\u00e1udio Castro (PL-RJ), nesta quarta-feira (29). O pedido ocorreu ap\u00f3s a megaopera\u00e7\u00e3o conjunta das pol\u00edcias Civil e Militar do Rio de Janeiro, realizada na ter\u00e7a-feira (28), nos complexos [&hellip;]<\/p>\n","protected":false},"author":1,"featured_media":72837,"comment_status":"","ping_status":"","sticky":false,"template":"","format":"standard","meta":{"googlesitekit_rrm_CAow2JLhCw:productID":"","_gspb_post_css":"","maa_idioma":"","maa_pais":"","footnotes":""},"categories":[4],"tags":[5359,3180,5361,5360,5358,3237,2876],"class_list":["post-72836","post","type-post","status-publish","format-standard","has-post-thumbnail","hentry","category-brasil","tag-abertura","tag-contra","tag-governador","tag-inquerito","tag-lindbergh","tag-pede","tag-rio"],"blocksy_meta":[],"yoast_head":"<!-- This site is optimized with the Yoast SEO Premium plugin v27.6 (Yoast SEO v27.6) - https:\/\/yoast.com\/product\/yoast-seo-premium-wordpress\/ -->\n<title>Lindbergh pede abertura de inqu\u00e9rito contra governador do Rio - Ubirat\u00e3 Online Not\u00edcias - A realidade ao seu alcance!<\/title>\n<meta name=\"description\" content=\"O deputado federal e l\u00edder do PT na C\u00e2mara solicitou abertura de inqu\u00e9rito no STF (Supremo Tribunal Federal) e afastamento cautelar do governador do Rio\" \/>\n<meta name=\"robots\" content=\"index, follow, max-snippet:-1, max-image-preview:large, max-video-preview:-1\" \/>\n<link rel=\"canonical\" href=\"https:\/\/ubirataonline.com.br\/en\/lindbergh-pede-abertura-de-inquerito-contra-governador-do-rio\/\" \/>\n<meta property=\"og:locale\" content=\"en_US\" \/>\n<meta property=\"og:type\" content=\"article\" \/>\n<meta property=\"og:title\" content=\"Lindbergh pede abertura de inqu\u00e9rito contra governador do Rio\" \/>\n<meta property=\"og:description\" content=\"O deputado federal e l\u00edder do PT na C\u00e2mara solicitou abertura de inqu\u00e9rito no STF (Supremo Tribunal Federal) e afastamento cautelar do governador do Rio\" \/>\n<meta property=\"og:url\" content=\"https:\/\/ubirataonline.com.br\/en\/lindbergh-pede-abertura-de-inquerito-contra-governador-do-rio\/\" \/>\n<meta property=\"og:site_name\" content=\"Ubirat\u00e3 Online Not\u00edcias - A realidade ao seu alcance!\" \/>\n<meta property=\"article:publisher\" content=\"https:\/\/www.facebook.com\/portalubirataonline\" \/>\n<meta property=\"article:author\" content=\"https:\/\/www.facebook.com\/portalubirataonline\" \/>\n<meta property=\"article:published_time\" content=\"2025-10-30T15:17:21+00:00\" \/>\n<meta property=\"og:image\" content=\"https:\/\/ubirataonline.com.br\/wp-content\/uploads\/2026\/05\/logo2026.webp\" \/>\n\t<meta property=\"og:image:width\" content=\"1531\" \/>\n\t<meta property=\"og:image:height\" content=\"418\" \/>\n\t<meta property=\"og:image:type\" content=\"image\/webp\" \/>\n<meta name=\"author\" content=\"REDA\u00c7\u00c3O: UBIRAT\u00c3 ONLINE - F\u00c1BIO AUGUSTO CELESTINO\" \/>\n<meta name=\"twitter:card\" content=\"summary_large_image\" \/>\n<meta name=\"twitter:creator\" content=\"@x.com\/ubirataonline\" \/>\n<meta name=\"twitter:site\" content=\"@ubirataonline\" \/>\n<meta name=\"twitter:label1\" content=\"Written by\" \/>\n\t<meta name=\"twitter:data1\" content=\"REDA\u00c7\u00c3O: UBIRAT\u00c3 ONLINE - F\u00c1BIO AUGUSTO CELESTINO\" \/>\n\t<meta name=\"twitter:label2\" content=\"Est. reading time\" \/>\n\t<meta name=\"twitter:data2\" content=\"2 minutes\" \/>\n<script type=\"application\/ld+json\" class=\"yoast-schema-graph\">{\"@context\":\"https:\\\/\\\/schema.org\",\"@graph\":[{\"@type\":\"NewsArticle\",\"@id\":\"https:\\\/\\\/ubirataonline.com.br\\\/lindbergh-pede-abertura-de-inquerito-contra-governador-do-rio\\\/#article\",\"isPartOf\":{\"@id\":\"https:\\\/\\\/ubirataonline.com.br\\\/lindbergh-pede-abertura-de-inquerito-contra-governador-do-rio\\\/\"},\"author\":{\"name\":\"REDA\u00c7\u00c3O: UBIRAT\u00c3 ONLINE - F\u00c1BIO AUGUSTO CELESTINO\",\"@id\":\"https:\\\/\\\/ubirataonline.com.br\\\/#\\\/schema\\\/person\\\/372f87bbd3fdd79b8556b84c98d0bc1c\"},\"headline\":\"Lindbergh pede abertura de inqu\u00e9rito contra governador do Rio\",\"datePublished\":\"2025-10-30T15:17:21+00:00\",\"mainEntityOfPage\":{\"@id\":\"https:\\\/\\\/ubirataonline.com.br\\\/lindbergh-pede-abertura-de-inquerito-contra-governador-do-rio\\\/\"},\"wordCount\":506,\"publisher\":{\"@id\":\"https:\\\/\\\/ubirataonline.com.br\\\/#organization\"},\"image\":{\"@id\":\"https:\\\/\\\/ubirataonline.com.br\\\/lindbergh-pede-abertura-de-inquerito-contra-governador-do-rio\\\/#primaryimage\"},\"thumbnailUrl\":\"https:\\\/\\\/ubirataonline.com.br\\\/wp-content\\\/uploads\\\/2025\\\/10\\\/BR_CNN_020625_LINK_DF_SON_LINDBERG_FARIAS_frame_29251.jpeg\",\"keywords\":[\"abertura\",\"contra\",\"governador\",\"inqu\u00e9rito\",\"Lindbergh\",\"pede\",\"Rio\"],\"articleSection\":[\"Brasil\"],\"inLanguage\":\"en-US\",\"copyrightYear\":\"2025\",\"copyrightHolder\":{\"@id\":\"https:\\\/\\\/ubirataonline.com.br\\\/en\\\/#organization\"}},{\"@type\":\"WebPage\",\"@id\":\"https:\\\/\\\/ubirataonline.com.br\\\/lindbergh-pede-abertura-de-inquerito-contra-governador-do-rio\\\/\",\"url\":\"https:\\\/\\\/ubirataonline.com.br\\\/lindbergh-pede-abertura-de-inquerito-contra-governador-do-rio\\\/\",\"name\":\"Lindbergh pede abertura de inqu\u00e9rito contra governador do Rio - Ubirat\u00e3 Online Not\u00edcias - A realidade ao seu alcance!\",\"isPartOf\":{\"@id\":\"https:\\\/\\\/ubirataonline.com.br\\\/#website\"},\"primaryImageOfPage\":{\"@id\":\"https:\\\/\\\/ubirataonline.com.br\\\/lindbergh-pede-abertura-de-inquerito-contra-governador-do-rio\\\/#primaryimage\"},\"image\":{\"@id\":\"https:\\\/\\\/ubirataonline.com.br\\\/lindbergh-pede-abertura-de-inquerito-contra-governador-do-rio\\\/#primaryimage\"},\"thumbnailUrl\":\"https:\\\/\\\/ubirataonline.com.br\\\/wp-content\\\/uploads\\\/2025\\\/10\\\/BR_CNN_020625_LINK_DF_SON_LINDBERG_FARIAS_frame_29251.jpeg\",\"datePublished\":\"2025-10-30T15:17:21+00:00\",\"description\":\"O deputado federal e l\u00edder do PT na C\u00e2mara solicitou abertura de inqu\u00e9rito no STF (Supremo Tribunal Federal) e afastamento cautelar do governador do Rio\",\"breadcrumb\":{\"@id\":\"https:\\\/\\\/ubirataonline.com.br\\\/lindbergh-pede-abertura-de-inquerito-contra-governador-do-rio\\\/#breadcrumb\"},\"inLanguage\":\"en-US\",\"potentialAction\":[{\"@type\":\"ReadAction\",\"target\":[\"https:\\\/\\\/ubirataonline.com.br\\\/lindbergh-pede-abertura-de-inquerito-contra-governador-do-rio\\\/\"]}]},{\"@type\":\"ImageObject\",\"inLanguage\":\"en-US\",\"@id\":\"https:\\\/\\\/ubirataonline.com.br\\\/lindbergh-pede-abertura-de-inquerito-contra-governador-do-rio\\\/#primaryimage\",\"url\":\"https:\\\/\\\/ubirataonline.com.br\\\/wp-content\\\/uploads\\\/2025\\\/10\\\/BR_CNN_020625_LINK_DF_SON_LINDBERG_FARIAS_frame_29251.jpeg\",\"contentUrl\":\"https:\\\/\\\/ubirataonline.com.br\\\/wp-content\\\/uploads\\\/2025\\\/10\\\/BR_CNN_020625_LINK_DF_SON_LINDBERG_FARIAS_frame_29251.jpeg\",\"width\":1200,\"height\":630},{\"@type\":\"BreadcrumbList\",\"@id\":\"https:\\\/\\\/ubirataonline.com.br\\\/lindbergh-pede-abertura-de-inquerito-contra-governador-do-rio\\\/#breadcrumb\",\"itemListElement\":[{\"@type\":\"ListItem\",\"position\":1,\"name\":\"In\u00edcio\",\"item\":\"https:\\\/\\\/ubirataonline.com.br\\\/\"},{\"@type\":\"ListItem\",\"position\":2,\"name\":\"Lindbergh pede abertura de inqu\u00e9rito contra governador do Rio\"}]},{\"@type\":\"WebSite\",\"@id\":\"https:\\\/\\\/ubirataonline.com.br\\\/#website\",\"url\":\"https:\\\/\\\/ubirataonline.com.br\\\/\",\"name\":\"Ubirat\u00e3 Online Not\u00edcias\",\"description\":\"Not\u00edcias de Ubirat\u00e3, regi\u00e3o, Brasil e mundo, com informa\u00e7\u00e3o atualizada e compromisso com o leitor.\",\"publisher\":{\"@id\":\"https:\\\/\\\/ubirataonline.com.br\\\/#organization\"},\"alternateName\":\"Ubirat\u00e3 Online\",\"potentialAction\":[{\"@type\":\"SearchAction\",\"target\":{\"@type\":\"EntryPoint\",\"urlTemplate\":\"https:\\\/\\\/ubirataonline.com.br\\\/?s={search_term_string}\"},\"query-input\":{\"@type\":\"PropertyValueSpecification\",\"valueRequired\":true,\"valueName\":\"search_term_string\"}}],\"inLanguage\":\"en-US\"},{\"@type\":[\"Organization\",\"Place\"],\"@id\":\"https:\\\/\\\/ubirataonline.com.br\\\/#organization\",\"name\":\"Ubirat\u00e3 Online Not\u00edcias\",\"alternateName\":\"Ubirat\u00e3 Online\",\"url\":\"https:\\\/\\\/ubirataonline.com.br\\\/\",\"logo\":{\"@id\":\"https:\\\/\\\/ubirataonline.com.br\\\/lindbergh-pede-abertura-de-inquerito-contra-governador-do-rio\\\/#local-main-organization-logo\"},\"image\":{\"@id\":\"https:\\\/\\\/ubirataonline.com.br\\\/lindbergh-pede-abertura-de-inquerito-contra-governador-do-rio\\\/#local-main-organization-logo\"},\"sameAs\":[\"https:\\\/\\\/www.facebook.com\\\/portalubirataonline\",\"https:\\\/\\\/x.com\\\/ubirataonline\",\"https:\\\/\\\/mastodon.social\\\/@ubirataonline\",\"https:\\\/\\\/www.facebook.com\\\/groups\\\/311144672285604\",\"https:\\\/\\\/www.facebook.com\\\/UBTAOnline\",\"https:\\\/\\\/www.instagram.com\\\/portalubirataonline\\\/\",\"https:\\\/\\\/twitter.com\\\/ubirataonline\"],\"description\":\"Somos um portal de not\u00edcias independente, criado em 5 de janeiro de 2009, com o objetivo de informar, conectar e valorizar a nossa comunidade de Ubirat\u00e3 e toda aregi\u00e3o. Com conte\u00fado atualizado, confi\u00e1vel e relevante, o Ubirat\u00e3 Online \u00e9 o seu espa\u00e7o para ficar por dentro dos principais acontecimentos locais, regionais, Brasil, Mundo e de interesse geral. Nosso compromisso \u00e9 com a verdade, a transpar\u00eancia e o respeito ao leitor.\",\"legalName\":\"UBIRATA ONLINE NOT\u00cdCIAS\",\"foundingDate\":\"2009-01-05\",\"numberOfEmployees\":{\"@type\":\"QuantitativeValue\",\"minValue\":\"1\",\"maxValue\":\"10\"},\"publishingPrinciples\":\"https:\\\/\\\/ubirataonline.com.br\\\/faq\\\/\",\"address\":{\"@id\":\"https:\\\/\\\/ubirataonline.com.br\\\/lindbergh-pede-abertura-de-inquerito-contra-governador-do-rio\\\/#local-main-place-address\"},\"geo\":{\"@type\":\"GeoCoordinates\",\"latitude\":\"-24.5361401\",\"longitude\":\"-52.9921776\"},\"telephone\":[\"+5544998308235\"],\"contactPoint\":{\"@type\":\"ContactPoint\",\"email\":\"contato@ubirataonline.com.br\"},\"openingHoursSpecification\":{\"@type\":\"OpeningHoursSpecification\",\"dayOfWeek\":[\"Monday\",\"Tuesday\",\"Wednesday\",\"Thursday\",\"Friday\",\"Saturday\",\"Sunday\"],\"opens\":\"00:00\",\"closes\":\"23:59\"},\"email\":\"contato@ubirataonline.com.br\",\"vatID\":\"47.621.418\\\/0001-80\"},{\"@type\":\"Person\",\"@id\":\"https:\\\/\\\/ubirataonline.com.br\\\/#\\\/schema\\\/person\\\/372f87bbd3fdd79b8556b84c98d0bc1c\",\"name\":\"REDA\u00c7\u00c3O: UBIRAT\u00c3 ONLINE - F\u00c1BIO AUGUSTO CELESTINO\",\"pronouns\":\"Ele\",\"description\":\"Desde 2003 trabalhando com not\u00edcias.\",\"sameAs\":[\"http:\\\/\\\/ubirataoline.com.br\",\"https:\\\/\\\/www.facebook.com\\\/portalubirataonline\",\"https:\\\/\\\/www.instagram.com\\\/ubirataonline_oficial\",\"https:\\\/\\\/x.com\\\/x.com\\\/ubirataonline\"],\"honorificPrefix\":\"Mr.\",\"honorificSuffix\":\"MD\",\"birthDate\":\"1980-06-16\",\"gender\":\"masculino\",\"award\":[\"V\u00e1rios pr\u00eamios de melhor portal da cidade\"],\"jobTitle\":\"Diretor\",\"url\":\"https:\\\/\\\/ubirataonline.com.br\\\/en\\\/author\\\/ubirataonline\\\/\"},{\"@type\":\"PostalAddress\",\"@id\":\"https:\\\/\\\/ubirataonline.com.br\\\/lindbergh-pede-abertura-de-inquerito-contra-governador-do-rio\\\/#local-main-place-address\",\"streetAddress\":\"Rua dos Coqueiros, 104 - Bairro Boa Vista, Rua dos Coqueiros, 104 Bairro Boa Vista\",\"addressLocality\":\"UBIRATA\",\"postalCode\":\"85440-000\",\"addressRegion\":\"PR\",\"addressCountry\":\"BR\"},{\"@type\":\"ImageObject\",\"inLanguage\":\"en-US\",\"@id\":\"https:\\\/\\\/ubirataonline.com.br\\\/lindbergh-pede-abertura-de-inquerito-contra-governador-do-rio\\\/#local-main-organization-logo\",\"url\":\"https:\\\/\\\/ubirataonline.com.br\\\/wp-content\\\/uploads\\\/2026\\\/06\\\/logoubirataonline-1.webp\",\"contentUrl\":\"https:\\\/\\\/ubirataonline.com.br\\\/wp-content\\\/uploads\\\/2026\\\/06\\\/logoubirataonline-1.webp\",\"width\":500,\"height\":500,\"caption\":\"Ubirat\u00e3 Online Not\u00edcias\"}]}<\/script>\n<meta name=\"geo.placename\" content=\"UBIRATA\" \/>\n<meta name=\"geo.position\" content=\"-24.5361401;-52.9921776\" \/>\n<meta name=\"geo.region\" content=\"Brazil\" \/>\n<!-- \/ Yoast SEO Premium plugin. -->","yoast_head_json":{"title":"Lindbergh pede abertura de inqu\u00e9rito contra governador do Rio - Ubirat\u00e3 Online Not\u00edcias - A realidade ao seu alcance!","description":"O deputado federal e l\u00edder do PT na C\u00e2mara solicitou abertura de inqu\u00e9rito no STF (Supremo Tribunal Federal) e afastamento cautelar do governador do Rio","robots":{"index":"index","follow":"follow","max-snippet":"max-snippet:-1","max-image-preview":"max-image-preview:large","max-video-preview":"max-video-preview:-1"},"canonical":"https:\/\/ubirataonline.com.br\/en\/lindbergh-pede-abertura-de-inquerito-contra-governador-do-rio\/","og_locale":"en_US","og_type":"article","og_title":"Lindbergh pede abertura de inqu\u00e9rito contra governador do Rio","og_description":"O deputado federal e l\u00edder do PT na C\u00e2mara solicitou abertura de inqu\u00e9rito no STF (Supremo Tribunal Federal) e afastamento cautelar do governador do Rio","og_url":"https:\/\/ubirataonline.com.br\/en\/lindbergh-pede-abertura-de-inquerito-contra-governador-do-rio\/","og_site_name":"Ubirat\u00e3 Online Not\u00edcias - A realidade ao seu alcance!","article_publisher":"https:\/\/www.facebook.com\/portalubirataonline","article_author":"https:\/\/www.facebook.com\/portalubirataonline","article_published_time":"2025-10-30T15:17:21+00:00","og_image":[{"width":1531,"height":418,"url":"https:\/\/ubirataonline.com.br\/wp-content\/uploads\/2026\/05\/logo2026.webp","type":"image\/webp"}],"author":"REDA\u00c7\u00c3O: UBIRAT\u00c3 ONLINE - F\u00c1BIO AUGUSTO CELESTINO","twitter_card":"summary_large_image","twitter_creator":"@x.com\/ubirataonline","twitter_site":"@ubirataonline","twitter_misc":{"Written by":"REDA\u00c7\u00c3O: UBIRAT\u00c3 ONLINE - F\u00c1BIO AUGUSTO CELESTINO","Est. reading time":"2 minutes"},"schema":{"@context":"https:\/\/schema.org","@graph":[{"@type":"NewsArticle","@id":"https:\/\/ubirataonline.com.br\/lindbergh-pede-abertura-de-inquerito-contra-governador-do-rio\/#article","isPartOf":{"@id":"https:\/\/ubirataonline.com.br\/lindbergh-pede-abertura-de-inquerito-contra-governador-do-rio\/"},"author":{"name":"REDA\u00c7\u00c3O: UBIRAT\u00c3 ONLINE - F\u00c1BIO AUGUSTO CELESTINO","@id":"https:\/\/ubirataonline.com.br\/#\/schema\/person\/372f87bbd3fdd79b8556b84c98d0bc1c"},"headline":"Lindbergh pede abertura de inqu\u00e9rito contra governador do Rio","datePublished":"2025-10-30T15:17:21+00:00","mainEntityOfPage":{"@id":"https:\/\/ubirataonline.com.br\/lindbergh-pede-abertura-de-inquerito-contra-governador-do-rio\/"},"wordCount":506,"publisher":{"@id":"https:\/\/ubirataonline.com.br\/#organization"},"image":{"@id":"https:\/\/ubirataonline.com.br\/lindbergh-pede-abertura-de-inquerito-contra-governador-do-rio\/#primaryimage"},"thumbnailUrl":"https:\/\/ubirataonline.com.br\/wp-content\/uploads\/2025\/10\/BR_CNN_020625_LINK_DF_SON_LINDBERG_FARIAS_frame_29251.jpeg","keywords":["abertura","contra","governador","inqu\u00e9rito","Lindbergh","pede","Rio"],"articleSection":["Brasil"],"inLanguage":"en-US","copyrightYear":"2025","copyrightHolder":{"@id":"https:\/\/ubirataonline.com.br\/en\/#organization"}},{"@type":"WebPage","@id":"https:\/\/ubirataonline.com.br\/lindbergh-pede-abertura-de-inquerito-contra-governador-do-rio\/","url":"https:\/\/ubirataonline.com.br\/lindbergh-pede-abertura-de-inquerito-contra-governador-do-rio\/","name":"Lindbergh pede abertura de inqu\u00e9rito contra governador do Rio - Ubirat\u00e3 Online Not\u00edcias - A realidade ao seu alcance!","isPartOf":{"@id":"https:\/\/ubirataonline.com.br\/#website"},"primaryImageOfPage":{"@id":"https:\/\/ubirataonline.com.br\/lindbergh-pede-abertura-de-inquerito-contra-governador-do-rio\/#primaryimage"},"image":{"@id":"https:\/\/ubirataonline.com.br\/lindbergh-pede-abertura-de-inquerito-contra-governador-do-rio\/#primaryimage"},"thumbnailUrl":"https:\/\/ubirataonline.com.br\/wp-content\/uploads\/2025\/10\/BR_CNN_020625_LINK_DF_SON_LINDBERG_FARIAS_frame_29251.jpeg","datePublished":"2025-10-30T15:17:21+00:00","description":"O deputado federal e l\u00edder do PT na C\u00e2mara solicitou abertura de inqu\u00e9rito no STF (Supremo Tribunal Federal) e afastamento cautelar do governador do Rio","breadcrumb":{"@id":"https:\/\/ubirataonline.com.br\/lindbergh-pede-abertura-de-inquerito-contra-governador-do-rio\/#breadcrumb"},"inLanguage":"en-US","potentialAction":[{"@type":"ReadAction","target":["https:\/\/ubirataonline.com.br\/lindbergh-pede-abertura-de-inquerito-contra-governador-do-rio\/"]}]},{"@type":"ImageObject","inLanguage":"en-US","@id":"https:\/\/ubirataonline.com.br\/lindbergh-pede-abertura-de-inquerito-contra-governador-do-rio\/#primaryimage","url":"https:\/\/ubirataonline.com.br\/wp-content\/uploads\/2025\/10\/BR_CNN_020625_LINK_DF_SON_LINDBERG_FARIAS_frame_29251.jpeg","contentUrl":"https:\/\/ubirataonline.com.br\/wp-content\/uploads\/2025\/10\/BR_CNN_020625_LINK_DF_SON_LINDBERG_FARIAS_frame_29251.jpeg","width":1200,"height":630},{"@type":"BreadcrumbList","@id":"https:\/\/ubirataonline.com.br\/lindbergh-pede-abertura-de-inquerito-contra-governador-do-rio\/#breadcrumb","itemListElement":[{"@type":"ListItem","position":1,"name":"In\u00edcio","item":"https:\/\/ubirataonline.com.br\/"},{"@type":"ListItem","position":2,"name":"Lindbergh pede abertura de inqu\u00e9rito contra governador do Rio"}]},{"@type":"WebSite","@id":"https:\/\/ubirataonline.com.br\/#website","url":"https:\/\/ubirataonline.com.br\/","name":"Ubirat\u00e3 Online Not\u00edcias","description":"Not\u00edcias de Ubirat\u00e3, regi\u00e3o, Brasil e mundo, com informa\u00e7\u00e3o atualizada e compromisso com o leitor.","publisher":{"@id":"https:\/\/ubirataonline.com.br\/#organization"},"alternateName":"Ubirat\u00e3 Online","potentialAction":[{"@type":"SearchAction","target":{"@type":"EntryPoint","urlTemplate":"https:\/\/ubirataonline.com.br\/?s={search_term_string}"},"query-input":{"@type":"PropertyValueSpecification","valueRequired":true,"valueName":"search_term_string"}}],"inLanguage":"en-US"},{"@type":["Organization","Place"],"@id":"https:\/\/ubirataonline.com.br\/#organization","name":"Ubirat\u00e3 Online Not\u00edcias","alternateName":"Ubirat\u00e3 Online","url":"https:\/\/ubirataonline.com.br\/","logo":{"@id":"https:\/\/ubirataonline.com.br\/lindbergh-pede-abertura-de-inquerito-contra-governador-do-rio\/#local-main-organization-logo"},"image":{"@id":"https:\/\/ubirataonline.com.br\/lindbergh-pede-abertura-de-inquerito-contra-governador-do-rio\/#local-main-organization-logo"},"sameAs":["https:\/\/www.facebook.com\/portalubirataonline","https:\/\/x.com\/ubirataonline","https:\/\/mastodon.social\/@ubirataonline","https:\/\/www.facebook.com\/groups\/311144672285604","https:\/\/www.facebook.com\/UBTAOnline","https:\/\/www.instagram.com\/portalubirataonline\/","https:\/\/twitter.com\/ubirataonline"],"description":"Somos um portal de not\u00edcias independente, criado em 5 de janeiro de 2009, com o objetivo de informar, conectar e valorizar a nossa comunidade de Ubirat\u00e3 e toda aregi\u00e3o. Com conte\u00fado atualizado, confi\u00e1vel e relevante, o Ubirat\u00e3 Online \u00e9 o seu espa\u00e7o para ficar por dentro dos principais acontecimentos locais, regionais, Brasil, Mundo e de interesse geral. Nosso compromisso \u00e9 com a verdade, a transpar\u00eancia e o respeito ao leitor.","legalName":"UBIRATA ONLINE NOT\u00cdCIAS","foundingDate":"2009-01-05","numberOfEmployees":{"@type":"QuantitativeValue","minValue":"1","maxValue":"10"},"publishingPrinciples":"https:\/\/ubirataonline.com.br\/faq\/","address":{"@id":"https:\/\/ubirataonline.com.br\/lindbergh-pede-abertura-de-inquerito-contra-governador-do-rio\/#local-main-place-address"},"geo":{"@type":"GeoCoordinates","latitude":"-24.5361401","longitude":"-52.9921776"},"telephone":["+5544998308235"],"contactPoint":{"@type":"ContactPoint","email":"contato@ubirataonline.com.br"},"openingHoursSpecification":{"@type":"OpeningHoursSpecification","dayOfWeek":["Monday","Tuesday","Wednesday","Thursday","Friday","Saturday","Sunday"],"opens":"00:00","closes":"23:59"},"email":"contato@ubirataonline.com.br","vatID":"47.621.418\/0001-80"},{"@type":"Person","@id":"https:\/\/ubirataonline.com.br\/#\/schema\/person\/372f87bbd3fdd79b8556b84c98d0bc1c","name":"REDA\u00c7\u00c3O: UBIRAT\u00c3 ONLINE - F\u00c1BIO AUGUSTO CELESTINO","pronouns":"Ele","description":"Desde 2003 trabalhando com not\u00edcias.","sameAs":["http:\/\/ubirataoline.com.br","https:\/\/www.facebook.com\/portalubirataonline","https:\/\/www.instagram.com\/ubirataonline_oficial","https:\/\/x.com\/x.com\/ubirataonline"],"honorificPrefix":"Mr.","honorificSuffix":"MD","birthDate":"1980-06-16","gender":"masculino","award":["V\u00e1rios pr\u00eamios de melhor portal da cidade"],"jobTitle":"Diretor","url":"https:\/\/ubirataonline.com.br\/en\/author\/ubirataonline\/"},{"@type":"PostalAddress","@id":"https:\/\/ubirataonline.com.br\/lindbergh-pede-abertura-de-inquerito-contra-governador-do-rio\/#local-main-place-address","streetAddress":"Rua dos Coqueiros, 104 - Bairro Boa Vista, Rua dos Coqueiros, 104 Bairro Boa Vista","addressLocality":"UBIRATA","postalCode":"85440-000","addressRegion":"PR","addressCountry":"BR"},{"@type":"ImageObject","inLanguage":"en-US","@id":"https:\/\/ubirataonline.com.br\/lindbergh-pede-abertura-de-inquerito-contra-governador-do-rio\/#local-main-organization-logo","url":"https:\/\/ubirataonline.com.br\/wp-content\/uploads\/2026\/06\/logoubirataonline-1.webp","contentUrl":"https:\/\/ubirataonline.com.br\/wp-content\/uploads\/2026\/06\/logoubirataonline-1.webp","width":500,"height":500,"caption":"Ubirat\u00e3 Online Not\u00edcias"}]},"geo.placename":"UBIRATA","geo.position":{"lat":"-24.5361401","long":"-52.9921776"},"geo.region":"Brazil"},"_links":{"self":[{"href":"https:\/\/ubirataonline.com.br\/en\/wp-json\/wp\/v2\/posts\/72836","targetHints":{"allow":["GET"]}}],"collection":[{"href":"https:\/\/ubirataonline.com.br\/en\/wp-json\/wp\/v2\/posts"}],"about":[{"href":"https:\/\/ubirataonline.com.br\/en\/wp-json\/wp\/v2\/types\/post"}],"author":[{"embeddable":true,"href":"https:\/\/ubirataonline.com.br\/en\/wp-json\/wp\/v2\/users\/1"}],"replies":[{"embeddable":true,"href":"https:\/\/ubirataonline.com.br\/en\/wp-json\/wp\/v2\/comments?post=72836"}],"version-history":[{"count":0,"href":"https:\/\/ubirataonline.com.br\/en\/wp-json\/wp\/v2\/posts\/72836\/revisions"}],"wp:featuredmedia":[{"embeddable":true,"href":"https:\/\/ubirataonline.com.br\/en\/wp-json\/wp\/v2\/media\/72837"}],"wp:attachment":[{"href":"https:\/\/ubirataonline.com.br\/en\/wp-json\/wp\/v2\/media?parent=72836"}],"wp:term":[{"taxonomy":"category","embeddable":true,"href":"https:\/\/ubirataonline.com.br\/en\/wp-json\/wp\/v2\/categories?post=72836"},{"taxonomy":"post_tag","embeddable":true,"href":"https:\/\/ubirataonline.com.br\/en\/wp-json\/wp\/v2\/tags?post=72836"}],"curies":[{"name":"wp","href":"https:\/\/api.w.org\/{rel}","templated":true}]}}