{"id":72840,"date":"2025-10-30T12:44:29","date_gmt":"2025-10-30T15:44:29","guid":{"rendered":"https:\/\/ubirataonline.com.br\/abby-zwerner-testifies-in-civil-trial-against-former-assistant-principal-after-being-shot-by-6-year-old-student\/"},"modified":"2025-10-30T12:44:29","modified_gmt":"2025-10-30T15:44:29","slug":"abby-zwerner-testifies-in-civil-trial-against-former-assistant-principal-after-being-shot-by-6-year-old-student","status":"publish","type":"post","link":"https:\/\/ubirataonline.com.br\/en\/abby-zwerner-testifies-in-civil-trial-against-former-assistant-principal-after-being-shot-by-6-year-old-student\/","title":{"rendered":"Abby Zwerner testifies in civil trial against former assistant principal after being shot by 6-year-old student"},"content":{"rendered":"<p><\/p>\n<div data-editable=\"content\" itemprop=\"articleBody\" data-reorderable=\"content\">\n<p class=\"paragraph-elevate inline-placeholder vossi-paragraph\" data-uri=\"cms.cnn.com\/_components\/paragraph\/instances\/cmhdgceuh000t3b6ntik8pg6y@published\" data-editable=\"text\" data-component-name=\"paragraph\" data-article-gutter=\"true\">\n            [Breaking news update at 11:25 a.m. ET]\n    <\/p>\n<p class=\"paragraph-elevate inline-placeholder vossi-paragraph\" data-uri=\"cms.cnn.com\/_components\/paragraph\/instances\/cmhdi3udw001r3b6nu9qs5ph5@published\" data-editable=\"text\" data-component-name=\"paragraph\" data-article-gutter=\"true\">\n            The first-grade teacher shot by her 6-year-old student at a Virginia elementary school took the stand to testify Thursday in her civil trial against a former assistant principal, who is accused of ignoring multiple warnings that the boy may have brought a gun to school before the shooting.\n    <\/p>\n<p class=\"paragraph-elevate inline-placeholder vossi-paragraph\" data-uri=\"cms.cnn.com\/_components\/paragraph\/instances\/cmhdj1x2c00263b6n5sa2hsco@published\" data-editable=\"text\" data-component-name=\"paragraph\" data-article-gutter=\"true\">\n            Abby Zwerner, a teacher at Richneck Elementary School in Newport News, was shot in the hand and chest on January 6, 2023, while sitting at a reading table in her classroom.\n    <\/p>\n<p class=\"paragraph-elevate inline-placeholder vossi-paragraph\" data-uri=\"cms.cnn.com\/_components\/paragraph\/instances\/cmhdizidw001z3b6nz0bf2vs8@published\" data-editable=\"text\" data-component-name=\"paragraph\" data-article-gutter=\"true\">\n            [Previous story, published at 10:25 a.m. ET]\n    <\/p>\n<p class=\"paragraph-elevate inline-placeholder vossi-paragraph\" data-uri=\"cms.cnn.com\/_components\/paragraph\/instances\/cmhdizixb00213b6n1z0xjhr6@published\" data-editable=\"text\" data-component-name=\"paragraph\" data-article-gutter=\"true\">\n            Abby Zwerner wiped away tears as her twin sister reflected Wednesday on the changes she\u2019s seen in Zwerner since the first-grade teacher was <a href=\"https:\/\/nam11.safelinks.protection.outlook.com\/?url=https%3A%2F%2Fwww.cnn.com%2F2025%2F10%2F29%2Fus%2Fabby-zwerner-teacher-shooting-trial&amp;data=05%7C02%7Cdakin.andone%40cnn.com%7C52f75530d994430fe1a208de17b0a6d2%7C0eb48825e8714459bc72d0ecd68f1f39%7C0%7C0%7C638974244629869533%7CUnknown%7CTWFpbGZsb3d8eyJFbXB0eU1hcGkiOnRydWUsIlYiOiIwLjAuMDAwMCIsIlAiOiJXaW4zMiIsIkFOIjoiTWFpbCIsIldUIjoyfQ%3D%3D%7C0%7C%7C%7C&amp;sdata=iOaxYsAmNQ6j5cG35Aj9uiDczd3ol%2BbbHESFx0NFb5Y%3D&amp;reserved=0\" target=\"_blank\" rel=\"noopener noreferrer\">shot by her 6-year-old student<\/a> more than two years ago.\n    <\/p>\n<p class=\"paragraph-elevate inline-placeholder vossi-paragraph\" data-uri=\"cms.cnn.com\/_components\/paragraph\/instances\/cmhddk8u400023b6neufp34l8@published\" data-editable=\"text\" data-component-name=\"paragraph\" data-article-gutter=\"true\">\n            \u201cShe\u2019s just not the person that she was,\u201d Hannah Zwerner told a Virginia court on the second day of testimony in her sister\u2019s civil trial against an ex-assistant principal, who is accused of ignoring warnings that the student had a gun hours before Abby Zwerner was shot in her classroom on January 6, 2023.\n    <\/p>\n<p class=\"paragraph-elevate inline-placeholder vossi-paragraph\" data-uri=\"cms.cnn.com\/_components\/paragraph\/instances\/cmhcts502000e3d607s0l4kte@published\" data-editable=\"text\" data-component-name=\"paragraph\" data-article-gutter=\"true\">\n            The shooting dimmed a sister who used to be a bright light, said Hannah. \u201cShe had a lot to be excited about. And she doesn\u2019t anymore.\u201d\n    <\/p>\n<p class=\"paragraph-elevate inline-placeholder vossi-paragraph\" data-uri=\"cms.cnn.com\/_components\/paragraph\/instances\/cmhcmqpw7001t3b6nze5j94pl@published\" data-editable=\"text\" data-component-name=\"paragraph\" data-article-gutter=\"true\">\n            Zwerner has filed a $40 million lawsuit against ex-assistant principal<strong> <\/strong>Ebony Parker, saying Parker failed to act when several people approached her with concerns the boy had brought a gun to school.\n    <\/p>\n<p class=\"paragraph-elevate inline-placeholder vossi-paragraph\" data-uri=\"cms.cnn.com\/_components\/paragraph\/instances\/cmhdgdgbs000w3b6nzfbtms7y@published\" data-editable=\"text\" data-component-name=\"paragraph\" data-article-gutter=\"true\">\n            <a href=\"https:\/\/www.cnn.com\/live-video-3\">CNN All Access has live coverage of teacher shot by student trial<\/a>\n    <\/p>\n<p class=\"paragraph-elevate inline-placeholder vossi-paragraph\" data-uri=\"cms.cnn.com\/_components\/paragraph\/instances\/cmhdguefv00123b6nl072hin7@published\" data-editable=\"text\" data-component-name=\"paragraph\" data-article-gutter=\"true\">\n            The case continued into a third day of testimony Thursday, with Zwerner\u2019s attorneys calling to the stand a psychiatrist who testified Zwerner has suffered post-traumatic stress disorder in the wake of the shooting.\n    <\/p>\n<p class=\"paragraph-elevate inline-placeholder vossi-paragraph\" data-uri=\"cms.cnn.com\/_components\/paragraph\/instances\/cmhdi1trh001o3b6nupzusjmo@published\" data-editable=\"text\" data-component-name=\"paragraph\" data-article-gutter=\"true\">\n            Zwerner had overcome mental stressors in the past, Dr. Clarence Watson testified, like when she had a heavy workload in college or soon after her father\u2019s sudden death. But the shooting was \u201clike throwing gasoline on top of the fire,\u201d causing her recurring nightmares.\n    <\/p>\n<p class=\"paragraph-elevate inline-placeholder vossi-paragraph\" data-uri=\"cms.cnn.com\/_components\/paragraph\/instances\/cmhdhncv000053b6nhrcerjk3@published\" data-editable=\"text\" data-component-name=\"paragraph\" data-article-gutter=\"true\">\n            \u201cShe has lost the sense of being safe, something that she had not experienced before, even when she was feeling depressed or anxious \u2026 She now doesn\u2019t want to go anywhere,\u201d Watson said. \u201cShe had become socially withdrawn and isolated, pulled away from friends, didn\u2019t want to be in public as much, and felt fear in places that she didn\u2019t feel fear before.\u201d\n    <\/p>\n<p class=\"paragraph-elevate inline-placeholder vossi-paragraph\" data-uri=\"cms.cnn.com\/_components\/paragraph\/instances\/cmhcpdf3a00353b6n09mkl6ey@published\" data-editable=\"text\" data-component-name=\"paragraph\" data-article-gutter=\"true\">\n            The civil trial offers a peek inside some of the key details that will be presented during the criminal case next month against Parker, who faces <a href=\"https:\/\/www.cnn.com\/2024\/04\/09\/us\/elementary-school-teacher-shot\">eight counts <\/a>of felony child neglect.\n    <\/p>\n<p class=\"paragraph-elevate inline-placeholder vossi-paragraph\" data-uri=\"cms.cnn.com\/_components\/paragraph\/instances\/cmhcrv7u000003b6nw52ddrxy@published\" data-editable=\"text\" data-component-name=\"paragraph\" data-article-gutter=\"true\">\n            Filing charges against school officials in the aftermath of a school shooting is rare, a law professor at the University of Virginia told CNN, and this case could set a precedent for future events as US communities grapple with questions of responsibility after a school is scarred by gun violence.\n    <\/p>\n<p class=\"paragraph-elevate inline-placeholder vossi-paragraph\" data-uri=\"cms.cnn.com\/_components\/paragraph\/instances\/cmhdcytgl00003b6n39z2urn6@published\" data-editable=\"text\" data-component-name=\"paragraph\" data-article-gutter=\"true\">\n            It remains an increasingly pervasive problem: As of Monday, there have been <a href=\"https:\/\/www.cnn.com\/us\/school-shootings-fast-facts-dg\">64 school shootings<\/a> in the United States so far this year, 27 of which took place on K-12 school grounds.\n    <\/p>\n<p class=\"paragraph-elevate inline-placeholder vossi-paragraph\" data-uri=\"cms.cnn.com\/_components\/paragraph\/instances\/cmhcmqgd4001p3b6n5hgaa74u@published\" data-editable=\"text\" data-component-name=\"paragraph\" data-article-gutter=\"true\">\n            Here\u2019s what you need to know as the civil case against Parker is underway.\n    <\/p>\n<p class=\"paragraph-elevate inline-placeholder vossi-paragraph\" data-uri=\"cms.cnn.com\/_components\/paragraph\/instances\/cmhcmqt85001v3b6nby7350gi@published\" data-editable=\"text\" data-component-name=\"paragraph\" data-article-gutter=\"true\">\n            The <a href=\"https:\/\/www.cnn.com\/2023\/04\/03\/us\/newport-news-virginia-school-shooting-lawsuit\">lawsuit alleges<\/a> Parker ignored concerns and warning signs brought up by several teachers and staff members, including that the student may have had a gun in his possession hours before the shooting at Richneck Elementary School in Newport News, Virginia.\n    <\/p>\n<p class=\"paragraph-elevate inline-placeholder vossi-paragraph\" data-uri=\"cms.cnn.com\/_components\/paragraph\/instances\/cmhcmqt85001w3b6nlmx99q0j@published\" data-editable=\"text\" data-component-name=\"paragraph\" data-article-gutter=\"true\">\n            Parker is accused of ignoring \u201cwarnings from teachers and staff that students had seen the firearm\u201d and that the student had \u201cremoved an object that was likely a firearm from his backpack before it was searched,\u201d the complaint states.\n    <\/p>\n<div data-uri=\"cms.cnn.com\/_components\/image\/instances\/cmhdh80x8001f3b6nx7drdna2@published\" class=\"image_large-elevate image_large__hide-placeholder\" data-image-variation=\"image_large\" data-name=\"still_22077007_3556336_still.jpg\" data-component-name=\"image\" data-observe-resizes=\"\" data-breakpoints=\"{\" image_large--eq-extra-small=\"\" data-original-ratio=\"0.5625\" data-original-height=\"1080\" data-original-width=\"1920\" data-url=\"https:\/\/media.cnn.com\/api\/v1\/images\/stellar\/prod\/still-22077007-3556336-still.jpg?c=original\" data-editable=\"settings\" data-article-gutter=\"true\">\n<div class=\"image_large__container \" data-image-variation=\"image_large\" data-breakpoints=\"{\" image_large--eq-extra-small=\"\">\n       <picture class=\"image_large__picture\"><source height=\"undefined\" width=\"679\" media=\"(max-width: 479px)\" srcset=\"https:\/\/media.cnn.com\/api\/v1\/images\/stellar\/prod\/still-22077007-3556336-still.jpg?c=original&amp;q=w_679,c_fill\/f_webp\" type=\"image\/webp\"><source height=\"undefined\" width=\"967\" media=\"(min-width: 480px) and (max-width: 767px)\" srcset=\"https:\/\/media.cnn.com\/api\/v1\/images\/stellar\/prod\/still-22077007-3556336-still.jpg?c=original&amp;q=w_967,c_fill\/f_webp\" type=\"image\/webp\"><source height=\"undefined\" width=\"860\" media=\"(min-width: 768px) and (max-width: 1023px)\" srcset=\"https:\/\/media.cnn.com\/api\/v1\/images\/stellar\/prod\/still-22077007-3556336-still.jpg?c=original&amp;q=w_860,c_fill\/f_webp\" type=\"image\/webp\"><source height=\"undefined\" width=\"860\" media=\"(min-width: 1024px) and (max-width: 1279px)\" srcset=\"https:\/\/media.cnn.com\/api\/v1\/images\/stellar\/prod\/still-22077007-3556336-still.jpg?c=original&amp;q=w_860,c_fill\/f_webp\" type=\"image\/webp\"><source height=\"undefined\" width=\"860\" media=\"(min-width: 1280px)\" srcset=\"https:\/\/media.cnn.com\/api\/v1\/images\/stellar\/prod\/still-22077007-3556336-still.jpg?c=original&amp;q=w_860,c_fill\/f_webp\" type=\"image\/webp\"><img decoding=\"async\" src=\"https:\/\/media.cnn.com\/api\/v1\/images\/stellar\/prod\/still-22077007-3556336-still.jpg?c=original&amp;q=w_860,c_fill\" alt=\"Former Richneck Elementary School assistant principal Ebony Parker looks on during the civil trial against her on Thursday in Newport News.\" class=\"image_large__dam-img image_large__dam-img--loading\" onload=\"this.classList.remove('image_large__dam-img--loading')\" onerror=\"imageLoadError(this)\" height=\"1080\" width=\"1920\" loading=\"lazy\"\/><\/source><\/source><\/source><\/source><\/source><\/picture>\n    <\/div>\n<\/div>\n<p class=\"paragraph-elevate inline-placeholder vossi-paragraph\" data-uri=\"cms.cnn.com\/_components\/paragraph\/instances\/cmhcmqt85001x3b6nw6ov2jdq@published\" data-editable=\"text\" data-component-name=\"paragraph\" data-article-gutter=\"true\">\n            A guidance counselor and administrator at the elementary school said Parker also \u201cforbade\u201d teachers from searching the 6-year-old for a firearm, saying his mother would pick him up soon, the complaint says.\n    <\/p>\n<p class=\"paragraph-elevate inline-placeholder vossi-paragraph\" data-uri=\"cms.cnn.com\/_components\/paragraph\/instances\/cmhcmqt85001y3b6nbo9at8u9@published\" data-editable=\"text\" data-component-name=\"paragraph\" data-article-gutter=\"true\">\n            Additionally, Parker was informed by Zwerner that the student was in a \u201cviolent mood,\u201d according to the complaint.\n    <\/p>\n<p class=\"paragraph-elevate inline-placeholder vossi-paragraph\" data-uri=\"cms.cnn.com\/_components\/paragraph\/instances\/cmhcmqt85001z3b6nic5o1xhx@published\" data-editable=\"text\" data-component-name=\"paragraph\" data-article-gutter=\"true\">\n            The boy was required to be accompanied by a parent during the school day during the first half of the school year \u201cbecause of his violent tendencies.\u201d But the day of the shooting, school administrators \u201callowed him to remain unaccompanied without a companion during the school day,\u201d the complaint says.\n    <\/p>\n<p class=\"paragraph-elevate inline-placeholder vossi-paragraph\" data-uri=\"cms.cnn.com\/_components\/paragraph\/instances\/cmhcmqt8500203b6nlko7vozn@published\" data-editable=\"text\" data-component-name=\"paragraph\" data-article-gutter=\"true\">\n            During the previous school year, the boy strangled and choked a teacher and pulled up a female classmate\u2019s dress and touched her inappropriately on the school playground, the lawsuit details.\n    <\/p>\n<p class=\"paragraph-elevate inline-placeholder vossi-paragraph\" data-uri=\"cms.cnn.com\/_components\/paragraph\/instances\/cmhct6lm9000t3b6nbojht9vc@published\" data-editable=\"text\" data-component-name=\"paragraph\" data-article-gutter=\"true\">\n            Poor decisions led up to the \u201cavoidable\u201d shooting, a grand jury report found last April.\n    <\/p>\n<p class=\"paragraph-elevate inline-placeholder vossi-paragraph\" data-uri=\"cms.cnn.com\/_components\/paragraph\/instances\/cmhcmqt8500213b6nrl7xqhi8@published\" data-editable=\"text\" data-component-name=\"paragraph\" data-article-gutter=\"true\">\n            Parker resigned two weeks after the shooting and the principal was reassigned to another school. The incident also led the school board to vote out the superintendent.\n    <\/p>\n<p class=\"paragraph-elevate inline-placeholder vossi-paragraph\" data-uri=\"cms.cnn.com\/_components\/paragraph\/instances\/cmhcv1qky00003d60gbq7lja2@published\" data-editable=\"text\" data-component-name=\"paragraph\" data-article-gutter=\"true\">\n            Parker\u2019s attorney has previously not responded to CNN\u2019s request for comment.\n    <\/p>\n<p class=\"paragraph-elevate inline-placeholder vossi-paragraph\" data-uri=\"cms.cnn.com\/_components\/paragraph\/instances\/cmhck8qu6000z3b6nhh0jy4o4@published\" data-editable=\"text\" data-component-name=\"paragraph\" data-article-gutter=\"true\">\n            The chief of surgery where Zwerner was hospitalized testified Tuesday her injuries were life-threatening. Her lung collapsed and the bullet that remains inside Zwerner\u2019s body just missed her heart, Daniel Munn said. An orthopedic trauma surgeon testified about the details of Zwerner\u2019s devastating hand injury, her multiple surgeries and ongoing recovery.\n    <\/p>\n<p class=\"paragraph-elevate inline-placeholder vossi-paragraph\" data-uri=\"cms.cnn.com\/_components\/paragraph\/instances\/cmhct4n4s00023d60feoxkt36@published\" data-editable=\"text\" data-component-name=\"paragraph\" data-article-gutter=\"true\">\n            After two weeks in the hospital and six surgeries, Zwerner is left with a hand that will never be normal, orthopedic surgeon James Stuart told the court.\n    <\/p>\n<p class=\"paragraph-elevate inline-placeholder vossi-paragraph\" data-uri=\"cms.cnn.com\/_components\/paragraph\/instances\/cmhckaf6400153b6nnp120yz4@published\" data-editable=\"text\" data-component-name=\"paragraph\" data-article-gutter=\"true\">\n            A now-retired corporal from the Newport News Sheriff\u2019s Office testified Wednesday about his response to the scene after the shooting. \u201cWe were quite taken aback. We didn\u2019t expect to see so young a suspect,\u201d the corporal testified.\n    <\/p>\n<p class=\"paragraph-elevate inline-placeholder vossi-paragraph\" data-uri=\"cms.cnn.com\/_components\/paragraph\/instances\/cmhckybwh001f3b6nq1kis8v4@published\" data-editable=\"text\" data-component-name=\"paragraph\" data-article-gutter=\"true\">\n            Zwerner\u2019s lawyers also introduced body cam footage and police scene photographs into evidence.\n    <\/p>\n<p class=\"paragraph-elevate inline-placeholder vossi-paragraph\" data-uri=\"cms.cnn.com\/_components\/paragraph\/instances\/cmhct06d0000m3b6nsdq54mii@published\" data-editable=\"text\" data-component-name=\"paragraph\" data-article-gutter=\"true\">\n            In another emotional courtroom moment in December 2023, Zwerner read a statement during the sentencing of the student\u2019s mother on charges related to the shooting.\n    <\/p>\n<p class=\"paragraph-elevate inline-placeholder vossi-paragraph\" data-uri=\"cms.cnn.com\/_components\/paragraph\/instances\/cmhct81ai00103b6n79zsyhw6@published\" data-editable=\"text\" data-component-name=\"paragraph\" data-article-gutter=\"true\">\n            \u201cThe boy pointed the gun directly at me and shot. The single bullet went through my left hand and lodged into my upper left chest, leaving traces of bullet fragments in both areas that will remain forever,\u201d Zwerner said at the time.\n    <\/p>\n<p class=\"paragraph-elevate inline-placeholder vossi-paragraph\" data-uri=\"cms.cnn.com\/_components\/paragraph\/instances\/cmhct87lv00123b6nlxbggrat@published\" data-editable=\"text\" data-component-name=\"paragraph\" data-article-gutter=\"true\">\n            \u201cWhen this happened and emergency responders worked to keep me alive, I was not sure whether it would be my final moment on earth.\u201d\n    <\/p>\n<p class=\"paragraph-elevate inline-placeholder vossi-paragraph\" data-uri=\"cms.cnn.com\/_components\/paragraph\/instances\/cmhck1kt3000g3b6npczuki4u@published\" data-editable=\"text\" data-component-name=\"paragraph\" data-article-gutter=\"true\">\n            Parker is the only defendant in the lawsuit filed months after the shooting. A judge previously dismissed the other original defendants, including the Newport News School Board, the district\u2019s former superintendent and the former school principal, the Associated Press reported.\n    <\/p>\n<p class=\"paragraph-elevate inline-placeholder vossi-paragraph\" data-uri=\"cms.cnn.com\/_components\/paragraph\/instances\/cmhck1kem000e3b6nrgsxfme6@published\" data-editable=\"text\" data-component-name=\"paragraph\" data-article-gutter=\"true\">\n            The student\u2019s mother was <a href=\"https:\/\/www.cnn.com\/2023\/12\/15\/us\/virgina-teacher-mother-shooting-sentenced\">sentenced<\/a> to a total of nearly four years in prison for <strong> <\/strong>child neglect and federal weapons charges.\n    <\/p>\n<p class=\"paragraph-elevate inline-placeholder vossi-paragraph\" data-uri=\"cms.cnn.com\/_components\/paragraph\/instances\/cmhck3naa000l3b6nw7smt7gw@published\" data-editable=\"text\" data-component-name=\"paragraph\" data-article-gutter=\"true\">\n            The boy was <a href=\"https:\/\/www.cnn.com\/2023\/03\/08\/us\/newport-news-virginia-school-shooting-no-charges\/index.html\">not charged<\/a> with any wrongdoing.\n    <\/p>\n<div data-uri=\"cms.cnn.com\/_components\/image\/instances\/cmhde3nbe00013b6nsttbfkhx@published\" class=\"image_large-elevate image_large__hide-placeholder\" data-image-variation=\"image_large\" data-name=\"richneck elementary school updates 011523\" data-component-name=\"image\" data-observe-resizes=\"\" data-breakpoints=\"{\" image_large--eq-extra-small=\"\" data-original-ratio=\"0.6655797101449276\" data-original-height=\"1837\" data-original-width=\"2760\" data-url=\"https:\/\/media.cnn.com\/api\/v1\/images\/stellar\/prod\/230115150415-richneck-elementary-school-updates-011523.jpg?c=original\" data-editable=\"settings\" data-article-gutter=\"true\">\n<div class=\"image_large__container \" data-image-variation=\"image_large\" data-breakpoints=\"{\" image_large--eq-extra-small=\"\">\n       <picture class=\"image_large__picture\"><source height=\"undefined\" width=\"679\" media=\"(max-width: 479px)\" srcset=\"https:\/\/media.cnn.com\/api\/v1\/images\/stellar\/prod\/230115150415-richneck-elementary-school-updates-011523.jpg?c=original&amp;q=w_679,c_fill\/f_webp\" type=\"image\/webp\"><source height=\"undefined\" width=\"967\" media=\"(min-width: 480px) and (max-width: 767px)\" srcset=\"https:\/\/media.cnn.com\/api\/v1\/images\/stellar\/prod\/230115150415-richneck-elementary-school-updates-011523.jpg?c=original&amp;q=w_967,c_fill\/f_webp\" type=\"image\/webp\"><source height=\"undefined\" width=\"860\" media=\"(min-width: 768px) and (max-width: 1023px)\" srcset=\"https:\/\/media.cnn.com\/api\/v1\/images\/stellar\/prod\/230115150415-richneck-elementary-school-updates-011523.jpg?c=original&amp;q=w_860,c_fill\/f_webp\" type=\"image\/webp\"><source height=\"undefined\" width=\"860\" media=\"(min-width: 1024px) and (max-width: 1279px)\" srcset=\"https:\/\/media.cnn.com\/api\/v1\/images\/stellar\/prod\/230115150415-richneck-elementary-school-updates-011523.jpg?c=original&amp;q=w_860,c_fill\/f_webp\" type=\"image\/webp\"><source height=\"undefined\" width=\"860\" media=\"(min-width: 1280px)\" srcset=\"https:\/\/media.cnn.com\/api\/v1\/images\/stellar\/prod\/230115150415-richneck-elementary-school-updates-011523.jpg?c=original&amp;q=w_860,c_fill\/f_webp\" type=\"image\/webp\"><img decoding=\"async\" src=\"https:\/\/media.cnn.com\/api\/v1\/images\/stellar\/prod\/230115150415-richneck-elementary-school-updates-011523.jpg?c=original&amp;q=w_860,c_fill\" alt=\"NEWPORT NEWS, VA - JANUARY 07: Police tape hangs from a sign post outside Richneck Elementary School following a shooting on January 7, 2023 in Newport News, Virginia. A 6-year-old student was taken into custody after reportedly shooting a teacher during an altercation in a classroom at Richneck Elementary School on Friday. The teacher, a woman in her 30s, suffered \" life-threatening=\"\" injuries=\"\" and=\"\" remains=\"\" in=\"\" critical=\"\" condition=\"\" according=\"\" to=\"\" police=\"\" reports.=\"\" by=\"\" jay=\"\" paul=\"\" images=\"\" class=\"image_large__dam-img image_large__dam-img--loading\" onload=\"this.classList.remove('image_large__dam-img--loading')\" onerror=\"imageLoadError(this)\" height=\"1837\" width=\"2760\" loading=\"lazy\"\/><\/source><\/source><\/source><\/source><\/source><\/picture>\n    <\/div>\n<\/div>\n<p class=\"paragraph-elevate inline-placeholder vossi-paragraph\" data-uri=\"cms.cnn.com\/_components\/paragraph\/instances\/cmhcotpn6002n3b6nkly57lsy@published\" data-editable=\"text\" data-component-name=\"paragraph\" data-article-gutter=\"true\">\n            The gun used in the shooting was purchased by the boy\u2019s mother, kept on the top shelf of her closet and was secured by a trigger lock, an attorney for the mother <a href=\"https:\/\/www.cnn.com\/2023\/01\/22\/us\/newport-news-virginia-teacher-shooting-gun-closet\">previously told CNN<\/a>.\n    <\/p>\n<p class=\"paragraph-elevate inline-placeholder vossi-paragraph\" data-uri=\"cms.cnn.com\/_components\/paragraph\/instances\/cmhcp4lv1002t3b6niy84vwvh@published\" data-editable=\"text\" data-component-name=\"paragraph\" data-article-gutter=\"true\">\n            However, prosecutors <a href=\"https:\/\/www.cnn.com\/2023\/08\/15\/us\/virginia-teacher-shooting-mother-guilty\">later said<\/a> authorities found no trigger lock and no key to a trigger lock. The boy stood on a dresser drawer and took the gun from his mother\u2019s purse. <strong>\ufeff<\/strong>He then brought the gun to school in his backpack, police said.\n    <\/p>\n<p class=\"paragraph-elevate inline-placeholder vossi-paragraph\" data-uri=\"cms.cnn.com\/_components\/paragraph\/instances\/cmhcsnop2000g3b6noehpyqx1@published\" data-editable=\"text\" data-component-name=\"paragraph\" data-article-gutter=\"true\">\n            The boy\u2019s mother had no criminal record and cooperated with authorities since the shooting. She <a href=\"https:\/\/www.cnn.com\/2023\/04\/14\/us\/newport-news-trial-set-school-shooting\/index.html\">turned herself in <\/a>to police after state charges were filed  against her and was released after posting a $5,000 bond.\n    <\/p>\n<p class=\"paragraph-elevate inline-placeholder vossi-paragraph\" data-uri=\"cms.cnn.com\/_components\/paragraph\/instances\/cmhcoiemx00273b6njla7l6tk@published\" data-editable=\"text\" data-component-name=\"paragraph\" data-article-gutter=\"true\">\n            Because attempts to hold school officials criminally accountable for school shootings are rare, this case could set a precedent, said Darryl K. Brown, a law professor at the University of Virginia.\n    <\/p>\n<p class=\"paragraph-elevate inline-placeholder vossi-paragraph\" data-uri=\"cms.cnn.com\/_components\/paragraph\/instances\/cmhcojkyx002f3b6ngbb02x9h@published\" data-editable=\"text\" data-component-name=\"paragraph\" data-article-gutter=\"true\">\n            The closest thing to something like the case against Parker is when charges were filed against the deputy who stayed outside during the mass shooting at Marjorie Stoneman Douglas High School in Parkland, Florida, he said. The deputy in that case <a href=\"https:\/\/www.cnn.com\/2023\/06\/29\/us\/scot-peterson-parkland-shooting-trial-thursday\">was acquitted<\/a> on all counts against him in 2023.\n    <\/p>\n<p class=\"paragraph-elevate inline-placeholder vossi-paragraph\" data-uri=\"cms.cnn.com\/_components\/paragraph\/instances\/cmhcup6y500173b6ndo9prupx@published\" data-editable=\"text\" data-component-name=\"paragraph\" data-article-gutter=\"true\">\n            As of October 26, there have been <a href=\"https:\/\/www.cnn.com\/us\/mass-shootings-2025-vs-past-years-dg\">356 mass shootings<\/a> in the US this year, leaving <a href=\"https:\/\/www.cnn.com\/us\/mass-shootings-fast-facts\">at least 300 people dead<\/a> and 1,600 injured, <a href=\"https:\/\/www.cnn.com\/us\/mass-shootings-2025-vs-past-years-dg\">according to<\/a> data from the Gun Violence Archive, which, like CNN, defines a mass shooting as one that injured or killed four or more people.\n    <\/p>\n<p class=\"paragraph-elevate inline-placeholder vossi-paragraph\" data-uri=\"cms.cnn.com\/_components\/paragraph\/instances\/cmhcojkyx002g3b6np8u0pn00@published\" data-editable=\"text\" data-component-name=\"paragraph\" data-article-gutter=\"true\">\n            Charging school officials for neglect appears to be an \u201cemerging strategy,\u201d Brown said.\n    <\/p>\n<p class=\"paragraph-elevate inline-placeholder vossi-paragraph\" data-uri=\"cms.cnn.com\/_components\/paragraph\/instances\/cmhcojkyx002h3b6n2eqvj2sg@published\" data-editable=\"text\" data-component-name=\"paragraph\" data-article-gutter=\"true\">\n            \u201cIt seems to be kind of the only strategy left that we can put responsibility on the people who provide access to guns, at least to children, at least to school children and children under 16 or 18,\u201d Brown said.\n    <\/p>\n<p class=\"paragraph-elevate inline-placeholder vossi-paragraph\" data-uri=\"cms.cnn.com\/_components\/paragraph\/instances\/cmhcojkyx002i3b6nkenlji1k@published\" data-editable=\"text\" data-component-name=\"paragraph\" data-article-gutter=\"true\">\n            He added that the civil trial could be a \u201cdry run\u201d for what\u2019s to come in the criminal case.\n    <\/p>\n<p class=\"paragraph-elevate inline-placeholder vossi-paragraph\" data-uri=\"cms.cnn.com\/_components\/paragraph\/instances\/cmhcojkyx002j3b6n43lxq55h@published\" data-editable=\"text\" data-component-name=\"paragraph\" data-article-gutter=\"true\">\n            \u201cEveryone on both sides the prosecution and the defense should have a very clear idea of what the evidence is going to be and what the witnesses are going to say,\u201d the professor said.\n    <\/p>\n<p class=\"paragraph-elevate inline-placeholder vossi-paragraph\" data-uri=\"cms.cnn.com\/_components\/paragraph\/instances\/cmhcojkyx002k3b6nasyhuz60@published\" data-editable=\"text\" data-component-name=\"paragraph\" data-article-gutter=\"true\">\n            The cases could end up setting \u201ca very big\u201d precedent and lead to school officials more aware of their duties to act on any information they have about a child with a gun or who poses a danger to students and staff, Brown said.\n    <\/p>\n<\/p><\/div>\n<p><a href=\"https:\/\/www.cnn.com\/2025\/10\/30\/us\/abby-zwerner-lawsuit-trial-what-to-know\">Source link <\/a><\/p>\n","protected":false},"excerpt":{"rendered":"<p>[Breaking news update at 11:25 a.m. ET] The first-grade teacher shot by her 6-year-old student at a Virginia elementary school took the stand to testify Thursday in her civil trial against a former assistant principal, who is accused of ignoring multiple warnings that the boy may have brought a gun to school before the shooting. [&hellip;]<\/p>\n","protected":false},"author":1,"featured_media":72841,"comment_status":"","ping_status":"","sticky":false,"template":"","format":"standard","meta":{"googlesitekit_rrm_CAow2JLhCw:productID":"","_gspb_post_css":"","maa_idioma":"","maa_pais":"","footnotes":""},"categories":[1],"tags":[5373,5365,5370,5368,5371,5372,5374,5367,5369,5366],"class_list":["post-72840","post","type-post","status-publish","format-standard","has-post-thumbnail","hentry","category-ubirata","tag-6yearold","tag-abby","tag-assistant","tag-civil","tag-principal","tag-shot","tag-student","tag-testifies","tag-trial","tag-zwerner"],"blocksy_meta":[],"yoast_head":"<!-- This site is optimized with the Yoast SEO Premium plugin v27.6 (Yoast SEO v27.6) - https:\/\/yoast.com\/product\/yoast-seo-premium-wordpress\/ -->\n<title>Abby Zwerner testifies in civil trial against former assistant principal after being shot by 6-year-old student - Ubirat\u00e3 Online Not\u00edcias - A realidade ao seu alcance!<\/title>\n<meta name=\"description\" content=\"The first-grade teacher shot by her 6-year-old student at a Virginia elementary school took the stand to testify Thursday in her civil trial against a\" \/>\n<meta name=\"robots\" content=\"index, follow, max-snippet:-1, max-image-preview:large, max-video-preview:-1\" \/>\n<link rel=\"canonical\" href=\"https:\/\/ubirataonline.com.br\/en\/abby-zwerner-testifies-in-civil-trial-against-former-assistant-principal-after-being-shot-by-6-year-old-student\/\" \/>\n<meta property=\"og:locale\" content=\"en_US\" \/>\n<meta property=\"og:type\" content=\"article\" \/>\n<meta property=\"og:title\" content=\"Abby Zwerner testifies in civil trial against former assistant principal after being shot by 6-year-old student\" \/>\n<meta property=\"og:description\" content=\"The first-grade teacher shot by her 6-year-old student at a Virginia elementary school took the stand to testify Thursday in her civil trial against a\" \/>\n<meta property=\"og:url\" content=\"https:\/\/ubirataonline.com.br\/en\/abby-zwerner-testifies-in-civil-trial-against-former-assistant-principal-after-being-shot-by-6-year-old-student\/\" \/>\n<meta property=\"og:site_name\" content=\"Ubirat\u00e3 Online Not\u00edcias - A realidade ao seu alcance!\" \/>\n<meta property=\"article:publisher\" content=\"https:\/\/www.facebook.com\/portalubirataonline\" \/>\n<meta property=\"article:author\" content=\"https:\/\/www.facebook.com\/portalubirataonline\" \/>\n<meta property=\"article:published_time\" content=\"2025-10-30T15:44:29+00:00\" \/>\n<meta property=\"og:image\" content=\"https:\/\/media.cnn.com\/api\/v1\/images\/stellar\/prod\/still-22077007-3556336-still.jpg?c=original&amp;q=w_860,c_fill\" \/>\n<meta name=\"author\" content=\"REDA\u00c7\u00c3O: UBIRAT\u00c3 ONLINE - F\u00c1BIO AUGUSTO CELESTINO\" \/>\n<meta name=\"twitter:card\" content=\"summary_large_image\" \/>\n<meta name=\"twitter:creator\" content=\"@x.com\/ubirataonline\" \/>\n<meta name=\"twitter:site\" content=\"@ubirataonline\" \/>\n<meta name=\"twitter:label1\" content=\"Written by\" \/>\n\t<meta name=\"twitter:data1\" content=\"REDA\u00c7\u00c3O: UBIRAT\u00c3 ONLINE - F\u00c1BIO AUGUSTO CELESTINO\" \/>\n\t<meta name=\"twitter:label2\" content=\"Est. reading time\" \/>\n\t<meta name=\"twitter:data2\" content=\"7 minutes\" \/>\n<script type=\"application\/ld+json\" class=\"yoast-schema-graph\">{\"@context\":\"https:\\\/\\\/schema.org\",\"@graph\":[{\"@type\":\"NewsArticle\",\"@id\":\"https:\\\/\\\/ubirataonline.com.br\\\/abby-zwerner-testifies-in-civil-trial-against-former-assistant-principal-after-being-shot-by-6-year-old-student\\\/#article\",\"isPartOf\":{\"@id\":\"https:\\\/\\\/ubirataonline.com.br\\\/abby-zwerner-testifies-in-civil-trial-against-former-assistant-principal-after-being-shot-by-6-year-old-student\\\/\"},\"author\":{\"name\":\"REDA\u00c7\u00c3O: UBIRAT\u00c3 ONLINE - F\u00c1BIO AUGUSTO CELESTINO\",\"@id\":\"https:\\\/\\\/ubirataonline.com.br\\\/#\\\/schema\\\/person\\\/372f87bbd3fdd79b8556b84c98d0bc1c\"},\"headline\":\"Abby Zwerner testifies in civil trial against former assistant principal after being shot by 6-year-old student\",\"datePublished\":\"2025-10-30T15:44:29+00:00\",\"mainEntityOfPage\":{\"@id\":\"https:\\\/\\\/ubirataonline.com.br\\\/abby-zwerner-testifies-in-civil-trial-against-former-assistant-principal-after-being-shot-by-6-year-old-student\\\/\"},\"wordCount\":1488,\"publisher\":{\"@id\":\"https:\\\/\\\/ubirataonline.com.br\\\/#organization\"},\"image\":{\"@id\":\"https:\\\/\\\/ubirataonline.com.br\\\/abby-zwerner-testifies-in-civil-trial-against-former-assistant-principal-after-being-shot-by-6-year-old-student\\\/#primaryimage\"},\"thumbnailUrl\":\"https:\\\/\\\/ubirataonline.com.br\\\/wp-content\\\/uploads\\\/2025\\\/10\\\/still-22073673-3968014-0190000003-still.jpg\",\"keywords\":[\"6yearold\",\"Abby\",\"assistant\",\"civil\",\"principal\",\"shot\",\"student\",\"testifies\",\"trial\",\"Zwerner\"],\"articleSection\":[\"Ubirat\u00e3\"],\"inLanguage\":\"en-US\",\"copyrightYear\":\"2025\",\"copyrightHolder\":{\"@id\":\"https:\\\/\\\/ubirataonline.com.br\\\/en\\\/#organization\"}},{\"@type\":\"WebPage\",\"@id\":\"https:\\\/\\\/ubirataonline.com.br\\\/abby-zwerner-testifies-in-civil-trial-against-former-assistant-principal-after-being-shot-by-6-year-old-student\\\/\",\"url\":\"https:\\\/\\\/ubirataonline.com.br\\\/abby-zwerner-testifies-in-civil-trial-against-former-assistant-principal-after-being-shot-by-6-year-old-student\\\/\",\"name\":\"Abby Zwerner testifies in civil trial against former assistant principal after being shot by 6-year-old student - Ubirat\u00e3 Online Not\u00edcias - A realidade ao seu alcance!\",\"isPartOf\":{\"@id\":\"https:\\\/\\\/ubirataonline.com.br\\\/#website\"},\"primaryImageOfPage\":{\"@id\":\"https:\\\/\\\/ubirataonline.com.br\\\/abby-zwerner-testifies-in-civil-trial-against-former-assistant-principal-after-being-shot-by-6-year-old-student\\\/#primaryimage\"},\"image\":{\"@id\":\"https:\\\/\\\/ubirataonline.com.br\\\/abby-zwerner-testifies-in-civil-trial-against-former-assistant-principal-after-being-shot-by-6-year-old-student\\\/#primaryimage\"},\"thumbnailUrl\":\"https:\\\/\\\/ubirataonline.com.br\\\/wp-content\\\/uploads\\\/2025\\\/10\\\/still-22073673-3968014-0190000003-still.jpg\",\"datePublished\":\"2025-10-30T15:44:29+00:00\",\"description\":\"The first-grade teacher shot by her 6-year-old student at a Virginia elementary school took the stand to testify Thursday in her civil trial against a\",\"breadcrumb\":{\"@id\":\"https:\\\/\\\/ubirataonline.com.br\\\/abby-zwerner-testifies-in-civil-trial-against-former-assistant-principal-after-being-shot-by-6-year-old-student\\\/#breadcrumb\"},\"inLanguage\":\"en-US\",\"potentialAction\":[{\"@type\":\"ReadAction\",\"target\":[\"https:\\\/\\\/ubirataonline.com.br\\\/abby-zwerner-testifies-in-civil-trial-against-former-assistant-principal-after-being-shot-by-6-year-old-student\\\/\"]}]},{\"@type\":\"ImageObject\",\"inLanguage\":\"en-US\",\"@id\":\"https:\\\/\\\/ubirataonline.com.br\\\/abby-zwerner-testifies-in-civil-trial-against-former-assistant-principal-after-being-shot-by-6-year-old-student\\\/#primaryimage\",\"url\":\"https:\\\/\\\/ubirataonline.com.br\\\/wp-content\\\/uploads\\\/2025\\\/10\\\/still-22073673-3968014-0190000003-still.jpg\",\"contentUrl\":\"https:\\\/\\\/ubirataonline.com.br\\\/wp-content\\\/uploads\\\/2025\\\/10\\\/still-22073673-3968014-0190000003-still.jpg\",\"width\":800,\"height\":450},{\"@type\":\"BreadcrumbList\",\"@id\":\"https:\\\/\\\/ubirataonline.com.br\\\/abby-zwerner-testifies-in-civil-trial-against-former-assistant-principal-after-being-shot-by-6-year-old-student\\\/#breadcrumb\",\"itemListElement\":[{\"@type\":\"ListItem\",\"position\":1,\"name\":\"In\u00edcio\",\"item\":\"https:\\\/\\\/ubirataonline.com.br\\\/\"},{\"@type\":\"ListItem\",\"position\":2,\"name\":\"Abby Zwerner testifies in civil trial against former assistant principal after being shot by 6-year-old student\"}]},{\"@type\":\"WebSite\",\"@id\":\"https:\\\/\\\/ubirataonline.com.br\\\/#website\",\"url\":\"https:\\\/\\\/ubirataonline.com.br\\\/\",\"name\":\"Ubirat\u00e3 Online Not\u00edcias\",\"description\":\"Not\u00edcias de Ubirat\u00e3, regi\u00e3o, Brasil e mundo, com informa\u00e7\u00e3o atualizada e compromisso com o leitor.\",\"publisher\":{\"@id\":\"https:\\\/\\\/ubirataonline.com.br\\\/#organization\"},\"alternateName\":\"Ubirat\u00e3 Online\",\"potentialAction\":[{\"@type\":\"SearchAction\",\"target\":{\"@type\":\"EntryPoint\",\"urlTemplate\":\"https:\\\/\\\/ubirataonline.com.br\\\/?s={search_term_string}\"},\"query-input\":{\"@type\":\"PropertyValueSpecification\",\"valueRequired\":true,\"valueName\":\"search_term_string\"}}],\"inLanguage\":\"en-US\"},{\"@type\":[\"Organization\",\"Place\"],\"@id\":\"https:\\\/\\\/ubirataonline.com.br\\\/#organization\",\"name\":\"Ubirat\u00e3 Online Not\u00edcias\",\"alternateName\":\"Ubirat\u00e3 Online\",\"url\":\"https:\\\/\\\/ubirataonline.com.br\\\/\",\"logo\":{\"@id\":\"https:\\\/\\\/ubirataonline.com.br\\\/abby-zwerner-testifies-in-civil-trial-against-former-assistant-principal-after-being-shot-by-6-year-old-student\\\/#local-main-organization-logo\"},\"image\":{\"@id\":\"https:\\\/\\\/ubirataonline.com.br\\\/abby-zwerner-testifies-in-civil-trial-against-former-assistant-principal-after-being-shot-by-6-year-old-student\\\/#local-main-organization-logo\"},\"sameAs\":[\"https:\\\/\\\/www.facebook.com\\\/portalubirataonline\",\"https:\\\/\\\/x.com\\\/ubirataonline\",\"https:\\\/\\\/mastodon.social\\\/@ubirataonline\",\"https:\\\/\\\/www.facebook.com\\\/groups\\\/311144672285604\",\"https:\\\/\\\/www.facebook.com\\\/UBTAOnline\",\"https:\\\/\\\/www.instagram.com\\\/portalubirataonline\\\/\",\"https:\\\/\\\/twitter.com\\\/ubirataonline\"],\"description\":\"Somos um portal de not\u00edcias independente, criado em 5 de janeiro de 2009, com o objetivo de informar, conectar e valorizar a nossa comunidade de Ubirat\u00e3 e toda aregi\u00e3o. Com conte\u00fado atualizado, confi\u00e1vel e relevante, o Ubirat\u00e3 Online \u00e9 o seu espa\u00e7o para ficar por dentro dos principais acontecimentos locais, regionais, Brasil, Mundo e de interesse geral. Nosso compromisso \u00e9 com a verdade, a transpar\u00eancia e o respeito ao leitor.\",\"legalName\":\"UBIRATA ONLINE NOT\u00cdCIAS\",\"foundingDate\":\"2009-01-05\",\"numberOfEmployees\":{\"@type\":\"QuantitativeValue\",\"minValue\":\"1\",\"maxValue\":\"10\"},\"publishingPrinciples\":\"https:\\\/\\\/ubirataonline.com.br\\\/faq\\\/\",\"address\":{\"@id\":\"https:\\\/\\\/ubirataonline.com.br\\\/abby-zwerner-testifies-in-civil-trial-against-former-assistant-principal-after-being-shot-by-6-year-old-student\\\/#local-main-place-address\"},\"geo\":{\"@type\":\"GeoCoordinates\",\"latitude\":\"-24.5361401\",\"longitude\":\"-52.9921776\"},\"telephone\":[\"+5544998308235\"],\"contactPoint\":{\"@type\":\"ContactPoint\",\"email\":\"contato@ubirataonline.com.br\"},\"openingHoursSpecification\":{\"@type\":\"OpeningHoursSpecification\",\"dayOfWeek\":[\"Monday\",\"Tuesday\",\"Wednesday\",\"Thursday\",\"Friday\",\"Saturday\",\"Sunday\"],\"opens\":\"00:00\",\"closes\":\"23:59\"},\"email\":\"contato@ubirataonline.com.br\",\"vatID\":\"47.621.418\\\/0001-80\"},{\"@type\":\"Person\",\"@id\":\"https:\\\/\\\/ubirataonline.com.br\\\/#\\\/schema\\\/person\\\/372f87bbd3fdd79b8556b84c98d0bc1c\",\"name\":\"REDA\u00c7\u00c3O: UBIRAT\u00c3 ONLINE - F\u00c1BIO AUGUSTO CELESTINO\",\"pronouns\":\"Ele\",\"description\":\"Desde 2003 trabalhando com not\u00edcias.\",\"sameAs\":[\"http:\\\/\\\/ubirataoline.com.br\",\"https:\\\/\\\/www.facebook.com\\\/portalubirataonline\",\"https:\\\/\\\/www.instagram.com\\\/ubirataonline_oficial\",\"https:\\\/\\\/x.com\\\/x.com\\\/ubirataonline\"],\"honorificPrefix\":\"Mr.\",\"honorificSuffix\":\"MD\",\"birthDate\":\"1980-06-16\",\"gender\":\"masculino\",\"award\":[\"V\u00e1rios pr\u00eamios de melhor portal da cidade\"],\"jobTitle\":\"Diretor\",\"url\":\"https:\\\/\\\/ubirataonline.com.br\\\/en\\\/author\\\/ubirataonline\\\/\"},{\"@type\":\"PostalAddress\",\"@id\":\"https:\\\/\\\/ubirataonline.com.br\\\/abby-zwerner-testifies-in-civil-trial-against-former-assistant-principal-after-being-shot-by-6-year-old-student\\\/#local-main-place-address\",\"streetAddress\":\"Rua dos Coqueiros, 104 - Bairro Boa Vista, Rua dos Coqueiros, 104 Bairro Boa Vista\",\"addressLocality\":\"UBIRATA\",\"postalCode\":\"85440-000\",\"addressRegion\":\"PR\",\"addressCountry\":\"BR\"},{\"@type\":\"ImageObject\",\"inLanguage\":\"en-US\",\"@id\":\"https:\\\/\\\/ubirataonline.com.br\\\/abby-zwerner-testifies-in-civil-trial-against-former-assistant-principal-after-being-shot-by-6-year-old-student\\\/#local-main-organization-logo\",\"url\":\"https:\\\/\\\/ubirataonline.com.br\\\/wp-content\\\/uploads\\\/2026\\\/06\\\/logoubirataonline-1.webp\",\"contentUrl\":\"https:\\\/\\\/ubirataonline.com.br\\\/wp-content\\\/uploads\\\/2026\\\/06\\\/logoubirataonline-1.webp\",\"width\":500,\"height\":500,\"caption\":\"Ubirat\u00e3 Online Not\u00edcias\"}]}<\/script>\n<meta name=\"geo.placename\" content=\"UBIRATA\" \/>\n<meta name=\"geo.position\" content=\"-24.5361401;-52.9921776\" \/>\n<meta name=\"geo.region\" content=\"Brazil\" \/>\n<!-- \/ Yoast SEO Premium plugin. -->","yoast_head_json":{"title":"Abby Zwerner testifies in civil trial against former assistant principal after being shot by 6-year-old student - Ubirat\u00e3 Online Not\u00edcias - A realidade ao seu alcance!","description":"The first-grade teacher shot by her 6-year-old student at a Virginia elementary school took the stand to testify Thursday in her civil trial against a","robots":{"index":"index","follow":"follow","max-snippet":"max-snippet:-1","max-image-preview":"max-image-preview:large","max-video-preview":"max-video-preview:-1"},"canonical":"https:\/\/ubirataonline.com.br\/en\/abby-zwerner-testifies-in-civil-trial-against-former-assistant-principal-after-being-shot-by-6-year-old-student\/","og_locale":"en_US","og_type":"article","og_title":"Abby Zwerner testifies in civil trial against former assistant principal after being shot by 6-year-old student","og_description":"The first-grade teacher shot by her 6-year-old student at a Virginia elementary school took the stand to testify Thursday in her civil trial against a","og_url":"https:\/\/ubirataonline.com.br\/en\/abby-zwerner-testifies-in-civil-trial-against-former-assistant-principal-after-being-shot-by-6-year-old-student\/","og_site_name":"Ubirat\u00e3 Online Not\u00edcias - A realidade ao seu alcance!","article_publisher":"https:\/\/www.facebook.com\/portalubirataonline","article_author":"https:\/\/www.facebook.com\/portalubirataonline","article_published_time":"2025-10-30T15:44:29+00:00","og_image":[{"url":"https:\/\/media.cnn.com\/api\/v1\/images\/stellar\/prod\/still-22077007-3556336-still.jpg?c=original&amp;q=w_860,c_fill","type":"","width":"","height":""}],"author":"REDA\u00c7\u00c3O: UBIRAT\u00c3 ONLINE - F\u00c1BIO AUGUSTO CELESTINO","twitter_card":"summary_large_image","twitter_creator":"@x.com\/ubirataonline","twitter_site":"@ubirataonline","twitter_misc":{"Written by":"REDA\u00c7\u00c3O: UBIRAT\u00c3 ONLINE - F\u00c1BIO AUGUSTO CELESTINO","Est. reading time":"7 minutes"},"schema":{"@context":"https:\/\/schema.org","@graph":[{"@type":"NewsArticle","@id":"https:\/\/ubirataonline.com.br\/abby-zwerner-testifies-in-civil-trial-against-former-assistant-principal-after-being-shot-by-6-year-old-student\/#article","isPartOf":{"@id":"https:\/\/ubirataonline.com.br\/abby-zwerner-testifies-in-civil-trial-against-former-assistant-principal-after-being-shot-by-6-year-old-student\/"},"author":{"name":"REDA\u00c7\u00c3O: UBIRAT\u00c3 ONLINE - F\u00c1BIO AUGUSTO CELESTINO","@id":"https:\/\/ubirataonline.com.br\/#\/schema\/person\/372f87bbd3fdd79b8556b84c98d0bc1c"},"headline":"Abby Zwerner testifies in civil trial against former assistant principal after being shot by 6-year-old student","datePublished":"2025-10-30T15:44:29+00:00","mainEntityOfPage":{"@id":"https:\/\/ubirataonline.com.br\/abby-zwerner-testifies-in-civil-trial-against-former-assistant-principal-after-being-shot-by-6-year-old-student\/"},"wordCount":1488,"publisher":{"@id":"https:\/\/ubirataonline.com.br\/#organization"},"image":{"@id":"https:\/\/ubirataonline.com.br\/abby-zwerner-testifies-in-civil-trial-against-former-assistant-principal-after-being-shot-by-6-year-old-student\/#primaryimage"},"thumbnailUrl":"https:\/\/ubirataonline.com.br\/wp-content\/uploads\/2025\/10\/still-22073673-3968014-0190000003-still.jpg","keywords":["6yearold","Abby","assistant","civil","principal","shot","student","testifies","trial","Zwerner"],"articleSection":["Ubirat\u00e3"],"inLanguage":"en-US","copyrightYear":"2025","copyrightHolder":{"@id":"https:\/\/ubirataonline.com.br\/en\/#organization"}},{"@type":"WebPage","@id":"https:\/\/ubirataonline.com.br\/abby-zwerner-testifies-in-civil-trial-against-former-assistant-principal-after-being-shot-by-6-year-old-student\/","url":"https:\/\/ubirataonline.com.br\/abby-zwerner-testifies-in-civil-trial-against-former-assistant-principal-after-being-shot-by-6-year-old-student\/","name":"Abby Zwerner testifies in civil trial against former assistant principal after being shot by 6-year-old student - Ubirat\u00e3 Online Not\u00edcias - A realidade ao seu alcance!","isPartOf":{"@id":"https:\/\/ubirataonline.com.br\/#website"},"primaryImageOfPage":{"@id":"https:\/\/ubirataonline.com.br\/abby-zwerner-testifies-in-civil-trial-against-former-assistant-principal-after-being-shot-by-6-year-old-student\/#primaryimage"},"image":{"@id":"https:\/\/ubirataonline.com.br\/abby-zwerner-testifies-in-civil-trial-against-former-assistant-principal-after-being-shot-by-6-year-old-student\/#primaryimage"},"thumbnailUrl":"https:\/\/ubirataonline.com.br\/wp-content\/uploads\/2025\/10\/still-22073673-3968014-0190000003-still.jpg","datePublished":"2025-10-30T15:44:29+00:00","description":"The first-grade teacher shot by her 6-year-old student at a Virginia elementary school took the stand to testify Thursday in her civil trial against a","breadcrumb":{"@id":"https:\/\/ubirataonline.com.br\/abby-zwerner-testifies-in-civil-trial-against-former-assistant-principal-after-being-shot-by-6-year-old-student\/#breadcrumb"},"inLanguage":"en-US","potentialAction":[{"@type":"ReadAction","target":["https:\/\/ubirataonline.com.br\/abby-zwerner-testifies-in-civil-trial-against-former-assistant-principal-after-being-shot-by-6-year-old-student\/"]}]},{"@type":"ImageObject","inLanguage":"en-US","@id":"https:\/\/ubirataonline.com.br\/abby-zwerner-testifies-in-civil-trial-against-former-assistant-principal-after-being-shot-by-6-year-old-student\/#primaryimage","url":"https:\/\/ubirataonline.com.br\/wp-content\/uploads\/2025\/10\/still-22073673-3968014-0190000003-still.jpg","contentUrl":"https:\/\/ubirataonline.com.br\/wp-content\/uploads\/2025\/10\/still-22073673-3968014-0190000003-still.jpg","width":800,"height":450},{"@type":"BreadcrumbList","@id":"https:\/\/ubirataonline.com.br\/abby-zwerner-testifies-in-civil-trial-against-former-assistant-principal-after-being-shot-by-6-year-old-student\/#breadcrumb","itemListElement":[{"@type":"ListItem","position":1,"name":"In\u00edcio","item":"https:\/\/ubirataonline.com.br\/"},{"@type":"ListItem","position":2,"name":"Abby Zwerner testifies in civil trial against former assistant principal after being shot by 6-year-old student"}]},{"@type":"WebSite","@id":"https:\/\/ubirataonline.com.br\/#website","url":"https:\/\/ubirataonline.com.br\/","name":"Ubirat\u00e3 Online Not\u00edcias","description":"Not\u00edcias de Ubirat\u00e3, regi\u00e3o, Brasil e mundo, com informa\u00e7\u00e3o atualizada e compromisso com o leitor.","publisher":{"@id":"https:\/\/ubirataonline.com.br\/#organization"},"alternateName":"Ubirat\u00e3 Online","potentialAction":[{"@type":"SearchAction","target":{"@type":"EntryPoint","urlTemplate":"https:\/\/ubirataonline.com.br\/?s={search_term_string}"},"query-input":{"@type":"PropertyValueSpecification","valueRequired":true,"valueName":"search_term_string"}}],"inLanguage":"en-US"},{"@type":["Organization","Place"],"@id":"https:\/\/ubirataonline.com.br\/#organization","name":"Ubirat\u00e3 Online Not\u00edcias","alternateName":"Ubirat\u00e3 Online","url":"https:\/\/ubirataonline.com.br\/","logo":{"@id":"https:\/\/ubirataonline.com.br\/abby-zwerner-testifies-in-civil-trial-against-former-assistant-principal-after-being-shot-by-6-year-old-student\/#local-main-organization-logo"},"image":{"@id":"https:\/\/ubirataonline.com.br\/abby-zwerner-testifies-in-civil-trial-against-former-assistant-principal-after-being-shot-by-6-year-old-student\/#local-main-organization-logo"},"sameAs":["https:\/\/www.facebook.com\/portalubirataonline","https:\/\/x.com\/ubirataonline","https:\/\/mastodon.social\/@ubirataonline","https:\/\/www.facebook.com\/groups\/311144672285604","https:\/\/www.facebook.com\/UBTAOnline","https:\/\/www.instagram.com\/portalubirataonline\/","https:\/\/twitter.com\/ubirataonline"],"description":"Somos um portal de not\u00edcias independente, criado em 5 de janeiro de 2009, com o objetivo de informar, conectar e valorizar a nossa comunidade de Ubirat\u00e3 e toda aregi\u00e3o. Com conte\u00fado atualizado, confi\u00e1vel e relevante, o Ubirat\u00e3 Online \u00e9 o seu espa\u00e7o para ficar por dentro dos principais acontecimentos locais, regionais, Brasil, Mundo e de interesse geral. Nosso compromisso \u00e9 com a verdade, a transpar\u00eancia e o respeito ao leitor.","legalName":"UBIRATA ONLINE NOT\u00cdCIAS","foundingDate":"2009-01-05","numberOfEmployees":{"@type":"QuantitativeValue","minValue":"1","maxValue":"10"},"publishingPrinciples":"https:\/\/ubirataonline.com.br\/faq\/","address":{"@id":"https:\/\/ubirataonline.com.br\/abby-zwerner-testifies-in-civil-trial-against-former-assistant-principal-after-being-shot-by-6-year-old-student\/#local-main-place-address"},"geo":{"@type":"GeoCoordinates","latitude":"-24.5361401","longitude":"-52.9921776"},"telephone":["+5544998308235"],"contactPoint":{"@type":"ContactPoint","email":"contato@ubirataonline.com.br"},"openingHoursSpecification":{"@type":"OpeningHoursSpecification","dayOfWeek":["Monday","Tuesday","Wednesday","Thursday","Friday","Saturday","Sunday"],"opens":"00:00","closes":"23:59"},"email":"contato@ubirataonline.com.br","vatID":"47.621.418\/0001-80"},{"@type":"Person","@id":"https:\/\/ubirataonline.com.br\/#\/schema\/person\/372f87bbd3fdd79b8556b84c98d0bc1c","name":"REDA\u00c7\u00c3O: UBIRAT\u00c3 ONLINE - F\u00c1BIO AUGUSTO CELESTINO","pronouns":"Ele","description":"Desde 2003 trabalhando com not\u00edcias.","sameAs":["http:\/\/ubirataoline.com.br","https:\/\/www.facebook.com\/portalubirataonline","https:\/\/www.instagram.com\/ubirataonline_oficial","https:\/\/x.com\/x.com\/ubirataonline"],"honorificPrefix":"Mr.","honorificSuffix":"MD","birthDate":"1980-06-16","gender":"masculino","award":["V\u00e1rios pr\u00eamios de melhor portal da cidade"],"jobTitle":"Diretor","url":"https:\/\/ubirataonline.com.br\/en\/author\/ubirataonline\/"},{"@type":"PostalAddress","@id":"https:\/\/ubirataonline.com.br\/abby-zwerner-testifies-in-civil-trial-against-former-assistant-principal-after-being-shot-by-6-year-old-student\/#local-main-place-address","streetAddress":"Rua dos Coqueiros, 104 - Bairro Boa Vista, Rua dos Coqueiros, 104 Bairro Boa Vista","addressLocality":"UBIRATA","postalCode":"85440-000","addressRegion":"PR","addressCountry":"BR"},{"@type":"ImageObject","inLanguage":"en-US","@id":"https:\/\/ubirataonline.com.br\/abby-zwerner-testifies-in-civil-trial-against-former-assistant-principal-after-being-shot-by-6-year-old-student\/#local-main-organization-logo","url":"https:\/\/ubirataonline.com.br\/wp-content\/uploads\/2026\/06\/logoubirataonline-1.webp","contentUrl":"https:\/\/ubirataonline.com.br\/wp-content\/uploads\/2026\/06\/logoubirataonline-1.webp","width":500,"height":500,"caption":"Ubirat\u00e3 Online Not\u00edcias"}]},"geo.placename":"UBIRATA","geo.position":{"lat":"-24.5361401","long":"-52.9921776"},"geo.region":"Brazil"},"_links":{"self":[{"href":"https:\/\/ubirataonline.com.br\/en\/wp-json\/wp\/v2\/posts\/72840","targetHints":{"allow":["GET"]}}],"collection":[{"href":"https:\/\/ubirataonline.com.br\/en\/wp-json\/wp\/v2\/posts"}],"about":[{"href":"https:\/\/ubirataonline.com.br\/en\/wp-json\/wp\/v2\/types\/post"}],"author":[{"embeddable":true,"href":"https:\/\/ubirataonline.com.br\/en\/wp-json\/wp\/v2\/users\/1"}],"replies":[{"embeddable":true,"href":"https:\/\/ubirataonline.com.br\/en\/wp-json\/wp\/v2\/comments?post=72840"}],"version-history":[{"count":0,"href":"https:\/\/ubirataonline.com.br\/en\/wp-json\/wp\/v2\/posts\/72840\/revisions"}],"wp:featuredmedia":[{"embeddable":true,"href":"https:\/\/ubirataonline.com.br\/en\/wp-json\/wp\/v2\/media\/72841"}],"wp:attachment":[{"href":"https:\/\/ubirataonline.com.br\/en\/wp-json\/wp\/v2\/media?parent=72840"}],"wp:term":[{"taxonomy":"category","embeddable":true,"href":"https:\/\/ubirataonline.com.br\/en\/wp-json\/wp\/v2\/categories?post=72840"},{"taxonomy":"post_tag","embeddable":true,"href":"https:\/\/ubirataonline.com.br\/en\/wp-json\/wp\/v2\/tags?post=72840"}],"curies":[{"name":"wp","href":"https:\/\/api.w.org\/{rel}","templated":true}]}}