{"id":73776,"date":"2025-11-23T13:31:56","date_gmt":"2025-11-23T16:31:56","guid":{"rendered":"https:\/\/ubirataonline.com.br\/las-posibles-alineaciones-titulares-del-arsenal-vs-tottenham\/"},"modified":"2025-11-23T13:31:56","modified_gmt":"2025-11-23T16:31:56","slug":"las-posibles-alineaciones-titulares-del-arsenal-vs-tottenham","status":"publish","type":"post","link":"https:\/\/ubirataonline.com.br\/en\/las-posibles-alineaciones-titulares-del-arsenal-vs-tottenham\/","title":{"rendered":"Las posibles alineaciones titulares del Arsenal vs Tottenham"},"content":{"rendered":"<p><\/p>\n<div q:key=\"QW_4\"><!--qv q:key=QW_2--><!--qv q:id=62 q:key=vcaa:\n\n<p>Este domingo 23 de noviembre se llevar&aacute; a cabo la Jornada 12 de la <a href=\"https:\/\/www.si.com\/es-us\/futbol\/premier-league\">Premier League<\/a> desde el Emirates Stadium entre <a href=\"https:\/\/www.si.com\/es-us\/futbol\/equipo\/arsenal\">Arsenal <\/a>y <strong>Tottenham<\/strong>.<\/p>\n\n--><!--qv q:id=63 q:key=lY4S:mL_1--><\/p>\n<p id=\"inline-text-0\" class=\"mt-[18px] md:mt-0 mb-[18px] [&amp;_a]:text-primary my-f-1.5\" q:key=\"0\" q:id=\"64\">Este domingo 23 de noviembre se llevar\u00e1 a cabo la Jornada 12 de la <a href=\"https:\/\/www.si.com\/es-us\/futbol\/premier-league\">Premier League<\/a> desde el Emirates Stadium entre <a href=\"https:\/\/www.si.com\/es-us\/futbol\/equipo\/arsenal\">Arsenal <\/a>y <strong>Tottenham<\/strong>.<\/p>\n<p><!--\/qv--><!--\/qv--><!--\/qv--><!--qv q:key=QW_2--><!--qv q:id=65 q:key=vcaa:\n\n<p>A continuaci&oacute;n, te dejamos con la posible alineaci&oacute;n de los Gunners para este compromiso programado a las 11:30 horas (hora de EE.UU.), 10:30 horas (M&eacute;xico), 17:30 horas (Espa&ntilde;a).<\/p>\n\n--><!--qv q:id=66 q:key=lY4S:mL_1--><\/p>\n<p id=\"inline-text-1\" class=\"my-[18px] [&amp;_a]:text-primary my-f-1.5\" q:key=\"0\" q:id=\"67\">A continuaci\u00f3n, te dejamos con la posible alineaci\u00f3n de los Gunners para este compromiso programado a las 11:30 horas (hora de EE.UU.), 10:30 horas (M\u00e9xico), 17:30 horas (Espa\u00f1a).<\/p>\n<p><!--\/qv--><!--\/qv--><!--\/qv--><!--qv q:key=QW_2--><!--qv q:id=68 q:key=vcaa:2--><!--qv q:id=69 q:key=fOK1:mL_1--><\/p>\n<hr class=\"w-full border-0 my-4 bg-lightGrey h-1\" q:key=\"Xt_0\"\/><!--\/qv--><!--\/qv--><!--\/qv--><!--qv q:key=QW_2--><!--qv q:id=6a q:key=vcaa:\n\n<h2>La posible alineaci&oacute;n del Arsenal vs Tottenham para la Jornada 12 de la Premier League<\/h2>\n\n--><!--qv q:id=6b q:key=lY4S:mL_1--><\/p>\n<h2 id=\"inline-text-3\" class=\"scroll-mt-24 my-[18px] [&amp;_a]:text-primary my-f-1.5\" q:key=\"0\" q:id=\"6c\">La posible alineaci\u00f3n del Arsenal vs Tottenham para la Jornada 12 de la Premier League<\/h2>\n<p><!--\/qv--><!--\/qv--><!--\/qv--><!--qv q:key=QW_2--><!--qv q:id=6d q:key=vcaa:https:\/\/images2.minutemediacdn.com\/image\/upload\/c_crop,w_667,h_375,x_0,y_28\/images\/GettyImages\/mmsport\/sports_illustrated_ftbol\/01kacg7wk3xsgd1m0xve--><!--qv q:id=6e q:key=VjqC:mL_1--><!--qv q:id=6f q:key=deAA:7d_2--><!--qv q:s q:sref=6f q:key=--><!--qv q:id=6g q:key=deAA:7d_1--><!--qv q:s q:sref=6g q:key=--><!--qv q:id=6h q:key=cHU9:7d_0--><!--qv q:id=6i q:key=deAA:e2_0--><!--qv q:id=6j q:key=B0c2:SZ_1--><\/p>\n<figure q:key=\"9m_3\"><!--qv q:s q:sref=6j q:key=--><!--qv q:s q:sref=6i q:key=--><\/p>\n<div class=\"overflow-hidden bg-lightGrey undefined\" on:qvisible=\"q-C7TG1f_z.js#_hW[0]\" q:id=\"6k\"><picture><source srcset=\"https:\/\/images2.minutemediacdn.com\/image\/upload\/c_crop,x_0,y_28,w_667,h_375\/c_fill,w_360,ar_16:9,f_auto,q_auto,g_auto\/images%2FGettyImages%2Fmmsport%2Fsports_illustrated_ftbol%2F01kacg7wk3xsgd1m0xve.jpg 1x, &#10;    https:\/\/images2.minutemediacdn.com\/image\/upload\/c_crop,x_0,y_28,w_667,h_375\/c_fill,w_720,ar_16:9,f_auto,q_auto,g_auto\/images%2FGettyImages%2Fmmsport%2Fsports_illustrated_ftbol%2F01kacg7wk3xsgd1m0xve.jpg 2x, &#10;    https:\/\/images2.minutemediacdn.com\/image\/upload\/c_crop,x_0,y_28,w_667,h_375\/c_fill,w_1080,ar_16:9,f_auto,q_auto,g_auto\/images%2FGettyImages%2Fmmsport%2Fsports_illustrated_ftbol%2F01kacg7wk3xsgd1m0xve.jpg 3x\" media=\"(max-width: 719px)\"><source srcset=\"https:\/\/images2.minutemediacdn.com\/image\/upload\/c_crop,x_0,y_28,w_667,h_375\/c_fill,w_720,ar_16:9,f_auto,q_auto,g_auto\/images%2FGettyImages%2Fmmsport%2Fsports_illustrated_ftbol%2F01kacg7wk3xsgd1m0xve.jpg 1x,&#10;    https:\/\/images2.minutemediacdn.com\/image\/upload\/c_crop,x_0,y_28,w_667,h_375\/c_fill,w_1440,ar_16:9,f_auto,q_auto,g_auto\/images%2FGettyImages%2Fmmsport%2Fsports_illustrated_ftbol%2F01kacg7wk3xsgd1m0xve.jpg 2x, &#10;    https:\/\/images2.minutemediacdn.com\/image\/upload\/c_crop,x_0,y_28,w_667,h_375\/c_fill,w_1440,ar_16:9,f_auto,q_auto,g_auto\/images%2FGettyImages%2Fmmsport%2Fsports_illustrated_ftbol%2F01kacg7wk3xsgd1m0xve.jpg 3x\" media=\"(max-width: 1079px)\"><source srcset=\"https:\/\/images2.minutemediacdn.com\/image\/upload\/c_crop,x_0,y_28,w_667,h_375\/c_fill,w_720,ar_16:9,f_auto,q_auto,g_auto\/images%2FGettyImages%2Fmmsport%2Fsports_illustrated_ftbol%2F01kacg7wk3xsgd1m0xve.jpg 1x,&#10;    https:\/\/images2.minutemediacdn.com\/image\/upload\/c_crop,x_0,y_28,w_667,h_375\/c_fill,w_1440,ar_16:9,f_auto,q_auto,g_auto\/images%2FGettyImages%2Fmmsport%2Fsports_illustrated_ftbol%2F01kacg7wk3xsgd1m0xve.jpg 2x,&#10;    https:\/\/images2.minutemediacdn.com\/image\/upload\/c_crop,x_0,y_28,w_667,h_375\/c_fill,w_1440,ar_16:9,f_auto,q_auto,g_auto\/images%2FGettyImages%2Fmmsport%2Fsports_illustrated_ftbol%2F01kacg7wk3xsgd1m0xve.jpg 3x\" media=\"(min-width: 1080px)\"><img loading=\"lazy\" decoding=\"async\" src=\"https:\/\/images2.minutemediacdn.com\/image\/upload\/c_crop,x_0,y_28,w_667,h_375\/c_fill,w_16,ar_16:9,f_auto,q_auto,g_auto\/images\/GettyImages\/mmsport\/sports_illustrated_ftbol\/01kacg7wk3xsgd1m0xve.jpg\" alt=\"Piero Hincapi\u00e9\" title=\"Piero Hincapi\u00e9\" width=\"667\" height=\"375\" class=\"undefined w-full w-full blur-[5px]\" q:id=\"6l\"\/><\/source><\/source><\/source><\/picture><\/div>\n<p><!--\/qv--><!--\/qv--><\/p>\n<p><figcaption q:id=\"6m\">Piero Hincapi\u00e9 ser\u00eda titular ante la posible ausencia de Riccardo Calafiori y lesi\u00f3n de Magalhanes | Visionhaus\/GettyImages<\/figcaption><\/p>\n<\/figure>\n<p><!--\/qv--><!--\/qv--><!--\/qv--><!--\/qv--><!--\/qv--><!--\/qv--><!--\/qv--><!--\/qv--><!--\/qv--><!--\/qv--><!--qv q:key=QW_2--><!--qv q:id=6n q:key=vcaa:\n\n<p><strong>PO: David Raya <\/strong>- El portero espa&ntilde;ol es titular indiscutible desde 2024 tras llegar cedido del Brentford y luego fichado definitivamente. Gran especialista en juego con los pies, reflejos y salida de bal&oacute;n.<\/p>\n\n--><!--qv q:id=6o q:key=lY4S:mL_1--><\/p>\n<p id=\"inline-text-5\" class=\"my-[18px] [&amp;_a]:text-primary my-f-1.5\" q:key=\"0\" q:id=\"6p\"><strong>PO: David Raya <\/strong>&#8211; El portero espa\u00f1ol es titular indiscutible desde 2024 tras llegar cedido del Brentford y luego fichado definitivamente. Gran especialista en juego con los pies, reflejos y salida de bal\u00f3n.<\/p>\n<p><!--\/qv--><!--\/qv--><!--\/qv--><!--qv q:key=QW_2--><!--qv q:id=6q q:key=vcaa:\n\n<p><strong>LD: Jurrien Timber <\/strong>- El lateral\/carretilero derecho holand&eacute;s (tambi&eacute;n puede jugar de central). Aporta polivalencia, calidad t&eacute;cnica y salida de bal&oacute;n.<\/p>\n\n--><!--qv q:id=6r q:key=lY4S:mL_1--><\/p>\n<p id=\"inline-text-6\" class=\"my-[18px] [&amp;_a]:text-primary my-f-1.5\" q:key=\"0\" q:id=\"6s\"><strong>LD: Jurrien Timber <\/strong>&#8211; El lateral\/carretilero derecho holand\u00e9s (tambi\u00e9n puede jugar de central). Aporta polivalencia, calidad t\u00e9cnica y salida de bal\u00f3n.<\/p>\n<p><!--\/qv--><!--\/qv--><!--\/qv--><!--qv q:key=QW_2--><!--qv q:id=6t q:key=vcaa:\n\n<p><strong>DFC: William Saliba<\/strong> - El central franc&eacute;s, uno de los mejores defensas del mundo en su posici&oacute;n. Pilar fundamental del Arsenal desde 2022, destaca por su elegancia, fuerza f&iacute;sica, lectura de juego y capacidad para salir jugando.<\/p>\n\n--><!--qv q:id=6u q:key=lY4S:mL_1--><\/p>\n<p id=\"inline-text-7\" class=\"my-[18px] [&amp;_a]:text-primary my-f-1.5\" q:key=\"0\" q:id=\"6v\"><strong>DFC: William Saliba<\/strong> &#8211; El central franc\u00e9s, uno de los mejores defensas del mundo en su posici\u00f3n. Pilar fundamental del Arsenal desde 2022, destaca por su elegancia, fuerza f\u00edsica, lectura de juego y capacidad para salir jugando.<\/p>\n<p><!--\/qv--><!--\/qv--><!--\/qv--><!--qv q:key=QW_2--><!--qv q:id=6w q:key=vcaa:\n\n<p><strong>DFC: Ben White<\/strong> - El lateral derecho ingl&eacute;s (tambi&eacute;n puede jugar de central). Muy s&oacute;lido defensivamente, excelente en el uno contra uno, buen centro y gran inteligencia t&aacute;ctica. Podr&iacute;a ser titular como central ante la lesi&oacute;n de <strong>Magalhanes<\/strong>.<\/p>\n\n--><!--qv q:id=6x q:key=lY4S:mL_1--><\/p>\n<p id=\"inline-text-8\" class=\"my-[18px] [&amp;_a]:text-primary my-f-1.5\" q:key=\"0\" q:id=\"6y\"><strong>DFC: Ben White<\/strong> &#8211; El lateral derecho ingl\u00e9s (tambi\u00e9n puede jugar de central). Muy s\u00f3lido defensivamente, excelente en el uno contra uno, buen centro y gran inteligencia t\u00e1ctica. Podr\u00eda ser titular como central ante la lesi\u00f3n de <strong>Magalhanes<\/strong>.<\/p>\n<p><!--\/qv--><!--\/qv--><!--\/qv--><!--qv q:key=QW_2--><!--qv q:id=6z q:key=vcaa:\n\n<p><strong>LI: Piero Hincapi&eacute; <\/strong>- El central\/zurdo ecuatoriano fue un fichaje reciente del Arsenal (verano 2025). Zurdo potente, r&aacute;pido, bueno en el duelo y con gran salida de bal&oacute;n. Llega para reforzar la defensa y competir con <strong>Gabriel<\/strong>\/<strong>Saliba<\/strong>. Podr&iacute;a ser titular por la banda ante la lesi&oacute;n de <strong>Riccardo Calafiori<\/strong>.<\/p>\n\n--><!--qv q:id=70 q:key=lY4S:mL_1--><\/p>\n<p id=\"inline-text-9\" class=\"my-[18px] [&amp;_a]:text-primary my-f-1.5\" q:key=\"0\" q:id=\"71\"><strong>LI: Piero Hincapi\u00e9 <\/strong>&#8211; El central\/zurdo ecuatoriano fue un fichaje reciente del Arsenal (verano 2025). Zurdo potente, r\u00e1pido, bueno en el duelo y con gran salida de bal\u00f3n. Llega para reforzar la defensa y competir con <strong>Gabriel<\/strong>\/<strong>Saliba<\/strong>. Podr\u00eda ser titular por la banda ante la lesi\u00f3n de <strong>Riccardo Calafiori<\/strong>.<\/p>\n<p><!--\/qv--><!--\/qv--><!--\/qv--><!--qv q:key=QW_2--><!--qv q:id=72 q:key=vcaa:\n\n<p><strong>MD: Eberechi Eze <\/strong>- El mediocentro ofensivo\/extremo ingl&eacute;s de origen nigeriano, procedente del <strong>Crystal Palace<\/strong>. Jugador creativo, regateador, con gran golpeo de bal&oacute;n y llegada al &aacute;rea. Aporta desequilibrio y gol desde segunda l&iacute;nea.<\/p>\n\n--><!--qv q:id=73 q:key=lY4S:mL_1--><\/p>\n<p id=\"inline-text-10\" class=\"my-[18px] [&amp;_a]:text-primary my-f-1.5\" q:key=\"0\" q:id=\"74\"><strong>MD: Eberechi Eze <\/strong>&#8211; El mediocentro ofensivo\/extremo ingl\u00e9s de origen nigeriano, procedente del <strong>Crystal Palace<\/strong>. Jugador creativo, regateador, con gran golpeo de bal\u00f3n y llegada al \u00e1rea. Aporta desequilibrio y gol desde segunda l\u00ednea.<\/p>\n<p><!--\/qv--><!--\/qv--><!--\/qv--><!--qv q:key=QW_2--><!--qv q:id=75 q:key=vcaa:\n\n<p><strong>MC: Mart&iacute;n Zubimendi <\/strong>- Es un pivote espa&ntilde;ol es uno de los grandes fichajes del <strong>Arsenal <\/strong>en 2025. Elegante, excelente en la distribuci&oacute;n, gran posicionamiento y recuperaci&oacute;n. Considerado el &ldquo;sucesor natural&rdquo; de <strong>Rodri <\/strong>en la selecci&oacute;n espa&ntilde;ola.<\/p>\n\n--><!--qv q:id=76 q:key=lY4S:mL_1--><\/p>\n<p id=\"inline-text-11\" class=\"my-[18px] [&amp;_a]:text-primary my-f-1.5\" q:key=\"0\" q:id=\"77\"><strong>MC: Mart\u00edn Zubimendi <\/strong>&#8211; Es un pivote espa\u00f1ol es uno de los grandes fichajes del <strong>Arsenal <\/strong>en 2025. Elegante, excelente en la distribuci\u00f3n, gran posicionamiento y recuperaci\u00f3n. Considerado el \u201csucesor natural\u201d de <strong>Rodri <\/strong>en la selecci\u00f3n espa\u00f1ola.<\/p>\n<p><!--\/qv--><!--\/qv--><!--\/qv--><!--qv q:key=QW_2--><!--qv q:id=78 q:key=vcaa:\n\n<p><strong>MI: Declan Rice <\/strong>- El mediocentro ingl&eacute;s, capit&aacute;n ocasional y l&iacute;der del equipo. Fichado del <strong>West Ham<\/strong> en 2023 por cifra r&eacute;cord. Box-to-box completo: recupera, distribuye, llega al &aacute;rea y tiene gol. Uno de los mejores del mundo en su puesto.<\/p>\n\n--><!--qv q:id=79 q:key=lY4S:mL_1--><\/p>\n<p id=\"inline-text-12\" class=\"my-[18px] [&amp;_a]:text-primary my-f-1.5\" q:key=\"0\" q:id=\"7a\"><strong>MI: Declan Rice <\/strong>&#8211; El mediocentro ingl\u00e9s, capit\u00e1n ocasional y l\u00edder del equipo. Fichado del <strong>West Ham<\/strong> en 2023 por cifra r\u00e9cord. Box-to-box completo: recupera, distribuye, llega al \u00e1rea y tiene gol. Uno de los mejores del mundo en su puesto.<\/p>\n<p><!--\/qv--><!--\/qv--><!--\/qv--><!--qv q:key=QW_2--><!--qv q:id=7b q:key=vcaa:\n\n<p><strong>ED: Bukayo Saka <\/strong>- El extremo derecho ingl&eacute;s, canterano y estrella del equipo. Regate, desborde, asistencias, gol y gran mentalidad. Uno de los l&iacute;deres del vestuario con solo 24 a&ntilde;os y ya capit&aacute;n en varias ocasiones.<\/p>\n\n--><!--qv q:id=7c q:key=lY4S:mL_1--><\/p>\n<p id=\"inline-text-13\" class=\"my-[18px] [&amp;_a]:text-primary my-f-1.5\" q:key=\"0\" q:id=\"7d\"><strong>ED: Bukayo Saka <\/strong>&#8211; El extremo derecho ingl\u00e9s, canterano y estrella del equipo. Regate, desborde, asistencias, gol y gran mentalidad. Uno de los l\u00edderes del vestuario con solo 24 a\u00f1os y ya capit\u00e1n en varias ocasiones.<\/p>\n<p><!--\/qv--><!--\/qv--><!--\/qv--><!--qv q:key=QW_2--><!--qv q:id=7e q:key=vcaa:\n\n<p><strong>DC: Mikel Merino <\/strong>- El atacante espa&ntilde;ol, fichado de la Real Sociedad en 2024. Zurdo alto, excelente en el juego a&eacute;reo, llegada al &aacute;rea, recuperaci&oacute;n y pase progresivo. Aporta f&iacute;sico y experiencia.<\/p>\n\n--><!--qv q:id=7f q:key=lY4S:mL_1--><\/p>\n<p id=\"inline-text-14\" class=\"my-[18px] [&amp;_a]:text-primary my-f-1.5\" q:key=\"0\" q:id=\"7g\"><strong>DC: Mikel Merino <\/strong>&#8211; El atacante espa\u00f1ol, fichado de la Real Sociedad en 2024. Zurdo alto, excelente en el juego a\u00e9reo, llegada al \u00e1rea, recuperaci\u00f3n y pase progresivo. Aporta f\u00edsico y experiencia.<\/p>\n<p><!--\/qv--><!--\/qv--><!--\/qv--><!--qv q:key=QW_2--><!--qv q:id=7h q:key=vcaa:\n\n<p><strong>EI: Leandro Trossard<\/strong> - El extremo izquierdo belga, muy polivalente (puede jugar en varias posiciones de ataque). Gran definici&oacute;n, inteligencia t&aacute;ctica y uno de los mejores recambios del equipo. Muy fiable cuando entra desde el banquillo o es titular.<\/p>\n\n--><!--qv q:id=7i q:key=lY4S:mL_1--><\/p>\n<p id=\"inline-text-15\" class=\"my-[18px] [&amp;_a]:text-primary my-f-1.5\" q:key=\"0\" q:id=\"7j\"><strong>EI: Leandro Trossard<\/strong> &#8211; El extremo izquierdo belga, muy polivalente (puede jugar en varias posiciones de ataque). Gran definici\u00f3n, inteligencia t\u00e1ctica y uno de los mejores recambios del equipo. Muy fiable cuando entra desde el banquillo o es titular.<\/p>\n<p><!--\/qv--><!--\/qv--><!--\/qv--><!--qv q:key=QW_2--><!--qv q:id=7k q:key=vcaa:\n\n<h3>As&iacute; se ver&iacute;a la formaci&oacute;n de Arsenal (4-3-3)<\/h3>\n\n--><!--qv q:id=7l q:key=lY4S:mL_1--><\/p>\n<h3 id=\"inline-text-16\" class=\"my-[18px] [&amp;_a]:text-primary my-f-1.5\" q:key=\"0\" q:id=\"7m\">As\u00ed se ver\u00eda la formaci\u00f3n de Arsenal (4-3-3)<\/h3>\n<p><!--\/qv--><!--\/qv--><!--\/qv--><!--qv q:key=QW_2--><!--qv q:id=7n q:key=vcaa:\n\n<p><strong>Portero<\/strong>: David Raya.<\/p>\n\n--><!--qv q:id=7o q:key=lY4S:mL_1--><\/p>\n<p id=\"inline-text-17\" class=\"my-[18px] [&amp;_a]:text-primary my-f-1.5\" q:key=\"0\" q:id=\"7p\"><strong>Portero<\/strong>: David Raya.<\/p>\n<p><!--\/qv--><!--\/qv--><!--\/qv--><!--qv q:key=QW_2--><!--qv q:id=7q q:key=vcaa:\n\n<p><strong>Defensas<\/strong>: Jurrien Timber, William Saliba, Ben White, Piero Hincapi&eacute;.<\/p>\n\n--><!--qv q:id=7r q:key=lY4S:mL_1--><\/p>\n<p id=\"inline-text-18\" class=\"my-[18px] [&amp;_a]:text-primary my-f-1.5\" q:key=\"0\" q:id=\"7s\"><strong>Defensas<\/strong>: Jurrien Timber, William Saliba, Ben White, Piero Hincapi\u00e9.<\/p>\n<p><!--\/qv--><!--\/qv--><!--\/qv--><!--qv q:key=QW_2--><!--qv q:id=7t q:key=vcaa:\n\n<p><strong>Centrocampistas<\/strong>: Eberechi Eze, Mart&iacute;n Zubimendi, Declan Rice.<\/p>\n\n--><!--qv q:id=7u q:key=lY4S:mL_1--><\/p>\n<p id=\"inline-text-19\" class=\"my-[18px] [&amp;_a]:text-primary my-f-1.5\" q:key=\"0\" q:id=\"7v\"><strong>Centrocampistas<\/strong>: Eberechi Eze, Mart\u00edn Zubimendi, Declan Rice.<\/p>\n<p><!--\/qv--><!--\/qv--><!--\/qv--><!--qv q:key=QW_2--><!--qv q:id=7w q:key=vcaa:\n\n<p><strong>Delanteros<\/strong>: Bukayo Saka, Mikel Merino, Leandro Trossard.<\/p>\n\n--><!--qv q:id=7x q:key=lY4S:mL_1--><\/p>\n<p id=\"inline-text-20\" class=\"my-[18px] [&amp;_a]:text-primary my-f-1.5\" q:key=\"0\" q:id=\"7y\"><strong>Delanteros<\/strong>: Bukayo Saka, Mikel Merino, Leandro Trossard.<\/p>\n<p><!--\/qv--><!--\/qv--><!--\/qv--><!--qv q:key=QW_2--><!--qv q:id=7z q:key=vcaa:\n\n<h2>La posible alineaci&oacute;n del Tottenham vs Arsenal para la Jornada 12 de la Premier League<\/h2>\n\n--><!--qv q:id=80 q:key=lY4S:mL_1--><\/p>\n<h2 id=\"inline-text-21\" class=\"scroll-mt-24 my-[18px] [&amp;_a]:text-primary my-f-1.5\" q:key=\"0\" q:id=\"81\">La posible alineaci\u00f3n del Tottenham vs Arsenal para la Jornada 12 de la Premier League<\/h2>\n<p><!--\/qv--><!--\/qv--><!--\/qv--><!--qv q:key=QW_2--><!--qv q:id=82 q:key=vcaa:https:\/\/images2.minutemediacdn.com\/image\/upload\/c_crop,w_1024,h_576,x_0,y_16\/images\/GettyImages\/mmsport\/sports_illustrated_ftbol\/01kacgb729cnrf2gna4z--><!--qv q:id=83 q:key=VjqC:mL_1--><!--qv q:id=84 q:key=deAA:7d_2--><!--qv q:s q:sref=84 q:key=--><!--qv q:id=85 q:key=deAA:7d_1--><!--qv q:s q:sref=85 q:key=--><!--qv q:id=86 q:key=cHU9:7d_0--><!--qv q:id=87 q:key=deAA:e2_0--><!--qv q:id=88 q:key=B0c2:SZ_1--><\/p>\n<figure q:key=\"9m_3\"><!--qv q:s q:sref=88 q:key=--><!--qv q:s q:sref=87 q:key=--><\/p>\n<div class=\"overflow-hidden bg-lightGrey undefined\" on:qvisible=\"q-C7TG1f_z.js#_hW[0]\" q:id=\"89\"><picture><source srcset=\"https:\/\/images2.minutemediacdn.com\/image\/upload\/c_crop,x_0,y_16,w_1024,h_576\/c_fill,w_360,ar_16:9,f_auto,q_auto,g_auto\/images%2FGettyImages%2Fmmsport%2Fsports_illustrated_ftbol%2F01kacgb729cnrf2gna4z.jpg 1x, &#10;    https:\/\/images2.minutemediacdn.com\/image\/upload\/c_crop,x_0,y_16,w_1024,h_576\/c_fill,w_720,ar_16:9,f_auto,q_auto,g_auto\/images%2FGettyImages%2Fmmsport%2Fsports_illustrated_ftbol%2F01kacgb729cnrf2gna4z.jpg 2x, &#10;    https:\/\/images2.minutemediacdn.com\/image\/upload\/c_crop,x_0,y_16,w_1024,h_576\/c_fill,w_1080,ar_16:9,f_auto,q_auto,g_auto\/images%2FGettyImages%2Fmmsport%2Fsports_illustrated_ftbol%2F01kacgb729cnrf2gna4z.jpg 3x\" media=\"(max-width: 719px)\"><source srcset=\"https:\/\/images2.minutemediacdn.com\/image\/upload\/c_crop,x_0,y_16,w_1024,h_576\/c_fill,w_720,ar_16:9,f_auto,q_auto,g_auto\/images%2FGettyImages%2Fmmsport%2Fsports_illustrated_ftbol%2F01kacgb729cnrf2gna4z.jpg 1x,&#10;    https:\/\/images2.minutemediacdn.com\/image\/upload\/c_crop,x_0,y_16,w_1024,h_576\/c_fill,w_1440,ar_16:9,f_auto,q_auto,g_auto\/images%2FGettyImages%2Fmmsport%2Fsports_illustrated_ftbol%2F01kacgb729cnrf2gna4z.jpg 2x, &#10;    https:\/\/images2.minutemediacdn.com\/image\/upload\/c_crop,x_0,y_16,w_1024,h_576\/c_fill,w_1440,ar_16:9,f_auto,q_auto,g_auto\/images%2FGettyImages%2Fmmsport%2Fsports_illustrated_ftbol%2F01kacgb729cnrf2gna4z.jpg 3x\" media=\"(max-width: 1079px)\"><source srcset=\"https:\/\/images2.minutemediacdn.com\/image\/upload\/c_crop,x_0,y_16,w_1024,h_576\/c_fill,w_720,ar_16:9,f_auto,q_auto,g_auto\/images%2FGettyImages%2Fmmsport%2Fsports_illustrated_ftbol%2F01kacgb729cnrf2gna4z.jpg 1x,&#10;    https:\/\/images2.minutemediacdn.com\/image\/upload\/c_crop,x_0,y_16,w_1024,h_576\/c_fill,w_1440,ar_16:9,f_auto,q_auto,g_auto\/images%2FGettyImages%2Fmmsport%2Fsports_illustrated_ftbol%2F01kacgb729cnrf2gna4z.jpg 2x,&#10;    https:\/\/images2.minutemediacdn.com\/image\/upload\/c_crop,x_0,y_16,w_1024,h_576\/c_fill,w_1440,ar_16:9,f_auto,q_auto,g_auto\/images%2FGettyImages%2Fmmsport%2Fsports_illustrated_ftbol%2F01kacgb729cnrf2gna4z.jpg 3x\" media=\"(min-width: 1080px)\"><img loading=\"lazy\" decoding=\"async\" src=\"https:\/\/images2.minutemediacdn.com\/image\/upload\/c_crop,x_0,y_16,w_1024,h_576\/c_fill,w_16,ar_16:9,f_auto,q_auto,g_auto\/images\/GettyImages\/mmsport\/sports_illustrated_ftbol\/01kacgb729cnrf2gna4z.jpg\" alt=\"Randal Kolo Muani\" title=\"Randal Kolo Muani\" width=\"1024\" height=\"576\" class=\"undefined w-full w-full blur-[5px]\" q:id=\"8a\"\/><\/source><\/source><\/source><\/picture><\/div>\n<p><!--\/qv--><!--\/qv--><\/p>\n<p><figcaption q:id=\"8b\">Kolo Muani tuvo molestias en la Fecha FIFA, pero podr\u00eda estar de vuelta  | Julian Finney\/GettyImages<\/figcaption><\/p>\n<\/figure>\n<p><!--\/qv--><!--\/qv--><!--\/qv--><!--\/qv--><!--\/qv--><!--\/qv--><!--\/qv--><!--\/qv--><!--\/qv--><!--\/qv--><!--qv q:key=QW_2--><!--qv q:id=8c q:key=vcaa:\n\n<p><strong>PO: Guglielmo Vicario <\/strong>- El portero italiano es el titular indiscutible desde su llegada en 2023. Muy seguro bajo palos, excelente en salidas a&eacute;reas y con muy buenos reflejos. Uno de los porteros m&aacute;s consistentes de la Premier.<\/p>\n\n--><!--qv q:id=8d q:key=lY4S:mL_1--><\/p>\n<p id=\"inline-text-23\" class=\"my-[18px] [&amp;_a]:text-primary my-f-1.5\" q:key=\"0\" q:id=\"8e\"><strong>PO: Guglielmo Vicario <\/strong>&#8211; El portero italiano es el titular indiscutible desde su llegada en 2023. Muy seguro bajo palos, excelente en salidas a\u00e9reas y con muy buenos reflejos. Uno de los porteros m\u00e1s consistentes de la Premier.<\/p>\n<p><!--\/qv--><!--\/qv--><!--\/qv--><!--qv q:key=QW_2--><!--qv q:id=8f q:key=vcaa:\n\n<p><strong>LD: Pedro Porro<\/strong> - El lateral derecho espa&ntilde;ol. Carrilero ofensivo puro: gran centro, disparo lejano, recorrido incansable y muy buen uno contra uno en ataque. <\/p>\n\n--><!--qv q:id=8g q:key=lY4S:mL_1--><\/p>\n<p id=\"inline-text-24\" class=\"my-[18px] [&amp;_a]:text-primary my-f-1.5\" q:key=\"0\" q:id=\"8h\"><strong>LD: Pedro Porro<\/strong> &#8211; El lateral derecho espa\u00f1ol. Carrilero ofensivo puro: gran centro, disparo lejano, recorrido incansable y muy buen uno contra uno en ataque. <\/p>\n<p><!--\/qv--><!--\/qv--><!--\/qv--><!--qv q:key=QW_2--><!--qv q:id=8i q:key=vcaa:\n\n<p><strong>DFC: Cristian Romero<\/strong> - El central argentino es l&iacute;der de la defensa. Agresivo, fuerte en el duelo, excelente salida de bal&oacute;n y muy intenso. Campe&oacute;n del mundo 2022 y uno de los mejores centrales de la liga.<\/p>\n\n--><!--qv q:id=8j q:key=lY4S:mL_1--><\/p>\n<p id=\"inline-text-25\" class=\"my-[18px] [&amp;_a]:text-primary my-f-1.5\" q:key=\"0\" q:id=\"8k\"><strong>DFC: Cristian Romero<\/strong> &#8211; El central argentino es l\u00edder de la defensa. Agresivo, fuerte en el duelo, excelente salida de bal\u00f3n y muy intenso. Campe\u00f3n del mundo 2022 y uno de los mejores centrales de la liga.<\/p>\n<p><!--\/qv--><!--\/qv--><!--\/qv--><!--qv q:key=QW_2--><!--qv q:id=8l q:key=vcaa:\n\n<p><strong>DFC: Micky van de Ven<\/strong> - El central holand&eacute;s, el defensa m&aacute;s r&aacute;pido de la Premier League. Zurdo veloc&iacute;simo, gran anticipaci&oacute;n y muy s&oacute;lido en el uno contra uno. Forma con Romero una de las parejas de centrales m&aacute;s prometedoras de Europa.<\/p>\n\n--><!--qv q:id=8m q:key=lY4S:mL_1--><\/p>\n<p id=\"inline-text-26\" class=\"my-[18px] [&amp;_a]:text-primary my-f-1.5\" q:key=\"0\" q:id=\"8n\"><strong>DFC: Micky van de Ven<\/strong> &#8211; El central holand\u00e9s, el defensa m\u00e1s r\u00e1pido de la Premier League. Zurdo veloc\u00edsimo, gran anticipaci\u00f3n y muy s\u00f3lido en el uno contra uno. Forma con Romero una de las parejas de centrales m\u00e1s prometedoras de Europa.<\/p>\n<p><!--\/qv--><!--\/qv--><!--\/qv--><!--qv q:key=QW_2--><!--qv q:id=8o q:key=vcaa:\n\n<p><strong>LI: Djed Spence<\/strong> - El lateral derecho ingl&eacute;s (tambi&eacute;n puede jugar por izquierda). Regres&oacute; tras cesiones y se ha consolidado en 2025 como un carrilero explosivo, r&aacute;pido y con gran capacidad ofensiva. <\/p>\n\n--><!--qv q:id=8p q:key=lY4S:mL_1--><\/p>\n<p id=\"inline-text-27\" class=\"my-[18px] [&amp;_a]:text-primary my-f-1.5\" q:key=\"0\" q:id=\"8q\"><strong>LI: Djed Spence<\/strong> &#8211; El lateral derecho ingl\u00e9s (tambi\u00e9n puede jugar por izquierda). Regres\u00f3 tras cesiones y se ha consolidado en 2025 como un carrilero explosivo, r\u00e1pido y con gran capacidad ofensiva. <\/p>\n<p><!--\/qv--><!--\/qv--><!--\/qv--><!--qv q:key=QW_2--><!--qv q:id=8r q:key=vcaa:\n\n<p><strong>MCD: Jo&atilde;o Palhinha <\/strong>- El pivote portugu&eacute;s, fichaje estrella del verano 2025 procedente del Fulham. Destructor total: l&iacute;der en recuperaciones y entradas de toda Europa, gran posicionamiento y salida de bal&oacute;n mejorada. El &ldquo;ancla&rdquo; que le faltaba al medio del Tottenham.<\/p>\n\n--><!--qv q:id=8s q:key=lY4S:mL_1--><\/p>\n<p id=\"inline-text-28\" class=\"my-[18px] [&amp;_a]:text-primary my-f-1.5\" q:key=\"0\" q:id=\"8t\"><strong>MCD: Jo\u00e3o Palhinha <\/strong>&#8211; El pivote portugu\u00e9s, fichaje estrella del verano 2025 procedente del Fulham. Destructor total: l\u00edder en recuperaciones y entradas de toda Europa, gran posicionamiento y salida de bal\u00f3n mejorada. El \u201cancla\u201d que le faltaba al medio del Tottenham.<\/p>\n<p><!--\/qv--><!--\/qv--><!--\/qv--><!--qv q:key=QW_2--><!--qv q:id=8u q:key=vcaa:\n\n<p><strong>MCD: Pape Matar Sarr<\/strong> - El mediocentro senegal&eacute;s, canterano que explot&oacute; definitivamente. Box-to-box din&aacute;mico, gran llegada al &aacute;rea, excelente en la presi&oacute;n y con muy buen golpeo. Titular indiscutible con solo 23 a&ntilde;os.<\/p>\n\n--><!--qv q:id=8v q:key=lY4S:mL_1--><\/p>\n<p id=\"inline-text-29\" class=\"my-[18px] [&amp;_a]:text-primary my-f-1.5\" q:key=\"0\" q:id=\"8w\"><strong>MCD: Pape Matar Sarr<\/strong> &#8211; El mediocentro senegal\u00e9s, canterano que explot\u00f3 definitivamente. Box-to-box din\u00e1mico, gran llegada al \u00e1rea, excelente en la presi\u00f3n y con muy buen golpeo. Titular indiscutible con solo 23 a\u00f1os.<\/p>\n<p><!--\/qv--><!--\/qv--><!--\/qv--><!--qv q:key=QW_2--><!--qv q:id=8x q:key=vcaa:\n\n<p><strong>MD: Brennan Johnson<\/strong> - El extremo derecho gal&eacute;s. Muy r&aacute;pido, desequilibrante en el uno contra uno y con gol. Tras un primer a&ntilde;o de adaptaci&oacute;n, en 2025 est&aacute; en su mejor versi&oacute;n y es habitual titular.<\/p>\n\n--><!--qv q:id=8y q:key=lY4S:mL_1--><\/p>\n<p id=\"inline-text-30\" class=\"my-[18px] [&amp;_a]:text-primary my-f-1.5\" q:key=\"0\" q:id=\"8z\"><strong>MD: Brennan Johnson<\/strong> &#8211; El extremo derecho gal\u00e9s. Muy r\u00e1pido, desequilibrante en el uno contra uno y con gol. Tras un primer a\u00f1o de adaptaci\u00f3n, en 2025 est\u00e1 en su mejor versi\u00f3n y es habitual titular.<\/p>\n<p><!--\/qv--><!--\/qv--><!--\/qv--><!--qv q:key=QW_2--><!--qv q:id=90 q:key=vcaa:\n\n<p><strong>MCO: Xavi Simons<\/strong> - El mediapunta\/extremo holand&eacute;s, cedido con opci&oacute;n de compra del PSG en verano 2025. Jugador m&aacute;gico: regate, visi&oacute;n de juego, &uacute;ltimo pase y gol. Uno de los fichajes m&aacute;s ilusionantes y ya es pieza clave en el esquema de Postecoglou.<\/p>\n\n--><!--qv q:id=91 q:key=lY4S:mL_1--><\/p>\n<p id=\"inline-text-31\" class=\"my-[18px] [&amp;_a]:text-primary my-f-1.5\" q:key=\"0\" q:id=\"92\"><strong>MCO: Xavi Simons<\/strong> &#8211; El mediapunta\/extremo holand\u00e9s, cedido con opci\u00f3n de compra del PSG en verano 2025. Jugador m\u00e1gico: regate, visi\u00f3n de juego, \u00faltimo pase y gol. Uno de los fichajes m\u00e1s ilusionantes y ya es pieza clave en el esquema de Postecoglou.<\/p>\n<p><!--\/qv--><!--\/qv--><!--\/qv--><!--qv q:key=QW_2--><!--qv q:id=93 q:key=vcaa:\n\n<p><strong>MI: Richarlison<\/strong> - El delantero brasile&ntilde;o. Polivalente (puede jugar de &lsquo;9&rsquo; o en banda izquierda). Fuerte f&iacute;sicamente, gran presi&oacute;n y olfato goleador cuando est&aacute; enchufado. <\/p>\n\n--><!--qv q:id=94 q:key=lY4S:mL_1--><\/p>\n<p id=\"inline-text-32\" class=\"my-[18px] [&amp;_a]:text-primary my-f-1.5\" q:key=\"0\" q:id=\"95\"><strong>MI: Richarlison<\/strong> &#8211; El delantero brasile\u00f1o. Polivalente (puede jugar de \u20189\u2019 o en banda izquierda). Fuerte f\u00edsicamente, gran presi\u00f3n y olfato goleador cuando est\u00e1 enchufado. <\/p>\n<p><!--\/qv--><!--\/qv--><!--\/qv--><!--qv q:key=QW_2--><!--qv q:id=96 q:key=vcaa:\n\n<p><strong>DC: Randal Kolo Muani<\/strong> - El delantero centro franc&eacute;s, gran fichaje del verano 2025 procedente del PSG. R&aacute;pido, potente, excelente desmarque y definici&oacute;n. Lleg&oacute; para ser el &lsquo;9&rsquo; referencia y dar competencia interna.<\/p>\n\n--><!--qv q:id=97 q:key=lY4S:mL_1--><\/p>\n<p id=\"inline-text-33\" class=\"my-[18px] [&amp;_a]:text-primary my-f-1.5\" q:key=\"0\" q:id=\"98\"><strong>DC: Randal Kolo Muani<\/strong> &#8211; El delantero centro franc\u00e9s, gran fichaje del verano 2025 procedente del PSG. R\u00e1pido, potente, excelente desmarque y definici\u00f3n. Lleg\u00f3 para ser el \u20189\u2019 referencia y dar competencia interna.<\/p>\n<p><!--\/qv--><!--\/qv--><!--\/qv--><!--qv q:key=QW_2--><!--qv q:id=99 q:key=vcaa:\n\n<h3>As&iacute; se ver&iacute;a la formaci&oacute;n del Tottenham (4-2-3-1)<\/h3>\n\n--><!--qv q:id=9a q:key=lY4S:mL_1--><\/p>\n<h3 id=\"inline-text-34\" class=\"my-[18px] [&amp;_a]:text-primary my-f-1.5\" q:key=\"0\" q:id=\"9b\">As\u00ed se ver\u00eda la formaci\u00f3n del Tottenham (4-2-3-1)<\/h3>\n<p><!--\/qv--><!--\/qv--><!--\/qv--><!--qv q:key=QW_2--><!--qv q:id=9c q:key=vcaa:\n\n<p><strong>Portero<\/strong>: Guglielmo Vicario.<\/p>\n\n--><!--qv q:id=9d q:key=lY4S:mL_1--><\/p>\n<p id=\"inline-text-35\" class=\"my-[18px] [&amp;_a]:text-primary my-f-1.5\" q:key=\"0\" q:id=\"9e\"><strong>Portero<\/strong>: Guglielmo Vicario.<\/p>\n<p><!--\/qv--><!--\/qv--><!--\/qv--><!--qv q:key=QW_2--><!--qv q:id=9f q:key=vcaa:\n\n<p><strong>Defensas<\/strong>: Pedro Porro, Cristian Romero, Micky van de Ven, Djed Spence.<\/p>\n\n--><!--qv q:id=9g q:key=lY4S:mL_1--><\/p>\n<p id=\"inline-text-36\" class=\"my-[18px] [&amp;_a]:text-primary my-f-1.5\" q:key=\"0\" q:id=\"9h\"><strong>Defensas<\/strong>: Pedro Porro, Cristian Romero, Micky van de Ven, Djed Spence.<\/p>\n<p><!--\/qv--><!--\/qv--><!--\/qv--><!--qv q:key=QW_2--><!--qv q:id=9i q:key=vcaa:\n\n<p><strong>Centrocampistas<\/strong>: Jo&atilde;o Palhinha, Pape Matar Sarr; Brennan Johnson, Xavi Simons, Richarlison.<\/p>\n\n--><!--qv q:id=9j q:key=lY4S:mL_1--><\/p>\n<p id=\"inline-text-37\" class=\"my-[18px] [&amp;_a]:text-primary my-f-1.5\" q:key=\"0\" q:id=\"9k\"><strong>Centrocampistas<\/strong>: Jo\u00e3o Palhinha, Pape Matar Sarr; Brennan Johnson, Xavi Simons, Richarlison.<\/p>\n<p><!--\/qv--><!--\/qv--><!--\/qv--><!--qv q:key=QW_2--><!--qv q:id=9l q:key=vcaa:\n\n<p><strong>Delanteros<\/strong>: Kolo Muani.<\/p>\n\n--><!--qv q:id=9m q:key=lY4S:mL_1--><\/p>\n<p id=\"inline-text-38\" class=\"my-[18px] [&amp;_a]:text-primary my-f-1.5\" q:key=\"0\" q:id=\"9n\"><strong>Delanteros<\/strong>: Kolo Muani.<\/p>\n<p><!--\/qv--><!--\/qv--><!--\/qv--><!--qv q:key=QW_2--><!--qv q:id=9o q:key=vcaa:https:\/\/content-enrichment-service.mmsport.minutesvc.com\/oembed?url=https:\/\/content-enrichment-service.mmsport.minutesvc.com\/properties\/sports_illustrated_ftbol\/embeds\/01jxhpawc75kzwj--><!--qv q:id=9p q:key=jBas:mL_1--><\/p>\n<figure on-document:load=\"q-CmR0ioJ1.js#s_LZBLIxdhCWU[0 1]\" q:key=\"S2_1\" q:id=\"9q\"\/><!--\/qv--><!--\/qv--><!--\/qv--><\/div>\n<p><a href=\"https:\/\/www.si.com\/es-us\/futbol\/las-posibles-alineaciones-titulares-del-arsenal-vs-tottenham\">Source link <\/a><\/p>\n","protected":false},"excerpt":{"rendered":"<p>Este domingo 23 de noviembre se llevar\u00e1 a cabo la Jornada 12 de la Premier League desde el Emirates Stadium entre Arsenal y Tottenham. A continuaci\u00f3n, te dejamos con la posible alineaci\u00f3n de los Gunners para este compromiso programado a las 11:30 horas (hora de EE.UU.), 10:30 horas (M\u00e9xico), 17:30 horas (Espa\u00f1a). La posible alineaci\u00f3n [&hellip;]<\/p>\n","protected":false},"author":1,"featured_media":73777,"comment_status":"","ping_status":"","sticky":false,"template":"","format":"standard","meta":{"googlesitekit_rrm_CAow2JLhCw:productID":"","_gspb_post_css":"","maa_idioma":"","maa_pais":"","footnotes":""},"categories":[1],"tags":[6780,4710,4161,5826,6779,6781,3013],"class_list":["post-73776","post","type-post","status-publish","format-standard","has-post-thumbnail","hentry","category-ubirata","tag-alineaciones","tag-arsenal","tag-del","tag-las","tag-posibles","tag-titulares","tag-tottenham"],"blocksy_meta":[],"yoast_head":"<!-- This site is optimized with the Yoast SEO Premium plugin v27.6 (Yoast SEO v27.6) - https:\/\/yoast.com\/product\/yoast-seo-premium-wordpress\/ -->\n<title>Las posibles alineaciones titulares del Arsenal vs Tottenham - Ubirat\u00e3 Online Not\u00edcias - A realidade ao seu alcance!<\/title>\n<meta name=\"description\" content=\"Este domingo 23 de noviembre se llevar\u00e1 a cabo la Jornada 12 de la Premier League desde el Emirates Stadium entre Arsenal y Tottenham.A continuaci\u00f3n, te\" \/>\n<meta name=\"robots\" content=\"index, follow, max-snippet:-1, max-image-preview:large, max-video-preview:-1\" \/>\n<link rel=\"canonical\" href=\"https:\/\/ubirataonline.com.br\/en\/las-posibles-alineaciones-titulares-del-arsenal-vs-tottenham\/\" \/>\n<meta property=\"og:locale\" content=\"en_US\" \/>\n<meta property=\"og:type\" content=\"article\" \/>\n<meta property=\"og:title\" content=\"Las posibles alineaciones titulares del Arsenal vs Tottenham\" \/>\n<meta property=\"og:description\" content=\"Este domingo 23 de noviembre se llevar\u00e1 a cabo la Jornada 12 de la Premier League desde el Emirates Stadium entre Arsenal y Tottenham.A continuaci\u00f3n, te\" \/>\n<meta property=\"og:url\" content=\"https:\/\/ubirataonline.com.br\/en\/las-posibles-alineaciones-titulares-del-arsenal-vs-tottenham\/\" \/>\n<meta property=\"og:site_name\" content=\"Ubirat\u00e3 Online Not\u00edcias - A realidade ao seu alcance!\" \/>\n<meta property=\"article:publisher\" content=\"https:\/\/www.facebook.com\/portalubirataonline\" \/>\n<meta property=\"article:author\" content=\"https:\/\/www.facebook.com\/portalubirataonline\" \/>\n<meta property=\"article:published_time\" content=\"2025-11-23T16:31:56+00:00\" \/>\n<meta property=\"og:image\" content=\"https:\/\/images2.minutemediacdn.com\/image\/upload\/c_crop,x_0,y_28,w_667,h_375\/c_fill,w_16,ar_16:9,f_auto,q_auto,g_auto\/images\/GettyImages\/mmsport\/sports_illustrated_ftbol\/01kacg7wk3xsgd1m0xve.jpg\" \/>\n<meta name=\"author\" content=\"REDA\u00c7\u00c3O: UBIRAT\u00c3 ONLINE - F\u00c1BIO AUGUSTO CELESTINO\" \/>\n<meta name=\"twitter:card\" content=\"summary_large_image\" \/>\n<meta name=\"twitter:creator\" content=\"@x.com\/ubirataonline\" \/>\n<meta name=\"twitter:site\" content=\"@ubirataonline\" \/>\n<meta name=\"twitter:label1\" content=\"Written by\" \/>\n\t<meta name=\"twitter:data1\" content=\"REDA\u00c7\u00c3O: UBIRAT\u00c3 ONLINE - F\u00c1BIO AUGUSTO CELESTINO\" \/>\n\t<meta name=\"twitter:label2\" content=\"Est. reading time\" \/>\n\t<meta name=\"twitter:data2\" content=\"5 minutes\" \/>\n<script type=\"application\/ld+json\" class=\"yoast-schema-graph\">{\"@context\":\"https:\\\/\\\/schema.org\",\"@graph\":[{\"@type\":\"NewsArticle\",\"@id\":\"https:\\\/\\\/ubirataonline.com.br\\\/las-posibles-alineaciones-titulares-del-arsenal-vs-tottenham\\\/#article\",\"isPartOf\":{\"@id\":\"https:\\\/\\\/ubirataonline.com.br\\\/las-posibles-alineaciones-titulares-del-arsenal-vs-tottenham\\\/\"},\"author\":{\"name\":\"REDA\u00c7\u00c3O: UBIRAT\u00c3 ONLINE - F\u00c1BIO AUGUSTO CELESTINO\",\"@id\":\"https:\\\/\\\/ubirataonline.com.br\\\/#\\\/schema\\\/person\\\/372f87bbd3fdd79b8556b84c98d0bc1c\"},\"headline\":\"Las posibles alineaciones titulares del Arsenal vs Tottenham\",\"datePublished\":\"2025-11-23T16:31:56+00:00\",\"mainEntityOfPage\":{\"@id\":\"https:\\\/\\\/ubirataonline.com.br\\\/las-posibles-alineaciones-titulares-del-arsenal-vs-tottenham\\\/\"},\"wordCount\":1059,\"publisher\":{\"@id\":\"https:\\\/\\\/ubirataonline.com.br\\\/#organization\"},\"image\":{\"@id\":\"https:\\\/\\\/ubirataonline.com.br\\\/las-posibles-alineaciones-titulares-del-arsenal-vs-tottenham\\\/#primaryimage\"},\"thumbnailUrl\":\"https:\\\/\\\/ubirataonline.com.br\\\/wp-content\\\/uploads\\\/2025\\\/11\\\/01kacfyrsr3466a3bzf3.jpg\",\"keywords\":[\"alineaciones\",\"Arsenal\",\"del\",\"Las\",\"posibles\",\"titulares\",\"Tottenham\"],\"articleSection\":[\"Ubirat\u00e3\"],\"inLanguage\":\"en-US\",\"copyrightYear\":\"2025\",\"copyrightHolder\":{\"@id\":\"https:\\\/\\\/ubirataonline.com.br\\\/en\\\/#organization\"}},{\"@type\":\"WebPage\",\"@id\":\"https:\\\/\\\/ubirataonline.com.br\\\/las-posibles-alineaciones-titulares-del-arsenal-vs-tottenham\\\/\",\"url\":\"https:\\\/\\\/ubirataonline.com.br\\\/las-posibles-alineaciones-titulares-del-arsenal-vs-tottenham\\\/\",\"name\":\"Las posibles alineaciones titulares del Arsenal vs Tottenham - Ubirat\u00e3 Online Not\u00edcias - A realidade ao seu alcance!\",\"isPartOf\":{\"@id\":\"https:\\\/\\\/ubirataonline.com.br\\\/#website\"},\"primaryImageOfPage\":{\"@id\":\"https:\\\/\\\/ubirataonline.com.br\\\/las-posibles-alineaciones-titulares-del-arsenal-vs-tottenham\\\/#primaryimage\"},\"image\":{\"@id\":\"https:\\\/\\\/ubirataonline.com.br\\\/las-posibles-alineaciones-titulares-del-arsenal-vs-tottenham\\\/#primaryimage\"},\"thumbnailUrl\":\"https:\\\/\\\/ubirataonline.com.br\\\/wp-content\\\/uploads\\\/2025\\\/11\\\/01kacfyrsr3466a3bzf3.jpg\",\"datePublished\":\"2025-11-23T16:31:56+00:00\",\"description\":\"Este domingo 23 de noviembre se llevar\u00e1 a cabo la Jornada 12 de la Premier League desde el Emirates Stadium entre Arsenal y Tottenham.A continuaci\u00f3n, te\",\"breadcrumb\":{\"@id\":\"https:\\\/\\\/ubirataonline.com.br\\\/las-posibles-alineaciones-titulares-del-arsenal-vs-tottenham\\\/#breadcrumb\"},\"inLanguage\":\"en-US\",\"potentialAction\":[{\"@type\":\"ReadAction\",\"target\":[\"https:\\\/\\\/ubirataonline.com.br\\\/las-posibles-alineaciones-titulares-del-arsenal-vs-tottenham\\\/\"]}]},{\"@type\":\"ImageObject\",\"inLanguage\":\"en-US\",\"@id\":\"https:\\\/\\\/ubirataonline.com.br\\\/las-posibles-alineaciones-titulares-del-arsenal-vs-tottenham\\\/#primaryimage\",\"url\":\"https:\\\/\\\/ubirataonline.com.br\\\/wp-content\\\/uploads\\\/2025\\\/11\\\/01kacfyrsr3466a3bzf3.jpg\",\"contentUrl\":\"https:\\\/\\\/ubirataonline.com.br\\\/wp-content\\\/uploads\\\/2025\\\/11\\\/01kacfyrsr3466a3bzf3.jpg\",\"width\":1440,\"height\":810},{\"@type\":\"BreadcrumbList\",\"@id\":\"https:\\\/\\\/ubirataonline.com.br\\\/las-posibles-alineaciones-titulares-del-arsenal-vs-tottenham\\\/#breadcrumb\",\"itemListElement\":[{\"@type\":\"ListItem\",\"position\":1,\"name\":\"In\u00edcio\",\"item\":\"https:\\\/\\\/ubirataonline.com.br\\\/\"},{\"@type\":\"ListItem\",\"position\":2,\"name\":\"Las posibles alineaciones titulares del Arsenal vs Tottenham\"}]},{\"@type\":\"WebSite\",\"@id\":\"https:\\\/\\\/ubirataonline.com.br\\\/#website\",\"url\":\"https:\\\/\\\/ubirataonline.com.br\\\/\",\"name\":\"Ubirat\u00e3 Online Not\u00edcias\",\"description\":\"Not\u00edcias de Ubirat\u00e3, regi\u00e3o, Brasil e mundo, com informa\u00e7\u00e3o atualizada e compromisso com o leitor.\",\"publisher\":{\"@id\":\"https:\\\/\\\/ubirataonline.com.br\\\/#organization\"},\"alternateName\":\"Ubirat\u00e3 Online\",\"potentialAction\":[{\"@type\":\"SearchAction\",\"target\":{\"@type\":\"EntryPoint\",\"urlTemplate\":\"https:\\\/\\\/ubirataonline.com.br\\\/?s={search_term_string}\"},\"query-input\":{\"@type\":\"PropertyValueSpecification\",\"valueRequired\":true,\"valueName\":\"search_term_string\"}}],\"inLanguage\":\"en-US\"},{\"@type\":[\"Organization\",\"Place\"],\"@id\":\"https:\\\/\\\/ubirataonline.com.br\\\/#organization\",\"name\":\"Ubirat\u00e3 Online Not\u00edcias\",\"alternateName\":\"Ubirat\u00e3 Online\",\"url\":\"https:\\\/\\\/ubirataonline.com.br\\\/\",\"logo\":{\"@id\":\"https:\\\/\\\/ubirataonline.com.br\\\/las-posibles-alineaciones-titulares-del-arsenal-vs-tottenham\\\/#local-main-organization-logo\"},\"image\":{\"@id\":\"https:\\\/\\\/ubirataonline.com.br\\\/las-posibles-alineaciones-titulares-del-arsenal-vs-tottenham\\\/#local-main-organization-logo\"},\"sameAs\":[\"https:\\\/\\\/www.facebook.com\\\/portalubirataonline\",\"https:\\\/\\\/x.com\\\/ubirataonline\",\"https:\\\/\\\/mastodon.social\\\/@ubirataonline\",\"https:\\\/\\\/www.facebook.com\\\/groups\\\/311144672285604\",\"https:\\\/\\\/www.facebook.com\\\/UBTAOnline\",\"https:\\\/\\\/www.instagram.com\\\/portalubirataonline\\\/\",\"https:\\\/\\\/twitter.com\\\/ubirataonline\"],\"description\":\"Somos um portal de not\u00edcias independente, criado em 5 de janeiro de 2009, com o objetivo de informar, conectar e valorizar a nossa comunidade de Ubirat\u00e3 e toda aregi\u00e3o. Com conte\u00fado atualizado, confi\u00e1vel e relevante, o Ubirat\u00e3 Online \u00e9 o seu espa\u00e7o para ficar por dentro dos principais acontecimentos locais, regionais, Brasil, Mundo e de interesse geral. Nosso compromisso \u00e9 com a verdade, a transpar\u00eancia e o respeito ao leitor.\",\"legalName\":\"UBIRATA ONLINE NOT\u00cdCIAS\",\"foundingDate\":\"2009-01-05\",\"numberOfEmployees\":{\"@type\":\"QuantitativeValue\",\"minValue\":\"1\",\"maxValue\":\"10\"},\"publishingPrinciples\":\"https:\\\/\\\/ubirataonline.com.br\\\/faq\\\/\",\"address\":{\"@id\":\"https:\\\/\\\/ubirataonline.com.br\\\/las-posibles-alineaciones-titulares-del-arsenal-vs-tottenham\\\/#local-main-place-address\"},\"geo\":{\"@type\":\"GeoCoordinates\",\"latitude\":\"-24.5361401\",\"longitude\":\"-52.9921776\"},\"telephone\":[\"+5544998308235\"],\"contactPoint\":{\"@type\":\"ContactPoint\",\"email\":\"contato@ubirataonline.com.br\"},\"openingHoursSpecification\":{\"@type\":\"OpeningHoursSpecification\",\"dayOfWeek\":[\"Monday\",\"Tuesday\",\"Wednesday\",\"Thursday\",\"Friday\",\"Saturday\",\"Sunday\"],\"opens\":\"00:00\",\"closes\":\"23:59\"},\"email\":\"contato@ubirataonline.com.br\",\"vatID\":\"47.621.418\\\/0001-80\"},{\"@type\":\"Person\",\"@id\":\"https:\\\/\\\/ubirataonline.com.br\\\/#\\\/schema\\\/person\\\/372f87bbd3fdd79b8556b84c98d0bc1c\",\"name\":\"REDA\u00c7\u00c3O: UBIRAT\u00c3 ONLINE - F\u00c1BIO AUGUSTO CELESTINO\",\"pronouns\":\"Ele\",\"description\":\"Desde 2003 trabalhando com not\u00edcias.\",\"sameAs\":[\"http:\\\/\\\/ubirataoline.com.br\",\"https:\\\/\\\/www.facebook.com\\\/portalubirataonline\",\"https:\\\/\\\/www.instagram.com\\\/ubirataonline_oficial\",\"https:\\\/\\\/x.com\\\/x.com\\\/ubirataonline\"],\"honorificPrefix\":\"Mr.\",\"honorificSuffix\":\"MD\",\"birthDate\":\"1980-06-16\",\"gender\":\"masculino\",\"award\":[\"V\u00e1rios pr\u00eamios de melhor portal da cidade\"],\"jobTitle\":\"Diretor\",\"url\":\"https:\\\/\\\/ubirataonline.com.br\\\/en\\\/author\\\/ubirataonline\\\/\"},{\"@type\":\"PostalAddress\",\"@id\":\"https:\\\/\\\/ubirataonline.com.br\\\/las-posibles-alineaciones-titulares-del-arsenal-vs-tottenham\\\/#local-main-place-address\",\"streetAddress\":\"Rua dos Coqueiros, 104 - Bairro Boa Vista, Rua dos Coqueiros, 104 Bairro Boa Vista\",\"addressLocality\":\"UBIRATA\",\"postalCode\":\"85440-000\",\"addressRegion\":\"PR\",\"addressCountry\":\"BR\"},{\"@type\":\"ImageObject\",\"inLanguage\":\"en-US\",\"@id\":\"https:\\\/\\\/ubirataonline.com.br\\\/las-posibles-alineaciones-titulares-del-arsenal-vs-tottenham\\\/#local-main-organization-logo\",\"url\":\"https:\\\/\\\/ubirataonline.com.br\\\/wp-content\\\/uploads\\\/2026\\\/06\\\/logoubirataonline-1.webp\",\"contentUrl\":\"https:\\\/\\\/ubirataonline.com.br\\\/wp-content\\\/uploads\\\/2026\\\/06\\\/logoubirataonline-1.webp\",\"width\":500,\"height\":500,\"caption\":\"Ubirat\u00e3 Online Not\u00edcias\"}]}<\/script>\n<meta name=\"geo.placename\" content=\"UBIRATA\" \/>\n<meta name=\"geo.position\" content=\"-24.5361401;-52.9921776\" \/>\n<meta name=\"geo.region\" content=\"Brazil\" \/>\n<!-- \/ Yoast SEO Premium plugin. -->","yoast_head_json":{"title":"Las posibles alineaciones titulares del Arsenal vs Tottenham - Ubirat\u00e3 Online Not\u00edcias - A realidade ao seu alcance!","description":"Este domingo 23 de noviembre se llevar\u00e1 a cabo la Jornada 12 de la Premier League desde el Emirates Stadium entre Arsenal y Tottenham.A continuaci\u00f3n, te","robots":{"index":"index","follow":"follow","max-snippet":"max-snippet:-1","max-image-preview":"max-image-preview:large","max-video-preview":"max-video-preview:-1"},"canonical":"https:\/\/ubirataonline.com.br\/en\/las-posibles-alineaciones-titulares-del-arsenal-vs-tottenham\/","og_locale":"en_US","og_type":"article","og_title":"Las posibles alineaciones titulares del Arsenal vs Tottenham","og_description":"Este domingo 23 de noviembre se llevar\u00e1 a cabo la Jornada 12 de la Premier League desde el Emirates Stadium entre Arsenal y Tottenham.A continuaci\u00f3n, te","og_url":"https:\/\/ubirataonline.com.br\/en\/las-posibles-alineaciones-titulares-del-arsenal-vs-tottenham\/","og_site_name":"Ubirat\u00e3 Online Not\u00edcias - A realidade ao seu alcance!","article_publisher":"https:\/\/www.facebook.com\/portalubirataonline","article_author":"https:\/\/www.facebook.com\/portalubirataonline","article_published_time":"2025-11-23T16:31:56+00:00","og_image":[{"url":"https:\/\/images2.minutemediacdn.com\/image\/upload\/c_crop,x_0,y_28,w_667,h_375\/c_fill,w_16,ar_16:9,f_auto,q_auto,g_auto\/images\/GettyImages\/mmsport\/sports_illustrated_ftbol\/01kacg7wk3xsgd1m0xve.jpg","type":"","width":"","height":""}],"author":"REDA\u00c7\u00c3O: UBIRAT\u00c3 ONLINE - F\u00c1BIO AUGUSTO CELESTINO","twitter_card":"summary_large_image","twitter_creator":"@x.com\/ubirataonline","twitter_site":"@ubirataonline","twitter_misc":{"Written by":"REDA\u00c7\u00c3O: UBIRAT\u00c3 ONLINE - F\u00c1BIO AUGUSTO CELESTINO","Est. reading time":"5 minutes"},"schema":{"@context":"https:\/\/schema.org","@graph":[{"@type":"NewsArticle","@id":"https:\/\/ubirataonline.com.br\/las-posibles-alineaciones-titulares-del-arsenal-vs-tottenham\/#article","isPartOf":{"@id":"https:\/\/ubirataonline.com.br\/las-posibles-alineaciones-titulares-del-arsenal-vs-tottenham\/"},"author":{"name":"REDA\u00c7\u00c3O: UBIRAT\u00c3 ONLINE - F\u00c1BIO AUGUSTO CELESTINO","@id":"https:\/\/ubirataonline.com.br\/#\/schema\/person\/372f87bbd3fdd79b8556b84c98d0bc1c"},"headline":"Las posibles alineaciones titulares del Arsenal vs Tottenham","datePublished":"2025-11-23T16:31:56+00:00","mainEntityOfPage":{"@id":"https:\/\/ubirataonline.com.br\/las-posibles-alineaciones-titulares-del-arsenal-vs-tottenham\/"},"wordCount":1059,"publisher":{"@id":"https:\/\/ubirataonline.com.br\/#organization"},"image":{"@id":"https:\/\/ubirataonline.com.br\/las-posibles-alineaciones-titulares-del-arsenal-vs-tottenham\/#primaryimage"},"thumbnailUrl":"https:\/\/ubirataonline.com.br\/wp-content\/uploads\/2025\/11\/01kacfyrsr3466a3bzf3.jpg","keywords":["alineaciones","Arsenal","del","Las","posibles","titulares","Tottenham"],"articleSection":["Ubirat\u00e3"],"inLanguage":"en-US","copyrightYear":"2025","copyrightHolder":{"@id":"https:\/\/ubirataonline.com.br\/en\/#organization"}},{"@type":"WebPage","@id":"https:\/\/ubirataonline.com.br\/las-posibles-alineaciones-titulares-del-arsenal-vs-tottenham\/","url":"https:\/\/ubirataonline.com.br\/las-posibles-alineaciones-titulares-del-arsenal-vs-tottenham\/","name":"Las posibles alineaciones titulares del Arsenal vs Tottenham - Ubirat\u00e3 Online Not\u00edcias - A realidade ao seu alcance!","isPartOf":{"@id":"https:\/\/ubirataonline.com.br\/#website"},"primaryImageOfPage":{"@id":"https:\/\/ubirataonline.com.br\/las-posibles-alineaciones-titulares-del-arsenal-vs-tottenham\/#primaryimage"},"image":{"@id":"https:\/\/ubirataonline.com.br\/las-posibles-alineaciones-titulares-del-arsenal-vs-tottenham\/#primaryimage"},"thumbnailUrl":"https:\/\/ubirataonline.com.br\/wp-content\/uploads\/2025\/11\/01kacfyrsr3466a3bzf3.jpg","datePublished":"2025-11-23T16:31:56+00:00","description":"Este domingo 23 de noviembre se llevar\u00e1 a cabo la Jornada 12 de la Premier League desde el Emirates Stadium entre Arsenal y Tottenham.A continuaci\u00f3n, te","breadcrumb":{"@id":"https:\/\/ubirataonline.com.br\/las-posibles-alineaciones-titulares-del-arsenal-vs-tottenham\/#breadcrumb"},"inLanguage":"en-US","potentialAction":[{"@type":"ReadAction","target":["https:\/\/ubirataonline.com.br\/las-posibles-alineaciones-titulares-del-arsenal-vs-tottenham\/"]}]},{"@type":"ImageObject","inLanguage":"en-US","@id":"https:\/\/ubirataonline.com.br\/las-posibles-alineaciones-titulares-del-arsenal-vs-tottenham\/#primaryimage","url":"https:\/\/ubirataonline.com.br\/wp-content\/uploads\/2025\/11\/01kacfyrsr3466a3bzf3.jpg","contentUrl":"https:\/\/ubirataonline.com.br\/wp-content\/uploads\/2025\/11\/01kacfyrsr3466a3bzf3.jpg","width":1440,"height":810},{"@type":"BreadcrumbList","@id":"https:\/\/ubirataonline.com.br\/las-posibles-alineaciones-titulares-del-arsenal-vs-tottenham\/#breadcrumb","itemListElement":[{"@type":"ListItem","position":1,"name":"In\u00edcio","item":"https:\/\/ubirataonline.com.br\/"},{"@type":"ListItem","position":2,"name":"Las posibles alineaciones titulares del Arsenal vs Tottenham"}]},{"@type":"WebSite","@id":"https:\/\/ubirataonline.com.br\/#website","url":"https:\/\/ubirataonline.com.br\/","name":"Ubirat\u00e3 Online Not\u00edcias","description":"Not\u00edcias de Ubirat\u00e3, regi\u00e3o, Brasil e mundo, com informa\u00e7\u00e3o atualizada e compromisso com o leitor.","publisher":{"@id":"https:\/\/ubirataonline.com.br\/#organization"},"alternateName":"Ubirat\u00e3 Online","potentialAction":[{"@type":"SearchAction","target":{"@type":"EntryPoint","urlTemplate":"https:\/\/ubirataonline.com.br\/?s={search_term_string}"},"query-input":{"@type":"PropertyValueSpecification","valueRequired":true,"valueName":"search_term_string"}}],"inLanguage":"en-US"},{"@type":["Organization","Place"],"@id":"https:\/\/ubirataonline.com.br\/#organization","name":"Ubirat\u00e3 Online Not\u00edcias","alternateName":"Ubirat\u00e3 Online","url":"https:\/\/ubirataonline.com.br\/","logo":{"@id":"https:\/\/ubirataonline.com.br\/las-posibles-alineaciones-titulares-del-arsenal-vs-tottenham\/#local-main-organization-logo"},"image":{"@id":"https:\/\/ubirataonline.com.br\/las-posibles-alineaciones-titulares-del-arsenal-vs-tottenham\/#local-main-organization-logo"},"sameAs":["https:\/\/www.facebook.com\/portalubirataonline","https:\/\/x.com\/ubirataonline","https:\/\/mastodon.social\/@ubirataonline","https:\/\/www.facebook.com\/groups\/311144672285604","https:\/\/www.facebook.com\/UBTAOnline","https:\/\/www.instagram.com\/portalubirataonline\/","https:\/\/twitter.com\/ubirataonline"],"description":"Somos um portal de not\u00edcias independente, criado em 5 de janeiro de 2009, com o objetivo de informar, conectar e valorizar a nossa comunidade de Ubirat\u00e3 e toda aregi\u00e3o. Com conte\u00fado atualizado, confi\u00e1vel e relevante, o Ubirat\u00e3 Online \u00e9 o seu espa\u00e7o para ficar por dentro dos principais acontecimentos locais, regionais, Brasil, Mundo e de interesse geral. Nosso compromisso \u00e9 com a verdade, a transpar\u00eancia e o respeito ao leitor.","legalName":"UBIRATA ONLINE NOT\u00cdCIAS","foundingDate":"2009-01-05","numberOfEmployees":{"@type":"QuantitativeValue","minValue":"1","maxValue":"10"},"publishingPrinciples":"https:\/\/ubirataonline.com.br\/faq\/","address":{"@id":"https:\/\/ubirataonline.com.br\/las-posibles-alineaciones-titulares-del-arsenal-vs-tottenham\/#local-main-place-address"},"geo":{"@type":"GeoCoordinates","latitude":"-24.5361401","longitude":"-52.9921776"},"telephone":["+5544998308235"],"contactPoint":{"@type":"ContactPoint","email":"contato@ubirataonline.com.br"},"openingHoursSpecification":{"@type":"OpeningHoursSpecification","dayOfWeek":["Monday","Tuesday","Wednesday","Thursday","Friday","Saturday","Sunday"],"opens":"00:00","closes":"23:59"},"email":"contato@ubirataonline.com.br","vatID":"47.621.418\/0001-80"},{"@type":"Person","@id":"https:\/\/ubirataonline.com.br\/#\/schema\/person\/372f87bbd3fdd79b8556b84c98d0bc1c","name":"REDA\u00c7\u00c3O: UBIRAT\u00c3 ONLINE - F\u00c1BIO AUGUSTO CELESTINO","pronouns":"Ele","description":"Desde 2003 trabalhando com not\u00edcias.","sameAs":["http:\/\/ubirataoline.com.br","https:\/\/www.facebook.com\/portalubirataonline","https:\/\/www.instagram.com\/ubirataonline_oficial","https:\/\/x.com\/x.com\/ubirataonline"],"honorificPrefix":"Mr.","honorificSuffix":"MD","birthDate":"1980-06-16","gender":"masculino","award":["V\u00e1rios pr\u00eamios de melhor portal da cidade"],"jobTitle":"Diretor","url":"https:\/\/ubirataonline.com.br\/en\/author\/ubirataonline\/"},{"@type":"PostalAddress","@id":"https:\/\/ubirataonline.com.br\/las-posibles-alineaciones-titulares-del-arsenal-vs-tottenham\/#local-main-place-address","streetAddress":"Rua dos Coqueiros, 104 - Bairro Boa Vista, Rua dos Coqueiros, 104 Bairro Boa Vista","addressLocality":"UBIRATA","postalCode":"85440-000","addressRegion":"PR","addressCountry":"BR"},{"@type":"ImageObject","inLanguage":"en-US","@id":"https:\/\/ubirataonline.com.br\/las-posibles-alineaciones-titulares-del-arsenal-vs-tottenham\/#local-main-organization-logo","url":"https:\/\/ubirataonline.com.br\/wp-content\/uploads\/2026\/06\/logoubirataonline-1.webp","contentUrl":"https:\/\/ubirataonline.com.br\/wp-content\/uploads\/2026\/06\/logoubirataonline-1.webp","width":500,"height":500,"caption":"Ubirat\u00e3 Online Not\u00edcias"}]},"geo.placename":"UBIRATA","geo.position":{"lat":"-24.5361401","long":"-52.9921776"},"geo.region":"Brazil"},"_links":{"self":[{"href":"https:\/\/ubirataonline.com.br\/en\/wp-json\/wp\/v2\/posts\/73776","targetHints":{"allow":["GET"]}}],"collection":[{"href":"https:\/\/ubirataonline.com.br\/en\/wp-json\/wp\/v2\/posts"}],"about":[{"href":"https:\/\/ubirataonline.com.br\/en\/wp-json\/wp\/v2\/types\/post"}],"author":[{"embeddable":true,"href":"https:\/\/ubirataonline.com.br\/en\/wp-json\/wp\/v2\/users\/1"}],"replies":[{"embeddable":true,"href":"https:\/\/ubirataonline.com.br\/en\/wp-json\/wp\/v2\/comments?post=73776"}],"version-history":[{"count":0,"href":"https:\/\/ubirataonline.com.br\/en\/wp-json\/wp\/v2\/posts\/73776\/revisions"}],"wp:featuredmedia":[{"embeddable":true,"href":"https:\/\/ubirataonline.com.br\/en\/wp-json\/wp\/v2\/media\/73777"}],"wp:attachment":[{"href":"https:\/\/ubirataonline.com.br\/en\/wp-json\/wp\/v2\/media?parent=73776"}],"wp:term":[{"taxonomy":"category","embeddable":true,"href":"https:\/\/ubirataonline.com.br\/en\/wp-json\/wp\/v2\/categories?post=73776"},{"taxonomy":"post_tag","embeddable":true,"href":"https:\/\/ubirataonline.com.br\/en\/wp-json\/wp\/v2\/tags?post=73776"}],"curies":[{"name":"wp","href":"https:\/\/api.w.org\/{rel}","templated":true}]}}