{"id":74175,"date":"2025-11-29T01:38:37","date_gmt":"2025-11-29T04:38:37","guid":{"rendered":"https:\/\/ubirataonline.com.br\/ryan-nembhards-honor-that-will-make-andrew-nembhard-proud\/"},"modified":"2025-11-29T01:38:37","modified_gmt":"2025-11-29T04:38:37","slug":"ryan-nembhards-honor-that-will-make-andrew-nembhard-proud","status":"publish","type":"post","link":"https:\/\/ubirataonline.com.br\/en\/ryan-nembhards-honor-that-will-make-andrew-nembhard-proud\/","title":{"rendered":"Ryan Nembhard&#8217;s honor that will make Andrew Nembhard proud"},"content":{"rendered":"<p><\/p>\n<div id=\"article-3614209\">\n<p class=\"p1\">Ryan Nembhard\u2019s first NBA start is coming on a big stage, and it is the kind of moment that should have Andrew Nembhard grinning back in Indiana.<\/p>\n<p class=\"p1\"><a href=\"https:\/\/clutchpoints.com\/nba\/dallas-mavericks\">Dallas Mavericks<\/a> guard Ryan Nembhard is expected to join the <a href=\"https:\/\/x.com\/TheSteinLine\/status\/1994584393277739428?s=20\" target=\"_blank\" rel=\"noopener\">starting lineup<\/a> against the <a href=\"https:\/\/clutchpoints.com\/nba\/los-angeles-lakers\">Los Angeles Lakers<\/a> on Friday night, according to NBA reporter Marc Stein, as relayed by CBS Sports. The undrafted rookie, on a two-way contract, earned the bump after a huge fourth quarter in Monday\u2019s loss to the Miami Heat that clearly grabbed the coaching staff\u2019s attention.<\/p>\n<p class=\"p1\">For the season, Ryan Nembhard is averaging 3.0 points and 2.7 assists in limited minutes, while shooting 36.4% from the field via ESPN. Nothing gaudy yet, but the trust to start an <a href=\"https:\/\/clutchpoints.com\/tag\/nba-cup\">NBA Cup<\/a> game on the road against Luka Doncic and a 13-4 Lakers team says more than the early numbers.<\/p>\n<p class=\"p1\">It also adds another layer to a family story that has quietly become one of the coolest in the league. <a href=\"https:\/\/clutchpoints.com\/nba\/indiana-pacers\/pacers-news-indiana-boost-vs-nuggets-with-andrew-nembhard-return-injury\">Indiana Pacers guard Andrew Nembhard<\/a> is putting up 17.5 points and 6.2 assists per game this season, via ESPN, and has already <a href=\"https:\/\/clutchpoints.com\/nba\/indiana-pacers\/pacers-news-rick-carlisle-reveals-plan-to-throw-andrew-nembhard-into-massive-role\">carved out a reputation as a big-moment guard<\/a>. The brothers grew up together in Aurora, Ontario, went through Gonzaga, and now share NBA backcourts in opposite conferences.<\/p>\n<p class=\"p1\">Now Ryan Nembhard gets his own \u201cfirst start\u201d milestone, in L.A., in a Cup game, <a href=\"https:\/\/clutchpoints.com\/nba\/dallas-mavericks\/mavericks-news-anthony-davis-history-2019-staples-center\">with Anthony Davis returning for Dallas<\/a> and the spotlight firmly on this weird, new rivalry between the Mavericks and Lakers. Not bad for a two-way guard who just keeps making the right people notice.<\/p>\n<\/div>\n<p><script>self.__next_f.push([1,\"0:{\\\"P\\\":null,\\\"b\\\":\\\"NwcNLTJtS8MIVyowrMlRg\\\",\\\"p\\\":\\\"\\\",\\\"c\\\":[\\\"\\\",\\\"nba\\\",\\\"dallas-mavericks\\\",\\\"mavericks-news-ryan-nembhard-honor-make-andrew-nembhard-proud\\\"],\\\"i\\\":false,\\\"f\\\":[[[\\\"\\\",{\\\"children\\\":[\\\"nba\\\",{\\\"children\\\":[[\\\"slug\\\",\\\"dallas-mavericks\\\",\\\"d\\\"],{\\\"children\\\":[[\\\"articleSlug\\\",\\\"mavericks-news-ryan-nembhard-honor-make-andrew-nembhard-proud\\\",\\\"d\\\"],{\\\"children\\\":[\\\"__PAGE__\\\",{}]}]}]}]},\\\"$undefined\\\",\\\"$undefined\\\",true],[\\\"\\\",[\\\"$\\\",\\\"$1\\\",\\\"c\\\",{\\\"children\\\":[[[\\\"$\\\",\\\"link\\\",\\\"0\\\",{\\\"rel\\\":\\\"stylesheet\\\",\\\"href\\\":\\\"\/_next\/static\/css\/e08d5642cf6177c9.css?dpl=dpl_5YopFxBin6kzDFcxwT3qemGzvNa9\\\",\\\"precedence\\\":\\\"next\\\",\\\"crossOrigin\\\":\\\"$undefined\\\",\\\"nonce\\\":\\\"$undefined\\\"}],[\\\"$\\\",\\\"link\\\",\\\"1\\\",{\\\"rel\\\":\\\"stylesheet\\\",\\\"href\\\":\\\"\/_next\/static\/css\/55538419b0e7d7d1.css?dpl=dpl_5YopFxBin6kzDFcxwT3qemGzvNa9\\\",\\\"precedence\\\":\\\"next\\\",\\\"crossOrigin\\\":\\\"$undefined\\\",\\\"nonce\\\":\\\"$undefined\\\"}],[\\\"$\\\",\\\"link\\\",\\\"2\\\",{\\\"rel\\\":\\\"stylesheet\\\",\\\"href\\\":\\\"\/_next\/static\/css\/3cbb4673af479a75.css?dpl=dpl_5YopFxBin6kzDFcxwT3qemGzvNa9\\\",\\\"precedence\\\":\\\"next\\\",\\\"crossOrigin\\\":\\\"$undefined\\\",\\\"nonce\\\":\\\"$undefined\\\"}]],[\\\"$\\\",\\\"html\\\",null,{\\\"lang\\\":\\\"en\\\",\\\"children\\\":[[\\\"$\\\",\\\"head\\\",null,{\\\"children\\\":[[\\\"$\\\",\\\"meta\\\",null,{\\\"httpEquiv\\\":\\\"Content-Security-Policy\\\",\\\"content\\\":\\\"upgrade-insecure-requests;block-all-mixed-content\\\"}],[\\\"$\\\",\\\"$L2\\\",null,{\\\"src\\\":\\\"https:\/\/www.googletagmanager.com\/gtag\/js?id=AW-845949646\\\",\\\"strategy\\\":\\\"afterInteractive\\\"}],[\\\"$\\\",\\\"$L2\\\",null,{\\\"id\\\":\\\"gtag-init\\\",\\\"strategy\\\":\\\"afterInteractive\\\",\\\"dangerouslySetInnerHTML\\\":{\\\"__html\\\":\\\"\\\\n          window.dataLayer = window.dataLayer || [];\\\\n          function gtag(){dataLayer.push(arguments);}\\\\n          gtag('js', new Date());\\\\n\\\\n          gtag('config', 'AW-845949646');\\\\n        \\\"}}],[\\\"$\\\",\\\"$L2\\\",null,{\\\"id\\\":\\\"meta-pixel\\\",\\\"strategy\\\":\\\"afterInteractive\\\",\\\"dangerouslySetInnerHTML\\\":{\\\"__html\\\":\\\"!function(f,b,e,v,n,t,s)\\\\n              {if(f.fbq)return;n=f.fbq=function(){n.callMethod?\\\\n              n.callMethod.apply(n,arguments):n.queue.push(arguments)};\\\\n              if(!f._fbq)f._fbq=n;n.push=n;n.loaded=!0;n.version='2.0';\\\\n              n.queue=[];t=b.createElement(e);t.async=!0;\\\\n              t.src=v;s=b.getElementsByTagName(e)[0];\\\\n              s.parentNode.insertBefore(t,s)}(window, document,'script',\\\\n              'https:\/\/connect.facebook.net\/en_US\/fbevents.js');\\\\n              fbq('init', '604453244580535');\\\\n              fbq('track', 'PageView');\\\"}}],[\\\"$\\\",\\\"script\\\",null,{\\\"crossOrigin\\\":\\\"anonymous\\\",\\\"src\\\":\\\"https:\/\/ua.realtimely.io\/script.js\\\",\\\"data-site\\\":\\\"CLUTCH\\\",\\\"defer\\\":true}],[\\\"$\\\",\\\"$L2\\\",null,{\\\"id\\\":\\\"raptive-email\\\",\\\"dangerouslySetInnerHTML\\\":{\\\"__html\\\":\\\"$3\\\"}}],\\\"$L4\\\",\\\"$L5\\\",\\\"$L6\\\",\\\"$L7\\\",\\\"$L8\\\",\\\"$L9\\\"]}],\\\"$La\\\"]}]]}],{\\\"children\\\":[\\\"nba\\\",\\\"$Lb\\\",{\\\"children\\\":[[\\\"slug\\\",\\\"dallas-mavericks\\\",\\\"d\\\"],\\\"$Lc\\\",{\\\"children\\\":[[\\\"articleSlug\\\",\\\"mavericks-news-ryan-nembhard-honor-make-andrew-nembhard-proud\\\",\\\"d\\\"],\\\"$Ld\\\",{\\\"children\\\":[\\\"__PAGE__\\\",\\\"$Le\\\",{},null,false]},null,false]},null,false]},null,false]},null,false],\\\"$Lf\\\",false]],\\\"m\\\":\\\"$undefined\\\",\\\"G\\\":[\\\"$10\\\",[]],\\\"s\\\":false,\\\"S\\\":true}\\n\"])<\/script><br \/>\n<br \/><a href=\"https:\/\/clutchpoints.com\/nba\/dallas-mavericks\/mavericks-news-ryan-nembhard-honor-make-andrew-nembhard-proud\">Source link <\/a><\/p>\n","protected":false},"excerpt":{"rendered":"<p>Ryan Nembhard\u2019s first NBA start is coming on a big stage, and it is the kind of moment that should have Andrew Nembhard grinning back in Indiana. Dallas Mavericks guard Ryan Nembhard is expected to join the starting lineup against the Los Angeles Lakers on Friday night, according to NBA reporter Marc Stein, as relayed [&hellip;]<\/p>\n","protected":false},"author":1,"featured_media":74176,"comment_status":"","ping_status":"","sticky":false,"template":"","format":"standard","meta":{"googlesitekit_rrm_CAow2JLhCw:productID":"","_gspb_post_css":"","maa_idioma":"","maa_pais":"","footnotes":""},"categories":[4],"tags":[6573,4729,7355,7354,7356,4885],"class_list":["post-74175","post","type-post","status-publish","format-standard","has-post-thumbnail","hentry","category-brasil","tag-andrew","tag-honor","tag-nembhard","tag-nembhards","tag-proud","tag-ryan"],"blocksy_meta":[],"yoast_head":"<!-- This site is optimized with the Yoast SEO Premium plugin v27.6 (Yoast SEO v27.6) - https:\/\/yoast.com\/product\/yoast-seo-premium-wordpress\/ -->\n<title>Ryan Nembhard&#039;s honor that will make Andrew Nembhard proud - Ubirat\u00e3 Online Not\u00edcias - A realidade ao seu alcance!<\/title>\n<meta name=\"description\" content=\"Ryan Nembhard\u2019s first NBA start is coming on a big stage, and it is the kind of moment that should have Andrew Nembhard grinning back in Indiana.Dallas\" \/>\n<meta name=\"robots\" content=\"index, follow, max-snippet:-1, max-image-preview:large, max-video-preview:-1\" \/>\n<link rel=\"canonical\" href=\"https:\/\/ubirataonline.com.br\/en\/ryan-nembhards-honor-that-will-make-andrew-nembhard-proud\/\" \/>\n<meta property=\"og:locale\" content=\"en_US\" \/>\n<meta property=\"og:type\" content=\"article\" \/>\n<meta property=\"og:title\" content=\"Ryan Nembhard&#039;s honor that will make Andrew Nembhard proud\" \/>\n<meta property=\"og:description\" content=\"Ryan Nembhard\u2019s first NBA start is coming on a big stage, and it is the kind of moment that should have Andrew Nembhard grinning back in Indiana.Dallas\" \/>\n<meta property=\"og:url\" content=\"https:\/\/ubirataonline.com.br\/en\/ryan-nembhards-honor-that-will-make-andrew-nembhard-proud\/\" \/>\n<meta property=\"og:site_name\" content=\"Ubirat\u00e3 Online Not\u00edcias - A realidade ao seu alcance!\" \/>\n<meta property=\"article:publisher\" content=\"https:\/\/www.facebook.com\/portalubirataonline\" \/>\n<meta property=\"article:author\" content=\"https:\/\/www.facebook.com\/portalubirataonline\" \/>\n<meta property=\"article:published_time\" content=\"2025-11-29T04:38:37+00:00\" \/>\n<meta property=\"og:image\" content=\"https:\/\/ubirataonline.com.br\/wp-content\/uploads\/2026\/05\/logo2026.webp\" \/>\n\t<meta property=\"og:image:width\" content=\"1531\" \/>\n\t<meta property=\"og:image:height\" content=\"418\" \/>\n\t<meta property=\"og:image:type\" content=\"image\/webp\" \/>\n<meta name=\"author\" content=\"REDA\u00c7\u00c3O: UBIRAT\u00c3 ONLINE - F\u00c1BIO AUGUSTO CELESTINO\" \/>\n<meta name=\"twitter:card\" content=\"summary_large_image\" \/>\n<meta name=\"twitter:creator\" content=\"@x.com\/ubirataonline\" \/>\n<meta name=\"twitter:site\" content=\"@ubirataonline\" \/>\n<meta name=\"twitter:label1\" content=\"Written by\" \/>\n\t<meta name=\"twitter:data1\" content=\"REDA\u00c7\u00c3O: UBIRAT\u00c3 ONLINE - F\u00c1BIO AUGUSTO CELESTINO\" \/>\n\t<meta name=\"twitter:label2\" content=\"Est. reading time\" \/>\n\t<meta name=\"twitter:data2\" content=\"1 minute\" \/>\n<script type=\"application\/ld+json\" class=\"yoast-schema-graph\">{\"@context\":\"https:\\\/\\\/schema.org\",\"@graph\":[{\"@type\":\"NewsArticle\",\"@id\":\"https:\\\/\\\/ubirataonline.com.br\\\/ryan-nembhards-honor-that-will-make-andrew-nembhard-proud\\\/#article\",\"isPartOf\":{\"@id\":\"https:\\\/\\\/ubirataonline.com.br\\\/ryan-nembhards-honor-that-will-make-andrew-nembhard-proud\\\/\"},\"author\":{\"name\":\"REDA\u00c7\u00c3O: UBIRAT\u00c3 ONLINE - F\u00c1BIO AUGUSTO CELESTINO\",\"@id\":\"https:\\\/\\\/ubirataonline.com.br\\\/#\\\/schema\\\/person\\\/372f87bbd3fdd79b8556b84c98d0bc1c\"},\"headline\":\"Ryan Nembhard&#8217;s honor that will make Andrew Nembhard proud\",\"datePublished\":\"2025-11-29T04:38:37+00:00\",\"mainEntityOfPage\":{\"@id\":\"https:\\\/\\\/ubirataonline.com.br\\\/ryan-nembhards-honor-that-will-make-andrew-nembhard-proud\\\/\"},\"wordCount\":268,\"publisher\":{\"@id\":\"https:\\\/\\\/ubirataonline.com.br\\\/#organization\"},\"image\":{\"@id\":\"https:\\\/\\\/ubirataonline.com.br\\\/ryan-nembhards-honor-that-will-make-andrew-nembhard-proud\\\/#primaryimage\"},\"thumbnailUrl\":\"https:\\\/\\\/ubirataonline.com.br\\\/wp-content\\\/uploads\\\/2025\\\/11\\\/Ryan-Nembhard-earns-massive-honor-that-will-make-Andrew-Nembhard-proud.jpg\",\"keywords\":[\"Andrew\",\"honor\",\"Nembhard\",\"Nembhards\",\"proud\",\"Ryan\"],\"articleSection\":[\"Brasil\"],\"inLanguage\":\"en-US\",\"copyrightYear\":\"2025\",\"copyrightHolder\":{\"@id\":\"https:\\\/\\\/ubirataonline.com.br\\\/en\\\/#organization\"}},{\"@type\":\"WebPage\",\"@id\":\"https:\\\/\\\/ubirataonline.com.br\\\/ryan-nembhards-honor-that-will-make-andrew-nembhard-proud\\\/\",\"url\":\"https:\\\/\\\/ubirataonline.com.br\\\/ryan-nembhards-honor-that-will-make-andrew-nembhard-proud\\\/\",\"name\":\"Ryan Nembhard's honor that will make Andrew Nembhard proud - Ubirat\u00e3 Online Not\u00edcias - A realidade ao seu alcance!\",\"isPartOf\":{\"@id\":\"https:\\\/\\\/ubirataonline.com.br\\\/#website\"},\"primaryImageOfPage\":{\"@id\":\"https:\\\/\\\/ubirataonline.com.br\\\/ryan-nembhards-honor-that-will-make-andrew-nembhard-proud\\\/#primaryimage\"},\"image\":{\"@id\":\"https:\\\/\\\/ubirataonline.com.br\\\/ryan-nembhards-honor-that-will-make-andrew-nembhard-proud\\\/#primaryimage\"},\"thumbnailUrl\":\"https:\\\/\\\/ubirataonline.com.br\\\/wp-content\\\/uploads\\\/2025\\\/11\\\/Ryan-Nembhard-earns-massive-honor-that-will-make-Andrew-Nembhard-proud.jpg\",\"datePublished\":\"2025-11-29T04:38:37+00:00\",\"description\":\"Ryan Nembhard\u2019s first NBA start is coming on a big stage, and it is the kind of moment that should have Andrew Nembhard grinning back in Indiana.Dallas\",\"breadcrumb\":{\"@id\":\"https:\\\/\\\/ubirataonline.com.br\\\/ryan-nembhards-honor-that-will-make-andrew-nembhard-proud\\\/#breadcrumb\"},\"inLanguage\":\"en-US\",\"potentialAction\":[{\"@type\":\"ReadAction\",\"target\":[\"https:\\\/\\\/ubirataonline.com.br\\\/ryan-nembhards-honor-that-will-make-andrew-nembhard-proud\\\/\"]}]},{\"@type\":\"ImageObject\",\"inLanguage\":\"en-US\",\"@id\":\"https:\\\/\\\/ubirataonline.com.br\\\/ryan-nembhards-honor-that-will-make-andrew-nembhard-proud\\\/#primaryimage\",\"url\":\"https:\\\/\\\/ubirataonline.com.br\\\/wp-content\\\/uploads\\\/2025\\\/11\\\/Ryan-Nembhard-earns-massive-honor-that-will-make-Andrew-Nembhard-proud.jpg\",\"contentUrl\":\"https:\\\/\\\/ubirataonline.com.br\\\/wp-content\\\/uploads\\\/2025\\\/11\\\/Ryan-Nembhard-earns-massive-honor-that-will-make-Andrew-Nembhard-proud.jpg\",\"width\":1600,\"height\":900},{\"@type\":\"BreadcrumbList\",\"@id\":\"https:\\\/\\\/ubirataonline.com.br\\\/ryan-nembhards-honor-that-will-make-andrew-nembhard-proud\\\/#breadcrumb\",\"itemListElement\":[{\"@type\":\"ListItem\",\"position\":1,\"name\":\"In\u00edcio\",\"item\":\"https:\\\/\\\/ubirataonline.com.br\\\/\"},{\"@type\":\"ListItem\",\"position\":2,\"name\":\"Ryan Nembhard&#8217;s honor that will make Andrew Nembhard proud\"}]},{\"@type\":\"WebSite\",\"@id\":\"https:\\\/\\\/ubirataonline.com.br\\\/#website\",\"url\":\"https:\\\/\\\/ubirataonline.com.br\\\/\",\"name\":\"Ubirat\u00e3 Online Not\u00edcias\",\"description\":\"Not\u00edcias de Ubirat\u00e3, regi\u00e3o, Brasil e mundo, com informa\u00e7\u00e3o atualizada e compromisso com o leitor.\",\"publisher\":{\"@id\":\"https:\\\/\\\/ubirataonline.com.br\\\/#organization\"},\"alternateName\":\"Ubirat\u00e3 Online\",\"potentialAction\":[{\"@type\":\"SearchAction\",\"target\":{\"@type\":\"EntryPoint\",\"urlTemplate\":\"https:\\\/\\\/ubirataonline.com.br\\\/?s={search_term_string}\"},\"query-input\":{\"@type\":\"PropertyValueSpecification\",\"valueRequired\":true,\"valueName\":\"search_term_string\"}}],\"inLanguage\":\"en-US\"},{\"@type\":[\"Organization\",\"Place\"],\"@id\":\"https:\\\/\\\/ubirataonline.com.br\\\/#organization\",\"name\":\"Ubirat\u00e3 Online Not\u00edcias\",\"alternateName\":\"Ubirat\u00e3 Online\",\"url\":\"https:\\\/\\\/ubirataonline.com.br\\\/\",\"logo\":{\"@id\":\"https:\\\/\\\/ubirataonline.com.br\\\/ryan-nembhards-honor-that-will-make-andrew-nembhard-proud\\\/#local-main-organization-logo\"},\"image\":{\"@id\":\"https:\\\/\\\/ubirataonline.com.br\\\/ryan-nembhards-honor-that-will-make-andrew-nembhard-proud\\\/#local-main-organization-logo\"},\"sameAs\":[\"https:\\\/\\\/www.facebook.com\\\/portalubirataonline\",\"https:\\\/\\\/x.com\\\/ubirataonline\",\"https:\\\/\\\/mastodon.social\\\/@ubirataonline\",\"https:\\\/\\\/www.facebook.com\\\/groups\\\/311144672285604\",\"https:\\\/\\\/www.facebook.com\\\/UBTAOnline\",\"https:\\\/\\\/www.instagram.com\\\/portalubirataonline\\\/\",\"https:\\\/\\\/twitter.com\\\/ubirataonline\"],\"description\":\"Somos um portal de not\u00edcias independente, criado em 5 de janeiro de 2009, com o objetivo de informar, conectar e valorizar a nossa comunidade de Ubirat\u00e3 e toda aregi\u00e3o. Com conte\u00fado atualizado, confi\u00e1vel e relevante, o Ubirat\u00e3 Online \u00e9 o seu espa\u00e7o para ficar por dentro dos principais acontecimentos locais, regionais, Brasil, Mundo e de interesse geral. Nosso compromisso \u00e9 com a verdade, a transpar\u00eancia e o respeito ao leitor.\",\"legalName\":\"UBIRATA ONLINE NOT\u00cdCIAS\",\"foundingDate\":\"2009-01-05\",\"numberOfEmployees\":{\"@type\":\"QuantitativeValue\",\"minValue\":\"1\",\"maxValue\":\"10\"},\"publishingPrinciples\":\"https:\\\/\\\/ubirataonline.com.br\\\/faq\\\/\",\"address\":{\"@id\":\"https:\\\/\\\/ubirataonline.com.br\\\/ryan-nembhards-honor-that-will-make-andrew-nembhard-proud\\\/#local-main-place-address\"},\"geo\":{\"@type\":\"GeoCoordinates\",\"latitude\":\"-24.5361401\",\"longitude\":\"-52.9921776\"},\"telephone\":[\"+5544998308235\"],\"contactPoint\":{\"@type\":\"ContactPoint\",\"email\":\"contato@ubirataonline.com.br\"},\"openingHoursSpecification\":{\"@type\":\"OpeningHoursSpecification\",\"dayOfWeek\":[\"Monday\",\"Tuesday\",\"Wednesday\",\"Thursday\",\"Friday\",\"Saturday\",\"Sunday\"],\"opens\":\"00:00\",\"closes\":\"23:59\"},\"email\":\"contato@ubirataonline.com.br\",\"vatID\":\"47.621.418\\\/0001-80\"},{\"@type\":\"Person\",\"@id\":\"https:\\\/\\\/ubirataonline.com.br\\\/#\\\/schema\\\/person\\\/372f87bbd3fdd79b8556b84c98d0bc1c\",\"name\":\"REDA\u00c7\u00c3O: UBIRAT\u00c3 ONLINE - F\u00c1BIO AUGUSTO CELESTINO\",\"pronouns\":\"Ele\",\"description\":\"Desde 2003 trabalhando com not\u00edcias.\",\"sameAs\":[\"http:\\\/\\\/ubirataoline.com.br\",\"https:\\\/\\\/www.facebook.com\\\/portalubirataonline\",\"https:\\\/\\\/www.instagram.com\\\/ubirataonline_oficial\",\"https:\\\/\\\/x.com\\\/x.com\\\/ubirataonline\"],\"honorificPrefix\":\"Mr.\",\"honorificSuffix\":\"MD\",\"birthDate\":\"1980-06-16\",\"gender\":\"masculino\",\"award\":[\"V\u00e1rios pr\u00eamios de melhor portal da cidade\"],\"jobTitle\":\"Diretor\",\"url\":\"https:\\\/\\\/ubirataonline.com.br\\\/en\\\/author\\\/ubirataonline\\\/\"},{\"@type\":\"PostalAddress\",\"@id\":\"https:\\\/\\\/ubirataonline.com.br\\\/ryan-nembhards-honor-that-will-make-andrew-nembhard-proud\\\/#local-main-place-address\",\"streetAddress\":\"Rua dos Coqueiros, 104 - Bairro Boa Vista, Rua dos Coqueiros, 104 Bairro Boa Vista\",\"addressLocality\":\"UBIRATA\",\"postalCode\":\"85440-000\",\"addressRegion\":\"PR\",\"addressCountry\":\"BR\"},{\"@type\":\"ImageObject\",\"inLanguage\":\"en-US\",\"@id\":\"https:\\\/\\\/ubirataonline.com.br\\\/ryan-nembhards-honor-that-will-make-andrew-nembhard-proud\\\/#local-main-organization-logo\",\"url\":\"https:\\\/\\\/ubirataonline.com.br\\\/wp-content\\\/uploads\\\/2026\\\/06\\\/logoubirataonline-1.webp\",\"contentUrl\":\"https:\\\/\\\/ubirataonline.com.br\\\/wp-content\\\/uploads\\\/2026\\\/06\\\/logoubirataonline-1.webp\",\"width\":500,\"height\":500,\"caption\":\"Ubirat\u00e3 Online Not\u00edcias\"}]}<\/script>\n<meta name=\"geo.placename\" content=\"UBIRATA\" \/>\n<meta name=\"geo.position\" content=\"-24.5361401;-52.9921776\" \/>\n<meta name=\"geo.region\" content=\"Brazil\" \/>\n<!-- \/ Yoast SEO Premium plugin. -->","yoast_head_json":{"title":"Ryan Nembhard's honor that will make Andrew Nembhard proud - Ubirat\u00e3 Online Not\u00edcias - A realidade ao seu alcance!","description":"Ryan Nembhard\u2019s first NBA start is coming on a big stage, and it is the kind of moment that should have Andrew Nembhard grinning back in Indiana.Dallas","robots":{"index":"index","follow":"follow","max-snippet":"max-snippet:-1","max-image-preview":"max-image-preview:large","max-video-preview":"max-video-preview:-1"},"canonical":"https:\/\/ubirataonline.com.br\/en\/ryan-nembhards-honor-that-will-make-andrew-nembhard-proud\/","og_locale":"en_US","og_type":"article","og_title":"Ryan Nembhard's honor that will make Andrew Nembhard proud","og_description":"Ryan Nembhard\u2019s first NBA start is coming on a big stage, and it is the kind of moment that should have Andrew Nembhard grinning back in Indiana.Dallas","og_url":"https:\/\/ubirataonline.com.br\/en\/ryan-nembhards-honor-that-will-make-andrew-nembhard-proud\/","og_site_name":"Ubirat\u00e3 Online Not\u00edcias - A realidade ao seu alcance!","article_publisher":"https:\/\/www.facebook.com\/portalubirataonline","article_author":"https:\/\/www.facebook.com\/portalubirataonline","article_published_time":"2025-11-29T04:38:37+00:00","og_image":[{"width":1531,"height":418,"url":"https:\/\/ubirataonline.com.br\/wp-content\/uploads\/2026\/05\/logo2026.webp","type":"image\/webp"}],"author":"REDA\u00c7\u00c3O: UBIRAT\u00c3 ONLINE - F\u00c1BIO AUGUSTO CELESTINO","twitter_card":"summary_large_image","twitter_creator":"@x.com\/ubirataonline","twitter_site":"@ubirataonline","twitter_misc":{"Written by":"REDA\u00c7\u00c3O: UBIRAT\u00c3 ONLINE - F\u00c1BIO AUGUSTO CELESTINO","Est. reading time":"1 minute"},"schema":{"@context":"https:\/\/schema.org","@graph":[{"@type":"NewsArticle","@id":"https:\/\/ubirataonline.com.br\/ryan-nembhards-honor-that-will-make-andrew-nembhard-proud\/#article","isPartOf":{"@id":"https:\/\/ubirataonline.com.br\/ryan-nembhards-honor-that-will-make-andrew-nembhard-proud\/"},"author":{"name":"REDA\u00c7\u00c3O: UBIRAT\u00c3 ONLINE - F\u00c1BIO AUGUSTO CELESTINO","@id":"https:\/\/ubirataonline.com.br\/#\/schema\/person\/372f87bbd3fdd79b8556b84c98d0bc1c"},"headline":"Ryan Nembhard&#8217;s honor that will make Andrew Nembhard proud","datePublished":"2025-11-29T04:38:37+00:00","mainEntityOfPage":{"@id":"https:\/\/ubirataonline.com.br\/ryan-nembhards-honor-that-will-make-andrew-nembhard-proud\/"},"wordCount":268,"publisher":{"@id":"https:\/\/ubirataonline.com.br\/#organization"},"image":{"@id":"https:\/\/ubirataonline.com.br\/ryan-nembhards-honor-that-will-make-andrew-nembhard-proud\/#primaryimage"},"thumbnailUrl":"https:\/\/ubirataonline.com.br\/wp-content\/uploads\/2025\/11\/Ryan-Nembhard-earns-massive-honor-that-will-make-Andrew-Nembhard-proud.jpg","keywords":["Andrew","honor","Nembhard","Nembhards","proud","Ryan"],"articleSection":["Brasil"],"inLanguage":"en-US","copyrightYear":"2025","copyrightHolder":{"@id":"https:\/\/ubirataonline.com.br\/en\/#organization"}},{"@type":"WebPage","@id":"https:\/\/ubirataonline.com.br\/ryan-nembhards-honor-that-will-make-andrew-nembhard-proud\/","url":"https:\/\/ubirataonline.com.br\/ryan-nembhards-honor-that-will-make-andrew-nembhard-proud\/","name":"Ryan Nembhard's honor that will make Andrew Nembhard proud - Ubirat\u00e3 Online Not\u00edcias - A realidade ao seu alcance!","isPartOf":{"@id":"https:\/\/ubirataonline.com.br\/#website"},"primaryImageOfPage":{"@id":"https:\/\/ubirataonline.com.br\/ryan-nembhards-honor-that-will-make-andrew-nembhard-proud\/#primaryimage"},"image":{"@id":"https:\/\/ubirataonline.com.br\/ryan-nembhards-honor-that-will-make-andrew-nembhard-proud\/#primaryimage"},"thumbnailUrl":"https:\/\/ubirataonline.com.br\/wp-content\/uploads\/2025\/11\/Ryan-Nembhard-earns-massive-honor-that-will-make-Andrew-Nembhard-proud.jpg","datePublished":"2025-11-29T04:38:37+00:00","description":"Ryan Nembhard\u2019s first NBA start is coming on a big stage, and it is the kind of moment that should have Andrew Nembhard grinning back in Indiana.Dallas","breadcrumb":{"@id":"https:\/\/ubirataonline.com.br\/ryan-nembhards-honor-that-will-make-andrew-nembhard-proud\/#breadcrumb"},"inLanguage":"en-US","potentialAction":[{"@type":"ReadAction","target":["https:\/\/ubirataonline.com.br\/ryan-nembhards-honor-that-will-make-andrew-nembhard-proud\/"]}]},{"@type":"ImageObject","inLanguage":"en-US","@id":"https:\/\/ubirataonline.com.br\/ryan-nembhards-honor-that-will-make-andrew-nembhard-proud\/#primaryimage","url":"https:\/\/ubirataonline.com.br\/wp-content\/uploads\/2025\/11\/Ryan-Nembhard-earns-massive-honor-that-will-make-Andrew-Nembhard-proud.jpg","contentUrl":"https:\/\/ubirataonline.com.br\/wp-content\/uploads\/2025\/11\/Ryan-Nembhard-earns-massive-honor-that-will-make-Andrew-Nembhard-proud.jpg","width":1600,"height":900},{"@type":"BreadcrumbList","@id":"https:\/\/ubirataonline.com.br\/ryan-nembhards-honor-that-will-make-andrew-nembhard-proud\/#breadcrumb","itemListElement":[{"@type":"ListItem","position":1,"name":"In\u00edcio","item":"https:\/\/ubirataonline.com.br\/"},{"@type":"ListItem","position":2,"name":"Ryan Nembhard&#8217;s honor that will make Andrew Nembhard proud"}]},{"@type":"WebSite","@id":"https:\/\/ubirataonline.com.br\/#website","url":"https:\/\/ubirataonline.com.br\/","name":"Ubirat\u00e3 Online Not\u00edcias","description":"Not\u00edcias de Ubirat\u00e3, regi\u00e3o, Brasil e mundo, com informa\u00e7\u00e3o atualizada e compromisso com o leitor.","publisher":{"@id":"https:\/\/ubirataonline.com.br\/#organization"},"alternateName":"Ubirat\u00e3 Online","potentialAction":[{"@type":"SearchAction","target":{"@type":"EntryPoint","urlTemplate":"https:\/\/ubirataonline.com.br\/?s={search_term_string}"},"query-input":{"@type":"PropertyValueSpecification","valueRequired":true,"valueName":"search_term_string"}}],"inLanguage":"en-US"},{"@type":["Organization","Place"],"@id":"https:\/\/ubirataonline.com.br\/#organization","name":"Ubirat\u00e3 Online Not\u00edcias","alternateName":"Ubirat\u00e3 Online","url":"https:\/\/ubirataonline.com.br\/","logo":{"@id":"https:\/\/ubirataonline.com.br\/ryan-nembhards-honor-that-will-make-andrew-nembhard-proud\/#local-main-organization-logo"},"image":{"@id":"https:\/\/ubirataonline.com.br\/ryan-nembhards-honor-that-will-make-andrew-nembhard-proud\/#local-main-organization-logo"},"sameAs":["https:\/\/www.facebook.com\/portalubirataonline","https:\/\/x.com\/ubirataonline","https:\/\/mastodon.social\/@ubirataonline","https:\/\/www.facebook.com\/groups\/311144672285604","https:\/\/www.facebook.com\/UBTAOnline","https:\/\/www.instagram.com\/portalubirataonline\/","https:\/\/twitter.com\/ubirataonline"],"description":"Somos um portal de not\u00edcias independente, criado em 5 de janeiro de 2009, com o objetivo de informar, conectar e valorizar a nossa comunidade de Ubirat\u00e3 e toda aregi\u00e3o. Com conte\u00fado atualizado, confi\u00e1vel e relevante, o Ubirat\u00e3 Online \u00e9 o seu espa\u00e7o para ficar por dentro dos principais acontecimentos locais, regionais, Brasil, Mundo e de interesse geral. Nosso compromisso \u00e9 com a verdade, a transpar\u00eancia e o respeito ao leitor.","legalName":"UBIRATA ONLINE NOT\u00cdCIAS","foundingDate":"2009-01-05","numberOfEmployees":{"@type":"QuantitativeValue","minValue":"1","maxValue":"10"},"publishingPrinciples":"https:\/\/ubirataonline.com.br\/faq\/","address":{"@id":"https:\/\/ubirataonline.com.br\/ryan-nembhards-honor-that-will-make-andrew-nembhard-proud\/#local-main-place-address"},"geo":{"@type":"GeoCoordinates","latitude":"-24.5361401","longitude":"-52.9921776"},"telephone":["+5544998308235"],"contactPoint":{"@type":"ContactPoint","email":"contato@ubirataonline.com.br"},"openingHoursSpecification":{"@type":"OpeningHoursSpecification","dayOfWeek":["Monday","Tuesday","Wednesday","Thursday","Friday","Saturday","Sunday"],"opens":"00:00","closes":"23:59"},"email":"contato@ubirataonline.com.br","vatID":"47.621.418\/0001-80"},{"@type":"Person","@id":"https:\/\/ubirataonline.com.br\/#\/schema\/person\/372f87bbd3fdd79b8556b84c98d0bc1c","name":"REDA\u00c7\u00c3O: UBIRAT\u00c3 ONLINE - F\u00c1BIO AUGUSTO CELESTINO","pronouns":"Ele","description":"Desde 2003 trabalhando com not\u00edcias.","sameAs":["http:\/\/ubirataoline.com.br","https:\/\/www.facebook.com\/portalubirataonline","https:\/\/www.instagram.com\/ubirataonline_oficial","https:\/\/x.com\/x.com\/ubirataonline"],"honorificPrefix":"Mr.","honorificSuffix":"MD","birthDate":"1980-06-16","gender":"masculino","award":["V\u00e1rios pr\u00eamios de melhor portal da cidade"],"jobTitle":"Diretor","url":"https:\/\/ubirataonline.com.br\/en\/author\/ubirataonline\/"},{"@type":"PostalAddress","@id":"https:\/\/ubirataonline.com.br\/ryan-nembhards-honor-that-will-make-andrew-nembhard-proud\/#local-main-place-address","streetAddress":"Rua dos Coqueiros, 104 - Bairro Boa Vista, Rua dos Coqueiros, 104 Bairro Boa Vista","addressLocality":"UBIRATA","postalCode":"85440-000","addressRegion":"PR","addressCountry":"BR"},{"@type":"ImageObject","inLanguage":"en-US","@id":"https:\/\/ubirataonline.com.br\/ryan-nembhards-honor-that-will-make-andrew-nembhard-proud\/#local-main-organization-logo","url":"https:\/\/ubirataonline.com.br\/wp-content\/uploads\/2026\/06\/logoubirataonline-1.webp","contentUrl":"https:\/\/ubirataonline.com.br\/wp-content\/uploads\/2026\/06\/logoubirataonline-1.webp","width":500,"height":500,"caption":"Ubirat\u00e3 Online Not\u00edcias"}]},"geo.placename":"UBIRATA","geo.position":{"lat":"-24.5361401","long":"-52.9921776"},"geo.region":"Brazil"},"_links":{"self":[{"href":"https:\/\/ubirataonline.com.br\/en\/wp-json\/wp\/v2\/posts\/74175","targetHints":{"allow":["GET"]}}],"collection":[{"href":"https:\/\/ubirataonline.com.br\/en\/wp-json\/wp\/v2\/posts"}],"about":[{"href":"https:\/\/ubirataonline.com.br\/en\/wp-json\/wp\/v2\/types\/post"}],"author":[{"embeddable":true,"href":"https:\/\/ubirataonline.com.br\/en\/wp-json\/wp\/v2\/users\/1"}],"replies":[{"embeddable":true,"href":"https:\/\/ubirataonline.com.br\/en\/wp-json\/wp\/v2\/comments?post=74175"}],"version-history":[{"count":0,"href":"https:\/\/ubirataonline.com.br\/en\/wp-json\/wp\/v2\/posts\/74175\/revisions"}],"wp:featuredmedia":[{"embeddable":true,"href":"https:\/\/ubirataonline.com.br\/en\/wp-json\/wp\/v2\/media\/74176"}],"wp:attachment":[{"href":"https:\/\/ubirataonline.com.br\/en\/wp-json\/wp\/v2\/media?parent=74175"}],"wp:term":[{"taxonomy":"category","embeddable":true,"href":"https:\/\/ubirataonline.com.br\/en\/wp-json\/wp\/v2\/categories?post=74175"},{"taxonomy":"post_tag","embeddable":true,"href":"https:\/\/ubirataonline.com.br\/en\/wp-json\/wp\/v2\/tags?post=74175"}],"curies":[{"name":"wp","href":"https:\/\/api.w.org\/{rel}","templated":true}]}}