{"id":74192,"date":"2025-11-29T08:45:45","date_gmt":"2025-11-29T11:45:45","guid":{"rendered":"https:\/\/ubirataonline.com.br\/schnee-unter-palmen-ist-mallorca-ein-guter-zufluchtsort-im-winter\/"},"modified":"2025-11-29T08:45:45","modified_gmt":"2025-11-29T11:45:45","slug":"schnee-unter-palmen-ist-mallorca-ein-guter-zufluchtsort-im-winter","status":"publish","type":"post","link":"https:\/\/ubirataonline.com.br\/en\/schnee-unter-palmen-ist-mallorca-ein-guter-zufluchtsort-im-winter\/","title":{"rendered":"Schnee unter Palmen: Ist Mallorca ein guter Zufluchtsort im Winter?"},"content":{"rendered":"<p><\/p>\n<div>\n<p>\n         Zuerst ver\u00f6ffentlicht am<br \/>\n            <time datetime=\"2025-11-29 11:14:15 +01:00\">29\/11\/2025 &#8211; 11:14 MEZ<\/time>\n            <\/p>\n<\/p><\/div>\n<div style=\"--widget_related_list_trans: 'Lesen Sie auch';\">\n<p>In der vergangenen Woche zeigten sich die Urlaubsinseln Mallorca und Menorca von einer Seite, an die man beim Gedanken an mediterrane W\u00e4rme und Strandurlaub kaum zuerst denkt: Heftige Hagelschauer, Sturm und ungew\u00f6hnlich tiefe Temperaturen.<\/p>\n<p>Zu Beginn der Woche verwandelte dichter Hagel in der Nacht zum Mittwoch Teile des Nordens der Insel in eine wei\u00dfe Landschaft, wie die <em>Mallorca Zeitung<\/em> berichtete. <\/p>\n<p>Nur wenige Tage sp\u00e4ter setzte sich das unbest\u00e4ndige Wetter fort. Eine weitere Schlechtwetterfront erreichte Mallorca in der Nacht zum Freitag und brachte kalten Nordwind, Regen, Schnee und erneut Hagel. Am Morgen zogen dunkle Wolken \u00fcber die Serra de Tramuntana, vor Dei\u00e0 bildete sich sogar eine Wasserhose.<\/p>\n<p>Die Windb\u00f6en erreichten bis zu 90 Kilometer pro Stunde, die Temperaturen sanken in der Nacht teils deutlich unter 10 Grad. In h\u00f6heren Lagen der Gemeinden S\u00f3ller, Bunyola und Escorca fielen erste Schneeflocken, im Flachland wurde stellenweise Hagel registriert. Stellenweise habe es aufgrund des Wetters sogar Stromausf\u00e4lle gegeben.<\/p>\n<h2>&#8220;Monsterwellen&#8221; \u2013 Besucher sollten K\u00fcstenbereiche meiden<\/h2>\n<p>Neben den eindrucksvollen Bildern brachte die Wetterlage auch deutliche Risiken mit sich. Bereits seit Mittwochabend galt f\u00fcr Teile der Insel die Warnstufe Orange des spanischen Wetterdienstes AEMET. Im Norden und Nordosten Mallorcas wurden Wellenh\u00f6hen von bis zu zehn Metern erwartet, vor Menorca sogar bis zu zw\u00f6lf Metern. AEMET mahnte zur Vorsicht: &#8220;Seien Sie wachsam und informieren Sie sich regelm\u00e4\u00dfig \u00fcber die aktuelle Wettervorhersage. Es kann zu Sch\u00e4den an Personen und Eigentum kommen, insbesondere an gef\u00e4hrdeten Personen oder in exponierten Lagen.&#8221;<\/p>\n<p>Die Warnstufe Orange entspricht dem zweith\u00f6chsten Alarm von drei Stufen. In den betroffenen Gebieten wurden Windb\u00f6en von rund 75 Kilometern pro Stunde prognostiziert, die laut <em>Mallorca Zeitung<\/em> &#8220;Monsterwellen&#8221; ausl\u00f6sen konnten. Sp\u00e4ter wurden sogar B\u00f6en von bis zu 90 Kilometern pro Stunde gemessen &#8211; Windst\u00e4rken, die den Stufen 8 bis 9 der zw\u00f6lfteiligen Orkanskala entsprechen und vor allem K\u00fcsten und erh\u00f6hte Lagen belasten. Beh\u00f6rden rieten davon ab, Str\u00e4nde oder gef\u00e4hrdete K\u00fcstenabschnitte aufzusuchen.<\/p>\n<h2>Vor dem Winter in Deutschland fliehen?<\/h2>\n<p>Viele Menschen \u00fcberlegen gerade jetzt, ob Mallorca im Dezember als mildes Winterziel geeignet ist. Die j\u00fcngsten Wetterkapriolen zeigen jedoch, dass auch auf den Balearen der Sp\u00e4therbst nicht durchgehend stabil verl\u00e4uft. Ein Blick in die Klimadaten hilft einzuordnen, was realistisch ist &#8211; und wie wahrscheinlich Schnee oder Hagel \u00fcberhaupt sind.<\/p>\n<p>Laut Aemet erleben das Inselinnere und die K\u00fcsten so gut wie nie Schnee. In einigen Regionen im Osten kommt es im Durchschnitt an ein bis drei Tagen pro Jahr zu Schneefall. Deutlich h\u00e4ufiger ist er im Nordwesten im Tramuntana-Gebirge: Dort werden in h\u00f6heren Lagen j\u00e4hrlich rund zehn bis 15 Schneetage registriert. Laut einem fr\u00fcheren Bericht der <em>Mallorca Zeitung<\/em> trat Schnee meist Ende Februar oder Anfang M\u00e4rz auf, wenn Kaltfronten besonders h\u00e4ufig \u00fcber die Insel ziehen.<\/p>\n<p>Die Dezemberwerte laut Climate-Data.org liegen \u00fcblicherweise bei zw\u00f6lf bis 14 Grad am Tag, rund 6,5 Sonnenstunden und etwa 42 Millimetern Niederschlag im Monatsmittel. Wetter2.com nennt f\u00fcr Dezember 2025 \u00e4hnliche Temperaturbereiche &#8211; zwischen zw\u00f6lf und 16 Grad &#8211; sowie drei bis acht m\u00f6gliche Regentage. Schneefall ist nicht vorgesehen. F\u00fcr die kommenden zwei Wochen werden wechselhafte Bedingungen prognostiziert: teils bew\u00f6lkt, teils Regen, an einzelnen Tagen Sonne und bis zu 18 Grad.<\/p>\n<p>Nach aktuellem Stand sind im Dezember 2025 weder Schnee noch Hagel zu erwarten. Wer milde Temperaturen sucht und mit gelegentlichen Schauern leben kann, findet auf Mallorca weiterhin ein geeignetes Winterziel.<\/p>\n<h2>Entspannung zum Monatsbeginn<\/h2>\n<p>Zum Wochenende hin k\u00fcndigt sich nun ein weiterer Wetterwechsel an. Laut Aemet soll am Sonntag eine Kaltfront vom Festland auf die Balearen treffen. Wie Sprecher Miquel Gili am Freitag erkl\u00e4rte, werden bereits am Vormittag dichte Wolken und erste Regenf\u00e4lle erwartet.<\/p>\n<p>Die Niederschl\u00e4ge stehen im Zusammenhang mit einer zunehmenden \u201eInstabilit\u00e4t\u201c, die sich von der iberischen Halbinsel her ausbreitet. Langanhaltender Regen wird jedoch nicht erwartet. Zwar k\u00f6nnten einzelne Schauer kr\u00e4ftig ausfallen, das Tief ziehe aber rasch weiter. Mit dem Regen ver\u00e4ndern sich auch die Temperaturen: Die n\u00e4chtlichen Tiefstwerte steigen leicht, die Tagesh\u00f6chstwerte gehen etwas zur\u00fcck. Zudem dreht der Wind im Laufe des Vormittags von S\u00fcdwest auf Nord.<\/p>\n<p>Zum Monatsbeginn am Montag bleibt das Wetter wechselhaft. Vor allem am Vormittag sind weitere Regenf\u00e4lle m\u00f6glich. Der Wind weht zun\u00e4chst m\u00e4\u00dfig aus n\u00f6rdlicher Richtung und dreht sp\u00e4ter auf West.<\/p>\n<\/p><\/div>\n<p><a href=\"https:\/\/de.euronews.com\/2025\/11\/29\/unwetter-mallorca\">Source link <\/a><\/p>","protected":false},"excerpt":{"rendered":"<p>Zuerst ver\u00f6ffentlicht am 29\/11\/2025 &#8211; 11:14 MEZ In der vergangenen Woche zeigten sich die Urlaubsinseln Mallorca und Menorca von einer Seite, an die man beim Gedanken an mediterrane W\u00e4rme und Strandurlaub kaum zuerst denkt: Heftige Hagelschauer, Sturm und ungew\u00f6hnlich tiefe Temperaturen. Zu Beginn der Woche verwandelte dichter Hagel in der Nacht zum Mittwoch Teile des [&hellip;]<\/p>\n","protected":false},"author":1,"featured_media":74193,"comment_status":"","ping_status":"","sticky":false,"template":"","format":"standard","meta":{"googlesitekit_rrm_CAow2JLhCw:productID":"","_gspb_post_css":"","maa_idioma":"","maa_pais":"","footnotes":""},"categories":[4],"tags":[7001,7391,7389,7390,7388,7386,7387,7393,7392],"class_list":["post-74192","post","type-post","status-publish","format-standard","has-post-thumbnail","hentry","category-brasil","tag-ein","tag-guter","tag-ist","tag-mallorca","tag-palmen","tag-schnee","tag-unter","tag-winter","tag-zufluchtsort"],"blocksy_meta":[],"yoast_head":"<!-- This site is optimized with the Yoast SEO Premium plugin v27.6 (Yoast SEO v27.6) - https:\/\/yoast.com\/product\/yoast-seo-premium-wordpress\/ -->\n<title>Schnee unter Palmen: Ist Mallorca ein guter Zufluchtsort im Winter? - Ubirat\u00e3 Online Not\u00edcias - A realidade ao seu alcance!<\/title>\n<meta name=\"description\" content=\"Zuerst ver\u00f6ffentlicht am 29\/11\/2025 - 11:14 MEZ In der vergangenen Woche zeigten sich die Urlaubsinseln Mallorca und Menorca von einer Seite, an die man\" \/>\n<meta name=\"robots\" content=\"index, follow, max-snippet:-1, max-image-preview:large, max-video-preview:-1\" \/>\n<link rel=\"canonical\" href=\"https:\/\/ubirataonline.com.br\/en\/schnee-unter-palmen-ist-mallorca-ein-guter-zufluchtsort-im-winter\/\" \/>\n<meta property=\"og:locale\" content=\"en_US\" \/>\n<meta property=\"og:type\" content=\"article\" \/>\n<meta property=\"og:title\" content=\"Schnee unter Palmen: Ist Mallorca ein guter Zufluchtsort im Winter?\" \/>\n<meta property=\"og:description\" content=\"Zuerst ver\u00f6ffentlicht am 29\/11\/2025 - 11:14 MEZ In der vergangenen Woche zeigten sich die Urlaubsinseln Mallorca und Menorca von einer Seite, an die man\" \/>\n<meta property=\"og:url\" content=\"https:\/\/ubirataonline.com.br\/en\/schnee-unter-palmen-ist-mallorca-ein-guter-zufluchtsort-im-winter\/\" \/>\n<meta property=\"og:site_name\" content=\"Ubirat\u00e3 Online Not\u00edcias - A realidade ao seu alcance!\" \/>\n<meta property=\"article:publisher\" content=\"https:\/\/www.facebook.com\/portalubirataonline\" \/>\n<meta property=\"article:author\" content=\"https:\/\/www.facebook.com\/portalubirataonline\" \/>\n<meta property=\"article:published_time\" content=\"2025-11-29T11:45:45+00:00\" \/>\n<meta property=\"og:image\" content=\"https:\/\/ubirataonline.com.br\/wp-content\/uploads\/2026\/05\/logo2026.webp\" \/>\n\t<meta property=\"og:image:width\" content=\"1531\" \/>\n\t<meta property=\"og:image:height\" content=\"418\" \/>\n\t<meta property=\"og:image:type\" content=\"image\/webp\" \/>\n<meta name=\"author\" content=\"REDA\u00c7\u00c3O: UBIRAT\u00c3 ONLINE - F\u00c1BIO AUGUSTO CELESTINO\" \/>\n<meta name=\"twitter:card\" content=\"summary_large_image\" \/>\n<meta name=\"twitter:creator\" content=\"@x.com\/ubirataonline\" \/>\n<meta name=\"twitter:site\" content=\"@ubirataonline\" \/>\n<meta name=\"twitter:label1\" content=\"Written by\" \/>\n\t<meta name=\"twitter:data1\" content=\"REDA\u00c7\u00c3O: UBIRAT\u00c3 ONLINE - F\u00c1BIO AUGUSTO CELESTINO\" \/>\n\t<meta name=\"twitter:label2\" content=\"Est. reading time\" \/>\n\t<meta name=\"twitter:data2\" content=\"4 minutes\" \/>\n<script type=\"application\/ld+json\" class=\"yoast-schema-graph\">{\"@context\":\"https:\\\/\\\/schema.org\",\"@graph\":[{\"@type\":\"NewsArticle\",\"@id\":\"https:\\\/\\\/ubirataonline.com.br\\\/schnee-unter-palmen-ist-mallorca-ein-guter-zufluchtsort-im-winter\\\/#article\",\"isPartOf\":{\"@id\":\"https:\\\/\\\/ubirataonline.com.br\\\/schnee-unter-palmen-ist-mallorca-ein-guter-zufluchtsort-im-winter\\\/\"},\"author\":{\"name\":\"REDA\u00c7\u00c3O: UBIRAT\u00c3 ONLINE - F\u00c1BIO AUGUSTO CELESTINO\",\"@id\":\"https:\\\/\\\/ubirataonline.com.br\\\/#\\\/schema\\\/person\\\/372f87bbd3fdd79b8556b84c98d0bc1c\"},\"headline\":\"Schnee unter Palmen: Ist Mallorca ein guter Zufluchtsort im Winter?\",\"datePublished\":\"2025-11-29T11:45:45+00:00\",\"mainEntityOfPage\":{\"@id\":\"https:\\\/\\\/ubirataonline.com.br\\\/schnee-unter-palmen-ist-mallorca-ein-guter-zufluchtsort-im-winter\\\/\"},\"wordCount\":744,\"publisher\":{\"@id\":\"https:\\\/\\\/ubirataonline.com.br\\\/#organization\"},\"image\":{\"@id\":\"https:\\\/\\\/ubirataonline.com.br\\\/schnee-unter-palmen-ist-mallorca-ein-guter-zufluchtsort-im-winter\\\/#primaryimage\"},\"thumbnailUrl\":\"https:\\\/\\\/ubirataonline.com.br\\\/wp-content\\\/uploads\\\/2025\\\/11\\\/1200x675_cmsv2_9557b76f-a0a1-589c-a68a-c2ee9a9783b1-9565985.jpg\",\"keywords\":[\"Ein\",\"guter\",\"Ist\",\"Mallorca\",\"Palmen\",\"Schnee\",\"unter\",\"Winter\",\"Zufluchtsort\"],\"articleSection\":[\"Brasil\"],\"inLanguage\":\"en-US\",\"copyrightYear\":\"2025\",\"copyrightHolder\":{\"@id\":\"https:\\\/\\\/ubirataonline.com.br\\\/en\\\/#organization\"}},{\"@type\":\"WebPage\",\"@id\":\"https:\\\/\\\/ubirataonline.com.br\\\/schnee-unter-palmen-ist-mallorca-ein-guter-zufluchtsort-im-winter\\\/\",\"url\":\"https:\\\/\\\/ubirataonline.com.br\\\/schnee-unter-palmen-ist-mallorca-ein-guter-zufluchtsort-im-winter\\\/\",\"name\":\"Schnee unter Palmen: Ist Mallorca ein guter Zufluchtsort im Winter? - Ubirat\u00e3 Online Not\u00edcias - A realidade ao seu alcance!\",\"isPartOf\":{\"@id\":\"https:\\\/\\\/ubirataonline.com.br\\\/#website\"},\"primaryImageOfPage\":{\"@id\":\"https:\\\/\\\/ubirataonline.com.br\\\/schnee-unter-palmen-ist-mallorca-ein-guter-zufluchtsort-im-winter\\\/#primaryimage\"},\"image\":{\"@id\":\"https:\\\/\\\/ubirataonline.com.br\\\/schnee-unter-palmen-ist-mallorca-ein-guter-zufluchtsort-im-winter\\\/#primaryimage\"},\"thumbnailUrl\":\"https:\\\/\\\/ubirataonline.com.br\\\/wp-content\\\/uploads\\\/2025\\\/11\\\/1200x675_cmsv2_9557b76f-a0a1-589c-a68a-c2ee9a9783b1-9565985.jpg\",\"datePublished\":\"2025-11-29T11:45:45+00:00\",\"description\":\"Zuerst ver\u00f6ffentlicht am 29\\\/11\\\/2025 - 11:14 MEZ In der vergangenen Woche zeigten sich die Urlaubsinseln Mallorca und Menorca von einer Seite, an die man\",\"breadcrumb\":{\"@id\":\"https:\\\/\\\/ubirataonline.com.br\\\/schnee-unter-palmen-ist-mallorca-ein-guter-zufluchtsort-im-winter\\\/#breadcrumb\"},\"inLanguage\":\"en-US\",\"potentialAction\":[{\"@type\":\"ReadAction\",\"target\":[\"https:\\\/\\\/ubirataonline.com.br\\\/schnee-unter-palmen-ist-mallorca-ein-guter-zufluchtsort-im-winter\\\/\"]}]},{\"@type\":\"ImageObject\",\"inLanguage\":\"en-US\",\"@id\":\"https:\\\/\\\/ubirataonline.com.br\\\/schnee-unter-palmen-ist-mallorca-ein-guter-zufluchtsort-im-winter\\\/#primaryimage\",\"url\":\"https:\\\/\\\/ubirataonline.com.br\\\/wp-content\\\/uploads\\\/2025\\\/11\\\/1200x675_cmsv2_9557b76f-a0a1-589c-a68a-c2ee9a9783b1-9565985.jpg\",\"contentUrl\":\"https:\\\/\\\/ubirataonline.com.br\\\/wp-content\\\/uploads\\\/2025\\\/11\\\/1200x675_cmsv2_9557b76f-a0a1-589c-a68a-c2ee9a9783b1-9565985.jpg\",\"width\":1200,\"height\":675},{\"@type\":\"BreadcrumbList\",\"@id\":\"https:\\\/\\\/ubirataonline.com.br\\\/schnee-unter-palmen-ist-mallorca-ein-guter-zufluchtsort-im-winter\\\/#breadcrumb\",\"itemListElement\":[{\"@type\":\"ListItem\",\"position\":1,\"name\":\"In\u00edcio\",\"item\":\"https:\\\/\\\/ubirataonline.com.br\\\/\"},{\"@type\":\"ListItem\",\"position\":2,\"name\":\"Schnee unter Palmen: Ist Mallorca ein guter Zufluchtsort im Winter?\"}]},{\"@type\":\"WebSite\",\"@id\":\"https:\\\/\\\/ubirataonline.com.br\\\/#website\",\"url\":\"https:\\\/\\\/ubirataonline.com.br\\\/\",\"name\":\"Ubirat\u00e3 Online Not\u00edcias\",\"description\":\"Not\u00edcias de Ubirat\u00e3, regi\u00e3o, Brasil e mundo, com informa\u00e7\u00e3o atualizada e compromisso com o leitor.\",\"publisher\":{\"@id\":\"https:\\\/\\\/ubirataonline.com.br\\\/#organization\"},\"alternateName\":\"Ubirat\u00e3 Online\",\"potentialAction\":[{\"@type\":\"SearchAction\",\"target\":{\"@type\":\"EntryPoint\",\"urlTemplate\":\"https:\\\/\\\/ubirataonline.com.br\\\/?s={search_term_string}\"},\"query-input\":{\"@type\":\"PropertyValueSpecification\",\"valueRequired\":true,\"valueName\":\"search_term_string\"}}],\"inLanguage\":\"en-US\"},{\"@type\":[\"Organization\",\"Place\"],\"@id\":\"https:\\\/\\\/ubirataonline.com.br\\\/#organization\",\"name\":\"Ubirat\u00e3 Online Not\u00edcias\",\"alternateName\":\"Ubirat\u00e3 Online\",\"url\":\"https:\\\/\\\/ubirataonline.com.br\\\/\",\"logo\":{\"@id\":\"https:\\\/\\\/ubirataonline.com.br\\\/schnee-unter-palmen-ist-mallorca-ein-guter-zufluchtsort-im-winter\\\/#local-main-organization-logo\"},\"image\":{\"@id\":\"https:\\\/\\\/ubirataonline.com.br\\\/schnee-unter-palmen-ist-mallorca-ein-guter-zufluchtsort-im-winter\\\/#local-main-organization-logo\"},\"sameAs\":[\"https:\\\/\\\/www.facebook.com\\\/portalubirataonline\",\"https:\\\/\\\/x.com\\\/ubirataonline\",\"https:\\\/\\\/mastodon.social\\\/@ubirataonline\",\"https:\\\/\\\/www.facebook.com\\\/groups\\\/311144672285604\",\"https:\\\/\\\/www.facebook.com\\\/UBTAOnline\",\"https:\\\/\\\/www.instagram.com\\\/portalubirataonline\\\/\",\"https:\\\/\\\/twitter.com\\\/ubirataonline\"],\"description\":\"Somos um portal de not\u00edcias independente, criado em 5 de janeiro de 2009, com o objetivo de informar, conectar e valorizar a nossa comunidade de Ubirat\u00e3 e toda aregi\u00e3o. Com conte\u00fado atualizado, confi\u00e1vel e relevante, o Ubirat\u00e3 Online \u00e9 o seu espa\u00e7o para ficar por dentro dos principais acontecimentos locais, regionais, Brasil, Mundo e de interesse geral. Nosso compromisso \u00e9 com a verdade, a transpar\u00eancia e o respeito ao leitor.\",\"legalName\":\"UBIRATA ONLINE NOT\u00cdCIAS\",\"foundingDate\":\"2009-01-05\",\"numberOfEmployees\":{\"@type\":\"QuantitativeValue\",\"minValue\":\"1\",\"maxValue\":\"10\"},\"publishingPrinciples\":\"https:\\\/\\\/ubirataonline.com.br\\\/faq\\\/\",\"address\":{\"@id\":\"https:\\\/\\\/ubirataonline.com.br\\\/schnee-unter-palmen-ist-mallorca-ein-guter-zufluchtsort-im-winter\\\/#local-main-place-address\"},\"geo\":{\"@type\":\"GeoCoordinates\",\"latitude\":\"-24.5361401\",\"longitude\":\"-52.9921776\"},\"telephone\":[\"+5544998308235\"],\"contactPoint\":{\"@type\":\"ContactPoint\",\"email\":\"contato@ubirataonline.com.br\"},\"openingHoursSpecification\":{\"@type\":\"OpeningHoursSpecification\",\"dayOfWeek\":[\"Monday\",\"Tuesday\",\"Wednesday\",\"Thursday\",\"Friday\",\"Saturday\",\"Sunday\"],\"opens\":\"00:00\",\"closes\":\"23:59\"},\"email\":\"contato@ubirataonline.com.br\",\"vatID\":\"47.621.418\\\/0001-80\"},{\"@type\":\"Person\",\"@id\":\"https:\\\/\\\/ubirataonline.com.br\\\/#\\\/schema\\\/person\\\/372f87bbd3fdd79b8556b84c98d0bc1c\",\"name\":\"REDA\u00c7\u00c3O: UBIRAT\u00c3 ONLINE - F\u00c1BIO AUGUSTO CELESTINO\",\"pronouns\":\"Ele\",\"description\":\"Desde 2003 trabalhando com not\u00edcias.\",\"sameAs\":[\"http:\\\/\\\/ubirataoline.com.br\",\"https:\\\/\\\/www.facebook.com\\\/portalubirataonline\",\"https:\\\/\\\/www.instagram.com\\\/ubirataonline_oficial\",\"https:\\\/\\\/x.com\\\/x.com\\\/ubirataonline\"],\"honorificPrefix\":\"Mr.\",\"honorificSuffix\":\"MD\",\"birthDate\":\"1980-06-16\",\"gender\":\"masculino\",\"award\":[\"V\u00e1rios pr\u00eamios de melhor portal da cidade\"],\"jobTitle\":\"Diretor\",\"url\":\"https:\\\/\\\/ubirataonline.com.br\\\/en\\\/author\\\/ubirataonline\\\/\"},{\"@type\":\"PostalAddress\",\"@id\":\"https:\\\/\\\/ubirataonline.com.br\\\/schnee-unter-palmen-ist-mallorca-ein-guter-zufluchtsort-im-winter\\\/#local-main-place-address\",\"streetAddress\":\"Rua dos Coqueiros, 104 - Bairro Boa Vista, Rua dos Coqueiros, 104 Bairro Boa Vista\",\"addressLocality\":\"UBIRATA\",\"postalCode\":\"85440-000\",\"addressRegion\":\"PR\",\"addressCountry\":\"BR\"},{\"@type\":\"ImageObject\",\"inLanguage\":\"en-US\",\"@id\":\"https:\\\/\\\/ubirataonline.com.br\\\/schnee-unter-palmen-ist-mallorca-ein-guter-zufluchtsort-im-winter\\\/#local-main-organization-logo\",\"url\":\"https:\\\/\\\/ubirataonline.com.br\\\/wp-content\\\/uploads\\\/2026\\\/06\\\/logoubirataonline-1.webp\",\"contentUrl\":\"https:\\\/\\\/ubirataonline.com.br\\\/wp-content\\\/uploads\\\/2026\\\/06\\\/logoubirataonline-1.webp\",\"width\":500,\"height\":500,\"caption\":\"Ubirat\u00e3 Online Not\u00edcias\"}]}<\/script>\n<meta name=\"geo.placename\" content=\"UBIRATA\" \/>\n<meta name=\"geo.position\" content=\"-24.5361401;-52.9921776\" \/>\n<meta name=\"geo.region\" content=\"Brazil\" \/>\n<!-- \/ Yoast SEO Premium plugin. -->","yoast_head_json":{"title":"Schnee unter Palmen: Ist Mallorca ein guter Zufluchtsort im Winter? - Ubirat\u00e3 Online Not\u00edcias - A realidade ao seu alcance!","description":"Zuerst ver\u00f6ffentlicht am 29\/11\/2025 - 11:14 MEZ In der vergangenen Woche zeigten sich die Urlaubsinseln Mallorca und Menorca von einer Seite, an die man","robots":{"index":"index","follow":"follow","max-snippet":"max-snippet:-1","max-image-preview":"max-image-preview:large","max-video-preview":"max-video-preview:-1"},"canonical":"https:\/\/ubirataonline.com.br\/en\/schnee-unter-palmen-ist-mallorca-ein-guter-zufluchtsort-im-winter\/","og_locale":"en_US","og_type":"article","og_title":"Schnee unter Palmen: Ist Mallorca ein guter Zufluchtsort im Winter?","og_description":"Zuerst ver\u00f6ffentlicht am 29\/11\/2025 - 11:14 MEZ In der vergangenen Woche zeigten sich die Urlaubsinseln Mallorca und Menorca von einer Seite, an die man","og_url":"https:\/\/ubirataonline.com.br\/en\/schnee-unter-palmen-ist-mallorca-ein-guter-zufluchtsort-im-winter\/","og_site_name":"Ubirat\u00e3 Online Not\u00edcias - A realidade ao seu alcance!","article_publisher":"https:\/\/www.facebook.com\/portalubirataonline","article_author":"https:\/\/www.facebook.com\/portalubirataonline","article_published_time":"2025-11-29T11:45:45+00:00","og_image":[{"width":1531,"height":418,"url":"https:\/\/ubirataonline.com.br\/wp-content\/uploads\/2026\/05\/logo2026.webp","type":"image\/webp"}],"author":"REDA\u00c7\u00c3O: UBIRAT\u00c3 ONLINE - F\u00c1BIO AUGUSTO CELESTINO","twitter_card":"summary_large_image","twitter_creator":"@x.com\/ubirataonline","twitter_site":"@ubirataonline","twitter_misc":{"Written by":"REDA\u00c7\u00c3O: UBIRAT\u00c3 ONLINE - F\u00c1BIO AUGUSTO CELESTINO","Est. reading time":"4 minutes"},"schema":{"@context":"https:\/\/schema.org","@graph":[{"@type":"NewsArticle","@id":"https:\/\/ubirataonline.com.br\/schnee-unter-palmen-ist-mallorca-ein-guter-zufluchtsort-im-winter\/#article","isPartOf":{"@id":"https:\/\/ubirataonline.com.br\/schnee-unter-palmen-ist-mallorca-ein-guter-zufluchtsort-im-winter\/"},"author":{"name":"REDA\u00c7\u00c3O: UBIRAT\u00c3 ONLINE - F\u00c1BIO AUGUSTO CELESTINO","@id":"https:\/\/ubirataonline.com.br\/#\/schema\/person\/372f87bbd3fdd79b8556b84c98d0bc1c"},"headline":"Schnee unter Palmen: Ist Mallorca ein guter Zufluchtsort im Winter?","datePublished":"2025-11-29T11:45:45+00:00","mainEntityOfPage":{"@id":"https:\/\/ubirataonline.com.br\/schnee-unter-palmen-ist-mallorca-ein-guter-zufluchtsort-im-winter\/"},"wordCount":744,"publisher":{"@id":"https:\/\/ubirataonline.com.br\/#organization"},"image":{"@id":"https:\/\/ubirataonline.com.br\/schnee-unter-palmen-ist-mallorca-ein-guter-zufluchtsort-im-winter\/#primaryimage"},"thumbnailUrl":"https:\/\/ubirataonline.com.br\/wp-content\/uploads\/2025\/11\/1200x675_cmsv2_9557b76f-a0a1-589c-a68a-c2ee9a9783b1-9565985.jpg","keywords":["Ein","guter","Ist","Mallorca","Palmen","Schnee","unter","Winter","Zufluchtsort"],"articleSection":["Brasil"],"inLanguage":"en-US","copyrightYear":"2025","copyrightHolder":{"@id":"https:\/\/ubirataonline.com.br\/en\/#organization"}},{"@type":"WebPage","@id":"https:\/\/ubirataonline.com.br\/schnee-unter-palmen-ist-mallorca-ein-guter-zufluchtsort-im-winter\/","url":"https:\/\/ubirataonline.com.br\/schnee-unter-palmen-ist-mallorca-ein-guter-zufluchtsort-im-winter\/","name":"Schnee unter Palmen: Ist Mallorca ein guter Zufluchtsort im Winter? - Ubirat\u00e3 Online Not\u00edcias - A realidade ao seu alcance!","isPartOf":{"@id":"https:\/\/ubirataonline.com.br\/#website"},"primaryImageOfPage":{"@id":"https:\/\/ubirataonline.com.br\/schnee-unter-palmen-ist-mallorca-ein-guter-zufluchtsort-im-winter\/#primaryimage"},"image":{"@id":"https:\/\/ubirataonline.com.br\/schnee-unter-palmen-ist-mallorca-ein-guter-zufluchtsort-im-winter\/#primaryimage"},"thumbnailUrl":"https:\/\/ubirataonline.com.br\/wp-content\/uploads\/2025\/11\/1200x675_cmsv2_9557b76f-a0a1-589c-a68a-c2ee9a9783b1-9565985.jpg","datePublished":"2025-11-29T11:45:45+00:00","description":"Zuerst ver\u00f6ffentlicht am 29\/11\/2025 - 11:14 MEZ In der vergangenen Woche zeigten sich die Urlaubsinseln Mallorca und Menorca von einer Seite, an die man","breadcrumb":{"@id":"https:\/\/ubirataonline.com.br\/schnee-unter-palmen-ist-mallorca-ein-guter-zufluchtsort-im-winter\/#breadcrumb"},"inLanguage":"en-US","potentialAction":[{"@type":"ReadAction","target":["https:\/\/ubirataonline.com.br\/schnee-unter-palmen-ist-mallorca-ein-guter-zufluchtsort-im-winter\/"]}]},{"@type":"ImageObject","inLanguage":"en-US","@id":"https:\/\/ubirataonline.com.br\/schnee-unter-palmen-ist-mallorca-ein-guter-zufluchtsort-im-winter\/#primaryimage","url":"https:\/\/ubirataonline.com.br\/wp-content\/uploads\/2025\/11\/1200x675_cmsv2_9557b76f-a0a1-589c-a68a-c2ee9a9783b1-9565985.jpg","contentUrl":"https:\/\/ubirataonline.com.br\/wp-content\/uploads\/2025\/11\/1200x675_cmsv2_9557b76f-a0a1-589c-a68a-c2ee9a9783b1-9565985.jpg","width":1200,"height":675},{"@type":"BreadcrumbList","@id":"https:\/\/ubirataonline.com.br\/schnee-unter-palmen-ist-mallorca-ein-guter-zufluchtsort-im-winter\/#breadcrumb","itemListElement":[{"@type":"ListItem","position":1,"name":"In\u00edcio","item":"https:\/\/ubirataonline.com.br\/"},{"@type":"ListItem","position":2,"name":"Schnee unter Palmen: Ist Mallorca ein guter Zufluchtsort im Winter?"}]},{"@type":"WebSite","@id":"https:\/\/ubirataonline.com.br\/#website","url":"https:\/\/ubirataonline.com.br\/","name":"Ubirat\u00e3 Online Not\u00edcias","description":"Not\u00edcias de Ubirat\u00e3, regi\u00e3o, Brasil e mundo, com informa\u00e7\u00e3o atualizada e compromisso com o leitor.","publisher":{"@id":"https:\/\/ubirataonline.com.br\/#organization"},"alternateName":"Ubirat\u00e3 Online","potentialAction":[{"@type":"SearchAction","target":{"@type":"EntryPoint","urlTemplate":"https:\/\/ubirataonline.com.br\/?s={search_term_string}"},"query-input":{"@type":"PropertyValueSpecification","valueRequired":true,"valueName":"search_term_string"}}],"inLanguage":"en-US"},{"@type":["Organization","Place"],"@id":"https:\/\/ubirataonline.com.br\/#organization","name":"Ubirat\u00e3 Online Not\u00edcias","alternateName":"Ubirat\u00e3 Online","url":"https:\/\/ubirataonline.com.br\/","logo":{"@id":"https:\/\/ubirataonline.com.br\/schnee-unter-palmen-ist-mallorca-ein-guter-zufluchtsort-im-winter\/#local-main-organization-logo"},"image":{"@id":"https:\/\/ubirataonline.com.br\/schnee-unter-palmen-ist-mallorca-ein-guter-zufluchtsort-im-winter\/#local-main-organization-logo"},"sameAs":["https:\/\/www.facebook.com\/portalubirataonline","https:\/\/x.com\/ubirataonline","https:\/\/mastodon.social\/@ubirataonline","https:\/\/www.facebook.com\/groups\/311144672285604","https:\/\/www.facebook.com\/UBTAOnline","https:\/\/www.instagram.com\/portalubirataonline\/","https:\/\/twitter.com\/ubirataonline"],"description":"Somos um portal de not\u00edcias independente, criado em 5 de janeiro de 2009, com o objetivo de informar, conectar e valorizar a nossa comunidade de Ubirat\u00e3 e toda aregi\u00e3o. Com conte\u00fado atualizado, confi\u00e1vel e relevante, o Ubirat\u00e3 Online \u00e9 o seu espa\u00e7o para ficar por dentro dos principais acontecimentos locais, regionais, Brasil, Mundo e de interesse geral. Nosso compromisso \u00e9 com a verdade, a transpar\u00eancia e o respeito ao leitor.","legalName":"UBIRATA ONLINE NOT\u00cdCIAS","foundingDate":"2009-01-05","numberOfEmployees":{"@type":"QuantitativeValue","minValue":"1","maxValue":"10"},"publishingPrinciples":"https:\/\/ubirataonline.com.br\/faq\/","address":{"@id":"https:\/\/ubirataonline.com.br\/schnee-unter-palmen-ist-mallorca-ein-guter-zufluchtsort-im-winter\/#local-main-place-address"},"geo":{"@type":"GeoCoordinates","latitude":"-24.5361401","longitude":"-52.9921776"},"telephone":["+5544998308235"],"contactPoint":{"@type":"ContactPoint","email":"contato@ubirataonline.com.br"},"openingHoursSpecification":{"@type":"OpeningHoursSpecification","dayOfWeek":["Monday","Tuesday","Wednesday","Thursday","Friday","Saturday","Sunday"],"opens":"00:00","closes":"23:59"},"email":"contato@ubirataonline.com.br","vatID":"47.621.418\/0001-80"},{"@type":"Person","@id":"https:\/\/ubirataonline.com.br\/#\/schema\/person\/372f87bbd3fdd79b8556b84c98d0bc1c","name":"REDA\u00c7\u00c3O: UBIRAT\u00c3 ONLINE - F\u00c1BIO AUGUSTO CELESTINO","pronouns":"Ele","description":"Desde 2003 trabalhando com not\u00edcias.","sameAs":["http:\/\/ubirataoline.com.br","https:\/\/www.facebook.com\/portalubirataonline","https:\/\/www.instagram.com\/ubirataonline_oficial","https:\/\/x.com\/x.com\/ubirataonline"],"honorificPrefix":"Mr.","honorificSuffix":"MD","birthDate":"1980-06-16","gender":"masculino","award":["V\u00e1rios pr\u00eamios de melhor portal da cidade"],"jobTitle":"Diretor","url":"https:\/\/ubirataonline.com.br\/en\/author\/ubirataonline\/"},{"@type":"PostalAddress","@id":"https:\/\/ubirataonline.com.br\/schnee-unter-palmen-ist-mallorca-ein-guter-zufluchtsort-im-winter\/#local-main-place-address","streetAddress":"Rua dos Coqueiros, 104 - Bairro Boa Vista, Rua dos Coqueiros, 104 Bairro Boa Vista","addressLocality":"UBIRATA","postalCode":"85440-000","addressRegion":"PR","addressCountry":"BR"},{"@type":"ImageObject","inLanguage":"en-US","@id":"https:\/\/ubirataonline.com.br\/schnee-unter-palmen-ist-mallorca-ein-guter-zufluchtsort-im-winter\/#local-main-organization-logo","url":"https:\/\/ubirataonline.com.br\/wp-content\/uploads\/2026\/06\/logoubirataonline-1.webp","contentUrl":"https:\/\/ubirataonline.com.br\/wp-content\/uploads\/2026\/06\/logoubirataonline-1.webp","width":500,"height":500,"caption":"Ubirat\u00e3 Online Not\u00edcias"}]},"geo.placename":"UBIRATA","geo.position":{"lat":"-24.5361401","long":"-52.9921776"},"geo.region":"Brazil"},"_links":{"self":[{"href":"https:\/\/ubirataonline.com.br\/en\/wp-json\/wp\/v2\/posts\/74192","targetHints":{"allow":["GET"]}}],"collection":[{"href":"https:\/\/ubirataonline.com.br\/en\/wp-json\/wp\/v2\/posts"}],"about":[{"href":"https:\/\/ubirataonline.com.br\/en\/wp-json\/wp\/v2\/types\/post"}],"author":[{"embeddable":true,"href":"https:\/\/ubirataonline.com.br\/en\/wp-json\/wp\/v2\/users\/1"}],"replies":[{"embeddable":true,"href":"https:\/\/ubirataonline.com.br\/en\/wp-json\/wp\/v2\/comments?post=74192"}],"version-history":[{"count":0,"href":"https:\/\/ubirataonline.com.br\/en\/wp-json\/wp\/v2\/posts\/74192\/revisions"}],"wp:featuredmedia":[{"embeddable":true,"href":"https:\/\/ubirataonline.com.br\/en\/wp-json\/wp\/v2\/media\/74193"}],"wp:attachment":[{"href":"https:\/\/ubirataonline.com.br\/en\/wp-json\/wp\/v2\/media?parent=74192"}],"wp:term":[{"taxonomy":"category","embeddable":true,"href":"https:\/\/ubirataonline.com.br\/en\/wp-json\/wp\/v2\/categories?post=74192"},{"taxonomy":"post_tag","embeddable":true,"href":"https:\/\/ubirataonline.com.br\/en\/wp-json\/wp\/v2\/tags?post=74192"}],"curies":[{"name":"wp","href":"https:\/\/api.w.org\/{rel}","templated":true}]}}