{"id":75140,"date":"2025-12-21T18:55:13","date_gmt":"2025-12-21T21:55:13","guid":{"rendered":"https:\/\/ubirataonline.com.br\/se-confirmo-el-dia-y-hora-de-la-presentacion-oficial-de-javier-rabanal-como-nuevo-dt-de-universitario\/"},"modified":"2025-12-21T18:55:13","modified_gmt":"2025-12-21T21:55:13","slug":"se-confirmo-el-dia-y-hora-de-la-presentacion-oficial-de-javier-rabanal-como-nuevo-dt-de-universitario","status":"publish","type":"post","link":"https:\/\/ubirataonline.com.br\/en\/se-confirmo-el-dia-y-hora-de-la-presentacion-oficial-de-javier-rabanal-como-nuevo-dt-de-universitario\/","title":{"rendered":"Se confirm\u00f3 el d\u00eda y hora de la presentaci\u00f3n oficial de Javier Rabanal como nuevo DT de Universitario"},"content":{"rendered":"<p><\/p>\n<div data-testid=\"article_body\" id=\"article-body-185669\">\n<p data-testid=\"paragraph\" class=\"mb-[20px] md:mb-[30px] break-word\">Se acab\u00f3 el misterio y finalmente <strong><a href=\"https:\/\/bolavip.com\/pe\/tema\/javier-rabanal\" target=\"_blank\" rel=\"noreferrer noopener\" class=\"break-word font-articleLinkText text-articleLinkText hover:text-articleLinkTextHover hover:bg-articleLinkTextHoverBg cursor-pointer border-solid border-b-articleLinkTextHover\">Javier Rabanal<\/a><\/strong> ser\u00e1 oficializado en las pr\u00f3ximas horas como nuevo entrenador de <strong><a href=\"https:\/\/bolavip.com\/pe\/universitario\" target=\"_blank\" rel=\"noreferrer noopener\" class=\"break-word font-articleLinkText text-articleLinkText hover:text-articleLinkTextHover hover:bg-articleLinkTextHoverBg cursor-pointer border-solid border-b-articleLinkTextHover\">Universitario de Deportes<\/a><\/strong>. Luego de varios rumores en cuanto a los candidatos que sonaron para reemplazar a <strong><a href=\"https:\/\/bolavip.com\/pe\/tema\/jorge-fossati\" target=\"_blank\" rel=\"noreferrer noopener\" class=\"break-word font-articleLinkText text-articleLinkText hover:text-articleLinkTextHover hover:bg-articleLinkTextHoverBg cursor-pointer border-solid border-b-articleLinkTextHover\">Jorge Fossati <\/a><\/strong>de cara a la temporada 2026, ahora mismo ya se pudo conocer incluso cu\u00e1ndo y a qu\u00e9 hora ser\u00e1 la presentaci\u00f3n del estratega espa\u00f1ol.<\/p>\n<p data-testid=\"paragraph\" class=\"mb-[20px] md:mb-[30px] break-word\">Proveniente de <strong><a href=\"https:\/\/bolavip.com\/pe\/tema\/independiente-del-valle\" target=\"_blank\" rel=\"noreferrer noopener\" class=\"break-word font-articleLinkText text-articleLinkText hover:text-articleLinkTextHover hover:bg-articleLinkTextHoverBg cursor-pointer border-solid border-b-articleLinkTextHover\">Independiente del Valle<\/a><\/strong>, siendo por cierto campe\u00f3n de la <strong>LigaPro 2025<\/strong> y liderando un proyecto deportivo integral que claramente tambi\u00e9n tendr\u00e1 como objetivo al mando de <strong>Universitario de Deportes<\/strong>, el futuro cercano de Javier Rabanal fue expuesto. Seg\u00fan el comunicador deportivo <strong>Gustavo Peralta<\/strong>, a inicios de la pr\u00f3xima semana se dar\u00e1 su llegada a la capital peruana. <\/p>\n<p data-testid=\"paragraph\" class=\"mb-[20px] md:mb-[30px] break-word\">\u201c<strong>Javier Rabanal<\/strong> llega a Lima el lunes a las 2:45 pm y ese mismo d\u00eda lo presentan\u201d; fue la m\u00e1s reciente revelaci\u00f3n del periodista peruano a trav\u00e9s de su cuenta oficial de \u2018X\u2019 y con lo cual podemos entender que las decisiones est\u00e1n tomadas en la directiva de <strong>Universitario de Deportes<\/strong>. Quieren dar un salto muy importante de calidad y pretenden hacerlo con la metodolog\u00eda de trabajo del DT espa\u00f1ol.<\/p>\n<div data-testid=\"image-embed\" class=\"max-w-[550px] block relative mx-auto mb-[20px] md:mb-[30px]\"><img decoding=\"async\" src=\"https:\/\/ds-images.bolavip.com\/news\/image?src=https:\/\/images.bolavip.com\/webp\/pe\/full\/BPE_20251220_BPE_185669_image-154_c16df9c7.webp&amp;width=683&amp;height=271\" width=\"683\" height=\"271\" alt=\"Fuente: @Gustavo_p4\" class=\"h-auto\" loading=\"lazy\"\/><\/p>\n<p class=\"text-center mt-5 text-[14px] leading-[20px] font-normal\">Fuente: @Gustavo_p4<\/p>\n<\/div>\n<div data-testid=\"image-embed\" class=\"max-w-[550px] block relative mx-auto mb-[20px] md:mb-[30px]\"><img decoding=\"async\" src=\"https:\/\/ds-images.bolavip.com\/news\/image?src=https:\/\/images.bolavip.com\/webp\/pe\/full\/BPE_20251220_BPE_185669_image-155_e57a879d.webp&amp;width=692&amp;height=662\" width=\"692\" height=\"662\" alt=\"Fuente: @ColectivoWORLD\" class=\"h-auto\" loading=\"lazy\"\/><\/p>\n<p class=\"text-center mt-5 text-[14px] leading-[20px] font-normal\">Fuente: @ColectivoWORLD<\/p>\n<\/div>\n<h2 class=\"mb-[20px] md:mb-[30px] break-word text-articleHeading2Mobile md:text-articleHeading2\">Las opiniones que generan en el pa\u00eds la llegada de Javier Rabanal a Universitario<\/h2>\n<p data-testid=\"paragraph\" class=\"mb-[20px] md:mb-[30px] break-word\">No es ninguna novedad que la intenci\u00f3n de <strong>Universitario de Deportes<\/strong> es seguir consiguiendo objetivos muy importantes a nivel local e internacional, as\u00ed que con la contrataci\u00f3n de Javier Rabanal esperan por ello y m\u00e1s. Ahora, entre las distintas opiniones que se han podido apreciar en el medio local durante los \u00faltimos d\u00edas, claramente hay posturas muy distintas que evidencian cierta disparidad.<\/p>\n<p><a title=\"Universitario vs. U. de Chile: precios y c\u00f3mo comprar entradas para la Noche Crema 2026\" href=\"https:\/\/bolavip.com\/pe\/universitario\/universitario-vs-u-de-chile-precios-y-como-comprar-entradas-para-la-noche-crema-2026\" target=\"_self\" rel=\"\" class=\"article-also-read-embed\"><\/p>\n<div class=\"flex bg-alsoRead border-solid border border-lightGray max-w-full md:max-w-[550px] mx-auto mb-[20px] md:mb-[30px]\"><img decoding=\"async\" class=\"aspect-square max-w-[100px] m-[10px] md:m-0\" src=\"https:\/\/ds-images.bolavip.com\/news\/image?src=https%3A%2F%2Fimages.bolavip.com%2Fwebp%2Fpe%2Ffull%2FBPE_20251219_BPE_185345_PORTADA-7.webp&amp;width=200&amp;height=200\" alt=\"Universitario vs. U. de Chile: precios y c\u00f3mo comprar entradas para la Noche Crema 2026\" width=\"200\" height=\"200\" loading=\"lazy\"\/><\/p>\n<div class=\"w-full md:ml-[15px] md:pr-[10px] tracking-normal\">\n<p class=\"font-secondary my-[13px] uppercase text-alsoReadSeeAlso bg-alsoReadSeeAlsoBackground alsoReadSeeAlso w-fit\">ver tambi\u00e9n<\/p>\n<p class=\"w-full line-clamp-3 md:line-clamp-2 text-alsoReadEmbedTitle font-primary alsoReadLink\">Universitario vs. U. de Chile: precios y c\u00f3mo comprar entradas para la Noche Crema 2026<\/p>\n<\/div>\n<\/div>\n<p><\/a><\/p>\n<p data-testid=\"paragraph\" class=\"mb-[20px] md:mb-[30px] break-word\">Por ejemplo, hay muchos hinchas merengues y periodistas que consideran que la llegada del entrenador espa\u00f1ol a la \u2018U\u2019 es una apuesta muy arriesgada, por decir lo menos. Y es que <strong>Independiente del Valle<\/strong> fue su primera experiencia como l\u00edder de un primer equipo, adem\u00e1s de que el equipo ecuatoriano no representar\u00eda una presi\u00f3n en sociedad como s\u00ed la genera siempre defender los colores cremas.<\/p>\n<p data-testid=\"paragraph\" class=\"mb-[20px] md:mb-[30px] break-word\">Por otro lado, tambi\u00e9n hay versiones en donde s\u00ed muestran confianza e incluso aplauden la astucia de la directiva de <strong>Universitario de Deportes<\/strong> para apostar en un proyecto comandado por <strong>Javier Rabanal<\/strong>. Sabiendo que trabaja a la par de las divisiones menores y que ofrece un crecimiento integral en los equipos, existe la predisposici\u00f3n de afrontar nuevos retos bajo un modelo no tan frecuente.<\/p>\n<h2 class=\"mb-[20px] md:mb-[30px] break-word text-articleHeading2Mobile md:text-articleHeading2\">El refuerzo que pidi\u00f3 Javier Rabanal y que pronto ser\u00e1 anunciado en Universitario<\/h2>\n<p data-testid=\"paragraph\" class=\"mb-[20px] md:mb-[30px] break-word\">Durante las \u00faltimas horas, <a href=\"https:\/\/bolavip.com\/pe\/universitario\/desde-ecuador-revelan-que-universitario-llego-a-un-acuerdo-con-9-argentino-anuncio-oficial\" target=\"_blank\" rel=\"noreferrer noopener\" class=\"break-word font-articleLinkText text-articleLinkText hover:text-articleLinkTextHover hover:bg-articleLinkTextHoverBg cursor-pointer border-solid border-b-articleLinkTextHover\">se pudo conocer que <strong>Michael Hoyos<\/strong> ser\u00e1 nuevo delantero de <strong>Universitario de Deportes<\/strong> para la temporada 2026<\/a>. El \u20189\u2019 argentino, quien tambi\u00e9n cuenta con nacionalidad ecuatoriana y estadounidense, ser\u00eda un pedido expl\u00edcito de <strong>Javier Rabanal<\/strong> e incluso se habla de que ya pos\u00f3 con la camiseta merengue y as\u00ed tener todo listo para la presentaci\u00f3n oficial.<\/p>\n<div data-testid=\"image-embed\" class=\"max-w-[550px] block relative mx-auto mb-[20px] md:mb-[30px]\"><img decoding=\"async\" src=\"https:\/\/ds-images.bolavip.com\/news\/image?src=https:\/\/images.bolavip.com\/webp\/pe\/full\/BPE_20251220_BPE_185669_image-156_3fd1306e.webp&amp;width=678&amp;height=732\" width=\"678\" height=\"732\" alt=\"Fuente: @DeporteLibre_\" class=\"h-auto\" loading=\"lazy\"\/><\/p>\n<p class=\"text-center mt-5 text-[14px] leading-[20px] font-normal\">Fuente: @DeporteLibre_<\/p>\n<\/div>\n<h2 class=\"mb-[20px] md:mb-[30px] break-word text-articleHeading2Mobile md:text-articleHeading2\">DATOS CLAVES<\/h2>\n<ul class=\"list-disc ps-10 mb-[20px] md:mb-[30px]\">\n<li class=\"break-word\"><strong>Javier Rabanal<\/strong> llegar\u00e1 a Lima el lunes 22 de diciembre y ser\u00e1 presentado como nuevo entrenador de <strong>Universitario<\/strong> a las 17:30 horas.<\/li>\n<li class=\"break-word\">El estratega espa\u00f1ol llega tras coronarse campe\u00f3n de la <strong>LigaPro 2025<\/strong> con <strong>Independiente del Valle<\/strong>.<\/li>\n<li class=\"break-word\">El delantero <strong>Michael Hoyos<\/strong> es el refuerzo pedido por el DT para la temporada 2026 en <strong>Universitario<\/strong>.<\/li>\n<\/ul>\n<\/div>\n<p><a href=\"https:\/\/bolavip.com\/pe\/universitario\/se-confirmo-el-dia-y-hora-de-la-presentacion-oficial-de-javier-rabanal-como-nuevo-dt-de-universitario\">Source link <\/a><\/p>\n","protected":false},"excerpt":{"rendered":"<p>Se acab\u00f3 el misterio y finalmente Javier Rabanal ser\u00e1 oficializado en las pr\u00f3ximas horas como nuevo entrenador de Universitario de Deportes. Luego de varios rumores en cuanto a los candidatos que sonaron para reemplazar a Jorge Fossati de cara a la temporada 2026, ahora mismo ya se pudo conocer incluso cu\u00e1ndo y a qu\u00e9 hora [&hellip;]<\/p>\n","protected":false},"author":1,"featured_media":75141,"comment_status":"","ping_status":"","sticky":false,"template":"","format":"standard","meta":{"googlesitekit_rrm_CAow2JLhCw:productID":"","_gspb_post_css":"","maa_idioma":"","maa_pais":"","footnotes":""},"categories":[4],"tags":[3564,8559,3101,8526,8561,4876,5493,8560,8562,8563],"class_list":["post-75140","post","type-post","status-publish","format-standard","has-post-thumbnail","hentry","category-brasil","tag-como","tag-confirmo","tag-dia","tag-hora","tag-javier","tag-nuevo","tag-oficial","tag-presentacion","tag-rabanal","tag-universitario"],"blocksy_meta":[],"yoast_head":"<!-- This site is optimized with the Yoast SEO Premium plugin v27.6 (Yoast SEO v27.6) - https:\/\/yoast.com\/product\/yoast-seo-premium-wordpress\/ -->\n<title>Se confirm\u00f3 el d\u00eda y hora de la presentaci\u00f3n oficial de Javier Rabanal como nuevo DT de Universitario - Ubirat\u00e3 Online Not\u00edcias - A realidade ao seu alcance!<\/title>\n<meta name=\"description\" content=\"Se acab\u00f3 el misterio y finalmente Javier Rabanal ser\u00e1 oficializado en las pr\u00f3ximas horas como nuevo entrenador de Universitario de Deportes. Luego de\" \/>\n<meta name=\"robots\" content=\"index, follow, max-snippet:-1, max-image-preview:large, max-video-preview:-1\" \/>\n<link rel=\"canonical\" href=\"https:\/\/ubirataonline.com.br\/en\/se-confirmo-el-dia-y-hora-de-la-presentacion-oficial-de-javier-rabanal-como-nuevo-dt-de-universitario\/\" \/>\n<meta property=\"og:locale\" content=\"en_US\" \/>\n<meta property=\"og:type\" content=\"article\" \/>\n<meta property=\"og:title\" content=\"Se confirm\u00f3 el d\u00eda y hora de la presentaci\u00f3n oficial de Javier Rabanal como nuevo DT de Universitario\" \/>\n<meta property=\"og:description\" content=\"Se acab\u00f3 el misterio y finalmente Javier Rabanal ser\u00e1 oficializado en las pr\u00f3ximas horas como nuevo entrenador de Universitario de Deportes. Luego de\" \/>\n<meta property=\"og:url\" content=\"https:\/\/ubirataonline.com.br\/en\/se-confirmo-el-dia-y-hora-de-la-presentacion-oficial-de-javier-rabanal-como-nuevo-dt-de-universitario\/\" \/>\n<meta property=\"og:site_name\" content=\"Ubirat\u00e3 Online Not\u00edcias - A realidade ao seu alcance!\" \/>\n<meta property=\"article:publisher\" content=\"https:\/\/www.facebook.com\/portalubirataonline\" \/>\n<meta property=\"article:author\" content=\"https:\/\/www.facebook.com\/portalubirataonline\" \/>\n<meta property=\"article:published_time\" content=\"2025-12-21T21:55:13+00:00\" \/>\n<meta property=\"og:image\" content=\"https:\/\/ds-images.bolavip.com\/news\/image?src=https:\/\/images.bolavip.com\/webp\/pe\/full\/BPE_20251220_BPE_185669_image-154_c16df9c7.webp&amp;width=683&amp;height=271\" \/>\n<meta name=\"author\" content=\"REDA\u00c7\u00c3O: UBIRAT\u00c3 ONLINE - F\u00c1BIO AUGUSTO CELESTINO\" \/>\n<meta name=\"twitter:card\" content=\"summary_large_image\" \/>\n<meta name=\"twitter:creator\" content=\"@x.com\/ubirataonline\" \/>\n<meta name=\"twitter:site\" content=\"@ubirataonline\" \/>\n<meta name=\"twitter:label1\" content=\"Written by\" \/>\n\t<meta name=\"twitter:data1\" content=\"REDA\u00c7\u00c3O: UBIRAT\u00c3 ONLINE - F\u00c1BIO AUGUSTO CELESTINO\" \/>\n\t<meta name=\"twitter:label2\" content=\"Est. reading time\" \/>\n\t<meta name=\"twitter:data2\" content=\"3 minutes\" \/>\n<script type=\"application\/ld+json\" class=\"yoast-schema-graph\">{\"@context\":\"https:\\\/\\\/schema.org\",\"@graph\":[{\"@type\":\"NewsArticle\",\"@id\":\"https:\\\/\\\/ubirataonline.com.br\\\/se-confirmo-el-dia-y-hora-de-la-presentacion-oficial-de-javier-rabanal-como-nuevo-dt-de-universitario\\\/#article\",\"isPartOf\":{\"@id\":\"https:\\\/\\\/ubirataonline.com.br\\\/se-confirmo-el-dia-y-hora-de-la-presentacion-oficial-de-javier-rabanal-como-nuevo-dt-de-universitario\\\/\"},\"author\":{\"name\":\"REDA\u00c7\u00c3O: UBIRAT\u00c3 ONLINE - F\u00c1BIO AUGUSTO CELESTINO\",\"@id\":\"https:\\\/\\\/ubirataonline.com.br\\\/#\\\/schema\\\/person\\\/372f87bbd3fdd79b8556b84c98d0bc1c\"},\"headline\":\"Se confirm\u00f3 el d\u00eda y hora de la presentaci\u00f3n oficial de Javier Rabanal como nuevo DT de Universitario\",\"datePublished\":\"2025-12-21T21:55:13+00:00\",\"mainEntityOfPage\":{\"@id\":\"https:\\\/\\\/ubirataonline.com.br\\\/se-confirmo-el-dia-y-hora-de-la-presentacion-oficial-de-javier-rabanal-como-nuevo-dt-de-universitario\\\/\"},\"wordCount\":595,\"publisher\":{\"@id\":\"https:\\\/\\\/ubirataonline.com.br\\\/#organization\"},\"image\":{\"@id\":\"https:\\\/\\\/ubirataonline.com.br\\\/se-confirmo-el-dia-y-hora-de-la-presentacion-oficial-de-javier-rabanal-como-nuevo-dt-de-universitario\\\/#primaryimage\"},\"thumbnailUrl\":\"https:\\\/\\\/ubirataonline.com.br\\\/wp-content\\\/uploads\\\/2025\\\/12\\\/BPE_20251220_BPE_185669_Diseno-sin-titulo-2025-12-19T173004.078-1.webpwidth1200height740.webp\",\"keywords\":[\"como\",\"confirm\u00f3\",\"dia\",\"Hora\",\"Javier\",\"nuevo\",\"oficial\",\"presentaci\u00f3n\",\"Rabanal\",\"Universitario\"],\"articleSection\":[\"Brasil\"],\"inLanguage\":\"en-US\",\"copyrightYear\":\"2025\",\"copyrightHolder\":{\"@id\":\"https:\\\/\\\/ubirataonline.com.br\\\/en\\\/#organization\"}},{\"@type\":\"WebPage\",\"@id\":\"https:\\\/\\\/ubirataonline.com.br\\\/se-confirmo-el-dia-y-hora-de-la-presentacion-oficial-de-javier-rabanal-como-nuevo-dt-de-universitario\\\/\",\"url\":\"https:\\\/\\\/ubirataonline.com.br\\\/se-confirmo-el-dia-y-hora-de-la-presentacion-oficial-de-javier-rabanal-como-nuevo-dt-de-universitario\\\/\",\"name\":\"Se confirm\u00f3 el d\u00eda y hora de la presentaci\u00f3n oficial de Javier Rabanal como nuevo DT de Universitario - Ubirat\u00e3 Online Not\u00edcias - A realidade ao seu alcance!\",\"isPartOf\":{\"@id\":\"https:\\\/\\\/ubirataonline.com.br\\\/#website\"},\"primaryImageOfPage\":{\"@id\":\"https:\\\/\\\/ubirataonline.com.br\\\/se-confirmo-el-dia-y-hora-de-la-presentacion-oficial-de-javier-rabanal-como-nuevo-dt-de-universitario\\\/#primaryimage\"},\"image\":{\"@id\":\"https:\\\/\\\/ubirataonline.com.br\\\/se-confirmo-el-dia-y-hora-de-la-presentacion-oficial-de-javier-rabanal-como-nuevo-dt-de-universitario\\\/#primaryimage\"},\"thumbnailUrl\":\"https:\\\/\\\/ubirataonline.com.br\\\/wp-content\\\/uploads\\\/2025\\\/12\\\/BPE_20251220_BPE_185669_Diseno-sin-titulo-2025-12-19T173004.078-1.webpwidth1200height740.webp\",\"datePublished\":\"2025-12-21T21:55:13+00:00\",\"description\":\"Se acab\u00f3 el misterio y finalmente Javier Rabanal ser\u00e1 oficializado en las pr\u00f3ximas horas como nuevo entrenador de Universitario de Deportes. Luego de\",\"breadcrumb\":{\"@id\":\"https:\\\/\\\/ubirataonline.com.br\\\/se-confirmo-el-dia-y-hora-de-la-presentacion-oficial-de-javier-rabanal-como-nuevo-dt-de-universitario\\\/#breadcrumb\"},\"inLanguage\":\"en-US\",\"potentialAction\":[{\"@type\":\"ReadAction\",\"target\":[\"https:\\\/\\\/ubirataonline.com.br\\\/se-confirmo-el-dia-y-hora-de-la-presentacion-oficial-de-javier-rabanal-como-nuevo-dt-de-universitario\\\/\"]}]},{\"@type\":\"ImageObject\",\"inLanguage\":\"en-US\",\"@id\":\"https:\\\/\\\/ubirataonline.com.br\\\/se-confirmo-el-dia-y-hora-de-la-presentacion-oficial-de-javier-rabanal-como-nuevo-dt-de-universitario\\\/#primaryimage\",\"url\":\"https:\\\/\\\/ubirataonline.com.br\\\/wp-content\\\/uploads\\\/2025\\\/12\\\/BPE_20251220_BPE_185669_Diseno-sin-titulo-2025-12-19T173004.078-1.webpwidth1200height740.webp\",\"contentUrl\":\"https:\\\/\\\/ubirataonline.com.br\\\/wp-content\\\/uploads\\\/2025\\\/12\\\/BPE_20251220_BPE_185669_Diseno-sin-titulo-2025-12-19T173004.078-1.webpwidth1200height740.webp\",\"width\":1200,\"height\":740},{\"@type\":\"BreadcrumbList\",\"@id\":\"https:\\\/\\\/ubirataonline.com.br\\\/se-confirmo-el-dia-y-hora-de-la-presentacion-oficial-de-javier-rabanal-como-nuevo-dt-de-universitario\\\/#breadcrumb\",\"itemListElement\":[{\"@type\":\"ListItem\",\"position\":1,\"name\":\"In\u00edcio\",\"item\":\"https:\\\/\\\/ubirataonline.com.br\\\/\"},{\"@type\":\"ListItem\",\"position\":2,\"name\":\"Se confirm\u00f3 el d\u00eda y hora de la presentaci\u00f3n oficial de Javier Rabanal como nuevo DT de Universitario\"}]},{\"@type\":\"WebSite\",\"@id\":\"https:\\\/\\\/ubirataonline.com.br\\\/#website\",\"url\":\"https:\\\/\\\/ubirataonline.com.br\\\/\",\"name\":\"Ubirat\u00e3 Online Not\u00edcias\",\"description\":\"Not\u00edcias de Ubirat\u00e3, regi\u00e3o, Brasil e mundo, com informa\u00e7\u00e3o atualizada e compromisso com o leitor.\",\"publisher\":{\"@id\":\"https:\\\/\\\/ubirataonline.com.br\\\/#organization\"},\"alternateName\":\"Ubirat\u00e3 Online\",\"potentialAction\":[{\"@type\":\"SearchAction\",\"target\":{\"@type\":\"EntryPoint\",\"urlTemplate\":\"https:\\\/\\\/ubirataonline.com.br\\\/?s={search_term_string}\"},\"query-input\":{\"@type\":\"PropertyValueSpecification\",\"valueRequired\":true,\"valueName\":\"search_term_string\"}}],\"inLanguage\":\"en-US\"},{\"@type\":[\"Organization\",\"Place\"],\"@id\":\"https:\\\/\\\/ubirataonline.com.br\\\/#organization\",\"name\":\"Ubirat\u00e3 Online Not\u00edcias\",\"alternateName\":\"Ubirat\u00e3 Online\",\"url\":\"https:\\\/\\\/ubirataonline.com.br\\\/\",\"logo\":{\"@id\":\"https:\\\/\\\/ubirataonline.com.br\\\/se-confirmo-el-dia-y-hora-de-la-presentacion-oficial-de-javier-rabanal-como-nuevo-dt-de-universitario\\\/#local-main-organization-logo\"},\"image\":{\"@id\":\"https:\\\/\\\/ubirataonline.com.br\\\/se-confirmo-el-dia-y-hora-de-la-presentacion-oficial-de-javier-rabanal-como-nuevo-dt-de-universitario\\\/#local-main-organization-logo\"},\"sameAs\":[\"https:\\\/\\\/www.facebook.com\\\/portalubirataonline\",\"https:\\\/\\\/x.com\\\/ubirataonline\",\"https:\\\/\\\/mastodon.social\\\/@ubirataonline\",\"https:\\\/\\\/www.facebook.com\\\/groups\\\/311144672285604\",\"https:\\\/\\\/www.facebook.com\\\/UBTAOnline\",\"https:\\\/\\\/www.instagram.com\\\/portalubirataonline\\\/\",\"https:\\\/\\\/twitter.com\\\/ubirataonline\"],\"description\":\"Somos um portal de not\u00edcias independente, criado em 5 de janeiro de 2009, com o objetivo de informar, conectar e valorizar a nossa comunidade de Ubirat\u00e3 e toda aregi\u00e3o. Com conte\u00fado atualizado, confi\u00e1vel e relevante, o Ubirat\u00e3 Online \u00e9 o seu espa\u00e7o para ficar por dentro dos principais acontecimentos locais, regionais, Brasil, Mundo e de interesse geral. Nosso compromisso \u00e9 com a verdade, a transpar\u00eancia e o respeito ao leitor.\",\"legalName\":\"UBIRATA ONLINE NOT\u00cdCIAS\",\"foundingDate\":\"2009-01-05\",\"numberOfEmployees\":{\"@type\":\"QuantitativeValue\",\"minValue\":\"1\",\"maxValue\":\"10\"},\"publishingPrinciples\":\"https:\\\/\\\/ubirataonline.com.br\\\/faq\\\/\",\"address\":{\"@id\":\"https:\\\/\\\/ubirataonline.com.br\\\/se-confirmo-el-dia-y-hora-de-la-presentacion-oficial-de-javier-rabanal-como-nuevo-dt-de-universitario\\\/#local-main-place-address\"},\"geo\":{\"@type\":\"GeoCoordinates\",\"latitude\":\"-24.5361401\",\"longitude\":\"-52.9921776\"},\"telephone\":[\"+5544998308235\"],\"contactPoint\":{\"@type\":\"ContactPoint\",\"email\":\"contato@ubirataonline.com.br\"},\"openingHoursSpecification\":{\"@type\":\"OpeningHoursSpecification\",\"dayOfWeek\":[\"Monday\",\"Tuesday\",\"Wednesday\",\"Thursday\",\"Friday\",\"Saturday\",\"Sunday\"],\"opens\":\"00:00\",\"closes\":\"23:59\"},\"email\":\"contato@ubirataonline.com.br\",\"vatID\":\"47.621.418\\\/0001-80\"},{\"@type\":\"Person\",\"@id\":\"https:\\\/\\\/ubirataonline.com.br\\\/#\\\/schema\\\/person\\\/372f87bbd3fdd79b8556b84c98d0bc1c\",\"name\":\"REDA\u00c7\u00c3O: UBIRAT\u00c3 ONLINE - F\u00c1BIO AUGUSTO CELESTINO\",\"pronouns\":\"Ele\",\"description\":\"Desde 2003 trabalhando com not\u00edcias.\",\"sameAs\":[\"http:\\\/\\\/ubirataoline.com.br\",\"https:\\\/\\\/www.facebook.com\\\/portalubirataonline\",\"https:\\\/\\\/www.instagram.com\\\/ubirataonline_oficial\",\"https:\\\/\\\/x.com\\\/x.com\\\/ubirataonline\"],\"honorificPrefix\":\"Mr.\",\"honorificSuffix\":\"MD\",\"birthDate\":\"1980-06-16\",\"gender\":\"masculino\",\"award\":[\"V\u00e1rios pr\u00eamios de melhor portal da cidade\"],\"jobTitle\":\"Diretor\",\"url\":\"https:\\\/\\\/ubirataonline.com.br\\\/en\\\/author\\\/ubirataonline\\\/\"},{\"@type\":\"PostalAddress\",\"@id\":\"https:\\\/\\\/ubirataonline.com.br\\\/se-confirmo-el-dia-y-hora-de-la-presentacion-oficial-de-javier-rabanal-como-nuevo-dt-de-universitario\\\/#local-main-place-address\",\"streetAddress\":\"Rua dos Coqueiros, 104 - Bairro Boa Vista, Rua dos Coqueiros, 104 Bairro Boa Vista\",\"addressLocality\":\"UBIRATA\",\"postalCode\":\"85440-000\",\"addressRegion\":\"PR\",\"addressCountry\":\"BR\"},{\"@type\":\"ImageObject\",\"inLanguage\":\"en-US\",\"@id\":\"https:\\\/\\\/ubirataonline.com.br\\\/se-confirmo-el-dia-y-hora-de-la-presentacion-oficial-de-javier-rabanal-como-nuevo-dt-de-universitario\\\/#local-main-organization-logo\",\"url\":\"https:\\\/\\\/ubirataonline.com.br\\\/wp-content\\\/uploads\\\/2026\\\/06\\\/logoubirataonline-1.webp\",\"contentUrl\":\"https:\\\/\\\/ubirataonline.com.br\\\/wp-content\\\/uploads\\\/2026\\\/06\\\/logoubirataonline-1.webp\",\"width\":500,\"height\":500,\"caption\":\"Ubirat\u00e3 Online Not\u00edcias\"}]}<\/script>\n<meta name=\"geo.placename\" content=\"UBIRATA\" \/>\n<meta name=\"geo.position\" content=\"-24.5361401;-52.9921776\" \/>\n<meta name=\"geo.region\" content=\"Brazil\" \/>\n<!-- \/ Yoast SEO Premium plugin. -->","yoast_head_json":{"title":"Se confirm\u00f3 el d\u00eda y hora de la presentaci\u00f3n oficial de Javier Rabanal como nuevo DT de Universitario - Ubirat\u00e3 Online Not\u00edcias - A realidade ao seu alcance!","description":"Se acab\u00f3 el misterio y finalmente Javier Rabanal ser\u00e1 oficializado en las pr\u00f3ximas horas como nuevo entrenador de Universitario de Deportes. Luego de","robots":{"index":"index","follow":"follow","max-snippet":"max-snippet:-1","max-image-preview":"max-image-preview:large","max-video-preview":"max-video-preview:-1"},"canonical":"https:\/\/ubirataonline.com.br\/en\/se-confirmo-el-dia-y-hora-de-la-presentacion-oficial-de-javier-rabanal-como-nuevo-dt-de-universitario\/","og_locale":"en_US","og_type":"article","og_title":"Se confirm\u00f3 el d\u00eda y hora de la presentaci\u00f3n oficial de Javier Rabanal como nuevo DT de Universitario","og_description":"Se acab\u00f3 el misterio y finalmente Javier Rabanal ser\u00e1 oficializado en las pr\u00f3ximas horas como nuevo entrenador de Universitario de Deportes. Luego de","og_url":"https:\/\/ubirataonline.com.br\/en\/se-confirmo-el-dia-y-hora-de-la-presentacion-oficial-de-javier-rabanal-como-nuevo-dt-de-universitario\/","og_site_name":"Ubirat\u00e3 Online Not\u00edcias - A realidade ao seu alcance!","article_publisher":"https:\/\/www.facebook.com\/portalubirataonline","article_author":"https:\/\/www.facebook.com\/portalubirataonline","article_published_time":"2025-12-21T21:55:13+00:00","og_image":[{"url":"https:\/\/ds-images.bolavip.com\/news\/image?src=https:\/\/images.bolavip.com\/webp\/pe\/full\/BPE_20251220_BPE_185669_image-154_c16df9c7.webp&amp;width=683&amp;height=271","type":"","width":"","height":""}],"author":"REDA\u00c7\u00c3O: UBIRAT\u00c3 ONLINE - F\u00c1BIO AUGUSTO CELESTINO","twitter_card":"summary_large_image","twitter_creator":"@x.com\/ubirataonline","twitter_site":"@ubirataonline","twitter_misc":{"Written by":"REDA\u00c7\u00c3O: UBIRAT\u00c3 ONLINE - F\u00c1BIO AUGUSTO CELESTINO","Est. reading time":"3 minutes"},"schema":{"@context":"https:\/\/schema.org","@graph":[{"@type":"NewsArticle","@id":"https:\/\/ubirataonline.com.br\/se-confirmo-el-dia-y-hora-de-la-presentacion-oficial-de-javier-rabanal-como-nuevo-dt-de-universitario\/#article","isPartOf":{"@id":"https:\/\/ubirataonline.com.br\/se-confirmo-el-dia-y-hora-de-la-presentacion-oficial-de-javier-rabanal-como-nuevo-dt-de-universitario\/"},"author":{"name":"REDA\u00c7\u00c3O: UBIRAT\u00c3 ONLINE - F\u00c1BIO AUGUSTO CELESTINO","@id":"https:\/\/ubirataonline.com.br\/#\/schema\/person\/372f87bbd3fdd79b8556b84c98d0bc1c"},"headline":"Se confirm\u00f3 el d\u00eda y hora de la presentaci\u00f3n oficial de Javier Rabanal como nuevo DT de Universitario","datePublished":"2025-12-21T21:55:13+00:00","mainEntityOfPage":{"@id":"https:\/\/ubirataonline.com.br\/se-confirmo-el-dia-y-hora-de-la-presentacion-oficial-de-javier-rabanal-como-nuevo-dt-de-universitario\/"},"wordCount":595,"publisher":{"@id":"https:\/\/ubirataonline.com.br\/#organization"},"image":{"@id":"https:\/\/ubirataonline.com.br\/se-confirmo-el-dia-y-hora-de-la-presentacion-oficial-de-javier-rabanal-como-nuevo-dt-de-universitario\/#primaryimage"},"thumbnailUrl":"https:\/\/ubirataonline.com.br\/wp-content\/uploads\/2025\/12\/BPE_20251220_BPE_185669_Diseno-sin-titulo-2025-12-19T173004.078-1.webpwidth1200height740.webp","keywords":["como","confirm\u00f3","dia","Hora","Javier","nuevo","oficial","presentaci\u00f3n","Rabanal","Universitario"],"articleSection":["Brasil"],"inLanguage":"en-US","copyrightYear":"2025","copyrightHolder":{"@id":"https:\/\/ubirataonline.com.br\/en\/#organization"}},{"@type":"WebPage","@id":"https:\/\/ubirataonline.com.br\/se-confirmo-el-dia-y-hora-de-la-presentacion-oficial-de-javier-rabanal-como-nuevo-dt-de-universitario\/","url":"https:\/\/ubirataonline.com.br\/se-confirmo-el-dia-y-hora-de-la-presentacion-oficial-de-javier-rabanal-como-nuevo-dt-de-universitario\/","name":"Se confirm\u00f3 el d\u00eda y hora de la presentaci\u00f3n oficial de Javier Rabanal como nuevo DT de Universitario - Ubirat\u00e3 Online Not\u00edcias - A realidade ao seu alcance!","isPartOf":{"@id":"https:\/\/ubirataonline.com.br\/#website"},"primaryImageOfPage":{"@id":"https:\/\/ubirataonline.com.br\/se-confirmo-el-dia-y-hora-de-la-presentacion-oficial-de-javier-rabanal-como-nuevo-dt-de-universitario\/#primaryimage"},"image":{"@id":"https:\/\/ubirataonline.com.br\/se-confirmo-el-dia-y-hora-de-la-presentacion-oficial-de-javier-rabanal-como-nuevo-dt-de-universitario\/#primaryimage"},"thumbnailUrl":"https:\/\/ubirataonline.com.br\/wp-content\/uploads\/2025\/12\/BPE_20251220_BPE_185669_Diseno-sin-titulo-2025-12-19T173004.078-1.webpwidth1200height740.webp","datePublished":"2025-12-21T21:55:13+00:00","description":"Se acab\u00f3 el misterio y finalmente Javier Rabanal ser\u00e1 oficializado en las pr\u00f3ximas horas como nuevo entrenador de Universitario de Deportes. Luego de","breadcrumb":{"@id":"https:\/\/ubirataonline.com.br\/se-confirmo-el-dia-y-hora-de-la-presentacion-oficial-de-javier-rabanal-como-nuevo-dt-de-universitario\/#breadcrumb"},"inLanguage":"en-US","potentialAction":[{"@type":"ReadAction","target":["https:\/\/ubirataonline.com.br\/se-confirmo-el-dia-y-hora-de-la-presentacion-oficial-de-javier-rabanal-como-nuevo-dt-de-universitario\/"]}]},{"@type":"ImageObject","inLanguage":"en-US","@id":"https:\/\/ubirataonline.com.br\/se-confirmo-el-dia-y-hora-de-la-presentacion-oficial-de-javier-rabanal-como-nuevo-dt-de-universitario\/#primaryimage","url":"https:\/\/ubirataonline.com.br\/wp-content\/uploads\/2025\/12\/BPE_20251220_BPE_185669_Diseno-sin-titulo-2025-12-19T173004.078-1.webpwidth1200height740.webp","contentUrl":"https:\/\/ubirataonline.com.br\/wp-content\/uploads\/2025\/12\/BPE_20251220_BPE_185669_Diseno-sin-titulo-2025-12-19T173004.078-1.webpwidth1200height740.webp","width":1200,"height":740},{"@type":"BreadcrumbList","@id":"https:\/\/ubirataonline.com.br\/se-confirmo-el-dia-y-hora-de-la-presentacion-oficial-de-javier-rabanal-como-nuevo-dt-de-universitario\/#breadcrumb","itemListElement":[{"@type":"ListItem","position":1,"name":"In\u00edcio","item":"https:\/\/ubirataonline.com.br\/"},{"@type":"ListItem","position":2,"name":"Se confirm\u00f3 el d\u00eda y hora de la presentaci\u00f3n oficial de Javier Rabanal como nuevo DT de Universitario"}]},{"@type":"WebSite","@id":"https:\/\/ubirataonline.com.br\/#website","url":"https:\/\/ubirataonline.com.br\/","name":"Ubirat\u00e3 Online Not\u00edcias","description":"Not\u00edcias de Ubirat\u00e3, regi\u00e3o, Brasil e mundo, com informa\u00e7\u00e3o atualizada e compromisso com o leitor.","publisher":{"@id":"https:\/\/ubirataonline.com.br\/#organization"},"alternateName":"Ubirat\u00e3 Online","potentialAction":[{"@type":"SearchAction","target":{"@type":"EntryPoint","urlTemplate":"https:\/\/ubirataonline.com.br\/?s={search_term_string}"},"query-input":{"@type":"PropertyValueSpecification","valueRequired":true,"valueName":"search_term_string"}}],"inLanguage":"en-US"},{"@type":["Organization","Place"],"@id":"https:\/\/ubirataonline.com.br\/#organization","name":"Ubirat\u00e3 Online Not\u00edcias","alternateName":"Ubirat\u00e3 Online","url":"https:\/\/ubirataonline.com.br\/","logo":{"@id":"https:\/\/ubirataonline.com.br\/se-confirmo-el-dia-y-hora-de-la-presentacion-oficial-de-javier-rabanal-como-nuevo-dt-de-universitario\/#local-main-organization-logo"},"image":{"@id":"https:\/\/ubirataonline.com.br\/se-confirmo-el-dia-y-hora-de-la-presentacion-oficial-de-javier-rabanal-como-nuevo-dt-de-universitario\/#local-main-organization-logo"},"sameAs":["https:\/\/www.facebook.com\/portalubirataonline","https:\/\/x.com\/ubirataonline","https:\/\/mastodon.social\/@ubirataonline","https:\/\/www.facebook.com\/groups\/311144672285604","https:\/\/www.facebook.com\/UBTAOnline","https:\/\/www.instagram.com\/portalubirataonline\/","https:\/\/twitter.com\/ubirataonline"],"description":"Somos um portal de not\u00edcias independente, criado em 5 de janeiro de 2009, com o objetivo de informar, conectar e valorizar a nossa comunidade de Ubirat\u00e3 e toda aregi\u00e3o. Com conte\u00fado atualizado, confi\u00e1vel e relevante, o Ubirat\u00e3 Online \u00e9 o seu espa\u00e7o para ficar por dentro dos principais acontecimentos locais, regionais, Brasil, Mundo e de interesse geral. Nosso compromisso \u00e9 com a verdade, a transpar\u00eancia e o respeito ao leitor.","legalName":"UBIRATA ONLINE NOT\u00cdCIAS","foundingDate":"2009-01-05","numberOfEmployees":{"@type":"QuantitativeValue","minValue":"1","maxValue":"10"},"publishingPrinciples":"https:\/\/ubirataonline.com.br\/faq\/","address":{"@id":"https:\/\/ubirataonline.com.br\/se-confirmo-el-dia-y-hora-de-la-presentacion-oficial-de-javier-rabanal-como-nuevo-dt-de-universitario\/#local-main-place-address"},"geo":{"@type":"GeoCoordinates","latitude":"-24.5361401","longitude":"-52.9921776"},"telephone":["+5544998308235"],"contactPoint":{"@type":"ContactPoint","email":"contato@ubirataonline.com.br"},"openingHoursSpecification":{"@type":"OpeningHoursSpecification","dayOfWeek":["Monday","Tuesday","Wednesday","Thursday","Friday","Saturday","Sunday"],"opens":"00:00","closes":"23:59"},"email":"contato@ubirataonline.com.br","vatID":"47.621.418\/0001-80"},{"@type":"Person","@id":"https:\/\/ubirataonline.com.br\/#\/schema\/person\/372f87bbd3fdd79b8556b84c98d0bc1c","name":"REDA\u00c7\u00c3O: UBIRAT\u00c3 ONLINE - F\u00c1BIO AUGUSTO CELESTINO","pronouns":"Ele","description":"Desde 2003 trabalhando com not\u00edcias.","sameAs":["http:\/\/ubirataoline.com.br","https:\/\/www.facebook.com\/portalubirataonline","https:\/\/www.instagram.com\/ubirataonline_oficial","https:\/\/x.com\/x.com\/ubirataonline"],"honorificPrefix":"Mr.","honorificSuffix":"MD","birthDate":"1980-06-16","gender":"masculino","award":["V\u00e1rios pr\u00eamios de melhor portal da cidade"],"jobTitle":"Diretor","url":"https:\/\/ubirataonline.com.br\/en\/author\/ubirataonline\/"},{"@type":"PostalAddress","@id":"https:\/\/ubirataonline.com.br\/se-confirmo-el-dia-y-hora-de-la-presentacion-oficial-de-javier-rabanal-como-nuevo-dt-de-universitario\/#local-main-place-address","streetAddress":"Rua dos Coqueiros, 104 - Bairro Boa Vista, Rua dos Coqueiros, 104 Bairro Boa Vista","addressLocality":"UBIRATA","postalCode":"85440-000","addressRegion":"PR","addressCountry":"BR"},{"@type":"ImageObject","inLanguage":"en-US","@id":"https:\/\/ubirataonline.com.br\/se-confirmo-el-dia-y-hora-de-la-presentacion-oficial-de-javier-rabanal-como-nuevo-dt-de-universitario\/#local-main-organization-logo","url":"https:\/\/ubirataonline.com.br\/wp-content\/uploads\/2026\/06\/logoubirataonline-1.webp","contentUrl":"https:\/\/ubirataonline.com.br\/wp-content\/uploads\/2026\/06\/logoubirataonline-1.webp","width":500,"height":500,"caption":"Ubirat\u00e3 Online Not\u00edcias"}]},"geo.placename":"UBIRATA","geo.position":{"lat":"-24.5361401","long":"-52.9921776"},"geo.region":"Brazil"},"_links":{"self":[{"href":"https:\/\/ubirataonline.com.br\/en\/wp-json\/wp\/v2\/posts\/75140","targetHints":{"allow":["GET"]}}],"collection":[{"href":"https:\/\/ubirataonline.com.br\/en\/wp-json\/wp\/v2\/posts"}],"about":[{"href":"https:\/\/ubirataonline.com.br\/en\/wp-json\/wp\/v2\/types\/post"}],"author":[{"embeddable":true,"href":"https:\/\/ubirataonline.com.br\/en\/wp-json\/wp\/v2\/users\/1"}],"replies":[{"embeddable":true,"href":"https:\/\/ubirataonline.com.br\/en\/wp-json\/wp\/v2\/comments?post=75140"}],"version-history":[{"count":0,"href":"https:\/\/ubirataonline.com.br\/en\/wp-json\/wp\/v2\/posts\/75140\/revisions"}],"wp:featuredmedia":[{"embeddable":true,"href":"https:\/\/ubirataonline.com.br\/en\/wp-json\/wp\/v2\/media\/75141"}],"wp:attachment":[{"href":"https:\/\/ubirataonline.com.br\/en\/wp-json\/wp\/v2\/media?parent=75140"}],"wp:term":[{"taxonomy":"category","embeddable":true,"href":"https:\/\/ubirataonline.com.br\/en\/wp-json\/wp\/v2\/categories?post=75140"},{"taxonomy":"post_tag","embeddable":true,"href":"https:\/\/ubirataonline.com.br\/en\/wp-json\/wp\/v2\/tags?post=75140"}],"curies":[{"name":"wp","href":"https:\/\/api.w.org\/{rel}","templated":true}]}}