{"id":756,"date":"2017-01-19T12:45:21","date_gmt":"2017-01-19T15:45:21","guid":{"rendered":"https:\/\/ubirataonline.com.br\/?p=756"},"modified":"2017-01-19T19:43:32","modified_gmt":"2017-01-19T22:43:32","slug":"vereador-harri-tholken-participa-da-entrega-de-veiculo-para-secretaria-de-saude","status":"publish","type":"post","link":"https:\/\/ubirataonline.com.br\/en\/vereador-harri-tholken-participa-da-entrega-de-veiculo-para-secretaria-de-saude\/","title":{"rendered":"Vereador Harri Tholken participa da entrega de ve\u00edculo para Secretaria de Sa\u00fade"},"content":{"rendered":"<p>Aconteceu na manh\u00e3 desta quinta-feira (19) a entrega oficial feita pelo prefeito Haroldo Fernandes Duarte (BACO) de um ve\u00edculo Van Mercedes Benz Sprinter 515 CDI, ano e modelo 2015\/2016, 0 Km, com espa\u00e7o para 21 pessoas (20 mais o motorista), para Secretaria de Sa\u00fade. Esse ve\u00edculo ser\u00e1 utilizado para o transporte dos pacientes que fazem tratamento em Curitiba.<\/p>\n<p><img loading=\"lazy\" decoding=\"async\" class=\"alignnone size-medium wp-image-764\" src=\"https:\/\/ubirataonline.com.br\/wp-content\/uploads\/2017\/01\/15977208_1832639656983629_7913912781469671794_n-1.jpg\" alt=\"\" width=\"200\" height=\"132\" \/> <img loading=\"lazy\" decoding=\"async\" class=\"alignnone size-medium wp-image-765\" src=\"https:\/\/ubirataonline.com.br\/wp-content\/uploads\/2017\/01\/16105578_1832639846983610_820190290472810003_n-1.jpg\" alt=\"\" width=\"200\" height=\"132\" \/> <img loading=\"lazy\" decoding=\"async\" class=\"alignnone size-medium wp-image-766\" src=\"https:\/\/ubirataonline.com.br\/wp-content\/uploads\/2017\/01\/16106058_1832639583650303_2855713416108891331_n-1.jpg\" alt=\"\" width=\"200\" height=\"132\" \/><\/p>\n<p>O vereador Harri Tholken esteve presente na solenidade de entrega e diz que o objetivo da administra\u00e7\u00e3o publica \u00e9 garantir a qualidade e conforto dos ubiratanenses que utilizam o transporte.<\/p>\n<blockquote><p><em><strong>Est\u00e1 de parab\u00e9ns a administra\u00e7\u00e3o municipal que sempre se preocupa com a seguran\u00e7a, o conforto e a qualidade do transportes das pessoas que necessitam sair de nosso munic\u00edpio em busca de tratamento em outras cidades, esse ve\u00edculo \u00e9 uma conquista de grande import\u00e2ncia para todos esses pacientes. Estamos sempre atentos e solicitando junto ao Executivo a renova\u00e7\u00e3o dos ve\u00edculos pensando sempre em atender bem nossa popula\u00e7\u00e3o<\/strong><\/em>, destaca Harri.<\/p><\/blockquote>\n<p><img loading=\"lazy\" decoding=\"async\" class=\"size-full wp-image-762 aligncenter\" src=\"https:\/\/ubirataonline.com.br\/wp-content\/uploads\/2017\/01\/16176239_1390052864359500_525988522_n.jpg\" alt=\"\" width=\"300\" height=\"198\" \/><\/p>\n<p>&nbsp;<\/p>\n<p>O ve\u00edculo foi adquirido com recursos do Governo do Paran\u00e1 e com um percentual de recursos do Munic\u00edpio, o ve\u00edculo avaliado em R$ 189.800,00, ir\u00e1 atender em m\u00e9dia 200 pessoas por m\u00eas, em uma m\u00e9dia de 15 viagens mensais a Capital do estado, percorrendo uma m\u00e9dia por m\u00eas de 19.500 km.<\/p>\n<h3 style=\"text-align: center;\"><span style=\"color: #ff0000;\">Breve Mat\u00e9ria Completa em v\u00eddeo<\/span><\/h3>\n<p style=\"text-align: center;\"><img loading=\"lazy\" decoding=\"async\" class=\"alignnone size-full wp-image-761\" src=\"https:\/\/ubirataonline.com.br\/wp-content\/uploads\/2017\/01\/16128944_1390052871026166_2013965905_n.jpg\" alt=\"\" width=\"500\" height=\"330\" \/><\/p>\n<hr \/>\n<p><iframe loading=\"lazy\" width=\"560\" height=\"315\" src=\"https:\/\/www.youtube.com\/embed\/ajMM7JNYP9k\" frameborder=\"0\" allowfullscreen><\/iframe\n\n\n\n<hr>\n<hr \/>\n<p style=\"text-align: center;\"><del><strong><em>Da Reda\u00e7\u00e3o Ubirat\u00e3 Online: Vampeta<\/em><\/strong><\/del><\/p>\n<hr \/>\n<hr \/>\n<hr \/>\n<p style=\"text-align: center;\">","protected":false},"excerpt":{"rendered":"<p>Aconteceu na manh\u00e3 desta quinta-feira (19) a entrega oficial feita pelo prefeito Haroldo Fernandes Duarte (BACO) de um ve\u00edculo Van Mercedes Benz Sprinter 515 CDI, ano e modelo 2015\/2016, 0 Km, com espa\u00e7o para 21 pessoas (20 mais o motorista), para Secretaria de Sa\u00fade. Esse ve\u00edculo ser\u00e1 utilizado para o transporte dos pacientes que fazem [&hellip;]<\/p>\n","protected":false},"author":2,"featured_media":0,"comment_status":"closed","ping_status":"closed","sticky":false,"template":"","format":"standard","meta":{"googlesitekit_rrm_CAow2JLhCw:productID":"","_gspb_post_css":"","maa_idioma":"","maa_pais":"","footnotes":""},"categories":[],"tags":[],"class_list":["post-756","post","type-post","status-publish","format-standard","hentry"],"blocksy_meta":[],"yoast_head":"<!-- This site is optimized with the Yoast SEO Premium plugin v27.6 (Yoast SEO v27.6) - https:\/\/yoast.com\/product\/yoast-seo-premium-wordpress\/ -->\n<title>Vereador Harri Tholken participa da entrega de ve\u00edculo para Secretaria de Sa\u00fade - Ubirat\u00e3 Online Not\u00edcias - A realidade ao seu alcance!<\/title>\n<meta name=\"description\" content=\"Aconteceu na manh\u00e3 desta quinta-feira (19) a entrega oficial feita pelo prefeito Haroldo Fernandes Duarte (BACO) de um ve\u00edculo Van Mercedes Benz Sprinter\" \/>\n<meta name=\"robots\" content=\"index, follow, max-snippet:-1, max-image-preview:large, max-video-preview:-1\" \/>\n<link rel=\"canonical\" href=\"https:\/\/ubirataonline.com.br\/en\/vereador-harri-tholken-participa-da-entrega-de-veiculo-para-secretaria-de-saude\/\" \/>\n<meta property=\"og:locale\" content=\"en_US\" \/>\n<meta property=\"og:type\" content=\"article\" \/>\n<meta property=\"og:title\" content=\"Vereador Harri Tholken participa da entrega de ve\u00edculo para Secretaria de Sa\u00fade\" \/>\n<meta property=\"og:description\" content=\"Aconteceu na manh\u00e3 desta quinta-feira (19) a entrega oficial feita pelo prefeito Haroldo Fernandes Duarte (BACO) de um ve\u00edculo Van Mercedes Benz Sprinter\" \/>\n<meta property=\"og:url\" content=\"https:\/\/ubirataonline.com.br\/en\/vereador-harri-tholken-participa-da-entrega-de-veiculo-para-secretaria-de-saude\/\" \/>\n<meta property=\"og:site_name\" content=\"Ubirat\u00e3 Online Not\u00edcias - A realidade ao seu alcance!\" \/>\n<meta property=\"article:publisher\" content=\"https:\/\/www.facebook.com\/portalubirataonline\" \/>\n<meta property=\"article:published_time\" content=\"2017-01-19T15:45:21+00:00\" \/>\n<meta property=\"article:modified_time\" content=\"2017-01-19T22:43:32+00:00\" \/>\n<meta property=\"og:image\" content=\"https:\/\/ubirataonline.com.br\/wp-content\/uploads\/2017\/01\/15977208_1832639656983629_7913912781469671794_n-1.jpg\" \/>\n<meta name=\"author\" content=\"Vampeta\" \/>\n<meta name=\"twitter:card\" content=\"summary_large_image\" \/>\n<meta name=\"twitter:creator\" content=\"@ubirataonline\" \/>\n<meta name=\"twitter:site\" content=\"@ubirataonline\" \/>\n<meta name=\"twitter:label1\" content=\"Written by\" \/>\n\t<meta name=\"twitter:data1\" content=\"Vampeta\" \/>\n\t<meta name=\"twitter:label2\" content=\"Est. reading time\" \/>\n\t<meta name=\"twitter:data2\" content=\"1 minute\" \/>\n<script type=\"application\/ld+json\" class=\"yoast-schema-graph\">{\"@context\":\"https:\\\/\\\/schema.org\",\"@graph\":[{\"@type\":\"NewsArticle\",\"@id\":\"https:\\\/\\\/ubirataonline.com.br\\\/vereador-harri-tholken-participa-da-entrega-de-veiculo-para-secretaria-de-saude\\\/#article\",\"isPartOf\":{\"@id\":\"https:\\\/\\\/ubirataonline.com.br\\\/vereador-harri-tholken-participa-da-entrega-de-veiculo-para-secretaria-de-saude\\\/\"},\"author\":{\"name\":\"Vampeta\",\"@id\":\"https:\\\/\\\/ubirataonline.com.br\\\/#\\\/schema\\\/person\\\/09f7a474bd1834b50dea8d1c197e976f\"},\"headline\":\"Vereador Harri Tholken participa da entrega de ve\u00edculo para Secretaria de Sa\u00fade\",\"datePublished\":\"2017-01-19T15:45:21+00:00\",\"dateModified\":\"2017-01-19T22:43:32+00:00\",\"mainEntityOfPage\":{\"@id\":\"https:\\\/\\\/ubirataonline.com.br\\\/vereador-harri-tholken-participa-da-entrega-de-veiculo-para-secretaria-de-saude\\\/\"},\"wordCount\":239,\"publisher\":{\"@id\":\"https:\\\/\\\/ubirataonline.com.br\\\/#organization\"},\"image\":{\"@id\":\"https:\\\/\\\/ubirataonline.com.br\\\/vereador-harri-tholken-participa-da-entrega-de-veiculo-para-secretaria-de-saude\\\/#primaryimage\"},\"thumbnailUrl\":\"https:\\\/\\\/ubirataonline.com.br\\\/wp-content\\\/uploads\\\/2017\\\/01\\\/15977208_1832639656983629_7913912781469671794_n-1.jpg\",\"inLanguage\":\"en-US\",\"copyrightYear\":\"2017\",\"copyrightHolder\":{\"@id\":\"https:\\\/\\\/ubirataonline.com.br\\\/en\\\/#organization\"}},{\"@type\":\"WebPage\",\"@id\":\"https:\\\/\\\/ubirataonline.com.br\\\/vereador-harri-tholken-participa-da-entrega-de-veiculo-para-secretaria-de-saude\\\/\",\"url\":\"https:\\\/\\\/ubirataonline.com.br\\\/vereador-harri-tholken-participa-da-entrega-de-veiculo-para-secretaria-de-saude\\\/\",\"name\":\"Vereador Harri Tholken participa da entrega de ve\u00edculo para Secretaria de Sa\u00fade - Ubirat\u00e3 Online Not\u00edcias - A realidade ao seu alcance!\",\"isPartOf\":{\"@id\":\"https:\\\/\\\/ubirataonline.com.br\\\/#website\"},\"primaryImageOfPage\":{\"@id\":\"https:\\\/\\\/ubirataonline.com.br\\\/vereador-harri-tholken-participa-da-entrega-de-veiculo-para-secretaria-de-saude\\\/#primaryimage\"},\"image\":{\"@id\":\"https:\\\/\\\/ubirataonline.com.br\\\/vereador-harri-tholken-participa-da-entrega-de-veiculo-para-secretaria-de-saude\\\/#primaryimage\"},\"thumbnailUrl\":\"https:\\\/\\\/ubirataonline.com.br\\\/wp-content\\\/uploads\\\/2017\\\/01\\\/15977208_1832639656983629_7913912781469671794_n-1.jpg\",\"datePublished\":\"2017-01-19T15:45:21+00:00\",\"dateModified\":\"2017-01-19T22:43:32+00:00\",\"description\":\"Aconteceu na manh\u00e3 desta quinta-feira (19) a entrega oficial feita pelo prefeito Haroldo Fernandes Duarte (BACO) de um ve\u00edculo Van Mercedes Benz Sprinter\",\"breadcrumb\":{\"@id\":\"https:\\\/\\\/ubirataonline.com.br\\\/vereador-harri-tholken-participa-da-entrega-de-veiculo-para-secretaria-de-saude\\\/#breadcrumb\"},\"inLanguage\":\"en-US\",\"potentialAction\":[{\"@type\":\"ReadAction\",\"target\":[\"https:\\\/\\\/ubirataonline.com.br\\\/vereador-harri-tholken-participa-da-entrega-de-veiculo-para-secretaria-de-saude\\\/\"]}]},{\"@type\":\"ImageObject\",\"inLanguage\":\"en-US\",\"@id\":\"https:\\\/\\\/ubirataonline.com.br\\\/vereador-harri-tholken-participa-da-entrega-de-veiculo-para-secretaria-de-saude\\\/#primaryimage\",\"url\":\"https:\\\/\\\/ubirataonline.com.br\\\/wp-content\\\/uploads\\\/2017\\\/01\\\/15977208_1832639656983629_7913912781469671794_n-1.jpg\",\"contentUrl\":\"https:\\\/\\\/ubirataonline.com.br\\\/wp-content\\\/uploads\\\/2017\\\/01\\\/15977208_1832639656983629_7913912781469671794_n-1.jpg\"},{\"@type\":\"BreadcrumbList\",\"@id\":\"https:\\\/\\\/ubirataonline.com.br\\\/vereador-harri-tholken-participa-da-entrega-de-veiculo-para-secretaria-de-saude\\\/#breadcrumb\",\"itemListElement\":[{\"@type\":\"ListItem\",\"position\":1,\"name\":\"In\u00edcio\",\"item\":\"https:\\\/\\\/ubirataonline.com.br\\\/\"},{\"@type\":\"ListItem\",\"position\":2,\"name\":\"Vereador Harri Tholken participa da entrega de ve\u00edculo para Secretaria de Sa\u00fade\"}]},{\"@type\":\"WebSite\",\"@id\":\"https:\\\/\\\/ubirataonline.com.br\\\/#website\",\"url\":\"https:\\\/\\\/ubirataonline.com.br\\\/\",\"name\":\"Ubirat\u00e3 Online Not\u00edcias\",\"description\":\"Not\u00edcias de Ubirat\u00e3, regi\u00e3o, Brasil e mundo, com informa\u00e7\u00e3o atualizada e compromisso com o leitor.\",\"publisher\":{\"@id\":\"https:\\\/\\\/ubirataonline.com.br\\\/#organization\"},\"alternateName\":\"Ubirat\u00e3 Online\",\"potentialAction\":[{\"@type\":\"SearchAction\",\"target\":{\"@type\":\"EntryPoint\",\"urlTemplate\":\"https:\\\/\\\/ubirataonline.com.br\\\/?s={search_term_string}\"},\"query-input\":{\"@type\":\"PropertyValueSpecification\",\"valueRequired\":true,\"valueName\":\"search_term_string\"}}],\"inLanguage\":\"en-US\"},{\"@type\":[\"Organization\",\"Place\"],\"@id\":\"https:\\\/\\\/ubirataonline.com.br\\\/#organization\",\"name\":\"Ubirat\u00e3 Online Not\u00edcias\",\"alternateName\":\"Ubirat\u00e3 Online\",\"url\":\"https:\\\/\\\/ubirataonline.com.br\\\/\",\"logo\":{\"@id\":\"https:\\\/\\\/ubirataonline.com.br\\\/vereador-harri-tholken-participa-da-entrega-de-veiculo-para-secretaria-de-saude\\\/#local-main-organization-logo\"},\"image\":{\"@id\":\"https:\\\/\\\/ubirataonline.com.br\\\/vereador-harri-tholken-participa-da-entrega-de-veiculo-para-secretaria-de-saude\\\/#local-main-organization-logo\"},\"sameAs\":[\"https:\\\/\\\/www.facebook.com\\\/portalubirataonline\",\"https:\\\/\\\/x.com\\\/ubirataonline\",\"https:\\\/\\\/mastodon.social\\\/@ubirataonline\",\"https:\\\/\\\/www.facebook.com\\\/groups\\\/311144672285604\",\"https:\\\/\\\/www.facebook.com\\\/UBTAOnline\",\"https:\\\/\\\/www.instagram.com\\\/portalubirataonline\\\/\",\"https:\\\/\\\/twitter.com\\\/ubirataonline\"],\"description\":\"Somos um portal de not\u00edcias independente, criado em 5 de janeiro de 2009, com o objetivo de informar, conectar e valorizar a nossa comunidade de Ubirat\u00e3 e toda aregi\u00e3o. Com conte\u00fado atualizado, confi\u00e1vel e relevante, o Ubirat\u00e3 Online \u00e9 o seu espa\u00e7o para ficar por dentro dos principais acontecimentos locais, regionais, Brasil, Mundo e de interesse geral. Nosso compromisso \u00e9 com a verdade, a transpar\u00eancia e o respeito ao leitor.\",\"legalName\":\"UBIRATA ONLINE NOT\u00cdCIAS\",\"foundingDate\":\"2009-01-05\",\"numberOfEmployees\":{\"@type\":\"QuantitativeValue\",\"minValue\":\"1\",\"maxValue\":\"10\"},\"publishingPrinciples\":\"https:\\\/\\\/ubirataonline.com.br\\\/faq\\\/\",\"address\":{\"@id\":\"https:\\\/\\\/ubirataonline.com.br\\\/vereador-harri-tholken-participa-da-entrega-de-veiculo-para-secretaria-de-saude\\\/#local-main-place-address\"},\"geo\":{\"@type\":\"GeoCoordinates\",\"latitude\":\"-24.5361401\",\"longitude\":\"-52.9921776\"},\"telephone\":[\"+5544998308235\"],\"contactPoint\":{\"@type\":\"ContactPoint\",\"email\":\"contato@ubirataonline.com.br\"},\"openingHoursSpecification\":{\"@type\":\"OpeningHoursSpecification\",\"dayOfWeek\":[\"Monday\",\"Tuesday\",\"Wednesday\",\"Thursday\",\"Friday\",\"Saturday\",\"Sunday\"],\"opens\":\"00:00\",\"closes\":\"23:59\"},\"email\":\"contato@ubirataonline.com.br\",\"vatID\":\"47.621.418\\\/0001-80\"},{\"@type\":\"Person\",\"@id\":\"https:\\\/\\\/ubirataonline.com.br\\\/#\\\/schema\\\/person\\\/09f7a474bd1834b50dea8d1c197e976f\",\"name\":\"Vampeta\",\"sameAs\":[\"https:\\\/\\\/ubirataonline.com.br\"],\"url\":\"https:\\\/\\\/ubirataonline.com.br\\\/en\\\/author\\\/vampeta\\\/\"},{\"@type\":\"PostalAddress\",\"@id\":\"https:\\\/\\\/ubirataonline.com.br\\\/vereador-harri-tholken-participa-da-entrega-de-veiculo-para-secretaria-de-saude\\\/#local-main-place-address\",\"streetAddress\":\"Rua dos Coqueiros, 104 - Bairro Boa Vista, Rua dos Coqueiros, 104 Bairro Boa Vista\",\"addressLocality\":\"UBIRATA\",\"postalCode\":\"85440-000\",\"addressRegion\":\"PR\",\"addressCountry\":\"BR\"},{\"@type\":\"ImageObject\",\"inLanguage\":\"en-US\",\"@id\":\"https:\\\/\\\/ubirataonline.com.br\\\/vereador-harri-tholken-participa-da-entrega-de-veiculo-para-secretaria-de-saude\\\/#local-main-organization-logo\",\"url\":\"https:\\\/\\\/ubirataonline.com.br\\\/wp-content\\\/uploads\\\/2026\\\/06\\\/logoubirataonline-1.webp\",\"contentUrl\":\"https:\\\/\\\/ubirataonline.com.br\\\/wp-content\\\/uploads\\\/2026\\\/06\\\/logoubirataonline-1.webp\",\"width\":500,\"height\":500,\"caption\":\"Ubirat\u00e3 Online Not\u00edcias\"}]}<\/script>\n<meta name=\"geo.placename\" content=\"UBIRATA\" \/>\n<meta name=\"geo.position\" content=\"-24.5361401;-52.9921776\" \/>\n<meta name=\"geo.region\" content=\"Brazil\" \/>\n<!-- \/ Yoast SEO Premium plugin. -->","yoast_head_json":{"title":"Vereador Harri Tholken participa da entrega de ve\u00edculo para Secretaria de Sa\u00fade - Ubirat\u00e3 Online Not\u00edcias - A realidade ao seu alcance!","description":"Aconteceu na manh\u00e3 desta quinta-feira (19) a entrega oficial feita pelo prefeito Haroldo Fernandes Duarte (BACO) de um ve\u00edculo Van Mercedes Benz Sprinter","robots":{"index":"index","follow":"follow","max-snippet":"max-snippet:-1","max-image-preview":"max-image-preview:large","max-video-preview":"max-video-preview:-1"},"canonical":"https:\/\/ubirataonline.com.br\/en\/vereador-harri-tholken-participa-da-entrega-de-veiculo-para-secretaria-de-saude\/","og_locale":"en_US","og_type":"article","og_title":"Vereador Harri Tholken participa da entrega de ve\u00edculo para Secretaria de Sa\u00fade","og_description":"Aconteceu na manh\u00e3 desta quinta-feira (19) a entrega oficial feita pelo prefeito Haroldo Fernandes Duarte (BACO) de um ve\u00edculo Van Mercedes Benz Sprinter","og_url":"https:\/\/ubirataonline.com.br\/en\/vereador-harri-tholken-participa-da-entrega-de-veiculo-para-secretaria-de-saude\/","og_site_name":"Ubirat\u00e3 Online Not\u00edcias - A realidade ao seu alcance!","article_publisher":"https:\/\/www.facebook.com\/portalubirataonline","article_published_time":"2017-01-19T15:45:21+00:00","article_modified_time":"2017-01-19T22:43:32+00:00","og_image":[{"url":"https:\/\/ubirataonline.com.br\/wp-content\/uploads\/2017\/01\/15977208_1832639656983629_7913912781469671794_n-1.jpg","type":"","width":"","height":""}],"author":"Vampeta","twitter_card":"summary_large_image","twitter_creator":"@ubirataonline","twitter_site":"@ubirataonline","twitter_misc":{"Written by":"Vampeta","Est. reading time":"1 minute"},"schema":{"@context":"https:\/\/schema.org","@graph":[{"@type":"NewsArticle","@id":"https:\/\/ubirataonline.com.br\/vereador-harri-tholken-participa-da-entrega-de-veiculo-para-secretaria-de-saude\/#article","isPartOf":{"@id":"https:\/\/ubirataonline.com.br\/vereador-harri-tholken-participa-da-entrega-de-veiculo-para-secretaria-de-saude\/"},"author":{"name":"Vampeta","@id":"https:\/\/ubirataonline.com.br\/#\/schema\/person\/09f7a474bd1834b50dea8d1c197e976f"},"headline":"Vereador Harri Tholken participa da entrega de ve\u00edculo para Secretaria de Sa\u00fade","datePublished":"2017-01-19T15:45:21+00:00","dateModified":"2017-01-19T22:43:32+00:00","mainEntityOfPage":{"@id":"https:\/\/ubirataonline.com.br\/vereador-harri-tholken-participa-da-entrega-de-veiculo-para-secretaria-de-saude\/"},"wordCount":239,"publisher":{"@id":"https:\/\/ubirataonline.com.br\/#organization"},"image":{"@id":"https:\/\/ubirataonline.com.br\/vereador-harri-tholken-participa-da-entrega-de-veiculo-para-secretaria-de-saude\/#primaryimage"},"thumbnailUrl":"https:\/\/ubirataonline.com.br\/wp-content\/uploads\/2017\/01\/15977208_1832639656983629_7913912781469671794_n-1.jpg","inLanguage":"en-US","copyrightYear":"2017","copyrightHolder":{"@id":"https:\/\/ubirataonline.com.br\/en\/#organization"}},{"@type":"WebPage","@id":"https:\/\/ubirataonline.com.br\/vereador-harri-tholken-participa-da-entrega-de-veiculo-para-secretaria-de-saude\/","url":"https:\/\/ubirataonline.com.br\/vereador-harri-tholken-participa-da-entrega-de-veiculo-para-secretaria-de-saude\/","name":"Vereador Harri Tholken participa da entrega de ve\u00edculo para Secretaria de Sa\u00fade - Ubirat\u00e3 Online Not\u00edcias - A realidade ao seu alcance!","isPartOf":{"@id":"https:\/\/ubirataonline.com.br\/#website"},"primaryImageOfPage":{"@id":"https:\/\/ubirataonline.com.br\/vereador-harri-tholken-participa-da-entrega-de-veiculo-para-secretaria-de-saude\/#primaryimage"},"image":{"@id":"https:\/\/ubirataonline.com.br\/vereador-harri-tholken-participa-da-entrega-de-veiculo-para-secretaria-de-saude\/#primaryimage"},"thumbnailUrl":"https:\/\/ubirataonline.com.br\/wp-content\/uploads\/2017\/01\/15977208_1832639656983629_7913912781469671794_n-1.jpg","datePublished":"2017-01-19T15:45:21+00:00","dateModified":"2017-01-19T22:43:32+00:00","description":"Aconteceu na manh\u00e3 desta quinta-feira (19) a entrega oficial feita pelo prefeito Haroldo Fernandes Duarte (BACO) de um ve\u00edculo Van Mercedes Benz Sprinter","breadcrumb":{"@id":"https:\/\/ubirataonline.com.br\/vereador-harri-tholken-participa-da-entrega-de-veiculo-para-secretaria-de-saude\/#breadcrumb"},"inLanguage":"en-US","potentialAction":[{"@type":"ReadAction","target":["https:\/\/ubirataonline.com.br\/vereador-harri-tholken-participa-da-entrega-de-veiculo-para-secretaria-de-saude\/"]}]},{"@type":"ImageObject","inLanguage":"en-US","@id":"https:\/\/ubirataonline.com.br\/vereador-harri-tholken-participa-da-entrega-de-veiculo-para-secretaria-de-saude\/#primaryimage","url":"https:\/\/ubirataonline.com.br\/wp-content\/uploads\/2017\/01\/15977208_1832639656983629_7913912781469671794_n-1.jpg","contentUrl":"https:\/\/ubirataonline.com.br\/wp-content\/uploads\/2017\/01\/15977208_1832639656983629_7913912781469671794_n-1.jpg"},{"@type":"BreadcrumbList","@id":"https:\/\/ubirataonline.com.br\/vereador-harri-tholken-participa-da-entrega-de-veiculo-para-secretaria-de-saude\/#breadcrumb","itemListElement":[{"@type":"ListItem","position":1,"name":"In\u00edcio","item":"https:\/\/ubirataonline.com.br\/"},{"@type":"ListItem","position":2,"name":"Vereador Harri Tholken participa da entrega de ve\u00edculo para Secretaria de Sa\u00fade"}]},{"@type":"WebSite","@id":"https:\/\/ubirataonline.com.br\/#website","url":"https:\/\/ubirataonline.com.br\/","name":"Ubirat\u00e3 Online Not\u00edcias","description":"Not\u00edcias de Ubirat\u00e3, regi\u00e3o, Brasil e mundo, com informa\u00e7\u00e3o atualizada e compromisso com o leitor.","publisher":{"@id":"https:\/\/ubirataonline.com.br\/#organization"},"alternateName":"Ubirat\u00e3 Online","potentialAction":[{"@type":"SearchAction","target":{"@type":"EntryPoint","urlTemplate":"https:\/\/ubirataonline.com.br\/?s={search_term_string}"},"query-input":{"@type":"PropertyValueSpecification","valueRequired":true,"valueName":"search_term_string"}}],"inLanguage":"en-US"},{"@type":["Organization","Place"],"@id":"https:\/\/ubirataonline.com.br\/#organization","name":"Ubirat\u00e3 Online Not\u00edcias","alternateName":"Ubirat\u00e3 Online","url":"https:\/\/ubirataonline.com.br\/","logo":{"@id":"https:\/\/ubirataonline.com.br\/vereador-harri-tholken-participa-da-entrega-de-veiculo-para-secretaria-de-saude\/#local-main-organization-logo"},"image":{"@id":"https:\/\/ubirataonline.com.br\/vereador-harri-tholken-participa-da-entrega-de-veiculo-para-secretaria-de-saude\/#local-main-organization-logo"},"sameAs":["https:\/\/www.facebook.com\/portalubirataonline","https:\/\/x.com\/ubirataonline","https:\/\/mastodon.social\/@ubirataonline","https:\/\/www.facebook.com\/groups\/311144672285604","https:\/\/www.facebook.com\/UBTAOnline","https:\/\/www.instagram.com\/portalubirataonline\/","https:\/\/twitter.com\/ubirataonline"],"description":"Somos um portal de not\u00edcias independente, criado em 5 de janeiro de 2009, com o objetivo de informar, conectar e valorizar a nossa comunidade de Ubirat\u00e3 e toda aregi\u00e3o. Com conte\u00fado atualizado, confi\u00e1vel e relevante, o Ubirat\u00e3 Online \u00e9 o seu espa\u00e7o para ficar por dentro dos principais acontecimentos locais, regionais, Brasil, Mundo e de interesse geral. Nosso compromisso \u00e9 com a verdade, a transpar\u00eancia e o respeito ao leitor.","legalName":"UBIRATA ONLINE NOT\u00cdCIAS","foundingDate":"2009-01-05","numberOfEmployees":{"@type":"QuantitativeValue","minValue":"1","maxValue":"10"},"publishingPrinciples":"https:\/\/ubirataonline.com.br\/faq\/","address":{"@id":"https:\/\/ubirataonline.com.br\/vereador-harri-tholken-participa-da-entrega-de-veiculo-para-secretaria-de-saude\/#local-main-place-address"},"geo":{"@type":"GeoCoordinates","latitude":"-24.5361401","longitude":"-52.9921776"},"telephone":["+5544998308235"],"contactPoint":{"@type":"ContactPoint","email":"contato@ubirataonline.com.br"},"openingHoursSpecification":{"@type":"OpeningHoursSpecification","dayOfWeek":["Monday","Tuesday","Wednesday","Thursday","Friday","Saturday","Sunday"],"opens":"00:00","closes":"23:59"},"email":"contato@ubirataonline.com.br","vatID":"47.621.418\/0001-80"},{"@type":"Person","@id":"https:\/\/ubirataonline.com.br\/#\/schema\/person\/09f7a474bd1834b50dea8d1c197e976f","name":"Vampeta","sameAs":["https:\/\/ubirataonline.com.br"],"url":"https:\/\/ubirataonline.com.br\/en\/author\/vampeta\/"},{"@type":"PostalAddress","@id":"https:\/\/ubirataonline.com.br\/vereador-harri-tholken-participa-da-entrega-de-veiculo-para-secretaria-de-saude\/#local-main-place-address","streetAddress":"Rua dos Coqueiros, 104 - Bairro Boa Vista, Rua dos Coqueiros, 104 Bairro Boa Vista","addressLocality":"UBIRATA","postalCode":"85440-000","addressRegion":"PR","addressCountry":"BR"},{"@type":"ImageObject","inLanguage":"en-US","@id":"https:\/\/ubirataonline.com.br\/vereador-harri-tholken-participa-da-entrega-de-veiculo-para-secretaria-de-saude\/#local-main-organization-logo","url":"https:\/\/ubirataonline.com.br\/wp-content\/uploads\/2026\/06\/logoubirataonline-1.webp","contentUrl":"https:\/\/ubirataonline.com.br\/wp-content\/uploads\/2026\/06\/logoubirataonline-1.webp","width":500,"height":500,"caption":"Ubirat\u00e3 Online Not\u00edcias"}]},"geo.placename":"UBIRATA","geo.position":{"lat":"-24.5361401","long":"-52.9921776"},"geo.region":"Brazil"},"_links":{"self":[{"href":"https:\/\/ubirataonline.com.br\/en\/wp-json\/wp\/v2\/posts\/756","targetHints":{"allow":["GET"]}}],"collection":[{"href":"https:\/\/ubirataonline.com.br\/en\/wp-json\/wp\/v2\/posts"}],"about":[{"href":"https:\/\/ubirataonline.com.br\/en\/wp-json\/wp\/v2\/types\/post"}],"author":[{"embeddable":true,"href":"https:\/\/ubirataonline.com.br\/en\/wp-json\/wp\/v2\/users\/2"}],"replies":[{"embeddable":true,"href":"https:\/\/ubirataonline.com.br\/en\/wp-json\/wp\/v2\/comments?post=756"}],"version-history":[{"count":0,"href":"https:\/\/ubirataonline.com.br\/en\/wp-json\/wp\/v2\/posts\/756\/revisions"}],"wp:attachment":[{"href":"https:\/\/ubirataonline.com.br\/en\/wp-json\/wp\/v2\/media?parent=756"}],"wp:term":[{"taxonomy":"category","embeddable":true,"href":"https:\/\/ubirataonline.com.br\/en\/wp-json\/wp\/v2\/categories?post=756"},{"taxonomy":"post_tag","embeddable":true,"href":"https:\/\/ubirataonline.com.br\/en\/wp-json\/wp\/v2\/tags?post=756"}],"curies":[{"name":"wp","href":"https:\/\/api.w.org\/{rel}","templated":true}]}}