{"id":79842,"date":"2026-01-16T11:50:41","date_gmt":"2026-01-16T14:50:41","guid":{"rendered":"https:\/\/ubirataonline.com.br\/?p=79842"},"modified":"2026-01-16T11:50:43","modified_gmt":"2026-01-16T14:50:43","slug":"demanda-por-saude-mental-cresce-mas-acesso-segue-restrito-no-brasil","status":"publish","type":"post","link":"https:\/\/ubirataonline.com.br\/en\/demanda-por-saude-mental-cresce-mas-acesso-segue-restrito-no-brasil\/","title":{"rendered":"Demanda por sa\u00fade mental cresce, mas acesso segue restrito no Brasil"},"content":{"rendered":"<p class=\"wp-block-paragraph\"><em>Pesquisa aponta que apenas 3% da popula\u00e7\u00e3o consegue investir regularmente no cuidado emocional<\/em>.<\/p>\n\n\n\n<p class=\"wp-block-paragraph\">A busca por apoio psicol\u00f3gico cresceu no Brasil nos \u00faltimos anos, segundo o Minist\u00e9rio da Sa\u00fade, mas o acesso ao cuidado com a sa\u00fade mental ainda \u00e9 marcado pela desigualdade social. Uma pesquisa online do Instituto Locomotiva mostra que apenas 3% dos brasileiros t\u00eam condi\u00e7\u00f5es financeiras de investir regularmente no pr\u00f3prio bem-estar emocional. Entre pessoas das classes D e E, somente 35% conseguem investir em autocuidados de forma ocasional, enquanto 25% afirmam n\u00e3o ter qualquer possibilidade de arcar com esse tipo de cuidado. O levantamento ouviu mais de 1.500 brasileiros de todas as regi\u00f5es do pa\u00eds.<\/p>\n\n\n\n<p class=\"wp-block-paragraph\"><strong>A crescente conscientiza\u00e7\u00e3o sobre a sa\u00fade mental no Brasil<\/strong><\/p>\n\n\n\n<p class=\"wp-block-paragraph\">Um levantamento da Associa\u00e7\u00e3o Brasileira de Psiquiatria (ABP), divulgado em 2025, mostra que 54,1% dos brasileiros sabem indicar onde procurar ajuda em momentos de crise emocional. O dado sinaliza um avan\u00e7o importante na alfabetiza\u00e7\u00e3o em sa\u00fade mental no pa\u00eds. A mesma pesquisa tamb\u00e9m aponta que 50,9% da popula\u00e7\u00e3o j\u00e1 passou por atendimento com psic\u00f3logo ou psiquiatra ao menos uma vez, o que refor\u00e7a a normaliza\u00e7\u00e3o da terapia como parte do cuidado com a sa\u00fade integral.<\/p>\n\n\n\n<p class=\"wp-block-paragraph\">Ao mesmo tempo, o estudo revela um cen\u00e1rio que exige aten\u00e7\u00e3o cont\u00ednua. Cerca de 25,2% dos entrevistados afirmaram n\u00e3o se sentir bem emocionalmente, e quase 31% relataram sentimentos frequentes de tristeza ou decep\u00e7\u00e3o, ainda que mantenham expectativa de melhora. Esses n\u00fameros evidenciam a import\u00e2ncia de estrat\u00e9gias preventivas e de acesso qualificado ao cuidado, sem reduzir a discuss\u00e3o a diagn\u00f3sticos ou condi\u00e7\u00f5es espec\u00edficas.<\/p>\n\n\n\n<p class=\"wp-block-paragraph\"><strong>Por que a qualifica\u00e7\u00e3o profissional \u00e9 fundamental para o apoio psicol\u00f3gico<\/strong><\/p>\n\n\n\n<p class=\"wp-block-paragraph\">O crescimento da demanda por apoio psicol\u00f3gico traz \u00e0 tona uma distin\u00e7\u00e3o essencial: a diferen\u00e7a entre escuta informal e suporte profissional. Conversas com amigos, familiares ou grupos de apoio podem ter papel importante no cotidiano, mas n\u00e3o substituem o acompanhamento realizado por profissionais capacitados, formados para lidar com quest\u00f5es emocionais de maneira \u00e9tica, t\u00e9cnica e respons\u00e1vel.<\/p>\n\n\n\n<p class=\"wp-block-paragraph\">A atua\u00e7\u00e3o em sa\u00fade mental exige preparo espec\u00edfico, atualiza\u00e7\u00e3o constante e compromisso com princ\u00edpios cient\u00edficos e \u00e9ticos. Sem essa base, h\u00e1 riscos como orienta\u00e7\u00f5es inadequadas, interpreta\u00e7\u00f5es equivocadas e viola\u00e7\u00e3o de limites profissionais. Por isso, a qualifica\u00e7\u00e3o \u00e9 um requisito para garantir a seguran\u00e7a de quem busca ajuda.<\/p>\n\n\n\n<p class=\"wp-block-paragraph\">Para atuar na \u00e1rea de sa\u00fade mental e oferecer o suporte necess\u00e1rio \u00e0 popula\u00e7\u00e3o, \u00e9 fundamental que o profissional tenha uma forma\u00e7\u00e3o s\u00f3lida, obtida em uma <a href=\"https:\/\/cursos.cruzeirodosul.edu.br\/grad-psicologia-cruzeiro-do-sul\/p\"><strong>faculdade de psicologia<\/strong><\/a> reconhecida. Esse percurso formativo \u00e9 o que habilita o futuro profissional a compreender o cuidado emocional de forma ampla, preventiva e contextualizada.<\/p>\n\n\n\n<p class=\"wp-block-paragraph\">Onde buscar ajuda: garantindo um atendimento \u00e9tico e eficaz<\/p>\n\n\n\n<p class=\"wp-block-paragraph\">Um dos principais crit\u00e9rios na hora de buscar um atendimento seguro \u00e9 verificar se o profissional possui registro ativo no Conselho Regional de Psicologia (CRP), \u00f3rg\u00e3o respons\u00e1vel por fiscalizar e normatizar a pr\u00e1tica da psicologia no Brasil. O registro assegura que o profissional cumpriu as exig\u00eancias legais e est\u00e1 submetido a um c\u00f3digo de \u00e9tica.<\/p>\n\n\n\n<p class=\"wp-block-paragraph\">Al\u00e9m do atendimento individual, o SUS segue como porta de entrada fundamental para milh\u00f5es de brasileiros. O fortalecimento da Rede de Aten\u00e7\u00e3o Psicossocial (RAPS) ampliou o acesso a servi\u00e7os comunit\u00e1rios e multiprofissionais, o que contribui para reduzir barreiras hist\u00f3ricas no cuidado emocional.<\/p>\n\n\n\n<p class=\"wp-block-paragraph\">O avan\u00e7o da conscientiza\u00e7\u00e3o sobre sa\u00fade mental representa um passo importante para o pa\u00eds, mas ele s\u00f3 se sustenta com investimento cont\u00ednuo em forma\u00e7\u00e3o, regula\u00e7\u00e3o e informa\u00e7\u00e3o de qualidade.<\/p>","protected":false},"excerpt":{"rendered":"<p>Pesquisa aponta que apenas 3% da popula\u00e7\u00e3o consegue investir regularmente no cuidado emocional. A busca por apoio psicol\u00f3gico cresceu no Brasil nos \u00faltimos anos, segundo o Minist\u00e9rio da Sa\u00fade, mas o acesso ao cuidado com a sa\u00fade mental ainda \u00e9 marcado pela desigualdade social. Uma pesquisa online do Instituto Locomotiva mostra que apenas 3% dos [&hellip;]<\/p>\n","protected":false},"author":1,"featured_media":79844,"comment_status":"closed","ping_status":"closed","sticky":false,"template":"","format":"standard","meta":{"googlesitekit_rrm_CAow2JLhCw:productID":"","_gspb_post_css":"","maa_idioma":"","maa_pais":"","footnotes":""},"categories":[4,30],"tags":[2679],"class_list":["post-79842","post","type-post","status-publish","format-standard","has-post-thumbnail","hentry","category-brasil","category-saude","tag-saude-mental-2"],"blocksy_meta":[],"yoast_head":"<!-- This site is optimized with the Yoast SEO Premium plugin v27.6 (Yoast SEO v27.6) - https:\/\/yoast.com\/product\/yoast-seo-premium-wordpress\/ -->\n<title>Demanda por sa\u00fade mental cresce, mas acesso segue restrito no Brasil - Ubirat\u00e3 Online Not\u00edcias - A realidade ao seu alcance!<\/title>\n<meta name=\"description\" content=\"Pesquisa aponta que apenas 3% da popula\u00e7\u00e3o consegue investir regularmente no cuidado emocional. A busca por apoio psicol\u00f3gico cresceu no Brasil nos\" \/>\n<meta name=\"robots\" content=\"index, follow, max-snippet:-1, max-image-preview:large, max-video-preview:-1\" \/>\n<link rel=\"canonical\" href=\"https:\/\/ubirataonline.com.br\/en\/demanda-por-saude-mental-cresce-mas-acesso-segue-restrito-no-brasil\/\" \/>\n<meta property=\"og:locale\" content=\"en_US\" \/>\n<meta property=\"og:type\" content=\"article\" \/>\n<meta property=\"og:title\" content=\"Demanda por sa\u00fade mental cresce, mas acesso segue restrito no Brasil\" \/>\n<meta property=\"og:description\" content=\"Pesquisa aponta que apenas 3% da popula\u00e7\u00e3o consegue investir regularmente no cuidado emocional. A busca por apoio psicol\u00f3gico cresceu no Brasil nos\" \/>\n<meta property=\"og:url\" content=\"https:\/\/ubirataonline.com.br\/en\/demanda-por-saude-mental-cresce-mas-acesso-segue-restrito-no-brasil\/\" \/>\n<meta property=\"og:site_name\" content=\"Ubirat\u00e3 Online Not\u00edcias - A realidade ao seu alcance!\" \/>\n<meta property=\"article:publisher\" content=\"https:\/\/www.facebook.com\/portalubirataonline\" \/>\n<meta property=\"article:author\" content=\"https:\/\/www.facebook.com\/portalubirataonline\" \/>\n<meta property=\"article:published_time\" content=\"2026-01-16T14:50:41+00:00\" \/>\n<meta property=\"article:modified_time\" content=\"2026-01-16T14:50:43+00:00\" \/>\n<meta property=\"og:image\" content=\"https:\/\/ubirataonline.com.br\/wp-content\/uploads\/2026\/01\/saudebucal.jpeg\" \/>\n\t<meta property=\"og:image:width\" content=\"670\" \/>\n\t<meta property=\"og:image:height\" content=\"471\" \/>\n\t<meta property=\"og:image:type\" content=\"image\/jpeg\" \/>\n<meta name=\"author\" content=\"REDA\u00c7\u00c3O: UBIRAT\u00c3 ONLINE - F\u00c1BIO AUGUSTO CELESTINO\" \/>\n<meta name=\"twitter:card\" content=\"summary_large_image\" \/>\n<meta name=\"twitter:creator\" content=\"@x.com\/ubirataonline\" \/>\n<meta name=\"twitter:site\" content=\"@ubirataonline\" \/>\n<meta name=\"twitter:label1\" content=\"Written by\" \/>\n\t<meta name=\"twitter:data1\" content=\"REDA\u00c7\u00c3O: UBIRAT\u00c3 ONLINE - F\u00c1BIO AUGUSTO CELESTINO\" \/>\n\t<meta name=\"twitter:label2\" content=\"Est. reading time\" \/>\n\t<meta name=\"twitter:data2\" content=\"3 minutes\" \/>\n<script type=\"application\/ld+json\" class=\"yoast-schema-graph\">{\"@context\":\"https:\\\/\\\/schema.org\",\"@graph\":[{\"@type\":\"NewsArticle\",\"@id\":\"https:\\\/\\\/ubirataonline.com.br\\\/demanda-por-saude-mental-cresce-mas-acesso-segue-restrito-no-brasil\\\/#article\",\"isPartOf\":{\"@id\":\"https:\\\/\\\/ubirataonline.com.br\\\/demanda-por-saude-mental-cresce-mas-acesso-segue-restrito-no-brasil\\\/\"},\"author\":{\"name\":\"REDA\u00c7\u00c3O: UBIRAT\u00c3 ONLINE - F\u00c1BIO AUGUSTO CELESTINO\",\"@id\":\"https:\\\/\\\/ubirataonline.com.br\\\/#\\\/schema\\\/person\\\/372f87bbd3fdd79b8556b84c98d0bc1c\"},\"headline\":\"Demanda por sa\u00fade mental cresce, mas acesso segue restrito no Brasil\",\"datePublished\":\"2026-01-16T14:50:41+00:00\",\"dateModified\":\"2026-01-16T14:50:43+00:00\",\"mainEntityOfPage\":{\"@id\":\"https:\\\/\\\/ubirataonline.com.br\\\/demanda-por-saude-mental-cresce-mas-acesso-segue-restrito-no-brasil\\\/\"},\"wordCount\":630,\"publisher\":{\"@id\":\"https:\\\/\\\/ubirataonline.com.br\\\/#organization\"},\"image\":{\"@id\":\"https:\\\/\\\/ubirataonline.com.br\\\/demanda-por-saude-mental-cresce-mas-acesso-segue-restrito-no-brasil\\\/#primaryimage\"},\"thumbnailUrl\":\"https:\\\/\\\/ubirataonline.com.br\\\/wp-content\\\/uploads\\\/2026\\\/01\\\/saudebucal.jpeg\",\"keywords\":[\"Sa\u00fade Mental\"],\"articleSection\":[\"Brasil\",\"Sa\u00fade\"],\"inLanguage\":\"en-US\",\"copyrightYear\":\"2026\",\"copyrightHolder\":{\"@id\":\"https:\\\/\\\/ubirataonline.com.br\\\/en\\\/#organization\"}},{\"@type\":\"WebPage\",\"@id\":\"https:\\\/\\\/ubirataonline.com.br\\\/demanda-por-saude-mental-cresce-mas-acesso-segue-restrito-no-brasil\\\/\",\"url\":\"https:\\\/\\\/ubirataonline.com.br\\\/demanda-por-saude-mental-cresce-mas-acesso-segue-restrito-no-brasil\\\/\",\"name\":\"Demanda por sa\u00fade mental cresce, mas acesso segue restrito no Brasil - Ubirat\u00e3 Online Not\u00edcias - A realidade ao seu alcance!\",\"isPartOf\":{\"@id\":\"https:\\\/\\\/ubirataonline.com.br\\\/#website\"},\"primaryImageOfPage\":{\"@id\":\"https:\\\/\\\/ubirataonline.com.br\\\/demanda-por-saude-mental-cresce-mas-acesso-segue-restrito-no-brasil\\\/#primaryimage\"},\"image\":{\"@id\":\"https:\\\/\\\/ubirataonline.com.br\\\/demanda-por-saude-mental-cresce-mas-acesso-segue-restrito-no-brasil\\\/#primaryimage\"},\"thumbnailUrl\":\"https:\\\/\\\/ubirataonline.com.br\\\/wp-content\\\/uploads\\\/2026\\\/01\\\/saudebucal.jpeg\",\"datePublished\":\"2026-01-16T14:50:41+00:00\",\"dateModified\":\"2026-01-16T14:50:43+00:00\",\"description\":\"Pesquisa aponta que apenas 3% da popula\u00e7\u00e3o consegue investir regularmente no cuidado emocional. A busca por apoio psicol\u00f3gico cresceu no Brasil nos\",\"breadcrumb\":{\"@id\":\"https:\\\/\\\/ubirataonline.com.br\\\/demanda-por-saude-mental-cresce-mas-acesso-segue-restrito-no-brasil\\\/#breadcrumb\"},\"inLanguage\":\"en-US\",\"potentialAction\":[{\"@type\":\"ReadAction\",\"target\":[\"https:\\\/\\\/ubirataonline.com.br\\\/demanda-por-saude-mental-cresce-mas-acesso-segue-restrito-no-brasil\\\/\"]}]},{\"@type\":\"ImageObject\",\"inLanguage\":\"en-US\",\"@id\":\"https:\\\/\\\/ubirataonline.com.br\\\/demanda-por-saude-mental-cresce-mas-acesso-segue-restrito-no-brasil\\\/#primaryimage\",\"url\":\"https:\\\/\\\/ubirataonline.com.br\\\/wp-content\\\/uploads\\\/2026\\\/01\\\/saudebucal.jpeg\",\"contentUrl\":\"https:\\\/\\\/ubirataonline.com.br\\\/wp-content\\\/uploads\\\/2026\\\/01\\\/saudebucal.jpeg\",\"width\":670,\"height\":471},{\"@type\":\"BreadcrumbList\",\"@id\":\"https:\\\/\\\/ubirataonline.com.br\\\/demanda-por-saude-mental-cresce-mas-acesso-segue-restrito-no-brasil\\\/#breadcrumb\",\"itemListElement\":[{\"@type\":\"ListItem\",\"position\":1,\"name\":\"In\u00edcio\",\"item\":\"https:\\\/\\\/ubirataonline.com.br\\\/\"},{\"@type\":\"ListItem\",\"position\":2,\"name\":\"Demanda por sa\u00fade mental cresce, mas acesso segue restrito no Brasil\"}]},{\"@type\":\"WebSite\",\"@id\":\"https:\\\/\\\/ubirataonline.com.br\\\/#website\",\"url\":\"https:\\\/\\\/ubirataonline.com.br\\\/\",\"name\":\"Ubirat\u00e3 Online Not\u00edcias\",\"description\":\"Not\u00edcias de Ubirat\u00e3, regi\u00e3o, Brasil e mundo, com informa\u00e7\u00e3o atualizada e compromisso com o leitor.\",\"publisher\":{\"@id\":\"https:\\\/\\\/ubirataonline.com.br\\\/#organization\"},\"alternateName\":\"Ubirat\u00e3 Online\",\"potentialAction\":[{\"@type\":\"SearchAction\",\"target\":{\"@type\":\"EntryPoint\",\"urlTemplate\":\"https:\\\/\\\/ubirataonline.com.br\\\/?s={search_term_string}\"},\"query-input\":{\"@type\":\"PropertyValueSpecification\",\"valueRequired\":true,\"valueName\":\"search_term_string\"}}],\"inLanguage\":\"en-US\"},{\"@type\":[\"Organization\",\"Place\"],\"@id\":\"https:\\\/\\\/ubirataonline.com.br\\\/#organization\",\"name\":\"Ubirat\u00e3 Online Not\u00edcias\",\"alternateName\":\"Ubirat\u00e3 Online\",\"url\":\"https:\\\/\\\/ubirataonline.com.br\\\/\",\"logo\":{\"@id\":\"https:\\\/\\\/ubirataonline.com.br\\\/demanda-por-saude-mental-cresce-mas-acesso-segue-restrito-no-brasil\\\/#local-main-organization-logo\"},\"image\":{\"@id\":\"https:\\\/\\\/ubirataonline.com.br\\\/demanda-por-saude-mental-cresce-mas-acesso-segue-restrito-no-brasil\\\/#local-main-organization-logo\"},\"sameAs\":[\"https:\\\/\\\/www.facebook.com\\\/portalubirataonline\",\"https:\\\/\\\/x.com\\\/ubirataonline\",\"https:\\\/\\\/mastodon.social\\\/@ubirataonline\",\"https:\\\/\\\/www.facebook.com\\\/groups\\\/311144672285604\",\"https:\\\/\\\/www.facebook.com\\\/UBTAOnline\",\"https:\\\/\\\/www.instagram.com\\\/portalubirataonline\\\/\",\"https:\\\/\\\/twitter.com\\\/ubirataonline\"],\"description\":\"Somos um portal de not\u00edcias independente, criado em 5 de janeiro de 2009, com o objetivo de informar, conectar e valorizar a nossa comunidade de Ubirat\u00e3 e toda aregi\u00e3o. Com conte\u00fado atualizado, confi\u00e1vel e relevante, o Ubirat\u00e3 Online \u00e9 o seu espa\u00e7o para ficar por dentro dos principais acontecimentos locais, regionais, Brasil, Mundo e de interesse geral. Nosso compromisso \u00e9 com a verdade, a transpar\u00eancia e o respeito ao leitor.\",\"legalName\":\"UBIRATA ONLINE NOT\u00cdCIAS\",\"foundingDate\":\"2009-01-05\",\"numberOfEmployees\":{\"@type\":\"QuantitativeValue\",\"minValue\":\"1\",\"maxValue\":\"10\"},\"publishingPrinciples\":\"https:\\\/\\\/ubirataonline.com.br\\\/faq\\\/\",\"address\":{\"@id\":\"https:\\\/\\\/ubirataonline.com.br\\\/demanda-por-saude-mental-cresce-mas-acesso-segue-restrito-no-brasil\\\/#local-main-place-address\"},\"geo\":{\"@type\":\"GeoCoordinates\",\"latitude\":\"-24.5361401\",\"longitude\":\"-52.9921776\"},\"telephone\":[\"+5544998308235\"],\"contactPoint\":{\"@type\":\"ContactPoint\",\"email\":\"contato@ubirataonline.com.br\"},\"openingHoursSpecification\":{\"@type\":\"OpeningHoursSpecification\",\"dayOfWeek\":[\"Monday\",\"Tuesday\",\"Wednesday\",\"Thursday\",\"Friday\",\"Saturday\",\"Sunday\"],\"opens\":\"00:00\",\"closes\":\"23:59\"},\"email\":\"contato@ubirataonline.com.br\",\"vatID\":\"47.621.418\\\/0001-80\"},{\"@type\":\"Person\",\"@id\":\"https:\\\/\\\/ubirataonline.com.br\\\/#\\\/schema\\\/person\\\/372f87bbd3fdd79b8556b84c98d0bc1c\",\"name\":\"REDA\u00c7\u00c3O: UBIRAT\u00c3 ONLINE - F\u00c1BIO AUGUSTO CELESTINO\",\"pronouns\":\"Ele\",\"description\":\"Desde 2003 trabalhando com not\u00edcias.\",\"sameAs\":[\"http:\\\/\\\/ubirataoline.com.br\",\"https:\\\/\\\/www.facebook.com\\\/portalubirataonline\",\"https:\\\/\\\/www.instagram.com\\\/ubirataonline_oficial\",\"https:\\\/\\\/x.com\\\/x.com\\\/ubirataonline\"],\"honorificPrefix\":\"Mr.\",\"honorificSuffix\":\"MD\",\"birthDate\":\"1980-06-16\",\"gender\":\"masculino\",\"award\":[\"V\u00e1rios pr\u00eamios de melhor portal da cidade\"],\"jobTitle\":\"Diretor\",\"url\":\"https:\\\/\\\/ubirataonline.com.br\\\/en\\\/author\\\/ubirataonline\\\/\"},{\"@type\":\"PostalAddress\",\"@id\":\"https:\\\/\\\/ubirataonline.com.br\\\/demanda-por-saude-mental-cresce-mas-acesso-segue-restrito-no-brasil\\\/#local-main-place-address\",\"streetAddress\":\"Rua dos Coqueiros, 104 - Bairro Boa Vista, Rua dos Coqueiros, 104 Bairro Boa Vista\",\"addressLocality\":\"UBIRATA\",\"postalCode\":\"85440-000\",\"addressRegion\":\"PR\",\"addressCountry\":\"BR\"},{\"@type\":\"ImageObject\",\"inLanguage\":\"en-US\",\"@id\":\"https:\\\/\\\/ubirataonline.com.br\\\/demanda-por-saude-mental-cresce-mas-acesso-segue-restrito-no-brasil\\\/#local-main-organization-logo\",\"url\":\"https:\\\/\\\/ubirataonline.com.br\\\/wp-content\\\/uploads\\\/2026\\\/06\\\/logoubirataonline-1.webp\",\"contentUrl\":\"https:\\\/\\\/ubirataonline.com.br\\\/wp-content\\\/uploads\\\/2026\\\/06\\\/logoubirataonline-1.webp\",\"width\":500,\"height\":500,\"caption\":\"Ubirat\u00e3 Online Not\u00edcias\"}]}<\/script>\n<meta name=\"geo.placename\" content=\"UBIRATA\" \/>\n<meta name=\"geo.position\" content=\"-24.5361401;-52.9921776\" \/>\n<meta name=\"geo.region\" content=\"Brazil\" \/>\n<!-- \/ Yoast SEO Premium plugin. -->","yoast_head_json":{"title":"Demanda por sa\u00fade mental cresce, mas acesso segue restrito no Brasil - Ubirat\u00e3 Online Not\u00edcias - A realidade ao seu alcance!","description":"Pesquisa aponta que apenas 3% da popula\u00e7\u00e3o consegue investir regularmente no cuidado emocional. A busca por apoio psicol\u00f3gico cresceu no Brasil nos","robots":{"index":"index","follow":"follow","max-snippet":"max-snippet:-1","max-image-preview":"max-image-preview:large","max-video-preview":"max-video-preview:-1"},"canonical":"https:\/\/ubirataonline.com.br\/en\/demanda-por-saude-mental-cresce-mas-acesso-segue-restrito-no-brasil\/","og_locale":"en_US","og_type":"article","og_title":"Demanda por sa\u00fade mental cresce, mas acesso segue restrito no Brasil","og_description":"Pesquisa aponta que apenas 3% da popula\u00e7\u00e3o consegue investir regularmente no cuidado emocional. A busca por apoio psicol\u00f3gico cresceu no Brasil nos","og_url":"https:\/\/ubirataonline.com.br\/en\/demanda-por-saude-mental-cresce-mas-acesso-segue-restrito-no-brasil\/","og_site_name":"Ubirat\u00e3 Online Not\u00edcias - A realidade ao seu alcance!","article_publisher":"https:\/\/www.facebook.com\/portalubirataonline","article_author":"https:\/\/www.facebook.com\/portalubirataonline","article_published_time":"2026-01-16T14:50:41+00:00","article_modified_time":"2026-01-16T14:50:43+00:00","og_image":[{"width":670,"height":471,"url":"https:\/\/ubirataonline.com.br\/wp-content\/uploads\/2026\/01\/saudebucal.jpeg","type":"image\/jpeg"}],"author":"REDA\u00c7\u00c3O: UBIRAT\u00c3 ONLINE - F\u00c1BIO AUGUSTO CELESTINO","twitter_card":"summary_large_image","twitter_creator":"@x.com\/ubirataonline","twitter_site":"@ubirataonline","twitter_misc":{"Written by":"REDA\u00c7\u00c3O: UBIRAT\u00c3 ONLINE - F\u00c1BIO AUGUSTO CELESTINO","Est. reading time":"3 minutes"},"schema":{"@context":"https:\/\/schema.org","@graph":[{"@type":"NewsArticle","@id":"https:\/\/ubirataonline.com.br\/demanda-por-saude-mental-cresce-mas-acesso-segue-restrito-no-brasil\/#article","isPartOf":{"@id":"https:\/\/ubirataonline.com.br\/demanda-por-saude-mental-cresce-mas-acesso-segue-restrito-no-brasil\/"},"author":{"name":"REDA\u00c7\u00c3O: UBIRAT\u00c3 ONLINE - F\u00c1BIO AUGUSTO CELESTINO","@id":"https:\/\/ubirataonline.com.br\/#\/schema\/person\/372f87bbd3fdd79b8556b84c98d0bc1c"},"headline":"Demanda por sa\u00fade mental cresce, mas acesso segue restrito no Brasil","datePublished":"2026-01-16T14:50:41+00:00","dateModified":"2026-01-16T14:50:43+00:00","mainEntityOfPage":{"@id":"https:\/\/ubirataonline.com.br\/demanda-por-saude-mental-cresce-mas-acesso-segue-restrito-no-brasil\/"},"wordCount":630,"publisher":{"@id":"https:\/\/ubirataonline.com.br\/#organization"},"image":{"@id":"https:\/\/ubirataonline.com.br\/demanda-por-saude-mental-cresce-mas-acesso-segue-restrito-no-brasil\/#primaryimage"},"thumbnailUrl":"https:\/\/ubirataonline.com.br\/wp-content\/uploads\/2026\/01\/saudebucal.jpeg","keywords":["Sa\u00fade Mental"],"articleSection":["Brasil","Sa\u00fade"],"inLanguage":"en-US","copyrightYear":"2026","copyrightHolder":{"@id":"https:\/\/ubirataonline.com.br\/en\/#organization"}},{"@type":"WebPage","@id":"https:\/\/ubirataonline.com.br\/demanda-por-saude-mental-cresce-mas-acesso-segue-restrito-no-brasil\/","url":"https:\/\/ubirataonline.com.br\/demanda-por-saude-mental-cresce-mas-acesso-segue-restrito-no-brasil\/","name":"Demanda por sa\u00fade mental cresce, mas acesso segue restrito no Brasil - Ubirat\u00e3 Online Not\u00edcias - A realidade ao seu alcance!","isPartOf":{"@id":"https:\/\/ubirataonline.com.br\/#website"},"primaryImageOfPage":{"@id":"https:\/\/ubirataonline.com.br\/demanda-por-saude-mental-cresce-mas-acesso-segue-restrito-no-brasil\/#primaryimage"},"image":{"@id":"https:\/\/ubirataonline.com.br\/demanda-por-saude-mental-cresce-mas-acesso-segue-restrito-no-brasil\/#primaryimage"},"thumbnailUrl":"https:\/\/ubirataonline.com.br\/wp-content\/uploads\/2026\/01\/saudebucal.jpeg","datePublished":"2026-01-16T14:50:41+00:00","dateModified":"2026-01-16T14:50:43+00:00","description":"Pesquisa aponta que apenas 3% da popula\u00e7\u00e3o consegue investir regularmente no cuidado emocional. A busca por apoio psicol\u00f3gico cresceu no Brasil nos","breadcrumb":{"@id":"https:\/\/ubirataonline.com.br\/demanda-por-saude-mental-cresce-mas-acesso-segue-restrito-no-brasil\/#breadcrumb"},"inLanguage":"en-US","potentialAction":[{"@type":"ReadAction","target":["https:\/\/ubirataonline.com.br\/demanda-por-saude-mental-cresce-mas-acesso-segue-restrito-no-brasil\/"]}]},{"@type":"ImageObject","inLanguage":"en-US","@id":"https:\/\/ubirataonline.com.br\/demanda-por-saude-mental-cresce-mas-acesso-segue-restrito-no-brasil\/#primaryimage","url":"https:\/\/ubirataonline.com.br\/wp-content\/uploads\/2026\/01\/saudebucal.jpeg","contentUrl":"https:\/\/ubirataonline.com.br\/wp-content\/uploads\/2026\/01\/saudebucal.jpeg","width":670,"height":471},{"@type":"BreadcrumbList","@id":"https:\/\/ubirataonline.com.br\/demanda-por-saude-mental-cresce-mas-acesso-segue-restrito-no-brasil\/#breadcrumb","itemListElement":[{"@type":"ListItem","position":1,"name":"In\u00edcio","item":"https:\/\/ubirataonline.com.br\/"},{"@type":"ListItem","position":2,"name":"Demanda por sa\u00fade mental cresce, mas acesso segue restrito no Brasil"}]},{"@type":"WebSite","@id":"https:\/\/ubirataonline.com.br\/#website","url":"https:\/\/ubirataonline.com.br\/","name":"Ubirat\u00e3 Online Not\u00edcias","description":"Not\u00edcias de Ubirat\u00e3, regi\u00e3o, Brasil e mundo, com informa\u00e7\u00e3o atualizada e compromisso com o leitor.","publisher":{"@id":"https:\/\/ubirataonline.com.br\/#organization"},"alternateName":"Ubirat\u00e3 Online","potentialAction":[{"@type":"SearchAction","target":{"@type":"EntryPoint","urlTemplate":"https:\/\/ubirataonline.com.br\/?s={search_term_string}"},"query-input":{"@type":"PropertyValueSpecification","valueRequired":true,"valueName":"search_term_string"}}],"inLanguage":"en-US"},{"@type":["Organization","Place"],"@id":"https:\/\/ubirataonline.com.br\/#organization","name":"Ubirat\u00e3 Online Not\u00edcias","alternateName":"Ubirat\u00e3 Online","url":"https:\/\/ubirataonline.com.br\/","logo":{"@id":"https:\/\/ubirataonline.com.br\/demanda-por-saude-mental-cresce-mas-acesso-segue-restrito-no-brasil\/#local-main-organization-logo"},"image":{"@id":"https:\/\/ubirataonline.com.br\/demanda-por-saude-mental-cresce-mas-acesso-segue-restrito-no-brasil\/#local-main-organization-logo"},"sameAs":["https:\/\/www.facebook.com\/portalubirataonline","https:\/\/x.com\/ubirataonline","https:\/\/mastodon.social\/@ubirataonline","https:\/\/www.facebook.com\/groups\/311144672285604","https:\/\/www.facebook.com\/UBTAOnline","https:\/\/www.instagram.com\/portalubirataonline\/","https:\/\/twitter.com\/ubirataonline"],"description":"Somos um portal de not\u00edcias independente, criado em 5 de janeiro de 2009, com o objetivo de informar, conectar e valorizar a nossa comunidade de Ubirat\u00e3 e toda aregi\u00e3o. Com conte\u00fado atualizado, confi\u00e1vel e relevante, o Ubirat\u00e3 Online \u00e9 o seu espa\u00e7o para ficar por dentro dos principais acontecimentos locais, regionais, Brasil, Mundo e de interesse geral. Nosso compromisso \u00e9 com a verdade, a transpar\u00eancia e o respeito ao leitor.","legalName":"UBIRATA ONLINE NOT\u00cdCIAS","foundingDate":"2009-01-05","numberOfEmployees":{"@type":"QuantitativeValue","minValue":"1","maxValue":"10"},"publishingPrinciples":"https:\/\/ubirataonline.com.br\/faq\/","address":{"@id":"https:\/\/ubirataonline.com.br\/demanda-por-saude-mental-cresce-mas-acesso-segue-restrito-no-brasil\/#local-main-place-address"},"geo":{"@type":"GeoCoordinates","latitude":"-24.5361401","longitude":"-52.9921776"},"telephone":["+5544998308235"],"contactPoint":{"@type":"ContactPoint","email":"contato@ubirataonline.com.br"},"openingHoursSpecification":{"@type":"OpeningHoursSpecification","dayOfWeek":["Monday","Tuesday","Wednesday","Thursday","Friday","Saturday","Sunday"],"opens":"00:00","closes":"23:59"},"email":"contato@ubirataonline.com.br","vatID":"47.621.418\/0001-80"},{"@type":"Person","@id":"https:\/\/ubirataonline.com.br\/#\/schema\/person\/372f87bbd3fdd79b8556b84c98d0bc1c","name":"REDA\u00c7\u00c3O: UBIRAT\u00c3 ONLINE - F\u00c1BIO AUGUSTO CELESTINO","pronouns":"Ele","description":"Desde 2003 trabalhando com not\u00edcias.","sameAs":["http:\/\/ubirataoline.com.br","https:\/\/www.facebook.com\/portalubirataonline","https:\/\/www.instagram.com\/ubirataonline_oficial","https:\/\/x.com\/x.com\/ubirataonline"],"honorificPrefix":"Mr.","honorificSuffix":"MD","birthDate":"1980-06-16","gender":"masculino","award":["V\u00e1rios pr\u00eamios de melhor portal da cidade"],"jobTitle":"Diretor","url":"https:\/\/ubirataonline.com.br\/en\/author\/ubirataonline\/"},{"@type":"PostalAddress","@id":"https:\/\/ubirataonline.com.br\/demanda-por-saude-mental-cresce-mas-acesso-segue-restrito-no-brasil\/#local-main-place-address","streetAddress":"Rua dos Coqueiros, 104 - Bairro Boa Vista, Rua dos Coqueiros, 104 Bairro Boa Vista","addressLocality":"UBIRATA","postalCode":"85440-000","addressRegion":"PR","addressCountry":"BR"},{"@type":"ImageObject","inLanguage":"en-US","@id":"https:\/\/ubirataonline.com.br\/demanda-por-saude-mental-cresce-mas-acesso-segue-restrito-no-brasil\/#local-main-organization-logo","url":"https:\/\/ubirataonline.com.br\/wp-content\/uploads\/2026\/06\/logoubirataonline-1.webp","contentUrl":"https:\/\/ubirataonline.com.br\/wp-content\/uploads\/2026\/06\/logoubirataonline-1.webp","width":500,"height":500,"caption":"Ubirat\u00e3 Online Not\u00edcias"}]},"geo.placename":"UBIRATA","geo.position":{"lat":"-24.5361401","long":"-52.9921776"},"geo.region":"Brazil"},"_links":{"self":[{"href":"https:\/\/ubirataonline.com.br\/en\/wp-json\/wp\/v2\/posts\/79842","targetHints":{"allow":["GET"]}}],"collection":[{"href":"https:\/\/ubirataonline.com.br\/en\/wp-json\/wp\/v2\/posts"}],"about":[{"href":"https:\/\/ubirataonline.com.br\/en\/wp-json\/wp\/v2\/types\/post"}],"author":[{"embeddable":true,"href":"https:\/\/ubirataonline.com.br\/en\/wp-json\/wp\/v2\/users\/1"}],"replies":[{"embeddable":true,"href":"https:\/\/ubirataonline.com.br\/en\/wp-json\/wp\/v2\/comments?post=79842"}],"version-history":[{"count":0,"href":"https:\/\/ubirataonline.com.br\/en\/wp-json\/wp\/v2\/posts\/79842\/revisions"}],"wp:featuredmedia":[{"embeddable":true,"href":"https:\/\/ubirataonline.com.br\/en\/wp-json\/wp\/v2\/media\/79844"}],"wp:attachment":[{"href":"https:\/\/ubirataonline.com.br\/en\/wp-json\/wp\/v2\/media?parent=79842"}],"wp:term":[{"taxonomy":"category","embeddable":true,"href":"https:\/\/ubirataonline.com.br\/en\/wp-json\/wp\/v2\/categories?post=79842"},{"taxonomy":"post_tag","embeddable":true,"href":"https:\/\/ubirataonline.com.br\/en\/wp-json\/wp\/v2\/tags?post=79842"}],"curies":[{"name":"wp","href":"https:\/\/api.w.org\/{rel}","templated":true}]}}