{"id":80055,"date":"2026-01-17T13:02:01","date_gmt":"2026-01-17T16:02:01","guid":{"rendered":"https:\/\/ubirataonline.com.br\/florian-wirtz-gewinnt-den-lfc-preis-tor-des-monats-fur-dezember\/"},"modified":"2026-01-17T13:02:01","modified_gmt":"2026-01-17T16:02:01","slug":"florian-wirtz-gewinnt-den-lfc-preis-tor-des-monats-fur-dezember","status":"publish","type":"post","link":"https:\/\/ubirataonline.com.br\/en\/florian-wirtz-gewinnt-den-lfc-preis-tor-des-monats-fur-dezember\/","title":{"rendered":"Florian Wirtz gewinnt den LFC-Preis \u201eTor des Monats\u201c f\u00fcr Dezember"},"content":{"rendered":"<p><br \/>\n<\/p>\n<div id=\"main\">\n<div class=\"css-1q862e8\">\n<div class=\"css-16p0iqu\">\n<div class=\"css-qn9caw\"><span class=\"css-1n6rhip\">Ver\u00f6ffentlicht<!-- --> <time datetime=\"2026-01-14\"><span class=\"css-18l3nyz\">14th January 2026<\/span><\/time> <\/span><\/p>\n<p>Von Chris Shaw<\/p>\n<\/div>\n<\/div>\n<p class=\"css-1nm5e1u\">Der erste Treffer von Florian Wirtz f\u00fcr Liverpool wurde vom Verein zum Tor des Monats Dezember gew\u00e4hlt.<\/p>\n<div class=\"css-gtn94w\">\n<div class=\"css-1l9nrdv\">\n<div class=\"css-ys7460\">\n<p>Der deutsche Nationalspieler er\u00f6ffnete sein Konto mit einem souver\u00e4nen Abschluss nach Hugo Ekitikes Vorlage beim 2:1 -Sieg von Anfield gegen Wolverhampton Wanderers.<\/p>\n<p>Diese Leistung erhielt die meisten Stimmen in unserer Online-Umfrage unter den Fans, um das beste Tor der Reds auf allen Ebenen des Monats zu ermitteln.<\/p>\n<p>Auf dem zweiten Platz landete Dominik Szoboszlai bei Leeds United, vor Alexander Isaks Ausw\u00e4rtstor bei Tottenham Hotspur auf dem dritten Platz.<\/p>\n<\/div>\n<\/div>\n<p><span class=\"css-1n6rhip\">Ver\u00f6ffentlicht<!-- --> <time datetime=\"2026-01-14\"><span class=\"css-18l3nyz\">14th January 2026<\/span><\/time> <\/span><\/p>\n<\/div>\n<\/div>\n<\/div>\n<p><br \/>\n<br \/><a href=\"https:\/\/www.liverpoolfc.com\/de\/news\/florian-wirtz-wins-lfc-goal-month-award-december\">Source link <\/a><\/p>","protected":false},"excerpt":{"rendered":"<p>Ver\u00f6ffentlicht 14th January 2026 Von Chris Shaw Der erste Treffer von Florian Wirtz f\u00fcr Liverpool wurde vom Verein zum Tor des Monats Dezember gew\u00e4hlt. Der deutsche Nationalspieler er\u00f6ffnete sein Konto mit einem souver\u00e4nen Abschluss nach Hugo Ekitikes Vorlage beim 2:1 -Sieg von Anfield gegen Wolverhampton Wanderers. Diese Leistung erhielt die meisten Stimmen in unserer Online-Umfrage [&hellip;]<\/p>\n","protected":false},"author":1,"featured_media":80056,"comment_status":"","ping_status":"","sticky":false,"template":"","format":"standard","meta":{"googlesitekit_rrm_CAow2JLhCw:productID":"","_gspb_post_css":"","maa_idioma":"","maa_pais":"","footnotes":""},"categories":[2725],"tags":[8448,10614,14374,14369,8460,14370,14371,14373,14372,10150],"class_list":["post-80055","post","type-post","status-publish","format-standard","has-post-thumbnail","hentry","category-europe","tag-den","tag-des","tag-dezember","tag-florian","tag-fur","tag-gewinnt","tag-lfcpreis","tag-monats","tag-tor","tag-wirtz"],"blocksy_meta":[],"yoast_head":"<!-- This site is optimized with the Yoast SEO Premium plugin v27.6 (Yoast SEO v27.6) - https:\/\/yoast.com\/product\/yoast-seo-premium-wordpress\/ -->\n<title>Florian Wirtz gewinnt den LFC-Preis \u201eTor des Monats\u201c f\u00fcr Dezember - Ubirat\u00e3 Online Not\u00edcias - A realidade ao seu alcance!<\/title>\n<meta name=\"description\" content=\"Ver\u00f6ffentlicht 14th January 2026 Von Chris ShawDer erste Treffer von Florian Wirtz f\u00fcr Liverpool wurde vom Verein zum Tor des Monats Dezember gew\u00e4hlt.Der\" \/>\n<meta name=\"robots\" content=\"index, follow, max-snippet:-1, max-image-preview:large, max-video-preview:-1\" \/>\n<link rel=\"canonical\" href=\"https:\/\/ubirataonline.com.br\/en\/florian-wirtz-gewinnt-den-lfc-preis-tor-des-monats-fur-dezember\/\" \/>\n<meta property=\"og:locale\" content=\"en_US\" \/>\n<meta property=\"og:type\" content=\"article\" \/>\n<meta property=\"og:title\" content=\"Florian Wirtz gewinnt den LFC-Preis \u201eTor des Monats\u201c f\u00fcr Dezember\" \/>\n<meta property=\"og:description\" content=\"Ver\u00f6ffentlicht 14th January 2026 Von Chris ShawDer erste Treffer von Florian Wirtz f\u00fcr Liverpool wurde vom Verein zum Tor des Monats Dezember gew\u00e4hlt.Der\" \/>\n<meta property=\"og:url\" content=\"https:\/\/ubirataonline.com.br\/en\/florian-wirtz-gewinnt-den-lfc-preis-tor-des-monats-fur-dezember\/\" \/>\n<meta property=\"og:site_name\" content=\"Ubirat\u00e3 Online Not\u00edcias - A realidade ao seu alcance!\" \/>\n<meta property=\"article:publisher\" content=\"https:\/\/www.facebook.com\/portalubirataonline\" \/>\n<meta property=\"article:author\" content=\"https:\/\/www.facebook.com\/portalubirataonline\" \/>\n<meta property=\"article:published_time\" content=\"2026-01-17T16:02:01+00:00\" \/>\n<meta property=\"og:image\" content=\"https:\/\/ubirataonline.com.br\/wp-content\/uploads\/2026\/05\/logo2026.webp\" \/>\n\t<meta property=\"og:image:width\" content=\"1531\" \/>\n\t<meta property=\"og:image:height\" content=\"418\" \/>\n\t<meta property=\"og:image:type\" content=\"image\/webp\" \/>\n<meta name=\"author\" content=\"REDA\u00c7\u00c3O: UBIRAT\u00c3 ONLINE - F\u00c1BIO AUGUSTO CELESTINO\" \/>\n<meta name=\"twitter:card\" content=\"summary_large_image\" \/>\n<meta name=\"twitter:creator\" content=\"@x.com\/ubirataonline\" \/>\n<meta name=\"twitter:site\" content=\"@ubirataonline\" \/>\n<meta name=\"twitter:label1\" content=\"Written by\" \/>\n\t<meta name=\"twitter:data1\" content=\"REDA\u00c7\u00c3O: UBIRAT\u00c3 ONLINE - F\u00c1BIO AUGUSTO CELESTINO\" \/>\n\t<meta name=\"twitter:label2\" content=\"Est. reading time\" \/>\n\t<meta name=\"twitter:data2\" content=\"1 minute\" \/>\n<script type=\"application\/ld+json\" class=\"yoast-schema-graph\">{\"@context\":\"https:\\\/\\\/schema.org\",\"@graph\":[{\"@type\":\"NewsArticle\",\"@id\":\"https:\\\/\\\/ubirataonline.com.br\\\/florian-wirtz-gewinnt-den-lfc-preis-tor-des-monats-fur-dezember\\\/#article\",\"isPartOf\":{\"@id\":\"https:\\\/\\\/ubirataonline.com.br\\\/florian-wirtz-gewinnt-den-lfc-preis-tor-des-monats-fur-dezember\\\/\"},\"author\":{\"name\":\"REDA\u00c7\u00c3O: UBIRAT\u00c3 ONLINE - F\u00c1BIO AUGUSTO CELESTINO\",\"@id\":\"https:\\\/\\\/ubirataonline.com.br\\\/#\\\/schema\\\/person\\\/372f87bbd3fdd79b8556b84c98d0bc1c\"},\"headline\":\"Florian Wirtz gewinnt den LFC-Preis \u201eTor des Monats\u201c f\u00fcr Dezember\",\"datePublished\":\"2026-01-17T16:02:01+00:00\",\"mainEntityOfPage\":{\"@id\":\"https:\\\/\\\/ubirataonline.com.br\\\/florian-wirtz-gewinnt-den-lfc-preis-tor-des-monats-fur-dezember\\\/\"},\"wordCount\":115,\"publisher\":{\"@id\":\"https:\\\/\\\/ubirataonline.com.br\\\/#organization\"},\"image\":{\"@id\":\"https:\\\/\\\/ubirataonline.com.br\\\/florian-wirtz-gewinnt-den-lfc-preis-tor-des-monats-fur-dezember\\\/#primaryimage\"},\"thumbnailUrl\":\"https:\\\/\\\/ubirataonline.com.br\\\/wp-content\\\/uploads\\\/2026\\\/01\\\/gotm-reveal-140126_26145e435a6a31337016d133510499c8.jpg\",\"keywords\":[\"den\",\"Des\",\"Dezember\",\"Florian\",\"f\u00fcr\",\"gewinnt\",\"LFCPreis\",\"Monats\",\"Tor\",\"Wirtz\"],\"articleSection\":[\"Europe\"],\"inLanguage\":\"en-US\",\"copyrightYear\":\"2026\",\"copyrightHolder\":{\"@id\":\"https:\\\/\\\/ubirataonline.com.br\\\/en\\\/#organization\"}},{\"@type\":\"WebPage\",\"@id\":\"https:\\\/\\\/ubirataonline.com.br\\\/florian-wirtz-gewinnt-den-lfc-preis-tor-des-monats-fur-dezember\\\/\",\"url\":\"https:\\\/\\\/ubirataonline.com.br\\\/florian-wirtz-gewinnt-den-lfc-preis-tor-des-monats-fur-dezember\\\/\",\"name\":\"Florian Wirtz gewinnt den LFC-Preis \u201eTor des Monats\u201c f\u00fcr Dezember - Ubirat\u00e3 Online Not\u00edcias - A realidade ao seu alcance!\",\"isPartOf\":{\"@id\":\"https:\\\/\\\/ubirataonline.com.br\\\/#website\"},\"primaryImageOfPage\":{\"@id\":\"https:\\\/\\\/ubirataonline.com.br\\\/florian-wirtz-gewinnt-den-lfc-preis-tor-des-monats-fur-dezember\\\/#primaryimage\"},\"image\":{\"@id\":\"https:\\\/\\\/ubirataonline.com.br\\\/florian-wirtz-gewinnt-den-lfc-preis-tor-des-monats-fur-dezember\\\/#primaryimage\"},\"thumbnailUrl\":\"https:\\\/\\\/ubirataonline.com.br\\\/wp-content\\\/uploads\\\/2026\\\/01\\\/gotm-reveal-140126_26145e435a6a31337016d133510499c8.jpg\",\"datePublished\":\"2026-01-17T16:02:01+00:00\",\"description\":\"Ver\u00f6ffentlicht 14th January 2026 Von Chris ShawDer erste Treffer von Florian Wirtz f\u00fcr Liverpool wurde vom Verein zum Tor des Monats Dezember gew\u00e4hlt.Der\",\"breadcrumb\":{\"@id\":\"https:\\\/\\\/ubirataonline.com.br\\\/florian-wirtz-gewinnt-den-lfc-preis-tor-des-monats-fur-dezember\\\/#breadcrumb\"},\"inLanguage\":\"en-US\",\"potentialAction\":[{\"@type\":\"ReadAction\",\"target\":[\"https:\\\/\\\/ubirataonline.com.br\\\/florian-wirtz-gewinnt-den-lfc-preis-tor-des-monats-fur-dezember\\\/\"]}]},{\"@type\":\"ImageObject\",\"inLanguage\":\"en-US\",\"@id\":\"https:\\\/\\\/ubirataonline.com.br\\\/florian-wirtz-gewinnt-den-lfc-preis-tor-des-monats-fur-dezember\\\/#primaryimage\",\"url\":\"https:\\\/\\\/ubirataonline.com.br\\\/wp-content\\\/uploads\\\/2026\\\/01\\\/gotm-reveal-140126_26145e435a6a31337016d133510499c8.jpg\",\"contentUrl\":\"https:\\\/\\\/ubirataonline.com.br\\\/wp-content\\\/uploads\\\/2026\\\/01\\\/gotm-reveal-140126_26145e435a6a31337016d133510499c8.jpg\",\"width\":1440,\"height\":810},{\"@type\":\"BreadcrumbList\",\"@id\":\"https:\\\/\\\/ubirataonline.com.br\\\/florian-wirtz-gewinnt-den-lfc-preis-tor-des-monats-fur-dezember\\\/#breadcrumb\",\"itemListElement\":[{\"@type\":\"ListItem\",\"position\":1,\"name\":\"In\u00edcio\",\"item\":\"https:\\\/\\\/ubirataonline.com.br\\\/\"},{\"@type\":\"ListItem\",\"position\":2,\"name\":\"Florian Wirtz gewinnt den LFC-Preis \u201eTor des Monats\u201c f\u00fcr Dezember\"}]},{\"@type\":\"WebSite\",\"@id\":\"https:\\\/\\\/ubirataonline.com.br\\\/#website\",\"url\":\"https:\\\/\\\/ubirataonline.com.br\\\/\",\"name\":\"Ubirat\u00e3 Online Not\u00edcias\",\"description\":\"Not\u00edcias de Ubirat\u00e3, regi\u00e3o, Brasil e mundo, com informa\u00e7\u00e3o atualizada e compromisso com o leitor.\",\"publisher\":{\"@id\":\"https:\\\/\\\/ubirataonline.com.br\\\/#organization\"},\"alternateName\":\"Ubirat\u00e3 Online\",\"potentialAction\":[{\"@type\":\"SearchAction\",\"target\":{\"@type\":\"EntryPoint\",\"urlTemplate\":\"https:\\\/\\\/ubirataonline.com.br\\\/?s={search_term_string}\"},\"query-input\":{\"@type\":\"PropertyValueSpecification\",\"valueRequired\":true,\"valueName\":\"search_term_string\"}}],\"inLanguage\":\"en-US\"},{\"@type\":[\"Organization\",\"Place\"],\"@id\":\"https:\\\/\\\/ubirataonline.com.br\\\/#organization\",\"name\":\"Ubirat\u00e3 Online Not\u00edcias\",\"alternateName\":\"Ubirat\u00e3 Online\",\"url\":\"https:\\\/\\\/ubirataonline.com.br\\\/\",\"logo\":{\"@id\":\"https:\\\/\\\/ubirataonline.com.br\\\/florian-wirtz-gewinnt-den-lfc-preis-tor-des-monats-fur-dezember\\\/#local-main-organization-logo\"},\"image\":{\"@id\":\"https:\\\/\\\/ubirataonline.com.br\\\/florian-wirtz-gewinnt-den-lfc-preis-tor-des-monats-fur-dezember\\\/#local-main-organization-logo\"},\"sameAs\":[\"https:\\\/\\\/www.facebook.com\\\/portalubirataonline\",\"https:\\\/\\\/x.com\\\/ubirataonline\",\"https:\\\/\\\/mastodon.social\\\/@ubirataonline\",\"https:\\\/\\\/www.facebook.com\\\/groups\\\/311144672285604\",\"https:\\\/\\\/www.facebook.com\\\/UBTAOnline\",\"https:\\\/\\\/www.instagram.com\\\/portalubirataonline\\\/\",\"https:\\\/\\\/twitter.com\\\/ubirataonline\"],\"description\":\"Somos um portal de not\u00edcias independente, criado em 5 de janeiro de 2009, com o objetivo de informar, conectar e valorizar a nossa comunidade de Ubirat\u00e3 e toda aregi\u00e3o. Com conte\u00fado atualizado, confi\u00e1vel e relevante, o Ubirat\u00e3 Online \u00e9 o seu espa\u00e7o para ficar por dentro dos principais acontecimentos locais, regionais, Brasil, Mundo e de interesse geral. Nosso compromisso \u00e9 com a verdade, a transpar\u00eancia e o respeito ao leitor.\",\"legalName\":\"UBIRATA ONLINE NOT\u00cdCIAS\",\"foundingDate\":\"2009-01-05\",\"numberOfEmployees\":{\"@type\":\"QuantitativeValue\",\"minValue\":\"1\",\"maxValue\":\"10\"},\"publishingPrinciples\":\"https:\\\/\\\/ubirataonline.com.br\\\/faq\\\/\",\"address\":{\"@id\":\"https:\\\/\\\/ubirataonline.com.br\\\/florian-wirtz-gewinnt-den-lfc-preis-tor-des-monats-fur-dezember\\\/#local-main-place-address\"},\"geo\":{\"@type\":\"GeoCoordinates\",\"latitude\":\"-24.5361401\",\"longitude\":\"-52.9921776\"},\"telephone\":[\"+5544998308235\"],\"contactPoint\":{\"@type\":\"ContactPoint\",\"email\":\"contato@ubirataonline.com.br\"},\"openingHoursSpecification\":{\"@type\":\"OpeningHoursSpecification\",\"dayOfWeek\":[\"Monday\",\"Tuesday\",\"Wednesday\",\"Thursday\",\"Friday\",\"Saturday\",\"Sunday\"],\"opens\":\"00:00\",\"closes\":\"23:59\"},\"email\":\"contato@ubirataonline.com.br\",\"vatID\":\"47.621.418\\\/0001-80\"},{\"@type\":\"Person\",\"@id\":\"https:\\\/\\\/ubirataonline.com.br\\\/#\\\/schema\\\/person\\\/372f87bbd3fdd79b8556b84c98d0bc1c\",\"name\":\"REDA\u00c7\u00c3O: UBIRAT\u00c3 ONLINE - F\u00c1BIO AUGUSTO CELESTINO\",\"pronouns\":\"Ele\",\"description\":\"Desde 2003 trabalhando com not\u00edcias.\",\"sameAs\":[\"http:\\\/\\\/ubirataoline.com.br\",\"https:\\\/\\\/www.facebook.com\\\/portalubirataonline\",\"https:\\\/\\\/www.instagram.com\\\/ubirataonline_oficial\",\"https:\\\/\\\/x.com\\\/x.com\\\/ubirataonline\"],\"honorificPrefix\":\"Mr.\",\"honorificSuffix\":\"MD\",\"birthDate\":\"1980-06-16\",\"gender\":\"masculino\",\"award\":[\"V\u00e1rios pr\u00eamios de melhor portal da cidade\"],\"jobTitle\":\"Diretor\",\"url\":\"https:\\\/\\\/ubirataonline.com.br\\\/en\\\/author\\\/ubirataonline\\\/\"},{\"@type\":\"PostalAddress\",\"@id\":\"https:\\\/\\\/ubirataonline.com.br\\\/florian-wirtz-gewinnt-den-lfc-preis-tor-des-monats-fur-dezember\\\/#local-main-place-address\",\"streetAddress\":\"Rua dos Coqueiros, 104 - Bairro Boa Vista, Rua dos Coqueiros, 104 Bairro Boa Vista\",\"addressLocality\":\"UBIRATA\",\"postalCode\":\"85440-000\",\"addressRegion\":\"PR\",\"addressCountry\":\"BR\"},{\"@type\":\"ImageObject\",\"inLanguage\":\"en-US\",\"@id\":\"https:\\\/\\\/ubirataonline.com.br\\\/florian-wirtz-gewinnt-den-lfc-preis-tor-des-monats-fur-dezember\\\/#local-main-organization-logo\",\"url\":\"https:\\\/\\\/ubirataonline.com.br\\\/wp-content\\\/uploads\\\/2026\\\/06\\\/logoubirataonline-1.webp\",\"contentUrl\":\"https:\\\/\\\/ubirataonline.com.br\\\/wp-content\\\/uploads\\\/2026\\\/06\\\/logoubirataonline-1.webp\",\"width\":500,\"height\":500,\"caption\":\"Ubirat\u00e3 Online Not\u00edcias\"}]}<\/script>\n<meta name=\"geo.placename\" content=\"UBIRATA\" \/>\n<meta name=\"geo.position\" content=\"-24.5361401;-52.9921776\" \/>\n<meta name=\"geo.region\" content=\"Brazil\" \/>\n<!-- \/ Yoast SEO Premium plugin. -->","yoast_head_json":{"title":"Florian Wirtz gewinnt den LFC-Preis \u201eTor des Monats\u201c f\u00fcr Dezember - Ubirat\u00e3 Online Not\u00edcias - A realidade ao seu alcance!","description":"Ver\u00f6ffentlicht 14th January 2026 Von Chris ShawDer erste Treffer von Florian Wirtz f\u00fcr Liverpool wurde vom Verein zum Tor des Monats Dezember gew\u00e4hlt.Der","robots":{"index":"index","follow":"follow","max-snippet":"max-snippet:-1","max-image-preview":"max-image-preview:large","max-video-preview":"max-video-preview:-1"},"canonical":"https:\/\/ubirataonline.com.br\/en\/florian-wirtz-gewinnt-den-lfc-preis-tor-des-monats-fur-dezember\/","og_locale":"en_US","og_type":"article","og_title":"Florian Wirtz gewinnt den LFC-Preis \u201eTor des Monats\u201c f\u00fcr Dezember","og_description":"Ver\u00f6ffentlicht 14th January 2026 Von Chris ShawDer erste Treffer von Florian Wirtz f\u00fcr Liverpool wurde vom Verein zum Tor des Monats Dezember gew\u00e4hlt.Der","og_url":"https:\/\/ubirataonline.com.br\/en\/florian-wirtz-gewinnt-den-lfc-preis-tor-des-monats-fur-dezember\/","og_site_name":"Ubirat\u00e3 Online Not\u00edcias - A realidade ao seu alcance!","article_publisher":"https:\/\/www.facebook.com\/portalubirataonline","article_author":"https:\/\/www.facebook.com\/portalubirataonline","article_published_time":"2026-01-17T16:02:01+00:00","og_image":[{"width":1531,"height":418,"url":"https:\/\/ubirataonline.com.br\/wp-content\/uploads\/2026\/05\/logo2026.webp","type":"image\/webp"}],"author":"REDA\u00c7\u00c3O: UBIRAT\u00c3 ONLINE - F\u00c1BIO AUGUSTO CELESTINO","twitter_card":"summary_large_image","twitter_creator":"@x.com\/ubirataonline","twitter_site":"@ubirataonline","twitter_misc":{"Written by":"REDA\u00c7\u00c3O: UBIRAT\u00c3 ONLINE - F\u00c1BIO AUGUSTO CELESTINO","Est. reading time":"1 minute"},"schema":{"@context":"https:\/\/schema.org","@graph":[{"@type":"NewsArticle","@id":"https:\/\/ubirataonline.com.br\/florian-wirtz-gewinnt-den-lfc-preis-tor-des-monats-fur-dezember\/#article","isPartOf":{"@id":"https:\/\/ubirataonline.com.br\/florian-wirtz-gewinnt-den-lfc-preis-tor-des-monats-fur-dezember\/"},"author":{"name":"REDA\u00c7\u00c3O: UBIRAT\u00c3 ONLINE - F\u00c1BIO AUGUSTO CELESTINO","@id":"https:\/\/ubirataonline.com.br\/#\/schema\/person\/372f87bbd3fdd79b8556b84c98d0bc1c"},"headline":"Florian Wirtz gewinnt den LFC-Preis \u201eTor des Monats\u201c f\u00fcr Dezember","datePublished":"2026-01-17T16:02:01+00:00","mainEntityOfPage":{"@id":"https:\/\/ubirataonline.com.br\/florian-wirtz-gewinnt-den-lfc-preis-tor-des-monats-fur-dezember\/"},"wordCount":115,"publisher":{"@id":"https:\/\/ubirataonline.com.br\/#organization"},"image":{"@id":"https:\/\/ubirataonline.com.br\/florian-wirtz-gewinnt-den-lfc-preis-tor-des-monats-fur-dezember\/#primaryimage"},"thumbnailUrl":"https:\/\/ubirataonline.com.br\/wp-content\/uploads\/2026\/01\/gotm-reveal-140126_26145e435a6a31337016d133510499c8.jpg","keywords":["den","Des","Dezember","Florian","f\u00fcr","gewinnt","LFCPreis","Monats","Tor","Wirtz"],"articleSection":["Europe"],"inLanguage":"en-US","copyrightYear":"2026","copyrightHolder":{"@id":"https:\/\/ubirataonline.com.br\/en\/#organization"}},{"@type":"WebPage","@id":"https:\/\/ubirataonline.com.br\/florian-wirtz-gewinnt-den-lfc-preis-tor-des-monats-fur-dezember\/","url":"https:\/\/ubirataonline.com.br\/florian-wirtz-gewinnt-den-lfc-preis-tor-des-monats-fur-dezember\/","name":"Florian Wirtz gewinnt den LFC-Preis \u201eTor des Monats\u201c f\u00fcr Dezember - Ubirat\u00e3 Online Not\u00edcias - A realidade ao seu alcance!","isPartOf":{"@id":"https:\/\/ubirataonline.com.br\/#website"},"primaryImageOfPage":{"@id":"https:\/\/ubirataonline.com.br\/florian-wirtz-gewinnt-den-lfc-preis-tor-des-monats-fur-dezember\/#primaryimage"},"image":{"@id":"https:\/\/ubirataonline.com.br\/florian-wirtz-gewinnt-den-lfc-preis-tor-des-monats-fur-dezember\/#primaryimage"},"thumbnailUrl":"https:\/\/ubirataonline.com.br\/wp-content\/uploads\/2026\/01\/gotm-reveal-140126_26145e435a6a31337016d133510499c8.jpg","datePublished":"2026-01-17T16:02:01+00:00","description":"Ver\u00f6ffentlicht 14th January 2026 Von Chris ShawDer erste Treffer von Florian Wirtz f\u00fcr Liverpool wurde vom Verein zum Tor des Monats Dezember gew\u00e4hlt.Der","breadcrumb":{"@id":"https:\/\/ubirataonline.com.br\/florian-wirtz-gewinnt-den-lfc-preis-tor-des-monats-fur-dezember\/#breadcrumb"},"inLanguage":"en-US","potentialAction":[{"@type":"ReadAction","target":["https:\/\/ubirataonline.com.br\/florian-wirtz-gewinnt-den-lfc-preis-tor-des-monats-fur-dezember\/"]}]},{"@type":"ImageObject","inLanguage":"en-US","@id":"https:\/\/ubirataonline.com.br\/florian-wirtz-gewinnt-den-lfc-preis-tor-des-monats-fur-dezember\/#primaryimage","url":"https:\/\/ubirataonline.com.br\/wp-content\/uploads\/2026\/01\/gotm-reveal-140126_26145e435a6a31337016d133510499c8.jpg","contentUrl":"https:\/\/ubirataonline.com.br\/wp-content\/uploads\/2026\/01\/gotm-reveal-140126_26145e435a6a31337016d133510499c8.jpg","width":1440,"height":810},{"@type":"BreadcrumbList","@id":"https:\/\/ubirataonline.com.br\/florian-wirtz-gewinnt-den-lfc-preis-tor-des-monats-fur-dezember\/#breadcrumb","itemListElement":[{"@type":"ListItem","position":1,"name":"In\u00edcio","item":"https:\/\/ubirataonline.com.br\/"},{"@type":"ListItem","position":2,"name":"Florian Wirtz gewinnt den LFC-Preis \u201eTor des Monats\u201c f\u00fcr Dezember"}]},{"@type":"WebSite","@id":"https:\/\/ubirataonline.com.br\/#website","url":"https:\/\/ubirataonline.com.br\/","name":"Ubirat\u00e3 Online Not\u00edcias","description":"Not\u00edcias de Ubirat\u00e3, regi\u00e3o, Brasil e mundo, com informa\u00e7\u00e3o atualizada e compromisso com o leitor.","publisher":{"@id":"https:\/\/ubirataonline.com.br\/#organization"},"alternateName":"Ubirat\u00e3 Online","potentialAction":[{"@type":"SearchAction","target":{"@type":"EntryPoint","urlTemplate":"https:\/\/ubirataonline.com.br\/?s={search_term_string}"},"query-input":{"@type":"PropertyValueSpecification","valueRequired":true,"valueName":"search_term_string"}}],"inLanguage":"en-US"},{"@type":["Organization","Place"],"@id":"https:\/\/ubirataonline.com.br\/#organization","name":"Ubirat\u00e3 Online Not\u00edcias","alternateName":"Ubirat\u00e3 Online","url":"https:\/\/ubirataonline.com.br\/","logo":{"@id":"https:\/\/ubirataonline.com.br\/florian-wirtz-gewinnt-den-lfc-preis-tor-des-monats-fur-dezember\/#local-main-organization-logo"},"image":{"@id":"https:\/\/ubirataonline.com.br\/florian-wirtz-gewinnt-den-lfc-preis-tor-des-monats-fur-dezember\/#local-main-organization-logo"},"sameAs":["https:\/\/www.facebook.com\/portalubirataonline","https:\/\/x.com\/ubirataonline","https:\/\/mastodon.social\/@ubirataonline","https:\/\/www.facebook.com\/groups\/311144672285604","https:\/\/www.facebook.com\/UBTAOnline","https:\/\/www.instagram.com\/portalubirataonline\/","https:\/\/twitter.com\/ubirataonline"],"description":"Somos um portal de not\u00edcias independente, criado em 5 de janeiro de 2009, com o objetivo de informar, conectar e valorizar a nossa comunidade de Ubirat\u00e3 e toda aregi\u00e3o. Com conte\u00fado atualizado, confi\u00e1vel e relevante, o Ubirat\u00e3 Online \u00e9 o seu espa\u00e7o para ficar por dentro dos principais acontecimentos locais, regionais, Brasil, Mundo e de interesse geral. Nosso compromisso \u00e9 com a verdade, a transpar\u00eancia e o respeito ao leitor.","legalName":"UBIRATA ONLINE NOT\u00cdCIAS","foundingDate":"2009-01-05","numberOfEmployees":{"@type":"QuantitativeValue","minValue":"1","maxValue":"10"},"publishingPrinciples":"https:\/\/ubirataonline.com.br\/faq\/","address":{"@id":"https:\/\/ubirataonline.com.br\/florian-wirtz-gewinnt-den-lfc-preis-tor-des-monats-fur-dezember\/#local-main-place-address"},"geo":{"@type":"GeoCoordinates","latitude":"-24.5361401","longitude":"-52.9921776"},"telephone":["+5544998308235"],"contactPoint":{"@type":"ContactPoint","email":"contato@ubirataonline.com.br"},"openingHoursSpecification":{"@type":"OpeningHoursSpecification","dayOfWeek":["Monday","Tuesday","Wednesday","Thursday","Friday","Saturday","Sunday"],"opens":"00:00","closes":"23:59"},"email":"contato@ubirataonline.com.br","vatID":"47.621.418\/0001-80"},{"@type":"Person","@id":"https:\/\/ubirataonline.com.br\/#\/schema\/person\/372f87bbd3fdd79b8556b84c98d0bc1c","name":"REDA\u00c7\u00c3O: UBIRAT\u00c3 ONLINE - F\u00c1BIO AUGUSTO CELESTINO","pronouns":"Ele","description":"Desde 2003 trabalhando com not\u00edcias.","sameAs":["http:\/\/ubirataoline.com.br","https:\/\/www.facebook.com\/portalubirataonline","https:\/\/www.instagram.com\/ubirataonline_oficial","https:\/\/x.com\/x.com\/ubirataonline"],"honorificPrefix":"Mr.","honorificSuffix":"MD","birthDate":"1980-06-16","gender":"masculino","award":["V\u00e1rios pr\u00eamios de melhor portal da cidade"],"jobTitle":"Diretor","url":"https:\/\/ubirataonline.com.br\/en\/author\/ubirataonline\/"},{"@type":"PostalAddress","@id":"https:\/\/ubirataonline.com.br\/florian-wirtz-gewinnt-den-lfc-preis-tor-des-monats-fur-dezember\/#local-main-place-address","streetAddress":"Rua dos Coqueiros, 104 - Bairro Boa Vista, Rua dos Coqueiros, 104 Bairro Boa Vista","addressLocality":"UBIRATA","postalCode":"85440-000","addressRegion":"PR","addressCountry":"BR"},{"@type":"ImageObject","inLanguage":"en-US","@id":"https:\/\/ubirataonline.com.br\/florian-wirtz-gewinnt-den-lfc-preis-tor-des-monats-fur-dezember\/#local-main-organization-logo","url":"https:\/\/ubirataonline.com.br\/wp-content\/uploads\/2026\/06\/logoubirataonline-1.webp","contentUrl":"https:\/\/ubirataonline.com.br\/wp-content\/uploads\/2026\/06\/logoubirataonline-1.webp","width":500,"height":500,"caption":"Ubirat\u00e3 Online Not\u00edcias"}]},"geo.placename":"UBIRATA","geo.position":{"lat":"-24.5361401","long":"-52.9921776"},"geo.region":"Brazil"},"_links":{"self":[{"href":"https:\/\/ubirataonline.com.br\/en\/wp-json\/wp\/v2\/posts\/80055","targetHints":{"allow":["GET"]}}],"collection":[{"href":"https:\/\/ubirataonline.com.br\/en\/wp-json\/wp\/v2\/posts"}],"about":[{"href":"https:\/\/ubirataonline.com.br\/en\/wp-json\/wp\/v2\/types\/post"}],"author":[{"embeddable":true,"href":"https:\/\/ubirataonline.com.br\/en\/wp-json\/wp\/v2\/users\/1"}],"replies":[{"embeddable":true,"href":"https:\/\/ubirataonline.com.br\/en\/wp-json\/wp\/v2\/comments?post=80055"}],"version-history":[{"count":0,"href":"https:\/\/ubirataonline.com.br\/en\/wp-json\/wp\/v2\/posts\/80055\/revisions"}],"wp:featuredmedia":[{"embeddable":true,"href":"https:\/\/ubirataonline.com.br\/en\/wp-json\/wp\/v2\/media\/80056"}],"wp:attachment":[{"href":"https:\/\/ubirataonline.com.br\/en\/wp-json\/wp\/v2\/media?parent=80055"}],"wp:term":[{"taxonomy":"category","embeddable":true,"href":"https:\/\/ubirataonline.com.br\/en\/wp-json\/wp\/v2\/categories?post=80055"},{"taxonomy":"post_tag","embeddable":true,"href":"https:\/\/ubirataonline.com.br\/en\/wp-json\/wp\/v2\/tags?post=80055"}],"curies":[{"name":"wp","href":"https:\/\/api.w.org\/{rel}","templated":true}]}}