{"id":81137,"date":"2026-01-22T04:00:54","date_gmt":"2026-01-22T07:00:54","guid":{"rendered":"https:\/\/ubirataonline.com.br\/erosao-em-matinhos-esta-em-manutencao-shows-serao-afetados\/"},"modified":"2026-01-22T04:00:57","modified_gmt":"2026-01-22T07:00:57","slug":"erosao-em-matinhos-esta-em-manutencao-shows-serao-afetados","status":"publish","type":"post","link":"https:\/\/ubirataonline.com.br\/en\/erosao-em-matinhos-esta-em-manutencao-shows-serao-afetados\/","title":{"rendered":"Eros\u00e3o em Matinhos est\u00e1 em manuten\u00e7\u00e3o; shows ser\u00e3o afetados?"},"content":{"rendered":"<p><\/p>\n<div id=\"post-content\">\n<p>Ainda em manuten\u00e7\u00e3o ap\u00f3s uma ressaca mar\u00edtima, a eros\u00e3o na faixa de areia da Praia Brava, em Matinhos, no Litoral do Paran\u00e1, n\u00e3o deve atrapalhar a programa\u00e7\u00e3o dos shows do Ver\u00e3o Maior. Nesta quarta-feira (21\/01), o Instituto \u00c1gua e Terra (IAT) afirmou que o processo erosivo est\u00e1 contido e n\u00e3o vai causar danos \u00e0 estrutura do palco, nem aos moradores e veranistas.<\/p>\n<p>O <a href=\"https:\/\/www.tribunapr.com.br\/noticias\/curitiba-regiao\/mar-volta-avancar-faixa-de-areia-de-matinhos-apos-nova-ressaca\/\" target=\"_blank\" rel=\"noreferrer noopener\">avan\u00e7o do mar sobre a faixa de areia foi registrado na segunda-feira (19\/01)<\/a>. O local, que teve as obras de engorda conclu\u00eddas em outubro de 2022, j\u00e1 havia enfrentado situa\u00e7\u00e3o semelhante no <a href=\"https:\/\/www.tribunapr.com.br\/noticias\/curitiba-regiao\/ressaca-provoca-erosao-em-matinhos-e-chega-perto-do-palco-do-verao-maior-parana\" target=\"_blank\" rel=\"noreferrer noopener\">in\u00edcio do m\u00eas<\/a> e no <a href=\"https:\/\/www.tribunapr.com.br\/noticias\/curitiba-regiao\/ressaca-forma-paredao-de-dois-metros-na-praia-de-matinhos\/\" target=\"_blank\" rel=\"noreferrer noopener\">ano passado<\/a>.<\/p>\n<p>Em nota enviada \u00e0 Tribuna, o IAT disse que os trabalhos de recomposi\u00e7\u00e3o da areia est\u00e3o acontecendo desde segunda e devem ser conclu\u00eddos at\u00e9 sexta-feira (23\/01) de manh\u00e3. \u201cPor se tratar de um processo natural, decorrente das fases da lua, essa \u00e9 uma manuten\u00e7\u00e3o esperada, prevista no projeto de engorda da faixa de areia no munic\u00edpio\u201d. <\/p>\n<figure class=\"wp-block-embed is-type-video is-provider-youtube wp-block-embed-youtube wp-embed-aspect-9-16 wp-has-aspect-ratio\">\n<p> <iframe loading=\"lazy\" title=\"Eros\u00e3o em Matinhos est\u00e1 controlada e n\u00e3o afeta programa\u00e7\u00e3o de shows, diz IAT\" width=\"1366\" height=\"768\" src=\"https:\/\/www.youtube.com\/embed\/7a9JAMB3p_U?feature=oembed\" frameborder=\"0\" allow=\"accelerometer; autoplay; clipboard-write; encrypted-media; gyroscope; picture-in-picture; web-share\" referrerpolicy=\"strict-origin-when-cross-origin\" allowfullscreen><\/iframe> <\/p>\n<\/figure>\n<h2 class=\"wp-block-heading\" id=\"h-manutencao-em-areia-de-matinhos-precisa-de-5-mil-metros-cubicos-de-areia\">Manuten\u00e7\u00e3o em areia de Matinhos precisa de 5 mil metros c\u00fabicos de areia<\/h2>\n<p>O IAT tamb\u00e9m acrescentou que para a reorganiza\u00e7\u00e3o ser\u00e3o necess\u00e1rios colocar 5 mil metros c\u00fabicos de areia no local. \u201cNo total, o projeto consumiu 3,5 milh\u00f5es de metros c\u00fabicos de material arenoso. Ou seja, a manuten\u00e7\u00e3o feita nesta semana representa menos de 0,1% da integralidade da obra\u201d. <\/p>\n<p>\u201cO monitoramento em toda a extens\u00e3o da engorda \u00e9 constante, desde os efeitos das mar\u00e9s at\u00e9 das ondas mar\u00edtimas. Estudos ser\u00e3o realizados para propor uma nova estrutura que proteja integralmente aquele ponto em Matinhos\u201d, finaliza nota. <\/p>\n<p>Na segunda, a situa\u00e7\u00e3o foi relatada pelo deputado federal Goura, que criticou o gasto com a obra e com os reparos. \u201cH\u00e1 dois meses, em novembro de 2025, a cena foi parecida. Cerca de 25% da praia sumiu com a for\u00e7a do mar. A resposta foi gastar mais R$ 1,6 milh\u00e3o para retirar areia de Caiob\u00e1 e jogar em Matinhos. E tudo indica que isso vai continuar acontecendo. Obras para o desenvolvimento do litoral s\u00e3o fundamentais. Mas elas precisam ser feitas com responsabilidade, seguindo crit\u00e9rios t\u00e9cnicos, ambientais, ouvindo quem entende e respeitando a natureza\u201d, escreveu. <\/p>\n<section class=\"virals\">\n<article class=\"cardnews cardnews--post cardnews--has-thumbnail cardnews--editorial-noticias\"> <a href=\"https:\/\/www.tribunapr.com.br\/noticias\/curitiba-regiao\/contas-no-inicio-do-ano-desafiam-familias-saiba-como-equilibrar-os-gastos\/?utm_source=noticias-virais-rodape&amp;utm_medium=internal-tribuna&amp;utm_campaign=tribuna\" class=\"cardnews__postlink\"> <\/p>\n<div class=\"cardnews__image\" is-api-thumb=\"\"><\/div>\n<div class=\"cardnews__content cardhome__content\">\n<div class=\"cardnews__content-wrapper\">\n<p> <span style=\"\"> IPTU, IPVA&#8230; <\/span> <\/p>\n<p>Descubra como pagar IPTU, IPVA e escola sem sufocar seu bolso<\/p>\n<\/p><\/div>\n<\/p><\/div>\n<p> <\/a> <\/article>\n<article class=\"cardnews cardnews--post cardnews--has-thumbnail cardnews--editorial-noticias\"> <a href=\"https:\/\/www.tribunapr.com.br\/noticias\/brasil\/jeito-errado-de-usar-a-geladeira-pode-custar-alto-na-conta-de-luz\/?utm_source=noticias-virais-rodape&amp;utm_medium=internal-tribuna&amp;utm_campaign=tribuna\" class=\"cardnews__postlink\"> <\/p>\n<div class=\"cardnews__image\" is-api-thumb=\"\"><img decoding=\"async\" src=\"https:\/\/www.tribunapr.com.br\/wp-content\/uploads\/2026\/01\/14114224\/geladeira-370x210.jpg\" loading=\"lazy\" alt=\"Erro comum com geladeira pode explodir sua conta de luz\"\/><\/div>\n<div class=\"cardnews__content cardhome__content\">\n<div class=\"cardnews__content-wrapper\">\n<p> <span style=\"\"> Economia <\/span> <\/p>\n<p>Erro comum com geladeira pode explodir sua conta de luz<\/p>\n<\/p><\/div>\n<\/p><\/div>\n<p> <\/a> <\/article>\n<article class=\"cardnews cardnews--post cardnews--has-thumbnail cardnews--editorial-noticias\"> <a href=\"https:\/\/www.tribunapr.com.br\/blogs\/cacador-de-boteco\/em-curitiba-madeira-chope-e-encontros-dao-forma-ao-celeiro-do-malte\/?utm_source=noticias-virais-rodape&amp;utm_medium=internal-tribuna&amp;utm_campaign=tribuna\" class=\"cardnews__postlink\"> <\/p>\n<div class=\"cardnews__image\" is-api-thumb=\"\"><img decoding=\"async\" src=\"https:\/\/www.tribunapr.com.br\/wp-content\/uploads\/2022\/10\/15074047\/celeiro-do-malte-2-370x210.jpg\" loading=\"lazy\" alt=\"Este bar r\u00fastico em Curitiba virou sensa\u00e7\u00e3o entre cervejeiros\"\/><\/div>\n<div class=\"cardnews__content cardhome__content\">\n<div class=\"cardnews__content-wrapper\">\n<p> <span style=\"\"> Ca\u00e7ador de Boteco <\/span> <\/p>\n<p>Este bar r\u00fastico em Curitiba virou sensa\u00e7\u00e3o entre cervejeiros<\/p>\n<\/p><\/div>\n<\/p><\/div>\n<p> <\/a> <\/article>\n<\/section>\n<div id=\"tribuna-follow-cta\">\n<p> <span class=\"cta-title\">Siga a <span class=\"tribuna-color\">Tribuna<\/span> no Google, e acompanhe as \u00faltimas not\u00edcias de Curitiba e regi\u00e3o!<\/span> <\/p>\n<p> <a href=\"https:\/\/profile.google.com\/cp\/CgwvZy8xMmxxajUzM3Mac2h0dHBzOi8vd3d3LnRyaWJ1bmFwci5jb20uYnIvdml2YS92aXRyaW5lL2dpZ2FudGUtZG8tdmVzdHVhcmlvLXJlaW5hdWd1cmEtbG9qYS1lbS1zaG9wcGluZy10cmFkaWNpb25hbC1kZS1jdXJpdGliYS8iElRyaWJ1bmEgZG8gUGFyYW7DoSqAAwrHAWh0dHBzOi8vZW5jcnlwdGVkLXRibjIuZ3N0YXRpYy5jb20vZmF2aWNvbi10Ym4_cT10Ym46QU5kOUdjUVJPbjVDRjR6TzJPbkUwTXZrRlRCRTY2U0g1bGlaVDRaZTV3bWNKeU5GRm1BSnluM01nNU9PR3BXY1pYMzZwYU5HUWtsZ09JVEFLTTNNZVNGbTc1aWp6M3k2ajUtQ3M2b25kX2JUcFFQQkVLd3RsUjBsTmJESnUtVHhrNXQtbFlCNlVpOWZSVVFjT2cSswFodHRwczovL2VuY3J5cHRlZC10Ym4zLmdzdGF0aWMuY29tL2Zhdmljb24tdGJuP3E9dGJuJTNBQU5kOUdjU0FMaWJ2eFF0YXdFMFRueVdWWmVKRS1MZEdRZjVTUi1OZ2RMazhyZzIwVy1nM0JuQ1F4VDNKZFBjRXR2THdBeVRxUDJEdHVycEdVR29CQkxpYzM5al9wSmFxRERaMHNCYW05WEVhSGVsMmZTQmdKdlF4WWVyMw\" target=\"_blank\" title=\"Seguir a Tribuna no Google\">  <\/a> <\/div>\n<\/p><\/div>\n<p><a href=\"https:\/\/www.tribunapr.com.br\/noticias\/curitiba-regiao\/erosao-em-matinhos-manutencao-iat-diz-que-shows-nao-serao-afetados\/\">Source link <\/a><\/p>","protected":false},"excerpt":{"rendered":"<p>Ainda em manuten\u00e7\u00e3o ap\u00f3s uma ressaca mar\u00edtima, a eros\u00e3o na faixa de areia da Praia Brava, em Matinhos, no Litoral do Paran\u00e1, n\u00e3o deve atrapalhar a programa\u00e7\u00e3o dos shows do Ver\u00e3o Maior. Nesta quarta-feira (21\/01), o Instituto \u00c1gua e Terra (IAT) afirmou que o processo erosivo est\u00e1 contido e n\u00e3o vai causar danos \u00e0 estrutura [&hellip;]<\/p>\n","protected":false},"author":1,"featured_media":81138,"comment_status":"closed","ping_status":"","sticky":false,"template":"","format":"standard","meta":{"googlesitekit_rrm_CAow2JLhCw:productID":"","_gspb_post_css":"","maa_idioma":"","maa_pais":"","footnotes":""},"categories":[1],"tags":[5646,12025,3027,8636,10908,2931,3790],"class_list":["post-81137","post","type-post","status-publish","format-standard","has-post-thumbnail","hentry","category-ubirata","tag-afetados","tag-erosao","tag-esta","tag-manutencao","tag-matinhos","tag-serao","tag-shows"],"blocksy_meta":[],"yoast_head":"<!-- This site is optimized with the Yoast SEO Premium plugin v27.6 (Yoast SEO v27.6) - https:\/\/yoast.com\/product\/yoast-seo-premium-wordpress\/ -->\n<title>Eros\u00e3o em Matinhos est\u00e1 em manuten\u00e7\u00e3o; shows ser\u00e3o afetados? - Ubirat\u00e3 Online Not\u00edcias - A realidade ao seu alcance!<\/title>\n<meta name=\"description\" content=\"Ainda em manuten\u00e7\u00e3o ap\u00f3s uma ressaca mar\u00edtima, a eros\u00e3o na faixa de areia da Praia Brava, em Matinhos, no Litoral do Paran\u00e1, n\u00e3o deve atrapalhar a\" \/>\n<meta name=\"robots\" content=\"index, follow, max-snippet:-1, max-image-preview:large, max-video-preview:-1\" \/>\n<link rel=\"canonical\" href=\"https:\/\/ubirataonline.com.br\/en\/erosao-em-matinhos-esta-em-manutencao-shows-serao-afetados\/\" \/>\n<meta property=\"og:locale\" content=\"en_US\" \/>\n<meta property=\"og:type\" content=\"article\" \/>\n<meta property=\"og:title\" content=\"Eros\u00e3o em Matinhos est\u00e1 em manuten\u00e7\u00e3o; shows ser\u00e3o afetados?\" \/>\n<meta property=\"og:description\" content=\"Ainda em manuten\u00e7\u00e3o ap\u00f3s uma ressaca mar\u00edtima, a eros\u00e3o na faixa de areia da Praia Brava, em Matinhos, no Litoral do Paran\u00e1, n\u00e3o deve atrapalhar a\" \/>\n<meta property=\"og:url\" content=\"https:\/\/ubirataonline.com.br\/en\/erosao-em-matinhos-esta-em-manutencao-shows-serao-afetados\/\" \/>\n<meta property=\"og:site_name\" content=\"Ubirat\u00e3 Online Not\u00edcias - A realidade ao seu alcance!\" \/>\n<meta property=\"article:publisher\" content=\"https:\/\/www.facebook.com\/portalubirataonline\" \/>\n<meta property=\"article:author\" content=\"https:\/\/www.facebook.com\/portalubirataonline\" \/>\n<meta property=\"article:published_time\" content=\"2026-01-22T07:00:54+00:00\" \/>\n<meta property=\"article:modified_time\" content=\"2026-01-22T07:00:57+00:00\" \/>\n<meta property=\"og:image\" content=\"https:\/\/ubirataonline.com.br\/wp-content\/uploads\/2026\/01\/Erosao-em-Matinhos-esta-em-manutencao-shows-serao-afetados.jpeg\" \/>\n\t<meta property=\"og:image:width\" content=\"1200\" \/>\n\t<meta property=\"og:image:height\" content=\"800\" \/>\n\t<meta property=\"og:image:type\" content=\"image\/jpeg\" \/>\n<meta name=\"author\" content=\"REDA\u00c7\u00c3O: UBIRAT\u00c3 ONLINE - F\u00c1BIO AUGUSTO CELESTINO\" \/>\n<meta name=\"twitter:card\" content=\"summary_large_image\" \/>\n<meta name=\"twitter:creator\" content=\"@x.com\/ubirataonline\" \/>\n<meta name=\"twitter:site\" content=\"@ubirataonline\" \/>\n<meta name=\"twitter:label1\" content=\"Written by\" \/>\n\t<meta name=\"twitter:data1\" content=\"REDA\u00c7\u00c3O: UBIRAT\u00c3 ONLINE - F\u00c1BIO AUGUSTO CELESTINO\" \/>\n\t<meta name=\"twitter:label2\" content=\"Est. reading time\" \/>\n\t<meta name=\"twitter:data2\" content=\"2 minutes\" \/>\n<script type=\"application\/ld+json\" class=\"yoast-schema-graph\">{\"@context\":\"https:\\\/\\\/schema.org\",\"@graph\":[{\"@type\":\"NewsArticle\",\"@id\":\"https:\\\/\\\/ubirataonline.com.br\\\/erosao-em-matinhos-esta-em-manutencao-shows-serao-afetados\\\/#article\",\"isPartOf\":{\"@id\":\"https:\\\/\\\/ubirataonline.com.br\\\/erosao-em-matinhos-esta-em-manutencao-shows-serao-afetados\\\/\"},\"author\":{\"name\":\"REDA\u00c7\u00c3O: UBIRAT\u00c3 ONLINE - F\u00c1BIO AUGUSTO CELESTINO\",\"@id\":\"https:\\\/\\\/ubirataonline.com.br\\\/#\\\/schema\\\/person\\\/372f87bbd3fdd79b8556b84c98d0bc1c\"},\"headline\":\"Eros\u00e3o em Matinhos est\u00e1 em manuten\u00e7\u00e3o; shows ser\u00e3o afetados?\",\"datePublished\":\"2026-01-22T07:00:54+00:00\",\"dateModified\":\"2026-01-22T07:00:57+00:00\",\"mainEntityOfPage\":{\"@id\":\"https:\\\/\\\/ubirataonline.com.br\\\/erosao-em-matinhos-esta-em-manutencao-shows-serao-afetados\\\/\"},\"wordCount\":453,\"publisher\":{\"@id\":\"https:\\\/\\\/ubirataonline.com.br\\\/#organization\"},\"image\":{\"@id\":\"https:\\\/\\\/ubirataonline.com.br\\\/erosao-em-matinhos-esta-em-manutencao-shows-serao-afetados\\\/#primaryimage\"},\"thumbnailUrl\":\"https:\\\/\\\/ubirataonline.com.br\\\/wp-content\\\/uploads\\\/2026\\\/01\\\/Erosao-em-Matinhos-esta-em-manutencao-shows-serao-afetados.jpeg\",\"keywords\":[\"afetados\",\"eros\u00e3o\",\"est\u00e1\",\"manuten\u00e7\u00e3o\",\"Matinhos\",\"ser\u00e3o\",\"shows\"],\"articleSection\":[\"Ubirat\u00e3\"],\"inLanguage\":\"en-US\",\"copyrightYear\":\"2026\",\"copyrightHolder\":{\"@id\":\"https:\\\/\\\/ubirataonline.com.br\\\/en\\\/#organization\"}},{\"@type\":\"WebPage\",\"@id\":\"https:\\\/\\\/ubirataonline.com.br\\\/erosao-em-matinhos-esta-em-manutencao-shows-serao-afetados\\\/\",\"url\":\"https:\\\/\\\/ubirataonline.com.br\\\/erosao-em-matinhos-esta-em-manutencao-shows-serao-afetados\\\/\",\"name\":\"Eros\u00e3o em Matinhos est\u00e1 em manuten\u00e7\u00e3o; shows ser\u00e3o afetados? - Ubirat\u00e3 Online Not\u00edcias - A realidade ao seu alcance!\",\"isPartOf\":{\"@id\":\"https:\\\/\\\/ubirataonline.com.br\\\/#website\"},\"primaryImageOfPage\":{\"@id\":\"https:\\\/\\\/ubirataonline.com.br\\\/erosao-em-matinhos-esta-em-manutencao-shows-serao-afetados\\\/#primaryimage\"},\"image\":{\"@id\":\"https:\\\/\\\/ubirataonline.com.br\\\/erosao-em-matinhos-esta-em-manutencao-shows-serao-afetados\\\/#primaryimage\"},\"thumbnailUrl\":\"https:\\\/\\\/ubirataonline.com.br\\\/wp-content\\\/uploads\\\/2026\\\/01\\\/Erosao-em-Matinhos-esta-em-manutencao-shows-serao-afetados.jpeg\",\"datePublished\":\"2026-01-22T07:00:54+00:00\",\"dateModified\":\"2026-01-22T07:00:57+00:00\",\"description\":\"Ainda em manuten\u00e7\u00e3o ap\u00f3s uma ressaca mar\u00edtima, a eros\u00e3o na faixa de areia da Praia Brava, em Matinhos, no Litoral do Paran\u00e1, n\u00e3o deve atrapalhar a\",\"breadcrumb\":{\"@id\":\"https:\\\/\\\/ubirataonline.com.br\\\/erosao-em-matinhos-esta-em-manutencao-shows-serao-afetados\\\/#breadcrumb\"},\"inLanguage\":\"en-US\",\"potentialAction\":[{\"@type\":\"ReadAction\",\"target\":[\"https:\\\/\\\/ubirataonline.com.br\\\/erosao-em-matinhos-esta-em-manutencao-shows-serao-afetados\\\/\"]}]},{\"@type\":\"ImageObject\",\"inLanguage\":\"en-US\",\"@id\":\"https:\\\/\\\/ubirataonline.com.br\\\/erosao-em-matinhos-esta-em-manutencao-shows-serao-afetados\\\/#primaryimage\",\"url\":\"https:\\\/\\\/ubirataonline.com.br\\\/wp-content\\\/uploads\\\/2026\\\/01\\\/Erosao-em-Matinhos-esta-em-manutencao-shows-serao-afetados.jpeg\",\"contentUrl\":\"https:\\\/\\\/ubirataonline.com.br\\\/wp-content\\\/uploads\\\/2026\\\/01\\\/Erosao-em-Matinhos-esta-em-manutencao-shows-serao-afetados.jpeg\",\"width\":1200,\"height\":800,\"caption\":\"Foto: Rafael Maia | Colabora\u00e7\u00e3o Tribuna do Paran\u00e1\"},{\"@type\":\"BreadcrumbList\",\"@id\":\"https:\\\/\\\/ubirataonline.com.br\\\/erosao-em-matinhos-esta-em-manutencao-shows-serao-afetados\\\/#breadcrumb\",\"itemListElement\":[{\"@type\":\"ListItem\",\"position\":1,\"name\":\"In\u00edcio\",\"item\":\"https:\\\/\\\/ubirataonline.com.br\\\/\"},{\"@type\":\"ListItem\",\"position\":2,\"name\":\"Eros\u00e3o em Matinhos est\u00e1 em manuten\u00e7\u00e3o; shows ser\u00e3o afetados?\"}]},{\"@type\":\"WebSite\",\"@id\":\"https:\\\/\\\/ubirataonline.com.br\\\/#website\",\"url\":\"https:\\\/\\\/ubirataonline.com.br\\\/\",\"name\":\"Ubirat\u00e3 Online Not\u00edcias\",\"description\":\"Not\u00edcias de Ubirat\u00e3, regi\u00e3o, Brasil e mundo, com informa\u00e7\u00e3o atualizada e compromisso com o leitor.\",\"publisher\":{\"@id\":\"https:\\\/\\\/ubirataonline.com.br\\\/#organization\"},\"alternateName\":\"Ubirat\u00e3 Online\",\"potentialAction\":[{\"@type\":\"SearchAction\",\"target\":{\"@type\":\"EntryPoint\",\"urlTemplate\":\"https:\\\/\\\/ubirataonline.com.br\\\/?s={search_term_string}\"},\"query-input\":{\"@type\":\"PropertyValueSpecification\",\"valueRequired\":true,\"valueName\":\"search_term_string\"}}],\"inLanguage\":\"en-US\"},{\"@type\":[\"Organization\",\"Place\"],\"@id\":\"https:\\\/\\\/ubirataonline.com.br\\\/#organization\",\"name\":\"Ubirat\u00e3 Online Not\u00edcias\",\"alternateName\":\"Ubirat\u00e3 Online\",\"url\":\"https:\\\/\\\/ubirataonline.com.br\\\/\",\"logo\":{\"@id\":\"https:\\\/\\\/ubirataonline.com.br\\\/erosao-em-matinhos-esta-em-manutencao-shows-serao-afetados\\\/#local-main-organization-logo\"},\"image\":{\"@id\":\"https:\\\/\\\/ubirataonline.com.br\\\/erosao-em-matinhos-esta-em-manutencao-shows-serao-afetados\\\/#local-main-organization-logo\"},\"sameAs\":[\"https:\\\/\\\/www.facebook.com\\\/portalubirataonline\",\"https:\\\/\\\/x.com\\\/ubirataonline\",\"https:\\\/\\\/mastodon.social\\\/@ubirataonline\",\"https:\\\/\\\/www.facebook.com\\\/groups\\\/311144672285604\",\"https:\\\/\\\/www.facebook.com\\\/UBTAOnline\",\"https:\\\/\\\/www.instagram.com\\\/portalubirataonline\\\/\",\"https:\\\/\\\/twitter.com\\\/ubirataonline\"],\"description\":\"Somos um portal de not\u00edcias independente, criado em 5 de janeiro de 2009, com o objetivo de informar, conectar e valorizar a nossa comunidade de Ubirat\u00e3 e toda aregi\u00e3o. Com conte\u00fado atualizado, confi\u00e1vel e relevante, o Ubirat\u00e3 Online \u00e9 o seu espa\u00e7o para ficar por dentro dos principais acontecimentos locais, regionais, Brasil, Mundo e de interesse geral. Nosso compromisso \u00e9 com a verdade, a transpar\u00eancia e o respeito ao leitor.\",\"legalName\":\"UBIRATA ONLINE NOT\u00cdCIAS\",\"foundingDate\":\"2009-01-05\",\"numberOfEmployees\":{\"@type\":\"QuantitativeValue\",\"minValue\":\"1\",\"maxValue\":\"10\"},\"publishingPrinciples\":\"https:\\\/\\\/ubirataonline.com.br\\\/faq\\\/\",\"address\":{\"@id\":\"https:\\\/\\\/ubirataonline.com.br\\\/erosao-em-matinhos-esta-em-manutencao-shows-serao-afetados\\\/#local-main-place-address\"},\"geo\":{\"@type\":\"GeoCoordinates\",\"latitude\":\"-24.5361401\",\"longitude\":\"-52.9921776\"},\"telephone\":[\"+5544998308235\"],\"contactPoint\":{\"@type\":\"ContactPoint\",\"email\":\"contato@ubirataonline.com.br\"},\"openingHoursSpecification\":{\"@type\":\"OpeningHoursSpecification\",\"dayOfWeek\":[\"Monday\",\"Tuesday\",\"Wednesday\",\"Thursday\",\"Friday\",\"Saturday\",\"Sunday\"],\"opens\":\"00:00\",\"closes\":\"23:59\"},\"email\":\"contato@ubirataonline.com.br\",\"vatID\":\"47.621.418\\\/0001-80\"},{\"@type\":\"Person\",\"@id\":\"https:\\\/\\\/ubirataonline.com.br\\\/#\\\/schema\\\/person\\\/372f87bbd3fdd79b8556b84c98d0bc1c\",\"name\":\"REDA\u00c7\u00c3O: UBIRAT\u00c3 ONLINE - F\u00c1BIO AUGUSTO CELESTINO\",\"pronouns\":\"Ele\",\"description\":\"Desde 2003 trabalhando com not\u00edcias.\",\"sameAs\":[\"http:\\\/\\\/ubirataoline.com.br\",\"https:\\\/\\\/www.facebook.com\\\/portalubirataonline\",\"https:\\\/\\\/www.instagram.com\\\/ubirataonline_oficial\",\"https:\\\/\\\/x.com\\\/x.com\\\/ubirataonline\"],\"honorificPrefix\":\"Mr.\",\"honorificSuffix\":\"MD\",\"birthDate\":\"1980-06-16\",\"gender\":\"masculino\",\"award\":[\"V\u00e1rios pr\u00eamios de melhor portal da cidade\"],\"jobTitle\":\"Diretor\",\"url\":\"https:\\\/\\\/ubirataonline.com.br\\\/en\\\/author\\\/ubirataonline\\\/\"},{\"@type\":\"PostalAddress\",\"@id\":\"https:\\\/\\\/ubirataonline.com.br\\\/erosao-em-matinhos-esta-em-manutencao-shows-serao-afetados\\\/#local-main-place-address\",\"streetAddress\":\"Rua dos Coqueiros, 104 - Bairro Boa Vista, Rua dos Coqueiros, 104 Bairro Boa Vista\",\"addressLocality\":\"UBIRATA\",\"postalCode\":\"85440-000\",\"addressRegion\":\"PR\",\"addressCountry\":\"BR\"},{\"@type\":\"ImageObject\",\"inLanguage\":\"en-US\",\"@id\":\"https:\\\/\\\/ubirataonline.com.br\\\/erosao-em-matinhos-esta-em-manutencao-shows-serao-afetados\\\/#local-main-organization-logo\",\"url\":\"https:\\\/\\\/ubirataonline.com.br\\\/wp-content\\\/uploads\\\/2026\\\/06\\\/logoubirataonline-1.webp\",\"contentUrl\":\"https:\\\/\\\/ubirataonline.com.br\\\/wp-content\\\/uploads\\\/2026\\\/06\\\/logoubirataonline-1.webp\",\"width\":500,\"height\":500,\"caption\":\"Ubirat\u00e3 Online Not\u00edcias\"}]}<\/script>\n<meta name=\"geo.placename\" content=\"UBIRATA\" \/>\n<meta name=\"geo.position\" content=\"-24.5361401;-52.9921776\" \/>\n<meta name=\"geo.region\" content=\"Brazil\" \/>\n<!-- \/ Yoast SEO Premium plugin. -->","yoast_head_json":{"title":"Eros\u00e3o em Matinhos est\u00e1 em manuten\u00e7\u00e3o; shows ser\u00e3o afetados? - Ubirat\u00e3 Online Not\u00edcias - A realidade ao seu alcance!","description":"Ainda em manuten\u00e7\u00e3o ap\u00f3s uma ressaca mar\u00edtima, a eros\u00e3o na faixa de areia da Praia Brava, em Matinhos, no Litoral do Paran\u00e1, n\u00e3o deve atrapalhar a","robots":{"index":"index","follow":"follow","max-snippet":"max-snippet:-1","max-image-preview":"max-image-preview:large","max-video-preview":"max-video-preview:-1"},"canonical":"https:\/\/ubirataonline.com.br\/en\/erosao-em-matinhos-esta-em-manutencao-shows-serao-afetados\/","og_locale":"en_US","og_type":"article","og_title":"Eros\u00e3o em Matinhos est\u00e1 em manuten\u00e7\u00e3o; shows ser\u00e3o afetados?","og_description":"Ainda em manuten\u00e7\u00e3o ap\u00f3s uma ressaca mar\u00edtima, a eros\u00e3o na faixa de areia da Praia Brava, em Matinhos, no Litoral do Paran\u00e1, n\u00e3o deve atrapalhar a","og_url":"https:\/\/ubirataonline.com.br\/en\/erosao-em-matinhos-esta-em-manutencao-shows-serao-afetados\/","og_site_name":"Ubirat\u00e3 Online Not\u00edcias - A realidade ao seu alcance!","article_publisher":"https:\/\/www.facebook.com\/portalubirataonline","article_author":"https:\/\/www.facebook.com\/portalubirataonline","article_published_time":"2026-01-22T07:00:54+00:00","article_modified_time":"2026-01-22T07:00:57+00:00","og_image":[{"width":1200,"height":800,"url":"https:\/\/ubirataonline.com.br\/wp-content\/uploads\/2026\/01\/Erosao-em-Matinhos-esta-em-manutencao-shows-serao-afetados.jpeg","type":"image\/jpeg"}],"author":"REDA\u00c7\u00c3O: UBIRAT\u00c3 ONLINE - F\u00c1BIO AUGUSTO CELESTINO","twitter_card":"summary_large_image","twitter_creator":"@x.com\/ubirataonline","twitter_site":"@ubirataonline","twitter_misc":{"Written by":"REDA\u00c7\u00c3O: UBIRAT\u00c3 ONLINE - F\u00c1BIO AUGUSTO CELESTINO","Est. reading time":"2 minutes"},"schema":{"@context":"https:\/\/schema.org","@graph":[{"@type":"NewsArticle","@id":"https:\/\/ubirataonline.com.br\/erosao-em-matinhos-esta-em-manutencao-shows-serao-afetados\/#article","isPartOf":{"@id":"https:\/\/ubirataonline.com.br\/erosao-em-matinhos-esta-em-manutencao-shows-serao-afetados\/"},"author":{"name":"REDA\u00c7\u00c3O: UBIRAT\u00c3 ONLINE - F\u00c1BIO AUGUSTO CELESTINO","@id":"https:\/\/ubirataonline.com.br\/#\/schema\/person\/372f87bbd3fdd79b8556b84c98d0bc1c"},"headline":"Eros\u00e3o em Matinhos est\u00e1 em manuten\u00e7\u00e3o; shows ser\u00e3o afetados?","datePublished":"2026-01-22T07:00:54+00:00","dateModified":"2026-01-22T07:00:57+00:00","mainEntityOfPage":{"@id":"https:\/\/ubirataonline.com.br\/erosao-em-matinhos-esta-em-manutencao-shows-serao-afetados\/"},"wordCount":453,"publisher":{"@id":"https:\/\/ubirataonline.com.br\/#organization"},"image":{"@id":"https:\/\/ubirataonline.com.br\/erosao-em-matinhos-esta-em-manutencao-shows-serao-afetados\/#primaryimage"},"thumbnailUrl":"https:\/\/ubirataonline.com.br\/wp-content\/uploads\/2026\/01\/Erosao-em-Matinhos-esta-em-manutencao-shows-serao-afetados.jpeg","keywords":["afetados","eros\u00e3o","est\u00e1","manuten\u00e7\u00e3o","Matinhos","ser\u00e3o","shows"],"articleSection":["Ubirat\u00e3"],"inLanguage":"en-US","copyrightYear":"2026","copyrightHolder":{"@id":"https:\/\/ubirataonline.com.br\/en\/#organization"}},{"@type":"WebPage","@id":"https:\/\/ubirataonline.com.br\/erosao-em-matinhos-esta-em-manutencao-shows-serao-afetados\/","url":"https:\/\/ubirataonline.com.br\/erosao-em-matinhos-esta-em-manutencao-shows-serao-afetados\/","name":"Eros\u00e3o em Matinhos est\u00e1 em manuten\u00e7\u00e3o; shows ser\u00e3o afetados? - Ubirat\u00e3 Online Not\u00edcias - A realidade ao seu alcance!","isPartOf":{"@id":"https:\/\/ubirataonline.com.br\/#website"},"primaryImageOfPage":{"@id":"https:\/\/ubirataonline.com.br\/erosao-em-matinhos-esta-em-manutencao-shows-serao-afetados\/#primaryimage"},"image":{"@id":"https:\/\/ubirataonline.com.br\/erosao-em-matinhos-esta-em-manutencao-shows-serao-afetados\/#primaryimage"},"thumbnailUrl":"https:\/\/ubirataonline.com.br\/wp-content\/uploads\/2026\/01\/Erosao-em-Matinhos-esta-em-manutencao-shows-serao-afetados.jpeg","datePublished":"2026-01-22T07:00:54+00:00","dateModified":"2026-01-22T07:00:57+00:00","description":"Ainda em manuten\u00e7\u00e3o ap\u00f3s uma ressaca mar\u00edtima, a eros\u00e3o na faixa de areia da Praia Brava, em Matinhos, no Litoral do Paran\u00e1, n\u00e3o deve atrapalhar a","breadcrumb":{"@id":"https:\/\/ubirataonline.com.br\/erosao-em-matinhos-esta-em-manutencao-shows-serao-afetados\/#breadcrumb"},"inLanguage":"en-US","potentialAction":[{"@type":"ReadAction","target":["https:\/\/ubirataonline.com.br\/erosao-em-matinhos-esta-em-manutencao-shows-serao-afetados\/"]}]},{"@type":"ImageObject","inLanguage":"en-US","@id":"https:\/\/ubirataonline.com.br\/erosao-em-matinhos-esta-em-manutencao-shows-serao-afetados\/#primaryimage","url":"https:\/\/ubirataonline.com.br\/wp-content\/uploads\/2026\/01\/Erosao-em-Matinhos-esta-em-manutencao-shows-serao-afetados.jpeg","contentUrl":"https:\/\/ubirataonline.com.br\/wp-content\/uploads\/2026\/01\/Erosao-em-Matinhos-esta-em-manutencao-shows-serao-afetados.jpeg","width":1200,"height":800,"caption":"Foto: Rafael Maia | Colabora\u00e7\u00e3o Tribuna do Paran\u00e1"},{"@type":"BreadcrumbList","@id":"https:\/\/ubirataonline.com.br\/erosao-em-matinhos-esta-em-manutencao-shows-serao-afetados\/#breadcrumb","itemListElement":[{"@type":"ListItem","position":1,"name":"In\u00edcio","item":"https:\/\/ubirataonline.com.br\/"},{"@type":"ListItem","position":2,"name":"Eros\u00e3o em Matinhos est\u00e1 em manuten\u00e7\u00e3o; shows ser\u00e3o afetados?"}]},{"@type":"WebSite","@id":"https:\/\/ubirataonline.com.br\/#website","url":"https:\/\/ubirataonline.com.br\/","name":"Ubirat\u00e3 Online Not\u00edcias","description":"Not\u00edcias de Ubirat\u00e3, regi\u00e3o, Brasil e mundo, com informa\u00e7\u00e3o atualizada e compromisso com o leitor.","publisher":{"@id":"https:\/\/ubirataonline.com.br\/#organization"},"alternateName":"Ubirat\u00e3 Online","potentialAction":[{"@type":"SearchAction","target":{"@type":"EntryPoint","urlTemplate":"https:\/\/ubirataonline.com.br\/?s={search_term_string}"},"query-input":{"@type":"PropertyValueSpecification","valueRequired":true,"valueName":"search_term_string"}}],"inLanguage":"en-US"},{"@type":["Organization","Place"],"@id":"https:\/\/ubirataonline.com.br\/#organization","name":"Ubirat\u00e3 Online Not\u00edcias","alternateName":"Ubirat\u00e3 Online","url":"https:\/\/ubirataonline.com.br\/","logo":{"@id":"https:\/\/ubirataonline.com.br\/erosao-em-matinhos-esta-em-manutencao-shows-serao-afetados\/#local-main-organization-logo"},"image":{"@id":"https:\/\/ubirataonline.com.br\/erosao-em-matinhos-esta-em-manutencao-shows-serao-afetados\/#local-main-organization-logo"},"sameAs":["https:\/\/www.facebook.com\/portalubirataonline","https:\/\/x.com\/ubirataonline","https:\/\/mastodon.social\/@ubirataonline","https:\/\/www.facebook.com\/groups\/311144672285604","https:\/\/www.facebook.com\/UBTAOnline","https:\/\/www.instagram.com\/portalubirataonline\/","https:\/\/twitter.com\/ubirataonline"],"description":"Somos um portal de not\u00edcias independente, criado em 5 de janeiro de 2009, com o objetivo de informar, conectar e valorizar a nossa comunidade de Ubirat\u00e3 e toda aregi\u00e3o. Com conte\u00fado atualizado, confi\u00e1vel e relevante, o Ubirat\u00e3 Online \u00e9 o seu espa\u00e7o para ficar por dentro dos principais acontecimentos locais, regionais, Brasil, Mundo e de interesse geral. Nosso compromisso \u00e9 com a verdade, a transpar\u00eancia e o respeito ao leitor.","legalName":"UBIRATA ONLINE NOT\u00cdCIAS","foundingDate":"2009-01-05","numberOfEmployees":{"@type":"QuantitativeValue","minValue":"1","maxValue":"10"},"publishingPrinciples":"https:\/\/ubirataonline.com.br\/faq\/","address":{"@id":"https:\/\/ubirataonline.com.br\/erosao-em-matinhos-esta-em-manutencao-shows-serao-afetados\/#local-main-place-address"},"geo":{"@type":"GeoCoordinates","latitude":"-24.5361401","longitude":"-52.9921776"},"telephone":["+5544998308235"],"contactPoint":{"@type":"ContactPoint","email":"contato@ubirataonline.com.br"},"openingHoursSpecification":{"@type":"OpeningHoursSpecification","dayOfWeek":["Monday","Tuesday","Wednesday","Thursday","Friday","Saturday","Sunday"],"opens":"00:00","closes":"23:59"},"email":"contato@ubirataonline.com.br","vatID":"47.621.418\/0001-80"},{"@type":"Person","@id":"https:\/\/ubirataonline.com.br\/#\/schema\/person\/372f87bbd3fdd79b8556b84c98d0bc1c","name":"REDA\u00c7\u00c3O: UBIRAT\u00c3 ONLINE - F\u00c1BIO AUGUSTO CELESTINO","pronouns":"Ele","description":"Desde 2003 trabalhando com not\u00edcias.","sameAs":["http:\/\/ubirataoline.com.br","https:\/\/www.facebook.com\/portalubirataonline","https:\/\/www.instagram.com\/ubirataonline_oficial","https:\/\/x.com\/x.com\/ubirataonline"],"honorificPrefix":"Mr.","honorificSuffix":"MD","birthDate":"1980-06-16","gender":"masculino","award":["V\u00e1rios pr\u00eamios de melhor portal da cidade"],"jobTitle":"Diretor","url":"https:\/\/ubirataonline.com.br\/en\/author\/ubirataonline\/"},{"@type":"PostalAddress","@id":"https:\/\/ubirataonline.com.br\/erosao-em-matinhos-esta-em-manutencao-shows-serao-afetados\/#local-main-place-address","streetAddress":"Rua dos Coqueiros, 104 - Bairro Boa Vista, Rua dos Coqueiros, 104 Bairro Boa Vista","addressLocality":"UBIRATA","postalCode":"85440-000","addressRegion":"PR","addressCountry":"BR"},{"@type":"ImageObject","inLanguage":"en-US","@id":"https:\/\/ubirataonline.com.br\/erosao-em-matinhos-esta-em-manutencao-shows-serao-afetados\/#local-main-organization-logo","url":"https:\/\/ubirataonline.com.br\/wp-content\/uploads\/2026\/06\/logoubirataonline-1.webp","contentUrl":"https:\/\/ubirataonline.com.br\/wp-content\/uploads\/2026\/06\/logoubirataonline-1.webp","width":500,"height":500,"caption":"Ubirat\u00e3 Online Not\u00edcias"}]},"geo.placename":"UBIRATA","geo.position":{"lat":"-24.5361401","long":"-52.9921776"},"geo.region":"Brazil"},"_links":{"self":[{"href":"https:\/\/ubirataonline.com.br\/en\/wp-json\/wp\/v2\/posts\/81137","targetHints":{"allow":["GET"]}}],"collection":[{"href":"https:\/\/ubirataonline.com.br\/en\/wp-json\/wp\/v2\/posts"}],"about":[{"href":"https:\/\/ubirataonline.com.br\/en\/wp-json\/wp\/v2\/types\/post"}],"author":[{"embeddable":true,"href":"https:\/\/ubirataonline.com.br\/en\/wp-json\/wp\/v2\/users\/1"}],"replies":[{"embeddable":true,"href":"https:\/\/ubirataonline.com.br\/en\/wp-json\/wp\/v2\/comments?post=81137"}],"version-history":[{"count":0,"href":"https:\/\/ubirataonline.com.br\/en\/wp-json\/wp\/v2\/posts\/81137\/revisions"}],"wp:featuredmedia":[{"embeddable":true,"href":"https:\/\/ubirataonline.com.br\/en\/wp-json\/wp\/v2\/media\/81138"}],"wp:attachment":[{"href":"https:\/\/ubirataonline.com.br\/en\/wp-json\/wp\/v2\/media?parent=81137"}],"wp:term":[{"taxonomy":"category","embeddable":true,"href":"https:\/\/ubirataonline.com.br\/en\/wp-json\/wp\/v2\/categories?post=81137"},{"taxonomy":"post_tag","embeddable":true,"href":"https:\/\/ubirataonline.com.br\/en\/wp-json\/wp\/v2\/tags?post=81137"}],"curies":[{"name":"wp","href":"https:\/\/api.w.org\/{rel}","templated":true}]}}