{"id":82050,"date":"2026-01-25T12:02:29","date_gmt":"2026-01-25T15:02:29","guid":{"rendered":"https:\/\/ubirataonline.com.br\/4-oracoes-para-o-dia-de-sao-paulo\/"},"modified":"2026-01-25T12:02:39","modified_gmt":"2026-01-25T15:02:39","slug":"4-oracoes-para-o-dia-de-sao-paulo","status":"publish","type":"post","link":"https:\/\/ubirataonline.com.br\/en\/4-oracoes-para-o-dia-de-sao-paulo\/","title":{"rendered":"4 ora\u00e7\u00f5es para o Dia de S\u00e3o Paulo"},"content":{"rendered":"<p><\/p>\n<div id=\"post-content\">\n<p>Em 25 de janeiro, mesma data do anivers\u00e1rio da cidade de S\u00e3o Paulo, \u00e9 celebrado entre os crist\u00e3os o Dia de S\u00e3o Paulo, santo padroeiro dos evangelizadores e da comunica\u00e7\u00e3o, que escreveu muitas cartas durante a vida. Conhecido tamb\u00e9m como Saulo, ou ap\u00f3stolo Paulo, ele \u00e9 exaltado entre os fi\u00e9is por ter sido um dos mais influentes escritores do cristianismo, cujas obras comp\u00f5em boa parte do Novo Testamento, sendo quatorze ep\u00edstolas atribu\u00eddas a ele.<\/p>\n<h2 class=\"wp-block-heading\" id=\"h-perseguicao-e-redencao-a-cristo\">Persegui\u00e7\u00e3o e reden\u00e7\u00e3o a Cristo<\/h2>\n<p>Segundo as escrituras b\u00edblicas, durante boa parte de sua jornada, Paulo dedicou-se a perseguir os disc\u00edpulos de Jesus. No entanto, em uma viagem entre Jerusal\u00e9m e Damasco, conheceu o Filho de Deus por meio de uma vis\u00e3o, em que o viu envolto a uma grande luz. Ficou cego, voltou a enxergar e, ap\u00f3s 3 dias, converteu-se ao cristianismo, tornando-se um grande pregador.<\/p>\n<p>\u201cO Senhor disse: \u2018Este homem \u00e9 meu instrumento escolhido para levar o meu nome perante os gentios e seus reis, e perante o povo de Israel. Mostrarei a ele quanto deve sofrer pelo meu nome\u201d (Atos 9:15-16).<\/p>\n<div class=\"wp-block-image\">\n<figure class=\"aligncenter size-large\"><figcaption class=\"wp-element-caption\">Ora\u00e7\u00f5es a S\u00e3o Paulo rogam por sua prote\u00e7\u00e3o e gra\u00e7a (Imagem: Doidam 10 | Shutterstock)<\/figcaption><\/figure>\n<\/p><\/div>\n<h2 class=\"wp-block-heading\" id=\"h-oracoes-para-sao-paulo\">Ora\u00e7\u00f5es para S\u00e3o Paulo<\/h2>\n<p>A seguir, confira 4 ora\u00e7\u00f5es poderosas para homenagear e rogar a S\u00e3o Paulo!<\/p>\n<h3 class=\"wp-block-heading\" id=\"h-1-oracao-para-alcancar-uma-graca\">1. Ora\u00e7\u00e3o para alcan\u00e7ar uma gra\u00e7a<\/h3>\n<p>\u00d3 glorioso S\u00e3o Paulo Ap\u00f3stolo, que de perseguidor dos <strong><a href=\"https:\/\/portaledicase.com\/devocionais-para-comecar-bem-o-dia\/\" target=\"_blank\" rel=\"noreferrer noopener\">crist\u00e3os <\/a><\/strong>vos tornastes grande ap\u00f3stolo, fazei que vivamos na f\u00e9 e nos salvemos pela caridade que praticamos.<\/p>\n<p>Que possamos por vossa intercess\u00e3o conhecer, amar a Deus e assim seguir melhor Jesus Cristo. Suscitai muitos Santos Ap\u00f3stolos, concedei-nos por vossa ajuda a gra\u00e7a da convers\u00e3o di\u00e1ria e a sermos defendidos de toda a cilada do inimigo.<\/p>\n<p>Concedei-nos especialmente (<em>apresente o seu pedido<\/em>), gra\u00e7a de que tanto precisamos. Am\u00e9m!<\/p>\n<h3 class=\"wp-block-heading\" id=\"h-2-oracao-pela-intercessao-de-sao-paulo\">2. Ora\u00e7\u00e3o pela intercess\u00e3o de S\u00e3o Paulo<\/h3>\n<p>S\u00e3o Paulo, mensageiro incans\u00e1vel do Evangelho, intercedei por n\u00f3s diante de Deus. Fortalecei nossa coragem em <strong><a href=\"https:\/\/portaledicase.com\/fim-de-ano-protegido-oracoes-para-renovar-a-fe-e-afastar-energias-negativas\/\" target=\"_blank\" rel=\"noreferrer noopener\">proclamar a f\u00e9<\/a><\/strong>, guiando-nos na busca pela verdade e pela justi\u00e7a. Que possamos seguir vosso exemplo de convers\u00e3o, transformando nossos cora\u00e7\u00f5es e vidas para Deus. S\u00e3o Paulo, rogai por n\u00f3s. Am\u00e9m.<\/p>\n<h3 class=\"wp-block-heading\" id=\"h-3-oracao-a-sao-paulo-para-ter-protecao\">3. Ora\u00e7\u00e3o a S\u00e3o Paulo para ter prote\u00e7\u00e3o<\/h3>\n<p>\u00d3 glorioso S\u00e3o Paulo, que de perseguidor do nome crist\u00e3o<br \/>Vos tornastes um Ap\u00f3stolo ardent\u00edssimo pelo vosso zelo.<br \/>E para tornar conhecido o nome do Salvador Jesus,<br \/>At\u00e9 os \u00faltimos confins do mundo sofrestes c\u00e1rceres,<br \/>Flagela\u00e7\u00f5es, lapida\u00e7\u00f5es, naufr\u00e1gios, persegui\u00e7\u00f5es de todo o g\u00eanero e,<br \/>Enfim, derramastes todo o vosso sangue at\u00e9 \u00e0 \u00faltima gota por Cristo.<br \/>Obtende-nos, pois,<br \/>A gra\u00e7a de receber, como favores da Divina Miseric\u00f3rdia,<br \/>As curas das nossas enfermidades<br \/>E o al\u00edvio das nossas atribula\u00e7\u00f5es,<br \/>A fim de que as vicissitudes desta vida<br \/>N\u00e3o nos esmore\u00e7am no servi\u00e7o de Deus,<br \/>Mas nos tornem sempre mais fi\u00e9is<br \/>E fervorosos.<br \/>S\u00e3o Paulo Ap\u00f3stolo, rogai por n\u00f3s. Am\u00e9m!<\/p>\n<h3 class=\"wp-block-heading\" id=\"h-4-oracao-para-atrair-paz\">4. Ora\u00e7\u00e3o para atrair paz <\/h3>\n<p>S\u00e3o Paulo, mestre dos gentios, olhai com amor para nossa p\u00e1tria, nosso cora\u00e7\u00e3o dilatou-se para colher a todos os povos num abra\u00e7o da paz. Agora no c\u00e9u, o amor de Cristo vos leve a iluminar a todos com a luz do Evangelho e a estabelecer no mundo o reino do amor. Suscitai voca\u00e7\u00f5es, confortai os que anunciam o Evangelho, preparai as pessoas para que acolham o Cristo, nosso Divino Mestre. Que o nosso povo encontre e reconhe\u00e7a sempre a Cristo como o caminho, a verdade e a vida. Busque o Reino de Deus e trabalhe em sua realiza\u00e7\u00e3o, para que a sua luz resplande\u00e7a diante do mundo. \u00d3, S\u00e3o Paulo Ap\u00f3stolo, iluminai, animai, aben\u00e7oai a todos n\u00f3s. Am\u00e9m!<\/p>\n<section class=\"virals\">\n<article class=\"cardnews cardnews--post cardnews--has-thumbnail cardnews--editorial-noticias\"> <a href=\"https:\/\/www.tribunapr.com.br\/noticias\/curitiba-regiao\/contas-no-inicio-do-ano-desafiam-familias-saiba-como-equilibrar-os-gastos\/?utm_source=noticias-virais-rodape&amp;utm_medium=internal-tribuna&amp;utm_campaign=tribuna\" class=\"cardnews__postlink\"> <\/p>\n<div class=\"cardnews__image\" is-api-thumb=\"\"><img decoding=\"async\" src=\"https:\/\/www.tribunapr.com.br\/wp-content\/uploads\/2026\/01\/14204403\/Depositphotos_46203397_XL-370x210.jpg\" loading=\"lazy\" alt=\"Descubra como pagar IPTU, IPVA e escola sem sufocar seu bolso\"\/><\/div>\n<div class=\"cardnews__content cardhome__content\">\n<div class=\"cardnews__content-wrapper\">\n<p> <span style=\"\"> IPTU, IPVA&#8230; <\/span> <\/p>\n<p>Descubra como pagar IPTU, IPVA e escola sem sufocar seu bolso<\/p>\n<\/p><\/div>\n<\/p><\/div>\n<p> <\/a> <\/article>\n<article class=\"cardnews cardnews--post cardnews--has-thumbnail cardnews--editorial-noticias\"> <a href=\"https:\/\/www.tribunapr.com.br\/noticias\/brasil\/jeito-errado-de-usar-a-geladeira-pode-custar-alto-na-conta-de-luz\/?utm_source=noticias-virais-rodape&amp;utm_medium=internal-tribuna&amp;utm_campaign=tribuna\" class=\"cardnews__postlink\"> <\/p>\n<div class=\"cardnews__image\" is-api-thumb=\"\"><img decoding=\"async\" src=\"https:\/\/www.tribunapr.com.br\/wp-content\/uploads\/2026\/01\/14114224\/geladeira-370x210.jpg\" loading=\"lazy\" alt=\"Erro comum com geladeira pode explodir sua conta de luz\"\/><\/div>\n<div class=\"cardnews__content cardhome__content\">\n<div class=\"cardnews__content-wrapper\">\n<p> <span style=\"\"> Economia <\/span> <\/p>\n<p>Erro comum com geladeira pode explodir sua conta de luz<\/p>\n<\/p><\/div>\n<\/p><\/div>\n<p> <\/a> <\/article>\n<article class=\"cardnews cardnews--post cardnews--has-thumbnail cardnews--editorial-noticias\"> <a href=\"https:\/\/www.tribunapr.com.br\/blogs\/cacador-de-boteco\/em-curitiba-madeira-chope-e-encontros-dao-forma-ao-celeiro-do-malte\/?utm_source=noticias-virais-rodape&amp;utm_medium=internal-tribuna&amp;utm_campaign=tribuna\" class=\"cardnews__postlink\"> <\/p>\n<div class=\"cardnews__image\" is-api-thumb=\"\"><img decoding=\"async\" src=\"https:\/\/www.tribunapr.com.br\/wp-content\/uploads\/2022\/10\/15074047\/celeiro-do-malte-2-370x210.jpg\" loading=\"lazy\" alt=\"Este bar r\u00fastico em Curitiba virou sensa\u00e7\u00e3o entre cervejeiros\"\/><\/div>\n<div class=\"cardnews__content cardhome__content\">\n<div class=\"cardnews__content-wrapper\">\n<p> <span style=\"\"> Ca\u00e7ador de Boteco <\/span> <\/p>\n<p>Este bar r\u00fastico em Curitiba virou sensa\u00e7\u00e3o entre cervejeiros<\/p>\n<\/p><\/div>\n<\/p><\/div>\n<p> <\/a> <\/article>\n<\/section>\n<div id=\"tribuna-follow-cta\">\n<p> <span class=\"cta-title\">Siga a <span class=\"tribuna-color\">Tribuna<\/span> no Google, e acompanhe as \u00faltimas not\u00edcias de Curitiba e regi\u00e3o!<\/span> <\/p>\n<p> <a href=\"https:\/\/profile.google.com\/cp\/CgwvZy8xMmxxajUzM3Mac2h0dHBzOi8vd3d3LnRyaWJ1bmFwci5jb20uYnIvdml2YS92aXRyaW5lL2dpZ2FudGUtZG8tdmVzdHVhcmlvLXJlaW5hdWd1cmEtbG9qYS1lbS1zaG9wcGluZy10cmFkaWNpb25hbC1kZS1jdXJpdGliYS8iElRyaWJ1bmEgZG8gUGFyYW7DoSqAAwrHAWh0dHBzOi8vZW5jcnlwdGVkLXRibjIuZ3N0YXRpYy5jb20vZmF2aWNvbi10Ym4_cT10Ym46QU5kOUdjUVJPbjVDRjR6TzJPbkUwTXZrRlRCRTY2U0g1bGlaVDRaZTV3bWNKeU5GRm1BSnluM01nNU9PR3BXY1pYMzZwYU5HUWtsZ09JVEFLTTNNZVNGbTc1aWp6M3k2ajUtQ3M2b25kX2JUcFFQQkVLd3RsUjBsTmJESnUtVHhrNXQtbFlCNlVpOWZSVVFjT2cSswFodHRwczovL2VuY3J5cHRlZC10Ym4zLmdzdGF0aWMuY29tL2Zhdmljb24tdGJuP3E9dGJuJTNBQU5kOUdjU0FMaWJ2eFF0YXdFMFRueVdWWmVKRS1MZEdRZjVTUi1OZ2RMazhyZzIwVy1nM0JuQ1F4VDNKZFBjRXR2THdBeVRxUDJEdHVycEdVR29CQkxpYzM5al9wSmFxRERaMHNCYW05WEVhSGVsMmZTQmdKdlF4WWVyMw\" target=\"_blank\" title=\"Seguir a Tribuna no Google\">  <\/a> <\/div>\n<\/p><\/div>\n<p><a href=\"https:\/\/www.tribunapr.com.br\/variedades\/4-oracoes-para-o-dia-de-sao-paulo\/\">Source link <\/a><\/p>","protected":false},"excerpt":{"rendered":"<p>Em 25 de janeiro, mesma data do anivers\u00e1rio da cidade de S\u00e3o Paulo, \u00e9 celebrado entre os crist\u00e3os o Dia de S\u00e3o Paulo, santo padroeiro dos evangelizadores e da comunica\u00e7\u00e3o, que escreveu muitas cartas durante a vida. Conhecido tamb\u00e9m como Saulo, ou ap\u00f3stolo Paulo, ele \u00e9 exaltado entre os fi\u00e9is por ter sido um dos [&hellip;]<\/p>\n","protected":false},"author":1,"featured_media":82051,"comment_status":"closed","ping_status":"","sticky":false,"template":"","format":"standard","meta":{"googlesitekit_rrm_CAow2JLhCw:productID":"","_gspb_post_css":"","maa_idioma":"","maa_pais":"","footnotes":""},"categories":[1],"tags":[3101,2887,2904,3263,3262],"class_list":["post-82050","post","type-post","status-publish","format-standard","has-post-thumbnail","hentry","category-ubirata","tag-dia","tag-oracoes","tag-para","tag-paulo","tag-sao"],"blocksy_meta":[],"yoast_head":"<!-- This site is optimized with the Yoast SEO Premium plugin v27.6 (Yoast SEO v27.6) - https:\/\/yoast.com\/product\/yoast-seo-premium-wordpress\/ -->\n<title>4 ora\u00e7\u00f5es para o Dia de S\u00e3o Paulo - Ubirat\u00e3 Online Not\u00edcias - A realidade ao seu alcance!<\/title>\n<meta name=\"description\" content=\"Em 25 de janeiro, mesma data do anivers\u00e1rio da cidade de S\u00e3o Paulo, \u00e9 celebrado entre os crist\u00e3os o Dia de S\u00e3o Paulo, santo padroeiro dos evangelizadores\" \/>\n<meta name=\"robots\" content=\"index, follow, max-snippet:-1, max-image-preview:large, max-video-preview:-1\" \/>\n<link rel=\"canonical\" href=\"https:\/\/ubirataonline.com.br\/en\/4-oracoes-para-o-dia-de-sao-paulo\/\" \/>\n<meta property=\"og:locale\" content=\"en_US\" \/>\n<meta property=\"og:type\" content=\"article\" \/>\n<meta property=\"og:title\" content=\"4 ora\u00e7\u00f5es para o Dia de S\u00e3o Paulo\" \/>\n<meta property=\"og:description\" content=\"Em 25 de janeiro, mesma data do anivers\u00e1rio da cidade de S\u00e3o Paulo, \u00e9 celebrado entre os crist\u00e3os o Dia de S\u00e3o Paulo, santo padroeiro dos evangelizadores\" \/>\n<meta property=\"og:url\" content=\"https:\/\/ubirataonline.com.br\/en\/4-oracoes-para-o-dia-de-sao-paulo\/\" \/>\n<meta property=\"og:site_name\" content=\"Ubirat\u00e3 Online Not\u00edcias - A realidade ao seu alcance!\" \/>\n<meta property=\"article:publisher\" content=\"https:\/\/www.facebook.com\/portalubirataonline\" \/>\n<meta property=\"article:author\" content=\"https:\/\/www.facebook.com\/portalubirataonline\" \/>\n<meta property=\"article:published_time\" content=\"2026-01-25T15:02:29+00:00\" \/>\n<meta property=\"article:modified_time\" content=\"2026-01-25T15:02:39+00:00\" \/>\n<meta property=\"og:image\" content=\"https:\/\/ubirataonline.com.br\/wp-content\/uploads\/2026\/01\/4-oracoes-para-o-Dia-de-Sao-Paulo.jpg\" \/>\n\t<meta property=\"og:image:width\" content=\"1200\" \/>\n\t<meta property=\"og:image:height\" content=\"800\" \/>\n\t<meta property=\"og:image:type\" content=\"image\/jpeg\" \/>\n<meta name=\"author\" content=\"REDA\u00c7\u00c3O: UBIRAT\u00c3 ONLINE - F\u00c1BIO AUGUSTO CELESTINO\" \/>\n<meta name=\"twitter:card\" content=\"summary_large_image\" \/>\n<meta name=\"twitter:creator\" content=\"@x.com\/ubirataonline\" \/>\n<meta name=\"twitter:site\" content=\"@ubirataonline\" \/>\n<meta name=\"twitter:label1\" content=\"Written by\" \/>\n\t<meta name=\"twitter:data1\" content=\"REDA\u00c7\u00c3O: UBIRAT\u00c3 ONLINE - F\u00c1BIO AUGUSTO CELESTINO\" \/>\n\t<meta name=\"twitter:label2\" content=\"Est. reading time\" \/>\n\t<meta name=\"twitter:data2\" content=\"4 minutes\" \/>\n<script type=\"application\/ld+json\" class=\"yoast-schema-graph\">{\"@context\":\"https:\\\/\\\/schema.org\",\"@graph\":[{\"@type\":\"NewsArticle\",\"@id\":\"https:\\\/\\\/ubirataonline.com.br\\\/4-oracoes-para-o-dia-de-sao-paulo\\\/#article\",\"isPartOf\":{\"@id\":\"https:\\\/\\\/ubirataonline.com.br\\\/4-oracoes-para-o-dia-de-sao-paulo\\\/\"},\"author\":{\"name\":\"REDA\u00c7\u00c3O: UBIRAT\u00c3 ONLINE - F\u00c1BIO AUGUSTO CELESTINO\",\"@id\":\"https:\\\/\\\/ubirataonline.com.br\\\/#\\\/schema\\\/person\\\/372f87bbd3fdd79b8556b84c98d0bc1c\"},\"headline\":\"4 ora\u00e7\u00f5es para o Dia de S\u00e3o Paulo\",\"datePublished\":\"2026-01-25T15:02:29+00:00\",\"dateModified\":\"2026-01-25T15:02:39+00:00\",\"mainEntityOfPage\":{\"@id\":\"https:\\\/\\\/ubirataonline.com.br\\\/4-oracoes-para-o-dia-de-sao-paulo\\\/\"},\"wordCount\":723,\"publisher\":{\"@id\":\"https:\\\/\\\/ubirataonline.com.br\\\/#organization\"},\"image\":{\"@id\":\"https:\\\/\\\/ubirataonline.com.br\\\/4-oracoes-para-o-dia-de-sao-paulo\\\/#primaryimage\"},\"thumbnailUrl\":\"https:\\\/\\\/ubirataonline.com.br\\\/wp-content\\\/uploads\\\/2026\\\/01\\\/4-oracoes-para-o-Dia-de-Sao-Paulo.jpg\",\"keywords\":[\"dia\",\"ora\u00e7\u00f5es\",\"para\",\"Paulo\",\"S\u00e3o\"],\"articleSection\":[\"Ubirat\u00e3\"],\"inLanguage\":\"en-US\",\"copyrightYear\":\"2026\",\"copyrightHolder\":{\"@id\":\"https:\\\/\\\/ubirataonline.com.br\\\/en\\\/#organization\"}},{\"@type\":\"WebPage\",\"@id\":\"https:\\\/\\\/ubirataonline.com.br\\\/4-oracoes-para-o-dia-de-sao-paulo\\\/\",\"url\":\"https:\\\/\\\/ubirataonline.com.br\\\/4-oracoes-para-o-dia-de-sao-paulo\\\/\",\"name\":\"4 ora\u00e7\u00f5es para o Dia de S\u00e3o Paulo - Ubirat\u00e3 Online Not\u00edcias - A realidade ao seu alcance!\",\"isPartOf\":{\"@id\":\"https:\\\/\\\/ubirataonline.com.br\\\/#website\"},\"primaryImageOfPage\":{\"@id\":\"https:\\\/\\\/ubirataonline.com.br\\\/4-oracoes-para-o-dia-de-sao-paulo\\\/#primaryimage\"},\"image\":{\"@id\":\"https:\\\/\\\/ubirataonline.com.br\\\/4-oracoes-para-o-dia-de-sao-paulo\\\/#primaryimage\"},\"thumbnailUrl\":\"https:\\\/\\\/ubirataonline.com.br\\\/wp-content\\\/uploads\\\/2026\\\/01\\\/4-oracoes-para-o-Dia-de-Sao-Paulo.jpg\",\"datePublished\":\"2026-01-25T15:02:29+00:00\",\"dateModified\":\"2026-01-25T15:02:39+00:00\",\"description\":\"Em 25 de janeiro, mesma data do anivers\u00e1rio da cidade de S\u00e3o Paulo, \u00e9 celebrado entre os crist\u00e3os o Dia de S\u00e3o Paulo, santo padroeiro dos evangelizadores\",\"breadcrumb\":{\"@id\":\"https:\\\/\\\/ubirataonline.com.br\\\/4-oracoes-para-o-dia-de-sao-paulo\\\/#breadcrumb\"},\"inLanguage\":\"en-US\",\"potentialAction\":[{\"@type\":\"ReadAction\",\"target\":[\"https:\\\/\\\/ubirataonline.com.br\\\/4-oracoes-para-o-dia-de-sao-paulo\\\/\"]}]},{\"@type\":\"ImageObject\",\"inLanguage\":\"en-US\",\"@id\":\"https:\\\/\\\/ubirataonline.com.br\\\/4-oracoes-para-o-dia-de-sao-paulo\\\/#primaryimage\",\"url\":\"https:\\\/\\\/ubirataonline.com.br\\\/wp-content\\\/uploads\\\/2026\\\/01\\\/4-oracoes-para-o-Dia-de-Sao-Paulo.jpg\",\"contentUrl\":\"https:\\\/\\\/ubirataonline.com.br\\\/wp-content\\\/uploads\\\/2026\\\/01\\\/4-oracoes-para-o-Dia-de-Sao-Paulo.jpg\",\"width\":1200,\"height\":800,\"caption\":\"S\u00e3o Paulo foi um dos grandes pregadores de Cristo (Imagem: Luis Fraga | Shutterstock)\"},{\"@type\":\"BreadcrumbList\",\"@id\":\"https:\\\/\\\/ubirataonline.com.br\\\/4-oracoes-para-o-dia-de-sao-paulo\\\/#breadcrumb\",\"itemListElement\":[{\"@type\":\"ListItem\",\"position\":1,\"name\":\"In\u00edcio\",\"item\":\"https:\\\/\\\/ubirataonline.com.br\\\/\"},{\"@type\":\"ListItem\",\"position\":2,\"name\":\"4 ora\u00e7\u00f5es para o Dia de S\u00e3o Paulo\"}]},{\"@type\":\"WebSite\",\"@id\":\"https:\\\/\\\/ubirataonline.com.br\\\/#website\",\"url\":\"https:\\\/\\\/ubirataonline.com.br\\\/\",\"name\":\"Ubirat\u00e3 Online Not\u00edcias\",\"description\":\"Not\u00edcias de Ubirat\u00e3, regi\u00e3o, Brasil e mundo, com informa\u00e7\u00e3o atualizada e compromisso com o leitor.\",\"publisher\":{\"@id\":\"https:\\\/\\\/ubirataonline.com.br\\\/#organization\"},\"alternateName\":\"Ubirat\u00e3 Online\",\"potentialAction\":[{\"@type\":\"SearchAction\",\"target\":{\"@type\":\"EntryPoint\",\"urlTemplate\":\"https:\\\/\\\/ubirataonline.com.br\\\/?s={search_term_string}\"},\"query-input\":{\"@type\":\"PropertyValueSpecification\",\"valueRequired\":true,\"valueName\":\"search_term_string\"}}],\"inLanguage\":\"en-US\"},{\"@type\":[\"Organization\",\"Place\"],\"@id\":\"https:\\\/\\\/ubirataonline.com.br\\\/#organization\",\"name\":\"Ubirat\u00e3 Online Not\u00edcias\",\"alternateName\":\"Ubirat\u00e3 Online\",\"url\":\"https:\\\/\\\/ubirataonline.com.br\\\/\",\"logo\":{\"@id\":\"https:\\\/\\\/ubirataonline.com.br\\\/4-oracoes-para-o-dia-de-sao-paulo\\\/#local-main-organization-logo\"},\"image\":{\"@id\":\"https:\\\/\\\/ubirataonline.com.br\\\/4-oracoes-para-o-dia-de-sao-paulo\\\/#local-main-organization-logo\"},\"sameAs\":[\"https:\\\/\\\/www.facebook.com\\\/portalubirataonline\",\"https:\\\/\\\/x.com\\\/ubirataonline\",\"https:\\\/\\\/mastodon.social\\\/@ubirataonline\",\"https:\\\/\\\/www.facebook.com\\\/groups\\\/311144672285604\",\"https:\\\/\\\/www.facebook.com\\\/UBTAOnline\",\"https:\\\/\\\/www.instagram.com\\\/portalubirataonline\\\/\",\"https:\\\/\\\/twitter.com\\\/ubirataonline\"],\"description\":\"Somos um portal de not\u00edcias independente, criado em 5 de janeiro de 2009, com o objetivo de informar, conectar e valorizar a nossa comunidade de Ubirat\u00e3 e toda aregi\u00e3o. Com conte\u00fado atualizado, confi\u00e1vel e relevante, o Ubirat\u00e3 Online \u00e9 o seu espa\u00e7o para ficar por dentro dos principais acontecimentos locais, regionais, Brasil, Mundo e de interesse geral. Nosso compromisso \u00e9 com a verdade, a transpar\u00eancia e o respeito ao leitor.\",\"legalName\":\"UBIRATA ONLINE NOT\u00cdCIAS\",\"foundingDate\":\"2009-01-05\",\"numberOfEmployees\":{\"@type\":\"QuantitativeValue\",\"minValue\":\"1\",\"maxValue\":\"10\"},\"publishingPrinciples\":\"https:\\\/\\\/ubirataonline.com.br\\\/faq\\\/\",\"address\":{\"@id\":\"https:\\\/\\\/ubirataonline.com.br\\\/4-oracoes-para-o-dia-de-sao-paulo\\\/#local-main-place-address\"},\"geo\":{\"@type\":\"GeoCoordinates\",\"latitude\":\"-24.5361401\",\"longitude\":\"-52.9921776\"},\"telephone\":[\"+5544998308235\"],\"contactPoint\":{\"@type\":\"ContactPoint\",\"email\":\"contato@ubirataonline.com.br\"},\"openingHoursSpecification\":{\"@type\":\"OpeningHoursSpecification\",\"dayOfWeek\":[\"Monday\",\"Tuesday\",\"Wednesday\",\"Thursday\",\"Friday\",\"Saturday\",\"Sunday\"],\"opens\":\"00:00\",\"closes\":\"23:59\"},\"email\":\"contato@ubirataonline.com.br\",\"vatID\":\"47.621.418\\\/0001-80\"},{\"@type\":\"Person\",\"@id\":\"https:\\\/\\\/ubirataonline.com.br\\\/#\\\/schema\\\/person\\\/372f87bbd3fdd79b8556b84c98d0bc1c\",\"name\":\"REDA\u00c7\u00c3O: UBIRAT\u00c3 ONLINE - F\u00c1BIO AUGUSTO CELESTINO\",\"pronouns\":\"Ele\",\"description\":\"Desde 2003 trabalhando com not\u00edcias.\",\"sameAs\":[\"http:\\\/\\\/ubirataoline.com.br\",\"https:\\\/\\\/www.facebook.com\\\/portalubirataonline\",\"https:\\\/\\\/www.instagram.com\\\/ubirataonline_oficial\",\"https:\\\/\\\/x.com\\\/x.com\\\/ubirataonline\"],\"honorificPrefix\":\"Mr.\",\"honorificSuffix\":\"MD\",\"birthDate\":\"1980-06-16\",\"gender\":\"masculino\",\"award\":[\"V\u00e1rios pr\u00eamios de melhor portal da cidade\"],\"jobTitle\":\"Diretor\",\"url\":\"https:\\\/\\\/ubirataonline.com.br\\\/en\\\/author\\\/ubirataonline\\\/\"},{\"@type\":\"PostalAddress\",\"@id\":\"https:\\\/\\\/ubirataonline.com.br\\\/4-oracoes-para-o-dia-de-sao-paulo\\\/#local-main-place-address\",\"streetAddress\":\"Rua dos Coqueiros, 104 - Bairro Boa Vista, Rua dos Coqueiros, 104 Bairro Boa Vista\",\"addressLocality\":\"UBIRATA\",\"postalCode\":\"85440-000\",\"addressRegion\":\"PR\",\"addressCountry\":\"BR\"},{\"@type\":\"ImageObject\",\"inLanguage\":\"en-US\",\"@id\":\"https:\\\/\\\/ubirataonline.com.br\\\/4-oracoes-para-o-dia-de-sao-paulo\\\/#local-main-organization-logo\",\"url\":\"https:\\\/\\\/ubirataonline.com.br\\\/wp-content\\\/uploads\\\/2026\\\/06\\\/logoubirataonline-1.webp\",\"contentUrl\":\"https:\\\/\\\/ubirataonline.com.br\\\/wp-content\\\/uploads\\\/2026\\\/06\\\/logoubirataonline-1.webp\",\"width\":500,\"height\":500,\"caption\":\"Ubirat\u00e3 Online Not\u00edcias\"}]}<\/script>\n<meta name=\"geo.placename\" content=\"UBIRATA\" \/>\n<meta name=\"geo.position\" content=\"-24.5361401;-52.9921776\" \/>\n<meta name=\"geo.region\" content=\"Brazil\" \/>\n<!-- \/ Yoast SEO Premium plugin. -->","yoast_head_json":{"title":"4 ora\u00e7\u00f5es para o Dia de S\u00e3o Paulo - Ubirat\u00e3 Online Not\u00edcias - A realidade ao seu alcance!","description":"Em 25 de janeiro, mesma data do anivers\u00e1rio da cidade de S\u00e3o Paulo, \u00e9 celebrado entre os crist\u00e3os o Dia de S\u00e3o Paulo, santo padroeiro dos evangelizadores","robots":{"index":"index","follow":"follow","max-snippet":"max-snippet:-1","max-image-preview":"max-image-preview:large","max-video-preview":"max-video-preview:-1"},"canonical":"https:\/\/ubirataonline.com.br\/en\/4-oracoes-para-o-dia-de-sao-paulo\/","og_locale":"en_US","og_type":"article","og_title":"4 ora\u00e7\u00f5es para o Dia de S\u00e3o Paulo","og_description":"Em 25 de janeiro, mesma data do anivers\u00e1rio da cidade de S\u00e3o Paulo, \u00e9 celebrado entre os crist\u00e3os o Dia de S\u00e3o Paulo, santo padroeiro dos evangelizadores","og_url":"https:\/\/ubirataonline.com.br\/en\/4-oracoes-para-o-dia-de-sao-paulo\/","og_site_name":"Ubirat\u00e3 Online Not\u00edcias - A realidade ao seu alcance!","article_publisher":"https:\/\/www.facebook.com\/portalubirataonline","article_author":"https:\/\/www.facebook.com\/portalubirataonline","article_published_time":"2026-01-25T15:02:29+00:00","article_modified_time":"2026-01-25T15:02:39+00:00","og_image":[{"width":1200,"height":800,"url":"https:\/\/ubirataonline.com.br\/wp-content\/uploads\/2026\/01\/4-oracoes-para-o-Dia-de-Sao-Paulo.jpg","type":"image\/jpeg"}],"author":"REDA\u00c7\u00c3O: UBIRAT\u00c3 ONLINE - F\u00c1BIO AUGUSTO CELESTINO","twitter_card":"summary_large_image","twitter_creator":"@x.com\/ubirataonline","twitter_site":"@ubirataonline","twitter_misc":{"Written by":"REDA\u00c7\u00c3O: UBIRAT\u00c3 ONLINE - F\u00c1BIO AUGUSTO CELESTINO","Est. reading time":"4 minutes"},"schema":{"@context":"https:\/\/schema.org","@graph":[{"@type":"NewsArticle","@id":"https:\/\/ubirataonline.com.br\/4-oracoes-para-o-dia-de-sao-paulo\/#article","isPartOf":{"@id":"https:\/\/ubirataonline.com.br\/4-oracoes-para-o-dia-de-sao-paulo\/"},"author":{"name":"REDA\u00c7\u00c3O: UBIRAT\u00c3 ONLINE - F\u00c1BIO AUGUSTO CELESTINO","@id":"https:\/\/ubirataonline.com.br\/#\/schema\/person\/372f87bbd3fdd79b8556b84c98d0bc1c"},"headline":"4 ora\u00e7\u00f5es para o Dia de S\u00e3o Paulo","datePublished":"2026-01-25T15:02:29+00:00","dateModified":"2026-01-25T15:02:39+00:00","mainEntityOfPage":{"@id":"https:\/\/ubirataonline.com.br\/4-oracoes-para-o-dia-de-sao-paulo\/"},"wordCount":723,"publisher":{"@id":"https:\/\/ubirataonline.com.br\/#organization"},"image":{"@id":"https:\/\/ubirataonline.com.br\/4-oracoes-para-o-dia-de-sao-paulo\/#primaryimage"},"thumbnailUrl":"https:\/\/ubirataonline.com.br\/wp-content\/uploads\/2026\/01\/4-oracoes-para-o-Dia-de-Sao-Paulo.jpg","keywords":["dia","ora\u00e7\u00f5es","para","Paulo","S\u00e3o"],"articleSection":["Ubirat\u00e3"],"inLanguage":"en-US","copyrightYear":"2026","copyrightHolder":{"@id":"https:\/\/ubirataonline.com.br\/en\/#organization"}},{"@type":"WebPage","@id":"https:\/\/ubirataonline.com.br\/4-oracoes-para-o-dia-de-sao-paulo\/","url":"https:\/\/ubirataonline.com.br\/4-oracoes-para-o-dia-de-sao-paulo\/","name":"4 ora\u00e7\u00f5es para o Dia de S\u00e3o Paulo - Ubirat\u00e3 Online Not\u00edcias - A realidade ao seu alcance!","isPartOf":{"@id":"https:\/\/ubirataonline.com.br\/#website"},"primaryImageOfPage":{"@id":"https:\/\/ubirataonline.com.br\/4-oracoes-para-o-dia-de-sao-paulo\/#primaryimage"},"image":{"@id":"https:\/\/ubirataonline.com.br\/4-oracoes-para-o-dia-de-sao-paulo\/#primaryimage"},"thumbnailUrl":"https:\/\/ubirataonline.com.br\/wp-content\/uploads\/2026\/01\/4-oracoes-para-o-Dia-de-Sao-Paulo.jpg","datePublished":"2026-01-25T15:02:29+00:00","dateModified":"2026-01-25T15:02:39+00:00","description":"Em 25 de janeiro, mesma data do anivers\u00e1rio da cidade de S\u00e3o Paulo, \u00e9 celebrado entre os crist\u00e3os o Dia de S\u00e3o Paulo, santo padroeiro dos evangelizadores","breadcrumb":{"@id":"https:\/\/ubirataonline.com.br\/4-oracoes-para-o-dia-de-sao-paulo\/#breadcrumb"},"inLanguage":"en-US","potentialAction":[{"@type":"ReadAction","target":["https:\/\/ubirataonline.com.br\/4-oracoes-para-o-dia-de-sao-paulo\/"]}]},{"@type":"ImageObject","inLanguage":"en-US","@id":"https:\/\/ubirataonline.com.br\/4-oracoes-para-o-dia-de-sao-paulo\/#primaryimage","url":"https:\/\/ubirataonline.com.br\/wp-content\/uploads\/2026\/01\/4-oracoes-para-o-Dia-de-Sao-Paulo.jpg","contentUrl":"https:\/\/ubirataonline.com.br\/wp-content\/uploads\/2026\/01\/4-oracoes-para-o-Dia-de-Sao-Paulo.jpg","width":1200,"height":800,"caption":"S\u00e3o Paulo foi um dos grandes pregadores de Cristo (Imagem: Luis Fraga | Shutterstock)"},{"@type":"BreadcrumbList","@id":"https:\/\/ubirataonline.com.br\/4-oracoes-para-o-dia-de-sao-paulo\/#breadcrumb","itemListElement":[{"@type":"ListItem","position":1,"name":"In\u00edcio","item":"https:\/\/ubirataonline.com.br\/"},{"@type":"ListItem","position":2,"name":"4 ora\u00e7\u00f5es para o Dia de S\u00e3o Paulo"}]},{"@type":"WebSite","@id":"https:\/\/ubirataonline.com.br\/#website","url":"https:\/\/ubirataonline.com.br\/","name":"Ubirat\u00e3 Online Not\u00edcias","description":"Not\u00edcias de Ubirat\u00e3, regi\u00e3o, Brasil e mundo, com informa\u00e7\u00e3o atualizada e compromisso com o leitor.","publisher":{"@id":"https:\/\/ubirataonline.com.br\/#organization"},"alternateName":"Ubirat\u00e3 Online","potentialAction":[{"@type":"SearchAction","target":{"@type":"EntryPoint","urlTemplate":"https:\/\/ubirataonline.com.br\/?s={search_term_string}"},"query-input":{"@type":"PropertyValueSpecification","valueRequired":true,"valueName":"search_term_string"}}],"inLanguage":"en-US"},{"@type":["Organization","Place"],"@id":"https:\/\/ubirataonline.com.br\/#organization","name":"Ubirat\u00e3 Online Not\u00edcias","alternateName":"Ubirat\u00e3 Online","url":"https:\/\/ubirataonline.com.br\/","logo":{"@id":"https:\/\/ubirataonline.com.br\/4-oracoes-para-o-dia-de-sao-paulo\/#local-main-organization-logo"},"image":{"@id":"https:\/\/ubirataonline.com.br\/4-oracoes-para-o-dia-de-sao-paulo\/#local-main-organization-logo"},"sameAs":["https:\/\/www.facebook.com\/portalubirataonline","https:\/\/x.com\/ubirataonline","https:\/\/mastodon.social\/@ubirataonline","https:\/\/www.facebook.com\/groups\/311144672285604","https:\/\/www.facebook.com\/UBTAOnline","https:\/\/www.instagram.com\/portalubirataonline\/","https:\/\/twitter.com\/ubirataonline"],"description":"Somos um portal de not\u00edcias independente, criado em 5 de janeiro de 2009, com o objetivo de informar, conectar e valorizar a nossa comunidade de Ubirat\u00e3 e toda aregi\u00e3o. Com conte\u00fado atualizado, confi\u00e1vel e relevante, o Ubirat\u00e3 Online \u00e9 o seu espa\u00e7o para ficar por dentro dos principais acontecimentos locais, regionais, Brasil, Mundo e de interesse geral. Nosso compromisso \u00e9 com a verdade, a transpar\u00eancia e o respeito ao leitor.","legalName":"UBIRATA ONLINE NOT\u00cdCIAS","foundingDate":"2009-01-05","numberOfEmployees":{"@type":"QuantitativeValue","minValue":"1","maxValue":"10"},"publishingPrinciples":"https:\/\/ubirataonline.com.br\/faq\/","address":{"@id":"https:\/\/ubirataonline.com.br\/4-oracoes-para-o-dia-de-sao-paulo\/#local-main-place-address"},"geo":{"@type":"GeoCoordinates","latitude":"-24.5361401","longitude":"-52.9921776"},"telephone":["+5544998308235"],"contactPoint":{"@type":"ContactPoint","email":"contato@ubirataonline.com.br"},"openingHoursSpecification":{"@type":"OpeningHoursSpecification","dayOfWeek":["Monday","Tuesday","Wednesday","Thursday","Friday","Saturday","Sunday"],"opens":"00:00","closes":"23:59"},"email":"contato@ubirataonline.com.br","vatID":"47.621.418\/0001-80"},{"@type":"Person","@id":"https:\/\/ubirataonline.com.br\/#\/schema\/person\/372f87bbd3fdd79b8556b84c98d0bc1c","name":"REDA\u00c7\u00c3O: UBIRAT\u00c3 ONLINE - F\u00c1BIO AUGUSTO CELESTINO","pronouns":"Ele","description":"Desde 2003 trabalhando com not\u00edcias.","sameAs":["http:\/\/ubirataoline.com.br","https:\/\/www.facebook.com\/portalubirataonline","https:\/\/www.instagram.com\/ubirataonline_oficial","https:\/\/x.com\/x.com\/ubirataonline"],"honorificPrefix":"Mr.","honorificSuffix":"MD","birthDate":"1980-06-16","gender":"masculino","award":["V\u00e1rios pr\u00eamios de melhor portal da cidade"],"jobTitle":"Diretor","url":"https:\/\/ubirataonline.com.br\/en\/author\/ubirataonline\/"},{"@type":"PostalAddress","@id":"https:\/\/ubirataonline.com.br\/4-oracoes-para-o-dia-de-sao-paulo\/#local-main-place-address","streetAddress":"Rua dos Coqueiros, 104 - Bairro Boa Vista, Rua dos Coqueiros, 104 Bairro Boa Vista","addressLocality":"UBIRATA","postalCode":"85440-000","addressRegion":"PR","addressCountry":"BR"},{"@type":"ImageObject","inLanguage":"en-US","@id":"https:\/\/ubirataonline.com.br\/4-oracoes-para-o-dia-de-sao-paulo\/#local-main-organization-logo","url":"https:\/\/ubirataonline.com.br\/wp-content\/uploads\/2026\/06\/logoubirataonline-1.webp","contentUrl":"https:\/\/ubirataonline.com.br\/wp-content\/uploads\/2026\/06\/logoubirataonline-1.webp","width":500,"height":500,"caption":"Ubirat\u00e3 Online Not\u00edcias"}]},"geo.placename":"UBIRATA","geo.position":{"lat":"-24.5361401","long":"-52.9921776"},"geo.region":"Brazil"},"_links":{"self":[{"href":"https:\/\/ubirataonline.com.br\/en\/wp-json\/wp\/v2\/posts\/82050","targetHints":{"allow":["GET"]}}],"collection":[{"href":"https:\/\/ubirataonline.com.br\/en\/wp-json\/wp\/v2\/posts"}],"about":[{"href":"https:\/\/ubirataonline.com.br\/en\/wp-json\/wp\/v2\/types\/post"}],"author":[{"embeddable":true,"href":"https:\/\/ubirataonline.com.br\/en\/wp-json\/wp\/v2\/users\/1"}],"replies":[{"embeddable":true,"href":"https:\/\/ubirataonline.com.br\/en\/wp-json\/wp\/v2\/comments?post=82050"}],"version-history":[{"count":0,"href":"https:\/\/ubirataonline.com.br\/en\/wp-json\/wp\/v2\/posts\/82050\/revisions"}],"wp:featuredmedia":[{"embeddable":true,"href":"https:\/\/ubirataonline.com.br\/en\/wp-json\/wp\/v2\/media\/82051"}],"wp:attachment":[{"href":"https:\/\/ubirataonline.com.br\/en\/wp-json\/wp\/v2\/media?parent=82050"}],"wp:term":[{"taxonomy":"category","embeddable":true,"href":"https:\/\/ubirataonline.com.br\/en\/wp-json\/wp\/v2\/categories?post=82050"},{"taxonomy":"post_tag","embeddable":true,"href":"https:\/\/ubirataonline.com.br\/en\/wp-json\/wp\/v2\/tags?post=82050"}],"curies":[{"name":"wp","href":"https:\/\/api.w.org\/{rel}","templated":true}]}}