{"id":82067,"date":"2026-01-25T13:16:32","date_gmt":"2026-01-25T16:16:32","guid":{"rendered":"https:\/\/ubirataonline.com.br\/hearts-v-celtic-we-owe-them-one-liam-scales\/"},"modified":"2026-01-25T13:16:36","modified_gmt":"2026-01-25T16:16:36","slug":"hearts-v-celtic-we-owe-them-one-liam-scales","status":"publish","type":"post","link":"https:\/\/ubirataonline.com.br\/en\/hearts-v-celtic-we-owe-them-one-liam-scales\/","title":{"rendered":"Hearts v Celtic \u2013 \u201cWe owe them one,\u201d Liam Scales"},"content":{"rendered":"<p><\/p>\n<div>\n<div class=\"ArticleParagraph_articleParagraph__MrxYL\">\n<h3>Liam Scales spoke for all his teammates and the entire <a href=\"https:\/\/onefootball.com\/pt-br\/time\/celtic-142\">Celtic<\/a> support when he stated that <a href=\"https:\/\/onefootball.com\/pt-br\/time\/celtic-142\">Celtic<\/a> owe Hearts one after the way the two previous matches against the current league leaders have panned out this season\u2026<\/h3>\n<\/div>\n<div class=\"ImageWithSets_of-image__ovnCW\" style=\"--padding-bottom-mobile:125%;--padding-bottom-tablet-portrait:125%;--padding-bottom-tablet-landscape:125%;--padding-bottom-desktop:125%\"><picture class=\"ImageWithSets_of-image__picture__4hzsN\"><source media=\"(min-width: 1280px) and (prefers-color-scheme: dark)\" srcset=\"https:\/\/image-service.onefootball.com\/transform?w=840&amp;h=1050&amp;dpr=2&amp;image=https%3A%2F%2Ficdn.thecelticstar.com%2Fwp-content%2Fuploads%2F2025%2F12%2Fimago1069890423.jpg\"\/><source media=\"(min-width: 1280px) and (prefers-color-scheme: light)\" srcset=\"https:\/\/image-service.onefootball.com\/transform?w=840&amp;h=1050&amp;dpr=2&amp;image=https%3A%2F%2Ficdn.thecelticstar.com%2Fwp-content%2Fuploads%2F2025%2F12%2Fimago1069890423.jpg\"\/><source media=\"(min-width: 1024px) and (max-width: 1279px) and (prefers-color-scheme: dark)\" srcset=\"https:\/\/image-service.onefootball.com\/transform?w=620&amp;h=775&amp;dpr=2&amp;image=https%3A%2F%2Ficdn.thecelticstar.com%2Fwp-content%2Fuploads%2F2025%2F12%2Fimago1069890423.jpg\"\/><source media=\"(min-width: 1024px) and (max-width: 1279px) and (prefers-color-scheme: light)\" srcset=\"https:\/\/image-service.onefootball.com\/transform?w=620&amp;h=775&amp;dpr=2&amp;image=https%3A%2F%2Ficdn.thecelticstar.com%2Fwp-content%2Fuploads%2F2025%2F12%2Fimago1069890423.jpg\"\/><source media=\"(min-width: 768px) and (max-width: 1023px) and (prefers-color-scheme: dark)\" srcset=\"https:\/\/image-service.onefootball.com\/transform?w=336&amp;h=420&amp;dpr=2&amp;image=https%3A%2F%2Ficdn.thecelticstar.com%2Fwp-content%2Fuploads%2F2025%2F12%2Fimago1069890423.jpg\"\/><source media=\"(min-width: 768px) and (max-width: 1023px) and (prefers-color-scheme: light)\" srcset=\"https:\/\/image-service.onefootball.com\/transform?w=336&amp;h=420&amp;dpr=2&amp;image=https%3A%2F%2Ficdn.thecelticstar.com%2Fwp-content%2Fuploads%2F2025%2F12%2Fimago1069890423.jpg\"\/><source media=\"(max-width: 767px) and (prefers-color-scheme: dark)\" srcset=\"https:\/\/image-service.onefootball.com\/transform?w=280&amp;h=350&amp;dpr=2&amp;image=https%3A%2F%2Ficdn.thecelticstar.com%2Fwp-content%2Fuploads%2F2025%2F12%2Fimago1069890423.jpg\"\/><source media=\"(max-width: 767px) and (prefers-color-scheme: light)\" srcset=\"https:\/\/image-service.onefootball.com\/transform?w=280&amp;h=350&amp;dpr=2&amp;image=https%3A%2F%2Ficdn.thecelticstar.com%2Fwp-content%2Fuploads%2F2025%2F12%2Fimago1069890423.jpg\"\/><\/picture><\/div>\n<div class=\"ArticleParagraph_articleParagraph__MrxYL\">\n<p>Liam Scales of <a href=\"https:\/\/onefootball.com\/pt-br\/time\/celtic-142\">Celtic<\/a>. Photo David Young (IMAGO)<\/p>\n<\/div>\n<div class=\"ArticleParagraph_articleParagraph__MrxYL\">\n<p>Hearts go into this afternoon\u2019s match six points ahead of both <a href=\"https:\/\/onefootball.com\/pt-br\/time\/celtic-142\">Celtic<\/a> and <em>theRangers<\/em> who take on Dundee this afternoon at Ibrox and like <a href=\"https:\/\/onefootball.com\/pt-br\/time\/celtic-142\">Celtic<\/a> will have heavy legs after their Europa League match on Thursday evening. Celtic\u2019s point in Bologna officially confirmed that <em>theRangers<\/em> were eliminated from the Europa League although they still have one fixture to fulfil away to our old friends Porto on Thursday night.<\/p>\n<\/div>\n<hr class=\"HorizontalSeparator_separator__EJ_El\"\/>\n<hr class=\"HorizontalSeparator_separator__EJ_El\"\/>\n<div class=\"ArticleParagraph_articleParagraph__MrxYL\">\n<p>Celtic under Brendan Rodgers lost at Tynecastle in late October in what turned out to be Brendan Rodgers\u2019 last match in charge. Then Wilfried Nancy also lost the match against Derek McInnes\u2019 side at <a href=\"https:\/\/onefootball.com\/pt-br\/time\/celtic-142\">Celtic<\/a> Park in early December, in the Frenchman\u2019s first game in charge.<\/p>\n<\/div>\n<div class=\"ArticleParagraph_articleParagraph__MrxYL\">\n<p>Today it\u2019s all about Martin O\u2019Neill making it third time lucky for <a href=\"https:\/\/onefootball.com\/pt-br\/time\/celtic-142\">Celtic<\/a> this season against the Tynecastle pacesetters in what is really a last chance saloon for the four in a row Scottish Champions.<\/p>\n<\/div>\n<div class=\"ImageWithSets_of-image__ovnCW\" style=\"--padding-bottom-mobile:94.35185185185185%;--padding-bottom-tablet-portrait:94.35185185185185%;--padding-bottom-tablet-landscape:94.35185185185185%;--padding-bottom-desktop:94.35185185185185%\"><picture class=\"ImageWithSets_of-image__picture__4hzsN\"><source media=\"(min-width: 1280px) and (prefers-color-scheme: dark)\" srcset=\"https:\/\/image-service.onefootball.com\/transform?w=840&amp;h=793&amp;dpr=2&amp;image=https%3A%2F%2Ficdn.thecelticstar.com%2Fwp-content%2Fuploads%2F2025%2F11%2FSPFL_STMIRREN_CELTIC_01099.jpeg\"\/><source media=\"(min-width: 1280px) and (prefers-color-scheme: light)\" srcset=\"https:\/\/image-service.onefootball.com\/transform?w=840&amp;h=793&amp;dpr=2&amp;image=https%3A%2F%2Ficdn.thecelticstar.com%2Fwp-content%2Fuploads%2F2025%2F11%2FSPFL_STMIRREN_CELTIC_01099.jpeg\"\/><source media=\"(min-width: 1024px) and (max-width: 1279px) and (prefers-color-scheme: dark)\" srcset=\"https:\/\/image-service.onefootball.com\/transform?w=620&amp;h=585&amp;dpr=2&amp;image=https%3A%2F%2Ficdn.thecelticstar.com%2Fwp-content%2Fuploads%2F2025%2F11%2FSPFL_STMIRREN_CELTIC_01099.jpeg\"\/><source media=\"(min-width: 1024px) and (max-width: 1279px) and (prefers-color-scheme: light)\" srcset=\"https:\/\/image-service.onefootball.com\/transform?w=620&amp;h=585&amp;dpr=2&amp;image=https%3A%2F%2Ficdn.thecelticstar.com%2Fwp-content%2Fuploads%2F2025%2F11%2FSPFL_STMIRREN_CELTIC_01099.jpeg\"\/><source media=\"(min-width: 768px) and (max-width: 1023px) and (prefers-color-scheme: dark)\" srcset=\"https:\/\/image-service.onefootball.com\/transform?w=336&amp;h=317&amp;dpr=2&amp;image=https%3A%2F%2Ficdn.thecelticstar.com%2Fwp-content%2Fuploads%2F2025%2F11%2FSPFL_STMIRREN_CELTIC_01099.jpeg\"\/><source media=\"(min-width: 768px) and (max-width: 1023px) and (prefers-color-scheme: light)\" srcset=\"https:\/\/image-service.onefootball.com\/transform?w=336&amp;h=317&amp;dpr=2&amp;image=https%3A%2F%2Ficdn.thecelticstar.com%2Fwp-content%2Fuploads%2F2025%2F11%2FSPFL_STMIRREN_CELTIC_01099.jpeg\"\/><source media=\"(max-width: 767px) and (prefers-color-scheme: dark)\" srcset=\"https:\/\/image-service.onefootball.com\/transform?w=280&amp;h=264&amp;dpr=2&amp;image=https%3A%2F%2Ficdn.thecelticstar.com%2Fwp-content%2Fuploads%2F2025%2F11%2FSPFL_STMIRREN_CELTIC_01099.jpeg\"\/><source media=\"(max-width: 767px) and (prefers-color-scheme: light)\" srcset=\"https:\/\/image-service.onefootball.com\/transform?w=280&amp;h=264&amp;dpr=2&amp;image=https%3A%2F%2Ficdn.thecelticstar.com%2Fwp-content%2Fuploads%2F2025%2F11%2FSPFL_STMIRREN_CELTIC_01099.jpeg\"\/><img alt=\"Imagem do artigo:Hearts v Celtic \u2013 \u201cWe owe them one,\u201d Liam Scales\" decoding=\"async\" height=\"264.1851851851852\" loading=\"lazy\" src=\"https:\/\/image-service.onefootball.com\/transform?w=280&amp;h=264&amp;dpr=2&amp;image=https%3A%2F%2Ficdn.thecelticstar.com%2Fwp-content%2Fuploads%2F2025%2F11%2FSPFL_STMIRREN_CELTIC_01099.jpeg\" width=\"280\" class=\"ImageWithSets_of-image__img__pezo7 ImageWrapper_media-container__image__Rd2_F\" importance=\"low\"\/><\/picture><\/div>\n<div class=\"ArticleParagraph_articleParagraph__MrxYL\">\n<p>Liam Scales \u2013 St Mirren v <a href=\"https:\/\/onefootball.com\/pt-br\/time\/celtic-142\">Celtic<\/a>, 23 November 2025. Photo Vagelis Georgariou<\/p>\n<\/div>\n<div class=\"ArticleParagraph_articleParagraph__MrxYL\">\n<p><em><strong>\u201cWe owe them one. We weren\u2019t at our best when we played Hearts both times,\u201d<\/strong> <\/em>Liam Scales explained as he spoke to the mainstream media ahead of today\u2019s match. The <a href=\"https:\/\/onefootball.com\/pt-br\/time\/celtic-142\">Celtic<\/a> Fan Media remains banned because we asked six of seven perfectly reasonable questions of the club back in early September after the transfer window had closed.<\/p>\n<\/div>\n<div class=\"ArticleParagraph_articleParagraph__MrxYL\">\n<p><em><strong>\u201cWe owe ourselves a good performance against them as well. That\u2019s key,\u201d<\/strong> <\/em>Scales said as reported by<a href=\"https:\/\/www.thescottishsun.co.uk\/sport\/15842017\/celtic-hearts-revenge-tynecastle-warns-rivals\/\" target=\"_blank\" rel=\"noreferrer\"> Scottish Sun<\/a>. <em><strong>\u201cWill we see a different <a href=\"https:\/\/onefootball.com\/pt-br\/time\/celtic-142\">Celtic<\/a> this time? I hope so. I have massive respect for how Hearts well have done this season so far.<\/strong><\/em><\/p>\n<\/div>\n<div class=\"ArticleParagraph_articleParagraph__MrxYL\">\n<p><em><strong>\u201cThey have been really good and you have to give them that credit. We just want to approach it the same way we have been approaching the last few games. We want to be confident and we want to ultimately take three points.\u201d<\/strong><\/em><\/p>\n<\/div>\n<div class=\"ImageWithSets_of-image__ovnCW\" style=\"--padding-bottom-mobile:65.92592592592594%;--padding-bottom-tablet-portrait:65.92592592592594%;--padding-bottom-tablet-landscape:65.92592592592594%;--padding-bottom-desktop:65.92592592592594%\"><picture class=\"ImageWithSets_of-image__picture__4hzsN\"><source media=\"(min-width: 1280px) and (prefers-color-scheme: dark)\" srcset=\"https:\/\/image-service.onefootball.com\/transform?w=840&amp;h=554&amp;dpr=2&amp;image=https%3A%2F%2Ficdn.thecelticstar.com%2Fwp-content%2Fuploads%2F2025%2F10%2FSPFL_HEARTS_CELTIC_03834.jpeg\"\/><source media=\"(min-width: 1280px) and (prefers-color-scheme: light)\" srcset=\"https:\/\/image-service.onefootball.com\/transform?w=840&amp;h=554&amp;dpr=2&amp;image=https%3A%2F%2Ficdn.thecelticstar.com%2Fwp-content%2Fuploads%2F2025%2F10%2FSPFL_HEARTS_CELTIC_03834.jpeg\"\/><source media=\"(min-width: 1024px) and (max-width: 1279px) and (prefers-color-scheme: dark)\" srcset=\"https:\/\/image-service.onefootball.com\/transform?w=620&amp;h=409&amp;dpr=2&amp;image=https%3A%2F%2Ficdn.thecelticstar.com%2Fwp-content%2Fuploads%2F2025%2F10%2FSPFL_HEARTS_CELTIC_03834.jpeg\"\/><source media=\"(min-width: 1024px) and (max-width: 1279px) and (prefers-color-scheme: light)\" srcset=\"https:\/\/image-service.onefootball.com\/transform?w=620&amp;h=409&amp;dpr=2&amp;image=https%3A%2F%2Ficdn.thecelticstar.com%2Fwp-content%2Fuploads%2F2025%2F10%2FSPFL_HEARTS_CELTIC_03834.jpeg\"\/><source media=\"(min-width: 768px) and (max-width: 1023px) and (prefers-color-scheme: dark)\" srcset=\"https:\/\/image-service.onefootball.com\/transform?w=336&amp;h=222&amp;dpr=2&amp;image=https%3A%2F%2Ficdn.thecelticstar.com%2Fwp-content%2Fuploads%2F2025%2F10%2FSPFL_HEARTS_CELTIC_03834.jpeg\"\/><source media=\"(min-width: 768px) and (max-width: 1023px) and (prefers-color-scheme: light)\" srcset=\"https:\/\/image-service.onefootball.com\/transform?w=336&amp;h=222&amp;dpr=2&amp;image=https%3A%2F%2Ficdn.thecelticstar.com%2Fwp-content%2Fuploads%2F2025%2F10%2FSPFL_HEARTS_CELTIC_03834.jpeg\"\/><source media=\"(max-width: 767px) and (prefers-color-scheme: dark)\" srcset=\"https:\/\/image-service.onefootball.com\/transform?w=280&amp;h=185&amp;dpr=2&amp;image=https%3A%2F%2Ficdn.thecelticstar.com%2Fwp-content%2Fuploads%2F2025%2F10%2FSPFL_HEARTS_CELTIC_03834.jpeg\"\/><source media=\"(max-width: 767px) and (prefers-color-scheme: light)\" srcset=\"https:\/\/image-service.onefootball.com\/transform?w=280&amp;h=185&amp;dpr=2&amp;image=https%3A%2F%2Ficdn.thecelticstar.com%2Fwp-content%2Fuploads%2F2025%2F10%2FSPFL_HEARTS_CELTIC_03834.jpeg\"\/><img alt=\"Imagem do artigo:Hearts v Celtic \u2013 \u201cWe owe them one,\u201d Liam Scales\" decoding=\"async\" height=\"184.5925925925926\" loading=\"lazy\" src=\"https:\/\/image-service.onefootball.com\/transform?w=280&amp;h=185&amp;dpr=2&amp;image=https%3A%2F%2Ficdn.thecelticstar.com%2Fwp-content%2Fuploads%2F2025%2F10%2FSPFL_HEARTS_CELTIC_03834.jpeg\" width=\"280\" class=\"ImageWithSets_of-image__img__pezo7 ImageWrapper_media-container__image__Rd2_F\" importance=\"low\"\/><\/picture><\/div>\n<div class=\"ArticleParagraph_articleParagraph__MrxYL\">\n<p>Hearts players celebrate as a dejected <a href=\"https:\/\/onefootball.com\/pt-br\/jogador\/liam-scales-226738\">Liam Scales<\/a> looks on. Hearts v <a href=\"https:\/\/onefootball.com\/pt-br\/time\/celtic-142\">Celtic<\/a>, 26 October 2025. Photo Vagelis Georgariou (The <a href=\"https:\/\/onefootball.com\/pt-br\/time\/celtic-142\">Celtic<\/a> Star)<\/p>\n<\/div>\n<div class=\"ArticleParagraph_articleParagraph__MrxYL\">\n<p>Scales doesn\u2019t accept that a draw today would end Celtic\u2019s title challenge and while that is clearly the case, a share of the points would mean that things are no longer in Celtic\u2019s hands. Of course with three teams in the title race and Motherwell in particular looking very strong and capable of beating any team in the league, there will be more twists and turns to come in the title race.<\/p>\n<\/div>\n<div class=\"ArticleParagraph_articleParagraph__MrxYL\">\n<p>But today for <a href=\"https:\/\/onefootball.com\/pt-br\/time\/celtic-142\">Celtic<\/a> it\u2019s essentially all about winning. You would expect <em>theRangers<\/em> to beat Dundee so if <a href=\"https:\/\/onefootball.com\/pt-br\/time\/celtic-142\">Celtic<\/a> do prevail then it\u2019s going to be a three points lead for Hearts with both Glasgow sides edging closer to their own objectives.<\/p>\n<\/div>\n<div class=\"ArticleParagraph_articleParagraph__MrxYL\">\n<p><em><strong>\u201cWe all know it\u2019s a massive game,\u201d Scales said. \u201cWe\u2019re still in January. There\u2019s a lot of football to be played. I don\u2019t think it\u2019s a title decider or anything like that, but it\u2019s a massive game. We know what\u2019s at stake.<\/strong><\/em><\/p>\n<\/div>\n<div class=\"ImageWithSets_of-image__ovnCW\" style=\"--padding-bottom-mobile:86.48148148148148%;--padding-bottom-tablet-portrait:86.48148148148148%;--padding-bottom-tablet-landscape:86.48148148148148%;--padding-bottom-desktop:86.48148148148148%\"><picture class=\"ImageWithSets_of-image__picture__4hzsN\"><source media=\"(min-width: 1280px) and (prefers-color-scheme: dark)\" srcset=\"https:\/\/image-service.onefootball.com\/transform?w=840&amp;h=726&amp;dpr=2&amp;image=https%3A%2F%2Ficdn.thecelticstar.com%2Fwp-content%2Fuploads%2F2025%2F10%2FSPFL_DUNDEE_CELTIC_03446.jpeg\"\/><source media=\"(min-width: 1280px) and (prefers-color-scheme: light)\" srcset=\"https:\/\/image-service.onefootball.com\/transform?w=840&amp;h=726&amp;dpr=2&amp;image=https%3A%2F%2Ficdn.thecelticstar.com%2Fwp-content%2Fuploads%2F2025%2F10%2FSPFL_DUNDEE_CELTIC_03446.jpeg\"\/><source media=\"(min-width: 1024px) and (max-width: 1279px) and (prefers-color-scheme: dark)\" srcset=\"https:\/\/image-service.onefootball.com\/transform?w=620&amp;h=536&amp;dpr=2&amp;image=https%3A%2F%2Ficdn.thecelticstar.com%2Fwp-content%2Fuploads%2F2025%2F10%2FSPFL_DUNDEE_CELTIC_03446.jpeg\"\/><source media=\"(min-width: 1024px) and (max-width: 1279px) and (prefers-color-scheme: light)\" srcset=\"https:\/\/image-service.onefootball.com\/transform?w=620&amp;h=536&amp;dpr=2&amp;image=https%3A%2F%2Ficdn.thecelticstar.com%2Fwp-content%2Fuploads%2F2025%2F10%2FSPFL_DUNDEE_CELTIC_03446.jpeg\"\/><source media=\"(min-width: 768px) and (max-width: 1023px) and (prefers-color-scheme: dark)\" srcset=\"https:\/\/image-service.onefootball.com\/transform?w=336&amp;h=291&amp;dpr=2&amp;image=https%3A%2F%2Ficdn.thecelticstar.com%2Fwp-content%2Fuploads%2F2025%2F10%2FSPFL_DUNDEE_CELTIC_03446.jpeg\"\/><source media=\"(min-width: 768px) and (max-width: 1023px) and (prefers-color-scheme: light)\" srcset=\"https:\/\/image-service.onefootball.com\/transform?w=336&amp;h=291&amp;dpr=2&amp;image=https%3A%2F%2Ficdn.thecelticstar.com%2Fwp-content%2Fuploads%2F2025%2F10%2FSPFL_DUNDEE_CELTIC_03446.jpeg\"\/><source media=\"(max-width: 767px) and (prefers-color-scheme: dark)\" srcset=\"https:\/\/image-service.onefootball.com\/transform?w=280&amp;h=242&amp;dpr=2&amp;image=https%3A%2F%2Ficdn.thecelticstar.com%2Fwp-content%2Fuploads%2F2025%2F10%2FSPFL_DUNDEE_CELTIC_03446.jpeg\"\/><source media=\"(max-width: 767px) and (prefers-color-scheme: light)\" srcset=\"https:\/\/image-service.onefootball.com\/transform?w=280&amp;h=242&amp;dpr=2&amp;image=https%3A%2F%2Ficdn.thecelticstar.com%2Fwp-content%2Fuploads%2F2025%2F10%2FSPFL_DUNDEE_CELTIC_03446.jpeg\"\/><img alt=\"Imagem do artigo:Hearts v Celtic \u2013 \u201cWe owe them one,\u201d Liam Scales\" decoding=\"async\" height=\"242.14814814814812\" loading=\"lazy\" src=\"https:\/\/image-service.onefootball.com\/transform?w=280&amp;h=242&amp;dpr=2&amp;image=https%3A%2F%2Ficdn.thecelticstar.com%2Fwp-content%2Fuploads%2F2025%2F10%2FSPFL_DUNDEE_CELTIC_03446.jpeg\" width=\"280\" class=\"ImageWithSets_of-image__img__pezo7 ImageWrapper_media-container__image__Rd2_F\" importance=\"low\"\/><\/picture><\/div>\n<div class=\"ArticleParagraph_articleParagraph__MrxYL\">\n<p>Liam Scales on the ball as usual. Dundee v <a href=\"https:\/\/onefootball.com\/pt-br\/time\/celtic-142\">Celtic<\/a>. 19 October 2025. Photo Vagelis Georgariou (The <a href=\"https:\/\/onefootball.com\/pt-br\/time\/celtic-142\">Celtic<\/a> Star)<\/p>\n<\/div>\n<div class=\"ArticleParagraph_articleParagraph__MrxYL\">\n<p><em><strong>\u201cWe really are desperate to win this game, though we know leagues aren\u2019t won in January. We want to approach it the same way as we usually do.<\/strong><\/em><\/p>\n<\/div>\n<div class=\"ArticleParagraph_articleParagraph__MrxYL\">\n<p><em><strong>\u201cWe know how they play. We know their strengths and they\u2019re a solid team. They have good players all over the park and threats in the forward areas. We just need to get things right in terms of preparation.<\/strong><\/em><\/p>\n<\/div>\n<div class=\"ArticleParagraph_articleParagraph__MrxYL\">\n<p><em><strong>\u201cWe know it\u2019s a massive game for them. We know they will want to be at their best as well. We can\u2019t be anything less than our best.\u201d<\/strong><\/em><\/p>\n<\/div>\n<div class=\"ArticleParagraph_articleParagraph__MrxYL\">\n<p>Hearts exited the Premier Sports Cup early on, losing a penalty shoot-out to eventual winners St Mirren. The Tynecastle side didn\u2019t have European football to play this season after a disappointing relegation threatened campaign last time around.<\/p>\n<\/div>\n<div class=\"ImageWithSets_of-image__ovnCW\" style=\"--padding-bottom-mobile:64.07407407407408%;--padding-bottom-tablet-portrait:64.07407407407408%;--padding-bottom-tablet-landscape:64.07407407407408%;--padding-bottom-desktop:64.07407407407408%\"><picture class=\"ImageWithSets_of-image__picture__4hzsN\"><source media=\"(min-width: 1280px) and (prefers-color-scheme: dark)\" srcset=\"https:\/\/image-service.onefootball.com\/transform?w=840&amp;h=538&amp;dpr=2&amp;image=https%3A%2F%2Ficdn.thecelticstar.com%2Fwp-content%2Fuploads%2F2025%2F09%2Fimage-128.jpeg\"\/><source media=\"(min-width: 1280px) and (prefers-color-scheme: light)\" srcset=\"https:\/\/image-service.onefootball.com\/transform?w=840&amp;h=538&amp;dpr=2&amp;image=https%3A%2F%2Ficdn.thecelticstar.com%2Fwp-content%2Fuploads%2F2025%2F09%2Fimage-128.jpeg\"\/><source media=\"(min-width: 1024px) and (max-width: 1279px) and (prefers-color-scheme: dark)\" srcset=\"https:\/\/image-service.onefootball.com\/transform?w=620&amp;h=397&amp;dpr=2&amp;image=https%3A%2F%2Ficdn.thecelticstar.com%2Fwp-content%2Fuploads%2F2025%2F09%2Fimage-128.jpeg\"\/><source media=\"(min-width: 1024px) and (max-width: 1279px) and (prefers-color-scheme: light)\" srcset=\"https:\/\/image-service.onefootball.com\/transform?w=620&amp;h=397&amp;dpr=2&amp;image=https%3A%2F%2Ficdn.thecelticstar.com%2Fwp-content%2Fuploads%2F2025%2F09%2Fimage-128.jpeg\"\/><source media=\"(min-width: 768px) and (max-width: 1023px) and (prefers-color-scheme: dark)\" srcset=\"https:\/\/image-service.onefootball.com\/transform?w=336&amp;h=215&amp;dpr=2&amp;image=https%3A%2F%2Ficdn.thecelticstar.com%2Fwp-content%2Fuploads%2F2025%2F09%2Fimage-128.jpeg\"\/><source media=\"(min-width: 768px) and (max-width: 1023px) and (prefers-color-scheme: light)\" srcset=\"https:\/\/image-service.onefootball.com\/transform?w=336&amp;h=215&amp;dpr=2&amp;image=https%3A%2F%2Ficdn.thecelticstar.com%2Fwp-content%2Fuploads%2F2025%2F09%2Fimage-128.jpeg\"\/><source media=\"(max-width: 767px) and (prefers-color-scheme: dark)\" srcset=\"https:\/\/image-service.onefootball.com\/transform?w=280&amp;h=179&amp;dpr=2&amp;image=https%3A%2F%2Ficdn.thecelticstar.com%2Fwp-content%2Fuploads%2F2025%2F09%2Fimage-128.jpeg\"\/><source media=\"(max-width: 767px) and (prefers-color-scheme: light)\" srcset=\"https:\/\/image-service.onefootball.com\/transform?w=280&amp;h=179&amp;dpr=2&amp;image=https%3A%2F%2Ficdn.thecelticstar.com%2Fwp-content%2Fuploads%2F2025%2F09%2Fimage-128.jpeg\"\/><img alt=\"Imagem do artigo:Hearts v Celtic \u2013 \u201cWe owe them one,\u201d Liam Scales\" decoding=\"async\" height=\"179.40740740740742\" loading=\"lazy\" src=\"https:\/\/image-service.onefootball.com\/transform?w=280&amp;h=179&amp;dpr=2&amp;image=https%3A%2F%2Ficdn.thecelticstar.com%2Fwp-content%2Fuploads%2F2025%2F09%2Fimage-128.jpeg\" width=\"280\" class=\"ImageWithSets_of-image__img__pezo7 ImageWrapper_media-container__image__Rd2_F\" importance=\"low\"\/><\/picture><\/div>\n<div class=\"ArticleParagraph_articleParagraph__MrxYL\">\n<p>Liam Scales at Rugby Park, Kilmarnock v <a href=\"https:\/\/onefootball.com\/pt-br\/time\/celtic-142\">Celtic<\/a>, 14 September 2025. Photo Vagelis Georgariou (The <a href=\"https:\/\/onefootball.com\/pt-br\/time\/celtic-142\">Celtic<\/a> Star)<\/p>\n<\/div>\n<div class=\"ArticleParagraph_articleParagraph__MrxYL\">\n<p>Celtic go to Tynecastle today after playing with ten men in Italy on Thursday night against the Italian Cup holders Bologna, digging out a valuable point that keeps qualification in their own hands. Meanwhile Hearts players sat with their feet up watching the action on their television screens.<\/p>\n<\/div>\n<div class=\"ArticleParagraph_articleParagraph__MrxYL\">\n<p>Being able to focus on the league has been the story of Hearts\u2019 season so far and they have done that very effectively, in what until now has been an injury free campaign. That changes today with three key players missing including captain and talisman Lawrence Shankland out for eight weeks with a hamstring tear.<\/p>\n<\/div>\n<div class=\"ArticleParagraph_articleParagraph__MrxYL\">\n<p>That happened in the Scottish Cup defeat to Falkirk at Tynecastle last weekend, which means that Hearts only have their league fixtures to think about, something that many of their supporters feel is a blessing in disguise.<\/p>\n<\/div>\n<div class=\"ImageWithSets_of-image__ovnCW\" style=\"--padding-bottom-mobile:66.75925925925927%;--padding-bottom-tablet-portrait:66.75925925925927%;--padding-bottom-tablet-landscape:66.75925925925927%;--padding-bottom-desktop:66.75925925925927%\"><picture class=\"ImageWithSets_of-image__picture__4hzsN\"><source media=\"(min-width: 1280px) and (prefers-color-scheme: dark)\" srcset=\"https:\/\/image-service.onefootball.com\/transform?w=840&amp;h=561&amp;dpr=2&amp;image=https%3A%2F%2Ficdn.thecelticstar.com%2Fwp-content%2Fuploads%2F2026%2F01%2Fbologna-fc-1909-v-celtic-fc-uefa-europa-league-2025-26-league-phase-md7-7-1.jpeg\"\/><source media=\"(min-width: 1280px) and (prefers-color-scheme: light)\" srcset=\"https:\/\/image-service.onefootball.com\/transform?w=840&amp;h=561&amp;dpr=2&amp;image=https%3A%2F%2Ficdn.thecelticstar.com%2Fwp-content%2Fuploads%2F2026%2F01%2Fbologna-fc-1909-v-celtic-fc-uefa-europa-league-2025-26-league-phase-md7-7-1.jpeg\"\/><source media=\"(min-width: 1024px) and (max-width: 1279px) and (prefers-color-scheme: dark)\" srcset=\"https:\/\/image-service.onefootball.com\/transform?w=620&amp;h=414&amp;dpr=2&amp;image=https%3A%2F%2Ficdn.thecelticstar.com%2Fwp-content%2Fuploads%2F2026%2F01%2Fbologna-fc-1909-v-celtic-fc-uefa-europa-league-2025-26-league-phase-md7-7-1.jpeg\"\/><source media=\"(min-width: 1024px) and (max-width: 1279px) and (prefers-color-scheme: light)\" srcset=\"https:\/\/image-service.onefootball.com\/transform?w=620&amp;h=414&amp;dpr=2&amp;image=https%3A%2F%2Ficdn.thecelticstar.com%2Fwp-content%2Fuploads%2F2026%2F01%2Fbologna-fc-1909-v-celtic-fc-uefa-europa-league-2025-26-league-phase-md7-7-1.jpeg\"\/><source media=\"(min-width: 768px) and (max-width: 1023px) and (prefers-color-scheme: dark)\" srcset=\"https:\/\/image-service.onefootball.com\/transform?w=336&amp;h=224&amp;dpr=2&amp;image=https%3A%2F%2Ficdn.thecelticstar.com%2Fwp-content%2Fuploads%2F2026%2F01%2Fbologna-fc-1909-v-celtic-fc-uefa-europa-league-2025-26-league-phase-md7-7-1.jpeg\"\/><source media=\"(min-width: 768px) and (max-width: 1023px) and (prefers-color-scheme: light)\" srcset=\"https:\/\/image-service.onefootball.com\/transform?w=336&amp;h=224&amp;dpr=2&amp;image=https%3A%2F%2Ficdn.thecelticstar.com%2Fwp-content%2Fuploads%2F2026%2F01%2Fbologna-fc-1909-v-celtic-fc-uefa-europa-league-2025-26-league-phase-md7-7-1.jpeg\"\/><source media=\"(max-width: 767px) and (prefers-color-scheme: dark)\" srcset=\"https:\/\/image-service.onefootball.com\/transform?w=280&amp;h=187&amp;dpr=2&amp;image=https%3A%2F%2Ficdn.thecelticstar.com%2Fwp-content%2Fuploads%2F2026%2F01%2Fbologna-fc-1909-v-celtic-fc-uefa-europa-league-2025-26-league-phase-md7-7-1.jpeg\"\/><source media=\"(max-width: 767px) and (prefers-color-scheme: light)\" srcset=\"https:\/\/image-service.onefootball.com\/transform?w=280&amp;h=187&amp;dpr=2&amp;image=https%3A%2F%2Ficdn.thecelticstar.com%2Fwp-content%2Fuploads%2F2026%2F01%2Fbologna-fc-1909-v-celtic-fc-uefa-europa-league-2025-26-league-phase-md7-7-1.jpeg\"\/><img alt=\"Imagem do artigo:Hearts v Celtic \u2013 \u201cWe owe them one,\u201d Liam Scales\" decoding=\"async\" height=\"186.92592592592592\" loading=\"lazy\" src=\"https:\/\/image-service.onefootball.com\/transform?w=280&amp;h=187&amp;dpr=2&amp;image=https%3A%2F%2Ficdn.thecelticstar.com%2Fwp-content%2Fuploads%2F2026%2F01%2Fbologna-fc-1909-v-celtic-fc-uefa-europa-league-2025-26-league-phase-md7-7-1.jpeg\" width=\"280\" class=\"ImageWithSets_of-image__img__pezo7 ImageWrapper_media-container__image__Rd2_F\" importance=\"low\"\/><\/picture><\/div>\n<div class=\"ArticleParagraph_articleParagraph__MrxYL\">\n<p>Celtic FC line up during the UEFA Europa League 2025\/26 League Phase MD7 match between Bologna FC 1909 and <a href=\"https:\/\/onefootball.com\/pt-br\/time\/celtic-142\">Celtic<\/a> FC at Stadio Renato Dall\u2019Ara on January 22, 2026 in Bologna, Italy. (Photo by Alessandro Sabattini\/Getty Images)<\/p>\n<\/div>\n<div class=\"ArticleParagraph_articleParagraph__MrxYL\">\n<p>On how <a href=\"https:\/\/onefootball.com\/pt-br\/time\/celtic-142\">Celtic<\/a> recover for such a massive game after this type of exertions in Bologna, Scales said:<em><strong> \u201cIt\u2019s more what you do off the pitch than anything. It\u2019s about taking time to recover and sleep. A lot of players prefer playing.<\/strong><\/em><\/p>\n<\/div>\n<div class=\"ArticleParagraph_articleParagraph__MrxYL\">\n<p><em><strong>\u201cI prefer it personally than playing once a week because you\u2019re training less and you want to just be playing games.<\/strong><\/em><\/p>\n<\/div>\n<div class=\"ArticleParagraph_articleParagraph__MrxYL\">\n<p><em><strong>\u201cOnce you can take the two or three days to get good sleep, good recovery, it\u2019s not actually much worse than playing once a week. I enjoy it.\u201d<\/strong><\/em><\/p>\n<\/div>\n<div class=\"ArticleParagraph_articleParagraph__MrxYL\">\n<p>Hopefully the rest of the <a href=\"https:\/\/onefootball.com\/pt-br\/time\/celtic-142\">Celtic<\/a> players today will feel exactly the same way. The crucial Hearts v <a href=\"https:\/\/onefootball.com\/pt-br\/time\/celtic-142\">Celtic<\/a> match is live on Sky Sports with a 3pm kick-off. This <a href=\"https:\/\/onefootball.com\/pt-br\/competicao\/scottish-premiership-39\/jogos\">Scottish Premiership<\/a> game as usual will also be shown live on <a href=\"https:\/\/onefootball.com\/pt-br\/time\/celtic-142\">Celtic<\/a> TV for subscribers based outside of Britain and Ireland.<\/p>\n<\/div>\n<div class=\"ArticleParagraph_articleParagraph__MrxYL\">\n<p>It\u2019s the last few days of the Half Price January sale at <a href=\"https:\/\/onefootball.com\/pt-br\/time\/celtic-142\">Celtic<\/a> Star Books. Every book ordered is now just \u00a310 and p&amp;p is only charged on the first book at \u00a34.50. So ordering three books will cost a total of \u00a334.50 and given you a \u00a330 saving. Order at <a href=\"https:\/\/celticstarbooks.com\/shop\" target=\"_blank\" rel=\"noreferrer\">celticstarbooks.com\/shop <\/a><\/p>\n<\/div>\n<div class=\"ArticleParagraph_articleParagraph__MrxYL\">\n<h3>All Books Now Half Price in the <a href=\"https:\/\/onefootball.com\/pt-br\/time\/celtic-142\">Celtic<\/a> Star Books January Sale\u2026<\/h3>\n<\/div>\n<div class=\"ArticleParagraph_articleParagraph__MrxYL\">\n<p>These books now available at at HALF PRICE in our January sale \u2013 click on image to order\u2026<\/p>\n<\/div>\n<div class=\"ArticleParagraph_articleParagraph__MrxYL\">\n<p>Order from <a href=\"https:\/\/onefootball.com\/pt-br\/time\/celtic-142\">Celtic<\/a> Star Books HERE!<\/p>\n<\/div>\n<div class=\"ArticleParagraph_articleParagraph__MrxYL\">\n<p>Please note that p&amp;p is priced at \u00a34.50 is only charged on ONE book so you can buy as many of our books as you like and the postage cost will remain the same. Why not expand your <a href=\"https:\/\/onefootball.com\/pt-br\/time\/celtic-142\">Celtic<\/a> library today?<\/p>\n<\/div>\n<div class=\"ArticleParagraph_articleParagraph__MrxYL\">\n<p>More Stories \/ Latest News<\/p>\n<\/div>\n<div class=\"ArticleParagraph_articleParagraph__MrxYL\">\n<p><a href=\"https:\/\/onefootball.com\/hearts-v-celtic-we-owe-them-one-liam-scales\/\" target=\"_blank\" rel=\"noreferrer\">Hearts v Celtic \u2013 \u201cWe owe them one,\u201d Liam Scales<\/a><\/p>\n<\/div>\n<div class=\"ArticleParagraph_articleParagraph__MrxYL\">\n<p><a href=\"https:\/\/onefootball.com\/hearts-v-celtic-team-news-referee-details-ko-time-where-to-watch-2\/\" target=\"_blank\" rel=\"noreferrer\">Hearts v Celtic: team news, referee details, KO time &amp; where to watch<\/a><\/p>\n<\/div>\n<div class=\"ArticleParagraph_articleParagraph__MrxYL\">\n<p><a href=\"https:\/\/onefootball.com\/kris-boyd-cooking-up-an-anti-celtic-red-card-conspiracy-theory\/\" target=\"_blank\" rel=\"noreferrer\">Kris Boyd cooking up an anti-Celtic red card conspiracy theory<\/a><\/p>\n<\/div>\n<p><a class=\"PublisherImprintLink_container__RL6Zd title-7-medium\" href=\"https:\/\/thecelticstar.com\/about\" rel=\"noreferrer\" target=\"_blank\"><img alt=\"\" decoding=\"async\" loading=\"lazy\" width=\"24\" height=\"24\" data-nimg=\"1\" style=\"color:transparent\" srcset=\"https:\/\/image-service.onefootball.com\/transform?w=32&amp;dpr=2&amp;image=https:\/\/images.onefootball.com\/cw\/icons\/info-light.svg 1x, https:\/\/image-service.onefootball.com\/transform?w=48&amp;dpr=2&amp;image=https:\/\/images.onefootball.com\/cw\/icons\/info-light.svg 2x\" src=\"https:\/\/image-service.onefootball.com\/transform?w=48&amp;dpr=2&amp;image=https:\/\/images.onefootball.com\/cw\/icons\/info-light.svg\"\/>Saiba mais sobre o ve\u00edculo<\/a><button class=\"NativeShare_container__okhFj Button_root__RKQ4c Button_outline__jxSq_\">Compartilhar artigo<svg class=\"NativeShare_icon__c2KQS\" fill=\"currentColor\" viewbox=\"0 0 24 24\"><path d=\"M12.2377 1.1804a.75.75 0 0 0-.9762.0003l-3.51 3.01a.75.75 0 0 0 .9765 1.1386l2.292-1.9655V12.52c0 .46.33.84.73.84.4 0 .73-.37.73-.84V3.3633l2.2718 1.9463a.75.75 0 1 0 .9759-1.1392l-3.49-2.99Z\"\/><path d=\"M5.14 8.62c-.904 0-1.64.7358-1.64 1.6455v9.209c0 .9097.736 1.6455 1.64 1.6455h13.22c.904 0 1.64-.7358 1.64-1.6455v-9.1977c0-.9097-.736-1.6455-1.64-1.6455h-1.61a.75.75 0 0 1 0-1.5h1.61c1.736 0 3.14 1.411 3.14 3.1455v9.1977c0 1.7344-1.404 3.1455-3.14 3.1455H5.14C3.404 22.62 2 21.2089 2 19.4745v-9.209C2 8.5311 3.404 7.12 5.14 7.12h1.32a.75.75 0 1 1 0 1.5H5.14Z\"\/><\/svg><\/button><\/p>\n<section class=\"XpaTaboolaPlaceholder_container__S7Qhw\"\/><\/div>\n<p><a href=\"https:\/\/onefootball.com\/pt-br\/noticias\/hearts-v-celtic-we-owe-them-one-liam-scales-42298206\">Source link <\/a><\/p>","protected":false},"excerpt":{"rendered":"<p>Liam Scales spoke for all his teammates and the entire Celtic support when he stated that Celtic owe Hearts one after the way the two previous matches against the current league leaders have panned out this season\u2026 Liam Scales of Celtic. Photo David Young (IMAGO) Hearts go into this afternoon\u2019s match six points ahead of [&hellip;]<\/p>\n","protected":false},"author":1,"featured_media":82068,"comment_status":"closed","ping_status":"","sticky":false,"template":"","format":"standard","meta":{"googlesitekit_rrm_CAow2JLhCw:productID":"","_gspb_post_css":"","maa_idioma":"","maa_pais":"","footnotes":""},"categories":[4],"tags":[7485,15726,4862,15727,15728],"class_list":["post-82067","post","type-post","status-publish","format-standard","has-post-thumbnail","hentry","category-brasil","tag-celtic","tag-hearts","tag-liam","tag-owe","tag-scales"],"blocksy_meta":[],"yoast_head":"<!-- This site is optimized with the Yoast SEO Premium plugin v27.6 (Yoast SEO v27.6) - https:\/\/yoast.com\/product\/yoast-seo-premium-wordpress\/ -->\n<title>Hearts v Celtic \u2013 \u201cWe owe them one,\u201d Liam Scales - Ubirat\u00e3 Online Not\u00edcias - A realidade ao seu alcance!<\/title>\n<meta name=\"description\" content=\"Liam Scales spoke for all his teammates and the entire Celtic support when he stated that Celtic owe Hearts one after the way the two previous matches\" \/>\n<meta name=\"robots\" content=\"index, follow, max-snippet:-1, max-image-preview:large, max-video-preview:-1\" \/>\n<link rel=\"canonical\" href=\"https:\/\/ubirataonline.com.br\/en\/hearts-v-celtic-we-owe-them-one-liam-scales\/\" \/>\n<meta property=\"og:locale\" content=\"en_US\" \/>\n<meta property=\"og:type\" content=\"article\" \/>\n<meta property=\"og:title\" content=\"Hearts v Celtic \u2013 \u201cWe owe them one,\u201d Liam Scales\" \/>\n<meta property=\"og:description\" content=\"Liam Scales spoke for all his teammates and the entire Celtic support when he stated that Celtic owe Hearts one after the way the two previous matches\" \/>\n<meta property=\"og:url\" content=\"https:\/\/ubirataonline.com.br\/en\/hearts-v-celtic-we-owe-them-one-liam-scales\/\" \/>\n<meta property=\"og:site_name\" content=\"Ubirat\u00e3 Online Not\u00edcias - A realidade ao seu alcance!\" \/>\n<meta property=\"article:publisher\" content=\"https:\/\/www.facebook.com\/portalubirataonline\" \/>\n<meta property=\"article:author\" content=\"https:\/\/www.facebook.com\/portalubirataonline\" \/>\n<meta property=\"article:published_time\" content=\"2026-01-25T16:16:32+00:00\" \/>\n<meta property=\"article:modified_time\" content=\"2026-01-25T16:16:36+00:00\" \/>\n<meta property=\"og:image\" content=\"https:\/\/ubirataonline.com.br\/wp-content\/uploads\/2026\/01\/Hearts-v-Celtic-\u2013-We-owe-them-one-Liam-Scales.jpeg\" \/>\n\t<meta property=\"og:image:width\" content=\"1200\" \/>\n\t<meta property=\"og:image:height\" content=\"630\" \/>\n\t<meta property=\"og:image:type\" content=\"image\/jpeg\" \/>\n<meta name=\"author\" content=\"REDA\u00c7\u00c3O: UBIRAT\u00c3 ONLINE - F\u00c1BIO AUGUSTO CELESTINO\" \/>\n<meta name=\"twitter:card\" content=\"summary_large_image\" \/>\n<meta name=\"twitter:creator\" content=\"@x.com\/ubirataonline\" \/>\n<meta name=\"twitter:site\" content=\"@ubirataonline\" \/>\n<meta name=\"twitter:label1\" content=\"Written by\" \/>\n\t<meta name=\"twitter:data1\" content=\"REDA\u00c7\u00c3O: UBIRAT\u00c3 ONLINE - F\u00c1BIO AUGUSTO CELESTINO\" \/>\n\t<meta name=\"twitter:label2\" content=\"Est. reading time\" \/>\n\t<meta name=\"twitter:data2\" content=\"6 minutes\" \/>\n<script type=\"application\/ld+json\" class=\"yoast-schema-graph\">{\"@context\":\"https:\\\/\\\/schema.org\",\"@graph\":[{\"@type\":\"NewsArticle\",\"@id\":\"https:\\\/\\\/ubirataonline.com.br\\\/hearts-v-celtic-we-owe-them-one-liam-scales\\\/#article\",\"isPartOf\":{\"@id\":\"https:\\\/\\\/ubirataonline.com.br\\\/hearts-v-celtic-we-owe-them-one-liam-scales\\\/\"},\"author\":{\"name\":\"REDA\u00c7\u00c3O: UBIRAT\u00c3 ONLINE - F\u00c1BIO AUGUSTO CELESTINO\",\"@id\":\"https:\\\/\\\/ubirataonline.com.br\\\/#\\\/schema\\\/person\\\/372f87bbd3fdd79b8556b84c98d0bc1c\"},\"headline\":\"Hearts v Celtic \u2013 \u201cWe owe them one,\u201d Liam Scales\",\"datePublished\":\"2026-01-25T16:16:32+00:00\",\"dateModified\":\"2026-01-25T16:16:36+00:00\",\"mainEntityOfPage\":{\"@id\":\"https:\\\/\\\/ubirataonline.com.br\\\/hearts-v-celtic-we-owe-them-one-liam-scales\\\/\"},\"wordCount\":1219,\"publisher\":{\"@id\":\"https:\\\/\\\/ubirataonline.com.br\\\/#organization\"},\"image\":{\"@id\":\"https:\\\/\\\/ubirataonline.com.br\\\/hearts-v-celtic-we-owe-them-one-liam-scales\\\/#primaryimage\"},\"thumbnailUrl\":\"https:\\\/\\\/ubirataonline.com.br\\\/wp-content\\\/uploads\\\/2026\\\/01\\\/Hearts-v-Celtic-\u2013-We-owe-them-one-Liam-Scales.jpeg\",\"keywords\":[\"Celtic\",\"Hearts\",\"Liam\",\"owe\",\"Scales\"],\"articleSection\":[\"Brasil\"],\"inLanguage\":\"en-US\",\"copyrightYear\":\"2026\",\"copyrightHolder\":{\"@id\":\"https:\\\/\\\/ubirataonline.com.br\\\/en\\\/#organization\"}},{\"@type\":\"WebPage\",\"@id\":\"https:\\\/\\\/ubirataonline.com.br\\\/hearts-v-celtic-we-owe-them-one-liam-scales\\\/\",\"url\":\"https:\\\/\\\/ubirataonline.com.br\\\/hearts-v-celtic-we-owe-them-one-liam-scales\\\/\",\"name\":\"Hearts v Celtic \u2013 \u201cWe owe them one,\u201d Liam Scales - Ubirat\u00e3 Online Not\u00edcias - A realidade ao seu alcance!\",\"isPartOf\":{\"@id\":\"https:\\\/\\\/ubirataonline.com.br\\\/#website\"},\"primaryImageOfPage\":{\"@id\":\"https:\\\/\\\/ubirataonline.com.br\\\/hearts-v-celtic-we-owe-them-one-liam-scales\\\/#primaryimage\"},\"image\":{\"@id\":\"https:\\\/\\\/ubirataonline.com.br\\\/hearts-v-celtic-we-owe-them-one-liam-scales\\\/#primaryimage\"},\"thumbnailUrl\":\"https:\\\/\\\/ubirataonline.com.br\\\/wp-content\\\/uploads\\\/2026\\\/01\\\/Hearts-v-Celtic-\u2013-We-owe-them-one-Liam-Scales.jpeg\",\"datePublished\":\"2026-01-25T16:16:32+00:00\",\"dateModified\":\"2026-01-25T16:16:36+00:00\",\"description\":\"Liam Scales spoke for all his teammates and the entire Celtic support when he stated that Celtic owe Hearts one after the way the two previous matches\",\"breadcrumb\":{\"@id\":\"https:\\\/\\\/ubirataonline.com.br\\\/hearts-v-celtic-we-owe-them-one-liam-scales\\\/#breadcrumb\"},\"inLanguage\":\"en-US\",\"potentialAction\":[{\"@type\":\"ReadAction\",\"target\":[\"https:\\\/\\\/ubirataonline.com.br\\\/hearts-v-celtic-we-owe-them-one-liam-scales\\\/\"]}]},{\"@type\":\"ImageObject\",\"inLanguage\":\"en-US\",\"@id\":\"https:\\\/\\\/ubirataonline.com.br\\\/hearts-v-celtic-we-owe-them-one-liam-scales\\\/#primaryimage\",\"url\":\"https:\\\/\\\/ubirataonline.com.br\\\/wp-content\\\/uploads\\\/2026\\\/01\\\/Hearts-v-Celtic-\u2013-We-owe-them-one-Liam-Scales.jpeg\",\"contentUrl\":\"https:\\\/\\\/ubirataonline.com.br\\\/wp-content\\\/uploads\\\/2026\\\/01\\\/Hearts-v-Celtic-\u2013-We-owe-them-one-Liam-Scales.jpeg\",\"width\":1200,\"height\":630,\"caption\":\"Hearts v Celtic \u2013 \u201cWe owe them one,\u201d Liam Scales\"},{\"@type\":\"BreadcrumbList\",\"@id\":\"https:\\\/\\\/ubirataonline.com.br\\\/hearts-v-celtic-we-owe-them-one-liam-scales\\\/#breadcrumb\",\"itemListElement\":[{\"@type\":\"ListItem\",\"position\":1,\"name\":\"In\u00edcio\",\"item\":\"https:\\\/\\\/ubirataonline.com.br\\\/\"},{\"@type\":\"ListItem\",\"position\":2,\"name\":\"Hearts v Celtic \u2013 \u201cWe owe them one,\u201d Liam Scales\"}]},{\"@type\":\"WebSite\",\"@id\":\"https:\\\/\\\/ubirataonline.com.br\\\/#website\",\"url\":\"https:\\\/\\\/ubirataonline.com.br\\\/\",\"name\":\"Ubirat\u00e3 Online Not\u00edcias\",\"description\":\"Not\u00edcias de Ubirat\u00e3, regi\u00e3o, Brasil e mundo, com informa\u00e7\u00e3o atualizada e compromisso com o leitor.\",\"publisher\":{\"@id\":\"https:\\\/\\\/ubirataonline.com.br\\\/#organization\"},\"alternateName\":\"Ubirat\u00e3 Online\",\"potentialAction\":[{\"@type\":\"SearchAction\",\"target\":{\"@type\":\"EntryPoint\",\"urlTemplate\":\"https:\\\/\\\/ubirataonline.com.br\\\/?s={search_term_string}\"},\"query-input\":{\"@type\":\"PropertyValueSpecification\",\"valueRequired\":true,\"valueName\":\"search_term_string\"}}],\"inLanguage\":\"en-US\"},{\"@type\":[\"Organization\",\"Place\"],\"@id\":\"https:\\\/\\\/ubirataonline.com.br\\\/#organization\",\"name\":\"Ubirat\u00e3 Online Not\u00edcias\",\"alternateName\":\"Ubirat\u00e3 Online\",\"url\":\"https:\\\/\\\/ubirataonline.com.br\\\/\",\"logo\":{\"@id\":\"https:\\\/\\\/ubirataonline.com.br\\\/hearts-v-celtic-we-owe-them-one-liam-scales\\\/#local-main-organization-logo\"},\"image\":{\"@id\":\"https:\\\/\\\/ubirataonline.com.br\\\/hearts-v-celtic-we-owe-them-one-liam-scales\\\/#local-main-organization-logo\"},\"sameAs\":[\"https:\\\/\\\/www.facebook.com\\\/portalubirataonline\",\"https:\\\/\\\/x.com\\\/ubirataonline\",\"https:\\\/\\\/mastodon.social\\\/@ubirataonline\",\"https:\\\/\\\/www.facebook.com\\\/groups\\\/311144672285604\",\"https:\\\/\\\/www.facebook.com\\\/UBTAOnline\",\"https:\\\/\\\/www.instagram.com\\\/portalubirataonline\\\/\",\"https:\\\/\\\/twitter.com\\\/ubirataonline\"],\"description\":\"Somos um portal de not\u00edcias independente, criado em 5 de janeiro de 2009, com o objetivo de informar, conectar e valorizar a nossa comunidade de Ubirat\u00e3 e toda aregi\u00e3o. Com conte\u00fado atualizado, confi\u00e1vel e relevante, o Ubirat\u00e3 Online \u00e9 o seu espa\u00e7o para ficar por dentro dos principais acontecimentos locais, regionais, Brasil, Mundo e de interesse geral. Nosso compromisso \u00e9 com a verdade, a transpar\u00eancia e o respeito ao leitor.\",\"legalName\":\"UBIRATA ONLINE NOT\u00cdCIAS\",\"foundingDate\":\"2009-01-05\",\"numberOfEmployees\":{\"@type\":\"QuantitativeValue\",\"minValue\":\"1\",\"maxValue\":\"10\"},\"publishingPrinciples\":\"https:\\\/\\\/ubirataonline.com.br\\\/faq\\\/\",\"address\":{\"@id\":\"https:\\\/\\\/ubirataonline.com.br\\\/hearts-v-celtic-we-owe-them-one-liam-scales\\\/#local-main-place-address\"},\"geo\":{\"@type\":\"GeoCoordinates\",\"latitude\":\"-24.5361401\",\"longitude\":\"-52.9921776\"},\"telephone\":[\"+5544998308235\"],\"contactPoint\":{\"@type\":\"ContactPoint\",\"email\":\"contato@ubirataonline.com.br\"},\"openingHoursSpecification\":{\"@type\":\"OpeningHoursSpecification\",\"dayOfWeek\":[\"Monday\",\"Tuesday\",\"Wednesday\",\"Thursday\",\"Friday\",\"Saturday\",\"Sunday\"],\"opens\":\"00:00\",\"closes\":\"23:59\"},\"email\":\"contato@ubirataonline.com.br\",\"vatID\":\"47.621.418\\\/0001-80\"},{\"@type\":\"Person\",\"@id\":\"https:\\\/\\\/ubirataonline.com.br\\\/#\\\/schema\\\/person\\\/372f87bbd3fdd79b8556b84c98d0bc1c\",\"name\":\"REDA\u00c7\u00c3O: UBIRAT\u00c3 ONLINE - F\u00c1BIO AUGUSTO CELESTINO\",\"pronouns\":\"Ele\",\"description\":\"Desde 2003 trabalhando com not\u00edcias.\",\"sameAs\":[\"http:\\\/\\\/ubirataoline.com.br\",\"https:\\\/\\\/www.facebook.com\\\/portalubirataonline\",\"https:\\\/\\\/www.instagram.com\\\/ubirataonline_oficial\",\"https:\\\/\\\/x.com\\\/x.com\\\/ubirataonline\"],\"honorificPrefix\":\"Mr.\",\"honorificSuffix\":\"MD\",\"birthDate\":\"1980-06-16\",\"gender\":\"masculino\",\"award\":[\"V\u00e1rios pr\u00eamios de melhor portal da cidade\"],\"jobTitle\":\"Diretor\",\"url\":\"https:\\\/\\\/ubirataonline.com.br\\\/en\\\/author\\\/ubirataonline\\\/\"},{\"@type\":\"PostalAddress\",\"@id\":\"https:\\\/\\\/ubirataonline.com.br\\\/hearts-v-celtic-we-owe-them-one-liam-scales\\\/#local-main-place-address\",\"streetAddress\":\"Rua dos Coqueiros, 104 - Bairro Boa Vista, Rua dos Coqueiros, 104 Bairro Boa Vista\",\"addressLocality\":\"UBIRATA\",\"postalCode\":\"85440-000\",\"addressRegion\":\"PR\",\"addressCountry\":\"BR\"},{\"@type\":\"ImageObject\",\"inLanguage\":\"en-US\",\"@id\":\"https:\\\/\\\/ubirataonline.com.br\\\/hearts-v-celtic-we-owe-them-one-liam-scales\\\/#local-main-organization-logo\",\"url\":\"https:\\\/\\\/ubirataonline.com.br\\\/wp-content\\\/uploads\\\/2026\\\/06\\\/logoubirataonline-1.webp\",\"contentUrl\":\"https:\\\/\\\/ubirataonline.com.br\\\/wp-content\\\/uploads\\\/2026\\\/06\\\/logoubirataonline-1.webp\",\"width\":500,\"height\":500,\"caption\":\"Ubirat\u00e3 Online Not\u00edcias\"}]}<\/script>\n<meta name=\"geo.placename\" content=\"UBIRATA\" \/>\n<meta name=\"geo.position\" content=\"-24.5361401;-52.9921776\" \/>\n<meta name=\"geo.region\" content=\"Brazil\" \/>\n<!-- \/ Yoast SEO Premium plugin. -->","yoast_head_json":{"title":"Hearts v Celtic \u2013 \u201cWe owe them one,\u201d Liam Scales - Ubirat\u00e3 Online Not\u00edcias - A realidade ao seu alcance!","description":"Liam Scales spoke for all his teammates and the entire Celtic support when he stated that Celtic owe Hearts one after the way the two previous matches","robots":{"index":"index","follow":"follow","max-snippet":"max-snippet:-1","max-image-preview":"max-image-preview:large","max-video-preview":"max-video-preview:-1"},"canonical":"https:\/\/ubirataonline.com.br\/en\/hearts-v-celtic-we-owe-them-one-liam-scales\/","og_locale":"en_US","og_type":"article","og_title":"Hearts v Celtic \u2013 \u201cWe owe them one,\u201d Liam Scales","og_description":"Liam Scales spoke for all his teammates and the entire Celtic support when he stated that Celtic owe Hearts one after the way the two previous matches","og_url":"https:\/\/ubirataonline.com.br\/en\/hearts-v-celtic-we-owe-them-one-liam-scales\/","og_site_name":"Ubirat\u00e3 Online Not\u00edcias - A realidade ao seu alcance!","article_publisher":"https:\/\/www.facebook.com\/portalubirataonline","article_author":"https:\/\/www.facebook.com\/portalubirataonline","article_published_time":"2026-01-25T16:16:32+00:00","article_modified_time":"2026-01-25T16:16:36+00:00","og_image":[{"width":1200,"height":630,"url":"https:\/\/ubirataonline.com.br\/wp-content\/uploads\/2026\/01\/Hearts-v-Celtic-\u2013-We-owe-them-one-Liam-Scales.jpeg","type":"image\/jpeg"}],"author":"REDA\u00c7\u00c3O: UBIRAT\u00c3 ONLINE - F\u00c1BIO AUGUSTO CELESTINO","twitter_card":"summary_large_image","twitter_creator":"@x.com\/ubirataonline","twitter_site":"@ubirataonline","twitter_misc":{"Written by":"REDA\u00c7\u00c3O: UBIRAT\u00c3 ONLINE - F\u00c1BIO AUGUSTO CELESTINO","Est. reading time":"6 minutes"},"schema":{"@context":"https:\/\/schema.org","@graph":[{"@type":"NewsArticle","@id":"https:\/\/ubirataonline.com.br\/hearts-v-celtic-we-owe-them-one-liam-scales\/#article","isPartOf":{"@id":"https:\/\/ubirataonline.com.br\/hearts-v-celtic-we-owe-them-one-liam-scales\/"},"author":{"name":"REDA\u00c7\u00c3O: UBIRAT\u00c3 ONLINE - F\u00c1BIO AUGUSTO CELESTINO","@id":"https:\/\/ubirataonline.com.br\/#\/schema\/person\/372f87bbd3fdd79b8556b84c98d0bc1c"},"headline":"Hearts v Celtic \u2013 \u201cWe owe them one,\u201d Liam Scales","datePublished":"2026-01-25T16:16:32+00:00","dateModified":"2026-01-25T16:16:36+00:00","mainEntityOfPage":{"@id":"https:\/\/ubirataonline.com.br\/hearts-v-celtic-we-owe-them-one-liam-scales\/"},"wordCount":1219,"publisher":{"@id":"https:\/\/ubirataonline.com.br\/#organization"},"image":{"@id":"https:\/\/ubirataonline.com.br\/hearts-v-celtic-we-owe-them-one-liam-scales\/#primaryimage"},"thumbnailUrl":"https:\/\/ubirataonline.com.br\/wp-content\/uploads\/2026\/01\/Hearts-v-Celtic-\u2013-We-owe-them-one-Liam-Scales.jpeg","keywords":["Celtic","Hearts","Liam","owe","Scales"],"articleSection":["Brasil"],"inLanguage":"en-US","copyrightYear":"2026","copyrightHolder":{"@id":"https:\/\/ubirataonline.com.br\/en\/#organization"}},{"@type":"WebPage","@id":"https:\/\/ubirataonline.com.br\/hearts-v-celtic-we-owe-them-one-liam-scales\/","url":"https:\/\/ubirataonline.com.br\/hearts-v-celtic-we-owe-them-one-liam-scales\/","name":"Hearts v Celtic \u2013 \u201cWe owe them one,\u201d Liam Scales - Ubirat\u00e3 Online Not\u00edcias - A realidade ao seu alcance!","isPartOf":{"@id":"https:\/\/ubirataonline.com.br\/#website"},"primaryImageOfPage":{"@id":"https:\/\/ubirataonline.com.br\/hearts-v-celtic-we-owe-them-one-liam-scales\/#primaryimage"},"image":{"@id":"https:\/\/ubirataonline.com.br\/hearts-v-celtic-we-owe-them-one-liam-scales\/#primaryimage"},"thumbnailUrl":"https:\/\/ubirataonline.com.br\/wp-content\/uploads\/2026\/01\/Hearts-v-Celtic-\u2013-We-owe-them-one-Liam-Scales.jpeg","datePublished":"2026-01-25T16:16:32+00:00","dateModified":"2026-01-25T16:16:36+00:00","description":"Liam Scales spoke for all his teammates and the entire Celtic support when he stated that Celtic owe Hearts one after the way the two previous matches","breadcrumb":{"@id":"https:\/\/ubirataonline.com.br\/hearts-v-celtic-we-owe-them-one-liam-scales\/#breadcrumb"},"inLanguage":"en-US","potentialAction":[{"@type":"ReadAction","target":["https:\/\/ubirataonline.com.br\/hearts-v-celtic-we-owe-them-one-liam-scales\/"]}]},{"@type":"ImageObject","inLanguage":"en-US","@id":"https:\/\/ubirataonline.com.br\/hearts-v-celtic-we-owe-them-one-liam-scales\/#primaryimage","url":"https:\/\/ubirataonline.com.br\/wp-content\/uploads\/2026\/01\/Hearts-v-Celtic-\u2013-We-owe-them-one-Liam-Scales.jpeg","contentUrl":"https:\/\/ubirataonline.com.br\/wp-content\/uploads\/2026\/01\/Hearts-v-Celtic-\u2013-We-owe-them-one-Liam-Scales.jpeg","width":1200,"height":630,"caption":"Hearts v Celtic \u2013 \u201cWe owe them one,\u201d Liam Scales"},{"@type":"BreadcrumbList","@id":"https:\/\/ubirataonline.com.br\/hearts-v-celtic-we-owe-them-one-liam-scales\/#breadcrumb","itemListElement":[{"@type":"ListItem","position":1,"name":"In\u00edcio","item":"https:\/\/ubirataonline.com.br\/"},{"@type":"ListItem","position":2,"name":"Hearts v Celtic \u2013 \u201cWe owe them one,\u201d Liam Scales"}]},{"@type":"WebSite","@id":"https:\/\/ubirataonline.com.br\/#website","url":"https:\/\/ubirataonline.com.br\/","name":"Ubirat\u00e3 Online Not\u00edcias","description":"Not\u00edcias de Ubirat\u00e3, regi\u00e3o, Brasil e mundo, com informa\u00e7\u00e3o atualizada e compromisso com o leitor.","publisher":{"@id":"https:\/\/ubirataonline.com.br\/#organization"},"alternateName":"Ubirat\u00e3 Online","potentialAction":[{"@type":"SearchAction","target":{"@type":"EntryPoint","urlTemplate":"https:\/\/ubirataonline.com.br\/?s={search_term_string}"},"query-input":{"@type":"PropertyValueSpecification","valueRequired":true,"valueName":"search_term_string"}}],"inLanguage":"en-US"},{"@type":["Organization","Place"],"@id":"https:\/\/ubirataonline.com.br\/#organization","name":"Ubirat\u00e3 Online Not\u00edcias","alternateName":"Ubirat\u00e3 Online","url":"https:\/\/ubirataonline.com.br\/","logo":{"@id":"https:\/\/ubirataonline.com.br\/hearts-v-celtic-we-owe-them-one-liam-scales\/#local-main-organization-logo"},"image":{"@id":"https:\/\/ubirataonline.com.br\/hearts-v-celtic-we-owe-them-one-liam-scales\/#local-main-organization-logo"},"sameAs":["https:\/\/www.facebook.com\/portalubirataonline","https:\/\/x.com\/ubirataonline","https:\/\/mastodon.social\/@ubirataonline","https:\/\/www.facebook.com\/groups\/311144672285604","https:\/\/www.facebook.com\/UBTAOnline","https:\/\/www.instagram.com\/portalubirataonline\/","https:\/\/twitter.com\/ubirataonline"],"description":"Somos um portal de not\u00edcias independente, criado em 5 de janeiro de 2009, com o objetivo de informar, conectar e valorizar a nossa comunidade de Ubirat\u00e3 e toda aregi\u00e3o. Com conte\u00fado atualizado, confi\u00e1vel e relevante, o Ubirat\u00e3 Online \u00e9 o seu espa\u00e7o para ficar por dentro dos principais acontecimentos locais, regionais, Brasil, Mundo e de interesse geral. Nosso compromisso \u00e9 com a verdade, a transpar\u00eancia e o respeito ao leitor.","legalName":"UBIRATA ONLINE NOT\u00cdCIAS","foundingDate":"2009-01-05","numberOfEmployees":{"@type":"QuantitativeValue","minValue":"1","maxValue":"10"},"publishingPrinciples":"https:\/\/ubirataonline.com.br\/faq\/","address":{"@id":"https:\/\/ubirataonline.com.br\/hearts-v-celtic-we-owe-them-one-liam-scales\/#local-main-place-address"},"geo":{"@type":"GeoCoordinates","latitude":"-24.5361401","longitude":"-52.9921776"},"telephone":["+5544998308235"],"contactPoint":{"@type":"ContactPoint","email":"contato@ubirataonline.com.br"},"openingHoursSpecification":{"@type":"OpeningHoursSpecification","dayOfWeek":["Monday","Tuesday","Wednesday","Thursday","Friday","Saturday","Sunday"],"opens":"00:00","closes":"23:59"},"email":"contato@ubirataonline.com.br","vatID":"47.621.418\/0001-80"},{"@type":"Person","@id":"https:\/\/ubirataonline.com.br\/#\/schema\/person\/372f87bbd3fdd79b8556b84c98d0bc1c","name":"REDA\u00c7\u00c3O: UBIRAT\u00c3 ONLINE - F\u00c1BIO AUGUSTO CELESTINO","pronouns":"Ele","description":"Desde 2003 trabalhando com not\u00edcias.","sameAs":["http:\/\/ubirataoline.com.br","https:\/\/www.facebook.com\/portalubirataonline","https:\/\/www.instagram.com\/ubirataonline_oficial","https:\/\/x.com\/x.com\/ubirataonline"],"honorificPrefix":"Mr.","honorificSuffix":"MD","birthDate":"1980-06-16","gender":"masculino","award":["V\u00e1rios pr\u00eamios de melhor portal da cidade"],"jobTitle":"Diretor","url":"https:\/\/ubirataonline.com.br\/en\/author\/ubirataonline\/"},{"@type":"PostalAddress","@id":"https:\/\/ubirataonline.com.br\/hearts-v-celtic-we-owe-them-one-liam-scales\/#local-main-place-address","streetAddress":"Rua dos Coqueiros, 104 - Bairro Boa Vista, Rua dos Coqueiros, 104 Bairro Boa Vista","addressLocality":"UBIRATA","postalCode":"85440-000","addressRegion":"PR","addressCountry":"BR"},{"@type":"ImageObject","inLanguage":"en-US","@id":"https:\/\/ubirataonline.com.br\/hearts-v-celtic-we-owe-them-one-liam-scales\/#local-main-organization-logo","url":"https:\/\/ubirataonline.com.br\/wp-content\/uploads\/2026\/06\/logoubirataonline-1.webp","contentUrl":"https:\/\/ubirataonline.com.br\/wp-content\/uploads\/2026\/06\/logoubirataonline-1.webp","width":500,"height":500,"caption":"Ubirat\u00e3 Online Not\u00edcias"}]},"geo.placename":"UBIRATA","geo.position":{"lat":"-24.5361401","long":"-52.9921776"},"geo.region":"Brazil"},"_links":{"self":[{"href":"https:\/\/ubirataonline.com.br\/en\/wp-json\/wp\/v2\/posts\/82067","targetHints":{"allow":["GET"]}}],"collection":[{"href":"https:\/\/ubirataonline.com.br\/en\/wp-json\/wp\/v2\/posts"}],"about":[{"href":"https:\/\/ubirataonline.com.br\/en\/wp-json\/wp\/v2\/types\/post"}],"author":[{"embeddable":true,"href":"https:\/\/ubirataonline.com.br\/en\/wp-json\/wp\/v2\/users\/1"}],"replies":[{"embeddable":true,"href":"https:\/\/ubirataonline.com.br\/en\/wp-json\/wp\/v2\/comments?post=82067"}],"version-history":[{"count":0,"href":"https:\/\/ubirataonline.com.br\/en\/wp-json\/wp\/v2\/posts\/82067\/revisions"}],"wp:featuredmedia":[{"embeddable":true,"href":"https:\/\/ubirataonline.com.br\/en\/wp-json\/wp\/v2\/media\/82068"}],"wp:attachment":[{"href":"https:\/\/ubirataonline.com.br\/en\/wp-json\/wp\/v2\/media?parent=82067"}],"wp:term":[{"taxonomy":"category","embeddable":true,"href":"https:\/\/ubirataonline.com.br\/en\/wp-json\/wp\/v2\/categories?post=82067"},{"taxonomy":"post_tag","embeddable":true,"href":"https:\/\/ubirataonline.com.br\/en\/wp-json\/wp\/v2\/tags?post=82067"}],"curies":[{"name":"wp","href":"https:\/\/api.w.org\/{rel}","templated":true}]}}