{"id":82805,"date":"2026-01-28T06:23:58","date_gmt":"2026-01-28T09:23:58","guid":{"rendered":"https:\/\/ubirataonline.com.br\/falecimentos-em-curitiba-obituario-desta-terca-feira-27-01\/"},"modified":"2026-01-28T06:23:59","modified_gmt":"2026-01-28T09:23:59","slug":"falecimentos-em-curitiba-obituario-desta-terca-feira-27-01","status":"publish","type":"post","link":"https:\/\/ubirataonline.com.br\/en\/falecimentos-em-curitiba-obituario-desta-terca-feira-27-01\/","title":{"rendered":"Falecimentos em Curitiba; Obitu\u00e1rio desta ter\u00e7a-feira (27\/01)"},"content":{"rendered":"<p><\/p>\n<div id=\"post-content\">\n<p><strong>Falecimentos em Curitiba; Obitu\u00e1rio desta ter\u00e7a-feira (27\/01)<\/strong><\/p>\n<p><strong>ADALBERTO LUIZ ANSAY, <\/strong>73 ano(s). Profiss\u00e3o: ADMINISTRADOR(A). Filia\u00e7\u00e3o: HEITOR FLORENTINO ANSAY e THEREZINHA DE JESUS MILLEO ANSAY. Sepultamento: CREMAT\u00d3RIO VERTICAL (CURITIBA), ter\u00e7a-feira, 27 de janeiro de 2026 \u00e0s 16:30h. Data do Falecimento: 27\/01\/2026.<\/p>\n<p><strong>ALESSANDRO LUIZ DA SILVA, <\/strong>51 ano(s). Profiss\u00e3o: MOTORISTA. Filia\u00e7\u00e3o: JORGE DA SILVA e MARIA LUIZA DA SILVA. Sepultamento: (S.J.DOS PINHAIS) CEMITERIO PEDRO FUSS, quarta-feira, 28 de janeiro de 2026 \u00e0s 16:00h. Data do Falecimento: 27\/01\/2026.<\/p>\n<p><strong>ANTONIO CORREA DE CASTRO, <\/strong>90 ano(s). Profiss\u00e3o: COMERCIANTE. Filia\u00e7\u00e3o: GERALDO CORREA DE CASTRO e ZULMIRA CANDIDO DE CASTRO. Sepultamento: MUNICIPAL DA CIDADE DE ORIGEM, quarta-feira, 28 de janeiro de 2026. Data do Falecimento: 27\/01\/2026.<\/p>\n<p><strong>BONIFACIO DOMINGUES FERREIRA, <\/strong>84 ano(s). Profiss\u00e3o: MOTORISTA. Filia\u00e7\u00e3o: AUGUSTO DOMINGUES FERREIRA e ANA MARIA BRANDINA FERREIRA. Sepultamento: CEMITERIO VILA SAO JOAO \u2013 IRATI, quarta-feira, 28 de janeiro de 2026 \u00e0s 16:00h. Data do Falecimento: 27\/01\/2026.<\/p>\n<p><strong>CANDIDA PALOMO FERNANDES DA SILVA, <\/strong>81 ano(s). Profiss\u00e3o: DO LAR. C\u00f4njuge: AMERICO VIEIRA DA SILVA. Filia\u00e7\u00e3o: SALVADOR PALOMO FERNANDES e CAROLINA MORAIS FERNANDES. Sepultamento: (CURITIBA) CEMIT\u00c9RIO PAROQUIAL COL\u00d4NIA ORLEANS, quarta-feira, 28 de janeiro de 2026 \u00e0s 16:00h. Data do Falecimento: 27\/01\/2026.<\/p>\n<p><strong>CARLOS ALBERTO DE ARAUJO PRESTES, <\/strong>65 ano(s). Profiss\u00e3o: ADMINISTRADOR(A). Filia\u00e7\u00e3o: LUIZ CARLOS DE ARAUJO PRESTES e MARIA SARLETE PRESTES. Sepultamento: CREMAT\u00d3RIO MEMORIAL DA VIDA (S.J.DOS PINHAIS), ter\u00e7a-feira, 27 de janeiro de 2026 \u00e0s 19:00h. Data do Falecimento: 27\/01\/2026.<\/p>\n<p><strong>CARMEM FATIMA GONZAGA ANTUNES, <\/strong>70 ano(s). Profiss\u00e3o: DO LAR. C\u00f4njuge: NIZOMAR PEREIRA ANTUNES. Filia\u00e7\u00e3o: BENEDITO GONZAGA DE MORAES e ENCARNACAO ALBACETE VICIEDO. Sepultamento: MUNICIPAL BOQUEIR\u00c3O, quarta-feira, 28 de janeiro de 2026 \u00e0s 13:00h. Data do Falecimento: 27\/01\/2026.<\/p>\n<p><strong>ELIZETE PADILHA, <\/strong>70 ano(s). Profiss\u00e3o: DO LAR. C\u00f4njuge: HELIO DE OLIVEIRA ELIAS. Filia\u00e7\u00e3o: EUCLIDES PADILHA e LEONOR CORDEIRO PADILHA. Sepultamento: CREMAT\u00d3RIO VERTICAL (CURITIBA), quarta-feira, 28 de janeiro de 2026 \u00e0s 09:30h. Data do Falecimento: 27\/01\/2026.<\/p>\n<p><strong>ELZA PEREIRA DA CONCEICAO, <\/strong>79 ano(s). Profiss\u00e3o: DO LAR. Filia\u00e7\u00e3o: LUIZ PEREIRA ALVES e ANA MARIA DA CONCEICAO ALVES. Sepultamento: (S.J.DOS PINHAIS) CEMIT\u00c9RIO PQ SR DO BONFIM, quarta-feira, 28 de janeiro de 2026. Data do Falecimento: 27\/01\/2026.<\/p>\n<p><strong>FABIANA CRISTINA ORTIZ, <\/strong>41 ano(s). Profiss\u00e3o: VENDEDOR(A). C\u00f4njuge: MARCIO LUIZ FELIX. Filia\u00e7\u00e3o: ACIR ORTIZ e BEONI DA APARECIDA ORTIZ. Sepultamento: (FAZENDA RIO GRANDE) CEM PARQUE METROPOLITANO, quarta-feira, 28 de janeiro de 2026 \u00e0s 09:30h. Data do Falecimento: 26\/01\/2026.<\/p>\n<p><strong>FERNANDA CRISTINA DA SILVEIRA, <\/strong>37 ano(s). Profiss\u00e3o: DO LAR. Filia\u00e7\u00e3o: DORACI APARECIDO DA SILVEIRA e ELENIZE APARECIDA DA SILVEIRA. Sepultamento: (CURITIBA) CEMIT\u00c9RIO PAROQUIAL CAMPO COMPRIDO, quarta-feira, 28 de janeiro de 2026 \u00e0s 10:00h. Data do Falecimento: 27\/01\/2026.<\/p>\n<p><strong>GUMERCINDO MARQUETTI ROCHA, <\/strong>85 ano(s). Filia\u00e7\u00e3o: GUMERCINDO ROCHA e ODILIA MARQUETT ROCHA. Sepultamento: MUNICIPAL S\u00c3O FRANCISCO DE PAULA, ter\u00e7a-feira, 27 de janeiro de 2026 \u00e0s 17:00h. Data do Falecimento: 27\/01\/2026.<\/p>\n<p><strong>JACKSON MAYCON DA ROCHA, <\/strong>38 ano(s). Profiss\u00e3o: VIGILANTE. C\u00f4njuge: RAPHAELA RODRIGUES DE MACEDO. Filia\u00e7\u00e3o: ADEMIR HELIO DA ROCHA e MARIA SUREKI. Sepultamento: (CURITIBA) CEMIT\u00c9RIO PAROQUIAL ABRANCHES, ter\u00e7a-feira, 27 de janeiro de 2026. Data do Falecimento: 26\/01\/2026.<\/p>\n<p><strong>JOSE LUIZ ALVES DE OLIVEIRA, <\/strong>54 ano(s). Profiss\u00e3o: PRODUTOR(A). Filia\u00e7\u00e3o: JUVINO ALVES DE OLIVEIRA e BELIZA GONCALVES DE OLIVEIRA. Sepultamento: MUNICIPAL SANTA CANDIDA, quarta-feira, 28 de janeiro de 2026. Data do Falecimento: 27\/01\/2026.<\/p>\n<p><strong>JOSE RODRIGUES DA SILVA, <\/strong>76 ano(s). Profiss\u00e3o: PORTEIRO(A). Filia\u00e7\u00e3o: JOAO MARIA RODRIGUES e MARIA NOEMIA NOGUEIRA. Sepultamento: (CURITIBA) VERTICAL, quarta-feira, 28 de janeiro de 2026 \u00e0s 09:00h. Data do Falecimento: 27\/01\/2026.<\/p>\n<p><strong>LAZARO FERREIRA DE FIGUEIREDO, <\/strong>85 ano(s). Profiss\u00e3o: PORTEIRO(A). C\u00f4njuge: MARIA CELIA DOS SANTOS DE FIGUEIREDO. Filia\u00e7\u00e3o: JOAO PRINCEPE FERREIRA e ANA FERREIRA DE FIGUEIREDO. Sepultamento: CREMAT\u00d3RIO VERTICAL (CURITIBA), quarta-feira, 28 de janeiro de 2026 \u00e0s 10:30h. Data do Falecimento: 27\/01\/2026.<\/p>\n<p><strong>LINDACIR BECKER, <\/strong>60 ano(s). Profiss\u00e3o: AUTONOMO. Filia\u00e7\u00e3o: OUTROS e AMALIA BECKER. Sepultamento: (CURITIBA) CEMIT\u00c9RIO JARDIM DA SAUDADE \u2013 CURITIBA, ter\u00e7a-feira, 27 de janeiro de 2026 \u00e0s 16:00h. Data do Falecimento: 26\/01\/2026.<\/p>\n<p><strong>LUIZ FERNANDO MACHADO, <\/strong>19 ano(s). Profiss\u00e3o: CARREGADOR(A). Filia\u00e7\u00e3o: ROGERIO RAMOS MACHADO e VALDOMIRA DA CRUZ MATIAS. Sepultamento: MUNICIPAL SANTA CANDIDA, quarta-feira, 28 de janeiro de 2026 \u00e0s 16:00h. Data do Falecimento: 27\/01\/2026.<\/p>\n<p><strong>Falecimentos em Curitiba; Obitu\u00e1rio desta ter\u00e7a-feira (27\/01)<\/strong><\/p>\n<p><strong>MARCELO DOS SANTOS, <\/strong>44 ano(s). Profiss\u00e3o: ENCANADOR(A). Filia\u00e7\u00e3o: JOAO MARIA DOS SANTOS e ANTONIA AVELINA DOS SANTOS. Sepultamento: (FAZENDA RIO GRANDE) CEM PARQUE METROPOLITANO, quarta-feira, 28 de janeiro de 2026 \u00e0s 12:00h. Data do Falecimento: 26\/01\/2026.<\/p>\n<p><strong>MARIA DE LOURDES CORREA, <\/strong>81 ano(s). Profiss\u00e3o: DO LAR. Filia\u00e7\u00e3o: ANA CORREA. Sepultamento: (S.J.DOS PINHAIS) CEMITERIO PEDRO FUSS, quarta-feira, 28 de janeiro de 2026 \u00e0s 11:00h. Data do Falecimento: 27\/01\/2026.<\/p>\n<p><strong>RODRIGO BERLEZ, <\/strong>46 ano(s). Profiss\u00e3o: AUTONOMO. Filia\u00e7\u00e3o: PEDRO BERLEZ NETO e MARLENE FRANCHETO BERLEZ. Sepultamento: (S.J.DOS PINHAIS) CEMITERIO PEDRO FUSS, quarta-feira, 28 de janeiro de 2026 \u00e0s 16:00h. Data do Falecimento: 27\/01\/2026.<\/p>\n<p><strong>SALVYO DO AMARAL FIGUEREDO, <\/strong>58 ano(s). Profiss\u00e3o: MEC\u00c2NICO. Filia\u00e7\u00e3o: EVILASIO FIGUEREDO e GERBINA AANTONINHA DO AMARAL FIGUEREDO. Sepultamento: (S.J.DOS PINHAIS) CEMIT\u00c9RIO PQ SR DO BONFIM, ter\u00e7a-feira, 27 de janeiro de 2026. Data do Falecimento: 27\/01\/2026.<\/p>\n<p><strong>SIMONE DE OLIVEIRA, <\/strong>47 ano(s). Profiss\u00e3o: RECICLAGEM. Filia\u00e7\u00e3o: AMADEU DE OLIVEIRA e IRAILDA GRACIANO DE LIMA. Sepultamento: MUNICIPAL SANTA CANDIDA, quarta-feira, 28 de janeiro de 2026 \u00e0s 09:00h. Data do Falecimento: 26\/01\/2026.<\/p>\n<p><strong>TEREZINHA DE JESUS BANDEIRA CHAVES, <\/strong>87 ano(s). Profiss\u00e3o: DO LAR. Filia\u00e7\u00e3o: MANOEL GONCALVES BANDEIRA e JOVITA CORDEIRO DA SILVA. Sepultamento: CAMPESLIE \u2013 BOCAIUVA DO SUL, quarta-feira, 28 de janeiro de 2026 \u00e0s 15:00h. Data do Falecimento: 26\/01\/2026.<\/p>\n<p><strong>VALDIR PADILHA, <\/strong>64 ano(s). Profiss\u00e3o: FUNCION\u00c1RIO P\u00daBLICO MUNICIPAL. Filia\u00e7\u00e3o: TEREZA PADILHA. Sepultamento: (S.J.DOS PINHAIS) CEMITERIO CONTENDA, ter\u00e7a-feira, 27 de janeiro de 2026. Data do Falecimento: 26\/01\/2026.<\/p>\n<p><strong>Falecimentos em Curitiba; Obitu\u00e1rio desta ter\u00e7a-feira (27\/01)<\/strong><\/p>\n<section class=\"virals\">\n<article class=\"cardnews cardnews--post cardnews--has-thumbnail cardnews--editorial-noticias\"> <a href=\"https:\/\/www.tribunapr.com.br\/noticias\/curitiba-regiao\/contas-no-inicio-do-ano-desafiam-familias-saiba-como-equilibrar-os-gastos\/?utm_source=noticias-virais-rodape&amp;utm_medium=internal-tribuna&amp;utm_campaign=tribuna\" class=\"cardnews__postlink\"> <\/p>\n<div class=\"cardnews__image\" is-api-thumb=\"\"><\/div>\n<div class=\"cardnews__content cardhome__content\">\n<div class=\"cardnews__content-wrapper\">\n<p> <span style=\"\"> IPTU, IPVA&#8230; <\/span> <\/p>\n<p>Descubra como pagar IPTU, IPVA e escola sem sufocar seu bolso<\/p>\n<\/p><\/div>\n<\/p><\/div>\n<p> <\/a> <\/article>\n<article class=\"cardnews cardnews--post cardnews--has-thumbnail cardnews--editorial-noticias\"> <a href=\"https:\/\/www.tribunapr.com.br\/noticias\/brasil\/jeito-errado-de-usar-a-geladeira-pode-custar-alto-na-conta-de-luz\/?utm_source=noticias-virais-rodape&amp;utm_medium=internal-tribuna&amp;utm_campaign=tribuna\" class=\"cardnews__postlink\"> <\/p>\n<div class=\"cardnews__image\" is-api-thumb=\"\"><img decoding=\"async\" src=\"https:\/\/www.tribunapr.com.br\/wp-content\/uploads\/2026\/01\/14114224\/geladeira-370x210.jpg\" loading=\"lazy\" alt=\"Erro comum com geladeira pode explodir sua conta de luz\"\/><\/div>\n<div class=\"cardnews__content cardhome__content\">\n<div class=\"cardnews__content-wrapper\">\n<p> <span style=\"\"> Economia <\/span> <\/p>\n<p>Erro comum com geladeira pode explodir sua conta de luz<\/p>\n<\/p><\/div>\n<\/p><\/div>\n<p> <\/a> <\/article>\n<article class=\"cardnews cardnews--post cardnews--has-thumbnail cardnews--editorial-noticias\"> <a href=\"https:\/\/www.tribunapr.com.br\/blogs\/cacador-de-boteco\/em-curitiba-madeira-chope-e-encontros-dao-forma-ao-celeiro-do-malte\/?utm_source=noticias-virais-rodape&amp;utm_medium=internal-tribuna&amp;utm_campaign=tribuna\" class=\"cardnews__postlink\"> <\/p>\n<div class=\"cardnews__image\" is-api-thumb=\"\"><img decoding=\"async\" src=\"https:\/\/www.tribunapr.com.br\/wp-content\/uploads\/2022\/10\/15074047\/celeiro-do-malte-2-370x210.jpg\" loading=\"lazy\" alt=\"Este bar r\u00fastico em Curitiba virou sensa\u00e7\u00e3o entre cervejeiros\"\/><\/div>\n<div class=\"cardnews__content cardhome__content\">\n<div class=\"cardnews__content-wrapper\">\n<p> <span style=\"\"> Ca\u00e7ador de Boteco <\/span> <\/p>\n<p>Este bar r\u00fastico em Curitiba virou sensa\u00e7\u00e3o entre cervejeiros<\/p>\n<\/p><\/div>\n<\/p><\/div>\n<p> <\/a> <\/article>\n<\/section>\n<div id=\"tribuna-follow-cta\">\n<p> <span class=\"cta-title\">Siga a <span class=\"tribuna-color\">Tribuna<\/span> no Google, e acompanhe as \u00faltimas not\u00edcias de Curitiba e regi\u00e3o!<\/span> <\/p>\n<p> <a href=\"https:\/\/profile.google.com\/cp\/CgwvZy8xMmxxajUzM3Mac2h0dHBzOi8vd3d3LnRyaWJ1bmFwci5jb20uYnIvdml2YS92aXRyaW5lL2dpZ2FudGUtZG8tdmVzdHVhcmlvLXJlaW5hdWd1cmEtbG9qYS1lbS1zaG9wcGluZy10cmFkaWNpb25hbC1kZS1jdXJpdGliYS8iElRyaWJ1bmEgZG8gUGFyYW7DoSqAAwrHAWh0dHBzOi8vZW5jcnlwdGVkLXRibjIuZ3N0YXRpYy5jb20vZmF2aWNvbi10Ym4_cT10Ym46QU5kOUdjUVJPbjVDRjR6TzJPbkUwTXZrRlRCRTY2U0g1bGlaVDRaZTV3bWNKeU5GRm1BSnluM01nNU9PR3BXY1pYMzZwYU5HUWtsZ09JVEFLTTNNZVNGbTc1aWp6M3k2ajUtQ3M2b25kX2JUcFFQQkVLd3RsUjBsTmJESnUtVHhrNXQtbFlCNlVpOWZSVVFjT2cSswFodHRwczovL2VuY3J5cHRlZC10Ym4zLmdzdGF0aWMuY29tL2Zhdmljb24tdGJuP3E9dGJuJTNBQU5kOUdjU0FMaWJ2eFF0YXdFMFRueVdWWmVKRS1MZEdRZjVTUi1OZ2RMazhyZzIwVy1nM0JuQ1F4VDNKZFBjRXR2THdBeVRxUDJEdHVycEdVR29CQkxpYzM5al9wSmFxRERaMHNCYW05WEVhSGVsMmZTQmdKdlF4WWVyMw\" target=\"_blank\" title=\"Seguir a Tribuna no Google\">  <\/a> <\/div>\n<\/p><\/div>\n<p><a href=\"https:\/\/www.tribunapr.com.br\/noticias\/falecimentos\/falecimentos-em-curitiba-obituario-desta-terca-feira-27-01\/\">Source link <\/a><\/p>","protected":false},"excerpt":{"rendered":"<p>Falecimentos em Curitiba; Obitu\u00e1rio desta ter\u00e7a-feira (27\/01) ADALBERTO LUIZ ANSAY, 73 ano(s). Profiss\u00e3o: ADMINISTRADOR(A). Filia\u00e7\u00e3o: HEITOR FLORENTINO ANSAY e THEREZINHA DE JESUS MILLEO ANSAY. Sepultamento: CREMAT\u00d3RIO VERTICAL (CURITIBA), ter\u00e7a-feira, 27 de janeiro de 2026 \u00e0s 16:30h. Data do Falecimento: 27\/01\/2026. ALESSANDRO LUIZ DA SILVA, 51 ano(s). Profiss\u00e3o: MOTORISTA. Filia\u00e7\u00e3o: JORGE DA SILVA e MARIA LUIZA [&hellip;]<\/p>\n","protected":false},"author":1,"featured_media":72951,"comment_status":"closed","ping_status":"","sticky":false,"template":"","format":"standard","meta":{"googlesitekit_rrm_CAow2JLhCw:productID":"","_gspb_post_css":"","maa_idioma":"","maa_pais":"","footnotes":""},"categories":[1],"tags":[151,3469,2985,2983,3813],"class_list":["post-82805","post","type-post","status-publish","format-standard","has-post-thumbnail","hentry","category-ubirata","tag-curitiba","tag-desta","tag-falecimentos","tag-obituario","tag-tercafeira"],"blocksy_meta":[],"yoast_head":"<!-- This site is optimized with the Yoast SEO Premium plugin v27.6 (Yoast SEO v27.6) - https:\/\/yoast.com\/product\/yoast-seo-premium-wordpress\/ -->\n<title>Falecimentos em Curitiba; Obitu\u00e1rio desta ter\u00e7a-feira (27\/01) - Ubirat\u00e3 Online Not\u00edcias - A realidade ao seu alcance!<\/title>\n<meta name=\"description\" content=\"Falecimentos em Curitiba; Obitu\u00e1rio desta ter\u00e7a-feira (27\/01) ADALBERTO LUIZ ANSAY, 73 ano(s). Profiss\u00e3o: ADMINISTRADOR(A). Filia\u00e7\u00e3o: HEITOR FLORENTINO\" \/>\n<meta name=\"robots\" content=\"index, follow, max-snippet:-1, max-image-preview:large, max-video-preview:-1\" \/>\n<link rel=\"canonical\" href=\"https:\/\/ubirataonline.com.br\/en\/falecimentos-em-curitiba-obituario-desta-terca-feira-27-01\/\" \/>\n<meta property=\"og:locale\" content=\"en_US\" \/>\n<meta property=\"og:type\" content=\"article\" \/>\n<meta property=\"og:title\" content=\"Falecimentos em Curitiba; Obitu\u00e1rio desta ter\u00e7a-feira (27\/01)\" \/>\n<meta property=\"og:description\" content=\"Falecimentos em Curitiba; Obitu\u00e1rio desta ter\u00e7a-feira (27\/01) ADALBERTO LUIZ ANSAY, 73 ano(s). Profiss\u00e3o: ADMINISTRADOR(A). Filia\u00e7\u00e3o: HEITOR FLORENTINO\" \/>\n<meta property=\"og:url\" content=\"https:\/\/ubirataonline.com.br\/en\/falecimentos-em-curitiba-obituario-desta-terca-feira-27-01\/\" \/>\n<meta property=\"og:site_name\" content=\"Ubirat\u00e3 Online Not\u00edcias - A realidade ao seu alcance!\" \/>\n<meta property=\"article:publisher\" content=\"https:\/\/www.facebook.com\/portalubirataonline\" \/>\n<meta property=\"article:author\" content=\"https:\/\/www.facebook.com\/portalubirataonline\" \/>\n<meta property=\"article:published_time\" content=\"2026-01-28T09:23:58+00:00\" \/>\n<meta property=\"article:modified_time\" content=\"2026-01-28T09:23:59+00:00\" \/>\n<meta property=\"og:image\" content=\"https:\/\/ubirataonline.com.br\/wp-content\/uploads\/2025\/10\/falecimentos-obituario.jpg\" \/>\n\t<meta property=\"og:image:width\" content=\"1200\" \/>\n\t<meta property=\"og:image:height\" content=\"900\" \/>\n\t<meta property=\"og:image:type\" content=\"image\/jpeg\" \/>\n<meta name=\"author\" content=\"REDA\u00c7\u00c3O: UBIRAT\u00c3 ONLINE - F\u00c1BIO AUGUSTO CELESTINO\" \/>\n<meta name=\"twitter:card\" content=\"summary_large_image\" \/>\n<meta name=\"twitter:creator\" content=\"@x.com\/ubirataonline\" \/>\n<meta name=\"twitter:site\" content=\"@ubirataonline\" \/>\n<meta name=\"twitter:label1\" content=\"Written by\" \/>\n\t<meta name=\"twitter:data1\" content=\"REDA\u00c7\u00c3O: UBIRAT\u00c3 ONLINE - F\u00c1BIO AUGUSTO CELESTINO\" \/>\n\t<meta name=\"twitter:label2\" content=\"Est. reading time\" \/>\n\t<meta name=\"twitter:data2\" content=\"5 minutes\" \/>\n<script type=\"application\/ld+json\" class=\"yoast-schema-graph\">{\"@context\":\"https:\\\/\\\/schema.org\",\"@graph\":[{\"@type\":\"NewsArticle\",\"@id\":\"https:\\\/\\\/ubirataonline.com.br\\\/falecimentos-em-curitiba-obituario-desta-terca-feira-27-01\\\/#article\",\"isPartOf\":{\"@id\":\"https:\\\/\\\/ubirataonline.com.br\\\/falecimentos-em-curitiba-obituario-desta-terca-feira-27-01\\\/\"},\"author\":{\"name\":\"REDA\u00c7\u00c3O: UBIRAT\u00c3 ONLINE - F\u00c1BIO AUGUSTO CELESTINO\",\"@id\":\"https:\\\/\\\/ubirataonline.com.br\\\/#\\\/schema\\\/person\\\/372f87bbd3fdd79b8556b84c98d0bc1c\"},\"headline\":\"Falecimentos em Curitiba; Obitu\u00e1rio desta ter\u00e7a-feira (27\\\/01)\",\"datePublished\":\"2026-01-28T09:23:58+00:00\",\"dateModified\":\"2026-01-28T09:23:59+00:00\",\"mainEntityOfPage\":{\"@id\":\"https:\\\/\\\/ubirataonline.com.br\\\/falecimentos-em-curitiba-obituario-desta-terca-feira-27-01\\\/\"},\"wordCount\":972,\"publisher\":{\"@id\":\"https:\\\/\\\/ubirataonline.com.br\\\/#organization\"},\"image\":{\"@id\":\"https:\\\/\\\/ubirataonline.com.br\\\/falecimentos-em-curitiba-obituario-desta-terca-feira-27-01\\\/#primaryimage\"},\"thumbnailUrl\":\"https:\\\/\\\/ubirataonline.com.br\\\/wp-content\\\/uploads\\\/2025\\\/10\\\/falecimentos-obituario.jpg\",\"keywords\":[\"Curitiba\",\"desta\",\"falecimentos\",\"Obitu\u00e1rio\",\"ter\u00e7afeira\"],\"articleSection\":[\"Ubirat\u00e3\"],\"inLanguage\":\"en-US\",\"copyrightYear\":\"2026\",\"copyrightHolder\":{\"@id\":\"https:\\\/\\\/ubirataonline.com.br\\\/en\\\/#organization\"}},{\"@type\":\"WebPage\",\"@id\":\"https:\\\/\\\/ubirataonline.com.br\\\/falecimentos-em-curitiba-obituario-desta-terca-feira-27-01\\\/\",\"url\":\"https:\\\/\\\/ubirataonline.com.br\\\/falecimentos-em-curitiba-obituario-desta-terca-feira-27-01\\\/\",\"name\":\"Falecimentos em Curitiba; Obitu\u00e1rio desta ter\u00e7a-feira (27\\\/01) - Ubirat\u00e3 Online Not\u00edcias - A realidade ao seu alcance!\",\"isPartOf\":{\"@id\":\"https:\\\/\\\/ubirataonline.com.br\\\/#website\"},\"primaryImageOfPage\":{\"@id\":\"https:\\\/\\\/ubirataonline.com.br\\\/falecimentos-em-curitiba-obituario-desta-terca-feira-27-01\\\/#primaryimage\"},\"image\":{\"@id\":\"https:\\\/\\\/ubirataonline.com.br\\\/falecimentos-em-curitiba-obituario-desta-terca-feira-27-01\\\/#primaryimage\"},\"thumbnailUrl\":\"https:\\\/\\\/ubirataonline.com.br\\\/wp-content\\\/uploads\\\/2025\\\/10\\\/falecimentos-obituario.jpg\",\"datePublished\":\"2026-01-28T09:23:58+00:00\",\"dateModified\":\"2026-01-28T09:23:59+00:00\",\"description\":\"Falecimentos em Curitiba; Obitu\u00e1rio desta ter\u00e7a-feira (27\\\/01) ADALBERTO LUIZ ANSAY, 73 ano(s). Profiss\u00e3o: ADMINISTRADOR(A). Filia\u00e7\u00e3o: HEITOR FLORENTINO\",\"breadcrumb\":{\"@id\":\"https:\\\/\\\/ubirataonline.com.br\\\/falecimentos-em-curitiba-obituario-desta-terca-feira-27-01\\\/#breadcrumb\"},\"inLanguage\":\"en-US\",\"potentialAction\":[{\"@type\":\"ReadAction\",\"target\":[\"https:\\\/\\\/ubirataonline.com.br\\\/falecimentos-em-curitiba-obituario-desta-terca-feira-27-01\\\/\"]}]},{\"@type\":\"ImageObject\",\"inLanguage\":\"en-US\",\"@id\":\"https:\\\/\\\/ubirataonline.com.br\\\/falecimentos-em-curitiba-obituario-desta-terca-feira-27-01\\\/#primaryimage\",\"url\":\"https:\\\/\\\/ubirataonline.com.br\\\/wp-content\\\/uploads\\\/2025\\\/10\\\/falecimentos-obituario.jpg\",\"contentUrl\":\"https:\\\/\\\/ubirataonline.com.br\\\/wp-content\\\/uploads\\\/2025\\\/10\\\/falecimentos-obituario.jpg\",\"width\":1200,\"height\":900},{\"@type\":\"BreadcrumbList\",\"@id\":\"https:\\\/\\\/ubirataonline.com.br\\\/falecimentos-em-curitiba-obituario-desta-terca-feira-27-01\\\/#breadcrumb\",\"itemListElement\":[{\"@type\":\"ListItem\",\"position\":1,\"name\":\"In\u00edcio\",\"item\":\"https:\\\/\\\/ubirataonline.com.br\\\/\"},{\"@type\":\"ListItem\",\"position\":2,\"name\":\"Falecimentos em Curitiba; Obitu\u00e1rio desta ter\u00e7a-feira (27\\\/01)\"}]},{\"@type\":\"WebSite\",\"@id\":\"https:\\\/\\\/ubirataonline.com.br\\\/#website\",\"url\":\"https:\\\/\\\/ubirataonline.com.br\\\/\",\"name\":\"Ubirat\u00e3 Online Not\u00edcias\",\"description\":\"Not\u00edcias de Ubirat\u00e3, regi\u00e3o, Brasil e mundo, com informa\u00e7\u00e3o atualizada e compromisso com o leitor.\",\"publisher\":{\"@id\":\"https:\\\/\\\/ubirataonline.com.br\\\/#organization\"},\"alternateName\":\"Ubirat\u00e3 Online\",\"potentialAction\":[{\"@type\":\"SearchAction\",\"target\":{\"@type\":\"EntryPoint\",\"urlTemplate\":\"https:\\\/\\\/ubirataonline.com.br\\\/?s={search_term_string}\"},\"query-input\":{\"@type\":\"PropertyValueSpecification\",\"valueRequired\":true,\"valueName\":\"search_term_string\"}}],\"inLanguage\":\"en-US\"},{\"@type\":[\"Organization\",\"Place\"],\"@id\":\"https:\\\/\\\/ubirataonline.com.br\\\/#organization\",\"name\":\"Ubirat\u00e3 Online Not\u00edcias\",\"alternateName\":\"Ubirat\u00e3 Online\",\"url\":\"https:\\\/\\\/ubirataonline.com.br\\\/\",\"logo\":{\"@id\":\"https:\\\/\\\/ubirataonline.com.br\\\/falecimentos-em-curitiba-obituario-desta-terca-feira-27-01\\\/#local-main-organization-logo\"},\"image\":{\"@id\":\"https:\\\/\\\/ubirataonline.com.br\\\/falecimentos-em-curitiba-obituario-desta-terca-feira-27-01\\\/#local-main-organization-logo\"},\"sameAs\":[\"https:\\\/\\\/www.facebook.com\\\/portalubirataonline\",\"https:\\\/\\\/x.com\\\/ubirataonline\",\"https:\\\/\\\/mastodon.social\\\/@ubirataonline\",\"https:\\\/\\\/www.facebook.com\\\/groups\\\/311144672285604\",\"https:\\\/\\\/www.facebook.com\\\/UBTAOnline\",\"https:\\\/\\\/www.instagram.com\\\/portalubirataonline\\\/\",\"https:\\\/\\\/twitter.com\\\/ubirataonline\"],\"description\":\"Somos um portal de not\u00edcias independente, criado em 5 de janeiro de 2009, com o objetivo de informar, conectar e valorizar a nossa comunidade de Ubirat\u00e3 e toda aregi\u00e3o. Com conte\u00fado atualizado, confi\u00e1vel e relevante, o Ubirat\u00e3 Online \u00e9 o seu espa\u00e7o para ficar por dentro dos principais acontecimentos locais, regionais, Brasil, Mundo e de interesse geral. Nosso compromisso \u00e9 com a verdade, a transpar\u00eancia e o respeito ao leitor.\",\"legalName\":\"UBIRATA ONLINE NOT\u00cdCIAS\",\"foundingDate\":\"2009-01-05\",\"numberOfEmployees\":{\"@type\":\"QuantitativeValue\",\"minValue\":\"1\",\"maxValue\":\"10\"},\"publishingPrinciples\":\"https:\\\/\\\/ubirataonline.com.br\\\/faq\\\/\",\"address\":{\"@id\":\"https:\\\/\\\/ubirataonline.com.br\\\/falecimentos-em-curitiba-obituario-desta-terca-feira-27-01\\\/#local-main-place-address\"},\"geo\":{\"@type\":\"GeoCoordinates\",\"latitude\":\"-24.5361401\",\"longitude\":\"-52.9921776\"},\"telephone\":[\"+5544998308235\"],\"contactPoint\":{\"@type\":\"ContactPoint\",\"email\":\"contato@ubirataonline.com.br\"},\"openingHoursSpecification\":{\"@type\":\"OpeningHoursSpecification\",\"dayOfWeek\":[\"Monday\",\"Tuesday\",\"Wednesday\",\"Thursday\",\"Friday\",\"Saturday\",\"Sunday\"],\"opens\":\"00:00\",\"closes\":\"23:59\"},\"email\":\"contato@ubirataonline.com.br\",\"vatID\":\"47.621.418\\\/0001-80\"},{\"@type\":\"Person\",\"@id\":\"https:\\\/\\\/ubirataonline.com.br\\\/#\\\/schema\\\/person\\\/372f87bbd3fdd79b8556b84c98d0bc1c\",\"name\":\"REDA\u00c7\u00c3O: UBIRAT\u00c3 ONLINE - F\u00c1BIO AUGUSTO CELESTINO\",\"pronouns\":\"Ele\",\"description\":\"Desde 2003 trabalhando com not\u00edcias.\",\"sameAs\":[\"http:\\\/\\\/ubirataoline.com.br\",\"https:\\\/\\\/www.facebook.com\\\/portalubirataonline\",\"https:\\\/\\\/www.instagram.com\\\/ubirataonline_oficial\",\"https:\\\/\\\/x.com\\\/x.com\\\/ubirataonline\"],\"honorificPrefix\":\"Mr.\",\"honorificSuffix\":\"MD\",\"birthDate\":\"1980-06-16\",\"gender\":\"masculino\",\"award\":[\"V\u00e1rios pr\u00eamios de melhor portal da cidade\"],\"jobTitle\":\"Diretor\",\"url\":\"https:\\\/\\\/ubirataonline.com.br\\\/en\\\/author\\\/ubirataonline\\\/\"},{\"@type\":\"PostalAddress\",\"@id\":\"https:\\\/\\\/ubirataonline.com.br\\\/falecimentos-em-curitiba-obituario-desta-terca-feira-27-01\\\/#local-main-place-address\",\"streetAddress\":\"Rua dos Coqueiros, 104 - Bairro Boa Vista, Rua dos Coqueiros, 104 Bairro Boa Vista\",\"addressLocality\":\"UBIRATA\",\"postalCode\":\"85440-000\",\"addressRegion\":\"PR\",\"addressCountry\":\"BR\"},{\"@type\":\"ImageObject\",\"inLanguage\":\"en-US\",\"@id\":\"https:\\\/\\\/ubirataonline.com.br\\\/falecimentos-em-curitiba-obituario-desta-terca-feira-27-01\\\/#local-main-organization-logo\",\"url\":\"https:\\\/\\\/ubirataonline.com.br\\\/wp-content\\\/uploads\\\/2026\\\/06\\\/logoubirataonline-1.webp\",\"contentUrl\":\"https:\\\/\\\/ubirataonline.com.br\\\/wp-content\\\/uploads\\\/2026\\\/06\\\/logoubirataonline-1.webp\",\"width\":500,\"height\":500,\"caption\":\"Ubirat\u00e3 Online Not\u00edcias\"}]}<\/script>\n<meta name=\"geo.placename\" content=\"UBIRATA\" \/>\n<meta name=\"geo.position\" content=\"-24.5361401;-52.9921776\" \/>\n<meta name=\"geo.region\" content=\"Brazil\" \/>\n<!-- \/ Yoast SEO Premium plugin. -->","yoast_head_json":{"title":"Falecimentos em Curitiba; Obitu\u00e1rio desta ter\u00e7a-feira (27\/01) - Ubirat\u00e3 Online Not\u00edcias - A realidade ao seu alcance!","description":"Falecimentos em Curitiba; Obitu\u00e1rio desta ter\u00e7a-feira (27\/01) ADALBERTO LUIZ ANSAY, 73 ano(s). Profiss\u00e3o: ADMINISTRADOR(A). Filia\u00e7\u00e3o: HEITOR FLORENTINO","robots":{"index":"index","follow":"follow","max-snippet":"max-snippet:-1","max-image-preview":"max-image-preview:large","max-video-preview":"max-video-preview:-1"},"canonical":"https:\/\/ubirataonline.com.br\/en\/falecimentos-em-curitiba-obituario-desta-terca-feira-27-01\/","og_locale":"en_US","og_type":"article","og_title":"Falecimentos em Curitiba; Obitu\u00e1rio desta ter\u00e7a-feira (27\/01)","og_description":"Falecimentos em Curitiba; Obitu\u00e1rio desta ter\u00e7a-feira (27\/01) ADALBERTO LUIZ ANSAY, 73 ano(s). Profiss\u00e3o: ADMINISTRADOR(A). Filia\u00e7\u00e3o: HEITOR FLORENTINO","og_url":"https:\/\/ubirataonline.com.br\/en\/falecimentos-em-curitiba-obituario-desta-terca-feira-27-01\/","og_site_name":"Ubirat\u00e3 Online Not\u00edcias - A realidade ao seu alcance!","article_publisher":"https:\/\/www.facebook.com\/portalubirataonline","article_author":"https:\/\/www.facebook.com\/portalubirataonline","article_published_time":"2026-01-28T09:23:58+00:00","article_modified_time":"2026-01-28T09:23:59+00:00","og_image":[{"width":1200,"height":900,"url":"https:\/\/ubirataonline.com.br\/wp-content\/uploads\/2025\/10\/falecimentos-obituario.jpg","type":"image\/jpeg"}],"author":"REDA\u00c7\u00c3O: UBIRAT\u00c3 ONLINE - F\u00c1BIO AUGUSTO CELESTINO","twitter_card":"summary_large_image","twitter_creator":"@x.com\/ubirataonline","twitter_site":"@ubirataonline","twitter_misc":{"Written by":"REDA\u00c7\u00c3O: UBIRAT\u00c3 ONLINE - F\u00c1BIO AUGUSTO CELESTINO","Est. reading time":"5 minutes"},"schema":{"@context":"https:\/\/schema.org","@graph":[{"@type":"NewsArticle","@id":"https:\/\/ubirataonline.com.br\/falecimentos-em-curitiba-obituario-desta-terca-feira-27-01\/#article","isPartOf":{"@id":"https:\/\/ubirataonline.com.br\/falecimentos-em-curitiba-obituario-desta-terca-feira-27-01\/"},"author":{"name":"REDA\u00c7\u00c3O: UBIRAT\u00c3 ONLINE - F\u00c1BIO AUGUSTO CELESTINO","@id":"https:\/\/ubirataonline.com.br\/#\/schema\/person\/372f87bbd3fdd79b8556b84c98d0bc1c"},"headline":"Falecimentos em Curitiba; Obitu\u00e1rio desta ter\u00e7a-feira (27\/01)","datePublished":"2026-01-28T09:23:58+00:00","dateModified":"2026-01-28T09:23:59+00:00","mainEntityOfPage":{"@id":"https:\/\/ubirataonline.com.br\/falecimentos-em-curitiba-obituario-desta-terca-feira-27-01\/"},"wordCount":972,"publisher":{"@id":"https:\/\/ubirataonline.com.br\/#organization"},"image":{"@id":"https:\/\/ubirataonline.com.br\/falecimentos-em-curitiba-obituario-desta-terca-feira-27-01\/#primaryimage"},"thumbnailUrl":"https:\/\/ubirataonline.com.br\/wp-content\/uploads\/2025\/10\/falecimentos-obituario.jpg","keywords":["Curitiba","desta","falecimentos","Obitu\u00e1rio","ter\u00e7afeira"],"articleSection":["Ubirat\u00e3"],"inLanguage":"en-US","copyrightYear":"2026","copyrightHolder":{"@id":"https:\/\/ubirataonline.com.br\/en\/#organization"}},{"@type":"WebPage","@id":"https:\/\/ubirataonline.com.br\/falecimentos-em-curitiba-obituario-desta-terca-feira-27-01\/","url":"https:\/\/ubirataonline.com.br\/falecimentos-em-curitiba-obituario-desta-terca-feira-27-01\/","name":"Falecimentos em Curitiba; Obitu\u00e1rio desta ter\u00e7a-feira (27\/01) - Ubirat\u00e3 Online Not\u00edcias - A realidade ao seu alcance!","isPartOf":{"@id":"https:\/\/ubirataonline.com.br\/#website"},"primaryImageOfPage":{"@id":"https:\/\/ubirataonline.com.br\/falecimentos-em-curitiba-obituario-desta-terca-feira-27-01\/#primaryimage"},"image":{"@id":"https:\/\/ubirataonline.com.br\/falecimentos-em-curitiba-obituario-desta-terca-feira-27-01\/#primaryimage"},"thumbnailUrl":"https:\/\/ubirataonline.com.br\/wp-content\/uploads\/2025\/10\/falecimentos-obituario.jpg","datePublished":"2026-01-28T09:23:58+00:00","dateModified":"2026-01-28T09:23:59+00:00","description":"Falecimentos em Curitiba; Obitu\u00e1rio desta ter\u00e7a-feira (27\/01) ADALBERTO LUIZ ANSAY, 73 ano(s). Profiss\u00e3o: ADMINISTRADOR(A). Filia\u00e7\u00e3o: HEITOR FLORENTINO","breadcrumb":{"@id":"https:\/\/ubirataonline.com.br\/falecimentos-em-curitiba-obituario-desta-terca-feira-27-01\/#breadcrumb"},"inLanguage":"en-US","potentialAction":[{"@type":"ReadAction","target":["https:\/\/ubirataonline.com.br\/falecimentos-em-curitiba-obituario-desta-terca-feira-27-01\/"]}]},{"@type":"ImageObject","inLanguage":"en-US","@id":"https:\/\/ubirataonline.com.br\/falecimentos-em-curitiba-obituario-desta-terca-feira-27-01\/#primaryimage","url":"https:\/\/ubirataonline.com.br\/wp-content\/uploads\/2025\/10\/falecimentos-obituario.jpg","contentUrl":"https:\/\/ubirataonline.com.br\/wp-content\/uploads\/2025\/10\/falecimentos-obituario.jpg","width":1200,"height":900},{"@type":"BreadcrumbList","@id":"https:\/\/ubirataonline.com.br\/falecimentos-em-curitiba-obituario-desta-terca-feira-27-01\/#breadcrumb","itemListElement":[{"@type":"ListItem","position":1,"name":"In\u00edcio","item":"https:\/\/ubirataonline.com.br\/"},{"@type":"ListItem","position":2,"name":"Falecimentos em Curitiba; Obitu\u00e1rio desta ter\u00e7a-feira (27\/01)"}]},{"@type":"WebSite","@id":"https:\/\/ubirataonline.com.br\/#website","url":"https:\/\/ubirataonline.com.br\/","name":"Ubirat\u00e3 Online Not\u00edcias","description":"Not\u00edcias de Ubirat\u00e3, regi\u00e3o, Brasil e mundo, com informa\u00e7\u00e3o atualizada e compromisso com o leitor.","publisher":{"@id":"https:\/\/ubirataonline.com.br\/#organization"},"alternateName":"Ubirat\u00e3 Online","potentialAction":[{"@type":"SearchAction","target":{"@type":"EntryPoint","urlTemplate":"https:\/\/ubirataonline.com.br\/?s={search_term_string}"},"query-input":{"@type":"PropertyValueSpecification","valueRequired":true,"valueName":"search_term_string"}}],"inLanguage":"en-US"},{"@type":["Organization","Place"],"@id":"https:\/\/ubirataonline.com.br\/#organization","name":"Ubirat\u00e3 Online Not\u00edcias","alternateName":"Ubirat\u00e3 Online","url":"https:\/\/ubirataonline.com.br\/","logo":{"@id":"https:\/\/ubirataonline.com.br\/falecimentos-em-curitiba-obituario-desta-terca-feira-27-01\/#local-main-organization-logo"},"image":{"@id":"https:\/\/ubirataonline.com.br\/falecimentos-em-curitiba-obituario-desta-terca-feira-27-01\/#local-main-organization-logo"},"sameAs":["https:\/\/www.facebook.com\/portalubirataonline","https:\/\/x.com\/ubirataonline","https:\/\/mastodon.social\/@ubirataonline","https:\/\/www.facebook.com\/groups\/311144672285604","https:\/\/www.facebook.com\/UBTAOnline","https:\/\/www.instagram.com\/portalubirataonline\/","https:\/\/twitter.com\/ubirataonline"],"description":"Somos um portal de not\u00edcias independente, criado em 5 de janeiro de 2009, com o objetivo de informar, conectar e valorizar a nossa comunidade de Ubirat\u00e3 e toda aregi\u00e3o. Com conte\u00fado atualizado, confi\u00e1vel e relevante, o Ubirat\u00e3 Online \u00e9 o seu espa\u00e7o para ficar por dentro dos principais acontecimentos locais, regionais, Brasil, Mundo e de interesse geral. Nosso compromisso \u00e9 com a verdade, a transpar\u00eancia e o respeito ao leitor.","legalName":"UBIRATA ONLINE NOT\u00cdCIAS","foundingDate":"2009-01-05","numberOfEmployees":{"@type":"QuantitativeValue","minValue":"1","maxValue":"10"},"publishingPrinciples":"https:\/\/ubirataonline.com.br\/faq\/","address":{"@id":"https:\/\/ubirataonline.com.br\/falecimentos-em-curitiba-obituario-desta-terca-feira-27-01\/#local-main-place-address"},"geo":{"@type":"GeoCoordinates","latitude":"-24.5361401","longitude":"-52.9921776"},"telephone":["+5544998308235"],"contactPoint":{"@type":"ContactPoint","email":"contato@ubirataonline.com.br"},"openingHoursSpecification":{"@type":"OpeningHoursSpecification","dayOfWeek":["Monday","Tuesday","Wednesday","Thursday","Friday","Saturday","Sunday"],"opens":"00:00","closes":"23:59"},"email":"contato@ubirataonline.com.br","vatID":"47.621.418\/0001-80"},{"@type":"Person","@id":"https:\/\/ubirataonline.com.br\/#\/schema\/person\/372f87bbd3fdd79b8556b84c98d0bc1c","name":"REDA\u00c7\u00c3O: UBIRAT\u00c3 ONLINE - F\u00c1BIO AUGUSTO CELESTINO","pronouns":"Ele","description":"Desde 2003 trabalhando com not\u00edcias.","sameAs":["http:\/\/ubirataoline.com.br","https:\/\/www.facebook.com\/portalubirataonline","https:\/\/www.instagram.com\/ubirataonline_oficial","https:\/\/x.com\/x.com\/ubirataonline"],"honorificPrefix":"Mr.","honorificSuffix":"MD","birthDate":"1980-06-16","gender":"masculino","award":["V\u00e1rios pr\u00eamios de melhor portal da cidade"],"jobTitle":"Diretor","url":"https:\/\/ubirataonline.com.br\/en\/author\/ubirataonline\/"},{"@type":"PostalAddress","@id":"https:\/\/ubirataonline.com.br\/falecimentos-em-curitiba-obituario-desta-terca-feira-27-01\/#local-main-place-address","streetAddress":"Rua dos Coqueiros, 104 - Bairro Boa Vista, Rua dos Coqueiros, 104 Bairro Boa Vista","addressLocality":"UBIRATA","postalCode":"85440-000","addressRegion":"PR","addressCountry":"BR"},{"@type":"ImageObject","inLanguage":"en-US","@id":"https:\/\/ubirataonline.com.br\/falecimentos-em-curitiba-obituario-desta-terca-feira-27-01\/#local-main-organization-logo","url":"https:\/\/ubirataonline.com.br\/wp-content\/uploads\/2026\/06\/logoubirataonline-1.webp","contentUrl":"https:\/\/ubirataonline.com.br\/wp-content\/uploads\/2026\/06\/logoubirataonline-1.webp","width":500,"height":500,"caption":"Ubirat\u00e3 Online Not\u00edcias"}]},"geo.placename":"UBIRATA","geo.position":{"lat":"-24.5361401","long":"-52.9921776"},"geo.region":"Brazil"},"_links":{"self":[{"href":"https:\/\/ubirataonline.com.br\/en\/wp-json\/wp\/v2\/posts\/82805","targetHints":{"allow":["GET"]}}],"collection":[{"href":"https:\/\/ubirataonline.com.br\/en\/wp-json\/wp\/v2\/posts"}],"about":[{"href":"https:\/\/ubirataonline.com.br\/en\/wp-json\/wp\/v2\/types\/post"}],"author":[{"embeddable":true,"href":"https:\/\/ubirataonline.com.br\/en\/wp-json\/wp\/v2\/users\/1"}],"replies":[{"embeddable":true,"href":"https:\/\/ubirataonline.com.br\/en\/wp-json\/wp\/v2\/comments?post=82805"}],"version-history":[{"count":0,"href":"https:\/\/ubirataonline.com.br\/en\/wp-json\/wp\/v2\/posts\/82805\/revisions"}],"wp:featuredmedia":[{"embeddable":true,"href":"https:\/\/ubirataonline.com.br\/en\/wp-json\/wp\/v2\/media\/72951"}],"wp:attachment":[{"href":"https:\/\/ubirataonline.com.br\/en\/wp-json\/wp\/v2\/media?parent=82805"}],"wp:term":[{"taxonomy":"category","embeddable":true,"href":"https:\/\/ubirataonline.com.br\/en\/wp-json\/wp\/v2\/categories?post=82805"},{"taxonomy":"post_tag","embeddable":true,"href":"https:\/\/ubirataonline.com.br\/en\/wp-json\/wp\/v2\/tags?post=82805"}],"curies":[{"name":"wp","href":"https:\/\/api.w.org\/{rel}","templated":true}]}}