{"id":82815,"date":"2026-01-28T08:27:55","date_gmt":"2026-01-28T11:27:55","guid":{"rendered":"https:\/\/ubirataonline.com.br\/?p=82815"},"modified":"2026-01-28T08:27:56","modified_gmt":"2026-01-28T11:27:56","slug":"consumo-consciente-e-a-durabilidade-de-eletrodomesticos-no-dia-a-dia","status":"publish","type":"post","link":"https:\/\/ubirataonline.com.br\/en\/consumo-consciente-e-a-durabilidade-de-eletrodomesticos-no-dia-a-dia\/","title":{"rendered":"Consumo consciente e a durabilidade de eletrodom\u00e9sticos no dia a dia"},"content":{"rendered":"<p class=\"wp-block-paragraph\"><em>Cuidados simples com os aparelhos dom\u00e9sticos ajudam a reduzir gastos, evitar o descarte precoce e diminuir o impacto ambiental do lixo eletr\u00f4nico no Brasil<\/em>.<\/p>\n\n\n\n<p class=\"wp-block-paragraph\">O debate sobre a durabilidade dos eletrodom\u00e9sticos ganhou relev\u00e2ncia nos \u00faltimos anos, especialmente diante do aumento do custo de vida e da necessidade de pr\u00e1ticas mais sustent\u00e1veis dentro de casa. Prolongar a vida \u00fatil dos aparelhos n\u00e3o \u00e9 apenas uma escolha econ\u00f4mica, mas tamb\u00e9m uma resposta concreta ao avan\u00e7o do descarte de res\u00edduos eletr\u00f4nicos no pa\u00eds.<\/p>\n\n\n\n<p class=\"wp-block-paragraph\">Dados da ONG EcoBraz, que re\u00fane informa\u00e7\u00f5es de \u00f3rg\u00e3os ambientais, cooperativas de reciclagem e relat\u00f3rios setoriais, mostram que o Brasil gerou mais de 2,4 milh\u00f5es de toneladas de lixo eletr\u00f4nico em 2024. O levantamento, divulgado em 2025, considera equipamentos dom\u00e9sticos descartados, incluindo aparelhos que ainda poderiam ser recuperados com manuten\u00e7\u00e3o adequada.<\/p>\n\n\n\n<p class=\"wp-block-paragraph\">Esse cen\u00e1rio est\u00e1 diretamente ligado \u00e0 falta de informa\u00e7\u00e3o sobre cuidados b\u00e1sicos e \u00e0 cultura da substitui\u00e7\u00e3o r\u00e1pida. Estudos do setor el\u00e9trico e eletr\u00f4nico, reunidos pela Associa\u00e7\u00e3o Brasileira da Ind\u00fastria El\u00e9trica e Eletr\u00f4nica (Abinee) entre 2022 e 2024, indicam que muitos eletrodom\u00e9sticos s\u00e3o descartados antes de atingir metade da vida \u00fatil projetada pelos fabricantes.<\/p>\n\n\n\n<h2 class=\"wp-block-heading\" id=\"h-guia-pratico-de-manutencao-preventiva-para-aparelhos-basicos\"><a><\/a><strong>Guia pr\u00e1tico de manuten\u00e7\u00e3o preventiva para aparelhos b\u00e1sicos<\/strong><\/h2>\n\n\n\n<p class=\"wp-block-paragraph\">A manuten\u00e7\u00e3o preventiva \u00e9 apontada por especialistas como um dos principais fatores para prolongar a vida \u00fatil dos aparelhos dom\u00e9sticos. Orienta\u00e7\u00f5es t\u00e9cnicas reunidas em manuais de fabricantes e reportagens especializadas indicam que a\u00e7\u00f5es simples, como limpeza peri\u00f3dica e uso adequado, podem ampliar o tempo de funcionamento dos equipamentos em at\u00e9 30%.<\/p>\n\n\n\n<p class=\"wp-block-paragraph\">Geladeiras, por exemplo, exigem aten\u00e7\u00e3o \u00e0s borrachas de veda\u00e7\u00e3o e \u00e0 parte traseira, em que o ac\u00famulo de poeira pode sobrecarregar o motor. M\u00e1quinas de lavar precisam respeitar a capacidade m\u00e1xima indicada e passar por ciclos regulares de limpeza interna. J\u00e1 fog\u00f5es e fornos demandam higieniza\u00e7\u00e3o frequente para evitar desgaste precoce de pe\u00e7as.<\/p>\n\n\n\n<p class=\"wp-block-paragraph\">Al\u00e9m de preservar os aparelhos, esses cuidados impactam diretamente a economia dom\u00e9stica. Um estudo do Instituto Brasileiro de Defesa do Consumidor (Idec), realizado em 2023 com base em dados de assist\u00eancias t\u00e9cnicas em capitais brasileiras, apontou que o custo da manuten\u00e7\u00e3o preventiva \u00e9, em m\u00e9dia, significativamente menor do que o valor de substitui\u00e7\u00e3o de um eletrodom\u00e9stico novo.<\/p>\n\n\n\n<h2 class=\"wp-block-heading\" id=\"h-quando-vale-a-pena-consertar-ou-substituir-um-equipamento\"><a><\/a><strong>Quando vale a pena consertar ou substituir um equipamento?<\/strong><\/h2>\n\n\n\n<p class=\"wp-block-paragraph\">A decis\u00e3o entre consertar ou trocar um aparelho envolve crit\u00e9rios financeiros e ambientais. Um levantamento da Funda\u00e7\u00e3o Itaipu, divulgado em 2024, analisou or\u00e7amentos de oficinas t\u00e9cnicas e pre\u00e7os m\u00e9dios de mercado. O estudo concluiu que, quando o valor do reparo n\u00e3o ultrapassa cerca de 40% do pre\u00e7o de um produto novo, o conserto tende a ser a op\u00e7\u00e3o mais vantajosa para o consumidor.<\/p>\n\n\n\n<p class=\"wp-block-paragraph\">Outro aspecto relevante \u00e9 o impacto ambiental do descarte de eletr\u00f4nicos. A substitui\u00e7\u00e3o frequente aumenta a demanda por mat\u00e9rias-primas e pressiona sistemas de coleta e reciclagem, que ainda apresentam falhas em muitas regi\u00f5es do pa\u00eds. Por isso, avaliar a possibilidade de conserto \u00e9 parte central das pr\u00e1ticas de sustentabilidade no lar.<\/p>\n\n\n\n<p class=\"wp-block-paragraph\">Alguns equipamentos exigem cuidados espec\u00edficos para garantir seguran\u00e7a e durabilidade. A limpeza frequente das veda\u00e7\u00f5es da porta e o uso de tampas apropriadas evitam o ac\u00famulo de res\u00edduos que podem danificar as paredes internas do <a href=\"https:\/\/www.americanas.com.br\/eletrodomesticos\/micro-ondas\"><strong>micro-ondas<\/strong><\/a>, aumentando sua vida \u00fatil em v\u00e1rios anos. Esses cuidados tamb\u00e9m reduzem falhas no funcionamento e ajudam a manter o consumo de energia dentro dos padr\u00f5es esperados.<\/p>\n\n\n\n<p class=\"wp-block-paragraph\">Ao adotar h\u00e1bitos simples de cuidado e avaliar com crit\u00e9rio o momento certo de substituir um aparelho, o consumidor contribui para um modelo de consumo mais consciente, equilibrando or\u00e7amento familiar, funcionalidade e responsabilidade ambiental.<\/p>","protected":false},"excerpt":{"rendered":"<p>Cuidados simples com os aparelhos dom\u00e9sticos ajudam a reduzir gastos, evitar o descarte precoce e diminuir o impacto ambiental do lixo eletr\u00f4nico no Brasil. O debate sobre a durabilidade dos eletrodom\u00e9sticos ganhou relev\u00e2ncia nos \u00faltimos anos, especialmente diante do aumento do custo de vida e da necessidade de pr\u00e1ticas mais sustent\u00e1veis dentro de casa. Prolongar [&hellip;]<\/p>\n","protected":false},"author":1,"featured_media":82817,"comment_status":"closed","ping_status":"closed","sticky":false,"template":"","format":"standard","meta":{"googlesitekit_rrm_CAow2JLhCw:productID":"","_gspb_post_css":"","maa_idioma":"","maa_pais":"","footnotes":""},"categories":[4],"tags":[],"class_list":["post-82815","post","type-post","status-publish","format-standard","has-post-thumbnail","hentry","category-brasil"],"blocksy_meta":[],"yoast_head":"<!-- This site is optimized with the Yoast SEO Premium plugin v27.6 (Yoast SEO v27.6) - https:\/\/yoast.com\/product\/yoast-seo-premium-wordpress\/ -->\n<title>Consumo consciente e a durabilidade de eletrodom\u00e9sticos no dia a dia - Ubirat\u00e3 Online Not\u00edcias - A realidade ao seu alcance!<\/title>\n<meta name=\"description\" content=\"Cuidados simples com os aparelhos dom\u00e9sticos ajudam a reduzir gastos, evitar o descarte precoce e diminuir o impacto ambiental do lixo eletr\u00f4nico no\" \/>\n<meta name=\"robots\" content=\"index, follow, max-snippet:-1, max-image-preview:large, max-video-preview:-1\" \/>\n<link rel=\"canonical\" href=\"https:\/\/ubirataonline.com.br\/en\/consumo-consciente-e-a-durabilidade-de-eletrodomesticos-no-dia-a-dia\/\" \/>\n<meta property=\"og:locale\" content=\"en_US\" \/>\n<meta property=\"og:type\" content=\"article\" \/>\n<meta property=\"og:title\" content=\"Consumo consciente e a durabilidade de eletrodom\u00e9sticos no dia a dia\" \/>\n<meta property=\"og:description\" content=\"Cuidados simples com os aparelhos dom\u00e9sticos ajudam a reduzir gastos, evitar o descarte precoce e diminuir o impacto ambiental do lixo eletr\u00f4nico no\" \/>\n<meta property=\"og:url\" content=\"https:\/\/ubirataonline.com.br\/en\/consumo-consciente-e-a-durabilidade-de-eletrodomesticos-no-dia-a-dia\/\" \/>\n<meta property=\"og:site_name\" content=\"Ubirat\u00e3 Online Not\u00edcias - A realidade ao seu alcance!\" \/>\n<meta property=\"article:publisher\" content=\"https:\/\/www.facebook.com\/portalubirataonline\" \/>\n<meta property=\"article:author\" content=\"https:\/\/www.facebook.com\/portalubirataonline\" \/>\n<meta property=\"article:published_time\" content=\"2026-01-28T11:27:55+00:00\" \/>\n<meta property=\"article:modified_time\" content=\"2026-01-28T11:27:56+00:00\" \/>\n<meta property=\"og:image\" content=\"https:\/\/ubirataonline.com.br\/wp-content\/uploads\/2026\/01\/Consumo-consciente-e-a-durabilidade-de-eletrodomesticos-no-dia-a-dia.jpg.jpeg\" \/>\n\t<meta property=\"og:image:width\" content=\"1365\" \/>\n\t<meta property=\"og:image:height\" content=\"768\" \/>\n\t<meta property=\"og:image:type\" content=\"image\/jpeg\" \/>\n<meta name=\"author\" content=\"REDA\u00c7\u00c3O: UBIRAT\u00c3 ONLINE - F\u00c1BIO AUGUSTO CELESTINO\" \/>\n<meta name=\"twitter:card\" content=\"summary_large_image\" \/>\n<meta name=\"twitter:creator\" content=\"@x.com\/ubirataonline\" \/>\n<meta name=\"twitter:site\" content=\"@ubirataonline\" \/>\n<meta name=\"twitter:label1\" content=\"Written by\" \/>\n\t<meta name=\"twitter:data1\" content=\"REDA\u00c7\u00c3O: UBIRAT\u00c3 ONLINE - F\u00c1BIO AUGUSTO CELESTINO\" \/>\n\t<meta name=\"twitter:label2\" content=\"Est. reading time\" \/>\n\t<meta name=\"twitter:data2\" content=\"3 minutes\" \/>\n<script type=\"application\/ld+json\" class=\"yoast-schema-graph\">{\"@context\":\"https:\\\/\\\/schema.org\",\"@graph\":[{\"@type\":\"NewsArticle\",\"@id\":\"https:\\\/\\\/ubirataonline.com.br\\\/consumo-consciente-e-a-durabilidade-de-eletrodomesticos-no-dia-a-dia\\\/#article\",\"isPartOf\":{\"@id\":\"https:\\\/\\\/ubirataonline.com.br\\\/consumo-consciente-e-a-durabilidade-de-eletrodomesticos-no-dia-a-dia\\\/\"},\"author\":{\"name\":\"REDA\u00c7\u00c3O: UBIRAT\u00c3 ONLINE - F\u00c1BIO AUGUSTO CELESTINO\",\"@id\":\"https:\\\/\\\/ubirataonline.com.br\\\/#\\\/schema\\\/person\\\/372f87bbd3fdd79b8556b84c98d0bc1c\"},\"headline\":\"Consumo consciente e a durabilidade de eletrodom\u00e9sticos no dia a dia\",\"datePublished\":\"2026-01-28T11:27:55+00:00\",\"dateModified\":\"2026-01-28T11:27:56+00:00\",\"mainEntityOfPage\":{\"@id\":\"https:\\\/\\\/ubirataonline.com.br\\\/consumo-consciente-e-a-durabilidade-de-eletrodomesticos-no-dia-a-dia\\\/\"},\"wordCount\":654,\"publisher\":{\"@id\":\"https:\\\/\\\/ubirataonline.com.br\\\/#organization\"},\"image\":{\"@id\":\"https:\\\/\\\/ubirataonline.com.br\\\/consumo-consciente-e-a-durabilidade-de-eletrodomesticos-no-dia-a-dia\\\/#primaryimage\"},\"thumbnailUrl\":\"https:\\\/\\\/ubirataonline.com.br\\\/wp-content\\\/uploads\\\/2026\\\/01\\\/Consumo-consciente-e-a-durabilidade-de-eletrodomesticos-no-dia-a-dia.jpg.jpeg\",\"articleSection\":[\"Brasil\"],\"inLanguage\":\"en-US\",\"copyrightYear\":\"2026\",\"copyrightHolder\":{\"@id\":\"https:\\\/\\\/ubirataonline.com.br\\\/en\\\/#organization\"}},{\"@type\":\"WebPage\",\"@id\":\"https:\\\/\\\/ubirataonline.com.br\\\/consumo-consciente-e-a-durabilidade-de-eletrodomesticos-no-dia-a-dia\\\/\",\"url\":\"https:\\\/\\\/ubirataonline.com.br\\\/consumo-consciente-e-a-durabilidade-de-eletrodomesticos-no-dia-a-dia\\\/\",\"name\":\"Consumo consciente e a durabilidade de eletrodom\u00e9sticos no dia a dia - Ubirat\u00e3 Online Not\u00edcias - A realidade ao seu alcance!\",\"isPartOf\":{\"@id\":\"https:\\\/\\\/ubirataonline.com.br\\\/#website\"},\"primaryImageOfPage\":{\"@id\":\"https:\\\/\\\/ubirataonline.com.br\\\/consumo-consciente-e-a-durabilidade-de-eletrodomesticos-no-dia-a-dia\\\/#primaryimage\"},\"image\":{\"@id\":\"https:\\\/\\\/ubirataonline.com.br\\\/consumo-consciente-e-a-durabilidade-de-eletrodomesticos-no-dia-a-dia\\\/#primaryimage\"},\"thumbnailUrl\":\"https:\\\/\\\/ubirataonline.com.br\\\/wp-content\\\/uploads\\\/2026\\\/01\\\/Consumo-consciente-e-a-durabilidade-de-eletrodomesticos-no-dia-a-dia.jpg.jpeg\",\"datePublished\":\"2026-01-28T11:27:55+00:00\",\"dateModified\":\"2026-01-28T11:27:56+00:00\",\"description\":\"Cuidados simples com os aparelhos dom\u00e9sticos ajudam a reduzir gastos, evitar o descarte precoce e diminuir o impacto ambiental do lixo eletr\u00f4nico no\",\"breadcrumb\":{\"@id\":\"https:\\\/\\\/ubirataonline.com.br\\\/consumo-consciente-e-a-durabilidade-de-eletrodomesticos-no-dia-a-dia\\\/#breadcrumb\"},\"inLanguage\":\"en-US\",\"potentialAction\":[{\"@type\":\"ReadAction\",\"target\":[\"https:\\\/\\\/ubirataonline.com.br\\\/consumo-consciente-e-a-durabilidade-de-eletrodomesticos-no-dia-a-dia\\\/\"]}]},{\"@type\":\"ImageObject\",\"inLanguage\":\"en-US\",\"@id\":\"https:\\\/\\\/ubirataonline.com.br\\\/consumo-consciente-e-a-durabilidade-de-eletrodomesticos-no-dia-a-dia\\\/#primaryimage\",\"url\":\"https:\\\/\\\/ubirataonline.com.br\\\/wp-content\\\/uploads\\\/2026\\\/01\\\/Consumo-consciente-e-a-durabilidade-de-eletrodomesticos-no-dia-a-dia.jpg.jpeg\",\"contentUrl\":\"https:\\\/\\\/ubirataonline.com.br\\\/wp-content\\\/uploads\\\/2026\\\/01\\\/Consumo-consciente-e-a-durabilidade-de-eletrodomesticos-no-dia-a-dia.jpg.jpeg\",\"width\":1365,\"height\":768,\"caption\":\"Cr\u00e9ditos: Bet_Noire\\\/iStock\"},{\"@type\":\"BreadcrumbList\",\"@id\":\"https:\\\/\\\/ubirataonline.com.br\\\/consumo-consciente-e-a-durabilidade-de-eletrodomesticos-no-dia-a-dia\\\/#breadcrumb\",\"itemListElement\":[{\"@type\":\"ListItem\",\"position\":1,\"name\":\"In\u00edcio\",\"item\":\"https:\\\/\\\/ubirataonline.com.br\\\/\"},{\"@type\":\"ListItem\",\"position\":2,\"name\":\"Consumo consciente e a durabilidade de eletrodom\u00e9sticos no dia a dia\"}]},{\"@type\":\"WebSite\",\"@id\":\"https:\\\/\\\/ubirataonline.com.br\\\/#website\",\"url\":\"https:\\\/\\\/ubirataonline.com.br\\\/\",\"name\":\"Ubirat\u00e3 Online Not\u00edcias\",\"description\":\"Not\u00edcias de Ubirat\u00e3, regi\u00e3o, Brasil e mundo, com informa\u00e7\u00e3o atualizada e compromisso com o leitor.\",\"publisher\":{\"@id\":\"https:\\\/\\\/ubirataonline.com.br\\\/#organization\"},\"alternateName\":\"Ubirat\u00e3 Online\",\"potentialAction\":[{\"@type\":\"SearchAction\",\"target\":{\"@type\":\"EntryPoint\",\"urlTemplate\":\"https:\\\/\\\/ubirataonline.com.br\\\/?s={search_term_string}\"},\"query-input\":{\"@type\":\"PropertyValueSpecification\",\"valueRequired\":true,\"valueName\":\"search_term_string\"}}],\"inLanguage\":\"en-US\"},{\"@type\":[\"Organization\",\"Place\"],\"@id\":\"https:\\\/\\\/ubirataonline.com.br\\\/#organization\",\"name\":\"Ubirat\u00e3 Online Not\u00edcias\",\"alternateName\":\"Ubirat\u00e3 Online\",\"url\":\"https:\\\/\\\/ubirataonline.com.br\\\/\",\"logo\":{\"@id\":\"https:\\\/\\\/ubirataonline.com.br\\\/consumo-consciente-e-a-durabilidade-de-eletrodomesticos-no-dia-a-dia\\\/#local-main-organization-logo\"},\"image\":{\"@id\":\"https:\\\/\\\/ubirataonline.com.br\\\/consumo-consciente-e-a-durabilidade-de-eletrodomesticos-no-dia-a-dia\\\/#local-main-organization-logo\"},\"sameAs\":[\"https:\\\/\\\/www.facebook.com\\\/portalubirataonline\",\"https:\\\/\\\/x.com\\\/ubirataonline\",\"https:\\\/\\\/mastodon.social\\\/@ubirataonline\",\"https:\\\/\\\/www.facebook.com\\\/groups\\\/311144672285604\",\"https:\\\/\\\/www.facebook.com\\\/UBTAOnline\",\"https:\\\/\\\/www.instagram.com\\\/portalubirataonline\\\/\",\"https:\\\/\\\/twitter.com\\\/ubirataonline\"],\"description\":\"Somos um portal de not\u00edcias independente, criado em 5 de janeiro de 2009, com o objetivo de informar, conectar e valorizar a nossa comunidade de Ubirat\u00e3 e toda aregi\u00e3o. Com conte\u00fado atualizado, confi\u00e1vel e relevante, o Ubirat\u00e3 Online \u00e9 o seu espa\u00e7o para ficar por dentro dos principais acontecimentos locais, regionais, Brasil, Mundo e de interesse geral. Nosso compromisso \u00e9 com a verdade, a transpar\u00eancia e o respeito ao leitor.\",\"legalName\":\"UBIRATA ONLINE NOT\u00cdCIAS\",\"foundingDate\":\"2009-01-05\",\"numberOfEmployees\":{\"@type\":\"QuantitativeValue\",\"minValue\":\"1\",\"maxValue\":\"10\"},\"publishingPrinciples\":\"https:\\\/\\\/ubirataonline.com.br\\\/faq\\\/\",\"address\":{\"@id\":\"https:\\\/\\\/ubirataonline.com.br\\\/consumo-consciente-e-a-durabilidade-de-eletrodomesticos-no-dia-a-dia\\\/#local-main-place-address\"},\"geo\":{\"@type\":\"GeoCoordinates\",\"latitude\":\"-24.5361401\",\"longitude\":\"-52.9921776\"},\"telephone\":[\"+5544998308235\"],\"contactPoint\":{\"@type\":\"ContactPoint\",\"email\":\"contato@ubirataonline.com.br\"},\"openingHoursSpecification\":{\"@type\":\"OpeningHoursSpecification\",\"dayOfWeek\":[\"Monday\",\"Tuesday\",\"Wednesday\",\"Thursday\",\"Friday\",\"Saturday\",\"Sunday\"],\"opens\":\"00:00\",\"closes\":\"23:59\"},\"email\":\"contato@ubirataonline.com.br\",\"vatID\":\"47.621.418\\\/0001-80\"},{\"@type\":\"Person\",\"@id\":\"https:\\\/\\\/ubirataonline.com.br\\\/#\\\/schema\\\/person\\\/372f87bbd3fdd79b8556b84c98d0bc1c\",\"name\":\"REDA\u00c7\u00c3O: UBIRAT\u00c3 ONLINE - F\u00c1BIO AUGUSTO CELESTINO\",\"pronouns\":\"Ele\",\"description\":\"Desde 2003 trabalhando com not\u00edcias.\",\"sameAs\":[\"http:\\\/\\\/ubirataoline.com.br\",\"https:\\\/\\\/www.facebook.com\\\/portalubirataonline\",\"https:\\\/\\\/www.instagram.com\\\/ubirataonline_oficial\",\"https:\\\/\\\/x.com\\\/x.com\\\/ubirataonline\"],\"honorificPrefix\":\"Mr.\",\"honorificSuffix\":\"MD\",\"birthDate\":\"1980-06-16\",\"gender\":\"masculino\",\"award\":[\"V\u00e1rios pr\u00eamios de melhor portal da cidade\"],\"jobTitle\":\"Diretor\",\"url\":\"https:\\\/\\\/ubirataonline.com.br\\\/en\\\/author\\\/ubirataonline\\\/\"},{\"@type\":\"PostalAddress\",\"@id\":\"https:\\\/\\\/ubirataonline.com.br\\\/consumo-consciente-e-a-durabilidade-de-eletrodomesticos-no-dia-a-dia\\\/#local-main-place-address\",\"streetAddress\":\"Rua dos Coqueiros, 104 - Bairro Boa Vista, Rua dos Coqueiros, 104 Bairro Boa Vista\",\"addressLocality\":\"UBIRATA\",\"postalCode\":\"85440-000\",\"addressRegion\":\"PR\",\"addressCountry\":\"BR\"},{\"@type\":\"ImageObject\",\"inLanguage\":\"en-US\",\"@id\":\"https:\\\/\\\/ubirataonline.com.br\\\/consumo-consciente-e-a-durabilidade-de-eletrodomesticos-no-dia-a-dia\\\/#local-main-organization-logo\",\"url\":\"https:\\\/\\\/ubirataonline.com.br\\\/wp-content\\\/uploads\\\/2026\\\/06\\\/logoubirataonline-1.webp\",\"contentUrl\":\"https:\\\/\\\/ubirataonline.com.br\\\/wp-content\\\/uploads\\\/2026\\\/06\\\/logoubirataonline-1.webp\",\"width\":500,\"height\":500,\"caption\":\"Ubirat\u00e3 Online Not\u00edcias\"}]}<\/script>\n<meta name=\"geo.placename\" content=\"UBIRATA\" \/>\n<meta name=\"geo.position\" content=\"-24.5361401;-52.9921776\" \/>\n<meta name=\"geo.region\" content=\"Brazil\" \/>\n<!-- \/ Yoast SEO Premium plugin. -->","yoast_head_json":{"title":"Consumo consciente e a durabilidade de eletrodom\u00e9sticos no dia a dia - Ubirat\u00e3 Online Not\u00edcias - A realidade ao seu alcance!","description":"Cuidados simples com os aparelhos dom\u00e9sticos ajudam a reduzir gastos, evitar o descarte precoce e diminuir o impacto ambiental do lixo eletr\u00f4nico no","robots":{"index":"index","follow":"follow","max-snippet":"max-snippet:-1","max-image-preview":"max-image-preview:large","max-video-preview":"max-video-preview:-1"},"canonical":"https:\/\/ubirataonline.com.br\/en\/consumo-consciente-e-a-durabilidade-de-eletrodomesticos-no-dia-a-dia\/","og_locale":"en_US","og_type":"article","og_title":"Consumo consciente e a durabilidade de eletrodom\u00e9sticos no dia a dia","og_description":"Cuidados simples com os aparelhos dom\u00e9sticos ajudam a reduzir gastos, evitar o descarte precoce e diminuir o impacto ambiental do lixo eletr\u00f4nico no","og_url":"https:\/\/ubirataonline.com.br\/en\/consumo-consciente-e-a-durabilidade-de-eletrodomesticos-no-dia-a-dia\/","og_site_name":"Ubirat\u00e3 Online Not\u00edcias - A realidade ao seu alcance!","article_publisher":"https:\/\/www.facebook.com\/portalubirataonline","article_author":"https:\/\/www.facebook.com\/portalubirataonline","article_published_time":"2026-01-28T11:27:55+00:00","article_modified_time":"2026-01-28T11:27:56+00:00","og_image":[{"width":1365,"height":768,"url":"https:\/\/ubirataonline.com.br\/wp-content\/uploads\/2026\/01\/Consumo-consciente-e-a-durabilidade-de-eletrodomesticos-no-dia-a-dia.jpg.jpeg","type":"image\/jpeg"}],"author":"REDA\u00c7\u00c3O: UBIRAT\u00c3 ONLINE - F\u00c1BIO AUGUSTO CELESTINO","twitter_card":"summary_large_image","twitter_creator":"@x.com\/ubirataonline","twitter_site":"@ubirataonline","twitter_misc":{"Written by":"REDA\u00c7\u00c3O: UBIRAT\u00c3 ONLINE - F\u00c1BIO AUGUSTO CELESTINO","Est. reading time":"3 minutes"},"schema":{"@context":"https:\/\/schema.org","@graph":[{"@type":"NewsArticle","@id":"https:\/\/ubirataonline.com.br\/consumo-consciente-e-a-durabilidade-de-eletrodomesticos-no-dia-a-dia\/#article","isPartOf":{"@id":"https:\/\/ubirataonline.com.br\/consumo-consciente-e-a-durabilidade-de-eletrodomesticos-no-dia-a-dia\/"},"author":{"name":"REDA\u00c7\u00c3O: UBIRAT\u00c3 ONLINE - F\u00c1BIO AUGUSTO CELESTINO","@id":"https:\/\/ubirataonline.com.br\/#\/schema\/person\/372f87bbd3fdd79b8556b84c98d0bc1c"},"headline":"Consumo consciente e a durabilidade de eletrodom\u00e9sticos no dia a dia","datePublished":"2026-01-28T11:27:55+00:00","dateModified":"2026-01-28T11:27:56+00:00","mainEntityOfPage":{"@id":"https:\/\/ubirataonline.com.br\/consumo-consciente-e-a-durabilidade-de-eletrodomesticos-no-dia-a-dia\/"},"wordCount":654,"publisher":{"@id":"https:\/\/ubirataonline.com.br\/#organization"},"image":{"@id":"https:\/\/ubirataonline.com.br\/consumo-consciente-e-a-durabilidade-de-eletrodomesticos-no-dia-a-dia\/#primaryimage"},"thumbnailUrl":"https:\/\/ubirataonline.com.br\/wp-content\/uploads\/2026\/01\/Consumo-consciente-e-a-durabilidade-de-eletrodomesticos-no-dia-a-dia.jpg.jpeg","articleSection":["Brasil"],"inLanguage":"en-US","copyrightYear":"2026","copyrightHolder":{"@id":"https:\/\/ubirataonline.com.br\/en\/#organization"}},{"@type":"WebPage","@id":"https:\/\/ubirataonline.com.br\/consumo-consciente-e-a-durabilidade-de-eletrodomesticos-no-dia-a-dia\/","url":"https:\/\/ubirataonline.com.br\/consumo-consciente-e-a-durabilidade-de-eletrodomesticos-no-dia-a-dia\/","name":"Consumo consciente e a durabilidade de eletrodom\u00e9sticos no dia a dia - Ubirat\u00e3 Online Not\u00edcias - A realidade ao seu alcance!","isPartOf":{"@id":"https:\/\/ubirataonline.com.br\/#website"},"primaryImageOfPage":{"@id":"https:\/\/ubirataonline.com.br\/consumo-consciente-e-a-durabilidade-de-eletrodomesticos-no-dia-a-dia\/#primaryimage"},"image":{"@id":"https:\/\/ubirataonline.com.br\/consumo-consciente-e-a-durabilidade-de-eletrodomesticos-no-dia-a-dia\/#primaryimage"},"thumbnailUrl":"https:\/\/ubirataonline.com.br\/wp-content\/uploads\/2026\/01\/Consumo-consciente-e-a-durabilidade-de-eletrodomesticos-no-dia-a-dia.jpg.jpeg","datePublished":"2026-01-28T11:27:55+00:00","dateModified":"2026-01-28T11:27:56+00:00","description":"Cuidados simples com os aparelhos dom\u00e9sticos ajudam a reduzir gastos, evitar o descarte precoce e diminuir o impacto ambiental do lixo eletr\u00f4nico no","breadcrumb":{"@id":"https:\/\/ubirataonline.com.br\/consumo-consciente-e-a-durabilidade-de-eletrodomesticos-no-dia-a-dia\/#breadcrumb"},"inLanguage":"en-US","potentialAction":[{"@type":"ReadAction","target":["https:\/\/ubirataonline.com.br\/consumo-consciente-e-a-durabilidade-de-eletrodomesticos-no-dia-a-dia\/"]}]},{"@type":"ImageObject","inLanguage":"en-US","@id":"https:\/\/ubirataonline.com.br\/consumo-consciente-e-a-durabilidade-de-eletrodomesticos-no-dia-a-dia\/#primaryimage","url":"https:\/\/ubirataonline.com.br\/wp-content\/uploads\/2026\/01\/Consumo-consciente-e-a-durabilidade-de-eletrodomesticos-no-dia-a-dia.jpg.jpeg","contentUrl":"https:\/\/ubirataonline.com.br\/wp-content\/uploads\/2026\/01\/Consumo-consciente-e-a-durabilidade-de-eletrodomesticos-no-dia-a-dia.jpg.jpeg","width":1365,"height":768,"caption":"Cr\u00e9ditos: Bet_Noire\/iStock"},{"@type":"BreadcrumbList","@id":"https:\/\/ubirataonline.com.br\/consumo-consciente-e-a-durabilidade-de-eletrodomesticos-no-dia-a-dia\/#breadcrumb","itemListElement":[{"@type":"ListItem","position":1,"name":"In\u00edcio","item":"https:\/\/ubirataonline.com.br\/"},{"@type":"ListItem","position":2,"name":"Consumo consciente e a durabilidade de eletrodom\u00e9sticos no dia a dia"}]},{"@type":"WebSite","@id":"https:\/\/ubirataonline.com.br\/#website","url":"https:\/\/ubirataonline.com.br\/","name":"Ubirat\u00e3 Online Not\u00edcias","description":"Not\u00edcias de Ubirat\u00e3, regi\u00e3o, Brasil e mundo, com informa\u00e7\u00e3o atualizada e compromisso com o leitor.","publisher":{"@id":"https:\/\/ubirataonline.com.br\/#organization"},"alternateName":"Ubirat\u00e3 Online","potentialAction":[{"@type":"SearchAction","target":{"@type":"EntryPoint","urlTemplate":"https:\/\/ubirataonline.com.br\/?s={search_term_string}"},"query-input":{"@type":"PropertyValueSpecification","valueRequired":true,"valueName":"search_term_string"}}],"inLanguage":"en-US"},{"@type":["Organization","Place"],"@id":"https:\/\/ubirataonline.com.br\/#organization","name":"Ubirat\u00e3 Online Not\u00edcias","alternateName":"Ubirat\u00e3 Online","url":"https:\/\/ubirataonline.com.br\/","logo":{"@id":"https:\/\/ubirataonline.com.br\/consumo-consciente-e-a-durabilidade-de-eletrodomesticos-no-dia-a-dia\/#local-main-organization-logo"},"image":{"@id":"https:\/\/ubirataonline.com.br\/consumo-consciente-e-a-durabilidade-de-eletrodomesticos-no-dia-a-dia\/#local-main-organization-logo"},"sameAs":["https:\/\/www.facebook.com\/portalubirataonline","https:\/\/x.com\/ubirataonline","https:\/\/mastodon.social\/@ubirataonline","https:\/\/www.facebook.com\/groups\/311144672285604","https:\/\/www.facebook.com\/UBTAOnline","https:\/\/www.instagram.com\/portalubirataonline\/","https:\/\/twitter.com\/ubirataonline"],"description":"Somos um portal de not\u00edcias independente, criado em 5 de janeiro de 2009, com o objetivo de informar, conectar e valorizar a nossa comunidade de Ubirat\u00e3 e toda aregi\u00e3o. Com conte\u00fado atualizado, confi\u00e1vel e relevante, o Ubirat\u00e3 Online \u00e9 o seu espa\u00e7o para ficar por dentro dos principais acontecimentos locais, regionais, Brasil, Mundo e de interesse geral. Nosso compromisso \u00e9 com a verdade, a transpar\u00eancia e o respeito ao leitor.","legalName":"UBIRATA ONLINE NOT\u00cdCIAS","foundingDate":"2009-01-05","numberOfEmployees":{"@type":"QuantitativeValue","minValue":"1","maxValue":"10"},"publishingPrinciples":"https:\/\/ubirataonline.com.br\/faq\/","address":{"@id":"https:\/\/ubirataonline.com.br\/consumo-consciente-e-a-durabilidade-de-eletrodomesticos-no-dia-a-dia\/#local-main-place-address"},"geo":{"@type":"GeoCoordinates","latitude":"-24.5361401","longitude":"-52.9921776"},"telephone":["+5544998308235"],"contactPoint":{"@type":"ContactPoint","email":"contato@ubirataonline.com.br"},"openingHoursSpecification":{"@type":"OpeningHoursSpecification","dayOfWeek":["Monday","Tuesday","Wednesday","Thursday","Friday","Saturday","Sunday"],"opens":"00:00","closes":"23:59"},"email":"contato@ubirataonline.com.br","vatID":"47.621.418\/0001-80"},{"@type":"Person","@id":"https:\/\/ubirataonline.com.br\/#\/schema\/person\/372f87bbd3fdd79b8556b84c98d0bc1c","name":"REDA\u00c7\u00c3O: UBIRAT\u00c3 ONLINE - F\u00c1BIO AUGUSTO CELESTINO","pronouns":"Ele","description":"Desde 2003 trabalhando com not\u00edcias.","sameAs":["http:\/\/ubirataoline.com.br","https:\/\/www.facebook.com\/portalubirataonline","https:\/\/www.instagram.com\/ubirataonline_oficial","https:\/\/x.com\/x.com\/ubirataonline"],"honorificPrefix":"Mr.","honorificSuffix":"MD","birthDate":"1980-06-16","gender":"masculino","award":["V\u00e1rios pr\u00eamios de melhor portal da cidade"],"jobTitle":"Diretor","url":"https:\/\/ubirataonline.com.br\/en\/author\/ubirataonline\/"},{"@type":"PostalAddress","@id":"https:\/\/ubirataonline.com.br\/consumo-consciente-e-a-durabilidade-de-eletrodomesticos-no-dia-a-dia\/#local-main-place-address","streetAddress":"Rua dos Coqueiros, 104 - Bairro Boa Vista, Rua dos Coqueiros, 104 Bairro Boa Vista","addressLocality":"UBIRATA","postalCode":"85440-000","addressRegion":"PR","addressCountry":"BR"},{"@type":"ImageObject","inLanguage":"en-US","@id":"https:\/\/ubirataonline.com.br\/consumo-consciente-e-a-durabilidade-de-eletrodomesticos-no-dia-a-dia\/#local-main-organization-logo","url":"https:\/\/ubirataonline.com.br\/wp-content\/uploads\/2026\/06\/logoubirataonline-1.webp","contentUrl":"https:\/\/ubirataonline.com.br\/wp-content\/uploads\/2026\/06\/logoubirataonline-1.webp","width":500,"height":500,"caption":"Ubirat\u00e3 Online Not\u00edcias"}]},"geo.placename":"UBIRATA","geo.position":{"lat":"-24.5361401","long":"-52.9921776"},"geo.region":"Brazil"},"_links":{"self":[{"href":"https:\/\/ubirataonline.com.br\/en\/wp-json\/wp\/v2\/posts\/82815","targetHints":{"allow":["GET"]}}],"collection":[{"href":"https:\/\/ubirataonline.com.br\/en\/wp-json\/wp\/v2\/posts"}],"about":[{"href":"https:\/\/ubirataonline.com.br\/en\/wp-json\/wp\/v2\/types\/post"}],"author":[{"embeddable":true,"href":"https:\/\/ubirataonline.com.br\/en\/wp-json\/wp\/v2\/users\/1"}],"replies":[{"embeddable":true,"href":"https:\/\/ubirataonline.com.br\/en\/wp-json\/wp\/v2\/comments?post=82815"}],"version-history":[{"count":0,"href":"https:\/\/ubirataonline.com.br\/en\/wp-json\/wp\/v2\/posts\/82815\/revisions"}],"wp:featuredmedia":[{"embeddable":true,"href":"https:\/\/ubirataonline.com.br\/en\/wp-json\/wp\/v2\/media\/82817"}],"wp:attachment":[{"href":"https:\/\/ubirataonline.com.br\/en\/wp-json\/wp\/v2\/media?parent=82815"}],"wp:term":[{"taxonomy":"category","embeddable":true,"href":"https:\/\/ubirataonline.com.br\/en\/wp-json\/wp\/v2\/categories?post=82815"},{"taxonomy":"post_tag","embeddable":true,"href":"https:\/\/ubirataonline.com.br\/en\/wp-json\/wp\/v2\/tags?post=82815"}],"curies":[{"name":"wp","href":"https:\/\/api.w.org\/{rel}","templated":true}]}}