{"id":82821,"date":"2026-01-28T08:24:29","date_gmt":"2026-01-28T11:24:29","guid":{"rendered":"https:\/\/ubirataonline.com.br\/que-inveja-tribuna-do-norte\/"},"modified":"2026-01-28T08:24:30","modified_gmt":"2026-01-28T11:24:30","slug":"que-inveja-tribuna-do-norte","status":"publish","type":"post","link":"https:\/\/ubirataonline.com.br\/en\/que-inveja-tribuna-do-norte\/","title":{"rendered":"Que inveja! &#8211; Tribuna do Norte"},"content":{"rendered":"<p><\/p>\n<div>\n<p><strong>Vicente Serejo<\/strong><br \/><strong><a href=\"https:\/\/tribunadonorte.com.br\/cdn-cgi\/l\/email-protection\" class=\"__cf_email__\" data-cfemail=\"f88b9d8a9d9297b88c9d8a8a99d69b9795d69a8a\">[email\u00a0protected]<\/a><\/strong><\/p>\n<p>Uma manh\u00e3 dessas, ainda cedo, precisei ir \u00e0 livraria do Campus da UFRN. Quando j\u00e1 descia a pequena ladeira que leva direto ao estacionamento do Centro de Conviv\u00eancia, vi, mais na frente, uma iguana que atravessava o acesso. Tive inveja. N\u00e3o era das maiores, devo reconhecer, mas andava com a altivez e a eleg\u00e2ncia dos que sabem que s\u00e3o assim. A crista eri\u00e7ada sobre as costas, no passo sem pressa e sem demora, como se dos olhos vivos fugissem um sil\u00eancio que parecia celebrar a vida.<\/p>\n<p>Ora, parei o carro e fiquei olhando sua caminhada, sem medo e sem comisera\u00e7\u00e3o. N\u00e3o tinha o ar abusado de alguns doutores e doutoras que \u00e0s vezes encontro por l\u00e1, os olhos lan\u00e7ando o t\u00e9dio sobre o dorso dos livros. Mas, se a confiss\u00e3o \u00e9 justa e, portanto, devida, n\u00e3o deixei de admirar o ar superior. N\u00e3o precisa de t\u00edtulos. N\u00e3o paga taxas e emolumentos. Sequer deve \u00e0s manifesta\u00e7\u00f5es de apre\u00e7o ao senhor diretor, como denuncia o poeta Manuel Bandeira, e este sabia que a vida \u00e9 como\u00e7\u00e3o.<\/p>\n<p>Sua travessia foi lenta. Mero expectador de sua eleg\u00e2ncia sincera e sem ostenta\u00e7\u00e3o, tive o tempo todo para v\u00ea-la passar, sem olhos estranhos que por acaso estivessem flagrando sua caminhada. Eram horas de uma manh\u00e3 ainda sonolenta, de um sol macio que lambia as \u00e1rvores como se chegasse para reinventar as sombras. Um habitante sutil daquele mundo calado, at\u00e9 que os primeiros passos quebrassem os \u00faltimos sil\u00eancios da manh\u00e3 que se erguia, aos poucos, sem querer saber de ningu\u00e9m.<\/p>\n<p>A inveja n\u00e3o vive entre meus muitos defeitos. Seria in\u00fatil, se j\u00e1 s\u00e3o tantos e t\u00e3o perdidamente ferozes. Por conseguinte, seria debalde, como gostava de dizer D. Alice, a av\u00f3 de Rejane. Invejar fere a alma. S\u00f3 invejo os livres, os libertos dos organogramas e fluxogramas, das ditaduras dos curr\u00edculos Lattes, das reuni\u00f5es pedag\u00f3gicas, e tudo pelo defeito medonho de desconfiar do saber que dorme nas fichas amareladas, nas transpar\u00eancias muito bem alinhados, a letra redonda sobre a palidez do branco.<\/p>\n<p>Tenho inveja, isto sim, dos que sabem querer bem, se querer bem \u00e9 quase amar, se amar n\u00e3o tem, necessariamente, o destino inevit\u00e1vel do desejo carnal. O querer bem que n\u00e3o \u00e9 pecado, como ensina a modinha. Tenho inveja \u2013 como n\u00e3o? \u2013 dos que n\u00e3o entregam os olhos \u00e0s coisas tolas e \u00fateis com todo aquele ismo que significa vantagem. Inveja \u2013 e como invejo! \u2013 dos que sabem vencer os \u00f3dios escondidos nas dobras da alma, os livres dos olhos, dos gestos, do sil\u00eancio amargo do ran\u00e7o.<\/p>\n<p>Admirei \u2013 pra que negar? \u2013 aquela bela iguana que cedo vi atravessar o caminho na ladeirinha de acesso ao Centro de Conviv\u00eancia. Tinha tudo que falta em alguns humanos e parecia feliz com sua leveza e eleg\u00e2ncia, sem o falso bem-querer que se revela nos gestos negados. Seu pelo \u00e9 rugoso, dir\u00e3o. \u00c9 que assim protege a vida. Vi, nos seus olhos mi\u00fados e vivos, que o poeta Vin\u00edcius de Moraes tem raz\u00e3o, quando adverte, grave, como se falasse pela boca do povo: a vida n\u00e3o \u00e9 de brincadeira n\u00e3o.<\/p>\n<p><strong>PALCO<\/strong><\/p>\n<p><strong>LUTA <\/strong>\u2013 Os mais experientes j\u00e1 admitem que n\u00e3o ser\u00e1 f\u00e1cil a Alysson Bezerra sustentar todo seu favoritismo que as pesquisas indicaram at\u00e9 agora. A campanha j\u00e1 vai come\u00e7ar dura e imprevis\u00edvel.<\/p>\n<p><strong>MAS <\/strong>\u2013 Os mesmos observadores tamb\u00e9m admitem: as duas chapas bolsonaristas v\u00e3o precisar de habilidade acima dos resultados. Para ser poss\u00edvel a uni\u00e3o de for\u00e7as na hip\u00f3tese de um segundo turno.<\/p>\n<p><strong>EXCESSO <\/strong>\u2013 A poda da Prefeitura, na Av. Brigadeiro Gomes, lugar desta caverna de livros velhos, deve ter sido com uma motosserra que antes cortava at\u00e9 as sombras em torno do bunker de Hitler.<\/p>\n<p><strong>FLAGRA <\/strong>-Nas redes sociais, numa fala an\u00f4nima, um verdadeiro primor do flagrante que retrata, e com toda precis\u00e3o, este Brasil de her\u00f3is e vil\u00f5es: \u201cA ignor\u00e2ncia s\u00f3 interessa a quem ganha com ela\u201d.<\/p>\n<p><strong>HUMOR <\/strong>\u2013 De Vin\u00edcius de Morais numa entrevista \u00e0 revista Status, em mar\u00e7o de 1978, \u00e0 jornalista Marta Santamaria, com todo o humor: \u201cAcho qualquer pris\u00e3o horr\u00edvel, inclusive a pris\u00e3o de ventre\u201d.<\/p>\n<p><strong>BRILHO<\/strong> \u2013 Simplesmente primoroso o artigo do padre e doutor Jo\u00e3o Medeiros Filho, na edi\u00e7\u00e3o de ontem desta TN: \u2018Alimenta\u00e7\u00e3o, cultura e sacralidade\u2019. Brilho que Deus deixou na cabe\u00e7a de poucos.<\/p>\n<p><strong>POESIA <\/strong>\u2013 Do poeta Carlos Drummond de Andrade, vendo as flores da primavera em toda parte, no longe e no perto dos olhos t\u00e3o m\u00edopes: \u201cPrimavera, fiz um discurso? \/ Primavera, tu me perdoas?\u201d.<\/p>\n<p><strong>\u00d3PIO <\/strong>\u2013 De Nino, o fil\u00f3sofo melanc\u00f3lico do Beco da Lama, depois de uma \u2018Cabe\u00e7a de Galo\u2019 para refazer a coragem de viver: \u201cO poder \u00e9 o \u00f3pio que ao mesmo tempo revela os fracos e os fortes\u201d.<\/p>\n<p><strong>CAMARIM<\/strong><\/p>\n<p><strong>PIONEIRO <\/strong>\u2013 \u201cExcelente lembrar tudo isto, mas completaria com a alfabetiza\u00e7\u00e3o em Angicos com a inovadora orienta\u00e7\u00e3o de Paulo Freire, que se estendeu, em seguida a Mossor\u00f3 e as Quintas, em Natal. Para isto, n\u00e3o temeu aliar-se com John Kennedy, ao contr\u00e1rio de Carlos Lacerda e Magalh\u00e3es Pinto\u201d.<\/p>\n<p><strong>PIONEIRISMOS <\/strong>\u2013 A observa\u00e7\u00e3o \u00e9 do professor Marcos Guerra, quando leu, nesta coluna, sobre os pioneirismos que fizeram de Alu\u00edzio Alves o grande l\u00edder como governador do Rio Grande do Norte no papel hist\u00f3rico naquela primeira metade dos anos sessenta. O cronista, ainda comovido, agradece.<\/p>\n<p><strong>\u201cT\u00c9 MANH\u00c3\u201d<\/strong> \u2013 Ao leitor, a quem pareceu ter sido erro ou lapso de revis\u00e3o, aquele \u201cT\u00e9 Manh\u00e3\u201d na cita\u00e7\u00e3o da can\u00e7\u00e3o de Luiz Vieira: \u00e9 dele, da letra original do pr\u00f3prio autor. \u00c9 uma contra\u00e7\u00e3o da oralidade popular, digamos, de \u201cat\u00e9 amanh\u00e3\u201d, charme ou, quem sabe, no uso das licen\u00e7as po\u00e9ticas.<\/p>\n<p><em>Os artigos publicados com assinatura n\u00e3o traduzem, necessariamente, a opini\u00e3o da TRIBUNA DO NORTE, sendo de responsabilidade total do autor.<\/em><\/p>\n<\/div>\n<p><a href=\"https:\/\/tribunadonorte.com.br\/colunas\/que-inveja\/\">Source link <\/a><\/p>\n","protected":false},"excerpt":{"rendered":"<p>Vicente Serejo[email\u00a0protected] Uma manh\u00e3 dessas, ainda cedo, precisei ir \u00e0 livraria do Campus da UFRN. Quando j\u00e1 descia a pequena ladeira que leva direto ao estacionamento do Centro de Conviv\u00eancia, vi, mais na frente, uma iguana que atravessava o acesso. Tive inveja. N\u00e3o era das maiores, devo reconhecer, mas andava com a altivez e a [&hellip;]<\/p>\n","protected":false},"author":1,"featured_media":82822,"comment_status":"closed","ping_status":"","sticky":false,"template":"","format":"standard","meta":{"googlesitekit_rrm_CAow2JLhCw:productID":"","_gspb_post_css":"","maa_idioma":"","maa_pais":"","footnotes":""},"categories":[4],"tags":[16192,3445,4570],"class_list":["post-82821","post","type-post","status-publish","format-standard","has-post-thumbnail","hentry","category-brasil","tag-inveja","tag-norte","tag-tribuna"],"blocksy_meta":[],"yoast_head":"<!-- This site is optimized with the Yoast SEO Premium plugin v27.6 (Yoast SEO v27.6) - https:\/\/yoast.com\/product\/yoast-seo-premium-wordpress\/ -->\n<title>Que inveja! - Tribuna do Norte - Ubirat\u00e3 Online Not\u00edcias - A realidade ao seu alcance!<\/title>\n<meta name=\"description\" content=\"Vicente Serejo Uma manh\u00e3 dessas, ainda cedo, precisei ir \u00e0 livraria do Campus da UFRN. Quando j\u00e1 descia a pequena ladeira que leva direto ao\" \/>\n<meta name=\"robots\" content=\"index, follow, max-snippet:-1, max-image-preview:large, max-video-preview:-1\" \/>\n<link rel=\"canonical\" href=\"https:\/\/ubirataonline.com.br\/en\/que-inveja-tribuna-do-norte\/\" \/>\n<meta property=\"og:locale\" content=\"en_US\" \/>\n<meta property=\"og:type\" content=\"article\" \/>\n<meta property=\"og:title\" content=\"Que inveja! - Tribuna do Norte\" \/>\n<meta property=\"og:description\" content=\"Vicente Serejo Uma manh\u00e3 dessas, ainda cedo, precisei ir \u00e0 livraria do Campus da UFRN. Quando j\u00e1 descia a pequena ladeira que leva direto ao\" \/>\n<meta property=\"og:url\" content=\"https:\/\/ubirataonline.com.br\/en\/que-inveja-tribuna-do-norte\/\" \/>\n<meta property=\"og:site_name\" content=\"Ubirat\u00e3 Online Not\u00edcias - A realidade ao seu alcance!\" \/>\n<meta property=\"article:publisher\" content=\"https:\/\/www.facebook.com\/portalubirataonline\" \/>\n<meta property=\"article:author\" content=\"https:\/\/www.facebook.com\/portalubirataonline\" \/>\n<meta property=\"article:published_time\" content=\"2026-01-28T11:24:29+00:00\" \/>\n<meta property=\"article:modified_time\" content=\"2026-01-28T11:24:30+00:00\" \/>\n<meta property=\"og:image\" content=\"https:\/\/ubirataonline.com.br\/wp-content\/uploads\/2026\/01\/Que-inveja-Tribuna-do-Norte.jpg\" \/>\n\t<meta property=\"og:image:width\" content=\"1028\" \/>\n\t<meta property=\"og:image:height\" content=\"685\" \/>\n\t<meta property=\"og:image:type\" content=\"image\/jpeg\" \/>\n<meta name=\"author\" content=\"REDA\u00c7\u00c3O: UBIRAT\u00c3 ONLINE - F\u00c1BIO AUGUSTO CELESTINO\" \/>\n<meta name=\"twitter:card\" content=\"summary_large_image\" \/>\n<meta name=\"twitter:creator\" content=\"@x.com\/ubirataonline\" \/>\n<meta name=\"twitter:site\" content=\"@ubirataonline\" \/>\n<meta name=\"twitter:label1\" content=\"Written by\" \/>\n\t<meta name=\"twitter:data1\" content=\"REDA\u00c7\u00c3O: UBIRAT\u00c3 ONLINE - F\u00c1BIO AUGUSTO CELESTINO\" \/>\n\t<meta name=\"twitter:label2\" content=\"Est. reading time\" \/>\n\t<meta name=\"twitter:data2\" content=\"5 minutes\" \/>\n<script type=\"application\/ld+json\" class=\"yoast-schema-graph\">{\"@context\":\"https:\\\/\\\/schema.org\",\"@graph\":[{\"@type\":\"NewsArticle\",\"@id\":\"https:\\\/\\\/ubirataonline.com.br\\\/que-inveja-tribuna-do-norte\\\/#article\",\"isPartOf\":{\"@id\":\"https:\\\/\\\/ubirataonline.com.br\\\/que-inveja-tribuna-do-norte\\\/\"},\"author\":{\"name\":\"REDA\u00c7\u00c3O: UBIRAT\u00c3 ONLINE - F\u00c1BIO AUGUSTO CELESTINO\",\"@id\":\"https:\\\/\\\/ubirataonline.com.br\\\/#\\\/schema\\\/person\\\/372f87bbd3fdd79b8556b84c98d0bc1c\"},\"headline\":\"Que inveja! &#8211; Tribuna do Norte\",\"datePublished\":\"2026-01-28T11:24:29+00:00\",\"dateModified\":\"2026-01-28T11:24:30+00:00\",\"mainEntityOfPage\":{\"@id\":\"https:\\\/\\\/ubirataonline.com.br\\\/que-inveja-tribuna-do-norte\\\/\"},\"wordCount\":1019,\"publisher\":{\"@id\":\"https:\\\/\\\/ubirataonline.com.br\\\/#organization\"},\"image\":{\"@id\":\"https:\\\/\\\/ubirataonline.com.br\\\/que-inveja-tribuna-do-norte\\\/#primaryimage\"},\"thumbnailUrl\":\"https:\\\/\\\/ubirataonline.com.br\\\/wp-content\\\/uploads\\\/2026\\\/01\\\/Que-inveja-Tribuna-do-Norte.jpg\",\"keywords\":[\"inveja\",\"Norte\",\"Tribuna\"],\"articleSection\":[\"Brasil\"],\"inLanguage\":\"en-US\",\"copyrightYear\":\"2026\",\"copyrightHolder\":{\"@id\":\"https:\\\/\\\/ubirataonline.com.br\\\/en\\\/#organization\"}},{\"@type\":\"WebPage\",\"@id\":\"https:\\\/\\\/ubirataonline.com.br\\\/que-inveja-tribuna-do-norte\\\/\",\"url\":\"https:\\\/\\\/ubirataonline.com.br\\\/que-inveja-tribuna-do-norte\\\/\",\"name\":\"Que inveja! - Tribuna do Norte - Ubirat\u00e3 Online Not\u00edcias - A realidade ao seu alcance!\",\"isPartOf\":{\"@id\":\"https:\\\/\\\/ubirataonline.com.br\\\/#website\"},\"primaryImageOfPage\":{\"@id\":\"https:\\\/\\\/ubirataonline.com.br\\\/que-inveja-tribuna-do-norte\\\/#primaryimage\"},\"image\":{\"@id\":\"https:\\\/\\\/ubirataonline.com.br\\\/que-inveja-tribuna-do-norte\\\/#primaryimage\"},\"thumbnailUrl\":\"https:\\\/\\\/ubirataonline.com.br\\\/wp-content\\\/uploads\\\/2026\\\/01\\\/Que-inveja-Tribuna-do-Norte.jpg\",\"datePublished\":\"2026-01-28T11:24:29+00:00\",\"dateModified\":\"2026-01-28T11:24:30+00:00\",\"description\":\"Vicente Serejo Uma manh\u00e3 dessas, ainda cedo, precisei ir \u00e0 livraria do Campus da UFRN. Quando j\u00e1 descia a pequena ladeira que leva direto ao\",\"breadcrumb\":{\"@id\":\"https:\\\/\\\/ubirataonline.com.br\\\/que-inveja-tribuna-do-norte\\\/#breadcrumb\"},\"inLanguage\":\"en-US\",\"potentialAction\":[{\"@type\":\"ReadAction\",\"target\":[\"https:\\\/\\\/ubirataonline.com.br\\\/que-inveja-tribuna-do-norte\\\/\"]}]},{\"@type\":\"ImageObject\",\"inLanguage\":\"en-US\",\"@id\":\"https:\\\/\\\/ubirataonline.com.br\\\/que-inveja-tribuna-do-norte\\\/#primaryimage\",\"url\":\"https:\\\/\\\/ubirataonline.com.br\\\/wp-content\\\/uploads\\\/2026\\\/01\\\/Que-inveja-Tribuna-do-Norte.jpg\",\"contentUrl\":\"https:\\\/\\\/ubirataonline.com.br\\\/wp-content\\\/uploads\\\/2026\\\/01\\\/Que-inveja-Tribuna-do-Norte.jpg\",\"width\":1028,\"height\":685,\"caption\":\"Que inveja! - Tribuna do Norte\"},{\"@type\":\"BreadcrumbList\",\"@id\":\"https:\\\/\\\/ubirataonline.com.br\\\/que-inveja-tribuna-do-norte\\\/#breadcrumb\",\"itemListElement\":[{\"@type\":\"ListItem\",\"position\":1,\"name\":\"In\u00edcio\",\"item\":\"https:\\\/\\\/ubirataonline.com.br\\\/\"},{\"@type\":\"ListItem\",\"position\":2,\"name\":\"Que inveja! &#8211; Tribuna do Norte\"}]},{\"@type\":\"WebSite\",\"@id\":\"https:\\\/\\\/ubirataonline.com.br\\\/#website\",\"url\":\"https:\\\/\\\/ubirataonline.com.br\\\/\",\"name\":\"Ubirat\u00e3 Online Not\u00edcias\",\"description\":\"Not\u00edcias de Ubirat\u00e3, regi\u00e3o, Brasil e mundo, com informa\u00e7\u00e3o atualizada e compromisso com o leitor.\",\"publisher\":{\"@id\":\"https:\\\/\\\/ubirataonline.com.br\\\/#organization\"},\"alternateName\":\"Ubirat\u00e3 Online\",\"potentialAction\":[{\"@type\":\"SearchAction\",\"target\":{\"@type\":\"EntryPoint\",\"urlTemplate\":\"https:\\\/\\\/ubirataonline.com.br\\\/?s={search_term_string}\"},\"query-input\":{\"@type\":\"PropertyValueSpecification\",\"valueRequired\":true,\"valueName\":\"search_term_string\"}}],\"inLanguage\":\"en-US\"},{\"@type\":[\"Organization\",\"Place\"],\"@id\":\"https:\\\/\\\/ubirataonline.com.br\\\/#organization\",\"name\":\"Ubirat\u00e3 Online Not\u00edcias\",\"alternateName\":\"Ubirat\u00e3 Online\",\"url\":\"https:\\\/\\\/ubirataonline.com.br\\\/\",\"logo\":{\"@id\":\"https:\\\/\\\/ubirataonline.com.br\\\/que-inveja-tribuna-do-norte\\\/#local-main-organization-logo\"},\"image\":{\"@id\":\"https:\\\/\\\/ubirataonline.com.br\\\/que-inveja-tribuna-do-norte\\\/#local-main-organization-logo\"},\"sameAs\":[\"https:\\\/\\\/www.facebook.com\\\/portalubirataonline\",\"https:\\\/\\\/x.com\\\/ubirataonline\",\"https:\\\/\\\/mastodon.social\\\/@ubirataonline\",\"https:\\\/\\\/www.facebook.com\\\/groups\\\/311144672285604\",\"https:\\\/\\\/www.facebook.com\\\/UBTAOnline\",\"https:\\\/\\\/www.instagram.com\\\/portalubirataonline\\\/\",\"https:\\\/\\\/twitter.com\\\/ubirataonline\"],\"description\":\"Somos um portal de not\u00edcias independente, criado em 5 de janeiro de 2009, com o objetivo de informar, conectar e valorizar a nossa comunidade de Ubirat\u00e3 e toda aregi\u00e3o. Com conte\u00fado atualizado, confi\u00e1vel e relevante, o Ubirat\u00e3 Online \u00e9 o seu espa\u00e7o para ficar por dentro dos principais acontecimentos locais, regionais, Brasil, Mundo e de interesse geral. Nosso compromisso \u00e9 com a verdade, a transpar\u00eancia e o respeito ao leitor.\",\"legalName\":\"UBIRATA ONLINE NOT\u00cdCIAS\",\"foundingDate\":\"2009-01-05\",\"numberOfEmployees\":{\"@type\":\"QuantitativeValue\",\"minValue\":\"1\",\"maxValue\":\"10\"},\"publishingPrinciples\":\"https:\\\/\\\/ubirataonline.com.br\\\/faq\\\/\",\"address\":{\"@id\":\"https:\\\/\\\/ubirataonline.com.br\\\/que-inveja-tribuna-do-norte\\\/#local-main-place-address\"},\"geo\":{\"@type\":\"GeoCoordinates\",\"latitude\":\"-24.5361401\",\"longitude\":\"-52.9921776\"},\"telephone\":[\"+5544998308235\"],\"contactPoint\":{\"@type\":\"ContactPoint\",\"email\":\"contato@ubirataonline.com.br\"},\"openingHoursSpecification\":{\"@type\":\"OpeningHoursSpecification\",\"dayOfWeek\":[\"Monday\",\"Tuesday\",\"Wednesday\",\"Thursday\",\"Friday\",\"Saturday\",\"Sunday\"],\"opens\":\"00:00\",\"closes\":\"23:59\"},\"email\":\"contato@ubirataonline.com.br\",\"vatID\":\"47.621.418\\\/0001-80\"},{\"@type\":\"Person\",\"@id\":\"https:\\\/\\\/ubirataonline.com.br\\\/#\\\/schema\\\/person\\\/372f87bbd3fdd79b8556b84c98d0bc1c\",\"name\":\"REDA\u00c7\u00c3O: UBIRAT\u00c3 ONLINE - F\u00c1BIO AUGUSTO CELESTINO\",\"pronouns\":\"Ele\",\"description\":\"Desde 2003 trabalhando com not\u00edcias.\",\"sameAs\":[\"http:\\\/\\\/ubirataoline.com.br\",\"https:\\\/\\\/www.facebook.com\\\/portalubirataonline\",\"https:\\\/\\\/www.instagram.com\\\/ubirataonline_oficial\",\"https:\\\/\\\/x.com\\\/x.com\\\/ubirataonline\"],\"honorificPrefix\":\"Mr.\",\"honorificSuffix\":\"MD\",\"birthDate\":\"1980-06-16\",\"gender\":\"masculino\",\"award\":[\"V\u00e1rios pr\u00eamios de melhor portal da cidade\"],\"jobTitle\":\"Diretor\",\"url\":\"https:\\\/\\\/ubirataonline.com.br\\\/en\\\/author\\\/ubirataonline\\\/\"},{\"@type\":\"PostalAddress\",\"@id\":\"https:\\\/\\\/ubirataonline.com.br\\\/que-inveja-tribuna-do-norte\\\/#local-main-place-address\",\"streetAddress\":\"Rua dos Coqueiros, 104 - Bairro Boa Vista, Rua dos Coqueiros, 104 Bairro Boa Vista\",\"addressLocality\":\"UBIRATA\",\"postalCode\":\"85440-000\",\"addressRegion\":\"PR\",\"addressCountry\":\"BR\"},{\"@type\":\"ImageObject\",\"inLanguage\":\"en-US\",\"@id\":\"https:\\\/\\\/ubirataonline.com.br\\\/que-inveja-tribuna-do-norte\\\/#local-main-organization-logo\",\"url\":\"https:\\\/\\\/ubirataonline.com.br\\\/wp-content\\\/uploads\\\/2026\\\/06\\\/logoubirataonline-1.webp\",\"contentUrl\":\"https:\\\/\\\/ubirataonline.com.br\\\/wp-content\\\/uploads\\\/2026\\\/06\\\/logoubirataonline-1.webp\",\"width\":500,\"height\":500,\"caption\":\"Ubirat\u00e3 Online Not\u00edcias\"}]}<\/script>\n<meta name=\"geo.placename\" content=\"UBIRATA\" \/>\n<meta name=\"geo.position\" content=\"-24.5361401;-52.9921776\" \/>\n<meta name=\"geo.region\" content=\"Brazil\" \/>\n<!-- \/ Yoast SEO Premium plugin. -->","yoast_head_json":{"title":"Que inveja! - Tribuna do Norte - Ubirat\u00e3 Online Not\u00edcias - A realidade ao seu alcance!","description":"Vicente Serejo Uma manh\u00e3 dessas, ainda cedo, precisei ir \u00e0 livraria do Campus da UFRN. Quando j\u00e1 descia a pequena ladeira que leva direto ao","robots":{"index":"index","follow":"follow","max-snippet":"max-snippet:-1","max-image-preview":"max-image-preview:large","max-video-preview":"max-video-preview:-1"},"canonical":"https:\/\/ubirataonline.com.br\/en\/que-inveja-tribuna-do-norte\/","og_locale":"en_US","og_type":"article","og_title":"Que inveja! - Tribuna do Norte","og_description":"Vicente Serejo Uma manh\u00e3 dessas, ainda cedo, precisei ir \u00e0 livraria do Campus da UFRN. Quando j\u00e1 descia a pequena ladeira que leva direto ao","og_url":"https:\/\/ubirataonline.com.br\/en\/que-inveja-tribuna-do-norte\/","og_site_name":"Ubirat\u00e3 Online Not\u00edcias - A realidade ao seu alcance!","article_publisher":"https:\/\/www.facebook.com\/portalubirataonline","article_author":"https:\/\/www.facebook.com\/portalubirataonline","article_published_time":"2026-01-28T11:24:29+00:00","article_modified_time":"2026-01-28T11:24:30+00:00","og_image":[{"width":1028,"height":685,"url":"https:\/\/ubirataonline.com.br\/wp-content\/uploads\/2026\/01\/Que-inveja-Tribuna-do-Norte.jpg","type":"image\/jpeg"}],"author":"REDA\u00c7\u00c3O: UBIRAT\u00c3 ONLINE - F\u00c1BIO AUGUSTO CELESTINO","twitter_card":"summary_large_image","twitter_creator":"@x.com\/ubirataonline","twitter_site":"@ubirataonline","twitter_misc":{"Written by":"REDA\u00c7\u00c3O: UBIRAT\u00c3 ONLINE - F\u00c1BIO AUGUSTO CELESTINO","Est. reading time":"5 minutes"},"schema":{"@context":"https:\/\/schema.org","@graph":[{"@type":"NewsArticle","@id":"https:\/\/ubirataonline.com.br\/que-inveja-tribuna-do-norte\/#article","isPartOf":{"@id":"https:\/\/ubirataonline.com.br\/que-inveja-tribuna-do-norte\/"},"author":{"name":"REDA\u00c7\u00c3O: UBIRAT\u00c3 ONLINE - F\u00c1BIO AUGUSTO CELESTINO","@id":"https:\/\/ubirataonline.com.br\/#\/schema\/person\/372f87bbd3fdd79b8556b84c98d0bc1c"},"headline":"Que inveja! &#8211; Tribuna do Norte","datePublished":"2026-01-28T11:24:29+00:00","dateModified":"2026-01-28T11:24:30+00:00","mainEntityOfPage":{"@id":"https:\/\/ubirataonline.com.br\/que-inveja-tribuna-do-norte\/"},"wordCount":1019,"publisher":{"@id":"https:\/\/ubirataonline.com.br\/#organization"},"image":{"@id":"https:\/\/ubirataonline.com.br\/que-inveja-tribuna-do-norte\/#primaryimage"},"thumbnailUrl":"https:\/\/ubirataonline.com.br\/wp-content\/uploads\/2026\/01\/Que-inveja-Tribuna-do-Norte.jpg","keywords":["inveja","Norte","Tribuna"],"articleSection":["Brasil"],"inLanguage":"en-US","copyrightYear":"2026","copyrightHolder":{"@id":"https:\/\/ubirataonline.com.br\/en\/#organization"}},{"@type":"WebPage","@id":"https:\/\/ubirataonline.com.br\/que-inveja-tribuna-do-norte\/","url":"https:\/\/ubirataonline.com.br\/que-inveja-tribuna-do-norte\/","name":"Que inveja! - Tribuna do Norte - Ubirat\u00e3 Online Not\u00edcias - A realidade ao seu alcance!","isPartOf":{"@id":"https:\/\/ubirataonline.com.br\/#website"},"primaryImageOfPage":{"@id":"https:\/\/ubirataonline.com.br\/que-inveja-tribuna-do-norte\/#primaryimage"},"image":{"@id":"https:\/\/ubirataonline.com.br\/que-inveja-tribuna-do-norte\/#primaryimage"},"thumbnailUrl":"https:\/\/ubirataonline.com.br\/wp-content\/uploads\/2026\/01\/Que-inveja-Tribuna-do-Norte.jpg","datePublished":"2026-01-28T11:24:29+00:00","dateModified":"2026-01-28T11:24:30+00:00","description":"Vicente Serejo Uma manh\u00e3 dessas, ainda cedo, precisei ir \u00e0 livraria do Campus da UFRN. Quando j\u00e1 descia a pequena ladeira que leva direto ao","breadcrumb":{"@id":"https:\/\/ubirataonline.com.br\/que-inveja-tribuna-do-norte\/#breadcrumb"},"inLanguage":"en-US","potentialAction":[{"@type":"ReadAction","target":["https:\/\/ubirataonline.com.br\/que-inveja-tribuna-do-norte\/"]}]},{"@type":"ImageObject","inLanguage":"en-US","@id":"https:\/\/ubirataonline.com.br\/que-inveja-tribuna-do-norte\/#primaryimage","url":"https:\/\/ubirataonline.com.br\/wp-content\/uploads\/2026\/01\/Que-inveja-Tribuna-do-Norte.jpg","contentUrl":"https:\/\/ubirataonline.com.br\/wp-content\/uploads\/2026\/01\/Que-inveja-Tribuna-do-Norte.jpg","width":1028,"height":685,"caption":"Que inveja! - Tribuna do Norte"},{"@type":"BreadcrumbList","@id":"https:\/\/ubirataonline.com.br\/que-inveja-tribuna-do-norte\/#breadcrumb","itemListElement":[{"@type":"ListItem","position":1,"name":"In\u00edcio","item":"https:\/\/ubirataonline.com.br\/"},{"@type":"ListItem","position":2,"name":"Que inveja! &#8211; Tribuna do Norte"}]},{"@type":"WebSite","@id":"https:\/\/ubirataonline.com.br\/#website","url":"https:\/\/ubirataonline.com.br\/","name":"Ubirat\u00e3 Online Not\u00edcias","description":"Not\u00edcias de Ubirat\u00e3, regi\u00e3o, Brasil e mundo, com informa\u00e7\u00e3o atualizada e compromisso com o leitor.","publisher":{"@id":"https:\/\/ubirataonline.com.br\/#organization"},"alternateName":"Ubirat\u00e3 Online","potentialAction":[{"@type":"SearchAction","target":{"@type":"EntryPoint","urlTemplate":"https:\/\/ubirataonline.com.br\/?s={search_term_string}"},"query-input":{"@type":"PropertyValueSpecification","valueRequired":true,"valueName":"search_term_string"}}],"inLanguage":"en-US"},{"@type":["Organization","Place"],"@id":"https:\/\/ubirataonline.com.br\/#organization","name":"Ubirat\u00e3 Online Not\u00edcias","alternateName":"Ubirat\u00e3 Online","url":"https:\/\/ubirataonline.com.br\/","logo":{"@id":"https:\/\/ubirataonline.com.br\/que-inveja-tribuna-do-norte\/#local-main-organization-logo"},"image":{"@id":"https:\/\/ubirataonline.com.br\/que-inveja-tribuna-do-norte\/#local-main-organization-logo"},"sameAs":["https:\/\/www.facebook.com\/portalubirataonline","https:\/\/x.com\/ubirataonline","https:\/\/mastodon.social\/@ubirataonline","https:\/\/www.facebook.com\/groups\/311144672285604","https:\/\/www.facebook.com\/UBTAOnline","https:\/\/www.instagram.com\/portalubirataonline\/","https:\/\/twitter.com\/ubirataonline"],"description":"Somos um portal de not\u00edcias independente, criado em 5 de janeiro de 2009, com o objetivo de informar, conectar e valorizar a nossa comunidade de Ubirat\u00e3 e toda aregi\u00e3o. Com conte\u00fado atualizado, confi\u00e1vel e relevante, o Ubirat\u00e3 Online \u00e9 o seu espa\u00e7o para ficar por dentro dos principais acontecimentos locais, regionais, Brasil, Mundo e de interesse geral. Nosso compromisso \u00e9 com a verdade, a transpar\u00eancia e o respeito ao leitor.","legalName":"UBIRATA ONLINE NOT\u00cdCIAS","foundingDate":"2009-01-05","numberOfEmployees":{"@type":"QuantitativeValue","minValue":"1","maxValue":"10"},"publishingPrinciples":"https:\/\/ubirataonline.com.br\/faq\/","address":{"@id":"https:\/\/ubirataonline.com.br\/que-inveja-tribuna-do-norte\/#local-main-place-address"},"geo":{"@type":"GeoCoordinates","latitude":"-24.5361401","longitude":"-52.9921776"},"telephone":["+5544998308235"],"contactPoint":{"@type":"ContactPoint","email":"contato@ubirataonline.com.br"},"openingHoursSpecification":{"@type":"OpeningHoursSpecification","dayOfWeek":["Monday","Tuesday","Wednesday","Thursday","Friday","Saturday","Sunday"],"opens":"00:00","closes":"23:59"},"email":"contato@ubirataonline.com.br","vatID":"47.621.418\/0001-80"},{"@type":"Person","@id":"https:\/\/ubirataonline.com.br\/#\/schema\/person\/372f87bbd3fdd79b8556b84c98d0bc1c","name":"REDA\u00c7\u00c3O: UBIRAT\u00c3 ONLINE - F\u00c1BIO AUGUSTO CELESTINO","pronouns":"Ele","description":"Desde 2003 trabalhando com not\u00edcias.","sameAs":["http:\/\/ubirataoline.com.br","https:\/\/www.facebook.com\/portalubirataonline","https:\/\/www.instagram.com\/ubirataonline_oficial","https:\/\/x.com\/x.com\/ubirataonline"],"honorificPrefix":"Mr.","honorificSuffix":"MD","birthDate":"1980-06-16","gender":"masculino","award":["V\u00e1rios pr\u00eamios de melhor portal da cidade"],"jobTitle":"Diretor","url":"https:\/\/ubirataonline.com.br\/en\/author\/ubirataonline\/"},{"@type":"PostalAddress","@id":"https:\/\/ubirataonline.com.br\/que-inveja-tribuna-do-norte\/#local-main-place-address","streetAddress":"Rua dos Coqueiros, 104 - Bairro Boa Vista, Rua dos Coqueiros, 104 Bairro Boa Vista","addressLocality":"UBIRATA","postalCode":"85440-000","addressRegion":"PR","addressCountry":"BR"},{"@type":"ImageObject","inLanguage":"en-US","@id":"https:\/\/ubirataonline.com.br\/que-inveja-tribuna-do-norte\/#local-main-organization-logo","url":"https:\/\/ubirataonline.com.br\/wp-content\/uploads\/2026\/06\/logoubirataonline-1.webp","contentUrl":"https:\/\/ubirataonline.com.br\/wp-content\/uploads\/2026\/06\/logoubirataonline-1.webp","width":500,"height":500,"caption":"Ubirat\u00e3 Online Not\u00edcias"}]},"geo.placename":"UBIRATA","geo.position":{"lat":"-24.5361401","long":"-52.9921776"},"geo.region":"Brazil"},"_links":{"self":[{"href":"https:\/\/ubirataonline.com.br\/en\/wp-json\/wp\/v2\/posts\/82821","targetHints":{"allow":["GET"]}}],"collection":[{"href":"https:\/\/ubirataonline.com.br\/en\/wp-json\/wp\/v2\/posts"}],"about":[{"href":"https:\/\/ubirataonline.com.br\/en\/wp-json\/wp\/v2\/types\/post"}],"author":[{"embeddable":true,"href":"https:\/\/ubirataonline.com.br\/en\/wp-json\/wp\/v2\/users\/1"}],"replies":[{"embeddable":true,"href":"https:\/\/ubirataonline.com.br\/en\/wp-json\/wp\/v2\/comments?post=82821"}],"version-history":[{"count":0,"href":"https:\/\/ubirataonline.com.br\/en\/wp-json\/wp\/v2\/posts\/82821\/revisions"}],"wp:featuredmedia":[{"embeddable":true,"href":"https:\/\/ubirataonline.com.br\/en\/wp-json\/wp\/v2\/media\/82822"}],"wp:attachment":[{"href":"https:\/\/ubirataonline.com.br\/en\/wp-json\/wp\/v2\/media?parent=82821"}],"wp:term":[{"taxonomy":"category","embeddable":true,"href":"https:\/\/ubirataonline.com.br\/en\/wp-json\/wp\/v2\/categories?post=82821"},{"taxonomy":"post_tag","embeddable":true,"href":"https:\/\/ubirataonline.com.br\/en\/wp-json\/wp\/v2\/tags?post=82821"}],"curies":[{"name":"wp","href":"https:\/\/api.w.org\/{rel}","templated":true}]}}