{"id":83110,"date":"2026-01-29T09:56:27","date_gmt":"2026-01-29T12:56:27","guid":{"rendered":"https:\/\/ubirataonline.com.br\/choveu-alagou-trecho-problematico-de-curitiba-tem-novo-alagamento-apos-temporal\/"},"modified":"2026-01-29T09:56:29","modified_gmt":"2026-01-29T12:56:29","slug":"choveu-alagou-trecho-problematico-de-curitiba-tem-novo-alagamento-apos-temporal","status":"publish","type":"post","link":"https:\/\/ubirataonline.com.br\/en\/choveu-alagou-trecho-problematico-de-curitiba-tem-novo-alagamento-apos-temporal\/","title":{"rendered":"Choveu, alagou! Trecho problem\u00e1tico de Curitiba tem novo alagamento ap\u00f3s temporal"},"content":{"rendered":"<p><\/p>\n<div id=\"post-content\">\n<p>A <strong>chuva forte em Curitiba<\/strong>, ao longo desta madrugada, provocou alagamento na trincheira do Sabar\u00e1, no bairro Cidade Industrial de Curitiba. O trecho no cruzamento da Avenida Juscelino Kubitschek de Oliveira com a Rua Senador Accioly Filho permanecia alagado at\u00e9 as 8h, dificultando a passagem de ve\u00edculos e pedestres. Na manh\u00e3 desta quinta-feira (29\/01) estava dif\u00edcil passar pelo local<\/p>\n<p>A regi\u00e3o \u00e9 conhecida pelos recorrentes pontos de alagamento em dias de chuva forte. O local \u00e9 rota frequente de caminh\u00f5es, \u00f4nibus e moradores, o que amplia os transtornos. Para seguir o trajeto, pedestres precisaram desviar por ruas pr\u00f3ximas ou se arriscar escalando muros de empresas da regi\u00e3o.<\/p>\n<p>O trecho e ainda famoso por <a href=\"https:\/\/www.tribunapr.com.br\/noticias\/curitiba-regiao\/alagamento-arranca-placas-de-carros-em-avenida-de-curitiba\/\">conta das placas que os motoristas perdem<\/a> sempre que tentam ultrapassar o trecho alagado.<\/p>\n<figure class=\"wp-block-gallery has-nested-images columns-default is-cropped wp-block-gallery-1 is-layout-flex wp-block-gallery-is-layout-flex\">\n<figure class=\"wp-block-image size-large\"><figcaption class=\"wp-element-caption\">Foto: Reprodu\u00e7\u00e3o\/Bom Dia Paran\u00e1\/ RPC.<\/figcaption><\/figure>\n<figure class=\"wp-block-image size-large\"><img loading=\"lazy\" decoding=\"async\" width=\"1200\" height=\"800\" data-id=\"3698155\" src=\"https:\/\/www.tribunapr.com.br\/wp-content\/uploads\/2026\/01\/29083322\/alagamento-em-curitiba.jpg\" alt=\"Imagem mostra um trecho de alagamento no CIC, em Curitiba.\" class=\"wp-image-3698155\" srcset=\"https:\/\/www.tribunapr.com.br\/wp-content\/uploads\/2026\/01\/29083322\/alagamento-em-curitiba.jpg 1200w, https:\/\/www.tribunapr.com.br\/wp-content\/uploads\/2026\/01\/29083322\/alagamento-em-curitiba-257x171.jpg 257w, https:\/\/www.tribunapr.com.br\/wp-content\/uploads\/2026\/01\/29083322\/alagamento-em-curitiba-864x576.jpg 864w, https:\/\/www.tribunapr.com.br\/wp-content\/uploads\/2026\/01\/29083322\/alagamento-em-curitiba-150x100.jpg 150w\" sizes=\"auto, (max-width: 1200px) 100vw, 1200px\"\/><figcaption class=\"wp-element-caption\">Foto: Reprodu\u00e7\u00e3o\/Bom Dia Paran\u00e1\/ RPC.<\/figcaption><\/figure>\n<figure class=\"wp-block-image size-large\"><img loading=\"lazy\" decoding=\"async\" width=\"1200\" height=\"800\" data-id=\"3698153\" src=\"https:\/\/www.tribunapr.com.br\/wp-content\/uploads\/2026\/01\/29083316\/alagamento-em-curitiba-3.jpg\" alt=\"Imagem mostra um trecho de alagamento no CIC, em Curitiba.\" class=\"wp-image-3698153\" srcset=\"https:\/\/www.tribunapr.com.br\/wp-content\/uploads\/2026\/01\/29083316\/alagamento-em-curitiba-3.jpg 1200w, https:\/\/www.tribunapr.com.br\/wp-content\/uploads\/2026\/01\/29083316\/alagamento-em-curitiba-3-257x171.jpg 257w, https:\/\/www.tribunapr.com.br\/wp-content\/uploads\/2026\/01\/29083316\/alagamento-em-curitiba-3-864x576.jpg 864w, https:\/\/www.tribunapr.com.br\/wp-content\/uploads\/2026\/01\/29083316\/alagamento-em-curitiba-3-150x100.jpg 150w\" sizes=\"auto, (max-width: 1200px) 100vw, 1200px\"\/><figcaption class=\"wp-element-caption\">Foto: Reprodu\u00e7\u00e3o\/Bom Dia Paran\u00e1\/ RPC.<\/figcaption><\/figure>\n<\/figure>\n<p>Segundo informa\u00e7\u00f5es exibidas no Bom Dia Paran\u00e1, da RPC TV, o volume de \u00e1gua chegou a arrancar placas de sinaliza\u00e7\u00e3o. Pelo menos seis carros ficaram parados no trecho e precisaram ser empurrados para conseguir atravessar a \u00e1rea alagada.<\/p>\n<p>Enquanto a \u00e1gua n\u00e3o escoa completamente, o tr\u00e2nsito segue lento no entorno da trincheira. De acordo com dados do Sistema de Tecnologia e Monitoramento Ambiental do Paran\u00e1 (Simepar), a esta\u00e7\u00e3o meteorol\u00f3gica do Umbar\u00e1 registrou 55 mil\u00edmetros de chuva.\u00a0<\/p>\n<p>A <a href=\"http:\/\/www.tribunapr.com.br\/noticias\/curitiba-regiao\/alerta-laranja-de-chuva-intensa-atinge-curitiba-e-parana-previsao-do-tempo-completa\/\">previs\u00e3o do tempo indica que a instabilidade deve continuar ao longo do dia<\/a>, mantendo o risco de novos alagamentos em diferentes pontos da capital.<\/p>\n<p><strong>E a\u00ed, prefeitura?<\/strong><\/p>\n<p>A Tribuna cobrou a prefeitura de Curitiba sobre uma solu\u00e7\u00e3o para este problema recorrente na cidade. A administra\u00e7\u00e3o confirmou que a trincheira do bairro Sabar\u00e1, na marginal Juscelino Kubitschek de Oliveira, na regi\u00e3o Sul de Curitiba, \u00e1rea sob concess\u00e3o da Via Arauc\u00e1ria, registra alagamentos recorrentes em dias de chuva forte. <\/p>\n<p>\u201cComo parte da estrutura \u00e9 compartilhada com o munic\u00edpio, a Prefeitura de Curitiba vai executar uma interven\u00e7\u00e3o necess\u00e1ria para garantir a seguran\u00e7a dos motoristas. A solu\u00e7\u00e3o t\u00e9cnica definida pela Secretaria Municipal de Obras P\u00fablicas (Smop) envolve uma obra de macrodrenagem, com a amplia\u00e7\u00e3o da galeria pluvial e o direcionamento das \u00e1guas para um c\u00f3rrego pr\u00f3ximo. O projeto j\u00e1 foi elaborado pela Prefeitura ap\u00f3s tratativas com a concession\u00e1ria\u201d, diz a nota.<\/p>\n<p><strong>E quando a obra come\u00e7a?<\/strong> Segundo a prefeitura de Curitiba, o in\u00edcio da obra aguarda a conclus\u00e3o do processo licita\u00e7\u00e3o, com previs\u00e3o de que os trabalhos iniciem no final de fevereiro\/mar\u00e7o, com cerca de tr\u00eas meses de execu\u00e7\u00e3o, dependendo das condi\u00e7\u00f5es clim\u00e1ticas. \u201cA interven\u00e7\u00e3o inclui a implanta\u00e7\u00e3o de uma nova rede de drenagem pelas ruas Senador Accyoli Filho e Ricardo Em\u00edlio Michel, al\u00e9m da recomposi\u00e7\u00e3o completa do pavimento e das cal\u00e7adas\u201d, diz a nota.<\/p>\n<p><strong>Manda pra Tribuna!<\/strong><\/p>\n<p><em>Voc\u00ea conhece pessoas que fazem coisas incr\u00edveis, viu alguma irregularidade na sua regi\u00e3o? Quer mandar uma foto, v\u00eddeo ou fazer uma den\u00fancia? Entre em contato com a gente pelo WhatsApp dos Ca\u00e7adores de Not\u00edcias, pelo n\u00famero (41) 9 9683-9504. Ah, quando falar com a gente, conte sobre essa mat\u00e9ria aqui! &#x1f609;<\/em><\/p>\n<section class=\"virals\">\n<article class=\"cardnews cardnews--post cardnews--has-thumbnail cardnews--editorial-noticias\"> <a href=\"https:\/\/www.tribunapr.com.br\/noticias\/curitiba-regiao\/contas-no-inicio-do-ano-desafiam-familias-saiba-como-equilibrar-os-gastos\/?utm_source=noticias-virais-rodape&amp;utm_medium=internal-tribuna&amp;utm_campaign=tribuna\" class=\"cardnews__postlink\"> <\/p>\n<div class=\"cardnews__image\" is-api-thumb=\"\"><img decoding=\"async\" src=\"https:\/\/www.tribunapr.com.br\/wp-content\/uploads\/2026\/01\/14204403\/Depositphotos_46203397_XL-370x210.jpg\" loading=\"lazy\" alt=\"Descubra como pagar IPTU, IPVA e escola sem sufocar seu bolso\"\/><\/div>\n<div class=\"cardnews__content cardhome__content\">\n<div class=\"cardnews__content-wrapper\">\n<p> <span style=\"\"> IPTU, IPVA&#8230; <\/span> <\/p>\n<p>Descubra como pagar IPTU, IPVA e escola sem sufocar seu bolso<\/p>\n<\/p><\/div>\n<\/p><\/div>\n<p> <\/a> <\/article>\n<article class=\"cardnews cardnews--post cardnews--has-thumbnail cardnews--editorial-noticias\"> <a href=\"https:\/\/www.tribunapr.com.br\/noticias\/brasil\/jeito-errado-de-usar-a-geladeira-pode-custar-alto-na-conta-de-luz\/?utm_source=noticias-virais-rodape&amp;utm_medium=internal-tribuna&amp;utm_campaign=tribuna\" class=\"cardnews__postlink\"> <\/p>\n<div class=\"cardnews__image\" is-api-thumb=\"\"><img decoding=\"async\" src=\"https:\/\/www.tribunapr.com.br\/wp-content\/uploads\/2026\/01\/14114224\/geladeira-370x210.jpg\" loading=\"lazy\" alt=\"Erro comum com geladeira pode explodir sua conta de luz\"\/><\/div>\n<div class=\"cardnews__content cardhome__content\">\n<div class=\"cardnews__content-wrapper\">\n<p> <span style=\"\"> Economia <\/span> <\/p>\n<p>Erro comum com geladeira pode explodir sua conta de luz<\/p>\n<\/p><\/div>\n<\/p><\/div>\n<p> <\/a> <\/article>\n<article class=\"cardnews cardnews--post cardnews--has-thumbnail cardnews--editorial-noticias\"> <a href=\"https:\/\/www.tribunapr.com.br\/blogs\/cacador-de-boteco\/em-curitiba-madeira-chope-e-encontros-dao-forma-ao-celeiro-do-malte\/?utm_source=noticias-virais-rodape&amp;utm_medium=internal-tribuna&amp;utm_campaign=tribuna\" class=\"cardnews__postlink\"> <\/p>\n<div class=\"cardnews__image\" is-api-thumb=\"\"><img decoding=\"async\" src=\"https:\/\/www.tribunapr.com.br\/wp-content\/uploads\/2022\/10\/15074047\/celeiro-do-malte-2-370x210.jpg\" loading=\"lazy\" alt=\"Este bar r\u00fastico em Curitiba virou sensa\u00e7\u00e3o entre cervejeiros\"\/><\/div>\n<div class=\"cardnews__content cardhome__content\">\n<div class=\"cardnews__content-wrapper\">\n<p> <span style=\"\"> Ca\u00e7ador de Boteco <\/span> <\/p>\n<p>Este bar r\u00fastico em Curitiba virou sensa\u00e7\u00e3o entre cervejeiros<\/p>\n<\/p><\/div>\n<\/p><\/div>\n<p> <\/a> <\/article>\n<\/section>\n<div id=\"tribuna-follow-cta\">\n<p> <span class=\"cta-title\">Siga a <span class=\"tribuna-color\">Tribuna<\/span> no Google, e acompanhe as \u00faltimas not\u00edcias de Curitiba e regi\u00e3o!<\/span> <\/p>\n<p> <a href=\"https:\/\/profile.google.com\/cp\/CgwvZy8xMmxxajUzM3Mac2h0dHBzOi8vd3d3LnRyaWJ1bmFwci5jb20uYnIvdml2YS92aXRyaW5lL2dpZ2FudGUtZG8tdmVzdHVhcmlvLXJlaW5hdWd1cmEtbG9qYS1lbS1zaG9wcGluZy10cmFkaWNpb25hbC1kZS1jdXJpdGliYS8iElRyaWJ1bmEgZG8gUGFyYW7DoSqAAwrHAWh0dHBzOi8vZW5jcnlwdGVkLXRibjIuZ3N0YXRpYy5jb20vZmF2aWNvbi10Ym4_cT10Ym46QU5kOUdjUVJPbjVDRjR6TzJPbkUwTXZrRlRCRTY2U0g1bGlaVDRaZTV3bWNKeU5GRm1BSnluM01nNU9PR3BXY1pYMzZwYU5HUWtsZ09JVEFLTTNNZVNGbTc1aWp6M3k2ajUtQ3M2b25kX2JUcFFQQkVLd3RsUjBsTmJESnUtVHhrNXQtbFlCNlVpOWZSVVFjT2cSswFodHRwczovL2VuY3J5cHRlZC10Ym4zLmdzdGF0aWMuY29tL2Zhdmljb24tdGJuP3E9dGJuJTNBQU5kOUdjU0FMaWJ2eFF0YXdFMFRueVdWWmVKRS1MZEdRZjVTUi1OZ2RMazhyZzIwVy1nM0JuQ1F4VDNKZFBjRXR2THdBeVRxUDJEdHVycEdVR29CQkxpYzM5al9wSmFxRERaMHNCYW05WEVhSGVsMmZTQmdKdlF4WWVyMw\" target=\"_blank\" title=\"Seguir a Tribuna no Google\">  <\/a> <\/div>\n<\/p><\/div>\n<p><a href=\"https:\/\/www.tribunapr.com.br\/noticias\/curitiba-regiao\/choveu-alagou-trecho-problematico-de-curitiba-tem-novo-alagamento-apos-temporal\/\">Source link <\/a><\/p>","protected":false},"excerpt":{"rendered":"<p>A chuva forte em Curitiba, ao longo desta madrugada, provocou alagamento na trincheira do Sabar\u00e1, no bairro Cidade Industrial de Curitiba. O trecho no cruzamento da Avenida Juscelino Kubitschek de Oliveira com a Rua Senador Accioly Filho permanecia alagado at\u00e9 as 8h, dificultando a passagem de ve\u00edculos e pedestres. Na manh\u00e3 desta quinta-feira (29\/01) estava [&hellip;]<\/p>\n","protected":false},"author":1,"featured_media":83111,"comment_status":"closed","ping_status":"","sticky":false,"template":"","format":"standard","meta":{"googlesitekit_rrm_CAow2JLhCw:productID":"","_gspb_post_css":"","maa_idioma":"","maa_pais":"","footnotes":""},"categories":[1],"tags":[16388,16386,3140,16385,151,4363,16387,3208,5205,7184],"class_list":["post-83110","post","type-post","status-publish","format-standard","has-post-thumbnail","hentry","category-ubirata","tag-alagamento","tag-alagou","tag-apos","tag-choveu","tag-curitiba","tag-novo","tag-problematico","tag-tem","tag-temporal","tag-trecho"],"blocksy_meta":[],"yoast_head":"<!-- This site is optimized with the Yoast SEO Premium plugin v27.6 (Yoast SEO v27.6) - https:\/\/yoast.com\/product\/yoast-seo-premium-wordpress\/ -->\n<title>Choveu, alagou! Trecho problem\u00e1tico de Curitiba tem novo alagamento ap\u00f3s temporal - Ubirat\u00e3 Online Not\u00edcias - A realidade ao seu alcance!<\/title>\n<meta name=\"description\" content=\"A chuva forte em Curitiba, ao longo desta madrugada, provocou alagamento na trincheira do Sabar\u00e1, no bairro Cidade Industrial de Curitiba. O trecho no\" \/>\n<meta name=\"robots\" content=\"index, follow, max-snippet:-1, max-image-preview:large, max-video-preview:-1\" \/>\n<link rel=\"canonical\" href=\"https:\/\/ubirataonline.com.br\/en\/choveu-alagou-trecho-problematico-de-curitiba-tem-novo-alagamento-apos-temporal\/\" \/>\n<meta property=\"og:locale\" content=\"en_US\" \/>\n<meta property=\"og:type\" content=\"article\" \/>\n<meta property=\"og:title\" content=\"Choveu, alagou! Trecho problem\u00e1tico de Curitiba tem novo alagamento ap\u00f3s temporal\" \/>\n<meta property=\"og:description\" content=\"A chuva forte em Curitiba, ao longo desta madrugada, provocou alagamento na trincheira do Sabar\u00e1, no bairro Cidade Industrial de Curitiba. O trecho no\" \/>\n<meta property=\"og:url\" content=\"https:\/\/ubirataonline.com.br\/en\/choveu-alagou-trecho-problematico-de-curitiba-tem-novo-alagamento-apos-temporal\/\" \/>\n<meta property=\"og:site_name\" content=\"Ubirat\u00e3 Online Not\u00edcias - A realidade ao seu alcance!\" \/>\n<meta property=\"article:publisher\" content=\"https:\/\/www.facebook.com\/portalubirataonline\" \/>\n<meta property=\"article:author\" content=\"https:\/\/www.facebook.com\/portalubirataonline\" \/>\n<meta property=\"article:published_time\" content=\"2026-01-29T12:56:27+00:00\" \/>\n<meta property=\"article:modified_time\" content=\"2026-01-29T12:56:29+00:00\" \/>\n<meta property=\"og:image\" content=\"https:\/\/ubirataonline.com.br\/wp-content\/uploads\/2026\/01\/Choveu-alagou-Trecho-problematico-de-Curitiba-tem-novo-alagamento-apos.jpg\" \/>\n\t<meta property=\"og:image:width\" content=\"1200\" \/>\n\t<meta property=\"og:image:height\" content=\"800\" \/>\n\t<meta property=\"og:image:type\" content=\"image\/jpeg\" \/>\n<meta name=\"author\" content=\"REDA\u00c7\u00c3O: UBIRAT\u00c3 ONLINE - F\u00c1BIO AUGUSTO CELESTINO\" \/>\n<meta name=\"twitter:card\" content=\"summary_large_image\" \/>\n<meta name=\"twitter:creator\" content=\"@x.com\/ubirataonline\" \/>\n<meta name=\"twitter:site\" content=\"@ubirataonline\" \/>\n<meta name=\"twitter:label1\" content=\"Written by\" \/>\n\t<meta name=\"twitter:data1\" content=\"REDA\u00c7\u00c3O: UBIRAT\u00c3 ONLINE - F\u00c1BIO AUGUSTO CELESTINO\" \/>\n\t<meta name=\"twitter:label2\" content=\"Est. reading time\" \/>\n\t<meta name=\"twitter:data2\" content=\"3 minutes\" \/>\n<script type=\"application\/ld+json\" class=\"yoast-schema-graph\">{\"@context\":\"https:\\\/\\\/schema.org\",\"@graph\":[{\"@type\":\"NewsArticle\",\"@id\":\"https:\\\/\\\/ubirataonline.com.br\\\/choveu-alagou-trecho-problematico-de-curitiba-tem-novo-alagamento-apos-temporal\\\/#article\",\"isPartOf\":{\"@id\":\"https:\\\/\\\/ubirataonline.com.br\\\/choveu-alagou-trecho-problematico-de-curitiba-tem-novo-alagamento-apos-temporal\\\/\"},\"author\":{\"name\":\"REDA\u00c7\u00c3O: UBIRAT\u00c3 ONLINE - F\u00c1BIO AUGUSTO CELESTINO\",\"@id\":\"https:\\\/\\\/ubirataonline.com.br\\\/#\\\/schema\\\/person\\\/372f87bbd3fdd79b8556b84c98d0bc1c\"},\"headline\":\"Choveu, alagou! Trecho problem\u00e1tico de Curitiba tem novo alagamento ap\u00f3s temporal\",\"datePublished\":\"2026-01-29T12:56:27+00:00\",\"dateModified\":\"2026-01-29T12:56:29+00:00\",\"mainEntityOfPage\":{\"@id\":\"https:\\\/\\\/ubirataonline.com.br\\\/choveu-alagou-trecho-problematico-de-curitiba-tem-novo-alagamento-apos-temporal\\\/\"},\"wordCount\":620,\"publisher\":{\"@id\":\"https:\\\/\\\/ubirataonline.com.br\\\/#organization\"},\"image\":{\"@id\":\"https:\\\/\\\/ubirataonline.com.br\\\/choveu-alagou-trecho-problematico-de-curitiba-tem-novo-alagamento-apos-temporal\\\/#primaryimage\"},\"thumbnailUrl\":\"https:\\\/\\\/ubirataonline.com.br\\\/wp-content\\\/uploads\\\/2026\\\/01\\\/Choveu-alagou-Trecho-problematico-de-Curitiba-tem-novo-alagamento-apos.jpg\",\"keywords\":[\"alagamento\",\"alagou\",\"ap\u00f3s\",\"Choveu\",\"Curitiba\",\"Novo\",\"problem\u00e1tico\",\"tem\",\"Temporal\",\"trecho\"],\"articleSection\":[\"Ubirat\u00e3\"],\"inLanguage\":\"en-US\",\"copyrightYear\":\"2026\",\"copyrightHolder\":{\"@id\":\"https:\\\/\\\/ubirataonline.com.br\\\/en\\\/#organization\"}},{\"@type\":\"WebPage\",\"@id\":\"https:\\\/\\\/ubirataonline.com.br\\\/choveu-alagou-trecho-problematico-de-curitiba-tem-novo-alagamento-apos-temporal\\\/\",\"url\":\"https:\\\/\\\/ubirataonline.com.br\\\/choveu-alagou-trecho-problematico-de-curitiba-tem-novo-alagamento-apos-temporal\\\/\",\"name\":\"Choveu, alagou! Trecho problem\u00e1tico de Curitiba tem novo alagamento ap\u00f3s temporal - Ubirat\u00e3 Online Not\u00edcias - A realidade ao seu alcance!\",\"isPartOf\":{\"@id\":\"https:\\\/\\\/ubirataonline.com.br\\\/#website\"},\"primaryImageOfPage\":{\"@id\":\"https:\\\/\\\/ubirataonline.com.br\\\/choveu-alagou-trecho-problematico-de-curitiba-tem-novo-alagamento-apos-temporal\\\/#primaryimage\"},\"image\":{\"@id\":\"https:\\\/\\\/ubirataonline.com.br\\\/choveu-alagou-trecho-problematico-de-curitiba-tem-novo-alagamento-apos-temporal\\\/#primaryimage\"},\"thumbnailUrl\":\"https:\\\/\\\/ubirataonline.com.br\\\/wp-content\\\/uploads\\\/2026\\\/01\\\/Choveu-alagou-Trecho-problematico-de-Curitiba-tem-novo-alagamento-apos.jpg\",\"datePublished\":\"2026-01-29T12:56:27+00:00\",\"dateModified\":\"2026-01-29T12:56:29+00:00\",\"description\":\"A chuva forte em Curitiba, ao longo desta madrugada, provocou alagamento na trincheira do Sabar\u00e1, no bairro Cidade Industrial de Curitiba. O trecho no\",\"breadcrumb\":{\"@id\":\"https:\\\/\\\/ubirataonline.com.br\\\/choveu-alagou-trecho-problematico-de-curitiba-tem-novo-alagamento-apos-temporal\\\/#breadcrumb\"},\"inLanguage\":\"en-US\",\"potentialAction\":[{\"@type\":\"ReadAction\",\"target\":[\"https:\\\/\\\/ubirataonline.com.br\\\/choveu-alagou-trecho-problematico-de-curitiba-tem-novo-alagamento-apos-temporal\\\/\"]}]},{\"@type\":\"ImageObject\",\"inLanguage\":\"en-US\",\"@id\":\"https:\\\/\\\/ubirataonline.com.br\\\/choveu-alagou-trecho-problematico-de-curitiba-tem-novo-alagamento-apos-temporal\\\/#primaryimage\",\"url\":\"https:\\\/\\\/ubirataonline.com.br\\\/wp-content\\\/uploads\\\/2026\\\/01\\\/Choveu-alagou-Trecho-problematico-de-Curitiba-tem-novo-alagamento-apos.jpg\",\"contentUrl\":\"https:\\\/\\\/ubirataonline.com.br\\\/wp-content\\\/uploads\\\/2026\\\/01\\\/Choveu-alagou-Trecho-problematico-de-Curitiba-tem-novo-alagamento-apos.jpg\",\"width\":1200,\"height\":800,\"caption\":\"Foto: Reprodu\u00e7\u00e3o\\\/Bom Dia Paran\u00e1\\\/ RPC.\"},{\"@type\":\"BreadcrumbList\",\"@id\":\"https:\\\/\\\/ubirataonline.com.br\\\/choveu-alagou-trecho-problematico-de-curitiba-tem-novo-alagamento-apos-temporal\\\/#breadcrumb\",\"itemListElement\":[{\"@type\":\"ListItem\",\"position\":1,\"name\":\"In\u00edcio\",\"item\":\"https:\\\/\\\/ubirataonline.com.br\\\/\"},{\"@type\":\"ListItem\",\"position\":2,\"name\":\"Choveu, alagou! Trecho problem\u00e1tico de Curitiba tem novo alagamento ap\u00f3s temporal\"}]},{\"@type\":\"WebSite\",\"@id\":\"https:\\\/\\\/ubirataonline.com.br\\\/#website\",\"url\":\"https:\\\/\\\/ubirataonline.com.br\\\/\",\"name\":\"Ubirat\u00e3 Online Not\u00edcias\",\"description\":\"Not\u00edcias de Ubirat\u00e3, regi\u00e3o, Brasil e mundo, com informa\u00e7\u00e3o atualizada e compromisso com o leitor.\",\"publisher\":{\"@id\":\"https:\\\/\\\/ubirataonline.com.br\\\/#organization\"},\"alternateName\":\"Ubirat\u00e3 Online\",\"potentialAction\":[{\"@type\":\"SearchAction\",\"target\":{\"@type\":\"EntryPoint\",\"urlTemplate\":\"https:\\\/\\\/ubirataonline.com.br\\\/?s={search_term_string}\"},\"query-input\":{\"@type\":\"PropertyValueSpecification\",\"valueRequired\":true,\"valueName\":\"search_term_string\"}}],\"inLanguage\":\"en-US\"},{\"@type\":[\"Organization\",\"Place\"],\"@id\":\"https:\\\/\\\/ubirataonline.com.br\\\/#organization\",\"name\":\"Ubirat\u00e3 Online Not\u00edcias\",\"alternateName\":\"Ubirat\u00e3 Online\",\"url\":\"https:\\\/\\\/ubirataonline.com.br\\\/\",\"logo\":{\"@id\":\"https:\\\/\\\/ubirataonline.com.br\\\/choveu-alagou-trecho-problematico-de-curitiba-tem-novo-alagamento-apos-temporal\\\/#local-main-organization-logo\"},\"image\":{\"@id\":\"https:\\\/\\\/ubirataonline.com.br\\\/choveu-alagou-trecho-problematico-de-curitiba-tem-novo-alagamento-apos-temporal\\\/#local-main-organization-logo\"},\"sameAs\":[\"https:\\\/\\\/www.facebook.com\\\/portalubirataonline\",\"https:\\\/\\\/x.com\\\/ubirataonline\",\"https:\\\/\\\/mastodon.social\\\/@ubirataonline\",\"https:\\\/\\\/www.facebook.com\\\/groups\\\/311144672285604\",\"https:\\\/\\\/www.facebook.com\\\/UBTAOnline\",\"https:\\\/\\\/www.instagram.com\\\/portalubirataonline\\\/\",\"https:\\\/\\\/twitter.com\\\/ubirataonline\"],\"description\":\"Somos um portal de not\u00edcias independente, criado em 5 de janeiro de 2009, com o objetivo de informar, conectar e valorizar a nossa comunidade de Ubirat\u00e3 e toda aregi\u00e3o. Com conte\u00fado atualizado, confi\u00e1vel e relevante, o Ubirat\u00e3 Online \u00e9 o seu espa\u00e7o para ficar por dentro dos principais acontecimentos locais, regionais, Brasil, Mundo e de interesse geral. Nosso compromisso \u00e9 com a verdade, a transpar\u00eancia e o respeito ao leitor.\",\"legalName\":\"UBIRATA ONLINE NOT\u00cdCIAS\",\"foundingDate\":\"2009-01-05\",\"numberOfEmployees\":{\"@type\":\"QuantitativeValue\",\"minValue\":\"1\",\"maxValue\":\"10\"},\"publishingPrinciples\":\"https:\\\/\\\/ubirataonline.com.br\\\/faq\\\/\",\"address\":{\"@id\":\"https:\\\/\\\/ubirataonline.com.br\\\/choveu-alagou-trecho-problematico-de-curitiba-tem-novo-alagamento-apos-temporal\\\/#local-main-place-address\"},\"geo\":{\"@type\":\"GeoCoordinates\",\"latitude\":\"-24.5361401\",\"longitude\":\"-52.9921776\"},\"telephone\":[\"+5544998308235\"],\"contactPoint\":{\"@type\":\"ContactPoint\",\"email\":\"contato@ubirataonline.com.br\"},\"openingHoursSpecification\":{\"@type\":\"OpeningHoursSpecification\",\"dayOfWeek\":[\"Monday\",\"Tuesday\",\"Wednesday\",\"Thursday\",\"Friday\",\"Saturday\",\"Sunday\"],\"opens\":\"00:00\",\"closes\":\"23:59\"},\"email\":\"contato@ubirataonline.com.br\",\"vatID\":\"47.621.418\\\/0001-80\"},{\"@type\":\"Person\",\"@id\":\"https:\\\/\\\/ubirataonline.com.br\\\/#\\\/schema\\\/person\\\/372f87bbd3fdd79b8556b84c98d0bc1c\",\"name\":\"REDA\u00c7\u00c3O: UBIRAT\u00c3 ONLINE - F\u00c1BIO AUGUSTO CELESTINO\",\"pronouns\":\"Ele\",\"description\":\"Desde 2003 trabalhando com not\u00edcias.\",\"sameAs\":[\"http:\\\/\\\/ubirataoline.com.br\",\"https:\\\/\\\/www.facebook.com\\\/portalubirataonline\",\"https:\\\/\\\/www.instagram.com\\\/ubirataonline_oficial\",\"https:\\\/\\\/x.com\\\/x.com\\\/ubirataonline\"],\"honorificPrefix\":\"Mr.\",\"honorificSuffix\":\"MD\",\"birthDate\":\"1980-06-16\",\"gender\":\"masculino\",\"award\":[\"V\u00e1rios pr\u00eamios de melhor portal da cidade\"],\"jobTitle\":\"Diretor\",\"url\":\"https:\\\/\\\/ubirataonline.com.br\\\/en\\\/author\\\/ubirataonline\\\/\"},{\"@type\":\"PostalAddress\",\"@id\":\"https:\\\/\\\/ubirataonline.com.br\\\/choveu-alagou-trecho-problematico-de-curitiba-tem-novo-alagamento-apos-temporal\\\/#local-main-place-address\",\"streetAddress\":\"Rua dos Coqueiros, 104 - Bairro Boa Vista, Rua dos Coqueiros, 104 Bairro Boa Vista\",\"addressLocality\":\"UBIRATA\",\"postalCode\":\"85440-000\",\"addressRegion\":\"PR\",\"addressCountry\":\"BR\"},{\"@type\":\"ImageObject\",\"inLanguage\":\"en-US\",\"@id\":\"https:\\\/\\\/ubirataonline.com.br\\\/choveu-alagou-trecho-problematico-de-curitiba-tem-novo-alagamento-apos-temporal\\\/#local-main-organization-logo\",\"url\":\"https:\\\/\\\/ubirataonline.com.br\\\/wp-content\\\/uploads\\\/2026\\\/06\\\/logoubirataonline-1.webp\",\"contentUrl\":\"https:\\\/\\\/ubirataonline.com.br\\\/wp-content\\\/uploads\\\/2026\\\/06\\\/logoubirataonline-1.webp\",\"width\":500,\"height\":500,\"caption\":\"Ubirat\u00e3 Online Not\u00edcias\"}]}<\/script>\n<meta name=\"geo.placename\" content=\"UBIRATA\" \/>\n<meta name=\"geo.position\" content=\"-24.5361401;-52.9921776\" \/>\n<meta name=\"geo.region\" content=\"Brazil\" \/>\n<!-- \/ Yoast SEO Premium plugin. -->","yoast_head_json":{"title":"Choveu, alagou! Trecho problem\u00e1tico de Curitiba tem novo alagamento ap\u00f3s temporal - Ubirat\u00e3 Online Not\u00edcias - A realidade ao seu alcance!","description":"A chuva forte em Curitiba, ao longo desta madrugada, provocou alagamento na trincheira do Sabar\u00e1, no bairro Cidade Industrial de Curitiba. O trecho no","robots":{"index":"index","follow":"follow","max-snippet":"max-snippet:-1","max-image-preview":"max-image-preview:large","max-video-preview":"max-video-preview:-1"},"canonical":"https:\/\/ubirataonline.com.br\/en\/choveu-alagou-trecho-problematico-de-curitiba-tem-novo-alagamento-apos-temporal\/","og_locale":"en_US","og_type":"article","og_title":"Choveu, alagou! Trecho problem\u00e1tico de Curitiba tem novo alagamento ap\u00f3s temporal","og_description":"A chuva forte em Curitiba, ao longo desta madrugada, provocou alagamento na trincheira do Sabar\u00e1, no bairro Cidade Industrial de Curitiba. O trecho no","og_url":"https:\/\/ubirataonline.com.br\/en\/choveu-alagou-trecho-problematico-de-curitiba-tem-novo-alagamento-apos-temporal\/","og_site_name":"Ubirat\u00e3 Online Not\u00edcias - A realidade ao seu alcance!","article_publisher":"https:\/\/www.facebook.com\/portalubirataonline","article_author":"https:\/\/www.facebook.com\/portalubirataonline","article_published_time":"2026-01-29T12:56:27+00:00","article_modified_time":"2026-01-29T12:56:29+00:00","og_image":[{"width":1200,"height":800,"url":"https:\/\/ubirataonline.com.br\/wp-content\/uploads\/2026\/01\/Choveu-alagou-Trecho-problematico-de-Curitiba-tem-novo-alagamento-apos.jpg","type":"image\/jpeg"}],"author":"REDA\u00c7\u00c3O: UBIRAT\u00c3 ONLINE - F\u00c1BIO AUGUSTO CELESTINO","twitter_card":"summary_large_image","twitter_creator":"@x.com\/ubirataonline","twitter_site":"@ubirataonline","twitter_misc":{"Written by":"REDA\u00c7\u00c3O: UBIRAT\u00c3 ONLINE - F\u00c1BIO AUGUSTO CELESTINO","Est. reading time":"3 minutes"},"schema":{"@context":"https:\/\/schema.org","@graph":[{"@type":"NewsArticle","@id":"https:\/\/ubirataonline.com.br\/choveu-alagou-trecho-problematico-de-curitiba-tem-novo-alagamento-apos-temporal\/#article","isPartOf":{"@id":"https:\/\/ubirataonline.com.br\/choveu-alagou-trecho-problematico-de-curitiba-tem-novo-alagamento-apos-temporal\/"},"author":{"name":"REDA\u00c7\u00c3O: UBIRAT\u00c3 ONLINE - F\u00c1BIO AUGUSTO CELESTINO","@id":"https:\/\/ubirataonline.com.br\/#\/schema\/person\/372f87bbd3fdd79b8556b84c98d0bc1c"},"headline":"Choveu, alagou! Trecho problem\u00e1tico de Curitiba tem novo alagamento ap\u00f3s temporal","datePublished":"2026-01-29T12:56:27+00:00","dateModified":"2026-01-29T12:56:29+00:00","mainEntityOfPage":{"@id":"https:\/\/ubirataonline.com.br\/choveu-alagou-trecho-problematico-de-curitiba-tem-novo-alagamento-apos-temporal\/"},"wordCount":620,"publisher":{"@id":"https:\/\/ubirataonline.com.br\/#organization"},"image":{"@id":"https:\/\/ubirataonline.com.br\/choveu-alagou-trecho-problematico-de-curitiba-tem-novo-alagamento-apos-temporal\/#primaryimage"},"thumbnailUrl":"https:\/\/ubirataonline.com.br\/wp-content\/uploads\/2026\/01\/Choveu-alagou-Trecho-problematico-de-Curitiba-tem-novo-alagamento-apos.jpg","keywords":["alagamento","alagou","ap\u00f3s","Choveu","Curitiba","Novo","problem\u00e1tico","tem","Temporal","trecho"],"articleSection":["Ubirat\u00e3"],"inLanguage":"en-US","copyrightYear":"2026","copyrightHolder":{"@id":"https:\/\/ubirataonline.com.br\/en\/#organization"}},{"@type":"WebPage","@id":"https:\/\/ubirataonline.com.br\/choveu-alagou-trecho-problematico-de-curitiba-tem-novo-alagamento-apos-temporal\/","url":"https:\/\/ubirataonline.com.br\/choveu-alagou-trecho-problematico-de-curitiba-tem-novo-alagamento-apos-temporal\/","name":"Choveu, alagou! Trecho problem\u00e1tico de Curitiba tem novo alagamento ap\u00f3s temporal - Ubirat\u00e3 Online Not\u00edcias - A realidade ao seu alcance!","isPartOf":{"@id":"https:\/\/ubirataonline.com.br\/#website"},"primaryImageOfPage":{"@id":"https:\/\/ubirataonline.com.br\/choveu-alagou-trecho-problematico-de-curitiba-tem-novo-alagamento-apos-temporal\/#primaryimage"},"image":{"@id":"https:\/\/ubirataonline.com.br\/choveu-alagou-trecho-problematico-de-curitiba-tem-novo-alagamento-apos-temporal\/#primaryimage"},"thumbnailUrl":"https:\/\/ubirataonline.com.br\/wp-content\/uploads\/2026\/01\/Choveu-alagou-Trecho-problematico-de-Curitiba-tem-novo-alagamento-apos.jpg","datePublished":"2026-01-29T12:56:27+00:00","dateModified":"2026-01-29T12:56:29+00:00","description":"A chuva forte em Curitiba, ao longo desta madrugada, provocou alagamento na trincheira do Sabar\u00e1, no bairro Cidade Industrial de Curitiba. O trecho no","breadcrumb":{"@id":"https:\/\/ubirataonline.com.br\/choveu-alagou-trecho-problematico-de-curitiba-tem-novo-alagamento-apos-temporal\/#breadcrumb"},"inLanguage":"en-US","potentialAction":[{"@type":"ReadAction","target":["https:\/\/ubirataonline.com.br\/choveu-alagou-trecho-problematico-de-curitiba-tem-novo-alagamento-apos-temporal\/"]}]},{"@type":"ImageObject","inLanguage":"en-US","@id":"https:\/\/ubirataonline.com.br\/choveu-alagou-trecho-problematico-de-curitiba-tem-novo-alagamento-apos-temporal\/#primaryimage","url":"https:\/\/ubirataonline.com.br\/wp-content\/uploads\/2026\/01\/Choveu-alagou-Trecho-problematico-de-Curitiba-tem-novo-alagamento-apos.jpg","contentUrl":"https:\/\/ubirataonline.com.br\/wp-content\/uploads\/2026\/01\/Choveu-alagou-Trecho-problematico-de-Curitiba-tem-novo-alagamento-apos.jpg","width":1200,"height":800,"caption":"Foto: Reprodu\u00e7\u00e3o\/Bom Dia Paran\u00e1\/ RPC."},{"@type":"BreadcrumbList","@id":"https:\/\/ubirataonline.com.br\/choveu-alagou-trecho-problematico-de-curitiba-tem-novo-alagamento-apos-temporal\/#breadcrumb","itemListElement":[{"@type":"ListItem","position":1,"name":"In\u00edcio","item":"https:\/\/ubirataonline.com.br\/"},{"@type":"ListItem","position":2,"name":"Choveu, alagou! Trecho problem\u00e1tico de Curitiba tem novo alagamento ap\u00f3s temporal"}]},{"@type":"WebSite","@id":"https:\/\/ubirataonline.com.br\/#website","url":"https:\/\/ubirataonline.com.br\/","name":"Ubirat\u00e3 Online Not\u00edcias","description":"Not\u00edcias de Ubirat\u00e3, regi\u00e3o, Brasil e mundo, com informa\u00e7\u00e3o atualizada e compromisso com o leitor.","publisher":{"@id":"https:\/\/ubirataonline.com.br\/#organization"},"alternateName":"Ubirat\u00e3 Online","potentialAction":[{"@type":"SearchAction","target":{"@type":"EntryPoint","urlTemplate":"https:\/\/ubirataonline.com.br\/?s={search_term_string}"},"query-input":{"@type":"PropertyValueSpecification","valueRequired":true,"valueName":"search_term_string"}}],"inLanguage":"en-US"},{"@type":["Organization","Place"],"@id":"https:\/\/ubirataonline.com.br\/#organization","name":"Ubirat\u00e3 Online Not\u00edcias","alternateName":"Ubirat\u00e3 Online","url":"https:\/\/ubirataonline.com.br\/","logo":{"@id":"https:\/\/ubirataonline.com.br\/choveu-alagou-trecho-problematico-de-curitiba-tem-novo-alagamento-apos-temporal\/#local-main-organization-logo"},"image":{"@id":"https:\/\/ubirataonline.com.br\/choveu-alagou-trecho-problematico-de-curitiba-tem-novo-alagamento-apos-temporal\/#local-main-organization-logo"},"sameAs":["https:\/\/www.facebook.com\/portalubirataonline","https:\/\/x.com\/ubirataonline","https:\/\/mastodon.social\/@ubirataonline","https:\/\/www.facebook.com\/groups\/311144672285604","https:\/\/www.facebook.com\/UBTAOnline","https:\/\/www.instagram.com\/portalubirataonline\/","https:\/\/twitter.com\/ubirataonline"],"description":"Somos um portal de not\u00edcias independente, criado em 5 de janeiro de 2009, com o objetivo de informar, conectar e valorizar a nossa comunidade de Ubirat\u00e3 e toda aregi\u00e3o. Com conte\u00fado atualizado, confi\u00e1vel e relevante, o Ubirat\u00e3 Online \u00e9 o seu espa\u00e7o para ficar por dentro dos principais acontecimentos locais, regionais, Brasil, Mundo e de interesse geral. Nosso compromisso \u00e9 com a verdade, a transpar\u00eancia e o respeito ao leitor.","legalName":"UBIRATA ONLINE NOT\u00cdCIAS","foundingDate":"2009-01-05","numberOfEmployees":{"@type":"QuantitativeValue","minValue":"1","maxValue":"10"},"publishingPrinciples":"https:\/\/ubirataonline.com.br\/faq\/","address":{"@id":"https:\/\/ubirataonline.com.br\/choveu-alagou-trecho-problematico-de-curitiba-tem-novo-alagamento-apos-temporal\/#local-main-place-address"},"geo":{"@type":"GeoCoordinates","latitude":"-24.5361401","longitude":"-52.9921776"},"telephone":["+5544998308235"],"contactPoint":{"@type":"ContactPoint","email":"contato@ubirataonline.com.br"},"openingHoursSpecification":{"@type":"OpeningHoursSpecification","dayOfWeek":["Monday","Tuesday","Wednesday","Thursday","Friday","Saturday","Sunday"],"opens":"00:00","closes":"23:59"},"email":"contato@ubirataonline.com.br","vatID":"47.621.418\/0001-80"},{"@type":"Person","@id":"https:\/\/ubirataonline.com.br\/#\/schema\/person\/372f87bbd3fdd79b8556b84c98d0bc1c","name":"REDA\u00c7\u00c3O: UBIRAT\u00c3 ONLINE - F\u00c1BIO AUGUSTO CELESTINO","pronouns":"Ele","description":"Desde 2003 trabalhando com not\u00edcias.","sameAs":["http:\/\/ubirataoline.com.br","https:\/\/www.facebook.com\/portalubirataonline","https:\/\/www.instagram.com\/ubirataonline_oficial","https:\/\/x.com\/x.com\/ubirataonline"],"honorificPrefix":"Mr.","honorificSuffix":"MD","birthDate":"1980-06-16","gender":"masculino","award":["V\u00e1rios pr\u00eamios de melhor portal da cidade"],"jobTitle":"Diretor","url":"https:\/\/ubirataonline.com.br\/en\/author\/ubirataonline\/"},{"@type":"PostalAddress","@id":"https:\/\/ubirataonline.com.br\/choveu-alagou-trecho-problematico-de-curitiba-tem-novo-alagamento-apos-temporal\/#local-main-place-address","streetAddress":"Rua dos Coqueiros, 104 - Bairro Boa Vista, Rua dos Coqueiros, 104 Bairro Boa Vista","addressLocality":"UBIRATA","postalCode":"85440-000","addressRegion":"PR","addressCountry":"BR"},{"@type":"ImageObject","inLanguage":"en-US","@id":"https:\/\/ubirataonline.com.br\/choveu-alagou-trecho-problematico-de-curitiba-tem-novo-alagamento-apos-temporal\/#local-main-organization-logo","url":"https:\/\/ubirataonline.com.br\/wp-content\/uploads\/2026\/06\/logoubirataonline-1.webp","contentUrl":"https:\/\/ubirataonline.com.br\/wp-content\/uploads\/2026\/06\/logoubirataonline-1.webp","width":500,"height":500,"caption":"Ubirat\u00e3 Online Not\u00edcias"}]},"geo.placename":"UBIRATA","geo.position":{"lat":"-24.5361401","long":"-52.9921776"},"geo.region":"Brazil"},"_links":{"self":[{"href":"https:\/\/ubirataonline.com.br\/en\/wp-json\/wp\/v2\/posts\/83110","targetHints":{"allow":["GET"]}}],"collection":[{"href":"https:\/\/ubirataonline.com.br\/en\/wp-json\/wp\/v2\/posts"}],"about":[{"href":"https:\/\/ubirataonline.com.br\/en\/wp-json\/wp\/v2\/types\/post"}],"author":[{"embeddable":true,"href":"https:\/\/ubirataonline.com.br\/en\/wp-json\/wp\/v2\/users\/1"}],"replies":[{"embeddable":true,"href":"https:\/\/ubirataonline.com.br\/en\/wp-json\/wp\/v2\/comments?post=83110"}],"version-history":[{"count":0,"href":"https:\/\/ubirataonline.com.br\/en\/wp-json\/wp\/v2\/posts\/83110\/revisions"}],"wp:featuredmedia":[{"embeddable":true,"href":"https:\/\/ubirataonline.com.br\/en\/wp-json\/wp\/v2\/media\/83111"}],"wp:attachment":[{"href":"https:\/\/ubirataonline.com.br\/en\/wp-json\/wp\/v2\/media?parent=83110"}],"wp:term":[{"taxonomy":"category","embeddable":true,"href":"https:\/\/ubirataonline.com.br\/en\/wp-json\/wp\/v2\/categories?post=83110"},{"taxonomy":"post_tag","embeddable":true,"href":"https:\/\/ubirataonline.com.br\/en\/wp-json\/wp\/v2\/tags?post=83110"}],"curies":[{"name":"wp","href":"https:\/\/api.w.org\/{rel}","templated":true}]}}