{"id":83118,"date":"2026-01-29T10:41:30","date_gmt":"2026-01-29T13:41:30","guid":{"rendered":"https:\/\/ubirataonline.com.br\/sen-amy-klobuchar-announces-run-for-minnesota-governor-amid-immigration-turmoil\/"},"modified":"2026-01-29T10:41:34","modified_gmt":"2026-01-29T13:41:34","slug":"sen-amy-klobuchar-announces-run-for-minnesota-governor-amid-immigration-turmoil","status":"publish","type":"post","link":"https:\/\/ubirataonline.com.br\/en\/sen-amy-klobuchar-announces-run-for-minnesota-governor-amid-immigration-turmoil\/","title":{"rendered":"Sen. Amy Klobuchar announces run for Minnesota governor amid immigration turmoil"},"content":{"rendered":"<p><br \/>\n<\/p>\n<div data-testid=\"prism-article-body\">\n<p class=\"EkqkG IGXmU nlgHS yuUao MvWXB TjIXL aGjvy ebVHC\">Sen. Amy Klobuchar announced on Thursday her candidacy for governor of Minnesota, saying her home state was in need of a leader who could &#8220;fix things in our state&#8221; and who would &#8220;stand up and not be rubber stamps&#8221; to the Trump administration.<\/p>\n<p class=\"EkqkG IGXmU nlgHS yuUao lqtkC TjIXL aGjvy\">&#8220;I believe we must stand up for what\u2019s right and fix what\u2019s wrong,&#8221; Klobuchar said in a video message announcing her run. &#8220;That\u2019s why today, I am announcing my candidacy for governor of the state of Minnesota.&#8221;<\/p>\n<p class=\"EkqkG IGXmU nlgHS yuUao lqtkC TjIXL aGjvy\">&#8220;I like my job in the Senate,&#8221; she added. &#8220;But I love our state more than any job.&#8221;<\/p>\n<div class=\"oLzSq QrHMO fnRUo pvsTF EhJPu vPlOC zNYgW OsTsW RMeqy daRVX ISNQ sKyCY eRftA acPPc MENS nFwaT MCnQE mEeeY SmBjI xegrY rPLsU iulOd NIuqO zzscu lzDCc aHUBM IEgzD OjMNy eQqcx SVqKB GQmdz jaoD VWDdR ONJdw vrZxD OnRTz gbbfF roDbV GPGwb oMlSS gfNzt oJhud eXZcf zhVlX\">\n<div>\n<div class=\"InlineImage GpQCA lZur asrEW\" data-testid=\"prism-inline-image\">\n<figure class=\"kzIjN GNmeK pYrtp dSqFO\" data-testid=\"prism-figure\">\n<div class=\"GpQCA lZur gIjeL\" data-testid=\"prism-ratio-frame\">\n<div class=\"FvQLF iLTd NqeUA UzzHi iWsMV\"><picture data-testid=\"prism-picture\"><source media=\"(max-width: 414px)\" srcset=\"https:\/\/i.abcnewsfe.com\/a\/457fd8c2-783c-41b0-934a-c83b8047ba11\/klobuchar-2_1769658177859_hpMain.jpg?w=375, https:\/\/i.abcnewsfe.com\/a\/457fd8c2-783c-41b0-934a-c83b8047ba11\/klobuchar-2_1769658177859_hpMain.jpg?w=750 2x\"\/><source media=\"(min-width: 415px)\" srcset=\"https:\/\/i.abcnewsfe.com\/a\/457fd8c2-783c-41b0-934a-c83b8047ba11\/klobuchar-2_1769658177859_hpMain.jpg?w=750, https:\/\/i.abcnewsfe.com\/a\/457fd8c2-783c-41b0-934a-c83b8047ba11\/klobuchar-2_1769658177859_hpMain.jpg?w=1500 2x\"\/><\/picture><\/div>\n<\/div><figcaption>\n<div class=\"nMMea bNYiy Mjgpa dGwha DDmxa jgKNG RGHCC aBIU PriDW lZur\" data-testid=\"prism-caption\">\n<p><span class=\"hsDdd OOSI GpQCA lZur VlFaz\" data-testid=\"prism-truncate\"><span><span class=\"gtOSm FbbUW tUtYa vOCwz EQwFq yCufu eEak Qmvg nyTIa SRXVc vzLa jgBfc WXDas CiUCW kqbG zrdEG txGfn ygKVe BbezD UOtxr CVfpq xijV soGRS XgdC sEIlf daWqJ\">Sen. Amy Klobuchar, D-Minn, speaks during a field hearing on immigration Friday, Jan. 16, 2026, in St. Paul, Minn.<\/span><\/span><\/span><\/p>\n<p><span class=\"gtOSm FbbUW tUtYa vOCwz EQwFq yCufu eEak Qmvg nyTIa SRXVc vzLa jgBfc WXDas CiUCW kqbG zrdEG txGfn ygKVe BbezD UOtxr CVfpq xijV soGRS XgdC sEIlf daWqJ YNujN JGtjI aZFDu rkKLh\">Abbie Parr\/AP<\/span><\/p>\n<\/div>\n<\/figcaption><\/figure>\n<\/div>\n<\/div>\n<\/div>\n<p class=\"EkqkG IGXmU nlgHS yuUao lqtkC TjIXL aGjvy\">The announcement arrived at a turbulent time in Minnesota, where thousands of federal agents have been carrying out Operation Metro Surge, a Trump administration operation with the stated goal of detaining and deporting undocumented immigrants.<\/p>\n<p class=\"EkqkG IGXmU nlgHS yuUao lqtkC TjIXL aGjvy\">Federal agents have been involved this month the fatal shootings of two protesters in Minneapolis, incidents that have spurred further protests in the state and around the country.<\/p>\n<p class=\"EkqkG IGXmU nlgHS yuUao lqtkC TjIXL aGjvy\">That ongoing operation has been decried by local leaders, including Tim Walz, the current governor, who on Jan. 5 <a class=\"zZygg UbGlr iFzkS qdXbA WCDhQ DbOXS tqUtK GpWVU iJYzE\" data-testid=\"prism-linkbase\" href=\"https:\/\/abcnews.go.com\/Politics\/minnesota-gov-tim-walz-ends-reelection-bid\/story?id=128909243\" target=\"_blank\" dir=\"ltr\">ended his bid <\/a>for reelection.<\/p>\n<div class=\"oLzSq QrHMO fnRUo pvsTF EhJPu vPlOC zNYgW OsTsW RMeqy daRVX ISNQ sKyCY eRftA acPPc MENS nFwaT MCnQE mEeeY SmBjI xegrY rPLsU iulOd NIuqO zzscu lzDCc aHUBM IEgzD OjMNy eQqcx SVqKB GQmdz jaoD VWDdR ONJdw vrZxD OnRTz gbbfF roDbV GPGwb oMlSS gfNzt oJhud eXZcf zhVlX\">\n<div>\n<div class=\"InlineImage GpQCA lZur asrEW\" data-testid=\"prism-inline-image\">\n<figure class=\"kzIjN GNmeK pYrtp dSqFO\" data-testid=\"prism-figure\">\n<div class=\"GpQCA lZur gIjeL\" data-testid=\"prism-ratio-frame\">\n<div class=\"FvQLF iLTd NqeUA UzzHi iWsMV\"><picture data-testid=\"prism-picture\"><source media=\"(max-width: 414px)\" srcset=\"https:\/\/i.abcnewsfe.com\/a\/a26dc81c-3984-4133-9472-d61a50762a6b\/klobuchar-1_1769658115139_hpMain.jpg?w=375, https:\/\/i.abcnewsfe.com\/a\/a26dc81c-3984-4133-9472-d61a50762a6b\/klobuchar-1_1769658115139_hpMain.jpg?w=750 2x\"\/><source media=\"(min-width: 415px)\" srcset=\"https:\/\/i.abcnewsfe.com\/a\/a26dc81c-3984-4133-9472-d61a50762a6b\/klobuchar-1_1769658115139_hpMain.jpg?w=750, https:\/\/i.abcnewsfe.com\/a\/a26dc81c-3984-4133-9472-d61a50762a6b\/klobuchar-1_1769658115139_hpMain.jpg?w=1500 2x\"\/><img decoding=\"async\" alt=\"PHOTO: US-POLITICS-TARIFFS\" class=\"hsDdd NDJZt sJeUN IJwXl vBqtr KrDt itslR SjwtZ hakZw HlUVI\" data-testid=\"prism-image\" draggable=\"false\" loading=\"lazy\" src=\"https:\/\/i.abcnewsfe.com\/a\/a26dc81c-3984-4133-9472-d61a50762a6b\/klobuchar-1_1769658115139_hpMain.jpg\"\/><\/picture><\/div>\n<\/div><figcaption>\n<div class=\"nMMea bNYiy Mjgpa dGwha DDmxa jgKNG RGHCC aBIU PriDW lZur\" data-testid=\"prism-caption\">\n<p><span class=\"hsDdd OOSI GpQCA lZur VlFaz\" data-testid=\"prism-truncate\"><span><span class=\"gtOSm FbbUW tUtYa vOCwz EQwFq yCufu eEak Qmvg nyTIa SRXVc vzLa jgBfc WXDas CiUCW kqbG zrdEG txGfn ygKVe BbezD UOtxr CVfpq xijV soGRS XgdC sEIlf daWqJ\">US Senator Amy Klobuchar, Democrat from Minnesota, speaks during a news conference to discuss President Donald Trump&#8217;s tariff policies and their impacts on small businesses, outside the US Capitol in Washington, DC, on November 5, 2025.<\/span><\/span><\/span><\/p>\n<p><span class=\"gtOSm FbbUW tUtYa vOCwz EQwFq yCufu eEak Qmvg nyTIa SRXVc vzLa jgBfc WXDas CiUCW kqbG zrdEG txGfn ygKVe BbezD UOtxr CVfpq xijV soGRS XgdC sEIlf daWqJ YNujN JGtjI aZFDu rkKLh\">Mandel Ngan\/AFP via Getty Images<\/span><\/p>\n<\/div>\n<\/figcaption><\/figure>\n<\/div>\n<\/div>\n<\/div>\n<p class=\"EkqkG IGXmU nlgHS yuUao lqtkC TjIXL aGjvy\">Walz, who served as Vice President Kamala Harris&#8217;<!-- -->\u00a0<a class=\"zZygg UbGlr iFzkS qdXbA WCDhQ DbOXS tqUtK GpWVU iJYzE\" data-testid=\"prism-linkbase\" href=\"https:\/\/abcnews.go.com\/Politics\/tim-walz-trump-spiraling-pitches-harris-message-change\/story?id=114990655\" target=\"_blank\" dir=\"ltr\">running mate in 2024<\/a>, said as he bowed out that he would not be able to give a campaign all of his attention as he worked to defend Minnesota against<!-- -->\u00a0<a class=\"zZygg UbGlr iFzkS qdXbA WCDhQ DbOXS tqUtK GpWVU iJYzE\" data-testid=\"prism-linkbase\" href=\"https:\/\/abcnews.go.com\/US\/hhs-freezing-child-care-payments-minnesota-after-fraud\/story?id=128793851\" target=\"_blank\" dir=\"ltr\">allegations of fraud<\/a>\u00a0<!-- -->and right-wing attacks &#8212; including from President Donald Trump.<\/p>\n<p class=\"EkqkG IGXmU nlgHS yuUao lqtkC TjIXL aGjvy\">Prior to his announcement, Walz came under fire amid allegations of fraud by child-care centers in Minnesota. The governor had said the state was investigating alleged fraud and he slammed rhetoric targeting the state&#8217;s Somali community, saying those allegations could put people at risk.<\/p>\n<p class=\"EkqkG IGXmU nlgHS yuUao lqtkC TjIXL aGjvy\">Federal Immigration and Customs Enforcement entered Minnesota to begin their operation in December, prior to Walz&#8217; campaign departure. Hundreds more agents arrived in the first weeks of the year, federal officials said. Minnesota officials filed on Jan. 12 a federal lawsuit calling for an end to the surge.<\/p>\n<p class=\"EkqkG IGXmU nlgHS yuUao lqtkC TjIXL aGjvy\">Klobuchar has been outspoken throughout the past year against what she has framed as the overreach of the Trump administration and throughout turmoil in Minnesota, including amidst the recent shootings of protesters Renee Good and Alex Pretti by federal agents in Minneapolis.<!-- -->\u00a0<\/p>\n<p class=\"EkqkG IGXmU nlgHS yuUao lqtkC TjIXL aGjvy\">&#8220;We cannot sugarcoat how hard this is, but in these moments of enormous difficulty, we find strength in our Minnesota values of hard work, freedom, and simple decency and good will,&#8221; Klobuchar said in the video message released on Thursday.<\/p>\n<p class=\"EkqkG IGXmU nlgHS yuUao lqtkC TjIXL aGjvy\">She added, &#8220;These times call for leaders who can stand up and not be rubber stamps of this administration. But who are also willing to find common ground and fix things in our state.&#8221;<\/p>\n<div class=\"oLzSq QrHMO fnRUo pvsTF EhJPu vPlOC zNYgW OsTsW RMeqy daRVX ISNQ sKyCY eRftA acPPc MENS nFwaT MCnQE mEeeY SmBjI xegrY rPLsU iulOd NIuqO zzscu lzDCc aHUBM IEgzD OjMNy eQqcx SVqKB GQmdz jaoD VWDdR ONJdw vrZxD OnRTz gbbfF roDbV GPGwb oMlSS gfNzt oJhud eXZcf zhVlX\">\n<div>\n<div class=\"InlineImage GpQCA lZur asrEW\" data-testid=\"prism-inline-image\">\n<figure class=\"kzIjN GNmeK pYrtp dSqFO\" data-testid=\"prism-figure\">\n<div class=\"GpQCA lZur gIjeL\" data-testid=\"prism-ratio-frame\">\n<div class=\"FvQLF iLTd NqeUA UzzHi iWsMV\"><picture data-testid=\"prism-picture\"><source media=\"(max-width: 414px)\" srcset=\"https:\/\/i.abcnewsfe.com\/a\/e534abed-ae02-43e7-95e6-98790220fb2e\/klobuchar-3_1769658231250_hpMain.jpg?w=375, https:\/\/i.abcnewsfe.com\/a\/e534abed-ae02-43e7-95e6-98790220fb2e\/klobuchar-3_1769658231250_hpMain.jpg?w=750 2x\"\/><source media=\"(min-width: 415px)\" srcset=\"https:\/\/i.abcnewsfe.com\/a\/e534abed-ae02-43e7-95e6-98790220fb2e\/klobuchar-3_1769658231250_hpMain.jpg?w=750, https:\/\/i.abcnewsfe.com\/a\/e534abed-ae02-43e7-95e6-98790220fb2e\/klobuchar-3_1769658231250_hpMain.jpg?w=1500 2x\"\/><img decoding=\"async\" alt=\"PHOTO: Amy Klobuchar\" class=\"hsDdd NDJZt sJeUN IJwXl vBqtr KrDt itslR SjwtZ hakZw HlUVI\" data-testid=\"prism-image\" draggable=\"false\" loading=\"lazy\" src=\"https:\/\/i.abcnewsfe.com\/a\/e534abed-ae02-43e7-95e6-98790220fb2e\/klobuchar-3_1769658231250_hpMain.jpg\"\/><\/picture><\/div>\n<\/div><figcaption>\n<div class=\"nMMea bNYiy Mjgpa dGwha DDmxa jgKNG RGHCC aBIU PriDW lZur\" data-testid=\"prism-caption\">\n<p><span class=\"hsDdd OOSI GpQCA lZur VlFaz\" data-testid=\"prism-truncate\"><span><span class=\"gtOSm FbbUW tUtYa vOCwz EQwFq yCufu eEak Qmvg nyTIa SRXVc vzLa jgBfc WXDas CiUCW kqbG zrdEG txGfn ygKVe BbezD UOtxr CVfpq xijV soGRS XgdC sEIlf daWqJ\">Sen. Amy Klobuchar, D-Minn., speaks during the Senate Democrat policy luncheon news conference at the Capitol, Tuesday, Dec. 2, 2025, in Washington.<\/span><\/span><\/span><\/p>\n<p><span class=\"gtOSm FbbUW tUtYa vOCwz EQwFq yCufu eEak Qmvg nyTIa SRXVc vzLa jgBfc WXDas CiUCW kqbG zrdEG txGfn ygKVe BbezD UOtxr CVfpq xijV soGRS XgdC sEIlf daWqJ YNujN JGtjI aZFDu rkKLh\">Rod Lamkey\/AP<\/span><\/p>\n<\/div>\n<\/figcaption><\/figure>\n<\/div>\n<\/div>\n<\/div>\n<p class=\"EkqkG IGXmU nlgHS yuUao lqtkC TjIXL aGjvy\">Klobuchar, who is also seen as a<!-- -->\u00a0<a class=\"zZygg UbGlr iFzkS qdXbA WCDhQ DbOXS tqUtK GpWVU iJYzE\" data-testid=\"prism-linkbase\" href=\"https:\/\/abcnews.go.com\/Politics\/2028-presidential-hopefuls-flock-key-battleground-states-traveled\/story?id=126909684\" target=\"_blank\" dir=\"ltr\"><u class=\"\">possible 2028 presidential candidate<\/u><\/a>, was first elected to the Senate in 2006 as the first female U.S. senator elected from Minnesota. She is the ranking member of the Senate Committee on Agriculture, Nutrition, and Forestry, and is a key member of the Senate Judiciary Committee.<!-- -->\u00a0<\/p>\n<p class=\"EkqkG IGXmU nlgHS yuUao lqtkC TjIXL aGjvy\">The senator had filed paperwork to create a campaign committee to run for governor<!-- -->\u00a0<a class=\"zZygg UbGlr iFzkS qdXbA WCDhQ DbOXS tqUtK GpWVU iJYzE\" data-testid=\"prism-linkbase\" href=\"https:\/\/abcnews.go.com\/Politics\/democratic-sen-amy-klobuchar-files-paperwork-run-minnesota\/story?id=129466492\" target=\"_blank\" dir=\"ltr\"><u class=\"\">last week<\/u><\/a>. Election Day is Tuesday, Nov. 3. Klobuchar had previously met with Walz about a possible bid for governor, according to two sources familiar with the meeting.<\/p>\n<p class=\"EkqkG IGXmU nlgHS yuUao lqtkC TjIXL aGjvy\">She told ABC News&#8217; &#8220;This Week&#8221;<!-- -->\u00a0<a class=\"zZygg UbGlr iFzkS qdXbA WCDhQ DbOXS tqUtK GpWVU iJYzE\" data-testid=\"prism-linkbase\" href=\"https:\/\/abcnews.go.com\/Politics\/klobuchar-immigration-operation-minneapolis-making-us-safe\/story?id=129538031\" target=\"_blank\" dir=\"ltr\"><u class=\"\">on Sunday<\/u><u class=\"\">\u00a0<\/u><\/a>that ICE, one of the federal agencies operating in Minnesota, is &#8220;making us less safe, and they need to get out of our state.&#8221;<\/p>\n<\/div>\n<p><br \/>\n<br \/><a href=\"https:\/\/abcnews.go.com\/Politics\/sen-amy-klobuchar-announces-run-minnesota-governor-amid\/story?id=129660166\">Source link <\/a><\/p>","protected":false},"excerpt":{"rendered":"<p>Sen. Amy Klobuchar announced on Thursday her candidacy for governor of Minnesota, saying her home state was in need of a leader who could &#8220;fix things in our state&#8221; and who would &#8220;stand up and not be rubber stamps&#8221; to the Trump administration. &#8220;I believe we must stand up for what\u2019s right and fix what\u2019s [&hellip;]<\/p>\n","protected":false},"author":1,"featured_media":83119,"comment_status":"closed","ping_status":"","sticky":false,"template":"","format":"standard","meta":{"googlesitekit_rrm_CAow2JLhCw:productID":"","_gspb_post_css":"","maa_idioma":"","maa_pais":"","footnotes":""},"categories":[2725],"tags":[13367,4116,4119,13522,16395,4887,3538,16394,14256],"class_list":["post-83118","post","type-post","status-publish","format-standard","has-post-thumbnail","hentry","category-europe","tag-amy","tag-announces","tag-governor","tag-immigration","tag-klobuchar","tag-minnesota","tag-run","tag-sen","tag-turmoil"],"blocksy_meta":[],"yoast_head":"<!-- This site is optimized with the Yoast SEO Premium plugin v27.6 (Yoast SEO v27.6) - https:\/\/yoast.com\/product\/yoast-seo-premium-wordpress\/ -->\n<title>Sen. Amy Klobuchar announces run for Minnesota governor amid immigration turmoil - Ubirat\u00e3 Online Not\u00edcias - A realidade ao seu alcance!<\/title>\n<meta name=\"description\" content=\"Sen. Amy Klobuchar announced on Thursday her candidacy for governor of Minnesota, saying her home state was in need of a leader who could &quot;fix things in\" \/>\n<meta name=\"robots\" content=\"index, follow, max-snippet:-1, max-image-preview:large, max-video-preview:-1\" \/>\n<link rel=\"canonical\" href=\"https:\/\/ubirataonline.com.br\/en\/sen-amy-klobuchar-announces-run-for-minnesota-governor-amid-immigration-turmoil\/\" \/>\n<meta property=\"og:locale\" content=\"en_US\" \/>\n<meta property=\"og:type\" content=\"article\" \/>\n<meta property=\"og:title\" content=\"Sen. Amy Klobuchar announces run for Minnesota governor amid immigration turmoil\" \/>\n<meta property=\"og:description\" content=\"Sen. Amy Klobuchar announced on Thursday her candidacy for governor of Minnesota, saying her home state was in need of a leader who could &quot;fix things in\" \/>\n<meta property=\"og:url\" content=\"https:\/\/ubirataonline.com.br\/en\/sen-amy-klobuchar-announces-run-for-minnesota-governor-amid-immigration-turmoil\/\" \/>\n<meta property=\"og:site_name\" content=\"Ubirat\u00e3 Online Not\u00edcias - A realidade ao seu alcance!\" \/>\n<meta property=\"article:publisher\" content=\"https:\/\/www.facebook.com\/portalubirataonline\" \/>\n<meta property=\"article:author\" content=\"https:\/\/www.facebook.com\/portalubirataonline\" \/>\n<meta property=\"article:published_time\" content=\"2026-01-29T13:41:30+00:00\" \/>\n<meta property=\"article:modified_time\" content=\"2026-01-29T13:41:34+00:00\" \/>\n<meta property=\"og:image\" content=\"https:\/\/ubirataonline.com.br\/wp-content\/uploads\/2026\/01\/Sen-Amy-Klobuchar-announces-run-for-Minnesota-governor-amid-immigration.jpg\" \/>\n\t<meta property=\"og:image:width\" content=\"1600\" \/>\n\t<meta property=\"og:image:height\" content=\"900\" \/>\n\t<meta property=\"og:image:type\" content=\"image\/jpeg\" \/>\n<meta name=\"author\" content=\"REDA\u00c7\u00c3O: UBIRAT\u00c3 ONLINE - F\u00c1BIO AUGUSTO CELESTINO\" \/>\n<meta name=\"twitter:card\" content=\"summary_large_image\" \/>\n<meta name=\"twitter:creator\" content=\"@x.com\/ubirataonline\" \/>\n<meta name=\"twitter:site\" content=\"@ubirataonline\" \/>\n<meta name=\"twitter:label1\" content=\"Written by\" \/>\n\t<meta name=\"twitter:data1\" content=\"REDA\u00c7\u00c3O: UBIRAT\u00c3 ONLINE - F\u00c1BIO AUGUSTO CELESTINO\" \/>\n\t<meta name=\"twitter:label2\" content=\"Est. reading time\" \/>\n\t<meta name=\"twitter:data2\" content=\"3 minutes\" \/>\n<script type=\"application\/ld+json\" class=\"yoast-schema-graph\">{\"@context\":\"https:\\\/\\\/schema.org\",\"@graph\":[{\"@type\":\"NewsArticle\",\"@id\":\"https:\\\/\\\/ubirataonline.com.br\\\/sen-amy-klobuchar-announces-run-for-minnesota-governor-amid-immigration-turmoil\\\/#article\",\"isPartOf\":{\"@id\":\"https:\\\/\\\/ubirataonline.com.br\\\/sen-amy-klobuchar-announces-run-for-minnesota-governor-amid-immigration-turmoil\\\/\"},\"author\":{\"name\":\"REDA\u00c7\u00c3O: UBIRAT\u00c3 ONLINE - F\u00c1BIO AUGUSTO CELESTINO\",\"@id\":\"https:\\\/\\\/ubirataonline.com.br\\\/#\\\/schema\\\/person\\\/372f87bbd3fdd79b8556b84c98d0bc1c\"},\"headline\":\"Sen. Amy Klobuchar announces run for Minnesota governor amid immigration turmoil\",\"datePublished\":\"2026-01-29T13:41:30+00:00\",\"dateModified\":\"2026-01-29T13:41:34+00:00\",\"mainEntityOfPage\":{\"@id\":\"https:\\\/\\\/ubirataonline.com.br\\\/sen-amy-klobuchar-announces-run-for-minnesota-governor-amid-immigration-turmoil\\\/\"},\"wordCount\":667,\"publisher\":{\"@id\":\"https:\\\/\\\/ubirataonline.com.br\\\/#organization\"},\"image\":{\"@id\":\"https:\\\/\\\/ubirataonline.com.br\\\/sen-amy-klobuchar-announces-run-for-minnesota-governor-amid-immigration-turmoil\\\/#primaryimage\"},\"thumbnailUrl\":\"https:\\\/\\\/ubirataonline.com.br\\\/wp-content\\\/uploads\\\/2026\\\/01\\\/Sen-Amy-Klobuchar-announces-run-for-Minnesota-governor-amid-immigration.jpg\",\"keywords\":[\"Amy\",\"announces\",\"governor\",\"immigration\",\"Klobuchar\",\"Minnesota\",\"run\",\"Sen\",\"turmoil\"],\"articleSection\":[\"Europe\"],\"inLanguage\":\"en-US\",\"copyrightYear\":\"2026\",\"copyrightHolder\":{\"@id\":\"https:\\\/\\\/ubirataonline.com.br\\\/en\\\/#organization\"}},{\"@type\":\"WebPage\",\"@id\":\"https:\\\/\\\/ubirataonline.com.br\\\/sen-amy-klobuchar-announces-run-for-minnesota-governor-amid-immigration-turmoil\\\/\",\"url\":\"https:\\\/\\\/ubirataonline.com.br\\\/sen-amy-klobuchar-announces-run-for-minnesota-governor-amid-immigration-turmoil\\\/\",\"name\":\"Sen. Amy Klobuchar announces run for Minnesota governor amid immigration turmoil - Ubirat\u00e3 Online Not\u00edcias - A realidade ao seu alcance!\",\"isPartOf\":{\"@id\":\"https:\\\/\\\/ubirataonline.com.br\\\/#website\"},\"primaryImageOfPage\":{\"@id\":\"https:\\\/\\\/ubirataonline.com.br\\\/sen-amy-klobuchar-announces-run-for-minnesota-governor-amid-immigration-turmoil\\\/#primaryimage\"},\"image\":{\"@id\":\"https:\\\/\\\/ubirataonline.com.br\\\/sen-amy-klobuchar-announces-run-for-minnesota-governor-amid-immigration-turmoil\\\/#primaryimage\"},\"thumbnailUrl\":\"https:\\\/\\\/ubirataonline.com.br\\\/wp-content\\\/uploads\\\/2026\\\/01\\\/Sen-Amy-Klobuchar-announces-run-for-Minnesota-governor-amid-immigration.jpg\",\"datePublished\":\"2026-01-29T13:41:30+00:00\",\"dateModified\":\"2026-01-29T13:41:34+00:00\",\"description\":\"Sen. Amy Klobuchar announced on Thursday her candidacy for governor of Minnesota, saying her home state was in need of a leader who could \\\"fix things in\",\"breadcrumb\":{\"@id\":\"https:\\\/\\\/ubirataonline.com.br\\\/sen-amy-klobuchar-announces-run-for-minnesota-governor-amid-immigration-turmoil\\\/#breadcrumb\"},\"inLanguage\":\"en-US\",\"potentialAction\":[{\"@type\":\"ReadAction\",\"target\":[\"https:\\\/\\\/ubirataonline.com.br\\\/sen-amy-klobuchar-announces-run-for-minnesota-governor-amid-immigration-turmoil\\\/\"]}]},{\"@type\":\"ImageObject\",\"inLanguage\":\"en-US\",\"@id\":\"https:\\\/\\\/ubirataonline.com.br\\\/sen-amy-klobuchar-announces-run-for-minnesota-governor-amid-immigration-turmoil\\\/#primaryimage\",\"url\":\"https:\\\/\\\/ubirataonline.com.br\\\/wp-content\\\/uploads\\\/2026\\\/01\\\/Sen-Amy-Klobuchar-announces-run-for-Minnesota-governor-amid-immigration.jpg\",\"contentUrl\":\"https:\\\/\\\/ubirataonline.com.br\\\/wp-content\\\/uploads\\\/2026\\\/01\\\/Sen-Amy-Klobuchar-announces-run-for-Minnesota-governor-amid-immigration.jpg\",\"width\":1600,\"height\":900,\"caption\":\"Sen. Amy Klobuchar, D-Minn, speaks during a field hearing on immigration Friday, Jan. 16, 2026, in St. Paul, Minn. Abbie Parr\\\/AP\"},{\"@type\":\"BreadcrumbList\",\"@id\":\"https:\\\/\\\/ubirataonline.com.br\\\/sen-amy-klobuchar-announces-run-for-minnesota-governor-amid-immigration-turmoil\\\/#breadcrumb\",\"itemListElement\":[{\"@type\":\"ListItem\",\"position\":1,\"name\":\"In\u00edcio\",\"item\":\"https:\\\/\\\/ubirataonline.com.br\\\/\"},{\"@type\":\"ListItem\",\"position\":2,\"name\":\"Sen. Amy Klobuchar announces run for Minnesota governor amid immigration turmoil\"}]},{\"@type\":\"WebSite\",\"@id\":\"https:\\\/\\\/ubirataonline.com.br\\\/#website\",\"url\":\"https:\\\/\\\/ubirataonline.com.br\\\/\",\"name\":\"Ubirat\u00e3 Online Not\u00edcias\",\"description\":\"Not\u00edcias de Ubirat\u00e3, regi\u00e3o, Brasil e mundo, com informa\u00e7\u00e3o atualizada e compromisso com o leitor.\",\"publisher\":{\"@id\":\"https:\\\/\\\/ubirataonline.com.br\\\/#organization\"},\"alternateName\":\"Ubirat\u00e3 Online\",\"potentialAction\":[{\"@type\":\"SearchAction\",\"target\":{\"@type\":\"EntryPoint\",\"urlTemplate\":\"https:\\\/\\\/ubirataonline.com.br\\\/?s={search_term_string}\"},\"query-input\":{\"@type\":\"PropertyValueSpecification\",\"valueRequired\":true,\"valueName\":\"search_term_string\"}}],\"inLanguage\":\"en-US\"},{\"@type\":[\"Organization\",\"Place\"],\"@id\":\"https:\\\/\\\/ubirataonline.com.br\\\/#organization\",\"name\":\"Ubirat\u00e3 Online Not\u00edcias\",\"alternateName\":\"Ubirat\u00e3 Online\",\"url\":\"https:\\\/\\\/ubirataonline.com.br\\\/\",\"logo\":{\"@id\":\"https:\\\/\\\/ubirataonline.com.br\\\/sen-amy-klobuchar-announces-run-for-minnesota-governor-amid-immigration-turmoil\\\/#local-main-organization-logo\"},\"image\":{\"@id\":\"https:\\\/\\\/ubirataonline.com.br\\\/sen-amy-klobuchar-announces-run-for-minnesota-governor-amid-immigration-turmoil\\\/#local-main-organization-logo\"},\"sameAs\":[\"https:\\\/\\\/www.facebook.com\\\/portalubirataonline\",\"https:\\\/\\\/x.com\\\/ubirataonline\",\"https:\\\/\\\/mastodon.social\\\/@ubirataonline\",\"https:\\\/\\\/www.facebook.com\\\/groups\\\/311144672285604\",\"https:\\\/\\\/www.facebook.com\\\/UBTAOnline\",\"https:\\\/\\\/www.instagram.com\\\/portalubirataonline\\\/\",\"https:\\\/\\\/twitter.com\\\/ubirataonline\"],\"description\":\"Somos um portal de not\u00edcias independente, criado em 5 de janeiro de 2009, com o objetivo de informar, conectar e valorizar a nossa comunidade de Ubirat\u00e3 e toda aregi\u00e3o. Com conte\u00fado atualizado, confi\u00e1vel e relevante, o Ubirat\u00e3 Online \u00e9 o seu espa\u00e7o para ficar por dentro dos principais acontecimentos locais, regionais, Brasil, Mundo e de interesse geral. Nosso compromisso \u00e9 com a verdade, a transpar\u00eancia e o respeito ao leitor.\",\"legalName\":\"UBIRATA ONLINE NOT\u00cdCIAS\",\"foundingDate\":\"2009-01-05\",\"numberOfEmployees\":{\"@type\":\"QuantitativeValue\",\"minValue\":\"1\",\"maxValue\":\"10\"},\"publishingPrinciples\":\"https:\\\/\\\/ubirataonline.com.br\\\/faq\\\/\",\"address\":{\"@id\":\"https:\\\/\\\/ubirataonline.com.br\\\/sen-amy-klobuchar-announces-run-for-minnesota-governor-amid-immigration-turmoil\\\/#local-main-place-address\"},\"geo\":{\"@type\":\"GeoCoordinates\",\"latitude\":\"-24.5361401\",\"longitude\":\"-52.9921776\"},\"telephone\":[\"+5544998308235\"],\"contactPoint\":{\"@type\":\"ContactPoint\",\"email\":\"contato@ubirataonline.com.br\"},\"openingHoursSpecification\":{\"@type\":\"OpeningHoursSpecification\",\"dayOfWeek\":[\"Monday\",\"Tuesday\",\"Wednesday\",\"Thursday\",\"Friday\",\"Saturday\",\"Sunday\"],\"opens\":\"00:00\",\"closes\":\"23:59\"},\"email\":\"contato@ubirataonline.com.br\",\"vatID\":\"47.621.418\\\/0001-80\"},{\"@type\":\"Person\",\"@id\":\"https:\\\/\\\/ubirataonline.com.br\\\/#\\\/schema\\\/person\\\/372f87bbd3fdd79b8556b84c98d0bc1c\",\"name\":\"REDA\u00c7\u00c3O: UBIRAT\u00c3 ONLINE - F\u00c1BIO AUGUSTO CELESTINO\",\"pronouns\":\"Ele\",\"description\":\"Desde 2003 trabalhando com not\u00edcias.\",\"sameAs\":[\"http:\\\/\\\/ubirataoline.com.br\",\"https:\\\/\\\/www.facebook.com\\\/portalubirataonline\",\"https:\\\/\\\/www.instagram.com\\\/ubirataonline_oficial\",\"https:\\\/\\\/x.com\\\/x.com\\\/ubirataonline\"],\"honorificPrefix\":\"Mr.\",\"honorificSuffix\":\"MD\",\"birthDate\":\"1980-06-16\",\"gender\":\"masculino\",\"award\":[\"V\u00e1rios pr\u00eamios de melhor portal da cidade\"],\"jobTitle\":\"Diretor\",\"url\":\"https:\\\/\\\/ubirataonline.com.br\\\/en\\\/author\\\/ubirataonline\\\/\"},{\"@type\":\"PostalAddress\",\"@id\":\"https:\\\/\\\/ubirataonline.com.br\\\/sen-amy-klobuchar-announces-run-for-minnesota-governor-amid-immigration-turmoil\\\/#local-main-place-address\",\"streetAddress\":\"Rua dos Coqueiros, 104 - Bairro Boa Vista, Rua dos Coqueiros, 104 Bairro Boa Vista\",\"addressLocality\":\"UBIRATA\",\"postalCode\":\"85440-000\",\"addressRegion\":\"PR\",\"addressCountry\":\"BR\"},{\"@type\":\"ImageObject\",\"inLanguage\":\"en-US\",\"@id\":\"https:\\\/\\\/ubirataonline.com.br\\\/sen-amy-klobuchar-announces-run-for-minnesota-governor-amid-immigration-turmoil\\\/#local-main-organization-logo\",\"url\":\"https:\\\/\\\/ubirataonline.com.br\\\/wp-content\\\/uploads\\\/2026\\\/06\\\/logoubirataonline-1.webp\",\"contentUrl\":\"https:\\\/\\\/ubirataonline.com.br\\\/wp-content\\\/uploads\\\/2026\\\/06\\\/logoubirataonline-1.webp\",\"width\":500,\"height\":500,\"caption\":\"Ubirat\u00e3 Online Not\u00edcias\"}]}<\/script>\n<meta name=\"geo.placename\" content=\"UBIRATA\" \/>\n<meta name=\"geo.position\" content=\"-24.5361401;-52.9921776\" \/>\n<meta name=\"geo.region\" content=\"Brazil\" \/>\n<!-- \/ Yoast SEO Premium plugin. -->","yoast_head_json":{"title":"Sen. Amy Klobuchar announces run for Minnesota governor amid immigration turmoil - Ubirat\u00e3 Online Not\u00edcias - A realidade ao seu alcance!","description":"Sen. Amy Klobuchar announced on Thursday her candidacy for governor of Minnesota, saying her home state was in need of a leader who could \"fix things in","robots":{"index":"index","follow":"follow","max-snippet":"max-snippet:-1","max-image-preview":"max-image-preview:large","max-video-preview":"max-video-preview:-1"},"canonical":"https:\/\/ubirataonline.com.br\/en\/sen-amy-klobuchar-announces-run-for-minnesota-governor-amid-immigration-turmoil\/","og_locale":"en_US","og_type":"article","og_title":"Sen. Amy Klobuchar announces run for Minnesota governor amid immigration turmoil","og_description":"Sen. Amy Klobuchar announced on Thursday her candidacy for governor of Minnesota, saying her home state was in need of a leader who could \"fix things in","og_url":"https:\/\/ubirataonline.com.br\/en\/sen-amy-klobuchar-announces-run-for-minnesota-governor-amid-immigration-turmoil\/","og_site_name":"Ubirat\u00e3 Online Not\u00edcias - A realidade ao seu alcance!","article_publisher":"https:\/\/www.facebook.com\/portalubirataonline","article_author":"https:\/\/www.facebook.com\/portalubirataonline","article_published_time":"2026-01-29T13:41:30+00:00","article_modified_time":"2026-01-29T13:41:34+00:00","og_image":[{"width":1600,"height":900,"url":"https:\/\/ubirataonline.com.br\/wp-content\/uploads\/2026\/01\/Sen-Amy-Klobuchar-announces-run-for-Minnesota-governor-amid-immigration.jpg","type":"image\/jpeg"}],"author":"REDA\u00c7\u00c3O: UBIRAT\u00c3 ONLINE - F\u00c1BIO AUGUSTO CELESTINO","twitter_card":"summary_large_image","twitter_creator":"@x.com\/ubirataonline","twitter_site":"@ubirataonline","twitter_misc":{"Written by":"REDA\u00c7\u00c3O: UBIRAT\u00c3 ONLINE - F\u00c1BIO AUGUSTO CELESTINO","Est. reading time":"3 minutes"},"schema":{"@context":"https:\/\/schema.org","@graph":[{"@type":"NewsArticle","@id":"https:\/\/ubirataonline.com.br\/sen-amy-klobuchar-announces-run-for-minnesota-governor-amid-immigration-turmoil\/#article","isPartOf":{"@id":"https:\/\/ubirataonline.com.br\/sen-amy-klobuchar-announces-run-for-minnesota-governor-amid-immigration-turmoil\/"},"author":{"name":"REDA\u00c7\u00c3O: UBIRAT\u00c3 ONLINE - F\u00c1BIO AUGUSTO CELESTINO","@id":"https:\/\/ubirataonline.com.br\/#\/schema\/person\/372f87bbd3fdd79b8556b84c98d0bc1c"},"headline":"Sen. Amy Klobuchar announces run for Minnesota governor amid immigration turmoil","datePublished":"2026-01-29T13:41:30+00:00","dateModified":"2026-01-29T13:41:34+00:00","mainEntityOfPage":{"@id":"https:\/\/ubirataonline.com.br\/sen-amy-klobuchar-announces-run-for-minnesota-governor-amid-immigration-turmoil\/"},"wordCount":667,"publisher":{"@id":"https:\/\/ubirataonline.com.br\/#organization"},"image":{"@id":"https:\/\/ubirataonline.com.br\/sen-amy-klobuchar-announces-run-for-minnesota-governor-amid-immigration-turmoil\/#primaryimage"},"thumbnailUrl":"https:\/\/ubirataonline.com.br\/wp-content\/uploads\/2026\/01\/Sen-Amy-Klobuchar-announces-run-for-Minnesota-governor-amid-immigration.jpg","keywords":["Amy","announces","governor","immigration","Klobuchar","Minnesota","run","Sen","turmoil"],"articleSection":["Europe"],"inLanguage":"en-US","copyrightYear":"2026","copyrightHolder":{"@id":"https:\/\/ubirataonline.com.br\/en\/#organization"}},{"@type":"WebPage","@id":"https:\/\/ubirataonline.com.br\/sen-amy-klobuchar-announces-run-for-minnesota-governor-amid-immigration-turmoil\/","url":"https:\/\/ubirataonline.com.br\/sen-amy-klobuchar-announces-run-for-minnesota-governor-amid-immigration-turmoil\/","name":"Sen. Amy Klobuchar announces run for Minnesota governor amid immigration turmoil - Ubirat\u00e3 Online Not\u00edcias - A realidade ao seu alcance!","isPartOf":{"@id":"https:\/\/ubirataonline.com.br\/#website"},"primaryImageOfPage":{"@id":"https:\/\/ubirataonline.com.br\/sen-amy-klobuchar-announces-run-for-minnesota-governor-amid-immigration-turmoil\/#primaryimage"},"image":{"@id":"https:\/\/ubirataonline.com.br\/sen-amy-klobuchar-announces-run-for-minnesota-governor-amid-immigration-turmoil\/#primaryimage"},"thumbnailUrl":"https:\/\/ubirataonline.com.br\/wp-content\/uploads\/2026\/01\/Sen-Amy-Klobuchar-announces-run-for-Minnesota-governor-amid-immigration.jpg","datePublished":"2026-01-29T13:41:30+00:00","dateModified":"2026-01-29T13:41:34+00:00","description":"Sen. Amy Klobuchar announced on Thursday her candidacy for governor of Minnesota, saying her home state was in need of a leader who could \"fix things in","breadcrumb":{"@id":"https:\/\/ubirataonline.com.br\/sen-amy-klobuchar-announces-run-for-minnesota-governor-amid-immigration-turmoil\/#breadcrumb"},"inLanguage":"en-US","potentialAction":[{"@type":"ReadAction","target":["https:\/\/ubirataonline.com.br\/sen-amy-klobuchar-announces-run-for-minnesota-governor-amid-immigration-turmoil\/"]}]},{"@type":"ImageObject","inLanguage":"en-US","@id":"https:\/\/ubirataonline.com.br\/sen-amy-klobuchar-announces-run-for-minnesota-governor-amid-immigration-turmoil\/#primaryimage","url":"https:\/\/ubirataonline.com.br\/wp-content\/uploads\/2026\/01\/Sen-Amy-Klobuchar-announces-run-for-Minnesota-governor-amid-immigration.jpg","contentUrl":"https:\/\/ubirataonline.com.br\/wp-content\/uploads\/2026\/01\/Sen-Amy-Klobuchar-announces-run-for-Minnesota-governor-amid-immigration.jpg","width":1600,"height":900,"caption":"Sen. Amy Klobuchar, D-Minn, speaks during a field hearing on immigration Friday, Jan. 16, 2026, in St. Paul, Minn. Abbie Parr\/AP"},{"@type":"BreadcrumbList","@id":"https:\/\/ubirataonline.com.br\/sen-amy-klobuchar-announces-run-for-minnesota-governor-amid-immigration-turmoil\/#breadcrumb","itemListElement":[{"@type":"ListItem","position":1,"name":"In\u00edcio","item":"https:\/\/ubirataonline.com.br\/"},{"@type":"ListItem","position":2,"name":"Sen. Amy Klobuchar announces run for Minnesota governor amid immigration turmoil"}]},{"@type":"WebSite","@id":"https:\/\/ubirataonline.com.br\/#website","url":"https:\/\/ubirataonline.com.br\/","name":"Ubirat\u00e3 Online Not\u00edcias","description":"Not\u00edcias de Ubirat\u00e3, regi\u00e3o, Brasil e mundo, com informa\u00e7\u00e3o atualizada e compromisso com o leitor.","publisher":{"@id":"https:\/\/ubirataonline.com.br\/#organization"},"alternateName":"Ubirat\u00e3 Online","potentialAction":[{"@type":"SearchAction","target":{"@type":"EntryPoint","urlTemplate":"https:\/\/ubirataonline.com.br\/?s={search_term_string}"},"query-input":{"@type":"PropertyValueSpecification","valueRequired":true,"valueName":"search_term_string"}}],"inLanguage":"en-US"},{"@type":["Organization","Place"],"@id":"https:\/\/ubirataonline.com.br\/#organization","name":"Ubirat\u00e3 Online Not\u00edcias","alternateName":"Ubirat\u00e3 Online","url":"https:\/\/ubirataonline.com.br\/","logo":{"@id":"https:\/\/ubirataonline.com.br\/sen-amy-klobuchar-announces-run-for-minnesota-governor-amid-immigration-turmoil\/#local-main-organization-logo"},"image":{"@id":"https:\/\/ubirataonline.com.br\/sen-amy-klobuchar-announces-run-for-minnesota-governor-amid-immigration-turmoil\/#local-main-organization-logo"},"sameAs":["https:\/\/www.facebook.com\/portalubirataonline","https:\/\/x.com\/ubirataonline","https:\/\/mastodon.social\/@ubirataonline","https:\/\/www.facebook.com\/groups\/311144672285604","https:\/\/www.facebook.com\/UBTAOnline","https:\/\/www.instagram.com\/portalubirataonline\/","https:\/\/twitter.com\/ubirataonline"],"description":"Somos um portal de not\u00edcias independente, criado em 5 de janeiro de 2009, com o objetivo de informar, conectar e valorizar a nossa comunidade de Ubirat\u00e3 e toda aregi\u00e3o. Com conte\u00fado atualizado, confi\u00e1vel e relevante, o Ubirat\u00e3 Online \u00e9 o seu espa\u00e7o para ficar por dentro dos principais acontecimentos locais, regionais, Brasil, Mundo e de interesse geral. Nosso compromisso \u00e9 com a verdade, a transpar\u00eancia e o respeito ao leitor.","legalName":"UBIRATA ONLINE NOT\u00cdCIAS","foundingDate":"2009-01-05","numberOfEmployees":{"@type":"QuantitativeValue","minValue":"1","maxValue":"10"},"publishingPrinciples":"https:\/\/ubirataonline.com.br\/faq\/","address":{"@id":"https:\/\/ubirataonline.com.br\/sen-amy-klobuchar-announces-run-for-minnesota-governor-amid-immigration-turmoil\/#local-main-place-address"},"geo":{"@type":"GeoCoordinates","latitude":"-24.5361401","longitude":"-52.9921776"},"telephone":["+5544998308235"],"contactPoint":{"@type":"ContactPoint","email":"contato@ubirataonline.com.br"},"openingHoursSpecification":{"@type":"OpeningHoursSpecification","dayOfWeek":["Monday","Tuesday","Wednesday","Thursday","Friday","Saturday","Sunday"],"opens":"00:00","closes":"23:59"},"email":"contato@ubirataonline.com.br","vatID":"47.621.418\/0001-80"},{"@type":"Person","@id":"https:\/\/ubirataonline.com.br\/#\/schema\/person\/372f87bbd3fdd79b8556b84c98d0bc1c","name":"REDA\u00c7\u00c3O: UBIRAT\u00c3 ONLINE - F\u00c1BIO AUGUSTO CELESTINO","pronouns":"Ele","description":"Desde 2003 trabalhando com not\u00edcias.","sameAs":["http:\/\/ubirataoline.com.br","https:\/\/www.facebook.com\/portalubirataonline","https:\/\/www.instagram.com\/ubirataonline_oficial","https:\/\/x.com\/x.com\/ubirataonline"],"honorificPrefix":"Mr.","honorificSuffix":"MD","birthDate":"1980-06-16","gender":"masculino","award":["V\u00e1rios pr\u00eamios de melhor portal da cidade"],"jobTitle":"Diretor","url":"https:\/\/ubirataonline.com.br\/en\/author\/ubirataonline\/"},{"@type":"PostalAddress","@id":"https:\/\/ubirataonline.com.br\/sen-amy-klobuchar-announces-run-for-minnesota-governor-amid-immigration-turmoil\/#local-main-place-address","streetAddress":"Rua dos Coqueiros, 104 - Bairro Boa Vista, Rua dos Coqueiros, 104 Bairro Boa Vista","addressLocality":"UBIRATA","postalCode":"85440-000","addressRegion":"PR","addressCountry":"BR"},{"@type":"ImageObject","inLanguage":"en-US","@id":"https:\/\/ubirataonline.com.br\/sen-amy-klobuchar-announces-run-for-minnesota-governor-amid-immigration-turmoil\/#local-main-organization-logo","url":"https:\/\/ubirataonline.com.br\/wp-content\/uploads\/2026\/06\/logoubirataonline-1.webp","contentUrl":"https:\/\/ubirataonline.com.br\/wp-content\/uploads\/2026\/06\/logoubirataonline-1.webp","width":500,"height":500,"caption":"Ubirat\u00e3 Online Not\u00edcias"}]},"geo.placename":"UBIRATA","geo.position":{"lat":"-24.5361401","long":"-52.9921776"},"geo.region":"Brazil"},"_links":{"self":[{"href":"https:\/\/ubirataonline.com.br\/en\/wp-json\/wp\/v2\/posts\/83118","targetHints":{"allow":["GET"]}}],"collection":[{"href":"https:\/\/ubirataonline.com.br\/en\/wp-json\/wp\/v2\/posts"}],"about":[{"href":"https:\/\/ubirataonline.com.br\/en\/wp-json\/wp\/v2\/types\/post"}],"author":[{"embeddable":true,"href":"https:\/\/ubirataonline.com.br\/en\/wp-json\/wp\/v2\/users\/1"}],"replies":[{"embeddable":true,"href":"https:\/\/ubirataonline.com.br\/en\/wp-json\/wp\/v2\/comments?post=83118"}],"version-history":[{"count":0,"href":"https:\/\/ubirataonline.com.br\/en\/wp-json\/wp\/v2\/posts\/83118\/revisions"}],"wp:featuredmedia":[{"embeddable":true,"href":"https:\/\/ubirataonline.com.br\/en\/wp-json\/wp\/v2\/media\/83119"}],"wp:attachment":[{"href":"https:\/\/ubirataonline.com.br\/en\/wp-json\/wp\/v2\/media?parent=83118"}],"wp:term":[{"taxonomy":"category","embeddable":true,"href":"https:\/\/ubirataonline.com.br\/en\/wp-json\/wp\/v2\/categories?post=83118"},{"taxonomy":"post_tag","embeddable":true,"href":"https:\/\/ubirataonline.com.br\/en\/wp-json\/wp\/v2\/tags?post=83118"}],"curies":[{"name":"wp","href":"https:\/\/api.w.org\/{rel}","templated":true}]}}