{"id":83124,"date":"2026-01-29T11:11:33","date_gmt":"2026-01-29T14:11:33","guid":{"rendered":"https:\/\/ubirataonline.com.br\/musical-sobre-raul-seixas-estreia-em-curitiba-no-guairinha\/"},"modified":"2026-01-29T11:11:37","modified_gmt":"2026-01-29T14:11:37","slug":"musical-sobre-raul-seixas-estreia-em-curitiba-no-guairinha","status":"publish","type":"post","link":"https:\/\/ubirataonline.com.br\/en\/musical-sobre-raul-seixas-estreia-em-curitiba-no-guairinha\/","title":{"rendered":"Musical sobre Raul Seixas estreia em Curitiba no Guairinha"},"content":{"rendered":"<p><\/p>\n<div id=\"post-content\">\n<p>O espet\u00e1culo<strong> \u201cRaul Seixas, O Musical\u201d<\/strong> chega a <strong>Curitiba<\/strong> para duas apresenta\u00e7\u00f5es in\u00e9ditas nos dias 13 e 14 de mar\u00e7o, \u00e0s 20h, no Audit\u00f3rio Salvador de Ferrante (<strong>Guairinha<\/strong>). Estrelado pelo ator Bruce Gomlevsky, o musical j\u00e1 atraiu mais de 20 mil espectadores em temporadas no Rio de Janeiro e S\u00e3o Paulo.<\/p>\n<p>Com dramaturgia e dire\u00e7\u00e3o de Leonardo da Selva, a montagem convida o p\u00fablico a passar uma noite no escrit\u00f3rio criativo do artista. Durante uma madrugada de ins\u00f4nia, Raul Seixas revisita sua trajet\u00f3ria, comp\u00f5e, escreve e reflete sobre sua arte, seu pa\u00eds e a condi\u00e7\u00e3o humana.<\/p>\n<p>O espet\u00e1culo re\u00fane 21 m\u00fasicas, incluindo cl\u00e1ssicos como \u201cEu Nasci H\u00e1 Dez Mil Anos Atr\u00e1s\u201d, \u201cMaluco Beleza\u201d e \u201cGita\u201d. Tamb\u00e9m s\u00e3o apresentadas can\u00e7\u00f5es que influenciaram Seixas, como \u201cCome Together\u201d dos Beatles e \u201cBlue Suede Shoes\u201d de Elvis Presley.<\/p>\n<p>A dramaturgia foi constru\u00edda com acesso autorizado aos manuscritos e cadernos originais do cantor, mesclando can\u00e7\u00f5es com pensamentos in\u00e9ditos de Raul. O diretor evitou uma abordagem biogr\u00e1fica linear, focando na atualidade e for\u00e7a da obra do artista.<\/p>\n<p>As apresenta\u00e7\u00f5es t\u00eam dura\u00e7\u00e3o de 1h40 e classifica\u00e7\u00e3o livre. <a href=\"https:\/\/www.diskingressos.com.br\/grupo\/2890\/2026-03-14\/pr\/curitiba\/raul-seixas-o-musical\" target=\"_blank\" rel=\"noreferrer noopener\">Os ingressos est\u00e3o \u00e0 venda pela Diskingressos<\/a>. O Guairinha fica localizado na Rua XV de Novembro, 971, no Centro de Curitiba.<\/p>\n<section class=\"virals\">\n<article class=\"cardnews cardnews--post cardnews--has-thumbnail cardnews--editorial-noticias\"> <a href=\"https:\/\/www.tribunapr.com.br\/noticias\/curitiba-regiao\/contas-no-inicio-do-ano-desafiam-familias-saiba-como-equilibrar-os-gastos\/?utm_source=noticias-virais-rodape&amp;utm_medium=internal-tribuna&amp;utm_campaign=tribuna\" class=\"cardnews__postlink\"> <\/p>\n<div class=\"cardnews__image\" is-api-thumb=\"\"><\/div>\n<div class=\"cardnews__content cardhome__content\">\n<div class=\"cardnews__content-wrapper\">\n<p> <span style=\"\"> IPTU, IPVA&#8230; <\/span> <\/p>\n<p>Descubra como pagar IPTU, IPVA e escola sem sufocar seu bolso<\/p>\n<\/p><\/div>\n<\/p><\/div>\n<p> <\/a> <\/article>\n<article class=\"cardnews cardnews--post cardnews--has-thumbnail cardnews--editorial-noticias\"> <a href=\"https:\/\/www.tribunapr.com.br\/noticias\/brasil\/jeito-errado-de-usar-a-geladeira-pode-custar-alto-na-conta-de-luz\/?utm_source=noticias-virais-rodape&amp;utm_medium=internal-tribuna&amp;utm_campaign=tribuna\" class=\"cardnews__postlink\"> <\/p>\n<div class=\"cardnews__image\" is-api-thumb=\"\"><img decoding=\"async\" src=\"https:\/\/www.tribunapr.com.br\/wp-content\/uploads\/2026\/01\/14114224\/geladeira-370x210.jpg\" loading=\"lazy\" alt=\"Erro comum com geladeira pode explodir sua conta de luz\"\/><\/div>\n<div class=\"cardnews__content cardhome__content\">\n<div class=\"cardnews__content-wrapper\">\n<p> <span style=\"\"> Economia <\/span> <\/p>\n<p>Erro comum com geladeira pode explodir sua conta de luz<\/p>\n<\/p><\/div>\n<\/p><\/div>\n<p> <\/a> <\/article>\n<article class=\"cardnews cardnews--post cardnews--has-thumbnail cardnews--editorial-noticias\"> <a href=\"https:\/\/www.tribunapr.com.br\/blogs\/cacador-de-boteco\/em-curitiba-madeira-chope-e-encontros-dao-forma-ao-celeiro-do-malte\/?utm_source=noticias-virais-rodape&amp;utm_medium=internal-tribuna&amp;utm_campaign=tribuna\" class=\"cardnews__postlink\"> <\/p>\n<div class=\"cardnews__image\" is-api-thumb=\"\"><img decoding=\"async\" src=\"https:\/\/www.tribunapr.com.br\/wp-content\/uploads\/2022\/10\/15074047\/celeiro-do-malte-2-370x210.jpg\" loading=\"lazy\" alt=\"Este bar r\u00fastico em Curitiba virou sensa\u00e7\u00e3o entre cervejeiros\"\/><\/div>\n<div class=\"cardnews__content cardhome__content\">\n<div class=\"cardnews__content-wrapper\">\n<p> <span style=\"\"> Ca\u00e7ador de Boteco <\/span> <\/p>\n<p>Este bar r\u00fastico em Curitiba virou sensa\u00e7\u00e3o entre cervejeiros<\/p>\n<\/p><\/div>\n<\/p><\/div>\n<p> <\/a> <\/article>\n<\/section>\n<div id=\"tribuna-follow-cta\">\n<p> <span class=\"cta-title\">Siga a <span class=\"tribuna-color\">Tribuna<\/span> no Google, e acompanhe as \u00faltimas not\u00edcias de Curitiba e regi\u00e3o!<\/span> <\/p>\n<p> <a href=\"https:\/\/profile.google.com\/cp\/CgwvZy8xMmxxajUzM3Mac2h0dHBzOi8vd3d3LnRyaWJ1bmFwci5jb20uYnIvdml2YS92aXRyaW5lL2dpZ2FudGUtZG8tdmVzdHVhcmlvLXJlaW5hdWd1cmEtbG9qYS1lbS1zaG9wcGluZy10cmFkaWNpb25hbC1kZS1jdXJpdGliYS8iElRyaWJ1bmEgZG8gUGFyYW7DoSqAAwrHAWh0dHBzOi8vZW5jcnlwdGVkLXRibjIuZ3N0YXRpYy5jb20vZmF2aWNvbi10Ym4_cT10Ym46QU5kOUdjUVJPbjVDRjR6TzJPbkUwTXZrRlRCRTY2U0g1bGlaVDRaZTV3bWNKeU5GRm1BSnluM01nNU9PR3BXY1pYMzZwYU5HUWtsZ09JVEFLTTNNZVNGbTc1aWp6M3k2ajUtQ3M2b25kX2JUcFFQQkVLd3RsUjBsTmJESnUtVHhrNXQtbFlCNlVpOWZSVVFjT2cSswFodHRwczovL2VuY3J5cHRlZC10Ym4zLmdzdGF0aWMuY29tL2Zhdmljb24tdGJuP3E9dGJuJTNBQU5kOUdjU0FMaWJ2eFF0YXdFMFRueVdWWmVKRS1MZEdRZjVTUi1OZ2RMazhyZzIwVy1nM0JuQ1F4VDNKZFBjRXR2THdBeVRxUDJEdHVycEdVR29CQkxpYzM5al9wSmFxRERaMHNCYW05WEVhSGVsMmZTQmdKdlF4WWVyMw\" target=\"_blank\" title=\"Seguir a Tribuna no Google\">  <\/a> <\/div>\n<\/p><\/div>\n<p><a href=\"https:\/\/www.tribunapr.com.br\/viva\/musical-sobre-raul-seixas-estreia-em-curitiba-no-guairinha\/\">Source link <\/a><\/p>","protected":false},"excerpt":{"rendered":"<p>O espet\u00e1culo \u201cRaul Seixas, O Musical\u201d chega a Curitiba para duas apresenta\u00e7\u00f5es in\u00e9ditas nos dias 13 e 14 de mar\u00e7o, \u00e0s 20h, no Audit\u00f3rio Salvador de Ferrante (Guairinha). Estrelado pelo ator Bruce Gomlevsky, o musical j\u00e1 atraiu mais de 20 mil espectadores em temporadas no Rio de Janeiro e S\u00e3o Paulo. Com dramaturgia e dire\u00e7\u00e3o [&hellip;]<\/p>\n","protected":false},"author":1,"featured_media":83125,"comment_status":"closed","ping_status":"","sticky":false,"template":"","format":"standard","meta":{"googlesitekit_rrm_CAow2JLhCw:productID":"","_gspb_post_css":"","maa_idioma":"","maa_pais":"","footnotes":""},"categories":[1],"tags":[151,3613,16397,6135,7378,16396,3203],"class_list":["post-83124","post","type-post","status-publish","format-standard","has-post-thumbnail","hentry","category-ubirata","tag-curitiba","tag-estreia","tag-guairinha","tag-musical","tag-raul","tag-seixas","tag-sobre"],"blocksy_meta":[],"yoast_head":"<!-- This site is optimized with the Yoast SEO Premium plugin v27.6 (Yoast SEO v27.6) - https:\/\/yoast.com\/product\/yoast-seo-premium-wordpress\/ -->\n<title>Musical sobre Raul Seixas estreia em Curitiba no Guairinha - Ubirat\u00e3 Online Not\u00edcias - A realidade ao seu alcance!<\/title>\n<meta name=\"description\" content=\"O espet\u00e1culo \u201cRaul Seixas, O Musical\u201d chega a Curitiba para duas apresenta\u00e7\u00f5es in\u00e9ditas nos dias 13 e 14 de mar\u00e7o, \u00e0s 20h, no Audit\u00f3rio Salvador de\" \/>\n<meta name=\"robots\" content=\"index, follow, max-snippet:-1, max-image-preview:large, max-video-preview:-1\" \/>\n<link rel=\"canonical\" href=\"https:\/\/ubirataonline.com.br\/en\/musical-sobre-raul-seixas-estreia-em-curitiba-no-guairinha\/\" \/>\n<meta property=\"og:locale\" content=\"en_US\" \/>\n<meta property=\"og:type\" content=\"article\" \/>\n<meta property=\"og:title\" content=\"Musical sobre Raul Seixas estreia em Curitiba no Guairinha\" \/>\n<meta property=\"og:description\" content=\"O espet\u00e1culo \u201cRaul Seixas, O Musical\u201d chega a Curitiba para duas apresenta\u00e7\u00f5es in\u00e9ditas nos dias 13 e 14 de mar\u00e7o, \u00e0s 20h, no Audit\u00f3rio Salvador de\" \/>\n<meta property=\"og:url\" content=\"https:\/\/ubirataonline.com.br\/en\/musical-sobre-raul-seixas-estreia-em-curitiba-no-guairinha\/\" \/>\n<meta property=\"og:site_name\" content=\"Ubirat\u00e3 Online Not\u00edcias - A realidade ao seu alcance!\" \/>\n<meta property=\"article:publisher\" content=\"https:\/\/www.facebook.com\/portalubirataonline\" \/>\n<meta property=\"article:author\" content=\"https:\/\/www.facebook.com\/portalubirataonline\" \/>\n<meta property=\"article:published_time\" content=\"2026-01-29T14:11:33+00:00\" \/>\n<meta property=\"article:modified_time\" content=\"2026-01-29T14:11:37+00:00\" \/>\n<meta property=\"og:image\" content=\"https:\/\/ubirataonline.com.br\/wp-content\/uploads\/2026\/01\/Musical-sobre-Raul-Seixas-estreia-em-Curitiba-no-Guairinha.jpg\" \/>\n\t<meta property=\"og:image:width\" content=\"2048\" \/>\n\t<meta property=\"og:image:height\" content=\"1365\" \/>\n\t<meta property=\"og:image:type\" content=\"image\/jpeg\" \/>\n<meta name=\"author\" content=\"REDA\u00c7\u00c3O: UBIRAT\u00c3 ONLINE - F\u00c1BIO AUGUSTO CELESTINO\" \/>\n<meta name=\"twitter:card\" content=\"summary_large_image\" \/>\n<meta name=\"twitter:creator\" content=\"@x.com\/ubirataonline\" \/>\n<meta name=\"twitter:site\" content=\"@ubirataonline\" \/>\n<meta name=\"twitter:label1\" content=\"Written by\" \/>\n\t<meta name=\"twitter:data1\" content=\"REDA\u00c7\u00c3O: UBIRAT\u00c3 ONLINE - F\u00c1BIO AUGUSTO CELESTINO\" \/>\n\t<meta name=\"twitter:label2\" content=\"Est. reading time\" \/>\n\t<meta name=\"twitter:data2\" content=\"1 minute\" \/>\n<script type=\"application\/ld+json\" class=\"yoast-schema-graph\">{\"@context\":\"https:\\\/\\\/schema.org\",\"@graph\":[{\"@type\":\"NewsArticle\",\"@id\":\"https:\\\/\\\/ubirataonline.com.br\\\/musical-sobre-raul-seixas-estreia-em-curitiba-no-guairinha\\\/#article\",\"isPartOf\":{\"@id\":\"https:\\\/\\\/ubirataonline.com.br\\\/musical-sobre-raul-seixas-estreia-em-curitiba-no-guairinha\\\/\"},\"author\":{\"name\":\"REDA\u00c7\u00c3O: UBIRAT\u00c3 ONLINE - F\u00c1BIO AUGUSTO CELESTINO\",\"@id\":\"https:\\\/\\\/ubirataonline.com.br\\\/#\\\/schema\\\/person\\\/372f87bbd3fdd79b8556b84c98d0bc1c\"},\"headline\":\"Musical sobre Raul Seixas estreia em Curitiba no Guairinha\",\"datePublished\":\"2026-01-29T14:11:33+00:00\",\"dateModified\":\"2026-01-29T14:11:37+00:00\",\"mainEntityOfPage\":{\"@id\":\"https:\\\/\\\/ubirataonline.com.br\\\/musical-sobre-raul-seixas-estreia-em-curitiba-no-guairinha\\\/\"},\"wordCount\":293,\"publisher\":{\"@id\":\"https:\\\/\\\/ubirataonline.com.br\\\/#organization\"},\"image\":{\"@id\":\"https:\\\/\\\/ubirataonline.com.br\\\/musical-sobre-raul-seixas-estreia-em-curitiba-no-guairinha\\\/#primaryimage\"},\"thumbnailUrl\":\"https:\\\/\\\/ubirataonline.com.br\\\/wp-content\\\/uploads\\\/2026\\\/01\\\/Musical-sobre-Raul-Seixas-estreia-em-Curitiba-no-Guairinha.jpg\",\"keywords\":[\"Curitiba\",\"estreia\",\"Guairinha\",\"Musical\",\"Raul\",\"Seixas\",\"sobre\"],\"articleSection\":[\"Ubirat\u00e3\"],\"inLanguage\":\"en-US\",\"copyrightYear\":\"2026\",\"copyrightHolder\":{\"@id\":\"https:\\\/\\\/ubirataonline.com.br\\\/en\\\/#organization\"}},{\"@type\":\"WebPage\",\"@id\":\"https:\\\/\\\/ubirataonline.com.br\\\/musical-sobre-raul-seixas-estreia-em-curitiba-no-guairinha\\\/\",\"url\":\"https:\\\/\\\/ubirataonline.com.br\\\/musical-sobre-raul-seixas-estreia-em-curitiba-no-guairinha\\\/\",\"name\":\"Musical sobre Raul Seixas estreia em Curitiba no Guairinha - Ubirat\u00e3 Online Not\u00edcias - A realidade ao seu alcance!\",\"isPartOf\":{\"@id\":\"https:\\\/\\\/ubirataonline.com.br\\\/#website\"},\"primaryImageOfPage\":{\"@id\":\"https:\\\/\\\/ubirataonline.com.br\\\/musical-sobre-raul-seixas-estreia-em-curitiba-no-guairinha\\\/#primaryimage\"},\"image\":{\"@id\":\"https:\\\/\\\/ubirataonline.com.br\\\/musical-sobre-raul-seixas-estreia-em-curitiba-no-guairinha\\\/#primaryimage\"},\"thumbnailUrl\":\"https:\\\/\\\/ubirataonline.com.br\\\/wp-content\\\/uploads\\\/2026\\\/01\\\/Musical-sobre-Raul-Seixas-estreia-em-Curitiba-no-Guairinha.jpg\",\"datePublished\":\"2026-01-29T14:11:33+00:00\",\"dateModified\":\"2026-01-29T14:11:37+00:00\",\"description\":\"O espet\u00e1culo \u201cRaul Seixas, O Musical\u201d chega a Curitiba para duas apresenta\u00e7\u00f5es in\u00e9ditas nos dias 13 e 14 de mar\u00e7o, \u00e0s 20h, no Audit\u00f3rio Salvador de\",\"breadcrumb\":{\"@id\":\"https:\\\/\\\/ubirataonline.com.br\\\/musical-sobre-raul-seixas-estreia-em-curitiba-no-guairinha\\\/#breadcrumb\"},\"inLanguage\":\"en-US\",\"potentialAction\":[{\"@type\":\"ReadAction\",\"target\":[\"https:\\\/\\\/ubirataonline.com.br\\\/musical-sobre-raul-seixas-estreia-em-curitiba-no-guairinha\\\/\"]}]},{\"@type\":\"ImageObject\",\"inLanguage\":\"en-US\",\"@id\":\"https:\\\/\\\/ubirataonline.com.br\\\/musical-sobre-raul-seixas-estreia-em-curitiba-no-guairinha\\\/#primaryimage\",\"url\":\"https:\\\/\\\/ubirataonline.com.br\\\/wp-content\\\/uploads\\\/2026\\\/01\\\/Musical-sobre-Raul-Seixas-estreia-em-Curitiba-no-Guairinha.jpg\",\"contentUrl\":\"https:\\\/\\\/ubirataonline.com.br\\\/wp-content\\\/uploads\\\/2026\\\/01\\\/Musical-sobre-Raul-Seixas-estreia-em-Curitiba-no-Guairinha.jpg\",\"width\":2048,\"height\":1365,\"caption\":\"Helena Le\u00e3o e Thais Andressa\"},{\"@type\":\"BreadcrumbList\",\"@id\":\"https:\\\/\\\/ubirataonline.com.br\\\/musical-sobre-raul-seixas-estreia-em-curitiba-no-guairinha\\\/#breadcrumb\",\"itemListElement\":[{\"@type\":\"ListItem\",\"position\":1,\"name\":\"In\u00edcio\",\"item\":\"https:\\\/\\\/ubirataonline.com.br\\\/\"},{\"@type\":\"ListItem\",\"position\":2,\"name\":\"Musical sobre Raul Seixas estreia em Curitiba no Guairinha\"}]},{\"@type\":\"WebSite\",\"@id\":\"https:\\\/\\\/ubirataonline.com.br\\\/#website\",\"url\":\"https:\\\/\\\/ubirataonline.com.br\\\/\",\"name\":\"Ubirat\u00e3 Online Not\u00edcias\",\"description\":\"Not\u00edcias de Ubirat\u00e3, regi\u00e3o, Brasil e mundo, com informa\u00e7\u00e3o atualizada e compromisso com o leitor.\",\"publisher\":{\"@id\":\"https:\\\/\\\/ubirataonline.com.br\\\/#organization\"},\"alternateName\":\"Ubirat\u00e3 Online\",\"potentialAction\":[{\"@type\":\"SearchAction\",\"target\":{\"@type\":\"EntryPoint\",\"urlTemplate\":\"https:\\\/\\\/ubirataonline.com.br\\\/?s={search_term_string}\"},\"query-input\":{\"@type\":\"PropertyValueSpecification\",\"valueRequired\":true,\"valueName\":\"search_term_string\"}}],\"inLanguage\":\"en-US\"},{\"@type\":[\"Organization\",\"Place\"],\"@id\":\"https:\\\/\\\/ubirataonline.com.br\\\/#organization\",\"name\":\"Ubirat\u00e3 Online Not\u00edcias\",\"alternateName\":\"Ubirat\u00e3 Online\",\"url\":\"https:\\\/\\\/ubirataonline.com.br\\\/\",\"logo\":{\"@id\":\"https:\\\/\\\/ubirataonline.com.br\\\/musical-sobre-raul-seixas-estreia-em-curitiba-no-guairinha\\\/#local-main-organization-logo\"},\"image\":{\"@id\":\"https:\\\/\\\/ubirataonline.com.br\\\/musical-sobre-raul-seixas-estreia-em-curitiba-no-guairinha\\\/#local-main-organization-logo\"},\"sameAs\":[\"https:\\\/\\\/www.facebook.com\\\/portalubirataonline\",\"https:\\\/\\\/x.com\\\/ubirataonline\",\"https:\\\/\\\/mastodon.social\\\/@ubirataonline\",\"https:\\\/\\\/www.facebook.com\\\/groups\\\/311144672285604\",\"https:\\\/\\\/www.facebook.com\\\/UBTAOnline\",\"https:\\\/\\\/www.instagram.com\\\/portalubirataonline\\\/\",\"https:\\\/\\\/twitter.com\\\/ubirataonline\"],\"description\":\"Somos um portal de not\u00edcias independente, criado em 5 de janeiro de 2009, com o objetivo de informar, conectar e valorizar a nossa comunidade de Ubirat\u00e3 e toda aregi\u00e3o. Com conte\u00fado atualizado, confi\u00e1vel e relevante, o Ubirat\u00e3 Online \u00e9 o seu espa\u00e7o para ficar por dentro dos principais acontecimentos locais, regionais, Brasil, Mundo e de interesse geral. Nosso compromisso \u00e9 com a verdade, a transpar\u00eancia e o respeito ao leitor.\",\"legalName\":\"UBIRATA ONLINE NOT\u00cdCIAS\",\"foundingDate\":\"2009-01-05\",\"numberOfEmployees\":{\"@type\":\"QuantitativeValue\",\"minValue\":\"1\",\"maxValue\":\"10\"},\"publishingPrinciples\":\"https:\\\/\\\/ubirataonline.com.br\\\/faq\\\/\",\"address\":{\"@id\":\"https:\\\/\\\/ubirataonline.com.br\\\/musical-sobre-raul-seixas-estreia-em-curitiba-no-guairinha\\\/#local-main-place-address\"},\"geo\":{\"@type\":\"GeoCoordinates\",\"latitude\":\"-24.5361401\",\"longitude\":\"-52.9921776\"},\"telephone\":[\"+5544998308235\"],\"contactPoint\":{\"@type\":\"ContactPoint\",\"email\":\"contato@ubirataonline.com.br\"},\"openingHoursSpecification\":{\"@type\":\"OpeningHoursSpecification\",\"dayOfWeek\":[\"Monday\",\"Tuesday\",\"Wednesday\",\"Thursday\",\"Friday\",\"Saturday\",\"Sunday\"],\"opens\":\"00:00\",\"closes\":\"23:59\"},\"email\":\"contato@ubirataonline.com.br\",\"vatID\":\"47.621.418\\\/0001-80\"},{\"@type\":\"Person\",\"@id\":\"https:\\\/\\\/ubirataonline.com.br\\\/#\\\/schema\\\/person\\\/372f87bbd3fdd79b8556b84c98d0bc1c\",\"name\":\"REDA\u00c7\u00c3O: UBIRAT\u00c3 ONLINE - F\u00c1BIO AUGUSTO CELESTINO\",\"pronouns\":\"Ele\",\"description\":\"Desde 2003 trabalhando com not\u00edcias.\",\"sameAs\":[\"http:\\\/\\\/ubirataoline.com.br\",\"https:\\\/\\\/www.facebook.com\\\/portalubirataonline\",\"https:\\\/\\\/www.instagram.com\\\/ubirataonline_oficial\",\"https:\\\/\\\/x.com\\\/x.com\\\/ubirataonline\"],\"honorificPrefix\":\"Mr.\",\"honorificSuffix\":\"MD\",\"birthDate\":\"1980-06-16\",\"gender\":\"masculino\",\"award\":[\"V\u00e1rios pr\u00eamios de melhor portal da cidade\"],\"jobTitle\":\"Diretor\",\"url\":\"https:\\\/\\\/ubirataonline.com.br\\\/en\\\/author\\\/ubirataonline\\\/\"},{\"@type\":\"PostalAddress\",\"@id\":\"https:\\\/\\\/ubirataonline.com.br\\\/musical-sobre-raul-seixas-estreia-em-curitiba-no-guairinha\\\/#local-main-place-address\",\"streetAddress\":\"Rua dos Coqueiros, 104 - Bairro Boa Vista, Rua dos Coqueiros, 104 Bairro Boa Vista\",\"addressLocality\":\"UBIRATA\",\"postalCode\":\"85440-000\",\"addressRegion\":\"PR\",\"addressCountry\":\"BR\"},{\"@type\":\"ImageObject\",\"inLanguage\":\"en-US\",\"@id\":\"https:\\\/\\\/ubirataonline.com.br\\\/musical-sobre-raul-seixas-estreia-em-curitiba-no-guairinha\\\/#local-main-organization-logo\",\"url\":\"https:\\\/\\\/ubirataonline.com.br\\\/wp-content\\\/uploads\\\/2026\\\/06\\\/logoubirataonline-1.webp\",\"contentUrl\":\"https:\\\/\\\/ubirataonline.com.br\\\/wp-content\\\/uploads\\\/2026\\\/06\\\/logoubirataonline-1.webp\",\"width\":500,\"height\":500,\"caption\":\"Ubirat\u00e3 Online Not\u00edcias\"}]}<\/script>\n<meta name=\"geo.placename\" content=\"UBIRATA\" \/>\n<meta name=\"geo.position\" content=\"-24.5361401;-52.9921776\" \/>\n<meta name=\"geo.region\" content=\"Brazil\" \/>\n<!-- \/ Yoast SEO Premium plugin. -->","yoast_head_json":{"title":"Musical sobre Raul Seixas estreia em Curitiba no Guairinha - Ubirat\u00e3 Online Not\u00edcias - A realidade ao seu alcance!","description":"O espet\u00e1culo \u201cRaul Seixas, O Musical\u201d chega a Curitiba para duas apresenta\u00e7\u00f5es in\u00e9ditas nos dias 13 e 14 de mar\u00e7o, \u00e0s 20h, no Audit\u00f3rio Salvador de","robots":{"index":"index","follow":"follow","max-snippet":"max-snippet:-1","max-image-preview":"max-image-preview:large","max-video-preview":"max-video-preview:-1"},"canonical":"https:\/\/ubirataonline.com.br\/en\/musical-sobre-raul-seixas-estreia-em-curitiba-no-guairinha\/","og_locale":"en_US","og_type":"article","og_title":"Musical sobre Raul Seixas estreia em Curitiba no Guairinha","og_description":"O espet\u00e1culo \u201cRaul Seixas, O Musical\u201d chega a Curitiba para duas apresenta\u00e7\u00f5es in\u00e9ditas nos dias 13 e 14 de mar\u00e7o, \u00e0s 20h, no Audit\u00f3rio Salvador de","og_url":"https:\/\/ubirataonline.com.br\/en\/musical-sobre-raul-seixas-estreia-em-curitiba-no-guairinha\/","og_site_name":"Ubirat\u00e3 Online Not\u00edcias - A realidade ao seu alcance!","article_publisher":"https:\/\/www.facebook.com\/portalubirataonline","article_author":"https:\/\/www.facebook.com\/portalubirataonline","article_published_time":"2026-01-29T14:11:33+00:00","article_modified_time":"2026-01-29T14:11:37+00:00","og_image":[{"width":2048,"height":1365,"url":"https:\/\/ubirataonline.com.br\/wp-content\/uploads\/2026\/01\/Musical-sobre-Raul-Seixas-estreia-em-Curitiba-no-Guairinha.jpg","type":"image\/jpeg"}],"author":"REDA\u00c7\u00c3O: UBIRAT\u00c3 ONLINE - F\u00c1BIO AUGUSTO CELESTINO","twitter_card":"summary_large_image","twitter_creator":"@x.com\/ubirataonline","twitter_site":"@ubirataonline","twitter_misc":{"Written by":"REDA\u00c7\u00c3O: UBIRAT\u00c3 ONLINE - F\u00c1BIO AUGUSTO CELESTINO","Est. reading time":"1 minute"},"schema":{"@context":"https:\/\/schema.org","@graph":[{"@type":"NewsArticle","@id":"https:\/\/ubirataonline.com.br\/musical-sobre-raul-seixas-estreia-em-curitiba-no-guairinha\/#article","isPartOf":{"@id":"https:\/\/ubirataonline.com.br\/musical-sobre-raul-seixas-estreia-em-curitiba-no-guairinha\/"},"author":{"name":"REDA\u00c7\u00c3O: UBIRAT\u00c3 ONLINE - F\u00c1BIO AUGUSTO CELESTINO","@id":"https:\/\/ubirataonline.com.br\/#\/schema\/person\/372f87bbd3fdd79b8556b84c98d0bc1c"},"headline":"Musical sobre Raul Seixas estreia em Curitiba no Guairinha","datePublished":"2026-01-29T14:11:33+00:00","dateModified":"2026-01-29T14:11:37+00:00","mainEntityOfPage":{"@id":"https:\/\/ubirataonline.com.br\/musical-sobre-raul-seixas-estreia-em-curitiba-no-guairinha\/"},"wordCount":293,"publisher":{"@id":"https:\/\/ubirataonline.com.br\/#organization"},"image":{"@id":"https:\/\/ubirataonline.com.br\/musical-sobre-raul-seixas-estreia-em-curitiba-no-guairinha\/#primaryimage"},"thumbnailUrl":"https:\/\/ubirataonline.com.br\/wp-content\/uploads\/2026\/01\/Musical-sobre-Raul-Seixas-estreia-em-Curitiba-no-Guairinha.jpg","keywords":["Curitiba","estreia","Guairinha","Musical","Raul","Seixas","sobre"],"articleSection":["Ubirat\u00e3"],"inLanguage":"en-US","copyrightYear":"2026","copyrightHolder":{"@id":"https:\/\/ubirataonline.com.br\/en\/#organization"}},{"@type":"WebPage","@id":"https:\/\/ubirataonline.com.br\/musical-sobre-raul-seixas-estreia-em-curitiba-no-guairinha\/","url":"https:\/\/ubirataonline.com.br\/musical-sobre-raul-seixas-estreia-em-curitiba-no-guairinha\/","name":"Musical sobre Raul Seixas estreia em Curitiba no Guairinha - Ubirat\u00e3 Online Not\u00edcias - A realidade ao seu alcance!","isPartOf":{"@id":"https:\/\/ubirataonline.com.br\/#website"},"primaryImageOfPage":{"@id":"https:\/\/ubirataonline.com.br\/musical-sobre-raul-seixas-estreia-em-curitiba-no-guairinha\/#primaryimage"},"image":{"@id":"https:\/\/ubirataonline.com.br\/musical-sobre-raul-seixas-estreia-em-curitiba-no-guairinha\/#primaryimage"},"thumbnailUrl":"https:\/\/ubirataonline.com.br\/wp-content\/uploads\/2026\/01\/Musical-sobre-Raul-Seixas-estreia-em-Curitiba-no-Guairinha.jpg","datePublished":"2026-01-29T14:11:33+00:00","dateModified":"2026-01-29T14:11:37+00:00","description":"O espet\u00e1culo \u201cRaul Seixas, O Musical\u201d chega a Curitiba para duas apresenta\u00e7\u00f5es in\u00e9ditas nos dias 13 e 14 de mar\u00e7o, \u00e0s 20h, no Audit\u00f3rio Salvador de","breadcrumb":{"@id":"https:\/\/ubirataonline.com.br\/musical-sobre-raul-seixas-estreia-em-curitiba-no-guairinha\/#breadcrumb"},"inLanguage":"en-US","potentialAction":[{"@type":"ReadAction","target":["https:\/\/ubirataonline.com.br\/musical-sobre-raul-seixas-estreia-em-curitiba-no-guairinha\/"]}]},{"@type":"ImageObject","inLanguage":"en-US","@id":"https:\/\/ubirataonline.com.br\/musical-sobre-raul-seixas-estreia-em-curitiba-no-guairinha\/#primaryimage","url":"https:\/\/ubirataonline.com.br\/wp-content\/uploads\/2026\/01\/Musical-sobre-Raul-Seixas-estreia-em-Curitiba-no-Guairinha.jpg","contentUrl":"https:\/\/ubirataonline.com.br\/wp-content\/uploads\/2026\/01\/Musical-sobre-Raul-Seixas-estreia-em-Curitiba-no-Guairinha.jpg","width":2048,"height":1365,"caption":"Helena Le\u00e3o e Thais Andressa"},{"@type":"BreadcrumbList","@id":"https:\/\/ubirataonline.com.br\/musical-sobre-raul-seixas-estreia-em-curitiba-no-guairinha\/#breadcrumb","itemListElement":[{"@type":"ListItem","position":1,"name":"In\u00edcio","item":"https:\/\/ubirataonline.com.br\/"},{"@type":"ListItem","position":2,"name":"Musical sobre Raul Seixas estreia em Curitiba no Guairinha"}]},{"@type":"WebSite","@id":"https:\/\/ubirataonline.com.br\/#website","url":"https:\/\/ubirataonline.com.br\/","name":"Ubirat\u00e3 Online Not\u00edcias","description":"Not\u00edcias de Ubirat\u00e3, regi\u00e3o, Brasil e mundo, com informa\u00e7\u00e3o atualizada e compromisso com o leitor.","publisher":{"@id":"https:\/\/ubirataonline.com.br\/#organization"},"alternateName":"Ubirat\u00e3 Online","potentialAction":[{"@type":"SearchAction","target":{"@type":"EntryPoint","urlTemplate":"https:\/\/ubirataonline.com.br\/?s={search_term_string}"},"query-input":{"@type":"PropertyValueSpecification","valueRequired":true,"valueName":"search_term_string"}}],"inLanguage":"en-US"},{"@type":["Organization","Place"],"@id":"https:\/\/ubirataonline.com.br\/#organization","name":"Ubirat\u00e3 Online Not\u00edcias","alternateName":"Ubirat\u00e3 Online","url":"https:\/\/ubirataonline.com.br\/","logo":{"@id":"https:\/\/ubirataonline.com.br\/musical-sobre-raul-seixas-estreia-em-curitiba-no-guairinha\/#local-main-organization-logo"},"image":{"@id":"https:\/\/ubirataonline.com.br\/musical-sobre-raul-seixas-estreia-em-curitiba-no-guairinha\/#local-main-organization-logo"},"sameAs":["https:\/\/www.facebook.com\/portalubirataonline","https:\/\/x.com\/ubirataonline","https:\/\/mastodon.social\/@ubirataonline","https:\/\/www.facebook.com\/groups\/311144672285604","https:\/\/www.facebook.com\/UBTAOnline","https:\/\/www.instagram.com\/portalubirataonline\/","https:\/\/twitter.com\/ubirataonline"],"description":"Somos um portal de not\u00edcias independente, criado em 5 de janeiro de 2009, com o objetivo de informar, conectar e valorizar a nossa comunidade de Ubirat\u00e3 e toda aregi\u00e3o. Com conte\u00fado atualizado, confi\u00e1vel e relevante, o Ubirat\u00e3 Online \u00e9 o seu espa\u00e7o para ficar por dentro dos principais acontecimentos locais, regionais, Brasil, Mundo e de interesse geral. Nosso compromisso \u00e9 com a verdade, a transpar\u00eancia e o respeito ao leitor.","legalName":"UBIRATA ONLINE NOT\u00cdCIAS","foundingDate":"2009-01-05","numberOfEmployees":{"@type":"QuantitativeValue","minValue":"1","maxValue":"10"},"publishingPrinciples":"https:\/\/ubirataonline.com.br\/faq\/","address":{"@id":"https:\/\/ubirataonline.com.br\/musical-sobre-raul-seixas-estreia-em-curitiba-no-guairinha\/#local-main-place-address"},"geo":{"@type":"GeoCoordinates","latitude":"-24.5361401","longitude":"-52.9921776"},"telephone":["+5544998308235"],"contactPoint":{"@type":"ContactPoint","email":"contato@ubirataonline.com.br"},"openingHoursSpecification":{"@type":"OpeningHoursSpecification","dayOfWeek":["Monday","Tuesday","Wednesday","Thursday","Friday","Saturday","Sunday"],"opens":"00:00","closes":"23:59"},"email":"contato@ubirataonline.com.br","vatID":"47.621.418\/0001-80"},{"@type":"Person","@id":"https:\/\/ubirataonline.com.br\/#\/schema\/person\/372f87bbd3fdd79b8556b84c98d0bc1c","name":"REDA\u00c7\u00c3O: UBIRAT\u00c3 ONLINE - F\u00c1BIO AUGUSTO CELESTINO","pronouns":"Ele","description":"Desde 2003 trabalhando com not\u00edcias.","sameAs":["http:\/\/ubirataoline.com.br","https:\/\/www.facebook.com\/portalubirataonline","https:\/\/www.instagram.com\/ubirataonline_oficial","https:\/\/x.com\/x.com\/ubirataonline"],"honorificPrefix":"Mr.","honorificSuffix":"MD","birthDate":"1980-06-16","gender":"masculino","award":["V\u00e1rios pr\u00eamios de melhor portal da cidade"],"jobTitle":"Diretor","url":"https:\/\/ubirataonline.com.br\/en\/author\/ubirataonline\/"},{"@type":"PostalAddress","@id":"https:\/\/ubirataonline.com.br\/musical-sobre-raul-seixas-estreia-em-curitiba-no-guairinha\/#local-main-place-address","streetAddress":"Rua dos Coqueiros, 104 - Bairro Boa Vista, Rua dos Coqueiros, 104 Bairro Boa Vista","addressLocality":"UBIRATA","postalCode":"85440-000","addressRegion":"PR","addressCountry":"BR"},{"@type":"ImageObject","inLanguage":"en-US","@id":"https:\/\/ubirataonline.com.br\/musical-sobre-raul-seixas-estreia-em-curitiba-no-guairinha\/#local-main-organization-logo","url":"https:\/\/ubirataonline.com.br\/wp-content\/uploads\/2026\/06\/logoubirataonline-1.webp","contentUrl":"https:\/\/ubirataonline.com.br\/wp-content\/uploads\/2026\/06\/logoubirataonline-1.webp","width":500,"height":500,"caption":"Ubirat\u00e3 Online Not\u00edcias"}]},"geo.placename":"UBIRATA","geo.position":{"lat":"-24.5361401","long":"-52.9921776"},"geo.region":"Brazil"},"_links":{"self":[{"href":"https:\/\/ubirataonline.com.br\/en\/wp-json\/wp\/v2\/posts\/83124","targetHints":{"allow":["GET"]}}],"collection":[{"href":"https:\/\/ubirataonline.com.br\/en\/wp-json\/wp\/v2\/posts"}],"about":[{"href":"https:\/\/ubirataonline.com.br\/en\/wp-json\/wp\/v2\/types\/post"}],"author":[{"embeddable":true,"href":"https:\/\/ubirataonline.com.br\/en\/wp-json\/wp\/v2\/users\/1"}],"replies":[{"embeddable":true,"href":"https:\/\/ubirataonline.com.br\/en\/wp-json\/wp\/v2\/comments?post=83124"}],"version-history":[{"count":0,"href":"https:\/\/ubirataonline.com.br\/en\/wp-json\/wp\/v2\/posts\/83124\/revisions"}],"wp:featuredmedia":[{"embeddable":true,"href":"https:\/\/ubirataonline.com.br\/en\/wp-json\/wp\/v2\/media\/83125"}],"wp:attachment":[{"href":"https:\/\/ubirataonline.com.br\/en\/wp-json\/wp\/v2\/media?parent=83124"}],"wp:term":[{"taxonomy":"category","embeddable":true,"href":"https:\/\/ubirataonline.com.br\/en\/wp-json\/wp\/v2\/categories?post=83124"},{"taxonomy":"post_tag","embeddable":true,"href":"https:\/\/ubirataonline.com.br\/en\/wp-json\/wp\/v2\/tags?post=83124"}],"curies":[{"name":"wp","href":"https:\/\/api.w.org\/{rel}","templated":true}]}}