{"id":83130,"date":"2026-01-29T11:53:26","date_gmt":"2026-01-29T14:53:26","guid":{"rendered":"https:\/\/ubirataonline.com.br\/aos-prantos-laura-keller-se-pronuncia-apos-ser-acusada-de-agressao-pelo-ex-namorado\/"},"modified":"2026-01-29T11:53:28","modified_gmt":"2026-01-29T14:53:28","slug":"aos-prantos-laura-keller-se-pronuncia-apos-ser-acusada-de-agressao-pelo-ex-namorado","status":"publish","type":"post","link":"https:\/\/ubirataonline.com.br\/en\/aos-prantos-laura-keller-se-pronuncia-apos-ser-acusada-de-agressao-pelo-ex-namorado\/","title":{"rendered":"Aos prantos, Laura Keller se pronuncia ap\u00f3s ser acusada de agress\u00e3o pelo ex-namorado"},"content":{"rendered":"<p><\/p>\n<div>\n<p data-start=\"0\" data-end=\"276\"><strong><a href=\"https:\/\/www.correiobraziliense.com.br\/busca\/laura%20keller\/page\/1\/\" target=\"_blank\">Laura Keller<\/a><\/strong>, de 38 anos, usou as redes sociais nesta sexta-feira (28) para se pronunciar ap\u00f3s ser acusada de ter agredido o ex-namorado, Thales Alves.<\/p>\n<p data-start=\"0\" data-end=\"276\">Em v\u00eddeos publicados chorando, a DJ afirmou que sofreu amea\u00e7as dentro da pr\u00f3pria casa e alegou ter agido em leg\u00edtima defesa.<\/p>\n<p class=\"texto\">   <strong>       <a href=\"https:\/\/whatsapp.com\/channel\/0029VaB1U9a002T64ex1Sy2w\" target=\"_blank\">           Siga o canal do Correio no WhatsApp e receba as principais not\u00edcias do dia no seu celular       <\/a>   <\/strong><\/p>\n<p data-start=\"282\" data-end=\"651\">Segundo Laura, a situa\u00e7\u00e3o aconteceu em um momento em que ela tentava manter dist\u00e2ncia.<\/p>\n<p data-start=\"282\" data-end=\"651\">\u201cEstava na minha ioga na maior paz, tinha falado para ele sair que eu precisava respirar. Todo dia ele encontra um motivo para incomodar e ser t\u00f3xico comigo. Eu tento. Agora, falou que vai na delegacia. Bati nele mesmo, antes ele do que eu. N\u00e3o baixo a cabe\u00e7a, n\u00e3o deito\u201d, declarou.<\/p>\n<p data-start=\"657\" data-end=\"923\">A artista disse que decidiu se manifestar publicamente por receio do que pode vir a acontecer.<\/p>\n<p data-start=\"657\" data-end=\"923\">\u201cEu j\u00e1 t\u00f4 antecipando, porque ele t\u00e1 me amea\u00e7ando, dizendo que vai fazer um inferno na minha vida. Caso aconte\u00e7a alguma coisa&#8230; n\u00e3o sei mais nem o que pensar\u201d, desabafou.<\/p>\n<p data-start=\"929\" data-end=\"1124\">Do outro lado, Thales Alves tamb\u00e9m se pronunciou nas redes sociais.<\/p>\n<p data-start=\"929\" data-end=\"1124\">O empres\u00e1rio compartilhou um v\u00eddeo em que \u00e9 poss\u00edvel ouvir sons de tapas, al\u00e9m de <strong><a href=\"https:\/\/www.instagram.com\/laurakelleroriginal\/?hl=pt-br\" target=\"_blank\">Laura <\/a><\/strong>pedindo para que ele deixasse o im\u00f3vel.<\/p>\n<p data-start=\"1130\" data-end=\"1484\">Na grava\u00e7\u00e3o, ele comentou sobre o epis\u00f3dio e afirmou que usou o celular como forma de se proteger.<\/p>\n<p data-start=\"1130\" data-end=\"1484\">\u201cN\u00e3o acho bonito porque a gente tinha um amor e carinho um pelo outro. [&#8230;] A \u00fanica ferramenta do homem hoje em dia \u00e9 o telefone, porque a gente n\u00e3o pode dar um soco porque nossa for\u00e7a \u00e9 muito grande. A gente pega o celular e tenta se defender\u201d, afirmou.<\/p>\n<p data-start=\"1130\" data-end=\"1484\">\u00a0<\/p>\n<p data-start=\"1130\" data-end=\"1484\">\u00a0<\/p>\n<p data-start=\"1130\" data-end=\"1484\">\u00a0<\/p>\n<p data-start=\"1130\" data-end=\"1484\">\u00a0<\/p>\n<p data-start=\"1130\" data-end=\"1484\">\u00a0<\/p>\n<p class=\"texto\"><iframe loading=\"lazy\" id=\"instagram-embed-0\" class=\"instagram-media instagram-media-rendered\" style=\"background: white; max-width: 540px; width: calc(100% - 2px); border-radius: 3px; border: 1px solid #dbdbdb; box-shadow: none; display: block; margin: 0px 0px 12px; min-width: 326px; padding: 0px;\" src=\"https:\/\/www.instagram.com\/reel\/DUEwSeoibgb\/embed\/captioned\/?cr=1&amp;v=14&amp;wp=607&amp;rd=http%3A%2F%2Ffivenews.cbnet.net.br&amp;rp=%2Findex.php#%7B%22ci%22%3A0%2C%22os%22%3A760734.100000143%2C%22ls%22%3A219.40000009536743%2C%22le%22%3A225.79999995231628%7D\" width=\"300\" height=\"1475\" frameborder=\"0\" scrolling=\"no\" allowfullscreen=\"allowfullscreen\" data-instgrm-payload-id=\"instagram-media-payload-0\"><\/iframe><\/p>\n<p>              <!-- Galeria --><br \/>\n                            <!-- Fim Galeria --><\/p>\n<div class=\"socialBarWrapper\">\n<div id=\"socialBar\" class=\"socialBar\">\n<ul>\n<li><a href=\"https:\/\/wa.me\/?text=Aos+prantos%2C+Laura+Keller+se+pronuncia+ap%C3%B3s+ser+acusada+de+agress%C3%A3o+pelo+ex-namorado%20https:\/\/www.correiobraziliense.com.br\/colunistas\/mariana-morais\/2026\/01\/7343132-aos-prantos-laura-keller-se-pronuncia-apos-ser-acusada-de-agressao-pelo-ex-namorado.html\" target=\"_blank\" title=\"Whatsapp\" aria-label=\"WhatsApp\"><svg class=\"whatsapp\"><use xlink:href=\"http:\/\/www.correiobraziliense.com.br\/frontend\/dist2\/svg\/sprite.svg#whatsapp-negative\"\/><\/svg><\/a><\/li>\n<li><a href=\"https:\/\/www.facebook.com\/sharer.php?u=https:\/\/www.correiobraziliense.com.br%2Fcolunistas%2Fmariana-morais%2F2026%2F01%2F7343132-aos-prantos-laura-keller-se-pronuncia-apos-ser-acusada-de-agressao-pelo-ex-namorado.html&amp;text=Aos+prantos%2C+Laura+Keller+se+pronuncia+ap%C3%B3s+ser+acusada+de+agress%C3%A3o+pelo+ex-namorado\" target=\"_blank\" title=\"Facebook\" aria-label=\"Facebook\"><svg class=\"facebook\"><use xlink:href=\"http:\/\/www.correiobraziliense.com.br\/frontend\/dist2\/svg\/sprite.svg#facebook-negative\"\/><\/svg><\/a><\/li>\n<li><a href=\"https:\/\/twitter.com\/intent\/tweet?url=https:\/\/www.correiobraziliense.com.br%2Fcolunistas%2Fmariana-morais%2F2026%2F01%2F7343132-aos-prantos-laura-keller-se-pronuncia-apos-ser-acusada-de-agressao-pelo-ex-namorado.html&amp;text=Aos+prantos%2C+Laura+Keller+se+pronuncia+ap%C3%B3s+ser+acusada+de+agress%C3%A3o+pelo+ex-namorado\" target=\"_blank\" title=\"Twitter\" aria-label=\"Twitter\"><svg class=\"twitter\"><use xlink:href=\"http:\/\/www.correiobraziliense.com.br\/frontend\/dist2\/svg\/sprite.svg#twitter-negative\"\/><\/svg><\/a><\/li>\n<li><a href=\"https:\/\/profile.google.com\/cp\/CgovbS8wNzZ0dms1\" title=\"Google Discover\" target=\"_blank\" aria-label=\"Google Discover\"><\/a><\/li>\n<\/ul>\n<\/div>\n<\/div><\/div>\n<p><script async src=\"\/\/platform.twitter.com\/widgets.js\" charset=\"utf-8\"><\/script><script async src=\"\/\/www.instagram.com\/embed.js\"><\/script><br \/>\n<br \/><a href=\"https:\/\/www.correiobraziliense.com.br\/colunistas\/mariana-morais\/2026\/01\/7343132-aos-prantos-laura-keller-se-pronuncia-apos-ser-acusada-de-agressao-pelo-ex-namorado.html\">Source link <\/a><\/p>\n","protected":false},"excerpt":{"rendered":"<p>Laura Keller, de 38 anos, usou as redes sociais nesta sexta-feira (28) para se pronunciar ap\u00f3s ser acusada de ter agredido o ex-namorado, Thales Alves. Em v\u00eddeos publicados chorando, a DJ afirmou que sofreu amea\u00e7as dentro da pr\u00f3pria casa e alegou ter agido em leg\u00edtima defesa. Siga o canal do Correio no WhatsApp e receba [&hellip;]<\/p>\n","protected":false},"author":1,"featured_media":83131,"comment_status":"closed","ping_status":"","sticky":false,"template":"","format":"standard","meta":{"googlesitekit_rrm_CAow2JLhCw:productID":"","_gspb_post_css":"","maa_idioma":"","maa_pais":"","footnotes":""},"categories":[4],"tags":[16401,10521,3029,3140,16402,16400,15654,3382,11880,4068,3307],"class_list":["post-83130","post","type-post","status-publish","format-standard","has-post-thumbnail","hentry","category-brasil","tag-acusada","tag-agressao","tag-aos","tag-apos","tag-exnamorado","tag-keller","tag-laura","tag-pelo","tag-prantos","tag-pronuncia","tag-ser"],"blocksy_meta":[],"yoast_head":"<!-- This site is optimized with the Yoast SEO Premium plugin v27.6 (Yoast SEO v27.6) - https:\/\/yoast.com\/product\/yoast-seo-premium-wordpress\/ -->\n<title>Aos prantos, Laura Keller se pronuncia ap\u00f3s ser acusada de agress\u00e3o pelo ex-namorado - Ubirat\u00e3 Online Not\u00edcias - A realidade ao seu alcance!<\/title>\n<meta name=\"description\" content=\"Laura Keller, de 38 anos, usou as redes sociais nesta sexta-feira (28) para se pronunciar ap\u00f3s ser acusada de ter agredido o ex-namorado, Thales Alves. Em\" \/>\n<meta name=\"robots\" content=\"index, follow, max-snippet:-1, max-image-preview:large, max-video-preview:-1\" \/>\n<link rel=\"canonical\" href=\"https:\/\/ubirataonline.com.br\/en\/aos-prantos-laura-keller-se-pronuncia-apos-ser-acusada-de-agressao-pelo-ex-namorado\/\" \/>\n<meta property=\"og:locale\" content=\"en_US\" \/>\n<meta property=\"og:type\" content=\"article\" \/>\n<meta property=\"og:title\" content=\"Aos prantos, Laura Keller se pronuncia ap\u00f3s ser acusada de agress\u00e3o pelo ex-namorado\" \/>\n<meta property=\"og:description\" content=\"Laura Keller, de 38 anos, usou as redes sociais nesta sexta-feira (28) para se pronunciar ap\u00f3s ser acusada de ter agredido o ex-namorado, Thales Alves. Em\" \/>\n<meta property=\"og:url\" content=\"https:\/\/ubirataonline.com.br\/en\/aos-prantos-laura-keller-se-pronuncia-apos-ser-acusada-de-agressao-pelo-ex-namorado\/\" \/>\n<meta property=\"og:site_name\" content=\"Ubirat\u00e3 Online Not\u00edcias - A realidade ao seu alcance!\" \/>\n<meta property=\"article:publisher\" content=\"https:\/\/www.facebook.com\/portalubirataonline\" \/>\n<meta property=\"article:author\" content=\"https:\/\/www.facebook.com\/portalubirataonline\" \/>\n<meta property=\"article:published_time\" content=\"2026-01-29T14:53:26+00:00\" \/>\n<meta property=\"article:modified_time\" content=\"2026-01-29T14:53:28+00:00\" \/>\n<meta property=\"og:image\" content=\"https:\/\/ubirataonline.com.br\/wp-content\/uploads\/2026\/01\/Aos-prantos-Laura-Keller-se-pronuncia-apos-ser-acusada-de.jpg\" \/>\n\t<meta property=\"og:image:width\" content=\"360\" \/>\n\t<meta property=\"og:image:height\" content=\"240\" \/>\n\t<meta property=\"og:image:type\" content=\"image\/jpeg\" \/>\n<meta name=\"author\" content=\"REDA\u00c7\u00c3O: UBIRAT\u00c3 ONLINE - F\u00c1BIO AUGUSTO CELESTINO\" \/>\n<meta name=\"twitter:card\" content=\"summary_large_image\" \/>\n<meta name=\"twitter:creator\" content=\"@x.com\/ubirataonline\" \/>\n<meta name=\"twitter:site\" content=\"@ubirataonline\" \/>\n<meta name=\"twitter:label1\" content=\"Written by\" \/>\n\t<meta name=\"twitter:data1\" content=\"REDA\u00c7\u00c3O: UBIRAT\u00c3 ONLINE - F\u00c1BIO AUGUSTO CELESTINO\" \/>\n\t<meta name=\"twitter:label2\" content=\"Est. reading time\" \/>\n\t<meta name=\"twitter:data2\" content=\"1 minute\" \/>\n<script type=\"application\/ld+json\" class=\"yoast-schema-graph\">{\"@context\":\"https:\\\/\\\/schema.org\",\"@graph\":[{\"@type\":\"NewsArticle\",\"@id\":\"https:\\\/\\\/ubirataonline.com.br\\\/aos-prantos-laura-keller-se-pronuncia-apos-ser-acusada-de-agressao-pelo-ex-namorado\\\/#article\",\"isPartOf\":{\"@id\":\"https:\\\/\\\/ubirataonline.com.br\\\/aos-prantos-laura-keller-se-pronuncia-apos-ser-acusada-de-agressao-pelo-ex-namorado\\\/\"},\"author\":{\"name\":\"REDA\u00c7\u00c3O: UBIRAT\u00c3 ONLINE - F\u00c1BIO AUGUSTO CELESTINO\",\"@id\":\"https:\\\/\\\/ubirataonline.com.br\\\/#\\\/schema\\\/person\\\/372f87bbd3fdd79b8556b84c98d0bc1c\"},\"headline\":\"Aos prantos, Laura Keller se pronuncia ap\u00f3s ser acusada de agress\u00e3o pelo ex-namorado\",\"datePublished\":\"2026-01-29T14:53:26+00:00\",\"dateModified\":\"2026-01-29T14:53:28+00:00\",\"mainEntityOfPage\":{\"@id\":\"https:\\\/\\\/ubirataonline.com.br\\\/aos-prantos-laura-keller-se-pronuncia-apos-ser-acusada-de-agressao-pelo-ex-namorado\\\/\"},\"wordCount\":313,\"publisher\":{\"@id\":\"https:\\\/\\\/ubirataonline.com.br\\\/#organization\"},\"image\":{\"@id\":\"https:\\\/\\\/ubirataonline.com.br\\\/aos-prantos-laura-keller-se-pronuncia-apos-ser-acusada-de-agressao-pelo-ex-namorado\\\/#primaryimage\"},\"thumbnailUrl\":\"https:\\\/\\\/ubirataonline.com.br\\\/wp-content\\\/uploads\\\/2026\\\/01\\\/Aos-prantos-Laura-Keller-se-pronuncia-apos-ser-acusada-de.jpg\",\"keywords\":[\"acusada\",\"agress\u00e3o\",\"aos\",\"ap\u00f3s\",\"exnamorado\",\"Keller\",\"Laura\",\"pelo\",\"prantos\",\"pronuncia\",\"ser\"],\"articleSection\":[\"Brasil\"],\"inLanguage\":\"en-US\",\"copyrightYear\":\"2026\",\"copyrightHolder\":{\"@id\":\"https:\\\/\\\/ubirataonline.com.br\\\/en\\\/#organization\"}},{\"@type\":\"WebPage\",\"@id\":\"https:\\\/\\\/ubirataonline.com.br\\\/aos-prantos-laura-keller-se-pronuncia-apos-ser-acusada-de-agressao-pelo-ex-namorado\\\/\",\"url\":\"https:\\\/\\\/ubirataonline.com.br\\\/aos-prantos-laura-keller-se-pronuncia-apos-ser-acusada-de-agressao-pelo-ex-namorado\\\/\",\"name\":\"Aos prantos, Laura Keller se pronuncia ap\u00f3s ser acusada de agress\u00e3o pelo ex-namorado - Ubirat\u00e3 Online Not\u00edcias - A realidade ao seu alcance!\",\"isPartOf\":{\"@id\":\"https:\\\/\\\/ubirataonline.com.br\\\/#website\"},\"primaryImageOfPage\":{\"@id\":\"https:\\\/\\\/ubirataonline.com.br\\\/aos-prantos-laura-keller-se-pronuncia-apos-ser-acusada-de-agressao-pelo-ex-namorado\\\/#primaryimage\"},\"image\":{\"@id\":\"https:\\\/\\\/ubirataonline.com.br\\\/aos-prantos-laura-keller-se-pronuncia-apos-ser-acusada-de-agressao-pelo-ex-namorado\\\/#primaryimage\"},\"thumbnailUrl\":\"https:\\\/\\\/ubirataonline.com.br\\\/wp-content\\\/uploads\\\/2026\\\/01\\\/Aos-prantos-Laura-Keller-se-pronuncia-apos-ser-acusada-de.jpg\",\"datePublished\":\"2026-01-29T14:53:26+00:00\",\"dateModified\":\"2026-01-29T14:53:28+00:00\",\"description\":\"Laura Keller, de 38 anos, usou as redes sociais nesta sexta-feira (28) para se pronunciar ap\u00f3s ser acusada de ter agredido o ex-namorado, Thales Alves. Em\",\"breadcrumb\":{\"@id\":\"https:\\\/\\\/ubirataonline.com.br\\\/aos-prantos-laura-keller-se-pronuncia-apos-ser-acusada-de-agressao-pelo-ex-namorado\\\/#breadcrumb\"},\"inLanguage\":\"en-US\",\"potentialAction\":[{\"@type\":\"ReadAction\",\"target\":[\"https:\\\/\\\/ubirataonline.com.br\\\/aos-prantos-laura-keller-se-pronuncia-apos-ser-acusada-de-agressao-pelo-ex-namorado\\\/\"]}]},{\"@type\":\"ImageObject\",\"inLanguage\":\"en-US\",\"@id\":\"https:\\\/\\\/ubirataonline.com.br\\\/aos-prantos-laura-keller-se-pronuncia-apos-ser-acusada-de-agressao-pelo-ex-namorado\\\/#primaryimage\",\"url\":\"https:\\\/\\\/ubirataonline.com.br\\\/wp-content\\\/uploads\\\/2026\\\/01\\\/Aos-prantos-Laura-Keller-se-pronuncia-apos-ser-acusada-de.jpg\",\"contentUrl\":\"https:\\\/\\\/ubirataonline.com.br\\\/wp-content\\\/uploads\\\/2026\\\/01\\\/Aos-prantos-Laura-Keller-se-pronuncia-apos-ser-acusada-de.jpg\",\"width\":360,\"height\":240,\"caption\":\"Aos prantos, Laura Keller se pronuncia ap\u00f3s ser acusada de agress\u00e3o pelo ex-namorado\"},{\"@type\":\"BreadcrumbList\",\"@id\":\"https:\\\/\\\/ubirataonline.com.br\\\/aos-prantos-laura-keller-se-pronuncia-apos-ser-acusada-de-agressao-pelo-ex-namorado\\\/#breadcrumb\",\"itemListElement\":[{\"@type\":\"ListItem\",\"position\":1,\"name\":\"In\u00edcio\",\"item\":\"https:\\\/\\\/ubirataonline.com.br\\\/\"},{\"@type\":\"ListItem\",\"position\":2,\"name\":\"Aos prantos, Laura Keller se pronuncia ap\u00f3s ser acusada de agress\u00e3o pelo ex-namorado\"}]},{\"@type\":\"WebSite\",\"@id\":\"https:\\\/\\\/ubirataonline.com.br\\\/#website\",\"url\":\"https:\\\/\\\/ubirataonline.com.br\\\/\",\"name\":\"Ubirat\u00e3 Online Not\u00edcias\",\"description\":\"Not\u00edcias de Ubirat\u00e3, regi\u00e3o, Brasil e mundo, com informa\u00e7\u00e3o atualizada e compromisso com o leitor.\",\"publisher\":{\"@id\":\"https:\\\/\\\/ubirataonline.com.br\\\/#organization\"},\"alternateName\":\"Ubirat\u00e3 Online\",\"potentialAction\":[{\"@type\":\"SearchAction\",\"target\":{\"@type\":\"EntryPoint\",\"urlTemplate\":\"https:\\\/\\\/ubirataonline.com.br\\\/?s={search_term_string}\"},\"query-input\":{\"@type\":\"PropertyValueSpecification\",\"valueRequired\":true,\"valueName\":\"search_term_string\"}}],\"inLanguage\":\"en-US\"},{\"@type\":[\"Organization\",\"Place\"],\"@id\":\"https:\\\/\\\/ubirataonline.com.br\\\/#organization\",\"name\":\"Ubirat\u00e3 Online Not\u00edcias\",\"alternateName\":\"Ubirat\u00e3 Online\",\"url\":\"https:\\\/\\\/ubirataonline.com.br\\\/\",\"logo\":{\"@id\":\"https:\\\/\\\/ubirataonline.com.br\\\/aos-prantos-laura-keller-se-pronuncia-apos-ser-acusada-de-agressao-pelo-ex-namorado\\\/#local-main-organization-logo\"},\"image\":{\"@id\":\"https:\\\/\\\/ubirataonline.com.br\\\/aos-prantos-laura-keller-se-pronuncia-apos-ser-acusada-de-agressao-pelo-ex-namorado\\\/#local-main-organization-logo\"},\"sameAs\":[\"https:\\\/\\\/www.facebook.com\\\/portalubirataonline\",\"https:\\\/\\\/x.com\\\/ubirataonline\",\"https:\\\/\\\/mastodon.social\\\/@ubirataonline\",\"https:\\\/\\\/www.facebook.com\\\/groups\\\/311144672285604\",\"https:\\\/\\\/www.facebook.com\\\/UBTAOnline\",\"https:\\\/\\\/www.instagram.com\\\/portalubirataonline\\\/\",\"https:\\\/\\\/twitter.com\\\/ubirataonline\"],\"description\":\"Somos um portal de not\u00edcias independente, criado em 5 de janeiro de 2009, com o objetivo de informar, conectar e valorizar a nossa comunidade de Ubirat\u00e3 e toda aregi\u00e3o. Com conte\u00fado atualizado, confi\u00e1vel e relevante, o Ubirat\u00e3 Online \u00e9 o seu espa\u00e7o para ficar por dentro dos principais acontecimentos locais, regionais, Brasil, Mundo e de interesse geral. Nosso compromisso \u00e9 com a verdade, a transpar\u00eancia e o respeito ao leitor.\",\"legalName\":\"UBIRATA ONLINE NOT\u00cdCIAS\",\"foundingDate\":\"2009-01-05\",\"numberOfEmployees\":{\"@type\":\"QuantitativeValue\",\"minValue\":\"1\",\"maxValue\":\"10\"},\"publishingPrinciples\":\"https:\\\/\\\/ubirataonline.com.br\\\/faq\\\/\",\"address\":{\"@id\":\"https:\\\/\\\/ubirataonline.com.br\\\/aos-prantos-laura-keller-se-pronuncia-apos-ser-acusada-de-agressao-pelo-ex-namorado\\\/#local-main-place-address\"},\"geo\":{\"@type\":\"GeoCoordinates\",\"latitude\":\"-24.5361401\",\"longitude\":\"-52.9921776\"},\"telephone\":[\"+5544998308235\"],\"contactPoint\":{\"@type\":\"ContactPoint\",\"email\":\"contato@ubirataonline.com.br\"},\"openingHoursSpecification\":{\"@type\":\"OpeningHoursSpecification\",\"dayOfWeek\":[\"Monday\",\"Tuesday\",\"Wednesday\",\"Thursday\",\"Friday\",\"Saturday\",\"Sunday\"],\"opens\":\"00:00\",\"closes\":\"23:59\"},\"email\":\"contato@ubirataonline.com.br\",\"vatID\":\"47.621.418\\\/0001-80\"},{\"@type\":\"Person\",\"@id\":\"https:\\\/\\\/ubirataonline.com.br\\\/#\\\/schema\\\/person\\\/372f87bbd3fdd79b8556b84c98d0bc1c\",\"name\":\"REDA\u00c7\u00c3O: UBIRAT\u00c3 ONLINE - F\u00c1BIO AUGUSTO CELESTINO\",\"pronouns\":\"Ele\",\"description\":\"Desde 2003 trabalhando com not\u00edcias.\",\"sameAs\":[\"http:\\\/\\\/ubirataoline.com.br\",\"https:\\\/\\\/www.facebook.com\\\/portalubirataonline\",\"https:\\\/\\\/www.instagram.com\\\/ubirataonline_oficial\",\"https:\\\/\\\/x.com\\\/x.com\\\/ubirataonline\"],\"honorificPrefix\":\"Mr.\",\"honorificSuffix\":\"MD\",\"birthDate\":\"1980-06-16\",\"gender\":\"masculino\",\"award\":[\"V\u00e1rios pr\u00eamios de melhor portal da cidade\"],\"jobTitle\":\"Diretor\",\"url\":\"https:\\\/\\\/ubirataonline.com.br\\\/en\\\/author\\\/ubirataonline\\\/\"},{\"@type\":\"PostalAddress\",\"@id\":\"https:\\\/\\\/ubirataonline.com.br\\\/aos-prantos-laura-keller-se-pronuncia-apos-ser-acusada-de-agressao-pelo-ex-namorado\\\/#local-main-place-address\",\"streetAddress\":\"Rua dos Coqueiros, 104 - Bairro Boa Vista, Rua dos Coqueiros, 104 Bairro Boa Vista\",\"addressLocality\":\"UBIRATA\",\"postalCode\":\"85440-000\",\"addressRegion\":\"PR\",\"addressCountry\":\"BR\"},{\"@type\":\"ImageObject\",\"inLanguage\":\"en-US\",\"@id\":\"https:\\\/\\\/ubirataonline.com.br\\\/aos-prantos-laura-keller-se-pronuncia-apos-ser-acusada-de-agressao-pelo-ex-namorado\\\/#local-main-organization-logo\",\"url\":\"https:\\\/\\\/ubirataonline.com.br\\\/wp-content\\\/uploads\\\/2026\\\/06\\\/logoubirataonline-1.webp\",\"contentUrl\":\"https:\\\/\\\/ubirataonline.com.br\\\/wp-content\\\/uploads\\\/2026\\\/06\\\/logoubirataonline-1.webp\",\"width\":500,\"height\":500,\"caption\":\"Ubirat\u00e3 Online Not\u00edcias\"}]}<\/script>\n<meta name=\"geo.placename\" content=\"UBIRATA\" \/>\n<meta name=\"geo.position\" content=\"-24.5361401;-52.9921776\" \/>\n<meta name=\"geo.region\" content=\"Brazil\" \/>\n<!-- \/ Yoast SEO Premium plugin. -->","yoast_head_json":{"title":"Aos prantos, Laura Keller se pronuncia ap\u00f3s ser acusada de agress\u00e3o pelo ex-namorado - Ubirat\u00e3 Online Not\u00edcias - A realidade ao seu alcance!","description":"Laura Keller, de 38 anos, usou as redes sociais nesta sexta-feira (28) para se pronunciar ap\u00f3s ser acusada de ter agredido o ex-namorado, Thales Alves. Em","robots":{"index":"index","follow":"follow","max-snippet":"max-snippet:-1","max-image-preview":"max-image-preview:large","max-video-preview":"max-video-preview:-1"},"canonical":"https:\/\/ubirataonline.com.br\/en\/aos-prantos-laura-keller-se-pronuncia-apos-ser-acusada-de-agressao-pelo-ex-namorado\/","og_locale":"en_US","og_type":"article","og_title":"Aos prantos, Laura Keller se pronuncia ap\u00f3s ser acusada de agress\u00e3o pelo ex-namorado","og_description":"Laura Keller, de 38 anos, usou as redes sociais nesta sexta-feira (28) para se pronunciar ap\u00f3s ser acusada de ter agredido o ex-namorado, Thales Alves. Em","og_url":"https:\/\/ubirataonline.com.br\/en\/aos-prantos-laura-keller-se-pronuncia-apos-ser-acusada-de-agressao-pelo-ex-namorado\/","og_site_name":"Ubirat\u00e3 Online Not\u00edcias - A realidade ao seu alcance!","article_publisher":"https:\/\/www.facebook.com\/portalubirataonline","article_author":"https:\/\/www.facebook.com\/portalubirataonline","article_published_time":"2026-01-29T14:53:26+00:00","article_modified_time":"2026-01-29T14:53:28+00:00","og_image":[{"width":360,"height":240,"url":"https:\/\/ubirataonline.com.br\/wp-content\/uploads\/2026\/01\/Aos-prantos-Laura-Keller-se-pronuncia-apos-ser-acusada-de.jpg","type":"image\/jpeg"}],"author":"REDA\u00c7\u00c3O: UBIRAT\u00c3 ONLINE - F\u00c1BIO AUGUSTO CELESTINO","twitter_card":"summary_large_image","twitter_creator":"@x.com\/ubirataonline","twitter_site":"@ubirataonline","twitter_misc":{"Written by":"REDA\u00c7\u00c3O: UBIRAT\u00c3 ONLINE - F\u00c1BIO AUGUSTO CELESTINO","Est. reading time":"1 minute"},"schema":{"@context":"https:\/\/schema.org","@graph":[{"@type":"NewsArticle","@id":"https:\/\/ubirataonline.com.br\/aos-prantos-laura-keller-se-pronuncia-apos-ser-acusada-de-agressao-pelo-ex-namorado\/#article","isPartOf":{"@id":"https:\/\/ubirataonline.com.br\/aos-prantos-laura-keller-se-pronuncia-apos-ser-acusada-de-agressao-pelo-ex-namorado\/"},"author":{"name":"REDA\u00c7\u00c3O: UBIRAT\u00c3 ONLINE - F\u00c1BIO AUGUSTO CELESTINO","@id":"https:\/\/ubirataonline.com.br\/#\/schema\/person\/372f87bbd3fdd79b8556b84c98d0bc1c"},"headline":"Aos prantos, Laura Keller se pronuncia ap\u00f3s ser acusada de agress\u00e3o pelo ex-namorado","datePublished":"2026-01-29T14:53:26+00:00","dateModified":"2026-01-29T14:53:28+00:00","mainEntityOfPage":{"@id":"https:\/\/ubirataonline.com.br\/aos-prantos-laura-keller-se-pronuncia-apos-ser-acusada-de-agressao-pelo-ex-namorado\/"},"wordCount":313,"publisher":{"@id":"https:\/\/ubirataonline.com.br\/#organization"},"image":{"@id":"https:\/\/ubirataonline.com.br\/aos-prantos-laura-keller-se-pronuncia-apos-ser-acusada-de-agressao-pelo-ex-namorado\/#primaryimage"},"thumbnailUrl":"https:\/\/ubirataonline.com.br\/wp-content\/uploads\/2026\/01\/Aos-prantos-Laura-Keller-se-pronuncia-apos-ser-acusada-de.jpg","keywords":["acusada","agress\u00e3o","aos","ap\u00f3s","exnamorado","Keller","Laura","pelo","prantos","pronuncia","ser"],"articleSection":["Brasil"],"inLanguage":"en-US","copyrightYear":"2026","copyrightHolder":{"@id":"https:\/\/ubirataonline.com.br\/en\/#organization"}},{"@type":"WebPage","@id":"https:\/\/ubirataonline.com.br\/aos-prantos-laura-keller-se-pronuncia-apos-ser-acusada-de-agressao-pelo-ex-namorado\/","url":"https:\/\/ubirataonline.com.br\/aos-prantos-laura-keller-se-pronuncia-apos-ser-acusada-de-agressao-pelo-ex-namorado\/","name":"Aos prantos, Laura Keller se pronuncia ap\u00f3s ser acusada de agress\u00e3o pelo ex-namorado - Ubirat\u00e3 Online Not\u00edcias - A realidade ao seu alcance!","isPartOf":{"@id":"https:\/\/ubirataonline.com.br\/#website"},"primaryImageOfPage":{"@id":"https:\/\/ubirataonline.com.br\/aos-prantos-laura-keller-se-pronuncia-apos-ser-acusada-de-agressao-pelo-ex-namorado\/#primaryimage"},"image":{"@id":"https:\/\/ubirataonline.com.br\/aos-prantos-laura-keller-se-pronuncia-apos-ser-acusada-de-agressao-pelo-ex-namorado\/#primaryimage"},"thumbnailUrl":"https:\/\/ubirataonline.com.br\/wp-content\/uploads\/2026\/01\/Aos-prantos-Laura-Keller-se-pronuncia-apos-ser-acusada-de.jpg","datePublished":"2026-01-29T14:53:26+00:00","dateModified":"2026-01-29T14:53:28+00:00","description":"Laura Keller, de 38 anos, usou as redes sociais nesta sexta-feira (28) para se pronunciar ap\u00f3s ser acusada de ter agredido o ex-namorado, Thales Alves. Em","breadcrumb":{"@id":"https:\/\/ubirataonline.com.br\/aos-prantos-laura-keller-se-pronuncia-apos-ser-acusada-de-agressao-pelo-ex-namorado\/#breadcrumb"},"inLanguage":"en-US","potentialAction":[{"@type":"ReadAction","target":["https:\/\/ubirataonline.com.br\/aos-prantos-laura-keller-se-pronuncia-apos-ser-acusada-de-agressao-pelo-ex-namorado\/"]}]},{"@type":"ImageObject","inLanguage":"en-US","@id":"https:\/\/ubirataonline.com.br\/aos-prantos-laura-keller-se-pronuncia-apos-ser-acusada-de-agressao-pelo-ex-namorado\/#primaryimage","url":"https:\/\/ubirataonline.com.br\/wp-content\/uploads\/2026\/01\/Aos-prantos-Laura-Keller-se-pronuncia-apos-ser-acusada-de.jpg","contentUrl":"https:\/\/ubirataonline.com.br\/wp-content\/uploads\/2026\/01\/Aos-prantos-Laura-Keller-se-pronuncia-apos-ser-acusada-de.jpg","width":360,"height":240,"caption":"Aos prantos, Laura Keller se pronuncia ap\u00f3s ser acusada de agress\u00e3o pelo ex-namorado"},{"@type":"BreadcrumbList","@id":"https:\/\/ubirataonline.com.br\/aos-prantos-laura-keller-se-pronuncia-apos-ser-acusada-de-agressao-pelo-ex-namorado\/#breadcrumb","itemListElement":[{"@type":"ListItem","position":1,"name":"In\u00edcio","item":"https:\/\/ubirataonline.com.br\/"},{"@type":"ListItem","position":2,"name":"Aos prantos, Laura Keller se pronuncia ap\u00f3s ser acusada de agress\u00e3o pelo ex-namorado"}]},{"@type":"WebSite","@id":"https:\/\/ubirataonline.com.br\/#website","url":"https:\/\/ubirataonline.com.br\/","name":"Ubirat\u00e3 Online Not\u00edcias","description":"Not\u00edcias de Ubirat\u00e3, regi\u00e3o, Brasil e mundo, com informa\u00e7\u00e3o atualizada e compromisso com o leitor.","publisher":{"@id":"https:\/\/ubirataonline.com.br\/#organization"},"alternateName":"Ubirat\u00e3 Online","potentialAction":[{"@type":"SearchAction","target":{"@type":"EntryPoint","urlTemplate":"https:\/\/ubirataonline.com.br\/?s={search_term_string}"},"query-input":{"@type":"PropertyValueSpecification","valueRequired":true,"valueName":"search_term_string"}}],"inLanguage":"en-US"},{"@type":["Organization","Place"],"@id":"https:\/\/ubirataonline.com.br\/#organization","name":"Ubirat\u00e3 Online Not\u00edcias","alternateName":"Ubirat\u00e3 Online","url":"https:\/\/ubirataonline.com.br\/","logo":{"@id":"https:\/\/ubirataonline.com.br\/aos-prantos-laura-keller-se-pronuncia-apos-ser-acusada-de-agressao-pelo-ex-namorado\/#local-main-organization-logo"},"image":{"@id":"https:\/\/ubirataonline.com.br\/aos-prantos-laura-keller-se-pronuncia-apos-ser-acusada-de-agressao-pelo-ex-namorado\/#local-main-organization-logo"},"sameAs":["https:\/\/www.facebook.com\/portalubirataonline","https:\/\/x.com\/ubirataonline","https:\/\/mastodon.social\/@ubirataonline","https:\/\/www.facebook.com\/groups\/311144672285604","https:\/\/www.facebook.com\/UBTAOnline","https:\/\/www.instagram.com\/portalubirataonline\/","https:\/\/twitter.com\/ubirataonline"],"description":"Somos um portal de not\u00edcias independente, criado em 5 de janeiro de 2009, com o objetivo de informar, conectar e valorizar a nossa comunidade de Ubirat\u00e3 e toda aregi\u00e3o. Com conte\u00fado atualizado, confi\u00e1vel e relevante, o Ubirat\u00e3 Online \u00e9 o seu espa\u00e7o para ficar por dentro dos principais acontecimentos locais, regionais, Brasil, Mundo e de interesse geral. Nosso compromisso \u00e9 com a verdade, a transpar\u00eancia e o respeito ao leitor.","legalName":"UBIRATA ONLINE NOT\u00cdCIAS","foundingDate":"2009-01-05","numberOfEmployees":{"@type":"QuantitativeValue","minValue":"1","maxValue":"10"},"publishingPrinciples":"https:\/\/ubirataonline.com.br\/faq\/","address":{"@id":"https:\/\/ubirataonline.com.br\/aos-prantos-laura-keller-se-pronuncia-apos-ser-acusada-de-agressao-pelo-ex-namorado\/#local-main-place-address"},"geo":{"@type":"GeoCoordinates","latitude":"-24.5361401","longitude":"-52.9921776"},"telephone":["+5544998308235"],"contactPoint":{"@type":"ContactPoint","email":"contato@ubirataonline.com.br"},"openingHoursSpecification":{"@type":"OpeningHoursSpecification","dayOfWeek":["Monday","Tuesday","Wednesday","Thursday","Friday","Saturday","Sunday"],"opens":"00:00","closes":"23:59"},"email":"contato@ubirataonline.com.br","vatID":"47.621.418\/0001-80"},{"@type":"Person","@id":"https:\/\/ubirataonline.com.br\/#\/schema\/person\/372f87bbd3fdd79b8556b84c98d0bc1c","name":"REDA\u00c7\u00c3O: UBIRAT\u00c3 ONLINE - F\u00c1BIO AUGUSTO CELESTINO","pronouns":"Ele","description":"Desde 2003 trabalhando com not\u00edcias.","sameAs":["http:\/\/ubirataoline.com.br","https:\/\/www.facebook.com\/portalubirataonline","https:\/\/www.instagram.com\/ubirataonline_oficial","https:\/\/x.com\/x.com\/ubirataonline"],"honorificPrefix":"Mr.","honorificSuffix":"MD","birthDate":"1980-06-16","gender":"masculino","award":["V\u00e1rios pr\u00eamios de melhor portal da cidade"],"jobTitle":"Diretor","url":"https:\/\/ubirataonline.com.br\/en\/author\/ubirataonline\/"},{"@type":"PostalAddress","@id":"https:\/\/ubirataonline.com.br\/aos-prantos-laura-keller-se-pronuncia-apos-ser-acusada-de-agressao-pelo-ex-namorado\/#local-main-place-address","streetAddress":"Rua dos Coqueiros, 104 - Bairro Boa Vista, Rua dos Coqueiros, 104 Bairro Boa Vista","addressLocality":"UBIRATA","postalCode":"85440-000","addressRegion":"PR","addressCountry":"BR"},{"@type":"ImageObject","inLanguage":"en-US","@id":"https:\/\/ubirataonline.com.br\/aos-prantos-laura-keller-se-pronuncia-apos-ser-acusada-de-agressao-pelo-ex-namorado\/#local-main-organization-logo","url":"https:\/\/ubirataonline.com.br\/wp-content\/uploads\/2026\/06\/logoubirataonline-1.webp","contentUrl":"https:\/\/ubirataonline.com.br\/wp-content\/uploads\/2026\/06\/logoubirataonline-1.webp","width":500,"height":500,"caption":"Ubirat\u00e3 Online Not\u00edcias"}]},"geo.placename":"UBIRATA","geo.position":{"lat":"-24.5361401","long":"-52.9921776"},"geo.region":"Brazil"},"_links":{"self":[{"href":"https:\/\/ubirataonline.com.br\/en\/wp-json\/wp\/v2\/posts\/83130","targetHints":{"allow":["GET"]}}],"collection":[{"href":"https:\/\/ubirataonline.com.br\/en\/wp-json\/wp\/v2\/posts"}],"about":[{"href":"https:\/\/ubirataonline.com.br\/en\/wp-json\/wp\/v2\/types\/post"}],"author":[{"embeddable":true,"href":"https:\/\/ubirataonline.com.br\/en\/wp-json\/wp\/v2\/users\/1"}],"replies":[{"embeddable":true,"href":"https:\/\/ubirataonline.com.br\/en\/wp-json\/wp\/v2\/comments?post=83130"}],"version-history":[{"count":0,"href":"https:\/\/ubirataonline.com.br\/en\/wp-json\/wp\/v2\/posts\/83130\/revisions"}],"wp:featuredmedia":[{"embeddable":true,"href":"https:\/\/ubirataonline.com.br\/en\/wp-json\/wp\/v2\/media\/83131"}],"wp:attachment":[{"href":"https:\/\/ubirataonline.com.br\/en\/wp-json\/wp\/v2\/media?parent=83130"}],"wp:term":[{"taxonomy":"category","embeddable":true,"href":"https:\/\/ubirataonline.com.br\/en\/wp-json\/wp\/v2\/categories?post=83130"},{"taxonomy":"post_tag","embeddable":true,"href":"https:\/\/ubirataonline.com.br\/en\/wp-json\/wp\/v2\/tags?post=83130"}],"curies":[{"name":"wp","href":"https:\/\/api.w.org\/{rel}","templated":true}]}}