{"id":83179,"date":"2026-01-29T15:57:26","date_gmt":"2026-01-29T18:57:26","guid":{"rendered":"https:\/\/ubirataonline.com.br\/liga-europa-conhecera-seus-classificados-as-oitavas-nesta-quinta-feira-29-1\/"},"modified":"2026-01-29T15:57:28","modified_gmt":"2026-01-29T18:57:28","slug":"liga-europa-conhecera-seus-classificados-as-oitavas-nesta-quinta-feira-29-1","status":"publish","type":"post","link":"https:\/\/ubirataonline.com.br\/en\/liga-europa-conhecera-seus-classificados-as-oitavas-nesta-quinta-feira-29-1\/","title":{"rendered":"Liga Europa conhecer\u00e1 seus classificados \u00e0s Oitavas nesta quinta-feira, 29\/1"},"content":{"rendered":"<p><\/p>\n<div>\n<div class=\"article__header__content--left\">\n<p><h2>Rodada define o G-8, com vaga direta, os times que terminar\u00e3o do 9\u00ba ao 24\u00ba lugares (repescagem), al\u00e9m dos \u00faltimos eliminados<\/h2>\n<\/p>\n<div class=\"article__header__info\">\n                                                                                                    <meta itemprop=\"datePublished\" content=\"2026-01-28T16:25:45-03:00\"\/><\/p>\n<p>                                                                                                                                                <meta itemprop=\"dateModified\" content=\"2026-01-28T16:25:46-03:00\"\/><\/p>\n<div class=\"article__header__info__datetime\">\n<p>                                <!--\/\/ sem foto nao mobile \/\/--><\/p>\n<p>\n                                    <span class=\"day-month\">28 jan<\/span><br \/>\n                                    <span class=\"year\">2026<\/span><br \/>\n                                    <span class=\"time\"> &#8211; 16h25<\/span>\n                                <\/p>\n<p>\n                                                                                                                        (atualizado \u00e0s 16h25)\n                                                                            <\/p>\n<\/p><\/div>\n<\/p><\/div>\n<\/p><\/div>\n<\/p><\/div>\n<div>\n<div class=\"article__image-embed\" id=\"image_5651f30749dd01b983d5a55b4f1190508ie20itk\">\n<figure itemprop=\"associatedMedia image\" itemscope=\"\" itemtype=\"http:\/\/schema.org\/ImageObject\">\n<meta content=\"true\" itemprop=\"representativeOfPage\"\/><br \/>\n<meta content=\"\/\/p2.trrsf.com\/image\/fget\/cf\/940\/0\/images.terra.com\/2026\/01\/28\/875151068-taca-da-liga-europa-610x400.jpg\" itemprop=\"url\"\/><br \/>\n<meta content=\"800\" itemprop=\"width\"\/><br \/>\n<meta content=\"800\" itemprop=\"height\"\/>\n<picture>\n<\/picture><figcaption>\n<div class=\"article__image-embed--info\">\n<p>Vit\u00f3ria garante ao Porto uma vaga direta \u00e0s oitavas definal da Liga Europa. Foto Divulga\u00e7\u00e3o \/ FC Porto<\/p>\n<p><small class=\"article__image-embed--info__copyright\" itemprop=\"copyrightHolder\">Foto: Jogada10<\/small>\n<\/div>\n<\/figcaption><\/figure>\n<\/div>\n<p class=\"text\">Nesta quinta-feira, 29\/1, rolar\u00e1 a defini\u00e7\u00e3o dos classificados \u00e0s oitavas de final e \u00e0 repescagem, al\u00e9m dos eliminados,\u00a0 da Liga Europa. Assim, para ningu\u00e9m levar vantagem, todos os 18 jogos ser\u00e3o no mesmo hor\u00e1rio, \u00e0s 17h (de Bras\u00edlia).<\/p>\n<p class=\"text\">O regulamento \u00e9 exatamente igual ao da Champions League. Assim, os oito primeiros colocados avan\u00e7am diretamente \u00e0s oitavas de final, enquanto os times entre o 9\u00ba e o 24\u00ba lugares disputar\u00e3o a repescagem. Por outro lado, os times entre o 25\u00ba e o 36\u00ba lugares estar\u00e3o eliminados. No momento, Lyon e Aston Villa, os dois primeiros colocados, s\u00e3o os \u00fanicos classificados diretamente \u00e0s oitavas. Enquanto isso, Rangers, Sturm Graz, Nice, Utrecht, Malm\u00f6 e Maccabi Tel-Aviv est\u00e3o eliminados antecipadamente.<\/p>\n<div class=\"article__image-embed\" id=\"image_bc5bdd440715d13a1910879bd9ab6d100avxhe29\">\n<figure itemprop=\"associatedMedia image\" itemscope=\"\" itemtype=\"http:\/\/schema.org\/ImageObject\">\n<meta content=\"\/\/p2.trrsf.com\/image\/fget\/cf\/940\/0\/images.terra.com\/2026\/01\/28\/1948465178-6973dfd4115bbgsk4aetl8nd9teeu.jpg\" itemprop=\"url\"\/><br \/>\n<meta content=\"800\" itemprop=\"width\"\/><br \/>\n<meta content=\"800\" itemprop=\"height\"\/>\n<picture>\n<img alt=\"Vit\u00f3ria garante ao Porto uma vaga direta \u00e0s oitavas definal da Liga Europa. Foto Divulga\u00e7\u00e3o \/ FC Porto\" class=\"img-bc5bdd440715d13a1910879bd9ab6d100avxhe29\" decoding=\"async\" height=\"487\" loading=\"lazy\" src=\"https:\/\/p2.trrsf.com\/image\/fget\/cf\/774\/0\/images.terra.com\/2026\/01\/28\/1948465178-6973dfd4115bbgsk4aetl8nd9teeu.jpg\" srcset=\"https:\/\/p2.trrsf.com\/image\/fget\/cf\/1548\/0\/images.terra.com\/2026\/01\/28\/1948465178-6973dfd4115bbgsk4aetl8nd9teeu.jpg 2x\" title=\"Vit\u00f3ria garante ao Porto uma vaga direta \u00e0s oitavas definal da Liga Europa. Foto Divulga\u00e7\u00e3o \/ FC Porto\" width=\"774\"\/>\n<\/picture><figcaption>\n<div class=\"article__image-embed--info\">\n<p>Vit\u00f3ria garante ao Porto uma vaga direta \u00e0s oitavas definal da Liga Europa. Foto Divulga\u00e7\u00e3o \/ FC Porto<\/p>\n<p><small class=\"article__image-embed--info__copyright\" itemprop=\"copyrightHolder\">Foto: Jogada10<\/small>\n<\/div>\n<\/figcaption><\/figure>\n<\/div>\n<p class=\"text\">Dois favoritos ao t\u00edtulo tentam, portanto, confirmar presen\u00e7a direta nas oitavas: Porto e Roma. Primeiramente, os portugueses recebem o Rangers. Embora o gigante escoc\u00eas n\u00e3o almeje mais nada, os portistas precisam muito da vit\u00f3ria. Afinal, t\u00eam 14 pontos, em nono lugar. Assim, em caso de vit\u00f3ria, garantem uma vaga no G-8 e, consequentemente, a vaga direta \u00e0s oitavas de final.<\/p>\n<p class=\"text\">O mesmo ocorre com a Roma, que, assim como o Porto, \u00e9 uma das agremia\u00e7\u00f5es favoritas ao t\u00edtulo. No entanto, o time do lateral brasileiro W\u00e9sley enfrenta uma pedreira: o Panathinaikos, na Gr\u00e9cia. Com 15 pontos, ocupa a sexta posi\u00e7\u00e3o. Se vencer, garante-se diretamente nas oitavas. Caso contr\u00e1rio, em caso de empate, depender\u00e1 de combina\u00e7\u00f5es para n\u00e3o cair para a repescagem. Por fim, se perder, n\u00e3o tem jeito: vai precisar jogar a repescagem para seguir vivo na competi\u00e7\u00e3o.<\/p>\n<p class=\"text\">Confira abaixo os jogos.<\/p>\n<h3>Liga Europa (\u00faltima rodada fase de liga)<\/h3>\n<p class=\"text\"><strong>Todos \u00e0s 17h (de Bras\u00edlia)<\/strong><\/p>\n<p class=\"text\">Celtic (ESC) x Utrecht (HOL).<\/p>\n<p class=\"text\">Stuttgart (ALE) x Young Boys (SUI).<\/p>\n<p class=\"text\">Porto (POR) x Rangers (ESC).<\/p>\n<p class=\"text\">Lyon (FRA) x PAOK (GRE).<\/p>\n<p class=\"text\">Estrela Vermelha (SER) x Celta de Vigo (ESP).<\/p>\n<p class=\"text\">Midtjylland (DIN) x Dinamo Zagreb (CRO).<\/p>\n<p class=\"text\">Go Ahead Eagles (HOL) x Braga (POR).<\/p>\n<p class=\"text\">Nottingham Forest (ING) x Ferencv\u00e1ros (HUN).<\/p>\n<p class=\"text\">Betis (ESP) x Feyenoord (HOL).<\/p>\n<p class=\"text\">Ludogorets (BUL) x Nice (FRA).<\/p>\n<p class=\"text\">Maccabi Tel-Aviv (ISR) x Bologna (ITA).<\/p>\n<p class=\"text\">Lille (FRA) x Freiburg (ALE).<\/p>\n<p class=\"text\">Sturm Graz (AUT) x Brann (NOR).<\/p>\n<p class=\"text\">Aston Villa (ING) x Salzburg (AUT).<\/p>\n<p class=\"text\">Panathinaikos (GRE) x Roma (ITA).<\/p>\n<p class=\"text\">Basel (SUI) x Viktoria Plze\u0148 (TCH).<\/p>\n<p class=\"text\">Steaua Bucareste (ROM) x Fenerbah\u00e7e (TUR).<\/p>\n<p class=\"text\">Genk (BEL) x Malm\u00f6 (SUE).<\/p>\n<p class=\"text\" dir=\"ltr\"><strong>Siga nosso conte\u00fado nas redes sociais:\u00a0Bluesky,\u00a0Threads,\u00a0\u00a0Twitter,\u00a0Instagram\u00a0e\u00a0Facebook<\/strong>.<\/p>\n<\/p><\/div>\n<p><a href=\"https:\/\/www.terra.com.br\/esportes\/futebol\/internacional\/equipes\/porto\/liga-europa-conhecera-seus-classificados-as-oitavas-nesta-quinta-feira-291,424c8b2f55fdd0a02bc19945575e28870830wvz4.html\">Source link <\/a><\/p>","protected":false},"excerpt":{"rendered":"<p>Rodada define o G-8, com vaga direta, os times que terminar\u00e3o do 9\u00ba ao 24\u00ba lugares (repescagem), al\u00e9m dos \u00faltimos eliminados 28 jan 2026 &#8211; 16h25 (atualizado \u00e0s 16h25) Vit\u00f3ria garante ao Porto uma vaga direta \u00e0s oitavas definal da Liga Europa. Foto Divulga\u00e7\u00e3o \/ FC Porto Foto: Jogada10 Nesta quinta-feira, 29\/1, rolar\u00e1 a defini\u00e7\u00e3o [&hellip;]<\/p>\n","protected":false},"author":1,"featured_media":83180,"comment_status":"closed","ping_status":"","sticky":false,"template":"","format":"standard","meta":{"googlesitekit_rrm_CAow2JLhCw:productID":"","_gspb_post_css":"","maa_idioma":"","maa_pais":"","footnotes":""},"categories":[4],"tags":[4211,14522,16434,4207,4111,3599,4566,4201,5343],"class_list":["post-83179","post","type-post","status-publish","format-standard","has-post-thumbnail","hentry","category-brasil","tag-as","tag-classificados","tag-conhecera","tag-europa","tag-liga","tag-nesta","tag-oitavas","tag-quintafeira","tag-seus"],"blocksy_meta":[],"yoast_head":"<!-- This site is optimized with the Yoast SEO Premium plugin v27.6 (Yoast SEO v27.6) - https:\/\/yoast.com\/product\/yoast-seo-premium-wordpress\/ -->\n<title>Liga Europa conhecer\u00e1 seus classificados \u00e0s Oitavas nesta quinta-feira, 29\/1 - Ubirat\u00e3 Online Not\u00edcias - A realidade ao seu alcance!<\/title>\n<meta name=\"description\" content=\"Rodada define o G-8, com vaga direta, os times que terminar\u00e3o do 9\u00ba ao 24\u00ba lugares (repescagem), al\u00e9m dos \u00faltimos eliminados 28 jan 2026 - 16h25\" \/>\n<meta name=\"robots\" content=\"index, follow, max-snippet:-1, max-image-preview:large, max-video-preview:-1\" \/>\n<link rel=\"canonical\" href=\"https:\/\/ubirataonline.com.br\/en\/liga-europa-conhecera-seus-classificados-as-oitavas-nesta-quinta-feira-29-1\/\" \/>\n<meta property=\"og:locale\" content=\"en_US\" \/>\n<meta property=\"og:type\" content=\"article\" \/>\n<meta property=\"og:title\" content=\"Liga Europa conhecer\u00e1 seus classificados \u00e0s Oitavas nesta quinta-feira, 29\/1\" \/>\n<meta property=\"og:description\" content=\"Rodada define o G-8, com vaga direta, os times que terminar\u00e3o do 9\u00ba ao 24\u00ba lugares (repescagem), al\u00e9m dos \u00faltimos eliminados 28 jan 2026 - 16h25\" \/>\n<meta property=\"og:url\" content=\"https:\/\/ubirataonline.com.br\/en\/liga-europa-conhecera-seus-classificados-as-oitavas-nesta-quinta-feira-29-1\/\" \/>\n<meta property=\"og:site_name\" content=\"Ubirat\u00e3 Online Not\u00edcias - A realidade ao seu alcance!\" \/>\n<meta property=\"article:publisher\" content=\"https:\/\/www.facebook.com\/portalubirataonline\" \/>\n<meta property=\"article:author\" content=\"https:\/\/www.facebook.com\/portalubirataonline\" \/>\n<meta property=\"article:published_time\" content=\"2026-01-29T18:57:26+00:00\" \/>\n<meta property=\"article:modified_time\" content=\"2026-01-29T18:57:28+00:00\" \/>\n<meta property=\"og:image\" content=\"https:\/\/ubirataonline.com.br\/wp-content\/uploads\/2026\/01\/Liga-Europa-conhecera-seus-classificados-as-Oitavas-nesta-quinta-feira-291.jpg\" \/>\n\t<meta property=\"og:image:width\" content=\"1200\" \/>\n\t<meta property=\"og:image:height\" content=\"630\" \/>\n\t<meta property=\"og:image:type\" content=\"image\/jpeg\" \/>\n<meta name=\"author\" content=\"REDA\u00c7\u00c3O: UBIRAT\u00c3 ONLINE - F\u00c1BIO AUGUSTO CELESTINO\" \/>\n<meta name=\"twitter:card\" content=\"summary_large_image\" \/>\n<meta name=\"twitter:creator\" content=\"@x.com\/ubirataonline\" \/>\n<meta name=\"twitter:site\" content=\"@ubirataonline\" \/>\n<meta name=\"twitter:label1\" content=\"Written by\" \/>\n\t<meta name=\"twitter:data1\" content=\"REDA\u00c7\u00c3O: UBIRAT\u00c3 ONLINE - F\u00c1BIO AUGUSTO CELESTINO\" \/>\n\t<meta name=\"twitter:label2\" content=\"Est. reading time\" \/>\n\t<meta name=\"twitter:data2\" content=\"2 minutes\" \/>\n<script type=\"application\/ld+json\" class=\"yoast-schema-graph\">{\"@context\":\"https:\\\/\\\/schema.org\",\"@graph\":[{\"@type\":\"NewsArticle\",\"@id\":\"https:\\\/\\\/ubirataonline.com.br\\\/liga-europa-conhecera-seus-classificados-as-oitavas-nesta-quinta-feira-29-1\\\/#article\",\"isPartOf\":{\"@id\":\"https:\\\/\\\/ubirataonline.com.br\\\/liga-europa-conhecera-seus-classificados-as-oitavas-nesta-quinta-feira-29-1\\\/\"},\"author\":{\"name\":\"REDA\u00c7\u00c3O: UBIRAT\u00c3 ONLINE - F\u00c1BIO AUGUSTO CELESTINO\",\"@id\":\"https:\\\/\\\/ubirataonline.com.br\\\/#\\\/schema\\\/person\\\/372f87bbd3fdd79b8556b84c98d0bc1c\"},\"headline\":\"Liga Europa conhecer\u00e1 seus classificados \u00e0s Oitavas nesta quinta-feira, 29\\\/1\",\"datePublished\":\"2026-01-29T18:57:26+00:00\",\"dateModified\":\"2026-01-29T18:57:28+00:00\",\"mainEntityOfPage\":{\"@id\":\"https:\\\/\\\/ubirataonline.com.br\\\/liga-europa-conhecera-seus-classificados-as-oitavas-nesta-quinta-feira-29-1\\\/\"},\"wordCount\":486,\"publisher\":{\"@id\":\"https:\\\/\\\/ubirataonline.com.br\\\/#organization\"},\"image\":{\"@id\":\"https:\\\/\\\/ubirataonline.com.br\\\/liga-europa-conhecera-seus-classificados-as-oitavas-nesta-quinta-feira-29-1\\\/#primaryimage\"},\"thumbnailUrl\":\"https:\\\/\\\/ubirataonline.com.br\\\/wp-content\\\/uploads\\\/2026\\\/01\\\/Liga-Europa-conhecera-seus-classificados-as-Oitavas-nesta-quinta-feira-291.jpg\",\"keywords\":[\"\u00e0s\",\"classificados\",\"conhecer\u00e1\",\"Europa\",\"liga\",\"nesta\",\"oitavas\",\"quintafeira\",\"seus\"],\"articleSection\":[\"Brasil\"],\"inLanguage\":\"en-US\",\"copyrightYear\":\"2026\",\"copyrightHolder\":{\"@id\":\"https:\\\/\\\/ubirataonline.com.br\\\/en\\\/#organization\"}},{\"@type\":\"WebPage\",\"@id\":\"https:\\\/\\\/ubirataonline.com.br\\\/liga-europa-conhecera-seus-classificados-as-oitavas-nesta-quinta-feira-29-1\\\/\",\"url\":\"https:\\\/\\\/ubirataonline.com.br\\\/liga-europa-conhecera-seus-classificados-as-oitavas-nesta-quinta-feira-29-1\\\/\",\"name\":\"Liga Europa conhecer\u00e1 seus classificados \u00e0s Oitavas nesta quinta-feira, 29\\\/1 - Ubirat\u00e3 Online Not\u00edcias - A realidade ao seu alcance!\",\"isPartOf\":{\"@id\":\"https:\\\/\\\/ubirataonline.com.br\\\/#website\"},\"primaryImageOfPage\":{\"@id\":\"https:\\\/\\\/ubirataonline.com.br\\\/liga-europa-conhecera-seus-classificados-as-oitavas-nesta-quinta-feira-29-1\\\/#primaryimage\"},\"image\":{\"@id\":\"https:\\\/\\\/ubirataonline.com.br\\\/liga-europa-conhecera-seus-classificados-as-oitavas-nesta-quinta-feira-29-1\\\/#primaryimage\"},\"thumbnailUrl\":\"https:\\\/\\\/ubirataonline.com.br\\\/wp-content\\\/uploads\\\/2026\\\/01\\\/Liga-Europa-conhecera-seus-classificados-as-Oitavas-nesta-quinta-feira-291.jpg\",\"datePublished\":\"2026-01-29T18:57:26+00:00\",\"dateModified\":\"2026-01-29T18:57:28+00:00\",\"description\":\"Rodada define o G-8, com vaga direta, os times que terminar\u00e3o do 9\u00ba ao 24\u00ba lugares (repescagem), al\u00e9m dos \u00faltimos eliminados 28 jan 2026 - 16h25\",\"breadcrumb\":{\"@id\":\"https:\\\/\\\/ubirataonline.com.br\\\/liga-europa-conhecera-seus-classificados-as-oitavas-nesta-quinta-feira-29-1\\\/#breadcrumb\"},\"inLanguage\":\"en-US\",\"potentialAction\":[{\"@type\":\"ReadAction\",\"target\":[\"https:\\\/\\\/ubirataonline.com.br\\\/liga-europa-conhecera-seus-classificados-as-oitavas-nesta-quinta-feira-29-1\\\/\"]}]},{\"@type\":\"ImageObject\",\"inLanguage\":\"en-US\",\"@id\":\"https:\\\/\\\/ubirataonline.com.br\\\/liga-europa-conhecera-seus-classificados-as-oitavas-nesta-quinta-feira-29-1\\\/#primaryimage\",\"url\":\"https:\\\/\\\/ubirataonline.com.br\\\/wp-content\\\/uploads\\\/2026\\\/01\\\/Liga-Europa-conhecera-seus-classificados-as-Oitavas-nesta-quinta-feira-291.jpg\",\"contentUrl\":\"https:\\\/\\\/ubirataonline.com.br\\\/wp-content\\\/uploads\\\/2026\\\/01\\\/Liga-Europa-conhecera-seus-classificados-as-Oitavas-nesta-quinta-feira-291.jpg\",\"width\":1200,\"height\":630,\"caption\":\"Vit&oacute;ria garante ao Porto uma vaga direta &agrave;s oitavas definal da Liga Europa. Foto Divulga&ccedil;&atilde;o \\\/ FC Porto Foto: Jogada10\"},{\"@type\":\"BreadcrumbList\",\"@id\":\"https:\\\/\\\/ubirataonline.com.br\\\/liga-europa-conhecera-seus-classificados-as-oitavas-nesta-quinta-feira-29-1\\\/#breadcrumb\",\"itemListElement\":[{\"@type\":\"ListItem\",\"position\":1,\"name\":\"In\u00edcio\",\"item\":\"https:\\\/\\\/ubirataonline.com.br\\\/\"},{\"@type\":\"ListItem\",\"position\":2,\"name\":\"Liga Europa conhecer\u00e1 seus classificados \u00e0s Oitavas nesta quinta-feira, 29\\\/1\"}]},{\"@type\":\"WebSite\",\"@id\":\"https:\\\/\\\/ubirataonline.com.br\\\/#website\",\"url\":\"https:\\\/\\\/ubirataonline.com.br\\\/\",\"name\":\"Ubirat\u00e3 Online Not\u00edcias\",\"description\":\"Not\u00edcias de Ubirat\u00e3, regi\u00e3o, Brasil e mundo, com informa\u00e7\u00e3o atualizada e compromisso com o leitor.\",\"publisher\":{\"@id\":\"https:\\\/\\\/ubirataonline.com.br\\\/#organization\"},\"alternateName\":\"Ubirat\u00e3 Online\",\"potentialAction\":[{\"@type\":\"SearchAction\",\"target\":{\"@type\":\"EntryPoint\",\"urlTemplate\":\"https:\\\/\\\/ubirataonline.com.br\\\/?s={search_term_string}\"},\"query-input\":{\"@type\":\"PropertyValueSpecification\",\"valueRequired\":true,\"valueName\":\"search_term_string\"}}],\"inLanguage\":\"en-US\"},{\"@type\":[\"Organization\",\"Place\"],\"@id\":\"https:\\\/\\\/ubirataonline.com.br\\\/#organization\",\"name\":\"Ubirat\u00e3 Online Not\u00edcias\",\"alternateName\":\"Ubirat\u00e3 Online\",\"url\":\"https:\\\/\\\/ubirataonline.com.br\\\/\",\"logo\":{\"@id\":\"https:\\\/\\\/ubirataonline.com.br\\\/liga-europa-conhecera-seus-classificados-as-oitavas-nesta-quinta-feira-29-1\\\/#local-main-organization-logo\"},\"image\":{\"@id\":\"https:\\\/\\\/ubirataonline.com.br\\\/liga-europa-conhecera-seus-classificados-as-oitavas-nesta-quinta-feira-29-1\\\/#local-main-organization-logo\"},\"sameAs\":[\"https:\\\/\\\/www.facebook.com\\\/portalubirataonline\",\"https:\\\/\\\/x.com\\\/ubirataonline\",\"https:\\\/\\\/mastodon.social\\\/@ubirataonline\",\"https:\\\/\\\/www.facebook.com\\\/groups\\\/311144672285604\",\"https:\\\/\\\/www.facebook.com\\\/UBTAOnline\",\"https:\\\/\\\/www.instagram.com\\\/portalubirataonline\\\/\",\"https:\\\/\\\/twitter.com\\\/ubirataonline\"],\"description\":\"Somos um portal de not\u00edcias independente, criado em 5 de janeiro de 2009, com o objetivo de informar, conectar e valorizar a nossa comunidade de Ubirat\u00e3 e toda aregi\u00e3o. Com conte\u00fado atualizado, confi\u00e1vel e relevante, o Ubirat\u00e3 Online \u00e9 o seu espa\u00e7o para ficar por dentro dos principais acontecimentos locais, regionais, Brasil, Mundo e de interesse geral. Nosso compromisso \u00e9 com a verdade, a transpar\u00eancia e o respeito ao leitor.\",\"legalName\":\"UBIRATA ONLINE NOT\u00cdCIAS\",\"foundingDate\":\"2009-01-05\",\"numberOfEmployees\":{\"@type\":\"QuantitativeValue\",\"minValue\":\"1\",\"maxValue\":\"10\"},\"publishingPrinciples\":\"https:\\\/\\\/ubirataonline.com.br\\\/faq\\\/\",\"address\":{\"@id\":\"https:\\\/\\\/ubirataonline.com.br\\\/liga-europa-conhecera-seus-classificados-as-oitavas-nesta-quinta-feira-29-1\\\/#local-main-place-address\"},\"geo\":{\"@type\":\"GeoCoordinates\",\"latitude\":\"-24.5361401\",\"longitude\":\"-52.9921776\"},\"telephone\":[\"+5544998308235\"],\"contactPoint\":{\"@type\":\"ContactPoint\",\"email\":\"contato@ubirataonline.com.br\"},\"openingHoursSpecification\":{\"@type\":\"OpeningHoursSpecification\",\"dayOfWeek\":[\"Monday\",\"Tuesday\",\"Wednesday\",\"Thursday\",\"Friday\",\"Saturday\",\"Sunday\"],\"opens\":\"00:00\",\"closes\":\"23:59\"},\"email\":\"contato@ubirataonline.com.br\",\"vatID\":\"47.621.418\\\/0001-80\"},{\"@type\":\"Person\",\"@id\":\"https:\\\/\\\/ubirataonline.com.br\\\/#\\\/schema\\\/person\\\/372f87bbd3fdd79b8556b84c98d0bc1c\",\"name\":\"REDA\u00c7\u00c3O: UBIRAT\u00c3 ONLINE - F\u00c1BIO AUGUSTO CELESTINO\",\"pronouns\":\"Ele\",\"description\":\"Desde 2003 trabalhando com not\u00edcias.\",\"sameAs\":[\"http:\\\/\\\/ubirataoline.com.br\",\"https:\\\/\\\/www.facebook.com\\\/portalubirataonline\",\"https:\\\/\\\/www.instagram.com\\\/ubirataonline_oficial\",\"https:\\\/\\\/x.com\\\/x.com\\\/ubirataonline\"],\"honorificPrefix\":\"Mr.\",\"honorificSuffix\":\"MD\",\"birthDate\":\"1980-06-16\",\"gender\":\"masculino\",\"award\":[\"V\u00e1rios pr\u00eamios de melhor portal da cidade\"],\"jobTitle\":\"Diretor\",\"url\":\"https:\\\/\\\/ubirataonline.com.br\\\/en\\\/author\\\/ubirataonline\\\/\"},{\"@type\":\"PostalAddress\",\"@id\":\"https:\\\/\\\/ubirataonline.com.br\\\/liga-europa-conhecera-seus-classificados-as-oitavas-nesta-quinta-feira-29-1\\\/#local-main-place-address\",\"streetAddress\":\"Rua dos Coqueiros, 104 - Bairro Boa Vista, Rua dos Coqueiros, 104 Bairro Boa Vista\",\"addressLocality\":\"UBIRATA\",\"postalCode\":\"85440-000\",\"addressRegion\":\"PR\",\"addressCountry\":\"BR\"},{\"@type\":\"ImageObject\",\"inLanguage\":\"en-US\",\"@id\":\"https:\\\/\\\/ubirataonline.com.br\\\/liga-europa-conhecera-seus-classificados-as-oitavas-nesta-quinta-feira-29-1\\\/#local-main-organization-logo\",\"url\":\"https:\\\/\\\/ubirataonline.com.br\\\/wp-content\\\/uploads\\\/2026\\\/06\\\/logoubirataonline-1.webp\",\"contentUrl\":\"https:\\\/\\\/ubirataonline.com.br\\\/wp-content\\\/uploads\\\/2026\\\/06\\\/logoubirataonline-1.webp\",\"width\":500,\"height\":500,\"caption\":\"Ubirat\u00e3 Online Not\u00edcias\"}]}<\/script>\n<meta name=\"geo.placename\" content=\"UBIRATA\" \/>\n<meta name=\"geo.position\" content=\"-24.5361401;-52.9921776\" \/>\n<meta name=\"geo.region\" content=\"Brazil\" \/>\n<!-- \/ Yoast SEO Premium plugin. -->","yoast_head_json":{"title":"Liga Europa conhecer\u00e1 seus classificados \u00e0s Oitavas nesta quinta-feira, 29\/1 - Ubirat\u00e3 Online Not\u00edcias - A realidade ao seu alcance!","description":"Rodada define o G-8, com vaga direta, os times que terminar\u00e3o do 9\u00ba ao 24\u00ba lugares (repescagem), al\u00e9m dos \u00faltimos eliminados 28 jan 2026 - 16h25","robots":{"index":"index","follow":"follow","max-snippet":"max-snippet:-1","max-image-preview":"max-image-preview:large","max-video-preview":"max-video-preview:-1"},"canonical":"https:\/\/ubirataonline.com.br\/en\/liga-europa-conhecera-seus-classificados-as-oitavas-nesta-quinta-feira-29-1\/","og_locale":"en_US","og_type":"article","og_title":"Liga Europa conhecer\u00e1 seus classificados \u00e0s Oitavas nesta quinta-feira, 29\/1","og_description":"Rodada define o G-8, com vaga direta, os times que terminar\u00e3o do 9\u00ba ao 24\u00ba lugares (repescagem), al\u00e9m dos \u00faltimos eliminados 28 jan 2026 - 16h25","og_url":"https:\/\/ubirataonline.com.br\/en\/liga-europa-conhecera-seus-classificados-as-oitavas-nesta-quinta-feira-29-1\/","og_site_name":"Ubirat\u00e3 Online Not\u00edcias - A realidade ao seu alcance!","article_publisher":"https:\/\/www.facebook.com\/portalubirataonline","article_author":"https:\/\/www.facebook.com\/portalubirataonline","article_published_time":"2026-01-29T18:57:26+00:00","article_modified_time":"2026-01-29T18:57:28+00:00","og_image":[{"width":1200,"height":630,"url":"https:\/\/ubirataonline.com.br\/wp-content\/uploads\/2026\/01\/Liga-Europa-conhecera-seus-classificados-as-Oitavas-nesta-quinta-feira-291.jpg","type":"image\/jpeg"}],"author":"REDA\u00c7\u00c3O: UBIRAT\u00c3 ONLINE - F\u00c1BIO AUGUSTO CELESTINO","twitter_card":"summary_large_image","twitter_creator":"@x.com\/ubirataonline","twitter_site":"@ubirataonline","twitter_misc":{"Written by":"REDA\u00c7\u00c3O: UBIRAT\u00c3 ONLINE - F\u00c1BIO AUGUSTO CELESTINO","Est. reading time":"2 minutes"},"schema":{"@context":"https:\/\/schema.org","@graph":[{"@type":"NewsArticle","@id":"https:\/\/ubirataonline.com.br\/liga-europa-conhecera-seus-classificados-as-oitavas-nesta-quinta-feira-29-1\/#article","isPartOf":{"@id":"https:\/\/ubirataonline.com.br\/liga-europa-conhecera-seus-classificados-as-oitavas-nesta-quinta-feira-29-1\/"},"author":{"name":"REDA\u00c7\u00c3O: UBIRAT\u00c3 ONLINE - F\u00c1BIO AUGUSTO CELESTINO","@id":"https:\/\/ubirataonline.com.br\/#\/schema\/person\/372f87bbd3fdd79b8556b84c98d0bc1c"},"headline":"Liga Europa conhecer\u00e1 seus classificados \u00e0s Oitavas nesta quinta-feira, 29\/1","datePublished":"2026-01-29T18:57:26+00:00","dateModified":"2026-01-29T18:57:28+00:00","mainEntityOfPage":{"@id":"https:\/\/ubirataonline.com.br\/liga-europa-conhecera-seus-classificados-as-oitavas-nesta-quinta-feira-29-1\/"},"wordCount":486,"publisher":{"@id":"https:\/\/ubirataonline.com.br\/#organization"},"image":{"@id":"https:\/\/ubirataonline.com.br\/liga-europa-conhecera-seus-classificados-as-oitavas-nesta-quinta-feira-29-1\/#primaryimage"},"thumbnailUrl":"https:\/\/ubirataonline.com.br\/wp-content\/uploads\/2026\/01\/Liga-Europa-conhecera-seus-classificados-as-Oitavas-nesta-quinta-feira-291.jpg","keywords":["\u00e0s","classificados","conhecer\u00e1","Europa","liga","nesta","oitavas","quintafeira","seus"],"articleSection":["Brasil"],"inLanguage":"en-US","copyrightYear":"2026","copyrightHolder":{"@id":"https:\/\/ubirataonline.com.br\/en\/#organization"}},{"@type":"WebPage","@id":"https:\/\/ubirataonline.com.br\/liga-europa-conhecera-seus-classificados-as-oitavas-nesta-quinta-feira-29-1\/","url":"https:\/\/ubirataonline.com.br\/liga-europa-conhecera-seus-classificados-as-oitavas-nesta-quinta-feira-29-1\/","name":"Liga Europa conhecer\u00e1 seus classificados \u00e0s Oitavas nesta quinta-feira, 29\/1 - Ubirat\u00e3 Online Not\u00edcias - A realidade ao seu alcance!","isPartOf":{"@id":"https:\/\/ubirataonline.com.br\/#website"},"primaryImageOfPage":{"@id":"https:\/\/ubirataonline.com.br\/liga-europa-conhecera-seus-classificados-as-oitavas-nesta-quinta-feira-29-1\/#primaryimage"},"image":{"@id":"https:\/\/ubirataonline.com.br\/liga-europa-conhecera-seus-classificados-as-oitavas-nesta-quinta-feira-29-1\/#primaryimage"},"thumbnailUrl":"https:\/\/ubirataonline.com.br\/wp-content\/uploads\/2026\/01\/Liga-Europa-conhecera-seus-classificados-as-Oitavas-nesta-quinta-feira-291.jpg","datePublished":"2026-01-29T18:57:26+00:00","dateModified":"2026-01-29T18:57:28+00:00","description":"Rodada define o G-8, com vaga direta, os times que terminar\u00e3o do 9\u00ba ao 24\u00ba lugares (repescagem), al\u00e9m dos \u00faltimos eliminados 28 jan 2026 - 16h25","breadcrumb":{"@id":"https:\/\/ubirataonline.com.br\/liga-europa-conhecera-seus-classificados-as-oitavas-nesta-quinta-feira-29-1\/#breadcrumb"},"inLanguage":"en-US","potentialAction":[{"@type":"ReadAction","target":["https:\/\/ubirataonline.com.br\/liga-europa-conhecera-seus-classificados-as-oitavas-nesta-quinta-feira-29-1\/"]}]},{"@type":"ImageObject","inLanguage":"en-US","@id":"https:\/\/ubirataonline.com.br\/liga-europa-conhecera-seus-classificados-as-oitavas-nesta-quinta-feira-29-1\/#primaryimage","url":"https:\/\/ubirataonline.com.br\/wp-content\/uploads\/2026\/01\/Liga-Europa-conhecera-seus-classificados-as-Oitavas-nesta-quinta-feira-291.jpg","contentUrl":"https:\/\/ubirataonline.com.br\/wp-content\/uploads\/2026\/01\/Liga-Europa-conhecera-seus-classificados-as-Oitavas-nesta-quinta-feira-291.jpg","width":1200,"height":630,"caption":"Vit&oacute;ria garante ao Porto uma vaga direta &agrave;s oitavas definal da Liga Europa. Foto Divulga&ccedil;&atilde;o \/ FC Porto Foto: Jogada10"},{"@type":"BreadcrumbList","@id":"https:\/\/ubirataonline.com.br\/liga-europa-conhecera-seus-classificados-as-oitavas-nesta-quinta-feira-29-1\/#breadcrumb","itemListElement":[{"@type":"ListItem","position":1,"name":"In\u00edcio","item":"https:\/\/ubirataonline.com.br\/"},{"@type":"ListItem","position":2,"name":"Liga Europa conhecer\u00e1 seus classificados \u00e0s Oitavas nesta quinta-feira, 29\/1"}]},{"@type":"WebSite","@id":"https:\/\/ubirataonline.com.br\/#website","url":"https:\/\/ubirataonline.com.br\/","name":"Ubirat\u00e3 Online Not\u00edcias","description":"Not\u00edcias de Ubirat\u00e3, regi\u00e3o, Brasil e mundo, com informa\u00e7\u00e3o atualizada e compromisso com o leitor.","publisher":{"@id":"https:\/\/ubirataonline.com.br\/#organization"},"alternateName":"Ubirat\u00e3 Online","potentialAction":[{"@type":"SearchAction","target":{"@type":"EntryPoint","urlTemplate":"https:\/\/ubirataonline.com.br\/?s={search_term_string}"},"query-input":{"@type":"PropertyValueSpecification","valueRequired":true,"valueName":"search_term_string"}}],"inLanguage":"en-US"},{"@type":["Organization","Place"],"@id":"https:\/\/ubirataonline.com.br\/#organization","name":"Ubirat\u00e3 Online Not\u00edcias","alternateName":"Ubirat\u00e3 Online","url":"https:\/\/ubirataonline.com.br\/","logo":{"@id":"https:\/\/ubirataonline.com.br\/liga-europa-conhecera-seus-classificados-as-oitavas-nesta-quinta-feira-29-1\/#local-main-organization-logo"},"image":{"@id":"https:\/\/ubirataonline.com.br\/liga-europa-conhecera-seus-classificados-as-oitavas-nesta-quinta-feira-29-1\/#local-main-organization-logo"},"sameAs":["https:\/\/www.facebook.com\/portalubirataonline","https:\/\/x.com\/ubirataonline","https:\/\/mastodon.social\/@ubirataonline","https:\/\/www.facebook.com\/groups\/311144672285604","https:\/\/www.facebook.com\/UBTAOnline","https:\/\/www.instagram.com\/portalubirataonline\/","https:\/\/twitter.com\/ubirataonline"],"description":"Somos um portal de not\u00edcias independente, criado em 5 de janeiro de 2009, com o objetivo de informar, conectar e valorizar a nossa comunidade de Ubirat\u00e3 e toda aregi\u00e3o. Com conte\u00fado atualizado, confi\u00e1vel e relevante, o Ubirat\u00e3 Online \u00e9 o seu espa\u00e7o para ficar por dentro dos principais acontecimentos locais, regionais, Brasil, Mundo e de interesse geral. Nosso compromisso \u00e9 com a verdade, a transpar\u00eancia e o respeito ao leitor.","legalName":"UBIRATA ONLINE NOT\u00cdCIAS","foundingDate":"2009-01-05","numberOfEmployees":{"@type":"QuantitativeValue","minValue":"1","maxValue":"10"},"publishingPrinciples":"https:\/\/ubirataonline.com.br\/faq\/","address":{"@id":"https:\/\/ubirataonline.com.br\/liga-europa-conhecera-seus-classificados-as-oitavas-nesta-quinta-feira-29-1\/#local-main-place-address"},"geo":{"@type":"GeoCoordinates","latitude":"-24.5361401","longitude":"-52.9921776"},"telephone":["+5544998308235"],"contactPoint":{"@type":"ContactPoint","email":"contato@ubirataonline.com.br"},"openingHoursSpecification":{"@type":"OpeningHoursSpecification","dayOfWeek":["Monday","Tuesday","Wednesday","Thursday","Friday","Saturday","Sunday"],"opens":"00:00","closes":"23:59"},"email":"contato@ubirataonline.com.br","vatID":"47.621.418\/0001-80"},{"@type":"Person","@id":"https:\/\/ubirataonline.com.br\/#\/schema\/person\/372f87bbd3fdd79b8556b84c98d0bc1c","name":"REDA\u00c7\u00c3O: UBIRAT\u00c3 ONLINE - F\u00c1BIO AUGUSTO CELESTINO","pronouns":"Ele","description":"Desde 2003 trabalhando com not\u00edcias.","sameAs":["http:\/\/ubirataoline.com.br","https:\/\/www.facebook.com\/portalubirataonline","https:\/\/www.instagram.com\/ubirataonline_oficial","https:\/\/x.com\/x.com\/ubirataonline"],"honorificPrefix":"Mr.","honorificSuffix":"MD","birthDate":"1980-06-16","gender":"masculino","award":["V\u00e1rios pr\u00eamios de melhor portal da cidade"],"jobTitle":"Diretor","url":"https:\/\/ubirataonline.com.br\/en\/author\/ubirataonline\/"},{"@type":"PostalAddress","@id":"https:\/\/ubirataonline.com.br\/liga-europa-conhecera-seus-classificados-as-oitavas-nesta-quinta-feira-29-1\/#local-main-place-address","streetAddress":"Rua dos Coqueiros, 104 - Bairro Boa Vista, Rua dos Coqueiros, 104 Bairro Boa Vista","addressLocality":"UBIRATA","postalCode":"85440-000","addressRegion":"PR","addressCountry":"BR"},{"@type":"ImageObject","inLanguage":"en-US","@id":"https:\/\/ubirataonline.com.br\/liga-europa-conhecera-seus-classificados-as-oitavas-nesta-quinta-feira-29-1\/#local-main-organization-logo","url":"https:\/\/ubirataonline.com.br\/wp-content\/uploads\/2026\/06\/logoubirataonline-1.webp","contentUrl":"https:\/\/ubirataonline.com.br\/wp-content\/uploads\/2026\/06\/logoubirataonline-1.webp","width":500,"height":500,"caption":"Ubirat\u00e3 Online Not\u00edcias"}]},"geo.placename":"UBIRATA","geo.position":{"lat":"-24.5361401","long":"-52.9921776"},"geo.region":"Brazil"},"_links":{"self":[{"href":"https:\/\/ubirataonline.com.br\/en\/wp-json\/wp\/v2\/posts\/83179","targetHints":{"allow":["GET"]}}],"collection":[{"href":"https:\/\/ubirataonline.com.br\/en\/wp-json\/wp\/v2\/posts"}],"about":[{"href":"https:\/\/ubirataonline.com.br\/en\/wp-json\/wp\/v2\/types\/post"}],"author":[{"embeddable":true,"href":"https:\/\/ubirataonline.com.br\/en\/wp-json\/wp\/v2\/users\/1"}],"replies":[{"embeddable":true,"href":"https:\/\/ubirataonline.com.br\/en\/wp-json\/wp\/v2\/comments?post=83179"}],"version-history":[{"count":0,"href":"https:\/\/ubirataonline.com.br\/en\/wp-json\/wp\/v2\/posts\/83179\/revisions"}],"wp:featuredmedia":[{"embeddable":true,"href":"https:\/\/ubirataonline.com.br\/en\/wp-json\/wp\/v2\/media\/83180"}],"wp:attachment":[{"href":"https:\/\/ubirataonline.com.br\/en\/wp-json\/wp\/v2\/media?parent=83179"}],"wp:term":[{"taxonomy":"category","embeddable":true,"href":"https:\/\/ubirataonline.com.br\/en\/wp-json\/wp\/v2\/categories?post=83179"},{"taxonomy":"post_tag","embeddable":true,"href":"https:\/\/ubirataonline.com.br\/en\/wp-json\/wp\/v2\/tags?post=83179"}],"curies":[{"name":"wp","href":"https:\/\/api.w.org\/{rel}","templated":true}]}}