{"id":83494,"date":"2026-01-30T19:27:28","date_gmt":"2026-01-30T22:27:28","guid":{"rendered":"https:\/\/ubirataonline.com.br\/vampirinhas-a-solta-saiba-se-tera-lua-cheia-no-carnaval-2026\/"},"modified":"2026-01-30T19:27:30","modified_gmt":"2026-01-30T22:27:30","slug":"vampirinhas-a-solta-saiba-se-tera-lua-cheia-no-carnaval-2026","status":"publish","type":"post","link":"https:\/\/ubirataonline.com.br\/en\/vampirinhas-a-solta-saiba-se-tera-lua-cheia-no-carnaval-2026\/","title":{"rendered":"Vampirinhas \u00e0 solta? Saiba se ter\u00e1 Lua Cheia no Carnaval 2026"},"content":{"rendered":"<p><\/p>\n<div>\n<article>\n<p style=\"text-align: justify;\">&#8220;\u00c9 noite de Lua Cheia e as vampiras &#8216;t\u00e3o&#8217; soltas&#8221;. \u00c9 assim que come\u00e7a &#8220;Vampirinha&#8221;, <a href=\"https:\/\/aratuon.com.br\/musica\/vampirinha-ivete-sangalo-lanca-musica-durante-o-virada-salvador\/\" target=\"_blank\" rel=\"noopener\">a grande aposta de Ivete Sangalo<\/a> para o Carnaval 2026. Mas, ser\u00e1 que a astronomia vai colaborar com a letra da m\u00fasica durante a <a href=\"https:\/\/aratuon.com.br\/secao\/carnaval\/\" target=\"_blank\" rel=\"noopener\">folia baiana<\/a>? Fomos conferir o calend\u00e1rio lunar para voc\u00ea n\u00e3o ser pego de surpresa.<\/p>\n<p style=\"text-align: justify;\">\n<h2 style=\"text-align: justify;\">Qual a fase da Lua no Carnaval 2026?<\/h2>\n<p style=\"text-align: justify;\">Se voc\u00ea esperava o brilho intenso do sat\u00e9lite natural para iluminar os circuitos da festa, saiba que n\u00e3o teremos Lua Cheia durante os dias oficiais de Carnaval.<\/p>\n<p style=\"text-align: justify;\">De acordo com o &#8220;Calend\u00e1rio Lunar&#8221; disponibilizado pelo <a href=\"https:\/\/portal.inmet.gov.br\/paginas\/luas\" target=\"_blank\" rel=\"noopener\">Instituto de Meteorologia (Inmet)<\/a>, a Lua estar\u00e1 em fase minguante durante quase todo o Carnaval. Isso, no entanto, garante noites mais escuras &#8211; \u00f3timas, talvez, para as vampiras que preferem o mist\u00e9rio \u00e0 claridade total.\u00a0<\/p>\n<h3 style=\"text-align: justify;\">Confira o Calend\u00e1rio Lunar de Fevereiro de 2026:<\/h3>\n<ul style=\"text-align: justify;\">\n<li>1 a 8 de fevereiro: Lua Cheia (ocorre antes do Carnaval come\u00e7ar)<\/li>\n<li>9 a 16 de fevereiro: Lua Minguante (fase que contempla quase todos os dias de folia)<\/li>\n<li>17 de fevereiro (Ter\u00e7a de Carnaval): in\u00edcio da Lua Nova<\/li>\n<li>3 de mar\u00e7o: pr\u00f3xima Lua Cheia<\/li>\n<\/ul>\n<p><img decoding=\"async\" src=\"https:\/\/adm.aratuon.com.br\/assets\/9d5d74c2-e9c1-41bc-b9fd-98704bfdeeb2.jpg?width=1920&amp;height=1080\" alt=\"Fases da Lua - Carnaval 2026 | Reprodu\u00e7\u00e3o\/Inmet\"\/><\/p>\n<h2 class=\"text-[2rem] font-bold leading-10\">Em tempo: ap\u00f3s &#8216;Vampirinha&#8217;, conhe\u00e7a segunda aposta de Ivete para o Carnaval 2026<\/h2>\n<p>A m\u00fasica &#8220;Vampirinha&#8221; foi apresentada nos primeiros minutos de 2026, durante a contagem regressiva comandada por Ivete no Festival Virada Salvador. No mesmo show, ela tamb\u00e9m lan\u00e7ou \u201cOxente, \u00e9 o ver\u00e3o\u201d, que ganhou oficialmente um\u00a0<em>feat<\/em>\u00a0com Xanddy no dia 4 de janeiro de 2026, no ensaio <a href=\"https:\/\/aratuon.com.br\/entretenimento\/melhor-segunda-na-concha-xanddy-convida-saulo-filhos-de-jorge-e-henry-freitas\" target=\"_blank\" rel=\"noopener\">\u201cMelhor Segunda na Concha\u201d<\/a>, realizado na Concha Ac\u00fastica do Teatro Castro Alves (TCA). Trata-se, ent\u00e3o, da\u00a0<a href=\"https:\/\/aratuon.com.br\/musica\/apos-vampirinha-musica-oxente-e-o-verao-e-segunda-aposta-de-ivete-no-carnaval-2026\/\" target=\"_blank\" rel=\"noopener\">segunda aposta da cantora para o per\u00edodo<\/a>.<\/p>\n<p><img decoding=\"async\" src=\"https:\/\/adm.aratuon.com.br\/assets\/aaf9f4fa-6407-4d06-8849-4f7120e74bb8.jpg?width=1920&amp;height=1080\" alt=\"Ivete e Xanddy lan\u00e7aram a m\u00fasica Oxente, \u00e9 o ver\u00e3o | Imagem: reprodu\u00e7\u00e3o\/Instagram\"\/><\/p>\n<h2 class=\"text-[2rem] font-bold leading-10\">Em tempo: Qual \u00e9 a m\u00fasica do Carnaval de Salvador 2026? Vote no Trof\u00e9u Aratu Folia<\/h2>\n<p>Ano vai, ano vem, mas uma coisa nunca muda: a vida s\u00f3 come\u00e7a de verdade depois do Carnaval. E o que \u00e9 o\u00a0<a href=\"https:\/\/aratuon.com.br\/secao\/carnaval\/\" target=\"_blank\" rel=\"noopener\">Carnaval de Salvador<\/a>\u00a0sem m\u00fasica? Para reconhecer e premiar as can\u00e7\u00f5es mais populares da folia soteropolitana, o\u00a0<a href=\"https:\/\/aratuon.com.br\/\" target=\"_blank\" rel=\"noopener\">Aratu On<\/a> lan\u00e7a o T<a href=\"https:\/\/aratuon.com.br\/carnaval\/aratu-folia-qual-e-a-musica-do-carnaval-de-salvador-2026-vote-aqui\/\" target=\"_blank\" rel=\"noopener\">rof\u00e9u Aratu Folia &#8211; e quem vai escolher o vencedor vai ser voc\u00ea<\/a>.<\/p>\n<p>O resultado da enquete sai no dia\u00a0<strong>15 de fevereiro<\/strong>, domingo de Carnaval, dia final da vota\u00e7\u00e3o. At\u00e9 l\u00e1, foco no Aratu On!<\/p>\n<p>Como s\u00e3o MUITAS m\u00fasicas, a gente criou uma\u00a0<em>playlist<\/em>\u00a0com os principais lan\u00e7amentos e apostas dos artistas para a festa.\u00a0<a href=\"https:\/\/open.spotify.com\/playlist\/0cLrADDV6yHA20DefXCm4l?si=29Mte8nIQYKLMbJzIS-lDQ&amp;nd=1&amp;dlsi=f0015f28d89e4de9\" target=\"_blank\" rel=\"noopener\">Clique aqui e comece a ouvir<\/a>!<\/p>\n<p><a href=\"https:\/\/aratuon.com.br\/carnaval\/aratu-folia-qual-e-a-musica-do-carnaval-de-salvador-2026-vote-aqui\/\" target=\"_blank\" rel=\"noopener\">&gt;&gt; Vote no Trof\u00e9u Aratu Folia 2026<\/a><\/p>\n<\/article>\n<\/div>\n<p><em>Siga a gente no\u00a0<a href=\"https:\/\/instagram.com\/aratuonline\">Insta<\/a>,\u00a0<a href=\"https:\/\/www.facebook.com\/aratuon\/\">Facebook<\/a>,\u00a0<a href=\"https:\/\/bsky.app\/profile\/aratuon.bsky.social\">Bluesky<\/a>\u00a0e\u00a0<a href=\"https:\/\/twitter.com\/aratuonline?ref_src=twsrc%5Egoogle%7Ctwcamp%5Eserp%7Ctwgr%5Eauthor\">X<\/a>. Envie den\u00fancia ou sugest\u00e3o de pauta para (71) 99940 \u2013 7440 (<a href=\"https:\/\/wa.me\/71999407440\">WhatsApp<\/a>).<\/em><\/p>\n<p><script async src=\"\/\/platform.twitter.com\/widgets.js\" charset=\"utf-8\"><\/script><script async src=\"\/\/www.instagram.com\/embed.js\"><\/script><br \/>\n<br \/><a href=\"https:\/\/aratuon.com.br\/carnaval\/vampirinhas-a-solta-saiba-se-tera-lua-cheia-no-carnaval-2026\/\">Source link <\/a><\/p>\n","protected":false},"excerpt":{"rendered":"<p>&#8220;\u00c9 noite de Lua Cheia e as vampiras &#8216;t\u00e3o&#8217; soltas&#8221;. \u00c9 assim que come\u00e7a &#8220;Vampirinha&#8221;, a grande aposta de Ivete Sangalo para o Carnaval 2026. Mas, ser\u00e1 que a astronomia vai colaborar com a letra da m\u00fasica durante a folia baiana? Fomos conferir o calend\u00e1rio lunar para voc\u00ea n\u00e3o ser pego de surpresa. Qual a [&hellip;]<\/p>\n","protected":false},"author":1,"featured_media":83495,"comment_status":"closed","ping_status":"","sticky":false,"template":"","format":"standard","meta":{"googlesitekit_rrm_CAow2JLhCw:productID":"","_gspb_post_css":"","maa_idioma":"","maa_pais":"","footnotes":""},"categories":[4],"tags":[100,11644,4606,3600,16618,3880,16617],"class_list":["post-83494","post","type-post","status-publish","format-standard","has-post-thumbnail","hentry","category-brasil","tag-carnaval","tag-cheia","tag-lua","tag-saiba","tag-solta","tag-tera","tag-vampirinhas"],"blocksy_meta":[],"yoast_head":"<!-- This site is optimized with the Yoast SEO Premium plugin v27.6 (Yoast SEO v27.6) - https:\/\/yoast.com\/product\/yoast-seo-premium-wordpress\/ -->\n<title>Vampirinhas \u00e0 solta? Saiba se ter\u00e1 Lua Cheia no Carnaval 2026 - Ubirat\u00e3 Online Not\u00edcias - A realidade ao seu alcance!<\/title>\n<meta name=\"description\" content=\"&quot;\u00c9 noite de Lua Cheia e as vampiras &#039;t\u00e3o&#039; soltas&quot;. \u00c9 assim que come\u00e7a &quot;Vampirinha&quot;, a grande aposta de Ivete Sangalo para o Carnaval 2026. Mas, ser\u00e1 que a\" \/>\n<meta name=\"robots\" content=\"index, follow, max-snippet:-1, max-image-preview:large, max-video-preview:-1\" \/>\n<link rel=\"canonical\" href=\"https:\/\/ubirataonline.com.br\/en\/vampirinhas-a-solta-saiba-se-tera-lua-cheia-no-carnaval-2026\/\" \/>\n<meta property=\"og:locale\" content=\"en_US\" \/>\n<meta property=\"og:type\" content=\"article\" \/>\n<meta property=\"og:title\" content=\"Vampirinhas \u00e0 solta? Saiba se ter\u00e1 Lua Cheia no Carnaval 2026\" \/>\n<meta property=\"og:description\" content=\"&quot;\u00c9 noite de Lua Cheia e as vampiras &#039;t\u00e3o&#039; soltas&quot;. \u00c9 assim que come\u00e7a &quot;Vampirinha&quot;, a grande aposta de Ivete Sangalo para o Carnaval 2026. Mas, ser\u00e1 que a\" \/>\n<meta property=\"og:url\" content=\"https:\/\/ubirataonline.com.br\/en\/vampirinhas-a-solta-saiba-se-tera-lua-cheia-no-carnaval-2026\/\" \/>\n<meta property=\"og:site_name\" content=\"Ubirat\u00e3 Online Not\u00edcias - A realidade ao seu alcance!\" \/>\n<meta property=\"article:publisher\" content=\"https:\/\/www.facebook.com\/portalubirataonline\" \/>\n<meta property=\"article:author\" content=\"https:\/\/www.facebook.com\/portalubirataonline\" \/>\n<meta property=\"article:published_time\" content=\"2026-01-30T22:27:28+00:00\" \/>\n<meta property=\"article:modified_time\" content=\"2026-01-30T22:27:30+00:00\" \/>\n<meta property=\"og:image\" content=\"https:\/\/ubirataonline.com.br\/wp-content\/uploads\/2026\/01\/Vampirinhas-a-solta-Saiba-se-tera-Lua-Cheia-no-Carnaval.jpeg\" \/>\n\t<meta property=\"og:image:width\" content=\"1200\" \/>\n\t<meta property=\"og:image:height\" content=\"675\" \/>\n\t<meta property=\"og:image:type\" content=\"image\/jpeg\" \/>\n<meta name=\"author\" content=\"REDA\u00c7\u00c3O: UBIRAT\u00c3 ONLINE - F\u00c1BIO AUGUSTO CELESTINO\" \/>\n<meta name=\"twitter:card\" content=\"summary_large_image\" \/>\n<meta name=\"twitter:creator\" content=\"@x.com\/ubirataonline\" \/>\n<meta name=\"twitter:site\" content=\"@ubirataonline\" \/>\n<meta name=\"twitter:label1\" content=\"Written by\" \/>\n\t<meta name=\"twitter:data1\" content=\"REDA\u00c7\u00c3O: UBIRAT\u00c3 ONLINE - F\u00c1BIO AUGUSTO CELESTINO\" \/>\n\t<meta name=\"twitter:label2\" content=\"Est. reading time\" \/>\n\t<meta name=\"twitter:data2\" content=\"2 minutes\" \/>\n<script type=\"application\/ld+json\" class=\"yoast-schema-graph\">{\"@context\":\"https:\\\/\\\/schema.org\",\"@graph\":[{\"@type\":\"NewsArticle\",\"@id\":\"https:\\\/\\\/ubirataonline.com.br\\\/vampirinhas-a-solta-saiba-se-tera-lua-cheia-no-carnaval-2026\\\/#article\",\"isPartOf\":{\"@id\":\"https:\\\/\\\/ubirataonline.com.br\\\/vampirinhas-a-solta-saiba-se-tera-lua-cheia-no-carnaval-2026\\\/\"},\"author\":{\"name\":\"REDA\u00c7\u00c3O: UBIRAT\u00c3 ONLINE - F\u00c1BIO AUGUSTO CELESTINO\",\"@id\":\"https:\\\/\\\/ubirataonline.com.br\\\/#\\\/schema\\\/person\\\/372f87bbd3fdd79b8556b84c98d0bc1c\"},\"headline\":\"Vampirinhas \u00e0 solta? Saiba se ter\u00e1 Lua Cheia no Carnaval 2026\",\"datePublished\":\"2026-01-30T22:27:28+00:00\",\"dateModified\":\"2026-01-30T22:27:30+00:00\",\"mainEntityOfPage\":{\"@id\":\"https:\\\/\\\/ubirataonline.com.br\\\/vampirinhas-a-solta-saiba-se-tera-lua-cheia-no-carnaval-2026\\\/\"},\"wordCount\":440,\"publisher\":{\"@id\":\"https:\\\/\\\/ubirataonline.com.br\\\/#organization\"},\"image\":{\"@id\":\"https:\\\/\\\/ubirataonline.com.br\\\/vampirinhas-a-solta-saiba-se-tera-lua-cheia-no-carnaval-2026\\\/#primaryimage\"},\"thumbnailUrl\":\"https:\\\/\\\/ubirataonline.com.br\\\/wp-content\\\/uploads\\\/2026\\\/01\\\/Vampirinhas-a-solta-Saiba-se-tera-Lua-Cheia-no-Carnaval.jpeg\",\"keywords\":[\"Carnaval\",\"Cheia\",\"Lua\",\"saiba\",\"solta\",\"ter\u00e1\",\"Vampirinhas\"],\"articleSection\":[\"Brasil\"],\"inLanguage\":\"en-US\",\"copyrightYear\":\"2026\",\"copyrightHolder\":{\"@id\":\"https:\\\/\\\/ubirataonline.com.br\\\/en\\\/#organization\"}},{\"@type\":\"WebPage\",\"@id\":\"https:\\\/\\\/ubirataonline.com.br\\\/vampirinhas-a-solta-saiba-se-tera-lua-cheia-no-carnaval-2026\\\/\",\"url\":\"https:\\\/\\\/ubirataonline.com.br\\\/vampirinhas-a-solta-saiba-se-tera-lua-cheia-no-carnaval-2026\\\/\",\"name\":\"Vampirinhas \u00e0 solta? Saiba se ter\u00e1 Lua Cheia no Carnaval 2026 - Ubirat\u00e3 Online Not\u00edcias - A realidade ao seu alcance!\",\"isPartOf\":{\"@id\":\"https:\\\/\\\/ubirataonline.com.br\\\/#website\"},\"primaryImageOfPage\":{\"@id\":\"https:\\\/\\\/ubirataonline.com.br\\\/vampirinhas-a-solta-saiba-se-tera-lua-cheia-no-carnaval-2026\\\/#primaryimage\"},\"image\":{\"@id\":\"https:\\\/\\\/ubirataonline.com.br\\\/vampirinhas-a-solta-saiba-se-tera-lua-cheia-no-carnaval-2026\\\/#primaryimage\"},\"thumbnailUrl\":\"https:\\\/\\\/ubirataonline.com.br\\\/wp-content\\\/uploads\\\/2026\\\/01\\\/Vampirinhas-a-solta-Saiba-se-tera-Lua-Cheia-no-Carnaval.jpeg\",\"datePublished\":\"2026-01-30T22:27:28+00:00\",\"dateModified\":\"2026-01-30T22:27:30+00:00\",\"description\":\"\\\"\u00c9 noite de Lua Cheia e as vampiras 't\u00e3o' soltas\\\". \u00c9 assim que come\u00e7a \\\"Vampirinha\\\", a grande aposta de Ivete Sangalo para o Carnaval 2026. Mas, ser\u00e1 que a\",\"breadcrumb\":{\"@id\":\"https:\\\/\\\/ubirataonline.com.br\\\/vampirinhas-a-solta-saiba-se-tera-lua-cheia-no-carnaval-2026\\\/#breadcrumb\"},\"inLanguage\":\"en-US\",\"potentialAction\":[{\"@type\":\"ReadAction\",\"target\":[\"https:\\\/\\\/ubirataonline.com.br\\\/vampirinhas-a-solta-saiba-se-tera-lua-cheia-no-carnaval-2026\\\/\"]}]},{\"@type\":\"ImageObject\",\"inLanguage\":\"en-US\",\"@id\":\"https:\\\/\\\/ubirataonline.com.br\\\/vampirinhas-a-solta-saiba-se-tera-lua-cheia-no-carnaval-2026\\\/#primaryimage\",\"url\":\"https:\\\/\\\/ubirataonline.com.br\\\/wp-content\\\/uploads\\\/2026\\\/01\\\/Vampirinhas-a-solta-Saiba-se-tera-Lua-Cheia-no-Carnaval.jpeg\",\"contentUrl\":\"https:\\\/\\\/ubirataonline.com.br\\\/wp-content\\\/uploads\\\/2026\\\/01\\\/Vampirinhas-a-solta-Saiba-se-tera-Lua-Cheia-no-Carnaval.jpeg\",\"width\":1200,\"height\":675,\"caption\":\"Vampirinhas \u00e0 solta? Saiba se ter\u00e1 Lua Cheia no Carnaval 2026\"},{\"@type\":\"BreadcrumbList\",\"@id\":\"https:\\\/\\\/ubirataonline.com.br\\\/vampirinhas-a-solta-saiba-se-tera-lua-cheia-no-carnaval-2026\\\/#breadcrumb\",\"itemListElement\":[{\"@type\":\"ListItem\",\"position\":1,\"name\":\"In\u00edcio\",\"item\":\"https:\\\/\\\/ubirataonline.com.br\\\/\"},{\"@type\":\"ListItem\",\"position\":2,\"name\":\"Vampirinhas \u00e0 solta? Saiba se ter\u00e1 Lua Cheia no Carnaval 2026\"}]},{\"@type\":\"WebSite\",\"@id\":\"https:\\\/\\\/ubirataonline.com.br\\\/#website\",\"url\":\"https:\\\/\\\/ubirataonline.com.br\\\/\",\"name\":\"Ubirat\u00e3 Online Not\u00edcias\",\"description\":\"Not\u00edcias de Ubirat\u00e3, regi\u00e3o, Brasil e mundo, com informa\u00e7\u00e3o atualizada e compromisso com o leitor.\",\"publisher\":{\"@id\":\"https:\\\/\\\/ubirataonline.com.br\\\/#organization\"},\"alternateName\":\"Ubirat\u00e3 Online\",\"potentialAction\":[{\"@type\":\"SearchAction\",\"target\":{\"@type\":\"EntryPoint\",\"urlTemplate\":\"https:\\\/\\\/ubirataonline.com.br\\\/?s={search_term_string}\"},\"query-input\":{\"@type\":\"PropertyValueSpecification\",\"valueRequired\":true,\"valueName\":\"search_term_string\"}}],\"inLanguage\":\"en-US\"},{\"@type\":[\"Organization\",\"Place\"],\"@id\":\"https:\\\/\\\/ubirataonline.com.br\\\/#organization\",\"name\":\"Ubirat\u00e3 Online Not\u00edcias\",\"alternateName\":\"Ubirat\u00e3 Online\",\"url\":\"https:\\\/\\\/ubirataonline.com.br\\\/\",\"logo\":{\"@id\":\"https:\\\/\\\/ubirataonline.com.br\\\/vampirinhas-a-solta-saiba-se-tera-lua-cheia-no-carnaval-2026\\\/#local-main-organization-logo\"},\"image\":{\"@id\":\"https:\\\/\\\/ubirataonline.com.br\\\/vampirinhas-a-solta-saiba-se-tera-lua-cheia-no-carnaval-2026\\\/#local-main-organization-logo\"},\"sameAs\":[\"https:\\\/\\\/www.facebook.com\\\/portalubirataonline\",\"https:\\\/\\\/x.com\\\/ubirataonline\",\"https:\\\/\\\/mastodon.social\\\/@ubirataonline\",\"https:\\\/\\\/www.facebook.com\\\/groups\\\/311144672285604\",\"https:\\\/\\\/www.facebook.com\\\/UBTAOnline\",\"https:\\\/\\\/www.instagram.com\\\/portalubirataonline\\\/\",\"https:\\\/\\\/twitter.com\\\/ubirataonline\"],\"description\":\"Somos um portal de not\u00edcias independente, criado em 5 de janeiro de 2009, com o objetivo de informar, conectar e valorizar a nossa comunidade de Ubirat\u00e3 e toda aregi\u00e3o. Com conte\u00fado atualizado, confi\u00e1vel e relevante, o Ubirat\u00e3 Online \u00e9 o seu espa\u00e7o para ficar por dentro dos principais acontecimentos locais, regionais, Brasil, Mundo e de interesse geral. Nosso compromisso \u00e9 com a verdade, a transpar\u00eancia e o respeito ao leitor.\",\"legalName\":\"UBIRATA ONLINE NOT\u00cdCIAS\",\"foundingDate\":\"2009-01-05\",\"numberOfEmployees\":{\"@type\":\"QuantitativeValue\",\"minValue\":\"1\",\"maxValue\":\"10\"},\"publishingPrinciples\":\"https:\\\/\\\/ubirataonline.com.br\\\/faq\\\/\",\"address\":{\"@id\":\"https:\\\/\\\/ubirataonline.com.br\\\/vampirinhas-a-solta-saiba-se-tera-lua-cheia-no-carnaval-2026\\\/#local-main-place-address\"},\"geo\":{\"@type\":\"GeoCoordinates\",\"latitude\":\"-24.5361401\",\"longitude\":\"-52.9921776\"},\"telephone\":[\"+5544998308235\"],\"contactPoint\":{\"@type\":\"ContactPoint\",\"email\":\"contato@ubirataonline.com.br\"},\"openingHoursSpecification\":{\"@type\":\"OpeningHoursSpecification\",\"dayOfWeek\":[\"Monday\",\"Tuesday\",\"Wednesday\",\"Thursday\",\"Friday\",\"Saturday\",\"Sunday\"],\"opens\":\"00:00\",\"closes\":\"23:59\"},\"email\":\"contato@ubirataonline.com.br\",\"vatID\":\"47.621.418\\\/0001-80\"},{\"@type\":\"Person\",\"@id\":\"https:\\\/\\\/ubirataonline.com.br\\\/#\\\/schema\\\/person\\\/372f87bbd3fdd79b8556b84c98d0bc1c\",\"name\":\"REDA\u00c7\u00c3O: UBIRAT\u00c3 ONLINE - F\u00c1BIO AUGUSTO CELESTINO\",\"pronouns\":\"Ele\",\"description\":\"Desde 2003 trabalhando com not\u00edcias.\",\"sameAs\":[\"http:\\\/\\\/ubirataoline.com.br\",\"https:\\\/\\\/www.facebook.com\\\/portalubirataonline\",\"https:\\\/\\\/www.instagram.com\\\/ubirataonline_oficial\",\"https:\\\/\\\/x.com\\\/x.com\\\/ubirataonline\"],\"honorificPrefix\":\"Mr.\",\"honorificSuffix\":\"MD\",\"birthDate\":\"1980-06-16\",\"gender\":\"masculino\",\"award\":[\"V\u00e1rios pr\u00eamios de melhor portal da cidade\"],\"jobTitle\":\"Diretor\",\"url\":\"https:\\\/\\\/ubirataonline.com.br\\\/en\\\/author\\\/ubirataonline\\\/\"},{\"@type\":\"PostalAddress\",\"@id\":\"https:\\\/\\\/ubirataonline.com.br\\\/vampirinhas-a-solta-saiba-se-tera-lua-cheia-no-carnaval-2026\\\/#local-main-place-address\",\"streetAddress\":\"Rua dos Coqueiros, 104 - Bairro Boa Vista, Rua dos Coqueiros, 104 Bairro Boa Vista\",\"addressLocality\":\"UBIRATA\",\"postalCode\":\"85440-000\",\"addressRegion\":\"PR\",\"addressCountry\":\"BR\"},{\"@type\":\"ImageObject\",\"inLanguage\":\"en-US\",\"@id\":\"https:\\\/\\\/ubirataonline.com.br\\\/vampirinhas-a-solta-saiba-se-tera-lua-cheia-no-carnaval-2026\\\/#local-main-organization-logo\",\"url\":\"https:\\\/\\\/ubirataonline.com.br\\\/wp-content\\\/uploads\\\/2026\\\/06\\\/logoubirataonline-1.webp\",\"contentUrl\":\"https:\\\/\\\/ubirataonline.com.br\\\/wp-content\\\/uploads\\\/2026\\\/06\\\/logoubirataonline-1.webp\",\"width\":500,\"height\":500,\"caption\":\"Ubirat\u00e3 Online Not\u00edcias\"}]}<\/script>\n<meta name=\"geo.placename\" content=\"UBIRATA\" \/>\n<meta name=\"geo.position\" content=\"-24.5361401;-52.9921776\" \/>\n<meta name=\"geo.region\" content=\"Brazil\" \/>\n<!-- \/ Yoast SEO Premium plugin. -->","yoast_head_json":{"title":"Vampirinhas \u00e0 solta? Saiba se ter\u00e1 Lua Cheia no Carnaval 2026 - Ubirat\u00e3 Online Not\u00edcias - A realidade ao seu alcance!","description":"\"\u00c9 noite de Lua Cheia e as vampiras 't\u00e3o' soltas\". \u00c9 assim que come\u00e7a \"Vampirinha\", a grande aposta de Ivete Sangalo para o Carnaval 2026. Mas, ser\u00e1 que a","robots":{"index":"index","follow":"follow","max-snippet":"max-snippet:-1","max-image-preview":"max-image-preview:large","max-video-preview":"max-video-preview:-1"},"canonical":"https:\/\/ubirataonline.com.br\/en\/vampirinhas-a-solta-saiba-se-tera-lua-cheia-no-carnaval-2026\/","og_locale":"en_US","og_type":"article","og_title":"Vampirinhas \u00e0 solta? Saiba se ter\u00e1 Lua Cheia no Carnaval 2026","og_description":"\"\u00c9 noite de Lua Cheia e as vampiras 't\u00e3o' soltas\". \u00c9 assim que come\u00e7a \"Vampirinha\", a grande aposta de Ivete Sangalo para o Carnaval 2026. Mas, ser\u00e1 que a","og_url":"https:\/\/ubirataonline.com.br\/en\/vampirinhas-a-solta-saiba-se-tera-lua-cheia-no-carnaval-2026\/","og_site_name":"Ubirat\u00e3 Online Not\u00edcias - A realidade ao seu alcance!","article_publisher":"https:\/\/www.facebook.com\/portalubirataonline","article_author":"https:\/\/www.facebook.com\/portalubirataonline","article_published_time":"2026-01-30T22:27:28+00:00","article_modified_time":"2026-01-30T22:27:30+00:00","og_image":[{"width":1200,"height":675,"url":"https:\/\/ubirataonline.com.br\/wp-content\/uploads\/2026\/01\/Vampirinhas-a-solta-Saiba-se-tera-Lua-Cheia-no-Carnaval.jpeg","type":"image\/jpeg"}],"author":"REDA\u00c7\u00c3O: UBIRAT\u00c3 ONLINE - F\u00c1BIO AUGUSTO CELESTINO","twitter_card":"summary_large_image","twitter_creator":"@x.com\/ubirataonline","twitter_site":"@ubirataonline","twitter_misc":{"Written by":"REDA\u00c7\u00c3O: UBIRAT\u00c3 ONLINE - F\u00c1BIO AUGUSTO CELESTINO","Est. reading time":"2 minutes"},"schema":{"@context":"https:\/\/schema.org","@graph":[{"@type":"NewsArticle","@id":"https:\/\/ubirataonline.com.br\/vampirinhas-a-solta-saiba-se-tera-lua-cheia-no-carnaval-2026\/#article","isPartOf":{"@id":"https:\/\/ubirataonline.com.br\/vampirinhas-a-solta-saiba-se-tera-lua-cheia-no-carnaval-2026\/"},"author":{"name":"REDA\u00c7\u00c3O: UBIRAT\u00c3 ONLINE - F\u00c1BIO AUGUSTO CELESTINO","@id":"https:\/\/ubirataonline.com.br\/#\/schema\/person\/372f87bbd3fdd79b8556b84c98d0bc1c"},"headline":"Vampirinhas \u00e0 solta? Saiba se ter\u00e1 Lua Cheia no Carnaval 2026","datePublished":"2026-01-30T22:27:28+00:00","dateModified":"2026-01-30T22:27:30+00:00","mainEntityOfPage":{"@id":"https:\/\/ubirataonline.com.br\/vampirinhas-a-solta-saiba-se-tera-lua-cheia-no-carnaval-2026\/"},"wordCount":440,"publisher":{"@id":"https:\/\/ubirataonline.com.br\/#organization"},"image":{"@id":"https:\/\/ubirataonline.com.br\/vampirinhas-a-solta-saiba-se-tera-lua-cheia-no-carnaval-2026\/#primaryimage"},"thumbnailUrl":"https:\/\/ubirataonline.com.br\/wp-content\/uploads\/2026\/01\/Vampirinhas-a-solta-Saiba-se-tera-Lua-Cheia-no-Carnaval.jpeg","keywords":["Carnaval","Cheia","Lua","saiba","solta","ter\u00e1","Vampirinhas"],"articleSection":["Brasil"],"inLanguage":"en-US","copyrightYear":"2026","copyrightHolder":{"@id":"https:\/\/ubirataonline.com.br\/en\/#organization"}},{"@type":"WebPage","@id":"https:\/\/ubirataonline.com.br\/vampirinhas-a-solta-saiba-se-tera-lua-cheia-no-carnaval-2026\/","url":"https:\/\/ubirataonline.com.br\/vampirinhas-a-solta-saiba-se-tera-lua-cheia-no-carnaval-2026\/","name":"Vampirinhas \u00e0 solta? Saiba se ter\u00e1 Lua Cheia no Carnaval 2026 - Ubirat\u00e3 Online Not\u00edcias - A realidade ao seu alcance!","isPartOf":{"@id":"https:\/\/ubirataonline.com.br\/#website"},"primaryImageOfPage":{"@id":"https:\/\/ubirataonline.com.br\/vampirinhas-a-solta-saiba-se-tera-lua-cheia-no-carnaval-2026\/#primaryimage"},"image":{"@id":"https:\/\/ubirataonline.com.br\/vampirinhas-a-solta-saiba-se-tera-lua-cheia-no-carnaval-2026\/#primaryimage"},"thumbnailUrl":"https:\/\/ubirataonline.com.br\/wp-content\/uploads\/2026\/01\/Vampirinhas-a-solta-Saiba-se-tera-Lua-Cheia-no-Carnaval.jpeg","datePublished":"2026-01-30T22:27:28+00:00","dateModified":"2026-01-30T22:27:30+00:00","description":"\"\u00c9 noite de Lua Cheia e as vampiras 't\u00e3o' soltas\". \u00c9 assim que come\u00e7a \"Vampirinha\", a grande aposta de Ivete Sangalo para o Carnaval 2026. Mas, ser\u00e1 que a","breadcrumb":{"@id":"https:\/\/ubirataonline.com.br\/vampirinhas-a-solta-saiba-se-tera-lua-cheia-no-carnaval-2026\/#breadcrumb"},"inLanguage":"en-US","potentialAction":[{"@type":"ReadAction","target":["https:\/\/ubirataonline.com.br\/vampirinhas-a-solta-saiba-se-tera-lua-cheia-no-carnaval-2026\/"]}]},{"@type":"ImageObject","inLanguage":"en-US","@id":"https:\/\/ubirataonline.com.br\/vampirinhas-a-solta-saiba-se-tera-lua-cheia-no-carnaval-2026\/#primaryimage","url":"https:\/\/ubirataonline.com.br\/wp-content\/uploads\/2026\/01\/Vampirinhas-a-solta-Saiba-se-tera-Lua-Cheia-no-Carnaval.jpeg","contentUrl":"https:\/\/ubirataonline.com.br\/wp-content\/uploads\/2026\/01\/Vampirinhas-a-solta-Saiba-se-tera-Lua-Cheia-no-Carnaval.jpeg","width":1200,"height":675,"caption":"Vampirinhas \u00e0 solta? Saiba se ter\u00e1 Lua Cheia no Carnaval 2026"},{"@type":"BreadcrumbList","@id":"https:\/\/ubirataonline.com.br\/vampirinhas-a-solta-saiba-se-tera-lua-cheia-no-carnaval-2026\/#breadcrumb","itemListElement":[{"@type":"ListItem","position":1,"name":"In\u00edcio","item":"https:\/\/ubirataonline.com.br\/"},{"@type":"ListItem","position":2,"name":"Vampirinhas \u00e0 solta? Saiba se ter\u00e1 Lua Cheia no Carnaval 2026"}]},{"@type":"WebSite","@id":"https:\/\/ubirataonline.com.br\/#website","url":"https:\/\/ubirataonline.com.br\/","name":"Ubirat\u00e3 Online Not\u00edcias","description":"Not\u00edcias de Ubirat\u00e3, regi\u00e3o, Brasil e mundo, com informa\u00e7\u00e3o atualizada e compromisso com o leitor.","publisher":{"@id":"https:\/\/ubirataonline.com.br\/#organization"},"alternateName":"Ubirat\u00e3 Online","potentialAction":[{"@type":"SearchAction","target":{"@type":"EntryPoint","urlTemplate":"https:\/\/ubirataonline.com.br\/?s={search_term_string}"},"query-input":{"@type":"PropertyValueSpecification","valueRequired":true,"valueName":"search_term_string"}}],"inLanguage":"en-US"},{"@type":["Organization","Place"],"@id":"https:\/\/ubirataonline.com.br\/#organization","name":"Ubirat\u00e3 Online Not\u00edcias","alternateName":"Ubirat\u00e3 Online","url":"https:\/\/ubirataonline.com.br\/","logo":{"@id":"https:\/\/ubirataonline.com.br\/vampirinhas-a-solta-saiba-se-tera-lua-cheia-no-carnaval-2026\/#local-main-organization-logo"},"image":{"@id":"https:\/\/ubirataonline.com.br\/vampirinhas-a-solta-saiba-se-tera-lua-cheia-no-carnaval-2026\/#local-main-organization-logo"},"sameAs":["https:\/\/www.facebook.com\/portalubirataonline","https:\/\/x.com\/ubirataonline","https:\/\/mastodon.social\/@ubirataonline","https:\/\/www.facebook.com\/groups\/311144672285604","https:\/\/www.facebook.com\/UBTAOnline","https:\/\/www.instagram.com\/portalubirataonline\/","https:\/\/twitter.com\/ubirataonline"],"description":"Somos um portal de not\u00edcias independente, criado em 5 de janeiro de 2009, com o objetivo de informar, conectar e valorizar a nossa comunidade de Ubirat\u00e3 e toda aregi\u00e3o. Com conte\u00fado atualizado, confi\u00e1vel e relevante, o Ubirat\u00e3 Online \u00e9 o seu espa\u00e7o para ficar por dentro dos principais acontecimentos locais, regionais, Brasil, Mundo e de interesse geral. Nosso compromisso \u00e9 com a verdade, a transpar\u00eancia e o respeito ao leitor.","legalName":"UBIRATA ONLINE NOT\u00cdCIAS","foundingDate":"2009-01-05","numberOfEmployees":{"@type":"QuantitativeValue","minValue":"1","maxValue":"10"},"publishingPrinciples":"https:\/\/ubirataonline.com.br\/faq\/","address":{"@id":"https:\/\/ubirataonline.com.br\/vampirinhas-a-solta-saiba-se-tera-lua-cheia-no-carnaval-2026\/#local-main-place-address"},"geo":{"@type":"GeoCoordinates","latitude":"-24.5361401","longitude":"-52.9921776"},"telephone":["+5544998308235"],"contactPoint":{"@type":"ContactPoint","email":"contato@ubirataonline.com.br"},"openingHoursSpecification":{"@type":"OpeningHoursSpecification","dayOfWeek":["Monday","Tuesday","Wednesday","Thursday","Friday","Saturday","Sunday"],"opens":"00:00","closes":"23:59"},"email":"contato@ubirataonline.com.br","vatID":"47.621.418\/0001-80"},{"@type":"Person","@id":"https:\/\/ubirataonline.com.br\/#\/schema\/person\/372f87bbd3fdd79b8556b84c98d0bc1c","name":"REDA\u00c7\u00c3O: UBIRAT\u00c3 ONLINE - F\u00c1BIO AUGUSTO CELESTINO","pronouns":"Ele","description":"Desde 2003 trabalhando com not\u00edcias.","sameAs":["http:\/\/ubirataoline.com.br","https:\/\/www.facebook.com\/portalubirataonline","https:\/\/www.instagram.com\/ubirataonline_oficial","https:\/\/x.com\/x.com\/ubirataonline"],"honorificPrefix":"Mr.","honorificSuffix":"MD","birthDate":"1980-06-16","gender":"masculino","award":["V\u00e1rios pr\u00eamios de melhor portal da cidade"],"jobTitle":"Diretor","url":"https:\/\/ubirataonline.com.br\/en\/author\/ubirataonline\/"},{"@type":"PostalAddress","@id":"https:\/\/ubirataonline.com.br\/vampirinhas-a-solta-saiba-se-tera-lua-cheia-no-carnaval-2026\/#local-main-place-address","streetAddress":"Rua dos Coqueiros, 104 - Bairro Boa Vista, Rua dos Coqueiros, 104 Bairro Boa Vista","addressLocality":"UBIRATA","postalCode":"85440-000","addressRegion":"PR","addressCountry":"BR"},{"@type":"ImageObject","inLanguage":"en-US","@id":"https:\/\/ubirataonline.com.br\/vampirinhas-a-solta-saiba-se-tera-lua-cheia-no-carnaval-2026\/#local-main-organization-logo","url":"https:\/\/ubirataonline.com.br\/wp-content\/uploads\/2026\/06\/logoubirataonline-1.webp","contentUrl":"https:\/\/ubirataonline.com.br\/wp-content\/uploads\/2026\/06\/logoubirataonline-1.webp","width":500,"height":500,"caption":"Ubirat\u00e3 Online Not\u00edcias"}]},"geo.placename":"UBIRATA","geo.position":{"lat":"-24.5361401","long":"-52.9921776"},"geo.region":"Brazil"},"_links":{"self":[{"href":"https:\/\/ubirataonline.com.br\/en\/wp-json\/wp\/v2\/posts\/83494","targetHints":{"allow":["GET"]}}],"collection":[{"href":"https:\/\/ubirataonline.com.br\/en\/wp-json\/wp\/v2\/posts"}],"about":[{"href":"https:\/\/ubirataonline.com.br\/en\/wp-json\/wp\/v2\/types\/post"}],"author":[{"embeddable":true,"href":"https:\/\/ubirataonline.com.br\/en\/wp-json\/wp\/v2\/users\/1"}],"replies":[{"embeddable":true,"href":"https:\/\/ubirataonline.com.br\/en\/wp-json\/wp\/v2\/comments?post=83494"}],"version-history":[{"count":0,"href":"https:\/\/ubirataonline.com.br\/en\/wp-json\/wp\/v2\/posts\/83494\/revisions"}],"wp:featuredmedia":[{"embeddable":true,"href":"https:\/\/ubirataonline.com.br\/en\/wp-json\/wp\/v2\/media\/83495"}],"wp:attachment":[{"href":"https:\/\/ubirataonline.com.br\/en\/wp-json\/wp\/v2\/media?parent=83494"}],"wp:term":[{"taxonomy":"category","embeddable":true,"href":"https:\/\/ubirataonline.com.br\/en\/wp-json\/wp\/v2\/categories?post=83494"},{"taxonomy":"post_tag","embeddable":true,"href":"https:\/\/ubirataonline.com.br\/en\/wp-json\/wp\/v2\/tags?post=83494"}],"curies":[{"name":"wp","href":"https:\/\/api.w.org\/{rel}","templated":true}]}}