{"id":83517,"date":"2026-01-30T20:58:30","date_gmt":"2026-01-30T23:58:30","guid":{"rendered":"https:\/\/ubirataonline.com.br\/conta-de-luz-segue-sem-cobranca-extra-em-fevereiro\/"},"modified":"2026-01-30T20:58:34","modified_gmt":"2026-01-30T23:58:34","slug":"conta-de-luz-segue-sem-cobranca-extra-em-fevereiro","status":"publish","type":"post","link":"https:\/\/ubirataonline.com.br\/en\/conta-de-luz-segue-sem-cobranca-extra-em-fevereiro\/","title":{"rendered":"Conta de luz segue sem cobran\u00e7a extra em fevereiro"},"content":{"rendered":"<p><\/p>\n<div id=\"post-content\">\n<p>O consumidor brasileiro vai continuar com a <strong>conta de luz sem custos adicionais<\/strong> em <strong>fevereiro.<\/strong> A Ag\u00eancia Nacional de Energia El\u00e9trica (Aneel) confirmou nesta sexta-feira (30\/01) a manuten\u00e7\u00e3o da bandeira tarif\u00e1ria verde para o pr\u00f3ximo m\u00eas.<\/p>\n<p>\u201cDe um modo geral, as chuvas foram mais favor\u00e1veis nos \u00faltimos 15 dias de janeiro, em rela\u00e7\u00e3o \u00e0 primeira quinzena desse m\u00eas, havendo uma recupera\u00e7\u00e3o do n\u00edvel dos reservat\u00f3rios das usinas nas regi\u00f5es Sudeste, Centro-Oeste, Nordeste e Norte. Dessa forma, n\u00e3o ser\u00e1 necess\u00e1rio despachar as usinas termel\u00e9tricas mais caras\u201d, disse a Aneel.<\/p>\n<p>Segundo o calend\u00e1rio divulgado pela ag\u00eancia reguladora, no dia 27 de fevereiro ser\u00e1 anunciada a defini\u00e7\u00e3o sobre a bandeira a ser aplicada em mar\u00e7o.<\/p>\n<h2 class=\"wp-block-heading\" id=\"h-bandeiras-tarifarias-da-conta-de-luz\">Bandeiras tarif\u00e1rias da conta de luz<\/h2>\n<p>O sistema de bandeiras tarif\u00e1rias foi criado em 2015 pela Aneel e funciona como um term\u00f4metro que reflete os custos vari\u00e1veis da gera\u00e7\u00e3o de energia el\u00e9trica. As diferentes cores das bandeiras mostram quanto est\u00e1 custando para o Sistema Interligado Nacional (SIN) gerar a energia consumida nas resid\u00eancias, estabelecimentos comerciais e ind\u00fastrias.<\/p>\n<p>A cada m\u00eas, o Operador Nacional do Sistema El\u00e9trico (ONS) reavalia as condi\u00e7\u00f5es de opera\u00e7\u00e3o do sistema de gera\u00e7\u00e3o de energia el\u00e9trica. Com base nessa an\u00e1lise, projeta os custos que ser\u00e3o cobertos pelas bandeiras.<\/p>\n<p>As cores das bandeiras tarif\u00e1rias s\u00e3o definidas a partir da previs\u00e3o de varia\u00e7\u00e3o do custo da energia em cada m\u00eas. Quando a bandeira \u00e9 verde, como agora, n\u00e3o h\u00e1 acr\u00e9scimo na conta. Por\u00e9m, quando s\u00e3o aplicadas as bandeiras amarela ou vermelha, a fatura sofre aumento a cada 100 quilowatts-hora (kWh) consumidos.<\/p>\n<h3 class=\"wp-block-heading\" id=\"h-valores-das-bandeiras\">Valores das bandeiras<\/h3>\n<p>A Aneel define o valor das bandeiras tarif\u00e1rias anualmente, ao final do per\u00edodo \u00famido, em abril, para o ciclo seguinte. Os valores atuais s\u00e3o: na bandeira amarela, com condi\u00e7\u00f5es de gera\u00e7\u00e3o menos favor\u00e1veis, acr\u00e9scimo de R$ 1,88 para cada 100 quilowatt-hora (kWh) consumidos; na bandeira vermelha Patamar 1, com condi\u00e7\u00f5es mais custosas de gera\u00e7\u00e3o, acr\u00e9scimo de R$ 4,46 para 100 quilowatt-hora kWh consumido.<\/p>\n<p>Na bandeira vermelha Patamar 2, quando as condi\u00e7\u00f5es de gera\u00e7\u00e3o s\u00e3o ainda mais custosas, a tarifa sofre acr\u00e9scimo de R$ 7,87 para cada 100 quilowatt-hora kWh consumido.<\/p>\n<section class=\"virals\">\n<article class=\"cardnews cardnews--post cardnews--has-thumbnail cardnews--editorial-noticias\"> <a href=\"https:\/\/www.tribunapr.com.br\/noticias\/curitiba-regiao\/contas-no-inicio-do-ano-desafiam-familias-saiba-como-equilibrar-os-gastos\/?utm_source=noticias-virais-rodape&amp;utm_medium=internal-tribuna&amp;utm_campaign=tribuna\" class=\"cardnews__postlink\"> <\/p>\n<div class=\"cardnews__image\" is-api-thumb=\"\"><\/div>\n<div class=\"cardnews__content cardhome__content\">\n<div class=\"cardnews__content-wrapper\">\n<p> <span style=\"\"> IPTU, IPVA&#8230; <\/span> <\/p>\n<p>Descubra como pagar IPTU, IPVA e escola sem sufocar seu bolso<\/p>\n<\/p><\/div>\n<\/p><\/div>\n<p> <\/a> <\/article>\n<article class=\"cardnews cardnews--post cardnews--has-thumbnail cardnews--editorial-noticias\"> <a href=\"https:\/\/www.tribunapr.com.br\/noticias\/brasil\/jeito-errado-de-usar-a-geladeira-pode-custar-alto-na-conta-de-luz\/?utm_source=noticias-virais-rodape&amp;utm_medium=internal-tribuna&amp;utm_campaign=tribuna\" class=\"cardnews__postlink\"> <\/p>\n<div class=\"cardnews__image\" is-api-thumb=\"\"><img decoding=\"async\" src=\"https:\/\/www.tribunapr.com.br\/wp-content\/uploads\/2026\/01\/14114224\/geladeira-370x210.jpg\" loading=\"lazy\" alt=\"Erro comum com geladeira pode explodir sua conta de luz\"\/><\/div>\n<div class=\"cardnews__content cardhome__content\">\n<div class=\"cardnews__content-wrapper\">\n<p> <span style=\"\"> Economia <\/span> <\/p>\n<p>Erro comum com geladeira pode explodir sua conta de luz<\/p>\n<\/p><\/div>\n<\/p><\/div>\n<p> <\/a> <\/article>\n<article class=\"cardnews cardnews--post cardnews--has-thumbnail cardnews--editorial-noticias\"> <a href=\"https:\/\/www.tribunapr.com.br\/blogs\/cacador-de-boteco\/em-curitiba-madeira-chope-e-encontros-dao-forma-ao-celeiro-do-malte\/?utm_source=noticias-virais-rodape&amp;utm_medium=internal-tribuna&amp;utm_campaign=tribuna\" class=\"cardnews__postlink\"> <\/p>\n<div class=\"cardnews__image\" is-api-thumb=\"\"><img decoding=\"async\" src=\"https:\/\/www.tribunapr.com.br\/wp-content\/uploads\/2022\/10\/15074047\/celeiro-do-malte-2-370x210.jpg\" loading=\"lazy\" alt=\"Este bar r\u00fastico em Curitiba virou sensa\u00e7\u00e3o entre cervejeiros\"\/><\/div>\n<div class=\"cardnews__content cardhome__content\">\n<div class=\"cardnews__content-wrapper\">\n<p> <span style=\"\"> Ca\u00e7ador de Boteco <\/span> <\/p>\n<p>Este bar r\u00fastico em Curitiba virou sensa\u00e7\u00e3o entre cervejeiros<\/p>\n<\/p><\/div>\n<\/p><\/div>\n<p> <\/a> <\/article>\n<\/section>\n<div id=\"tribuna-follow-cta\">\n<p> <span class=\"cta-title\">Siga a <span class=\"tribuna-color\">Tribuna<\/span> no Google, e acompanhe as \u00faltimas not\u00edcias de Curitiba e regi\u00e3o!<\/span> <\/p>\n<p> <a href=\"https:\/\/profile.google.com\/cp\/CgwvZy8xMmxxajUzM3Mac2h0dHBzOi8vd3d3LnRyaWJ1bmFwci5jb20uYnIvdml2YS92aXRyaW5lL2dpZ2FudGUtZG8tdmVzdHVhcmlvLXJlaW5hdWd1cmEtbG9qYS1lbS1zaG9wcGluZy10cmFkaWNpb25hbC1kZS1jdXJpdGliYS8iElRyaWJ1bmEgZG8gUGFyYW7DoSqAAwrHAWh0dHBzOi8vZW5jcnlwdGVkLXRibjIuZ3N0YXRpYy5jb20vZmF2aWNvbi10Ym4_cT10Ym46QU5kOUdjUVJPbjVDRjR6TzJPbkUwTXZrRlRCRTY2U0g1bGlaVDRaZTV3bWNKeU5GRm1BSnluM01nNU9PR3BXY1pYMzZwYU5HUWtsZ09JVEFLTTNNZVNGbTc1aWp6M3k2ajUtQ3M2b25kX2JUcFFQQkVLd3RsUjBsTmJESnUtVHhrNXQtbFlCNlVpOWZSVVFjT2cSswFodHRwczovL2VuY3J5cHRlZC10Ym4zLmdzdGF0aWMuY29tL2Zhdmljb24tdGJuP3E9dGJuJTNBQU5kOUdjU0FMaWJ2eFF0YXdFMFRueVdWWmVKRS1MZEdRZjVTUi1OZ2RMazhyZzIwVy1nM0JuQ1F4VDNKZFBjRXR2THdBeVRxUDJEdHVycEdVR29CQkxpYzM5al9wSmFxRERaMHNCYW05WEVhSGVsMmZTQmdKdlF4WWVyMw\" target=\"_blank\" title=\"Seguir a Tribuna no Google\">  <\/a> <\/div>\n<\/p><\/div>\n<p><a href=\"https:\/\/www.tribunapr.com.br\/noticias\/brasil\/conta-de-luz-segue-sem-cobranca-extra-em-fevereiro\/\">Source link <\/a><\/p>","protected":false},"excerpt":{"rendered":"<p>O consumidor brasileiro vai continuar com a conta de luz sem custos adicionais em fevereiro. A Ag\u00eancia Nacional de Energia El\u00e9trica (Aneel) confirmou nesta sexta-feira (30\/01) a manuten\u00e7\u00e3o da bandeira tarif\u00e1ria verde para o pr\u00f3ximo m\u00eas. \u201cDe um modo geral, as chuvas foram mais favor\u00e1veis nos \u00faltimos 15 dias de janeiro, em rela\u00e7\u00e3o \u00e0 primeira [&hellip;]<\/p>\n","protected":false},"author":1,"featured_media":83518,"comment_status":"closed","ping_status":"","sticky":false,"template":"","format":"standard","meta":{"googlesitekit_rrm_CAow2JLhCw:productID":"","_gspb_post_css":"","maa_idioma":"","maa_pais":"","footnotes":""},"categories":[1],"tags":[12078,4457,8835,15514,7279,3248,3610],"class_list":["post-83517","post","type-post","status-publish","format-standard","has-post-thumbnail","hentry","category-ubirata","tag-cobranca","tag-conta","tag-extra","tag-fevereiro","tag-luz","tag-segue","tag-sem"],"blocksy_meta":[],"yoast_head":"<!-- This site is optimized with the Yoast SEO Premium plugin v27.6 (Yoast SEO v27.6) - https:\/\/yoast.com\/product\/yoast-seo-premium-wordpress\/ -->\n<title>Conta de luz segue sem cobran\u00e7a extra em fevereiro - Ubirat\u00e3 Online Not\u00edcias - A realidade ao seu alcance!<\/title>\n<meta name=\"description\" content=\"O consumidor brasileiro vai continuar com a conta de luz sem custos adicionais em fevereiro. A Ag\u00eancia Nacional de Energia El\u00e9trica (Aneel) confirmou\" \/>\n<meta name=\"robots\" content=\"index, follow, max-snippet:-1, max-image-preview:large, max-video-preview:-1\" \/>\n<link rel=\"canonical\" href=\"https:\/\/ubirataonline.com.br\/en\/conta-de-luz-segue-sem-cobranca-extra-em-fevereiro\/\" \/>\n<meta property=\"og:locale\" content=\"en_US\" \/>\n<meta property=\"og:type\" content=\"article\" \/>\n<meta property=\"og:title\" content=\"Conta de luz segue sem cobran\u00e7a extra em fevereiro\" \/>\n<meta property=\"og:description\" content=\"O consumidor brasileiro vai continuar com a conta de luz sem custos adicionais em fevereiro. A Ag\u00eancia Nacional de Energia El\u00e9trica (Aneel) confirmou\" \/>\n<meta property=\"og:url\" content=\"https:\/\/ubirataonline.com.br\/en\/conta-de-luz-segue-sem-cobranca-extra-em-fevereiro\/\" \/>\n<meta property=\"og:site_name\" content=\"Ubirat\u00e3 Online Not\u00edcias - A realidade ao seu alcance!\" \/>\n<meta property=\"article:publisher\" content=\"https:\/\/www.facebook.com\/portalubirataonline\" \/>\n<meta property=\"article:author\" content=\"https:\/\/www.facebook.com\/portalubirataonline\" \/>\n<meta property=\"article:published_time\" content=\"2026-01-30T23:58:30+00:00\" \/>\n<meta property=\"article:modified_time\" content=\"2026-01-30T23:58:34+00:00\" \/>\n<meta property=\"og:image\" content=\"https:\/\/ubirataonline.com.br\/wp-content\/uploads\/2026\/01\/Conta-de-luz-segue-sem-cobranca-extra-em-fevereiro.jpg\" \/>\n\t<meta property=\"og:image:width\" content=\"1200\" \/>\n\t<meta property=\"og:image:height\" content=\"800\" \/>\n\t<meta property=\"og:image:type\" content=\"image\/jpeg\" \/>\n<meta name=\"author\" content=\"REDA\u00c7\u00c3O: UBIRAT\u00c3 ONLINE - F\u00c1BIO AUGUSTO CELESTINO\" \/>\n<meta name=\"twitter:card\" content=\"summary_large_image\" \/>\n<meta name=\"twitter:creator\" content=\"@x.com\/ubirataonline\" \/>\n<meta name=\"twitter:site\" content=\"@ubirataonline\" \/>\n<meta name=\"twitter:label1\" content=\"Written by\" \/>\n\t<meta name=\"twitter:data1\" content=\"REDA\u00c7\u00c3O: UBIRAT\u00c3 ONLINE - F\u00c1BIO AUGUSTO CELESTINO\" \/>\n\t<meta name=\"twitter:label2\" content=\"Est. reading time\" \/>\n\t<meta name=\"twitter:data2\" content=\"2 minutes\" \/>\n<script type=\"application\/ld+json\" class=\"yoast-schema-graph\">{\"@context\":\"https:\\\/\\\/schema.org\",\"@graph\":[{\"@type\":\"NewsArticle\",\"@id\":\"https:\\\/\\\/ubirataonline.com.br\\\/conta-de-luz-segue-sem-cobranca-extra-em-fevereiro\\\/#article\",\"isPartOf\":{\"@id\":\"https:\\\/\\\/ubirataonline.com.br\\\/conta-de-luz-segue-sem-cobranca-extra-em-fevereiro\\\/\"},\"author\":{\"name\":\"REDA\u00c7\u00c3O: UBIRAT\u00c3 ONLINE - F\u00c1BIO AUGUSTO CELESTINO\",\"@id\":\"https:\\\/\\\/ubirataonline.com.br\\\/#\\\/schema\\\/person\\\/372f87bbd3fdd79b8556b84c98d0bc1c\"},\"headline\":\"Conta de luz segue sem cobran\u00e7a extra em fevereiro\",\"datePublished\":\"2026-01-30T23:58:30+00:00\",\"dateModified\":\"2026-01-30T23:58:34+00:00\",\"mainEntityOfPage\":{\"@id\":\"https:\\\/\\\/ubirataonline.com.br\\\/conta-de-luz-segue-sem-cobranca-extra-em-fevereiro\\\/\"},\"wordCount\":458,\"publisher\":{\"@id\":\"https:\\\/\\\/ubirataonline.com.br\\\/#organization\"},\"image\":{\"@id\":\"https:\\\/\\\/ubirataonline.com.br\\\/conta-de-luz-segue-sem-cobranca-extra-em-fevereiro\\\/#primaryimage\"},\"thumbnailUrl\":\"https:\\\/\\\/ubirataonline.com.br\\\/wp-content\\\/uploads\\\/2026\\\/01\\\/Conta-de-luz-segue-sem-cobranca-extra-em-fevereiro.jpg\",\"keywords\":[\"cobran\u00e7a\",\"conta\",\"Extra\",\"fevereiro\",\"luz\",\"Segue\",\"sem\"],\"articleSection\":[\"Ubirat\u00e3\"],\"inLanguage\":\"en-US\",\"copyrightYear\":\"2026\",\"copyrightHolder\":{\"@id\":\"https:\\\/\\\/ubirataonline.com.br\\\/en\\\/#organization\"}},{\"@type\":\"WebPage\",\"@id\":\"https:\\\/\\\/ubirataonline.com.br\\\/conta-de-luz-segue-sem-cobranca-extra-em-fevereiro\\\/\",\"url\":\"https:\\\/\\\/ubirataonline.com.br\\\/conta-de-luz-segue-sem-cobranca-extra-em-fevereiro\\\/\",\"name\":\"Conta de luz segue sem cobran\u00e7a extra em fevereiro - Ubirat\u00e3 Online Not\u00edcias - A realidade ao seu alcance!\",\"isPartOf\":{\"@id\":\"https:\\\/\\\/ubirataonline.com.br\\\/#website\"},\"primaryImageOfPage\":{\"@id\":\"https:\\\/\\\/ubirataonline.com.br\\\/conta-de-luz-segue-sem-cobranca-extra-em-fevereiro\\\/#primaryimage\"},\"image\":{\"@id\":\"https:\\\/\\\/ubirataonline.com.br\\\/conta-de-luz-segue-sem-cobranca-extra-em-fevereiro\\\/#primaryimage\"},\"thumbnailUrl\":\"https:\\\/\\\/ubirataonline.com.br\\\/wp-content\\\/uploads\\\/2026\\\/01\\\/Conta-de-luz-segue-sem-cobranca-extra-em-fevereiro.jpg\",\"datePublished\":\"2026-01-30T23:58:30+00:00\",\"dateModified\":\"2026-01-30T23:58:34+00:00\",\"description\":\"O consumidor brasileiro vai continuar com a conta de luz sem custos adicionais em fevereiro. A Ag\u00eancia Nacional de Energia El\u00e9trica (Aneel) confirmou\",\"breadcrumb\":{\"@id\":\"https:\\\/\\\/ubirataonline.com.br\\\/conta-de-luz-segue-sem-cobranca-extra-em-fevereiro\\\/#breadcrumb\"},\"inLanguage\":\"en-US\",\"potentialAction\":[{\"@type\":\"ReadAction\",\"target\":[\"https:\\\/\\\/ubirataonline.com.br\\\/conta-de-luz-segue-sem-cobranca-extra-em-fevereiro\\\/\"]}]},{\"@type\":\"ImageObject\",\"inLanguage\":\"en-US\",\"@id\":\"https:\\\/\\\/ubirataonline.com.br\\\/conta-de-luz-segue-sem-cobranca-extra-em-fevereiro\\\/#primaryimage\",\"url\":\"https:\\\/\\\/ubirataonline.com.br\\\/wp-content\\\/uploads\\\/2026\\\/01\\\/Conta-de-luz-segue-sem-cobranca-extra-em-fevereiro.jpg\",\"contentUrl\":\"https:\\\/\\\/ubirataonline.com.br\\\/wp-content\\\/uploads\\\/2026\\\/01\\\/Conta-de-luz-segue-sem-cobranca-extra-em-fevereiro.jpg\",\"width\":1200,\"height\":800,\"caption\":\"Foto: Deposit Photos\"},{\"@type\":\"BreadcrumbList\",\"@id\":\"https:\\\/\\\/ubirataonline.com.br\\\/conta-de-luz-segue-sem-cobranca-extra-em-fevereiro\\\/#breadcrumb\",\"itemListElement\":[{\"@type\":\"ListItem\",\"position\":1,\"name\":\"In\u00edcio\",\"item\":\"https:\\\/\\\/ubirataonline.com.br\\\/\"},{\"@type\":\"ListItem\",\"position\":2,\"name\":\"Conta de luz segue sem cobran\u00e7a extra em fevereiro\"}]},{\"@type\":\"WebSite\",\"@id\":\"https:\\\/\\\/ubirataonline.com.br\\\/#website\",\"url\":\"https:\\\/\\\/ubirataonline.com.br\\\/\",\"name\":\"Ubirat\u00e3 Online Not\u00edcias\",\"description\":\"Not\u00edcias de Ubirat\u00e3, regi\u00e3o, Brasil e mundo, com informa\u00e7\u00e3o atualizada e compromisso com o leitor.\",\"publisher\":{\"@id\":\"https:\\\/\\\/ubirataonline.com.br\\\/#organization\"},\"alternateName\":\"Ubirat\u00e3 Online\",\"potentialAction\":[{\"@type\":\"SearchAction\",\"target\":{\"@type\":\"EntryPoint\",\"urlTemplate\":\"https:\\\/\\\/ubirataonline.com.br\\\/?s={search_term_string}\"},\"query-input\":{\"@type\":\"PropertyValueSpecification\",\"valueRequired\":true,\"valueName\":\"search_term_string\"}}],\"inLanguage\":\"en-US\"},{\"@type\":[\"Organization\",\"Place\"],\"@id\":\"https:\\\/\\\/ubirataonline.com.br\\\/#organization\",\"name\":\"Ubirat\u00e3 Online Not\u00edcias\",\"alternateName\":\"Ubirat\u00e3 Online\",\"url\":\"https:\\\/\\\/ubirataonline.com.br\\\/\",\"logo\":{\"@id\":\"https:\\\/\\\/ubirataonline.com.br\\\/conta-de-luz-segue-sem-cobranca-extra-em-fevereiro\\\/#local-main-organization-logo\"},\"image\":{\"@id\":\"https:\\\/\\\/ubirataonline.com.br\\\/conta-de-luz-segue-sem-cobranca-extra-em-fevereiro\\\/#local-main-organization-logo\"},\"sameAs\":[\"https:\\\/\\\/www.facebook.com\\\/portalubirataonline\",\"https:\\\/\\\/x.com\\\/ubirataonline\",\"https:\\\/\\\/mastodon.social\\\/@ubirataonline\",\"https:\\\/\\\/www.facebook.com\\\/groups\\\/311144672285604\",\"https:\\\/\\\/www.facebook.com\\\/UBTAOnline\",\"https:\\\/\\\/www.instagram.com\\\/portalubirataonline\\\/\",\"https:\\\/\\\/twitter.com\\\/ubirataonline\"],\"description\":\"Somos um portal de not\u00edcias independente, criado em 5 de janeiro de 2009, com o objetivo de informar, conectar e valorizar a nossa comunidade de Ubirat\u00e3 e toda aregi\u00e3o. Com conte\u00fado atualizado, confi\u00e1vel e relevante, o Ubirat\u00e3 Online \u00e9 o seu espa\u00e7o para ficar por dentro dos principais acontecimentos locais, regionais, Brasil, Mundo e de interesse geral. Nosso compromisso \u00e9 com a verdade, a transpar\u00eancia e o respeito ao leitor.\",\"legalName\":\"UBIRATA ONLINE NOT\u00cdCIAS\",\"foundingDate\":\"2009-01-05\",\"numberOfEmployees\":{\"@type\":\"QuantitativeValue\",\"minValue\":\"1\",\"maxValue\":\"10\"},\"publishingPrinciples\":\"https:\\\/\\\/ubirataonline.com.br\\\/faq\\\/\",\"address\":{\"@id\":\"https:\\\/\\\/ubirataonline.com.br\\\/conta-de-luz-segue-sem-cobranca-extra-em-fevereiro\\\/#local-main-place-address\"},\"geo\":{\"@type\":\"GeoCoordinates\",\"latitude\":\"-24.5361401\",\"longitude\":\"-52.9921776\"},\"telephone\":[\"+5544998308235\"],\"contactPoint\":{\"@type\":\"ContactPoint\",\"email\":\"contato@ubirataonline.com.br\"},\"openingHoursSpecification\":{\"@type\":\"OpeningHoursSpecification\",\"dayOfWeek\":[\"Monday\",\"Tuesday\",\"Wednesday\",\"Thursday\",\"Friday\",\"Saturday\",\"Sunday\"],\"opens\":\"00:00\",\"closes\":\"23:59\"},\"email\":\"contato@ubirataonline.com.br\",\"vatID\":\"47.621.418\\\/0001-80\"},{\"@type\":\"Person\",\"@id\":\"https:\\\/\\\/ubirataonline.com.br\\\/#\\\/schema\\\/person\\\/372f87bbd3fdd79b8556b84c98d0bc1c\",\"name\":\"REDA\u00c7\u00c3O: UBIRAT\u00c3 ONLINE - F\u00c1BIO AUGUSTO CELESTINO\",\"pronouns\":\"Ele\",\"description\":\"Desde 2003 trabalhando com not\u00edcias.\",\"sameAs\":[\"http:\\\/\\\/ubirataoline.com.br\",\"https:\\\/\\\/www.facebook.com\\\/portalubirataonline\",\"https:\\\/\\\/www.instagram.com\\\/ubirataonline_oficial\",\"https:\\\/\\\/x.com\\\/x.com\\\/ubirataonline\"],\"honorificPrefix\":\"Mr.\",\"honorificSuffix\":\"MD\",\"birthDate\":\"1980-06-16\",\"gender\":\"masculino\",\"award\":[\"V\u00e1rios pr\u00eamios de melhor portal da cidade\"],\"jobTitle\":\"Diretor\",\"url\":\"https:\\\/\\\/ubirataonline.com.br\\\/en\\\/author\\\/ubirataonline\\\/\"},{\"@type\":\"PostalAddress\",\"@id\":\"https:\\\/\\\/ubirataonline.com.br\\\/conta-de-luz-segue-sem-cobranca-extra-em-fevereiro\\\/#local-main-place-address\",\"streetAddress\":\"Rua dos Coqueiros, 104 - Bairro Boa Vista, Rua dos Coqueiros, 104 Bairro Boa Vista\",\"addressLocality\":\"UBIRATA\",\"postalCode\":\"85440-000\",\"addressRegion\":\"PR\",\"addressCountry\":\"BR\"},{\"@type\":\"ImageObject\",\"inLanguage\":\"en-US\",\"@id\":\"https:\\\/\\\/ubirataonline.com.br\\\/conta-de-luz-segue-sem-cobranca-extra-em-fevereiro\\\/#local-main-organization-logo\",\"url\":\"https:\\\/\\\/ubirataonline.com.br\\\/wp-content\\\/uploads\\\/2026\\\/06\\\/logoubirataonline-1.webp\",\"contentUrl\":\"https:\\\/\\\/ubirataonline.com.br\\\/wp-content\\\/uploads\\\/2026\\\/06\\\/logoubirataonline-1.webp\",\"width\":500,\"height\":500,\"caption\":\"Ubirat\u00e3 Online Not\u00edcias\"}]}<\/script>\n<meta name=\"geo.placename\" content=\"UBIRATA\" \/>\n<meta name=\"geo.position\" content=\"-24.5361401;-52.9921776\" \/>\n<meta name=\"geo.region\" content=\"Brazil\" \/>\n<!-- \/ Yoast SEO Premium plugin. -->","yoast_head_json":{"title":"Conta de luz segue sem cobran\u00e7a extra em fevereiro - Ubirat\u00e3 Online Not\u00edcias - A realidade ao seu alcance!","description":"O consumidor brasileiro vai continuar com a conta de luz sem custos adicionais em fevereiro. A Ag\u00eancia Nacional de Energia El\u00e9trica (Aneel) confirmou","robots":{"index":"index","follow":"follow","max-snippet":"max-snippet:-1","max-image-preview":"max-image-preview:large","max-video-preview":"max-video-preview:-1"},"canonical":"https:\/\/ubirataonline.com.br\/en\/conta-de-luz-segue-sem-cobranca-extra-em-fevereiro\/","og_locale":"en_US","og_type":"article","og_title":"Conta de luz segue sem cobran\u00e7a extra em fevereiro","og_description":"O consumidor brasileiro vai continuar com a conta de luz sem custos adicionais em fevereiro. A Ag\u00eancia Nacional de Energia El\u00e9trica (Aneel) confirmou","og_url":"https:\/\/ubirataonline.com.br\/en\/conta-de-luz-segue-sem-cobranca-extra-em-fevereiro\/","og_site_name":"Ubirat\u00e3 Online Not\u00edcias - A realidade ao seu alcance!","article_publisher":"https:\/\/www.facebook.com\/portalubirataonline","article_author":"https:\/\/www.facebook.com\/portalubirataonline","article_published_time":"2026-01-30T23:58:30+00:00","article_modified_time":"2026-01-30T23:58:34+00:00","og_image":[{"width":1200,"height":800,"url":"https:\/\/ubirataonline.com.br\/wp-content\/uploads\/2026\/01\/Conta-de-luz-segue-sem-cobranca-extra-em-fevereiro.jpg","type":"image\/jpeg"}],"author":"REDA\u00c7\u00c3O: UBIRAT\u00c3 ONLINE - F\u00c1BIO AUGUSTO CELESTINO","twitter_card":"summary_large_image","twitter_creator":"@x.com\/ubirataonline","twitter_site":"@ubirataonline","twitter_misc":{"Written by":"REDA\u00c7\u00c3O: UBIRAT\u00c3 ONLINE - F\u00c1BIO AUGUSTO CELESTINO","Est. reading time":"2 minutes"},"schema":{"@context":"https:\/\/schema.org","@graph":[{"@type":"NewsArticle","@id":"https:\/\/ubirataonline.com.br\/conta-de-luz-segue-sem-cobranca-extra-em-fevereiro\/#article","isPartOf":{"@id":"https:\/\/ubirataonline.com.br\/conta-de-luz-segue-sem-cobranca-extra-em-fevereiro\/"},"author":{"name":"REDA\u00c7\u00c3O: UBIRAT\u00c3 ONLINE - F\u00c1BIO AUGUSTO CELESTINO","@id":"https:\/\/ubirataonline.com.br\/#\/schema\/person\/372f87bbd3fdd79b8556b84c98d0bc1c"},"headline":"Conta de luz segue sem cobran\u00e7a extra em fevereiro","datePublished":"2026-01-30T23:58:30+00:00","dateModified":"2026-01-30T23:58:34+00:00","mainEntityOfPage":{"@id":"https:\/\/ubirataonline.com.br\/conta-de-luz-segue-sem-cobranca-extra-em-fevereiro\/"},"wordCount":458,"publisher":{"@id":"https:\/\/ubirataonline.com.br\/#organization"},"image":{"@id":"https:\/\/ubirataonline.com.br\/conta-de-luz-segue-sem-cobranca-extra-em-fevereiro\/#primaryimage"},"thumbnailUrl":"https:\/\/ubirataonline.com.br\/wp-content\/uploads\/2026\/01\/Conta-de-luz-segue-sem-cobranca-extra-em-fevereiro.jpg","keywords":["cobran\u00e7a","conta","Extra","fevereiro","luz","Segue","sem"],"articleSection":["Ubirat\u00e3"],"inLanguage":"en-US","copyrightYear":"2026","copyrightHolder":{"@id":"https:\/\/ubirataonline.com.br\/en\/#organization"}},{"@type":"WebPage","@id":"https:\/\/ubirataonline.com.br\/conta-de-luz-segue-sem-cobranca-extra-em-fevereiro\/","url":"https:\/\/ubirataonline.com.br\/conta-de-luz-segue-sem-cobranca-extra-em-fevereiro\/","name":"Conta de luz segue sem cobran\u00e7a extra em fevereiro - Ubirat\u00e3 Online Not\u00edcias - A realidade ao seu alcance!","isPartOf":{"@id":"https:\/\/ubirataonline.com.br\/#website"},"primaryImageOfPage":{"@id":"https:\/\/ubirataonline.com.br\/conta-de-luz-segue-sem-cobranca-extra-em-fevereiro\/#primaryimage"},"image":{"@id":"https:\/\/ubirataonline.com.br\/conta-de-luz-segue-sem-cobranca-extra-em-fevereiro\/#primaryimage"},"thumbnailUrl":"https:\/\/ubirataonline.com.br\/wp-content\/uploads\/2026\/01\/Conta-de-luz-segue-sem-cobranca-extra-em-fevereiro.jpg","datePublished":"2026-01-30T23:58:30+00:00","dateModified":"2026-01-30T23:58:34+00:00","description":"O consumidor brasileiro vai continuar com a conta de luz sem custos adicionais em fevereiro. A Ag\u00eancia Nacional de Energia El\u00e9trica (Aneel) confirmou","breadcrumb":{"@id":"https:\/\/ubirataonline.com.br\/conta-de-luz-segue-sem-cobranca-extra-em-fevereiro\/#breadcrumb"},"inLanguage":"en-US","potentialAction":[{"@type":"ReadAction","target":["https:\/\/ubirataonline.com.br\/conta-de-luz-segue-sem-cobranca-extra-em-fevereiro\/"]}]},{"@type":"ImageObject","inLanguage":"en-US","@id":"https:\/\/ubirataonline.com.br\/conta-de-luz-segue-sem-cobranca-extra-em-fevereiro\/#primaryimage","url":"https:\/\/ubirataonline.com.br\/wp-content\/uploads\/2026\/01\/Conta-de-luz-segue-sem-cobranca-extra-em-fevereiro.jpg","contentUrl":"https:\/\/ubirataonline.com.br\/wp-content\/uploads\/2026\/01\/Conta-de-luz-segue-sem-cobranca-extra-em-fevereiro.jpg","width":1200,"height":800,"caption":"Foto: Deposit Photos"},{"@type":"BreadcrumbList","@id":"https:\/\/ubirataonline.com.br\/conta-de-luz-segue-sem-cobranca-extra-em-fevereiro\/#breadcrumb","itemListElement":[{"@type":"ListItem","position":1,"name":"In\u00edcio","item":"https:\/\/ubirataonline.com.br\/"},{"@type":"ListItem","position":2,"name":"Conta de luz segue sem cobran\u00e7a extra em fevereiro"}]},{"@type":"WebSite","@id":"https:\/\/ubirataonline.com.br\/#website","url":"https:\/\/ubirataonline.com.br\/","name":"Ubirat\u00e3 Online Not\u00edcias","description":"Not\u00edcias de Ubirat\u00e3, regi\u00e3o, Brasil e mundo, com informa\u00e7\u00e3o atualizada e compromisso com o leitor.","publisher":{"@id":"https:\/\/ubirataonline.com.br\/#organization"},"alternateName":"Ubirat\u00e3 Online","potentialAction":[{"@type":"SearchAction","target":{"@type":"EntryPoint","urlTemplate":"https:\/\/ubirataonline.com.br\/?s={search_term_string}"},"query-input":{"@type":"PropertyValueSpecification","valueRequired":true,"valueName":"search_term_string"}}],"inLanguage":"en-US"},{"@type":["Organization","Place"],"@id":"https:\/\/ubirataonline.com.br\/#organization","name":"Ubirat\u00e3 Online Not\u00edcias","alternateName":"Ubirat\u00e3 Online","url":"https:\/\/ubirataonline.com.br\/","logo":{"@id":"https:\/\/ubirataonline.com.br\/conta-de-luz-segue-sem-cobranca-extra-em-fevereiro\/#local-main-organization-logo"},"image":{"@id":"https:\/\/ubirataonline.com.br\/conta-de-luz-segue-sem-cobranca-extra-em-fevereiro\/#local-main-organization-logo"},"sameAs":["https:\/\/www.facebook.com\/portalubirataonline","https:\/\/x.com\/ubirataonline","https:\/\/mastodon.social\/@ubirataonline","https:\/\/www.facebook.com\/groups\/311144672285604","https:\/\/www.facebook.com\/UBTAOnline","https:\/\/www.instagram.com\/portalubirataonline\/","https:\/\/twitter.com\/ubirataonline"],"description":"Somos um portal de not\u00edcias independente, criado em 5 de janeiro de 2009, com o objetivo de informar, conectar e valorizar a nossa comunidade de Ubirat\u00e3 e toda aregi\u00e3o. Com conte\u00fado atualizado, confi\u00e1vel e relevante, o Ubirat\u00e3 Online \u00e9 o seu espa\u00e7o para ficar por dentro dos principais acontecimentos locais, regionais, Brasil, Mundo e de interesse geral. Nosso compromisso \u00e9 com a verdade, a transpar\u00eancia e o respeito ao leitor.","legalName":"UBIRATA ONLINE NOT\u00cdCIAS","foundingDate":"2009-01-05","numberOfEmployees":{"@type":"QuantitativeValue","minValue":"1","maxValue":"10"},"publishingPrinciples":"https:\/\/ubirataonline.com.br\/faq\/","address":{"@id":"https:\/\/ubirataonline.com.br\/conta-de-luz-segue-sem-cobranca-extra-em-fevereiro\/#local-main-place-address"},"geo":{"@type":"GeoCoordinates","latitude":"-24.5361401","longitude":"-52.9921776"},"telephone":["+5544998308235"],"contactPoint":{"@type":"ContactPoint","email":"contato@ubirataonline.com.br"},"openingHoursSpecification":{"@type":"OpeningHoursSpecification","dayOfWeek":["Monday","Tuesday","Wednesday","Thursday","Friday","Saturday","Sunday"],"opens":"00:00","closes":"23:59"},"email":"contato@ubirataonline.com.br","vatID":"47.621.418\/0001-80"},{"@type":"Person","@id":"https:\/\/ubirataonline.com.br\/#\/schema\/person\/372f87bbd3fdd79b8556b84c98d0bc1c","name":"REDA\u00c7\u00c3O: UBIRAT\u00c3 ONLINE - F\u00c1BIO AUGUSTO CELESTINO","pronouns":"Ele","description":"Desde 2003 trabalhando com not\u00edcias.","sameAs":["http:\/\/ubirataoline.com.br","https:\/\/www.facebook.com\/portalubirataonline","https:\/\/www.instagram.com\/ubirataonline_oficial","https:\/\/x.com\/x.com\/ubirataonline"],"honorificPrefix":"Mr.","honorificSuffix":"MD","birthDate":"1980-06-16","gender":"masculino","award":["V\u00e1rios pr\u00eamios de melhor portal da cidade"],"jobTitle":"Diretor","url":"https:\/\/ubirataonline.com.br\/en\/author\/ubirataonline\/"},{"@type":"PostalAddress","@id":"https:\/\/ubirataonline.com.br\/conta-de-luz-segue-sem-cobranca-extra-em-fevereiro\/#local-main-place-address","streetAddress":"Rua dos Coqueiros, 104 - Bairro Boa Vista, Rua dos Coqueiros, 104 Bairro Boa Vista","addressLocality":"UBIRATA","postalCode":"85440-000","addressRegion":"PR","addressCountry":"BR"},{"@type":"ImageObject","inLanguage":"en-US","@id":"https:\/\/ubirataonline.com.br\/conta-de-luz-segue-sem-cobranca-extra-em-fevereiro\/#local-main-organization-logo","url":"https:\/\/ubirataonline.com.br\/wp-content\/uploads\/2026\/06\/logoubirataonline-1.webp","contentUrl":"https:\/\/ubirataonline.com.br\/wp-content\/uploads\/2026\/06\/logoubirataonline-1.webp","width":500,"height":500,"caption":"Ubirat\u00e3 Online Not\u00edcias"}]},"geo.placename":"UBIRATA","geo.position":{"lat":"-24.5361401","long":"-52.9921776"},"geo.region":"Brazil"},"_links":{"self":[{"href":"https:\/\/ubirataonline.com.br\/en\/wp-json\/wp\/v2\/posts\/83517","targetHints":{"allow":["GET"]}}],"collection":[{"href":"https:\/\/ubirataonline.com.br\/en\/wp-json\/wp\/v2\/posts"}],"about":[{"href":"https:\/\/ubirataonline.com.br\/en\/wp-json\/wp\/v2\/types\/post"}],"author":[{"embeddable":true,"href":"https:\/\/ubirataonline.com.br\/en\/wp-json\/wp\/v2\/users\/1"}],"replies":[{"embeddable":true,"href":"https:\/\/ubirataonline.com.br\/en\/wp-json\/wp\/v2\/comments?post=83517"}],"version-history":[{"count":0,"href":"https:\/\/ubirataonline.com.br\/en\/wp-json\/wp\/v2\/posts\/83517\/revisions"}],"wp:featuredmedia":[{"embeddable":true,"href":"https:\/\/ubirataonline.com.br\/en\/wp-json\/wp\/v2\/media\/83518"}],"wp:attachment":[{"href":"https:\/\/ubirataonline.com.br\/en\/wp-json\/wp\/v2\/media?parent=83517"}],"wp:term":[{"taxonomy":"category","embeddable":true,"href":"https:\/\/ubirataonline.com.br\/en\/wp-json\/wp\/v2\/categories?post=83517"},{"taxonomy":"post_tag","embeddable":true,"href":"https:\/\/ubirataonline.com.br\/en\/wp-json\/wp\/v2\/tags?post=83517"}],"curies":[{"name":"wp","href":"https:\/\/api.w.org\/{rel}","templated":true}]}}