{"id":83653,"date":"2026-01-31T09:31:32","date_gmt":"2026-01-31T12:31:32","guid":{"rendered":"https:\/\/ubirataonline.com.br\/thiago-el-refuerzo-para-un-duelo-clave\/"},"modified":"2026-01-31T09:31:35","modified_gmt":"2026-01-31T12:31:35","slug":"thiago-el-refuerzo-para-un-duelo-clave","status":"publish","type":"post","link":"https:\/\/ubirataonline.com.br\/en\/thiago-el-refuerzo-para-un-duelo-clave\/","title":{"rendered":"Thiago, el refuerzo para un duelo clave"},"content":{"rendered":"<p><br \/>\n<\/p>\n<div data-nosnippet=\"\" data-id=\"closeContentContainer\"><!--[--><!--[--><!----><!----><!--[--><\/p>\n<p class=\"ft-text ft-helper-closenews\">Thiago Fern\u00e1ndez, el \u00faltimo fichaje del Oviedo, ya est\u00e1 inscrito en LaLiga como jugador azul y ha sido convocado por Guillermo Almada, t\u00e9cnico del conjunto carbay\u00f3n, para apuntalar al equipo de cara a la &#8220;gran final&#8221; que se disputar\u00e1 esta tarde ante el Girona en el Tartiere (14 horas).<\/p>\n<p><!--]--><!----><!----><!----><!----><!----><!----><!----><!----><!----><\/p>\n<aside class=\"ft-ad ft-ad--roba ft-ad--robaNotext ft-helper-hide-md\" style=\"\"\/><!--[--><!--[--><!----><!--]--><!--[--><!----><!--]--><!--[--><!----><!--]--><!--[--><!----><!--]--><!--]--><!----><!----><!--]--><!--[--><!----><!----><!--[--><\/p>\n<p class=\"ft-text\">El Oviedo llega al duelo a nueve puntos de la zona de salvaci\u00f3n y consciente de que, de no sumar de tres, la distancia con los equipos que nadan fuera del descenso ser\u00eda muy dif\u00edcil de alcanzar. Por ello, desde el entorno del club azul llevan toda la semana anunciando el duelo ante el conjunto catal\u00e1n como &#8220;la final del Mundial&#8221;. En lo deportivo, Guillermo Almada apunta a repetir el once que viene desplegando desde su llegada, aunque medita sentar a Lucas, canterano que ayer cumpli\u00f3 30 a\u00f1os, para utilizar a Nacho Vidal, ya totalmente en forma y recuperado de su lesi\u00f3n.<\/p>\n<p><!--]--><!----><!----><!----><!----><!----><!----><!----><!----><!----><!----><!----><!--[--><!--[--><\/p>\n<aside class=\"ft-ad ft-ad--intext ft-helper-hide-md\"\/><!--]--><!--[--><\/p>\n<aside class=\"ft-ad ft-ad--intext  ft-helper-hide-xs\"\/><!--]--><!--[--><!----><!--]--><!--[--><!----><!--]--><!--]--><!----><!----><!--]--><!--[--><!----><!----><!--[--><\/p>\n<p class=\"ft-text\">En la porter\u00eda estar\u00e1 el de siempre, Aar\u00f3n. La defensa la formar\u00e1n el lateral derecho alicantino, Costas y Carmo, y Javi L\u00f3pez en la banda izquierda tras la baja de Rahim. En la medular hay pocas dudas. Sibo y Colombatto son los dos jugadores de referencia de Almada desde su llegada, aunque no se descarta que el t\u00e9cnico charr\u00faa conf\u00ede en Fonseca para la partida. De mediapunta, Reina es el llamado a crear las situaciones de ataque. En las bandas estar\u00e1n Hassan y Chaira. Es pronto todav\u00eda para que Thiago salga de titular, aunque no se descarta que tenga alg\u00fan minuto. Y en punta, Fede Vi\u00f1as ser\u00e1 el encargado de intentar marcar los goles que le den la victoria al Oviedo ante un Girona que ya no es el mismo que cuando recibi\u00f3 en su feudo al conjunto azul (3-3).<\/p>\n<p><!--]--><!----><!----><!----><!----><!----><!--[--><!----><!----><!--]--><!----><!----><!----><!----><!--[--><!--[--><!----><!--]--><!--[--><!----><!--]--><!--[--><!----><!--]--><!--[--><!----><!--]--><!--]--><!----><!----><!--]--><!--[--><!----><!----><!--[--><\/p>\n<p class=\"ft-text\">Completan la lista de convocados Moldovan, Lucas, Calvo, Dendoncker, Cazorla, Fonseca, Borbas, For\u00e9s, Thiago, Ilic y Agud\u00edn.<\/p>\n<p><!--]--><!----><!----><!----><!----><!----><!----><!----><!----><!----><!----><!----><!--[--><!--[--><!----><!--]--><!--[--><!----><!--]--><!--[--><!----><!--]--><!--[--><!----><!--]--><!--]--><!----><!----><!--]--><!--]--><\/p>\n<p data-close=\"closedContent\" class=\"subscribeHideForDisplay\">Suscr\u00edbete para seguir leyendo<\/p>\n<\/div>\n<p><br \/>\n<br \/><a href=\"https:\/\/www.lne.es\/real-oviedo\/2026\/01\/31\/thiago-refuerzo-duelo-clave-126286513.html\">Source link <\/a><\/p>\n","protected":false},"excerpt":{"rendered":"<p>Thiago Fern\u00e1ndez, el \u00faltimo fichaje del Oviedo, ya est\u00e1 inscrito en LaLiga como jugador azul y ha sido convocado por Guillermo Almada, t\u00e9cnico del conjunto carbay\u00f3n, para apuntalar al equipo de cara a la &#8220;gran final&#8221; que se disputar\u00e1 esta tarde ante el Girona en el Tartiere (14 horas). El Oviedo llega al duelo a [&hellip;]<\/p>\n","protected":false},"author":1,"featured_media":83654,"comment_status":"closed","ping_status":"","sticky":false,"template":"","format":"standard","meta":{"googlesitekit_rrm_CAow2JLhCw:productID":"","_gspb_post_css":"","maa_idioma":"","maa_pais":"","footnotes":""},"categories":[2725],"tags":[16688,3769,2904,16687,10849],"class_list":["post-83653","post","type-post","status-publish","format-standard","has-post-thumbnail","hentry","category-europe","tag-clave","tag-duelo","tag-para","tag-refuerzo","tag-thiago"],"blocksy_meta":[],"yoast_head":"<!-- This site is optimized with the Yoast SEO Premium plugin v27.6 (Yoast SEO v27.6) - https:\/\/yoast.com\/product\/yoast-seo-premium-wordpress\/ -->\n<title>Thiago, el refuerzo para un duelo clave - Ubirat\u00e3 Online Not\u00edcias - A realidade ao seu alcance!<\/title>\n<meta name=\"description\" content=\"Suscr\u00edbete para seguir leyendo  Source link\" \/>\n<meta name=\"robots\" content=\"index, follow, max-snippet:-1, max-image-preview:large, max-video-preview:-1\" \/>\n<link rel=\"canonical\" href=\"https:\/\/ubirataonline.com.br\/en\/thiago-el-refuerzo-para-un-duelo-clave\/\" \/>\n<meta property=\"og:locale\" content=\"en_US\" \/>\n<meta property=\"og:type\" content=\"article\" \/>\n<meta property=\"og:title\" content=\"Thiago, el refuerzo para un duelo clave\" \/>\n<meta property=\"og:description\" content=\"Suscr\u00edbete para seguir leyendo  Source link\" \/>\n<meta property=\"og:url\" content=\"https:\/\/ubirataonline.com.br\/en\/thiago-el-refuerzo-para-un-duelo-clave\/\" \/>\n<meta property=\"og:site_name\" content=\"Ubirat\u00e3 Online Not\u00edcias - A realidade ao seu alcance!\" \/>\n<meta property=\"article:publisher\" content=\"https:\/\/www.facebook.com\/portalubirataonline\" \/>\n<meta property=\"article:author\" content=\"https:\/\/www.facebook.com\/portalubirataonline\" \/>\n<meta property=\"article:published_time\" content=\"2026-01-31T12:31:32+00:00\" \/>\n<meta property=\"article:modified_time\" content=\"2026-01-31T12:31:35+00:00\" \/>\n<meta property=\"og:image\" content=\"https:\/\/ubirataonline.com.br\/wp-content\/uploads\/2026\/01\/Thiago-el-refuerzo-para-un-duelo-clave.jpg\" \/>\n\t<meta property=\"og:image:width\" content=\"880\" \/>\n\t<meta property=\"og:image:height\" content=\"495\" \/>\n\t<meta property=\"og:image:type\" content=\"image\/jpeg\" \/>\n<meta name=\"author\" content=\"REDA\u00c7\u00c3O: UBIRAT\u00c3 ONLINE - F\u00c1BIO AUGUSTO CELESTINO\" \/>\n<meta name=\"twitter:card\" content=\"summary_large_image\" \/>\n<meta name=\"twitter:creator\" content=\"@x.com\/ubirataonline\" \/>\n<meta name=\"twitter:site\" content=\"@ubirataonline\" \/>\n<meta name=\"twitter:label1\" content=\"Written by\" \/>\n\t<meta name=\"twitter:data1\" content=\"REDA\u00c7\u00c3O: UBIRAT\u00c3 ONLINE - F\u00c1BIO AUGUSTO CELESTINO\" \/>\n\t<meta name=\"twitter:label2\" content=\"Est. reading time\" \/>\n\t<meta name=\"twitter:data2\" content=\"2 minutes\" \/>\n<script type=\"application\/ld+json\" class=\"yoast-schema-graph\">{\"@context\":\"https:\\\/\\\/schema.org\",\"@graph\":[{\"@type\":\"NewsArticle\",\"@id\":\"https:\\\/\\\/ubirataonline.com.br\\\/thiago-el-refuerzo-para-un-duelo-clave\\\/#article\",\"isPartOf\":{\"@id\":\"https:\\\/\\\/ubirataonline.com.br\\\/thiago-el-refuerzo-para-un-duelo-clave\\\/\"},\"author\":{\"name\":\"REDA\u00c7\u00c3O: UBIRAT\u00c3 ONLINE - F\u00c1BIO AUGUSTO CELESTINO\",\"@id\":\"https:\\\/\\\/ubirataonline.com.br\\\/#\\\/schema\\\/person\\\/372f87bbd3fdd79b8556b84c98d0bc1c\"},\"headline\":\"Thiago, el refuerzo para un duelo clave\",\"datePublished\":\"2026-01-31T12:31:32+00:00\",\"dateModified\":\"2026-01-31T12:31:35+00:00\",\"mainEntityOfPage\":{\"@id\":\"https:\\\/\\\/ubirataonline.com.br\\\/thiago-el-refuerzo-para-un-duelo-clave\\\/\"},\"wordCount\":344,\"publisher\":{\"@id\":\"https:\\\/\\\/ubirataonline.com.br\\\/#organization\"},\"image\":{\"@id\":\"https:\\\/\\\/ubirataonline.com.br\\\/thiago-el-refuerzo-para-un-duelo-clave\\\/#primaryimage\"},\"thumbnailUrl\":\"https:\\\/\\\/ubirataonline.com.br\\\/wp-content\\\/uploads\\\/2026\\\/01\\\/Thiago-el-refuerzo-para-un-duelo-clave.jpg\",\"keywords\":[\"clave\",\"duelo\",\"para\",\"refuerzo\",\"Thiago\"],\"articleSection\":[\"Europe\"],\"inLanguage\":\"en-US\",\"copyrightYear\":\"2026\",\"copyrightHolder\":{\"@id\":\"https:\\\/\\\/ubirataonline.com.br\\\/en\\\/#organization\"}},{\"@type\":\"WebPage\",\"@id\":\"https:\\\/\\\/ubirataonline.com.br\\\/thiago-el-refuerzo-para-un-duelo-clave\\\/\",\"url\":\"https:\\\/\\\/ubirataonline.com.br\\\/thiago-el-refuerzo-para-un-duelo-clave\\\/\",\"name\":\"Thiago, el refuerzo para un duelo clave - Ubirat\u00e3 Online Not\u00edcias - A realidade ao seu alcance!\",\"isPartOf\":{\"@id\":\"https:\\\/\\\/ubirataonline.com.br\\\/#website\"},\"primaryImageOfPage\":{\"@id\":\"https:\\\/\\\/ubirataonline.com.br\\\/thiago-el-refuerzo-para-un-duelo-clave\\\/#primaryimage\"},\"image\":{\"@id\":\"https:\\\/\\\/ubirataonline.com.br\\\/thiago-el-refuerzo-para-un-duelo-clave\\\/#primaryimage\"},\"thumbnailUrl\":\"https:\\\/\\\/ubirataonline.com.br\\\/wp-content\\\/uploads\\\/2026\\\/01\\\/Thiago-el-refuerzo-para-un-duelo-clave.jpg\",\"datePublished\":\"2026-01-31T12:31:32+00:00\",\"dateModified\":\"2026-01-31T12:31:35+00:00\",\"description\":\"Suscr\u00edbete para seguir leyendo Source link\",\"breadcrumb\":{\"@id\":\"https:\\\/\\\/ubirataonline.com.br\\\/thiago-el-refuerzo-para-un-duelo-clave\\\/#breadcrumb\"},\"inLanguage\":\"en-US\",\"potentialAction\":[{\"@type\":\"ReadAction\",\"target\":[\"https:\\\/\\\/ubirataonline.com.br\\\/thiago-el-refuerzo-para-un-duelo-clave\\\/\"]}]},{\"@type\":\"ImageObject\",\"inLanguage\":\"en-US\",\"@id\":\"https:\\\/\\\/ubirataonline.com.br\\\/thiago-el-refuerzo-para-un-duelo-clave\\\/#primaryimage\",\"url\":\"https:\\\/\\\/ubirataonline.com.br\\\/wp-content\\\/uploads\\\/2026\\\/01\\\/Thiago-el-refuerzo-para-un-duelo-clave.jpg\",\"contentUrl\":\"https:\\\/\\\/ubirataonline.com.br\\\/wp-content\\\/uploads\\\/2026\\\/01\\\/Thiago-el-refuerzo-para-un-duelo-clave.jpg\",\"width\":880,\"height\":495,\"caption\":\"Thiago Fern\u00e1ndez, ayer, en El Requex\u00f3n. | MARIO CANTELI\"},{\"@type\":\"BreadcrumbList\",\"@id\":\"https:\\\/\\\/ubirataonline.com.br\\\/thiago-el-refuerzo-para-un-duelo-clave\\\/#breadcrumb\",\"itemListElement\":[{\"@type\":\"ListItem\",\"position\":1,\"name\":\"In\u00edcio\",\"item\":\"https:\\\/\\\/ubirataonline.com.br\\\/\"},{\"@type\":\"ListItem\",\"position\":2,\"name\":\"Thiago, el refuerzo para un duelo clave\"}]},{\"@type\":\"WebSite\",\"@id\":\"https:\\\/\\\/ubirataonline.com.br\\\/#website\",\"url\":\"https:\\\/\\\/ubirataonline.com.br\\\/\",\"name\":\"Ubirat\u00e3 Online Not\u00edcias\",\"description\":\"Not\u00edcias de Ubirat\u00e3, regi\u00e3o, Brasil e mundo, com informa\u00e7\u00e3o atualizada e compromisso com o leitor.\",\"publisher\":{\"@id\":\"https:\\\/\\\/ubirataonline.com.br\\\/#organization\"},\"alternateName\":\"Ubirat\u00e3 Online\",\"potentialAction\":[{\"@type\":\"SearchAction\",\"target\":{\"@type\":\"EntryPoint\",\"urlTemplate\":\"https:\\\/\\\/ubirataonline.com.br\\\/?s={search_term_string}\"},\"query-input\":{\"@type\":\"PropertyValueSpecification\",\"valueRequired\":true,\"valueName\":\"search_term_string\"}}],\"inLanguage\":\"en-US\"},{\"@type\":[\"Organization\",\"Place\"],\"@id\":\"https:\\\/\\\/ubirataonline.com.br\\\/#organization\",\"name\":\"Ubirat\u00e3 Online Not\u00edcias\",\"alternateName\":\"Ubirat\u00e3 Online\",\"url\":\"https:\\\/\\\/ubirataonline.com.br\\\/\",\"logo\":{\"@id\":\"https:\\\/\\\/ubirataonline.com.br\\\/thiago-el-refuerzo-para-un-duelo-clave\\\/#local-main-organization-logo\"},\"image\":{\"@id\":\"https:\\\/\\\/ubirataonline.com.br\\\/thiago-el-refuerzo-para-un-duelo-clave\\\/#local-main-organization-logo\"},\"sameAs\":[\"https:\\\/\\\/www.facebook.com\\\/portalubirataonline\",\"https:\\\/\\\/x.com\\\/ubirataonline\",\"https:\\\/\\\/mastodon.social\\\/@ubirataonline\",\"https:\\\/\\\/www.facebook.com\\\/groups\\\/311144672285604\",\"https:\\\/\\\/www.facebook.com\\\/UBTAOnline\",\"https:\\\/\\\/www.instagram.com\\\/portalubirataonline\\\/\",\"https:\\\/\\\/twitter.com\\\/ubirataonline\"],\"description\":\"Somos um portal de not\u00edcias independente, criado em 5 de janeiro de 2009, com o objetivo de informar, conectar e valorizar a nossa comunidade de Ubirat\u00e3 e toda aregi\u00e3o. Com conte\u00fado atualizado, confi\u00e1vel e relevante, o Ubirat\u00e3 Online \u00e9 o seu espa\u00e7o para ficar por dentro dos principais acontecimentos locais, regionais, Brasil, Mundo e de interesse geral. Nosso compromisso \u00e9 com a verdade, a transpar\u00eancia e o respeito ao leitor.\",\"legalName\":\"UBIRATA ONLINE NOT\u00cdCIAS\",\"foundingDate\":\"2009-01-05\",\"numberOfEmployees\":{\"@type\":\"QuantitativeValue\",\"minValue\":\"1\",\"maxValue\":\"10\"},\"publishingPrinciples\":\"https:\\\/\\\/ubirataonline.com.br\\\/faq\\\/\",\"address\":{\"@id\":\"https:\\\/\\\/ubirataonline.com.br\\\/thiago-el-refuerzo-para-un-duelo-clave\\\/#local-main-place-address\"},\"geo\":{\"@type\":\"GeoCoordinates\",\"latitude\":\"-24.5361401\",\"longitude\":\"-52.9921776\"},\"telephone\":[\"+5544998308235\"],\"contactPoint\":{\"@type\":\"ContactPoint\",\"email\":\"contato@ubirataonline.com.br\"},\"openingHoursSpecification\":{\"@type\":\"OpeningHoursSpecification\",\"dayOfWeek\":[\"Monday\",\"Tuesday\",\"Wednesday\",\"Thursday\",\"Friday\",\"Saturday\",\"Sunday\"],\"opens\":\"00:00\",\"closes\":\"23:59\"},\"email\":\"contato@ubirataonline.com.br\",\"vatID\":\"47.621.418\\\/0001-80\"},{\"@type\":\"Person\",\"@id\":\"https:\\\/\\\/ubirataonline.com.br\\\/#\\\/schema\\\/person\\\/372f87bbd3fdd79b8556b84c98d0bc1c\",\"name\":\"REDA\u00c7\u00c3O: UBIRAT\u00c3 ONLINE - F\u00c1BIO AUGUSTO CELESTINO\",\"pronouns\":\"Ele\",\"description\":\"Desde 2003 trabalhando com not\u00edcias.\",\"sameAs\":[\"http:\\\/\\\/ubirataoline.com.br\",\"https:\\\/\\\/www.facebook.com\\\/portalubirataonline\",\"https:\\\/\\\/www.instagram.com\\\/ubirataonline_oficial\",\"https:\\\/\\\/x.com\\\/x.com\\\/ubirataonline\"],\"honorificPrefix\":\"Mr.\",\"honorificSuffix\":\"MD\",\"birthDate\":\"1980-06-16\",\"gender\":\"masculino\",\"award\":[\"V\u00e1rios pr\u00eamios de melhor portal da cidade\"],\"jobTitle\":\"Diretor\",\"url\":\"https:\\\/\\\/ubirataonline.com.br\\\/en\\\/author\\\/ubirataonline\\\/\"},{\"@type\":\"PostalAddress\",\"@id\":\"https:\\\/\\\/ubirataonline.com.br\\\/thiago-el-refuerzo-para-un-duelo-clave\\\/#local-main-place-address\",\"streetAddress\":\"Rua dos Coqueiros, 104 - Bairro Boa Vista, Rua dos Coqueiros, 104 Bairro Boa Vista\",\"addressLocality\":\"UBIRATA\",\"postalCode\":\"85440-000\",\"addressRegion\":\"PR\",\"addressCountry\":\"BR\"},{\"@type\":\"ImageObject\",\"inLanguage\":\"en-US\",\"@id\":\"https:\\\/\\\/ubirataonline.com.br\\\/thiago-el-refuerzo-para-un-duelo-clave\\\/#local-main-organization-logo\",\"url\":\"https:\\\/\\\/ubirataonline.com.br\\\/wp-content\\\/uploads\\\/2026\\\/06\\\/logoubirataonline-1.webp\",\"contentUrl\":\"https:\\\/\\\/ubirataonline.com.br\\\/wp-content\\\/uploads\\\/2026\\\/06\\\/logoubirataonline-1.webp\",\"width\":500,\"height\":500,\"caption\":\"Ubirat\u00e3 Online Not\u00edcias\"}]}<\/script>\n<meta name=\"geo.placename\" content=\"UBIRATA\" \/>\n<meta name=\"geo.position\" content=\"-24.5361401;-52.9921776\" \/>\n<meta name=\"geo.region\" content=\"Brazil\" \/>\n<!-- \/ Yoast SEO Premium plugin. -->","yoast_head_json":{"title":"Thiago, el refuerzo para un duelo clave - Ubirat\u00e3 Online Not\u00edcias - A realidade ao seu alcance!","description":"Suscr\u00edbete para seguir leyendo  Source link","robots":{"index":"index","follow":"follow","max-snippet":"max-snippet:-1","max-image-preview":"max-image-preview:large","max-video-preview":"max-video-preview:-1"},"canonical":"https:\/\/ubirataonline.com.br\/en\/thiago-el-refuerzo-para-un-duelo-clave\/","og_locale":"en_US","og_type":"article","og_title":"Thiago, el refuerzo para un duelo clave","og_description":"Suscr\u00edbete para seguir leyendo  Source link","og_url":"https:\/\/ubirataonline.com.br\/en\/thiago-el-refuerzo-para-un-duelo-clave\/","og_site_name":"Ubirat\u00e3 Online Not\u00edcias - A realidade ao seu alcance!","article_publisher":"https:\/\/www.facebook.com\/portalubirataonline","article_author":"https:\/\/www.facebook.com\/portalubirataonline","article_published_time":"2026-01-31T12:31:32+00:00","article_modified_time":"2026-01-31T12:31:35+00:00","og_image":[{"width":880,"height":495,"url":"https:\/\/ubirataonline.com.br\/wp-content\/uploads\/2026\/01\/Thiago-el-refuerzo-para-un-duelo-clave.jpg","type":"image\/jpeg"}],"author":"REDA\u00c7\u00c3O: UBIRAT\u00c3 ONLINE - F\u00c1BIO AUGUSTO CELESTINO","twitter_card":"summary_large_image","twitter_creator":"@x.com\/ubirataonline","twitter_site":"@ubirataonline","twitter_misc":{"Written by":"REDA\u00c7\u00c3O: UBIRAT\u00c3 ONLINE - F\u00c1BIO AUGUSTO CELESTINO","Est. reading time":"2 minutes"},"schema":{"@context":"https:\/\/schema.org","@graph":[{"@type":"NewsArticle","@id":"https:\/\/ubirataonline.com.br\/thiago-el-refuerzo-para-un-duelo-clave\/#article","isPartOf":{"@id":"https:\/\/ubirataonline.com.br\/thiago-el-refuerzo-para-un-duelo-clave\/"},"author":{"name":"REDA\u00c7\u00c3O: UBIRAT\u00c3 ONLINE - F\u00c1BIO AUGUSTO CELESTINO","@id":"https:\/\/ubirataonline.com.br\/#\/schema\/person\/372f87bbd3fdd79b8556b84c98d0bc1c"},"headline":"Thiago, el refuerzo para un duelo clave","datePublished":"2026-01-31T12:31:32+00:00","dateModified":"2026-01-31T12:31:35+00:00","mainEntityOfPage":{"@id":"https:\/\/ubirataonline.com.br\/thiago-el-refuerzo-para-un-duelo-clave\/"},"wordCount":344,"publisher":{"@id":"https:\/\/ubirataonline.com.br\/#organization"},"image":{"@id":"https:\/\/ubirataonline.com.br\/thiago-el-refuerzo-para-un-duelo-clave\/#primaryimage"},"thumbnailUrl":"https:\/\/ubirataonline.com.br\/wp-content\/uploads\/2026\/01\/Thiago-el-refuerzo-para-un-duelo-clave.jpg","keywords":["clave","duelo","para","refuerzo","Thiago"],"articleSection":["Europe"],"inLanguage":"en-US","copyrightYear":"2026","copyrightHolder":{"@id":"https:\/\/ubirataonline.com.br\/en\/#organization"}},{"@type":"WebPage","@id":"https:\/\/ubirataonline.com.br\/thiago-el-refuerzo-para-un-duelo-clave\/","url":"https:\/\/ubirataonline.com.br\/thiago-el-refuerzo-para-un-duelo-clave\/","name":"Thiago, el refuerzo para un duelo clave - Ubirat\u00e3 Online Not\u00edcias - A realidade ao seu alcance!","isPartOf":{"@id":"https:\/\/ubirataonline.com.br\/#website"},"primaryImageOfPage":{"@id":"https:\/\/ubirataonline.com.br\/thiago-el-refuerzo-para-un-duelo-clave\/#primaryimage"},"image":{"@id":"https:\/\/ubirataonline.com.br\/thiago-el-refuerzo-para-un-duelo-clave\/#primaryimage"},"thumbnailUrl":"https:\/\/ubirataonline.com.br\/wp-content\/uploads\/2026\/01\/Thiago-el-refuerzo-para-un-duelo-clave.jpg","datePublished":"2026-01-31T12:31:32+00:00","dateModified":"2026-01-31T12:31:35+00:00","description":"Suscr\u00edbete para seguir leyendo Source link","breadcrumb":{"@id":"https:\/\/ubirataonline.com.br\/thiago-el-refuerzo-para-un-duelo-clave\/#breadcrumb"},"inLanguage":"en-US","potentialAction":[{"@type":"ReadAction","target":["https:\/\/ubirataonline.com.br\/thiago-el-refuerzo-para-un-duelo-clave\/"]}]},{"@type":"ImageObject","inLanguage":"en-US","@id":"https:\/\/ubirataonline.com.br\/thiago-el-refuerzo-para-un-duelo-clave\/#primaryimage","url":"https:\/\/ubirataonline.com.br\/wp-content\/uploads\/2026\/01\/Thiago-el-refuerzo-para-un-duelo-clave.jpg","contentUrl":"https:\/\/ubirataonline.com.br\/wp-content\/uploads\/2026\/01\/Thiago-el-refuerzo-para-un-duelo-clave.jpg","width":880,"height":495,"caption":"Thiago Fern\u00e1ndez, ayer, en El Requex\u00f3n. | MARIO CANTELI"},{"@type":"BreadcrumbList","@id":"https:\/\/ubirataonline.com.br\/thiago-el-refuerzo-para-un-duelo-clave\/#breadcrumb","itemListElement":[{"@type":"ListItem","position":1,"name":"In\u00edcio","item":"https:\/\/ubirataonline.com.br\/"},{"@type":"ListItem","position":2,"name":"Thiago, el refuerzo para un duelo clave"}]},{"@type":"WebSite","@id":"https:\/\/ubirataonline.com.br\/#website","url":"https:\/\/ubirataonline.com.br\/","name":"Ubirat\u00e3 Online Not\u00edcias","description":"Not\u00edcias de Ubirat\u00e3, regi\u00e3o, Brasil e mundo, com informa\u00e7\u00e3o atualizada e compromisso com o leitor.","publisher":{"@id":"https:\/\/ubirataonline.com.br\/#organization"},"alternateName":"Ubirat\u00e3 Online","potentialAction":[{"@type":"SearchAction","target":{"@type":"EntryPoint","urlTemplate":"https:\/\/ubirataonline.com.br\/?s={search_term_string}"},"query-input":{"@type":"PropertyValueSpecification","valueRequired":true,"valueName":"search_term_string"}}],"inLanguage":"en-US"},{"@type":["Organization","Place"],"@id":"https:\/\/ubirataonline.com.br\/#organization","name":"Ubirat\u00e3 Online Not\u00edcias","alternateName":"Ubirat\u00e3 Online","url":"https:\/\/ubirataonline.com.br\/","logo":{"@id":"https:\/\/ubirataonline.com.br\/thiago-el-refuerzo-para-un-duelo-clave\/#local-main-organization-logo"},"image":{"@id":"https:\/\/ubirataonline.com.br\/thiago-el-refuerzo-para-un-duelo-clave\/#local-main-organization-logo"},"sameAs":["https:\/\/www.facebook.com\/portalubirataonline","https:\/\/x.com\/ubirataonline","https:\/\/mastodon.social\/@ubirataonline","https:\/\/www.facebook.com\/groups\/311144672285604","https:\/\/www.facebook.com\/UBTAOnline","https:\/\/www.instagram.com\/portalubirataonline\/","https:\/\/twitter.com\/ubirataonline"],"description":"Somos um portal de not\u00edcias independente, criado em 5 de janeiro de 2009, com o objetivo de informar, conectar e valorizar a nossa comunidade de Ubirat\u00e3 e toda aregi\u00e3o. Com conte\u00fado atualizado, confi\u00e1vel e relevante, o Ubirat\u00e3 Online \u00e9 o seu espa\u00e7o para ficar por dentro dos principais acontecimentos locais, regionais, Brasil, Mundo e de interesse geral. Nosso compromisso \u00e9 com a verdade, a transpar\u00eancia e o respeito ao leitor.","legalName":"UBIRATA ONLINE NOT\u00cdCIAS","foundingDate":"2009-01-05","numberOfEmployees":{"@type":"QuantitativeValue","minValue":"1","maxValue":"10"},"publishingPrinciples":"https:\/\/ubirataonline.com.br\/faq\/","address":{"@id":"https:\/\/ubirataonline.com.br\/thiago-el-refuerzo-para-un-duelo-clave\/#local-main-place-address"},"geo":{"@type":"GeoCoordinates","latitude":"-24.5361401","longitude":"-52.9921776"},"telephone":["+5544998308235"],"contactPoint":{"@type":"ContactPoint","email":"contato@ubirataonline.com.br"},"openingHoursSpecification":{"@type":"OpeningHoursSpecification","dayOfWeek":["Monday","Tuesday","Wednesday","Thursday","Friday","Saturday","Sunday"],"opens":"00:00","closes":"23:59"},"email":"contato@ubirataonline.com.br","vatID":"47.621.418\/0001-80"},{"@type":"Person","@id":"https:\/\/ubirataonline.com.br\/#\/schema\/person\/372f87bbd3fdd79b8556b84c98d0bc1c","name":"REDA\u00c7\u00c3O: UBIRAT\u00c3 ONLINE - F\u00c1BIO AUGUSTO CELESTINO","pronouns":"Ele","description":"Desde 2003 trabalhando com not\u00edcias.","sameAs":["http:\/\/ubirataoline.com.br","https:\/\/www.facebook.com\/portalubirataonline","https:\/\/www.instagram.com\/ubirataonline_oficial","https:\/\/x.com\/x.com\/ubirataonline"],"honorificPrefix":"Mr.","honorificSuffix":"MD","birthDate":"1980-06-16","gender":"masculino","award":["V\u00e1rios pr\u00eamios de melhor portal da cidade"],"jobTitle":"Diretor","url":"https:\/\/ubirataonline.com.br\/en\/author\/ubirataonline\/"},{"@type":"PostalAddress","@id":"https:\/\/ubirataonline.com.br\/thiago-el-refuerzo-para-un-duelo-clave\/#local-main-place-address","streetAddress":"Rua dos Coqueiros, 104 - Bairro Boa Vista, Rua dos Coqueiros, 104 Bairro Boa Vista","addressLocality":"UBIRATA","postalCode":"85440-000","addressRegion":"PR","addressCountry":"BR"},{"@type":"ImageObject","inLanguage":"en-US","@id":"https:\/\/ubirataonline.com.br\/thiago-el-refuerzo-para-un-duelo-clave\/#local-main-organization-logo","url":"https:\/\/ubirataonline.com.br\/wp-content\/uploads\/2026\/06\/logoubirataonline-1.webp","contentUrl":"https:\/\/ubirataonline.com.br\/wp-content\/uploads\/2026\/06\/logoubirataonline-1.webp","width":500,"height":500,"caption":"Ubirat\u00e3 Online Not\u00edcias"}]},"geo.placename":"UBIRATA","geo.position":{"lat":"-24.5361401","long":"-52.9921776"},"geo.region":"Brazil"},"_links":{"self":[{"href":"https:\/\/ubirataonline.com.br\/en\/wp-json\/wp\/v2\/posts\/83653","targetHints":{"allow":["GET"]}}],"collection":[{"href":"https:\/\/ubirataonline.com.br\/en\/wp-json\/wp\/v2\/posts"}],"about":[{"href":"https:\/\/ubirataonline.com.br\/en\/wp-json\/wp\/v2\/types\/post"}],"author":[{"embeddable":true,"href":"https:\/\/ubirataonline.com.br\/en\/wp-json\/wp\/v2\/users\/1"}],"replies":[{"embeddable":true,"href":"https:\/\/ubirataonline.com.br\/en\/wp-json\/wp\/v2\/comments?post=83653"}],"version-history":[{"count":0,"href":"https:\/\/ubirataonline.com.br\/en\/wp-json\/wp\/v2\/posts\/83653\/revisions"}],"wp:featuredmedia":[{"embeddable":true,"href":"https:\/\/ubirataonline.com.br\/en\/wp-json\/wp\/v2\/media\/83654"}],"wp:attachment":[{"href":"https:\/\/ubirataonline.com.br\/en\/wp-json\/wp\/v2\/media?parent=83653"}],"wp:term":[{"taxonomy":"category","embeddable":true,"href":"https:\/\/ubirataonline.com.br\/en\/wp-json\/wp\/v2\/categories?post=83653"},{"taxonomy":"post_tag","embeddable":true,"href":"https:\/\/ubirataonline.com.br\/en\/wp-json\/wp\/v2\/tags?post=83653"}],"curies":[{"name":"wp","href":"https:\/\/api.w.org\/{rel}","templated":true}]}}