{"id":83706,"date":"2026-01-31T14:37:30","date_gmt":"2026-01-31T17:37:30","guid":{"rendered":"https:\/\/ubirataonline.com.br\/source-bills-to-hire-pete-carmichael-as-offensive-coordinator\/"},"modified":"2026-01-31T14:37:34","modified_gmt":"2026-01-31T17:37:34","slug":"source-bills-to-hire-pete-carmichael-as-offensive-coordinator","status":"publish","type":"post","link":"https:\/\/ubirataonline.com.br\/en\/source-bills-to-hire-pete-carmichael-as-offensive-coordinator\/","title":{"rendered":"Source: Bills to hire Pete Carmichael as offensive coordinator"},"content":{"rendered":"<p><br \/>\n<\/p>\n<div>\n<div class=\"article-meta\">\n<div class=\"byline-wrap\">\n<ul class=\"authors byline-authors\">\n<li class=\"mugshot-shown\">\n<div class=\"author-img\"><\/div>\n<p>Alaina Getzenberg<span class=\"timestamp\">Jan 30, 2026, 11:44 AM ET<\/span><\/p>\n<div class=\"author-overlay\"><a class=\"icon-font-after icon-close-solid-after\" href=\"#\">Close<\/a><\/p>\n<ul>Alaina Getzenberg covers the Buffalo Bills for ESPN. She joined ESPN in 2021. Alaina was previously a beat reporter for the Charlotte Observer and has also worked for CBS Sports and the Dallas Morning News. She is a graduate of the University of California, Berkeley.<\/ul>\n<\/div>\n<\/li>\n<\/ul>\n<p>Multiple Authors<\/p>\n<\/div>\n<\/div>\n<p>BUFFALO, N.Y. &#8212; The <a data-clubhouse-guid=\"232afaf2-01ac-fcc2-8bd6-66550df1703a\" href=\"https:\/\/www.espn.com\/nfl\/team\/_\/name\/buf\/buffalo-bills\">Buffalo Bills<\/a> are hiring Pete Carmichael to be their offensive coordinator, a source confirmed to ESPN.<\/p>\n<p>Carmichael is the first coordinator hired for coach Joe Brady&#8217;s staff. He also is tasked with hiring a new defensive and special teams coordinator.<\/p>\n<p>Brady will call plays for the offense, but Carmichael, who is currently a <a data-clubhouse-guid=\"51042145-e3c1-0694-ae0d-f720342ff8fc\" href=\"https:\/\/www.espn.com\/nfl\/team\/_\/name\/den\/denver-broncos\">Denver Broncos<\/a> senior offensive assistant, brings coordinating experience from 15 years with the Saints.<\/p>\n<aside class=\"inline editorial float-r\" data-behavior=\"article_related\">\n<h2 class=\"editorial-title\">Editor&#8217;s Picks<\/h2>\n<p>2 Related<\/p>\n<\/aside>\n<p>Brady, who has been the Bills&#8217; offensive coordinator the past two seasons under coach Sean McDermott, worked under Carmichael for two seasons as an offensive assistant with the Saints, which served as Brady&#8217;s first NFL job.<\/p>\n<p>Brady said he and quarterback <a href=\"https:\/\/www.espn.com\/nfl\/player\/_\/id\/3918298\/josh-allen\">Josh Allen<\/a> are in &#8220;lockstep&#8221; in what they are looking for in hiring an offensive coordinator and quarterbacks coach, and that they have been in communication on it.<\/p>\n<p>The Bills&#8217; new head coach said that some coaches from the previous Bills staff will stay on, but declined to say which.<\/p>\n<p>&#8220;If we have a bunch of Joe Bradys in the room, we&#8217;re not going to grow and we&#8217;re not going to evolve, and that&#8217;s important to me,&#8221; Brady said on hiring his staff during his introductory news conference Thursday. &#8220;&#8230; Some guys might be more fundamental-driven. Some guys might be the energy, the juice, the rah-rah guys. Some guys might be the calm communicators and understanding the type of rooms that they&#8217;re coaching, and putting that room together is so important to me. And so, making sure as I&#8217;m looking at it from a clean slate, just like they did, and saying, hey, what am I looking to, I only get one opportunity to be a head football coach. I&#8217;m not in the business of hiring my friends. I&#8217;m making sure I want to get the best football coaches for these players &#8217;cause they deserve that, so that&#8217;s what&#8217;s important to me.&#8221;<\/p>\n<p>NFL Network was first to report the news of Carmichael&#8217;s hiring.<\/p>\n<\/div>\n<p><br \/>\n<br \/><a href=\"https:\/\/www.espn.com\/nfl\/story\/_\/id\/47779207\/source-bills-hire-pete-carmichael-offensive-coordinator\">Source link <\/a><\/p>","protected":false},"excerpt":{"rendered":"<p>Alaina GetzenbergJan 30, 2026, 11:44 AM ET Close Alaina Getzenberg covers the Buffalo Bills for ESPN. She joined ESPN in 2021. Alaina was previously a beat reporter for the Charlotte Observer and has also worked for CBS Sports and the Dallas Morning News. She is a graduate of the University of California, Berkeley. Multiple Authors [&hellip;]<\/p>\n","protected":false},"author":1,"featured_media":83707,"comment_status":"closed","ping_status":"","sticky":false,"template":"","format":"standard","meta":{"googlesitekit_rrm_CAow2JLhCw:productID":"","_gspb_post_css":"","maa_idioma":"","maa_pais":"","footnotes":""},"categories":[2725],"tags":[7524,16715,10224,4414,7525,16310,10894],"class_list":["post-83706","post","type-post","status-publish","format-standard","has-post-thumbnail","hentry","category-europe","tag-bills","tag-carmichael","tag-coordinator","tag-hire","tag-offensive","tag-pete","tag-source"],"blocksy_meta":[],"yoast_head":"<!-- This site is optimized with the Yoast SEO Premium plugin v27.6 (Yoast SEO v27.6) - https:\/\/yoast.com\/product\/yoast-seo-premium-wordpress\/ -->\n<title>Source: Bills to hire Pete Carmichael as offensive coordinator - Ubirat\u00e3 Online Not\u00edcias - A realidade ao seu alcance!<\/title>\n<meta name=\"description\" content=\"Alaina GetzenbergJan 30, 2026, 11:44 AM ETCloseAlaina Getzenberg covers the Buffalo Bills for ESPN. She joined ESPN in 2021. Alaina was previously a beat\" \/>\n<meta name=\"robots\" content=\"index, follow, max-snippet:-1, max-image-preview:large, max-video-preview:-1\" \/>\n<link rel=\"canonical\" href=\"https:\/\/ubirataonline.com.br\/en\/source-bills-to-hire-pete-carmichael-as-offensive-coordinator\/\" \/>\n<meta property=\"og:locale\" content=\"en_US\" \/>\n<meta property=\"og:type\" content=\"article\" \/>\n<meta property=\"og:title\" content=\"Source: Bills to hire Pete Carmichael as offensive coordinator\" \/>\n<meta property=\"og:description\" content=\"Alaina GetzenbergJan 30, 2026, 11:44 AM ETCloseAlaina Getzenberg covers the Buffalo Bills for ESPN. She joined ESPN in 2021. Alaina was previously a beat\" \/>\n<meta property=\"og:url\" content=\"https:\/\/ubirataonline.com.br\/en\/source-bills-to-hire-pete-carmichael-as-offensive-coordinator\/\" \/>\n<meta property=\"og:site_name\" content=\"Ubirat\u00e3 Online Not\u00edcias - A realidade ao seu alcance!\" \/>\n<meta property=\"article:publisher\" content=\"https:\/\/www.facebook.com\/portalubirataonline\" \/>\n<meta property=\"article:author\" content=\"https:\/\/www.facebook.com\/portalubirataonline\" \/>\n<meta property=\"article:published_time\" content=\"2026-01-31T17:37:30+00:00\" \/>\n<meta property=\"article:modified_time\" content=\"2026-01-31T17:37:34+00:00\" \/>\n<meta property=\"og:image\" content=\"https:\/\/ubirataonline.com.br\/wp-content\/uploads\/2026\/01\/Source-Bills-to-hire-Pete-Carmichael-as-offensive-coordinator.jpeg\" \/>\n\t<meta property=\"og:image:width\" content=\"1296\" \/>\n\t<meta property=\"og:image:height\" content=\"729\" \/>\n\t<meta property=\"og:image:type\" content=\"image\/jpeg\" \/>\n<meta name=\"author\" content=\"REDA\u00c7\u00c3O: UBIRAT\u00c3 ONLINE - F\u00c1BIO AUGUSTO CELESTINO\" \/>\n<meta name=\"twitter:card\" content=\"summary_large_image\" \/>\n<meta name=\"twitter:creator\" content=\"@x.com\/ubirataonline\" \/>\n<meta name=\"twitter:site\" content=\"@ubirataonline\" \/>\n<meta name=\"twitter:label1\" content=\"Written by\" \/>\n\t<meta name=\"twitter:data1\" content=\"REDA\u00c7\u00c3O: UBIRAT\u00c3 ONLINE - F\u00c1BIO AUGUSTO CELESTINO\" \/>\n\t<meta name=\"twitter:label2\" content=\"Est. reading time\" \/>\n\t<meta name=\"twitter:data2\" content=\"2 minutes\" \/>\n<script type=\"application\/ld+json\" class=\"yoast-schema-graph\">{\"@context\":\"https:\\\/\\\/schema.org\",\"@graph\":[{\"@type\":\"NewsArticle\",\"@id\":\"https:\\\/\\\/ubirataonline.com.br\\\/source-bills-to-hire-pete-carmichael-as-offensive-coordinator\\\/#article\",\"isPartOf\":{\"@id\":\"https:\\\/\\\/ubirataonline.com.br\\\/source-bills-to-hire-pete-carmichael-as-offensive-coordinator\\\/\"},\"author\":{\"name\":\"REDA\u00c7\u00c3O: UBIRAT\u00c3 ONLINE - F\u00c1BIO AUGUSTO CELESTINO\",\"@id\":\"https:\\\/\\\/ubirataonline.com.br\\\/#\\\/schema\\\/person\\\/372f87bbd3fdd79b8556b84c98d0bc1c\"},\"headline\":\"Source: Bills to hire Pete Carmichael as offensive coordinator\",\"datePublished\":\"2026-01-31T17:37:30+00:00\",\"dateModified\":\"2026-01-31T17:37:34+00:00\",\"mainEntityOfPage\":{\"@id\":\"https:\\\/\\\/ubirataonline.com.br\\\/source-bills-to-hire-pete-carmichael-as-offensive-coordinator\\\/\"},\"wordCount\":404,\"publisher\":{\"@id\":\"https:\\\/\\\/ubirataonline.com.br\\\/#organization\"},\"image\":{\"@id\":\"https:\\\/\\\/ubirataonline.com.br\\\/source-bills-to-hire-pete-carmichael-as-offensive-coordinator\\\/#primaryimage\"},\"thumbnailUrl\":\"https:\\\/\\\/ubirataonline.com.br\\\/wp-content\\\/uploads\\\/2026\\\/01\\\/Source-Bills-to-hire-Pete-Carmichael-as-offensive-coordinator.jpeg\",\"keywords\":[\"Bills\",\"Carmichael\",\"Coordinator\",\"hire\",\"offensive\",\"Pete\",\"source\"],\"articleSection\":[\"Europe\"],\"inLanguage\":\"en-US\",\"copyrightYear\":\"2026\",\"copyrightHolder\":{\"@id\":\"https:\\\/\\\/ubirataonline.com.br\\\/en\\\/#organization\"}},{\"@type\":\"WebPage\",\"@id\":\"https:\\\/\\\/ubirataonline.com.br\\\/source-bills-to-hire-pete-carmichael-as-offensive-coordinator\\\/\",\"url\":\"https:\\\/\\\/ubirataonline.com.br\\\/source-bills-to-hire-pete-carmichael-as-offensive-coordinator\\\/\",\"name\":\"Source: Bills to hire Pete Carmichael as offensive coordinator - Ubirat\u00e3 Online Not\u00edcias - A realidade ao seu alcance!\",\"isPartOf\":{\"@id\":\"https:\\\/\\\/ubirataonline.com.br\\\/#website\"},\"primaryImageOfPage\":{\"@id\":\"https:\\\/\\\/ubirataonline.com.br\\\/source-bills-to-hire-pete-carmichael-as-offensive-coordinator\\\/#primaryimage\"},\"image\":{\"@id\":\"https:\\\/\\\/ubirataonline.com.br\\\/source-bills-to-hire-pete-carmichael-as-offensive-coordinator\\\/#primaryimage\"},\"thumbnailUrl\":\"https:\\\/\\\/ubirataonline.com.br\\\/wp-content\\\/uploads\\\/2026\\\/01\\\/Source-Bills-to-hire-Pete-Carmichael-as-offensive-coordinator.jpeg\",\"datePublished\":\"2026-01-31T17:37:30+00:00\",\"dateModified\":\"2026-01-31T17:37:34+00:00\",\"description\":\"Alaina GetzenbergJan 30, 2026, 11:44 AM ETCloseAlaina Getzenberg covers the Buffalo Bills for ESPN. She joined ESPN in 2021. Alaina was previously a beat\",\"breadcrumb\":{\"@id\":\"https:\\\/\\\/ubirataonline.com.br\\\/source-bills-to-hire-pete-carmichael-as-offensive-coordinator\\\/#breadcrumb\"},\"inLanguage\":\"en-US\",\"potentialAction\":[{\"@type\":\"ReadAction\",\"target\":[\"https:\\\/\\\/ubirataonline.com.br\\\/source-bills-to-hire-pete-carmichael-as-offensive-coordinator\\\/\"]}]},{\"@type\":\"ImageObject\",\"inLanguage\":\"en-US\",\"@id\":\"https:\\\/\\\/ubirataonline.com.br\\\/source-bills-to-hire-pete-carmichael-as-offensive-coordinator\\\/#primaryimage\",\"url\":\"https:\\\/\\\/ubirataonline.com.br\\\/wp-content\\\/uploads\\\/2026\\\/01\\\/Source-Bills-to-hire-Pete-Carmichael-as-offensive-coordinator.jpeg\",\"contentUrl\":\"https:\\\/\\\/ubirataonline.com.br\\\/wp-content\\\/uploads\\\/2026\\\/01\\\/Source-Bills-to-hire-Pete-Carmichael-as-offensive-coordinator.jpeg\",\"width\":1296,\"height\":729,\"caption\":\"Stephen A. calls on Bills president to improve Buffalo's roster (2:38)Stephen A. Smith says new Bills president Brandon Beane needs to bolster the roster to give the Bills a chance at making the Super Bowl next season. (2:38)\"},{\"@type\":\"BreadcrumbList\",\"@id\":\"https:\\\/\\\/ubirataonline.com.br\\\/source-bills-to-hire-pete-carmichael-as-offensive-coordinator\\\/#breadcrumb\",\"itemListElement\":[{\"@type\":\"ListItem\",\"position\":1,\"name\":\"In\u00edcio\",\"item\":\"https:\\\/\\\/ubirataonline.com.br\\\/\"},{\"@type\":\"ListItem\",\"position\":2,\"name\":\"Source: Bills to hire Pete Carmichael as offensive coordinator\"}]},{\"@type\":\"WebSite\",\"@id\":\"https:\\\/\\\/ubirataonline.com.br\\\/#website\",\"url\":\"https:\\\/\\\/ubirataonline.com.br\\\/\",\"name\":\"Ubirat\u00e3 Online Not\u00edcias\",\"description\":\"Not\u00edcias de Ubirat\u00e3, regi\u00e3o, Brasil e mundo, com informa\u00e7\u00e3o atualizada e compromisso com o leitor.\",\"publisher\":{\"@id\":\"https:\\\/\\\/ubirataonline.com.br\\\/#organization\"},\"alternateName\":\"Ubirat\u00e3 Online\",\"potentialAction\":[{\"@type\":\"SearchAction\",\"target\":{\"@type\":\"EntryPoint\",\"urlTemplate\":\"https:\\\/\\\/ubirataonline.com.br\\\/?s={search_term_string}\"},\"query-input\":{\"@type\":\"PropertyValueSpecification\",\"valueRequired\":true,\"valueName\":\"search_term_string\"}}],\"inLanguage\":\"en-US\"},{\"@type\":[\"Organization\",\"Place\"],\"@id\":\"https:\\\/\\\/ubirataonline.com.br\\\/#organization\",\"name\":\"Ubirat\u00e3 Online Not\u00edcias\",\"alternateName\":\"Ubirat\u00e3 Online\",\"url\":\"https:\\\/\\\/ubirataonline.com.br\\\/\",\"logo\":{\"@id\":\"https:\\\/\\\/ubirataonline.com.br\\\/source-bills-to-hire-pete-carmichael-as-offensive-coordinator\\\/#local-main-organization-logo\"},\"image\":{\"@id\":\"https:\\\/\\\/ubirataonline.com.br\\\/source-bills-to-hire-pete-carmichael-as-offensive-coordinator\\\/#local-main-organization-logo\"},\"sameAs\":[\"https:\\\/\\\/www.facebook.com\\\/portalubirataonline\",\"https:\\\/\\\/x.com\\\/ubirataonline\",\"https:\\\/\\\/mastodon.social\\\/@ubirataonline\",\"https:\\\/\\\/www.facebook.com\\\/groups\\\/311144672285604\",\"https:\\\/\\\/www.facebook.com\\\/UBTAOnline\",\"https:\\\/\\\/www.instagram.com\\\/portalubirataonline\\\/\",\"https:\\\/\\\/twitter.com\\\/ubirataonline\"],\"description\":\"Somos um portal de not\u00edcias independente, criado em 5 de janeiro de 2009, com o objetivo de informar, conectar e valorizar a nossa comunidade de Ubirat\u00e3 e toda aregi\u00e3o. Com conte\u00fado atualizado, confi\u00e1vel e relevante, o Ubirat\u00e3 Online \u00e9 o seu espa\u00e7o para ficar por dentro dos principais acontecimentos locais, regionais, Brasil, Mundo e de interesse geral. Nosso compromisso \u00e9 com a verdade, a transpar\u00eancia e o respeito ao leitor.\",\"legalName\":\"UBIRATA ONLINE NOT\u00cdCIAS\",\"foundingDate\":\"2009-01-05\",\"numberOfEmployees\":{\"@type\":\"QuantitativeValue\",\"minValue\":\"1\",\"maxValue\":\"10\"},\"publishingPrinciples\":\"https:\\\/\\\/ubirataonline.com.br\\\/faq\\\/\",\"address\":{\"@id\":\"https:\\\/\\\/ubirataonline.com.br\\\/source-bills-to-hire-pete-carmichael-as-offensive-coordinator\\\/#local-main-place-address\"},\"geo\":{\"@type\":\"GeoCoordinates\",\"latitude\":\"-24.5361401\",\"longitude\":\"-52.9921776\"},\"telephone\":[\"+5544998308235\"],\"contactPoint\":{\"@type\":\"ContactPoint\",\"email\":\"contato@ubirataonline.com.br\"},\"openingHoursSpecification\":{\"@type\":\"OpeningHoursSpecification\",\"dayOfWeek\":[\"Monday\",\"Tuesday\",\"Wednesday\",\"Thursday\",\"Friday\",\"Saturday\",\"Sunday\"],\"opens\":\"00:00\",\"closes\":\"23:59\"},\"email\":\"contato@ubirataonline.com.br\",\"vatID\":\"47.621.418\\\/0001-80\"},{\"@type\":\"Person\",\"@id\":\"https:\\\/\\\/ubirataonline.com.br\\\/#\\\/schema\\\/person\\\/372f87bbd3fdd79b8556b84c98d0bc1c\",\"name\":\"REDA\u00c7\u00c3O: UBIRAT\u00c3 ONLINE - F\u00c1BIO AUGUSTO CELESTINO\",\"pronouns\":\"Ele\",\"description\":\"Desde 2003 trabalhando com not\u00edcias.\",\"sameAs\":[\"http:\\\/\\\/ubirataoline.com.br\",\"https:\\\/\\\/www.facebook.com\\\/portalubirataonline\",\"https:\\\/\\\/www.instagram.com\\\/ubirataonline_oficial\",\"https:\\\/\\\/x.com\\\/x.com\\\/ubirataonline\"],\"honorificPrefix\":\"Mr.\",\"honorificSuffix\":\"MD\",\"birthDate\":\"1980-06-16\",\"gender\":\"masculino\",\"award\":[\"V\u00e1rios pr\u00eamios de melhor portal da cidade\"],\"jobTitle\":\"Diretor\",\"url\":\"https:\\\/\\\/ubirataonline.com.br\\\/en\\\/author\\\/ubirataonline\\\/\"},{\"@type\":\"PostalAddress\",\"@id\":\"https:\\\/\\\/ubirataonline.com.br\\\/source-bills-to-hire-pete-carmichael-as-offensive-coordinator\\\/#local-main-place-address\",\"streetAddress\":\"Rua dos Coqueiros, 104 - Bairro Boa Vista, Rua dos Coqueiros, 104 Bairro Boa Vista\",\"addressLocality\":\"UBIRATA\",\"postalCode\":\"85440-000\",\"addressRegion\":\"PR\",\"addressCountry\":\"BR\"},{\"@type\":\"ImageObject\",\"inLanguage\":\"en-US\",\"@id\":\"https:\\\/\\\/ubirataonline.com.br\\\/source-bills-to-hire-pete-carmichael-as-offensive-coordinator\\\/#local-main-organization-logo\",\"url\":\"https:\\\/\\\/ubirataonline.com.br\\\/wp-content\\\/uploads\\\/2026\\\/06\\\/logoubirataonline-1.webp\",\"contentUrl\":\"https:\\\/\\\/ubirataonline.com.br\\\/wp-content\\\/uploads\\\/2026\\\/06\\\/logoubirataonline-1.webp\",\"width\":500,\"height\":500,\"caption\":\"Ubirat\u00e3 Online Not\u00edcias\"}]}<\/script>\n<meta name=\"geo.placename\" content=\"UBIRATA\" \/>\n<meta name=\"geo.position\" content=\"-24.5361401;-52.9921776\" \/>\n<meta name=\"geo.region\" content=\"Brazil\" \/>\n<!-- \/ Yoast SEO Premium plugin. -->","yoast_head_json":{"title":"Source: Bills to hire Pete Carmichael as offensive coordinator - Ubirat\u00e3 Online Not\u00edcias - A realidade ao seu alcance!","description":"Alaina GetzenbergJan 30, 2026, 11:44 AM ETCloseAlaina Getzenberg covers the Buffalo Bills for ESPN. She joined ESPN in 2021. Alaina was previously a beat","robots":{"index":"index","follow":"follow","max-snippet":"max-snippet:-1","max-image-preview":"max-image-preview:large","max-video-preview":"max-video-preview:-1"},"canonical":"https:\/\/ubirataonline.com.br\/en\/source-bills-to-hire-pete-carmichael-as-offensive-coordinator\/","og_locale":"en_US","og_type":"article","og_title":"Source: Bills to hire Pete Carmichael as offensive coordinator","og_description":"Alaina GetzenbergJan 30, 2026, 11:44 AM ETCloseAlaina Getzenberg covers the Buffalo Bills for ESPN. She joined ESPN in 2021. Alaina was previously a beat","og_url":"https:\/\/ubirataonline.com.br\/en\/source-bills-to-hire-pete-carmichael-as-offensive-coordinator\/","og_site_name":"Ubirat\u00e3 Online Not\u00edcias - A realidade ao seu alcance!","article_publisher":"https:\/\/www.facebook.com\/portalubirataonline","article_author":"https:\/\/www.facebook.com\/portalubirataonline","article_published_time":"2026-01-31T17:37:30+00:00","article_modified_time":"2026-01-31T17:37:34+00:00","og_image":[{"width":1296,"height":729,"url":"https:\/\/ubirataonline.com.br\/wp-content\/uploads\/2026\/01\/Source-Bills-to-hire-Pete-Carmichael-as-offensive-coordinator.jpeg","type":"image\/jpeg"}],"author":"REDA\u00c7\u00c3O: UBIRAT\u00c3 ONLINE - F\u00c1BIO AUGUSTO CELESTINO","twitter_card":"summary_large_image","twitter_creator":"@x.com\/ubirataonline","twitter_site":"@ubirataonline","twitter_misc":{"Written by":"REDA\u00c7\u00c3O: UBIRAT\u00c3 ONLINE - F\u00c1BIO AUGUSTO CELESTINO","Est. reading time":"2 minutes"},"schema":{"@context":"https:\/\/schema.org","@graph":[{"@type":"NewsArticle","@id":"https:\/\/ubirataonline.com.br\/source-bills-to-hire-pete-carmichael-as-offensive-coordinator\/#article","isPartOf":{"@id":"https:\/\/ubirataonline.com.br\/source-bills-to-hire-pete-carmichael-as-offensive-coordinator\/"},"author":{"name":"REDA\u00c7\u00c3O: UBIRAT\u00c3 ONLINE - F\u00c1BIO AUGUSTO CELESTINO","@id":"https:\/\/ubirataonline.com.br\/#\/schema\/person\/372f87bbd3fdd79b8556b84c98d0bc1c"},"headline":"Source: Bills to hire Pete Carmichael as offensive coordinator","datePublished":"2026-01-31T17:37:30+00:00","dateModified":"2026-01-31T17:37:34+00:00","mainEntityOfPage":{"@id":"https:\/\/ubirataonline.com.br\/source-bills-to-hire-pete-carmichael-as-offensive-coordinator\/"},"wordCount":404,"publisher":{"@id":"https:\/\/ubirataonline.com.br\/#organization"},"image":{"@id":"https:\/\/ubirataonline.com.br\/source-bills-to-hire-pete-carmichael-as-offensive-coordinator\/#primaryimage"},"thumbnailUrl":"https:\/\/ubirataonline.com.br\/wp-content\/uploads\/2026\/01\/Source-Bills-to-hire-Pete-Carmichael-as-offensive-coordinator.jpeg","keywords":["Bills","Carmichael","Coordinator","hire","offensive","Pete","source"],"articleSection":["Europe"],"inLanguage":"en-US","copyrightYear":"2026","copyrightHolder":{"@id":"https:\/\/ubirataonline.com.br\/en\/#organization"}},{"@type":"WebPage","@id":"https:\/\/ubirataonline.com.br\/source-bills-to-hire-pete-carmichael-as-offensive-coordinator\/","url":"https:\/\/ubirataonline.com.br\/source-bills-to-hire-pete-carmichael-as-offensive-coordinator\/","name":"Source: Bills to hire Pete Carmichael as offensive coordinator - Ubirat\u00e3 Online Not\u00edcias - A realidade ao seu alcance!","isPartOf":{"@id":"https:\/\/ubirataonline.com.br\/#website"},"primaryImageOfPage":{"@id":"https:\/\/ubirataonline.com.br\/source-bills-to-hire-pete-carmichael-as-offensive-coordinator\/#primaryimage"},"image":{"@id":"https:\/\/ubirataonline.com.br\/source-bills-to-hire-pete-carmichael-as-offensive-coordinator\/#primaryimage"},"thumbnailUrl":"https:\/\/ubirataonline.com.br\/wp-content\/uploads\/2026\/01\/Source-Bills-to-hire-Pete-Carmichael-as-offensive-coordinator.jpeg","datePublished":"2026-01-31T17:37:30+00:00","dateModified":"2026-01-31T17:37:34+00:00","description":"Alaina GetzenbergJan 30, 2026, 11:44 AM ETCloseAlaina Getzenberg covers the Buffalo Bills for ESPN. She joined ESPN in 2021. Alaina was previously a beat","breadcrumb":{"@id":"https:\/\/ubirataonline.com.br\/source-bills-to-hire-pete-carmichael-as-offensive-coordinator\/#breadcrumb"},"inLanguage":"en-US","potentialAction":[{"@type":"ReadAction","target":["https:\/\/ubirataonline.com.br\/source-bills-to-hire-pete-carmichael-as-offensive-coordinator\/"]}]},{"@type":"ImageObject","inLanguage":"en-US","@id":"https:\/\/ubirataonline.com.br\/source-bills-to-hire-pete-carmichael-as-offensive-coordinator\/#primaryimage","url":"https:\/\/ubirataonline.com.br\/wp-content\/uploads\/2026\/01\/Source-Bills-to-hire-Pete-Carmichael-as-offensive-coordinator.jpeg","contentUrl":"https:\/\/ubirataonline.com.br\/wp-content\/uploads\/2026\/01\/Source-Bills-to-hire-Pete-Carmichael-as-offensive-coordinator.jpeg","width":1296,"height":729,"caption":"Stephen A. calls on Bills president to improve Buffalo's roster (2:38)Stephen A. Smith says new Bills president Brandon Beane needs to bolster the roster to give the Bills a chance at making the Super Bowl next season. (2:38)"},{"@type":"BreadcrumbList","@id":"https:\/\/ubirataonline.com.br\/source-bills-to-hire-pete-carmichael-as-offensive-coordinator\/#breadcrumb","itemListElement":[{"@type":"ListItem","position":1,"name":"In\u00edcio","item":"https:\/\/ubirataonline.com.br\/"},{"@type":"ListItem","position":2,"name":"Source: Bills to hire Pete Carmichael as offensive coordinator"}]},{"@type":"WebSite","@id":"https:\/\/ubirataonline.com.br\/#website","url":"https:\/\/ubirataonline.com.br\/","name":"Ubirat\u00e3 Online Not\u00edcias","description":"Not\u00edcias de Ubirat\u00e3, regi\u00e3o, Brasil e mundo, com informa\u00e7\u00e3o atualizada e compromisso com o leitor.","publisher":{"@id":"https:\/\/ubirataonline.com.br\/#organization"},"alternateName":"Ubirat\u00e3 Online","potentialAction":[{"@type":"SearchAction","target":{"@type":"EntryPoint","urlTemplate":"https:\/\/ubirataonline.com.br\/?s={search_term_string}"},"query-input":{"@type":"PropertyValueSpecification","valueRequired":true,"valueName":"search_term_string"}}],"inLanguage":"en-US"},{"@type":["Organization","Place"],"@id":"https:\/\/ubirataonline.com.br\/#organization","name":"Ubirat\u00e3 Online Not\u00edcias","alternateName":"Ubirat\u00e3 Online","url":"https:\/\/ubirataonline.com.br\/","logo":{"@id":"https:\/\/ubirataonline.com.br\/source-bills-to-hire-pete-carmichael-as-offensive-coordinator\/#local-main-organization-logo"},"image":{"@id":"https:\/\/ubirataonline.com.br\/source-bills-to-hire-pete-carmichael-as-offensive-coordinator\/#local-main-organization-logo"},"sameAs":["https:\/\/www.facebook.com\/portalubirataonline","https:\/\/x.com\/ubirataonline","https:\/\/mastodon.social\/@ubirataonline","https:\/\/www.facebook.com\/groups\/311144672285604","https:\/\/www.facebook.com\/UBTAOnline","https:\/\/www.instagram.com\/portalubirataonline\/","https:\/\/twitter.com\/ubirataonline"],"description":"Somos um portal de not\u00edcias independente, criado em 5 de janeiro de 2009, com o objetivo de informar, conectar e valorizar a nossa comunidade de Ubirat\u00e3 e toda aregi\u00e3o. Com conte\u00fado atualizado, confi\u00e1vel e relevante, o Ubirat\u00e3 Online \u00e9 o seu espa\u00e7o para ficar por dentro dos principais acontecimentos locais, regionais, Brasil, Mundo e de interesse geral. Nosso compromisso \u00e9 com a verdade, a transpar\u00eancia e o respeito ao leitor.","legalName":"UBIRATA ONLINE NOT\u00cdCIAS","foundingDate":"2009-01-05","numberOfEmployees":{"@type":"QuantitativeValue","minValue":"1","maxValue":"10"},"publishingPrinciples":"https:\/\/ubirataonline.com.br\/faq\/","address":{"@id":"https:\/\/ubirataonline.com.br\/source-bills-to-hire-pete-carmichael-as-offensive-coordinator\/#local-main-place-address"},"geo":{"@type":"GeoCoordinates","latitude":"-24.5361401","longitude":"-52.9921776"},"telephone":["+5544998308235"],"contactPoint":{"@type":"ContactPoint","email":"contato@ubirataonline.com.br"},"openingHoursSpecification":{"@type":"OpeningHoursSpecification","dayOfWeek":["Monday","Tuesday","Wednesday","Thursday","Friday","Saturday","Sunday"],"opens":"00:00","closes":"23:59"},"email":"contato@ubirataonline.com.br","vatID":"47.621.418\/0001-80"},{"@type":"Person","@id":"https:\/\/ubirataonline.com.br\/#\/schema\/person\/372f87bbd3fdd79b8556b84c98d0bc1c","name":"REDA\u00c7\u00c3O: UBIRAT\u00c3 ONLINE - F\u00c1BIO AUGUSTO CELESTINO","pronouns":"Ele","description":"Desde 2003 trabalhando com not\u00edcias.","sameAs":["http:\/\/ubirataoline.com.br","https:\/\/www.facebook.com\/portalubirataonline","https:\/\/www.instagram.com\/ubirataonline_oficial","https:\/\/x.com\/x.com\/ubirataonline"],"honorificPrefix":"Mr.","honorificSuffix":"MD","birthDate":"1980-06-16","gender":"masculino","award":["V\u00e1rios pr\u00eamios de melhor portal da cidade"],"jobTitle":"Diretor","url":"https:\/\/ubirataonline.com.br\/en\/author\/ubirataonline\/"},{"@type":"PostalAddress","@id":"https:\/\/ubirataonline.com.br\/source-bills-to-hire-pete-carmichael-as-offensive-coordinator\/#local-main-place-address","streetAddress":"Rua dos Coqueiros, 104 - Bairro Boa Vista, Rua dos Coqueiros, 104 Bairro Boa Vista","addressLocality":"UBIRATA","postalCode":"85440-000","addressRegion":"PR","addressCountry":"BR"},{"@type":"ImageObject","inLanguage":"en-US","@id":"https:\/\/ubirataonline.com.br\/source-bills-to-hire-pete-carmichael-as-offensive-coordinator\/#local-main-organization-logo","url":"https:\/\/ubirataonline.com.br\/wp-content\/uploads\/2026\/06\/logoubirataonline-1.webp","contentUrl":"https:\/\/ubirataonline.com.br\/wp-content\/uploads\/2026\/06\/logoubirataonline-1.webp","width":500,"height":500,"caption":"Ubirat\u00e3 Online Not\u00edcias"}]},"geo.placename":"UBIRATA","geo.position":{"lat":"-24.5361401","long":"-52.9921776"},"geo.region":"Brazil"},"_links":{"self":[{"href":"https:\/\/ubirataonline.com.br\/en\/wp-json\/wp\/v2\/posts\/83706","targetHints":{"allow":["GET"]}}],"collection":[{"href":"https:\/\/ubirataonline.com.br\/en\/wp-json\/wp\/v2\/posts"}],"about":[{"href":"https:\/\/ubirataonline.com.br\/en\/wp-json\/wp\/v2\/types\/post"}],"author":[{"embeddable":true,"href":"https:\/\/ubirataonline.com.br\/en\/wp-json\/wp\/v2\/users\/1"}],"replies":[{"embeddable":true,"href":"https:\/\/ubirataonline.com.br\/en\/wp-json\/wp\/v2\/comments?post=83706"}],"version-history":[{"count":0,"href":"https:\/\/ubirataonline.com.br\/en\/wp-json\/wp\/v2\/posts\/83706\/revisions"}],"wp:featuredmedia":[{"embeddable":true,"href":"https:\/\/ubirataonline.com.br\/en\/wp-json\/wp\/v2\/media\/83707"}],"wp:attachment":[{"href":"https:\/\/ubirataonline.com.br\/en\/wp-json\/wp\/v2\/media?parent=83706"}],"wp:term":[{"taxonomy":"category","embeddable":true,"href":"https:\/\/ubirataonline.com.br\/en\/wp-json\/wp\/v2\/categories?post=83706"},{"taxonomy":"post_tag","embeddable":true,"href":"https:\/\/ubirataonline.com.br\/en\/wp-json\/wp\/v2\/tags?post=83706"}],"curies":[{"name":"wp","href":"https:\/\/api.w.org\/{rel}","templated":true}]}}