{"id":83750,"date":"2026-01-31T18:15:55","date_gmt":"2026-01-31T21:15:55","guid":{"rendered":"https:\/\/ubirataonline.com.br\/tecnico-em-eletrotecnica-no-senai-e-a-industria-4-0\/"},"modified":"2026-01-31T18:16:05","modified_gmt":"2026-01-31T21:16:05","slug":"tecnico-em-eletrotecnica-no-senai-e-a-industria-4-0","status":"publish","type":"post","link":"https:\/\/ubirataonline.com.br\/en\/tecnico-em-eletrotecnica-no-senai-e-a-industria-4-0\/","title":{"rendered":"T\u00e9cnico em Eletrot\u00e9cnica no SENAI e a Ind\u00fastria 4.0"},"content":{"rendered":"<p><\/p>\n<div id=\"post-content\">\n<p class=\"excerpt-patrocinado\">Em um cen\u00e1rio de transforma\u00e7\u00e3o acelerada da ind\u00fastria, algumas carreiras t\u00e9cnicas deixaram de ser coadjuvantes para se tornarem estrat\u00e9gicas\u00a0 e a eletrot\u00e9cnica \u00e9 uma delas. Com o avan\u00e7o da automa\u00e7\u00e3o, da digitaliza\u00e7\u00e3o e da integra\u00e7\u00e3o de sistemas inteligentes, o T\u00e9cnico em Eletrot\u00e9cnica passou a ocupar um papel central na moderniza\u00e7\u00e3o do parque industrial brasileiro.<\/p>\n<p>No Senai Paran\u00e1, o Curso T\u00e9cnico em Eletrot\u00e9cnica, oferecido em unidades como o Senai CIC, prepara profissionais para atender \u00e0s demandas da Ind\u00fastria 4.0, combinando forma\u00e7\u00e3o pr\u00e1tica, base tecnol\u00f3gica s\u00f3lida e alinhamento direto com as necessidades do setor produtivo. A proposta \u00e9 formar t\u00e9cnicos capazes de atuar em ambientes industriais cada vez mais automatizados, conectados e orientados por efici\u00eancia energ\u00e9tica.<\/p>\n<p>Segundo Juliana Maia, coordenadora de educa\u00e7\u00e3o do Senai CIC, a profiss\u00e3o ganha relev\u00e2ncia \u00e0 medida que a ind\u00fastria se moderniza. \u201cO t\u00e9cnico em eletrot\u00e9cnica \u00e9 fundamental para a implanta\u00e7\u00e3o, opera\u00e7\u00e3o e manuten\u00e7\u00e3o de sistemas el\u00e9tricos e eletr\u00f4nicos que sustentam a transforma\u00e7\u00e3o digital da ind\u00fastria. \u00c9 ele quem garante que a inova\u00e7\u00e3o funcione de forma segura e eficiente\u201d, afirma.<\/p>\n<h2 class=\"wp-block-heading\" id=\"h-um-profissional-essencial-na-era-da-neoindustrializacao\"><strong>Um profissional essencial na era da neoindustrializa\u00e7\u00e3o<\/strong><\/h2>\n<p>A Ind\u00fastria 4.0 redefine processos produtivos ao integrar automa\u00e7\u00e3o, digitaliza\u00e7\u00e3o e conectividade. Nesse contexto, o t\u00e9cnico em eletrot\u00e9cnica atua desde a instala\u00e7\u00e3o e manuten\u00e7\u00e3o de sistemas el\u00e9tricos at\u00e9 a integra\u00e7\u00e3o de tecnologias como Internet das Coisas (IoT), sensores inteligentes, automa\u00e7\u00e3o industrial e sistemas de energia renov\u00e1vel.<\/p>\n<p>De acordo com Juliana Maia, o curso vai al\u00e9m da forma\u00e7\u00e3o operacional. \u201cO aluno aprende a interpretar projetos, gerenciar sistemas el\u00e9tricos e planejar atualiza\u00e7\u00f5es tecnol\u00f3gicas, sempre considerando efici\u00eancia, seguran\u00e7a e sustentabilidade\u201d, explica.<\/p>\n<h2 class=\"wp-block-heading\" id=\"h-valorizacao-profissional-e-remuneracao\"><strong>Valoriza\u00e7\u00e3o profissional e remunera\u00e7\u00e3o<\/strong><\/h2>\n<p>Al\u00e9m da alta empregabilidade, a carreira em eletrot\u00e9cnica tamb\u00e9m se destaca pela valoriza\u00e7\u00e3o profissional e salarial. Dados praticados pela ind\u00fastria indicam que o sal\u00e1rio de um T\u00e9cnico em Eletrot\u00e9cnica varia conforme a regi\u00e3o, o setor e o n\u00edvel de experi\u00eancia, mas costuma iniciar em patamares competitivos j\u00e1 no come\u00e7o da carreira. Com especializa\u00e7\u00e3o, certifica\u00e7\u00f5es t\u00e9cnicas e atua\u00e7\u00e3o em \u00e1reas estrat\u00e9gicas \u2014 como automa\u00e7\u00e3o industrial, gera\u00e7\u00e3o e distribui\u00e7\u00e3o de energia e manuten\u00e7\u00e3o de sistemas complexos \u2014 a remunera\u00e7\u00e3o tende a evoluir de forma consistente, acompanhando o aumento das responsabilidades e a escassez de profissionais qualificados.<\/p>\n<h2 class=\"wp-block-heading\" id=\"h-onde-o-tecnico-em-eletrotecnica-pode-atuar\"><strong>Onde o t\u00e9cnico em eletrot\u00e9cnica pode atuar<\/strong><\/h2>\n<p>A versatilidade da forma\u00e7\u00e3o amplia as possibilidades de atua\u00e7\u00e3o profissional. O T\u00e9cnico em Eletrot\u00e9cnica encontra oportunidades em diversos setores, como:<\/p>\n<ul class=\"wp-block-list\">\n<li>Empresas de gera\u00e7\u00e3o, transmiss\u00e3o e distribui\u00e7\u00e3o de energia el\u00e9trica<\/li>\n<li>Hidrel\u00e9tricas, termoel\u00e9tricas e usinas solares e e\u00f3licas<\/li>\n<li>Empresas de instala\u00e7\u00e3o, manuten\u00e7\u00e3o e comercializa\u00e7\u00e3o de sistemas el\u00e9tricos<\/li>\n<li>Constru\u00e7\u00e3o civil<\/li>\n<li>Ind\u00fastrias de fabrica\u00e7\u00e3o de m\u00e1quinas, componentes e equipamentos el\u00e9tricos<\/li>\n<li>Laborat\u00f3rios de controle, calibra\u00e7\u00e3o e manuten\u00e7\u00e3o<\/li>\n<li>Concession\u00e1rias e prestadoras de servi\u00e7os de telecomunica\u00e7\u00f5es<\/li>\n<li>Ind\u00fastrias petrol\u00edferas<\/li>\n<li>Ind\u00fastrias de transforma\u00e7\u00e3o e extrativa<\/li>\n<li>Grupos de pesquisa e desenvolvimento tecnol\u00f3gico<\/li>\n<\/ul>\n<p>No Senai Paran\u00e1, o Curso T\u00e9cnico em Eletrot\u00e9cnica \u00e9 estruturado para acompanhar as demandas atuais e futuras do setor industrial. Com dura\u00e7\u00e3o m\u00e9dia de dois anos, o curso combina aulas te\u00f3ricas e pr\u00e1ticas, uso de laborat\u00f3rios especializados e metodologias alinhadas \u00e0 realidade das empresas.<\/p>\n<p>\u201cO aluno desenvolve compet\u00eancias t\u00e9cnicas e tamb\u00e9m aprende a fazer a gest\u00e3o e a atualiza\u00e7\u00e3o dos sistemas industriais, j\u00e1 pensando na substitui\u00e7\u00e3o de equipamentos, na efici\u00eancia energ\u00e9tica e na integra\u00e7\u00e3o com novas tecnologias\u201d, destaca Juliana Maia.<\/p>\n<p>O curso conta com op\u00e7\u00f5es de turmas presenciais e na modalidade Educa\u00e7\u00e3o a Dist\u00e2ncia (EaD), conforme a oferta das unidades do Senai no estado, permitindo flexibilidade para quem deseja conciliar estudo e trabalho.<\/p>\n<h2 class=\"wp-block-heading\" id=\"h-educacao-tecnica-como-porta-de-entrada-para-a-industria\"><strong>Educa\u00e7\u00e3o t\u00e9cnica como porta de entrada para a ind\u00fastria<\/strong><\/h2>\n<p>Em um mercado cada vez mais tecnol\u00f3gico e competitivo, investir em forma\u00e7\u00e3o t\u00e9cnica se consolida como uma estrat\u00e9gia eficaz para quem busca r\u00e1pida inser\u00e7\u00e3o profissional e crescimento de carreira. Para a coordena\u00e7\u00e3o do Senai CIC, a valoriza\u00e7\u00e3o do t\u00e9cnico \u00e9 parte fundamental do desenvolvimento industrial.<\/p>\n<p>\u201cFormar profissionais qualificados \u00e9 essencial para que a ind\u00fastria avance em inova\u00e7\u00e3o, produtividade e sustentabilidade. O t\u00e9cnico em eletrot\u00e9cnica tem papel direto nesse processo\u201d, conclui Juliana Maia.<\/p>\n<h2 class=\"wp-block-heading\" id=\"h-entrevista-gestora-do-senai-cic-vanessa-fernandes-feijo-fala-sobre-a-formacao-tecnica-em-eletrotecnica-e-as-demandas-da-industria\"><strong>Entrevista | Gestora do Senai CIC Vanessa Fernandes Feij\u00f3<\/strong> <strong>fala sobre a forma\u00e7\u00e3o t\u00e9cnica em eletrot\u00e9cnica e as demandas da ind\u00fastria<\/strong><\/h2>\n<p><strong>Jornalista da Gazeta do Povo<\/strong> \u2013 Como a Ind\u00fastria 4.0 mudou o perfil do T\u00e9cnico em Eletrot\u00e9cnica que a ind\u00fastria busca hoje?<\/p>\n<p><strong>Vanessa Fernandes Feij\u00f3<\/strong> \u2013 A Ind\u00fastria 4.0 ampliou significativamente o escopo de atua\u00e7\u00e3o do t\u00e9cnico em eletrot\u00e9cnica. Hoje, al\u00e9m do dom\u00ednio dos sistemas el\u00e9tricos tradicionais, esse profissional precisa compreender automa\u00e7\u00e3o, digitaliza\u00e7\u00e3o, integra\u00e7\u00e3o de equipamentos e efici\u00eancia energ\u00e9tica. A ind\u00fastria busca t\u00e9cnicos capazes de interpretar dados, operar sistemas inteligentes e atuar de forma integrada com engenheiros e equipes de TI, sempre com foco em seguran\u00e7a e produtividade.<\/p>\n<p><strong>Jornalista da Gazeta do Povo<\/strong> \u2013 A forma\u00e7\u00e3o t\u00e9cnica ainda \u00e9 um caminho r\u00e1pido para inser\u00e7\u00e3o no mercado de trabalho?<\/p>\n<p><strong>Vanessa Fernandes Feij\u00f3<\/strong> \u2013 Sem d\u00favida. A forma\u00e7\u00e3o t\u00e9cnica continua sendo uma das formas mais eficazes de ingresso no mercado industrial. O curso prepara o aluno para a pr\u00e1tica profissional e para as demandas reais das empresas, o que facilita a empregabilidade. Al\u00e9m disso, muitos alunos conseguem se inserir no mercado ainda durante a forma\u00e7\u00e3o, seja por est\u00e1gios ou programas de aprendizagem, o que acelera o in\u00edcio da carreira.<\/p>\n<p><strong>Jornalista da Gazeta do Povo<\/strong> \u2013 Em termos de carreira e remunera\u00e7\u00e3o, o que o aluno pode esperar ao optar pela eletrot\u00e9cnica?<\/p>\n<p><strong>Vanessa Fernandes Feij\u00f3<\/strong> \u2013 A eletrot\u00e9cnica \u00e9 uma \u00e1rea valorizada, especialmente em setores estrat\u00e9gicos como energia, automa\u00e7\u00e3o e manuten\u00e7\u00e3o industrial. A remunera\u00e7\u00e3o evolui conforme a experi\u00eancia, a especializa\u00e7\u00e3o e o n\u00edvel de responsabilidade assumido. O mais importante \u00e9 que o curso oferece uma base s\u00f3lida para crescimento profissional cont\u00ednuo, permitindo que o t\u00e9cnico avance para fun\u00e7\u00f5es mais complexas ou at\u00e9 siga para a engenharia, se desejar.<\/p>\n<h3 class=\"wp-block-heading\" id=\"h-saiba-mais\"><strong>Saiba mais<\/strong><\/h3>\n<p>Para conhecer o <strong>Curso T\u00e9cnico em Eletrot\u00e9cnica<\/strong>, as modalidades dispon\u00edveis e as oportunidades oferecidas pelo <strong>Senai Paran\u00e1<\/strong>, procure a unidade <strong>Senai CIC<\/strong> ou acesse os canais oficiais da institui\u00e7\u00e3o.<\/p>\n<section class=\"virals\">\n<article class=\"cardnews cardnews--post cardnews--has-thumbnail cardnews--editorial-noticias\"> <a href=\"https:\/\/www.tribunapr.com.br\/noticias\/curitiba-regiao\/contas-no-inicio-do-ano-desafiam-familias-saiba-como-equilibrar-os-gastos\/?utm_source=noticias-virais-rodape&amp;utm_medium=internal-tribuna&amp;utm_campaign=tribuna\" class=\"cardnews__postlink\"> <\/p>\n<div class=\"cardnews__image\" is-api-thumb=\"\"><\/div>\n<div class=\"cardnews__content cardhome__content\">\n<div class=\"cardnews__content-wrapper\">\n<p> <span style=\"\"> IPTU, IPVA&#8230; <\/span> <\/p>\n<p>Descubra como pagar IPTU, IPVA e escola sem sufocar seu bolso<\/p>\n<\/p><\/div>\n<\/p><\/div>\n<p> <\/a> <\/article>\n<article class=\"cardnews cardnews--post cardnews--has-thumbnail cardnews--editorial-noticias\"> <a href=\"https:\/\/www.tribunapr.com.br\/noticias\/brasil\/jeito-errado-de-usar-a-geladeira-pode-custar-alto-na-conta-de-luz\/?utm_source=noticias-virais-rodape&amp;utm_medium=internal-tribuna&amp;utm_campaign=tribuna\" class=\"cardnews__postlink\"> <\/p>\n<div class=\"cardnews__image\" is-api-thumb=\"\"><img decoding=\"async\" src=\"https:\/\/www.tribunapr.com.br\/wp-content\/uploads\/2026\/01\/14114224\/geladeira-370x210.jpg\" loading=\"lazy\" alt=\"Erro comum com geladeira pode explodir sua conta de luz\"\/><\/div>\n<div class=\"cardnews__content cardhome__content\">\n<div class=\"cardnews__content-wrapper\">\n<p> <span style=\"\"> Economia <\/span> <\/p>\n<p>Erro comum com geladeira pode explodir sua conta de luz<\/p>\n<\/p><\/div>\n<\/p><\/div>\n<p> <\/a> <\/article>\n<article class=\"cardnews cardnews--post cardnews--has-thumbnail cardnews--editorial-noticias\"> <a href=\"https:\/\/www.tribunapr.com.br\/blogs\/cacador-de-boteco\/em-curitiba-madeira-chope-e-encontros-dao-forma-ao-celeiro-do-malte\/?utm_source=noticias-virais-rodape&amp;utm_medium=internal-tribuna&amp;utm_campaign=tribuna\" class=\"cardnews__postlink\"> <\/p>\n<div class=\"cardnews__image\" is-api-thumb=\"\"><img decoding=\"async\" src=\"https:\/\/www.tribunapr.com.br\/wp-content\/uploads\/2022\/10\/15074047\/celeiro-do-malte-2-370x210.jpg\" loading=\"lazy\" alt=\"Este bar r\u00fastico em Curitiba virou sensa\u00e7\u00e3o entre cervejeiros\"\/><\/div>\n<div class=\"cardnews__content cardhome__content\">\n<div class=\"cardnews__content-wrapper\">\n<p> <span style=\"\"> Ca\u00e7ador de Boteco <\/span> <\/p>\n<p>Este bar r\u00fastico em Curitiba virou sensa\u00e7\u00e3o entre cervejeiros<\/p>\n<\/p><\/div>\n<\/p><\/div>\n<p> <\/a> <\/article>\n<\/section>\n<div id=\"tribuna-follow-cta\">\n<p> <span class=\"cta-title\">Siga a <span class=\"tribuna-color\">Tribuna<\/span> no Google, e acompanhe as \u00faltimas not\u00edcias de Curitiba e regi\u00e3o!<\/span> <\/p>\n<p> <a href=\"https:\/\/profile.google.com\/cp\/CgwvZy8xMmxxajUzM3Mac2h0dHBzOi8vd3d3LnRyaWJ1bmFwci5jb20uYnIvdml2YS92aXRyaW5lL2dpZ2FudGUtZG8tdmVzdHVhcmlvLXJlaW5hdWd1cmEtbG9qYS1lbS1zaG9wcGluZy10cmFkaWNpb25hbC1kZS1jdXJpdGliYS8iElRyaWJ1bmEgZG8gUGFyYW7DoSqAAwrHAWh0dHBzOi8vZW5jcnlwdGVkLXRibjIuZ3N0YXRpYy5jb20vZmF2aWNvbi10Ym4_cT10Ym46QU5kOUdjUVJPbjVDRjR6TzJPbkUwTXZrRlRCRTY2U0g1bGlaVDRaZTV3bWNKeU5GRm1BSnluM01nNU9PR3BXY1pYMzZwYU5HUWtsZ09JVEFLTTNNZVNGbTc1aWp6M3k2ajUtQ3M2b25kX2JUcFFQQkVLd3RsUjBsTmJESnUtVHhrNXQtbFlCNlVpOWZSVVFjT2cSswFodHRwczovL2VuY3J5cHRlZC10Ym4zLmdzdGF0aWMuY29tL2Zhdmljb24tdGJuP3E9dGJuJTNBQU5kOUdjU0FMaWJ2eFF0YXdFMFRueVdWWmVKRS1MZEdRZjVTUi1OZ2RMazhyZzIwVy1nM0JuQ1F4VDNKZFBjRXR2THdBeVRxUDJEdHVycEdVR29CQkxpYzM5al9wSmFxRERaMHNCYW05WEVhSGVsMmZTQmdKdlF4WWVyMw\" target=\"_blank\" title=\"Seguir a Tribuna no Google\">  <\/a> <\/div>\n<\/p><\/div>\n<p><a href=\"https:\/\/www.tribunapr.com.br\/conteudo-publicitario\/senai\/tecnico-em-eletrotecnica-senai-industria-4-0\/\">Source link <\/a><\/p>","protected":false},"excerpt":{"rendered":"<p>Em um cen\u00e1rio de transforma\u00e7\u00e3o acelerada da ind\u00fastria, algumas carreiras t\u00e9cnicas deixaram de ser coadjuvantes para se tornarem estrat\u00e9gicas\u00a0 e a eletrot\u00e9cnica \u00e9 uma delas. Com o avan\u00e7o da automa\u00e7\u00e3o, da digitaliza\u00e7\u00e3o e da integra\u00e7\u00e3o de sistemas inteligentes, o T\u00e9cnico em Eletrot\u00e9cnica passou a ocupar um papel central na moderniza\u00e7\u00e3o do parque industrial brasileiro. No [&hellip;]<\/p>\n","protected":false},"author":1,"featured_media":83751,"comment_status":"closed","ping_status":"","sticky":false,"template":"","format":"standard","meta":{"googlesitekit_rrm_CAow2JLhCw:productID":"","_gspb_post_css":"","maa_idioma":"","maa_pais":"","footnotes":""},"categories":[1],"tags":[16740,16741,16712,6716],"class_list":["post-83750","post","type-post","status-publish","format-standard","has-post-thumbnail","hentry","category-ubirata","tag-eletrotecnica","tag-industria","tag-senai","tag-tecnico"],"blocksy_meta":[],"yoast_head":"<!-- This site is optimized with the Yoast SEO Premium plugin v27.6 (Yoast SEO v27.6) - https:\/\/yoast.com\/product\/yoast-seo-premium-wordpress\/ -->\n<title>T\u00e9cnico em Eletrot\u00e9cnica no SENAI e a Ind\u00fastria 4.0 - Ubirat\u00e3 Online Not\u00edcias - A realidade ao seu alcance!<\/title>\n<meta name=\"description\" content=\"Em um cen\u00e1rio de transforma\u00e7\u00e3o acelerada da ind\u00fastria, algumas carreiras t\u00e9cnicas deixaram de ser coadjuvantes para se tornarem estrat\u00e9gicas\u00a0 e a\" \/>\n<meta name=\"robots\" content=\"index, follow, max-snippet:-1, max-image-preview:large, max-video-preview:-1\" \/>\n<link rel=\"canonical\" href=\"https:\/\/ubirataonline.com.br\/en\/tecnico-em-eletrotecnica-no-senai-e-a-industria-4-0\/\" \/>\n<meta property=\"og:locale\" content=\"en_US\" \/>\n<meta property=\"og:type\" content=\"article\" \/>\n<meta property=\"og:title\" content=\"T\u00e9cnico em Eletrot\u00e9cnica no SENAI e a Ind\u00fastria 4.0\" \/>\n<meta property=\"og:description\" content=\"Em um cen\u00e1rio de transforma\u00e7\u00e3o acelerada da ind\u00fastria, algumas carreiras t\u00e9cnicas deixaram de ser coadjuvantes para se tornarem estrat\u00e9gicas\u00a0 e a\" \/>\n<meta property=\"og:url\" content=\"https:\/\/ubirataonline.com.br\/en\/tecnico-em-eletrotecnica-no-senai-e-a-industria-4-0\/\" \/>\n<meta property=\"og:site_name\" content=\"Ubirat\u00e3 Online Not\u00edcias - A realidade ao seu alcance!\" \/>\n<meta property=\"article:publisher\" content=\"https:\/\/www.facebook.com\/portalubirataonline\" \/>\n<meta property=\"article:author\" content=\"https:\/\/www.facebook.com\/portalubirataonline\" \/>\n<meta property=\"article:published_time\" content=\"2026-01-31T21:15:55+00:00\" \/>\n<meta property=\"article:modified_time\" content=\"2026-01-31T21:16:05+00:00\" \/>\n<meta property=\"og:image\" content=\"https:\/\/ubirataonline.com.br\/wp-content\/uploads\/2026\/01\/Tecnico-em-Eletrotecnica-no-SENAI-e-a-Industria-40.jpg\" \/>\n\t<meta property=\"og:image:width\" content=\"2560\" \/>\n\t<meta property=\"og:image:height\" content=\"1707\" \/>\n\t<meta property=\"og:image:type\" content=\"image\/jpeg\" \/>\n<meta name=\"author\" content=\"REDA\u00c7\u00c3O: UBIRAT\u00c3 ONLINE - F\u00c1BIO AUGUSTO CELESTINO\" \/>\n<meta name=\"twitter:card\" content=\"summary_large_image\" \/>\n<meta name=\"twitter:creator\" content=\"@x.com\/ubirataonline\" \/>\n<meta name=\"twitter:site\" content=\"@ubirataonline\" \/>\n<meta name=\"twitter:label1\" content=\"Written by\" \/>\n\t<meta name=\"twitter:data1\" content=\"REDA\u00c7\u00c3O: UBIRAT\u00c3 ONLINE - F\u00c1BIO AUGUSTO CELESTINO\" \/>\n\t<meta name=\"twitter:label2\" content=\"Est. reading time\" \/>\n\t<meta name=\"twitter:data2\" content=\"6 minutes\" \/>\n<script type=\"application\/ld+json\" class=\"yoast-schema-graph\">{\"@context\":\"https:\\\/\\\/schema.org\",\"@graph\":[{\"@type\":\"NewsArticle\",\"@id\":\"https:\\\/\\\/ubirataonline.com.br\\\/tecnico-em-eletrotecnica-no-senai-e-a-industria-4-0\\\/#article\",\"isPartOf\":{\"@id\":\"https:\\\/\\\/ubirataonline.com.br\\\/tecnico-em-eletrotecnica-no-senai-e-a-industria-4-0\\\/\"},\"author\":{\"name\":\"REDA\u00c7\u00c3O: UBIRAT\u00c3 ONLINE - F\u00c1BIO AUGUSTO CELESTINO\",\"@id\":\"https:\\\/\\\/ubirataonline.com.br\\\/#\\\/schema\\\/person\\\/372f87bbd3fdd79b8556b84c98d0bc1c\"},\"headline\":\"T\u00e9cnico em Eletrot\u00e9cnica no SENAI e a Ind\u00fastria 4.0\",\"datePublished\":\"2026-01-31T21:15:55+00:00\",\"dateModified\":\"2026-01-31T21:16:05+00:00\",\"mainEntityOfPage\":{\"@id\":\"https:\\\/\\\/ubirataonline.com.br\\\/tecnico-em-eletrotecnica-no-senai-e-a-industria-4-0\\\/\"},\"wordCount\":1199,\"publisher\":{\"@id\":\"https:\\\/\\\/ubirataonline.com.br\\\/#organization\"},\"image\":{\"@id\":\"https:\\\/\\\/ubirataonline.com.br\\\/tecnico-em-eletrotecnica-no-senai-e-a-industria-4-0\\\/#primaryimage\"},\"thumbnailUrl\":\"https:\\\/\\\/ubirataonline.com.br\\\/wp-content\\\/uploads\\\/2026\\\/01\\\/Tecnico-em-Eletrotecnica-no-SENAI-e-a-Industria-40.jpg\",\"keywords\":[\"Eletrot\u00e9cnica\",\"Ind\u00fastria\",\"Senai\",\"t\u00e9cnico\"],\"articleSection\":[\"Ubirat\u00e3\"],\"inLanguage\":\"en-US\",\"copyrightYear\":\"2026\",\"copyrightHolder\":{\"@id\":\"https:\\\/\\\/ubirataonline.com.br\\\/en\\\/#organization\"}},{\"@type\":\"WebPage\",\"@id\":\"https:\\\/\\\/ubirataonline.com.br\\\/tecnico-em-eletrotecnica-no-senai-e-a-industria-4-0\\\/\",\"url\":\"https:\\\/\\\/ubirataonline.com.br\\\/tecnico-em-eletrotecnica-no-senai-e-a-industria-4-0\\\/\",\"name\":\"T\u00e9cnico em Eletrot\u00e9cnica no SENAI e a Ind\u00fastria 4.0 - Ubirat\u00e3 Online Not\u00edcias - A realidade ao seu alcance!\",\"isPartOf\":{\"@id\":\"https:\\\/\\\/ubirataonline.com.br\\\/#website\"},\"primaryImageOfPage\":{\"@id\":\"https:\\\/\\\/ubirataonline.com.br\\\/tecnico-em-eletrotecnica-no-senai-e-a-industria-4-0\\\/#primaryimage\"},\"image\":{\"@id\":\"https:\\\/\\\/ubirataonline.com.br\\\/tecnico-em-eletrotecnica-no-senai-e-a-industria-4-0\\\/#primaryimage\"},\"thumbnailUrl\":\"https:\\\/\\\/ubirataonline.com.br\\\/wp-content\\\/uploads\\\/2026\\\/01\\\/Tecnico-em-Eletrotecnica-no-SENAI-e-a-Industria-40.jpg\",\"datePublished\":\"2026-01-31T21:15:55+00:00\",\"dateModified\":\"2026-01-31T21:16:05+00:00\",\"description\":\"Em um cen\u00e1rio de transforma\u00e7\u00e3o acelerada da ind\u00fastria, algumas carreiras t\u00e9cnicas deixaram de ser coadjuvantes para se tornarem estrat\u00e9gicas\u00a0 e a\",\"breadcrumb\":{\"@id\":\"https:\\\/\\\/ubirataonline.com.br\\\/tecnico-em-eletrotecnica-no-senai-e-a-industria-4-0\\\/#breadcrumb\"},\"inLanguage\":\"en-US\",\"potentialAction\":[{\"@type\":\"ReadAction\",\"target\":[\"https:\\\/\\\/ubirataonline.com.br\\\/tecnico-em-eletrotecnica-no-senai-e-a-industria-4-0\\\/\"]}]},{\"@type\":\"ImageObject\",\"inLanguage\":\"en-US\",\"@id\":\"https:\\\/\\\/ubirataonline.com.br\\\/tecnico-em-eletrotecnica-no-senai-e-a-industria-4-0\\\/#primaryimage\",\"url\":\"https:\\\/\\\/ubirataonline.com.br\\\/wp-content\\\/uploads\\\/2026\\\/01\\\/Tecnico-em-Eletrotecnica-no-SENAI-e-a-Industria-40.jpg\",\"contentUrl\":\"https:\\\/\\\/ubirataonline.com.br\\\/wp-content\\\/uploads\\\/2026\\\/01\\\/Tecnico-em-Eletrotecnica-no-SENAI-e-a-Industria-40.jpg\",\"width\":2560,\"height\":1707,\"caption\":\"Alunos do Curso T\u00e9cnico em Eletrot\u00e9cnica do SENAI em atividade pr\u00e1tica, desenvolvendo compet\u00eancias alinhadas \u00e0s demandas da Ind\u00fastria 4.0.\"},{\"@type\":\"BreadcrumbList\",\"@id\":\"https:\\\/\\\/ubirataonline.com.br\\\/tecnico-em-eletrotecnica-no-senai-e-a-industria-4-0\\\/#breadcrumb\",\"itemListElement\":[{\"@type\":\"ListItem\",\"position\":1,\"name\":\"In\u00edcio\",\"item\":\"https:\\\/\\\/ubirataonline.com.br\\\/\"},{\"@type\":\"ListItem\",\"position\":2,\"name\":\"T\u00e9cnico em Eletrot\u00e9cnica no SENAI e a Ind\u00fastria 4.0\"}]},{\"@type\":\"WebSite\",\"@id\":\"https:\\\/\\\/ubirataonline.com.br\\\/#website\",\"url\":\"https:\\\/\\\/ubirataonline.com.br\\\/\",\"name\":\"Ubirat\u00e3 Online Not\u00edcias\",\"description\":\"Not\u00edcias de Ubirat\u00e3, regi\u00e3o, Brasil e mundo, com informa\u00e7\u00e3o atualizada e compromisso com o leitor.\",\"publisher\":{\"@id\":\"https:\\\/\\\/ubirataonline.com.br\\\/#organization\"},\"alternateName\":\"Ubirat\u00e3 Online\",\"potentialAction\":[{\"@type\":\"SearchAction\",\"target\":{\"@type\":\"EntryPoint\",\"urlTemplate\":\"https:\\\/\\\/ubirataonline.com.br\\\/?s={search_term_string}\"},\"query-input\":{\"@type\":\"PropertyValueSpecification\",\"valueRequired\":true,\"valueName\":\"search_term_string\"}}],\"inLanguage\":\"en-US\"},{\"@type\":[\"Organization\",\"Place\"],\"@id\":\"https:\\\/\\\/ubirataonline.com.br\\\/#organization\",\"name\":\"Ubirat\u00e3 Online Not\u00edcias\",\"alternateName\":\"Ubirat\u00e3 Online\",\"url\":\"https:\\\/\\\/ubirataonline.com.br\\\/\",\"logo\":{\"@id\":\"https:\\\/\\\/ubirataonline.com.br\\\/tecnico-em-eletrotecnica-no-senai-e-a-industria-4-0\\\/#local-main-organization-logo\"},\"image\":{\"@id\":\"https:\\\/\\\/ubirataonline.com.br\\\/tecnico-em-eletrotecnica-no-senai-e-a-industria-4-0\\\/#local-main-organization-logo\"},\"sameAs\":[\"https:\\\/\\\/www.facebook.com\\\/portalubirataonline\",\"https:\\\/\\\/x.com\\\/ubirataonline\",\"https:\\\/\\\/mastodon.social\\\/@ubirataonline\",\"https:\\\/\\\/www.facebook.com\\\/groups\\\/311144672285604\",\"https:\\\/\\\/www.facebook.com\\\/UBTAOnline\",\"https:\\\/\\\/www.instagram.com\\\/portalubirataonline\\\/\",\"https:\\\/\\\/twitter.com\\\/ubirataonline\"],\"description\":\"Somos um portal de not\u00edcias independente, criado em 5 de janeiro de 2009, com o objetivo de informar, conectar e valorizar a nossa comunidade de Ubirat\u00e3 e toda aregi\u00e3o. Com conte\u00fado atualizado, confi\u00e1vel e relevante, o Ubirat\u00e3 Online \u00e9 o seu espa\u00e7o para ficar por dentro dos principais acontecimentos locais, regionais, Brasil, Mundo e de interesse geral. Nosso compromisso \u00e9 com a verdade, a transpar\u00eancia e o respeito ao leitor.\",\"legalName\":\"UBIRATA ONLINE NOT\u00cdCIAS\",\"foundingDate\":\"2009-01-05\",\"numberOfEmployees\":{\"@type\":\"QuantitativeValue\",\"minValue\":\"1\",\"maxValue\":\"10\"},\"publishingPrinciples\":\"https:\\\/\\\/ubirataonline.com.br\\\/faq\\\/\",\"address\":{\"@id\":\"https:\\\/\\\/ubirataonline.com.br\\\/tecnico-em-eletrotecnica-no-senai-e-a-industria-4-0\\\/#local-main-place-address\"},\"geo\":{\"@type\":\"GeoCoordinates\",\"latitude\":\"-24.5361401\",\"longitude\":\"-52.9921776\"},\"telephone\":[\"+5544998308235\"],\"contactPoint\":{\"@type\":\"ContactPoint\",\"email\":\"contato@ubirataonline.com.br\"},\"openingHoursSpecification\":{\"@type\":\"OpeningHoursSpecification\",\"dayOfWeek\":[\"Monday\",\"Tuesday\",\"Wednesday\",\"Thursday\",\"Friday\",\"Saturday\",\"Sunday\"],\"opens\":\"00:00\",\"closes\":\"23:59\"},\"email\":\"contato@ubirataonline.com.br\",\"vatID\":\"47.621.418\\\/0001-80\"},{\"@type\":\"Person\",\"@id\":\"https:\\\/\\\/ubirataonline.com.br\\\/#\\\/schema\\\/person\\\/372f87bbd3fdd79b8556b84c98d0bc1c\",\"name\":\"REDA\u00c7\u00c3O: UBIRAT\u00c3 ONLINE - F\u00c1BIO AUGUSTO CELESTINO\",\"pronouns\":\"Ele\",\"description\":\"Desde 2003 trabalhando com not\u00edcias.\",\"sameAs\":[\"http:\\\/\\\/ubirataoline.com.br\",\"https:\\\/\\\/www.facebook.com\\\/portalubirataonline\",\"https:\\\/\\\/www.instagram.com\\\/ubirataonline_oficial\",\"https:\\\/\\\/x.com\\\/x.com\\\/ubirataonline\"],\"honorificPrefix\":\"Mr.\",\"honorificSuffix\":\"MD\",\"birthDate\":\"1980-06-16\",\"gender\":\"masculino\",\"award\":[\"V\u00e1rios pr\u00eamios de melhor portal da cidade\"],\"jobTitle\":\"Diretor\",\"url\":\"https:\\\/\\\/ubirataonline.com.br\\\/en\\\/author\\\/ubirataonline\\\/\"},{\"@type\":\"PostalAddress\",\"@id\":\"https:\\\/\\\/ubirataonline.com.br\\\/tecnico-em-eletrotecnica-no-senai-e-a-industria-4-0\\\/#local-main-place-address\",\"streetAddress\":\"Rua dos Coqueiros, 104 - Bairro Boa Vista, Rua dos Coqueiros, 104 Bairro Boa Vista\",\"addressLocality\":\"UBIRATA\",\"postalCode\":\"85440-000\",\"addressRegion\":\"PR\",\"addressCountry\":\"BR\"},{\"@type\":\"ImageObject\",\"inLanguage\":\"en-US\",\"@id\":\"https:\\\/\\\/ubirataonline.com.br\\\/tecnico-em-eletrotecnica-no-senai-e-a-industria-4-0\\\/#local-main-organization-logo\",\"url\":\"https:\\\/\\\/ubirataonline.com.br\\\/wp-content\\\/uploads\\\/2026\\\/06\\\/logoubirataonline-1.webp\",\"contentUrl\":\"https:\\\/\\\/ubirataonline.com.br\\\/wp-content\\\/uploads\\\/2026\\\/06\\\/logoubirataonline-1.webp\",\"width\":500,\"height\":500,\"caption\":\"Ubirat\u00e3 Online Not\u00edcias\"}]}<\/script>\n<meta name=\"geo.placename\" content=\"UBIRATA\" \/>\n<meta name=\"geo.position\" content=\"-24.5361401;-52.9921776\" \/>\n<meta name=\"geo.region\" content=\"Brazil\" \/>\n<!-- \/ Yoast SEO Premium plugin. -->","yoast_head_json":{"title":"T\u00e9cnico em Eletrot\u00e9cnica no SENAI e a Ind\u00fastria 4.0 - Ubirat\u00e3 Online Not\u00edcias - A realidade ao seu alcance!","description":"Em um cen\u00e1rio de transforma\u00e7\u00e3o acelerada da ind\u00fastria, algumas carreiras t\u00e9cnicas deixaram de ser coadjuvantes para se tornarem estrat\u00e9gicas\u00a0 e a","robots":{"index":"index","follow":"follow","max-snippet":"max-snippet:-1","max-image-preview":"max-image-preview:large","max-video-preview":"max-video-preview:-1"},"canonical":"https:\/\/ubirataonline.com.br\/en\/tecnico-em-eletrotecnica-no-senai-e-a-industria-4-0\/","og_locale":"en_US","og_type":"article","og_title":"T\u00e9cnico em Eletrot\u00e9cnica no SENAI e a Ind\u00fastria 4.0","og_description":"Em um cen\u00e1rio de transforma\u00e7\u00e3o acelerada da ind\u00fastria, algumas carreiras t\u00e9cnicas deixaram de ser coadjuvantes para se tornarem estrat\u00e9gicas\u00a0 e a","og_url":"https:\/\/ubirataonline.com.br\/en\/tecnico-em-eletrotecnica-no-senai-e-a-industria-4-0\/","og_site_name":"Ubirat\u00e3 Online Not\u00edcias - A realidade ao seu alcance!","article_publisher":"https:\/\/www.facebook.com\/portalubirataonline","article_author":"https:\/\/www.facebook.com\/portalubirataonline","article_published_time":"2026-01-31T21:15:55+00:00","article_modified_time":"2026-01-31T21:16:05+00:00","og_image":[{"width":2560,"height":1707,"url":"https:\/\/ubirataonline.com.br\/wp-content\/uploads\/2026\/01\/Tecnico-em-Eletrotecnica-no-SENAI-e-a-Industria-40.jpg","type":"image\/jpeg"}],"author":"REDA\u00c7\u00c3O: UBIRAT\u00c3 ONLINE - F\u00c1BIO AUGUSTO CELESTINO","twitter_card":"summary_large_image","twitter_creator":"@x.com\/ubirataonline","twitter_site":"@ubirataonline","twitter_misc":{"Written by":"REDA\u00c7\u00c3O: UBIRAT\u00c3 ONLINE - F\u00c1BIO AUGUSTO CELESTINO","Est. reading time":"6 minutes"},"schema":{"@context":"https:\/\/schema.org","@graph":[{"@type":"NewsArticle","@id":"https:\/\/ubirataonline.com.br\/tecnico-em-eletrotecnica-no-senai-e-a-industria-4-0\/#article","isPartOf":{"@id":"https:\/\/ubirataonline.com.br\/tecnico-em-eletrotecnica-no-senai-e-a-industria-4-0\/"},"author":{"name":"REDA\u00c7\u00c3O: UBIRAT\u00c3 ONLINE - F\u00c1BIO AUGUSTO CELESTINO","@id":"https:\/\/ubirataonline.com.br\/#\/schema\/person\/372f87bbd3fdd79b8556b84c98d0bc1c"},"headline":"T\u00e9cnico em Eletrot\u00e9cnica no SENAI e a Ind\u00fastria 4.0","datePublished":"2026-01-31T21:15:55+00:00","dateModified":"2026-01-31T21:16:05+00:00","mainEntityOfPage":{"@id":"https:\/\/ubirataonline.com.br\/tecnico-em-eletrotecnica-no-senai-e-a-industria-4-0\/"},"wordCount":1199,"publisher":{"@id":"https:\/\/ubirataonline.com.br\/#organization"},"image":{"@id":"https:\/\/ubirataonline.com.br\/tecnico-em-eletrotecnica-no-senai-e-a-industria-4-0\/#primaryimage"},"thumbnailUrl":"https:\/\/ubirataonline.com.br\/wp-content\/uploads\/2026\/01\/Tecnico-em-Eletrotecnica-no-SENAI-e-a-Industria-40.jpg","keywords":["Eletrot\u00e9cnica","Ind\u00fastria","Senai","t\u00e9cnico"],"articleSection":["Ubirat\u00e3"],"inLanguage":"en-US","copyrightYear":"2026","copyrightHolder":{"@id":"https:\/\/ubirataonline.com.br\/en\/#organization"}},{"@type":"WebPage","@id":"https:\/\/ubirataonline.com.br\/tecnico-em-eletrotecnica-no-senai-e-a-industria-4-0\/","url":"https:\/\/ubirataonline.com.br\/tecnico-em-eletrotecnica-no-senai-e-a-industria-4-0\/","name":"T\u00e9cnico em Eletrot\u00e9cnica no SENAI e a Ind\u00fastria 4.0 - Ubirat\u00e3 Online Not\u00edcias - A realidade ao seu alcance!","isPartOf":{"@id":"https:\/\/ubirataonline.com.br\/#website"},"primaryImageOfPage":{"@id":"https:\/\/ubirataonline.com.br\/tecnico-em-eletrotecnica-no-senai-e-a-industria-4-0\/#primaryimage"},"image":{"@id":"https:\/\/ubirataonline.com.br\/tecnico-em-eletrotecnica-no-senai-e-a-industria-4-0\/#primaryimage"},"thumbnailUrl":"https:\/\/ubirataonline.com.br\/wp-content\/uploads\/2026\/01\/Tecnico-em-Eletrotecnica-no-SENAI-e-a-Industria-40.jpg","datePublished":"2026-01-31T21:15:55+00:00","dateModified":"2026-01-31T21:16:05+00:00","description":"Em um cen\u00e1rio de transforma\u00e7\u00e3o acelerada da ind\u00fastria, algumas carreiras t\u00e9cnicas deixaram de ser coadjuvantes para se tornarem estrat\u00e9gicas\u00a0 e a","breadcrumb":{"@id":"https:\/\/ubirataonline.com.br\/tecnico-em-eletrotecnica-no-senai-e-a-industria-4-0\/#breadcrumb"},"inLanguage":"en-US","potentialAction":[{"@type":"ReadAction","target":["https:\/\/ubirataonline.com.br\/tecnico-em-eletrotecnica-no-senai-e-a-industria-4-0\/"]}]},{"@type":"ImageObject","inLanguage":"en-US","@id":"https:\/\/ubirataonline.com.br\/tecnico-em-eletrotecnica-no-senai-e-a-industria-4-0\/#primaryimage","url":"https:\/\/ubirataonline.com.br\/wp-content\/uploads\/2026\/01\/Tecnico-em-Eletrotecnica-no-SENAI-e-a-Industria-40.jpg","contentUrl":"https:\/\/ubirataonline.com.br\/wp-content\/uploads\/2026\/01\/Tecnico-em-Eletrotecnica-no-SENAI-e-a-Industria-40.jpg","width":2560,"height":1707,"caption":"Alunos do Curso T\u00e9cnico em Eletrot\u00e9cnica do SENAI em atividade pr\u00e1tica, desenvolvendo compet\u00eancias alinhadas \u00e0s demandas da Ind\u00fastria 4.0."},{"@type":"BreadcrumbList","@id":"https:\/\/ubirataonline.com.br\/tecnico-em-eletrotecnica-no-senai-e-a-industria-4-0\/#breadcrumb","itemListElement":[{"@type":"ListItem","position":1,"name":"In\u00edcio","item":"https:\/\/ubirataonline.com.br\/"},{"@type":"ListItem","position":2,"name":"T\u00e9cnico em Eletrot\u00e9cnica no SENAI e a Ind\u00fastria 4.0"}]},{"@type":"WebSite","@id":"https:\/\/ubirataonline.com.br\/#website","url":"https:\/\/ubirataonline.com.br\/","name":"Ubirat\u00e3 Online Not\u00edcias","description":"Not\u00edcias de Ubirat\u00e3, regi\u00e3o, Brasil e mundo, com informa\u00e7\u00e3o atualizada e compromisso com o leitor.","publisher":{"@id":"https:\/\/ubirataonline.com.br\/#organization"},"alternateName":"Ubirat\u00e3 Online","potentialAction":[{"@type":"SearchAction","target":{"@type":"EntryPoint","urlTemplate":"https:\/\/ubirataonline.com.br\/?s={search_term_string}"},"query-input":{"@type":"PropertyValueSpecification","valueRequired":true,"valueName":"search_term_string"}}],"inLanguage":"en-US"},{"@type":["Organization","Place"],"@id":"https:\/\/ubirataonline.com.br\/#organization","name":"Ubirat\u00e3 Online Not\u00edcias","alternateName":"Ubirat\u00e3 Online","url":"https:\/\/ubirataonline.com.br\/","logo":{"@id":"https:\/\/ubirataonline.com.br\/tecnico-em-eletrotecnica-no-senai-e-a-industria-4-0\/#local-main-organization-logo"},"image":{"@id":"https:\/\/ubirataonline.com.br\/tecnico-em-eletrotecnica-no-senai-e-a-industria-4-0\/#local-main-organization-logo"},"sameAs":["https:\/\/www.facebook.com\/portalubirataonline","https:\/\/x.com\/ubirataonline","https:\/\/mastodon.social\/@ubirataonline","https:\/\/www.facebook.com\/groups\/311144672285604","https:\/\/www.facebook.com\/UBTAOnline","https:\/\/www.instagram.com\/portalubirataonline\/","https:\/\/twitter.com\/ubirataonline"],"description":"Somos um portal de not\u00edcias independente, criado em 5 de janeiro de 2009, com o objetivo de informar, conectar e valorizar a nossa comunidade de Ubirat\u00e3 e toda aregi\u00e3o. Com conte\u00fado atualizado, confi\u00e1vel e relevante, o Ubirat\u00e3 Online \u00e9 o seu espa\u00e7o para ficar por dentro dos principais acontecimentos locais, regionais, Brasil, Mundo e de interesse geral. Nosso compromisso \u00e9 com a verdade, a transpar\u00eancia e o respeito ao leitor.","legalName":"UBIRATA ONLINE NOT\u00cdCIAS","foundingDate":"2009-01-05","numberOfEmployees":{"@type":"QuantitativeValue","minValue":"1","maxValue":"10"},"publishingPrinciples":"https:\/\/ubirataonline.com.br\/faq\/","address":{"@id":"https:\/\/ubirataonline.com.br\/tecnico-em-eletrotecnica-no-senai-e-a-industria-4-0\/#local-main-place-address"},"geo":{"@type":"GeoCoordinates","latitude":"-24.5361401","longitude":"-52.9921776"},"telephone":["+5544998308235"],"contactPoint":{"@type":"ContactPoint","email":"contato@ubirataonline.com.br"},"openingHoursSpecification":{"@type":"OpeningHoursSpecification","dayOfWeek":["Monday","Tuesday","Wednesday","Thursday","Friday","Saturday","Sunday"],"opens":"00:00","closes":"23:59"},"email":"contato@ubirataonline.com.br","vatID":"47.621.418\/0001-80"},{"@type":"Person","@id":"https:\/\/ubirataonline.com.br\/#\/schema\/person\/372f87bbd3fdd79b8556b84c98d0bc1c","name":"REDA\u00c7\u00c3O: UBIRAT\u00c3 ONLINE - F\u00c1BIO AUGUSTO CELESTINO","pronouns":"Ele","description":"Desde 2003 trabalhando com not\u00edcias.","sameAs":["http:\/\/ubirataoline.com.br","https:\/\/www.facebook.com\/portalubirataonline","https:\/\/www.instagram.com\/ubirataonline_oficial","https:\/\/x.com\/x.com\/ubirataonline"],"honorificPrefix":"Mr.","honorificSuffix":"MD","birthDate":"1980-06-16","gender":"masculino","award":["V\u00e1rios pr\u00eamios de melhor portal da cidade"],"jobTitle":"Diretor","url":"https:\/\/ubirataonline.com.br\/en\/author\/ubirataonline\/"},{"@type":"PostalAddress","@id":"https:\/\/ubirataonline.com.br\/tecnico-em-eletrotecnica-no-senai-e-a-industria-4-0\/#local-main-place-address","streetAddress":"Rua dos Coqueiros, 104 - Bairro Boa Vista, Rua dos Coqueiros, 104 Bairro Boa Vista","addressLocality":"UBIRATA","postalCode":"85440-000","addressRegion":"PR","addressCountry":"BR"},{"@type":"ImageObject","inLanguage":"en-US","@id":"https:\/\/ubirataonline.com.br\/tecnico-em-eletrotecnica-no-senai-e-a-industria-4-0\/#local-main-organization-logo","url":"https:\/\/ubirataonline.com.br\/wp-content\/uploads\/2026\/06\/logoubirataonline-1.webp","contentUrl":"https:\/\/ubirataonline.com.br\/wp-content\/uploads\/2026\/06\/logoubirataonline-1.webp","width":500,"height":500,"caption":"Ubirat\u00e3 Online Not\u00edcias"}]},"geo.placename":"UBIRATA","geo.position":{"lat":"-24.5361401","long":"-52.9921776"},"geo.region":"Brazil"},"_links":{"self":[{"href":"https:\/\/ubirataonline.com.br\/en\/wp-json\/wp\/v2\/posts\/83750","targetHints":{"allow":["GET"]}}],"collection":[{"href":"https:\/\/ubirataonline.com.br\/en\/wp-json\/wp\/v2\/posts"}],"about":[{"href":"https:\/\/ubirataonline.com.br\/en\/wp-json\/wp\/v2\/types\/post"}],"author":[{"embeddable":true,"href":"https:\/\/ubirataonline.com.br\/en\/wp-json\/wp\/v2\/users\/1"}],"replies":[{"embeddable":true,"href":"https:\/\/ubirataonline.com.br\/en\/wp-json\/wp\/v2\/comments?post=83750"}],"version-history":[{"count":0,"href":"https:\/\/ubirataonline.com.br\/en\/wp-json\/wp\/v2\/posts\/83750\/revisions"}],"wp:featuredmedia":[{"embeddable":true,"href":"https:\/\/ubirataonline.com.br\/en\/wp-json\/wp\/v2\/media\/83751"}],"wp:attachment":[{"href":"https:\/\/ubirataonline.com.br\/en\/wp-json\/wp\/v2\/media?parent=83750"}],"wp:term":[{"taxonomy":"category","embeddable":true,"href":"https:\/\/ubirataonline.com.br\/en\/wp-json\/wp\/v2\/categories?post=83750"},{"taxonomy":"post_tag","embeddable":true,"href":"https:\/\/ubirataonline.com.br\/en\/wp-json\/wp\/v2\/tags?post=83750"}],"curies":[{"name":"wp","href":"https:\/\/api.w.org\/{rel}","templated":true}]}}