{"id":83849,"date":"2026-02-01T04:05:09","date_gmt":"2026-02-01T07:05:09","guid":{"rendered":"https:\/\/ubirataonline.com.br\/velozes-e-furiosos-11-ganha-titulo-oficial-e-data-de-estreia\/"},"modified":"2026-02-01T04:05:13","modified_gmt":"2026-02-01T07:05:13","slug":"velozes-e-furiosos-11-ganha-titulo-oficial-e-data-de-estreia","status":"publish","type":"post","link":"https:\/\/ubirataonline.com.br\/en\/velozes-e-furiosos-11-ganha-titulo-oficial-e-data-de-estreia\/","title":{"rendered":"\u2018Velozes e Furiosos 11\u2019 ganha t\u00edtulo oficial e data de estreia"},"content":{"rendered":"<p><\/p>\n<div>\n<p>Nesta sexta-feira (30), a Universal Pictures, por meio de comunicado oficial \u00e0 imprensa internacional, revelou o t\u00edtulo e a data de estreia do pr\u00f3ximo filme da franquia de a\u00e7\u00e3o \u201cVelozes e Furiosos\u201d.<\/p>\n<p><strong>QUAL SER\u00c1 O T\u00cdTULO E QUANDO ESTREIA \u201cVELOZES E FURIOSOS 11\u201d?<\/strong><\/p>\n<p>O novo filme recebeu o t\u00edtulo de <strong>\u201cFast Forever\u201d (\u2018Velozes Para Sempre\u2019, na tradu\u00e7\u00e3o livre)<\/strong> e chega aos cinemas dos Estados Unidos em <strong>17 de mar\u00e7o de 2028<\/strong>. [via The Hollywood Reporter]<\/p>\n<p>Vin Diesel \u2013 produtor e int\u00e9rprete de Dominic Toretto na franquia \u2013 celebrou a novidade em suas redes sociais, compartilhando uma foto antiga ao lado do saudoso Paul Walker, parceiro de cena e int\u00e9rprete do policial Brian O&#8217;Conner na saga. Confira:<\/p>\n<\/p>\n<p>Na legenda da publica\u00e7\u00e3o, o ator celebrou a longevidade da s\u00e9rie: \u201cNingu\u00e9m disse que a estrada seria f\u00e1cil&#8230;, mas ela \u00e9 nossa. Uma que nos definiu e se tornou nosso legado. E um legado&#8230; dura para sempre\u201d, finalizou o astro.<\/p>\n<p><a href=\"https:\/\/whatsapp.com\/channel\/0029Va58whvFCCoURznPIG0n\" target=\"_blank\" rel=\"noopener\"><em>Fa\u00e7a parte do canal do Whatsapp da Ingresso.com e fique por dentro de promo\u00e7\u00f5es e das \u00faltimas not\u00edcias sobre o universo do cinema e da cultura pop!<\/em><\/a><\/p>\n<p>Iniciada em 2001, a franquia \u201cVelozes e Furiosos\u201d evoluiu de uma trama sobre corridas com carros para uma saga global de a\u00e7\u00e3o e espionagem, focada em roubos e na fam\u00edlia liderada por Toretto (Diesel).<\/p>\n<p>Com dez filmes principais e um spin-off, a s\u00e9rie de a\u00e7\u00e3o j\u00e1 ultrapassou a marca de US$ 7 bilh\u00f5es de bilheteria mundial. Apenas o cap\u00edtulo mais recente, \u201cVelozes e Furiosos 10\u201d, arrecadou cerca de US$ 704 milh\u00f5es ao redor do globo.<\/p>\n<p>Ao longo de sua trajet\u00f3ria, nomes como Dwayne \u201cThe Rock\u201d Johnson, Jason Statham, Michelle Rodriguez, Tyrese Gibson, Ludacris, Jordana Brewster, Sung Kang, John Cena, Helen Mirren, Jason Momoa, Gal Gadot, Eva Mendes, Charlize Theron, Kurt Russell, Nathalie Kelley e Keiko Kitagawa, fizeram parte do elenco.<\/p>\n<p>Em junho de 2025, Diesel afirmou que o novo longa deve marcar o encerramento da franquia e que deve novamente se passar em Los Angeles, resgatando a cultura de carros e das corridas de rua, que deram in\u00edcio \u00e0 saga.<\/p>\n<p>Na ocasi\u00e3o, o astro tamb\u00e9m revelou que Brian O\u2019Conner (Walker) retornaria para a despedida, o que indica que, provavelmente, Caleb e Cody Walker, irm\u00e3os do ator, devem voltar a servirem de dubl\u00eas nas cenas do personagem, com o aux\u00edlio de computa\u00e7\u00e3o gr\u00e1fica.<\/p>\n<p>Com dire\u00e7\u00e3o novamente comandada por Louis Leterrier \u2013 que atuou na fun\u00e7\u00e3o no filme anterior \u2013, e roteiro assinado por Christina Hodson (\u2018Bumblebee\u2019) e Oren Uziel (\u2018O Paradoxo Cloverfield\u2019), demais detalhes sobre \u201cVelozes e Furiosos 11\u201d, como retorno de nomes para o elenco ou data de lan\u00e7amento no Brasil, ainda n\u00e3o foram revelados.<\/p>\n<p><a href=\"https:\/\/assine.uol.com.br\/lp\/clube-uol?utm_source=ingresso.com&amp;utm_medium=banner-noticias&amp;utm_campaign=banner-noticias-ingresso.com&amp;utm_content=banner-noticias-ingresso.com\" target=\"_blank\" rel=\"noopener\"><img loading=\"lazy\" decoding=\"async\" src=\"https:\/\/ingresso-a.akamaihd.net\/b2b\/production\/uploads\/articles-content\/0afce07b-2ac3-411e-b8b9-115644fee372.png\" alt=\"\" width=\"550\" height=\"289\"\/><\/a><\/p>\n<\/div>\n<p><a href=\"https:\/\/www.ingresso.com\/noticias\/velozes-e-furiosos-11-titulo-oficial-data-de-estreia\">Source link <\/a><\/p>\n","protected":false},"excerpt":{"rendered":"<p>Nesta sexta-feira (30), a Universal Pictures, por meio de comunicado oficial \u00e0 imprensa internacional, revelou o t\u00edtulo e a data de estreia do pr\u00f3ximo filme da franquia de a\u00e7\u00e3o \u201cVelozes e Furiosos\u201d. QUAL SER\u00c1 O T\u00cdTULO E QUANDO ESTREIA \u201cVELOZES E FURIOSOS 11\u201d? O novo filme recebeu o t\u00edtulo de \u201cFast Forever\u201d (\u2018Velozes Para Sempre\u2019, [&hellip;]<\/p>\n","protected":false},"author":1,"featured_media":83850,"comment_status":"closed","ping_status":"","sticky":false,"template":"","format":"standard","meta":{"googlesitekit_rrm_CAow2JLhCw:productID":"","_gspb_post_css":"","maa_idioma":"","maa_pais":"","footnotes":""},"categories":[4],"tags":[3505,3613,16804,3729,5493,6961,16803],"class_list":["post-83849","post","type-post","status-publish","format-standard","has-post-thumbnail","hentry","category-brasil","tag-data","tag-estreia","tag-furiosos","tag-ganha","tag-oficial","tag-titulo","tag-velozes"],"blocksy_meta":[],"yoast_head":"<!-- This site is optimized with the Yoast SEO Premium plugin v27.6 (Yoast SEO v27.6) - https:\/\/yoast.com\/product\/yoast-seo-premium-wordpress\/ -->\n<title>\u2018Velozes e Furiosos 11\u2019 ganha t\u00edtulo oficial e data de estreia - Ubirat\u00e3 Online Not\u00edcias - A realidade ao seu alcance!<\/title>\n<meta name=\"description\" content=\"Nesta sexta-feira (30), a Universal Pictures, por meio de comunicado oficial \u00e0 imprensa internacional, revelou o t\u00edtulo e a data de estreia do pr\u00f3ximo\" \/>\n<meta name=\"robots\" content=\"index, follow, max-snippet:-1, max-image-preview:large, max-video-preview:-1\" \/>\n<link rel=\"canonical\" href=\"https:\/\/ubirataonline.com.br\/en\/velozes-e-furiosos-11-ganha-titulo-oficial-e-data-de-estreia\/\" \/>\n<meta property=\"og:locale\" content=\"en_US\" \/>\n<meta property=\"og:type\" content=\"article\" \/>\n<meta property=\"og:title\" content=\"\u2018Velozes e Furiosos 11\u2019 ganha t\u00edtulo oficial e data de estreia\" \/>\n<meta property=\"og:description\" content=\"Nesta sexta-feira (30), a Universal Pictures, por meio de comunicado oficial \u00e0 imprensa internacional, revelou o t\u00edtulo e a data de estreia do pr\u00f3ximo\" \/>\n<meta property=\"og:url\" content=\"https:\/\/ubirataonline.com.br\/en\/velozes-e-furiosos-11-ganha-titulo-oficial-e-data-de-estreia\/\" \/>\n<meta property=\"og:site_name\" content=\"Ubirat\u00e3 Online Not\u00edcias - A realidade ao seu alcance!\" \/>\n<meta property=\"article:publisher\" content=\"https:\/\/www.facebook.com\/portalubirataonline\" \/>\n<meta property=\"article:author\" content=\"https:\/\/www.facebook.com\/portalubirataonline\" \/>\n<meta property=\"article:published_time\" content=\"2026-02-01T07:05:09+00:00\" \/>\n<meta property=\"article:modified_time\" content=\"2026-02-01T07:05:13+00:00\" \/>\n<meta property=\"og:image\" content=\"https:\/\/ubirataonline.com.br\/wp-content\/uploads\/2026\/02\/\u2018Velozes-e-Furiosos-11-ganha-titulo-oficial-e-data-de.jpg\" \/>\n\t<meta property=\"og:image:width\" content=\"1920\" \/>\n\t<meta property=\"og:image:height\" content=\"1008\" \/>\n\t<meta property=\"og:image:type\" content=\"image\/jpeg\" \/>\n<meta name=\"author\" content=\"REDA\u00c7\u00c3O: UBIRAT\u00c3 ONLINE - F\u00c1BIO AUGUSTO CELESTINO\" \/>\n<meta name=\"twitter:card\" content=\"summary_large_image\" \/>\n<meta name=\"twitter:creator\" content=\"@x.com\/ubirataonline\" \/>\n<meta name=\"twitter:site\" content=\"@ubirataonline\" \/>\n<meta name=\"twitter:label1\" content=\"Written by\" \/>\n\t<meta name=\"twitter:data1\" content=\"REDA\u00c7\u00c3O: UBIRAT\u00c3 ONLINE - F\u00c1BIO AUGUSTO CELESTINO\" \/>\n\t<meta name=\"twitter:label2\" content=\"Est. reading time\" \/>\n\t<meta name=\"twitter:data2\" content=\"2 minutes\" \/>\n<script type=\"application\/ld+json\" class=\"yoast-schema-graph\">{\"@context\":\"https:\\\/\\\/schema.org\",\"@graph\":[{\"@type\":\"NewsArticle\",\"@id\":\"https:\\\/\\\/ubirataonline.com.br\\\/velozes-e-furiosos-11-ganha-titulo-oficial-e-data-de-estreia\\\/#article\",\"isPartOf\":{\"@id\":\"https:\\\/\\\/ubirataonline.com.br\\\/velozes-e-furiosos-11-ganha-titulo-oficial-e-data-de-estreia\\\/\"},\"author\":{\"name\":\"REDA\u00c7\u00c3O: UBIRAT\u00c3 ONLINE - F\u00c1BIO AUGUSTO CELESTINO\",\"@id\":\"https:\\\/\\\/ubirataonline.com.br\\\/#\\\/schema\\\/person\\\/372f87bbd3fdd79b8556b84c98d0bc1c\"},\"headline\":\"\u2018Velozes e Furiosos 11\u2019 ganha t\u00edtulo oficial e data de estreia\",\"datePublished\":\"2026-02-01T07:05:09+00:00\",\"dateModified\":\"2026-02-01T07:05:13+00:00\",\"mainEntityOfPage\":{\"@id\":\"https:\\\/\\\/ubirataonline.com.br\\\/velozes-e-furiosos-11-ganha-titulo-oficial-e-data-de-estreia\\\/\"},\"wordCount\":473,\"publisher\":{\"@id\":\"https:\\\/\\\/ubirataonline.com.br\\\/#organization\"},\"image\":{\"@id\":\"https:\\\/\\\/ubirataonline.com.br\\\/velozes-e-furiosos-11-ganha-titulo-oficial-e-data-de-estreia\\\/#primaryimage\"},\"thumbnailUrl\":\"https:\\\/\\\/ubirataonline.com.br\\\/wp-content\\\/uploads\\\/2026\\\/02\\\/\u2018Velozes-e-Furiosos-11-ganha-titulo-oficial-e-data-de.jpg\",\"keywords\":[\"data\",\"estreia\",\"Furiosos\",\"ganha\",\"oficial\",\"t\u00edtulo\",\"Velozes\"],\"articleSection\":[\"Brasil\"],\"inLanguage\":\"en-US\",\"copyrightYear\":\"2026\",\"copyrightHolder\":{\"@id\":\"https:\\\/\\\/ubirataonline.com.br\\\/en\\\/#organization\"}},{\"@type\":\"WebPage\",\"@id\":\"https:\\\/\\\/ubirataonline.com.br\\\/velozes-e-furiosos-11-ganha-titulo-oficial-e-data-de-estreia\\\/\",\"url\":\"https:\\\/\\\/ubirataonline.com.br\\\/velozes-e-furiosos-11-ganha-titulo-oficial-e-data-de-estreia\\\/\",\"name\":\"\u2018Velozes e Furiosos 11\u2019 ganha t\u00edtulo oficial e data de estreia - Ubirat\u00e3 Online Not\u00edcias - A realidade ao seu alcance!\",\"isPartOf\":{\"@id\":\"https:\\\/\\\/ubirataonline.com.br\\\/#website\"},\"primaryImageOfPage\":{\"@id\":\"https:\\\/\\\/ubirataonline.com.br\\\/velozes-e-furiosos-11-ganha-titulo-oficial-e-data-de-estreia\\\/#primaryimage\"},\"image\":{\"@id\":\"https:\\\/\\\/ubirataonline.com.br\\\/velozes-e-furiosos-11-ganha-titulo-oficial-e-data-de-estreia\\\/#primaryimage\"},\"thumbnailUrl\":\"https:\\\/\\\/ubirataonline.com.br\\\/wp-content\\\/uploads\\\/2026\\\/02\\\/\u2018Velozes-e-Furiosos-11-ganha-titulo-oficial-e-data-de.jpg\",\"datePublished\":\"2026-02-01T07:05:09+00:00\",\"dateModified\":\"2026-02-01T07:05:13+00:00\",\"description\":\"Nesta sexta-feira (30), a Universal Pictures, por meio de comunicado oficial \u00e0 imprensa internacional, revelou o t\u00edtulo e a data de estreia do pr\u00f3ximo\",\"breadcrumb\":{\"@id\":\"https:\\\/\\\/ubirataonline.com.br\\\/velozes-e-furiosos-11-ganha-titulo-oficial-e-data-de-estreia\\\/#breadcrumb\"},\"inLanguage\":\"en-US\",\"potentialAction\":[{\"@type\":\"ReadAction\",\"target\":[\"https:\\\/\\\/ubirataonline.com.br\\\/velozes-e-furiosos-11-ganha-titulo-oficial-e-data-de-estreia\\\/\"]}]},{\"@type\":\"ImageObject\",\"inLanguage\":\"en-US\",\"@id\":\"https:\\\/\\\/ubirataonline.com.br\\\/velozes-e-furiosos-11-ganha-titulo-oficial-e-data-de-estreia\\\/#primaryimage\",\"url\":\"https:\\\/\\\/ubirataonline.com.br\\\/wp-content\\\/uploads\\\/2026\\\/02\\\/\u2018Velozes-e-Furiosos-11-ganha-titulo-oficial-e-data-de.jpg\",\"contentUrl\":\"https:\\\/\\\/ubirataonline.com.br\\\/wp-content\\\/uploads\\\/2026\\\/02\\\/\u2018Velozes-e-Furiosos-11-ganha-titulo-oficial-e-data-de.jpg\",\"width\":1920,\"height\":1008,\"caption\":\"\u2018Velozes e Furiosos 11\u2019 ganha t\u00edtulo oficial e data de estreia\"},{\"@type\":\"BreadcrumbList\",\"@id\":\"https:\\\/\\\/ubirataonline.com.br\\\/velozes-e-furiosos-11-ganha-titulo-oficial-e-data-de-estreia\\\/#breadcrumb\",\"itemListElement\":[{\"@type\":\"ListItem\",\"position\":1,\"name\":\"In\u00edcio\",\"item\":\"https:\\\/\\\/ubirataonline.com.br\\\/\"},{\"@type\":\"ListItem\",\"position\":2,\"name\":\"\u2018Velozes e Furiosos 11\u2019 ganha t\u00edtulo oficial e data de estreia\"}]},{\"@type\":\"WebSite\",\"@id\":\"https:\\\/\\\/ubirataonline.com.br\\\/#website\",\"url\":\"https:\\\/\\\/ubirataonline.com.br\\\/\",\"name\":\"Ubirat\u00e3 Online Not\u00edcias\",\"description\":\"Not\u00edcias de Ubirat\u00e3, regi\u00e3o, Brasil e mundo, com informa\u00e7\u00e3o atualizada e compromisso com o leitor.\",\"publisher\":{\"@id\":\"https:\\\/\\\/ubirataonline.com.br\\\/#organization\"},\"alternateName\":\"Ubirat\u00e3 Online\",\"potentialAction\":[{\"@type\":\"SearchAction\",\"target\":{\"@type\":\"EntryPoint\",\"urlTemplate\":\"https:\\\/\\\/ubirataonline.com.br\\\/?s={search_term_string}\"},\"query-input\":{\"@type\":\"PropertyValueSpecification\",\"valueRequired\":true,\"valueName\":\"search_term_string\"}}],\"inLanguage\":\"en-US\"},{\"@type\":[\"Organization\",\"Place\"],\"@id\":\"https:\\\/\\\/ubirataonline.com.br\\\/#organization\",\"name\":\"Ubirat\u00e3 Online Not\u00edcias\",\"alternateName\":\"Ubirat\u00e3 Online\",\"url\":\"https:\\\/\\\/ubirataonline.com.br\\\/\",\"logo\":{\"@id\":\"https:\\\/\\\/ubirataonline.com.br\\\/velozes-e-furiosos-11-ganha-titulo-oficial-e-data-de-estreia\\\/#local-main-organization-logo\"},\"image\":{\"@id\":\"https:\\\/\\\/ubirataonline.com.br\\\/velozes-e-furiosos-11-ganha-titulo-oficial-e-data-de-estreia\\\/#local-main-organization-logo\"},\"sameAs\":[\"https:\\\/\\\/www.facebook.com\\\/portalubirataonline\",\"https:\\\/\\\/x.com\\\/ubirataonline\",\"https:\\\/\\\/mastodon.social\\\/@ubirataonline\",\"https:\\\/\\\/www.facebook.com\\\/groups\\\/311144672285604\",\"https:\\\/\\\/www.facebook.com\\\/UBTAOnline\",\"https:\\\/\\\/www.instagram.com\\\/portalubirataonline\\\/\",\"https:\\\/\\\/twitter.com\\\/ubirataonline\"],\"description\":\"Somos um portal de not\u00edcias independente, criado em 5 de janeiro de 2009, com o objetivo de informar, conectar e valorizar a nossa comunidade de Ubirat\u00e3 e toda aregi\u00e3o. Com conte\u00fado atualizado, confi\u00e1vel e relevante, o Ubirat\u00e3 Online \u00e9 o seu espa\u00e7o para ficar por dentro dos principais acontecimentos locais, regionais, Brasil, Mundo e de interesse geral. Nosso compromisso \u00e9 com a verdade, a transpar\u00eancia e o respeito ao leitor.\",\"legalName\":\"UBIRATA ONLINE NOT\u00cdCIAS\",\"foundingDate\":\"2009-01-05\",\"numberOfEmployees\":{\"@type\":\"QuantitativeValue\",\"minValue\":\"1\",\"maxValue\":\"10\"},\"publishingPrinciples\":\"https:\\\/\\\/ubirataonline.com.br\\\/faq\\\/\",\"address\":{\"@id\":\"https:\\\/\\\/ubirataonline.com.br\\\/velozes-e-furiosos-11-ganha-titulo-oficial-e-data-de-estreia\\\/#local-main-place-address\"},\"geo\":{\"@type\":\"GeoCoordinates\",\"latitude\":\"-24.5361401\",\"longitude\":\"-52.9921776\"},\"telephone\":[\"+5544998308235\"],\"contactPoint\":{\"@type\":\"ContactPoint\",\"email\":\"contato@ubirataonline.com.br\"},\"openingHoursSpecification\":{\"@type\":\"OpeningHoursSpecification\",\"dayOfWeek\":[\"Monday\",\"Tuesday\",\"Wednesday\",\"Thursday\",\"Friday\",\"Saturday\",\"Sunday\"],\"opens\":\"00:00\",\"closes\":\"23:59\"},\"email\":\"contato@ubirataonline.com.br\",\"vatID\":\"47.621.418\\\/0001-80\"},{\"@type\":\"Person\",\"@id\":\"https:\\\/\\\/ubirataonline.com.br\\\/#\\\/schema\\\/person\\\/372f87bbd3fdd79b8556b84c98d0bc1c\",\"name\":\"REDA\u00c7\u00c3O: UBIRAT\u00c3 ONLINE - F\u00c1BIO AUGUSTO CELESTINO\",\"pronouns\":\"Ele\",\"description\":\"Desde 2003 trabalhando com not\u00edcias.\",\"sameAs\":[\"http:\\\/\\\/ubirataoline.com.br\",\"https:\\\/\\\/www.facebook.com\\\/portalubirataonline\",\"https:\\\/\\\/www.instagram.com\\\/ubirataonline_oficial\",\"https:\\\/\\\/x.com\\\/x.com\\\/ubirataonline\"],\"honorificPrefix\":\"Mr.\",\"honorificSuffix\":\"MD\",\"birthDate\":\"1980-06-16\",\"gender\":\"masculino\",\"award\":[\"V\u00e1rios pr\u00eamios de melhor portal da cidade\"],\"jobTitle\":\"Diretor\",\"url\":\"https:\\\/\\\/ubirataonline.com.br\\\/en\\\/author\\\/ubirataonline\\\/\"},{\"@type\":\"PostalAddress\",\"@id\":\"https:\\\/\\\/ubirataonline.com.br\\\/velozes-e-furiosos-11-ganha-titulo-oficial-e-data-de-estreia\\\/#local-main-place-address\",\"streetAddress\":\"Rua dos Coqueiros, 104 - Bairro Boa Vista, Rua dos Coqueiros, 104 Bairro Boa Vista\",\"addressLocality\":\"UBIRATA\",\"postalCode\":\"85440-000\",\"addressRegion\":\"PR\",\"addressCountry\":\"BR\"},{\"@type\":\"ImageObject\",\"inLanguage\":\"en-US\",\"@id\":\"https:\\\/\\\/ubirataonline.com.br\\\/velozes-e-furiosos-11-ganha-titulo-oficial-e-data-de-estreia\\\/#local-main-organization-logo\",\"url\":\"https:\\\/\\\/ubirataonline.com.br\\\/wp-content\\\/uploads\\\/2026\\\/06\\\/logoubirataonline-1.webp\",\"contentUrl\":\"https:\\\/\\\/ubirataonline.com.br\\\/wp-content\\\/uploads\\\/2026\\\/06\\\/logoubirataonline-1.webp\",\"width\":500,\"height\":500,\"caption\":\"Ubirat\u00e3 Online Not\u00edcias\"}]}<\/script>\n<meta name=\"geo.placename\" content=\"UBIRATA\" \/>\n<meta name=\"geo.position\" content=\"-24.5361401;-52.9921776\" \/>\n<meta name=\"geo.region\" content=\"Brazil\" \/>\n<!-- \/ Yoast SEO Premium plugin. -->","yoast_head_json":{"title":"\u2018Velozes e Furiosos 11\u2019 ganha t\u00edtulo oficial e data de estreia - Ubirat\u00e3 Online Not\u00edcias - A realidade ao seu alcance!","description":"Nesta sexta-feira (30), a Universal Pictures, por meio de comunicado oficial \u00e0 imprensa internacional, revelou o t\u00edtulo e a data de estreia do pr\u00f3ximo","robots":{"index":"index","follow":"follow","max-snippet":"max-snippet:-1","max-image-preview":"max-image-preview:large","max-video-preview":"max-video-preview:-1"},"canonical":"https:\/\/ubirataonline.com.br\/en\/velozes-e-furiosos-11-ganha-titulo-oficial-e-data-de-estreia\/","og_locale":"en_US","og_type":"article","og_title":"\u2018Velozes e Furiosos 11\u2019 ganha t\u00edtulo oficial e data de estreia","og_description":"Nesta sexta-feira (30), a Universal Pictures, por meio de comunicado oficial \u00e0 imprensa internacional, revelou o t\u00edtulo e a data de estreia do pr\u00f3ximo","og_url":"https:\/\/ubirataonline.com.br\/en\/velozes-e-furiosos-11-ganha-titulo-oficial-e-data-de-estreia\/","og_site_name":"Ubirat\u00e3 Online Not\u00edcias - A realidade ao seu alcance!","article_publisher":"https:\/\/www.facebook.com\/portalubirataonline","article_author":"https:\/\/www.facebook.com\/portalubirataonline","article_published_time":"2026-02-01T07:05:09+00:00","article_modified_time":"2026-02-01T07:05:13+00:00","og_image":[{"width":1920,"height":1008,"url":"https:\/\/ubirataonline.com.br\/wp-content\/uploads\/2026\/02\/\u2018Velozes-e-Furiosos-11-ganha-titulo-oficial-e-data-de.jpg","type":"image\/jpeg"}],"author":"REDA\u00c7\u00c3O: UBIRAT\u00c3 ONLINE - F\u00c1BIO AUGUSTO CELESTINO","twitter_card":"summary_large_image","twitter_creator":"@x.com\/ubirataonline","twitter_site":"@ubirataonline","twitter_misc":{"Written by":"REDA\u00c7\u00c3O: UBIRAT\u00c3 ONLINE - F\u00c1BIO AUGUSTO CELESTINO","Est. reading time":"2 minutes"},"schema":{"@context":"https:\/\/schema.org","@graph":[{"@type":"NewsArticle","@id":"https:\/\/ubirataonline.com.br\/velozes-e-furiosos-11-ganha-titulo-oficial-e-data-de-estreia\/#article","isPartOf":{"@id":"https:\/\/ubirataonline.com.br\/velozes-e-furiosos-11-ganha-titulo-oficial-e-data-de-estreia\/"},"author":{"name":"REDA\u00c7\u00c3O: UBIRAT\u00c3 ONLINE - F\u00c1BIO AUGUSTO CELESTINO","@id":"https:\/\/ubirataonline.com.br\/#\/schema\/person\/372f87bbd3fdd79b8556b84c98d0bc1c"},"headline":"\u2018Velozes e Furiosos 11\u2019 ganha t\u00edtulo oficial e data de estreia","datePublished":"2026-02-01T07:05:09+00:00","dateModified":"2026-02-01T07:05:13+00:00","mainEntityOfPage":{"@id":"https:\/\/ubirataonline.com.br\/velozes-e-furiosos-11-ganha-titulo-oficial-e-data-de-estreia\/"},"wordCount":473,"publisher":{"@id":"https:\/\/ubirataonline.com.br\/#organization"},"image":{"@id":"https:\/\/ubirataonline.com.br\/velozes-e-furiosos-11-ganha-titulo-oficial-e-data-de-estreia\/#primaryimage"},"thumbnailUrl":"https:\/\/ubirataonline.com.br\/wp-content\/uploads\/2026\/02\/\u2018Velozes-e-Furiosos-11-ganha-titulo-oficial-e-data-de.jpg","keywords":["data","estreia","Furiosos","ganha","oficial","t\u00edtulo","Velozes"],"articleSection":["Brasil"],"inLanguage":"en-US","copyrightYear":"2026","copyrightHolder":{"@id":"https:\/\/ubirataonline.com.br\/en\/#organization"}},{"@type":"WebPage","@id":"https:\/\/ubirataonline.com.br\/velozes-e-furiosos-11-ganha-titulo-oficial-e-data-de-estreia\/","url":"https:\/\/ubirataonline.com.br\/velozes-e-furiosos-11-ganha-titulo-oficial-e-data-de-estreia\/","name":"\u2018Velozes e Furiosos 11\u2019 ganha t\u00edtulo oficial e data de estreia - Ubirat\u00e3 Online Not\u00edcias - A realidade ao seu alcance!","isPartOf":{"@id":"https:\/\/ubirataonline.com.br\/#website"},"primaryImageOfPage":{"@id":"https:\/\/ubirataonline.com.br\/velozes-e-furiosos-11-ganha-titulo-oficial-e-data-de-estreia\/#primaryimage"},"image":{"@id":"https:\/\/ubirataonline.com.br\/velozes-e-furiosos-11-ganha-titulo-oficial-e-data-de-estreia\/#primaryimage"},"thumbnailUrl":"https:\/\/ubirataonline.com.br\/wp-content\/uploads\/2026\/02\/\u2018Velozes-e-Furiosos-11-ganha-titulo-oficial-e-data-de.jpg","datePublished":"2026-02-01T07:05:09+00:00","dateModified":"2026-02-01T07:05:13+00:00","description":"Nesta sexta-feira (30), a Universal Pictures, por meio de comunicado oficial \u00e0 imprensa internacional, revelou o t\u00edtulo e a data de estreia do pr\u00f3ximo","breadcrumb":{"@id":"https:\/\/ubirataonline.com.br\/velozes-e-furiosos-11-ganha-titulo-oficial-e-data-de-estreia\/#breadcrumb"},"inLanguage":"en-US","potentialAction":[{"@type":"ReadAction","target":["https:\/\/ubirataonline.com.br\/velozes-e-furiosos-11-ganha-titulo-oficial-e-data-de-estreia\/"]}]},{"@type":"ImageObject","inLanguage":"en-US","@id":"https:\/\/ubirataonline.com.br\/velozes-e-furiosos-11-ganha-titulo-oficial-e-data-de-estreia\/#primaryimage","url":"https:\/\/ubirataonline.com.br\/wp-content\/uploads\/2026\/02\/\u2018Velozes-e-Furiosos-11-ganha-titulo-oficial-e-data-de.jpg","contentUrl":"https:\/\/ubirataonline.com.br\/wp-content\/uploads\/2026\/02\/\u2018Velozes-e-Furiosos-11-ganha-titulo-oficial-e-data-de.jpg","width":1920,"height":1008,"caption":"\u2018Velozes e Furiosos 11\u2019 ganha t\u00edtulo oficial e data de estreia"},{"@type":"BreadcrumbList","@id":"https:\/\/ubirataonline.com.br\/velozes-e-furiosos-11-ganha-titulo-oficial-e-data-de-estreia\/#breadcrumb","itemListElement":[{"@type":"ListItem","position":1,"name":"In\u00edcio","item":"https:\/\/ubirataonline.com.br\/"},{"@type":"ListItem","position":2,"name":"\u2018Velozes e Furiosos 11\u2019 ganha t\u00edtulo oficial e data de estreia"}]},{"@type":"WebSite","@id":"https:\/\/ubirataonline.com.br\/#website","url":"https:\/\/ubirataonline.com.br\/","name":"Ubirat\u00e3 Online Not\u00edcias","description":"Not\u00edcias de Ubirat\u00e3, regi\u00e3o, Brasil e mundo, com informa\u00e7\u00e3o atualizada e compromisso com o leitor.","publisher":{"@id":"https:\/\/ubirataonline.com.br\/#organization"},"alternateName":"Ubirat\u00e3 Online","potentialAction":[{"@type":"SearchAction","target":{"@type":"EntryPoint","urlTemplate":"https:\/\/ubirataonline.com.br\/?s={search_term_string}"},"query-input":{"@type":"PropertyValueSpecification","valueRequired":true,"valueName":"search_term_string"}}],"inLanguage":"en-US"},{"@type":["Organization","Place"],"@id":"https:\/\/ubirataonline.com.br\/#organization","name":"Ubirat\u00e3 Online Not\u00edcias","alternateName":"Ubirat\u00e3 Online","url":"https:\/\/ubirataonline.com.br\/","logo":{"@id":"https:\/\/ubirataonline.com.br\/velozes-e-furiosos-11-ganha-titulo-oficial-e-data-de-estreia\/#local-main-organization-logo"},"image":{"@id":"https:\/\/ubirataonline.com.br\/velozes-e-furiosos-11-ganha-titulo-oficial-e-data-de-estreia\/#local-main-organization-logo"},"sameAs":["https:\/\/www.facebook.com\/portalubirataonline","https:\/\/x.com\/ubirataonline","https:\/\/mastodon.social\/@ubirataonline","https:\/\/www.facebook.com\/groups\/311144672285604","https:\/\/www.facebook.com\/UBTAOnline","https:\/\/www.instagram.com\/portalubirataonline\/","https:\/\/twitter.com\/ubirataonline"],"description":"Somos um portal de not\u00edcias independente, criado em 5 de janeiro de 2009, com o objetivo de informar, conectar e valorizar a nossa comunidade de Ubirat\u00e3 e toda aregi\u00e3o. Com conte\u00fado atualizado, confi\u00e1vel e relevante, o Ubirat\u00e3 Online \u00e9 o seu espa\u00e7o para ficar por dentro dos principais acontecimentos locais, regionais, Brasil, Mundo e de interesse geral. Nosso compromisso \u00e9 com a verdade, a transpar\u00eancia e o respeito ao leitor.","legalName":"UBIRATA ONLINE NOT\u00cdCIAS","foundingDate":"2009-01-05","numberOfEmployees":{"@type":"QuantitativeValue","minValue":"1","maxValue":"10"},"publishingPrinciples":"https:\/\/ubirataonline.com.br\/faq\/","address":{"@id":"https:\/\/ubirataonline.com.br\/velozes-e-furiosos-11-ganha-titulo-oficial-e-data-de-estreia\/#local-main-place-address"},"geo":{"@type":"GeoCoordinates","latitude":"-24.5361401","longitude":"-52.9921776"},"telephone":["+5544998308235"],"contactPoint":{"@type":"ContactPoint","email":"contato@ubirataonline.com.br"},"openingHoursSpecification":{"@type":"OpeningHoursSpecification","dayOfWeek":["Monday","Tuesday","Wednesday","Thursday","Friday","Saturday","Sunday"],"opens":"00:00","closes":"23:59"},"email":"contato@ubirataonline.com.br","vatID":"47.621.418\/0001-80"},{"@type":"Person","@id":"https:\/\/ubirataonline.com.br\/#\/schema\/person\/372f87bbd3fdd79b8556b84c98d0bc1c","name":"REDA\u00c7\u00c3O: UBIRAT\u00c3 ONLINE - F\u00c1BIO AUGUSTO CELESTINO","pronouns":"Ele","description":"Desde 2003 trabalhando com not\u00edcias.","sameAs":["http:\/\/ubirataoline.com.br","https:\/\/www.facebook.com\/portalubirataonline","https:\/\/www.instagram.com\/ubirataonline_oficial","https:\/\/x.com\/x.com\/ubirataonline"],"honorificPrefix":"Mr.","honorificSuffix":"MD","birthDate":"1980-06-16","gender":"masculino","award":["V\u00e1rios pr\u00eamios de melhor portal da cidade"],"jobTitle":"Diretor","url":"https:\/\/ubirataonline.com.br\/en\/author\/ubirataonline\/"},{"@type":"PostalAddress","@id":"https:\/\/ubirataonline.com.br\/velozes-e-furiosos-11-ganha-titulo-oficial-e-data-de-estreia\/#local-main-place-address","streetAddress":"Rua dos Coqueiros, 104 - Bairro Boa Vista, Rua dos Coqueiros, 104 Bairro Boa Vista","addressLocality":"UBIRATA","postalCode":"85440-000","addressRegion":"PR","addressCountry":"BR"},{"@type":"ImageObject","inLanguage":"en-US","@id":"https:\/\/ubirataonline.com.br\/velozes-e-furiosos-11-ganha-titulo-oficial-e-data-de-estreia\/#local-main-organization-logo","url":"https:\/\/ubirataonline.com.br\/wp-content\/uploads\/2026\/06\/logoubirataonline-1.webp","contentUrl":"https:\/\/ubirataonline.com.br\/wp-content\/uploads\/2026\/06\/logoubirataonline-1.webp","width":500,"height":500,"caption":"Ubirat\u00e3 Online Not\u00edcias"}]},"geo.placename":"UBIRATA","geo.position":{"lat":"-24.5361401","long":"-52.9921776"},"geo.region":"Brazil"},"_links":{"self":[{"href":"https:\/\/ubirataonline.com.br\/en\/wp-json\/wp\/v2\/posts\/83849","targetHints":{"allow":["GET"]}}],"collection":[{"href":"https:\/\/ubirataonline.com.br\/en\/wp-json\/wp\/v2\/posts"}],"about":[{"href":"https:\/\/ubirataonline.com.br\/en\/wp-json\/wp\/v2\/types\/post"}],"author":[{"embeddable":true,"href":"https:\/\/ubirataonline.com.br\/en\/wp-json\/wp\/v2\/users\/1"}],"replies":[{"embeddable":true,"href":"https:\/\/ubirataonline.com.br\/en\/wp-json\/wp\/v2\/comments?post=83849"}],"version-history":[{"count":0,"href":"https:\/\/ubirataonline.com.br\/en\/wp-json\/wp\/v2\/posts\/83849\/revisions"}],"wp:featuredmedia":[{"embeddable":true,"href":"https:\/\/ubirataonline.com.br\/en\/wp-json\/wp\/v2\/media\/83850"}],"wp:attachment":[{"href":"https:\/\/ubirataonline.com.br\/en\/wp-json\/wp\/v2\/media?parent=83849"}],"wp:term":[{"taxonomy":"category","embeddable":true,"href":"https:\/\/ubirataonline.com.br\/en\/wp-json\/wp\/v2\/categories?post=83849"},{"taxonomy":"post_tag","embeddable":true,"href":"https:\/\/ubirataonline.com.br\/en\/wp-json\/wp\/v2\/tags?post=83849"}],"curies":[{"name":"wp","href":"https:\/\/api.w.org\/{rel}","templated":true}]}}