{"id":83866,"date":"2026-02-01T06:07:37","date_gmt":"2026-02-01T09:07:37","guid":{"rendered":"https:\/\/ubirataonline.com.br\/antigo-rival-de-djokovic-nadal-declara-torcida-por-alcaraz-no-australian-open\/"},"modified":"2026-02-01T06:07:41","modified_gmt":"2026-02-01T09:07:41","slug":"antigo-rival-de-djokovic-nadal-declara-torcida-por-alcaraz-no-australian-open","status":"publish","type":"post","link":"https:\/\/ubirataonline.com.br\/en\/antigo-rival-de-djokovic-nadal-declara-torcida-por-alcaraz-no-australian-open\/","title":{"rendered":"Antigo rival de Djokovic, Nadal declara torcida por Alcaraz no Australian Open"},"content":{"rendered":"<p><\/p>\n<div data-block-type=\"unstyled\" data-block-weight=\"73\">\n<p class=\" content-text__container theme-color-primary-first-letter\" data-track-category=\"Link no Texto\" data-track-links=\"\"> Bicampe\u00e3o do Australian Open, o espanhol <a class=\"\" href=\"https:\/\/oglobo.globo.com\/tudo-sobre\/atleta\/rafael-nadal\/\">Rafael Nadal<\/a> \u2014 que se aposentou do t\u00eanis em 2024 \u2014acredita que o n\u00famero um do mundo, <a class=\"\" href=\"https:\/\/oglobo.globo.com\/tudo-sobre\/atleta\/carlos-alcaraz\/\">Carlos Alcaraz<\/a>, de 22 anos, \u00e9 o favorito absoluto na final desta edi\u00e7\u00e3o do torneio, mas n\u00e3o se surpreenderia se <a class=\"\" href=\"https:\/\/oglobo.globo.com\/tudo-sobre\/atleta\/novak-djokovic\/\">Novak Djokovic<\/a>, de 38, seu antigo rival, causasse uma &#8220;zebra&#8221;. Ao Canal Nove, o ex-tenista de 39 anos com 22 t\u00edtulos de Grand Slam no curr\u00edculo declarou torcida ao conterr\u00e2neo. <\/p>\n<\/p><\/div>\n<div>\n<div class=\"mc-column content-text active-extra-styles\" data-block-type=\"raw\" data-block-weight=\"28\">\n<ul class=\"content-unordered-list\">\n<li><strong>Veja:<\/strong> <a class=\"\" href=\"https:\/\/oglobo.globo.com\/mundo\/noticia\/2026\/01\/31\/numero-consideravel-de-menores-foi-preso-na-brutal-repressao-aos-protestos-no-ira-afirma-governo-iraniano.ghtml\">&#8216;N\u00famero consider\u00e1vel&#8217; de menores foi preso na brutal repress\u00e3o aos protestos no Ir\u00e3<\/a><\/li>\n<li><strong>Da gastronomia \u00e0 sa\u00fade:<\/strong> <a class=\"\" href=\"https:\/\/oglobo.globo.com\/saude\/noticia\/2026\/01\/31\/da-gastronomia-a-saude-conheca-beneficios-do-consumo-de-alho-e-quem-deve-evitar.ghtml\">conhe\u00e7a benef\u00edcios do consumo de alho e quem deve evitar<\/a><\/li>\n<\/ul><\/div>\n<div class=\"mc-column content-text active-extra-styles \" data-block-type=\"unstyled\" data-block-weight=\"74\">\n<p class=\" content-text__container \" data-track-category=\"Link no Texto\" data-track-links=\"\"> \u2014 Acho que o favorito \u00e9 o Carlos. Ele \u00e9 jovem, tem energia e est\u00e1 no auge da carreira. Mas, quer dizer, Novak \u00e9 Novak. Ele \u00e9 um jogador muito especial. N\u00e3o sei se Novak j\u00e1 perdeu uma final aqui. \u00c9 sempre um desafio e ele gosta de desafios. [Mas] o meu favorito \u00e9 o Carlos \u2014 disse Nadal, que deve comparecer \u00e0 partida decisiva do campeonato em Melbourne, na <a class=\"\" href=\"https:\/\/oglobo.globo.com\/tudo-sobre\/pais\/australia\">Austr\u00e1lia<\/a>, neste domingo (1). <\/p>\n<\/p><\/div>\n<div class=\"row medium-uncollapsed content-media content-photo\" data-block-type=\"backstage-photo\">\n<div class=\"mc-column content-media__container\">\n<div class=\"content-media-container\">\n<figure class=\"content-media__figure\"><figcaption class=\"content-media__description\"> N\u00famero 1 do mundo, Carlos Alcaraz no Australian Open \u2014 Foto: IZHAR KHAN \/ AFP <\/figcaption><\/figure>\n<\/p><\/div>\n<\/p><\/div>\n<\/p><\/div>\n<div class=\"mc-column content-text active-extra-styles \" data-block-type=\"unstyled\" data-block-weight=\"57\">\n<p class=\" content-text__container \" data-track-category=\"Link no Texto\" data-track-links=\"\"> Em declara\u00e7\u00f5es separadas ao jornal &#8220;Melbourne Age&#8221;, Nadal afirmou ser &#8220;positivo&#8221; ter algu\u00e9m da idade de Djokovic competindo com Alcaraz e Jannik Sinner. Djokovic surpreendeu o jovem Sinner, de 24 anos, nas semifinais, em uma partida disputada em cinco sets, garantindo vaga em sua 11\u00aa final do Australian Open. Ele venceu todas as 10 finais anteriores. <\/p>\n<\/p><\/div>\n<div class=\"row medium-uncollapsed content-media content-photo\" data-block-type=\"backstage-photo\">\n<div class=\"mc-column content-media__container\">\n<div class=\"content-media-container\">\n<figure class=\"content-media__figure\"> <img decoding=\"async\" class=\"content-media__image\" srcset=\"https:\/\/s2-oglobo.glbimg.com\/cBWCIwPwuS5rxY8v6VeM9JGFYv0=\/0x0:5500x3667\/1000x0\/smart\/filters:strip_icc()\/i.s3.glbimg.com\/v1\/AUTH_da025474c0c44edd99332dddb09cabe8\/internal_photos\/bs\/2026\/Q\/T\/18XvDSQEyEIrhWkbsXwA\/113708007-topshot-serbias-novak-djokovic-celebrates-victory-over-italys-jannik-sinner-after.jpg 1000w, https:\/\/s2-oglobo.glbimg.com\/-GftwkeVS2TG3-EUx_1FzNnQo-g=\/0x0:5500x3667\/984x0\/smart\/filters:strip_icc()\/i.s3.glbimg.com\/v1\/AUTH_da025474c0c44edd99332dddb09cabe8\/internal_photos\/bs\/2026\/Q\/T\/18XvDSQEyEIrhWkbsXwA\/113708007-topshot-serbias-novak-djokovic-celebrates-victory-over-italys-jannik-sinner-after.jpg 984w, https:\/\/s2-oglobo.glbimg.com\/imCi5zT494M_FUPl9AbFddoHrzk=\/0x0:5500x3667\/640x0\/smart\/filters:strip_icc()\/i.s3.glbimg.com\/v1\/AUTH_da025474c0c44edd99332dddb09cabe8\/internal_photos\/bs\/2026\/Q\/T\/18XvDSQEyEIrhWkbsXwA\/113708007-topshot-serbias-novak-djokovic-celebrates-victory-over-italys-jannik-sinner-after.jpg 640w, https:\/\/s2-oglobo.glbimg.com\/E-Dn535nh5ElsxOakOTXaiJRPN8=\/0x0:5500x3667\/600x0\/smart\/filters:strip_icc()\/i.s3.glbimg.com\/v1\/AUTH_da025474c0c44edd99332dddb09cabe8\/internal_photos\/bs\/2026\/Q\/T\/18XvDSQEyEIrhWkbsXwA\/113708007-topshot-serbias-novak-djokovic-celebrates-victory-over-italys-jannik-sinner-after.jpg 600w\" src=\"https:\/\/s2-oglobo.glbimg.com\/-GftwkeVS2TG3-EUx_1FzNnQo-g=\/0x0:5500x3667\/984x0\/smart\/filters:strip_icc()\/i.s3.glbimg.com\/v1\/AUTH_da025474c0c44edd99332dddb09cabe8\/internal_photos\/bs\/2026\/Q\/T\/18XvDSQEyEIrhWkbsXwA\/113708007-topshot-serbias-novak-djokovic-celebrates-victory-over-italys-jannik-sinner-after.jpg\" alt=\"Novak Djokovic no Australian Open \u2014 Foto: IZHAR KHAN \/ AFP\" width=\"5500\" height=\"3667\" loading=\"lazy\"\/><figcaption class=\"content-media__description\"> Novak Djokovic no Australian Open \u2014 Foto: IZHAR KHAN \/ AFP <\/figcaption><\/figure>\n<\/p><\/div>\n<\/p><\/div>\n<\/p><\/div>\n<div class=\"mc-column content-text active-extra-styles \" data-block-type=\"unstyled\" data-block-weight=\"69\">\n<p class=\" content-text__container \" data-track-category=\"Link no Texto\" data-track-links=\"\"> \u2014 Quando voc\u00ea gosta de fazer isso, se n\u00e3o est\u00e1 lesionado e se n\u00e3o est\u00e1 mentalmente muito cansado, por que n\u00e3o estaria aqui? Acho que o Djokovic \u00e9 um exemplo positivo de compromisso e resili\u00eancia \u2014afirmou. \u2014 Quer dizer, Novak, por raz\u00f5es \u00f3bvias, n\u00e3o est\u00e1 no auge da sua forma, mas continua muito, muito competitivo numa idade em que \u00e9 dif\u00edcil ser t\u00e3o competitivo. Portanto, todo o meu respeito. <\/p>\n<\/p><\/div>\n<div class=\"mc-column content-text active-extra-styles \" data-block-type=\"unstyled\" data-block-weight=\"26\">\n<p class=\" content-text__container \" data-track-category=\"Link no Texto\" data-track-links=\"\"> Djokovic est\u00e1 em busca de se tornar o homem mais velho a vencer o Australian Open. Ken Rosewall, de 37 anos, conquistou o t\u00edtulo em 1972. <\/p>\n<\/p><\/div>\n<div class=\"mc-column content-text active-extra-styles \" data-block-type=\"unstyled\" data-block-weight=\"45\">\n<p class=\" content-text__container \" data-track-category=\"Link no Texto\" data-track-links=\"\"> Ele tamb\u00e9m est\u00e1 empenhado em finalmente conquistar um recorde de 25\u00ba t\u00edtulo de Grand Slam e ultrapassar Margaret Court, que tamb\u00e9m dever\u00e1 estar presente na Rod Laver Arena neste domingo (1). A partida est\u00e1 marcada para \u00e0s 5h30 da manh\u00e3, no hor\u00e1rio de Bras\u00edlia. <\/p>\n<\/p><\/div>\n<div data-track-category=\"multicontent\" data-track-action=\"ultimo chunk conteudo\" data-track-noninteraction=\"false\" data-track-scroll=\"view\">\n<div class=\"mc-column content-text active-extra-styles \" data-block-type=\"unstyled\" data-block-weight=\"10\">\n<p class=\" content-text__container \" data-track-category=\"Link no Texto\" data-track-links=\"\"> Essa ser\u00e1 a primeira final de Alcaraz no Australian Open. <\/p>\n<\/p><\/div>\n<\/p><\/div>\n<\/p><\/div>\n<p><a href=\"https:\/\/oglobo.globo.com\/esportes\/noticia\/2026\/02\/01\/antigo-rival-de-djokovic-nadal-declara-torcida-por-alcaraz-no-australian-open.ghtml\">Source link <\/a><\/p>\n","protected":false},"excerpt":{"rendered":"<p>Bicampe\u00e3o do Australian Open, o espanhol Rafael Nadal \u2014 que se aposentou do t\u00eanis em 2024 \u2014acredita que o n\u00famero um do mundo, Carlos Alcaraz, de 22 anos, \u00e9 o favorito absoluto na final desta edi\u00e7\u00e3o do torneio, mas n\u00e3o se surpreenderia se Novak Djokovic, de 38, seu antigo rival, causasse uma &#8220;zebra&#8221;. Ao Canal [&hellip;]<\/p>\n","protected":false},"author":1,"featured_media":83867,"comment_status":"closed","ping_status":"","sticky":false,"template":"","format":"standard","meta":{"googlesitekit_rrm_CAow2JLhCw:productID":"","_gspb_post_css":"","maa_idioma":"","maa_pais":"","footnotes":""},"categories":[4],"tags":[2940,7516,3876,3753,14629,16816,261,3211,2917,3193],"class_list":["post-83866","post","type-post","status-publish","format-standard","has-post-thumbnail","hentry","category-brasil","tag-alcaraz","tag-antigo","tag-australian","tag-declara","tag-djokovic","tag-nadal","tag-open","tag-por","tag-rival","tag-torcida"],"blocksy_meta":[],"yoast_head":"<!-- This site is optimized with the Yoast SEO Premium plugin v27.6 (Yoast SEO v27.6) - https:\/\/yoast.com\/product\/yoast-seo-premium-wordpress\/ -->\n<title>Antigo rival de Djokovic, Nadal declara torcida por Alcaraz no Australian Open - Ubirat\u00e3 Online Not\u00edcias - A realidade ao seu alcance!<\/title>\n<meta name=\"description\" content=\"Bicampe\u00e3o do Australian Open, o espanhol Rafael Nadal \u2014 que se aposentou do t\u00eanis em 2024 \u2014acredita que o n\u00famero um do mundo, Carlos Alcaraz, de 22 anos,\" \/>\n<meta name=\"robots\" content=\"index, follow, max-snippet:-1, max-image-preview:large, max-video-preview:-1\" \/>\n<link rel=\"canonical\" href=\"https:\/\/ubirataonline.com.br\/en\/antigo-rival-de-djokovic-nadal-declara-torcida-por-alcaraz-no-australian-open\/\" \/>\n<meta property=\"og:locale\" content=\"en_US\" \/>\n<meta property=\"og:type\" content=\"article\" \/>\n<meta property=\"og:title\" content=\"Antigo rival de Djokovic, Nadal declara torcida por Alcaraz no Australian Open\" \/>\n<meta property=\"og:description\" content=\"Bicampe\u00e3o do Australian Open, o espanhol Rafael Nadal \u2014 que se aposentou do t\u00eanis em 2024 \u2014acredita que o n\u00famero um do mundo, Carlos Alcaraz, de 22 anos,\" \/>\n<meta property=\"og:url\" content=\"https:\/\/ubirataonline.com.br\/en\/antigo-rival-de-djokovic-nadal-declara-torcida-por-alcaraz-no-australian-open\/\" \/>\n<meta property=\"og:site_name\" content=\"Ubirat\u00e3 Online Not\u00edcias - A realidade ao seu alcance!\" \/>\n<meta property=\"article:publisher\" content=\"https:\/\/www.facebook.com\/portalubirataonline\" \/>\n<meta property=\"article:author\" content=\"https:\/\/www.facebook.com\/portalubirataonline\" \/>\n<meta property=\"article:published_time\" content=\"2026-02-01T09:07:37+00:00\" \/>\n<meta property=\"article:modified_time\" content=\"2026-02-01T09:07:41+00:00\" \/>\n<meta property=\"og:image\" content=\"https:\/\/ubirataonline.com.br\/wp-content\/uploads\/2026\/02\/Antigo-rival-de-Djokovic-Nadal-declara-torcida-por-Alcaraz-no.jp.jpeg\" \/>\n\t<meta property=\"og:image:width\" content=\"1550\" \/>\n\t<meta property=\"og:image:height\" content=\"921\" \/>\n\t<meta property=\"og:image:type\" content=\"image\/jpeg\" \/>\n<meta name=\"author\" content=\"REDA\u00c7\u00c3O: UBIRAT\u00c3 ONLINE - F\u00c1BIO AUGUSTO CELESTINO\" \/>\n<meta name=\"twitter:card\" content=\"summary_large_image\" \/>\n<meta name=\"twitter:creator\" content=\"@x.com\/ubirataonline\" \/>\n<meta name=\"twitter:site\" content=\"@ubirataonline\" \/>\n<meta name=\"twitter:label1\" content=\"Written by\" \/>\n\t<meta name=\"twitter:data1\" content=\"REDA\u00c7\u00c3O: UBIRAT\u00c3 ONLINE - F\u00c1BIO AUGUSTO CELESTINO\" \/>\n\t<meta name=\"twitter:label2\" content=\"Est. reading time\" \/>\n\t<meta name=\"twitter:data2\" content=\"2 minutes\" \/>\n<script type=\"application\/ld+json\" class=\"yoast-schema-graph\">{\"@context\":\"https:\\\/\\\/schema.org\",\"@graph\":[{\"@type\":\"NewsArticle\",\"@id\":\"https:\\\/\\\/ubirataonline.com.br\\\/antigo-rival-de-djokovic-nadal-declara-torcida-por-alcaraz-no-australian-open\\\/#article\",\"isPartOf\":{\"@id\":\"https:\\\/\\\/ubirataonline.com.br\\\/antigo-rival-de-djokovic-nadal-declara-torcida-por-alcaraz-no-australian-open\\\/\"},\"author\":{\"name\":\"REDA\u00c7\u00c3O: UBIRAT\u00c3 ONLINE - F\u00c1BIO AUGUSTO CELESTINO\",\"@id\":\"https:\\\/\\\/ubirataonline.com.br\\\/#\\\/schema\\\/person\\\/372f87bbd3fdd79b8556b84c98d0bc1c\"},\"headline\":\"Antigo rival de Djokovic, Nadal declara torcida por Alcaraz no Australian Open\",\"datePublished\":\"2026-02-01T09:07:37+00:00\",\"dateModified\":\"2026-02-01T09:07:41+00:00\",\"mainEntityOfPage\":{\"@id\":\"https:\\\/\\\/ubirataonline.com.br\\\/antigo-rival-de-djokovic-nadal-declara-torcida-por-alcaraz-no-australian-open\\\/\"},\"wordCount\":419,\"publisher\":{\"@id\":\"https:\\\/\\\/ubirataonline.com.br\\\/#organization\"},\"image\":{\"@id\":\"https:\\\/\\\/ubirataonline.com.br\\\/antigo-rival-de-djokovic-nadal-declara-torcida-por-alcaraz-no-australian-open\\\/#primaryimage\"},\"thumbnailUrl\":\"https:\\\/\\\/ubirataonline.com.br\\\/wp-content\\\/uploads\\\/2026\\\/02\\\/Antigo-rival-de-Djokovic-Nadal-declara-torcida-por-Alcaraz-no.jp.jpeg\",\"keywords\":[\"Alcaraz\",\"antigo\",\"Australian\",\"declara\",\"Djokovic\",\"Nadal\",\"Open\",\"por\",\"rival\",\"torcida\"],\"articleSection\":[\"Brasil\"],\"inLanguage\":\"en-US\",\"copyrightYear\":\"2026\",\"copyrightHolder\":{\"@id\":\"https:\\\/\\\/ubirataonline.com.br\\\/en\\\/#organization\"}},{\"@type\":\"WebPage\",\"@id\":\"https:\\\/\\\/ubirataonline.com.br\\\/antigo-rival-de-djokovic-nadal-declara-torcida-por-alcaraz-no-australian-open\\\/\",\"url\":\"https:\\\/\\\/ubirataonline.com.br\\\/antigo-rival-de-djokovic-nadal-declara-torcida-por-alcaraz-no-australian-open\\\/\",\"name\":\"Antigo rival de Djokovic, Nadal declara torcida por Alcaraz no Australian Open - Ubirat\u00e3 Online Not\u00edcias - A realidade ao seu alcance!\",\"isPartOf\":{\"@id\":\"https:\\\/\\\/ubirataonline.com.br\\\/#website\"},\"primaryImageOfPage\":{\"@id\":\"https:\\\/\\\/ubirataonline.com.br\\\/antigo-rival-de-djokovic-nadal-declara-torcida-por-alcaraz-no-australian-open\\\/#primaryimage\"},\"image\":{\"@id\":\"https:\\\/\\\/ubirataonline.com.br\\\/antigo-rival-de-djokovic-nadal-declara-torcida-por-alcaraz-no-australian-open\\\/#primaryimage\"},\"thumbnailUrl\":\"https:\\\/\\\/ubirataonline.com.br\\\/wp-content\\\/uploads\\\/2026\\\/02\\\/Antigo-rival-de-Djokovic-Nadal-declara-torcida-por-Alcaraz-no.jp.jpeg\",\"datePublished\":\"2026-02-01T09:07:37+00:00\",\"dateModified\":\"2026-02-01T09:07:41+00:00\",\"description\":\"Bicampe\u00e3o do Australian Open, o espanhol Rafael Nadal \u2014 que se aposentou do t\u00eanis em 2024 \u2014acredita que o n\u00famero um do mundo, Carlos Alcaraz, de 22 anos,\",\"breadcrumb\":{\"@id\":\"https:\\\/\\\/ubirataonline.com.br\\\/antigo-rival-de-djokovic-nadal-declara-torcida-por-alcaraz-no-australian-open\\\/#breadcrumb\"},\"inLanguage\":\"en-US\",\"potentialAction\":[{\"@type\":\"ReadAction\",\"target\":[\"https:\\\/\\\/ubirataonline.com.br\\\/antigo-rival-de-djokovic-nadal-declara-torcida-por-alcaraz-no-australian-open\\\/\"]}]},{\"@type\":\"ImageObject\",\"inLanguage\":\"en-US\",\"@id\":\"https:\\\/\\\/ubirataonline.com.br\\\/antigo-rival-de-djokovic-nadal-declara-torcida-por-alcaraz-no-australian-open\\\/#primaryimage\",\"url\":\"https:\\\/\\\/ubirataonline.com.br\\\/wp-content\\\/uploads\\\/2026\\\/02\\\/Antigo-rival-de-Djokovic-Nadal-declara-torcida-por-Alcaraz-no.jp.jpeg\",\"contentUrl\":\"https:\\\/\\\/ubirataonline.com.br\\\/wp-content\\\/uploads\\\/2026\\\/02\\\/Antigo-rival-de-Djokovic-Nadal-declara-torcida-por-Alcaraz-no.jp.jpeg\",\"width\":1550,\"height\":921,\"caption\":\"Rafael Nadal \u2014 Foto: SEBASTIEN BOZON \\\/ AFP\"},{\"@type\":\"BreadcrumbList\",\"@id\":\"https:\\\/\\\/ubirataonline.com.br\\\/antigo-rival-de-djokovic-nadal-declara-torcida-por-alcaraz-no-australian-open\\\/#breadcrumb\",\"itemListElement\":[{\"@type\":\"ListItem\",\"position\":1,\"name\":\"In\u00edcio\",\"item\":\"https:\\\/\\\/ubirataonline.com.br\\\/\"},{\"@type\":\"ListItem\",\"position\":2,\"name\":\"Antigo rival de Djokovic, Nadal declara torcida por Alcaraz no Australian Open\"}]},{\"@type\":\"WebSite\",\"@id\":\"https:\\\/\\\/ubirataonline.com.br\\\/#website\",\"url\":\"https:\\\/\\\/ubirataonline.com.br\\\/\",\"name\":\"Ubirat\u00e3 Online Not\u00edcias\",\"description\":\"Not\u00edcias de Ubirat\u00e3, regi\u00e3o, Brasil e mundo, com informa\u00e7\u00e3o atualizada e compromisso com o leitor.\",\"publisher\":{\"@id\":\"https:\\\/\\\/ubirataonline.com.br\\\/#organization\"},\"alternateName\":\"Ubirat\u00e3 Online\",\"potentialAction\":[{\"@type\":\"SearchAction\",\"target\":{\"@type\":\"EntryPoint\",\"urlTemplate\":\"https:\\\/\\\/ubirataonline.com.br\\\/?s={search_term_string}\"},\"query-input\":{\"@type\":\"PropertyValueSpecification\",\"valueRequired\":true,\"valueName\":\"search_term_string\"}}],\"inLanguage\":\"en-US\"},{\"@type\":[\"Organization\",\"Place\"],\"@id\":\"https:\\\/\\\/ubirataonline.com.br\\\/#organization\",\"name\":\"Ubirat\u00e3 Online Not\u00edcias\",\"alternateName\":\"Ubirat\u00e3 Online\",\"url\":\"https:\\\/\\\/ubirataonline.com.br\\\/\",\"logo\":{\"@id\":\"https:\\\/\\\/ubirataonline.com.br\\\/antigo-rival-de-djokovic-nadal-declara-torcida-por-alcaraz-no-australian-open\\\/#local-main-organization-logo\"},\"image\":{\"@id\":\"https:\\\/\\\/ubirataonline.com.br\\\/antigo-rival-de-djokovic-nadal-declara-torcida-por-alcaraz-no-australian-open\\\/#local-main-organization-logo\"},\"sameAs\":[\"https:\\\/\\\/www.facebook.com\\\/portalubirataonline\",\"https:\\\/\\\/x.com\\\/ubirataonline\",\"https:\\\/\\\/mastodon.social\\\/@ubirataonline\",\"https:\\\/\\\/www.facebook.com\\\/groups\\\/311144672285604\",\"https:\\\/\\\/www.facebook.com\\\/UBTAOnline\",\"https:\\\/\\\/www.instagram.com\\\/portalubirataonline\\\/\",\"https:\\\/\\\/twitter.com\\\/ubirataonline\"],\"description\":\"Somos um portal de not\u00edcias independente, criado em 5 de janeiro de 2009, com o objetivo de informar, conectar e valorizar a nossa comunidade de Ubirat\u00e3 e toda aregi\u00e3o. Com conte\u00fado atualizado, confi\u00e1vel e relevante, o Ubirat\u00e3 Online \u00e9 o seu espa\u00e7o para ficar por dentro dos principais acontecimentos locais, regionais, Brasil, Mundo e de interesse geral. Nosso compromisso \u00e9 com a verdade, a transpar\u00eancia e o respeito ao leitor.\",\"legalName\":\"UBIRATA ONLINE NOT\u00cdCIAS\",\"foundingDate\":\"2009-01-05\",\"numberOfEmployees\":{\"@type\":\"QuantitativeValue\",\"minValue\":\"1\",\"maxValue\":\"10\"},\"publishingPrinciples\":\"https:\\\/\\\/ubirataonline.com.br\\\/faq\\\/\",\"address\":{\"@id\":\"https:\\\/\\\/ubirataonline.com.br\\\/antigo-rival-de-djokovic-nadal-declara-torcida-por-alcaraz-no-australian-open\\\/#local-main-place-address\"},\"geo\":{\"@type\":\"GeoCoordinates\",\"latitude\":\"-24.5361401\",\"longitude\":\"-52.9921776\"},\"telephone\":[\"+5544998308235\"],\"contactPoint\":{\"@type\":\"ContactPoint\",\"email\":\"contato@ubirataonline.com.br\"},\"openingHoursSpecification\":{\"@type\":\"OpeningHoursSpecification\",\"dayOfWeek\":[\"Monday\",\"Tuesday\",\"Wednesday\",\"Thursday\",\"Friday\",\"Saturday\",\"Sunday\"],\"opens\":\"00:00\",\"closes\":\"23:59\"},\"email\":\"contato@ubirataonline.com.br\",\"vatID\":\"47.621.418\\\/0001-80\"},{\"@type\":\"Person\",\"@id\":\"https:\\\/\\\/ubirataonline.com.br\\\/#\\\/schema\\\/person\\\/372f87bbd3fdd79b8556b84c98d0bc1c\",\"name\":\"REDA\u00c7\u00c3O: UBIRAT\u00c3 ONLINE - F\u00c1BIO AUGUSTO CELESTINO\",\"pronouns\":\"Ele\",\"description\":\"Desde 2003 trabalhando com not\u00edcias.\",\"sameAs\":[\"http:\\\/\\\/ubirataoline.com.br\",\"https:\\\/\\\/www.facebook.com\\\/portalubirataonline\",\"https:\\\/\\\/www.instagram.com\\\/ubirataonline_oficial\",\"https:\\\/\\\/x.com\\\/x.com\\\/ubirataonline\"],\"honorificPrefix\":\"Mr.\",\"honorificSuffix\":\"MD\",\"birthDate\":\"1980-06-16\",\"gender\":\"masculino\",\"award\":[\"V\u00e1rios pr\u00eamios de melhor portal da cidade\"],\"jobTitle\":\"Diretor\",\"url\":\"https:\\\/\\\/ubirataonline.com.br\\\/en\\\/author\\\/ubirataonline\\\/\"},{\"@type\":\"PostalAddress\",\"@id\":\"https:\\\/\\\/ubirataonline.com.br\\\/antigo-rival-de-djokovic-nadal-declara-torcida-por-alcaraz-no-australian-open\\\/#local-main-place-address\",\"streetAddress\":\"Rua dos Coqueiros, 104 - Bairro Boa Vista, Rua dos Coqueiros, 104 Bairro Boa Vista\",\"addressLocality\":\"UBIRATA\",\"postalCode\":\"85440-000\",\"addressRegion\":\"PR\",\"addressCountry\":\"BR\"},{\"@type\":\"ImageObject\",\"inLanguage\":\"en-US\",\"@id\":\"https:\\\/\\\/ubirataonline.com.br\\\/antigo-rival-de-djokovic-nadal-declara-torcida-por-alcaraz-no-australian-open\\\/#local-main-organization-logo\",\"url\":\"https:\\\/\\\/ubirataonline.com.br\\\/wp-content\\\/uploads\\\/2026\\\/06\\\/logoubirataonline-1.webp\",\"contentUrl\":\"https:\\\/\\\/ubirataonline.com.br\\\/wp-content\\\/uploads\\\/2026\\\/06\\\/logoubirataonline-1.webp\",\"width\":500,\"height\":500,\"caption\":\"Ubirat\u00e3 Online Not\u00edcias\"}]}<\/script>\n<meta name=\"geo.placename\" content=\"UBIRATA\" \/>\n<meta name=\"geo.position\" content=\"-24.5361401;-52.9921776\" \/>\n<meta name=\"geo.region\" content=\"Brazil\" \/>\n<!-- \/ Yoast SEO Premium plugin. -->","yoast_head_json":{"title":"Antigo rival de Djokovic, Nadal declara torcida por Alcaraz no Australian Open - Ubirat\u00e3 Online Not\u00edcias - A realidade ao seu alcance!","description":"Bicampe\u00e3o do Australian Open, o espanhol Rafael Nadal \u2014 que se aposentou do t\u00eanis em 2024 \u2014acredita que o n\u00famero um do mundo, Carlos Alcaraz, de 22 anos,","robots":{"index":"index","follow":"follow","max-snippet":"max-snippet:-1","max-image-preview":"max-image-preview:large","max-video-preview":"max-video-preview:-1"},"canonical":"https:\/\/ubirataonline.com.br\/en\/antigo-rival-de-djokovic-nadal-declara-torcida-por-alcaraz-no-australian-open\/","og_locale":"en_US","og_type":"article","og_title":"Antigo rival de Djokovic, Nadal declara torcida por Alcaraz no Australian Open","og_description":"Bicampe\u00e3o do Australian Open, o espanhol Rafael Nadal \u2014 que se aposentou do t\u00eanis em 2024 \u2014acredita que o n\u00famero um do mundo, Carlos Alcaraz, de 22 anos,","og_url":"https:\/\/ubirataonline.com.br\/en\/antigo-rival-de-djokovic-nadal-declara-torcida-por-alcaraz-no-australian-open\/","og_site_name":"Ubirat\u00e3 Online Not\u00edcias - A realidade ao seu alcance!","article_publisher":"https:\/\/www.facebook.com\/portalubirataonline","article_author":"https:\/\/www.facebook.com\/portalubirataonline","article_published_time":"2026-02-01T09:07:37+00:00","article_modified_time":"2026-02-01T09:07:41+00:00","og_image":[{"width":1550,"height":921,"url":"https:\/\/ubirataonline.com.br\/wp-content\/uploads\/2026\/02\/Antigo-rival-de-Djokovic-Nadal-declara-torcida-por-Alcaraz-no.jp.jpeg","type":"image\/jpeg"}],"author":"REDA\u00c7\u00c3O: UBIRAT\u00c3 ONLINE - F\u00c1BIO AUGUSTO CELESTINO","twitter_card":"summary_large_image","twitter_creator":"@x.com\/ubirataonline","twitter_site":"@ubirataonline","twitter_misc":{"Written by":"REDA\u00c7\u00c3O: UBIRAT\u00c3 ONLINE - F\u00c1BIO AUGUSTO CELESTINO","Est. reading time":"2 minutes"},"schema":{"@context":"https:\/\/schema.org","@graph":[{"@type":"NewsArticle","@id":"https:\/\/ubirataonline.com.br\/antigo-rival-de-djokovic-nadal-declara-torcida-por-alcaraz-no-australian-open\/#article","isPartOf":{"@id":"https:\/\/ubirataonline.com.br\/antigo-rival-de-djokovic-nadal-declara-torcida-por-alcaraz-no-australian-open\/"},"author":{"name":"REDA\u00c7\u00c3O: UBIRAT\u00c3 ONLINE - F\u00c1BIO AUGUSTO CELESTINO","@id":"https:\/\/ubirataonline.com.br\/#\/schema\/person\/372f87bbd3fdd79b8556b84c98d0bc1c"},"headline":"Antigo rival de Djokovic, Nadal declara torcida por Alcaraz no Australian Open","datePublished":"2026-02-01T09:07:37+00:00","dateModified":"2026-02-01T09:07:41+00:00","mainEntityOfPage":{"@id":"https:\/\/ubirataonline.com.br\/antigo-rival-de-djokovic-nadal-declara-torcida-por-alcaraz-no-australian-open\/"},"wordCount":419,"publisher":{"@id":"https:\/\/ubirataonline.com.br\/#organization"},"image":{"@id":"https:\/\/ubirataonline.com.br\/antigo-rival-de-djokovic-nadal-declara-torcida-por-alcaraz-no-australian-open\/#primaryimage"},"thumbnailUrl":"https:\/\/ubirataonline.com.br\/wp-content\/uploads\/2026\/02\/Antigo-rival-de-Djokovic-Nadal-declara-torcida-por-Alcaraz-no.jp.jpeg","keywords":["Alcaraz","antigo","Australian","declara","Djokovic","Nadal","Open","por","rival","torcida"],"articleSection":["Brasil"],"inLanguage":"en-US","copyrightYear":"2026","copyrightHolder":{"@id":"https:\/\/ubirataonline.com.br\/en\/#organization"}},{"@type":"WebPage","@id":"https:\/\/ubirataonline.com.br\/antigo-rival-de-djokovic-nadal-declara-torcida-por-alcaraz-no-australian-open\/","url":"https:\/\/ubirataonline.com.br\/antigo-rival-de-djokovic-nadal-declara-torcida-por-alcaraz-no-australian-open\/","name":"Antigo rival de Djokovic, Nadal declara torcida por Alcaraz no Australian Open - Ubirat\u00e3 Online Not\u00edcias - A realidade ao seu alcance!","isPartOf":{"@id":"https:\/\/ubirataonline.com.br\/#website"},"primaryImageOfPage":{"@id":"https:\/\/ubirataonline.com.br\/antigo-rival-de-djokovic-nadal-declara-torcida-por-alcaraz-no-australian-open\/#primaryimage"},"image":{"@id":"https:\/\/ubirataonline.com.br\/antigo-rival-de-djokovic-nadal-declara-torcida-por-alcaraz-no-australian-open\/#primaryimage"},"thumbnailUrl":"https:\/\/ubirataonline.com.br\/wp-content\/uploads\/2026\/02\/Antigo-rival-de-Djokovic-Nadal-declara-torcida-por-Alcaraz-no.jp.jpeg","datePublished":"2026-02-01T09:07:37+00:00","dateModified":"2026-02-01T09:07:41+00:00","description":"Bicampe\u00e3o do Australian Open, o espanhol Rafael Nadal \u2014 que se aposentou do t\u00eanis em 2024 \u2014acredita que o n\u00famero um do mundo, Carlos Alcaraz, de 22 anos,","breadcrumb":{"@id":"https:\/\/ubirataonline.com.br\/antigo-rival-de-djokovic-nadal-declara-torcida-por-alcaraz-no-australian-open\/#breadcrumb"},"inLanguage":"en-US","potentialAction":[{"@type":"ReadAction","target":["https:\/\/ubirataonline.com.br\/antigo-rival-de-djokovic-nadal-declara-torcida-por-alcaraz-no-australian-open\/"]}]},{"@type":"ImageObject","inLanguage":"en-US","@id":"https:\/\/ubirataonline.com.br\/antigo-rival-de-djokovic-nadal-declara-torcida-por-alcaraz-no-australian-open\/#primaryimage","url":"https:\/\/ubirataonline.com.br\/wp-content\/uploads\/2026\/02\/Antigo-rival-de-Djokovic-Nadal-declara-torcida-por-Alcaraz-no.jp.jpeg","contentUrl":"https:\/\/ubirataonline.com.br\/wp-content\/uploads\/2026\/02\/Antigo-rival-de-Djokovic-Nadal-declara-torcida-por-Alcaraz-no.jp.jpeg","width":1550,"height":921,"caption":"Rafael Nadal \u2014 Foto: SEBASTIEN BOZON \/ AFP"},{"@type":"BreadcrumbList","@id":"https:\/\/ubirataonline.com.br\/antigo-rival-de-djokovic-nadal-declara-torcida-por-alcaraz-no-australian-open\/#breadcrumb","itemListElement":[{"@type":"ListItem","position":1,"name":"In\u00edcio","item":"https:\/\/ubirataonline.com.br\/"},{"@type":"ListItem","position":2,"name":"Antigo rival de Djokovic, Nadal declara torcida por Alcaraz no Australian Open"}]},{"@type":"WebSite","@id":"https:\/\/ubirataonline.com.br\/#website","url":"https:\/\/ubirataonline.com.br\/","name":"Ubirat\u00e3 Online Not\u00edcias","description":"Not\u00edcias de Ubirat\u00e3, regi\u00e3o, Brasil e mundo, com informa\u00e7\u00e3o atualizada e compromisso com o leitor.","publisher":{"@id":"https:\/\/ubirataonline.com.br\/#organization"},"alternateName":"Ubirat\u00e3 Online","potentialAction":[{"@type":"SearchAction","target":{"@type":"EntryPoint","urlTemplate":"https:\/\/ubirataonline.com.br\/?s={search_term_string}"},"query-input":{"@type":"PropertyValueSpecification","valueRequired":true,"valueName":"search_term_string"}}],"inLanguage":"en-US"},{"@type":["Organization","Place"],"@id":"https:\/\/ubirataonline.com.br\/#organization","name":"Ubirat\u00e3 Online Not\u00edcias","alternateName":"Ubirat\u00e3 Online","url":"https:\/\/ubirataonline.com.br\/","logo":{"@id":"https:\/\/ubirataonline.com.br\/antigo-rival-de-djokovic-nadal-declara-torcida-por-alcaraz-no-australian-open\/#local-main-organization-logo"},"image":{"@id":"https:\/\/ubirataonline.com.br\/antigo-rival-de-djokovic-nadal-declara-torcida-por-alcaraz-no-australian-open\/#local-main-organization-logo"},"sameAs":["https:\/\/www.facebook.com\/portalubirataonline","https:\/\/x.com\/ubirataonline","https:\/\/mastodon.social\/@ubirataonline","https:\/\/www.facebook.com\/groups\/311144672285604","https:\/\/www.facebook.com\/UBTAOnline","https:\/\/www.instagram.com\/portalubirataonline\/","https:\/\/twitter.com\/ubirataonline"],"description":"Somos um portal de not\u00edcias independente, criado em 5 de janeiro de 2009, com o objetivo de informar, conectar e valorizar a nossa comunidade de Ubirat\u00e3 e toda aregi\u00e3o. Com conte\u00fado atualizado, confi\u00e1vel e relevante, o Ubirat\u00e3 Online \u00e9 o seu espa\u00e7o para ficar por dentro dos principais acontecimentos locais, regionais, Brasil, Mundo e de interesse geral. Nosso compromisso \u00e9 com a verdade, a transpar\u00eancia e o respeito ao leitor.","legalName":"UBIRATA ONLINE NOT\u00cdCIAS","foundingDate":"2009-01-05","numberOfEmployees":{"@type":"QuantitativeValue","minValue":"1","maxValue":"10"},"publishingPrinciples":"https:\/\/ubirataonline.com.br\/faq\/","address":{"@id":"https:\/\/ubirataonline.com.br\/antigo-rival-de-djokovic-nadal-declara-torcida-por-alcaraz-no-australian-open\/#local-main-place-address"},"geo":{"@type":"GeoCoordinates","latitude":"-24.5361401","longitude":"-52.9921776"},"telephone":["+5544998308235"],"contactPoint":{"@type":"ContactPoint","email":"contato@ubirataonline.com.br"},"openingHoursSpecification":{"@type":"OpeningHoursSpecification","dayOfWeek":["Monday","Tuesday","Wednesday","Thursday","Friday","Saturday","Sunday"],"opens":"00:00","closes":"23:59"},"email":"contato@ubirataonline.com.br","vatID":"47.621.418\/0001-80"},{"@type":"Person","@id":"https:\/\/ubirataonline.com.br\/#\/schema\/person\/372f87bbd3fdd79b8556b84c98d0bc1c","name":"REDA\u00c7\u00c3O: UBIRAT\u00c3 ONLINE - F\u00c1BIO AUGUSTO CELESTINO","pronouns":"Ele","description":"Desde 2003 trabalhando com not\u00edcias.","sameAs":["http:\/\/ubirataoline.com.br","https:\/\/www.facebook.com\/portalubirataonline","https:\/\/www.instagram.com\/ubirataonline_oficial","https:\/\/x.com\/x.com\/ubirataonline"],"honorificPrefix":"Mr.","honorificSuffix":"MD","birthDate":"1980-06-16","gender":"masculino","award":["V\u00e1rios pr\u00eamios de melhor portal da cidade"],"jobTitle":"Diretor","url":"https:\/\/ubirataonline.com.br\/en\/author\/ubirataonline\/"},{"@type":"PostalAddress","@id":"https:\/\/ubirataonline.com.br\/antigo-rival-de-djokovic-nadal-declara-torcida-por-alcaraz-no-australian-open\/#local-main-place-address","streetAddress":"Rua dos Coqueiros, 104 - Bairro Boa Vista, Rua dos Coqueiros, 104 Bairro Boa Vista","addressLocality":"UBIRATA","postalCode":"85440-000","addressRegion":"PR","addressCountry":"BR"},{"@type":"ImageObject","inLanguage":"en-US","@id":"https:\/\/ubirataonline.com.br\/antigo-rival-de-djokovic-nadal-declara-torcida-por-alcaraz-no-australian-open\/#local-main-organization-logo","url":"https:\/\/ubirataonline.com.br\/wp-content\/uploads\/2026\/06\/logoubirataonline-1.webp","contentUrl":"https:\/\/ubirataonline.com.br\/wp-content\/uploads\/2026\/06\/logoubirataonline-1.webp","width":500,"height":500,"caption":"Ubirat\u00e3 Online Not\u00edcias"}]},"geo.placename":"UBIRATA","geo.position":{"lat":"-24.5361401","long":"-52.9921776"},"geo.region":"Brazil"},"_links":{"self":[{"href":"https:\/\/ubirataonline.com.br\/en\/wp-json\/wp\/v2\/posts\/83866","targetHints":{"allow":["GET"]}}],"collection":[{"href":"https:\/\/ubirataonline.com.br\/en\/wp-json\/wp\/v2\/posts"}],"about":[{"href":"https:\/\/ubirataonline.com.br\/en\/wp-json\/wp\/v2\/types\/post"}],"author":[{"embeddable":true,"href":"https:\/\/ubirataonline.com.br\/en\/wp-json\/wp\/v2\/users\/1"}],"replies":[{"embeddable":true,"href":"https:\/\/ubirataonline.com.br\/en\/wp-json\/wp\/v2\/comments?post=83866"}],"version-history":[{"count":0,"href":"https:\/\/ubirataonline.com.br\/en\/wp-json\/wp\/v2\/posts\/83866\/revisions"}],"wp:featuredmedia":[{"embeddable":true,"href":"https:\/\/ubirataonline.com.br\/en\/wp-json\/wp\/v2\/media\/83867"}],"wp:attachment":[{"href":"https:\/\/ubirataonline.com.br\/en\/wp-json\/wp\/v2\/media?parent=83866"}],"wp:term":[{"taxonomy":"category","embeddable":true,"href":"https:\/\/ubirataonline.com.br\/en\/wp-json\/wp\/v2\/categories?post=83866"},{"taxonomy":"post_tag","embeddable":true,"href":"https:\/\/ubirataonline.com.br\/en\/wp-json\/wp\/v2\/tags?post=83866"}],"curies":[{"name":"wp","href":"https:\/\/api.w.org\/{rel}","templated":true}]}}