{"id":83933,"date":"2026-02-01T12:59:27","date_gmt":"2026-02-01T15:59:27","guid":{"rendered":"https:\/\/ubirataonline.com.br\/tarot-semanal-previsao-para-os-signos-de-02-a-08-de-fevereiro-de-2026\/"},"modified":"2026-02-01T12:59:29","modified_gmt":"2026-02-01T15:59:29","slug":"tarot-semanal-previsao-para-os-signos-de-02-a-08-de-fevereiro-de-2026","status":"publish","type":"post","link":"https:\/\/ubirataonline.com.br\/en\/tarot-semanal-previsao-para-os-signos-de-02-a-08-de-fevereiro-de-2026\/","title":{"rendered":"Tarot semanal: previs\u00e3o para os signos de 02 a\u00a008 de fevereiro\u00a0de 2026"},"content":{"rendered":"<p><\/p>\n<div id=\"post-content\">\n<p>A semana trar\u00e1 uma energia de movimento, escolhas conscientes e alinhamento interno para todos os signos. Conforme as cartas do tarot, haver\u00e1 impulso para agir, se posicionar e dar passos importantes, mas a sorte favorecer\u00e1 quem souber equilibrar iniciativa com escuta interior. Rela\u00e7\u00f5es, parcerias e v\u00ednculos afetivos ganhar\u00e3o destaque, assim como decis\u00f5es que pedem maturidade emocional e clareza de prop\u00f3sito.<\/p>\n<p>A seguir, o tar\u00f3logo e astr\u00f3logo Victor Valentim explica o que as cartas do tarot revelam para cada nativo nesta semana. Confira!<\/p>\n<h2 class=\"wp-block-heading\" id=\"h-aries-cavaleiro-de-paus\">\u00c1ries \u2013 Cavaleiro de Paus<\/h2>\n<div class=\"wp-block-image\">\n<figure class=\"aligncenter size-large\"><figcaption class=\"wp-element-caption\">A sorte aparecer\u00e1 para o ariano quando ele se jogar, arriscar e n\u00e3o pensar demais (Imagem: ieronim777 | Shutterstock)<\/figcaption><\/figure>\n<\/p><\/div>\n<p>Conforme a carta \u201cCavaleiro de Paus\u201d, a semana vir\u00e1 com fogo, pressa e vontade de sair fazendo. A sorte aparecer\u00e1 quando voc\u00ea<strong><a href=\"https:\/\/portaledicase.com\/10-curiosidades-sobre-o-signo-de-aries\/\" target=\"_blank\" rel=\"noreferrer noopener\"> se jogar, arriscar e n\u00e3o pensar demais. <\/a><\/strong>S\u00f3 ser\u00e1 preciso cuidado para n\u00e3o abandonar algo no meio do caminho por t\u00e9dio.<\/p>\n<h2 class=\"wp-block-heading\" id=\"h-touro-a-imperatriz\">Touro \u2013 A Imperatriz<\/h2>\n<div class=\"wp-block-image\">\n<figure class=\"aligncenter size-large\"><img loading=\"lazy\" decoding=\"async\" width=\"1024\" height=\"683\" src=\"https:\/\/portaledicase.com\/wp-content\/uploads\/2025\/03\/touro-4-1024x683.jpg\" alt=\"Ilustra\u00e7\u00e3o de um touro em um fundo azul-escuro\" class=\"wp-image-434327\" srcset=\"https:\/\/portaledicase.com\/wp-content\/uploads\/2025\/03\/touro-4-1024x683.jpg 1024w, https:\/\/portaledicase.com\/wp-content\/uploads\/2025\/03\/touro-4-300x200.jpg 300w, https:\/\/portaledicase.com\/wp-content\/uploads\/2025\/03\/touro-4-768x512.jpg 768w, https:\/\/portaledicase.com\/wp-content\/uploads\/2025\/03\/touro-4-640x427.jpg 640w, https:\/\/portaledicase.com\/wp-content\/uploads\/2025\/03\/touro-4-150x100.jpg 150w, https:\/\/portaledicase.com\/wp-content\/uploads\/2025\/03\/touro-4.jpg 1200w\" sizes=\"auto, (max-width: 1024px) 100vw, 1024px\"\/><figcaption class=\"wp-element-caption\">Para o taurino, ser\u00e1 uma semana boa para conforto, autoestima e corpo (Imagem: ieronim777 | Shutterstock)<\/figcaption><\/figure>\n<\/p><\/div>\n<p>A carta \u201cA Imperatriz\u201d mostra que a sorte vir\u00e1 pelo prazer, pelo cuidado consigo e pelo que florescer\u00e1 quando voc\u00ea desacelerar. Ser\u00e1 uma semana boa para conforto, autoestima, corpo e tudo que faz voc\u00ea se sentir seguro(a) e nutrido(a).<\/p>\n<h2 class=\"wp-block-heading\" id=\"h-gemeos-pajem-de-espadas\">G\u00eameos \u2013 Pajem de Espadas<\/h2>\n<div class=\"wp-block-image\">\n<figure class=\"aligncenter size-large\"><img loading=\"lazy\" decoding=\"async\" width=\"1024\" height=\"683\" src=\"https:\/\/portaledicase.com\/wp-content\/uploads\/2025\/03\/gemeos-4-1024x683.jpg\" alt=\"Ilustra\u00e7\u00e3o de dois cavalheiros em um fundo azul-escuro\" class=\"wp-image-434321\" srcset=\"https:\/\/portaledicase.com\/wp-content\/uploads\/2025\/03\/gemeos-4-1024x683.jpg 1024w, https:\/\/portaledicase.com\/wp-content\/uploads\/2025\/03\/gemeos-4-300x200.jpg 300w, https:\/\/portaledicase.com\/wp-content\/uploads\/2025\/03\/gemeos-4-768x512.jpg 768w, https:\/\/portaledicase.com\/wp-content\/uploads\/2025\/03\/gemeos-4-640x427.jpg 640w, https:\/\/portaledicase.com\/wp-content\/uploads\/2025\/03\/gemeos-4-150x100.jpg 150w, https:\/\/portaledicase.com\/wp-content\/uploads\/2025\/03\/gemeos-4.jpg 1200w\" sizes=\"auto, (max-width: 1024px) 100vw, 1024px\"\/><figcaption class=\"wp-element-caption\">A sorte surgir\u00e1 quando o geminiano perguntar, observar e se mantiver aberto a aprender algo diferente (Imagem: ieronim777 | Shutterstock)<\/figcaption><\/figure>\n<\/p><\/div>\n<p>A carta \u201cPajem de Espadas\u201d mostra que conversas, ideias novas e <strong><a href=\"https:\/\/portaledicase.com\/conheca-o-lado-sombra-do-signo-de-gemeos\/\" target=\"_blank\" rel=\"noreferrer noopener\">curiosidade<\/a><\/strong> estar\u00e3o em alta. A sorte surgir\u00e1 quando voc\u00ea perguntar, observar e se mantiver aberto(a) a aprender algo diferente. A aten\u00e7\u00e3o ser\u00e1 necess\u00e1ria apenas para n\u00e3o falar antes de pensar.<\/p>\n<h2 class=\"wp-block-heading\" id=\"h-cancer-dez-de-copas\">C\u00e2ncer \u2013 Dez de Copas<\/h2>\n<div class=\"wp-block-image\">\n<figure class=\"aligncenter size-large\"><img loading=\"lazy\" decoding=\"async\" width=\"1024\" height=\"683\" src=\"https:\/\/portaledicase.com\/wp-content\/uploads\/2025\/03\/cancer-4-1024x683.jpg\" alt=\"Ilustra\u00e7\u00e3o de um caranguejo em um fundo azul-escuro\" class=\"wp-image-434316\" srcset=\"https:\/\/portaledicase.com\/wp-content\/uploads\/2025\/03\/cancer-4-1024x683.jpg 1024w, https:\/\/portaledicase.com\/wp-content\/uploads\/2025\/03\/cancer-4-300x200.jpg 300w, https:\/\/portaledicase.com\/wp-content\/uploads\/2025\/03\/cancer-4-768x512.jpg 768w, https:\/\/portaledicase.com\/wp-content\/uploads\/2025\/03\/cancer-4-640x427.jpg 640w, https:\/\/portaledicase.com\/wp-content\/uploads\/2025\/03\/cancer-4-150x100.jpg 150w, https:\/\/portaledicase.com\/wp-content\/uploads\/2025\/03\/cancer-4.jpg 1200w\" sizes=\"auto, (max-width: 1024px) 100vw, 1024px\"\/><figcaption class=\"wp-element-caption\"> Para o canceriano, o clima ser\u00e1 de acolhimento, afeto e sensa\u00e7\u00e3o de pertencimento (Imagem: ieronim777 | Shutterstock)<\/figcaption><\/figure>\n<\/p><\/div>\n<p>A carta \u201cDez de Copas\u201d revela que o clima ser\u00e1 de acolhimento, afeto e sensa\u00e7\u00e3o de pertencimento. A sorte vir\u00e1 por meio de la\u00e7os, da fam\u00edlia escolhida e de momentos simples que trar\u00e3o paz emocional.<\/p>\n<h2 class=\"wp-block-heading\" id=\"h-leao-rei-de-paus\">Le\u00e3o \u2013 Rei de Paus<\/h2>\n<div class=\"wp-block-image\">\n<figure class=\"aligncenter size-large\"><img loading=\"lazy\" decoding=\"async\" width=\"1024\" height=\"683\" src=\"https:\/\/portaledicase.com\/wp-content\/uploads\/2025\/03\/leao-5-1024x683.jpg\" alt=\"Ilustra\u00e7\u00e3o de um le\u00e3o em um fundo azul-escuro\" class=\"wp-image-434322\" srcset=\"https:\/\/portaledicase.com\/wp-content\/uploads\/2025\/03\/leao-5-1024x683.jpg 1024w, https:\/\/portaledicase.com\/wp-content\/uploads\/2025\/03\/leao-5-300x200.jpg 300w, https:\/\/portaledicase.com\/wp-content\/uploads\/2025\/03\/leao-5-768x512.jpg 768w, https:\/\/portaledicase.com\/wp-content\/uploads\/2025\/03\/leao-5-640x427.jpg 640w, https:\/\/portaledicase.com\/wp-content\/uploads\/2025\/03\/leao-5-150x100.jpg 150w, https:\/\/portaledicase.com\/wp-content\/uploads\/2025\/03\/leao-5.jpg 1200w\" sizes=\"auto, (max-width: 1024px) 100vw, 1024px\"\/><figcaption class=\"wp-element-caption\">Para o leonino, confian\u00e7a, lideran\u00e7a e vis\u00e3o de futuro estar\u00e3o em evid\u00eancia (Imagem: ieronim777 | Shutterstock)<\/figcaption><\/figure>\n<\/p><\/div>\n<p>Conforme a carta \u201cRei de Paus\u201d, <strong><a href=\"https:\/\/portaledicase.com\/10-curiosidades-sobre-os-nativos-do-signo-de-leao\/\" target=\"_blank\" rel=\"noreferrer noopener\">confian\u00e7a, lideran\u00e7a e vis\u00e3o <\/a><\/strong>de futuro estar\u00e3o em evid\u00eancia. A sorte aparecer\u00e1 quando voc\u00ea assumir o comando sem precisar provar nada para ningu\u00e9m. Seu brilho falar\u00e1 por si ao longo da semana.<\/p>\n<h2 class=\"wp-block-heading\" id=\"h-virgem-o-eremita\">Virgem \u2013 O Eremita<\/h2>\n<div class=\"wp-block-image\">\n<figure class=\"aligncenter size-large\"><img loading=\"lazy\" decoding=\"async\" width=\"1024\" height=\"683\" src=\"https:\/\/portaledicase.com\/wp-content\/uploads\/2025\/03\/virgem-4-1024x683.jpg\" alt=\"Ilustra\u00e7\u00e3o de uma mulher em um fundo azul-escuro\" class=\"wp-image-434328\" srcset=\"https:\/\/portaledicase.com\/wp-content\/uploads\/2025\/03\/virgem-4-1024x683.jpg 1024w, https:\/\/portaledicase.com\/wp-content\/uploads\/2025\/03\/virgem-4-300x200.jpg 300w, https:\/\/portaledicase.com\/wp-content\/uploads\/2025\/03\/virgem-4-768x512.jpg 768w, https:\/\/portaledicase.com\/wp-content\/uploads\/2025\/03\/virgem-4-640x427.jpg 640w, https:\/\/portaledicase.com\/wp-content\/uploads\/2025\/03\/virgem-4-150x100.jpg 150w, https:\/\/portaledicase.com\/wp-content\/uploads\/2025\/03\/virgem-4.jpg 1200w\" sizes=\"auto, (max-width: 1024px) 100vw, 1024px\"\/><figcaption class=\"wp-element-caption\">Para o virginiano, ser\u00e1 uma semana de respostas internas, clareza e decis\u00f5es mais conscientes (Imagem: ieronim777 | Shutterstock)<\/figcaption><\/figure>\n<\/p><\/div>\n<p>A carta \u201cO Eremita\u201d mostra que a sorte n\u00e3o vir\u00e1 no barulho, mas no sil\u00eancio. Ser\u00e1 uma semana de respostas internas, clareza e decis\u00f5es mais conscientes. Escutar a si ser\u00e1 mais valioso do que qualquer opini\u00e3o externa.<\/p>\n<h2 class=\"wp-block-heading\" id=\"h-libra-dois-de-copas\">Libra \u2013 Dois de Copas<\/h2>\n<div class=\"wp-block-image\">\n<figure class=\"aligncenter size-large\"><img loading=\"lazy\" decoding=\"async\" width=\"1024\" height=\"683\" src=\"https:\/\/portaledicase.com\/wp-content\/uploads\/2025\/03\/libra-4-1024x683.jpg\" alt=\"Ilustra\u00e7\u00e3o de uma balan\u00e7a em um fundo azul-escuro\" class=\"wp-image-434323\" srcset=\"https:\/\/portaledicase.com\/wp-content\/uploads\/2025\/03\/libra-4-1024x683.jpg 1024w, https:\/\/portaledicase.com\/wp-content\/uploads\/2025\/03\/libra-4-300x200.jpg 300w, https:\/\/portaledicase.com\/wp-content\/uploads\/2025\/03\/libra-4-768x512.jpg 768w, https:\/\/portaledicase.com\/wp-content\/uploads\/2025\/03\/libra-4-640x427.jpg 640w, https:\/\/portaledicase.com\/wp-content\/uploads\/2025\/03\/libra-4-150x100.jpg 150w, https:\/\/portaledicase.com\/wp-content\/uploads\/2025\/03\/libra-4.jpg 1200w\" sizes=\"auto, (max-width: 1024px) 100vw, 1024px\"\/><figcaption class=\"wp-element-caption\">Para o libriano, conex\u00f5es verdadeiras ficar\u00e3o em destaque (Imagem: ieronim777 | Shutterstock)<\/figcaption><\/figure>\n<\/p><\/div>\n<p>A carta \u201cDois de Copas\u201d mostra que <strong><a href=\"https:\/\/portaledicase.com\/libra-veja-a-combinacao-amorosa-com-os-12-signos\/\" target=\"_blank\" rel=\"noreferrer noopener\">conex\u00f5es verdadeiras<\/a><\/strong> ficar\u00e3o em destaque. A sorte se manifestar\u00e1 em parcerias, encontros, acordos e rela\u00e7\u00f5es que fluir\u00e3o com troca e respeito. Ser\u00e1 uma boa semana para alinhar cora\u00e7\u00e3o e di\u00e1logo.<\/p>\n<h2 class=\"wp-block-heading\" id=\"h-escorpiao-rainha-de-copas\">Escorpi\u00e3o \u2013 Rainha de Copas<\/h2>\n<div class=\"wp-block-image\">\n<figure class=\"aligncenter size-large\"><img loading=\"lazy\" decoding=\"async\" width=\"1024\" height=\"683\" src=\"https:\/\/portaledicase.com\/wp-content\/uploads\/2025\/03\/escorpiao-4-1024x683.jpg\" alt=\"Ilustra\u00e7\u00e3o de um escorpi\u00e3o em um fundo azul-escuro\" class=\"wp-image-434319\" srcset=\"https:\/\/portaledicase.com\/wp-content\/uploads\/2025\/03\/escorpiao-4-1024x683.jpg 1024w, https:\/\/portaledicase.com\/wp-content\/uploads\/2025\/03\/escorpiao-4-300x200.jpg 300w, https:\/\/portaledicase.com\/wp-content\/uploads\/2025\/03\/escorpiao-4-768x512.jpg 768w, https:\/\/portaledicase.com\/wp-content\/uploads\/2025\/03\/escorpiao-4-640x427.jpg 640w, https:\/\/portaledicase.com\/wp-content\/uploads\/2025\/03\/escorpiao-4-150x100.jpg 150w, https:\/\/portaledicase.com\/wp-content\/uploads\/2025\/03\/escorpiao-4.jpg 1200w\" sizes=\"auto, (max-width: 1024px) 100vw, 1024px\"\/><figcaption class=\"wp-element-caption\">A sensibilidade do escorpiano estar\u00e1 afiada e a intui\u00e7\u00e3o, poderosa (Imagem: ieronim777 | Shutterstock)<\/figcaption><\/figure>\n<\/p><\/div>\n<p>A carta \u201cRainha de Copas\u201d revela que a sensibilidade estar\u00e1 afiada e a intui\u00e7\u00e3o, poderosa. A sorte vir\u00e1 quando voc\u00ea confiar no que sente e parar de racionalizar demais as emo\u00e7\u00f5es. Proteger sua energia ser\u00e1 essencial.<\/p>\n<h2 class=\"wp-block-heading\" id=\"h-sagitario-o-julgamento\">Sagit\u00e1rio \u2013 O Julgamento<\/h2>\n<div class=\"wp-block-image\">\n<figure class=\"aligncenter size-large\"><img loading=\"lazy\" decoding=\"async\" width=\"1024\" height=\"683\" src=\"https:\/\/portaledicase.com\/wp-content\/uploads\/2025\/03\/sagitario-5-1024x683.jpg\" alt=\"Ilustra\u00e7\u00e3o de um arco e flecha em um fundo azul-escuro\" class=\"wp-image-434325\" srcset=\"https:\/\/portaledicase.com\/wp-content\/uploads\/2025\/03\/sagitario-5-1024x683.jpg 1024w, https:\/\/portaledicase.com\/wp-content\/uploads\/2025\/03\/sagitario-5-300x200.jpg 300w, https:\/\/portaledicase.com\/wp-content\/uploads\/2025\/03\/sagitario-5-768x512.jpg 768w, https:\/\/portaledicase.com\/wp-content\/uploads\/2025\/03\/sagitario-5-640x427.jpg 640w, https:\/\/portaledicase.com\/wp-content\/uploads\/2025\/03\/sagitario-5-150x100.jpg 150w, https:\/\/portaledicase.com\/wp-content\/uploads\/2025\/03\/sagitario-5.jpg 1200w\" sizes=\"auto, (max-width: 1024px) 100vw, 1024px\"\/><figcaption class=\"wp-element-caption\">A semana trar\u00e1 ao sagitariano um chamado, uma virada de consci\u00eancia e decis\u00f5es importantes (Imagem: ieronim777 | Shutterstock)<\/figcaption><\/figure>\n<\/p><\/div>\n<p>A carta \u201cO Julgamento\u201d mostra que a semana trar\u00e1 um chamado, uma virada de <strong><a href=\"https:\/\/portaledicase.com\/sagitario-confira-as-caracteristicas-desse-signo-do-zodiaco\/\" target=\"_blank\" rel=\"noreferrer noopener\">consci\u00eancia e decis\u00f5es <\/a><\/strong>importantes. A sorte aparecer\u00e1 quando voc\u00ea atender ao que j\u00e1 vem sendo pedido h\u00e1 tempos e deixar o passado em seu devido lugar.<\/p>\n<h2 class=\"wp-block-heading\" id=\"h-capricornio-o-imperador\">Capric\u00f3rnio \u2013 O Imperador<\/h2>\n<div class=\"wp-block-image\">\n<figure class=\"aligncenter size-large\"><img loading=\"lazy\" decoding=\"async\" width=\"1024\" height=\"683\" src=\"https:\/\/portaledicase.com\/wp-content\/uploads\/2025\/03\/capricornio-5-1024x683.jpg\" alt=\"Ilustra\u00e7\u00e3o de um carneiro em um fundo azul-escuro\" class=\"wp-image-434317\" srcset=\"https:\/\/portaledicase.com\/wp-content\/uploads\/2025\/03\/capricornio-5-1024x683.jpg 1024w, https:\/\/portaledicase.com\/wp-content\/uploads\/2025\/03\/capricornio-5-300x200.jpg 300w, https:\/\/portaledicase.com\/wp-content\/uploads\/2025\/03\/capricornio-5-768x512.jpg 768w, https:\/\/portaledicase.com\/wp-content\/uploads\/2025\/03\/capricornio-5-640x427.jpg 640w, https:\/\/portaledicase.com\/wp-content\/uploads\/2025\/03\/capricornio-5-150x100.jpg 150w, https:\/\/portaledicase.com\/wp-content\/uploads\/2025\/03\/capricornio-5.jpg 1200w\" sizes=\"auto, (max-width: 1024px) 100vw, 1024px\"\/><figcaption class=\"wp-element-caption\"> Estrutura, firmeza e controle marcar\u00e3o o per\u00edodo do capricorniano (Imagem: ieronim777 | Shutterstock)<\/figcaption><\/figure>\n<\/p><\/div>\n<p>A carta \u201cO Imperador\u201d mostra que estrutura, firmeza e controle marcar\u00e3o o per\u00edodo. A sorte vir\u00e1 quando voc\u00ea se organizar, assumir responsabilidades e estabelecer limites claros. Ser\u00e1 uma semana produtiva, desde que voc\u00ea n\u00e3o carregue tudo sozinho(a).<\/p>\n<h2 class=\"wp-block-heading\" id=\"h-aquario-seis-de-paus\">Aqu\u00e1rio \u2013 Seis de Paus<\/h2>\n<div class=\"wp-block-image\">\n<figure class=\"aligncenter size-large\"><img loading=\"lazy\" decoding=\"async\" width=\"1024\" height=\"683\" src=\"https:\/\/portaledicase.com\/wp-content\/uploads\/2025\/03\/aquario-6-1024x683.jpg\" alt=\"Ilustra\u00e7\u00e3o de uma \u00e2nfora em um fundo azul-escuro\" class=\"wp-image-434313\" srcset=\"https:\/\/portaledicase.com\/wp-content\/uploads\/2025\/03\/aquario-6-1024x683.jpg 1024w, https:\/\/portaledicase.com\/wp-content\/uploads\/2025\/03\/aquario-6-300x200.jpg 300w, https:\/\/portaledicase.com\/wp-content\/uploads\/2025\/03\/aquario-6-768x512.jpg 768w, https:\/\/portaledicase.com\/wp-content\/uploads\/2025\/03\/aquario-6-640x427.jpg 640w, https:\/\/portaledicase.com\/wp-content\/uploads\/2025\/03\/aquario-6-150x100.jpg 150w, https:\/\/portaledicase.com\/wp-content\/uploads\/2025\/03\/aquario-6.jpg 1200w\" sizes=\"auto, (max-width: 1024px) 100vw, 1024px\"\/><figcaption class=\"wp-element-caption\"> Para o aquariano, reconhecimento, visibilidade e pequenas vit\u00f3rias estar\u00e3o presentes (Imagem: ieronim777 | Shutterstock)<\/figcaption><\/figure>\n<\/p><\/div>\n<p>A carta \u201cSeis de Paus\u201d revela que <strong><a href=\"https:\/\/portaledicase.com\/conheca-as-profissoes-ideais-para-o-signo-de-aquario\/\" target=\"_blank\" rel=\"noreferrer noopener\">reconhecimento, visibilidade<\/a><\/strong> e pequenas vit\u00f3rias estar\u00e3o presentes. A sorte aparecer\u00e1 quando voc\u00ea se permitir ser visto(a) e comemorar conquistas, mesmo aquelas que parecerem simples.<\/p>\n<h2 class=\"wp-block-heading\" id=\"h-peixes-sete-de-copas\">Peixes \u2013 Sete de Copas<\/h2>\n<div class=\"wp-block-image\">\n<figure class=\"aligncenter size-large\"><img loading=\"lazy\" decoding=\"async\" width=\"1024\" height=\"683\" src=\"https:\/\/portaledicase.com\/wp-content\/uploads\/2025\/03\/peixes-4-1024x683.jpg\" alt=\"Ilustra\u00e7\u00e3o de dois peixes em um fundo azul-escuro\" class=\"wp-image-434324\" srcset=\"https:\/\/portaledicase.com\/wp-content\/uploads\/2025\/03\/peixes-4-1024x683.jpg 1024w, https:\/\/portaledicase.com\/wp-content\/uploads\/2025\/03\/peixes-4-300x200.jpg 300w, https:\/\/portaledicase.com\/wp-content\/uploads\/2025\/03\/peixes-4-768x512.jpg 768w, https:\/\/portaledicase.com\/wp-content\/uploads\/2025\/03\/peixes-4-640x427.jpg 640w, https:\/\/portaledicase.com\/wp-content\/uploads\/2025\/03\/peixes-4-150x100.jpg 150w, https:\/\/portaledicase.com\/wp-content\/uploads\/2025\/03\/peixes-4.jpg 1200w\" sizes=\"auto, (max-width: 1024px) 100vw, 1024px\"\/><figcaption class=\"wp-element-caption\">A sorte vir\u00e1 quando o pisciano escolher com clareza e n\u00e3o se perder em ilus\u00f5es (Imagem: ieronim777 | Shutterstock)<\/figcaption><\/figure>\n<\/p><\/div>\n<p>A carta \u201cSete de Copas\u201d mostra que muitas possibilidades surgir\u00e3o, mas nem todas ser\u00e3o reais. A sorte vir\u00e1 quando voc\u00ea escolher com clareza e n\u00e3o se perder em ilus\u00f5es. Confiar na intui\u00e7\u00e3o ser\u00e1 importante, mas manter os p\u00e9s no ch\u00e3o far\u00e1 toda a diferen\u00e7a.<\/p>\n<p><em><strong><a href=\"https:\/\/www.contosdefadas.com\/?fbclid=PAZXh0bgNhZW0CMTEAAaZV_Y-FHt8wcg8b1wLJn-DlgNKoWRKa3HVRU1QG-v31uB9Qslx6sd81ESk_aem_jxk2iWOjo7707-k4NfZZ7g\" target=\"_blank\" rel=\"noreferrer noopener\"><em>Victor Valentim<\/em><\/a><\/strong><\/em><\/p>\n<div class=\"wp-block-image\">\n<figure class=\"alignleft size-full\"><img loading=\"lazy\" decoding=\"async\" width=\"100\" height=\"100\" src=\"https:\/\/portaledicase.com\/wp-content\/uploads\/2025\/07\/victor.jpg\" alt=\"\" class=\"wp-image-476096\" srcset=\"https:\/\/portaledicase.com\/wp-content\/uploads\/2025\/07\/victor.jpg 100w, https:\/\/portaledicase.com\/wp-content\/uploads\/2025\/07\/victor-96x96.jpg 96w\" sizes=\"auto, (max-width: 100px) 100vw, 100px\"\/><\/figure>\n<\/p><\/div>\n<p><em>Apresentando o misticismo de forma descontra\u00edda, Victor Valentim faz sucesso nas redes sociais. O tar\u00f3logo e astr\u00f3logo trabalha com magia natural desde os 14 anos. Entregando o esoterismo aos internautas de forma leve e descontra\u00edda, ele tem se destacado pelas redes sociais\u00a0<strong><a href=\"https:\/\/www.instagram.com\/bosquedosgnomos?igsh=MXdjemN2c2llczVybw%3D%3D\" target=\"_blank\" rel=\"noreferrer noopener\">@bosquedosgnomos<\/a><\/strong>\u00a0e j\u00e1 coleciona quase 400 mil seguidore<\/em>s.<\/p>\n<section class=\"virals\">\n<article class=\"cardnews cardnews--post cardnews--has-thumbnail cardnews--editorial-noticias\"> <a href=\"https:\/\/www.tribunapr.com.br\/noticias\/curitiba-regiao\/contas-no-inicio-do-ano-desafiam-familias-saiba-como-equilibrar-os-gastos\/?utm_source=noticias-virais-rodape&amp;utm_medium=internal-tribuna&amp;utm_campaign=tribuna\" class=\"cardnews__postlink\"> <\/p>\n<div class=\"cardnews__image\" is-api-thumb=\"\"><img decoding=\"async\" src=\"https:\/\/www.tribunapr.com.br\/wp-content\/uploads\/2026\/01\/14204403\/Depositphotos_46203397_XL-370x210.jpg\" loading=\"lazy\" alt=\"Descubra como pagar IPTU, IPVA e escola sem sufocar seu bolso\"\/><\/div>\n<div class=\"cardnews__content cardhome__content\">\n<div class=\"cardnews__content-wrapper\">\n<p> <span style=\"\"> IPTU, IPVA&#8230; <\/span> <\/p>\n<p>Descubra como pagar IPTU, IPVA e escola sem sufocar seu bolso<\/p>\n<\/p><\/div>\n<\/p><\/div>\n<p> <\/a> <\/article>\n<article class=\"cardnews cardnews--post cardnews--has-thumbnail cardnews--editorial-noticias\"> <a href=\"https:\/\/www.tribunapr.com.br\/noticias\/brasil\/jeito-errado-de-usar-a-geladeira-pode-custar-alto-na-conta-de-luz\/?utm_source=noticias-virais-rodape&amp;utm_medium=internal-tribuna&amp;utm_campaign=tribuna\" class=\"cardnews__postlink\"> <\/p>\n<div class=\"cardnews__image\" is-api-thumb=\"\"><img decoding=\"async\" src=\"https:\/\/www.tribunapr.com.br\/wp-content\/uploads\/2026\/01\/14114224\/geladeira-370x210.jpg\" loading=\"lazy\" alt=\"Erro comum com geladeira pode explodir sua conta de luz\"\/><\/div>\n<div class=\"cardnews__content cardhome__content\">\n<div class=\"cardnews__content-wrapper\">\n<p> <span style=\"\"> Economia <\/span> <\/p>\n<p>Erro comum com geladeira pode explodir sua conta de luz<\/p>\n<\/p><\/div>\n<\/p><\/div>\n<p> <\/a> <\/article>\n<article class=\"cardnews cardnews--post cardnews--has-thumbnail cardnews--editorial-noticias\"> <a href=\"https:\/\/www.tribunapr.com.br\/blogs\/cacador-de-boteco\/em-curitiba-madeira-chope-e-encontros-dao-forma-ao-celeiro-do-malte\/?utm_source=noticias-virais-rodape&amp;utm_medium=internal-tribuna&amp;utm_campaign=tribuna\" class=\"cardnews__postlink\"> <\/p>\n<div class=\"cardnews__image\" is-api-thumb=\"\"><img decoding=\"async\" src=\"https:\/\/www.tribunapr.com.br\/wp-content\/uploads\/2022\/10\/15074047\/celeiro-do-malte-2-370x210.jpg\" loading=\"lazy\" alt=\"Este bar r\u00fastico em Curitiba virou sensa\u00e7\u00e3o entre cervejeiros\"\/><\/div>\n<div class=\"cardnews__content cardhome__content\">\n<div class=\"cardnews__content-wrapper\">\n<p> <span style=\"\"> Ca\u00e7ador de Boteco <\/span> <\/p>\n<p>Este bar r\u00fastico em Curitiba virou sensa\u00e7\u00e3o entre cervejeiros<\/p>\n<\/p><\/div>\n<\/p><\/div>\n<p> <\/a> <\/article>\n<\/section>\n<div id=\"tribuna-follow-cta\">\n<p> <span class=\"cta-title\">Siga a <span class=\"tribuna-color\">Tribuna<\/span> no Google, e acompanhe as \u00faltimas not\u00edcias de Curitiba e regi\u00e3o!<\/span> <\/p>\n<p> <a href=\"https:\/\/profile.google.com\/cp\/CgwvZy8xMmxxajUzM3Mac2h0dHBzOi8vd3d3LnRyaWJ1bmFwci5jb20uYnIvdml2YS92aXRyaW5lL2dpZ2FudGUtZG8tdmVzdHVhcmlvLXJlaW5hdWd1cmEtbG9qYS1lbS1zaG9wcGluZy10cmFkaWNpb25hbC1kZS1jdXJpdGliYS8iElRyaWJ1bmEgZG8gUGFyYW7DoSqAAwrHAWh0dHBzOi8vZW5jcnlwdGVkLXRibjIuZ3N0YXRpYy5jb20vZmF2aWNvbi10Ym4_cT10Ym46QU5kOUdjUVJPbjVDRjR6TzJPbkUwTXZrRlRCRTY2U0g1bGlaVDRaZTV3bWNKeU5GRm1BSnluM01nNU9PR3BXY1pYMzZwYU5HUWtsZ09JVEFLTTNNZVNGbTc1aWp6M3k2ajUtQ3M2b25kX2JUcFFQQkVLd3RsUjBsTmJESnUtVHhrNXQtbFlCNlVpOWZSVVFjT2cSswFodHRwczovL2VuY3J5cHRlZC10Ym4zLmdzdGF0aWMuY29tL2Zhdmljb24tdGJuP3E9dGJuJTNBQU5kOUdjU0FMaWJ2eFF0YXdFMFRueVdWWmVKRS1MZEdRZjVTUi1OZ2RMazhyZzIwVy1nM0JuQ1F4VDNKZFBjRXR2THdBeVRxUDJEdHVycEdVR29CQkxpYzM5al9wSmFxRERaMHNCYW05WEVhSGVsMmZTQmdKdlF4WWVyMw\" target=\"_blank\" title=\"Seguir a Tribuna no Google\">  <\/a> <\/div>\n<\/p><\/div>\n<p><script async src=\"\/\/www.instagram.com\/embed.js\"><\/script><br \/>\n<br \/><a href=\"https:\/\/www.tribunapr.com.br\/variedades\/tarot-semanal-previsao-para-os-signos-de-02-a-08-de-fevereiro-de-2026\/\">Source link <\/a><\/p>","protected":false},"excerpt":{"rendered":"<p>A semana trar\u00e1 uma energia de movimento, escolhas conscientes e alinhamento interno para todos os signos. Conforme as cartas do tarot, haver\u00e1 impulso para agir, se posicionar e dar passos importantes, mas a sorte favorecer\u00e1 quem souber equilibrar iniciativa com escuta interior. Rela\u00e7\u00f5es, parcerias e v\u00ednculos afetivos ganhar\u00e3o destaque, assim como decis\u00f5es que pedem maturidade [&hellip;]<\/p>\n","protected":false},"author":1,"featured_media":83934,"comment_status":"closed","ping_status":"","sticky":false,"template":"","format":"standard","meta":{"googlesitekit_rrm_CAow2JLhCw:productID":"","_gspb_post_css":"","maa_idioma":"","maa_pais":"","footnotes":""},"categories":[1],"tags":[16857,15688,2904,3085,3084,3086,3083],"class_list":["post-83933","post","type-post","status-publish","format-standard","has-post-thumbnail","hentry","category-ubirata","tag-a08","tag-fevereirode","tag-para","tag-previsao","tag-semanal","tag-signos","tag-tarot"],"blocksy_meta":[],"yoast_head":"<!-- This site is optimized with the Yoast SEO Premium plugin v27.6 (Yoast SEO v27.6) - https:\/\/yoast.com\/product\/yoast-seo-premium-wordpress\/ -->\n<title>Tarot semanal: previs\u00e3o para os signos de 02 a\u00a008 de fevereiro\u00a0de 2026 - Ubirat\u00e3 Online Not\u00edcias - A realidade ao seu alcance!<\/title>\n<meta name=\"description\" content=\"A semana trar\u00e1 uma energia de movimento, escolhas conscientes e alinhamento interno para todos os signos. Conforme as cartas do tarot, haver\u00e1 impulso para\" \/>\n<meta name=\"robots\" content=\"index, follow, max-snippet:-1, max-image-preview:large, max-video-preview:-1\" \/>\n<link rel=\"canonical\" href=\"https:\/\/ubirataonline.com.br\/en\/tarot-semanal-previsao-para-os-signos-de-02-a-08-de-fevereiro-de-2026\/\" \/>\n<meta property=\"og:locale\" content=\"en_US\" \/>\n<meta property=\"og:type\" content=\"article\" \/>\n<meta property=\"og:title\" content=\"Tarot semanal: previs\u00e3o para os signos de 02 a\u00a008 de fevereiro\u00a0de 2026\" \/>\n<meta property=\"og:description\" content=\"A semana trar\u00e1 uma energia de movimento, escolhas conscientes e alinhamento interno para todos os signos. Conforme as cartas do tarot, haver\u00e1 impulso para\" \/>\n<meta property=\"og:url\" content=\"https:\/\/ubirataonline.com.br\/en\/tarot-semanal-previsao-para-os-signos-de-02-a-08-de-fevereiro-de-2026\/\" \/>\n<meta property=\"og:site_name\" content=\"Ubirat\u00e3 Online Not\u00edcias - A realidade ao seu alcance!\" \/>\n<meta property=\"article:publisher\" content=\"https:\/\/www.facebook.com\/portalubirataonline\" \/>\n<meta property=\"article:author\" content=\"https:\/\/www.facebook.com\/portalubirataonline\" \/>\n<meta property=\"article:published_time\" content=\"2026-02-01T15:59:27+00:00\" \/>\n<meta property=\"article:modified_time\" content=\"2026-02-01T15:59:29+00:00\" \/>\n<meta property=\"og:image\" content=\"https:\/\/ubirataonline.com.br\/wp-content\/uploads\/2026\/02\/Tarot-semanal-previsao-para-os-signos-de-02-a-08-de.jpg\" \/>\n\t<meta property=\"og:image:width\" content=\"1200\" \/>\n\t<meta property=\"og:image:height\" content=\"800\" \/>\n\t<meta property=\"og:image:type\" content=\"image\/jpeg\" \/>\n<meta name=\"author\" content=\"REDA\u00c7\u00c3O: UBIRAT\u00c3 ONLINE - F\u00c1BIO AUGUSTO CELESTINO\" \/>\n<meta name=\"twitter:card\" content=\"summary_large_image\" \/>\n<meta name=\"twitter:creator\" content=\"@x.com\/ubirataonline\" \/>\n<meta name=\"twitter:site\" content=\"@ubirataonline\" \/>\n<meta name=\"twitter:label1\" content=\"Written by\" \/>\n\t<meta name=\"twitter:data1\" content=\"REDA\u00c7\u00c3O: UBIRAT\u00c3 ONLINE - F\u00c1BIO AUGUSTO CELESTINO\" \/>\n\t<meta name=\"twitter:label2\" content=\"Est. reading time\" \/>\n\t<meta name=\"twitter:data2\" content=\"5 minutes\" \/>\n<script type=\"application\/ld+json\" class=\"yoast-schema-graph\">{\"@context\":\"https:\\\/\\\/schema.org\",\"@graph\":[{\"@type\":\"NewsArticle\",\"@id\":\"https:\\\/\\\/ubirataonline.com.br\\\/tarot-semanal-previsao-para-os-signos-de-02-a-08-de-fevereiro-de-2026\\\/#article\",\"isPartOf\":{\"@id\":\"https:\\\/\\\/ubirataonline.com.br\\\/tarot-semanal-previsao-para-os-signos-de-02-a-08-de-fevereiro-de-2026\\\/\"},\"author\":{\"name\":\"REDA\u00c7\u00c3O: UBIRAT\u00c3 ONLINE - F\u00c1BIO AUGUSTO CELESTINO\",\"@id\":\"https:\\\/\\\/ubirataonline.com.br\\\/#\\\/schema\\\/person\\\/372f87bbd3fdd79b8556b84c98d0bc1c\"},\"headline\":\"Tarot semanal: previs\u00e3o para os signos de 02 a\u00a008 de fevereiro\u00a0de 2026\",\"datePublished\":\"2026-02-01T15:59:27+00:00\",\"dateModified\":\"2026-02-01T15:59:29+00:00\",\"mainEntityOfPage\":{\"@id\":\"https:\\\/\\\/ubirataonline.com.br\\\/tarot-semanal-previsao-para-os-signos-de-02-a-08-de-fevereiro-de-2026\\\/\"},\"wordCount\":973,\"publisher\":{\"@id\":\"https:\\\/\\\/ubirataonline.com.br\\\/#organization\"},\"image\":{\"@id\":\"https:\\\/\\\/ubirataonline.com.br\\\/tarot-semanal-previsao-para-os-signos-de-02-a-08-de-fevereiro-de-2026\\\/#primaryimage\"},\"thumbnailUrl\":\"https:\\\/\\\/ubirataonline.com.br\\\/wp-content\\\/uploads\\\/2026\\\/02\\\/Tarot-semanal-previsao-para-os-signos-de-02-a-08-de.jpg\",\"keywords\":[\"a08\",\"fevereirode\",\"para\",\"previs\u00e3o\",\"semanal\",\"signos\",\"Tarot\"],\"articleSection\":[\"Ubirat\u00e3\"],\"inLanguage\":\"en-US\",\"copyrightYear\":\"2026\",\"copyrightHolder\":{\"@id\":\"https:\\\/\\\/ubirataonline.com.br\\\/en\\\/#organization\"}},{\"@type\":\"WebPage\",\"@id\":\"https:\\\/\\\/ubirataonline.com.br\\\/tarot-semanal-previsao-para-os-signos-de-02-a-08-de-fevereiro-de-2026\\\/\",\"url\":\"https:\\\/\\\/ubirataonline.com.br\\\/tarot-semanal-previsao-para-os-signos-de-02-a-08-de-fevereiro-de-2026\\\/\",\"name\":\"Tarot semanal: previs\u00e3o para os signos de 02 a\u00a008 de fevereiro\u00a0de 2026 - Ubirat\u00e3 Online Not\u00edcias - A realidade ao seu alcance!\",\"isPartOf\":{\"@id\":\"https:\\\/\\\/ubirataonline.com.br\\\/#website\"},\"primaryImageOfPage\":{\"@id\":\"https:\\\/\\\/ubirataonline.com.br\\\/tarot-semanal-previsao-para-os-signos-de-02-a-08-de-fevereiro-de-2026\\\/#primaryimage\"},\"image\":{\"@id\":\"https:\\\/\\\/ubirataonline.com.br\\\/tarot-semanal-previsao-para-os-signos-de-02-a-08-de-fevereiro-de-2026\\\/#primaryimage\"},\"thumbnailUrl\":\"https:\\\/\\\/ubirataonline.com.br\\\/wp-content\\\/uploads\\\/2026\\\/02\\\/Tarot-semanal-previsao-para-os-signos-de-02-a-08-de.jpg\",\"datePublished\":\"2026-02-01T15:59:27+00:00\",\"dateModified\":\"2026-02-01T15:59:29+00:00\",\"description\":\"A semana trar\u00e1 uma energia de movimento, escolhas conscientes e alinhamento interno para todos os signos. Conforme as cartas do tarot, haver\u00e1 impulso para\",\"breadcrumb\":{\"@id\":\"https:\\\/\\\/ubirataonline.com.br\\\/tarot-semanal-previsao-para-os-signos-de-02-a-08-de-fevereiro-de-2026\\\/#breadcrumb\"},\"inLanguage\":\"en-US\",\"potentialAction\":[{\"@type\":\"ReadAction\",\"target\":[\"https:\\\/\\\/ubirataonline.com.br\\\/tarot-semanal-previsao-para-os-signos-de-02-a-08-de-fevereiro-de-2026\\\/\"]}]},{\"@type\":\"ImageObject\",\"inLanguage\":\"en-US\",\"@id\":\"https:\\\/\\\/ubirataonline.com.br\\\/tarot-semanal-previsao-para-os-signos-de-02-a-08-de-fevereiro-de-2026\\\/#primaryimage\",\"url\":\"https:\\\/\\\/ubirataonline.com.br\\\/wp-content\\\/uploads\\\/2026\\\/02\\\/Tarot-semanal-previsao-para-os-signos-de-02-a-08-de.jpg\",\"contentUrl\":\"https:\\\/\\\/ubirataonline.com.br\\\/wp-content\\\/uploads\\\/2026\\\/02\\\/Tarot-semanal-previsao-para-os-signos-de-02-a-08-de.jpg\",\"width\":1200,\"height\":800,\"caption\":\"Os nativos sentir\u00e3o impulso para agir, se posicionar e dar passos importantes (Imagem: sondem | Shutterstock)\"},{\"@type\":\"BreadcrumbList\",\"@id\":\"https:\\\/\\\/ubirataonline.com.br\\\/tarot-semanal-previsao-para-os-signos-de-02-a-08-de-fevereiro-de-2026\\\/#breadcrumb\",\"itemListElement\":[{\"@type\":\"ListItem\",\"position\":1,\"name\":\"In\u00edcio\",\"item\":\"https:\\\/\\\/ubirataonline.com.br\\\/\"},{\"@type\":\"ListItem\",\"position\":2,\"name\":\"Tarot semanal: previs\u00e3o para os signos de 02 a\u00a008 de fevereiro\u00a0de 2026\"}]},{\"@type\":\"WebSite\",\"@id\":\"https:\\\/\\\/ubirataonline.com.br\\\/#website\",\"url\":\"https:\\\/\\\/ubirataonline.com.br\\\/\",\"name\":\"Ubirat\u00e3 Online Not\u00edcias\",\"description\":\"Not\u00edcias de Ubirat\u00e3, regi\u00e3o, Brasil e mundo, com informa\u00e7\u00e3o atualizada e compromisso com o leitor.\",\"publisher\":{\"@id\":\"https:\\\/\\\/ubirataonline.com.br\\\/#organization\"},\"alternateName\":\"Ubirat\u00e3 Online\",\"potentialAction\":[{\"@type\":\"SearchAction\",\"target\":{\"@type\":\"EntryPoint\",\"urlTemplate\":\"https:\\\/\\\/ubirataonline.com.br\\\/?s={search_term_string}\"},\"query-input\":{\"@type\":\"PropertyValueSpecification\",\"valueRequired\":true,\"valueName\":\"search_term_string\"}}],\"inLanguage\":\"en-US\"},{\"@type\":[\"Organization\",\"Place\"],\"@id\":\"https:\\\/\\\/ubirataonline.com.br\\\/#organization\",\"name\":\"Ubirat\u00e3 Online Not\u00edcias\",\"alternateName\":\"Ubirat\u00e3 Online\",\"url\":\"https:\\\/\\\/ubirataonline.com.br\\\/\",\"logo\":{\"@id\":\"https:\\\/\\\/ubirataonline.com.br\\\/tarot-semanal-previsao-para-os-signos-de-02-a-08-de-fevereiro-de-2026\\\/#local-main-organization-logo\"},\"image\":{\"@id\":\"https:\\\/\\\/ubirataonline.com.br\\\/tarot-semanal-previsao-para-os-signos-de-02-a-08-de-fevereiro-de-2026\\\/#local-main-organization-logo\"},\"sameAs\":[\"https:\\\/\\\/www.facebook.com\\\/portalubirataonline\",\"https:\\\/\\\/x.com\\\/ubirataonline\",\"https:\\\/\\\/mastodon.social\\\/@ubirataonline\",\"https:\\\/\\\/www.facebook.com\\\/groups\\\/311144672285604\",\"https:\\\/\\\/www.facebook.com\\\/UBTAOnline\",\"https:\\\/\\\/www.instagram.com\\\/portalubirataonline\\\/\",\"https:\\\/\\\/twitter.com\\\/ubirataonline\"],\"description\":\"Somos um portal de not\u00edcias independente, criado em 5 de janeiro de 2009, com o objetivo de informar, conectar e valorizar a nossa comunidade de Ubirat\u00e3 e toda aregi\u00e3o. Com conte\u00fado atualizado, confi\u00e1vel e relevante, o Ubirat\u00e3 Online \u00e9 o seu espa\u00e7o para ficar por dentro dos principais acontecimentos locais, regionais, Brasil, Mundo e de interesse geral. Nosso compromisso \u00e9 com a verdade, a transpar\u00eancia e o respeito ao leitor.\",\"legalName\":\"UBIRATA ONLINE NOT\u00cdCIAS\",\"foundingDate\":\"2009-01-05\",\"numberOfEmployees\":{\"@type\":\"QuantitativeValue\",\"minValue\":\"1\",\"maxValue\":\"10\"},\"publishingPrinciples\":\"https:\\\/\\\/ubirataonline.com.br\\\/faq\\\/\",\"address\":{\"@id\":\"https:\\\/\\\/ubirataonline.com.br\\\/tarot-semanal-previsao-para-os-signos-de-02-a-08-de-fevereiro-de-2026\\\/#local-main-place-address\"},\"geo\":{\"@type\":\"GeoCoordinates\",\"latitude\":\"-24.5361401\",\"longitude\":\"-52.9921776\"},\"telephone\":[\"+5544998308235\"],\"contactPoint\":{\"@type\":\"ContactPoint\",\"email\":\"contato@ubirataonline.com.br\"},\"openingHoursSpecification\":{\"@type\":\"OpeningHoursSpecification\",\"dayOfWeek\":[\"Monday\",\"Tuesday\",\"Wednesday\",\"Thursday\",\"Friday\",\"Saturday\",\"Sunday\"],\"opens\":\"00:00\",\"closes\":\"23:59\"},\"email\":\"contato@ubirataonline.com.br\",\"vatID\":\"47.621.418\\\/0001-80\"},{\"@type\":\"Person\",\"@id\":\"https:\\\/\\\/ubirataonline.com.br\\\/#\\\/schema\\\/person\\\/372f87bbd3fdd79b8556b84c98d0bc1c\",\"name\":\"REDA\u00c7\u00c3O: UBIRAT\u00c3 ONLINE - F\u00c1BIO AUGUSTO CELESTINO\",\"pronouns\":\"Ele\",\"description\":\"Desde 2003 trabalhando com not\u00edcias.\",\"sameAs\":[\"http:\\\/\\\/ubirataoline.com.br\",\"https:\\\/\\\/www.facebook.com\\\/portalubirataonline\",\"https:\\\/\\\/www.instagram.com\\\/ubirataonline_oficial\",\"https:\\\/\\\/x.com\\\/x.com\\\/ubirataonline\"],\"honorificPrefix\":\"Mr.\",\"honorificSuffix\":\"MD\",\"birthDate\":\"1980-06-16\",\"gender\":\"masculino\",\"award\":[\"V\u00e1rios pr\u00eamios de melhor portal da cidade\"],\"jobTitle\":\"Diretor\",\"url\":\"https:\\\/\\\/ubirataonline.com.br\\\/en\\\/author\\\/ubirataonline\\\/\"},{\"@type\":\"PostalAddress\",\"@id\":\"https:\\\/\\\/ubirataonline.com.br\\\/tarot-semanal-previsao-para-os-signos-de-02-a-08-de-fevereiro-de-2026\\\/#local-main-place-address\",\"streetAddress\":\"Rua dos Coqueiros, 104 - Bairro Boa Vista, Rua dos Coqueiros, 104 Bairro Boa Vista\",\"addressLocality\":\"UBIRATA\",\"postalCode\":\"85440-000\",\"addressRegion\":\"PR\",\"addressCountry\":\"BR\"},{\"@type\":\"ImageObject\",\"inLanguage\":\"en-US\",\"@id\":\"https:\\\/\\\/ubirataonline.com.br\\\/tarot-semanal-previsao-para-os-signos-de-02-a-08-de-fevereiro-de-2026\\\/#local-main-organization-logo\",\"url\":\"https:\\\/\\\/ubirataonline.com.br\\\/wp-content\\\/uploads\\\/2026\\\/06\\\/logoubirataonline-1.webp\",\"contentUrl\":\"https:\\\/\\\/ubirataonline.com.br\\\/wp-content\\\/uploads\\\/2026\\\/06\\\/logoubirataonline-1.webp\",\"width\":500,\"height\":500,\"caption\":\"Ubirat\u00e3 Online Not\u00edcias\"}]}<\/script>\n<meta name=\"geo.placename\" content=\"UBIRATA\" \/>\n<meta name=\"geo.position\" content=\"-24.5361401;-52.9921776\" \/>\n<meta name=\"geo.region\" content=\"Brazil\" \/>\n<!-- \/ Yoast SEO Premium plugin. -->","yoast_head_json":{"title":"Tarot semanal: previs\u00e3o para os signos de 02 a\u00a008 de fevereiro\u00a0de 2026 - Ubirat\u00e3 Online Not\u00edcias - A realidade ao seu alcance!","description":"A semana trar\u00e1 uma energia de movimento, escolhas conscientes e alinhamento interno para todos os signos. Conforme as cartas do tarot, haver\u00e1 impulso para","robots":{"index":"index","follow":"follow","max-snippet":"max-snippet:-1","max-image-preview":"max-image-preview:large","max-video-preview":"max-video-preview:-1"},"canonical":"https:\/\/ubirataonline.com.br\/en\/tarot-semanal-previsao-para-os-signos-de-02-a-08-de-fevereiro-de-2026\/","og_locale":"en_US","og_type":"article","og_title":"Tarot semanal: previs\u00e3o para os signos de 02 a\u00a008 de fevereiro\u00a0de 2026","og_description":"A semana trar\u00e1 uma energia de movimento, escolhas conscientes e alinhamento interno para todos os signos. Conforme as cartas do tarot, haver\u00e1 impulso para","og_url":"https:\/\/ubirataonline.com.br\/en\/tarot-semanal-previsao-para-os-signos-de-02-a-08-de-fevereiro-de-2026\/","og_site_name":"Ubirat\u00e3 Online Not\u00edcias - A realidade ao seu alcance!","article_publisher":"https:\/\/www.facebook.com\/portalubirataonline","article_author":"https:\/\/www.facebook.com\/portalubirataonline","article_published_time":"2026-02-01T15:59:27+00:00","article_modified_time":"2026-02-01T15:59:29+00:00","og_image":[{"width":1200,"height":800,"url":"https:\/\/ubirataonline.com.br\/wp-content\/uploads\/2026\/02\/Tarot-semanal-previsao-para-os-signos-de-02-a-08-de.jpg","type":"image\/jpeg"}],"author":"REDA\u00c7\u00c3O: UBIRAT\u00c3 ONLINE - F\u00c1BIO AUGUSTO CELESTINO","twitter_card":"summary_large_image","twitter_creator":"@x.com\/ubirataonline","twitter_site":"@ubirataonline","twitter_misc":{"Written by":"REDA\u00c7\u00c3O: UBIRAT\u00c3 ONLINE - F\u00c1BIO AUGUSTO CELESTINO","Est. reading time":"5 minutes"},"schema":{"@context":"https:\/\/schema.org","@graph":[{"@type":"NewsArticle","@id":"https:\/\/ubirataonline.com.br\/tarot-semanal-previsao-para-os-signos-de-02-a-08-de-fevereiro-de-2026\/#article","isPartOf":{"@id":"https:\/\/ubirataonline.com.br\/tarot-semanal-previsao-para-os-signos-de-02-a-08-de-fevereiro-de-2026\/"},"author":{"name":"REDA\u00c7\u00c3O: UBIRAT\u00c3 ONLINE - F\u00c1BIO AUGUSTO CELESTINO","@id":"https:\/\/ubirataonline.com.br\/#\/schema\/person\/372f87bbd3fdd79b8556b84c98d0bc1c"},"headline":"Tarot semanal: previs\u00e3o para os signos de 02 a\u00a008 de fevereiro\u00a0de 2026","datePublished":"2026-02-01T15:59:27+00:00","dateModified":"2026-02-01T15:59:29+00:00","mainEntityOfPage":{"@id":"https:\/\/ubirataonline.com.br\/tarot-semanal-previsao-para-os-signos-de-02-a-08-de-fevereiro-de-2026\/"},"wordCount":973,"publisher":{"@id":"https:\/\/ubirataonline.com.br\/#organization"},"image":{"@id":"https:\/\/ubirataonline.com.br\/tarot-semanal-previsao-para-os-signos-de-02-a-08-de-fevereiro-de-2026\/#primaryimage"},"thumbnailUrl":"https:\/\/ubirataonline.com.br\/wp-content\/uploads\/2026\/02\/Tarot-semanal-previsao-para-os-signos-de-02-a-08-de.jpg","keywords":["a08","fevereirode","para","previs\u00e3o","semanal","signos","Tarot"],"articleSection":["Ubirat\u00e3"],"inLanguage":"en-US","copyrightYear":"2026","copyrightHolder":{"@id":"https:\/\/ubirataonline.com.br\/en\/#organization"}},{"@type":"WebPage","@id":"https:\/\/ubirataonline.com.br\/tarot-semanal-previsao-para-os-signos-de-02-a-08-de-fevereiro-de-2026\/","url":"https:\/\/ubirataonline.com.br\/tarot-semanal-previsao-para-os-signos-de-02-a-08-de-fevereiro-de-2026\/","name":"Tarot semanal: previs\u00e3o para os signos de 02 a\u00a008 de fevereiro\u00a0de 2026 - Ubirat\u00e3 Online Not\u00edcias - A realidade ao seu alcance!","isPartOf":{"@id":"https:\/\/ubirataonline.com.br\/#website"},"primaryImageOfPage":{"@id":"https:\/\/ubirataonline.com.br\/tarot-semanal-previsao-para-os-signos-de-02-a-08-de-fevereiro-de-2026\/#primaryimage"},"image":{"@id":"https:\/\/ubirataonline.com.br\/tarot-semanal-previsao-para-os-signos-de-02-a-08-de-fevereiro-de-2026\/#primaryimage"},"thumbnailUrl":"https:\/\/ubirataonline.com.br\/wp-content\/uploads\/2026\/02\/Tarot-semanal-previsao-para-os-signos-de-02-a-08-de.jpg","datePublished":"2026-02-01T15:59:27+00:00","dateModified":"2026-02-01T15:59:29+00:00","description":"A semana trar\u00e1 uma energia de movimento, escolhas conscientes e alinhamento interno para todos os signos. Conforme as cartas do tarot, haver\u00e1 impulso para","breadcrumb":{"@id":"https:\/\/ubirataonline.com.br\/tarot-semanal-previsao-para-os-signos-de-02-a-08-de-fevereiro-de-2026\/#breadcrumb"},"inLanguage":"en-US","potentialAction":[{"@type":"ReadAction","target":["https:\/\/ubirataonline.com.br\/tarot-semanal-previsao-para-os-signos-de-02-a-08-de-fevereiro-de-2026\/"]}]},{"@type":"ImageObject","inLanguage":"en-US","@id":"https:\/\/ubirataonline.com.br\/tarot-semanal-previsao-para-os-signos-de-02-a-08-de-fevereiro-de-2026\/#primaryimage","url":"https:\/\/ubirataonline.com.br\/wp-content\/uploads\/2026\/02\/Tarot-semanal-previsao-para-os-signos-de-02-a-08-de.jpg","contentUrl":"https:\/\/ubirataonline.com.br\/wp-content\/uploads\/2026\/02\/Tarot-semanal-previsao-para-os-signos-de-02-a-08-de.jpg","width":1200,"height":800,"caption":"Os nativos sentir\u00e3o impulso para agir, se posicionar e dar passos importantes (Imagem: sondem | Shutterstock)"},{"@type":"BreadcrumbList","@id":"https:\/\/ubirataonline.com.br\/tarot-semanal-previsao-para-os-signos-de-02-a-08-de-fevereiro-de-2026\/#breadcrumb","itemListElement":[{"@type":"ListItem","position":1,"name":"In\u00edcio","item":"https:\/\/ubirataonline.com.br\/"},{"@type":"ListItem","position":2,"name":"Tarot semanal: previs\u00e3o para os signos de 02 a\u00a008 de fevereiro\u00a0de 2026"}]},{"@type":"WebSite","@id":"https:\/\/ubirataonline.com.br\/#website","url":"https:\/\/ubirataonline.com.br\/","name":"Ubirat\u00e3 Online Not\u00edcias","description":"Not\u00edcias de Ubirat\u00e3, regi\u00e3o, Brasil e mundo, com informa\u00e7\u00e3o atualizada e compromisso com o leitor.","publisher":{"@id":"https:\/\/ubirataonline.com.br\/#organization"},"alternateName":"Ubirat\u00e3 Online","potentialAction":[{"@type":"SearchAction","target":{"@type":"EntryPoint","urlTemplate":"https:\/\/ubirataonline.com.br\/?s={search_term_string}"},"query-input":{"@type":"PropertyValueSpecification","valueRequired":true,"valueName":"search_term_string"}}],"inLanguage":"en-US"},{"@type":["Organization","Place"],"@id":"https:\/\/ubirataonline.com.br\/#organization","name":"Ubirat\u00e3 Online Not\u00edcias","alternateName":"Ubirat\u00e3 Online","url":"https:\/\/ubirataonline.com.br\/","logo":{"@id":"https:\/\/ubirataonline.com.br\/tarot-semanal-previsao-para-os-signos-de-02-a-08-de-fevereiro-de-2026\/#local-main-organization-logo"},"image":{"@id":"https:\/\/ubirataonline.com.br\/tarot-semanal-previsao-para-os-signos-de-02-a-08-de-fevereiro-de-2026\/#local-main-organization-logo"},"sameAs":["https:\/\/www.facebook.com\/portalubirataonline","https:\/\/x.com\/ubirataonline","https:\/\/mastodon.social\/@ubirataonline","https:\/\/www.facebook.com\/groups\/311144672285604","https:\/\/www.facebook.com\/UBTAOnline","https:\/\/www.instagram.com\/portalubirataonline\/","https:\/\/twitter.com\/ubirataonline"],"description":"Somos um portal de not\u00edcias independente, criado em 5 de janeiro de 2009, com o objetivo de informar, conectar e valorizar a nossa comunidade de Ubirat\u00e3 e toda aregi\u00e3o. Com conte\u00fado atualizado, confi\u00e1vel e relevante, o Ubirat\u00e3 Online \u00e9 o seu espa\u00e7o para ficar por dentro dos principais acontecimentos locais, regionais, Brasil, Mundo e de interesse geral. Nosso compromisso \u00e9 com a verdade, a transpar\u00eancia e o respeito ao leitor.","legalName":"UBIRATA ONLINE NOT\u00cdCIAS","foundingDate":"2009-01-05","numberOfEmployees":{"@type":"QuantitativeValue","minValue":"1","maxValue":"10"},"publishingPrinciples":"https:\/\/ubirataonline.com.br\/faq\/","address":{"@id":"https:\/\/ubirataonline.com.br\/tarot-semanal-previsao-para-os-signos-de-02-a-08-de-fevereiro-de-2026\/#local-main-place-address"},"geo":{"@type":"GeoCoordinates","latitude":"-24.5361401","longitude":"-52.9921776"},"telephone":["+5544998308235"],"contactPoint":{"@type":"ContactPoint","email":"contato@ubirataonline.com.br"},"openingHoursSpecification":{"@type":"OpeningHoursSpecification","dayOfWeek":["Monday","Tuesday","Wednesday","Thursday","Friday","Saturday","Sunday"],"opens":"00:00","closes":"23:59"},"email":"contato@ubirataonline.com.br","vatID":"47.621.418\/0001-80"},{"@type":"Person","@id":"https:\/\/ubirataonline.com.br\/#\/schema\/person\/372f87bbd3fdd79b8556b84c98d0bc1c","name":"REDA\u00c7\u00c3O: UBIRAT\u00c3 ONLINE - F\u00c1BIO AUGUSTO CELESTINO","pronouns":"Ele","description":"Desde 2003 trabalhando com not\u00edcias.","sameAs":["http:\/\/ubirataoline.com.br","https:\/\/www.facebook.com\/portalubirataonline","https:\/\/www.instagram.com\/ubirataonline_oficial","https:\/\/x.com\/x.com\/ubirataonline"],"honorificPrefix":"Mr.","honorificSuffix":"MD","birthDate":"1980-06-16","gender":"masculino","award":["V\u00e1rios pr\u00eamios de melhor portal da cidade"],"jobTitle":"Diretor","url":"https:\/\/ubirataonline.com.br\/en\/author\/ubirataonline\/"},{"@type":"PostalAddress","@id":"https:\/\/ubirataonline.com.br\/tarot-semanal-previsao-para-os-signos-de-02-a-08-de-fevereiro-de-2026\/#local-main-place-address","streetAddress":"Rua dos Coqueiros, 104 - Bairro Boa Vista, Rua dos Coqueiros, 104 Bairro Boa Vista","addressLocality":"UBIRATA","postalCode":"85440-000","addressRegion":"PR","addressCountry":"BR"},{"@type":"ImageObject","inLanguage":"en-US","@id":"https:\/\/ubirataonline.com.br\/tarot-semanal-previsao-para-os-signos-de-02-a-08-de-fevereiro-de-2026\/#local-main-organization-logo","url":"https:\/\/ubirataonline.com.br\/wp-content\/uploads\/2026\/06\/logoubirataonline-1.webp","contentUrl":"https:\/\/ubirataonline.com.br\/wp-content\/uploads\/2026\/06\/logoubirataonline-1.webp","width":500,"height":500,"caption":"Ubirat\u00e3 Online Not\u00edcias"}]},"geo.placename":"UBIRATA","geo.position":{"lat":"-24.5361401","long":"-52.9921776"},"geo.region":"Brazil"},"_links":{"self":[{"href":"https:\/\/ubirataonline.com.br\/en\/wp-json\/wp\/v2\/posts\/83933","targetHints":{"allow":["GET"]}}],"collection":[{"href":"https:\/\/ubirataonline.com.br\/en\/wp-json\/wp\/v2\/posts"}],"about":[{"href":"https:\/\/ubirataonline.com.br\/en\/wp-json\/wp\/v2\/types\/post"}],"author":[{"embeddable":true,"href":"https:\/\/ubirataonline.com.br\/en\/wp-json\/wp\/v2\/users\/1"}],"replies":[{"embeddable":true,"href":"https:\/\/ubirataonline.com.br\/en\/wp-json\/wp\/v2\/comments?post=83933"}],"version-history":[{"count":0,"href":"https:\/\/ubirataonline.com.br\/en\/wp-json\/wp\/v2\/posts\/83933\/revisions"}],"wp:featuredmedia":[{"embeddable":true,"href":"https:\/\/ubirataonline.com.br\/en\/wp-json\/wp\/v2\/media\/83934"}],"wp:attachment":[{"href":"https:\/\/ubirataonline.com.br\/en\/wp-json\/wp\/v2\/media?parent=83933"}],"wp:term":[{"taxonomy":"category","embeddable":true,"href":"https:\/\/ubirataonline.com.br\/en\/wp-json\/wp\/v2\/categories?post=83933"},{"taxonomy":"post_tag","embeddable":true,"href":"https:\/\/ubirataonline.com.br\/en\/wp-json\/wp\/v2\/tags?post=83933"}],"curies":[{"name":"wp","href":"https:\/\/api.w.org\/{rel}","templated":true}]}}