{"id":83958,"date":"2026-02-01T15:16:29","date_gmt":"2026-02-01T18:16:29","guid":{"rendered":"https:\/\/ubirataonline.com.br\/crespo-da-conselho-a-alisson-no-sao-paulo-valoriza-protagonista-do-elenco-e-enaltece-torcida-quando-estamos-unidos-e-dificil\/"},"modified":"2026-02-01T15:16:32","modified_gmt":"2026-02-01T18:16:32","slug":"crespo-da-conselho-a-alisson-no-sao-paulo-valoriza-protagonista-do-elenco-e-enaltece-torcida-quando-estamos-unidos-e-dificil","status":"publish","type":"post","link":"https:\/\/ubirataonline.com.br\/en\/crespo-da-conselho-a-alisson-no-sao-paulo-valoriza-protagonista-do-elenco-e-enaltece-torcida-quando-estamos-unidos-e-dificil\/","title":{"rendered":"Crespo d\u00e1 conselho a Alisson no S\u00e3o Paulo, valoriza &#8216;protagonista do elenco&#8217; e enaltece torcida: &#8216;Quando estamos unidos \u00e9 dif\u00edcil&#8217;"},"content":{"rendered":"<p><\/p>\n<div>\n<p>O <strong><a href=\"https:\/\/www.espn.com.br\/futebol\/time\/_\/id\/2026\/sao-paulo\">S\u00e3o Paulo<\/a><\/strong> venceu o <strong><a href=\"https:\/\/www.espn.com.br\/futebol\/time\/_\/id\/2674\/santos\">Santos<\/a><\/strong> neste s\u00e1bado (31), <strong><a href=\"https:\/\/www.espn.com.br\/futebol\/artigo\/_\/id\/16254570\/sao-paulo-domina-santos-com-um-a-mais-vence-primeiro-classico-respira-campeonato-paulista\">por 2 a 0<\/a><\/strong>, no Morumbis, e passou a respirar mais aliviado no <strong><a href=\"https:\/\/www.espn.com.br\/futebol\/liga\/_\/nome\/bra.camp.paulista\">Campeonato Paulista<\/a><\/strong>. <strong>Hern\u00e1n Crespo <\/strong>elogiou o desempenho da sua equipe ap\u00f3s o cl\u00e1ssico.<\/p>\n<p>&#8220;Eu falei contra o Palmeiras, mesmo com resultado adverso, que vi coisas interessantes. \u00c9 inacredit\u00e1vel, mas ainda estamos em janeiro, aconteceu de tudo. N\u00e3o passou um m\u00eas. Muitas vezes, para pegar a engrenagem, ter equil\u00edbrio emocional e f\u00edsico, \u00e9 preciso de tempo&#8221;, disse.<\/p>\n<aside class=\"inline editorial float-r\" data-behavior=\"article_related\">\n<h2 class=\"editorial-title\">Relacionado<\/h2>\n<ul>\n<li><a name=\"&amp;lpos=story:editorspicks:inline:1\" href=\"https:\/\/www.espn.com.br\/futebol\/artigo\/_\/id\/16255166\/ze-rafael-e-sabino-denunciam-xingamento-arbitro-sao-paulo-x-santos-vinicius-lira\" class=\"img-link\"><\/a><\/li>\n<li><a name=\"&amp;lpos=story:editorspicks:inline:2\" href=\"https:\/\/www.espn.com.br\/futebol\/sao-paulo\/artigo\/_\/id\/16255418\/marcos-antonio-elogia-rafinha-vibra-volta-cima-sao-paulo\" class=\"img-link\"><img loading=\"lazy\" decoding=\"async\" src=\"https:\/\/a.espncdn.com\/combiner\/i?img=\/photo\/2026\/0201\/r1608641_1296x1296_1-1.jpg&amp;w=130&amp;h=130&amp;scale=crop&amp;location=center\" width=\"65\" height=\"65\"\/><\/a><\/li>\n<\/ul>\n<p>1 Relacionado<\/p>\n<\/aside>\n<p>&#8220;Claro, uma vit\u00f3ria contra o Flamengo cria sensa\u00e7\u00f5es boas, ent\u00e3o temos que aproveitar. O jeito que o grupo trabalha, a uni\u00e3o que eles t\u00eam, eu sabia que o S\u00e3o Paulo chegaria a jogar assim durante o jogo. Est\u00e1 acontecendo, e estamos felizes\u201d, completou.<\/p>\n<p>Pouco mais de<strong> 49 mil torcedores<\/strong> foram ao Morumbis assistir \u00e0 vit\u00f3ria do Tricolor. Crespo fez quest\u00e3o de enaltecer a torcida s\u00e3o-paulina.<\/p>\n<p>\u201cFico muito feliz de ver o Morumbis com 50 mil pessoas, em um uni\u00e3o com o grupo, com os jogadores, ver que voltar\u00e3o para casa felizes. Ver que os jogadores responderam a essa confian\u00e7a depositada pelo torcedor neles. O Morumbis tem uma atmosfera especial. Quando estamos todos unidos&#8230; \u00e9 dif\u00edcil jogar contra o S\u00e3o Paulo, \u00e9 dif\u00edcil\u201d, disse.<\/p>\n<p>Outro personagem destacado pelo treinador do S\u00e3o Paulo ap\u00f3s o cl\u00e1ssico foi <strong><a href=\"https:\/\/www.espn.com.br\/futebol\/jogador\/_\/id\/297128\/gonzalo-tapia\">Gonzalo Tapia<\/a><\/strong>. Autor do primeiro gol da partida, o chileno foi chamado de &#8220;protagonista&#8221; por Crespo.<\/p>\n<p>\u201cEle tem a caracter\u00edstica da luta. Depois, pode ter qualquer erro, mas em jogos assim, picantes, ele est\u00e1 sempre. Exige, irrita o advers\u00e1rio, luta, briga, acho que \u00e9 um protagonista deste grupo\u201d, analisou.<\/p>\n<h2>Crespo d\u00e1 conselho para Alisson<\/h2>\n<p>A entrevista coletiva de Hern\u00e1n Crespo foi encerrada com uma pergunta sobre <strong><a href=\"https:\/\/www.espn.com.br\/futebol\/jogador\/_\/id\/199012\/alisson\">Alisson<\/a><\/strong>, que chegou a negociar sua transfer\u00eancia ao <strong><a href=\"https:\/\/www.espn.com.br\/futebol\/time\/_\/id\/874\/corinthians\">Corinthians<\/a><\/strong>, mas viu a <strong><a href=\"https:\/\/www.espn.com.br\/futebol\/corinthians\/artigo\/_\/id\/16245820\/corinthians-marcelo-paz-detalha-bastidores-chegada-alisson-diz-o-que-emperrou-negocio-volante-sao-paulo\">negocia\u00e7\u00e3o melar ap\u00f3s os rivais n\u00e3o entrarem em acordo<\/a><\/strong>.<\/p>\n<p>O treinador s\u00e3o-paulino afirmou que a \u00fanica maneira de o meio-campista recuperar a confian\u00e7a do torcedor \u00e9 &#8220;jogando bem&#8221;.<\/p>\n<p>\u201cO \u00fanico jeito que eu conhe\u00e7o \u00e9 trabalhar e fazer bem. \u00c9 o \u00fanico jeito. Eu sou muito querido nos dois lados (Milan e Inter de Mil\u00e3o). Por que? Porque joguei bem nos dois lados. Se ele, neste momento, esquece o que aconteceu&#8230; faz parte da vida, todos cometemos erros. N\u00e3o falo s\u00f3 ele, todos os envolvidos&#8221;<\/p>\n<p>&#8220;\u00c9 aprender com isso, e o \u00fanico jeito \u00e9 jogar bem, treinar bem, voltar em grande forma, e ele j\u00e1 demonstrou v\u00e1rias vezes a sua capacidade. Quando ele voltar, vai jogar bem e tudo vai mudar. Todo mundo vai acontecer, ou talvez, n\u00e3o, mas v\u00e3o respeit\u00e1-lo porque estar\u00e1 jogando bem\u201d<\/p>\n<h2>Pr\u00f3ximos jogos do S\u00e3o Paulo:<\/h2>\n<\/div>\n<p><a href=\"https:\/\/www.espn.com.br\/futebol\/sao-paulo\/artigo\/_\/id\/16255636\/crespo-da-conselho-alisson-valoriza-protagonista-sao-paulo-e-enaltece-torcida\">Source link <\/a><\/p>","protected":false},"excerpt":{"rendered":"<p>O S\u00e3o Paulo venceu o Santos neste s\u00e1bado (31), por 2 a 0, no Morumbis, e passou a respirar mais aliviado no Campeonato Paulista. Hern\u00e1n Crespo elogiou o desempenho da sua equipe ap\u00f3s o cl\u00e1ssico. &#8220;Eu falei contra o Palmeiras, mesmo com resultado adverso, que vi coisas interessantes. \u00c9 inacredit\u00e1vel, mas ainda estamos em janeiro, [&hellip;]<\/p>\n","protected":false},"author":1,"featured_media":83959,"comment_status":"closed","ping_status":"","sticky":false,"template":"","format":"standard","meta":{"googlesitekit_rrm_CAow2JLhCw:productID":"","_gspb_post_css":"","maa_idioma":"","maa_pais":"","footnotes":""},"categories":[4],"tags":[15366,16868,14560,5116,4609,5255,16870,8719,3263,16869,4613,3262,3193,12355,10185],"class_list":["post-83958","post","type-post","status-publish","format-standard","has-post-thumbnail","hentry","category-brasil","tag-alisson","tag-conselho","tag-crespo","tag-da","tag-dificil","tag-elenco","tag-enaltece","tag-estamos","tag-paulo","tag-protagonista","tag-quando","tag-sao","tag-torcida","tag-unidos","tag-valoriza"],"blocksy_meta":[],"yoast_head":"<!-- This site is optimized with the Yoast SEO Premium plugin v27.6 (Yoast SEO v27.6) - https:\/\/yoast.com\/product\/yoast-seo-premium-wordpress\/ -->\n<title>Crespo d\u00e1 conselho a Alisson no S\u00e3o Paulo, valoriza &#039;protagonista do elenco&#039; e enaltece torcida: &#039;Quando estamos unidos \u00e9 dif\u00edcil&#039; - Ubirat\u00e3 Online Not\u00edcias - A realidade ao seu alcance!<\/title>\n<meta name=\"description\" content=\"O S\u00e3o Paulo venceu o Santos neste s\u00e1bado (31), por 2 a 0, no Morumbis, e passou a respirar mais aliviado no Campeonato Paulista. Hern\u00e1n Crespo elogiou o\" \/>\n<meta name=\"robots\" content=\"index, follow, max-snippet:-1, max-image-preview:large, max-video-preview:-1\" \/>\n<link rel=\"canonical\" href=\"https:\/\/ubirataonline.com.br\/en\/crespo-da-conselho-a-alisson-no-sao-paulo-valoriza-protagonista-do-elenco-e-enaltece-torcida-quando-estamos-unidos-e-dificil\/\" \/>\n<meta property=\"og:locale\" content=\"en_US\" \/>\n<meta property=\"og:type\" content=\"article\" \/>\n<meta property=\"og:title\" content=\"Crespo d\u00e1 conselho a Alisson no S\u00e3o Paulo, valoriza &#039;protagonista do elenco&#039; e enaltece torcida: &#039;Quando estamos unidos \u00e9 dif\u00edcil&#039;\" \/>\n<meta property=\"og:description\" content=\"O S\u00e3o Paulo venceu o Santos neste s\u00e1bado (31), por 2 a 0, no Morumbis, e passou a respirar mais aliviado no Campeonato Paulista. Hern\u00e1n Crespo elogiou o\" \/>\n<meta property=\"og:url\" content=\"https:\/\/ubirataonline.com.br\/en\/crespo-da-conselho-a-alisson-no-sao-paulo-valoriza-protagonista-do-elenco-e-enaltece-torcida-quando-estamos-unidos-e-dificil\/\" \/>\n<meta property=\"og:site_name\" content=\"Ubirat\u00e3 Online Not\u00edcias - A realidade ao seu alcance!\" \/>\n<meta property=\"article:publisher\" content=\"https:\/\/www.facebook.com\/portalubirataonline\" \/>\n<meta property=\"article:author\" content=\"https:\/\/www.facebook.com\/portalubirataonline\" \/>\n<meta property=\"article:published_time\" content=\"2026-02-01T18:16:29+00:00\" \/>\n<meta property=\"article:modified_time\" content=\"2026-02-01T18:16:32+00:00\" \/>\n<meta property=\"og:image\" content=\"https:\/\/ubirataonline.com.br\/wp-content\/uploads\/2026\/02\/Crespo-da-conselho-a-Alisson-no-Sao-Paulo-valoriza-protagonista.jpeg\" \/>\n\t<meta property=\"og:image:width\" content=\"1296\" \/>\n\t<meta property=\"og:image:height\" content=\"729\" \/>\n\t<meta property=\"og:image:type\" content=\"image\/jpeg\" \/>\n<meta name=\"author\" content=\"REDA\u00c7\u00c3O: UBIRAT\u00c3 ONLINE - F\u00c1BIO AUGUSTO CELESTINO\" \/>\n<meta name=\"twitter:card\" content=\"summary_large_image\" \/>\n<meta name=\"twitter:creator\" content=\"@x.com\/ubirataonline\" \/>\n<meta name=\"twitter:site\" content=\"@ubirataonline\" \/>\n<meta name=\"twitter:label1\" content=\"Written by\" \/>\n\t<meta name=\"twitter:data1\" content=\"REDA\u00c7\u00c3O: UBIRAT\u00c3 ONLINE - F\u00c1BIO AUGUSTO CELESTINO\" \/>\n\t<meta name=\"twitter:label2\" content=\"Est. reading time\" \/>\n\t<meta name=\"twitter:data2\" content=\"2 minutes\" \/>\n<script type=\"application\/ld+json\" class=\"yoast-schema-graph\">{\"@context\":\"https:\\\/\\\/schema.org\",\"@graph\":[{\"@type\":\"NewsArticle\",\"@id\":\"https:\\\/\\\/ubirataonline.com.br\\\/crespo-da-conselho-a-alisson-no-sao-paulo-valoriza-protagonista-do-elenco-e-enaltece-torcida-quando-estamos-unidos-e-dificil\\\/#article\",\"isPartOf\":{\"@id\":\"https:\\\/\\\/ubirataonline.com.br\\\/crespo-da-conselho-a-alisson-no-sao-paulo-valoriza-protagonista-do-elenco-e-enaltece-torcida-quando-estamos-unidos-e-dificil\\\/\"},\"author\":{\"name\":\"REDA\u00c7\u00c3O: UBIRAT\u00c3 ONLINE - F\u00c1BIO AUGUSTO CELESTINO\",\"@id\":\"https:\\\/\\\/ubirataonline.com.br\\\/#\\\/schema\\\/person\\\/372f87bbd3fdd79b8556b84c98d0bc1c\"},\"headline\":\"Crespo d\u00e1 conselho a Alisson no S\u00e3o Paulo, valoriza &#8216;protagonista do elenco&#8217; e enaltece torcida: &#8216;Quando estamos unidos \u00e9 dif\u00edcil&#8217;\",\"datePublished\":\"2026-02-01T18:16:29+00:00\",\"dateModified\":\"2026-02-01T18:16:32+00:00\",\"mainEntityOfPage\":{\"@id\":\"https:\\\/\\\/ubirataonline.com.br\\\/crespo-da-conselho-a-alisson-no-sao-paulo-valoriza-protagonista-do-elenco-e-enaltece-torcida-quando-estamos-unidos-e-dificil\\\/\"},\"wordCount\":486,\"publisher\":{\"@id\":\"https:\\\/\\\/ubirataonline.com.br\\\/#organization\"},\"image\":{\"@id\":\"https:\\\/\\\/ubirataonline.com.br\\\/crespo-da-conselho-a-alisson-no-sao-paulo-valoriza-protagonista-do-elenco-e-enaltece-torcida-quando-estamos-unidos-e-dificil\\\/#primaryimage\"},\"thumbnailUrl\":\"https:\\\/\\\/ubirataonline.com.br\\\/wp-content\\\/uploads\\\/2026\\\/02\\\/Crespo-da-conselho-a-Alisson-no-Sao-Paulo-valoriza-protagonista.jpeg\",\"keywords\":[\"Alisson\",\"conselho\",\"Crespo\",\"d\u00e1\",\"dif\u00edcil\",\"Elenco\",\"enaltece\",\"estamos\",\"Paulo\",\"protagonista\",\"quando\",\"S\u00e3o\",\"torcida\",\"Unidos\",\"valoriza\"],\"articleSection\":[\"Brasil\"],\"inLanguage\":\"en-US\",\"copyrightYear\":\"2026\",\"copyrightHolder\":{\"@id\":\"https:\\\/\\\/ubirataonline.com.br\\\/en\\\/#organization\"}},{\"@type\":\"WebPage\",\"@id\":\"https:\\\/\\\/ubirataonline.com.br\\\/crespo-da-conselho-a-alisson-no-sao-paulo-valoriza-protagonista-do-elenco-e-enaltece-torcida-quando-estamos-unidos-e-dificil\\\/\",\"url\":\"https:\\\/\\\/ubirataonline.com.br\\\/crespo-da-conselho-a-alisson-no-sao-paulo-valoriza-protagonista-do-elenco-e-enaltece-torcida-quando-estamos-unidos-e-dificil\\\/\",\"name\":\"Crespo d\u00e1 conselho a Alisson no S\u00e3o Paulo, valoriza 'protagonista do elenco' e enaltece torcida: 'Quando estamos unidos \u00e9 dif\u00edcil' - Ubirat\u00e3 Online Not\u00edcias - A realidade ao seu alcance!\",\"isPartOf\":{\"@id\":\"https:\\\/\\\/ubirataonline.com.br\\\/#website\"},\"primaryImageOfPage\":{\"@id\":\"https:\\\/\\\/ubirataonline.com.br\\\/crespo-da-conselho-a-alisson-no-sao-paulo-valoriza-protagonista-do-elenco-e-enaltece-torcida-quando-estamos-unidos-e-dificil\\\/#primaryimage\"},\"image\":{\"@id\":\"https:\\\/\\\/ubirataonline.com.br\\\/crespo-da-conselho-a-alisson-no-sao-paulo-valoriza-protagonista-do-elenco-e-enaltece-torcida-quando-estamos-unidos-e-dificil\\\/#primaryimage\"},\"thumbnailUrl\":\"https:\\\/\\\/ubirataonline.com.br\\\/wp-content\\\/uploads\\\/2026\\\/02\\\/Crespo-da-conselho-a-Alisson-no-Sao-Paulo-valoriza-protagonista.jpeg\",\"datePublished\":\"2026-02-01T18:16:29+00:00\",\"dateModified\":\"2026-02-01T18:16:32+00:00\",\"description\":\"O S\u00e3o Paulo venceu o Santos neste s\u00e1bado (31), por 2 a 0, no Morumbis, e passou a respirar mais aliviado no Campeonato Paulista. Hern\u00e1n Crespo elogiou o\",\"breadcrumb\":{\"@id\":\"https:\\\/\\\/ubirataonline.com.br\\\/crespo-da-conselho-a-alisson-no-sao-paulo-valoriza-protagonista-do-elenco-e-enaltece-torcida-quando-estamos-unidos-e-dificil\\\/#breadcrumb\"},\"inLanguage\":\"en-US\",\"potentialAction\":[{\"@type\":\"ReadAction\",\"target\":[\"https:\\\/\\\/ubirataonline.com.br\\\/crespo-da-conselho-a-alisson-no-sao-paulo-valoriza-protagonista-do-elenco-e-enaltece-torcida-quando-estamos-unidos-e-dificil\\\/\"]}]},{\"@type\":\"ImageObject\",\"inLanguage\":\"en-US\",\"@id\":\"https:\\\/\\\/ubirataonline.com.br\\\/crespo-da-conselho-a-alisson-no-sao-paulo-valoriza-protagonista-do-elenco-e-enaltece-torcida-quando-estamos-unidos-e-dificil\\\/#primaryimage\",\"url\":\"https:\\\/\\\/ubirataonline.com.br\\\/wp-content\\\/uploads\\\/2026\\\/02\\\/Crespo-da-conselho-a-Alisson-no-Sao-Paulo-valoriza-protagonista.jpeg\",\"contentUrl\":\"https:\\\/\\\/ubirataonline.com.br\\\/wp-content\\\/uploads\\\/2026\\\/02\\\/Crespo-da-conselho-a-Alisson-no-Sao-Paulo-valoriza-protagonista.jpeg\",\"width\":1296,\"height\":729,\"caption\":\"Alisson vai ter espa\u00e7o no S\u00e3o Paulo ap\u00f3s negocia\u00e7\u00e3o frustrada com o Corinthians? Crespo \u00e9 direto em resposta (1:03)T\u00e9cnico s\u00e3o-paulino abriu o jogo sobre situa\u00e7\u00e3o do meio-campista em entrevista coletiva (1:03)\"},{\"@type\":\"BreadcrumbList\",\"@id\":\"https:\\\/\\\/ubirataonline.com.br\\\/crespo-da-conselho-a-alisson-no-sao-paulo-valoriza-protagonista-do-elenco-e-enaltece-torcida-quando-estamos-unidos-e-dificil\\\/#breadcrumb\",\"itemListElement\":[{\"@type\":\"ListItem\",\"position\":1,\"name\":\"In\u00edcio\",\"item\":\"https:\\\/\\\/ubirataonline.com.br\\\/\"},{\"@type\":\"ListItem\",\"position\":2,\"name\":\"Crespo d\u00e1 conselho a Alisson no S\u00e3o Paulo, valoriza &#8216;protagonista do elenco&#8217; e enaltece torcida: &#8216;Quando estamos unidos \u00e9 dif\u00edcil&#8217;\"}]},{\"@type\":\"WebSite\",\"@id\":\"https:\\\/\\\/ubirataonline.com.br\\\/#website\",\"url\":\"https:\\\/\\\/ubirataonline.com.br\\\/\",\"name\":\"Ubirat\u00e3 Online Not\u00edcias\",\"description\":\"Not\u00edcias de Ubirat\u00e3, regi\u00e3o, Brasil e mundo, com informa\u00e7\u00e3o atualizada e compromisso com o leitor.\",\"publisher\":{\"@id\":\"https:\\\/\\\/ubirataonline.com.br\\\/#organization\"},\"alternateName\":\"Ubirat\u00e3 Online\",\"potentialAction\":[{\"@type\":\"SearchAction\",\"target\":{\"@type\":\"EntryPoint\",\"urlTemplate\":\"https:\\\/\\\/ubirataonline.com.br\\\/?s={search_term_string}\"},\"query-input\":{\"@type\":\"PropertyValueSpecification\",\"valueRequired\":true,\"valueName\":\"search_term_string\"}}],\"inLanguage\":\"en-US\"},{\"@type\":[\"Organization\",\"Place\"],\"@id\":\"https:\\\/\\\/ubirataonline.com.br\\\/#organization\",\"name\":\"Ubirat\u00e3 Online Not\u00edcias\",\"alternateName\":\"Ubirat\u00e3 Online\",\"url\":\"https:\\\/\\\/ubirataonline.com.br\\\/\",\"logo\":{\"@id\":\"https:\\\/\\\/ubirataonline.com.br\\\/crespo-da-conselho-a-alisson-no-sao-paulo-valoriza-protagonista-do-elenco-e-enaltece-torcida-quando-estamos-unidos-e-dificil\\\/#local-main-organization-logo\"},\"image\":{\"@id\":\"https:\\\/\\\/ubirataonline.com.br\\\/crespo-da-conselho-a-alisson-no-sao-paulo-valoriza-protagonista-do-elenco-e-enaltece-torcida-quando-estamos-unidos-e-dificil\\\/#local-main-organization-logo\"},\"sameAs\":[\"https:\\\/\\\/www.facebook.com\\\/portalubirataonline\",\"https:\\\/\\\/x.com\\\/ubirataonline\",\"https:\\\/\\\/mastodon.social\\\/@ubirataonline\",\"https:\\\/\\\/www.facebook.com\\\/groups\\\/311144672285604\",\"https:\\\/\\\/www.facebook.com\\\/UBTAOnline\",\"https:\\\/\\\/www.instagram.com\\\/portalubirataonline\\\/\",\"https:\\\/\\\/twitter.com\\\/ubirataonline\"],\"description\":\"Somos um portal de not\u00edcias independente, criado em 5 de janeiro de 2009, com o objetivo de informar, conectar e valorizar a nossa comunidade de Ubirat\u00e3 e toda aregi\u00e3o. Com conte\u00fado atualizado, confi\u00e1vel e relevante, o Ubirat\u00e3 Online \u00e9 o seu espa\u00e7o para ficar por dentro dos principais acontecimentos locais, regionais, Brasil, Mundo e de interesse geral. Nosso compromisso \u00e9 com a verdade, a transpar\u00eancia e o respeito ao leitor.\",\"legalName\":\"UBIRATA ONLINE NOT\u00cdCIAS\",\"foundingDate\":\"2009-01-05\",\"numberOfEmployees\":{\"@type\":\"QuantitativeValue\",\"minValue\":\"1\",\"maxValue\":\"10\"},\"publishingPrinciples\":\"https:\\\/\\\/ubirataonline.com.br\\\/faq\\\/\",\"address\":{\"@id\":\"https:\\\/\\\/ubirataonline.com.br\\\/crespo-da-conselho-a-alisson-no-sao-paulo-valoriza-protagonista-do-elenco-e-enaltece-torcida-quando-estamos-unidos-e-dificil\\\/#local-main-place-address\"},\"geo\":{\"@type\":\"GeoCoordinates\",\"latitude\":\"-24.5361401\",\"longitude\":\"-52.9921776\"},\"telephone\":[\"+5544998308235\"],\"contactPoint\":{\"@type\":\"ContactPoint\",\"email\":\"contato@ubirataonline.com.br\"},\"openingHoursSpecification\":{\"@type\":\"OpeningHoursSpecification\",\"dayOfWeek\":[\"Monday\",\"Tuesday\",\"Wednesday\",\"Thursday\",\"Friday\",\"Saturday\",\"Sunday\"],\"opens\":\"00:00\",\"closes\":\"23:59\"},\"email\":\"contato@ubirataonline.com.br\",\"vatID\":\"47.621.418\\\/0001-80\"},{\"@type\":\"Person\",\"@id\":\"https:\\\/\\\/ubirataonline.com.br\\\/#\\\/schema\\\/person\\\/372f87bbd3fdd79b8556b84c98d0bc1c\",\"name\":\"REDA\u00c7\u00c3O: UBIRAT\u00c3 ONLINE - F\u00c1BIO AUGUSTO CELESTINO\",\"pronouns\":\"Ele\",\"description\":\"Desde 2003 trabalhando com not\u00edcias.\",\"sameAs\":[\"http:\\\/\\\/ubirataoline.com.br\",\"https:\\\/\\\/www.facebook.com\\\/portalubirataonline\",\"https:\\\/\\\/www.instagram.com\\\/ubirataonline_oficial\",\"https:\\\/\\\/x.com\\\/x.com\\\/ubirataonline\"],\"honorificPrefix\":\"Mr.\",\"honorificSuffix\":\"MD\",\"birthDate\":\"1980-06-16\",\"gender\":\"masculino\",\"award\":[\"V\u00e1rios pr\u00eamios de melhor portal da cidade\"],\"jobTitle\":\"Diretor\",\"url\":\"https:\\\/\\\/ubirataonline.com.br\\\/en\\\/author\\\/ubirataonline\\\/\"},{\"@type\":\"PostalAddress\",\"@id\":\"https:\\\/\\\/ubirataonline.com.br\\\/crespo-da-conselho-a-alisson-no-sao-paulo-valoriza-protagonista-do-elenco-e-enaltece-torcida-quando-estamos-unidos-e-dificil\\\/#local-main-place-address\",\"streetAddress\":\"Rua dos Coqueiros, 104 - Bairro Boa Vista, Rua dos Coqueiros, 104 Bairro Boa Vista\",\"addressLocality\":\"UBIRATA\",\"postalCode\":\"85440-000\",\"addressRegion\":\"PR\",\"addressCountry\":\"BR\"},{\"@type\":\"ImageObject\",\"inLanguage\":\"en-US\",\"@id\":\"https:\\\/\\\/ubirataonline.com.br\\\/crespo-da-conselho-a-alisson-no-sao-paulo-valoriza-protagonista-do-elenco-e-enaltece-torcida-quando-estamos-unidos-e-dificil\\\/#local-main-organization-logo\",\"url\":\"https:\\\/\\\/ubirataonline.com.br\\\/wp-content\\\/uploads\\\/2026\\\/06\\\/logoubirataonline-1.webp\",\"contentUrl\":\"https:\\\/\\\/ubirataonline.com.br\\\/wp-content\\\/uploads\\\/2026\\\/06\\\/logoubirataonline-1.webp\",\"width\":500,\"height\":500,\"caption\":\"Ubirat\u00e3 Online Not\u00edcias\"}]}<\/script>\n<meta name=\"geo.placename\" content=\"UBIRATA\" \/>\n<meta name=\"geo.position\" content=\"-24.5361401;-52.9921776\" \/>\n<meta name=\"geo.region\" content=\"Brazil\" \/>\n<!-- \/ Yoast SEO Premium plugin. -->","yoast_head_json":{"title":"Crespo d\u00e1 conselho a Alisson no S\u00e3o Paulo, valoriza 'protagonista do elenco' e enaltece torcida: 'Quando estamos unidos \u00e9 dif\u00edcil' - Ubirat\u00e3 Online Not\u00edcias - A realidade ao seu alcance!","description":"O S\u00e3o Paulo venceu o Santos neste s\u00e1bado (31), por 2 a 0, no Morumbis, e passou a respirar mais aliviado no Campeonato Paulista. Hern\u00e1n Crespo elogiou o","robots":{"index":"index","follow":"follow","max-snippet":"max-snippet:-1","max-image-preview":"max-image-preview:large","max-video-preview":"max-video-preview:-1"},"canonical":"https:\/\/ubirataonline.com.br\/en\/crespo-da-conselho-a-alisson-no-sao-paulo-valoriza-protagonista-do-elenco-e-enaltece-torcida-quando-estamos-unidos-e-dificil\/","og_locale":"en_US","og_type":"article","og_title":"Crespo d\u00e1 conselho a Alisson no S\u00e3o Paulo, valoriza 'protagonista do elenco' e enaltece torcida: 'Quando estamos unidos \u00e9 dif\u00edcil'","og_description":"O S\u00e3o Paulo venceu o Santos neste s\u00e1bado (31), por 2 a 0, no Morumbis, e passou a respirar mais aliviado no Campeonato Paulista. Hern\u00e1n Crespo elogiou o","og_url":"https:\/\/ubirataonline.com.br\/en\/crespo-da-conselho-a-alisson-no-sao-paulo-valoriza-protagonista-do-elenco-e-enaltece-torcida-quando-estamos-unidos-e-dificil\/","og_site_name":"Ubirat\u00e3 Online Not\u00edcias - A realidade ao seu alcance!","article_publisher":"https:\/\/www.facebook.com\/portalubirataonline","article_author":"https:\/\/www.facebook.com\/portalubirataonline","article_published_time":"2026-02-01T18:16:29+00:00","article_modified_time":"2026-02-01T18:16:32+00:00","og_image":[{"width":1296,"height":729,"url":"https:\/\/ubirataonline.com.br\/wp-content\/uploads\/2026\/02\/Crespo-da-conselho-a-Alisson-no-Sao-Paulo-valoriza-protagonista.jpeg","type":"image\/jpeg"}],"author":"REDA\u00c7\u00c3O: UBIRAT\u00c3 ONLINE - F\u00c1BIO AUGUSTO CELESTINO","twitter_card":"summary_large_image","twitter_creator":"@x.com\/ubirataonline","twitter_site":"@ubirataonline","twitter_misc":{"Written by":"REDA\u00c7\u00c3O: UBIRAT\u00c3 ONLINE - F\u00c1BIO AUGUSTO CELESTINO","Est. reading time":"2 minutes"},"schema":{"@context":"https:\/\/schema.org","@graph":[{"@type":"NewsArticle","@id":"https:\/\/ubirataonline.com.br\/crespo-da-conselho-a-alisson-no-sao-paulo-valoriza-protagonista-do-elenco-e-enaltece-torcida-quando-estamos-unidos-e-dificil\/#article","isPartOf":{"@id":"https:\/\/ubirataonline.com.br\/crespo-da-conselho-a-alisson-no-sao-paulo-valoriza-protagonista-do-elenco-e-enaltece-torcida-quando-estamos-unidos-e-dificil\/"},"author":{"name":"REDA\u00c7\u00c3O: UBIRAT\u00c3 ONLINE - F\u00c1BIO AUGUSTO CELESTINO","@id":"https:\/\/ubirataonline.com.br\/#\/schema\/person\/372f87bbd3fdd79b8556b84c98d0bc1c"},"headline":"Crespo d\u00e1 conselho a Alisson no S\u00e3o Paulo, valoriza &#8216;protagonista do elenco&#8217; e enaltece torcida: &#8216;Quando estamos unidos \u00e9 dif\u00edcil&#8217;","datePublished":"2026-02-01T18:16:29+00:00","dateModified":"2026-02-01T18:16:32+00:00","mainEntityOfPage":{"@id":"https:\/\/ubirataonline.com.br\/crespo-da-conselho-a-alisson-no-sao-paulo-valoriza-protagonista-do-elenco-e-enaltece-torcida-quando-estamos-unidos-e-dificil\/"},"wordCount":486,"publisher":{"@id":"https:\/\/ubirataonline.com.br\/#organization"},"image":{"@id":"https:\/\/ubirataonline.com.br\/crespo-da-conselho-a-alisson-no-sao-paulo-valoriza-protagonista-do-elenco-e-enaltece-torcida-quando-estamos-unidos-e-dificil\/#primaryimage"},"thumbnailUrl":"https:\/\/ubirataonline.com.br\/wp-content\/uploads\/2026\/02\/Crespo-da-conselho-a-Alisson-no-Sao-Paulo-valoriza-protagonista.jpeg","keywords":["Alisson","conselho","Crespo","d\u00e1","dif\u00edcil","Elenco","enaltece","estamos","Paulo","protagonista","quando","S\u00e3o","torcida","Unidos","valoriza"],"articleSection":["Brasil"],"inLanguage":"en-US","copyrightYear":"2026","copyrightHolder":{"@id":"https:\/\/ubirataonline.com.br\/en\/#organization"}},{"@type":"WebPage","@id":"https:\/\/ubirataonline.com.br\/crespo-da-conselho-a-alisson-no-sao-paulo-valoriza-protagonista-do-elenco-e-enaltece-torcida-quando-estamos-unidos-e-dificil\/","url":"https:\/\/ubirataonline.com.br\/crespo-da-conselho-a-alisson-no-sao-paulo-valoriza-protagonista-do-elenco-e-enaltece-torcida-quando-estamos-unidos-e-dificil\/","name":"Crespo d\u00e1 conselho a Alisson no S\u00e3o Paulo, valoriza 'protagonista do elenco' e enaltece torcida: 'Quando estamos unidos \u00e9 dif\u00edcil' - Ubirat\u00e3 Online Not\u00edcias - A realidade ao seu alcance!","isPartOf":{"@id":"https:\/\/ubirataonline.com.br\/#website"},"primaryImageOfPage":{"@id":"https:\/\/ubirataonline.com.br\/crespo-da-conselho-a-alisson-no-sao-paulo-valoriza-protagonista-do-elenco-e-enaltece-torcida-quando-estamos-unidos-e-dificil\/#primaryimage"},"image":{"@id":"https:\/\/ubirataonline.com.br\/crespo-da-conselho-a-alisson-no-sao-paulo-valoriza-protagonista-do-elenco-e-enaltece-torcida-quando-estamos-unidos-e-dificil\/#primaryimage"},"thumbnailUrl":"https:\/\/ubirataonline.com.br\/wp-content\/uploads\/2026\/02\/Crespo-da-conselho-a-Alisson-no-Sao-Paulo-valoriza-protagonista.jpeg","datePublished":"2026-02-01T18:16:29+00:00","dateModified":"2026-02-01T18:16:32+00:00","description":"O S\u00e3o Paulo venceu o Santos neste s\u00e1bado (31), por 2 a 0, no Morumbis, e passou a respirar mais aliviado no Campeonato Paulista. Hern\u00e1n Crespo elogiou o","breadcrumb":{"@id":"https:\/\/ubirataonline.com.br\/crespo-da-conselho-a-alisson-no-sao-paulo-valoriza-protagonista-do-elenco-e-enaltece-torcida-quando-estamos-unidos-e-dificil\/#breadcrumb"},"inLanguage":"en-US","potentialAction":[{"@type":"ReadAction","target":["https:\/\/ubirataonline.com.br\/crespo-da-conselho-a-alisson-no-sao-paulo-valoriza-protagonista-do-elenco-e-enaltece-torcida-quando-estamos-unidos-e-dificil\/"]}]},{"@type":"ImageObject","inLanguage":"en-US","@id":"https:\/\/ubirataonline.com.br\/crespo-da-conselho-a-alisson-no-sao-paulo-valoriza-protagonista-do-elenco-e-enaltece-torcida-quando-estamos-unidos-e-dificil\/#primaryimage","url":"https:\/\/ubirataonline.com.br\/wp-content\/uploads\/2026\/02\/Crespo-da-conselho-a-Alisson-no-Sao-Paulo-valoriza-protagonista.jpeg","contentUrl":"https:\/\/ubirataonline.com.br\/wp-content\/uploads\/2026\/02\/Crespo-da-conselho-a-Alisson-no-Sao-Paulo-valoriza-protagonista.jpeg","width":1296,"height":729,"caption":"Alisson vai ter espa\u00e7o no S\u00e3o Paulo ap\u00f3s negocia\u00e7\u00e3o frustrada com o Corinthians? Crespo \u00e9 direto em resposta (1:03)T\u00e9cnico s\u00e3o-paulino abriu o jogo sobre situa\u00e7\u00e3o do meio-campista em entrevista coletiva (1:03)"},{"@type":"BreadcrumbList","@id":"https:\/\/ubirataonline.com.br\/crespo-da-conselho-a-alisson-no-sao-paulo-valoriza-protagonista-do-elenco-e-enaltece-torcida-quando-estamos-unidos-e-dificil\/#breadcrumb","itemListElement":[{"@type":"ListItem","position":1,"name":"In\u00edcio","item":"https:\/\/ubirataonline.com.br\/"},{"@type":"ListItem","position":2,"name":"Crespo d\u00e1 conselho a Alisson no S\u00e3o Paulo, valoriza &#8216;protagonista do elenco&#8217; e enaltece torcida: &#8216;Quando estamos unidos \u00e9 dif\u00edcil&#8217;"}]},{"@type":"WebSite","@id":"https:\/\/ubirataonline.com.br\/#website","url":"https:\/\/ubirataonline.com.br\/","name":"Ubirat\u00e3 Online Not\u00edcias","description":"Not\u00edcias de Ubirat\u00e3, regi\u00e3o, Brasil e mundo, com informa\u00e7\u00e3o atualizada e compromisso com o leitor.","publisher":{"@id":"https:\/\/ubirataonline.com.br\/#organization"},"alternateName":"Ubirat\u00e3 Online","potentialAction":[{"@type":"SearchAction","target":{"@type":"EntryPoint","urlTemplate":"https:\/\/ubirataonline.com.br\/?s={search_term_string}"},"query-input":{"@type":"PropertyValueSpecification","valueRequired":true,"valueName":"search_term_string"}}],"inLanguage":"en-US"},{"@type":["Organization","Place"],"@id":"https:\/\/ubirataonline.com.br\/#organization","name":"Ubirat\u00e3 Online Not\u00edcias","alternateName":"Ubirat\u00e3 Online","url":"https:\/\/ubirataonline.com.br\/","logo":{"@id":"https:\/\/ubirataonline.com.br\/crespo-da-conselho-a-alisson-no-sao-paulo-valoriza-protagonista-do-elenco-e-enaltece-torcida-quando-estamos-unidos-e-dificil\/#local-main-organization-logo"},"image":{"@id":"https:\/\/ubirataonline.com.br\/crespo-da-conselho-a-alisson-no-sao-paulo-valoriza-protagonista-do-elenco-e-enaltece-torcida-quando-estamos-unidos-e-dificil\/#local-main-organization-logo"},"sameAs":["https:\/\/www.facebook.com\/portalubirataonline","https:\/\/x.com\/ubirataonline","https:\/\/mastodon.social\/@ubirataonline","https:\/\/www.facebook.com\/groups\/311144672285604","https:\/\/www.facebook.com\/UBTAOnline","https:\/\/www.instagram.com\/portalubirataonline\/","https:\/\/twitter.com\/ubirataonline"],"description":"Somos um portal de not\u00edcias independente, criado em 5 de janeiro de 2009, com o objetivo de informar, conectar e valorizar a nossa comunidade de Ubirat\u00e3 e toda aregi\u00e3o. Com conte\u00fado atualizado, confi\u00e1vel e relevante, o Ubirat\u00e3 Online \u00e9 o seu espa\u00e7o para ficar por dentro dos principais acontecimentos locais, regionais, Brasil, Mundo e de interesse geral. Nosso compromisso \u00e9 com a verdade, a transpar\u00eancia e o respeito ao leitor.","legalName":"UBIRATA ONLINE NOT\u00cdCIAS","foundingDate":"2009-01-05","numberOfEmployees":{"@type":"QuantitativeValue","minValue":"1","maxValue":"10"},"publishingPrinciples":"https:\/\/ubirataonline.com.br\/faq\/","address":{"@id":"https:\/\/ubirataonline.com.br\/crespo-da-conselho-a-alisson-no-sao-paulo-valoriza-protagonista-do-elenco-e-enaltece-torcida-quando-estamos-unidos-e-dificil\/#local-main-place-address"},"geo":{"@type":"GeoCoordinates","latitude":"-24.5361401","longitude":"-52.9921776"},"telephone":["+5544998308235"],"contactPoint":{"@type":"ContactPoint","email":"contato@ubirataonline.com.br"},"openingHoursSpecification":{"@type":"OpeningHoursSpecification","dayOfWeek":["Monday","Tuesday","Wednesday","Thursday","Friday","Saturday","Sunday"],"opens":"00:00","closes":"23:59"},"email":"contato@ubirataonline.com.br","vatID":"47.621.418\/0001-80"},{"@type":"Person","@id":"https:\/\/ubirataonline.com.br\/#\/schema\/person\/372f87bbd3fdd79b8556b84c98d0bc1c","name":"REDA\u00c7\u00c3O: UBIRAT\u00c3 ONLINE - F\u00c1BIO AUGUSTO CELESTINO","pronouns":"Ele","description":"Desde 2003 trabalhando com not\u00edcias.","sameAs":["http:\/\/ubirataoline.com.br","https:\/\/www.facebook.com\/portalubirataonline","https:\/\/www.instagram.com\/ubirataonline_oficial","https:\/\/x.com\/x.com\/ubirataonline"],"honorificPrefix":"Mr.","honorificSuffix":"MD","birthDate":"1980-06-16","gender":"masculino","award":["V\u00e1rios pr\u00eamios de melhor portal da cidade"],"jobTitle":"Diretor","url":"https:\/\/ubirataonline.com.br\/en\/author\/ubirataonline\/"},{"@type":"PostalAddress","@id":"https:\/\/ubirataonline.com.br\/crespo-da-conselho-a-alisson-no-sao-paulo-valoriza-protagonista-do-elenco-e-enaltece-torcida-quando-estamos-unidos-e-dificil\/#local-main-place-address","streetAddress":"Rua dos Coqueiros, 104 - Bairro Boa Vista, Rua dos Coqueiros, 104 Bairro Boa Vista","addressLocality":"UBIRATA","postalCode":"85440-000","addressRegion":"PR","addressCountry":"BR"},{"@type":"ImageObject","inLanguage":"en-US","@id":"https:\/\/ubirataonline.com.br\/crespo-da-conselho-a-alisson-no-sao-paulo-valoriza-protagonista-do-elenco-e-enaltece-torcida-quando-estamos-unidos-e-dificil\/#local-main-organization-logo","url":"https:\/\/ubirataonline.com.br\/wp-content\/uploads\/2026\/06\/logoubirataonline-1.webp","contentUrl":"https:\/\/ubirataonline.com.br\/wp-content\/uploads\/2026\/06\/logoubirataonline-1.webp","width":500,"height":500,"caption":"Ubirat\u00e3 Online Not\u00edcias"}]},"geo.placename":"UBIRATA","geo.position":{"lat":"-24.5361401","long":"-52.9921776"},"geo.region":"Brazil"},"_links":{"self":[{"href":"https:\/\/ubirataonline.com.br\/en\/wp-json\/wp\/v2\/posts\/83958","targetHints":{"allow":["GET"]}}],"collection":[{"href":"https:\/\/ubirataonline.com.br\/en\/wp-json\/wp\/v2\/posts"}],"about":[{"href":"https:\/\/ubirataonline.com.br\/en\/wp-json\/wp\/v2\/types\/post"}],"author":[{"embeddable":true,"href":"https:\/\/ubirataonline.com.br\/en\/wp-json\/wp\/v2\/users\/1"}],"replies":[{"embeddable":true,"href":"https:\/\/ubirataonline.com.br\/en\/wp-json\/wp\/v2\/comments?post=83958"}],"version-history":[{"count":0,"href":"https:\/\/ubirataonline.com.br\/en\/wp-json\/wp\/v2\/posts\/83958\/revisions"}],"wp:featuredmedia":[{"embeddable":true,"href":"https:\/\/ubirataonline.com.br\/en\/wp-json\/wp\/v2\/media\/83959"}],"wp:attachment":[{"href":"https:\/\/ubirataonline.com.br\/en\/wp-json\/wp\/v2\/media?parent=83958"}],"wp:term":[{"taxonomy":"category","embeddable":true,"href":"https:\/\/ubirataonline.com.br\/en\/wp-json\/wp\/v2\/categories?post=83958"},{"taxonomy":"post_tag","embeddable":true,"href":"https:\/\/ubirataonline.com.br\/en\/wp-json\/wp\/v2\/tags?post=83958"}],"curies":[{"name":"wp","href":"https:\/\/api.w.org\/{rel}","templated":true}]}}