{"id":84130,"date":"2026-02-02T08:34:04","date_gmt":"2026-02-02T11:34:04","guid":{"rendered":"https:\/\/ubirataonline.com.br\/salario-minimo-2026-e-pago-nesta-semana-saiba-o-novo-valor-brasil\/"},"modified":"2026-02-02T08:34:13","modified_gmt":"2026-02-02T11:34:13","slug":"salario-minimo-2026-e-pago-nesta-semana-saiba-o-novo-valor-brasil","status":"publish","type":"post","link":"https:\/\/ubirataonline.com.br\/en\/salario-minimo-2026-e-pago-nesta-semana-saiba-o-novo-valor-brasil\/","title":{"rendered":"Sal\u00e1rio m\u00ednimo 2026 \u00e9 pago nesta semana; saiba o novo valor | Brasil"},"content":{"rendered":"<p><\/p>\n<div data-block-type=\"unstyled\" data-block-weight=\"38\">\n<p class=\"content-text__container theme-color-primary-first-letter\" data-track-category=\"Link no Texto\" data-track-links=\"\"> Trabalhadores que recebem valores atrelados ao <strong>sal\u00e1rio m\u00ednimo<\/strong> nacional come\u00e7am a receber o <strong>novo valor <\/strong>reajustado <strong>a partir desta segunda-feira (2)<\/strong>. O reajuste ser\u00e1 pago na <strong>folha de fevereiro<\/strong>, que corresponde aos valores referentes ao m\u00eas de janeiro. <\/p>\n<\/p><\/div>\n<div>\n<div class=\"mc-column content-text active-extra-styles\" data-block-type=\"unstyled\" data-block-weight=\"43\">\n<p class=\"content-text__container\" data-track-category=\"Link no Texto\" data-track-links=\"\"> <span class=\"highlight\">O novo sal\u00e1rio m\u00ednimo \u00e9 de R$ 1.621, um aumento de R$ 103 em rela\u00e7\u00e3o ao valor anterior de R$ 1.518.<\/span> O reajuste de 6,8% seguiu os crit\u00e9rios estabelecidos por lei, que consideram o aumento nos pre\u00e7os e o crescimento da economia brasileira. <\/p>\n<\/p><\/div>\n<div class=\"mc-column content-text active-extra-styles\" data-block-type=\"unstyled\" data-block-weight=\"38\">\n<p class=\"content-text__container\" data-track-category=\"Link no Texto\" data-track-links=\"\"> O sal\u00e1rio m\u00ednimo vale para trabalhadores com carteira assinada (CLT) e benefici\u00e1rios de programas como Bolsa Fam\u00edlia e INSS. Profissionais PJ n\u00e3o t\u00eam direito ao piso, pois sua remunera\u00e7\u00e3o segue as regras dos contratos firmados entre as empresas. <\/p>\n<\/p><\/div>\n<div class=\"mc-column content-text active-extra-styles\" data-block-type=\"raw\" data-block-weight=\"8\">\n<p><h2>Quando \u00e9 o 5\u00ba dia \u00fatil de fevereiro?<\/h2>\n<\/p><\/div>\n<div class=\"mc-column content-text active-extra-styles\" data-block-type=\"unstyled\" data-block-weight=\"26\">\n<p class=\"content-text__container\" data-track-category=\"Link no Texto\" data-track-links=\"\"> A data m\u00e1xima de pagamento do sal\u00e1rio de fevereiro \u00e9 o quinto dia \u00fatil de fevereiro, segundo estabelece a legisla\u00e7\u00e3o. A contagem ocorre da seguinte forma: <\/p>\n<\/p><\/div>\n<div class=\"mc-column content-text active-extra-styles\" data-block-type=\"raw\" data-block-weight=\"35\">\n<ul class=\"content-unordered-list\">\n<li>2 de fevereiro (segunda-feira): 1\u00ba dia \u00fatil<\/li>\n<li>3 de fevereiro (ter\u00e7a-feira): 2\u00ba dia \u00fatil<\/li>\n<li>4 de fevereiro (quarta-feira): 3\u00ba dia \u00fatil<\/li>\n<li>5 de fevereiro (quinta-feira): 4\u00ba dia \u00fatil<\/li>\n<li><strong><span class=\"highlight\">6 de fevereiro (sexta-feira): 5\u00ba dia \u00fatil<\/span><\/strong><\/li>\n<\/ul><\/div>\n<div class=\"mc-column content-text active-extra-styles\" data-block-type=\"raw\" data-block-weight=\"10\">\n<p><h2>Quanto ser\u00e1 o sal\u00e1rio m\u00ednimo em 2026 ap\u00f3s os descontos?<\/h2>\n<\/p><\/div>\n<div class=\"mc-column content-text active-extra-styles\" data-block-type=\"unstyled\" data-block-weight=\"23\">\n<p class=\"content-text__container\" data-track-category=\"Link no Texto\" data-track-links=\"\"> Com o sal\u00e1rio m\u00ednimo de 2026 em R$ 1.621, <span class=\"highlight\">o trabalhador receber\u00e1 R$ 1.499,42 l\u00edquidos ap\u00f3s o desconto m\u00ednimo de 7,5% do INSS<\/span>. <\/p>\n<\/p><\/div>\n<div class=\"mc-column content-text active-extra-styles\" data-block-type=\"unstyled\" data-block-weight=\"31\">\n<p class=\"content-text__container\" data-track-category=\"Link no Texto\" data-track-links=\"\"> Trabalhadores que recebem sal\u00e1rio m\u00ednimo s\u00e3o isentos de Imposto de Renda. O Fundo de Garantia do Tempo de Servi\u00e7o (FGTS) n\u00e3o \u00e9 descontado do sal\u00e1rio, mas sim depositado pelo empregador. <\/p>\n<\/p><\/div>\n<div data-track-category=\"multicontent\" data-track-action=\"ultimo chunk conteudo\" data-track-noninteraction=\"false\" data-track-scroll=\"view\">\n<div class=\"mc-column content-text active-extra-styles\" data-block-type=\"unstyled\" data-block-weight=\"21\">\n<p class=\"content-text__container\" data-track-category=\"Link no Texto\" data-track-links=\"\"> <span class=\"highlight\">Outros descontos s\u00e3o vari\u00e1veis, como vale-transporte, vale-alimenta\u00e7\u00e3o ou refei\u00e7\u00e3o, empr\u00e9stimos consignados e pens\u00e3o aliment\u00edcia dependem do contrato de cada trabalhador. <\/span> <\/p>\n<\/p><\/div>\n<\/p><\/div>\n<\/p><\/div>\n<p><a href=\"https:\/\/valor.globo.com\/brasil\/noticia\/2026\/02\/02\/salario-minimo-2026-e-pago-nesta-semana-saiba-o-novo-valor.ghtml\">Source link <\/a><\/p>","protected":false},"excerpt":{"rendered":"<p>Trabalhadores que recebem valores atrelados ao sal\u00e1rio m\u00ednimo nacional come\u00e7am a receber o novo valor reajustado a partir desta segunda-feira (2). O reajuste ser\u00e1 pago na folha de fevereiro, que corresponde aos valores referentes ao m\u00eas de janeiro. O novo sal\u00e1rio m\u00ednimo \u00e9 de R$ 1.621, um aumento de R$ 103 em rela\u00e7\u00e3o ao valor [&hellip;]<\/p>\n","protected":false},"author":1,"featured_media":84131,"comment_status":"closed","ping_status":"","sticky":false,"template":"","format":"standard","meta":{"googlesitekit_rrm_CAow2JLhCw:productID":"","_gspb_post_css":"","maa_idioma":"","maa_pais":"","footnotes":""},"categories":[4],"tags":[272,8321,3599,4363,16965,3600,4379,3268,4317],"class_list":["post-84130","post","type-post","status-publish","format-standard","has-post-thumbnail","hentry","category-brasil","tag-brasil","tag-minimo","tag-nesta","tag-novo","tag-pago","tag-saiba","tag-salario","tag-semana","tag-valor"],"blocksy_meta":[],"yoast_head":"<!-- This site is optimized with the Yoast SEO Premium plugin v27.6 (Yoast SEO v27.6) - https:\/\/yoast.com\/product\/yoast-seo-premium-wordpress\/ -->\n<title>Sal\u00e1rio m\u00ednimo 2026 \u00e9 pago nesta semana; saiba o novo valor | Brasil - Ubirat\u00e3 Online Not\u00edcias - A realidade ao seu alcance!<\/title>\n<meta name=\"description\" content=\"Trabalhadores que recebem valores atrelados ao sal\u00e1rio m\u00ednimo nacional come\u00e7am a receber o novo valor reajustado a partir desta segunda-feira (2). O\" \/>\n<meta name=\"robots\" content=\"index, follow, max-snippet:-1, max-image-preview:large, max-video-preview:-1\" \/>\n<link rel=\"canonical\" href=\"https:\/\/ubirataonline.com.br\/en\/salario-minimo-2026-e-pago-nesta-semana-saiba-o-novo-valor-brasil\/\" \/>\n<meta property=\"og:locale\" content=\"en_US\" \/>\n<meta property=\"og:type\" content=\"article\" \/>\n<meta property=\"og:title\" content=\"Sal\u00e1rio m\u00ednimo 2026 \u00e9 pago nesta semana; saiba o novo valor | Brasil\" \/>\n<meta property=\"og:description\" content=\"Trabalhadores que recebem valores atrelados ao sal\u00e1rio m\u00ednimo nacional come\u00e7am a receber o novo valor reajustado a partir desta segunda-feira (2). O\" \/>\n<meta property=\"og:url\" content=\"https:\/\/ubirataonline.com.br\/en\/salario-minimo-2026-e-pago-nesta-semana-saiba-o-novo-valor-brasil\/\" \/>\n<meta property=\"og:site_name\" content=\"Ubirat\u00e3 Online Not\u00edcias - A realidade ao seu alcance!\" \/>\n<meta property=\"article:publisher\" content=\"https:\/\/www.facebook.com\/portalubirataonline\" \/>\n<meta property=\"article:author\" content=\"https:\/\/www.facebook.com\/portalubirataonline\" \/>\n<meta property=\"article:published_time\" content=\"2026-02-02T11:34:04+00:00\" \/>\n<meta property=\"article:modified_time\" content=\"2026-02-02T11:34:13+00:00\" \/>\n<meta property=\"og:image\" content=\"https:\/\/ubirataonline.com.br\/wp-content\/uploads\/2026\/02\/Salario-minimo-2026-e-pago-nesta-semana-saiba-o-novo.jpg\" \/>\n\t<meta property=\"og:image:width\" content=\"1200\" \/>\n\t<meta property=\"og:image:height\" content=\"800\" \/>\n\t<meta property=\"og:image:type\" content=\"image\/jpeg\" \/>\n<meta name=\"author\" content=\"REDA\u00c7\u00c3O: UBIRAT\u00c3 ONLINE - F\u00c1BIO AUGUSTO CELESTINO\" \/>\n<meta name=\"twitter:card\" content=\"summary_large_image\" \/>\n<meta name=\"twitter:creator\" content=\"@x.com\/ubirataonline\" \/>\n<meta name=\"twitter:site\" content=\"@ubirataonline\" \/>\n<meta name=\"twitter:label1\" content=\"Written by\" \/>\n\t<meta name=\"twitter:data1\" content=\"REDA\u00c7\u00c3O: UBIRAT\u00c3 ONLINE - F\u00c1BIO AUGUSTO CELESTINO\" \/>\n\t<meta name=\"twitter:label2\" content=\"Est. reading time\" \/>\n\t<meta name=\"twitter:data2\" content=\"1 minute\" \/>\n<script type=\"application\/ld+json\" class=\"yoast-schema-graph\">{\"@context\":\"https:\\\/\\\/schema.org\",\"@graph\":[{\"@type\":\"NewsArticle\",\"@id\":\"https:\\\/\\\/ubirataonline.com.br\\\/salario-minimo-2026-e-pago-nesta-semana-saiba-o-novo-valor-brasil\\\/#article\",\"isPartOf\":{\"@id\":\"https:\\\/\\\/ubirataonline.com.br\\\/salario-minimo-2026-e-pago-nesta-semana-saiba-o-novo-valor-brasil\\\/\"},\"author\":{\"name\":\"REDA\u00c7\u00c3O: UBIRAT\u00c3 ONLINE - F\u00c1BIO AUGUSTO CELESTINO\",\"@id\":\"https:\\\/\\\/ubirataonline.com.br\\\/#\\\/schema\\\/person\\\/372f87bbd3fdd79b8556b84c98d0bc1c\"},\"headline\":\"Sal\u00e1rio m\u00ednimo 2026 \u00e9 pago nesta semana; saiba o novo valor | Brasil\",\"datePublished\":\"2026-02-02T11:34:04+00:00\",\"dateModified\":\"2026-02-02T11:34:13+00:00\",\"mainEntityOfPage\":{\"@id\":\"https:\\\/\\\/ubirataonline.com.br\\\/salario-minimo-2026-e-pago-nesta-semana-saiba-o-novo-valor-brasil\\\/\"},\"wordCount\":301,\"publisher\":{\"@id\":\"https:\\\/\\\/ubirataonline.com.br\\\/#organization\"},\"image\":{\"@id\":\"https:\\\/\\\/ubirataonline.com.br\\\/salario-minimo-2026-e-pago-nesta-semana-saiba-o-novo-valor-brasil\\\/#primaryimage\"},\"thumbnailUrl\":\"https:\\\/\\\/ubirataonline.com.br\\\/wp-content\\\/uploads\\\/2026\\\/02\\\/Salario-minimo-2026-e-pago-nesta-semana-saiba-o-novo.jpg\",\"keywords\":[\"Brasil\",\"m\u00ednimo\",\"nesta\",\"Novo\",\"pago\",\"saiba\",\"sal\u00e1rio\",\"semana\",\"valor\"],\"articleSection\":[\"Brasil\"],\"inLanguage\":\"en-US\",\"copyrightYear\":\"2026\",\"copyrightHolder\":{\"@id\":\"https:\\\/\\\/ubirataonline.com.br\\\/en\\\/#organization\"}},{\"@type\":\"WebPage\",\"@id\":\"https:\\\/\\\/ubirataonline.com.br\\\/salario-minimo-2026-e-pago-nesta-semana-saiba-o-novo-valor-brasil\\\/\",\"url\":\"https:\\\/\\\/ubirataonline.com.br\\\/salario-minimo-2026-e-pago-nesta-semana-saiba-o-novo-valor-brasil\\\/\",\"name\":\"Sal\u00e1rio m\u00ednimo 2026 \u00e9 pago nesta semana; saiba o novo valor | Brasil - Ubirat\u00e3 Online Not\u00edcias - A realidade ao seu alcance!\",\"isPartOf\":{\"@id\":\"https:\\\/\\\/ubirataonline.com.br\\\/#website\"},\"primaryImageOfPage\":{\"@id\":\"https:\\\/\\\/ubirataonline.com.br\\\/salario-minimo-2026-e-pago-nesta-semana-saiba-o-novo-valor-brasil\\\/#primaryimage\"},\"image\":{\"@id\":\"https:\\\/\\\/ubirataonline.com.br\\\/salario-minimo-2026-e-pago-nesta-semana-saiba-o-novo-valor-brasil\\\/#primaryimage\"},\"thumbnailUrl\":\"https:\\\/\\\/ubirataonline.com.br\\\/wp-content\\\/uploads\\\/2026\\\/02\\\/Salario-minimo-2026-e-pago-nesta-semana-saiba-o-novo.jpg\",\"datePublished\":\"2026-02-02T11:34:04+00:00\",\"dateModified\":\"2026-02-02T11:34:13+00:00\",\"description\":\"Trabalhadores que recebem valores atrelados ao sal\u00e1rio m\u00ednimo nacional come\u00e7am a receber o novo valor reajustado a partir desta segunda-feira (2). O\",\"breadcrumb\":{\"@id\":\"https:\\\/\\\/ubirataonline.com.br\\\/salario-minimo-2026-e-pago-nesta-semana-saiba-o-novo-valor-brasil\\\/#breadcrumb\"},\"inLanguage\":\"en-US\",\"potentialAction\":[{\"@type\":\"ReadAction\",\"target\":[\"https:\\\/\\\/ubirataonline.com.br\\\/salario-minimo-2026-e-pago-nesta-semana-saiba-o-novo-valor-brasil\\\/\"]}]},{\"@type\":\"ImageObject\",\"inLanguage\":\"en-US\",\"@id\":\"https:\\\/\\\/ubirataonline.com.br\\\/salario-minimo-2026-e-pago-nesta-semana-saiba-o-novo-valor-brasil\\\/#primaryimage\",\"url\":\"https:\\\/\\\/ubirataonline.com.br\\\/wp-content\\\/uploads\\\/2026\\\/02\\\/Salario-minimo-2026-e-pago-nesta-semana-saiba-o-novo.jpg\",\"contentUrl\":\"https:\\\/\\\/ubirataonline.com.br\\\/wp-content\\\/uploads\\\/2026\\\/02\\\/Salario-minimo-2026-e-pago-nesta-semana-saiba-o-novo.jpg\",\"width\":1200,\"height\":800,\"caption\":\"Sal\u00e1rio m\u00ednimo 2026 ser\u00e1 pago na folha de fevereiro \u2014 Foto: Marcello Casal Jr\\\/Ag\u00eancia Brasil\\\/Arquivo\"},{\"@type\":\"BreadcrumbList\",\"@id\":\"https:\\\/\\\/ubirataonline.com.br\\\/salario-minimo-2026-e-pago-nesta-semana-saiba-o-novo-valor-brasil\\\/#breadcrumb\",\"itemListElement\":[{\"@type\":\"ListItem\",\"position\":1,\"name\":\"In\u00edcio\",\"item\":\"https:\\\/\\\/ubirataonline.com.br\\\/\"},{\"@type\":\"ListItem\",\"position\":2,\"name\":\"Sal\u00e1rio m\u00ednimo 2026 \u00e9 pago nesta semana; saiba o novo valor | Brasil\"}]},{\"@type\":\"WebSite\",\"@id\":\"https:\\\/\\\/ubirataonline.com.br\\\/#website\",\"url\":\"https:\\\/\\\/ubirataonline.com.br\\\/\",\"name\":\"Ubirat\u00e3 Online Not\u00edcias\",\"description\":\"Not\u00edcias de Ubirat\u00e3, regi\u00e3o, Brasil e mundo, com informa\u00e7\u00e3o atualizada e compromisso com o leitor.\",\"publisher\":{\"@id\":\"https:\\\/\\\/ubirataonline.com.br\\\/#organization\"},\"alternateName\":\"Ubirat\u00e3 Online\",\"potentialAction\":[{\"@type\":\"SearchAction\",\"target\":{\"@type\":\"EntryPoint\",\"urlTemplate\":\"https:\\\/\\\/ubirataonline.com.br\\\/?s={search_term_string}\"},\"query-input\":{\"@type\":\"PropertyValueSpecification\",\"valueRequired\":true,\"valueName\":\"search_term_string\"}}],\"inLanguage\":\"en-US\"},{\"@type\":[\"Organization\",\"Place\"],\"@id\":\"https:\\\/\\\/ubirataonline.com.br\\\/#organization\",\"name\":\"Ubirat\u00e3 Online Not\u00edcias\",\"alternateName\":\"Ubirat\u00e3 Online\",\"url\":\"https:\\\/\\\/ubirataonline.com.br\\\/\",\"logo\":{\"@id\":\"https:\\\/\\\/ubirataonline.com.br\\\/salario-minimo-2026-e-pago-nesta-semana-saiba-o-novo-valor-brasil\\\/#local-main-organization-logo\"},\"image\":{\"@id\":\"https:\\\/\\\/ubirataonline.com.br\\\/salario-minimo-2026-e-pago-nesta-semana-saiba-o-novo-valor-brasil\\\/#local-main-organization-logo\"},\"sameAs\":[\"https:\\\/\\\/www.facebook.com\\\/portalubirataonline\",\"https:\\\/\\\/x.com\\\/ubirataonline\",\"https:\\\/\\\/mastodon.social\\\/@ubirataonline\",\"https:\\\/\\\/www.facebook.com\\\/groups\\\/311144672285604\",\"https:\\\/\\\/www.facebook.com\\\/UBTAOnline\",\"https:\\\/\\\/www.instagram.com\\\/portalubirataonline\\\/\",\"https:\\\/\\\/twitter.com\\\/ubirataonline\"],\"description\":\"Somos um portal de not\u00edcias independente, criado em 5 de janeiro de 2009, com o objetivo de informar, conectar e valorizar a nossa comunidade de Ubirat\u00e3 e toda aregi\u00e3o. Com conte\u00fado atualizado, confi\u00e1vel e relevante, o Ubirat\u00e3 Online \u00e9 o seu espa\u00e7o para ficar por dentro dos principais acontecimentos locais, regionais, Brasil, Mundo e de interesse geral. Nosso compromisso \u00e9 com a verdade, a transpar\u00eancia e o respeito ao leitor.\",\"legalName\":\"UBIRATA ONLINE NOT\u00cdCIAS\",\"foundingDate\":\"2009-01-05\",\"numberOfEmployees\":{\"@type\":\"QuantitativeValue\",\"minValue\":\"1\",\"maxValue\":\"10\"},\"publishingPrinciples\":\"https:\\\/\\\/ubirataonline.com.br\\\/faq\\\/\",\"address\":{\"@id\":\"https:\\\/\\\/ubirataonline.com.br\\\/salario-minimo-2026-e-pago-nesta-semana-saiba-o-novo-valor-brasil\\\/#local-main-place-address\"},\"geo\":{\"@type\":\"GeoCoordinates\",\"latitude\":\"-24.5361401\",\"longitude\":\"-52.9921776\"},\"telephone\":[\"+5544998308235\"],\"contactPoint\":{\"@type\":\"ContactPoint\",\"email\":\"contato@ubirataonline.com.br\"},\"openingHoursSpecification\":{\"@type\":\"OpeningHoursSpecification\",\"dayOfWeek\":[\"Monday\",\"Tuesday\",\"Wednesday\",\"Thursday\",\"Friday\",\"Saturday\",\"Sunday\"],\"opens\":\"00:00\",\"closes\":\"23:59\"},\"email\":\"contato@ubirataonline.com.br\",\"vatID\":\"47.621.418\\\/0001-80\"},{\"@type\":\"Person\",\"@id\":\"https:\\\/\\\/ubirataonline.com.br\\\/#\\\/schema\\\/person\\\/372f87bbd3fdd79b8556b84c98d0bc1c\",\"name\":\"REDA\u00c7\u00c3O: UBIRAT\u00c3 ONLINE - F\u00c1BIO AUGUSTO CELESTINO\",\"pronouns\":\"Ele\",\"description\":\"Desde 2003 trabalhando com not\u00edcias.\",\"sameAs\":[\"http:\\\/\\\/ubirataoline.com.br\",\"https:\\\/\\\/www.facebook.com\\\/portalubirataonline\",\"https:\\\/\\\/www.instagram.com\\\/ubirataonline_oficial\",\"https:\\\/\\\/x.com\\\/x.com\\\/ubirataonline\"],\"honorificPrefix\":\"Mr.\",\"honorificSuffix\":\"MD\",\"birthDate\":\"1980-06-16\",\"gender\":\"masculino\",\"award\":[\"V\u00e1rios pr\u00eamios de melhor portal da cidade\"],\"jobTitle\":\"Diretor\",\"url\":\"https:\\\/\\\/ubirataonline.com.br\\\/en\\\/author\\\/ubirataonline\\\/\"},{\"@type\":\"PostalAddress\",\"@id\":\"https:\\\/\\\/ubirataonline.com.br\\\/salario-minimo-2026-e-pago-nesta-semana-saiba-o-novo-valor-brasil\\\/#local-main-place-address\",\"streetAddress\":\"Rua dos Coqueiros, 104 - Bairro Boa Vista, Rua dos Coqueiros, 104 Bairro Boa Vista\",\"addressLocality\":\"UBIRATA\",\"postalCode\":\"85440-000\",\"addressRegion\":\"PR\",\"addressCountry\":\"BR\"},{\"@type\":\"ImageObject\",\"inLanguage\":\"en-US\",\"@id\":\"https:\\\/\\\/ubirataonline.com.br\\\/salario-minimo-2026-e-pago-nesta-semana-saiba-o-novo-valor-brasil\\\/#local-main-organization-logo\",\"url\":\"https:\\\/\\\/ubirataonline.com.br\\\/wp-content\\\/uploads\\\/2026\\\/06\\\/logoubirataonline-1.webp\",\"contentUrl\":\"https:\\\/\\\/ubirataonline.com.br\\\/wp-content\\\/uploads\\\/2026\\\/06\\\/logoubirataonline-1.webp\",\"width\":500,\"height\":500,\"caption\":\"Ubirat\u00e3 Online Not\u00edcias\"}]}<\/script>\n<meta name=\"geo.placename\" content=\"UBIRATA\" \/>\n<meta name=\"geo.position\" content=\"-24.5361401;-52.9921776\" \/>\n<meta name=\"geo.region\" content=\"Brazil\" \/>\n<!-- \/ Yoast SEO Premium plugin. -->","yoast_head_json":{"title":"Sal\u00e1rio m\u00ednimo 2026 \u00e9 pago nesta semana; saiba o novo valor | Brasil - Ubirat\u00e3 Online Not\u00edcias - A realidade ao seu alcance!","description":"Trabalhadores que recebem valores atrelados ao sal\u00e1rio m\u00ednimo nacional come\u00e7am a receber o novo valor reajustado a partir desta segunda-feira (2). O","robots":{"index":"index","follow":"follow","max-snippet":"max-snippet:-1","max-image-preview":"max-image-preview:large","max-video-preview":"max-video-preview:-1"},"canonical":"https:\/\/ubirataonline.com.br\/en\/salario-minimo-2026-e-pago-nesta-semana-saiba-o-novo-valor-brasil\/","og_locale":"en_US","og_type":"article","og_title":"Sal\u00e1rio m\u00ednimo 2026 \u00e9 pago nesta semana; saiba o novo valor | Brasil","og_description":"Trabalhadores que recebem valores atrelados ao sal\u00e1rio m\u00ednimo nacional come\u00e7am a receber o novo valor reajustado a partir desta segunda-feira (2). O","og_url":"https:\/\/ubirataonline.com.br\/en\/salario-minimo-2026-e-pago-nesta-semana-saiba-o-novo-valor-brasil\/","og_site_name":"Ubirat\u00e3 Online Not\u00edcias - A realidade ao seu alcance!","article_publisher":"https:\/\/www.facebook.com\/portalubirataonline","article_author":"https:\/\/www.facebook.com\/portalubirataonline","article_published_time":"2026-02-02T11:34:04+00:00","article_modified_time":"2026-02-02T11:34:13+00:00","og_image":[{"width":1200,"height":800,"url":"https:\/\/ubirataonline.com.br\/wp-content\/uploads\/2026\/02\/Salario-minimo-2026-e-pago-nesta-semana-saiba-o-novo.jpg","type":"image\/jpeg"}],"author":"REDA\u00c7\u00c3O: UBIRAT\u00c3 ONLINE - F\u00c1BIO AUGUSTO CELESTINO","twitter_card":"summary_large_image","twitter_creator":"@x.com\/ubirataonline","twitter_site":"@ubirataonline","twitter_misc":{"Written by":"REDA\u00c7\u00c3O: UBIRAT\u00c3 ONLINE - F\u00c1BIO AUGUSTO CELESTINO","Est. reading time":"1 minute"},"schema":{"@context":"https:\/\/schema.org","@graph":[{"@type":"NewsArticle","@id":"https:\/\/ubirataonline.com.br\/salario-minimo-2026-e-pago-nesta-semana-saiba-o-novo-valor-brasil\/#article","isPartOf":{"@id":"https:\/\/ubirataonline.com.br\/salario-minimo-2026-e-pago-nesta-semana-saiba-o-novo-valor-brasil\/"},"author":{"name":"REDA\u00c7\u00c3O: UBIRAT\u00c3 ONLINE - F\u00c1BIO AUGUSTO CELESTINO","@id":"https:\/\/ubirataonline.com.br\/#\/schema\/person\/372f87bbd3fdd79b8556b84c98d0bc1c"},"headline":"Sal\u00e1rio m\u00ednimo 2026 \u00e9 pago nesta semana; saiba o novo valor | Brasil","datePublished":"2026-02-02T11:34:04+00:00","dateModified":"2026-02-02T11:34:13+00:00","mainEntityOfPage":{"@id":"https:\/\/ubirataonline.com.br\/salario-minimo-2026-e-pago-nesta-semana-saiba-o-novo-valor-brasil\/"},"wordCount":301,"publisher":{"@id":"https:\/\/ubirataonline.com.br\/#organization"},"image":{"@id":"https:\/\/ubirataonline.com.br\/salario-minimo-2026-e-pago-nesta-semana-saiba-o-novo-valor-brasil\/#primaryimage"},"thumbnailUrl":"https:\/\/ubirataonline.com.br\/wp-content\/uploads\/2026\/02\/Salario-minimo-2026-e-pago-nesta-semana-saiba-o-novo.jpg","keywords":["Brasil","m\u00ednimo","nesta","Novo","pago","saiba","sal\u00e1rio","semana","valor"],"articleSection":["Brasil"],"inLanguage":"en-US","copyrightYear":"2026","copyrightHolder":{"@id":"https:\/\/ubirataonline.com.br\/en\/#organization"}},{"@type":"WebPage","@id":"https:\/\/ubirataonline.com.br\/salario-minimo-2026-e-pago-nesta-semana-saiba-o-novo-valor-brasil\/","url":"https:\/\/ubirataonline.com.br\/salario-minimo-2026-e-pago-nesta-semana-saiba-o-novo-valor-brasil\/","name":"Sal\u00e1rio m\u00ednimo 2026 \u00e9 pago nesta semana; saiba o novo valor | Brasil - Ubirat\u00e3 Online Not\u00edcias - A realidade ao seu alcance!","isPartOf":{"@id":"https:\/\/ubirataonline.com.br\/#website"},"primaryImageOfPage":{"@id":"https:\/\/ubirataonline.com.br\/salario-minimo-2026-e-pago-nesta-semana-saiba-o-novo-valor-brasil\/#primaryimage"},"image":{"@id":"https:\/\/ubirataonline.com.br\/salario-minimo-2026-e-pago-nesta-semana-saiba-o-novo-valor-brasil\/#primaryimage"},"thumbnailUrl":"https:\/\/ubirataonline.com.br\/wp-content\/uploads\/2026\/02\/Salario-minimo-2026-e-pago-nesta-semana-saiba-o-novo.jpg","datePublished":"2026-02-02T11:34:04+00:00","dateModified":"2026-02-02T11:34:13+00:00","description":"Trabalhadores que recebem valores atrelados ao sal\u00e1rio m\u00ednimo nacional come\u00e7am a receber o novo valor reajustado a partir desta segunda-feira (2). O","breadcrumb":{"@id":"https:\/\/ubirataonline.com.br\/salario-minimo-2026-e-pago-nesta-semana-saiba-o-novo-valor-brasil\/#breadcrumb"},"inLanguage":"en-US","potentialAction":[{"@type":"ReadAction","target":["https:\/\/ubirataonline.com.br\/salario-minimo-2026-e-pago-nesta-semana-saiba-o-novo-valor-brasil\/"]}]},{"@type":"ImageObject","inLanguage":"en-US","@id":"https:\/\/ubirataonline.com.br\/salario-minimo-2026-e-pago-nesta-semana-saiba-o-novo-valor-brasil\/#primaryimage","url":"https:\/\/ubirataonline.com.br\/wp-content\/uploads\/2026\/02\/Salario-minimo-2026-e-pago-nesta-semana-saiba-o-novo.jpg","contentUrl":"https:\/\/ubirataonline.com.br\/wp-content\/uploads\/2026\/02\/Salario-minimo-2026-e-pago-nesta-semana-saiba-o-novo.jpg","width":1200,"height":800,"caption":"Sal\u00e1rio m\u00ednimo 2026 ser\u00e1 pago na folha de fevereiro \u2014 Foto: Marcello Casal Jr\/Ag\u00eancia Brasil\/Arquivo"},{"@type":"BreadcrumbList","@id":"https:\/\/ubirataonline.com.br\/salario-minimo-2026-e-pago-nesta-semana-saiba-o-novo-valor-brasil\/#breadcrumb","itemListElement":[{"@type":"ListItem","position":1,"name":"In\u00edcio","item":"https:\/\/ubirataonline.com.br\/"},{"@type":"ListItem","position":2,"name":"Sal\u00e1rio m\u00ednimo 2026 \u00e9 pago nesta semana; saiba o novo valor | Brasil"}]},{"@type":"WebSite","@id":"https:\/\/ubirataonline.com.br\/#website","url":"https:\/\/ubirataonline.com.br\/","name":"Ubirat\u00e3 Online Not\u00edcias","description":"Not\u00edcias de Ubirat\u00e3, regi\u00e3o, Brasil e mundo, com informa\u00e7\u00e3o atualizada e compromisso com o leitor.","publisher":{"@id":"https:\/\/ubirataonline.com.br\/#organization"},"alternateName":"Ubirat\u00e3 Online","potentialAction":[{"@type":"SearchAction","target":{"@type":"EntryPoint","urlTemplate":"https:\/\/ubirataonline.com.br\/?s={search_term_string}"},"query-input":{"@type":"PropertyValueSpecification","valueRequired":true,"valueName":"search_term_string"}}],"inLanguage":"en-US"},{"@type":["Organization","Place"],"@id":"https:\/\/ubirataonline.com.br\/#organization","name":"Ubirat\u00e3 Online Not\u00edcias","alternateName":"Ubirat\u00e3 Online","url":"https:\/\/ubirataonline.com.br\/","logo":{"@id":"https:\/\/ubirataonline.com.br\/salario-minimo-2026-e-pago-nesta-semana-saiba-o-novo-valor-brasil\/#local-main-organization-logo"},"image":{"@id":"https:\/\/ubirataonline.com.br\/salario-minimo-2026-e-pago-nesta-semana-saiba-o-novo-valor-brasil\/#local-main-organization-logo"},"sameAs":["https:\/\/www.facebook.com\/portalubirataonline","https:\/\/x.com\/ubirataonline","https:\/\/mastodon.social\/@ubirataonline","https:\/\/www.facebook.com\/groups\/311144672285604","https:\/\/www.facebook.com\/UBTAOnline","https:\/\/www.instagram.com\/portalubirataonline\/","https:\/\/twitter.com\/ubirataonline"],"description":"Somos um portal de not\u00edcias independente, criado em 5 de janeiro de 2009, com o objetivo de informar, conectar e valorizar a nossa comunidade de Ubirat\u00e3 e toda aregi\u00e3o. Com conte\u00fado atualizado, confi\u00e1vel e relevante, o Ubirat\u00e3 Online \u00e9 o seu espa\u00e7o para ficar por dentro dos principais acontecimentos locais, regionais, Brasil, Mundo e de interesse geral. Nosso compromisso \u00e9 com a verdade, a transpar\u00eancia e o respeito ao leitor.","legalName":"UBIRATA ONLINE NOT\u00cdCIAS","foundingDate":"2009-01-05","numberOfEmployees":{"@type":"QuantitativeValue","minValue":"1","maxValue":"10"},"publishingPrinciples":"https:\/\/ubirataonline.com.br\/faq\/","address":{"@id":"https:\/\/ubirataonline.com.br\/salario-minimo-2026-e-pago-nesta-semana-saiba-o-novo-valor-brasil\/#local-main-place-address"},"geo":{"@type":"GeoCoordinates","latitude":"-24.5361401","longitude":"-52.9921776"},"telephone":["+5544998308235"],"contactPoint":{"@type":"ContactPoint","email":"contato@ubirataonline.com.br"},"openingHoursSpecification":{"@type":"OpeningHoursSpecification","dayOfWeek":["Monday","Tuesday","Wednesday","Thursday","Friday","Saturday","Sunday"],"opens":"00:00","closes":"23:59"},"email":"contato@ubirataonline.com.br","vatID":"47.621.418\/0001-80"},{"@type":"Person","@id":"https:\/\/ubirataonline.com.br\/#\/schema\/person\/372f87bbd3fdd79b8556b84c98d0bc1c","name":"REDA\u00c7\u00c3O: UBIRAT\u00c3 ONLINE - F\u00c1BIO AUGUSTO CELESTINO","pronouns":"Ele","description":"Desde 2003 trabalhando com not\u00edcias.","sameAs":["http:\/\/ubirataoline.com.br","https:\/\/www.facebook.com\/portalubirataonline","https:\/\/www.instagram.com\/ubirataonline_oficial","https:\/\/x.com\/x.com\/ubirataonline"],"honorificPrefix":"Mr.","honorificSuffix":"MD","birthDate":"1980-06-16","gender":"masculino","award":["V\u00e1rios pr\u00eamios de melhor portal da cidade"],"jobTitle":"Diretor","url":"https:\/\/ubirataonline.com.br\/en\/author\/ubirataonline\/"},{"@type":"PostalAddress","@id":"https:\/\/ubirataonline.com.br\/salario-minimo-2026-e-pago-nesta-semana-saiba-o-novo-valor-brasil\/#local-main-place-address","streetAddress":"Rua dos Coqueiros, 104 - Bairro Boa Vista, Rua dos Coqueiros, 104 Bairro Boa Vista","addressLocality":"UBIRATA","postalCode":"85440-000","addressRegion":"PR","addressCountry":"BR"},{"@type":"ImageObject","inLanguage":"en-US","@id":"https:\/\/ubirataonline.com.br\/salario-minimo-2026-e-pago-nesta-semana-saiba-o-novo-valor-brasil\/#local-main-organization-logo","url":"https:\/\/ubirataonline.com.br\/wp-content\/uploads\/2026\/06\/logoubirataonline-1.webp","contentUrl":"https:\/\/ubirataonline.com.br\/wp-content\/uploads\/2026\/06\/logoubirataonline-1.webp","width":500,"height":500,"caption":"Ubirat\u00e3 Online Not\u00edcias"}]},"geo.placename":"UBIRATA","geo.position":{"lat":"-24.5361401","long":"-52.9921776"},"geo.region":"Brazil"},"_links":{"self":[{"href":"https:\/\/ubirataonline.com.br\/en\/wp-json\/wp\/v2\/posts\/84130","targetHints":{"allow":["GET"]}}],"collection":[{"href":"https:\/\/ubirataonline.com.br\/en\/wp-json\/wp\/v2\/posts"}],"about":[{"href":"https:\/\/ubirataonline.com.br\/en\/wp-json\/wp\/v2\/types\/post"}],"author":[{"embeddable":true,"href":"https:\/\/ubirataonline.com.br\/en\/wp-json\/wp\/v2\/users\/1"}],"replies":[{"embeddable":true,"href":"https:\/\/ubirataonline.com.br\/en\/wp-json\/wp\/v2\/comments?post=84130"}],"version-history":[{"count":0,"href":"https:\/\/ubirataonline.com.br\/en\/wp-json\/wp\/v2\/posts\/84130\/revisions"}],"wp:featuredmedia":[{"embeddable":true,"href":"https:\/\/ubirataonline.com.br\/en\/wp-json\/wp\/v2\/media\/84131"}],"wp:attachment":[{"href":"https:\/\/ubirataonline.com.br\/en\/wp-json\/wp\/v2\/media?parent=84130"}],"wp:term":[{"taxonomy":"category","embeddable":true,"href":"https:\/\/ubirataonline.com.br\/en\/wp-json\/wp\/v2\/categories?post=84130"},{"taxonomy":"post_tag","embeddable":true,"href":"https:\/\/ubirataonline.com.br\/en\/wp-json\/wp\/v2\/tags?post=84130"}],"curies":[{"name":"wp","href":"https:\/\/api.w.org\/{rel}","templated":true}]}}